{"id":37988,"date":"2024-09-25T19:14:41","date_gmt":"2024-09-25T22:14:41","guid":{"rendered":"https:\/\/maranhaotv.com.br\/?p=37988"},"modified":"2024-09-25T19:31:53","modified_gmt":"2024-09-25T22:31:53","slug":"urgente-empresa-que-coloca-carrinho-a-frente-das-pesquisas-em-viana-nao-informou-resultado-ao-tre","status":"publish","type":"post","link":"https:\/\/maranhaotv.com.br\/index.php\/2024\/09\/25\/urgente-empresa-que-coloca-carrinho-a-frente-das-pesquisas-em-viana-nao-informou-resultado-ao-tre\/","title":{"rendered":"Urgente: Empresa que coloca Carrinho \u00e0 frente das pesquisas em Viana, n\u00e3o informou resultado ao TRE"},"content":{"rendered":"\n<p><br><br>A poucos dias das elei\u00e7\u00f5es municipais, Carrinho Cidreira joga uma pesquisa que, embora tenha sido registrada, n\u00e3o foi apresentado ao TRE e TSE os relat\u00f3rios com informa\u00e7\u00f5es e resultados da pesquisa. O que \u00e9 uma exig\u00eancia dos \u00f3rg\u00e3os reguladores das elei\u00e7\u00f5es no pa\u00eds.<br>A empresa\u00a0 M\u00e9todo Assessoria, Consultoria e Pesquisa, como mostra imagem abaixo, retirada ap\u00f3s divulga\u00e7\u00e3o da pesquisa, mostra crime eleitoral, o que deve, nas pr\u00f3ximas horas, ser anulada por falta de informa\u00e7\u00f5es.<br>Al\u00e9m do mais, a empresa que contratou a pesquisa, est\u00e1 ligada a empres\u00e1rio de entretenimento que tem contrato com a prefeitura de Viana<br><br>No dia 1\u00b0 de mar\u00e7o deste ano, o Tribunal Superior Eleitoral (TSE)\u00a0publicou uma s\u00e9rie de 12 resolu\u00e7\u00f5es\u00a0que definiram quais ser\u00e3o as regras para o pleito deste ano. Entre essas determina\u00e7\u00f5es, est\u00e1 a\u00a0Resolu\u00e7\u00e3o TSE n\u00b0 23.727\/2024, que trata das pesquisas eleitorais. O texto altera trechos da\u00a0Resolu\u00e7\u00e3o TSE n\u00b0 23.600\/2019, que disciplina o assunto.<br><br>Registro<br><br>A norma aprovada manteve a data de 1\u00b0 de janeiro do ano da elei\u00e7\u00e3o para que as entidades e empresas registrem, no\u00a0Sistema de Registro de Pesquisas Eleitorais\u00a0(PesqEle), at\u00e9 cinco dias antes da divulga\u00e7\u00e3o, as pesquisas de opini\u00e3o p\u00fablica realizadas. O registro e a complementa\u00e7\u00e3o de informa\u00e7\u00f5es no PesqEle poder\u00e3o ser efetivados a qualquer hora do dia, independentemente do hor\u00e1rio de expediente da Justi\u00e7a Eleitoral.<br><br>Informa\u00e7\u00f5es<br><br>O registro dever\u00e1 apresentar informa\u00e7\u00f5es sobre quem contratou a pesquisa e quem pagou \u2013 com os respectivos n\u00fameros no Cadastro de Pessoas F\u00edsicas (CPF) ou no Cadastro Nacional de Pessoas Jur\u00eddicas (CNPJ) \u2013 o valor e a origem dos recursos, a metodologia utilizada e o per\u00edodo de realiza\u00e7\u00e3o do levantamento.<br><br>Al\u00e9m disso, outros dados necess\u00e1rios s\u00e3o: o plano amostral; a pondera\u00e7\u00e3o quanto a g\u00eanero, idade, grau de instru\u00e7\u00e3o e n\u00edvel econ\u00f4mico do entrevistado; o n\u00edvel de confian\u00e7a e a margem de erro da pesquisa; o question\u00e1rio completo aplicado; e o nome do profissional estat\u00edstico respons\u00e1vel pela pesquisa.<br><br>Resultados<br><br>A partir do dia em que a pesquisa puder ser divulgada e at\u00e9 o dia seguinte, a empresa ou o instituto dever\u00e1 enviar o relat\u00f3rio completo com os resultados, contendo dados referentes ao per\u00edodo de realiza\u00e7\u00e3o da coleta de dados, o tamanho da amostra, a margem de erro, o n\u00edvel de confian\u00e7a, o p\u00fablico-alvo, a fonte p\u00fablica dos dados utilizados para a amostra, a metodologia, quem contratou a pesquisa e a origem dos recursos. A disponibiliza\u00e7\u00e3o dos relat\u00f3rios completos com os resultados de pesquisa ocorrer\u00e1 depois das elei\u00e7\u00f5es, com exce\u00e7\u00e3o de casos em que houver determina\u00e7\u00e3o contr\u00e1ria da Justi\u00e7a Eleitoral.<br><br>Divulga\u00e7\u00e3o<br><br>Vale registrar que a Justi\u00e7a Eleitoral n\u00e3o realiza nenhum controle pr\u00e9vio sobre o resultado das pesquisas, nem gerencia ou cuida da divulga\u00e7\u00e3o. Pesquisas realizadas em data anterior ao dia das elei\u00e7\u00f5es poder\u00e3o ser divulgadas a qualquer momento, inclusive no dia das elei\u00e7\u00f5es, desde que respeitado o prazo de cinco dias definido na resolu\u00e7\u00e3o. O novo texto estabeleceu que a divulga\u00e7\u00e3o de levantamento de inten\u00e7\u00e3o de voto realizado no dia das elei\u00e7\u00f5es somente poder\u00e1 ocorrer a partir das 17h do hor\u00e1rio de Bras\u00edlia.<br><br>Impugna\u00e7\u00f5es<br><br>Minist\u00e9rio P\u00fablico, candidatas e candidatos, partidos, coliga\u00e7\u00f5es e federa\u00e7\u00f5es partid\u00e1rias poder\u00e3o acessar o sistema interno de controle, verifica\u00e7\u00e3o e fiscaliza\u00e7\u00e3o da coleta de dados das entidades e das empresas que divulgarem pesquisas eleitorais. A solicita\u00e7\u00e3o de acesso dever\u00e1 ser enviada \u00e0 Justi\u00e7a Eleitoral.<br><br>Caso seja comprovada irregularidade e perigo de dano, a Justi\u00e7a Eleitoral poder\u00e1 conceder liminar para suspender a divulga\u00e7\u00e3o dos resultados da pesquisa impugnada ou, ainda, determinar que sejam inclu\u00eddos esclarecimentos na divulga\u00e7\u00e3o dos resultados, com aplica\u00e7\u00e3o de multa em caso de descumprimento da determina\u00e7\u00e3o.<br><br>Diferencia\u00e7\u00e3o<br><br>De acordo com o novo texto aprovado na resolu\u00e7\u00e3o, pesquisa \u00e9 diferente de enquete ou sondagem. Estes dois \u00faltimos se caracterizam pelo levantamento de opini\u00f5es sem plano amostral nem utiliza\u00e7\u00e3o de m\u00e9todo cient\u00edfico para a realiza\u00e7\u00e3o. A enquete que for apresentada \u00e0 popula\u00e7\u00e3o como pesquisa eleitoral ser\u00e1 reconhecida como pesquisa de opini\u00e3o p\u00fablica sem registro na Justi\u00e7a Eleitoral.<br><br>Puni\u00e7\u00f5es<br><br>A divulga\u00e7\u00e3o de pesquisa sem o registro pr\u00e9vio das informa\u00e7\u00f5es constantes da resolu\u00e7\u00e3o sujeita os respons\u00e1veis a multa que varia de R$ 53.205,00 a R$ 106.410,00. J\u00e1 a divulga\u00e7\u00e3o de pesquisa fraudulenta constitui crime, pun\u00edvel com multa \u2013 tamb\u00e9m estipulada nos mesmos valores citados anteriormente \u2013, al\u00e9m de deten\u00e7\u00e3o de seis meses a um ano.<\/p>\n\n\n\n<figure class=\"wp-block-image size-large\"><img loading=\"lazy\" decoding=\"async\" width=\"1024\" height=\"458\" src=\"https:\/\/maranhaotv.com.br\/wp-content\/uploads\/2024\/09\/img-20240925-wa06468949242417746331181-1024x458.jpg\" alt=\"\" class=\"wp-image-37986\" srcset=\"https:\/\/maranhaotv.com.br\/wp-content\/uploads\/2024\/09\/img-20240925-wa06468949242417746331181-1024x458.jpg 1024w, https:\/\/maranhaotv.com.br\/wp-content\/uploads\/2024\/09\/img-20240925-wa06468949242417746331181-300x134.jpg 300w, https:\/\/maranhaotv.com.br\/wp-content\/uploads\/2024\/09\/img-20240925-wa06468949242417746331181-768x343.jpg 768w, https:\/\/maranhaotv.com.br\/wp-content\/uploads\/2024\/09\/img-20240925-wa06468949242417746331181.jpg 1280w\" sizes=\"auto, (max-width: 1024px) 100vw, 1024px\" \/><\/figure>\n","protected":false},"excerpt":{"rendered":"<p>A poucos dias das elei\u00e7\u00f5es municipais, Carrinho Cidreira joga uma pesquisa que, embora tenha sido registrada, n\u00e3o foi apresentado ao<\/p>\n","protected":false},"author":2,"featured_media":37987,"comment_status":"open","ping_status":"open","sticky":false,"template":"","format":"standard","meta":{"colormag_page_container_layout":"default_layout","colormag_page_sidebar_layout":"default_layout","_jetpack_memberships_contains_paid_content":false,"footnotes":""},"categories":[2],"tags":[],"class_list":["post-37988","post","type-post","status-publish","format-standard","has-post-thumbnail","hentry","category-noticias"],"magazineBlocksPostFeaturedMedia":{"thumbnail":"https:\/\/maranhaotv.com.br\/wp-content\/uploads\/2024\/09\/images-150x150.jpeg","medium":"https:\/\/maranhaotv.com.br\/wp-content\/uploads\/2024\/09\/images-300x200.jpeg","medium_large":"https:\/\/maranhaotv.com.br\/wp-content\/uploads\/2024\/09\/images.jpeg","large":"https:\/\/maranhaotv.com.br\/wp-content\/uploads\/2024\/09\/images.jpeg","1536x1536":"https:\/\/maranhaotv.com.br\/wp-content\/uploads\/2024\/09\/images.jpeg","2048x2048":"https:\/\/maranhaotv.com.br\/wp-content\/uploads\/2024\/09\/images.jpeg","colormag-highlighted-post":"https:\/\/maranhaotv.com.br\/wp-content\/uploads\/2024\/09\/images-392x272.jpeg","colormag-featured-post-medium":"https:\/\/maranhaotv.com.br\/wp-content\/uploads\/2024\/09\/images-390x205.jpeg","colormag-featured-post-small":"https:\/\/maranhaotv.com.br\/wp-content\/uploads\/2024\/09\/images-130x90.jpeg","colormag-featured-image":"https:\/\/maranhaotv.com.br\/wp-content\/uploads\/2024\/09\/images-679x445.jpeg","colormag-default-news":"https:\/\/maranhaotv.com.br\/wp-content\/uploads\/2024\/09\/images-150x150.jpeg","colormag-featured-image-large":"https:\/\/maranhaotv.com.br\/wp-content\/uploads\/2024\/09\/images.jpeg"},"magazineBlocksPostAuthor":{"name":"maranhaotv","avatar":"https:\/\/secure.gravatar.com\/avatar\/8fadbca458d4cb68b1dd399ae9a40618d747bb1af65ac9fad21c89220a143eb4?s=96&d=mm&r=g"},"magazineBlocksPostCommentsNumber":"0","magazineBlocksPostExcerpt":"A poucos dias das elei\u00e7\u00f5es municipais, Carrinho Cidreira joga uma pesquisa que, embora tenha sido registrada, n\u00e3o foi apresentado ao","magazineBlocksPostCategories":["not\u00edcias"],"magazineBlocksPostViewCount":366,"magazineBlocksPostReadTime":4,"magazine_blocks_featured_image_url":{"full":["https:\/\/maranhaotv.com.br\/wp-content\/uploads\/2024\/09\/images.jpeg",679,452,false],"medium":["https:\/\/maranhaotv.com.br\/wp-content\/uploads\/2024\/09\/images-300x200.jpeg",300,200,true],"thumbnail":["https:\/\/maranhaotv.com.br\/wp-content\/uploads\/2024\/09\/images-150x150.jpeg",150,150,true]},"magazine_blocks_author":{"display_name":"maranhaotv","author_link":"https:\/\/maranhaotv.com.br\/index.php\/author\/maranhaotv\/"},"magazine_blocks_comment":0,"magazine_blocks_author_image":"https:\/\/secure.gravatar.com\/avatar\/8fadbca458d4cb68b1dd399ae9a40618d747bb1af65ac9fad21c89220a143eb4?s=96&d=mm&r=g","magazine_blocks_category":"<a href=\"#\" class=\"category-link category-link-2\">not\u00edcias<\/a>","yoast_head":"<!-- This site is optimized with the Yoast SEO plugin v27.4 - https:\/\/yoast.com\/product\/yoast-seo-wordpress\/ -->\n<title>Urgente: Empresa que coloca Carrinho \u00e0 frente das pesquisas em Viana, n\u00e3o informou resultado ao TRE - NOT\u00cdCIAS EM TEMPO REAL<\/title>\n<meta name=\"robots\" content=\"index, follow, max-snippet:-1, max-image-preview:large, max-video-preview:-1\" \/>\n<link rel=\"canonical\" href=\"https:\/\/maranhaotv.com.br\/index.php\/2024\/09\/25\/urgente-empresa-que-coloca-carrinho-a-frente-das-pesquisas-em-viana-nao-informou-resultado-ao-tre\/\" \/>\n<meta property=\"og:locale\" content=\"pt_BR\" \/>\n<meta property=\"og:type\" content=\"article\" \/>\n<meta property=\"og:title\" content=\"Urgente: Empresa que coloca Carrinho \u00e0 frente das pesquisas em Viana, n\u00e3o informou resultado ao TRE - NOT\u00cdCIAS EM TEMPO REAL\" \/>\n<meta property=\"og:description\" content=\"A poucos dias das elei\u00e7\u00f5es municipais, Carrinho Cidreira joga uma pesquisa que, embora tenha sido registrada, n\u00e3o foi apresentado ao\" \/>\n<meta property=\"og:url\" content=\"https:\/\/maranhaotv.com.br\/index.php\/2024\/09\/25\/urgente-empresa-que-coloca-carrinho-a-frente-das-pesquisas-em-viana-nao-informou-resultado-ao-tre\/\" \/>\n<meta property=\"og:site_name\" content=\"NOT\u00cdCIAS EM TEMPO REAL\" \/>\n<meta property=\"article:publisher\" content=\"https:\/\/www.facebook.com\/maiobaotv\" \/>\n<meta property=\"article:published_time\" content=\"2024-09-25T22:14:41+00:00\" \/>\n<meta property=\"article:modified_time\" content=\"2024-09-25T22:31:53+00:00\" \/>\n<meta property=\"og:image\" content=\"https:\/\/maranhaotv.com.br\/wp-content\/uploads\/2024\/09\/images.jpeg\" \/>\n\t<meta property=\"og:image:width\" content=\"679\" \/>\n\t<meta property=\"og:image:height\" content=\"452\" \/>\n\t<meta property=\"og:image:type\" content=\"image\/jpeg\" \/>\n<meta name=\"author\" content=\"maranhaotv\" \/>\n<meta name=\"twitter:card\" content=\"summary_large_image\" \/>\n<meta name=\"twitter:creator\" content=\"@sitemaranhaotv\" \/>\n<meta name=\"twitter:site\" content=\"@sitemaranhaotv\" \/>\n<meta name=\"twitter:label1\" content=\"Escrito por\" \/>\n\t<meta name=\"twitter:data1\" content=\"maranhaotv\" \/>\n\t<meta name=\"twitter:label2\" content=\"Est. tempo de leitura\" \/>\n\t<meta name=\"twitter:data2\" content=\"4 minutos\" \/>\n<script type=\"application\/ld+json\" class=\"yoast-schema-graph\">{\"@context\":\"https:\\\/\\\/schema.org\",\"@graph\":[{\"@type\":\"Article\",\"@id\":\"https:\\\/\\\/maranhaotv.com.br\\\/index.php\\\/2024\\\/09\\\/25\\\/urgente-empresa-que-coloca-carrinho-a-frente-das-pesquisas-em-viana-nao-informou-resultado-ao-tre\\\/#article\",\"isPartOf\":{\"@id\":\"https:\\\/\\\/maranhaotv.com.br\\\/index.php\\\/2024\\\/09\\\/25\\\/urgente-empresa-que-coloca-carrinho-a-frente-das-pesquisas-em-viana-nao-informou-resultado-ao-tre\\\/\"},\"author\":{\"name\":\"maranhaotv\",\"@id\":\"https:\\\/\\\/maranhaotv.com.br\\\/#\\\/schema\\\/person\\\/3d54238e86b20bb5c89ab2fdb8f8829a\"},\"headline\":\"Urgente: Empresa que coloca Carrinho \u00e0 frente das pesquisas em Viana, n\u00e3o informou resultado ao TRE\",\"datePublished\":\"2024-09-25T22:14:41+00:00\",\"dateModified\":\"2024-09-25T22:31:53+00:00\",\"mainEntityOfPage\":{\"@id\":\"https:\\\/\\\/maranhaotv.com.br\\\/index.php\\\/2024\\\/09\\\/25\\\/urgente-empresa-que-coloca-carrinho-a-frente-das-pesquisas-em-viana-nao-informou-resultado-ao-tre\\\/\"},\"wordCount\":824,\"commentCount\":0,\"publisher\":{\"@id\":\"https:\\\/\\\/maranhaotv.com.br\\\/#organization\"},\"image\":{\"@id\":\"https:\\\/\\\/maranhaotv.com.br\\\/index.php\\\/2024\\\/09\\\/25\\\/urgente-empresa-que-coloca-carrinho-a-frente-das-pesquisas-em-viana-nao-informou-resultado-ao-tre\\\/#primaryimage\"},\"thumbnailUrl\":\"https:\\\/\\\/maranhaotv.com.br\\\/wp-content\\\/uploads\\\/2024\\\/09\\\/images.jpeg\",\"articleSection\":[\"not\u00edcias\"],\"inLanguage\":\"pt-BR\",\"potentialAction\":[{\"@type\":\"CommentAction\",\"name\":\"Comment\",\"target\":[\"https:\\\/\\\/maranhaotv.com.br\\\/index.php\\\/2024\\\/09\\\/25\\\/urgente-empresa-que-coloca-carrinho-a-frente-das-pesquisas-em-viana-nao-informou-resultado-ao-tre\\\/#respond\"]}]},{\"@type\":\"WebPage\",\"@id\":\"https:\\\/\\\/maranhaotv.com.br\\\/index.php\\\/2024\\\/09\\\/25\\\/urgente-empresa-que-coloca-carrinho-a-frente-das-pesquisas-em-viana-nao-informou-resultado-ao-tre\\\/\",\"url\":\"https:\\\/\\\/maranhaotv.com.br\\\/index.php\\\/2024\\\/09\\\/25\\\/urgente-empresa-que-coloca-carrinho-a-frente-das-pesquisas-em-viana-nao-informou-resultado-ao-tre\\\/\",\"name\":\"Urgente: Empresa que coloca Carrinho \u00e0 frente das pesquisas em Viana, n\u00e3o informou resultado ao TRE - NOT\u00cdCIAS EM TEMPO REAL\",\"isPartOf\":{\"@id\":\"https:\\\/\\\/maranhaotv.com.br\\\/#website\"},\"primaryImageOfPage\":{\"@id\":\"https:\\\/\\\/maranhaotv.com.br\\\/index.php\\\/2024\\\/09\\\/25\\\/urgente-empresa-que-coloca-carrinho-a-frente-das-pesquisas-em-viana-nao-informou-resultado-ao-tre\\\/#primaryimage\"},\"image\":{\"@id\":\"https:\\\/\\\/maranhaotv.com.br\\\/index.php\\\/2024\\\/09\\\/25\\\/urgente-empresa-que-coloca-carrinho-a-frente-das-pesquisas-em-viana-nao-informou-resultado-ao-tre\\\/#primaryimage\"},\"thumbnailUrl\":\"https:\\\/\\\/maranhaotv.com.br\\\/wp-content\\\/uploads\\\/2024\\\/09\\\/images.jpeg\",\"datePublished\":\"2024-09-25T22:14:41+00:00\",\"dateModified\":\"2024-09-25T22:31:53+00:00\",\"breadcrumb\":{\"@id\":\"https:\\\/\\\/maranhaotv.com.br\\\/index.php\\\/2024\\\/09\\\/25\\\/urgente-empresa-que-coloca-carrinho-a-frente-das-pesquisas-em-viana-nao-informou-resultado-ao-tre\\\/#breadcrumb\"},\"inLanguage\":\"pt-BR\",\"potentialAction\":[{\"@type\":\"ReadAction\",\"target\":[\"https:\\\/\\\/maranhaotv.com.br\\\/index.php\\\/2024\\\/09\\\/25\\\/urgente-empresa-que-coloca-carrinho-a-frente-das-pesquisas-em-viana-nao-informou-resultado-ao-tre\\\/\"]}]},{\"@type\":\"ImageObject\",\"inLanguage\":\"pt-BR\",\"@id\":\"https:\\\/\\\/maranhaotv.com.br\\\/index.php\\\/2024\\\/09\\\/25\\\/urgente-empresa-que-coloca-carrinho-a-frente-das-pesquisas-em-viana-nao-informou-resultado-ao-tre\\\/#primaryimage\",\"url\":\"https:\\\/\\\/maranhaotv.com.br\\\/wp-content\\\/uploads\\\/2024\\\/09\\\/images.jpeg\",\"contentUrl\":\"https:\\\/\\\/maranhaotv.com.br\\\/wp-content\\\/uploads\\\/2024\\\/09\\\/images.jpeg\",\"width\":679,\"height\":452},{\"@type\":\"BreadcrumbList\",\"@id\":\"https:\\\/\\\/maranhaotv.com.br\\\/index.php\\\/2024\\\/09\\\/25\\\/urgente-empresa-que-coloca-carrinho-a-frente-das-pesquisas-em-viana-nao-informou-resultado-ao-tre\\\/#breadcrumb\",\"itemListElement\":[{\"@type\":\"ListItem\",\"position\":1,\"name\":\"In\u00edcio\",\"item\":\"https:\\\/\\\/maranhaotv.com.br\\\/\"},{\"@type\":\"ListItem\",\"position\":2,\"name\":\"Urgente: Empresa que coloca Carrinho \u00e0 frente das pesquisas em Viana, n\u00e3o informou resultado ao TRE\"}]},{\"@type\":\"WebSite\",\"@id\":\"https:\\\/\\\/maranhaotv.com.br\\\/#website\",\"url\":\"https:\\\/\\\/maranhaotv.com.br\\\/\",\"name\":\"Maranh\u00e3oTV\",\"description\":\"\",\"publisher\":{\"@id\":\"https:\\\/\\\/maranhaotv.com.br\\\/#organization\"},\"potentialAction\":[{\"@type\":\"SearchAction\",\"target\":{\"@type\":\"EntryPoint\",\"urlTemplate\":\"https:\\\/\\\/maranhaotv.com.br\\\/?s={search_term_string}\"},\"query-input\":{\"@type\":\"PropertyValueSpecification\",\"valueRequired\":true,\"valueName\":\"search_term_string\"}}],\"inLanguage\":\"pt-BR\"},{\"@type\":\"Organization\",\"@id\":\"https:\\\/\\\/maranhaotv.com.br\\\/#organization\",\"name\":\"Portal de Not\u00edcias\",\"url\":\"https:\\\/\\\/maranhaotv.com.br\\\/\",\"logo\":{\"@type\":\"ImageObject\",\"inLanguage\":\"pt-BR\",\"@id\":\"https:\\\/\\\/maranhaotv.com.br\\\/#\\\/schema\\\/logo\\\/image\\\/\",\"url\":\"https:\\\/\\\/maranhaotv.com.br\\\/wp-content\\\/uploads\\\/2024\\\/05\\\/cropped-cropped-avatar-1.png\",\"contentUrl\":\"https:\\\/\\\/maranhaotv.com.br\\\/wp-content\\\/uploads\\\/2024\\\/05\\\/cropped-cropped-avatar-1.png\",\"width\":792,\"height\":428,\"caption\":\"Portal de Not\u00edcias\"},\"image\":{\"@id\":\"https:\\\/\\\/maranhaotv.com.br\\\/#\\\/schema\\\/logo\\\/image\\\/\"},\"sameAs\":[\"https:\\\/\\\/www.facebook.com\\\/maiobaotv\",\"https:\\\/\\\/x.com\\\/sitemaranhaotv\",\"https:\\\/\\\/www.instagram.com\\\/maranhao.tv\",\"https:\\\/\\\/www.threads.net\\\/@maranhao.tv\"]},{\"@type\":\"Person\",\"@id\":\"https:\\\/\\\/maranhaotv.com.br\\\/#\\\/schema\\\/person\\\/3d54238e86b20bb5c89ab2fdb8f8829a\",\"name\":\"maranhaotv\",\"image\":{\"@type\":\"ImageObject\",\"inLanguage\":\"pt-BR\",\"@id\":\"https:\\\/\\\/secure.gravatar.com\\\/avatar\\\/8fadbca458d4cb68b1dd399ae9a40618d747bb1af65ac9fad21c89220a143eb4?s=96&d=mm&r=g\",\"url\":\"https:\\\/\\\/secure.gravatar.com\\\/avatar\\\/8fadbca458d4cb68b1dd399ae9a40618d747bb1af65ac9fad21c89220a143eb4?s=96&d=mm&r=g\",\"contentUrl\":\"https:\\\/\\\/secure.gravatar.com\\\/avatar\\\/8fadbca458d4cb68b1dd399ae9a40618d747bb1af65ac9fad21c89220a143eb4?s=96&d=mm&r=g\",\"caption\":\"maranhaotv\"},\"sameAs\":[\"https:\\\/\\\/maranhaotv.com.br\\\/\"],\"url\":\"https:\\\/\\\/maranhaotv.com.br\\\/index.php\\\/author\\\/maranhaotv\\\/\"}]}<\/script>\n<!-- \/ Yoast SEO plugin. -->","yoast_head_json":{"title":"Urgente: Empresa que coloca Carrinho \u00e0 frente das pesquisas em Viana, n\u00e3o informou resultado ao TRE - NOT\u00cdCIAS EM TEMPO REAL","robots":{"index":"index","follow":"follow","max-snippet":"max-snippet:-1","max-image-preview":"max-image-preview:large","max-video-preview":"max-video-preview:-1"},"canonical":"https:\/\/maranhaotv.com.br\/index.php\/2024\/09\/25\/urgente-empresa-que-coloca-carrinho-a-frente-das-pesquisas-em-viana-nao-informou-resultado-ao-tre\/","og_locale":"pt_BR","og_type":"article","og_title":"Urgente: Empresa que coloca Carrinho \u00e0 frente das pesquisas em Viana, n\u00e3o informou resultado ao TRE - NOT\u00cdCIAS EM TEMPO REAL","og_description":"A poucos dias das elei\u00e7\u00f5es municipais, Carrinho Cidreira joga uma pesquisa que, embora tenha sido registrada, n\u00e3o foi apresentado ao","og_url":"https:\/\/maranhaotv.com.br\/index.php\/2024\/09\/25\/urgente-empresa-que-coloca-carrinho-a-frente-das-pesquisas-em-viana-nao-informou-resultado-ao-tre\/","og_site_name":"NOT\u00cdCIAS EM TEMPO REAL","article_publisher":"https:\/\/www.facebook.com\/maiobaotv","article_published_time":"2024-09-25T22:14:41+00:00","article_modified_time":"2024-09-25T22:31:53+00:00","og_image":[{"width":679,"height":452,"url":"https:\/\/maranhaotv.com.br\/wp-content\/uploads\/2024\/09\/images.jpeg","type":"image\/jpeg"}],"author":"maranhaotv","twitter_card":"summary_large_image","twitter_creator":"@sitemaranhaotv","twitter_site":"@sitemaranhaotv","twitter_misc":{"Escrito por":"maranhaotv","Est. tempo de leitura":"4 minutos"},"schema":{"@context":"https:\/\/schema.org","@graph":[{"@type":"Article","@id":"https:\/\/maranhaotv.com.br\/index.php\/2024\/09\/25\/urgente-empresa-que-coloca-carrinho-a-frente-das-pesquisas-em-viana-nao-informou-resultado-ao-tre\/#article","isPartOf":{"@id":"https:\/\/maranhaotv.com.br\/index.php\/2024\/09\/25\/urgente-empresa-que-coloca-carrinho-a-frente-das-pesquisas-em-viana-nao-informou-resultado-ao-tre\/"},"author":{"name":"maranhaotv","@id":"https:\/\/maranhaotv.com.br\/#\/schema\/person\/3d54238e86b20bb5c89ab2fdb8f8829a"},"headline":"Urgente: Empresa que coloca Carrinho \u00e0 frente das pesquisas em Viana, n\u00e3o informou resultado ao TRE","datePublished":"2024-09-25T22:14:41+00:00","dateModified":"2024-09-25T22:31:53+00:00","mainEntityOfPage":{"@id":"https:\/\/maranhaotv.com.br\/index.php\/2024\/09\/25\/urgente-empresa-que-coloca-carrinho-a-frente-das-pesquisas-em-viana-nao-informou-resultado-ao-tre\/"},"wordCount":824,"commentCount":0,"publisher":{"@id":"https:\/\/maranhaotv.com.br\/#organization"},"image":{"@id":"https:\/\/maranhaotv.com.br\/index.php\/2024\/09\/25\/urgente-empresa-que-coloca-carrinho-a-frente-das-pesquisas-em-viana-nao-informou-resultado-ao-tre\/#primaryimage"},"thumbnailUrl":"https:\/\/maranhaotv.com.br\/wp-content\/uploads\/2024\/09\/images.jpeg","articleSection":["not\u00edcias"],"inLanguage":"pt-BR","potentialAction":[{"@type":"CommentAction","name":"Comment","target":["https:\/\/maranhaotv.com.br\/index.php\/2024\/09\/25\/urgente-empresa-que-coloca-carrinho-a-frente-das-pesquisas-em-viana-nao-informou-resultado-ao-tre\/#respond"]}]},{"@type":"WebPage","@id":"https:\/\/maranhaotv.com.br\/index.php\/2024\/09\/25\/urgente-empresa-que-coloca-carrinho-a-frente-das-pesquisas-em-viana-nao-informou-resultado-ao-tre\/","url":"https:\/\/maranhaotv.com.br\/index.php\/2024\/09\/25\/urgente-empresa-que-coloca-carrinho-a-frente-das-pesquisas-em-viana-nao-informou-resultado-ao-tre\/","name":"Urgente: Empresa que coloca Carrinho \u00e0 frente das pesquisas em Viana, n\u00e3o informou resultado ao TRE - NOT\u00cdCIAS EM TEMPO REAL","isPartOf":{"@id":"https:\/\/maranhaotv.com.br\/#website"},"primaryImageOfPage":{"@id":"https:\/\/maranhaotv.com.br\/index.php\/2024\/09\/25\/urgente-empresa-que-coloca-carrinho-a-frente-das-pesquisas-em-viana-nao-informou-resultado-ao-tre\/#primaryimage"},"image":{"@id":"https:\/\/maranhaotv.com.br\/index.php\/2024\/09\/25\/urgente-empresa-que-coloca-carrinho-a-frente-das-pesquisas-em-viana-nao-informou-resultado-ao-tre\/#primaryimage"},"thumbnailUrl":"https:\/\/maranhaotv.com.br\/wp-content\/uploads\/2024\/09\/images.jpeg","datePublished":"2024-09-25T22:14:41+00:00","dateModified":"2024-09-25T22:31:53+00:00","breadcrumb":{"@id":"https:\/\/maranhaotv.com.br\/index.php\/2024\/09\/25\/urgente-empresa-que-coloca-carrinho-a-frente-das-pesquisas-em-viana-nao-informou-resultado-ao-tre\/#breadcrumb"},"inLanguage":"pt-BR","potentialAction":[{"@type":"ReadAction","target":["https:\/\/maranhaotv.com.br\/index.php\/2024\/09\/25\/urgente-empresa-que-coloca-carrinho-a-frente-das-pesquisas-em-viana-nao-informou-resultado-ao-tre\/"]}]},{"@type":"ImageObject","inLanguage":"pt-BR","@id":"https:\/\/maranhaotv.com.br\/index.php\/2024\/09\/25\/urgente-empresa-que-coloca-carrinho-a-frente-das-pesquisas-em-viana-nao-informou-resultado-ao-tre\/#primaryimage","url":"https:\/\/maranhaotv.com.br\/wp-content\/uploads\/2024\/09\/images.jpeg","contentUrl":"https:\/\/maranhaotv.com.br\/wp-content\/uploads\/2024\/09\/images.jpeg","width":679,"height":452},{"@type":"BreadcrumbList","@id":"https:\/\/maranhaotv.com.br\/index.php\/2024\/09\/25\/urgente-empresa-que-coloca-carrinho-a-frente-das-pesquisas-em-viana-nao-informou-resultado-ao-tre\/#breadcrumb","itemListElement":[{"@type":"ListItem","position":1,"name":"In\u00edcio","item":"https:\/\/maranhaotv.com.br\/"},{"@type":"ListItem","position":2,"name":"Urgente: Empresa que coloca Carrinho \u00e0 frente das pesquisas em Viana, n\u00e3o informou resultado ao TRE"}]},{"@type":"WebSite","@id":"https:\/\/maranhaotv.com.br\/#website","url":"https:\/\/maranhaotv.com.br\/","name":"Maranh\u00e3oTV","description":"","publisher":{"@id":"https:\/\/maranhaotv.com.br\/#organization"},"potentialAction":[{"@type":"SearchAction","target":{"@type":"EntryPoint","urlTemplate":"https:\/\/maranhaotv.com.br\/?s={search_term_string}"},"query-input":{"@type":"PropertyValueSpecification","valueRequired":true,"valueName":"search_term_string"}}],"inLanguage":"pt-BR"},{"@type":"Organization","@id":"https:\/\/maranhaotv.com.br\/#organization","name":"Portal de Not\u00edcias","url":"https:\/\/maranhaotv.com.br\/","logo":{"@type":"ImageObject","inLanguage":"pt-BR","@id":"https:\/\/maranhaotv.com.br\/#\/schema\/logo\/image\/","url":"https:\/\/maranhaotv.com.br\/wp-content\/uploads\/2024\/05\/cropped-cropped-avatar-1.png","contentUrl":"https:\/\/maranhaotv.com.br\/wp-content\/uploads\/2024\/05\/cropped-cropped-avatar-1.png","width":792,"height":428,"caption":"Portal de Not\u00edcias"},"image":{"@id":"https:\/\/maranhaotv.com.br\/#\/schema\/logo\/image\/"},"sameAs":["https:\/\/www.facebook.com\/maiobaotv","https:\/\/x.com\/sitemaranhaotv","https:\/\/www.instagram.com\/maranhao.tv","https:\/\/www.threads.net\/@maranhao.tv"]},{"@type":"Person","@id":"https:\/\/maranhaotv.com.br\/#\/schema\/person\/3d54238e86b20bb5c89ab2fdb8f8829a","name":"maranhaotv","image":{"@type":"ImageObject","inLanguage":"pt-BR","@id":"https:\/\/secure.gravatar.com\/avatar\/8fadbca458d4cb68b1dd399ae9a40618d747bb1af65ac9fad21c89220a143eb4?s=96&d=mm&r=g","url":"https:\/\/secure.gravatar.com\/avatar\/8fadbca458d4cb68b1dd399ae9a40618d747bb1af65ac9fad21c89220a143eb4?s=96&d=mm&r=g","contentUrl":"https:\/\/secure.gravatar.com\/avatar\/8fadbca458d4cb68b1dd399ae9a40618d747bb1af65ac9fad21c89220a143eb4?s=96&d=mm&r=g","caption":"maranhaotv"},"sameAs":["https:\/\/maranhaotv.com.br\/"],"url":"https:\/\/maranhaotv.com.br\/index.php\/author\/maranhaotv\/"}]}},"jetpack_featured_media_url":"https:\/\/maranhaotv.com.br\/wp-content\/uploads\/2024\/09\/images.jpeg","jetpack_sharing_enabled":true,"_links":{"self":[{"href":"https:\/\/maranhaotv.com.br\/index.php\/wp-json\/wp\/v2\/posts\/37988","targetHints":{"allow":["GET"]}}],"collection":[{"href":"https:\/\/maranhaotv.com.br\/index.php\/wp-json\/wp\/v2\/posts"}],"about":[{"href":"https:\/\/maranhaotv.com.br\/index.php\/wp-json\/wp\/v2\/types\/post"}],"author":[{"embeddable":true,"href":"https:\/\/maranhaotv.com.br\/index.php\/wp-json\/wp\/v2\/users\/2"}],"replies":[{"embeddable":true,"href":"https:\/\/maranhaotv.com.br\/index.php\/wp-json\/wp\/v2\/comments?post=37988"}],"version-history":[{"count":2,"href":"https:\/\/maranhaotv.com.br\/index.php\/wp-json\/wp\/v2\/posts\/37988\/revisions"}],"predecessor-version":[{"id":37990,"href":"https:\/\/maranhaotv.com.br\/index.php\/wp-json\/wp\/v2\/posts\/37988\/revisions\/37990"}],"wp:featuredmedia":[{"embeddable":true,"href":"https:\/\/maranhaotv.com.br\/index.php\/wp-json\/wp\/v2\/media\/37987"}],"wp:attachment":[{"href":"https:\/\/maranhaotv.com.br\/index.php\/wp-json\/wp\/v2\/media?parent=37988"}],"wp:term":[{"taxonomy":"category","embeddable":true,"href":"https:\/\/maranhaotv.com.br\/index.php\/wp-json\/wp\/v2\/categories?post=37988"},{"taxonomy":"post_tag","embeddable":true,"href":"https:\/\/maranhaotv.com.br\/index.php\/wp-json\/wp\/v2\/tags?post=37988"}],"curies":[{"name":"wp","href":"https:\/\/api.w.org\/{rel}","templated":true}]}}