{"id":38020,"date":"2024-09-27T14:28:56","date_gmt":"2024-09-27T17:28:56","guid":{"rendered":"https:\/\/maranhaotv.com.br\/?p=38020"},"modified":"2024-09-27T14:29:18","modified_gmt":"2024-09-27T17:29:18","slug":"fred-campos-e-mariana-apresentam-proposta-de-criacao-do-parque-ambiental-do-maiobao","status":"publish","type":"post","link":"https:\/\/maranhaotv.com.br\/index.php\/2024\/09\/27\/fred-campos-e-mariana-apresentam-proposta-de-criacao-do-parque-ambiental-do-maiobao\/","title":{"rendered":"Fred Campos e Mariana apresentam proposta de cria\u00e7\u00e3o do Parque Ambiental do Maiob\u00e3o"},"content":{"rendered":"\n<p><br><br>Nesta sexta-feira (27), por meio de suas redes sociais, o candidato \u00e0 prefeitura Fred Campos (PSB) apresentou oficialmente a proposta de cria\u00e7\u00e3o do Parque Ambiental do Maiob\u00e3o, uma iniciativa que visa a revitaliza\u00e7\u00e3o da \u00e1rea verde localizada no Pro Verde, bairro do Maiob\u00e3o. O an\u00fancio da proposta tamb\u00e9m conta com o apoio da candidata a vice-prefeita, Mariana Brand\u00e3o, e j\u00e1 vem ganhando aten\u00e7\u00e3o dos moradores, que h\u00e1 anos sonham com a preserva\u00e7\u00e3o e o desenvolvimento sustent\u00e1vel dessa regi\u00e3o.<br><br>O projeto do Parque Ambiental do Maiob\u00e3o prev\u00ea a recupera\u00e7\u00e3o e manuten\u00e7\u00e3o do espa\u00e7o, garantindo \u00e1reas de lazer, atividades esportivas, al\u00e9m de infraestrutura para a educa\u00e7\u00e3o ambiental. &#8220;Estamos pensando no futuro de Pa\u00e7o do Lumiar e no bem-estar dos nossos cidad\u00e3os. A cria\u00e7\u00e3o do Parque Ambiental ser\u00e1 um marco para o Maiob\u00e3o, que h\u00e1 muito tempo carece de \u00e1reas adequadas de conviv\u00eancia e lazer para as fam\u00edlias&#8221;, declarou Fred Campos para o portal Maranh\u00e3o TV.<br><br>A proposta vem de encontro a uma antiga reivindica\u00e7\u00e3o dos moradores, que sempre enxergaram no Pro Verde um potencial espa\u00e7o para lazer e contato com a natureza. O Parque Ambiental do Maiob\u00e3o busca, al\u00e9m de preservar o meio ambiente, promover a integra\u00e7\u00e3o da comunidade com atividades recreativas e educativas.<br><br>Mariana Brand\u00e3o, candidata a vice-prefeita, tamb\u00e9m refor\u00e7ou a import\u00e2ncia do projeto. &#8220;Acreditamos que o parque ser\u00e1 um espa\u00e7o de fortalecimento da nossa comunidade, onde as pessoas poder\u00e3o se reunir, praticar esportes, e se reconectar com a natureza. \u00c9 um compromisso nosso revitalizar essa \u00e1rea e torn\u00e1-la um s\u00edmbolo de preserva\u00e7\u00e3o e qualidade de vida.&#8221;<br><br>A cria\u00e7\u00e3o do Parque Ambiental do Maiob\u00e3o integra o plano de governo de Fred Campos, que tem como foco o desenvolvimento sustent\u00e1vel e a melhoria da qualidade de vida dos mun\u00edcipes. Segundo o candidato, a \u00e1rea verde ser\u00e1 estruturada para atender a todas as faixas et\u00e1rias, garantindo acessibilidade e inclus\u00e3o.<br><br>O an\u00fancio foi bem recebido por muitos moradores, que enxergam na proposta uma oportunidade de valorizar o bairro e criar um ambiente mais saud\u00e1vel para as futuras gera\u00e7\u00f5es. &#8220;Esse parque \u00e9 um sonho antigo, esperamos que agora saia do papel e traga mais vida ao nosso bairro&#8221;, afirmou Jo\u00e3o Carlos, morador do Maiob\u00e3o h\u00e1 25 anos.<br><br>Com as elei\u00e7\u00f5es se aproximando, Fred Campos e Mariana Brand\u00e3o seguem em di\u00e1logo com a popula\u00e7\u00e3o, apresentando novas propostas que visam o desenvolvimento de Pa\u00e7o do Lumiar em diferentes \u00e1reas, sempre com foco na sustentabilidade e no bem-estar social.<\/p>\n","protected":false},"excerpt":{"rendered":"<p>Nesta sexta-feira (27), por meio de suas redes sociais, o candidato \u00e0 prefeitura Fred Campos (PSB) apresentou oficialmente a proposta<\/p>\n","protected":false},"author":2,"featured_media":38019,"comment_status":"open","ping_status":"open","sticky":false,"template":"","format":"standard","meta":{"colormag_page_container_layout":"default_layout","colormag_page_sidebar_layout":"default_layout","_jetpack_memberships_contains_paid_content":false,"footnotes":""},"categories":[6],"tags":[43],"class_list":["post-38020","post","type-post","status-publish","format-standard","has-post-thumbnail","hentry","category-politica","tag-fred-campos"],"magazineBlocksPostFeaturedMedia":{"thumbnail":"https:\/\/maranhaotv.com.br\/wp-content\/uploads\/2024\/09\/IMG-20240927-WA0419-150x150.jpg","medium":"https:\/\/maranhaotv.com.br\/wp-content\/uploads\/2024\/09\/IMG-20240927-WA0419-300x159.jpg","medium_large":"https:\/\/maranhaotv.com.br\/wp-content\/uploads\/2024\/09\/IMG-20240927-WA0419-768x406.jpg","large":"https:\/\/maranhaotv.com.br\/wp-content\/uploads\/2024\/09\/IMG-20240927-WA0419-1024x542.jpg","1536x1536":"https:\/\/maranhaotv.com.br\/wp-content\/uploads\/2024\/09\/IMG-20240927-WA0419.jpg","2048x2048":"https:\/\/maranhaotv.com.br\/wp-content\/uploads\/2024\/09\/IMG-20240927-WA0419.jpg","colormag-highlighted-post":"https:\/\/maranhaotv.com.br\/wp-content\/uploads\/2024\/09\/IMG-20240927-WA0419-392x272.jpg","colormag-featured-post-medium":"https:\/\/maranhaotv.com.br\/wp-content\/uploads\/2024\/09\/IMG-20240927-WA0419-390x205.jpg","colormag-featured-post-small":"https:\/\/maranhaotv.com.br\/wp-content\/uploads\/2024\/09\/IMG-20240927-WA0419-130x90.jpg","colormag-featured-image":"https:\/\/maranhaotv.com.br\/wp-content\/uploads\/2024\/09\/IMG-20240927-WA0419-800x445.jpg","colormag-default-news":"https:\/\/maranhaotv.com.br\/wp-content\/uploads\/2024\/09\/IMG-20240927-WA0419-150x150.jpg","colormag-featured-image-large":"https:\/\/maranhaotv.com.br\/wp-content\/uploads\/2024\/09\/IMG-20240927-WA0419-1282x600.jpg"},"magazineBlocksPostAuthor":{"name":"maranhaotv","avatar":"https:\/\/secure.gravatar.com\/avatar\/8fadbca458d4cb68b1dd399ae9a40618d747bb1af65ac9fad21c89220a143eb4?s=96&d=mm&r=g"},"magazineBlocksPostCommentsNumber":"0","magazineBlocksPostExcerpt":"Nesta sexta-feira (27), por meio de suas redes sociais, o candidato \u00e0 prefeitura Fred Campos (PSB) apresentou oficialmente a proposta","magazineBlocksPostCategories":["pol\u00edtica"],"magazineBlocksPostViewCount":403,"magazineBlocksPostReadTime":3,"magazine_blocks_featured_image_url":{"full":["https:\/\/maranhaotv.com.br\/wp-content\/uploads\/2024\/09\/IMG-20240927-WA0419.jpg",1282,678,false],"medium":["https:\/\/maranhaotv.com.br\/wp-content\/uploads\/2024\/09\/IMG-20240927-WA0419-300x159.jpg",300,159,true],"thumbnail":["https:\/\/maranhaotv.com.br\/wp-content\/uploads\/2024\/09\/IMG-20240927-WA0419-150x150.jpg",150,150,true]},"magazine_blocks_author":{"display_name":"maranhaotv","author_link":"https:\/\/maranhaotv.com.br\/index.php\/author\/maranhaotv\/"},"magazine_blocks_comment":0,"magazine_blocks_author_image":"https:\/\/secure.gravatar.com\/avatar\/8fadbca458d4cb68b1dd399ae9a40618d747bb1af65ac9fad21c89220a143eb4?s=96&d=mm&r=g","magazine_blocks_category":"<a href=\"#\" class=\"category-link category-link-6\">pol\u00edtica<\/a>","yoast_head":"<!-- This site is optimized with the Yoast SEO plugin v27.4 - https:\/\/yoast.com\/product\/yoast-seo-wordpress\/ -->\n<title>Fred Campos e Mariana apresentam proposta de cria\u00e7\u00e3o do Parque Ambiental do Maiob\u00e3o - NOT\u00cdCIAS EM TEMPO REAL<\/title>\n<meta name=\"robots\" content=\"index, follow, max-snippet:-1, max-image-preview:large, max-video-preview:-1\" \/>\n<link rel=\"canonical\" href=\"https:\/\/maranhaotv.com.br\/index.php\/2024\/09\/27\/fred-campos-e-mariana-apresentam-proposta-de-criacao-do-parque-ambiental-do-maiobao\/\" \/>\n<meta property=\"og:locale\" content=\"pt_BR\" \/>\n<meta property=\"og:type\" content=\"article\" \/>\n<meta property=\"og:title\" content=\"Fred Campos e Mariana apresentam proposta de cria\u00e7\u00e3o do Parque Ambiental do Maiob\u00e3o - NOT\u00cdCIAS EM TEMPO REAL\" \/>\n<meta property=\"og:description\" content=\"Nesta sexta-feira (27), por meio de suas redes sociais, o candidato \u00e0 prefeitura Fred Campos (PSB) apresentou oficialmente a proposta\" \/>\n<meta property=\"og:url\" content=\"https:\/\/maranhaotv.com.br\/index.php\/2024\/09\/27\/fred-campos-e-mariana-apresentam-proposta-de-criacao-do-parque-ambiental-do-maiobao\/\" \/>\n<meta property=\"og:site_name\" content=\"NOT\u00cdCIAS EM TEMPO REAL\" \/>\n<meta property=\"article:publisher\" content=\"https:\/\/www.facebook.com\/maiobaotv\" \/>\n<meta property=\"article:published_time\" content=\"2024-09-27T17:28:56+00:00\" \/>\n<meta property=\"article:modified_time\" content=\"2024-09-27T17:29:18+00:00\" \/>\n<meta property=\"og:image\" content=\"https:\/\/maranhaotv.com.br\/wp-content\/uploads\/2024\/09\/IMG-20240927-WA0419.jpg\" \/>\n\t<meta property=\"og:image:width\" content=\"1282\" \/>\n\t<meta property=\"og:image:height\" content=\"678\" \/>\n\t<meta property=\"og:image:type\" content=\"image\/jpeg\" \/>\n<meta name=\"author\" content=\"maranhaotv\" \/>\n<meta name=\"twitter:card\" content=\"summary_large_image\" \/>\n<meta name=\"twitter:creator\" content=\"@sitemaranhaotv\" \/>\n<meta name=\"twitter:site\" content=\"@sitemaranhaotv\" \/>\n<meta name=\"twitter:label1\" content=\"Escrito por\" \/>\n\t<meta name=\"twitter:data1\" content=\"maranhaotv\" \/>\n\t<meta name=\"twitter:label2\" content=\"Est. tempo de leitura\" \/>\n\t<meta name=\"twitter:data2\" content=\"2 minutos\" \/>\n<script type=\"application\/ld+json\" class=\"yoast-schema-graph\">{\"@context\":\"https:\\\/\\\/schema.org\",\"@graph\":[{\"@type\":\"Article\",\"@id\":\"https:\\\/\\\/maranhaotv.com.br\\\/index.php\\\/2024\\\/09\\\/27\\\/fred-campos-e-mariana-apresentam-proposta-de-criacao-do-parque-ambiental-do-maiobao\\\/#article\",\"isPartOf\":{\"@id\":\"https:\\\/\\\/maranhaotv.com.br\\\/index.php\\\/2024\\\/09\\\/27\\\/fred-campos-e-mariana-apresentam-proposta-de-criacao-do-parque-ambiental-do-maiobao\\\/\"},\"author\":{\"name\":\"maranhaotv\",\"@id\":\"https:\\\/\\\/maranhaotv.com.br\\\/#\\\/schema\\\/person\\\/3d54238e86b20bb5c89ab2fdb8f8829a\"},\"headline\":\"Fred Campos e Mariana apresentam proposta de cria\u00e7\u00e3o do Parque Ambiental do Maiob\u00e3o\",\"datePublished\":\"2024-09-27T17:28:56+00:00\",\"dateModified\":\"2024-09-27T17:29:18+00:00\",\"mainEntityOfPage\":{\"@id\":\"https:\\\/\\\/maranhaotv.com.br\\\/index.php\\\/2024\\\/09\\\/27\\\/fred-campos-e-mariana-apresentam-proposta-de-criacao-do-parque-ambiental-do-maiobao\\\/\"},\"wordCount\":465,\"commentCount\":0,\"publisher\":{\"@id\":\"https:\\\/\\\/maranhaotv.com.br\\\/#organization\"},\"image\":{\"@id\":\"https:\\\/\\\/maranhaotv.com.br\\\/index.php\\\/2024\\\/09\\\/27\\\/fred-campos-e-mariana-apresentam-proposta-de-criacao-do-parque-ambiental-do-maiobao\\\/#primaryimage\"},\"thumbnailUrl\":\"https:\\\/\\\/maranhaotv.com.br\\\/wp-content\\\/uploads\\\/2024\\\/09\\\/IMG-20240927-WA0419.jpg\",\"keywords\":[\"Fred Campos\"],\"articleSection\":[\"pol\u00edtica\"],\"inLanguage\":\"pt-BR\",\"potentialAction\":[{\"@type\":\"CommentAction\",\"name\":\"Comment\",\"target\":[\"https:\\\/\\\/maranhaotv.com.br\\\/index.php\\\/2024\\\/09\\\/27\\\/fred-campos-e-mariana-apresentam-proposta-de-criacao-do-parque-ambiental-do-maiobao\\\/#respond\"]}]},{\"@type\":\"WebPage\",\"@id\":\"https:\\\/\\\/maranhaotv.com.br\\\/index.php\\\/2024\\\/09\\\/27\\\/fred-campos-e-mariana-apresentam-proposta-de-criacao-do-parque-ambiental-do-maiobao\\\/\",\"url\":\"https:\\\/\\\/maranhaotv.com.br\\\/index.php\\\/2024\\\/09\\\/27\\\/fred-campos-e-mariana-apresentam-proposta-de-criacao-do-parque-ambiental-do-maiobao\\\/\",\"name\":\"Fred Campos e Mariana apresentam proposta de cria\u00e7\u00e3o do Parque Ambiental do Maiob\u00e3o - NOT\u00cdCIAS EM TEMPO REAL\",\"isPartOf\":{\"@id\":\"https:\\\/\\\/maranhaotv.com.br\\\/#website\"},\"primaryImageOfPage\":{\"@id\":\"https:\\\/\\\/maranhaotv.com.br\\\/index.php\\\/2024\\\/09\\\/27\\\/fred-campos-e-mariana-apresentam-proposta-de-criacao-do-parque-ambiental-do-maiobao\\\/#primaryimage\"},\"image\":{\"@id\":\"https:\\\/\\\/maranhaotv.com.br\\\/index.php\\\/2024\\\/09\\\/27\\\/fred-campos-e-mariana-apresentam-proposta-de-criacao-do-parque-ambiental-do-maiobao\\\/#primaryimage\"},\"thumbnailUrl\":\"https:\\\/\\\/maranhaotv.com.br\\\/wp-content\\\/uploads\\\/2024\\\/09\\\/IMG-20240927-WA0419.jpg\",\"datePublished\":\"2024-09-27T17:28:56+00:00\",\"dateModified\":\"2024-09-27T17:29:18+00:00\",\"breadcrumb\":{\"@id\":\"https:\\\/\\\/maranhaotv.com.br\\\/index.php\\\/2024\\\/09\\\/27\\\/fred-campos-e-mariana-apresentam-proposta-de-criacao-do-parque-ambiental-do-maiobao\\\/#breadcrumb\"},\"inLanguage\":\"pt-BR\",\"potentialAction\":[{\"@type\":\"ReadAction\",\"target\":[\"https:\\\/\\\/maranhaotv.com.br\\\/index.php\\\/2024\\\/09\\\/27\\\/fred-campos-e-mariana-apresentam-proposta-de-criacao-do-parque-ambiental-do-maiobao\\\/\"]}]},{\"@type\":\"ImageObject\",\"inLanguage\":\"pt-BR\",\"@id\":\"https:\\\/\\\/maranhaotv.com.br\\\/index.php\\\/2024\\\/09\\\/27\\\/fred-campos-e-mariana-apresentam-proposta-de-criacao-do-parque-ambiental-do-maiobao\\\/#primaryimage\",\"url\":\"https:\\\/\\\/maranhaotv.com.br\\\/wp-content\\\/uploads\\\/2024\\\/09\\\/IMG-20240927-WA0419.jpg\",\"contentUrl\":\"https:\\\/\\\/maranhaotv.com.br\\\/wp-content\\\/uploads\\\/2024\\\/09\\\/IMG-20240927-WA0419.jpg\",\"width\":1282,\"height\":678},{\"@type\":\"BreadcrumbList\",\"@id\":\"https:\\\/\\\/maranhaotv.com.br\\\/index.php\\\/2024\\\/09\\\/27\\\/fred-campos-e-mariana-apresentam-proposta-de-criacao-do-parque-ambiental-do-maiobao\\\/#breadcrumb\",\"itemListElement\":[{\"@type\":\"ListItem\",\"position\":1,\"name\":\"In\u00edcio\",\"item\":\"https:\\\/\\\/maranhaotv.com.br\\\/\"},{\"@type\":\"ListItem\",\"position\":2,\"name\":\"Fred Campos e Mariana apresentam proposta de cria\u00e7\u00e3o do Parque Ambiental do Maiob\u00e3o\"}]},{\"@type\":\"WebSite\",\"@id\":\"https:\\\/\\\/maranhaotv.com.br\\\/#website\",\"url\":\"https:\\\/\\\/maranhaotv.com.br\\\/\",\"name\":\"Maranh\u00e3oTV\",\"description\":\"\",\"publisher\":{\"@id\":\"https:\\\/\\\/maranhaotv.com.br\\\/#organization\"},\"potentialAction\":[{\"@type\":\"SearchAction\",\"target\":{\"@type\":\"EntryPoint\",\"urlTemplate\":\"https:\\\/\\\/maranhaotv.com.br\\\/?s={search_term_string}\"},\"query-input\":{\"@type\":\"PropertyValueSpecification\",\"valueRequired\":true,\"valueName\":\"search_term_string\"}}],\"inLanguage\":\"pt-BR\"},{\"@type\":\"Organization\",\"@id\":\"https:\\\/\\\/maranhaotv.com.br\\\/#organization\",\"name\":\"Portal de Not\u00edcias\",\"url\":\"https:\\\/\\\/maranhaotv.com.br\\\/\",\"logo\":{\"@type\":\"ImageObject\",\"inLanguage\":\"pt-BR\",\"@id\":\"https:\\\/\\\/maranhaotv.com.br\\\/#\\\/schema\\\/logo\\\/image\\\/\",\"url\":\"https:\\\/\\\/maranhaotv.com.br\\\/wp-content\\\/uploads\\\/2024\\\/05\\\/cropped-cropped-avatar-1.png\",\"contentUrl\":\"https:\\\/\\\/maranhaotv.com.br\\\/wp-content\\\/uploads\\\/2024\\\/05\\\/cropped-cropped-avatar-1.png\",\"width\":792,\"height\":428,\"caption\":\"Portal de Not\u00edcias\"},\"image\":{\"@id\":\"https:\\\/\\\/maranhaotv.com.br\\\/#\\\/schema\\\/logo\\\/image\\\/\"},\"sameAs\":[\"https:\\\/\\\/www.facebook.com\\\/maiobaotv\",\"https:\\\/\\\/x.com\\\/sitemaranhaotv\",\"https:\\\/\\\/www.instagram.com\\\/maranhao.tv\",\"https:\\\/\\\/www.threads.net\\\/@maranhao.tv\"]},{\"@type\":\"Person\",\"@id\":\"https:\\\/\\\/maranhaotv.com.br\\\/#\\\/schema\\\/person\\\/3d54238e86b20bb5c89ab2fdb8f8829a\",\"name\":\"maranhaotv\",\"image\":{\"@type\":\"ImageObject\",\"inLanguage\":\"pt-BR\",\"@id\":\"https:\\\/\\\/secure.gravatar.com\\\/avatar\\\/8fadbca458d4cb68b1dd399ae9a40618d747bb1af65ac9fad21c89220a143eb4?s=96&d=mm&r=g\",\"url\":\"https:\\\/\\\/secure.gravatar.com\\\/avatar\\\/8fadbca458d4cb68b1dd399ae9a40618d747bb1af65ac9fad21c89220a143eb4?s=96&d=mm&r=g\",\"contentUrl\":\"https:\\\/\\\/secure.gravatar.com\\\/avatar\\\/8fadbca458d4cb68b1dd399ae9a40618d747bb1af65ac9fad21c89220a143eb4?s=96&d=mm&r=g\",\"caption\":\"maranhaotv\"},\"sameAs\":[\"https:\\\/\\\/maranhaotv.com.br\\\/\"],\"url\":\"https:\\\/\\\/maranhaotv.com.br\\\/index.php\\\/author\\\/maranhaotv\\\/\"}]}<\/script>\n<!-- \/ Yoast SEO plugin. -->","yoast_head_json":{"title":"Fred Campos e Mariana apresentam proposta de cria\u00e7\u00e3o do Parque Ambiental do Maiob\u00e3o - NOT\u00cdCIAS EM TEMPO REAL","robots":{"index":"index","follow":"follow","max-snippet":"max-snippet:-1","max-image-preview":"max-image-preview:large","max-video-preview":"max-video-preview:-1"},"canonical":"https:\/\/maranhaotv.com.br\/index.php\/2024\/09\/27\/fred-campos-e-mariana-apresentam-proposta-de-criacao-do-parque-ambiental-do-maiobao\/","og_locale":"pt_BR","og_type":"article","og_title":"Fred Campos e Mariana apresentam proposta de cria\u00e7\u00e3o do Parque Ambiental do Maiob\u00e3o - NOT\u00cdCIAS EM TEMPO REAL","og_description":"Nesta sexta-feira (27), por meio de suas redes sociais, o candidato \u00e0 prefeitura Fred Campos (PSB) apresentou oficialmente a proposta","og_url":"https:\/\/maranhaotv.com.br\/index.php\/2024\/09\/27\/fred-campos-e-mariana-apresentam-proposta-de-criacao-do-parque-ambiental-do-maiobao\/","og_site_name":"NOT\u00cdCIAS EM TEMPO REAL","article_publisher":"https:\/\/www.facebook.com\/maiobaotv","article_published_time":"2024-09-27T17:28:56+00:00","article_modified_time":"2024-09-27T17:29:18+00:00","og_image":[{"width":1282,"height":678,"url":"https:\/\/maranhaotv.com.br\/wp-content\/uploads\/2024\/09\/IMG-20240927-WA0419.jpg","type":"image\/jpeg"}],"author":"maranhaotv","twitter_card":"summary_large_image","twitter_creator":"@sitemaranhaotv","twitter_site":"@sitemaranhaotv","twitter_misc":{"Escrito por":"maranhaotv","Est. tempo de leitura":"2 minutos"},"schema":{"@context":"https:\/\/schema.org","@graph":[{"@type":"Article","@id":"https:\/\/maranhaotv.com.br\/index.php\/2024\/09\/27\/fred-campos-e-mariana-apresentam-proposta-de-criacao-do-parque-ambiental-do-maiobao\/#article","isPartOf":{"@id":"https:\/\/maranhaotv.com.br\/index.php\/2024\/09\/27\/fred-campos-e-mariana-apresentam-proposta-de-criacao-do-parque-ambiental-do-maiobao\/"},"author":{"name":"maranhaotv","@id":"https:\/\/maranhaotv.com.br\/#\/schema\/person\/3d54238e86b20bb5c89ab2fdb8f8829a"},"headline":"Fred Campos e Mariana apresentam proposta de cria\u00e7\u00e3o do Parque Ambiental do Maiob\u00e3o","datePublished":"2024-09-27T17:28:56+00:00","dateModified":"2024-09-27T17:29:18+00:00","mainEntityOfPage":{"@id":"https:\/\/maranhaotv.com.br\/index.php\/2024\/09\/27\/fred-campos-e-mariana-apresentam-proposta-de-criacao-do-parque-ambiental-do-maiobao\/"},"wordCount":465,"commentCount":0,"publisher":{"@id":"https:\/\/maranhaotv.com.br\/#organization"},"image":{"@id":"https:\/\/maranhaotv.com.br\/index.php\/2024\/09\/27\/fred-campos-e-mariana-apresentam-proposta-de-criacao-do-parque-ambiental-do-maiobao\/#primaryimage"},"thumbnailUrl":"https:\/\/maranhaotv.com.br\/wp-content\/uploads\/2024\/09\/IMG-20240927-WA0419.jpg","keywords":["Fred Campos"],"articleSection":["pol\u00edtica"],"inLanguage":"pt-BR","potentialAction":[{"@type":"CommentAction","name":"Comment","target":["https:\/\/maranhaotv.com.br\/index.php\/2024\/09\/27\/fred-campos-e-mariana-apresentam-proposta-de-criacao-do-parque-ambiental-do-maiobao\/#respond"]}]},{"@type":"WebPage","@id":"https:\/\/maranhaotv.com.br\/index.php\/2024\/09\/27\/fred-campos-e-mariana-apresentam-proposta-de-criacao-do-parque-ambiental-do-maiobao\/","url":"https:\/\/maranhaotv.com.br\/index.php\/2024\/09\/27\/fred-campos-e-mariana-apresentam-proposta-de-criacao-do-parque-ambiental-do-maiobao\/","name":"Fred Campos e Mariana apresentam proposta de cria\u00e7\u00e3o do Parque Ambiental do Maiob\u00e3o - NOT\u00cdCIAS EM TEMPO REAL","isPartOf":{"@id":"https:\/\/maranhaotv.com.br\/#website"},"primaryImageOfPage":{"@id":"https:\/\/maranhaotv.com.br\/index.php\/2024\/09\/27\/fred-campos-e-mariana-apresentam-proposta-de-criacao-do-parque-ambiental-do-maiobao\/#primaryimage"},"image":{"@id":"https:\/\/maranhaotv.com.br\/index.php\/2024\/09\/27\/fred-campos-e-mariana-apresentam-proposta-de-criacao-do-parque-ambiental-do-maiobao\/#primaryimage"},"thumbnailUrl":"https:\/\/maranhaotv.com.br\/wp-content\/uploads\/2024\/09\/IMG-20240927-WA0419.jpg","datePublished":"2024-09-27T17:28:56+00:00","dateModified":"2024-09-27T17:29:18+00:00","breadcrumb":{"@id":"https:\/\/maranhaotv.com.br\/index.php\/2024\/09\/27\/fred-campos-e-mariana-apresentam-proposta-de-criacao-do-parque-ambiental-do-maiobao\/#breadcrumb"},"inLanguage":"pt-BR","potentialAction":[{"@type":"ReadAction","target":["https:\/\/maranhaotv.com.br\/index.php\/2024\/09\/27\/fred-campos-e-mariana-apresentam-proposta-de-criacao-do-parque-ambiental-do-maiobao\/"]}]},{"@type":"ImageObject","inLanguage":"pt-BR","@id":"https:\/\/maranhaotv.com.br\/index.php\/2024\/09\/27\/fred-campos-e-mariana-apresentam-proposta-de-criacao-do-parque-ambiental-do-maiobao\/#primaryimage","url":"https:\/\/maranhaotv.com.br\/wp-content\/uploads\/2024\/09\/IMG-20240927-WA0419.jpg","contentUrl":"https:\/\/maranhaotv.com.br\/wp-content\/uploads\/2024\/09\/IMG-20240927-WA0419.jpg","width":1282,"height":678},{"@type":"BreadcrumbList","@id":"https:\/\/maranhaotv.com.br\/index.php\/2024\/09\/27\/fred-campos-e-mariana-apresentam-proposta-de-criacao-do-parque-ambiental-do-maiobao\/#breadcrumb","itemListElement":[{"@type":"ListItem","position":1,"name":"In\u00edcio","item":"https:\/\/maranhaotv.com.br\/"},{"@type":"ListItem","position":2,"name":"Fred Campos e Mariana apresentam proposta de cria\u00e7\u00e3o do Parque Ambiental do Maiob\u00e3o"}]},{"@type":"WebSite","@id":"https:\/\/maranhaotv.com.br\/#website","url":"https:\/\/maranhaotv.com.br\/","name":"Maranh\u00e3oTV","description":"","publisher":{"@id":"https:\/\/maranhaotv.com.br\/#organization"},"potentialAction":[{"@type":"SearchAction","target":{"@type":"EntryPoint","urlTemplate":"https:\/\/maranhaotv.com.br\/?s={search_term_string}"},"query-input":{"@type":"PropertyValueSpecification","valueRequired":true,"valueName":"search_term_string"}}],"inLanguage":"pt-BR"},{"@type":"Organization","@id":"https:\/\/maranhaotv.com.br\/#organization","name":"Portal de Not\u00edcias","url":"https:\/\/maranhaotv.com.br\/","logo":{"@type":"ImageObject","inLanguage":"pt-BR","@id":"https:\/\/maranhaotv.com.br\/#\/schema\/logo\/image\/","url":"https:\/\/maranhaotv.com.br\/wp-content\/uploads\/2024\/05\/cropped-cropped-avatar-1.png","contentUrl":"https:\/\/maranhaotv.com.br\/wp-content\/uploads\/2024\/05\/cropped-cropped-avatar-1.png","width":792,"height":428,"caption":"Portal de Not\u00edcias"},"image":{"@id":"https:\/\/maranhaotv.com.br\/#\/schema\/logo\/image\/"},"sameAs":["https:\/\/www.facebook.com\/maiobaotv","https:\/\/x.com\/sitemaranhaotv","https:\/\/www.instagram.com\/maranhao.tv","https:\/\/www.threads.net\/@maranhao.tv"]},{"@type":"Person","@id":"https:\/\/maranhaotv.com.br\/#\/schema\/person\/3d54238e86b20bb5c89ab2fdb8f8829a","name":"maranhaotv","image":{"@type":"ImageObject","inLanguage":"pt-BR","@id":"https:\/\/secure.gravatar.com\/avatar\/8fadbca458d4cb68b1dd399ae9a40618d747bb1af65ac9fad21c89220a143eb4?s=96&d=mm&r=g","url":"https:\/\/secure.gravatar.com\/avatar\/8fadbca458d4cb68b1dd399ae9a40618d747bb1af65ac9fad21c89220a143eb4?s=96&d=mm&r=g","contentUrl":"https:\/\/secure.gravatar.com\/avatar\/8fadbca458d4cb68b1dd399ae9a40618d747bb1af65ac9fad21c89220a143eb4?s=96&d=mm&r=g","caption":"maranhaotv"},"sameAs":["https:\/\/maranhaotv.com.br\/"],"url":"https:\/\/maranhaotv.com.br\/index.php\/author\/maranhaotv\/"}]}},"jetpack_featured_media_url":"https:\/\/maranhaotv.com.br\/wp-content\/uploads\/2024\/09\/IMG-20240927-WA0419.jpg","jetpack_sharing_enabled":true,"_links":{"self":[{"href":"https:\/\/maranhaotv.com.br\/index.php\/wp-json\/wp\/v2\/posts\/38020","targetHints":{"allow":["GET"]}}],"collection":[{"href":"https:\/\/maranhaotv.com.br\/index.php\/wp-json\/wp\/v2\/posts"}],"about":[{"href":"https:\/\/maranhaotv.com.br\/index.php\/wp-json\/wp\/v2\/types\/post"}],"author":[{"embeddable":true,"href":"https:\/\/maranhaotv.com.br\/index.php\/wp-json\/wp\/v2\/users\/2"}],"replies":[{"embeddable":true,"href":"https:\/\/maranhaotv.com.br\/index.php\/wp-json\/wp\/v2\/comments?post=38020"}],"version-history":[{"count":1,"href":"https:\/\/maranhaotv.com.br\/index.php\/wp-json\/wp\/v2\/posts\/38020\/revisions"}],"predecessor-version":[{"id":38021,"href":"https:\/\/maranhaotv.com.br\/index.php\/wp-json\/wp\/v2\/posts\/38020\/revisions\/38021"}],"wp:featuredmedia":[{"embeddable":true,"href":"https:\/\/maranhaotv.com.br\/index.php\/wp-json\/wp\/v2\/media\/38019"}],"wp:attachment":[{"href":"https:\/\/maranhaotv.com.br\/index.php\/wp-json\/wp\/v2\/media?parent=38020"}],"wp:term":[{"taxonomy":"category","embeddable":true,"href":"https:\/\/maranhaotv.com.br\/index.php\/wp-json\/wp\/v2\/categories?post=38020"},{"taxonomy":"post_tag","embeddable":true,"href":"https:\/\/maranhaotv.com.br\/index.php\/wp-json\/wp\/v2\/tags?post=38020"}],"curies":[{"name":"wp","href":"https:\/\/api.w.org\/{rel}","templated":true}]}}