{"id":38027,"date":"2024-09-27T15:37:16","date_gmt":"2024-09-27T18:37:16","guid":{"rendered":"https:\/\/maranhaotv.com.br\/?p=38027"},"modified":"2024-09-28T09:48:33","modified_gmt":"2024-09-28T12:48:33","slug":"sala-de-leitura-e-inaugurada-com-o-apoio-da-escritorasharlene-serra-na-lbv","status":"publish","type":"post","link":"https:\/\/maranhaotv.com.br\/index.php\/2024\/09\/27\/sala-de-leitura-e-inaugurada-com-o-apoio-da-escritorasharlene-serra-na-lbv\/","title":{"rendered":"Sala de leitura \u00e9 inaugurada com o apoio da escritora Sharlene Serra na LBV"},"content":{"rendered":"\n<p>\n<br>A Legi\u00e3o da Boa Vontade (LBV) em S\u00e3o Lu\u00eds celebrou, neste m\u00eas de setembro, a inaugura\u00e7\u00e3o de sua nova sala de leitura, um espa\u00e7o dedicado ao incentivo \u00e0 educa\u00e7\u00e3o e \u00e0 cultura para crian\u00e7as e adolescentes. A iniciativa foi poss\u00edvel gra\u00e7as \u00e0 contribui\u00e7\u00e3o da escritora maranhense Sharlene Serra, que abra\u00e7ou a causa ao doar recursos e livros para compor o acervo inicial da sala.\n<br>Durante a cerim\u00f4nia de inaugura\u00e7\u00e3o, estiveram presentes gestores da LBV, colaboradores, volunt\u00e1rios e, claro, as crian\u00e7as que ser\u00e3o diretamente beneficiadas por esse ambiente. Em uma bela demonstra\u00e7\u00e3o de gratid\u00e3o, uma crian\u00e7a atendida pela institui\u00e7\u00e3o fez a interpreta\u00e7\u00e3o de um poema da escritora, refor\u00e7ando a import\u00e2ncia da leitura para o seu desenvolvimento.\n<br>Essa sala de leitura \u00e9 mais do que um simples espa\u00e7o f\u00edsico. No Maranh\u00e3o, o \u00edndice de analfabetismo ainda \u00e9 um desafio: segundo dados do IBGE, cerca de 16% da popula\u00e7\u00e3o com mais de 15 anos de idade n\u00e3o sabe ler ou escrever. Com isso, proporcionar acesso aos livros e estimular a pr\u00e1tica da leitura s\u00e3o a\u00e7\u00f5es fundamentais para combater essa realidade. \n<br>O espa\u00e7o na LBV busca ser um ponto de transforma\u00e7\u00e3o, oferecendo oportunidades para que crian\u00e7as em situa\u00e7\u00e3o de vulnerabilidade social possam desenvolver suas habilidades de leitura, escrita, interpreta\u00e7\u00e3o de texto, al\u00e9m de instigar a criatividade e a imagina\u00e7\u00e3o, criando novas perspectivas de futuro.\n<br>\n<br>Como voc\u00ea pode ajudar?\n<br>A continuidade e o sucesso desse projeto dependem do envolvimento de pessoas solid\u00e1rias. Estamos arrecadando doa\u00e7\u00f5es de livros infantis, juvenis e educativos para ampliar o acervo e garantir que as crian\u00e7as tenham acesso a um mundo de hist\u00f3rias, aprendizado e crescimento.\n<br>Cada livro doado \u00e9 um passo em dire\u00e7\u00e3o ao fortalecimento da educa\u00e7\u00e3o. Sua contribui\u00e7\u00e3o pode transformar vidas!\n<br>\n<br>LBV em S\u00e3o Lu\u00eds:\n<br>Endere\u00e7o: Rua Catulo da Paix\u00e3o Cearense, 74, Vila Passos.\n<br>Ponto de refer\u00eancia: Pr\u00f3ximo ao Est\u00e1dio Nhozinho Santos.\n<br>Para mais informa\u00e7\u00f5es, entre em contato: (98) 3214-1428.\n<br><\/p>\n","protected":false},"excerpt":{"rendered":"<p>A Legi\u00e3o da Boa Vontade (LBV) em S\u00e3o Lu\u00eds celebrou, neste m\u00eas de setembro, a inaugura\u00e7\u00e3o de sua nova sala<\/p>\n","protected":false},"author":2,"featured_media":38026,"comment_status":"open","ping_status":"open","sticky":false,"template":"","format":"standard","meta":{"colormag_page_container_layout":"default_layout","colormag_page_sidebar_layout":"default_layout","_jetpack_memberships_contains_paid_content":false,"footnotes":""},"categories":[2],"tags":[],"class_list":["post-38027","post","type-post","status-publish","format-standard","has-post-thumbnail","hentry","category-noticias"],"magazineBlocksPostFeaturedMedia":{"thumbnail":"https:\/\/maranhaotv.com.br\/wp-content\/uploads\/2024\/09\/IMG-20240927-WA0527-1-150x150.jpg","medium":"https:\/\/maranhaotv.com.br\/wp-content\/uploads\/2024\/09\/IMG-20240927-WA0527-1-300x225.jpg","medium_large":"https:\/\/maranhaotv.com.br\/wp-content\/uploads\/2024\/09\/IMG-20240927-WA0527-1-768x576.jpg","large":"https:\/\/maranhaotv.com.br\/wp-content\/uploads\/2024\/09\/IMG-20240927-WA0527-1-1024x768.jpg","1536x1536":"https:\/\/maranhaotv.com.br\/wp-content\/uploads\/2024\/09\/IMG-20240927-WA0527-1-1536x1152.jpg","2048x2048":"https:\/\/maranhaotv.com.br\/wp-content\/uploads\/2024\/09\/IMG-20240927-WA0527-1.jpg","colormag-highlighted-post":"https:\/\/maranhaotv.com.br\/wp-content\/uploads\/2024\/09\/IMG-20240927-WA0527-1-392x272.jpg","colormag-featured-post-medium":"https:\/\/maranhaotv.com.br\/wp-content\/uploads\/2024\/09\/IMG-20240927-WA0527-1-390x205.jpg","colormag-featured-post-small":"https:\/\/maranhaotv.com.br\/wp-content\/uploads\/2024\/09\/IMG-20240927-WA0527-1-130x90.jpg","colormag-featured-image":"https:\/\/maranhaotv.com.br\/wp-content\/uploads\/2024\/09\/IMG-20240927-WA0527-1-800x445.jpg","colormag-default-news":"https:\/\/maranhaotv.com.br\/wp-content\/uploads\/2024\/09\/IMG-20240927-WA0527-1-150x150.jpg","colormag-featured-image-large":"https:\/\/maranhaotv.com.br\/wp-content\/uploads\/2024\/09\/IMG-20240927-WA0527-1-1400x600.jpg"},"magazineBlocksPostAuthor":{"name":"maranhaotv","avatar":"https:\/\/secure.gravatar.com\/avatar\/8fadbca458d4cb68b1dd399ae9a40618d747bb1af65ac9fad21c89220a143eb4?s=96&d=mm&r=g"},"magazineBlocksPostCommentsNumber":"0","magazineBlocksPostExcerpt":"A Legi\u00e3o da Boa Vontade (LBV) em S\u00e3o Lu\u00eds celebrou, neste m\u00eas de setembro, a inaugura\u00e7\u00e3o de sua nova sala","magazineBlocksPostCategories":["not\u00edcias"],"magazineBlocksPostViewCount":261,"magazineBlocksPostReadTime":2,"magazine_blocks_featured_image_url":{"full":["https:\/\/maranhaotv.com.br\/wp-content\/uploads\/2024\/09\/IMG-20240927-WA0527-1.jpg",1600,1200,false],"medium":["https:\/\/maranhaotv.com.br\/wp-content\/uploads\/2024\/09\/IMG-20240927-WA0527-1-300x225.jpg",300,225,true],"thumbnail":["https:\/\/maranhaotv.com.br\/wp-content\/uploads\/2024\/09\/IMG-20240927-WA0527-1-150x150.jpg",150,150,true]},"magazine_blocks_author":{"display_name":"maranhaotv","author_link":"https:\/\/maranhaotv.com.br\/index.php\/author\/maranhaotv\/"},"magazine_blocks_comment":0,"magazine_blocks_author_image":"https:\/\/secure.gravatar.com\/avatar\/8fadbca458d4cb68b1dd399ae9a40618d747bb1af65ac9fad21c89220a143eb4?s=96&d=mm&r=g","magazine_blocks_category":"<a href=\"#\" class=\"category-link category-link-2\">not\u00edcias<\/a>","yoast_head":"<!-- This site is optimized with the Yoast SEO plugin v27.4 - https:\/\/yoast.com\/product\/yoast-seo-wordpress\/ -->\n<title>Sala de leitura \u00e9 inaugurada com o apoio da escritora Sharlene Serra na LBV - NOT\u00cdCIAS EM TEMPO REAL<\/title>\n<meta name=\"robots\" content=\"index, follow, max-snippet:-1, max-image-preview:large, max-video-preview:-1\" \/>\n<link rel=\"canonical\" href=\"https:\/\/maranhaotv.com.br\/index.php\/2024\/09\/27\/sala-de-leitura-e-inaugurada-com-o-apoio-da-escritorasharlene-serra-na-lbv\/\" \/>\n<meta property=\"og:locale\" content=\"pt_BR\" \/>\n<meta property=\"og:type\" content=\"article\" \/>\n<meta property=\"og:title\" content=\"Sala de leitura \u00e9 inaugurada com o apoio da escritora Sharlene Serra na LBV - NOT\u00cdCIAS EM TEMPO REAL\" \/>\n<meta property=\"og:description\" content=\"A Legi\u00e3o da Boa Vontade (LBV) em S\u00e3o Lu\u00eds celebrou, neste m\u00eas de setembro, a inaugura\u00e7\u00e3o de sua nova sala\" \/>\n<meta property=\"og:url\" content=\"https:\/\/maranhaotv.com.br\/index.php\/2024\/09\/27\/sala-de-leitura-e-inaugurada-com-o-apoio-da-escritorasharlene-serra-na-lbv\/\" \/>\n<meta property=\"og:site_name\" content=\"NOT\u00cdCIAS EM TEMPO REAL\" \/>\n<meta property=\"article:publisher\" content=\"https:\/\/www.facebook.com\/maiobaotv\" \/>\n<meta property=\"article:published_time\" content=\"2024-09-27T18:37:16+00:00\" \/>\n<meta property=\"article:modified_time\" content=\"2024-09-28T12:48:33+00:00\" \/>\n<meta property=\"og:image\" content=\"https:\/\/maranhaotv.com.br\/wp-content\/uploads\/2024\/09\/IMG-20240927-WA0527-1.jpg\" \/>\n\t<meta property=\"og:image:width\" content=\"1600\" \/>\n\t<meta property=\"og:image:height\" content=\"1200\" \/>\n\t<meta property=\"og:image:type\" content=\"image\/jpeg\" \/>\n<meta name=\"author\" content=\"maranhaotv\" \/>\n<meta name=\"twitter:card\" content=\"summary_large_image\" \/>\n<meta name=\"twitter:creator\" content=\"@sitemaranhaotv\" \/>\n<meta name=\"twitter:site\" content=\"@sitemaranhaotv\" \/>\n<meta name=\"twitter:label1\" content=\"Escrito por\" \/>\n\t<meta name=\"twitter:data1\" content=\"maranhaotv\" \/>\n\t<meta name=\"twitter:label2\" content=\"Est. tempo de leitura\" \/>\n\t<meta name=\"twitter:data2\" content=\"2 minutos\" \/>\n<script type=\"application\/ld+json\" class=\"yoast-schema-graph\">{\"@context\":\"https:\\\/\\\/schema.org\",\"@graph\":[{\"@type\":\"Article\",\"@id\":\"https:\\\/\\\/maranhaotv.com.br\\\/index.php\\\/2024\\\/09\\\/27\\\/sala-de-leitura-e-inaugurada-com-o-apoio-da-escritorasharlene-serra-na-lbv\\\/#article\",\"isPartOf\":{\"@id\":\"https:\\\/\\\/maranhaotv.com.br\\\/index.php\\\/2024\\\/09\\\/27\\\/sala-de-leitura-e-inaugurada-com-o-apoio-da-escritorasharlene-serra-na-lbv\\\/\"},\"author\":{\"name\":\"maranhaotv\",\"@id\":\"https:\\\/\\\/maranhaotv.com.br\\\/#\\\/schema\\\/person\\\/3d54238e86b20bb5c89ab2fdb8f8829a\"},\"headline\":\"Sala de leitura \u00e9 inaugurada com o apoio da escritora Sharlene Serra na LBV\",\"datePublished\":\"2024-09-27T18:37:16+00:00\",\"dateModified\":\"2024-09-28T12:48:33+00:00\",\"mainEntityOfPage\":{\"@id\":\"https:\\\/\\\/maranhaotv.com.br\\\/index.php\\\/2024\\\/09\\\/27\\\/sala-de-leitura-e-inaugurada-com-o-apoio-da-escritorasharlene-serra-na-lbv\\\/\"},\"wordCount\":368,\"commentCount\":0,\"publisher\":{\"@id\":\"https:\\\/\\\/maranhaotv.com.br\\\/#organization\"},\"image\":{\"@id\":\"https:\\\/\\\/maranhaotv.com.br\\\/index.php\\\/2024\\\/09\\\/27\\\/sala-de-leitura-e-inaugurada-com-o-apoio-da-escritorasharlene-serra-na-lbv\\\/#primaryimage\"},\"thumbnailUrl\":\"https:\\\/\\\/maranhaotv.com.br\\\/wp-content\\\/uploads\\\/2024\\\/09\\\/IMG-20240927-WA0527-1.jpg\",\"articleSection\":[\"not\u00edcias\"],\"inLanguage\":\"pt-BR\",\"potentialAction\":[{\"@type\":\"CommentAction\",\"name\":\"Comment\",\"target\":[\"https:\\\/\\\/maranhaotv.com.br\\\/index.php\\\/2024\\\/09\\\/27\\\/sala-de-leitura-e-inaugurada-com-o-apoio-da-escritorasharlene-serra-na-lbv\\\/#respond\"]}]},{\"@type\":\"WebPage\",\"@id\":\"https:\\\/\\\/maranhaotv.com.br\\\/index.php\\\/2024\\\/09\\\/27\\\/sala-de-leitura-e-inaugurada-com-o-apoio-da-escritorasharlene-serra-na-lbv\\\/\",\"url\":\"https:\\\/\\\/maranhaotv.com.br\\\/index.php\\\/2024\\\/09\\\/27\\\/sala-de-leitura-e-inaugurada-com-o-apoio-da-escritorasharlene-serra-na-lbv\\\/\",\"name\":\"Sala de leitura \u00e9 inaugurada com o apoio da escritora Sharlene Serra na LBV - NOT\u00cdCIAS EM TEMPO REAL\",\"isPartOf\":{\"@id\":\"https:\\\/\\\/maranhaotv.com.br\\\/#website\"},\"primaryImageOfPage\":{\"@id\":\"https:\\\/\\\/maranhaotv.com.br\\\/index.php\\\/2024\\\/09\\\/27\\\/sala-de-leitura-e-inaugurada-com-o-apoio-da-escritorasharlene-serra-na-lbv\\\/#primaryimage\"},\"image\":{\"@id\":\"https:\\\/\\\/maranhaotv.com.br\\\/index.php\\\/2024\\\/09\\\/27\\\/sala-de-leitura-e-inaugurada-com-o-apoio-da-escritorasharlene-serra-na-lbv\\\/#primaryimage\"},\"thumbnailUrl\":\"https:\\\/\\\/maranhaotv.com.br\\\/wp-content\\\/uploads\\\/2024\\\/09\\\/IMG-20240927-WA0527-1.jpg\",\"datePublished\":\"2024-09-27T18:37:16+00:00\",\"dateModified\":\"2024-09-28T12:48:33+00:00\",\"breadcrumb\":{\"@id\":\"https:\\\/\\\/maranhaotv.com.br\\\/index.php\\\/2024\\\/09\\\/27\\\/sala-de-leitura-e-inaugurada-com-o-apoio-da-escritorasharlene-serra-na-lbv\\\/#breadcrumb\"},\"inLanguage\":\"pt-BR\",\"potentialAction\":[{\"@type\":\"ReadAction\",\"target\":[\"https:\\\/\\\/maranhaotv.com.br\\\/index.php\\\/2024\\\/09\\\/27\\\/sala-de-leitura-e-inaugurada-com-o-apoio-da-escritorasharlene-serra-na-lbv\\\/\"]}]},{\"@type\":\"ImageObject\",\"inLanguage\":\"pt-BR\",\"@id\":\"https:\\\/\\\/maranhaotv.com.br\\\/index.php\\\/2024\\\/09\\\/27\\\/sala-de-leitura-e-inaugurada-com-o-apoio-da-escritorasharlene-serra-na-lbv\\\/#primaryimage\",\"url\":\"https:\\\/\\\/maranhaotv.com.br\\\/wp-content\\\/uploads\\\/2024\\\/09\\\/IMG-20240927-WA0527-1.jpg\",\"contentUrl\":\"https:\\\/\\\/maranhaotv.com.br\\\/wp-content\\\/uploads\\\/2024\\\/09\\\/IMG-20240927-WA0527-1.jpg\",\"width\":1600,\"height\":1200},{\"@type\":\"BreadcrumbList\",\"@id\":\"https:\\\/\\\/maranhaotv.com.br\\\/index.php\\\/2024\\\/09\\\/27\\\/sala-de-leitura-e-inaugurada-com-o-apoio-da-escritorasharlene-serra-na-lbv\\\/#breadcrumb\",\"itemListElement\":[{\"@type\":\"ListItem\",\"position\":1,\"name\":\"In\u00edcio\",\"item\":\"https:\\\/\\\/maranhaotv.com.br\\\/\"},{\"@type\":\"ListItem\",\"position\":2,\"name\":\"Sala de leitura \u00e9 inaugurada com o apoio da escritora Sharlene Serra na LBV\"}]},{\"@type\":\"WebSite\",\"@id\":\"https:\\\/\\\/maranhaotv.com.br\\\/#website\",\"url\":\"https:\\\/\\\/maranhaotv.com.br\\\/\",\"name\":\"Maranh\u00e3oTV\",\"description\":\"\",\"publisher\":{\"@id\":\"https:\\\/\\\/maranhaotv.com.br\\\/#organization\"},\"potentialAction\":[{\"@type\":\"SearchAction\",\"target\":{\"@type\":\"EntryPoint\",\"urlTemplate\":\"https:\\\/\\\/maranhaotv.com.br\\\/?s={search_term_string}\"},\"query-input\":{\"@type\":\"PropertyValueSpecification\",\"valueRequired\":true,\"valueName\":\"search_term_string\"}}],\"inLanguage\":\"pt-BR\"},{\"@type\":\"Organization\",\"@id\":\"https:\\\/\\\/maranhaotv.com.br\\\/#organization\",\"name\":\"Portal de Not\u00edcias\",\"url\":\"https:\\\/\\\/maranhaotv.com.br\\\/\",\"logo\":{\"@type\":\"ImageObject\",\"inLanguage\":\"pt-BR\",\"@id\":\"https:\\\/\\\/maranhaotv.com.br\\\/#\\\/schema\\\/logo\\\/image\\\/\",\"url\":\"https:\\\/\\\/maranhaotv.com.br\\\/wp-content\\\/uploads\\\/2024\\\/05\\\/cropped-cropped-avatar-1.png\",\"contentUrl\":\"https:\\\/\\\/maranhaotv.com.br\\\/wp-content\\\/uploads\\\/2024\\\/05\\\/cropped-cropped-avatar-1.png\",\"width\":792,\"height\":428,\"caption\":\"Portal de Not\u00edcias\"},\"image\":{\"@id\":\"https:\\\/\\\/maranhaotv.com.br\\\/#\\\/schema\\\/logo\\\/image\\\/\"},\"sameAs\":[\"https:\\\/\\\/www.facebook.com\\\/maiobaotv\",\"https:\\\/\\\/x.com\\\/sitemaranhaotv\",\"https:\\\/\\\/www.instagram.com\\\/maranhao.tv\",\"https:\\\/\\\/www.threads.net\\\/@maranhao.tv\"]},{\"@type\":\"Person\",\"@id\":\"https:\\\/\\\/maranhaotv.com.br\\\/#\\\/schema\\\/person\\\/3d54238e86b20bb5c89ab2fdb8f8829a\",\"name\":\"maranhaotv\",\"image\":{\"@type\":\"ImageObject\",\"inLanguage\":\"pt-BR\",\"@id\":\"https:\\\/\\\/secure.gravatar.com\\\/avatar\\\/8fadbca458d4cb68b1dd399ae9a40618d747bb1af65ac9fad21c89220a143eb4?s=96&d=mm&r=g\",\"url\":\"https:\\\/\\\/secure.gravatar.com\\\/avatar\\\/8fadbca458d4cb68b1dd399ae9a40618d747bb1af65ac9fad21c89220a143eb4?s=96&d=mm&r=g\",\"contentUrl\":\"https:\\\/\\\/secure.gravatar.com\\\/avatar\\\/8fadbca458d4cb68b1dd399ae9a40618d747bb1af65ac9fad21c89220a143eb4?s=96&d=mm&r=g\",\"caption\":\"maranhaotv\"},\"sameAs\":[\"https:\\\/\\\/maranhaotv.com.br\\\/\"],\"url\":\"https:\\\/\\\/maranhaotv.com.br\\\/index.php\\\/author\\\/maranhaotv\\\/\"}]}<\/script>\n<!-- \/ Yoast SEO plugin. -->","yoast_head_json":{"title":"Sala de leitura \u00e9 inaugurada com o apoio da escritora Sharlene Serra na LBV - NOT\u00cdCIAS EM TEMPO REAL","robots":{"index":"index","follow":"follow","max-snippet":"max-snippet:-1","max-image-preview":"max-image-preview:large","max-video-preview":"max-video-preview:-1"},"canonical":"https:\/\/maranhaotv.com.br\/index.php\/2024\/09\/27\/sala-de-leitura-e-inaugurada-com-o-apoio-da-escritorasharlene-serra-na-lbv\/","og_locale":"pt_BR","og_type":"article","og_title":"Sala de leitura \u00e9 inaugurada com o apoio da escritora Sharlene Serra na LBV - NOT\u00cdCIAS EM TEMPO REAL","og_description":"A Legi\u00e3o da Boa Vontade (LBV) em S\u00e3o Lu\u00eds celebrou, neste m\u00eas de setembro, a inaugura\u00e7\u00e3o de sua nova sala","og_url":"https:\/\/maranhaotv.com.br\/index.php\/2024\/09\/27\/sala-de-leitura-e-inaugurada-com-o-apoio-da-escritorasharlene-serra-na-lbv\/","og_site_name":"NOT\u00cdCIAS EM TEMPO REAL","article_publisher":"https:\/\/www.facebook.com\/maiobaotv","article_published_time":"2024-09-27T18:37:16+00:00","article_modified_time":"2024-09-28T12:48:33+00:00","og_image":[{"width":1600,"height":1200,"url":"https:\/\/maranhaotv.com.br\/wp-content\/uploads\/2024\/09\/IMG-20240927-WA0527-1.jpg","type":"image\/jpeg"}],"author":"maranhaotv","twitter_card":"summary_large_image","twitter_creator":"@sitemaranhaotv","twitter_site":"@sitemaranhaotv","twitter_misc":{"Escrito por":"maranhaotv","Est. tempo de leitura":"2 minutos"},"schema":{"@context":"https:\/\/schema.org","@graph":[{"@type":"Article","@id":"https:\/\/maranhaotv.com.br\/index.php\/2024\/09\/27\/sala-de-leitura-e-inaugurada-com-o-apoio-da-escritorasharlene-serra-na-lbv\/#article","isPartOf":{"@id":"https:\/\/maranhaotv.com.br\/index.php\/2024\/09\/27\/sala-de-leitura-e-inaugurada-com-o-apoio-da-escritorasharlene-serra-na-lbv\/"},"author":{"name":"maranhaotv","@id":"https:\/\/maranhaotv.com.br\/#\/schema\/person\/3d54238e86b20bb5c89ab2fdb8f8829a"},"headline":"Sala de leitura \u00e9 inaugurada com o apoio da escritora Sharlene Serra na LBV","datePublished":"2024-09-27T18:37:16+00:00","dateModified":"2024-09-28T12:48:33+00:00","mainEntityOfPage":{"@id":"https:\/\/maranhaotv.com.br\/index.php\/2024\/09\/27\/sala-de-leitura-e-inaugurada-com-o-apoio-da-escritorasharlene-serra-na-lbv\/"},"wordCount":368,"commentCount":0,"publisher":{"@id":"https:\/\/maranhaotv.com.br\/#organization"},"image":{"@id":"https:\/\/maranhaotv.com.br\/index.php\/2024\/09\/27\/sala-de-leitura-e-inaugurada-com-o-apoio-da-escritorasharlene-serra-na-lbv\/#primaryimage"},"thumbnailUrl":"https:\/\/maranhaotv.com.br\/wp-content\/uploads\/2024\/09\/IMG-20240927-WA0527-1.jpg","articleSection":["not\u00edcias"],"inLanguage":"pt-BR","potentialAction":[{"@type":"CommentAction","name":"Comment","target":["https:\/\/maranhaotv.com.br\/index.php\/2024\/09\/27\/sala-de-leitura-e-inaugurada-com-o-apoio-da-escritorasharlene-serra-na-lbv\/#respond"]}]},{"@type":"WebPage","@id":"https:\/\/maranhaotv.com.br\/index.php\/2024\/09\/27\/sala-de-leitura-e-inaugurada-com-o-apoio-da-escritorasharlene-serra-na-lbv\/","url":"https:\/\/maranhaotv.com.br\/index.php\/2024\/09\/27\/sala-de-leitura-e-inaugurada-com-o-apoio-da-escritorasharlene-serra-na-lbv\/","name":"Sala de leitura \u00e9 inaugurada com o apoio da escritora Sharlene Serra na LBV - NOT\u00cdCIAS EM TEMPO REAL","isPartOf":{"@id":"https:\/\/maranhaotv.com.br\/#website"},"primaryImageOfPage":{"@id":"https:\/\/maranhaotv.com.br\/index.php\/2024\/09\/27\/sala-de-leitura-e-inaugurada-com-o-apoio-da-escritorasharlene-serra-na-lbv\/#primaryimage"},"image":{"@id":"https:\/\/maranhaotv.com.br\/index.php\/2024\/09\/27\/sala-de-leitura-e-inaugurada-com-o-apoio-da-escritorasharlene-serra-na-lbv\/#primaryimage"},"thumbnailUrl":"https:\/\/maranhaotv.com.br\/wp-content\/uploads\/2024\/09\/IMG-20240927-WA0527-1.jpg","datePublished":"2024-09-27T18:37:16+00:00","dateModified":"2024-09-28T12:48:33+00:00","breadcrumb":{"@id":"https:\/\/maranhaotv.com.br\/index.php\/2024\/09\/27\/sala-de-leitura-e-inaugurada-com-o-apoio-da-escritorasharlene-serra-na-lbv\/#breadcrumb"},"inLanguage":"pt-BR","potentialAction":[{"@type":"ReadAction","target":["https:\/\/maranhaotv.com.br\/index.php\/2024\/09\/27\/sala-de-leitura-e-inaugurada-com-o-apoio-da-escritorasharlene-serra-na-lbv\/"]}]},{"@type":"ImageObject","inLanguage":"pt-BR","@id":"https:\/\/maranhaotv.com.br\/index.php\/2024\/09\/27\/sala-de-leitura-e-inaugurada-com-o-apoio-da-escritorasharlene-serra-na-lbv\/#primaryimage","url":"https:\/\/maranhaotv.com.br\/wp-content\/uploads\/2024\/09\/IMG-20240927-WA0527-1.jpg","contentUrl":"https:\/\/maranhaotv.com.br\/wp-content\/uploads\/2024\/09\/IMG-20240927-WA0527-1.jpg","width":1600,"height":1200},{"@type":"BreadcrumbList","@id":"https:\/\/maranhaotv.com.br\/index.php\/2024\/09\/27\/sala-de-leitura-e-inaugurada-com-o-apoio-da-escritorasharlene-serra-na-lbv\/#breadcrumb","itemListElement":[{"@type":"ListItem","position":1,"name":"In\u00edcio","item":"https:\/\/maranhaotv.com.br\/"},{"@type":"ListItem","position":2,"name":"Sala de leitura \u00e9 inaugurada com o apoio da escritora Sharlene Serra na LBV"}]},{"@type":"WebSite","@id":"https:\/\/maranhaotv.com.br\/#website","url":"https:\/\/maranhaotv.com.br\/","name":"Maranh\u00e3oTV","description":"","publisher":{"@id":"https:\/\/maranhaotv.com.br\/#organization"},"potentialAction":[{"@type":"SearchAction","target":{"@type":"EntryPoint","urlTemplate":"https:\/\/maranhaotv.com.br\/?s={search_term_string}"},"query-input":{"@type":"PropertyValueSpecification","valueRequired":true,"valueName":"search_term_string"}}],"inLanguage":"pt-BR"},{"@type":"Organization","@id":"https:\/\/maranhaotv.com.br\/#organization","name":"Portal de Not\u00edcias","url":"https:\/\/maranhaotv.com.br\/","logo":{"@type":"ImageObject","inLanguage":"pt-BR","@id":"https:\/\/maranhaotv.com.br\/#\/schema\/logo\/image\/","url":"https:\/\/maranhaotv.com.br\/wp-content\/uploads\/2024\/05\/cropped-cropped-avatar-1.png","contentUrl":"https:\/\/maranhaotv.com.br\/wp-content\/uploads\/2024\/05\/cropped-cropped-avatar-1.png","width":792,"height":428,"caption":"Portal de Not\u00edcias"},"image":{"@id":"https:\/\/maranhaotv.com.br\/#\/schema\/logo\/image\/"},"sameAs":["https:\/\/www.facebook.com\/maiobaotv","https:\/\/x.com\/sitemaranhaotv","https:\/\/www.instagram.com\/maranhao.tv","https:\/\/www.threads.net\/@maranhao.tv"]},{"@type":"Person","@id":"https:\/\/maranhaotv.com.br\/#\/schema\/person\/3d54238e86b20bb5c89ab2fdb8f8829a","name":"maranhaotv","image":{"@type":"ImageObject","inLanguage":"pt-BR","@id":"https:\/\/secure.gravatar.com\/avatar\/8fadbca458d4cb68b1dd399ae9a40618d747bb1af65ac9fad21c89220a143eb4?s=96&d=mm&r=g","url":"https:\/\/secure.gravatar.com\/avatar\/8fadbca458d4cb68b1dd399ae9a40618d747bb1af65ac9fad21c89220a143eb4?s=96&d=mm&r=g","contentUrl":"https:\/\/secure.gravatar.com\/avatar\/8fadbca458d4cb68b1dd399ae9a40618d747bb1af65ac9fad21c89220a143eb4?s=96&d=mm&r=g","caption":"maranhaotv"},"sameAs":["https:\/\/maranhaotv.com.br\/"],"url":"https:\/\/maranhaotv.com.br\/index.php\/author\/maranhaotv\/"}]}},"jetpack_featured_media_url":"https:\/\/maranhaotv.com.br\/wp-content\/uploads\/2024\/09\/IMG-20240927-WA0527-1.jpg","jetpack_sharing_enabled":true,"_links":{"self":[{"href":"https:\/\/maranhaotv.com.br\/index.php\/wp-json\/wp\/v2\/posts\/38027","targetHints":{"allow":["GET"]}}],"collection":[{"href":"https:\/\/maranhaotv.com.br\/index.php\/wp-json\/wp\/v2\/posts"}],"about":[{"href":"https:\/\/maranhaotv.com.br\/index.php\/wp-json\/wp\/v2\/types\/post"}],"author":[{"embeddable":true,"href":"https:\/\/maranhaotv.com.br\/index.php\/wp-json\/wp\/v2\/users\/2"}],"replies":[{"embeddable":true,"href":"https:\/\/maranhaotv.com.br\/index.php\/wp-json\/wp\/v2\/comments?post=38027"}],"version-history":[{"count":3,"href":"https:\/\/maranhaotv.com.br\/index.php\/wp-json\/wp\/v2\/posts\/38027\/revisions"}],"predecessor-version":[{"id":38051,"href":"https:\/\/maranhaotv.com.br\/index.php\/wp-json\/wp\/v2\/posts\/38027\/revisions\/38051"}],"wp:featuredmedia":[{"embeddable":true,"href":"https:\/\/maranhaotv.com.br\/index.php\/wp-json\/wp\/v2\/media\/38026"}],"wp:attachment":[{"href":"https:\/\/maranhaotv.com.br\/index.php\/wp-json\/wp\/v2\/media?parent=38027"}],"wp:term":[{"taxonomy":"category","embeddable":true,"href":"https:\/\/maranhaotv.com.br\/index.php\/wp-json\/wp\/v2\/categories?post=38027"},{"taxonomy":"post_tag","embeddable":true,"href":"https:\/\/maranhaotv.com.br\/index.php\/wp-json\/wp\/v2\/tags?post=38027"}],"curies":[{"name":"wp","href":"https:\/\/api.w.org\/{rel}","templated":true}]}}