{"id":38309,"date":"2024-10-05T21:58:16","date_gmt":"2024-10-06T00:58:16","guid":{"rendered":"https:\/\/maranhaotv.com.br\/?p=38309"},"modified":"2024-10-05T22:20:18","modified_gmt":"2024-10-06T01:20:18","slug":"apos-carreata-gigantesca-o-luminense-ja-decidiu-quer-fred-campos-prefeito","status":"publish","type":"post","link":"https:\/\/maranhaotv.com.br\/index.php\/2024\/10\/05\/apos-carreata-gigantesca-o-luminense-ja-decidiu-quer-fred-campos-prefeito\/","title":{"rendered":"Ap\u00f3s carreata gigantesca, o luminense j\u00e1 decidiu: quer Fred Campos prefeito"},"content":{"rendered":"\n<p><br \/><br \/><br \/><em><strong>Fred Campos fecha campanha com carreata hist\u00f3rica em Pa\u00e7o do Lumiar<\/strong><\/em><br \/><br \/>O encerramento da campanha de Fred Campos (PSB) e sua vice Mariana Brand\u00e3o foi marcado por uma carreata gigantesca, que se tornou um verdadeiro espet\u00e1culo de apoio popular. Em cada esquina, Fred e Mariana foram recebidos com aplausos, sorrisos e mensagens de incentivo, enquanto a carreata atravessava os bairros de Pa\u00e7o do Lumiar, come\u00e7ando no Viva Maiob\u00e3o.<br \/><br \/>Ao lado de sua esposa Maedja Campos, Fred era a imagem da emo\u00e7\u00e3o e da gratid\u00e3o. Para ele, essa elei\u00e7\u00e3o vai al\u00e9m de uma disputa: \u00e9 um marco para o futuro de Pa\u00e7o. \u201cHoje foi um dia inesquec\u00edvel! Ver tanta gente unida, acreditando no nosso projeto, me faz ter ainda mais certeza de que estamos no caminho certo. No domingo, Pa\u00e7o vai votar 40 e dar um passo decisivo rumo a um novo patamar,\u201d disse Fred, com brilho nos olhos e a confian\u00e7a de quem sabe que o melhor est\u00e1 por vir.<br \/><br \/>Com um sentimento de dever cumprido e a energia contagiante de quem acredita na mudan\u00e7a, Fred encerrou o evento com uma promessa: \u201cVamos juntos construir a cidade que Pa\u00e7o merece!\u201d<\/p>\n\n\n\n<figure class=\"wp-block-image size-large\"><img loading=\"lazy\" decoding=\"async\" width=\"1024\" height=\"683\" src=\"https:\/\/maranhaotv.com.br\/wp-content\/uploads\/2024\/10\/img-20241005-wa06827951514562251025746-1024x683.jpg\" alt=\"\" class=\"wp-image-38304\" srcset=\"https:\/\/maranhaotv.com.br\/wp-content\/uploads\/2024\/10\/img-20241005-wa06827951514562251025746-1024x683.jpg 1024w, https:\/\/maranhaotv.com.br\/wp-content\/uploads\/2024\/10\/img-20241005-wa06827951514562251025746-300x200.jpg 300w, https:\/\/maranhaotv.com.br\/wp-content\/uploads\/2024\/10\/img-20241005-wa06827951514562251025746-768x512.jpg 768w, https:\/\/maranhaotv.com.br\/wp-content\/uploads\/2024\/10\/img-20241005-wa06827951514562251025746-1536x1025.jpg 1536w, https:\/\/maranhaotv.com.br\/wp-content\/uploads\/2024\/10\/img-20241005-wa06827951514562251025746.jpg 2000w\" sizes=\"auto, (max-width: 1024px) 100vw, 1024px\" \/><\/figure>\n\n\n\n<figure class=\"wp-block-image\"><img loading=\"lazy\" decoding=\"async\" width=\"1024\" height=\"683\" src=\"https:\/\/maranhaotv.com.br\/wp-content\/uploads\/2024\/10\/img-20241005-wa06733415687374065167011-1024x683.jpg\" alt=\"\" class=\"wp-image-38305\" srcset=\"https:\/\/maranhaotv.com.br\/wp-content\/uploads\/2024\/10\/img-20241005-wa06733415687374065167011-1024x683.jpg 1024w, https:\/\/maranhaotv.com.br\/wp-content\/uploads\/2024\/10\/img-20241005-wa06733415687374065167011-300x200.jpg 300w, https:\/\/maranhaotv.com.br\/wp-content\/uploads\/2024\/10\/img-20241005-wa06733415687374065167011-768x512.jpg 768w, https:\/\/maranhaotv.com.br\/wp-content\/uploads\/2024\/10\/img-20241005-wa06733415687374065167011-1536x1024.jpg 1536w, https:\/\/maranhaotv.com.br\/wp-content\/uploads\/2024\/10\/img-20241005-wa06733415687374065167011.jpg 1999w\" sizes=\"auto, (max-width: 1024px) 100vw, 1024px\" \/><\/figure>\n\n\n\n<figure class=\"wp-block-image\"><img loading=\"lazy\" decoding=\"async\" width=\"682\" height=\"1024\" src=\"https:\/\/maranhaotv.com.br\/wp-content\/uploads\/2024\/10\/img-20241005-wa0679668799474516591349-682x1024.jpg\" alt=\"\" class=\"wp-image-38306\" srcset=\"https:\/\/maranhaotv.com.br\/wp-content\/uploads\/2024\/10\/img-20241005-wa0679668799474516591349-682x1024.jpg 682w, https:\/\/maranhaotv.com.br\/wp-content\/uploads\/2024\/10\/img-20241005-wa0679668799474516591349-200x300.jpg 200w, https:\/\/maranhaotv.com.br\/wp-content\/uploads\/2024\/10\/img-20241005-wa0679668799474516591349-768x1152.jpg 768w, https:\/\/maranhaotv.com.br\/wp-content\/uploads\/2024\/10\/img-20241005-wa0679668799474516591349-1024x1536.jpg 1024w, https:\/\/maranhaotv.com.br\/wp-content\/uploads\/2024\/10\/img-20241005-wa0679668799474516591349.jpg 1333w\" sizes=\"auto, (max-width: 682px) 100vw, 682px\" \/><\/figure>\n\n\n\n<figure class=\"wp-block-image\"><img loading=\"lazy\" decoding=\"async\" width=\"1024\" height=\"683\" src=\"https:\/\/maranhaotv.com.br\/wp-content\/uploads\/2024\/10\/img-20241005-wa06757960912456820590633-1024x683.jpg\" alt=\"\" class=\"wp-image-38307\" srcset=\"https:\/\/maranhaotv.com.br\/wp-content\/uploads\/2024\/10\/img-20241005-wa06757960912456820590633-1024x683.jpg 1024w, https:\/\/maranhaotv.com.br\/wp-content\/uploads\/2024\/10\/img-20241005-wa06757960912456820590633-300x200.jpg 300w, https:\/\/maranhaotv.com.br\/wp-content\/uploads\/2024\/10\/img-20241005-wa06757960912456820590633-768x512.jpg 768w, https:\/\/maranhaotv.com.br\/wp-content\/uploads\/2024\/10\/img-20241005-wa06757960912456820590633-1536x1024.jpg 1536w, https:\/\/maranhaotv.com.br\/wp-content\/uploads\/2024\/10\/img-20241005-wa06757960912456820590633.jpg 1999w\" sizes=\"auto, (max-width: 1024px) 100vw, 1024px\" \/><\/figure>\n\n\n\n<figure class=\"wp-block-image size-large\"><img loading=\"lazy\" decoding=\"async\" width=\"1024\" height=\"683\" src=\"https:\/\/maranhaotv.com.br\/wp-content\/uploads\/2024\/10\/img-20241005-wa07106098657249329868480-1024x683.jpg\" alt=\"\" class=\"wp-image-38311\" srcset=\"https:\/\/maranhaotv.com.br\/wp-content\/uploads\/2024\/10\/img-20241005-wa07106098657249329868480-1024x683.jpg 1024w, https:\/\/maranhaotv.com.br\/wp-content\/uploads\/2024\/10\/img-20241005-wa07106098657249329868480-300x200.jpg 300w, https:\/\/maranhaotv.com.br\/wp-content\/uploads\/2024\/10\/img-20241005-wa07106098657249329868480-768x512.jpg 768w, https:\/\/maranhaotv.com.br\/wp-content\/uploads\/2024\/10\/img-20241005-wa07106098657249329868480-1536x1025.jpg 1536w, https:\/\/maranhaotv.com.br\/wp-content\/uploads\/2024\/10\/img-20241005-wa07106098657249329868480.jpg 2000w\" sizes=\"auto, (max-width: 1024px) 100vw, 1024px\" \/><\/figure>\n","protected":false},"excerpt":{"rendered":"<p>Fred Campos fecha campanha com carreata hist\u00f3rica em Pa\u00e7o do Lumiar O encerramento da campanha de Fred Campos (PSB) e<\/p>\n","protected":false},"author":2,"featured_media":38308,"comment_status":"open","ping_status":"open","sticky":false,"template":"","format":"standard","meta":{"colormag_page_container_layout":"default_layout","colormag_page_sidebar_layout":"default_layout","_jetpack_memberships_contains_paid_content":false,"footnotes":""},"categories":[6],"tags":[],"class_list":["post-38309","post","type-post","status-publish","format-standard","has-post-thumbnail","hentry","category-politica"],"magazineBlocksPostFeaturedMedia":{"thumbnail":"https:\/\/maranhaotv.com.br\/wp-content\/uploads\/2024\/10\/image_editor_output_image-1995253507-1728176301855-150x150.jpg","medium":"https:\/\/maranhaotv.com.br\/wp-content\/uploads\/2024\/10\/image_editor_output_image-1995253507-1728176301855-300x151.jpg","medium_large":"https:\/\/maranhaotv.com.br\/wp-content\/uploads\/2024\/10\/image_editor_output_image-1995253507-1728176301855-768x387.jpg","large":"https:\/\/maranhaotv.com.br\/wp-content\/uploads\/2024\/10\/image_editor_output_image-1995253507-1728176301855-1024x516.jpg","1536x1536":"https:\/\/maranhaotv.com.br\/wp-content\/uploads\/2024\/10\/image_editor_output_image-1995253507-1728176301855.jpg","2048x2048":"https:\/\/maranhaotv.com.br\/wp-content\/uploads\/2024\/10\/image_editor_output_image-1995253507-1728176301855.jpg","colormag-highlighted-post":"https:\/\/maranhaotv.com.br\/wp-content\/uploads\/2024\/10\/image_editor_output_image-1995253507-1728176301855-392x272.jpg","colormag-featured-post-medium":"https:\/\/maranhaotv.com.br\/wp-content\/uploads\/2024\/10\/image_editor_output_image-1995253507-1728176301855-390x205.jpg","colormag-featured-post-small":"https:\/\/maranhaotv.com.br\/wp-content\/uploads\/2024\/10\/image_editor_output_image-1995253507-1728176301855-130x90.jpg","colormag-featured-image":"https:\/\/maranhaotv.com.br\/wp-content\/uploads\/2024\/10\/image_editor_output_image-1995253507-1728176301855-800x445.jpg","colormag-default-news":"https:\/\/maranhaotv.com.br\/wp-content\/uploads\/2024\/10\/image_editor_output_image-1995253507-1728176301855-150x150.jpg","colormag-featured-image-large":"https:\/\/maranhaotv.com.br\/wp-content\/uploads\/2024\/10\/image_editor_output_image-1995253507-1728176301855.jpg"},"magazineBlocksPostAuthor":{"name":"maranhaotv","avatar":"https:\/\/secure.gravatar.com\/avatar\/8fadbca458d4cb68b1dd399ae9a40618d747bb1af65ac9fad21c89220a143eb4?s=96&d=mm&r=g"},"magazineBlocksPostCommentsNumber":"0","magazineBlocksPostExcerpt":"Fred Campos fecha campanha com carreata hist\u00f3rica em Pa\u00e7o do Lumiar O encerramento da campanha de Fred Campos (PSB) e","magazineBlocksPostCategories":["pol\u00edtica"],"magazineBlocksPostViewCount":333,"magazineBlocksPostReadTime":2,"magazine_blocks_featured_image_url":{"full":["https:\/\/maranhaotv.com.br\/wp-content\/uploads\/2024\/10\/image_editor_output_image-1995253507-1728176301855.jpg",1066,537,false],"medium":["https:\/\/maranhaotv.com.br\/wp-content\/uploads\/2024\/10\/image_editor_output_image-1995253507-1728176301855-300x151.jpg",300,151,true],"thumbnail":["https:\/\/maranhaotv.com.br\/wp-content\/uploads\/2024\/10\/image_editor_output_image-1995253507-1728176301855-150x150.jpg",150,150,true]},"magazine_blocks_author":{"display_name":"maranhaotv","author_link":"https:\/\/maranhaotv.com.br\/index.php\/author\/maranhaotv\/"},"magazine_blocks_comment":0,"magazine_blocks_author_image":"https:\/\/secure.gravatar.com\/avatar\/8fadbca458d4cb68b1dd399ae9a40618d747bb1af65ac9fad21c89220a143eb4?s=96&d=mm&r=g","magazine_blocks_category":"<a href=\"#\" class=\"category-link category-link-6\">pol\u00edtica<\/a>","yoast_head":"<!-- This site is optimized with the Yoast SEO plugin v27.4 - https:\/\/yoast.com\/product\/yoast-seo-wordpress\/ -->\n<title>Ap\u00f3s carreata gigantesca, o luminense j\u00e1 decidiu: quer Fred Campos prefeito - NOT\u00cdCIAS EM TEMPO REAL<\/title>\n<meta name=\"robots\" content=\"index, follow, max-snippet:-1, max-image-preview:large, max-video-preview:-1\" \/>\n<link rel=\"canonical\" href=\"https:\/\/maranhaotv.com.br\/index.php\/2024\/10\/05\/apos-carreata-gigantesca-o-luminense-ja-decidiu-quer-fred-campos-prefeito\/\" \/>\n<meta property=\"og:locale\" content=\"pt_BR\" \/>\n<meta property=\"og:type\" content=\"article\" \/>\n<meta property=\"og:title\" content=\"Ap\u00f3s carreata gigantesca, o luminense j\u00e1 decidiu: quer Fred Campos prefeito - NOT\u00cdCIAS EM TEMPO REAL\" \/>\n<meta property=\"og:description\" content=\"Fred Campos fecha campanha com carreata hist\u00f3rica em Pa\u00e7o do Lumiar O encerramento da campanha de Fred Campos (PSB) e\" \/>\n<meta property=\"og:url\" content=\"https:\/\/maranhaotv.com.br\/index.php\/2024\/10\/05\/apos-carreata-gigantesca-o-luminense-ja-decidiu-quer-fred-campos-prefeito\/\" \/>\n<meta property=\"og:site_name\" content=\"NOT\u00cdCIAS EM TEMPO REAL\" \/>\n<meta property=\"article:publisher\" content=\"https:\/\/www.facebook.com\/maiobaotv\" \/>\n<meta property=\"article:published_time\" content=\"2024-10-06T00:58:16+00:00\" \/>\n<meta property=\"article:modified_time\" content=\"2024-10-06T01:20:18+00:00\" \/>\n<meta property=\"og:image\" content=\"https:\/\/maranhaotv.com.br\/wp-content\/uploads\/2024\/10\/image_editor_output_image-1995253507-1728176301855.jpg\" \/>\n\t<meta property=\"og:image:width\" content=\"1066\" \/>\n\t<meta property=\"og:image:height\" content=\"537\" \/>\n\t<meta property=\"og:image:type\" content=\"image\/jpeg\" \/>\n<meta name=\"author\" content=\"maranhaotv\" \/>\n<meta name=\"twitter:card\" content=\"summary_large_image\" \/>\n<meta name=\"twitter:creator\" content=\"@sitemaranhaotv\" \/>\n<meta name=\"twitter:site\" content=\"@sitemaranhaotv\" \/>\n<meta name=\"twitter:label1\" content=\"Escrito por\" \/>\n\t<meta name=\"twitter:data1\" content=\"maranhaotv\" \/>\n\t<meta name=\"twitter:label2\" content=\"Est. tempo de leitura\" \/>\n\t<meta name=\"twitter:data2\" content=\"1 minuto\" \/>\n<script type=\"application\/ld+json\" class=\"yoast-schema-graph\">{\"@context\":\"https:\\\/\\\/schema.org\",\"@graph\":[{\"@type\":\"Article\",\"@id\":\"https:\\\/\\\/maranhaotv.com.br\\\/index.php\\\/2024\\\/10\\\/05\\\/apos-carreata-gigantesca-o-luminense-ja-decidiu-quer-fred-campos-prefeito\\\/#article\",\"isPartOf\":{\"@id\":\"https:\\\/\\\/maranhaotv.com.br\\\/index.php\\\/2024\\\/10\\\/05\\\/apos-carreata-gigantesca-o-luminense-ja-decidiu-quer-fred-campos-prefeito\\\/\"},\"author\":{\"name\":\"maranhaotv\",\"@id\":\"https:\\\/\\\/maranhaotv.com.br\\\/#\\\/schema\\\/person\\\/3d54238e86b20bb5c89ab2fdb8f8829a\"},\"headline\":\"Ap\u00f3s carreata gigantesca, o luminense j\u00e1 decidiu: quer Fred Campos prefeito\",\"datePublished\":\"2024-10-06T00:58:16+00:00\",\"dateModified\":\"2024-10-06T01:20:18+00:00\",\"mainEntityOfPage\":{\"@id\":\"https:\\\/\\\/maranhaotv.com.br\\\/index.php\\\/2024\\\/10\\\/05\\\/apos-carreata-gigantesca-o-luminense-ja-decidiu-quer-fred-campos-prefeito\\\/\"},\"wordCount\":217,\"commentCount\":0,\"publisher\":{\"@id\":\"https:\\\/\\\/maranhaotv.com.br\\\/#organization\"},\"image\":{\"@id\":\"https:\\\/\\\/maranhaotv.com.br\\\/index.php\\\/2024\\\/10\\\/05\\\/apos-carreata-gigantesca-o-luminense-ja-decidiu-quer-fred-campos-prefeito\\\/#primaryimage\"},\"thumbnailUrl\":\"https:\\\/\\\/maranhaotv.com.br\\\/wp-content\\\/uploads\\\/2024\\\/10\\\/image_editor_output_image-1995253507-1728176301855.jpg\",\"articleSection\":[\"pol\u00edtica\"],\"inLanguage\":\"pt-BR\",\"potentialAction\":[{\"@type\":\"CommentAction\",\"name\":\"Comment\",\"target\":[\"https:\\\/\\\/maranhaotv.com.br\\\/index.php\\\/2024\\\/10\\\/05\\\/apos-carreata-gigantesca-o-luminense-ja-decidiu-quer-fred-campos-prefeito\\\/#respond\"]}]},{\"@type\":\"WebPage\",\"@id\":\"https:\\\/\\\/maranhaotv.com.br\\\/index.php\\\/2024\\\/10\\\/05\\\/apos-carreata-gigantesca-o-luminense-ja-decidiu-quer-fred-campos-prefeito\\\/\",\"url\":\"https:\\\/\\\/maranhaotv.com.br\\\/index.php\\\/2024\\\/10\\\/05\\\/apos-carreata-gigantesca-o-luminense-ja-decidiu-quer-fred-campos-prefeito\\\/\",\"name\":\"Ap\u00f3s carreata gigantesca, o luminense j\u00e1 decidiu: quer Fred Campos prefeito - NOT\u00cdCIAS EM TEMPO REAL\",\"isPartOf\":{\"@id\":\"https:\\\/\\\/maranhaotv.com.br\\\/#website\"},\"primaryImageOfPage\":{\"@id\":\"https:\\\/\\\/maranhaotv.com.br\\\/index.php\\\/2024\\\/10\\\/05\\\/apos-carreata-gigantesca-o-luminense-ja-decidiu-quer-fred-campos-prefeito\\\/#primaryimage\"},\"image\":{\"@id\":\"https:\\\/\\\/maranhaotv.com.br\\\/index.php\\\/2024\\\/10\\\/05\\\/apos-carreata-gigantesca-o-luminense-ja-decidiu-quer-fred-campos-prefeito\\\/#primaryimage\"},\"thumbnailUrl\":\"https:\\\/\\\/maranhaotv.com.br\\\/wp-content\\\/uploads\\\/2024\\\/10\\\/image_editor_output_image-1995253507-1728176301855.jpg\",\"datePublished\":\"2024-10-06T00:58:16+00:00\",\"dateModified\":\"2024-10-06T01:20:18+00:00\",\"breadcrumb\":{\"@id\":\"https:\\\/\\\/maranhaotv.com.br\\\/index.php\\\/2024\\\/10\\\/05\\\/apos-carreata-gigantesca-o-luminense-ja-decidiu-quer-fred-campos-prefeito\\\/#breadcrumb\"},\"inLanguage\":\"pt-BR\",\"potentialAction\":[{\"@type\":\"ReadAction\",\"target\":[\"https:\\\/\\\/maranhaotv.com.br\\\/index.php\\\/2024\\\/10\\\/05\\\/apos-carreata-gigantesca-o-luminense-ja-decidiu-quer-fred-campos-prefeito\\\/\"]}]},{\"@type\":\"ImageObject\",\"inLanguage\":\"pt-BR\",\"@id\":\"https:\\\/\\\/maranhaotv.com.br\\\/index.php\\\/2024\\\/10\\\/05\\\/apos-carreata-gigantesca-o-luminense-ja-decidiu-quer-fred-campos-prefeito\\\/#primaryimage\",\"url\":\"https:\\\/\\\/maranhaotv.com.br\\\/wp-content\\\/uploads\\\/2024\\\/10\\\/image_editor_output_image-1995253507-1728176301855.jpg\",\"contentUrl\":\"https:\\\/\\\/maranhaotv.com.br\\\/wp-content\\\/uploads\\\/2024\\\/10\\\/image_editor_output_image-1995253507-1728176301855.jpg\",\"width\":1066,\"height\":537},{\"@type\":\"BreadcrumbList\",\"@id\":\"https:\\\/\\\/maranhaotv.com.br\\\/index.php\\\/2024\\\/10\\\/05\\\/apos-carreata-gigantesca-o-luminense-ja-decidiu-quer-fred-campos-prefeito\\\/#breadcrumb\",\"itemListElement\":[{\"@type\":\"ListItem\",\"position\":1,\"name\":\"In\u00edcio\",\"item\":\"https:\\\/\\\/maranhaotv.com.br\\\/\"},{\"@type\":\"ListItem\",\"position\":2,\"name\":\"Ap\u00f3s carreata gigantesca, o luminense j\u00e1 decidiu: quer Fred Campos prefeito\"}]},{\"@type\":\"WebSite\",\"@id\":\"https:\\\/\\\/maranhaotv.com.br\\\/#website\",\"url\":\"https:\\\/\\\/maranhaotv.com.br\\\/\",\"name\":\"Maranh\u00e3oTV\",\"description\":\"\",\"publisher\":{\"@id\":\"https:\\\/\\\/maranhaotv.com.br\\\/#organization\"},\"potentialAction\":[{\"@type\":\"SearchAction\",\"target\":{\"@type\":\"EntryPoint\",\"urlTemplate\":\"https:\\\/\\\/maranhaotv.com.br\\\/?s={search_term_string}\"},\"query-input\":{\"@type\":\"PropertyValueSpecification\",\"valueRequired\":true,\"valueName\":\"search_term_string\"}}],\"inLanguage\":\"pt-BR\"},{\"@type\":\"Organization\",\"@id\":\"https:\\\/\\\/maranhaotv.com.br\\\/#organization\",\"name\":\"Portal de Not\u00edcias\",\"url\":\"https:\\\/\\\/maranhaotv.com.br\\\/\",\"logo\":{\"@type\":\"ImageObject\",\"inLanguage\":\"pt-BR\",\"@id\":\"https:\\\/\\\/maranhaotv.com.br\\\/#\\\/schema\\\/logo\\\/image\\\/\",\"url\":\"https:\\\/\\\/maranhaotv.com.br\\\/wp-content\\\/uploads\\\/2024\\\/05\\\/cropped-cropped-avatar-1.png\",\"contentUrl\":\"https:\\\/\\\/maranhaotv.com.br\\\/wp-content\\\/uploads\\\/2024\\\/05\\\/cropped-cropped-avatar-1.png\",\"width\":792,\"height\":428,\"caption\":\"Portal de Not\u00edcias\"},\"image\":{\"@id\":\"https:\\\/\\\/maranhaotv.com.br\\\/#\\\/schema\\\/logo\\\/image\\\/\"},\"sameAs\":[\"https:\\\/\\\/www.facebook.com\\\/maiobaotv\",\"https:\\\/\\\/x.com\\\/sitemaranhaotv\",\"https:\\\/\\\/www.instagram.com\\\/maranhao.tv\",\"https:\\\/\\\/www.threads.net\\\/@maranhao.tv\"]},{\"@type\":\"Person\",\"@id\":\"https:\\\/\\\/maranhaotv.com.br\\\/#\\\/schema\\\/person\\\/3d54238e86b20bb5c89ab2fdb8f8829a\",\"name\":\"maranhaotv\",\"image\":{\"@type\":\"ImageObject\",\"inLanguage\":\"pt-BR\",\"@id\":\"https:\\\/\\\/secure.gravatar.com\\\/avatar\\\/8fadbca458d4cb68b1dd399ae9a40618d747bb1af65ac9fad21c89220a143eb4?s=96&d=mm&r=g\",\"url\":\"https:\\\/\\\/secure.gravatar.com\\\/avatar\\\/8fadbca458d4cb68b1dd399ae9a40618d747bb1af65ac9fad21c89220a143eb4?s=96&d=mm&r=g\",\"contentUrl\":\"https:\\\/\\\/secure.gravatar.com\\\/avatar\\\/8fadbca458d4cb68b1dd399ae9a40618d747bb1af65ac9fad21c89220a143eb4?s=96&d=mm&r=g\",\"caption\":\"maranhaotv\"},\"sameAs\":[\"https:\\\/\\\/maranhaotv.com.br\\\/\"],\"url\":\"https:\\\/\\\/maranhaotv.com.br\\\/index.php\\\/author\\\/maranhaotv\\\/\"}]}<\/script>\n<!-- \/ Yoast SEO plugin. -->","yoast_head_json":{"title":"Ap\u00f3s carreata gigantesca, o luminense j\u00e1 decidiu: quer Fred Campos prefeito - NOT\u00cdCIAS EM TEMPO REAL","robots":{"index":"index","follow":"follow","max-snippet":"max-snippet:-1","max-image-preview":"max-image-preview:large","max-video-preview":"max-video-preview:-1"},"canonical":"https:\/\/maranhaotv.com.br\/index.php\/2024\/10\/05\/apos-carreata-gigantesca-o-luminense-ja-decidiu-quer-fred-campos-prefeito\/","og_locale":"pt_BR","og_type":"article","og_title":"Ap\u00f3s carreata gigantesca, o luminense j\u00e1 decidiu: quer Fred Campos prefeito - NOT\u00cdCIAS EM TEMPO REAL","og_description":"Fred Campos fecha campanha com carreata hist\u00f3rica em Pa\u00e7o do Lumiar O encerramento da campanha de Fred Campos (PSB) e","og_url":"https:\/\/maranhaotv.com.br\/index.php\/2024\/10\/05\/apos-carreata-gigantesca-o-luminense-ja-decidiu-quer-fred-campos-prefeito\/","og_site_name":"NOT\u00cdCIAS EM TEMPO REAL","article_publisher":"https:\/\/www.facebook.com\/maiobaotv","article_published_time":"2024-10-06T00:58:16+00:00","article_modified_time":"2024-10-06T01:20:18+00:00","og_image":[{"width":1066,"height":537,"url":"https:\/\/maranhaotv.com.br\/wp-content\/uploads\/2024\/10\/image_editor_output_image-1995253507-1728176301855.jpg","type":"image\/jpeg"}],"author":"maranhaotv","twitter_card":"summary_large_image","twitter_creator":"@sitemaranhaotv","twitter_site":"@sitemaranhaotv","twitter_misc":{"Escrito por":"maranhaotv","Est. tempo de leitura":"1 minuto"},"schema":{"@context":"https:\/\/schema.org","@graph":[{"@type":"Article","@id":"https:\/\/maranhaotv.com.br\/index.php\/2024\/10\/05\/apos-carreata-gigantesca-o-luminense-ja-decidiu-quer-fred-campos-prefeito\/#article","isPartOf":{"@id":"https:\/\/maranhaotv.com.br\/index.php\/2024\/10\/05\/apos-carreata-gigantesca-o-luminense-ja-decidiu-quer-fred-campos-prefeito\/"},"author":{"name":"maranhaotv","@id":"https:\/\/maranhaotv.com.br\/#\/schema\/person\/3d54238e86b20bb5c89ab2fdb8f8829a"},"headline":"Ap\u00f3s carreata gigantesca, o luminense j\u00e1 decidiu: quer Fred Campos prefeito","datePublished":"2024-10-06T00:58:16+00:00","dateModified":"2024-10-06T01:20:18+00:00","mainEntityOfPage":{"@id":"https:\/\/maranhaotv.com.br\/index.php\/2024\/10\/05\/apos-carreata-gigantesca-o-luminense-ja-decidiu-quer-fred-campos-prefeito\/"},"wordCount":217,"commentCount":0,"publisher":{"@id":"https:\/\/maranhaotv.com.br\/#organization"},"image":{"@id":"https:\/\/maranhaotv.com.br\/index.php\/2024\/10\/05\/apos-carreata-gigantesca-o-luminense-ja-decidiu-quer-fred-campos-prefeito\/#primaryimage"},"thumbnailUrl":"https:\/\/maranhaotv.com.br\/wp-content\/uploads\/2024\/10\/image_editor_output_image-1995253507-1728176301855.jpg","articleSection":["pol\u00edtica"],"inLanguage":"pt-BR","potentialAction":[{"@type":"CommentAction","name":"Comment","target":["https:\/\/maranhaotv.com.br\/index.php\/2024\/10\/05\/apos-carreata-gigantesca-o-luminense-ja-decidiu-quer-fred-campos-prefeito\/#respond"]}]},{"@type":"WebPage","@id":"https:\/\/maranhaotv.com.br\/index.php\/2024\/10\/05\/apos-carreata-gigantesca-o-luminense-ja-decidiu-quer-fred-campos-prefeito\/","url":"https:\/\/maranhaotv.com.br\/index.php\/2024\/10\/05\/apos-carreata-gigantesca-o-luminense-ja-decidiu-quer-fred-campos-prefeito\/","name":"Ap\u00f3s carreata gigantesca, o luminense j\u00e1 decidiu: quer Fred Campos prefeito - NOT\u00cdCIAS EM TEMPO REAL","isPartOf":{"@id":"https:\/\/maranhaotv.com.br\/#website"},"primaryImageOfPage":{"@id":"https:\/\/maranhaotv.com.br\/index.php\/2024\/10\/05\/apos-carreata-gigantesca-o-luminense-ja-decidiu-quer-fred-campos-prefeito\/#primaryimage"},"image":{"@id":"https:\/\/maranhaotv.com.br\/index.php\/2024\/10\/05\/apos-carreata-gigantesca-o-luminense-ja-decidiu-quer-fred-campos-prefeito\/#primaryimage"},"thumbnailUrl":"https:\/\/maranhaotv.com.br\/wp-content\/uploads\/2024\/10\/image_editor_output_image-1995253507-1728176301855.jpg","datePublished":"2024-10-06T00:58:16+00:00","dateModified":"2024-10-06T01:20:18+00:00","breadcrumb":{"@id":"https:\/\/maranhaotv.com.br\/index.php\/2024\/10\/05\/apos-carreata-gigantesca-o-luminense-ja-decidiu-quer-fred-campos-prefeito\/#breadcrumb"},"inLanguage":"pt-BR","potentialAction":[{"@type":"ReadAction","target":["https:\/\/maranhaotv.com.br\/index.php\/2024\/10\/05\/apos-carreata-gigantesca-o-luminense-ja-decidiu-quer-fred-campos-prefeito\/"]}]},{"@type":"ImageObject","inLanguage":"pt-BR","@id":"https:\/\/maranhaotv.com.br\/index.php\/2024\/10\/05\/apos-carreata-gigantesca-o-luminense-ja-decidiu-quer-fred-campos-prefeito\/#primaryimage","url":"https:\/\/maranhaotv.com.br\/wp-content\/uploads\/2024\/10\/image_editor_output_image-1995253507-1728176301855.jpg","contentUrl":"https:\/\/maranhaotv.com.br\/wp-content\/uploads\/2024\/10\/image_editor_output_image-1995253507-1728176301855.jpg","width":1066,"height":537},{"@type":"BreadcrumbList","@id":"https:\/\/maranhaotv.com.br\/index.php\/2024\/10\/05\/apos-carreata-gigantesca-o-luminense-ja-decidiu-quer-fred-campos-prefeito\/#breadcrumb","itemListElement":[{"@type":"ListItem","position":1,"name":"In\u00edcio","item":"https:\/\/maranhaotv.com.br\/"},{"@type":"ListItem","position":2,"name":"Ap\u00f3s carreata gigantesca, o luminense j\u00e1 decidiu: quer Fred Campos prefeito"}]},{"@type":"WebSite","@id":"https:\/\/maranhaotv.com.br\/#website","url":"https:\/\/maranhaotv.com.br\/","name":"Maranh\u00e3oTV","description":"","publisher":{"@id":"https:\/\/maranhaotv.com.br\/#organization"},"potentialAction":[{"@type":"SearchAction","target":{"@type":"EntryPoint","urlTemplate":"https:\/\/maranhaotv.com.br\/?s={search_term_string}"},"query-input":{"@type":"PropertyValueSpecification","valueRequired":true,"valueName":"search_term_string"}}],"inLanguage":"pt-BR"},{"@type":"Organization","@id":"https:\/\/maranhaotv.com.br\/#organization","name":"Portal de Not\u00edcias","url":"https:\/\/maranhaotv.com.br\/","logo":{"@type":"ImageObject","inLanguage":"pt-BR","@id":"https:\/\/maranhaotv.com.br\/#\/schema\/logo\/image\/","url":"https:\/\/maranhaotv.com.br\/wp-content\/uploads\/2024\/05\/cropped-cropped-avatar-1.png","contentUrl":"https:\/\/maranhaotv.com.br\/wp-content\/uploads\/2024\/05\/cropped-cropped-avatar-1.png","width":792,"height":428,"caption":"Portal de Not\u00edcias"},"image":{"@id":"https:\/\/maranhaotv.com.br\/#\/schema\/logo\/image\/"},"sameAs":["https:\/\/www.facebook.com\/maiobaotv","https:\/\/x.com\/sitemaranhaotv","https:\/\/www.instagram.com\/maranhao.tv","https:\/\/www.threads.net\/@maranhao.tv"]},{"@type":"Person","@id":"https:\/\/maranhaotv.com.br\/#\/schema\/person\/3d54238e86b20bb5c89ab2fdb8f8829a","name":"maranhaotv","image":{"@type":"ImageObject","inLanguage":"pt-BR","@id":"https:\/\/secure.gravatar.com\/avatar\/8fadbca458d4cb68b1dd399ae9a40618d747bb1af65ac9fad21c89220a143eb4?s=96&d=mm&r=g","url":"https:\/\/secure.gravatar.com\/avatar\/8fadbca458d4cb68b1dd399ae9a40618d747bb1af65ac9fad21c89220a143eb4?s=96&d=mm&r=g","contentUrl":"https:\/\/secure.gravatar.com\/avatar\/8fadbca458d4cb68b1dd399ae9a40618d747bb1af65ac9fad21c89220a143eb4?s=96&d=mm&r=g","caption":"maranhaotv"},"sameAs":["https:\/\/maranhaotv.com.br\/"],"url":"https:\/\/maranhaotv.com.br\/index.php\/author\/maranhaotv\/"}]}},"jetpack_featured_media_url":"https:\/\/maranhaotv.com.br\/wp-content\/uploads\/2024\/10\/image_editor_output_image-1995253507-1728176301855.jpg","jetpack_sharing_enabled":true,"_links":{"self":[{"href":"https:\/\/maranhaotv.com.br\/index.php\/wp-json\/wp\/v2\/posts\/38309","targetHints":{"allow":["GET"]}}],"collection":[{"href":"https:\/\/maranhaotv.com.br\/index.php\/wp-json\/wp\/v2\/posts"}],"about":[{"href":"https:\/\/maranhaotv.com.br\/index.php\/wp-json\/wp\/v2\/types\/post"}],"author":[{"embeddable":true,"href":"https:\/\/maranhaotv.com.br\/index.php\/wp-json\/wp\/v2\/users\/2"}],"replies":[{"embeddable":true,"href":"https:\/\/maranhaotv.com.br\/index.php\/wp-json\/wp\/v2\/comments?post=38309"}],"version-history":[{"count":2,"href":"https:\/\/maranhaotv.com.br\/index.php\/wp-json\/wp\/v2\/posts\/38309\/revisions"}],"predecessor-version":[{"id":38312,"href":"https:\/\/maranhaotv.com.br\/index.php\/wp-json\/wp\/v2\/posts\/38309\/revisions\/38312"}],"wp:featuredmedia":[{"embeddable":true,"href":"https:\/\/maranhaotv.com.br\/index.php\/wp-json\/wp\/v2\/media\/38308"}],"wp:attachment":[{"href":"https:\/\/maranhaotv.com.br\/index.php\/wp-json\/wp\/v2\/media?parent=38309"}],"wp:term":[{"taxonomy":"category","embeddable":true,"href":"https:\/\/maranhaotv.com.br\/index.php\/wp-json\/wp\/v2\/categories?post=38309"},{"taxonomy":"post_tag","embeddable":true,"href":"https:\/\/maranhaotv.com.br\/index.php\/wp-json\/wp\/v2\/tags?post=38309"}],"curies":[{"name":"wp","href":"https:\/\/api.w.org\/{rel}","templated":true}]}}