{"id":38317,"date":"2024-10-06T01:55:57","date_gmt":"2024-10-06T04:55:57","guid":{"rendered":"https:\/\/maranhaotv.com.br\/?p=38317"},"modified":"2024-10-06T02:16:51","modified_gmt":"2024-10-06T05:16:51","slug":"paco-do-lumiar-candidato-a-vereador-bine-amado-e-preso-por-compra-de-votos","status":"publish","type":"post","link":"https:\/\/maranhaotv.com.br\/index.php\/2024\/10\/06\/paco-do-lumiar-candidato-a-vereador-bine-amado-e-preso-por-compra-de-votos\/","title":{"rendered":"Pa\u00e7o do Lumiar: Candidato a vereador, Bine Amado \u00e9 preso por compra de votos"},"content":{"rendered":"\n<p><em>Bine Amado Preso na Pol\u00edcia Federal: Confira os valores e materiais apreendidos. <\/em><br \/><br \/>O candidato a vereador Bine Amado, preso pela Pol\u00edcia Militar e conduzido a sede da Pol\u00edcia Federal est\u00e1 nesse momento prestando depoimento e ser\u00e1 conduzido a Penitenci\u00e1ria de Pedrinhas. <br \/><br \/>Na foto, os valores e mat\u00e9rias apreendidos com o candidato Bine Amado. <br \/><br \/>As anota\u00e7\u00f5es em caderno e planilha, constam o nome de v\u00e1rios \u201ccabos eleitorais\u201d com quantidade de votos e valores recebidos. <\/p>\n\n\n\n<p>O celular do candidato foi aprendido e a PF chamar\u00e1 cada um dos cabos eleitorais. <br \/><br \/>O caso vai render.<\/p>\n\n\n\n<figure class=\"wp-block-image size-large\"><img loading=\"lazy\" decoding=\"async\" width=\"376\" height=\"1024\" src=\"https:\/\/maranhaotv.com.br\/wp-content\/uploads\/2024\/10\/img-20241006-wa0024139263884681996963-376x1024.jpg\" alt=\"\" class=\"wp-image-38313\" srcset=\"https:\/\/maranhaotv.com.br\/wp-content\/uploads\/2024\/10\/img-20241006-wa0024139263884681996963-376x1024.jpg 376w, https:\/\/maranhaotv.com.br\/wp-content\/uploads\/2024\/10\/img-20241006-wa0024139263884681996963-110x300.jpg 110w, https:\/\/maranhaotv.com.br\/wp-content\/uploads\/2024\/10\/img-20241006-wa0024139263884681996963-564x1536.jpg 564w, https:\/\/maranhaotv.com.br\/wp-content\/uploads\/2024\/10\/img-20241006-wa0024139263884681996963.jpg 735w\" sizes=\"auto, (max-width: 376px) 100vw, 376px\" \/><\/figure>\n\n\n\n<figure class=\"wp-block-image size-large\"><img loading=\"lazy\" decoding=\"async\" width=\"1024\" height=\"790\" src=\"https:\/\/maranhaotv.com.br\/wp-content\/uploads\/2024\/10\/img-20241006-wa00257572011703536608760-1024x790.jpg\" alt=\"\" class=\"wp-image-38314\" srcset=\"https:\/\/maranhaotv.com.br\/wp-content\/uploads\/2024\/10\/img-20241006-wa00257572011703536608760-1024x790.jpg 1024w, https:\/\/maranhaotv.com.br\/wp-content\/uploads\/2024\/10\/img-20241006-wa00257572011703536608760-300x231.jpg 300w, https:\/\/maranhaotv.com.br\/wp-content\/uploads\/2024\/10\/img-20241006-wa00257572011703536608760-768x592.jpg 768w, https:\/\/maranhaotv.com.br\/wp-content\/uploads\/2024\/10\/img-20241006-wa00257572011703536608760-1536x1185.jpg 1536w, https:\/\/maranhaotv.com.br\/wp-content\/uploads\/2024\/10\/img-20241006-wa00257572011703536608760.jpg 1850w\" sizes=\"auto, (max-width: 1024px) 100vw, 1024px\" \/><\/figure>\n\n\n\n<figure class=\"wp-block-image size-large\"><img loading=\"lazy\" decoding=\"async\" width=\"1024\" height=\"956\" src=\"https:\/\/maranhaotv.com.br\/wp-content\/uploads\/2024\/10\/screenshot_20241006_015525_instagram3001987202266893997-1024x956.jpg\" alt=\"\" class=\"wp-image-38315\" srcset=\"https:\/\/maranhaotv.com.br\/wp-content\/uploads\/2024\/10\/screenshot_20241006_015525_instagram3001987202266893997-1024x956.jpg 1024w, https:\/\/maranhaotv.com.br\/wp-content\/uploads\/2024\/10\/screenshot_20241006_015525_instagram3001987202266893997-300x280.jpg 300w, https:\/\/maranhaotv.com.br\/wp-content\/uploads\/2024\/10\/screenshot_20241006_015525_instagram3001987202266893997-768x717.jpg 768w, https:\/\/maranhaotv.com.br\/wp-content\/uploads\/2024\/10\/screenshot_20241006_015525_instagram3001987202266893997.jpg 1079w\" sizes=\"auto, (max-width: 1024px) 100vw, 1024px\" \/><\/figure>\n\n\n\n<figure class=\"wp-block-image size-large\"><img loading=\"lazy\" decoding=\"async\" width=\"1024\" height=\"768\" src=\"https:\/\/maranhaotv.com.br\/wp-content\/uploads\/2024\/10\/img-20241006-wa00261844444099557895601-1024x768.jpg\" alt=\"\" class=\"wp-image-38319\" srcset=\"https:\/\/maranhaotv.com.br\/wp-content\/uploads\/2024\/10\/img-20241006-wa00261844444099557895601-1024x768.jpg 1024w, https:\/\/maranhaotv.com.br\/wp-content\/uploads\/2024\/10\/img-20241006-wa00261844444099557895601-300x225.jpg 300w, https:\/\/maranhaotv.com.br\/wp-content\/uploads\/2024\/10\/img-20241006-wa00261844444099557895601-768x576.jpg 768w, https:\/\/maranhaotv.com.br\/wp-content\/uploads\/2024\/10\/img-20241006-wa00261844444099557895601-1536x1152.jpg 1536w, https:\/\/maranhaotv.com.br\/wp-content\/uploads\/2024\/10\/img-20241006-wa00261844444099557895601.jpg 1600w\" sizes=\"auto, (max-width: 1024px) 100vw, 1024px\" \/><\/figure>\n\n\n\n<figure class=\"wp-block-image size-large\"><img loading=\"lazy\" decoding=\"async\" width=\"472\" height=\"1024\" src=\"https:\/\/maranhaotv.com.br\/wp-content\/uploads\/2024\/10\/screenshot_20241006_020022_whatsappbusiness3241677091016011076-472x1024.jpg\" alt=\"\" class=\"wp-image-38321\" srcset=\"https:\/\/maranhaotv.com.br\/wp-content\/uploads\/2024\/10\/screenshot_20241006_020022_whatsappbusiness3241677091016011076-472x1024.jpg 472w, https:\/\/maranhaotv.com.br\/wp-content\/uploads\/2024\/10\/screenshot_20241006_020022_whatsappbusiness3241677091016011076-138x300.jpg 138w, https:\/\/maranhaotv.com.br\/wp-content\/uploads\/2024\/10\/screenshot_20241006_020022_whatsappbusiness3241677091016011076-768x1666.jpg 768w, https:\/\/maranhaotv.com.br\/wp-content\/uploads\/2024\/10\/screenshot_20241006_020022_whatsappbusiness3241677091016011076-708x1536.jpg 708w, https:\/\/maranhaotv.com.br\/wp-content\/uploads\/2024\/10\/screenshot_20241006_020022_whatsappbusiness3241677091016011076.jpg 922w\" sizes=\"auto, (max-width: 472px) 100vw, 472px\" \/><figcaption class=\"wp-element-caption\">A Pol\u00edcia Federal chamar\u00e1 cada um dos cabos eleitorais que est\u00e3o na rela\u00e7\u00e3o <\/figcaption><\/figure>\n\n\n\n<figure class=\"wp-block-image size-large\"><img loading=\"lazy\" decoding=\"async\" width=\"1024\" height=\"768\" src=\"https:\/\/maranhaotv.com.br\/wp-content\/uploads\/2024\/10\/img-20241006-wa00277534265279397422083-1024x768.jpg\" alt=\"\" class=\"wp-image-38325\" srcset=\"https:\/\/maranhaotv.com.br\/wp-content\/uploads\/2024\/10\/img-20241006-wa00277534265279397422083-1024x768.jpg 1024w, https:\/\/maranhaotv.com.br\/wp-content\/uploads\/2024\/10\/img-20241006-wa00277534265279397422083-300x225.jpg 300w, https:\/\/maranhaotv.com.br\/wp-content\/uploads\/2024\/10\/img-20241006-wa00277534265279397422083-768x576.jpg 768w, https:\/\/maranhaotv.com.br\/wp-content\/uploads\/2024\/10\/img-20241006-wa00277534265279397422083-1536x1152.jpg 1536w, https:\/\/maranhaotv.com.br\/wp-content\/uploads\/2024\/10\/img-20241006-wa00277534265279397422083.jpg 2000w\" sizes=\"auto, (max-width: 1024px) 100vw, 1024px\" \/><\/figure>\n","protected":false},"excerpt":{"rendered":"<p>Bine Amado Preso na Pol\u00edcia Federal: Confira os valores e materiais apreendidos. O candidato a vereador Bine Amado, preso pela<\/p>\n","protected":false},"author":2,"featured_media":38316,"comment_status":"open","ping_status":"open","sticky":false,"template":"","format":"standard","meta":{"colormag_page_container_layout":"default_layout","colormag_page_sidebar_layout":"default_layout","_jetpack_memberships_contains_paid_content":false,"footnotes":""},"categories":[3],"tags":[],"class_list":["post-38317","post","type-post","status-publish","format-standard","has-post-thumbnail","hentry","category-policial"],"magazineBlocksPostFeaturedMedia":{"thumbnail":"https:\/\/maranhaotv.com.br\/wp-content\/uploads\/2024\/10\/IMG-20241006-WA0025-150x150.jpg","medium":"https:\/\/maranhaotv.com.br\/wp-content\/uploads\/2024\/10\/IMG-20241006-WA0025-300x231.jpg","medium_large":"https:\/\/maranhaotv.com.br\/wp-content\/uploads\/2024\/10\/IMG-20241006-WA0025-768x592.jpg","large":"https:\/\/maranhaotv.com.br\/wp-content\/uploads\/2024\/10\/IMG-20241006-WA0025-1024x790.jpg","1536x1536":"https:\/\/maranhaotv.com.br\/wp-content\/uploads\/2024\/10\/IMG-20241006-WA0025-1536x1185.jpg","2048x2048":"https:\/\/maranhaotv.com.br\/wp-content\/uploads\/2024\/10\/IMG-20241006-WA0025.jpg","colormag-highlighted-post":"https:\/\/maranhaotv.com.br\/wp-content\/uploads\/2024\/10\/IMG-20241006-WA0025-392x272.jpg","colormag-featured-post-medium":"https:\/\/maranhaotv.com.br\/wp-content\/uploads\/2024\/10\/IMG-20241006-WA0025-390x205.jpg","colormag-featured-post-small":"https:\/\/maranhaotv.com.br\/wp-content\/uploads\/2024\/10\/IMG-20241006-WA0025-130x90.jpg","colormag-featured-image":"https:\/\/maranhaotv.com.br\/wp-content\/uploads\/2024\/10\/IMG-20241006-WA0025-800x445.jpg","colormag-default-news":"https:\/\/maranhaotv.com.br\/wp-content\/uploads\/2024\/10\/IMG-20241006-WA0025-150x150.jpg","colormag-featured-image-large":"https:\/\/maranhaotv.com.br\/wp-content\/uploads\/2024\/10\/IMG-20241006-WA0025-1400x600.jpg"},"magazineBlocksPostAuthor":{"name":"maranhaotv","avatar":"https:\/\/secure.gravatar.com\/avatar\/8fadbca458d4cb68b1dd399ae9a40618d747bb1af65ac9fad21c89220a143eb4?s=96&d=mm&r=g"},"magazineBlocksPostCommentsNumber":"0","magazineBlocksPostExcerpt":"Bine Amado Preso na Pol\u00edcia Federal: Confira os valores e materiais apreendidos. O candidato a vereador Bine Amado, preso pela","magazineBlocksPostCategories":["policial"],"magazineBlocksPostViewCount":378,"magazineBlocksPostReadTime":1,"magazine_blocks_featured_image_url":{"full":["https:\/\/maranhaotv.com.br\/wp-content\/uploads\/2024\/10\/IMG-20241006-WA0025.jpg",1850,1427,false],"medium":["https:\/\/maranhaotv.com.br\/wp-content\/uploads\/2024\/10\/IMG-20241006-WA0025-300x231.jpg",300,231,true],"thumbnail":["https:\/\/maranhaotv.com.br\/wp-content\/uploads\/2024\/10\/IMG-20241006-WA0025-150x150.jpg",150,150,true]},"magazine_blocks_author":{"display_name":"maranhaotv","author_link":"https:\/\/maranhaotv.com.br\/index.php\/author\/maranhaotv\/"},"magazine_blocks_comment":0,"magazine_blocks_author_image":"https:\/\/secure.gravatar.com\/avatar\/8fadbca458d4cb68b1dd399ae9a40618d747bb1af65ac9fad21c89220a143eb4?s=96&d=mm&r=g","magazine_blocks_category":"<a href=\"#\" class=\"category-link category-link-3\">policial<\/a>","yoast_head":"<!-- This site is optimized with the Yoast SEO plugin v27.4 - https:\/\/yoast.com\/product\/yoast-seo-wordpress\/ -->\n<title>Pa\u00e7o do Lumiar: Candidato a vereador, Bine Amado \u00e9 preso por compra de votos - NOT\u00cdCIAS EM TEMPO REAL<\/title>\n<meta name=\"robots\" content=\"index, follow, max-snippet:-1, max-image-preview:large, max-video-preview:-1\" \/>\n<link rel=\"canonical\" href=\"https:\/\/maranhaotv.com.br\/index.php\/2024\/10\/06\/paco-do-lumiar-candidato-a-vereador-bine-amado-e-preso-por-compra-de-votos\/\" \/>\n<meta property=\"og:locale\" content=\"pt_BR\" \/>\n<meta property=\"og:type\" content=\"article\" \/>\n<meta property=\"og:title\" content=\"Pa\u00e7o do Lumiar: Candidato a vereador, Bine Amado \u00e9 preso por compra de votos - NOT\u00cdCIAS EM TEMPO REAL\" \/>\n<meta property=\"og:description\" content=\"Bine Amado Preso na Pol\u00edcia Federal: Confira os valores e materiais apreendidos. O candidato a vereador Bine Amado, preso pela\" \/>\n<meta property=\"og:url\" content=\"https:\/\/maranhaotv.com.br\/index.php\/2024\/10\/06\/paco-do-lumiar-candidato-a-vereador-bine-amado-e-preso-por-compra-de-votos\/\" \/>\n<meta property=\"og:site_name\" content=\"NOT\u00cdCIAS EM TEMPO REAL\" \/>\n<meta property=\"article:publisher\" content=\"https:\/\/www.facebook.com\/maiobaotv\" \/>\n<meta property=\"article:published_time\" content=\"2024-10-06T04:55:57+00:00\" \/>\n<meta property=\"article:modified_time\" content=\"2024-10-06T05:16:51+00:00\" \/>\n<meta property=\"og:image\" content=\"https:\/\/maranhaotv.com.br\/wp-content\/uploads\/2024\/10\/IMG-20241006-WA0025.jpg\" \/>\n\t<meta property=\"og:image:width\" content=\"1850\" \/>\n\t<meta property=\"og:image:height\" content=\"1427\" \/>\n\t<meta property=\"og:image:type\" content=\"image\/jpeg\" \/>\n<meta name=\"author\" content=\"maranhaotv\" \/>\n<meta name=\"twitter:card\" content=\"summary_large_image\" \/>\n<meta name=\"twitter:creator\" content=\"@sitemaranhaotv\" \/>\n<meta name=\"twitter:site\" content=\"@sitemaranhaotv\" \/>\n<meta name=\"twitter:label1\" content=\"Escrito por\" \/>\n\t<meta name=\"twitter:data1\" content=\"maranhaotv\" \/>\n\t<meta name=\"twitter:label2\" content=\"Est. tempo de leitura\" \/>\n\t<meta name=\"twitter:data2\" content=\"1 minuto\" \/>\n<script type=\"application\/ld+json\" class=\"yoast-schema-graph\">{\"@context\":\"https:\\\/\\\/schema.org\",\"@graph\":[{\"@type\":\"Article\",\"@id\":\"https:\\\/\\\/maranhaotv.com.br\\\/index.php\\\/2024\\\/10\\\/06\\\/paco-do-lumiar-candidato-a-vereador-bine-amado-e-preso-por-compra-de-votos\\\/#article\",\"isPartOf\":{\"@id\":\"https:\\\/\\\/maranhaotv.com.br\\\/index.php\\\/2024\\\/10\\\/06\\\/paco-do-lumiar-candidato-a-vereador-bine-amado-e-preso-por-compra-de-votos\\\/\"},\"author\":{\"name\":\"maranhaotv\",\"@id\":\"https:\\\/\\\/maranhaotv.com.br\\\/#\\\/schema\\\/person\\\/3d54238e86b20bb5c89ab2fdb8f8829a\"},\"headline\":\"Pa\u00e7o do Lumiar: Candidato a vereador, Bine Amado \u00e9 preso por compra de votos\",\"datePublished\":\"2024-10-06T04:55:57+00:00\",\"dateModified\":\"2024-10-06T05:16:51+00:00\",\"mainEntityOfPage\":{\"@id\":\"https:\\\/\\\/maranhaotv.com.br\\\/index.php\\\/2024\\\/10\\\/06\\\/paco-do-lumiar-candidato-a-vereador-bine-amado-e-preso-por-compra-de-votos\\\/\"},\"wordCount\":129,\"commentCount\":0,\"publisher\":{\"@id\":\"https:\\\/\\\/maranhaotv.com.br\\\/#organization\"},\"image\":{\"@id\":\"https:\\\/\\\/maranhaotv.com.br\\\/index.php\\\/2024\\\/10\\\/06\\\/paco-do-lumiar-candidato-a-vereador-bine-amado-e-preso-por-compra-de-votos\\\/#primaryimage\"},\"thumbnailUrl\":\"https:\\\/\\\/maranhaotv.com.br\\\/wp-content\\\/uploads\\\/2024\\\/10\\\/IMG-20241006-WA0025.jpg\",\"articleSection\":[\"policial\"],\"inLanguage\":\"pt-BR\",\"potentialAction\":[{\"@type\":\"CommentAction\",\"name\":\"Comment\",\"target\":[\"https:\\\/\\\/maranhaotv.com.br\\\/index.php\\\/2024\\\/10\\\/06\\\/paco-do-lumiar-candidato-a-vereador-bine-amado-e-preso-por-compra-de-votos\\\/#respond\"]}]},{\"@type\":\"WebPage\",\"@id\":\"https:\\\/\\\/maranhaotv.com.br\\\/index.php\\\/2024\\\/10\\\/06\\\/paco-do-lumiar-candidato-a-vereador-bine-amado-e-preso-por-compra-de-votos\\\/\",\"url\":\"https:\\\/\\\/maranhaotv.com.br\\\/index.php\\\/2024\\\/10\\\/06\\\/paco-do-lumiar-candidato-a-vereador-bine-amado-e-preso-por-compra-de-votos\\\/\",\"name\":\"Pa\u00e7o do Lumiar: Candidato a vereador, Bine Amado \u00e9 preso por compra de votos - NOT\u00cdCIAS EM TEMPO REAL\",\"isPartOf\":{\"@id\":\"https:\\\/\\\/maranhaotv.com.br\\\/#website\"},\"primaryImageOfPage\":{\"@id\":\"https:\\\/\\\/maranhaotv.com.br\\\/index.php\\\/2024\\\/10\\\/06\\\/paco-do-lumiar-candidato-a-vereador-bine-amado-e-preso-por-compra-de-votos\\\/#primaryimage\"},\"image\":{\"@id\":\"https:\\\/\\\/maranhaotv.com.br\\\/index.php\\\/2024\\\/10\\\/06\\\/paco-do-lumiar-candidato-a-vereador-bine-amado-e-preso-por-compra-de-votos\\\/#primaryimage\"},\"thumbnailUrl\":\"https:\\\/\\\/maranhaotv.com.br\\\/wp-content\\\/uploads\\\/2024\\\/10\\\/IMG-20241006-WA0025.jpg\",\"datePublished\":\"2024-10-06T04:55:57+00:00\",\"dateModified\":\"2024-10-06T05:16:51+00:00\",\"breadcrumb\":{\"@id\":\"https:\\\/\\\/maranhaotv.com.br\\\/index.php\\\/2024\\\/10\\\/06\\\/paco-do-lumiar-candidato-a-vereador-bine-amado-e-preso-por-compra-de-votos\\\/#breadcrumb\"},\"inLanguage\":\"pt-BR\",\"potentialAction\":[{\"@type\":\"ReadAction\",\"target\":[\"https:\\\/\\\/maranhaotv.com.br\\\/index.php\\\/2024\\\/10\\\/06\\\/paco-do-lumiar-candidato-a-vereador-bine-amado-e-preso-por-compra-de-votos\\\/\"]}]},{\"@type\":\"ImageObject\",\"inLanguage\":\"pt-BR\",\"@id\":\"https:\\\/\\\/maranhaotv.com.br\\\/index.php\\\/2024\\\/10\\\/06\\\/paco-do-lumiar-candidato-a-vereador-bine-amado-e-preso-por-compra-de-votos\\\/#primaryimage\",\"url\":\"https:\\\/\\\/maranhaotv.com.br\\\/wp-content\\\/uploads\\\/2024\\\/10\\\/IMG-20241006-WA0025.jpg\",\"contentUrl\":\"https:\\\/\\\/maranhaotv.com.br\\\/wp-content\\\/uploads\\\/2024\\\/10\\\/IMG-20241006-WA0025.jpg\",\"width\":1850,\"height\":1427},{\"@type\":\"BreadcrumbList\",\"@id\":\"https:\\\/\\\/maranhaotv.com.br\\\/index.php\\\/2024\\\/10\\\/06\\\/paco-do-lumiar-candidato-a-vereador-bine-amado-e-preso-por-compra-de-votos\\\/#breadcrumb\",\"itemListElement\":[{\"@type\":\"ListItem\",\"position\":1,\"name\":\"In\u00edcio\",\"item\":\"https:\\\/\\\/maranhaotv.com.br\\\/\"},{\"@type\":\"ListItem\",\"position\":2,\"name\":\"Pa\u00e7o do Lumiar: Candidato a vereador, Bine Amado \u00e9 preso por compra de votos\"}]},{\"@type\":\"WebSite\",\"@id\":\"https:\\\/\\\/maranhaotv.com.br\\\/#website\",\"url\":\"https:\\\/\\\/maranhaotv.com.br\\\/\",\"name\":\"Maranh\u00e3oTV\",\"description\":\"\",\"publisher\":{\"@id\":\"https:\\\/\\\/maranhaotv.com.br\\\/#organization\"},\"potentialAction\":[{\"@type\":\"SearchAction\",\"target\":{\"@type\":\"EntryPoint\",\"urlTemplate\":\"https:\\\/\\\/maranhaotv.com.br\\\/?s={search_term_string}\"},\"query-input\":{\"@type\":\"PropertyValueSpecification\",\"valueRequired\":true,\"valueName\":\"search_term_string\"}}],\"inLanguage\":\"pt-BR\"},{\"@type\":\"Organization\",\"@id\":\"https:\\\/\\\/maranhaotv.com.br\\\/#organization\",\"name\":\"Portal de Not\u00edcias\",\"url\":\"https:\\\/\\\/maranhaotv.com.br\\\/\",\"logo\":{\"@type\":\"ImageObject\",\"inLanguage\":\"pt-BR\",\"@id\":\"https:\\\/\\\/maranhaotv.com.br\\\/#\\\/schema\\\/logo\\\/image\\\/\",\"url\":\"https:\\\/\\\/maranhaotv.com.br\\\/wp-content\\\/uploads\\\/2024\\\/05\\\/cropped-cropped-avatar-1.png\",\"contentUrl\":\"https:\\\/\\\/maranhaotv.com.br\\\/wp-content\\\/uploads\\\/2024\\\/05\\\/cropped-cropped-avatar-1.png\",\"width\":792,\"height\":428,\"caption\":\"Portal de Not\u00edcias\"},\"image\":{\"@id\":\"https:\\\/\\\/maranhaotv.com.br\\\/#\\\/schema\\\/logo\\\/image\\\/\"},\"sameAs\":[\"https:\\\/\\\/www.facebook.com\\\/maiobaotv\",\"https:\\\/\\\/x.com\\\/sitemaranhaotv\",\"https:\\\/\\\/www.instagram.com\\\/maranhao.tv\",\"https:\\\/\\\/www.threads.net\\\/@maranhao.tv\"]},{\"@type\":\"Person\",\"@id\":\"https:\\\/\\\/maranhaotv.com.br\\\/#\\\/schema\\\/person\\\/3d54238e86b20bb5c89ab2fdb8f8829a\",\"name\":\"maranhaotv\",\"image\":{\"@type\":\"ImageObject\",\"inLanguage\":\"pt-BR\",\"@id\":\"https:\\\/\\\/secure.gravatar.com\\\/avatar\\\/8fadbca458d4cb68b1dd399ae9a40618d747bb1af65ac9fad21c89220a143eb4?s=96&d=mm&r=g\",\"url\":\"https:\\\/\\\/secure.gravatar.com\\\/avatar\\\/8fadbca458d4cb68b1dd399ae9a40618d747bb1af65ac9fad21c89220a143eb4?s=96&d=mm&r=g\",\"contentUrl\":\"https:\\\/\\\/secure.gravatar.com\\\/avatar\\\/8fadbca458d4cb68b1dd399ae9a40618d747bb1af65ac9fad21c89220a143eb4?s=96&d=mm&r=g\",\"caption\":\"maranhaotv\"},\"sameAs\":[\"https:\\\/\\\/maranhaotv.com.br\\\/\"],\"url\":\"https:\\\/\\\/maranhaotv.com.br\\\/index.php\\\/author\\\/maranhaotv\\\/\"}]}<\/script>\n<!-- \/ Yoast SEO plugin. -->","yoast_head_json":{"title":"Pa\u00e7o do Lumiar: Candidato a vereador, Bine Amado \u00e9 preso por compra de votos - NOT\u00cdCIAS EM TEMPO REAL","robots":{"index":"index","follow":"follow","max-snippet":"max-snippet:-1","max-image-preview":"max-image-preview:large","max-video-preview":"max-video-preview:-1"},"canonical":"https:\/\/maranhaotv.com.br\/index.php\/2024\/10\/06\/paco-do-lumiar-candidato-a-vereador-bine-amado-e-preso-por-compra-de-votos\/","og_locale":"pt_BR","og_type":"article","og_title":"Pa\u00e7o do Lumiar: Candidato a vereador, Bine Amado \u00e9 preso por compra de votos - NOT\u00cdCIAS EM TEMPO REAL","og_description":"Bine Amado Preso na Pol\u00edcia Federal: Confira os valores e materiais apreendidos. O candidato a vereador Bine Amado, preso pela","og_url":"https:\/\/maranhaotv.com.br\/index.php\/2024\/10\/06\/paco-do-lumiar-candidato-a-vereador-bine-amado-e-preso-por-compra-de-votos\/","og_site_name":"NOT\u00cdCIAS EM TEMPO REAL","article_publisher":"https:\/\/www.facebook.com\/maiobaotv","article_published_time":"2024-10-06T04:55:57+00:00","article_modified_time":"2024-10-06T05:16:51+00:00","og_image":[{"width":1850,"height":1427,"url":"https:\/\/maranhaotv.com.br\/wp-content\/uploads\/2024\/10\/IMG-20241006-WA0025.jpg","type":"image\/jpeg"}],"author":"maranhaotv","twitter_card":"summary_large_image","twitter_creator":"@sitemaranhaotv","twitter_site":"@sitemaranhaotv","twitter_misc":{"Escrito por":"maranhaotv","Est. tempo de leitura":"1 minuto"},"schema":{"@context":"https:\/\/schema.org","@graph":[{"@type":"Article","@id":"https:\/\/maranhaotv.com.br\/index.php\/2024\/10\/06\/paco-do-lumiar-candidato-a-vereador-bine-amado-e-preso-por-compra-de-votos\/#article","isPartOf":{"@id":"https:\/\/maranhaotv.com.br\/index.php\/2024\/10\/06\/paco-do-lumiar-candidato-a-vereador-bine-amado-e-preso-por-compra-de-votos\/"},"author":{"name":"maranhaotv","@id":"https:\/\/maranhaotv.com.br\/#\/schema\/person\/3d54238e86b20bb5c89ab2fdb8f8829a"},"headline":"Pa\u00e7o do Lumiar: Candidato a vereador, Bine Amado \u00e9 preso por compra de votos","datePublished":"2024-10-06T04:55:57+00:00","dateModified":"2024-10-06T05:16:51+00:00","mainEntityOfPage":{"@id":"https:\/\/maranhaotv.com.br\/index.php\/2024\/10\/06\/paco-do-lumiar-candidato-a-vereador-bine-amado-e-preso-por-compra-de-votos\/"},"wordCount":129,"commentCount":0,"publisher":{"@id":"https:\/\/maranhaotv.com.br\/#organization"},"image":{"@id":"https:\/\/maranhaotv.com.br\/index.php\/2024\/10\/06\/paco-do-lumiar-candidato-a-vereador-bine-amado-e-preso-por-compra-de-votos\/#primaryimage"},"thumbnailUrl":"https:\/\/maranhaotv.com.br\/wp-content\/uploads\/2024\/10\/IMG-20241006-WA0025.jpg","articleSection":["policial"],"inLanguage":"pt-BR","potentialAction":[{"@type":"CommentAction","name":"Comment","target":["https:\/\/maranhaotv.com.br\/index.php\/2024\/10\/06\/paco-do-lumiar-candidato-a-vereador-bine-amado-e-preso-por-compra-de-votos\/#respond"]}]},{"@type":"WebPage","@id":"https:\/\/maranhaotv.com.br\/index.php\/2024\/10\/06\/paco-do-lumiar-candidato-a-vereador-bine-amado-e-preso-por-compra-de-votos\/","url":"https:\/\/maranhaotv.com.br\/index.php\/2024\/10\/06\/paco-do-lumiar-candidato-a-vereador-bine-amado-e-preso-por-compra-de-votos\/","name":"Pa\u00e7o do Lumiar: Candidato a vereador, Bine Amado \u00e9 preso por compra de votos - NOT\u00cdCIAS EM TEMPO REAL","isPartOf":{"@id":"https:\/\/maranhaotv.com.br\/#website"},"primaryImageOfPage":{"@id":"https:\/\/maranhaotv.com.br\/index.php\/2024\/10\/06\/paco-do-lumiar-candidato-a-vereador-bine-amado-e-preso-por-compra-de-votos\/#primaryimage"},"image":{"@id":"https:\/\/maranhaotv.com.br\/index.php\/2024\/10\/06\/paco-do-lumiar-candidato-a-vereador-bine-amado-e-preso-por-compra-de-votos\/#primaryimage"},"thumbnailUrl":"https:\/\/maranhaotv.com.br\/wp-content\/uploads\/2024\/10\/IMG-20241006-WA0025.jpg","datePublished":"2024-10-06T04:55:57+00:00","dateModified":"2024-10-06T05:16:51+00:00","breadcrumb":{"@id":"https:\/\/maranhaotv.com.br\/index.php\/2024\/10\/06\/paco-do-lumiar-candidato-a-vereador-bine-amado-e-preso-por-compra-de-votos\/#breadcrumb"},"inLanguage":"pt-BR","potentialAction":[{"@type":"ReadAction","target":["https:\/\/maranhaotv.com.br\/index.php\/2024\/10\/06\/paco-do-lumiar-candidato-a-vereador-bine-amado-e-preso-por-compra-de-votos\/"]}]},{"@type":"ImageObject","inLanguage":"pt-BR","@id":"https:\/\/maranhaotv.com.br\/index.php\/2024\/10\/06\/paco-do-lumiar-candidato-a-vereador-bine-amado-e-preso-por-compra-de-votos\/#primaryimage","url":"https:\/\/maranhaotv.com.br\/wp-content\/uploads\/2024\/10\/IMG-20241006-WA0025.jpg","contentUrl":"https:\/\/maranhaotv.com.br\/wp-content\/uploads\/2024\/10\/IMG-20241006-WA0025.jpg","width":1850,"height":1427},{"@type":"BreadcrumbList","@id":"https:\/\/maranhaotv.com.br\/index.php\/2024\/10\/06\/paco-do-lumiar-candidato-a-vereador-bine-amado-e-preso-por-compra-de-votos\/#breadcrumb","itemListElement":[{"@type":"ListItem","position":1,"name":"In\u00edcio","item":"https:\/\/maranhaotv.com.br\/"},{"@type":"ListItem","position":2,"name":"Pa\u00e7o do Lumiar: Candidato a vereador, Bine Amado \u00e9 preso por compra de votos"}]},{"@type":"WebSite","@id":"https:\/\/maranhaotv.com.br\/#website","url":"https:\/\/maranhaotv.com.br\/","name":"Maranh\u00e3oTV","description":"","publisher":{"@id":"https:\/\/maranhaotv.com.br\/#organization"},"potentialAction":[{"@type":"SearchAction","target":{"@type":"EntryPoint","urlTemplate":"https:\/\/maranhaotv.com.br\/?s={search_term_string}"},"query-input":{"@type":"PropertyValueSpecification","valueRequired":true,"valueName":"search_term_string"}}],"inLanguage":"pt-BR"},{"@type":"Organization","@id":"https:\/\/maranhaotv.com.br\/#organization","name":"Portal de Not\u00edcias","url":"https:\/\/maranhaotv.com.br\/","logo":{"@type":"ImageObject","inLanguage":"pt-BR","@id":"https:\/\/maranhaotv.com.br\/#\/schema\/logo\/image\/","url":"https:\/\/maranhaotv.com.br\/wp-content\/uploads\/2024\/05\/cropped-cropped-avatar-1.png","contentUrl":"https:\/\/maranhaotv.com.br\/wp-content\/uploads\/2024\/05\/cropped-cropped-avatar-1.png","width":792,"height":428,"caption":"Portal de Not\u00edcias"},"image":{"@id":"https:\/\/maranhaotv.com.br\/#\/schema\/logo\/image\/"},"sameAs":["https:\/\/www.facebook.com\/maiobaotv","https:\/\/x.com\/sitemaranhaotv","https:\/\/www.instagram.com\/maranhao.tv","https:\/\/www.threads.net\/@maranhao.tv"]},{"@type":"Person","@id":"https:\/\/maranhaotv.com.br\/#\/schema\/person\/3d54238e86b20bb5c89ab2fdb8f8829a","name":"maranhaotv","image":{"@type":"ImageObject","inLanguage":"pt-BR","@id":"https:\/\/secure.gravatar.com\/avatar\/8fadbca458d4cb68b1dd399ae9a40618d747bb1af65ac9fad21c89220a143eb4?s=96&d=mm&r=g","url":"https:\/\/secure.gravatar.com\/avatar\/8fadbca458d4cb68b1dd399ae9a40618d747bb1af65ac9fad21c89220a143eb4?s=96&d=mm&r=g","contentUrl":"https:\/\/secure.gravatar.com\/avatar\/8fadbca458d4cb68b1dd399ae9a40618d747bb1af65ac9fad21c89220a143eb4?s=96&d=mm&r=g","caption":"maranhaotv"},"sameAs":["https:\/\/maranhaotv.com.br\/"],"url":"https:\/\/maranhaotv.com.br\/index.php\/author\/maranhaotv\/"}]}},"jetpack_featured_media_url":"https:\/\/maranhaotv.com.br\/wp-content\/uploads\/2024\/10\/IMG-20241006-WA0025.jpg","jetpack_sharing_enabled":true,"_links":{"self":[{"href":"https:\/\/maranhaotv.com.br\/index.php\/wp-json\/wp\/v2\/posts\/38317","targetHints":{"allow":["GET"]}}],"collection":[{"href":"https:\/\/maranhaotv.com.br\/index.php\/wp-json\/wp\/v2\/posts"}],"about":[{"href":"https:\/\/maranhaotv.com.br\/index.php\/wp-json\/wp\/v2\/types\/post"}],"author":[{"embeddable":true,"href":"https:\/\/maranhaotv.com.br\/index.php\/wp-json\/wp\/v2\/users\/2"}],"replies":[{"embeddable":true,"href":"https:\/\/maranhaotv.com.br\/index.php\/wp-json\/wp\/v2\/comments?post=38317"}],"version-history":[{"count":5,"href":"https:\/\/maranhaotv.com.br\/index.php\/wp-json\/wp\/v2\/posts\/38317\/revisions"}],"predecessor-version":[{"id":38326,"href":"https:\/\/maranhaotv.com.br\/index.php\/wp-json\/wp\/v2\/posts\/38317\/revisions\/38326"}],"wp:featuredmedia":[{"embeddable":true,"href":"https:\/\/maranhaotv.com.br\/index.php\/wp-json\/wp\/v2\/media\/38316"}],"wp:attachment":[{"href":"https:\/\/maranhaotv.com.br\/index.php\/wp-json\/wp\/v2\/media?parent=38317"}],"wp:term":[{"taxonomy":"category","embeddable":true,"href":"https:\/\/maranhaotv.com.br\/index.php\/wp-json\/wp\/v2\/categories?post=38317"},{"taxonomy":"post_tag","embeddable":true,"href":"https:\/\/maranhaotv.com.br\/index.php\/wp-json\/wp\/v2\/tags?post=38317"}],"curies":[{"name":"wp","href":"https:\/\/api.w.org\/{rel}","templated":true}]}}