{"id":38343,"date":"2024-10-07T09:48:13","date_gmt":"2024-10-07T12:48:13","guid":{"rendered":"https:\/\/maranhaotv.com.br\/?p=38343"},"modified":"2024-10-07T09:49:09","modified_gmt":"2024-10-07T12:49:09","slug":"nenem-machado-do-pp-e-eleito-prefeito-de-maraja-do-sena","status":"publish","type":"post","link":"https:\/\/maranhaotv.com.br\/index.php\/2024\/10\/07\/nenem-machado-do-pp-e-eleito-prefeito-de-maraja-do-sena\/","title":{"rendered":"Nen\u00e9m Machado, do PP, \u00e9 eleito prefeito de Maraj\u00e1 do Sena"},"content":{"rendered":"\n<p><br><br><em>Nen\u00e9m Machado teve 50,29% dos votos dados a todos os candidatos. Em segundo lugar ficou Rebeca, com 49,71%<\/em><br><br><br><br>Nen\u00e9m Machado, do PP, foi eleito neste domingo (6) prefeito de Maraj\u00e1 do Sena (MA) para os pr\u00f3ximos quatro anos. Ao fim da apura\u00e7\u00e3o, Nen\u00e9m Machado teve 3.058 votos, 50,29% dos votos v\u00e1lidos (dados a todos os candidatos).<br><br>Os dados foram divulgados pelo Tribunal Superior Eleitoral (TSE).<br><br>Confira o resultado do 1\u00ba turno em Maraj\u00e1 do Sena ap\u00f3s a apura\u00e7\u00e3o:<br><br>Nen\u00e9m Machado (PP): 3.058 votos, 50,29% dos votos v\u00e1lidos<br><br>Rebeca (PSD): 3.023 votos, 49,71% dos votos v\u00e1lidos<br><br>A elei\u00e7\u00e3o em Maraj\u00e1 do Sena teve 6.153 votos totais, o que inclui 11 votos brancos, 0,18% dos votos totais, e 61 votos nulos, 0,99%.<br><br>A absten\u00e7\u00e3o foi de 761 eleitores, 11,01% do total de aptos a votar nas elei\u00e7\u00f5es 2024 na cidade.<br><br>Quem \u00e9 Nen\u00e9m Machado<br><br>Nen\u00e9m Machado tem 46 anos, \u00e9 casado, tem ensino m\u00e9dio completo e declara \u00e0 Justi\u00e7a Eleitoral a ocupa\u00e7\u00e3o de empres\u00e1rio. Ele declarou um patrim\u00f4nio de R$ 490.946,84.<br><br>A vice-prefeita eleita em Maraj\u00e1 do Sena \u00e9 Rosilda do Cleone, do PSB, que tem 47 anos.<br><br>Os dois fazem parte da coliga\u00e7\u00e3o UNIDOS PELA FOR\u00c7A DA MUDAN\u00c7A, formada pelos partidos PP e PSB.<\/p>\n\n\n\n<figure class=\"wp-block-image size-large\"><img loading=\"lazy\" decoding=\"async\" width=\"729\" height=\"1024\" src=\"https:\/\/maranhaotv.com.br\/wp-content\/uploads\/2024\/10\/screenshot_20241007_094348_chrome8377614993342743527-729x1024.jpg\" alt=\"\" class=\"wp-image-38341\" srcset=\"https:\/\/maranhaotv.com.br\/wp-content\/uploads\/2024\/10\/screenshot_20241007_094348_chrome8377614993342743527-729x1024.jpg 729w, https:\/\/maranhaotv.com.br\/wp-content\/uploads\/2024\/10\/screenshot_20241007_094348_chrome8377614993342743527-213x300.jpg 213w, https:\/\/maranhaotv.com.br\/wp-content\/uploads\/2024\/10\/screenshot_20241007_094348_chrome8377614993342743527-768x1079.jpg 768w, https:\/\/maranhaotv.com.br\/wp-content\/uploads\/2024\/10\/screenshot_20241007_094348_chrome8377614993342743527.jpg 1080w\" sizes=\"auto, (max-width: 729px) 100vw, 729px\" \/><\/figure>\n","protected":false},"excerpt":{"rendered":"<p>Nen\u00e9m Machado teve 50,29% dos votos dados a todos os candidatos. Em segundo lugar ficou Rebeca, com 49,71% Nen\u00e9m Machado,<\/p>\n","protected":false},"author":2,"featured_media":38342,"comment_status":"open","ping_status":"open","sticky":false,"template":"","format":"standard","meta":{"colormag_page_container_layout":"default_layout","colormag_page_sidebar_layout":"default_layout","_jetpack_memberships_contains_paid_content":false,"footnotes":""},"categories":[6],"tags":[453],"class_list":["post-38343","post","type-post","status-publish","format-standard","has-post-thumbnail","hentry","category-politica","tag-maraja-do-sena"],"magazineBlocksPostFeaturedMedia":{"thumbnail":"https:\/\/maranhaotv.com.br\/wp-content\/uploads\/2024\/10\/image_editor_output_image280605932-1728305321791-150x150.jpg","medium":"https:\/\/maranhaotv.com.br\/wp-content\/uploads\/2024\/10\/image_editor_output_image280605932-1728305321791-300x150.jpg","medium_large":"https:\/\/maranhaotv.com.br\/wp-content\/uploads\/2024\/10\/image_editor_output_image280605932-1728305321791-768x383.jpg","large":"https:\/\/maranhaotv.com.br\/wp-content\/uploads\/2024\/10\/image_editor_output_image280605932-1728305321791-1024x511.jpg","1536x1536":"https:\/\/maranhaotv.com.br\/wp-content\/uploads\/2024\/10\/image_editor_output_image280605932-1728305321791.jpg","2048x2048":"https:\/\/maranhaotv.com.br\/wp-content\/uploads\/2024\/10\/image_editor_output_image280605932-1728305321791.jpg","colormag-highlighted-post":"https:\/\/maranhaotv.com.br\/wp-content\/uploads\/2024\/10\/image_editor_output_image280605932-1728305321791-392x272.jpg","colormag-featured-post-medium":"https:\/\/maranhaotv.com.br\/wp-content\/uploads\/2024\/10\/image_editor_output_image280605932-1728305321791-390x205.jpg","colormag-featured-post-small":"https:\/\/maranhaotv.com.br\/wp-content\/uploads\/2024\/10\/image_editor_output_image280605932-1728305321791-130x90.jpg","colormag-featured-image":"https:\/\/maranhaotv.com.br\/wp-content\/uploads\/2024\/10\/image_editor_output_image280605932-1728305321791-800x445.jpg","colormag-default-news":"https:\/\/maranhaotv.com.br\/wp-content\/uploads\/2024\/10\/image_editor_output_image280605932-1728305321791-150x150.jpg","colormag-featured-image-large":"https:\/\/maranhaotv.com.br\/wp-content\/uploads\/2024\/10\/image_editor_output_image280605932-1728305321791.jpg"},"magazineBlocksPostAuthor":{"name":"maranhaotv","avatar":"https:\/\/secure.gravatar.com\/avatar\/8fadbca458d4cb68b1dd399ae9a40618d747bb1af65ac9fad21c89220a143eb4?s=96&d=mm&r=g"},"magazineBlocksPostCommentsNumber":"0","magazineBlocksPostExcerpt":"Nen\u00e9m Machado teve 50,29% dos votos dados a todos os candidatos. Em segundo lugar ficou Rebeca, com 49,71% Nen\u00e9m Machado,","magazineBlocksPostCategories":["pol\u00edtica"],"magazineBlocksPostViewCount":366,"magazineBlocksPostReadTime":1,"magazine_blocks_featured_image_url":{"full":["https:\/\/maranhaotv.com.br\/wp-content\/uploads\/2024\/10\/image_editor_output_image280605932-1728305321791.jpg",1080,539,false],"medium":["https:\/\/maranhaotv.com.br\/wp-content\/uploads\/2024\/10\/image_editor_output_image280605932-1728305321791-300x150.jpg",300,150,true],"thumbnail":["https:\/\/maranhaotv.com.br\/wp-content\/uploads\/2024\/10\/image_editor_output_image280605932-1728305321791-150x150.jpg",150,150,true]},"magazine_blocks_author":{"display_name":"maranhaotv","author_link":"https:\/\/maranhaotv.com.br\/index.php\/author\/maranhaotv\/"},"magazine_blocks_comment":0,"magazine_blocks_author_image":"https:\/\/secure.gravatar.com\/avatar\/8fadbca458d4cb68b1dd399ae9a40618d747bb1af65ac9fad21c89220a143eb4?s=96&d=mm&r=g","magazine_blocks_category":"<a href=\"#\" class=\"category-link category-link-6\">pol\u00edtica<\/a>","yoast_head":"<!-- This site is optimized with the Yoast SEO plugin v27.4 - https:\/\/yoast.com\/product\/yoast-seo-wordpress\/ -->\n<title>Nen\u00e9m Machado, do PP, \u00e9 eleito prefeito de Maraj\u00e1 do Sena - NOT\u00cdCIAS EM TEMPO REAL<\/title>\n<meta name=\"robots\" content=\"index, follow, max-snippet:-1, max-image-preview:large, max-video-preview:-1\" \/>\n<link rel=\"canonical\" href=\"https:\/\/maranhaotv.com.br\/index.php\/2024\/10\/07\/nenem-machado-do-pp-e-eleito-prefeito-de-maraja-do-sena\/\" \/>\n<meta property=\"og:locale\" content=\"pt_BR\" \/>\n<meta property=\"og:type\" content=\"article\" \/>\n<meta property=\"og:title\" content=\"Nen\u00e9m Machado, do PP, \u00e9 eleito prefeito de Maraj\u00e1 do Sena - NOT\u00cdCIAS EM TEMPO REAL\" \/>\n<meta property=\"og:description\" content=\"Nen\u00e9m Machado teve 50,29% dos votos dados a todos os candidatos. Em segundo lugar ficou Rebeca, com 49,71% Nen\u00e9m Machado,\" \/>\n<meta property=\"og:url\" content=\"https:\/\/maranhaotv.com.br\/index.php\/2024\/10\/07\/nenem-machado-do-pp-e-eleito-prefeito-de-maraja-do-sena\/\" \/>\n<meta property=\"og:site_name\" content=\"NOT\u00cdCIAS EM TEMPO REAL\" \/>\n<meta property=\"article:publisher\" content=\"https:\/\/www.facebook.com\/maiobaotv\" \/>\n<meta property=\"article:published_time\" content=\"2024-10-07T12:48:13+00:00\" \/>\n<meta property=\"article:modified_time\" content=\"2024-10-07T12:49:09+00:00\" \/>\n<meta property=\"og:image\" content=\"https:\/\/maranhaotv.com.br\/wp-content\/uploads\/2024\/10\/image_editor_output_image280605932-1728305321791.jpg\" \/>\n\t<meta property=\"og:image:width\" content=\"1080\" \/>\n\t<meta property=\"og:image:height\" content=\"539\" \/>\n\t<meta property=\"og:image:type\" content=\"image\/jpeg\" \/>\n<meta name=\"author\" content=\"maranhaotv\" \/>\n<meta name=\"twitter:card\" content=\"summary_large_image\" \/>\n<meta name=\"twitter:creator\" content=\"@sitemaranhaotv\" \/>\n<meta name=\"twitter:site\" content=\"@sitemaranhaotv\" \/>\n<meta name=\"twitter:label1\" content=\"Escrito por\" \/>\n\t<meta name=\"twitter:data1\" content=\"maranhaotv\" \/>\n\t<meta name=\"twitter:label2\" content=\"Est. tempo de leitura\" \/>\n\t<meta name=\"twitter:data2\" content=\"1 minuto\" \/>\n<script type=\"application\/ld+json\" class=\"yoast-schema-graph\">{\"@context\":\"https:\\\/\\\/schema.org\",\"@graph\":[{\"@type\":\"Article\",\"@id\":\"https:\\\/\\\/maranhaotv.com.br\\\/index.php\\\/2024\\\/10\\\/07\\\/nenem-machado-do-pp-e-eleito-prefeito-de-maraja-do-sena\\\/#article\",\"isPartOf\":{\"@id\":\"https:\\\/\\\/maranhaotv.com.br\\\/index.php\\\/2024\\\/10\\\/07\\\/nenem-machado-do-pp-e-eleito-prefeito-de-maraja-do-sena\\\/\"},\"author\":{\"name\":\"maranhaotv\",\"@id\":\"https:\\\/\\\/maranhaotv.com.br\\\/#\\\/schema\\\/person\\\/3d54238e86b20bb5c89ab2fdb8f8829a\"},\"headline\":\"Nen\u00e9m Machado, do PP, \u00e9 eleito prefeito de Maraj\u00e1 do Sena\",\"datePublished\":\"2024-10-07T12:48:13+00:00\",\"dateModified\":\"2024-10-07T12:49:09+00:00\",\"mainEntityOfPage\":{\"@id\":\"https:\\\/\\\/maranhaotv.com.br\\\/index.php\\\/2024\\\/10\\\/07\\\/nenem-machado-do-pp-e-eleito-prefeito-de-maraja-do-sena\\\/\"},\"wordCount\":213,\"commentCount\":0,\"publisher\":{\"@id\":\"https:\\\/\\\/maranhaotv.com.br\\\/#organization\"},\"image\":{\"@id\":\"https:\\\/\\\/maranhaotv.com.br\\\/index.php\\\/2024\\\/10\\\/07\\\/nenem-machado-do-pp-e-eleito-prefeito-de-maraja-do-sena\\\/#primaryimage\"},\"thumbnailUrl\":\"https:\\\/\\\/maranhaotv.com.br\\\/wp-content\\\/uploads\\\/2024\\\/10\\\/image_editor_output_image280605932-1728305321791.jpg\",\"keywords\":[\"Maraj\u00e1 do Sena\"],\"articleSection\":[\"pol\u00edtica\"],\"inLanguage\":\"pt-BR\",\"potentialAction\":[{\"@type\":\"CommentAction\",\"name\":\"Comment\",\"target\":[\"https:\\\/\\\/maranhaotv.com.br\\\/index.php\\\/2024\\\/10\\\/07\\\/nenem-machado-do-pp-e-eleito-prefeito-de-maraja-do-sena\\\/#respond\"]}]},{\"@type\":\"WebPage\",\"@id\":\"https:\\\/\\\/maranhaotv.com.br\\\/index.php\\\/2024\\\/10\\\/07\\\/nenem-machado-do-pp-e-eleito-prefeito-de-maraja-do-sena\\\/\",\"url\":\"https:\\\/\\\/maranhaotv.com.br\\\/index.php\\\/2024\\\/10\\\/07\\\/nenem-machado-do-pp-e-eleito-prefeito-de-maraja-do-sena\\\/\",\"name\":\"Nen\u00e9m Machado, do PP, \u00e9 eleito prefeito de Maraj\u00e1 do Sena - NOT\u00cdCIAS EM TEMPO REAL\",\"isPartOf\":{\"@id\":\"https:\\\/\\\/maranhaotv.com.br\\\/#website\"},\"primaryImageOfPage\":{\"@id\":\"https:\\\/\\\/maranhaotv.com.br\\\/index.php\\\/2024\\\/10\\\/07\\\/nenem-machado-do-pp-e-eleito-prefeito-de-maraja-do-sena\\\/#primaryimage\"},\"image\":{\"@id\":\"https:\\\/\\\/maranhaotv.com.br\\\/index.php\\\/2024\\\/10\\\/07\\\/nenem-machado-do-pp-e-eleito-prefeito-de-maraja-do-sena\\\/#primaryimage\"},\"thumbnailUrl\":\"https:\\\/\\\/maranhaotv.com.br\\\/wp-content\\\/uploads\\\/2024\\\/10\\\/image_editor_output_image280605932-1728305321791.jpg\",\"datePublished\":\"2024-10-07T12:48:13+00:00\",\"dateModified\":\"2024-10-07T12:49:09+00:00\",\"breadcrumb\":{\"@id\":\"https:\\\/\\\/maranhaotv.com.br\\\/index.php\\\/2024\\\/10\\\/07\\\/nenem-machado-do-pp-e-eleito-prefeito-de-maraja-do-sena\\\/#breadcrumb\"},\"inLanguage\":\"pt-BR\",\"potentialAction\":[{\"@type\":\"ReadAction\",\"target\":[\"https:\\\/\\\/maranhaotv.com.br\\\/index.php\\\/2024\\\/10\\\/07\\\/nenem-machado-do-pp-e-eleito-prefeito-de-maraja-do-sena\\\/\"]}]},{\"@type\":\"ImageObject\",\"inLanguage\":\"pt-BR\",\"@id\":\"https:\\\/\\\/maranhaotv.com.br\\\/index.php\\\/2024\\\/10\\\/07\\\/nenem-machado-do-pp-e-eleito-prefeito-de-maraja-do-sena\\\/#primaryimage\",\"url\":\"https:\\\/\\\/maranhaotv.com.br\\\/wp-content\\\/uploads\\\/2024\\\/10\\\/image_editor_output_image280605932-1728305321791.jpg\",\"contentUrl\":\"https:\\\/\\\/maranhaotv.com.br\\\/wp-content\\\/uploads\\\/2024\\\/10\\\/image_editor_output_image280605932-1728305321791.jpg\",\"width\":1080,\"height\":539},{\"@type\":\"BreadcrumbList\",\"@id\":\"https:\\\/\\\/maranhaotv.com.br\\\/index.php\\\/2024\\\/10\\\/07\\\/nenem-machado-do-pp-e-eleito-prefeito-de-maraja-do-sena\\\/#breadcrumb\",\"itemListElement\":[{\"@type\":\"ListItem\",\"position\":1,\"name\":\"In\u00edcio\",\"item\":\"https:\\\/\\\/maranhaotv.com.br\\\/\"},{\"@type\":\"ListItem\",\"position\":2,\"name\":\"Nen\u00e9m Machado, do PP, \u00e9 eleito prefeito de Maraj\u00e1 do Sena\"}]},{\"@type\":\"WebSite\",\"@id\":\"https:\\\/\\\/maranhaotv.com.br\\\/#website\",\"url\":\"https:\\\/\\\/maranhaotv.com.br\\\/\",\"name\":\"Maranh\u00e3oTV\",\"description\":\"\",\"publisher\":{\"@id\":\"https:\\\/\\\/maranhaotv.com.br\\\/#organization\"},\"potentialAction\":[{\"@type\":\"SearchAction\",\"target\":{\"@type\":\"EntryPoint\",\"urlTemplate\":\"https:\\\/\\\/maranhaotv.com.br\\\/?s={search_term_string}\"},\"query-input\":{\"@type\":\"PropertyValueSpecification\",\"valueRequired\":true,\"valueName\":\"search_term_string\"}}],\"inLanguage\":\"pt-BR\"},{\"@type\":\"Organization\",\"@id\":\"https:\\\/\\\/maranhaotv.com.br\\\/#organization\",\"name\":\"Portal de Not\u00edcias\",\"url\":\"https:\\\/\\\/maranhaotv.com.br\\\/\",\"logo\":{\"@type\":\"ImageObject\",\"inLanguage\":\"pt-BR\",\"@id\":\"https:\\\/\\\/maranhaotv.com.br\\\/#\\\/schema\\\/logo\\\/image\\\/\",\"url\":\"https:\\\/\\\/maranhaotv.com.br\\\/wp-content\\\/uploads\\\/2024\\\/05\\\/cropped-cropped-avatar-1.png\",\"contentUrl\":\"https:\\\/\\\/maranhaotv.com.br\\\/wp-content\\\/uploads\\\/2024\\\/05\\\/cropped-cropped-avatar-1.png\",\"width\":792,\"height\":428,\"caption\":\"Portal de Not\u00edcias\"},\"image\":{\"@id\":\"https:\\\/\\\/maranhaotv.com.br\\\/#\\\/schema\\\/logo\\\/image\\\/\"},\"sameAs\":[\"https:\\\/\\\/www.facebook.com\\\/maiobaotv\",\"https:\\\/\\\/x.com\\\/sitemaranhaotv\",\"https:\\\/\\\/www.instagram.com\\\/maranhao.tv\",\"https:\\\/\\\/www.threads.net\\\/@maranhao.tv\"]},{\"@type\":\"Person\",\"@id\":\"https:\\\/\\\/maranhaotv.com.br\\\/#\\\/schema\\\/person\\\/3d54238e86b20bb5c89ab2fdb8f8829a\",\"name\":\"maranhaotv\",\"image\":{\"@type\":\"ImageObject\",\"inLanguage\":\"pt-BR\",\"@id\":\"https:\\\/\\\/secure.gravatar.com\\\/avatar\\\/8fadbca458d4cb68b1dd399ae9a40618d747bb1af65ac9fad21c89220a143eb4?s=96&d=mm&r=g\",\"url\":\"https:\\\/\\\/secure.gravatar.com\\\/avatar\\\/8fadbca458d4cb68b1dd399ae9a40618d747bb1af65ac9fad21c89220a143eb4?s=96&d=mm&r=g\",\"contentUrl\":\"https:\\\/\\\/secure.gravatar.com\\\/avatar\\\/8fadbca458d4cb68b1dd399ae9a40618d747bb1af65ac9fad21c89220a143eb4?s=96&d=mm&r=g\",\"caption\":\"maranhaotv\"},\"sameAs\":[\"https:\\\/\\\/maranhaotv.com.br\\\/\"],\"url\":\"https:\\\/\\\/maranhaotv.com.br\\\/index.php\\\/author\\\/maranhaotv\\\/\"}]}<\/script>\n<!-- \/ Yoast SEO plugin. -->","yoast_head_json":{"title":"Nen\u00e9m Machado, do PP, \u00e9 eleito prefeito de Maraj\u00e1 do Sena - NOT\u00cdCIAS EM TEMPO REAL","robots":{"index":"index","follow":"follow","max-snippet":"max-snippet:-1","max-image-preview":"max-image-preview:large","max-video-preview":"max-video-preview:-1"},"canonical":"https:\/\/maranhaotv.com.br\/index.php\/2024\/10\/07\/nenem-machado-do-pp-e-eleito-prefeito-de-maraja-do-sena\/","og_locale":"pt_BR","og_type":"article","og_title":"Nen\u00e9m Machado, do PP, \u00e9 eleito prefeito de Maraj\u00e1 do Sena - NOT\u00cdCIAS EM TEMPO REAL","og_description":"Nen\u00e9m Machado teve 50,29% dos votos dados a todos os candidatos. Em segundo lugar ficou Rebeca, com 49,71% Nen\u00e9m Machado,","og_url":"https:\/\/maranhaotv.com.br\/index.php\/2024\/10\/07\/nenem-machado-do-pp-e-eleito-prefeito-de-maraja-do-sena\/","og_site_name":"NOT\u00cdCIAS EM TEMPO REAL","article_publisher":"https:\/\/www.facebook.com\/maiobaotv","article_published_time":"2024-10-07T12:48:13+00:00","article_modified_time":"2024-10-07T12:49:09+00:00","og_image":[{"width":1080,"height":539,"url":"https:\/\/maranhaotv.com.br\/wp-content\/uploads\/2024\/10\/image_editor_output_image280605932-1728305321791.jpg","type":"image\/jpeg"}],"author":"maranhaotv","twitter_card":"summary_large_image","twitter_creator":"@sitemaranhaotv","twitter_site":"@sitemaranhaotv","twitter_misc":{"Escrito por":"maranhaotv","Est. tempo de leitura":"1 minuto"},"schema":{"@context":"https:\/\/schema.org","@graph":[{"@type":"Article","@id":"https:\/\/maranhaotv.com.br\/index.php\/2024\/10\/07\/nenem-machado-do-pp-e-eleito-prefeito-de-maraja-do-sena\/#article","isPartOf":{"@id":"https:\/\/maranhaotv.com.br\/index.php\/2024\/10\/07\/nenem-machado-do-pp-e-eleito-prefeito-de-maraja-do-sena\/"},"author":{"name":"maranhaotv","@id":"https:\/\/maranhaotv.com.br\/#\/schema\/person\/3d54238e86b20bb5c89ab2fdb8f8829a"},"headline":"Nen\u00e9m Machado, do PP, \u00e9 eleito prefeito de Maraj\u00e1 do Sena","datePublished":"2024-10-07T12:48:13+00:00","dateModified":"2024-10-07T12:49:09+00:00","mainEntityOfPage":{"@id":"https:\/\/maranhaotv.com.br\/index.php\/2024\/10\/07\/nenem-machado-do-pp-e-eleito-prefeito-de-maraja-do-sena\/"},"wordCount":213,"commentCount":0,"publisher":{"@id":"https:\/\/maranhaotv.com.br\/#organization"},"image":{"@id":"https:\/\/maranhaotv.com.br\/index.php\/2024\/10\/07\/nenem-machado-do-pp-e-eleito-prefeito-de-maraja-do-sena\/#primaryimage"},"thumbnailUrl":"https:\/\/maranhaotv.com.br\/wp-content\/uploads\/2024\/10\/image_editor_output_image280605932-1728305321791.jpg","keywords":["Maraj\u00e1 do Sena"],"articleSection":["pol\u00edtica"],"inLanguage":"pt-BR","potentialAction":[{"@type":"CommentAction","name":"Comment","target":["https:\/\/maranhaotv.com.br\/index.php\/2024\/10\/07\/nenem-machado-do-pp-e-eleito-prefeito-de-maraja-do-sena\/#respond"]}]},{"@type":"WebPage","@id":"https:\/\/maranhaotv.com.br\/index.php\/2024\/10\/07\/nenem-machado-do-pp-e-eleito-prefeito-de-maraja-do-sena\/","url":"https:\/\/maranhaotv.com.br\/index.php\/2024\/10\/07\/nenem-machado-do-pp-e-eleito-prefeito-de-maraja-do-sena\/","name":"Nen\u00e9m Machado, do PP, \u00e9 eleito prefeito de Maraj\u00e1 do Sena - NOT\u00cdCIAS EM TEMPO REAL","isPartOf":{"@id":"https:\/\/maranhaotv.com.br\/#website"},"primaryImageOfPage":{"@id":"https:\/\/maranhaotv.com.br\/index.php\/2024\/10\/07\/nenem-machado-do-pp-e-eleito-prefeito-de-maraja-do-sena\/#primaryimage"},"image":{"@id":"https:\/\/maranhaotv.com.br\/index.php\/2024\/10\/07\/nenem-machado-do-pp-e-eleito-prefeito-de-maraja-do-sena\/#primaryimage"},"thumbnailUrl":"https:\/\/maranhaotv.com.br\/wp-content\/uploads\/2024\/10\/image_editor_output_image280605932-1728305321791.jpg","datePublished":"2024-10-07T12:48:13+00:00","dateModified":"2024-10-07T12:49:09+00:00","breadcrumb":{"@id":"https:\/\/maranhaotv.com.br\/index.php\/2024\/10\/07\/nenem-machado-do-pp-e-eleito-prefeito-de-maraja-do-sena\/#breadcrumb"},"inLanguage":"pt-BR","potentialAction":[{"@type":"ReadAction","target":["https:\/\/maranhaotv.com.br\/index.php\/2024\/10\/07\/nenem-machado-do-pp-e-eleito-prefeito-de-maraja-do-sena\/"]}]},{"@type":"ImageObject","inLanguage":"pt-BR","@id":"https:\/\/maranhaotv.com.br\/index.php\/2024\/10\/07\/nenem-machado-do-pp-e-eleito-prefeito-de-maraja-do-sena\/#primaryimage","url":"https:\/\/maranhaotv.com.br\/wp-content\/uploads\/2024\/10\/image_editor_output_image280605932-1728305321791.jpg","contentUrl":"https:\/\/maranhaotv.com.br\/wp-content\/uploads\/2024\/10\/image_editor_output_image280605932-1728305321791.jpg","width":1080,"height":539},{"@type":"BreadcrumbList","@id":"https:\/\/maranhaotv.com.br\/index.php\/2024\/10\/07\/nenem-machado-do-pp-e-eleito-prefeito-de-maraja-do-sena\/#breadcrumb","itemListElement":[{"@type":"ListItem","position":1,"name":"In\u00edcio","item":"https:\/\/maranhaotv.com.br\/"},{"@type":"ListItem","position":2,"name":"Nen\u00e9m Machado, do PP, \u00e9 eleito prefeito de Maraj\u00e1 do Sena"}]},{"@type":"WebSite","@id":"https:\/\/maranhaotv.com.br\/#website","url":"https:\/\/maranhaotv.com.br\/","name":"Maranh\u00e3oTV","description":"","publisher":{"@id":"https:\/\/maranhaotv.com.br\/#organization"},"potentialAction":[{"@type":"SearchAction","target":{"@type":"EntryPoint","urlTemplate":"https:\/\/maranhaotv.com.br\/?s={search_term_string}"},"query-input":{"@type":"PropertyValueSpecification","valueRequired":true,"valueName":"search_term_string"}}],"inLanguage":"pt-BR"},{"@type":"Organization","@id":"https:\/\/maranhaotv.com.br\/#organization","name":"Portal de Not\u00edcias","url":"https:\/\/maranhaotv.com.br\/","logo":{"@type":"ImageObject","inLanguage":"pt-BR","@id":"https:\/\/maranhaotv.com.br\/#\/schema\/logo\/image\/","url":"https:\/\/maranhaotv.com.br\/wp-content\/uploads\/2024\/05\/cropped-cropped-avatar-1.png","contentUrl":"https:\/\/maranhaotv.com.br\/wp-content\/uploads\/2024\/05\/cropped-cropped-avatar-1.png","width":792,"height":428,"caption":"Portal de Not\u00edcias"},"image":{"@id":"https:\/\/maranhaotv.com.br\/#\/schema\/logo\/image\/"},"sameAs":["https:\/\/www.facebook.com\/maiobaotv","https:\/\/x.com\/sitemaranhaotv","https:\/\/www.instagram.com\/maranhao.tv","https:\/\/www.threads.net\/@maranhao.tv"]},{"@type":"Person","@id":"https:\/\/maranhaotv.com.br\/#\/schema\/person\/3d54238e86b20bb5c89ab2fdb8f8829a","name":"maranhaotv","image":{"@type":"ImageObject","inLanguage":"pt-BR","@id":"https:\/\/secure.gravatar.com\/avatar\/8fadbca458d4cb68b1dd399ae9a40618d747bb1af65ac9fad21c89220a143eb4?s=96&d=mm&r=g","url":"https:\/\/secure.gravatar.com\/avatar\/8fadbca458d4cb68b1dd399ae9a40618d747bb1af65ac9fad21c89220a143eb4?s=96&d=mm&r=g","contentUrl":"https:\/\/secure.gravatar.com\/avatar\/8fadbca458d4cb68b1dd399ae9a40618d747bb1af65ac9fad21c89220a143eb4?s=96&d=mm&r=g","caption":"maranhaotv"},"sameAs":["https:\/\/maranhaotv.com.br\/"],"url":"https:\/\/maranhaotv.com.br\/index.php\/author\/maranhaotv\/"}]}},"jetpack_featured_media_url":"https:\/\/maranhaotv.com.br\/wp-content\/uploads\/2024\/10\/image_editor_output_image280605932-1728305321791.jpg","jetpack_sharing_enabled":true,"_links":{"self":[{"href":"https:\/\/maranhaotv.com.br\/index.php\/wp-json\/wp\/v2\/posts\/38343","targetHints":{"allow":["GET"]}}],"collection":[{"href":"https:\/\/maranhaotv.com.br\/index.php\/wp-json\/wp\/v2\/posts"}],"about":[{"href":"https:\/\/maranhaotv.com.br\/index.php\/wp-json\/wp\/v2\/types\/post"}],"author":[{"embeddable":true,"href":"https:\/\/maranhaotv.com.br\/index.php\/wp-json\/wp\/v2\/users\/2"}],"replies":[{"embeddable":true,"href":"https:\/\/maranhaotv.com.br\/index.php\/wp-json\/wp\/v2\/comments?post=38343"}],"version-history":[{"count":1,"href":"https:\/\/maranhaotv.com.br\/index.php\/wp-json\/wp\/v2\/posts\/38343\/revisions"}],"predecessor-version":[{"id":38344,"href":"https:\/\/maranhaotv.com.br\/index.php\/wp-json\/wp\/v2\/posts\/38343\/revisions\/38344"}],"wp:featuredmedia":[{"embeddable":true,"href":"https:\/\/maranhaotv.com.br\/index.php\/wp-json\/wp\/v2\/media\/38342"}],"wp:attachment":[{"href":"https:\/\/maranhaotv.com.br\/index.php\/wp-json\/wp\/v2\/media?parent=38343"}],"wp:term":[{"taxonomy":"category","embeddable":true,"href":"https:\/\/maranhaotv.com.br\/index.php\/wp-json\/wp\/v2\/categories?post=38343"},{"taxonomy":"post_tag","embeddable":true,"href":"https:\/\/maranhaotv.com.br\/index.php\/wp-json\/wp\/v2\/tags?post=38343"}],"curies":[{"name":"wp","href":"https:\/\/api.w.org\/{rel}","templated":true}]}}