{"id":38347,"date":"2024-10-07T09:57:26","date_gmt":"2024-10-07T12:57:26","guid":{"rendered":"https:\/\/maranhaotv.com.br\/?p=38347"},"modified":"2024-10-07T09:57:58","modified_gmt":"2024-10-07T12:57:58","slug":"adailson-machado-do-pp-e-eleito-prefeito-de-paulo-ramos","status":"publish","type":"post","link":"https:\/\/maranhaotv.com.br\/index.php\/2024\/10\/07\/adailson-machado-do-pp-e-eleito-prefeito-de-paulo-ramos\/","title":{"rendered":"Adailson Machado, do PP, \u00e9 eleito prefeito de Paulo Ramos"},"content":{"rendered":"\n<p><br><br><em>Adailson Machado teve 69,61% dos votos dados a todos os candidatos. Em segundo lugar ficou Renata Martins, com 30,39%. Veja a lista de candidatos a vereador mais votados.<\/em><br><br><br><br><br>Adailson Machado, do PP, foi eleito neste domingo (6) prefeito de Paulo Ramos (MA) para os pr\u00f3ximos quatro anos. Ao fim da apura\u00e7\u00e3o, Adailson Machado teve 9.401 votos, 69,61% dos votos v\u00e1lidos (dados a todos os candidatos).<br><br>Os dados foram divulgados pelo Tribunal Superior Eleitoral (TSE).<br><br>Confira o resultado do 1\u00ba turno em Paulo Ramos ap\u00f3s a apura\u00e7\u00e3o:<br><br>Adailson Machado (PP): 9.401 votos, 69,61% dos votos v\u00e1lidos<br><br>Renata Martins (PDT): 4.104 votos, 30,39% dos votos v\u00e1lidos<br><br>A elei\u00e7\u00e3o em Paulo Ramos teve 13.834 votos totais, o que inclui 90 votos brancos, 0,65% dos votos totais, e 239 votos nulos, 1,73%.<br><br>A absten\u00e7\u00e3o foi de 3.136 eleitores, 18,48% do total de aptos a votar nas elei\u00e7\u00f5es 2024 na cidade.<br><br>Quem \u00e9 Adailson Machado<br><br>Adailson Machado tem 52 anos, \u00e9 divorciado, tem superior completo e declara \u00e0 Justi\u00e7a Eleitoral a ocupa\u00e7\u00e3o de prefeito. Ele declarou um patrim\u00f4nio de R$ 170.000.<br><br>O vice-prefeito eleito em Paulo Ramos \u00e9 Weltran, do PP, que tem 56 anos.<br><br>Os dois fazem parte da coliga\u00e7\u00e3o O PROGRESSO CONTINUA, formada pelos partidos PP e PSB.<\/p>\n\n\n\n<figure class=\"wp-block-image size-large\"><img loading=\"lazy\" decoding=\"async\" width=\"1024\" height=\"858\" src=\"https:\/\/maranhaotv.com.br\/wp-content\/uploads\/2024\/10\/screenshot_20241007_095645_chrome1501522991217880605-1024x858.jpg\" alt=\"\" class=\"wp-image-38345\" srcset=\"https:\/\/maranhaotv.com.br\/wp-content\/uploads\/2024\/10\/screenshot_20241007_095645_chrome1501522991217880605-1024x858.jpg 1024w, https:\/\/maranhaotv.com.br\/wp-content\/uploads\/2024\/10\/screenshot_20241007_095645_chrome1501522991217880605-300x251.jpg 300w, https:\/\/maranhaotv.com.br\/wp-content\/uploads\/2024\/10\/screenshot_20241007_095645_chrome1501522991217880605-768x644.jpg 768w, https:\/\/maranhaotv.com.br\/wp-content\/uploads\/2024\/10\/screenshot_20241007_095645_chrome1501522991217880605.jpg 1080w\" sizes=\"auto, (max-width: 1024px) 100vw, 1024px\" \/><\/figure>\n","protected":false},"excerpt":{"rendered":"<p>Adailson Machado teve 69,61% dos votos dados a todos os candidatos. Em segundo lugar ficou Renata Martins, com 30,39%. Veja<\/p>\n","protected":false},"author":2,"featured_media":38346,"comment_status":"open","ping_status":"open","sticky":false,"template":"","format":"standard","meta":{"colormag_page_container_layout":"default_layout","colormag_page_sidebar_layout":"default_layout","_jetpack_memberships_contains_paid_content":false,"footnotes":""},"categories":[6],"tags":[456,452],"class_list":["post-38347","post","type-post","status-publish","format-standard","has-post-thumbnail","hentry","category-politica","tag-adailson-machado","tag-paulo-ramos"],"magazineBlocksPostFeaturedMedia":{"thumbnail":"https:\/\/maranhaotv.com.br\/wp-content\/uploads\/2024\/10\/image_editor_output_image-115766291-1728305854282-150x150.jpg","medium":"https:\/\/maranhaotv.com.br\/wp-content\/uploads\/2024\/10\/image_editor_output_image-115766291-1728305854282-300x160.jpg","medium_large":"https:\/\/maranhaotv.com.br\/wp-content\/uploads\/2024\/10\/image_editor_output_image-115766291-1728305854282-768x409.jpg","large":"https:\/\/maranhaotv.com.br\/wp-content\/uploads\/2024\/10\/image_editor_output_image-115766291-1728305854282-1024x545.jpg","1536x1536":"https:\/\/maranhaotv.com.br\/wp-content\/uploads\/2024\/10\/image_editor_output_image-115766291-1728305854282.jpg","2048x2048":"https:\/\/maranhaotv.com.br\/wp-content\/uploads\/2024\/10\/image_editor_output_image-115766291-1728305854282.jpg","colormag-highlighted-post":"https:\/\/maranhaotv.com.br\/wp-content\/uploads\/2024\/10\/image_editor_output_image-115766291-1728305854282-392x272.jpg","colormag-featured-post-medium":"https:\/\/maranhaotv.com.br\/wp-content\/uploads\/2024\/10\/image_editor_output_image-115766291-1728305854282-390x205.jpg","colormag-featured-post-small":"https:\/\/maranhaotv.com.br\/wp-content\/uploads\/2024\/10\/image_editor_output_image-115766291-1728305854282-130x90.jpg","colormag-featured-image":"https:\/\/maranhaotv.com.br\/wp-content\/uploads\/2024\/10\/image_editor_output_image-115766291-1728305854282-800x445.jpg","colormag-default-news":"https:\/\/maranhaotv.com.br\/wp-content\/uploads\/2024\/10\/image_editor_output_image-115766291-1728305854282-150x150.jpg","colormag-featured-image-large":"https:\/\/maranhaotv.com.br\/wp-content\/uploads\/2024\/10\/image_editor_output_image-115766291-1728305854282.jpg"},"magazineBlocksPostAuthor":{"name":"maranhaotv","avatar":"https:\/\/secure.gravatar.com\/avatar\/8fadbca458d4cb68b1dd399ae9a40618d747bb1af65ac9fad21c89220a143eb4?s=96&d=mm&r=g"},"magazineBlocksPostCommentsNumber":"0","magazineBlocksPostExcerpt":"Adailson Machado teve 69,61% dos votos dados a todos os candidatos. Em segundo lugar ficou Renata Martins, com 30,39%. Veja","magazineBlocksPostCategories":["pol\u00edtica"],"magazineBlocksPostViewCount":235,"magazineBlocksPostReadTime":1,"magazine_blocks_featured_image_url":{"full":["https:\/\/maranhaotv.com.br\/wp-content\/uploads\/2024\/10\/image_editor_output_image-115766291-1728305854282.jpg",1080,575,false],"medium":["https:\/\/maranhaotv.com.br\/wp-content\/uploads\/2024\/10\/image_editor_output_image-115766291-1728305854282-300x160.jpg",300,160,true],"thumbnail":["https:\/\/maranhaotv.com.br\/wp-content\/uploads\/2024\/10\/image_editor_output_image-115766291-1728305854282-150x150.jpg",150,150,true]},"magazine_blocks_author":{"display_name":"maranhaotv","author_link":"https:\/\/maranhaotv.com.br\/index.php\/author\/maranhaotv\/"},"magazine_blocks_comment":0,"magazine_blocks_author_image":"https:\/\/secure.gravatar.com\/avatar\/8fadbca458d4cb68b1dd399ae9a40618d747bb1af65ac9fad21c89220a143eb4?s=96&d=mm&r=g","magazine_blocks_category":"<a href=\"#\" class=\"category-link category-link-6\">pol\u00edtica<\/a>","yoast_head":"<!-- This site is optimized with the Yoast SEO plugin v27.4 - https:\/\/yoast.com\/product\/yoast-seo-wordpress\/ -->\n<title>Adailson Machado, do PP, \u00e9 eleito prefeito de Paulo Ramos - NOT\u00cdCIAS EM TEMPO REAL<\/title>\n<meta name=\"robots\" content=\"index, follow, max-snippet:-1, max-image-preview:large, max-video-preview:-1\" \/>\n<link rel=\"canonical\" href=\"https:\/\/maranhaotv.com.br\/index.php\/2024\/10\/07\/adailson-machado-do-pp-e-eleito-prefeito-de-paulo-ramos\/\" \/>\n<meta property=\"og:locale\" content=\"pt_BR\" \/>\n<meta property=\"og:type\" content=\"article\" \/>\n<meta property=\"og:title\" content=\"Adailson Machado, do PP, \u00e9 eleito prefeito de Paulo Ramos - NOT\u00cdCIAS EM TEMPO REAL\" \/>\n<meta property=\"og:description\" content=\"Adailson Machado teve 69,61% dos votos dados a todos os candidatos. Em segundo lugar ficou Renata Martins, com 30,39%. Veja\" \/>\n<meta property=\"og:url\" content=\"https:\/\/maranhaotv.com.br\/index.php\/2024\/10\/07\/adailson-machado-do-pp-e-eleito-prefeito-de-paulo-ramos\/\" \/>\n<meta property=\"og:site_name\" content=\"NOT\u00cdCIAS EM TEMPO REAL\" \/>\n<meta property=\"article:publisher\" content=\"https:\/\/www.facebook.com\/maiobaotv\" \/>\n<meta property=\"article:published_time\" content=\"2024-10-07T12:57:26+00:00\" \/>\n<meta property=\"article:modified_time\" content=\"2024-10-07T12:57:58+00:00\" \/>\n<meta property=\"og:image\" content=\"https:\/\/maranhaotv.com.br\/wp-content\/uploads\/2024\/10\/image_editor_output_image-115766291-1728305854282.jpg\" \/>\n\t<meta property=\"og:image:width\" content=\"1080\" \/>\n\t<meta property=\"og:image:height\" content=\"575\" \/>\n\t<meta property=\"og:image:type\" content=\"image\/jpeg\" \/>\n<meta name=\"author\" content=\"maranhaotv\" \/>\n<meta name=\"twitter:card\" content=\"summary_large_image\" \/>\n<meta name=\"twitter:creator\" content=\"@sitemaranhaotv\" \/>\n<meta name=\"twitter:site\" content=\"@sitemaranhaotv\" \/>\n<meta name=\"twitter:label1\" content=\"Escrito por\" \/>\n\t<meta name=\"twitter:data1\" content=\"maranhaotv\" \/>\n\t<meta name=\"twitter:label2\" content=\"Est. tempo de leitura\" \/>\n\t<meta name=\"twitter:data2\" content=\"1 minuto\" \/>\n<script type=\"application\/ld+json\" class=\"yoast-schema-graph\">{\"@context\":\"https:\\\/\\\/schema.org\",\"@graph\":[{\"@type\":\"Article\",\"@id\":\"https:\\\/\\\/maranhaotv.com.br\\\/index.php\\\/2024\\\/10\\\/07\\\/adailson-machado-do-pp-e-eleito-prefeito-de-paulo-ramos\\\/#article\",\"isPartOf\":{\"@id\":\"https:\\\/\\\/maranhaotv.com.br\\\/index.php\\\/2024\\\/10\\\/07\\\/adailson-machado-do-pp-e-eleito-prefeito-de-paulo-ramos\\\/\"},\"author\":{\"name\":\"maranhaotv\",\"@id\":\"https:\\\/\\\/maranhaotv.com.br\\\/#\\\/schema\\\/person\\\/3d54238e86b20bb5c89ab2fdb8f8829a\"},\"headline\":\"Adailson Machado, do PP, \u00e9 eleito prefeito de Paulo Ramos\",\"datePublished\":\"2024-10-07T12:57:26+00:00\",\"dateModified\":\"2024-10-07T12:57:58+00:00\",\"mainEntityOfPage\":{\"@id\":\"https:\\\/\\\/maranhaotv.com.br\\\/index.php\\\/2024\\\/10\\\/07\\\/adailson-machado-do-pp-e-eleito-prefeito-de-paulo-ramos\\\/\"},\"wordCount\":203,\"commentCount\":0,\"publisher\":{\"@id\":\"https:\\\/\\\/maranhaotv.com.br\\\/#organization\"},\"image\":{\"@id\":\"https:\\\/\\\/maranhaotv.com.br\\\/index.php\\\/2024\\\/10\\\/07\\\/adailson-machado-do-pp-e-eleito-prefeito-de-paulo-ramos\\\/#primaryimage\"},\"thumbnailUrl\":\"https:\\\/\\\/maranhaotv.com.br\\\/wp-content\\\/uploads\\\/2024\\\/10\\\/image_editor_output_image-115766291-1728305854282.jpg\",\"keywords\":[\"Adailson Machado\",\"Paulo Ramos\"],\"articleSection\":[\"pol\u00edtica\"],\"inLanguage\":\"pt-BR\",\"potentialAction\":[{\"@type\":\"CommentAction\",\"name\":\"Comment\",\"target\":[\"https:\\\/\\\/maranhaotv.com.br\\\/index.php\\\/2024\\\/10\\\/07\\\/adailson-machado-do-pp-e-eleito-prefeito-de-paulo-ramos\\\/#respond\"]}]},{\"@type\":\"WebPage\",\"@id\":\"https:\\\/\\\/maranhaotv.com.br\\\/index.php\\\/2024\\\/10\\\/07\\\/adailson-machado-do-pp-e-eleito-prefeito-de-paulo-ramos\\\/\",\"url\":\"https:\\\/\\\/maranhaotv.com.br\\\/index.php\\\/2024\\\/10\\\/07\\\/adailson-machado-do-pp-e-eleito-prefeito-de-paulo-ramos\\\/\",\"name\":\"Adailson Machado, do PP, \u00e9 eleito prefeito de Paulo Ramos - NOT\u00cdCIAS EM TEMPO REAL\",\"isPartOf\":{\"@id\":\"https:\\\/\\\/maranhaotv.com.br\\\/#website\"},\"primaryImageOfPage\":{\"@id\":\"https:\\\/\\\/maranhaotv.com.br\\\/index.php\\\/2024\\\/10\\\/07\\\/adailson-machado-do-pp-e-eleito-prefeito-de-paulo-ramos\\\/#primaryimage\"},\"image\":{\"@id\":\"https:\\\/\\\/maranhaotv.com.br\\\/index.php\\\/2024\\\/10\\\/07\\\/adailson-machado-do-pp-e-eleito-prefeito-de-paulo-ramos\\\/#primaryimage\"},\"thumbnailUrl\":\"https:\\\/\\\/maranhaotv.com.br\\\/wp-content\\\/uploads\\\/2024\\\/10\\\/image_editor_output_image-115766291-1728305854282.jpg\",\"datePublished\":\"2024-10-07T12:57:26+00:00\",\"dateModified\":\"2024-10-07T12:57:58+00:00\",\"breadcrumb\":{\"@id\":\"https:\\\/\\\/maranhaotv.com.br\\\/index.php\\\/2024\\\/10\\\/07\\\/adailson-machado-do-pp-e-eleito-prefeito-de-paulo-ramos\\\/#breadcrumb\"},\"inLanguage\":\"pt-BR\",\"potentialAction\":[{\"@type\":\"ReadAction\",\"target\":[\"https:\\\/\\\/maranhaotv.com.br\\\/index.php\\\/2024\\\/10\\\/07\\\/adailson-machado-do-pp-e-eleito-prefeito-de-paulo-ramos\\\/\"]}]},{\"@type\":\"ImageObject\",\"inLanguage\":\"pt-BR\",\"@id\":\"https:\\\/\\\/maranhaotv.com.br\\\/index.php\\\/2024\\\/10\\\/07\\\/adailson-machado-do-pp-e-eleito-prefeito-de-paulo-ramos\\\/#primaryimage\",\"url\":\"https:\\\/\\\/maranhaotv.com.br\\\/wp-content\\\/uploads\\\/2024\\\/10\\\/image_editor_output_image-115766291-1728305854282.jpg\",\"contentUrl\":\"https:\\\/\\\/maranhaotv.com.br\\\/wp-content\\\/uploads\\\/2024\\\/10\\\/image_editor_output_image-115766291-1728305854282.jpg\",\"width\":1080,\"height\":575},{\"@type\":\"BreadcrumbList\",\"@id\":\"https:\\\/\\\/maranhaotv.com.br\\\/index.php\\\/2024\\\/10\\\/07\\\/adailson-machado-do-pp-e-eleito-prefeito-de-paulo-ramos\\\/#breadcrumb\",\"itemListElement\":[{\"@type\":\"ListItem\",\"position\":1,\"name\":\"In\u00edcio\",\"item\":\"https:\\\/\\\/maranhaotv.com.br\\\/\"},{\"@type\":\"ListItem\",\"position\":2,\"name\":\"Adailson Machado, do PP, \u00e9 eleito prefeito de Paulo Ramos\"}]},{\"@type\":\"WebSite\",\"@id\":\"https:\\\/\\\/maranhaotv.com.br\\\/#website\",\"url\":\"https:\\\/\\\/maranhaotv.com.br\\\/\",\"name\":\"Maranh\u00e3oTV\",\"description\":\"\",\"publisher\":{\"@id\":\"https:\\\/\\\/maranhaotv.com.br\\\/#organization\"},\"potentialAction\":[{\"@type\":\"SearchAction\",\"target\":{\"@type\":\"EntryPoint\",\"urlTemplate\":\"https:\\\/\\\/maranhaotv.com.br\\\/?s={search_term_string}\"},\"query-input\":{\"@type\":\"PropertyValueSpecification\",\"valueRequired\":true,\"valueName\":\"search_term_string\"}}],\"inLanguage\":\"pt-BR\"},{\"@type\":\"Organization\",\"@id\":\"https:\\\/\\\/maranhaotv.com.br\\\/#organization\",\"name\":\"Portal de Not\u00edcias\",\"url\":\"https:\\\/\\\/maranhaotv.com.br\\\/\",\"logo\":{\"@type\":\"ImageObject\",\"inLanguage\":\"pt-BR\",\"@id\":\"https:\\\/\\\/maranhaotv.com.br\\\/#\\\/schema\\\/logo\\\/image\\\/\",\"url\":\"https:\\\/\\\/maranhaotv.com.br\\\/wp-content\\\/uploads\\\/2024\\\/05\\\/cropped-cropped-avatar-1.png\",\"contentUrl\":\"https:\\\/\\\/maranhaotv.com.br\\\/wp-content\\\/uploads\\\/2024\\\/05\\\/cropped-cropped-avatar-1.png\",\"width\":792,\"height\":428,\"caption\":\"Portal de Not\u00edcias\"},\"image\":{\"@id\":\"https:\\\/\\\/maranhaotv.com.br\\\/#\\\/schema\\\/logo\\\/image\\\/\"},\"sameAs\":[\"https:\\\/\\\/www.facebook.com\\\/maiobaotv\",\"https:\\\/\\\/x.com\\\/sitemaranhaotv\",\"https:\\\/\\\/www.instagram.com\\\/maranhao.tv\",\"https:\\\/\\\/www.threads.net\\\/@maranhao.tv\"]},{\"@type\":\"Person\",\"@id\":\"https:\\\/\\\/maranhaotv.com.br\\\/#\\\/schema\\\/person\\\/3d54238e86b20bb5c89ab2fdb8f8829a\",\"name\":\"maranhaotv\",\"image\":{\"@type\":\"ImageObject\",\"inLanguage\":\"pt-BR\",\"@id\":\"https:\\\/\\\/secure.gravatar.com\\\/avatar\\\/8fadbca458d4cb68b1dd399ae9a40618d747bb1af65ac9fad21c89220a143eb4?s=96&d=mm&r=g\",\"url\":\"https:\\\/\\\/secure.gravatar.com\\\/avatar\\\/8fadbca458d4cb68b1dd399ae9a40618d747bb1af65ac9fad21c89220a143eb4?s=96&d=mm&r=g\",\"contentUrl\":\"https:\\\/\\\/secure.gravatar.com\\\/avatar\\\/8fadbca458d4cb68b1dd399ae9a40618d747bb1af65ac9fad21c89220a143eb4?s=96&d=mm&r=g\",\"caption\":\"maranhaotv\"},\"sameAs\":[\"https:\\\/\\\/maranhaotv.com.br\\\/\"],\"url\":\"https:\\\/\\\/maranhaotv.com.br\\\/index.php\\\/author\\\/maranhaotv\\\/\"}]}<\/script>\n<!-- \/ Yoast SEO plugin. -->","yoast_head_json":{"title":"Adailson Machado, do PP, \u00e9 eleito prefeito de Paulo Ramos - NOT\u00cdCIAS EM TEMPO REAL","robots":{"index":"index","follow":"follow","max-snippet":"max-snippet:-1","max-image-preview":"max-image-preview:large","max-video-preview":"max-video-preview:-1"},"canonical":"https:\/\/maranhaotv.com.br\/index.php\/2024\/10\/07\/adailson-machado-do-pp-e-eleito-prefeito-de-paulo-ramos\/","og_locale":"pt_BR","og_type":"article","og_title":"Adailson Machado, do PP, \u00e9 eleito prefeito de Paulo Ramos - NOT\u00cdCIAS EM TEMPO REAL","og_description":"Adailson Machado teve 69,61% dos votos dados a todos os candidatos. Em segundo lugar ficou Renata Martins, com 30,39%. Veja","og_url":"https:\/\/maranhaotv.com.br\/index.php\/2024\/10\/07\/adailson-machado-do-pp-e-eleito-prefeito-de-paulo-ramos\/","og_site_name":"NOT\u00cdCIAS EM TEMPO REAL","article_publisher":"https:\/\/www.facebook.com\/maiobaotv","article_published_time":"2024-10-07T12:57:26+00:00","article_modified_time":"2024-10-07T12:57:58+00:00","og_image":[{"width":1080,"height":575,"url":"https:\/\/maranhaotv.com.br\/wp-content\/uploads\/2024\/10\/image_editor_output_image-115766291-1728305854282.jpg","type":"image\/jpeg"}],"author":"maranhaotv","twitter_card":"summary_large_image","twitter_creator":"@sitemaranhaotv","twitter_site":"@sitemaranhaotv","twitter_misc":{"Escrito por":"maranhaotv","Est. tempo de leitura":"1 minuto"},"schema":{"@context":"https:\/\/schema.org","@graph":[{"@type":"Article","@id":"https:\/\/maranhaotv.com.br\/index.php\/2024\/10\/07\/adailson-machado-do-pp-e-eleito-prefeito-de-paulo-ramos\/#article","isPartOf":{"@id":"https:\/\/maranhaotv.com.br\/index.php\/2024\/10\/07\/adailson-machado-do-pp-e-eleito-prefeito-de-paulo-ramos\/"},"author":{"name":"maranhaotv","@id":"https:\/\/maranhaotv.com.br\/#\/schema\/person\/3d54238e86b20bb5c89ab2fdb8f8829a"},"headline":"Adailson Machado, do PP, \u00e9 eleito prefeito de Paulo Ramos","datePublished":"2024-10-07T12:57:26+00:00","dateModified":"2024-10-07T12:57:58+00:00","mainEntityOfPage":{"@id":"https:\/\/maranhaotv.com.br\/index.php\/2024\/10\/07\/adailson-machado-do-pp-e-eleito-prefeito-de-paulo-ramos\/"},"wordCount":203,"commentCount":0,"publisher":{"@id":"https:\/\/maranhaotv.com.br\/#organization"},"image":{"@id":"https:\/\/maranhaotv.com.br\/index.php\/2024\/10\/07\/adailson-machado-do-pp-e-eleito-prefeito-de-paulo-ramos\/#primaryimage"},"thumbnailUrl":"https:\/\/maranhaotv.com.br\/wp-content\/uploads\/2024\/10\/image_editor_output_image-115766291-1728305854282.jpg","keywords":["Adailson Machado","Paulo Ramos"],"articleSection":["pol\u00edtica"],"inLanguage":"pt-BR","potentialAction":[{"@type":"CommentAction","name":"Comment","target":["https:\/\/maranhaotv.com.br\/index.php\/2024\/10\/07\/adailson-machado-do-pp-e-eleito-prefeito-de-paulo-ramos\/#respond"]}]},{"@type":"WebPage","@id":"https:\/\/maranhaotv.com.br\/index.php\/2024\/10\/07\/adailson-machado-do-pp-e-eleito-prefeito-de-paulo-ramos\/","url":"https:\/\/maranhaotv.com.br\/index.php\/2024\/10\/07\/adailson-machado-do-pp-e-eleito-prefeito-de-paulo-ramos\/","name":"Adailson Machado, do PP, \u00e9 eleito prefeito de Paulo Ramos - NOT\u00cdCIAS EM TEMPO REAL","isPartOf":{"@id":"https:\/\/maranhaotv.com.br\/#website"},"primaryImageOfPage":{"@id":"https:\/\/maranhaotv.com.br\/index.php\/2024\/10\/07\/adailson-machado-do-pp-e-eleito-prefeito-de-paulo-ramos\/#primaryimage"},"image":{"@id":"https:\/\/maranhaotv.com.br\/index.php\/2024\/10\/07\/adailson-machado-do-pp-e-eleito-prefeito-de-paulo-ramos\/#primaryimage"},"thumbnailUrl":"https:\/\/maranhaotv.com.br\/wp-content\/uploads\/2024\/10\/image_editor_output_image-115766291-1728305854282.jpg","datePublished":"2024-10-07T12:57:26+00:00","dateModified":"2024-10-07T12:57:58+00:00","breadcrumb":{"@id":"https:\/\/maranhaotv.com.br\/index.php\/2024\/10\/07\/adailson-machado-do-pp-e-eleito-prefeito-de-paulo-ramos\/#breadcrumb"},"inLanguage":"pt-BR","potentialAction":[{"@type":"ReadAction","target":["https:\/\/maranhaotv.com.br\/index.php\/2024\/10\/07\/adailson-machado-do-pp-e-eleito-prefeito-de-paulo-ramos\/"]}]},{"@type":"ImageObject","inLanguage":"pt-BR","@id":"https:\/\/maranhaotv.com.br\/index.php\/2024\/10\/07\/adailson-machado-do-pp-e-eleito-prefeito-de-paulo-ramos\/#primaryimage","url":"https:\/\/maranhaotv.com.br\/wp-content\/uploads\/2024\/10\/image_editor_output_image-115766291-1728305854282.jpg","contentUrl":"https:\/\/maranhaotv.com.br\/wp-content\/uploads\/2024\/10\/image_editor_output_image-115766291-1728305854282.jpg","width":1080,"height":575},{"@type":"BreadcrumbList","@id":"https:\/\/maranhaotv.com.br\/index.php\/2024\/10\/07\/adailson-machado-do-pp-e-eleito-prefeito-de-paulo-ramos\/#breadcrumb","itemListElement":[{"@type":"ListItem","position":1,"name":"In\u00edcio","item":"https:\/\/maranhaotv.com.br\/"},{"@type":"ListItem","position":2,"name":"Adailson Machado, do PP, \u00e9 eleito prefeito de Paulo Ramos"}]},{"@type":"WebSite","@id":"https:\/\/maranhaotv.com.br\/#website","url":"https:\/\/maranhaotv.com.br\/","name":"Maranh\u00e3oTV","description":"","publisher":{"@id":"https:\/\/maranhaotv.com.br\/#organization"},"potentialAction":[{"@type":"SearchAction","target":{"@type":"EntryPoint","urlTemplate":"https:\/\/maranhaotv.com.br\/?s={search_term_string}"},"query-input":{"@type":"PropertyValueSpecification","valueRequired":true,"valueName":"search_term_string"}}],"inLanguage":"pt-BR"},{"@type":"Organization","@id":"https:\/\/maranhaotv.com.br\/#organization","name":"Portal de Not\u00edcias","url":"https:\/\/maranhaotv.com.br\/","logo":{"@type":"ImageObject","inLanguage":"pt-BR","@id":"https:\/\/maranhaotv.com.br\/#\/schema\/logo\/image\/","url":"https:\/\/maranhaotv.com.br\/wp-content\/uploads\/2024\/05\/cropped-cropped-avatar-1.png","contentUrl":"https:\/\/maranhaotv.com.br\/wp-content\/uploads\/2024\/05\/cropped-cropped-avatar-1.png","width":792,"height":428,"caption":"Portal de Not\u00edcias"},"image":{"@id":"https:\/\/maranhaotv.com.br\/#\/schema\/logo\/image\/"},"sameAs":["https:\/\/www.facebook.com\/maiobaotv","https:\/\/x.com\/sitemaranhaotv","https:\/\/www.instagram.com\/maranhao.tv","https:\/\/www.threads.net\/@maranhao.tv"]},{"@type":"Person","@id":"https:\/\/maranhaotv.com.br\/#\/schema\/person\/3d54238e86b20bb5c89ab2fdb8f8829a","name":"maranhaotv","image":{"@type":"ImageObject","inLanguage":"pt-BR","@id":"https:\/\/secure.gravatar.com\/avatar\/8fadbca458d4cb68b1dd399ae9a40618d747bb1af65ac9fad21c89220a143eb4?s=96&d=mm&r=g","url":"https:\/\/secure.gravatar.com\/avatar\/8fadbca458d4cb68b1dd399ae9a40618d747bb1af65ac9fad21c89220a143eb4?s=96&d=mm&r=g","contentUrl":"https:\/\/secure.gravatar.com\/avatar\/8fadbca458d4cb68b1dd399ae9a40618d747bb1af65ac9fad21c89220a143eb4?s=96&d=mm&r=g","caption":"maranhaotv"},"sameAs":["https:\/\/maranhaotv.com.br\/"],"url":"https:\/\/maranhaotv.com.br\/index.php\/author\/maranhaotv\/"}]}},"jetpack_featured_media_url":"https:\/\/maranhaotv.com.br\/wp-content\/uploads\/2024\/10\/image_editor_output_image-115766291-1728305854282.jpg","jetpack_sharing_enabled":true,"_links":{"self":[{"href":"https:\/\/maranhaotv.com.br\/index.php\/wp-json\/wp\/v2\/posts\/38347","targetHints":{"allow":["GET"]}}],"collection":[{"href":"https:\/\/maranhaotv.com.br\/index.php\/wp-json\/wp\/v2\/posts"}],"about":[{"href":"https:\/\/maranhaotv.com.br\/index.php\/wp-json\/wp\/v2\/types\/post"}],"author":[{"embeddable":true,"href":"https:\/\/maranhaotv.com.br\/index.php\/wp-json\/wp\/v2\/users\/2"}],"replies":[{"embeddable":true,"href":"https:\/\/maranhaotv.com.br\/index.php\/wp-json\/wp\/v2\/comments?post=38347"}],"version-history":[{"count":1,"href":"https:\/\/maranhaotv.com.br\/index.php\/wp-json\/wp\/v2\/posts\/38347\/revisions"}],"predecessor-version":[{"id":38348,"href":"https:\/\/maranhaotv.com.br\/index.php\/wp-json\/wp\/v2\/posts\/38347\/revisions\/38348"}],"wp:featuredmedia":[{"embeddable":true,"href":"https:\/\/maranhaotv.com.br\/index.php\/wp-json\/wp\/v2\/media\/38346"}],"wp:attachment":[{"href":"https:\/\/maranhaotv.com.br\/index.php\/wp-json\/wp\/v2\/media?parent=38347"}],"wp:term":[{"taxonomy":"category","embeddable":true,"href":"https:\/\/maranhaotv.com.br\/index.php\/wp-json\/wp\/v2\/categories?post=38347"},{"taxonomy":"post_tag","embeddable":true,"href":"https:\/\/maranhaotv.com.br\/index.php\/wp-json\/wp\/v2\/tags?post=38347"}],"curies":[{"name":"wp","href":"https:\/\/api.w.org\/{rel}","templated":true}]}}