{"id":38351,"date":"2024-10-07T10:16:59","date_gmt":"2024-10-07T13:16:59","guid":{"rendered":"https:\/\/maranhaotv.com.br\/?p=38351"},"modified":"2024-10-07T10:27:43","modified_gmt":"2024-10-07T13:27:43","slug":"simplesmente-maria-do-mdb-e-eleita-prefeita-de-arari","status":"publish","type":"post","link":"https:\/\/maranhaotv.com.br\/index.php\/2024\/10\/07\/simplesmente-maria-do-mdb-e-eleita-prefeita-de-arari\/","title":{"rendered":"Simplesmente Maria, do MDB, \u00e9 eleita prefeita de Arari"},"content":{"rendered":"\n<p><br><em>Simplesmente Maria teve 49,64% dos votos dados a todos os candidatos. Em segundo lugar ficou Rui Filho, com 32,73%. Veja a lista de candidatos a vereador mais votados.<\/em><br><br><br><br>Simplesmente Maria, do MDB, foi eleita neste domingo (6) prefeita de Arari (MA) para os pr\u00f3ximos quatro anos. Ao fim da apura\u00e7\u00e3o, Simplesmente Maria teve 9.260 votos, 49,64% dos votos v\u00e1lidos (dados a todos os candidatos).<br><br>Os dados foram divulgados pelo Tribunal Superior Eleitoral (TSE).<br><br>Confira o resultado do 1\u00ba turno em Arari ap\u00f3s a apura\u00e7\u00e3o:<br><br>\u2022 Simplesmente Maria (MDB): 9.260 votos, 49,64% dos votos v\u00e1lidos<br><br>\u2022 Rui Filho (UNI\u00c3O): 6.106 votos, 32,73% dos votos v\u00e1lidos<br><br>\u2022 \u00c1lvaro Jardim (PT): 3.152 votos, 16,90% dos votos v\u00e1lidos<br><br>\u2022 Alysson Ericeira (NOVO): 136 votos, 0,73% dos votos v\u00e1lidos<br><br>A elei\u00e7\u00e3o em Arari teve 19.227 votos totais, o que inclui 161 votos brancos, 0,84% dos votos totais, e 412 votos nulos, 2,14%.<br><br>A absten\u00e7\u00e3o foi de 4.605 eleitores, 19,32% do total de aptos a votar nas elei\u00e7\u00f5es 2024 na cidade.<br><br>Quem \u00e9 Simplesmente Maria<br><br>Simplesmente Maria tem 60 anos, \u00e9 casada, tem superior completo e declara \u00e0 Justi\u00e7a Eleitoral a ocupa\u00e7\u00e3o de empres\u00e1ria. Ela declarou um patrim\u00f4nio de R$ 4.000.000.<br><br>O vice-prefeito eleito em Arari \u00e9 Almir Leite, do PSD, que tem 59 anos.<br><br>Os dois fazem parte da coliga\u00e7\u00e3o TODOS PELA MUDAN\u00c7A, formada pelos partidos MDB, REPUBLICANOS, PRD, PSD, SOLIDARIEDADE, PSDB e CIDADANIA.<\/p>\n\n\n\n<figure class=\"wp-block-image size-large\"><img loading=\"lazy\" decoding=\"async\" width=\"609\" height=\"1024\" src=\"https:\/\/maranhaotv.com.br\/wp-content\/uploads\/2024\/10\/screenshot_20241007_100824_chrome8820223668746827734-609x1024.jpg\" alt=\"\" class=\"wp-image-38349\" srcset=\"https:\/\/maranhaotv.com.br\/wp-content\/uploads\/2024\/10\/screenshot_20241007_100824_chrome8820223668746827734-609x1024.jpg 609w, https:\/\/maranhaotv.com.br\/wp-content\/uploads\/2024\/10\/screenshot_20241007_100824_chrome8820223668746827734-179x300.jpg 179w, https:\/\/maranhaotv.com.br\/wp-content\/uploads\/2024\/10\/screenshot_20241007_100824_chrome8820223668746827734-768x1291.jpg 768w, https:\/\/maranhaotv.com.br\/wp-content\/uploads\/2024\/10\/screenshot_20241007_100824_chrome8820223668746827734-914x1536.jpg 914w, https:\/\/maranhaotv.com.br\/wp-content\/uploads\/2024\/10\/screenshot_20241007_100824_chrome8820223668746827734.jpg 1080w\" sizes=\"auto, (max-width: 609px) 100vw, 609px\" \/><\/figure>\n","protected":false},"excerpt":{"rendered":"<p>Simplesmente Maria teve 49,64% dos votos dados a todos os candidatos. Em segundo lugar ficou Rui Filho, com 32,73%. Veja<\/p>\n","protected":false},"author":2,"featured_media":38350,"comment_status":"open","ping_status":"open","sticky":false,"template":"","format":"standard","meta":{"colormag_page_container_layout":"default_layout","colormag_page_sidebar_layout":"default_layout","_jetpack_memberships_contains_paid_content":false,"footnotes":""},"categories":[6],"tags":[193,406],"class_list":["post-38351","post","type-post","status-publish","format-standard","has-post-thumbnail","hentry","category-politica","tag-arari","tag-simplesmente-maria"],"magazineBlocksPostFeaturedMedia":{"thumbnail":"https:\/\/maranhaotv.com.br\/wp-content\/uploads\/2024\/10\/image_editor_output_image2036165295-1728307024404-150x150.jpg","medium":"https:\/\/maranhaotv.com.br\/wp-content\/uploads\/2024\/10\/image_editor_output_image2036165295-1728307024404-300x139.jpg","medium_large":"https:\/\/maranhaotv.com.br\/wp-content\/uploads\/2024\/10\/image_editor_output_image2036165295-1728307024404-768x356.jpg","large":"https:\/\/maranhaotv.com.br\/wp-content\/uploads\/2024\/10\/image_editor_output_image2036165295-1728307024404-1024x475.jpg","1536x1536":"https:\/\/maranhaotv.com.br\/wp-content\/uploads\/2024\/10\/image_editor_output_image2036165295-1728307024404.jpg","2048x2048":"https:\/\/maranhaotv.com.br\/wp-content\/uploads\/2024\/10\/image_editor_output_image2036165295-1728307024404.jpg","colormag-highlighted-post":"https:\/\/maranhaotv.com.br\/wp-content\/uploads\/2024\/10\/image_editor_output_image2036165295-1728307024404-392x272.jpg","colormag-featured-post-medium":"https:\/\/maranhaotv.com.br\/wp-content\/uploads\/2024\/10\/image_editor_output_image2036165295-1728307024404-390x205.jpg","colormag-featured-post-small":"https:\/\/maranhaotv.com.br\/wp-content\/uploads\/2024\/10\/image_editor_output_image2036165295-1728307024404-130x90.jpg","colormag-featured-image":"https:\/\/maranhaotv.com.br\/wp-content\/uploads\/2024\/10\/image_editor_output_image2036165295-1728307024404-800x445.jpg","colormag-default-news":"https:\/\/maranhaotv.com.br\/wp-content\/uploads\/2024\/10\/image_editor_output_image2036165295-1728307024404-150x150.jpg","colormag-featured-image-large":"https:\/\/maranhaotv.com.br\/wp-content\/uploads\/2024\/10\/image_editor_output_image2036165295-1728307024404.jpg"},"magazineBlocksPostAuthor":{"name":"maranhaotv","avatar":"https:\/\/secure.gravatar.com\/avatar\/8fadbca458d4cb68b1dd399ae9a40618d747bb1af65ac9fad21c89220a143eb4?s=96&d=mm&r=g"},"magazineBlocksPostCommentsNumber":"0","magazineBlocksPostExcerpt":"Simplesmente Maria teve 49,64% dos votos dados a todos os candidatos. Em segundo lugar ficou Rui Filho, com 32,73%. Veja","magazineBlocksPostCategories":["pol\u00edtica"],"magazineBlocksPostViewCount":256,"magazineBlocksPostReadTime":2,"magazine_blocks_featured_image_url":{"full":["https:\/\/maranhaotv.com.br\/wp-content\/uploads\/2024\/10\/image_editor_output_image2036165295-1728307024404.jpg",1080,501,false],"medium":["https:\/\/maranhaotv.com.br\/wp-content\/uploads\/2024\/10\/image_editor_output_image2036165295-1728307024404-300x139.jpg",300,139,true],"thumbnail":["https:\/\/maranhaotv.com.br\/wp-content\/uploads\/2024\/10\/image_editor_output_image2036165295-1728307024404-150x150.jpg",150,150,true]},"magazine_blocks_author":{"display_name":"maranhaotv","author_link":"https:\/\/maranhaotv.com.br\/index.php\/author\/maranhaotv\/"},"magazine_blocks_comment":0,"magazine_blocks_author_image":"https:\/\/secure.gravatar.com\/avatar\/8fadbca458d4cb68b1dd399ae9a40618d747bb1af65ac9fad21c89220a143eb4?s=96&d=mm&r=g","magazine_blocks_category":"<a href=\"#\" class=\"category-link category-link-6\">pol\u00edtica<\/a>","yoast_head":"<!-- This site is optimized with the Yoast SEO plugin v27.4 - https:\/\/yoast.com\/product\/yoast-seo-wordpress\/ -->\n<title>Simplesmente Maria, do MDB, \u00e9 eleita prefeita de Arari - NOT\u00cdCIAS EM TEMPO REAL<\/title>\n<meta name=\"robots\" content=\"index, follow, max-snippet:-1, max-image-preview:large, max-video-preview:-1\" \/>\n<link rel=\"canonical\" href=\"https:\/\/maranhaotv.com.br\/index.php\/2024\/10\/07\/simplesmente-maria-do-mdb-e-eleita-prefeita-de-arari\/\" \/>\n<meta property=\"og:locale\" content=\"pt_BR\" \/>\n<meta property=\"og:type\" content=\"article\" \/>\n<meta property=\"og:title\" content=\"Simplesmente Maria, do MDB, \u00e9 eleita prefeita de Arari - NOT\u00cdCIAS EM TEMPO REAL\" \/>\n<meta property=\"og:description\" content=\"Simplesmente Maria teve 49,64% dos votos dados a todos os candidatos. Em segundo lugar ficou Rui Filho, com 32,73%. Veja\" \/>\n<meta property=\"og:url\" content=\"https:\/\/maranhaotv.com.br\/index.php\/2024\/10\/07\/simplesmente-maria-do-mdb-e-eleita-prefeita-de-arari\/\" \/>\n<meta property=\"og:site_name\" content=\"NOT\u00cdCIAS EM TEMPO REAL\" \/>\n<meta property=\"article:publisher\" content=\"https:\/\/www.facebook.com\/maiobaotv\" \/>\n<meta property=\"article:published_time\" content=\"2024-10-07T13:16:59+00:00\" \/>\n<meta property=\"article:modified_time\" content=\"2024-10-07T13:27:43+00:00\" \/>\n<meta property=\"og:image\" content=\"https:\/\/maranhaotv.com.br\/wp-content\/uploads\/2024\/10\/image_editor_output_image2036165295-1728307024404.jpg\" \/>\n\t<meta property=\"og:image:width\" content=\"1080\" \/>\n\t<meta property=\"og:image:height\" content=\"501\" \/>\n\t<meta property=\"og:image:type\" content=\"image\/jpeg\" \/>\n<meta name=\"author\" content=\"maranhaotv\" \/>\n<meta name=\"twitter:card\" content=\"summary_large_image\" \/>\n<meta name=\"twitter:creator\" content=\"@sitemaranhaotv\" \/>\n<meta name=\"twitter:site\" content=\"@sitemaranhaotv\" \/>\n<meta name=\"twitter:label1\" content=\"Escrito por\" \/>\n\t<meta name=\"twitter:data1\" content=\"maranhaotv\" \/>\n\t<meta name=\"twitter:label2\" content=\"Est. tempo de leitura\" \/>\n\t<meta name=\"twitter:data2\" content=\"1 minuto\" \/>\n<script type=\"application\/ld+json\" class=\"yoast-schema-graph\">{\"@context\":\"https:\\\/\\\/schema.org\",\"@graph\":[{\"@type\":\"Article\",\"@id\":\"https:\\\/\\\/maranhaotv.com.br\\\/index.php\\\/2024\\\/10\\\/07\\\/simplesmente-maria-do-mdb-e-eleita-prefeita-de-arari\\\/#article\",\"isPartOf\":{\"@id\":\"https:\\\/\\\/maranhaotv.com.br\\\/index.php\\\/2024\\\/10\\\/07\\\/simplesmente-maria-do-mdb-e-eleita-prefeita-de-arari\\\/\"},\"author\":{\"name\":\"maranhaotv\",\"@id\":\"https:\\\/\\\/maranhaotv.com.br\\\/#\\\/schema\\\/person\\\/3d54238e86b20bb5c89ab2fdb8f8829a\"},\"headline\":\"Simplesmente Maria, do MDB, \u00e9 eleita prefeita de Arari\",\"datePublished\":\"2024-10-07T13:16:59+00:00\",\"dateModified\":\"2024-10-07T13:27:43+00:00\",\"mainEntityOfPage\":{\"@id\":\"https:\\\/\\\/maranhaotv.com.br\\\/index.php\\\/2024\\\/10\\\/07\\\/simplesmente-maria-do-mdb-e-eleita-prefeita-de-arari\\\/\"},\"wordCount\":223,\"commentCount\":0,\"publisher\":{\"@id\":\"https:\\\/\\\/maranhaotv.com.br\\\/#organization\"},\"image\":{\"@id\":\"https:\\\/\\\/maranhaotv.com.br\\\/index.php\\\/2024\\\/10\\\/07\\\/simplesmente-maria-do-mdb-e-eleita-prefeita-de-arari\\\/#primaryimage\"},\"thumbnailUrl\":\"https:\\\/\\\/maranhaotv.com.br\\\/wp-content\\\/uploads\\\/2024\\\/10\\\/image_editor_output_image2036165295-1728307024404.jpg\",\"keywords\":[\"Arari\",\"Simplesmente Maria\"],\"articleSection\":[\"pol\u00edtica\"],\"inLanguage\":\"pt-BR\",\"potentialAction\":[{\"@type\":\"CommentAction\",\"name\":\"Comment\",\"target\":[\"https:\\\/\\\/maranhaotv.com.br\\\/index.php\\\/2024\\\/10\\\/07\\\/simplesmente-maria-do-mdb-e-eleita-prefeita-de-arari\\\/#respond\"]}]},{\"@type\":\"WebPage\",\"@id\":\"https:\\\/\\\/maranhaotv.com.br\\\/index.php\\\/2024\\\/10\\\/07\\\/simplesmente-maria-do-mdb-e-eleita-prefeita-de-arari\\\/\",\"url\":\"https:\\\/\\\/maranhaotv.com.br\\\/index.php\\\/2024\\\/10\\\/07\\\/simplesmente-maria-do-mdb-e-eleita-prefeita-de-arari\\\/\",\"name\":\"Simplesmente Maria, do MDB, \u00e9 eleita prefeita de Arari - NOT\u00cdCIAS EM TEMPO REAL\",\"isPartOf\":{\"@id\":\"https:\\\/\\\/maranhaotv.com.br\\\/#website\"},\"primaryImageOfPage\":{\"@id\":\"https:\\\/\\\/maranhaotv.com.br\\\/index.php\\\/2024\\\/10\\\/07\\\/simplesmente-maria-do-mdb-e-eleita-prefeita-de-arari\\\/#primaryimage\"},\"image\":{\"@id\":\"https:\\\/\\\/maranhaotv.com.br\\\/index.php\\\/2024\\\/10\\\/07\\\/simplesmente-maria-do-mdb-e-eleita-prefeita-de-arari\\\/#primaryimage\"},\"thumbnailUrl\":\"https:\\\/\\\/maranhaotv.com.br\\\/wp-content\\\/uploads\\\/2024\\\/10\\\/image_editor_output_image2036165295-1728307024404.jpg\",\"datePublished\":\"2024-10-07T13:16:59+00:00\",\"dateModified\":\"2024-10-07T13:27:43+00:00\",\"breadcrumb\":{\"@id\":\"https:\\\/\\\/maranhaotv.com.br\\\/index.php\\\/2024\\\/10\\\/07\\\/simplesmente-maria-do-mdb-e-eleita-prefeita-de-arari\\\/#breadcrumb\"},\"inLanguage\":\"pt-BR\",\"potentialAction\":[{\"@type\":\"ReadAction\",\"target\":[\"https:\\\/\\\/maranhaotv.com.br\\\/index.php\\\/2024\\\/10\\\/07\\\/simplesmente-maria-do-mdb-e-eleita-prefeita-de-arari\\\/\"]}]},{\"@type\":\"ImageObject\",\"inLanguage\":\"pt-BR\",\"@id\":\"https:\\\/\\\/maranhaotv.com.br\\\/index.php\\\/2024\\\/10\\\/07\\\/simplesmente-maria-do-mdb-e-eleita-prefeita-de-arari\\\/#primaryimage\",\"url\":\"https:\\\/\\\/maranhaotv.com.br\\\/wp-content\\\/uploads\\\/2024\\\/10\\\/image_editor_output_image2036165295-1728307024404.jpg\",\"contentUrl\":\"https:\\\/\\\/maranhaotv.com.br\\\/wp-content\\\/uploads\\\/2024\\\/10\\\/image_editor_output_image2036165295-1728307024404.jpg\",\"width\":1080,\"height\":501},{\"@type\":\"BreadcrumbList\",\"@id\":\"https:\\\/\\\/maranhaotv.com.br\\\/index.php\\\/2024\\\/10\\\/07\\\/simplesmente-maria-do-mdb-e-eleita-prefeita-de-arari\\\/#breadcrumb\",\"itemListElement\":[{\"@type\":\"ListItem\",\"position\":1,\"name\":\"In\u00edcio\",\"item\":\"https:\\\/\\\/maranhaotv.com.br\\\/\"},{\"@type\":\"ListItem\",\"position\":2,\"name\":\"Simplesmente Maria, do MDB, \u00e9 eleita prefeita de Arari\"}]},{\"@type\":\"WebSite\",\"@id\":\"https:\\\/\\\/maranhaotv.com.br\\\/#website\",\"url\":\"https:\\\/\\\/maranhaotv.com.br\\\/\",\"name\":\"Maranh\u00e3oTV\",\"description\":\"\",\"publisher\":{\"@id\":\"https:\\\/\\\/maranhaotv.com.br\\\/#organization\"},\"potentialAction\":[{\"@type\":\"SearchAction\",\"target\":{\"@type\":\"EntryPoint\",\"urlTemplate\":\"https:\\\/\\\/maranhaotv.com.br\\\/?s={search_term_string}\"},\"query-input\":{\"@type\":\"PropertyValueSpecification\",\"valueRequired\":true,\"valueName\":\"search_term_string\"}}],\"inLanguage\":\"pt-BR\"},{\"@type\":\"Organization\",\"@id\":\"https:\\\/\\\/maranhaotv.com.br\\\/#organization\",\"name\":\"Portal de Not\u00edcias\",\"url\":\"https:\\\/\\\/maranhaotv.com.br\\\/\",\"logo\":{\"@type\":\"ImageObject\",\"inLanguage\":\"pt-BR\",\"@id\":\"https:\\\/\\\/maranhaotv.com.br\\\/#\\\/schema\\\/logo\\\/image\\\/\",\"url\":\"https:\\\/\\\/maranhaotv.com.br\\\/wp-content\\\/uploads\\\/2024\\\/05\\\/cropped-cropped-avatar-1.png\",\"contentUrl\":\"https:\\\/\\\/maranhaotv.com.br\\\/wp-content\\\/uploads\\\/2024\\\/05\\\/cropped-cropped-avatar-1.png\",\"width\":792,\"height\":428,\"caption\":\"Portal de Not\u00edcias\"},\"image\":{\"@id\":\"https:\\\/\\\/maranhaotv.com.br\\\/#\\\/schema\\\/logo\\\/image\\\/\"},\"sameAs\":[\"https:\\\/\\\/www.facebook.com\\\/maiobaotv\",\"https:\\\/\\\/x.com\\\/sitemaranhaotv\",\"https:\\\/\\\/www.instagram.com\\\/maranhao.tv\",\"https:\\\/\\\/www.threads.net\\\/@maranhao.tv\"]},{\"@type\":\"Person\",\"@id\":\"https:\\\/\\\/maranhaotv.com.br\\\/#\\\/schema\\\/person\\\/3d54238e86b20bb5c89ab2fdb8f8829a\",\"name\":\"maranhaotv\",\"image\":{\"@type\":\"ImageObject\",\"inLanguage\":\"pt-BR\",\"@id\":\"https:\\\/\\\/secure.gravatar.com\\\/avatar\\\/8fadbca458d4cb68b1dd399ae9a40618d747bb1af65ac9fad21c89220a143eb4?s=96&d=mm&r=g\",\"url\":\"https:\\\/\\\/secure.gravatar.com\\\/avatar\\\/8fadbca458d4cb68b1dd399ae9a40618d747bb1af65ac9fad21c89220a143eb4?s=96&d=mm&r=g\",\"contentUrl\":\"https:\\\/\\\/secure.gravatar.com\\\/avatar\\\/8fadbca458d4cb68b1dd399ae9a40618d747bb1af65ac9fad21c89220a143eb4?s=96&d=mm&r=g\",\"caption\":\"maranhaotv\"},\"sameAs\":[\"https:\\\/\\\/maranhaotv.com.br\\\/\"],\"url\":\"https:\\\/\\\/maranhaotv.com.br\\\/index.php\\\/author\\\/maranhaotv\\\/\"}]}<\/script>\n<!-- \/ Yoast SEO plugin. -->","yoast_head_json":{"title":"Simplesmente Maria, do MDB, \u00e9 eleita prefeita de Arari - NOT\u00cdCIAS EM TEMPO REAL","robots":{"index":"index","follow":"follow","max-snippet":"max-snippet:-1","max-image-preview":"max-image-preview:large","max-video-preview":"max-video-preview:-1"},"canonical":"https:\/\/maranhaotv.com.br\/index.php\/2024\/10\/07\/simplesmente-maria-do-mdb-e-eleita-prefeita-de-arari\/","og_locale":"pt_BR","og_type":"article","og_title":"Simplesmente Maria, do MDB, \u00e9 eleita prefeita de Arari - NOT\u00cdCIAS EM TEMPO REAL","og_description":"Simplesmente Maria teve 49,64% dos votos dados a todos os candidatos. Em segundo lugar ficou Rui Filho, com 32,73%. Veja","og_url":"https:\/\/maranhaotv.com.br\/index.php\/2024\/10\/07\/simplesmente-maria-do-mdb-e-eleita-prefeita-de-arari\/","og_site_name":"NOT\u00cdCIAS EM TEMPO REAL","article_publisher":"https:\/\/www.facebook.com\/maiobaotv","article_published_time":"2024-10-07T13:16:59+00:00","article_modified_time":"2024-10-07T13:27:43+00:00","og_image":[{"width":1080,"height":501,"url":"https:\/\/maranhaotv.com.br\/wp-content\/uploads\/2024\/10\/image_editor_output_image2036165295-1728307024404.jpg","type":"image\/jpeg"}],"author":"maranhaotv","twitter_card":"summary_large_image","twitter_creator":"@sitemaranhaotv","twitter_site":"@sitemaranhaotv","twitter_misc":{"Escrito por":"maranhaotv","Est. tempo de leitura":"1 minuto"},"schema":{"@context":"https:\/\/schema.org","@graph":[{"@type":"Article","@id":"https:\/\/maranhaotv.com.br\/index.php\/2024\/10\/07\/simplesmente-maria-do-mdb-e-eleita-prefeita-de-arari\/#article","isPartOf":{"@id":"https:\/\/maranhaotv.com.br\/index.php\/2024\/10\/07\/simplesmente-maria-do-mdb-e-eleita-prefeita-de-arari\/"},"author":{"name":"maranhaotv","@id":"https:\/\/maranhaotv.com.br\/#\/schema\/person\/3d54238e86b20bb5c89ab2fdb8f8829a"},"headline":"Simplesmente Maria, do MDB, \u00e9 eleita prefeita de Arari","datePublished":"2024-10-07T13:16:59+00:00","dateModified":"2024-10-07T13:27:43+00:00","mainEntityOfPage":{"@id":"https:\/\/maranhaotv.com.br\/index.php\/2024\/10\/07\/simplesmente-maria-do-mdb-e-eleita-prefeita-de-arari\/"},"wordCount":223,"commentCount":0,"publisher":{"@id":"https:\/\/maranhaotv.com.br\/#organization"},"image":{"@id":"https:\/\/maranhaotv.com.br\/index.php\/2024\/10\/07\/simplesmente-maria-do-mdb-e-eleita-prefeita-de-arari\/#primaryimage"},"thumbnailUrl":"https:\/\/maranhaotv.com.br\/wp-content\/uploads\/2024\/10\/image_editor_output_image2036165295-1728307024404.jpg","keywords":["Arari","Simplesmente Maria"],"articleSection":["pol\u00edtica"],"inLanguage":"pt-BR","potentialAction":[{"@type":"CommentAction","name":"Comment","target":["https:\/\/maranhaotv.com.br\/index.php\/2024\/10\/07\/simplesmente-maria-do-mdb-e-eleita-prefeita-de-arari\/#respond"]}]},{"@type":"WebPage","@id":"https:\/\/maranhaotv.com.br\/index.php\/2024\/10\/07\/simplesmente-maria-do-mdb-e-eleita-prefeita-de-arari\/","url":"https:\/\/maranhaotv.com.br\/index.php\/2024\/10\/07\/simplesmente-maria-do-mdb-e-eleita-prefeita-de-arari\/","name":"Simplesmente Maria, do MDB, \u00e9 eleita prefeita de Arari - NOT\u00cdCIAS EM TEMPO REAL","isPartOf":{"@id":"https:\/\/maranhaotv.com.br\/#website"},"primaryImageOfPage":{"@id":"https:\/\/maranhaotv.com.br\/index.php\/2024\/10\/07\/simplesmente-maria-do-mdb-e-eleita-prefeita-de-arari\/#primaryimage"},"image":{"@id":"https:\/\/maranhaotv.com.br\/index.php\/2024\/10\/07\/simplesmente-maria-do-mdb-e-eleita-prefeita-de-arari\/#primaryimage"},"thumbnailUrl":"https:\/\/maranhaotv.com.br\/wp-content\/uploads\/2024\/10\/image_editor_output_image2036165295-1728307024404.jpg","datePublished":"2024-10-07T13:16:59+00:00","dateModified":"2024-10-07T13:27:43+00:00","breadcrumb":{"@id":"https:\/\/maranhaotv.com.br\/index.php\/2024\/10\/07\/simplesmente-maria-do-mdb-e-eleita-prefeita-de-arari\/#breadcrumb"},"inLanguage":"pt-BR","potentialAction":[{"@type":"ReadAction","target":["https:\/\/maranhaotv.com.br\/index.php\/2024\/10\/07\/simplesmente-maria-do-mdb-e-eleita-prefeita-de-arari\/"]}]},{"@type":"ImageObject","inLanguage":"pt-BR","@id":"https:\/\/maranhaotv.com.br\/index.php\/2024\/10\/07\/simplesmente-maria-do-mdb-e-eleita-prefeita-de-arari\/#primaryimage","url":"https:\/\/maranhaotv.com.br\/wp-content\/uploads\/2024\/10\/image_editor_output_image2036165295-1728307024404.jpg","contentUrl":"https:\/\/maranhaotv.com.br\/wp-content\/uploads\/2024\/10\/image_editor_output_image2036165295-1728307024404.jpg","width":1080,"height":501},{"@type":"BreadcrumbList","@id":"https:\/\/maranhaotv.com.br\/index.php\/2024\/10\/07\/simplesmente-maria-do-mdb-e-eleita-prefeita-de-arari\/#breadcrumb","itemListElement":[{"@type":"ListItem","position":1,"name":"In\u00edcio","item":"https:\/\/maranhaotv.com.br\/"},{"@type":"ListItem","position":2,"name":"Simplesmente Maria, do MDB, \u00e9 eleita prefeita de Arari"}]},{"@type":"WebSite","@id":"https:\/\/maranhaotv.com.br\/#website","url":"https:\/\/maranhaotv.com.br\/","name":"Maranh\u00e3oTV","description":"","publisher":{"@id":"https:\/\/maranhaotv.com.br\/#organization"},"potentialAction":[{"@type":"SearchAction","target":{"@type":"EntryPoint","urlTemplate":"https:\/\/maranhaotv.com.br\/?s={search_term_string}"},"query-input":{"@type":"PropertyValueSpecification","valueRequired":true,"valueName":"search_term_string"}}],"inLanguage":"pt-BR"},{"@type":"Organization","@id":"https:\/\/maranhaotv.com.br\/#organization","name":"Portal de Not\u00edcias","url":"https:\/\/maranhaotv.com.br\/","logo":{"@type":"ImageObject","inLanguage":"pt-BR","@id":"https:\/\/maranhaotv.com.br\/#\/schema\/logo\/image\/","url":"https:\/\/maranhaotv.com.br\/wp-content\/uploads\/2024\/05\/cropped-cropped-avatar-1.png","contentUrl":"https:\/\/maranhaotv.com.br\/wp-content\/uploads\/2024\/05\/cropped-cropped-avatar-1.png","width":792,"height":428,"caption":"Portal de Not\u00edcias"},"image":{"@id":"https:\/\/maranhaotv.com.br\/#\/schema\/logo\/image\/"},"sameAs":["https:\/\/www.facebook.com\/maiobaotv","https:\/\/x.com\/sitemaranhaotv","https:\/\/www.instagram.com\/maranhao.tv","https:\/\/www.threads.net\/@maranhao.tv"]},{"@type":"Person","@id":"https:\/\/maranhaotv.com.br\/#\/schema\/person\/3d54238e86b20bb5c89ab2fdb8f8829a","name":"maranhaotv","image":{"@type":"ImageObject","inLanguage":"pt-BR","@id":"https:\/\/secure.gravatar.com\/avatar\/8fadbca458d4cb68b1dd399ae9a40618d747bb1af65ac9fad21c89220a143eb4?s=96&d=mm&r=g","url":"https:\/\/secure.gravatar.com\/avatar\/8fadbca458d4cb68b1dd399ae9a40618d747bb1af65ac9fad21c89220a143eb4?s=96&d=mm&r=g","contentUrl":"https:\/\/secure.gravatar.com\/avatar\/8fadbca458d4cb68b1dd399ae9a40618d747bb1af65ac9fad21c89220a143eb4?s=96&d=mm&r=g","caption":"maranhaotv"},"sameAs":["https:\/\/maranhaotv.com.br\/"],"url":"https:\/\/maranhaotv.com.br\/index.php\/author\/maranhaotv\/"}]}},"jetpack_featured_media_url":"https:\/\/maranhaotv.com.br\/wp-content\/uploads\/2024\/10\/image_editor_output_image2036165295-1728307024404.jpg","jetpack_sharing_enabled":true,"_links":{"self":[{"href":"https:\/\/maranhaotv.com.br\/index.php\/wp-json\/wp\/v2\/posts\/38351","targetHints":{"allow":["GET"]}}],"collection":[{"href":"https:\/\/maranhaotv.com.br\/index.php\/wp-json\/wp\/v2\/posts"}],"about":[{"href":"https:\/\/maranhaotv.com.br\/index.php\/wp-json\/wp\/v2\/types\/post"}],"author":[{"embeddable":true,"href":"https:\/\/maranhaotv.com.br\/index.php\/wp-json\/wp\/v2\/users\/2"}],"replies":[{"embeddable":true,"href":"https:\/\/maranhaotv.com.br\/index.php\/wp-json\/wp\/v2\/comments?post=38351"}],"version-history":[{"count":2,"href":"https:\/\/maranhaotv.com.br\/index.php\/wp-json\/wp\/v2\/posts\/38351\/revisions"}],"predecessor-version":[{"id":38356,"href":"https:\/\/maranhaotv.com.br\/index.php\/wp-json\/wp\/v2\/posts\/38351\/revisions\/38356"}],"wp:featuredmedia":[{"embeddable":true,"href":"https:\/\/maranhaotv.com.br\/index.php\/wp-json\/wp\/v2\/media\/38350"}],"wp:attachment":[{"href":"https:\/\/maranhaotv.com.br\/index.php\/wp-json\/wp\/v2\/media?parent=38351"}],"wp:term":[{"taxonomy":"category","embeddable":true,"href":"https:\/\/maranhaotv.com.br\/index.php\/wp-json\/wp\/v2\/categories?post=38351"},{"taxonomy":"post_tag","embeddable":true,"href":"https:\/\/maranhaotv.com.br\/index.php\/wp-json\/wp\/v2\/tags?post=38351"}],"curies":[{"name":"wp","href":"https:\/\/api.w.org\/{rel}","templated":true}]}}