{"id":38415,"date":"2024-10-09T10:14:30","date_gmt":"2024-10-09T13:14:30","guid":{"rendered":"https:\/\/maranhaotv.com.br\/?p=38415"},"modified":"2024-10-09T10:15:36","modified_gmt":"2024-10-09T13:15:36","slug":"fred-campos-prefeito-eleito-de-paco-do-lumiar-destaca-planos-futuros-em-entrevista-ao-bom-dia-mirante","status":"publish","type":"post","link":"https:\/\/maranhaotv.com.br\/index.php\/2024\/10\/09\/fred-campos-prefeito-eleito-de-paco-do-lumiar-destaca-planos-futuros-em-entrevista-ao-bom-dia-mirante\/","title":{"rendered":"Fred Campos, prefeito eleito de Pa\u00e7o do Lumiar, destaca planos futuros em entrevista ao Bom Dia Mirante"},"content":{"rendered":"\n<p><br><br>O prefeito eleito de Pa\u00e7o do Lumiar, Fred Campos, participou na manh\u00e3 desta segunda-feira de uma entrevista ao programa Bom Dia Mirante, da TV Mirante, onde apresentou algumas de suas principais propostas para a gest\u00e3o que ir\u00e1 se iniciar. Com uma pauta voltada para o desenvolvimento do munic\u00edpio, Fred destacou a\u00e7\u00f5es que visam transformar Pa\u00e7o do Lumiar, em \u00e1reas como infraestrutura, educa\u00e7\u00e3o, sa\u00fade e economia.<br><br>Um dos pontos altos da entrevista foi o an\u00fancio do maior programa de pavimenta\u00e7\u00e3o da hist\u00f3ria do munic\u00edpio. Fred garantiu que a melhoria das ruas e avenidas ser\u00e1 uma prioridade, visando resolver problemas antigos de infraestrutura e garantir uma melhor qualidade de vida para a popula\u00e7\u00e3o.<br><br>No setor de educa\u00e7\u00e3o, o prefeito eleito prometeu inaugurar seis novas escolas ainda no primeiro semestre de sua gest\u00e3o, ampliando o acesso \u00e0 educa\u00e7\u00e3o de qualidade e melhorando a estrutura escolar existente.<br><br>Fred Campos tamb\u00e9m abordou a amplia\u00e7\u00e3o da aten\u00e7\u00e3o b\u00e1sica de sa\u00fade, destacando que ir\u00e1 trabalhar para aumentar a cobertura de atendimento nas comunidades, assegurando que a popula\u00e7\u00e3o tenha acesso r\u00e1pido e eficiente a servi\u00e7os de sa\u00fade.<br><br>Al\u00e9m disso, o prefeito eleito falou sobre sua estrat\u00e9gia para atrair investimentos da iniciativa privada como uma forma de gerar mais empregos e renda para os luminenses. Ele mencionou a import\u00e2ncia de parcerias p\u00fablico-privadas e incentivos fiscais para estimular o desenvolvimento econ\u00f4mico da cidade.<br><br>Durante a entrevista, Fred Campos fez quest\u00e3o de elogiar o governador Carlos Brand\u00e3o, destacando-o como um l\u00edder \u201cmunicipalista\u201d, que tem sido fundamental para o fortalecimento dos munic\u00edpios maranhenses.<br><br>O prefeito eleito tamb\u00e9m informou que j\u00e1 iniciou o processo de transi\u00e7\u00e3o de governo com a atual gest\u00e3o do prefeito Inaldo Pereira, ressaltando que pretende garantir uma passagem de comando tranquila e eficiente para que possa come\u00e7ar a trabalhar desde o primeiro dia de sua administra\u00e7\u00e3o.<br><br>Por fim, Fred Campos fez um agradecimento emocionado aos luminenses pela expressiva vota\u00e7\u00e3o, que foi a maior da hist\u00f3ria de Pa\u00e7o do Lumiar.<br><br>Com grandes desafios pela frente, Fred Campos inicia sua gest\u00e3o prometendo transformar Pa\u00e7o do Lumiar e melhorar a vida da popula\u00e7\u00e3o, com a\u00e7\u00f5es concretas e parcerias estrat\u00e9gicas.<\/p>\n\n\n\n<figure class=\"wp-block-image size-large\"><img loading=\"lazy\" decoding=\"async\" width=\"1024\" height=\"682\" src=\"https:\/\/maranhaotv.com.br\/wp-content\/uploads\/2024\/10\/img-20241009-wa02376270802981882489648-1024x682.jpg\" alt=\"\" class=\"wp-image-38413\" srcset=\"https:\/\/maranhaotv.com.br\/wp-content\/uploads\/2024\/10\/img-20241009-wa02376270802981882489648-1024x682.jpg 1024w, https:\/\/maranhaotv.com.br\/wp-content\/uploads\/2024\/10\/img-20241009-wa02376270802981882489648-300x200.jpg 300w, https:\/\/maranhaotv.com.br\/wp-content\/uploads\/2024\/10\/img-20241009-wa02376270802981882489648-768x511.jpg 768w, https:\/\/maranhaotv.com.br\/wp-content\/uploads\/2024\/10\/img-20241009-wa02376270802981882489648.jpg 1080w\" sizes=\"auto, (max-width: 1024px) 100vw, 1024px\" \/><\/figure>\n\n\n\n<figure class=\"wp-block-image\"><img loading=\"lazy\" decoding=\"async\" width=\"1024\" height=\"682\" src=\"https:\/\/maranhaotv.com.br\/wp-content\/uploads\/2024\/10\/img-20241009-wa02384698749826438304284-1024x682.jpg\" alt=\"\" class=\"wp-image-38412\" srcset=\"https:\/\/maranhaotv.com.br\/wp-content\/uploads\/2024\/10\/img-20241009-wa02384698749826438304284-1024x682.jpg 1024w, https:\/\/maranhaotv.com.br\/wp-content\/uploads\/2024\/10\/img-20241009-wa02384698749826438304284-300x200.jpg 300w, https:\/\/maranhaotv.com.br\/wp-content\/uploads\/2024\/10\/img-20241009-wa02384698749826438304284-768x511.jpg 768w, https:\/\/maranhaotv.com.br\/wp-content\/uploads\/2024\/10\/img-20241009-wa02384698749826438304284.jpg 1080w\" sizes=\"auto, (max-width: 1024px) 100vw, 1024px\" \/><\/figure>\n","protected":false},"excerpt":{"rendered":"<p>O prefeito eleito de Pa\u00e7o do Lumiar, Fred Campos, participou na manh\u00e3 desta segunda-feira de uma entrevista ao programa Bom<\/p>\n","protected":false},"author":2,"featured_media":38414,"comment_status":"open","ping_status":"open","sticky":false,"template":"","format":"standard","meta":{"colormag_page_container_layout":"default_layout","colormag_page_sidebar_layout":"default_layout","_jetpack_memberships_contains_paid_content":false,"footnotes":""},"categories":[2],"tags":[],"class_list":["post-38415","post","type-post","status-publish","format-standard","has-post-thumbnail","hentry","category-noticias"],"magazineBlocksPostFeaturedMedia":{"thumbnail":"https:\/\/maranhaotv.com.br\/wp-content\/uploads\/2024\/10\/IMG-20241009-WA0236-150x150.jpg","medium":"https:\/\/maranhaotv.com.br\/wp-content\/uploads\/2024\/10\/IMG-20241009-WA0236-300x201.jpg","medium_large":"https:\/\/maranhaotv.com.br\/wp-content\/uploads\/2024\/10\/IMG-20241009-WA0236-768x513.jpg","large":"https:\/\/maranhaotv.com.br\/wp-content\/uploads\/2024\/10\/IMG-20241009-WA0236-1024x685.jpg","1536x1536":"https:\/\/maranhaotv.com.br\/wp-content\/uploads\/2024\/10\/IMG-20241009-WA0236.jpg","2048x2048":"https:\/\/maranhaotv.com.br\/wp-content\/uploads\/2024\/10\/IMG-20241009-WA0236.jpg","colormag-highlighted-post":"https:\/\/maranhaotv.com.br\/wp-content\/uploads\/2024\/10\/IMG-20241009-WA0236-392x272.jpg","colormag-featured-post-medium":"https:\/\/maranhaotv.com.br\/wp-content\/uploads\/2024\/10\/IMG-20241009-WA0236-390x205.jpg","colormag-featured-post-small":"https:\/\/maranhaotv.com.br\/wp-content\/uploads\/2024\/10\/IMG-20241009-WA0236-130x90.jpg","colormag-featured-image":"https:\/\/maranhaotv.com.br\/wp-content\/uploads\/2024\/10\/IMG-20241009-WA0236-800x445.jpg","colormag-default-news":"https:\/\/maranhaotv.com.br\/wp-content\/uploads\/2024\/10\/IMG-20241009-WA0236-150x150.jpg","colormag-featured-image-large":"https:\/\/maranhaotv.com.br\/wp-content\/uploads\/2024\/10\/IMG-20241009-WA0236-1080x600.jpg"},"magazineBlocksPostAuthor":{"name":"maranhaotv","avatar":"https:\/\/secure.gravatar.com\/avatar\/8fadbca458d4cb68b1dd399ae9a40618d747bb1af65ac9fad21c89220a143eb4?s=96&d=mm&r=g"},"magazineBlocksPostCommentsNumber":"0","magazineBlocksPostExcerpt":"O prefeito eleito de Pa\u00e7o do Lumiar, Fred Campos, participou na manh\u00e3 desta segunda-feira de uma entrevista ao programa Bom","magazineBlocksPostCategories":["not\u00edcias"],"magazineBlocksPostViewCount":253,"magazineBlocksPostReadTime":2,"magazine_blocks_featured_image_url":{"full":["https:\/\/maranhaotv.com.br\/wp-content\/uploads\/2024\/10\/IMG-20241009-WA0236.jpg",1080,722,false],"medium":["https:\/\/maranhaotv.com.br\/wp-content\/uploads\/2024\/10\/IMG-20241009-WA0236-300x201.jpg",300,201,true],"thumbnail":["https:\/\/maranhaotv.com.br\/wp-content\/uploads\/2024\/10\/IMG-20241009-WA0236-150x150.jpg",150,150,true]},"magazine_blocks_author":{"display_name":"maranhaotv","author_link":"https:\/\/maranhaotv.com.br\/index.php\/author\/maranhaotv\/"},"magazine_blocks_comment":0,"magazine_blocks_author_image":"https:\/\/secure.gravatar.com\/avatar\/8fadbca458d4cb68b1dd399ae9a40618d747bb1af65ac9fad21c89220a143eb4?s=96&d=mm&r=g","magazine_blocks_category":"<a href=\"#\" class=\"category-link category-link-2\">not\u00edcias<\/a>","yoast_head":"<!-- This site is optimized with the Yoast SEO plugin v27.4 - https:\/\/yoast.com\/product\/yoast-seo-wordpress\/ -->\n<title>Fred Campos, prefeito eleito de Pa\u00e7o do Lumiar, destaca planos futuros em entrevista ao Bom Dia Mirante - NOT\u00cdCIAS EM TEMPO REAL<\/title>\n<meta name=\"robots\" content=\"index, follow, max-snippet:-1, max-image-preview:large, max-video-preview:-1\" \/>\n<link rel=\"canonical\" href=\"https:\/\/maranhaotv.com.br\/index.php\/2024\/10\/09\/fred-campos-prefeito-eleito-de-paco-do-lumiar-destaca-planos-futuros-em-entrevista-ao-bom-dia-mirante\/\" \/>\n<meta property=\"og:locale\" content=\"pt_BR\" \/>\n<meta property=\"og:type\" content=\"article\" \/>\n<meta property=\"og:title\" content=\"Fred Campos, prefeito eleito de Pa\u00e7o do Lumiar, destaca planos futuros em entrevista ao Bom Dia Mirante - NOT\u00cdCIAS EM TEMPO REAL\" \/>\n<meta property=\"og:description\" content=\"O prefeito eleito de Pa\u00e7o do Lumiar, Fred Campos, participou na manh\u00e3 desta segunda-feira de uma entrevista ao programa Bom\" \/>\n<meta property=\"og:url\" content=\"https:\/\/maranhaotv.com.br\/index.php\/2024\/10\/09\/fred-campos-prefeito-eleito-de-paco-do-lumiar-destaca-planos-futuros-em-entrevista-ao-bom-dia-mirante\/\" \/>\n<meta property=\"og:site_name\" content=\"NOT\u00cdCIAS EM TEMPO REAL\" \/>\n<meta property=\"article:publisher\" content=\"https:\/\/www.facebook.com\/maiobaotv\" \/>\n<meta property=\"article:published_time\" content=\"2024-10-09T13:14:30+00:00\" \/>\n<meta property=\"article:modified_time\" content=\"2024-10-09T13:15:36+00:00\" \/>\n<meta property=\"og:image\" content=\"https:\/\/maranhaotv.com.br\/wp-content\/uploads\/2024\/10\/IMG-20241009-WA0236.jpg\" \/>\n\t<meta property=\"og:image:width\" content=\"1080\" \/>\n\t<meta property=\"og:image:height\" content=\"722\" \/>\n\t<meta property=\"og:image:type\" content=\"image\/jpeg\" \/>\n<meta name=\"author\" content=\"maranhaotv\" \/>\n<meta name=\"twitter:card\" content=\"summary_large_image\" \/>\n<meta name=\"twitter:creator\" content=\"@sitemaranhaotv\" \/>\n<meta name=\"twitter:site\" content=\"@sitemaranhaotv\" \/>\n<meta name=\"twitter:label1\" content=\"Escrito por\" \/>\n\t<meta name=\"twitter:data1\" content=\"maranhaotv\" \/>\n\t<meta name=\"twitter:label2\" content=\"Est. tempo de leitura\" \/>\n\t<meta name=\"twitter:data2\" content=\"2 minutos\" \/>\n<script type=\"application\/ld+json\" class=\"yoast-schema-graph\">{\"@context\":\"https:\\\/\\\/schema.org\",\"@graph\":[{\"@type\":\"Article\",\"@id\":\"https:\\\/\\\/maranhaotv.com.br\\\/index.php\\\/2024\\\/10\\\/09\\\/fred-campos-prefeito-eleito-de-paco-do-lumiar-destaca-planos-futuros-em-entrevista-ao-bom-dia-mirante\\\/#article\",\"isPartOf\":{\"@id\":\"https:\\\/\\\/maranhaotv.com.br\\\/index.php\\\/2024\\\/10\\\/09\\\/fred-campos-prefeito-eleito-de-paco-do-lumiar-destaca-planos-futuros-em-entrevista-ao-bom-dia-mirante\\\/\"},\"author\":{\"name\":\"maranhaotv\",\"@id\":\"https:\\\/\\\/maranhaotv.com.br\\\/#\\\/schema\\\/person\\\/3d54238e86b20bb5c89ab2fdb8f8829a\"},\"headline\":\"Fred Campos, prefeito eleito de Pa\u00e7o do Lumiar, destaca planos futuros em entrevista ao Bom Dia Mirante\",\"datePublished\":\"2024-10-09T13:14:30+00:00\",\"dateModified\":\"2024-10-09T13:15:36+00:00\",\"mainEntityOfPage\":{\"@id\":\"https:\\\/\\\/maranhaotv.com.br\\\/index.php\\\/2024\\\/10\\\/09\\\/fred-campos-prefeito-eleito-de-paco-do-lumiar-destaca-planos-futuros-em-entrevista-ao-bom-dia-mirante\\\/\"},\"wordCount\":410,\"commentCount\":0,\"publisher\":{\"@id\":\"https:\\\/\\\/maranhaotv.com.br\\\/#organization\"},\"image\":{\"@id\":\"https:\\\/\\\/maranhaotv.com.br\\\/index.php\\\/2024\\\/10\\\/09\\\/fred-campos-prefeito-eleito-de-paco-do-lumiar-destaca-planos-futuros-em-entrevista-ao-bom-dia-mirante\\\/#primaryimage\"},\"thumbnailUrl\":\"https:\\\/\\\/maranhaotv.com.br\\\/wp-content\\\/uploads\\\/2024\\\/10\\\/IMG-20241009-WA0236.jpg\",\"articleSection\":[\"not\u00edcias\"],\"inLanguage\":\"pt-BR\",\"potentialAction\":[{\"@type\":\"CommentAction\",\"name\":\"Comment\",\"target\":[\"https:\\\/\\\/maranhaotv.com.br\\\/index.php\\\/2024\\\/10\\\/09\\\/fred-campos-prefeito-eleito-de-paco-do-lumiar-destaca-planos-futuros-em-entrevista-ao-bom-dia-mirante\\\/#respond\"]}]},{\"@type\":\"WebPage\",\"@id\":\"https:\\\/\\\/maranhaotv.com.br\\\/index.php\\\/2024\\\/10\\\/09\\\/fred-campos-prefeito-eleito-de-paco-do-lumiar-destaca-planos-futuros-em-entrevista-ao-bom-dia-mirante\\\/\",\"url\":\"https:\\\/\\\/maranhaotv.com.br\\\/index.php\\\/2024\\\/10\\\/09\\\/fred-campos-prefeito-eleito-de-paco-do-lumiar-destaca-planos-futuros-em-entrevista-ao-bom-dia-mirante\\\/\",\"name\":\"Fred Campos, prefeito eleito de Pa\u00e7o do Lumiar, destaca planos futuros em entrevista ao Bom Dia Mirante - NOT\u00cdCIAS EM TEMPO REAL\",\"isPartOf\":{\"@id\":\"https:\\\/\\\/maranhaotv.com.br\\\/#website\"},\"primaryImageOfPage\":{\"@id\":\"https:\\\/\\\/maranhaotv.com.br\\\/index.php\\\/2024\\\/10\\\/09\\\/fred-campos-prefeito-eleito-de-paco-do-lumiar-destaca-planos-futuros-em-entrevista-ao-bom-dia-mirante\\\/#primaryimage\"},\"image\":{\"@id\":\"https:\\\/\\\/maranhaotv.com.br\\\/index.php\\\/2024\\\/10\\\/09\\\/fred-campos-prefeito-eleito-de-paco-do-lumiar-destaca-planos-futuros-em-entrevista-ao-bom-dia-mirante\\\/#primaryimage\"},\"thumbnailUrl\":\"https:\\\/\\\/maranhaotv.com.br\\\/wp-content\\\/uploads\\\/2024\\\/10\\\/IMG-20241009-WA0236.jpg\",\"datePublished\":\"2024-10-09T13:14:30+00:00\",\"dateModified\":\"2024-10-09T13:15:36+00:00\",\"breadcrumb\":{\"@id\":\"https:\\\/\\\/maranhaotv.com.br\\\/index.php\\\/2024\\\/10\\\/09\\\/fred-campos-prefeito-eleito-de-paco-do-lumiar-destaca-planos-futuros-em-entrevista-ao-bom-dia-mirante\\\/#breadcrumb\"},\"inLanguage\":\"pt-BR\",\"potentialAction\":[{\"@type\":\"ReadAction\",\"target\":[\"https:\\\/\\\/maranhaotv.com.br\\\/index.php\\\/2024\\\/10\\\/09\\\/fred-campos-prefeito-eleito-de-paco-do-lumiar-destaca-planos-futuros-em-entrevista-ao-bom-dia-mirante\\\/\"]}]},{\"@type\":\"ImageObject\",\"inLanguage\":\"pt-BR\",\"@id\":\"https:\\\/\\\/maranhaotv.com.br\\\/index.php\\\/2024\\\/10\\\/09\\\/fred-campos-prefeito-eleito-de-paco-do-lumiar-destaca-planos-futuros-em-entrevista-ao-bom-dia-mirante\\\/#primaryimage\",\"url\":\"https:\\\/\\\/maranhaotv.com.br\\\/wp-content\\\/uploads\\\/2024\\\/10\\\/IMG-20241009-WA0236.jpg\",\"contentUrl\":\"https:\\\/\\\/maranhaotv.com.br\\\/wp-content\\\/uploads\\\/2024\\\/10\\\/IMG-20241009-WA0236.jpg\",\"width\":1080,\"height\":722},{\"@type\":\"BreadcrumbList\",\"@id\":\"https:\\\/\\\/maranhaotv.com.br\\\/index.php\\\/2024\\\/10\\\/09\\\/fred-campos-prefeito-eleito-de-paco-do-lumiar-destaca-planos-futuros-em-entrevista-ao-bom-dia-mirante\\\/#breadcrumb\",\"itemListElement\":[{\"@type\":\"ListItem\",\"position\":1,\"name\":\"In\u00edcio\",\"item\":\"https:\\\/\\\/maranhaotv.com.br\\\/\"},{\"@type\":\"ListItem\",\"position\":2,\"name\":\"Fred Campos, prefeito eleito de Pa\u00e7o do Lumiar, destaca planos futuros em entrevista ao Bom Dia Mirante\"}]},{\"@type\":\"WebSite\",\"@id\":\"https:\\\/\\\/maranhaotv.com.br\\\/#website\",\"url\":\"https:\\\/\\\/maranhaotv.com.br\\\/\",\"name\":\"Maranh\u00e3oTV\",\"description\":\"\",\"publisher\":{\"@id\":\"https:\\\/\\\/maranhaotv.com.br\\\/#organization\"},\"potentialAction\":[{\"@type\":\"SearchAction\",\"target\":{\"@type\":\"EntryPoint\",\"urlTemplate\":\"https:\\\/\\\/maranhaotv.com.br\\\/?s={search_term_string}\"},\"query-input\":{\"@type\":\"PropertyValueSpecification\",\"valueRequired\":true,\"valueName\":\"search_term_string\"}}],\"inLanguage\":\"pt-BR\"},{\"@type\":\"Organization\",\"@id\":\"https:\\\/\\\/maranhaotv.com.br\\\/#organization\",\"name\":\"Portal de Not\u00edcias\",\"url\":\"https:\\\/\\\/maranhaotv.com.br\\\/\",\"logo\":{\"@type\":\"ImageObject\",\"inLanguage\":\"pt-BR\",\"@id\":\"https:\\\/\\\/maranhaotv.com.br\\\/#\\\/schema\\\/logo\\\/image\\\/\",\"url\":\"https:\\\/\\\/maranhaotv.com.br\\\/wp-content\\\/uploads\\\/2024\\\/05\\\/cropped-cropped-avatar-1.png\",\"contentUrl\":\"https:\\\/\\\/maranhaotv.com.br\\\/wp-content\\\/uploads\\\/2024\\\/05\\\/cropped-cropped-avatar-1.png\",\"width\":792,\"height\":428,\"caption\":\"Portal de Not\u00edcias\"},\"image\":{\"@id\":\"https:\\\/\\\/maranhaotv.com.br\\\/#\\\/schema\\\/logo\\\/image\\\/\"},\"sameAs\":[\"https:\\\/\\\/www.facebook.com\\\/maiobaotv\",\"https:\\\/\\\/x.com\\\/sitemaranhaotv\",\"https:\\\/\\\/www.instagram.com\\\/maranhao.tv\",\"https:\\\/\\\/www.threads.net\\\/@maranhao.tv\"]},{\"@type\":\"Person\",\"@id\":\"https:\\\/\\\/maranhaotv.com.br\\\/#\\\/schema\\\/person\\\/3d54238e86b20bb5c89ab2fdb8f8829a\",\"name\":\"maranhaotv\",\"image\":{\"@type\":\"ImageObject\",\"inLanguage\":\"pt-BR\",\"@id\":\"https:\\\/\\\/secure.gravatar.com\\\/avatar\\\/8fadbca458d4cb68b1dd399ae9a40618d747bb1af65ac9fad21c89220a143eb4?s=96&d=mm&r=g\",\"url\":\"https:\\\/\\\/secure.gravatar.com\\\/avatar\\\/8fadbca458d4cb68b1dd399ae9a40618d747bb1af65ac9fad21c89220a143eb4?s=96&d=mm&r=g\",\"contentUrl\":\"https:\\\/\\\/secure.gravatar.com\\\/avatar\\\/8fadbca458d4cb68b1dd399ae9a40618d747bb1af65ac9fad21c89220a143eb4?s=96&d=mm&r=g\",\"caption\":\"maranhaotv\"},\"sameAs\":[\"https:\\\/\\\/maranhaotv.com.br\\\/\"],\"url\":\"https:\\\/\\\/maranhaotv.com.br\\\/index.php\\\/author\\\/maranhaotv\\\/\"}]}<\/script>\n<!-- \/ Yoast SEO plugin. -->","yoast_head_json":{"title":"Fred Campos, prefeito eleito de Pa\u00e7o do Lumiar, destaca planos futuros em entrevista ao Bom Dia Mirante - NOT\u00cdCIAS EM TEMPO REAL","robots":{"index":"index","follow":"follow","max-snippet":"max-snippet:-1","max-image-preview":"max-image-preview:large","max-video-preview":"max-video-preview:-1"},"canonical":"https:\/\/maranhaotv.com.br\/index.php\/2024\/10\/09\/fred-campos-prefeito-eleito-de-paco-do-lumiar-destaca-planos-futuros-em-entrevista-ao-bom-dia-mirante\/","og_locale":"pt_BR","og_type":"article","og_title":"Fred Campos, prefeito eleito de Pa\u00e7o do Lumiar, destaca planos futuros em entrevista ao Bom Dia Mirante - NOT\u00cdCIAS EM TEMPO REAL","og_description":"O prefeito eleito de Pa\u00e7o do Lumiar, Fred Campos, participou na manh\u00e3 desta segunda-feira de uma entrevista ao programa Bom","og_url":"https:\/\/maranhaotv.com.br\/index.php\/2024\/10\/09\/fred-campos-prefeito-eleito-de-paco-do-lumiar-destaca-planos-futuros-em-entrevista-ao-bom-dia-mirante\/","og_site_name":"NOT\u00cdCIAS EM TEMPO REAL","article_publisher":"https:\/\/www.facebook.com\/maiobaotv","article_published_time":"2024-10-09T13:14:30+00:00","article_modified_time":"2024-10-09T13:15:36+00:00","og_image":[{"width":1080,"height":722,"url":"https:\/\/maranhaotv.com.br\/wp-content\/uploads\/2024\/10\/IMG-20241009-WA0236.jpg","type":"image\/jpeg"}],"author":"maranhaotv","twitter_card":"summary_large_image","twitter_creator":"@sitemaranhaotv","twitter_site":"@sitemaranhaotv","twitter_misc":{"Escrito por":"maranhaotv","Est. tempo de leitura":"2 minutos"},"schema":{"@context":"https:\/\/schema.org","@graph":[{"@type":"Article","@id":"https:\/\/maranhaotv.com.br\/index.php\/2024\/10\/09\/fred-campos-prefeito-eleito-de-paco-do-lumiar-destaca-planos-futuros-em-entrevista-ao-bom-dia-mirante\/#article","isPartOf":{"@id":"https:\/\/maranhaotv.com.br\/index.php\/2024\/10\/09\/fred-campos-prefeito-eleito-de-paco-do-lumiar-destaca-planos-futuros-em-entrevista-ao-bom-dia-mirante\/"},"author":{"name":"maranhaotv","@id":"https:\/\/maranhaotv.com.br\/#\/schema\/person\/3d54238e86b20bb5c89ab2fdb8f8829a"},"headline":"Fred Campos, prefeito eleito de Pa\u00e7o do Lumiar, destaca planos futuros em entrevista ao Bom Dia Mirante","datePublished":"2024-10-09T13:14:30+00:00","dateModified":"2024-10-09T13:15:36+00:00","mainEntityOfPage":{"@id":"https:\/\/maranhaotv.com.br\/index.php\/2024\/10\/09\/fred-campos-prefeito-eleito-de-paco-do-lumiar-destaca-planos-futuros-em-entrevista-ao-bom-dia-mirante\/"},"wordCount":410,"commentCount":0,"publisher":{"@id":"https:\/\/maranhaotv.com.br\/#organization"},"image":{"@id":"https:\/\/maranhaotv.com.br\/index.php\/2024\/10\/09\/fred-campos-prefeito-eleito-de-paco-do-lumiar-destaca-planos-futuros-em-entrevista-ao-bom-dia-mirante\/#primaryimage"},"thumbnailUrl":"https:\/\/maranhaotv.com.br\/wp-content\/uploads\/2024\/10\/IMG-20241009-WA0236.jpg","articleSection":["not\u00edcias"],"inLanguage":"pt-BR","potentialAction":[{"@type":"CommentAction","name":"Comment","target":["https:\/\/maranhaotv.com.br\/index.php\/2024\/10\/09\/fred-campos-prefeito-eleito-de-paco-do-lumiar-destaca-planos-futuros-em-entrevista-ao-bom-dia-mirante\/#respond"]}]},{"@type":"WebPage","@id":"https:\/\/maranhaotv.com.br\/index.php\/2024\/10\/09\/fred-campos-prefeito-eleito-de-paco-do-lumiar-destaca-planos-futuros-em-entrevista-ao-bom-dia-mirante\/","url":"https:\/\/maranhaotv.com.br\/index.php\/2024\/10\/09\/fred-campos-prefeito-eleito-de-paco-do-lumiar-destaca-planos-futuros-em-entrevista-ao-bom-dia-mirante\/","name":"Fred Campos, prefeito eleito de Pa\u00e7o do Lumiar, destaca planos futuros em entrevista ao Bom Dia Mirante - NOT\u00cdCIAS EM TEMPO REAL","isPartOf":{"@id":"https:\/\/maranhaotv.com.br\/#website"},"primaryImageOfPage":{"@id":"https:\/\/maranhaotv.com.br\/index.php\/2024\/10\/09\/fred-campos-prefeito-eleito-de-paco-do-lumiar-destaca-planos-futuros-em-entrevista-ao-bom-dia-mirante\/#primaryimage"},"image":{"@id":"https:\/\/maranhaotv.com.br\/index.php\/2024\/10\/09\/fred-campos-prefeito-eleito-de-paco-do-lumiar-destaca-planos-futuros-em-entrevista-ao-bom-dia-mirante\/#primaryimage"},"thumbnailUrl":"https:\/\/maranhaotv.com.br\/wp-content\/uploads\/2024\/10\/IMG-20241009-WA0236.jpg","datePublished":"2024-10-09T13:14:30+00:00","dateModified":"2024-10-09T13:15:36+00:00","breadcrumb":{"@id":"https:\/\/maranhaotv.com.br\/index.php\/2024\/10\/09\/fred-campos-prefeito-eleito-de-paco-do-lumiar-destaca-planos-futuros-em-entrevista-ao-bom-dia-mirante\/#breadcrumb"},"inLanguage":"pt-BR","potentialAction":[{"@type":"ReadAction","target":["https:\/\/maranhaotv.com.br\/index.php\/2024\/10\/09\/fred-campos-prefeito-eleito-de-paco-do-lumiar-destaca-planos-futuros-em-entrevista-ao-bom-dia-mirante\/"]}]},{"@type":"ImageObject","inLanguage":"pt-BR","@id":"https:\/\/maranhaotv.com.br\/index.php\/2024\/10\/09\/fred-campos-prefeito-eleito-de-paco-do-lumiar-destaca-planos-futuros-em-entrevista-ao-bom-dia-mirante\/#primaryimage","url":"https:\/\/maranhaotv.com.br\/wp-content\/uploads\/2024\/10\/IMG-20241009-WA0236.jpg","contentUrl":"https:\/\/maranhaotv.com.br\/wp-content\/uploads\/2024\/10\/IMG-20241009-WA0236.jpg","width":1080,"height":722},{"@type":"BreadcrumbList","@id":"https:\/\/maranhaotv.com.br\/index.php\/2024\/10\/09\/fred-campos-prefeito-eleito-de-paco-do-lumiar-destaca-planos-futuros-em-entrevista-ao-bom-dia-mirante\/#breadcrumb","itemListElement":[{"@type":"ListItem","position":1,"name":"In\u00edcio","item":"https:\/\/maranhaotv.com.br\/"},{"@type":"ListItem","position":2,"name":"Fred Campos, prefeito eleito de Pa\u00e7o do Lumiar, destaca planos futuros em entrevista ao Bom Dia Mirante"}]},{"@type":"WebSite","@id":"https:\/\/maranhaotv.com.br\/#website","url":"https:\/\/maranhaotv.com.br\/","name":"Maranh\u00e3oTV","description":"","publisher":{"@id":"https:\/\/maranhaotv.com.br\/#organization"},"potentialAction":[{"@type":"SearchAction","target":{"@type":"EntryPoint","urlTemplate":"https:\/\/maranhaotv.com.br\/?s={search_term_string}"},"query-input":{"@type":"PropertyValueSpecification","valueRequired":true,"valueName":"search_term_string"}}],"inLanguage":"pt-BR"},{"@type":"Organization","@id":"https:\/\/maranhaotv.com.br\/#organization","name":"Portal de Not\u00edcias","url":"https:\/\/maranhaotv.com.br\/","logo":{"@type":"ImageObject","inLanguage":"pt-BR","@id":"https:\/\/maranhaotv.com.br\/#\/schema\/logo\/image\/","url":"https:\/\/maranhaotv.com.br\/wp-content\/uploads\/2024\/05\/cropped-cropped-avatar-1.png","contentUrl":"https:\/\/maranhaotv.com.br\/wp-content\/uploads\/2024\/05\/cropped-cropped-avatar-1.png","width":792,"height":428,"caption":"Portal de Not\u00edcias"},"image":{"@id":"https:\/\/maranhaotv.com.br\/#\/schema\/logo\/image\/"},"sameAs":["https:\/\/www.facebook.com\/maiobaotv","https:\/\/x.com\/sitemaranhaotv","https:\/\/www.instagram.com\/maranhao.tv","https:\/\/www.threads.net\/@maranhao.tv"]},{"@type":"Person","@id":"https:\/\/maranhaotv.com.br\/#\/schema\/person\/3d54238e86b20bb5c89ab2fdb8f8829a","name":"maranhaotv","image":{"@type":"ImageObject","inLanguage":"pt-BR","@id":"https:\/\/secure.gravatar.com\/avatar\/8fadbca458d4cb68b1dd399ae9a40618d747bb1af65ac9fad21c89220a143eb4?s=96&d=mm&r=g","url":"https:\/\/secure.gravatar.com\/avatar\/8fadbca458d4cb68b1dd399ae9a40618d747bb1af65ac9fad21c89220a143eb4?s=96&d=mm&r=g","contentUrl":"https:\/\/secure.gravatar.com\/avatar\/8fadbca458d4cb68b1dd399ae9a40618d747bb1af65ac9fad21c89220a143eb4?s=96&d=mm&r=g","caption":"maranhaotv"},"sameAs":["https:\/\/maranhaotv.com.br\/"],"url":"https:\/\/maranhaotv.com.br\/index.php\/author\/maranhaotv\/"}]}},"jetpack_featured_media_url":"https:\/\/maranhaotv.com.br\/wp-content\/uploads\/2024\/10\/IMG-20241009-WA0236.jpg","jetpack_sharing_enabled":true,"_links":{"self":[{"href":"https:\/\/maranhaotv.com.br\/index.php\/wp-json\/wp\/v2\/posts\/38415","targetHints":{"allow":["GET"]}}],"collection":[{"href":"https:\/\/maranhaotv.com.br\/index.php\/wp-json\/wp\/v2\/posts"}],"about":[{"href":"https:\/\/maranhaotv.com.br\/index.php\/wp-json\/wp\/v2\/types\/post"}],"author":[{"embeddable":true,"href":"https:\/\/maranhaotv.com.br\/index.php\/wp-json\/wp\/v2\/users\/2"}],"replies":[{"embeddable":true,"href":"https:\/\/maranhaotv.com.br\/index.php\/wp-json\/wp\/v2\/comments?post=38415"}],"version-history":[{"count":2,"href":"https:\/\/maranhaotv.com.br\/index.php\/wp-json\/wp\/v2\/posts\/38415\/revisions"}],"predecessor-version":[{"id":38417,"href":"https:\/\/maranhaotv.com.br\/index.php\/wp-json\/wp\/v2\/posts\/38415\/revisions\/38417"}],"wp:featuredmedia":[{"embeddable":true,"href":"https:\/\/maranhaotv.com.br\/index.php\/wp-json\/wp\/v2\/media\/38414"}],"wp:attachment":[{"href":"https:\/\/maranhaotv.com.br\/index.php\/wp-json\/wp\/v2\/media?parent=38415"}],"wp:term":[{"taxonomy":"category","embeddable":true,"href":"https:\/\/maranhaotv.com.br\/index.php\/wp-json\/wp\/v2\/categories?post=38415"},{"taxonomy":"post_tag","embeddable":true,"href":"https:\/\/maranhaotv.com.br\/index.php\/wp-json\/wp\/v2\/tags?post=38415"}],"curies":[{"name":"wp","href":"https:\/\/api.w.org\/{rel}","templated":true}]}}