{"id":38419,"date":"2024-10-09T12:40:02","date_gmt":"2024-10-09T15:40:02","guid":{"rendered":"https:\/\/maranhaotv.com.br\/?p=38419"},"modified":"2024-10-09T16:07:50","modified_gmt":"2024-10-09T19:07:50","slug":"pedro-lucas-apresenta-proposta-de-ampliacao-do-seguro-defeso-para-pescadores-da-amazonia-legal","status":"publish","type":"post","link":"https:\/\/maranhaotv.com.br\/index.php\/2024\/10\/09\/pedro-lucas-apresenta-proposta-de-ampliacao-do-seguro-defeso-para-pescadores-da-amazonia-legal\/","title":{"rendered":"Pedro Lucas apresenta proposta de amplia\u00e7\u00e3o do seguro-defeso para pescadores da Amaz\u00f4nia Legal"},"content":{"rendered":"\n<p><br><br>O deputado federal Pedro Lucas Fernandes (Uni\u00e3o\/MA) apresentou nesta quarta-feira, 09, a emenda n\u00ba 3 \u00e0 medida provis\u00f3ria 1263\/2024, que amplia o acesso emergencial ao seguro-defeso aos pescadores de toda a regi\u00e3o da Amaz\u00f4nia Legal, que inclui o estado do Maranh\u00e3o. A proposta inicial da medida provis\u00f3ria abrange apenas pescadores artesanais atingidos pela estiagem na regi\u00e3o Norte.<br><br>O Seguro-Desemprego do Pescador Artesanal (SDPA), tamb\u00e9m chamado de &#8220;seguro-defeso&#8221;, \u00e9 um aux\u00edlio no valor de um sal\u00e1rio m\u00ednimo, pago pelo INSS para indiv\u00edduos que t\u00eam na pesca de pequena escala sua \u00fanica fonte de renda. Esse benef\u00edcio \u00e9 oferecido para complementar a renda das fam\u00edlias durante o per\u00edodo em que a pesca \u00e9 suspensa, principalmente com o objetivo de permitir a preserva\u00e7\u00e3o e a reprodu\u00e7\u00e3o das esp\u00e9cies.<br><br>A proposta do Congresso Nacional visa garantir a amplia\u00e7\u00e3o emergencial desse benef\u00edcio aos pescadores que est\u00e3o sendo atingidos com a estiagem. A emenda n\u00ba 3, apresentada pelo apresentada pelo deputado Pedro Lucas destaca que entre junho e julho, a \u00e1rea afetada pela seca no Maranh\u00e3o aumentou de 31% para 73%, o maior percentual desde fevereiro, quando 92% do estado enfrentava o fen\u00f4meno. Em julho, o Maranh\u00e3o registrou a maior \u00e1rea com seca de todo o Nordeste.<br> <br>\u201cN\u00e3o h\u00e1 d\u00favidas que as mudan\u00e7as clim\u00e1ticas j\u00e1 afetam gravemente o nosso dia a dia. Diversas fam\u00edlias que dependem do trabalho no campo ou da pesca t\u00eam sentido esses efeitos, por isso, essa medida provis\u00f3ria \u00e9 de grande import\u00e2ncia por dar a aten\u00e7\u00e3o aos pescadores que est\u00e3o sem renda diante dessa grave estiagem. Por\u00e9m, acredito que seja fundamental ampliar a \u00e1rea atendida, incluindo todos os estados da Amaz\u00f4nia Legal, onde a estiagem tamb\u00e9m tem feito um grande impacto.\u201d destacou o deputado.<br><br>A seca na Baixada Maranhense, que abrange mais de 20 munic\u00edpios, \u00e9 a pior dos \u00faltimos 10 anos. Essa situa\u00e7\u00e3o tem gerado transtornos para a popula\u00e7\u00e3o local, com lagos e lagoas secando e causando a morte de milhares de peixes.<\/p>\n","protected":false},"excerpt":{"rendered":"<p>O deputado federal Pedro Lucas Fernandes (Uni\u00e3o\/MA) apresentou nesta quarta-feira, 09, a emenda n\u00ba 3 \u00e0 medida provis\u00f3ria 1263\/2024, que<\/p>\n","protected":false},"author":2,"featured_media":38418,"comment_status":"open","ping_status":"open","sticky":false,"template":"","format":"standard","meta":{"colormag_page_container_layout":"default_layout","colormag_page_sidebar_layout":"default_layout","_jetpack_memberships_contains_paid_content":false,"footnotes":""},"categories":[2],"tags":[],"class_list":["post-38419","post","type-post","status-publish","format-standard","has-post-thumbnail","hentry","category-noticias"],"magazineBlocksPostFeaturedMedia":{"thumbnail":"https:\/\/maranhaotv.com.br\/wp-content\/uploads\/2024\/10\/IMG-20241009-WA0566-150x150.jpg","medium":"https:\/\/maranhaotv.com.br\/wp-content\/uploads\/2024\/10\/IMG-20241009-WA0566-300x200.jpg","medium_large":"https:\/\/maranhaotv.com.br\/wp-content\/uploads\/2024\/10\/IMG-20241009-WA0566-768x513.jpg","large":"https:\/\/maranhaotv.com.br\/wp-content\/uploads\/2024\/10\/IMG-20241009-WA0566-1024x684.jpg","1536x1536":"https:\/\/maranhaotv.com.br\/wp-content\/uploads\/2024\/10\/IMG-20241009-WA0566-1536x1025.jpg","2048x2048":"https:\/\/maranhaotv.com.br\/wp-content\/uploads\/2024\/10\/IMG-20241009-WA0566.jpg","colormag-highlighted-post":"https:\/\/maranhaotv.com.br\/wp-content\/uploads\/2024\/10\/IMG-20241009-WA0566-392x272.jpg","colormag-featured-post-medium":"https:\/\/maranhaotv.com.br\/wp-content\/uploads\/2024\/10\/IMG-20241009-WA0566-390x205.jpg","colormag-featured-post-small":"https:\/\/maranhaotv.com.br\/wp-content\/uploads\/2024\/10\/IMG-20241009-WA0566-130x90.jpg","colormag-featured-image":"https:\/\/maranhaotv.com.br\/wp-content\/uploads\/2024\/10\/IMG-20241009-WA0566-800x445.jpg","colormag-default-news":"https:\/\/maranhaotv.com.br\/wp-content\/uploads\/2024\/10\/IMG-20241009-WA0566-150x150.jpg","colormag-featured-image-large":"https:\/\/maranhaotv.com.br\/wp-content\/uploads\/2024\/10\/IMG-20241009-WA0566-1400x600.jpg"},"magazineBlocksPostAuthor":{"name":"maranhaotv","avatar":"https:\/\/secure.gravatar.com\/avatar\/8fadbca458d4cb68b1dd399ae9a40618d747bb1af65ac9fad21c89220a143eb4?s=96&d=mm&r=g"},"magazineBlocksPostCommentsNumber":"0","magazineBlocksPostExcerpt":"O deputado federal Pedro Lucas Fernandes (Uni\u00e3o\/MA) apresentou nesta quarta-feira, 09, a emenda n\u00ba 3 \u00e0 medida provis\u00f3ria 1263\/2024, que","magazineBlocksPostCategories":["not\u00edcias"],"magazineBlocksPostViewCount":337,"magazineBlocksPostReadTime":2,"magazine_blocks_featured_image_url":{"full":["https:\/\/maranhaotv.com.br\/wp-content\/uploads\/2024\/10\/IMG-20241009-WA0566.jpg",1600,1068,false],"medium":["https:\/\/maranhaotv.com.br\/wp-content\/uploads\/2024\/10\/IMG-20241009-WA0566-300x200.jpg",300,200,true],"thumbnail":["https:\/\/maranhaotv.com.br\/wp-content\/uploads\/2024\/10\/IMG-20241009-WA0566-150x150.jpg",150,150,true]},"magazine_blocks_author":{"display_name":"maranhaotv","author_link":"https:\/\/maranhaotv.com.br\/index.php\/author\/maranhaotv\/"},"magazine_blocks_comment":0,"magazine_blocks_author_image":"https:\/\/secure.gravatar.com\/avatar\/8fadbca458d4cb68b1dd399ae9a40618d747bb1af65ac9fad21c89220a143eb4?s=96&d=mm&r=g","magazine_blocks_category":"<a href=\"#\" class=\"category-link category-link-2\">not\u00edcias<\/a>","yoast_head":"<!-- This site is optimized with the Yoast SEO plugin v27.4 - https:\/\/yoast.com\/product\/yoast-seo-wordpress\/ -->\n<title>Pedro Lucas apresenta proposta de amplia\u00e7\u00e3o do seguro-defeso para pescadores da Amaz\u00f4nia Legal - NOT\u00cdCIAS EM TEMPO REAL<\/title>\n<meta name=\"robots\" content=\"index, follow, max-snippet:-1, max-image-preview:large, max-video-preview:-1\" \/>\n<link rel=\"canonical\" href=\"https:\/\/maranhaotv.com.br\/index.php\/2024\/10\/09\/pedro-lucas-apresenta-proposta-de-ampliacao-do-seguro-defeso-para-pescadores-da-amazonia-legal\/\" \/>\n<meta property=\"og:locale\" content=\"pt_BR\" \/>\n<meta property=\"og:type\" content=\"article\" \/>\n<meta property=\"og:title\" content=\"Pedro Lucas apresenta proposta de amplia\u00e7\u00e3o do seguro-defeso para pescadores da Amaz\u00f4nia Legal - NOT\u00cdCIAS EM TEMPO REAL\" \/>\n<meta property=\"og:description\" content=\"O deputado federal Pedro Lucas Fernandes (Uni\u00e3o\/MA) apresentou nesta quarta-feira, 09, a emenda n\u00ba 3 \u00e0 medida provis\u00f3ria 1263\/2024, que\" \/>\n<meta property=\"og:url\" content=\"https:\/\/maranhaotv.com.br\/index.php\/2024\/10\/09\/pedro-lucas-apresenta-proposta-de-ampliacao-do-seguro-defeso-para-pescadores-da-amazonia-legal\/\" \/>\n<meta property=\"og:site_name\" content=\"NOT\u00cdCIAS EM TEMPO REAL\" \/>\n<meta property=\"article:publisher\" content=\"https:\/\/www.facebook.com\/maiobaotv\" \/>\n<meta property=\"article:published_time\" content=\"2024-10-09T15:40:02+00:00\" \/>\n<meta property=\"article:modified_time\" content=\"2024-10-09T19:07:50+00:00\" \/>\n<meta property=\"og:image\" content=\"https:\/\/maranhaotv.com.br\/wp-content\/uploads\/2024\/10\/IMG-20241009-WA0566.jpg\" \/>\n\t<meta property=\"og:image:width\" content=\"1600\" \/>\n\t<meta property=\"og:image:height\" content=\"1068\" \/>\n\t<meta property=\"og:image:type\" content=\"image\/jpeg\" \/>\n<meta name=\"author\" content=\"maranhaotv\" \/>\n<meta name=\"twitter:card\" content=\"summary_large_image\" \/>\n<meta name=\"twitter:creator\" content=\"@sitemaranhaotv\" \/>\n<meta name=\"twitter:site\" content=\"@sitemaranhaotv\" \/>\n<meta name=\"twitter:label1\" content=\"Escrito por\" \/>\n\t<meta name=\"twitter:data1\" content=\"maranhaotv\" \/>\n\t<meta name=\"twitter:label2\" content=\"Est. tempo de leitura\" \/>\n\t<meta name=\"twitter:data2\" content=\"2 minutos\" \/>\n<script type=\"application\/ld+json\" class=\"yoast-schema-graph\">{\"@context\":\"https:\\\/\\\/schema.org\",\"@graph\":[{\"@type\":\"Article\",\"@id\":\"https:\\\/\\\/maranhaotv.com.br\\\/index.php\\\/2024\\\/10\\\/09\\\/pedro-lucas-apresenta-proposta-de-ampliacao-do-seguro-defeso-para-pescadores-da-amazonia-legal\\\/#article\",\"isPartOf\":{\"@id\":\"https:\\\/\\\/maranhaotv.com.br\\\/index.php\\\/2024\\\/10\\\/09\\\/pedro-lucas-apresenta-proposta-de-ampliacao-do-seguro-defeso-para-pescadores-da-amazonia-legal\\\/\"},\"author\":{\"name\":\"maranhaotv\",\"@id\":\"https:\\\/\\\/maranhaotv.com.br\\\/#\\\/schema\\\/person\\\/3d54238e86b20bb5c89ab2fdb8f8829a\"},\"headline\":\"Pedro Lucas apresenta proposta de amplia\u00e7\u00e3o do seguro-defeso para pescadores da Amaz\u00f4nia Legal\",\"datePublished\":\"2024-10-09T15:40:02+00:00\",\"dateModified\":\"2024-10-09T19:07:50+00:00\",\"mainEntityOfPage\":{\"@id\":\"https:\\\/\\\/maranhaotv.com.br\\\/index.php\\\/2024\\\/10\\\/09\\\/pedro-lucas-apresenta-proposta-de-ampliacao-do-seguro-defeso-para-pescadores-da-amazonia-legal\\\/\"},\"wordCount\":364,\"commentCount\":0,\"publisher\":{\"@id\":\"https:\\\/\\\/maranhaotv.com.br\\\/#organization\"},\"image\":{\"@id\":\"https:\\\/\\\/maranhaotv.com.br\\\/index.php\\\/2024\\\/10\\\/09\\\/pedro-lucas-apresenta-proposta-de-ampliacao-do-seguro-defeso-para-pescadores-da-amazonia-legal\\\/#primaryimage\"},\"thumbnailUrl\":\"https:\\\/\\\/maranhaotv.com.br\\\/wp-content\\\/uploads\\\/2024\\\/10\\\/IMG-20241009-WA0566.jpg\",\"articleSection\":[\"not\u00edcias\"],\"inLanguage\":\"pt-BR\",\"potentialAction\":[{\"@type\":\"CommentAction\",\"name\":\"Comment\",\"target\":[\"https:\\\/\\\/maranhaotv.com.br\\\/index.php\\\/2024\\\/10\\\/09\\\/pedro-lucas-apresenta-proposta-de-ampliacao-do-seguro-defeso-para-pescadores-da-amazonia-legal\\\/#respond\"]}]},{\"@type\":\"WebPage\",\"@id\":\"https:\\\/\\\/maranhaotv.com.br\\\/index.php\\\/2024\\\/10\\\/09\\\/pedro-lucas-apresenta-proposta-de-ampliacao-do-seguro-defeso-para-pescadores-da-amazonia-legal\\\/\",\"url\":\"https:\\\/\\\/maranhaotv.com.br\\\/index.php\\\/2024\\\/10\\\/09\\\/pedro-lucas-apresenta-proposta-de-ampliacao-do-seguro-defeso-para-pescadores-da-amazonia-legal\\\/\",\"name\":\"Pedro Lucas apresenta proposta de amplia\u00e7\u00e3o do seguro-defeso para pescadores da Amaz\u00f4nia Legal - NOT\u00cdCIAS EM TEMPO REAL\",\"isPartOf\":{\"@id\":\"https:\\\/\\\/maranhaotv.com.br\\\/#website\"},\"primaryImageOfPage\":{\"@id\":\"https:\\\/\\\/maranhaotv.com.br\\\/index.php\\\/2024\\\/10\\\/09\\\/pedro-lucas-apresenta-proposta-de-ampliacao-do-seguro-defeso-para-pescadores-da-amazonia-legal\\\/#primaryimage\"},\"image\":{\"@id\":\"https:\\\/\\\/maranhaotv.com.br\\\/index.php\\\/2024\\\/10\\\/09\\\/pedro-lucas-apresenta-proposta-de-ampliacao-do-seguro-defeso-para-pescadores-da-amazonia-legal\\\/#primaryimage\"},\"thumbnailUrl\":\"https:\\\/\\\/maranhaotv.com.br\\\/wp-content\\\/uploads\\\/2024\\\/10\\\/IMG-20241009-WA0566.jpg\",\"datePublished\":\"2024-10-09T15:40:02+00:00\",\"dateModified\":\"2024-10-09T19:07:50+00:00\",\"breadcrumb\":{\"@id\":\"https:\\\/\\\/maranhaotv.com.br\\\/index.php\\\/2024\\\/10\\\/09\\\/pedro-lucas-apresenta-proposta-de-ampliacao-do-seguro-defeso-para-pescadores-da-amazonia-legal\\\/#breadcrumb\"},\"inLanguage\":\"pt-BR\",\"potentialAction\":[{\"@type\":\"ReadAction\",\"target\":[\"https:\\\/\\\/maranhaotv.com.br\\\/index.php\\\/2024\\\/10\\\/09\\\/pedro-lucas-apresenta-proposta-de-ampliacao-do-seguro-defeso-para-pescadores-da-amazonia-legal\\\/\"]}]},{\"@type\":\"ImageObject\",\"inLanguage\":\"pt-BR\",\"@id\":\"https:\\\/\\\/maranhaotv.com.br\\\/index.php\\\/2024\\\/10\\\/09\\\/pedro-lucas-apresenta-proposta-de-ampliacao-do-seguro-defeso-para-pescadores-da-amazonia-legal\\\/#primaryimage\",\"url\":\"https:\\\/\\\/maranhaotv.com.br\\\/wp-content\\\/uploads\\\/2024\\\/10\\\/IMG-20241009-WA0566.jpg\",\"contentUrl\":\"https:\\\/\\\/maranhaotv.com.br\\\/wp-content\\\/uploads\\\/2024\\\/10\\\/IMG-20241009-WA0566.jpg\",\"width\":1600,\"height\":1068},{\"@type\":\"BreadcrumbList\",\"@id\":\"https:\\\/\\\/maranhaotv.com.br\\\/index.php\\\/2024\\\/10\\\/09\\\/pedro-lucas-apresenta-proposta-de-ampliacao-do-seguro-defeso-para-pescadores-da-amazonia-legal\\\/#breadcrumb\",\"itemListElement\":[{\"@type\":\"ListItem\",\"position\":1,\"name\":\"In\u00edcio\",\"item\":\"https:\\\/\\\/maranhaotv.com.br\\\/\"},{\"@type\":\"ListItem\",\"position\":2,\"name\":\"Pedro Lucas apresenta proposta de amplia\u00e7\u00e3o do seguro-defeso para pescadores da Amaz\u00f4nia Legal\"}]},{\"@type\":\"WebSite\",\"@id\":\"https:\\\/\\\/maranhaotv.com.br\\\/#website\",\"url\":\"https:\\\/\\\/maranhaotv.com.br\\\/\",\"name\":\"Maranh\u00e3oTV\",\"description\":\"\",\"publisher\":{\"@id\":\"https:\\\/\\\/maranhaotv.com.br\\\/#organization\"},\"potentialAction\":[{\"@type\":\"SearchAction\",\"target\":{\"@type\":\"EntryPoint\",\"urlTemplate\":\"https:\\\/\\\/maranhaotv.com.br\\\/?s={search_term_string}\"},\"query-input\":{\"@type\":\"PropertyValueSpecification\",\"valueRequired\":true,\"valueName\":\"search_term_string\"}}],\"inLanguage\":\"pt-BR\"},{\"@type\":\"Organization\",\"@id\":\"https:\\\/\\\/maranhaotv.com.br\\\/#organization\",\"name\":\"Portal de Not\u00edcias\",\"url\":\"https:\\\/\\\/maranhaotv.com.br\\\/\",\"logo\":{\"@type\":\"ImageObject\",\"inLanguage\":\"pt-BR\",\"@id\":\"https:\\\/\\\/maranhaotv.com.br\\\/#\\\/schema\\\/logo\\\/image\\\/\",\"url\":\"https:\\\/\\\/maranhaotv.com.br\\\/wp-content\\\/uploads\\\/2024\\\/05\\\/cropped-cropped-avatar-1.png\",\"contentUrl\":\"https:\\\/\\\/maranhaotv.com.br\\\/wp-content\\\/uploads\\\/2024\\\/05\\\/cropped-cropped-avatar-1.png\",\"width\":792,\"height\":428,\"caption\":\"Portal de Not\u00edcias\"},\"image\":{\"@id\":\"https:\\\/\\\/maranhaotv.com.br\\\/#\\\/schema\\\/logo\\\/image\\\/\"},\"sameAs\":[\"https:\\\/\\\/www.facebook.com\\\/maiobaotv\",\"https:\\\/\\\/x.com\\\/sitemaranhaotv\",\"https:\\\/\\\/www.instagram.com\\\/maranhao.tv\",\"https:\\\/\\\/www.threads.net\\\/@maranhao.tv\"]},{\"@type\":\"Person\",\"@id\":\"https:\\\/\\\/maranhaotv.com.br\\\/#\\\/schema\\\/person\\\/3d54238e86b20bb5c89ab2fdb8f8829a\",\"name\":\"maranhaotv\",\"image\":{\"@type\":\"ImageObject\",\"inLanguage\":\"pt-BR\",\"@id\":\"https:\\\/\\\/secure.gravatar.com\\\/avatar\\\/8fadbca458d4cb68b1dd399ae9a40618d747bb1af65ac9fad21c89220a143eb4?s=96&d=mm&r=g\",\"url\":\"https:\\\/\\\/secure.gravatar.com\\\/avatar\\\/8fadbca458d4cb68b1dd399ae9a40618d747bb1af65ac9fad21c89220a143eb4?s=96&d=mm&r=g\",\"contentUrl\":\"https:\\\/\\\/secure.gravatar.com\\\/avatar\\\/8fadbca458d4cb68b1dd399ae9a40618d747bb1af65ac9fad21c89220a143eb4?s=96&d=mm&r=g\",\"caption\":\"maranhaotv\"},\"sameAs\":[\"https:\\\/\\\/maranhaotv.com.br\\\/\"],\"url\":\"https:\\\/\\\/maranhaotv.com.br\\\/index.php\\\/author\\\/maranhaotv\\\/\"}]}<\/script>\n<!-- \/ Yoast SEO plugin. -->","yoast_head_json":{"title":"Pedro Lucas apresenta proposta de amplia\u00e7\u00e3o do seguro-defeso para pescadores da Amaz\u00f4nia Legal - NOT\u00cdCIAS EM TEMPO REAL","robots":{"index":"index","follow":"follow","max-snippet":"max-snippet:-1","max-image-preview":"max-image-preview:large","max-video-preview":"max-video-preview:-1"},"canonical":"https:\/\/maranhaotv.com.br\/index.php\/2024\/10\/09\/pedro-lucas-apresenta-proposta-de-ampliacao-do-seguro-defeso-para-pescadores-da-amazonia-legal\/","og_locale":"pt_BR","og_type":"article","og_title":"Pedro Lucas apresenta proposta de amplia\u00e7\u00e3o do seguro-defeso para pescadores da Amaz\u00f4nia Legal - NOT\u00cdCIAS EM TEMPO REAL","og_description":"O deputado federal Pedro Lucas Fernandes (Uni\u00e3o\/MA) apresentou nesta quarta-feira, 09, a emenda n\u00ba 3 \u00e0 medida provis\u00f3ria 1263\/2024, que","og_url":"https:\/\/maranhaotv.com.br\/index.php\/2024\/10\/09\/pedro-lucas-apresenta-proposta-de-ampliacao-do-seguro-defeso-para-pescadores-da-amazonia-legal\/","og_site_name":"NOT\u00cdCIAS EM TEMPO REAL","article_publisher":"https:\/\/www.facebook.com\/maiobaotv","article_published_time":"2024-10-09T15:40:02+00:00","article_modified_time":"2024-10-09T19:07:50+00:00","og_image":[{"width":1600,"height":1068,"url":"https:\/\/maranhaotv.com.br\/wp-content\/uploads\/2024\/10\/IMG-20241009-WA0566.jpg","type":"image\/jpeg"}],"author":"maranhaotv","twitter_card":"summary_large_image","twitter_creator":"@sitemaranhaotv","twitter_site":"@sitemaranhaotv","twitter_misc":{"Escrito por":"maranhaotv","Est. tempo de leitura":"2 minutos"},"schema":{"@context":"https:\/\/schema.org","@graph":[{"@type":"Article","@id":"https:\/\/maranhaotv.com.br\/index.php\/2024\/10\/09\/pedro-lucas-apresenta-proposta-de-ampliacao-do-seguro-defeso-para-pescadores-da-amazonia-legal\/#article","isPartOf":{"@id":"https:\/\/maranhaotv.com.br\/index.php\/2024\/10\/09\/pedro-lucas-apresenta-proposta-de-ampliacao-do-seguro-defeso-para-pescadores-da-amazonia-legal\/"},"author":{"name":"maranhaotv","@id":"https:\/\/maranhaotv.com.br\/#\/schema\/person\/3d54238e86b20bb5c89ab2fdb8f8829a"},"headline":"Pedro Lucas apresenta proposta de amplia\u00e7\u00e3o do seguro-defeso para pescadores da Amaz\u00f4nia Legal","datePublished":"2024-10-09T15:40:02+00:00","dateModified":"2024-10-09T19:07:50+00:00","mainEntityOfPage":{"@id":"https:\/\/maranhaotv.com.br\/index.php\/2024\/10\/09\/pedro-lucas-apresenta-proposta-de-ampliacao-do-seguro-defeso-para-pescadores-da-amazonia-legal\/"},"wordCount":364,"commentCount":0,"publisher":{"@id":"https:\/\/maranhaotv.com.br\/#organization"},"image":{"@id":"https:\/\/maranhaotv.com.br\/index.php\/2024\/10\/09\/pedro-lucas-apresenta-proposta-de-ampliacao-do-seguro-defeso-para-pescadores-da-amazonia-legal\/#primaryimage"},"thumbnailUrl":"https:\/\/maranhaotv.com.br\/wp-content\/uploads\/2024\/10\/IMG-20241009-WA0566.jpg","articleSection":["not\u00edcias"],"inLanguage":"pt-BR","potentialAction":[{"@type":"CommentAction","name":"Comment","target":["https:\/\/maranhaotv.com.br\/index.php\/2024\/10\/09\/pedro-lucas-apresenta-proposta-de-ampliacao-do-seguro-defeso-para-pescadores-da-amazonia-legal\/#respond"]}]},{"@type":"WebPage","@id":"https:\/\/maranhaotv.com.br\/index.php\/2024\/10\/09\/pedro-lucas-apresenta-proposta-de-ampliacao-do-seguro-defeso-para-pescadores-da-amazonia-legal\/","url":"https:\/\/maranhaotv.com.br\/index.php\/2024\/10\/09\/pedro-lucas-apresenta-proposta-de-ampliacao-do-seguro-defeso-para-pescadores-da-amazonia-legal\/","name":"Pedro Lucas apresenta proposta de amplia\u00e7\u00e3o do seguro-defeso para pescadores da Amaz\u00f4nia Legal - NOT\u00cdCIAS EM TEMPO REAL","isPartOf":{"@id":"https:\/\/maranhaotv.com.br\/#website"},"primaryImageOfPage":{"@id":"https:\/\/maranhaotv.com.br\/index.php\/2024\/10\/09\/pedro-lucas-apresenta-proposta-de-ampliacao-do-seguro-defeso-para-pescadores-da-amazonia-legal\/#primaryimage"},"image":{"@id":"https:\/\/maranhaotv.com.br\/index.php\/2024\/10\/09\/pedro-lucas-apresenta-proposta-de-ampliacao-do-seguro-defeso-para-pescadores-da-amazonia-legal\/#primaryimage"},"thumbnailUrl":"https:\/\/maranhaotv.com.br\/wp-content\/uploads\/2024\/10\/IMG-20241009-WA0566.jpg","datePublished":"2024-10-09T15:40:02+00:00","dateModified":"2024-10-09T19:07:50+00:00","breadcrumb":{"@id":"https:\/\/maranhaotv.com.br\/index.php\/2024\/10\/09\/pedro-lucas-apresenta-proposta-de-ampliacao-do-seguro-defeso-para-pescadores-da-amazonia-legal\/#breadcrumb"},"inLanguage":"pt-BR","potentialAction":[{"@type":"ReadAction","target":["https:\/\/maranhaotv.com.br\/index.php\/2024\/10\/09\/pedro-lucas-apresenta-proposta-de-ampliacao-do-seguro-defeso-para-pescadores-da-amazonia-legal\/"]}]},{"@type":"ImageObject","inLanguage":"pt-BR","@id":"https:\/\/maranhaotv.com.br\/index.php\/2024\/10\/09\/pedro-lucas-apresenta-proposta-de-ampliacao-do-seguro-defeso-para-pescadores-da-amazonia-legal\/#primaryimage","url":"https:\/\/maranhaotv.com.br\/wp-content\/uploads\/2024\/10\/IMG-20241009-WA0566.jpg","contentUrl":"https:\/\/maranhaotv.com.br\/wp-content\/uploads\/2024\/10\/IMG-20241009-WA0566.jpg","width":1600,"height":1068},{"@type":"BreadcrumbList","@id":"https:\/\/maranhaotv.com.br\/index.php\/2024\/10\/09\/pedro-lucas-apresenta-proposta-de-ampliacao-do-seguro-defeso-para-pescadores-da-amazonia-legal\/#breadcrumb","itemListElement":[{"@type":"ListItem","position":1,"name":"In\u00edcio","item":"https:\/\/maranhaotv.com.br\/"},{"@type":"ListItem","position":2,"name":"Pedro Lucas apresenta proposta de amplia\u00e7\u00e3o do seguro-defeso para pescadores da Amaz\u00f4nia Legal"}]},{"@type":"WebSite","@id":"https:\/\/maranhaotv.com.br\/#website","url":"https:\/\/maranhaotv.com.br\/","name":"Maranh\u00e3oTV","description":"","publisher":{"@id":"https:\/\/maranhaotv.com.br\/#organization"},"potentialAction":[{"@type":"SearchAction","target":{"@type":"EntryPoint","urlTemplate":"https:\/\/maranhaotv.com.br\/?s={search_term_string}"},"query-input":{"@type":"PropertyValueSpecification","valueRequired":true,"valueName":"search_term_string"}}],"inLanguage":"pt-BR"},{"@type":"Organization","@id":"https:\/\/maranhaotv.com.br\/#organization","name":"Portal de Not\u00edcias","url":"https:\/\/maranhaotv.com.br\/","logo":{"@type":"ImageObject","inLanguage":"pt-BR","@id":"https:\/\/maranhaotv.com.br\/#\/schema\/logo\/image\/","url":"https:\/\/maranhaotv.com.br\/wp-content\/uploads\/2024\/05\/cropped-cropped-avatar-1.png","contentUrl":"https:\/\/maranhaotv.com.br\/wp-content\/uploads\/2024\/05\/cropped-cropped-avatar-1.png","width":792,"height":428,"caption":"Portal de Not\u00edcias"},"image":{"@id":"https:\/\/maranhaotv.com.br\/#\/schema\/logo\/image\/"},"sameAs":["https:\/\/www.facebook.com\/maiobaotv","https:\/\/x.com\/sitemaranhaotv","https:\/\/www.instagram.com\/maranhao.tv","https:\/\/www.threads.net\/@maranhao.tv"]},{"@type":"Person","@id":"https:\/\/maranhaotv.com.br\/#\/schema\/person\/3d54238e86b20bb5c89ab2fdb8f8829a","name":"maranhaotv","image":{"@type":"ImageObject","inLanguage":"pt-BR","@id":"https:\/\/secure.gravatar.com\/avatar\/8fadbca458d4cb68b1dd399ae9a40618d747bb1af65ac9fad21c89220a143eb4?s=96&d=mm&r=g","url":"https:\/\/secure.gravatar.com\/avatar\/8fadbca458d4cb68b1dd399ae9a40618d747bb1af65ac9fad21c89220a143eb4?s=96&d=mm&r=g","contentUrl":"https:\/\/secure.gravatar.com\/avatar\/8fadbca458d4cb68b1dd399ae9a40618d747bb1af65ac9fad21c89220a143eb4?s=96&d=mm&r=g","caption":"maranhaotv"},"sameAs":["https:\/\/maranhaotv.com.br\/"],"url":"https:\/\/maranhaotv.com.br\/index.php\/author\/maranhaotv\/"}]}},"jetpack_featured_media_url":"https:\/\/maranhaotv.com.br\/wp-content\/uploads\/2024\/10\/IMG-20241009-WA0566.jpg","jetpack_sharing_enabled":true,"_links":{"self":[{"href":"https:\/\/maranhaotv.com.br\/index.php\/wp-json\/wp\/v2\/posts\/38419","targetHints":{"allow":["GET"]}}],"collection":[{"href":"https:\/\/maranhaotv.com.br\/index.php\/wp-json\/wp\/v2\/posts"}],"about":[{"href":"https:\/\/maranhaotv.com.br\/index.php\/wp-json\/wp\/v2\/types\/post"}],"author":[{"embeddable":true,"href":"https:\/\/maranhaotv.com.br\/index.php\/wp-json\/wp\/v2\/users\/2"}],"replies":[{"embeddable":true,"href":"https:\/\/maranhaotv.com.br\/index.php\/wp-json\/wp\/v2\/comments?post=38419"}],"version-history":[{"count":2,"href":"https:\/\/maranhaotv.com.br\/index.php\/wp-json\/wp\/v2\/posts\/38419\/revisions"}],"predecessor-version":[{"id":38424,"href":"https:\/\/maranhaotv.com.br\/index.php\/wp-json\/wp\/v2\/posts\/38419\/revisions\/38424"}],"wp:featuredmedia":[{"embeddable":true,"href":"https:\/\/maranhaotv.com.br\/index.php\/wp-json\/wp\/v2\/media\/38418"}],"wp:attachment":[{"href":"https:\/\/maranhaotv.com.br\/index.php\/wp-json\/wp\/v2\/media?parent=38419"}],"wp:term":[{"taxonomy":"category","embeddable":true,"href":"https:\/\/maranhaotv.com.br\/index.php\/wp-json\/wp\/v2\/categories?post=38419"},{"taxonomy":"post_tag","embeddable":true,"href":"https:\/\/maranhaotv.com.br\/index.php\/wp-json\/wp\/v2\/tags?post=38419"}],"curies":[{"name":"wp","href":"https:\/\/api.w.org\/{rel}","templated":true}]}}