{"id":38469,"date":"2024-10-15T11:59:51","date_gmt":"2024-10-15T14:59:51","guid":{"rendered":"https:\/\/maranhaotv.com.br\/?p=38469"},"modified":"2024-10-15T11:59:55","modified_gmt":"2024-10-15T14:59:55","slug":"quero-disputar-uma-cadeira-a-camara-federal-diz-orleans-brandao-abrindo-vaga-na-disputa-ao-palacio-dos-leoes-em-2026","status":"publish","type":"post","link":"https:\/\/maranhaotv.com.br\/index.php\/2024\/10\/15\/quero-disputar-uma-cadeira-a-camara-federal-diz-orleans-brandao-abrindo-vaga-na-disputa-ao-palacio-dos-leoes-em-2026\/","title":{"rendered":"&#8220;Quero disputar uma cadeira \u00e0 C\u00e2mara Federal&#8221;, diz Orleans Brand\u00e3o, abrindo vaga na disputa ao Pal\u00e1cio dos Le\u00f5es em 2026"},"content":{"rendered":"\n<p>J\u00e1 circula nos bastidores pol\u00edticos a possibilidade do secret\u00e1rio estadual de Assuntos Municipalistas, Orleans Brand\u00e3o, sobrinho do governador Carlos Brand\u00e3o (PSB), em concorrer, nas elei\u00e7\u00f5es de 2026, a uma das 18 cadeiras da bancada maranhense na C\u00e2mara Federal.<br>Muita gente vinha suscitando a possibilidade do jovem secret\u00e1rio vir a suceder o tio no comando do Pal\u00e1cio dos Le\u00f5es. No entanto, nesta ter\u00e7a-feira, 15, em entrevista \u00e0 R\u00e1dio Mirante News FM, Orleans afirmou que vem trabalhando politicamente, tendo como foco uma vaga de deputado federal daqui a dois anos.<br><br>&#8220;A minha pretens\u00e3o \u00e9 disputar uma cadeira na C\u00e2mara Federal. \u00c9 isso que eu venho trabalhando tamb\u00e9m, paralelo \u00e0 Secretaria&#8221;, enfatizou Orleans Brand\u00e3o.<br><br>Caso, o jovem titular da pasta queira al\u00e7ar voo para Bras\u00edlia (DF), nada impede que o governador Brand\u00e3o venha a simpatizar por uma indica\u00e7\u00e3o da presidente da Assembleia Legislativa, deputada estadual Iracema Vale (PSB), para suced\u00ea-lo nas pr\u00f3ximas elei\u00e7\u00f5es ao Pal\u00e1cio dos Le\u00f5es<\/p>\n\n\n\n<figure class=\"wp-block-image size-large\"><img loading=\"lazy\" decoding=\"async\" width=\"640\" height=\"268\" src=\"https:\/\/maranhaotv.com.br\/wp-content\/uploads\/2024\/10\/image1724796001166162597.png\" alt=\"\" class=\"wp-image-38468\" srcset=\"https:\/\/maranhaotv.com.br\/wp-content\/uploads\/2024\/10\/image1724796001166162597.png 640w, https:\/\/maranhaotv.com.br\/wp-content\/uploads\/2024\/10\/image1724796001166162597-300x126.png 300w\" sizes=\"auto, (max-width: 640px) 100vw, 640px\" \/><\/figure>\n","protected":false},"excerpt":{"rendered":"<p>J\u00e1 circula nos bastidores pol\u00edticos a possibilidade do secret\u00e1rio estadual de Assuntos Municipalistas, Orleans Brand\u00e3o, sobrinho do governador Carlos Brand\u00e3o<\/p>\n","protected":false},"author":2,"featured_media":38467,"comment_status":"open","ping_status":"open","sticky":false,"template":"","format":"standard","meta":{"colormag_page_container_layout":"default_layout","colormag_page_sidebar_layout":"default_layout","_jetpack_memberships_contains_paid_content":false,"footnotes":""},"categories":[6],"tags":[458],"class_list":["post-38469","post","type-post","status-publish","format-standard","has-post-thumbnail","hentry","category-politica","tag-orleans-brandao"],"magazineBlocksPostFeaturedMedia":{"thumbnail":"https:\/\/maranhaotv.com.br\/wp-content\/uploads\/2024\/10\/Screenshot_20241015_115848_Instagram-150x150.jpg","medium":"https:\/\/maranhaotv.com.br\/wp-content\/uploads\/2024\/10\/Screenshot_20241015_115848_Instagram-300x164.jpg","medium_large":"https:\/\/maranhaotv.com.br\/wp-content\/uploads\/2024\/10\/Screenshot_20241015_115848_Instagram-768x421.jpg","large":"https:\/\/maranhaotv.com.br\/wp-content\/uploads\/2024\/10\/Screenshot_20241015_115848_Instagram-1024x561.jpg","1536x1536":"https:\/\/maranhaotv.com.br\/wp-content\/uploads\/2024\/10\/Screenshot_20241015_115848_Instagram.jpg","2048x2048":"https:\/\/maranhaotv.com.br\/wp-content\/uploads\/2024\/10\/Screenshot_20241015_115848_Instagram.jpg","colormag-highlighted-post":"https:\/\/maranhaotv.com.br\/wp-content\/uploads\/2024\/10\/Screenshot_20241015_115848_Instagram-392x272.jpg","colormag-featured-post-medium":"https:\/\/maranhaotv.com.br\/wp-content\/uploads\/2024\/10\/Screenshot_20241015_115848_Instagram-390x205.jpg","colormag-featured-post-small":"https:\/\/maranhaotv.com.br\/wp-content\/uploads\/2024\/10\/Screenshot_20241015_115848_Instagram-130x90.jpg","colormag-featured-image":"https:\/\/maranhaotv.com.br\/wp-content\/uploads\/2024\/10\/Screenshot_20241015_115848_Instagram-800x445.jpg","colormag-default-news":"https:\/\/maranhaotv.com.br\/wp-content\/uploads\/2024\/10\/Screenshot_20241015_115848_Instagram-150x150.jpg","colormag-featured-image-large":"https:\/\/maranhaotv.com.br\/wp-content\/uploads\/2024\/10\/Screenshot_20241015_115848_Instagram.jpg"},"magazineBlocksPostAuthor":{"name":"maranhaotv","avatar":"https:\/\/secure.gravatar.com\/avatar\/8fadbca458d4cb68b1dd399ae9a40618d747bb1af65ac9fad21c89220a143eb4?s=96&d=mm&r=g"},"magazineBlocksPostCommentsNumber":"0","magazineBlocksPostExcerpt":"J\u00e1 circula nos bastidores pol\u00edticos a possibilidade do secret\u00e1rio estadual de Assuntos Municipalistas, Orleans Brand\u00e3o, sobrinho do governador Carlos Brand\u00e3o","magazineBlocksPostCategories":["pol\u00edtica"],"magazineBlocksPostViewCount":333,"magazineBlocksPostReadTime":1,"magazine_blocks_featured_image_url":{"full":["https:\/\/maranhaotv.com.br\/wp-content\/uploads\/2024\/10\/Screenshot_20241015_115848_Instagram.jpg",1080,592,false],"medium":["https:\/\/maranhaotv.com.br\/wp-content\/uploads\/2024\/10\/Screenshot_20241015_115848_Instagram-300x164.jpg",300,164,true],"thumbnail":["https:\/\/maranhaotv.com.br\/wp-content\/uploads\/2024\/10\/Screenshot_20241015_115848_Instagram-150x150.jpg",150,150,true]},"magazine_blocks_author":{"display_name":"maranhaotv","author_link":"https:\/\/maranhaotv.com.br\/index.php\/author\/maranhaotv\/"},"magazine_blocks_comment":0,"magazine_blocks_author_image":"https:\/\/secure.gravatar.com\/avatar\/8fadbca458d4cb68b1dd399ae9a40618d747bb1af65ac9fad21c89220a143eb4?s=96&d=mm&r=g","magazine_blocks_category":"<a href=\"#\" class=\"category-link category-link-6\">pol\u00edtica<\/a>","yoast_head":"<!-- This site is optimized with the Yoast SEO plugin v27.4 - https:\/\/yoast.com\/product\/yoast-seo-wordpress\/ -->\n<title>&quot;Quero disputar uma cadeira \u00e0 C\u00e2mara Federal&quot;, diz Orleans Brand\u00e3o, abrindo vaga na disputa ao Pal\u00e1cio dos Le\u00f5es em 2026 - NOT\u00cdCIAS EM TEMPO REAL<\/title>\n<meta name=\"robots\" content=\"index, follow, max-snippet:-1, max-image-preview:large, max-video-preview:-1\" \/>\n<link rel=\"canonical\" href=\"https:\/\/maranhaotv.com.br\/index.php\/2024\/10\/15\/quero-disputar-uma-cadeira-a-camara-federal-diz-orleans-brandao-abrindo-vaga-na-disputa-ao-palacio-dos-leoes-em-2026\/\" \/>\n<meta property=\"og:locale\" content=\"pt_BR\" \/>\n<meta property=\"og:type\" content=\"article\" \/>\n<meta property=\"og:title\" content=\"&quot;Quero disputar uma cadeira \u00e0 C\u00e2mara Federal&quot;, diz Orleans Brand\u00e3o, abrindo vaga na disputa ao Pal\u00e1cio dos Le\u00f5es em 2026 - NOT\u00cdCIAS EM TEMPO REAL\" \/>\n<meta property=\"og:description\" content=\"J\u00e1 circula nos bastidores pol\u00edticos a possibilidade do secret\u00e1rio estadual de Assuntos Municipalistas, Orleans Brand\u00e3o, sobrinho do governador Carlos Brand\u00e3o\" \/>\n<meta property=\"og:url\" content=\"https:\/\/maranhaotv.com.br\/index.php\/2024\/10\/15\/quero-disputar-uma-cadeira-a-camara-federal-diz-orleans-brandao-abrindo-vaga-na-disputa-ao-palacio-dos-leoes-em-2026\/\" \/>\n<meta property=\"og:site_name\" content=\"NOT\u00cdCIAS EM TEMPO REAL\" \/>\n<meta property=\"article:publisher\" content=\"https:\/\/www.facebook.com\/maiobaotv\" \/>\n<meta property=\"article:published_time\" content=\"2024-10-15T14:59:51+00:00\" \/>\n<meta property=\"article:modified_time\" content=\"2024-10-15T14:59:55+00:00\" \/>\n<meta property=\"og:image\" content=\"https:\/\/maranhaotv.com.br\/wp-content\/uploads\/2024\/10\/Screenshot_20241015_115848_Instagram.jpg\" \/>\n\t<meta property=\"og:image:width\" content=\"1080\" \/>\n\t<meta property=\"og:image:height\" content=\"592\" \/>\n\t<meta property=\"og:image:type\" content=\"image\/jpeg\" \/>\n<meta name=\"author\" content=\"maranhaotv\" \/>\n<meta name=\"twitter:card\" content=\"summary_large_image\" \/>\n<meta name=\"twitter:creator\" content=\"@sitemaranhaotv\" \/>\n<meta name=\"twitter:site\" content=\"@sitemaranhaotv\" \/>\n<meta name=\"twitter:label1\" content=\"Escrito por\" \/>\n\t<meta name=\"twitter:data1\" content=\"maranhaotv\" \/>\n\t<meta name=\"twitter:label2\" content=\"Est. tempo de leitura\" \/>\n\t<meta name=\"twitter:data2\" content=\"1 minuto\" \/>\n<script type=\"application\/ld+json\" class=\"yoast-schema-graph\">{\"@context\":\"https:\\\/\\\/schema.org\",\"@graph\":[{\"@type\":\"Article\",\"@id\":\"https:\\\/\\\/maranhaotv.com.br\\\/index.php\\\/2024\\\/10\\\/15\\\/quero-disputar-uma-cadeira-a-camara-federal-diz-orleans-brandao-abrindo-vaga-na-disputa-ao-palacio-dos-leoes-em-2026\\\/#article\",\"isPartOf\":{\"@id\":\"https:\\\/\\\/maranhaotv.com.br\\\/index.php\\\/2024\\\/10\\\/15\\\/quero-disputar-uma-cadeira-a-camara-federal-diz-orleans-brandao-abrindo-vaga-na-disputa-ao-palacio-dos-leoes-em-2026\\\/\"},\"author\":{\"name\":\"maranhaotv\",\"@id\":\"https:\\\/\\\/maranhaotv.com.br\\\/#\\\/schema\\\/person\\\/3d54238e86b20bb5c89ab2fdb8f8829a\"},\"headline\":\"&#8220;Quero disputar uma cadeira \u00e0 C\u00e2mara Federal&#8221;, diz Orleans Brand\u00e3o, abrindo vaga na disputa ao Pal\u00e1cio dos Le\u00f5es em 2026\",\"datePublished\":\"2024-10-15T14:59:51+00:00\",\"dateModified\":\"2024-10-15T14:59:55+00:00\",\"mainEntityOfPage\":{\"@id\":\"https:\\\/\\\/maranhaotv.com.br\\\/index.php\\\/2024\\\/10\\\/15\\\/quero-disputar-uma-cadeira-a-camara-federal-diz-orleans-brandao-abrindo-vaga-na-disputa-ao-palacio-dos-leoes-em-2026\\\/\"},\"wordCount\":193,\"commentCount\":0,\"publisher\":{\"@id\":\"https:\\\/\\\/maranhaotv.com.br\\\/#organization\"},\"image\":{\"@id\":\"https:\\\/\\\/maranhaotv.com.br\\\/index.php\\\/2024\\\/10\\\/15\\\/quero-disputar-uma-cadeira-a-camara-federal-diz-orleans-brandao-abrindo-vaga-na-disputa-ao-palacio-dos-leoes-em-2026\\\/#primaryimage\"},\"thumbnailUrl\":\"https:\\\/\\\/maranhaotv.com.br\\\/wp-content\\\/uploads\\\/2024\\\/10\\\/Screenshot_20241015_115848_Instagram.jpg\",\"keywords\":[\"Orleans Brand\u00e3o\"],\"articleSection\":[\"pol\u00edtica\"],\"inLanguage\":\"pt-BR\",\"potentialAction\":[{\"@type\":\"CommentAction\",\"name\":\"Comment\",\"target\":[\"https:\\\/\\\/maranhaotv.com.br\\\/index.php\\\/2024\\\/10\\\/15\\\/quero-disputar-uma-cadeira-a-camara-federal-diz-orleans-brandao-abrindo-vaga-na-disputa-ao-palacio-dos-leoes-em-2026\\\/#respond\"]}]},{\"@type\":\"WebPage\",\"@id\":\"https:\\\/\\\/maranhaotv.com.br\\\/index.php\\\/2024\\\/10\\\/15\\\/quero-disputar-uma-cadeira-a-camara-federal-diz-orleans-brandao-abrindo-vaga-na-disputa-ao-palacio-dos-leoes-em-2026\\\/\",\"url\":\"https:\\\/\\\/maranhaotv.com.br\\\/index.php\\\/2024\\\/10\\\/15\\\/quero-disputar-uma-cadeira-a-camara-federal-diz-orleans-brandao-abrindo-vaga-na-disputa-ao-palacio-dos-leoes-em-2026\\\/\",\"name\":\"\\\"Quero disputar uma cadeira \u00e0 C\u00e2mara Federal\\\", diz Orleans Brand\u00e3o, abrindo vaga na disputa ao Pal\u00e1cio dos Le\u00f5es em 2026 - NOT\u00cdCIAS EM TEMPO REAL\",\"isPartOf\":{\"@id\":\"https:\\\/\\\/maranhaotv.com.br\\\/#website\"},\"primaryImageOfPage\":{\"@id\":\"https:\\\/\\\/maranhaotv.com.br\\\/index.php\\\/2024\\\/10\\\/15\\\/quero-disputar-uma-cadeira-a-camara-federal-diz-orleans-brandao-abrindo-vaga-na-disputa-ao-palacio-dos-leoes-em-2026\\\/#primaryimage\"},\"image\":{\"@id\":\"https:\\\/\\\/maranhaotv.com.br\\\/index.php\\\/2024\\\/10\\\/15\\\/quero-disputar-uma-cadeira-a-camara-federal-diz-orleans-brandao-abrindo-vaga-na-disputa-ao-palacio-dos-leoes-em-2026\\\/#primaryimage\"},\"thumbnailUrl\":\"https:\\\/\\\/maranhaotv.com.br\\\/wp-content\\\/uploads\\\/2024\\\/10\\\/Screenshot_20241015_115848_Instagram.jpg\",\"datePublished\":\"2024-10-15T14:59:51+00:00\",\"dateModified\":\"2024-10-15T14:59:55+00:00\",\"breadcrumb\":{\"@id\":\"https:\\\/\\\/maranhaotv.com.br\\\/index.php\\\/2024\\\/10\\\/15\\\/quero-disputar-uma-cadeira-a-camara-federal-diz-orleans-brandao-abrindo-vaga-na-disputa-ao-palacio-dos-leoes-em-2026\\\/#breadcrumb\"},\"inLanguage\":\"pt-BR\",\"potentialAction\":[{\"@type\":\"ReadAction\",\"target\":[\"https:\\\/\\\/maranhaotv.com.br\\\/index.php\\\/2024\\\/10\\\/15\\\/quero-disputar-uma-cadeira-a-camara-federal-diz-orleans-brandao-abrindo-vaga-na-disputa-ao-palacio-dos-leoes-em-2026\\\/\"]}]},{\"@type\":\"ImageObject\",\"inLanguage\":\"pt-BR\",\"@id\":\"https:\\\/\\\/maranhaotv.com.br\\\/index.php\\\/2024\\\/10\\\/15\\\/quero-disputar-uma-cadeira-a-camara-federal-diz-orleans-brandao-abrindo-vaga-na-disputa-ao-palacio-dos-leoes-em-2026\\\/#primaryimage\",\"url\":\"https:\\\/\\\/maranhaotv.com.br\\\/wp-content\\\/uploads\\\/2024\\\/10\\\/Screenshot_20241015_115848_Instagram.jpg\",\"contentUrl\":\"https:\\\/\\\/maranhaotv.com.br\\\/wp-content\\\/uploads\\\/2024\\\/10\\\/Screenshot_20241015_115848_Instagram.jpg\",\"width\":1080,\"height\":592},{\"@type\":\"BreadcrumbList\",\"@id\":\"https:\\\/\\\/maranhaotv.com.br\\\/index.php\\\/2024\\\/10\\\/15\\\/quero-disputar-uma-cadeira-a-camara-federal-diz-orleans-brandao-abrindo-vaga-na-disputa-ao-palacio-dos-leoes-em-2026\\\/#breadcrumb\",\"itemListElement\":[{\"@type\":\"ListItem\",\"position\":1,\"name\":\"In\u00edcio\",\"item\":\"https:\\\/\\\/maranhaotv.com.br\\\/\"},{\"@type\":\"ListItem\",\"position\":2,\"name\":\"&#8220;Quero disputar uma cadeira \u00e0 C\u00e2mara Federal&#8221;, diz Orleans Brand\u00e3o, abrindo vaga na disputa ao Pal\u00e1cio dos Le\u00f5es em 2026\"}]},{\"@type\":\"WebSite\",\"@id\":\"https:\\\/\\\/maranhaotv.com.br\\\/#website\",\"url\":\"https:\\\/\\\/maranhaotv.com.br\\\/\",\"name\":\"Maranh\u00e3oTV\",\"description\":\"\",\"publisher\":{\"@id\":\"https:\\\/\\\/maranhaotv.com.br\\\/#organization\"},\"potentialAction\":[{\"@type\":\"SearchAction\",\"target\":{\"@type\":\"EntryPoint\",\"urlTemplate\":\"https:\\\/\\\/maranhaotv.com.br\\\/?s={search_term_string}\"},\"query-input\":{\"@type\":\"PropertyValueSpecification\",\"valueRequired\":true,\"valueName\":\"search_term_string\"}}],\"inLanguage\":\"pt-BR\"},{\"@type\":\"Organization\",\"@id\":\"https:\\\/\\\/maranhaotv.com.br\\\/#organization\",\"name\":\"Portal de Not\u00edcias\",\"url\":\"https:\\\/\\\/maranhaotv.com.br\\\/\",\"logo\":{\"@type\":\"ImageObject\",\"inLanguage\":\"pt-BR\",\"@id\":\"https:\\\/\\\/maranhaotv.com.br\\\/#\\\/schema\\\/logo\\\/image\\\/\",\"url\":\"https:\\\/\\\/maranhaotv.com.br\\\/wp-content\\\/uploads\\\/2024\\\/05\\\/cropped-cropped-avatar-1.png\",\"contentUrl\":\"https:\\\/\\\/maranhaotv.com.br\\\/wp-content\\\/uploads\\\/2024\\\/05\\\/cropped-cropped-avatar-1.png\",\"width\":792,\"height\":428,\"caption\":\"Portal de Not\u00edcias\"},\"image\":{\"@id\":\"https:\\\/\\\/maranhaotv.com.br\\\/#\\\/schema\\\/logo\\\/image\\\/\"},\"sameAs\":[\"https:\\\/\\\/www.facebook.com\\\/maiobaotv\",\"https:\\\/\\\/x.com\\\/sitemaranhaotv\",\"https:\\\/\\\/www.instagram.com\\\/maranhao.tv\",\"https:\\\/\\\/www.threads.net\\\/@maranhao.tv\"]},{\"@type\":\"Person\",\"@id\":\"https:\\\/\\\/maranhaotv.com.br\\\/#\\\/schema\\\/person\\\/3d54238e86b20bb5c89ab2fdb8f8829a\",\"name\":\"maranhaotv\",\"image\":{\"@type\":\"ImageObject\",\"inLanguage\":\"pt-BR\",\"@id\":\"https:\\\/\\\/secure.gravatar.com\\\/avatar\\\/8fadbca458d4cb68b1dd399ae9a40618d747bb1af65ac9fad21c89220a143eb4?s=96&d=mm&r=g\",\"url\":\"https:\\\/\\\/secure.gravatar.com\\\/avatar\\\/8fadbca458d4cb68b1dd399ae9a40618d747bb1af65ac9fad21c89220a143eb4?s=96&d=mm&r=g\",\"contentUrl\":\"https:\\\/\\\/secure.gravatar.com\\\/avatar\\\/8fadbca458d4cb68b1dd399ae9a40618d747bb1af65ac9fad21c89220a143eb4?s=96&d=mm&r=g\",\"caption\":\"maranhaotv\"},\"sameAs\":[\"https:\\\/\\\/maranhaotv.com.br\\\/\"],\"url\":\"https:\\\/\\\/maranhaotv.com.br\\\/index.php\\\/author\\\/maranhaotv\\\/\"}]}<\/script>\n<!-- \/ Yoast SEO plugin. -->","yoast_head_json":{"title":"\"Quero disputar uma cadeira \u00e0 C\u00e2mara Federal\", diz Orleans Brand\u00e3o, abrindo vaga na disputa ao Pal\u00e1cio dos Le\u00f5es em 2026 - NOT\u00cdCIAS EM TEMPO REAL","robots":{"index":"index","follow":"follow","max-snippet":"max-snippet:-1","max-image-preview":"max-image-preview:large","max-video-preview":"max-video-preview:-1"},"canonical":"https:\/\/maranhaotv.com.br\/index.php\/2024\/10\/15\/quero-disputar-uma-cadeira-a-camara-federal-diz-orleans-brandao-abrindo-vaga-na-disputa-ao-palacio-dos-leoes-em-2026\/","og_locale":"pt_BR","og_type":"article","og_title":"\"Quero disputar uma cadeira \u00e0 C\u00e2mara Federal\", diz Orleans Brand\u00e3o, abrindo vaga na disputa ao Pal\u00e1cio dos Le\u00f5es em 2026 - NOT\u00cdCIAS EM TEMPO REAL","og_description":"J\u00e1 circula nos bastidores pol\u00edticos a possibilidade do secret\u00e1rio estadual de Assuntos Municipalistas, Orleans Brand\u00e3o, sobrinho do governador Carlos Brand\u00e3o","og_url":"https:\/\/maranhaotv.com.br\/index.php\/2024\/10\/15\/quero-disputar-uma-cadeira-a-camara-federal-diz-orleans-brandao-abrindo-vaga-na-disputa-ao-palacio-dos-leoes-em-2026\/","og_site_name":"NOT\u00cdCIAS EM TEMPO REAL","article_publisher":"https:\/\/www.facebook.com\/maiobaotv","article_published_time":"2024-10-15T14:59:51+00:00","article_modified_time":"2024-10-15T14:59:55+00:00","og_image":[{"width":1080,"height":592,"url":"https:\/\/maranhaotv.com.br\/wp-content\/uploads\/2024\/10\/Screenshot_20241015_115848_Instagram.jpg","type":"image\/jpeg"}],"author":"maranhaotv","twitter_card":"summary_large_image","twitter_creator":"@sitemaranhaotv","twitter_site":"@sitemaranhaotv","twitter_misc":{"Escrito por":"maranhaotv","Est. tempo de leitura":"1 minuto"},"schema":{"@context":"https:\/\/schema.org","@graph":[{"@type":"Article","@id":"https:\/\/maranhaotv.com.br\/index.php\/2024\/10\/15\/quero-disputar-uma-cadeira-a-camara-federal-diz-orleans-brandao-abrindo-vaga-na-disputa-ao-palacio-dos-leoes-em-2026\/#article","isPartOf":{"@id":"https:\/\/maranhaotv.com.br\/index.php\/2024\/10\/15\/quero-disputar-uma-cadeira-a-camara-federal-diz-orleans-brandao-abrindo-vaga-na-disputa-ao-palacio-dos-leoes-em-2026\/"},"author":{"name":"maranhaotv","@id":"https:\/\/maranhaotv.com.br\/#\/schema\/person\/3d54238e86b20bb5c89ab2fdb8f8829a"},"headline":"&#8220;Quero disputar uma cadeira \u00e0 C\u00e2mara Federal&#8221;, diz Orleans Brand\u00e3o, abrindo vaga na disputa ao Pal\u00e1cio dos Le\u00f5es em 2026","datePublished":"2024-10-15T14:59:51+00:00","dateModified":"2024-10-15T14:59:55+00:00","mainEntityOfPage":{"@id":"https:\/\/maranhaotv.com.br\/index.php\/2024\/10\/15\/quero-disputar-uma-cadeira-a-camara-federal-diz-orleans-brandao-abrindo-vaga-na-disputa-ao-palacio-dos-leoes-em-2026\/"},"wordCount":193,"commentCount":0,"publisher":{"@id":"https:\/\/maranhaotv.com.br\/#organization"},"image":{"@id":"https:\/\/maranhaotv.com.br\/index.php\/2024\/10\/15\/quero-disputar-uma-cadeira-a-camara-federal-diz-orleans-brandao-abrindo-vaga-na-disputa-ao-palacio-dos-leoes-em-2026\/#primaryimage"},"thumbnailUrl":"https:\/\/maranhaotv.com.br\/wp-content\/uploads\/2024\/10\/Screenshot_20241015_115848_Instagram.jpg","keywords":["Orleans Brand\u00e3o"],"articleSection":["pol\u00edtica"],"inLanguage":"pt-BR","potentialAction":[{"@type":"CommentAction","name":"Comment","target":["https:\/\/maranhaotv.com.br\/index.php\/2024\/10\/15\/quero-disputar-uma-cadeira-a-camara-federal-diz-orleans-brandao-abrindo-vaga-na-disputa-ao-palacio-dos-leoes-em-2026\/#respond"]}]},{"@type":"WebPage","@id":"https:\/\/maranhaotv.com.br\/index.php\/2024\/10\/15\/quero-disputar-uma-cadeira-a-camara-federal-diz-orleans-brandao-abrindo-vaga-na-disputa-ao-palacio-dos-leoes-em-2026\/","url":"https:\/\/maranhaotv.com.br\/index.php\/2024\/10\/15\/quero-disputar-uma-cadeira-a-camara-federal-diz-orleans-brandao-abrindo-vaga-na-disputa-ao-palacio-dos-leoes-em-2026\/","name":"\"Quero disputar uma cadeira \u00e0 C\u00e2mara Federal\", diz Orleans Brand\u00e3o, abrindo vaga na disputa ao Pal\u00e1cio dos Le\u00f5es em 2026 - NOT\u00cdCIAS EM TEMPO REAL","isPartOf":{"@id":"https:\/\/maranhaotv.com.br\/#website"},"primaryImageOfPage":{"@id":"https:\/\/maranhaotv.com.br\/index.php\/2024\/10\/15\/quero-disputar-uma-cadeira-a-camara-federal-diz-orleans-brandao-abrindo-vaga-na-disputa-ao-palacio-dos-leoes-em-2026\/#primaryimage"},"image":{"@id":"https:\/\/maranhaotv.com.br\/index.php\/2024\/10\/15\/quero-disputar-uma-cadeira-a-camara-federal-diz-orleans-brandao-abrindo-vaga-na-disputa-ao-palacio-dos-leoes-em-2026\/#primaryimage"},"thumbnailUrl":"https:\/\/maranhaotv.com.br\/wp-content\/uploads\/2024\/10\/Screenshot_20241015_115848_Instagram.jpg","datePublished":"2024-10-15T14:59:51+00:00","dateModified":"2024-10-15T14:59:55+00:00","breadcrumb":{"@id":"https:\/\/maranhaotv.com.br\/index.php\/2024\/10\/15\/quero-disputar-uma-cadeira-a-camara-federal-diz-orleans-brandao-abrindo-vaga-na-disputa-ao-palacio-dos-leoes-em-2026\/#breadcrumb"},"inLanguage":"pt-BR","potentialAction":[{"@type":"ReadAction","target":["https:\/\/maranhaotv.com.br\/index.php\/2024\/10\/15\/quero-disputar-uma-cadeira-a-camara-federal-diz-orleans-brandao-abrindo-vaga-na-disputa-ao-palacio-dos-leoes-em-2026\/"]}]},{"@type":"ImageObject","inLanguage":"pt-BR","@id":"https:\/\/maranhaotv.com.br\/index.php\/2024\/10\/15\/quero-disputar-uma-cadeira-a-camara-federal-diz-orleans-brandao-abrindo-vaga-na-disputa-ao-palacio-dos-leoes-em-2026\/#primaryimage","url":"https:\/\/maranhaotv.com.br\/wp-content\/uploads\/2024\/10\/Screenshot_20241015_115848_Instagram.jpg","contentUrl":"https:\/\/maranhaotv.com.br\/wp-content\/uploads\/2024\/10\/Screenshot_20241015_115848_Instagram.jpg","width":1080,"height":592},{"@type":"BreadcrumbList","@id":"https:\/\/maranhaotv.com.br\/index.php\/2024\/10\/15\/quero-disputar-uma-cadeira-a-camara-federal-diz-orleans-brandao-abrindo-vaga-na-disputa-ao-palacio-dos-leoes-em-2026\/#breadcrumb","itemListElement":[{"@type":"ListItem","position":1,"name":"In\u00edcio","item":"https:\/\/maranhaotv.com.br\/"},{"@type":"ListItem","position":2,"name":"&#8220;Quero disputar uma cadeira \u00e0 C\u00e2mara Federal&#8221;, diz Orleans Brand\u00e3o, abrindo vaga na disputa ao Pal\u00e1cio dos Le\u00f5es em 2026"}]},{"@type":"WebSite","@id":"https:\/\/maranhaotv.com.br\/#website","url":"https:\/\/maranhaotv.com.br\/","name":"Maranh\u00e3oTV","description":"","publisher":{"@id":"https:\/\/maranhaotv.com.br\/#organization"},"potentialAction":[{"@type":"SearchAction","target":{"@type":"EntryPoint","urlTemplate":"https:\/\/maranhaotv.com.br\/?s={search_term_string}"},"query-input":{"@type":"PropertyValueSpecification","valueRequired":true,"valueName":"search_term_string"}}],"inLanguage":"pt-BR"},{"@type":"Organization","@id":"https:\/\/maranhaotv.com.br\/#organization","name":"Portal de Not\u00edcias","url":"https:\/\/maranhaotv.com.br\/","logo":{"@type":"ImageObject","inLanguage":"pt-BR","@id":"https:\/\/maranhaotv.com.br\/#\/schema\/logo\/image\/","url":"https:\/\/maranhaotv.com.br\/wp-content\/uploads\/2024\/05\/cropped-cropped-avatar-1.png","contentUrl":"https:\/\/maranhaotv.com.br\/wp-content\/uploads\/2024\/05\/cropped-cropped-avatar-1.png","width":792,"height":428,"caption":"Portal de Not\u00edcias"},"image":{"@id":"https:\/\/maranhaotv.com.br\/#\/schema\/logo\/image\/"},"sameAs":["https:\/\/www.facebook.com\/maiobaotv","https:\/\/x.com\/sitemaranhaotv","https:\/\/www.instagram.com\/maranhao.tv","https:\/\/www.threads.net\/@maranhao.tv"]},{"@type":"Person","@id":"https:\/\/maranhaotv.com.br\/#\/schema\/person\/3d54238e86b20bb5c89ab2fdb8f8829a","name":"maranhaotv","image":{"@type":"ImageObject","inLanguage":"pt-BR","@id":"https:\/\/secure.gravatar.com\/avatar\/8fadbca458d4cb68b1dd399ae9a40618d747bb1af65ac9fad21c89220a143eb4?s=96&d=mm&r=g","url":"https:\/\/secure.gravatar.com\/avatar\/8fadbca458d4cb68b1dd399ae9a40618d747bb1af65ac9fad21c89220a143eb4?s=96&d=mm&r=g","contentUrl":"https:\/\/secure.gravatar.com\/avatar\/8fadbca458d4cb68b1dd399ae9a40618d747bb1af65ac9fad21c89220a143eb4?s=96&d=mm&r=g","caption":"maranhaotv"},"sameAs":["https:\/\/maranhaotv.com.br\/"],"url":"https:\/\/maranhaotv.com.br\/index.php\/author\/maranhaotv\/"}]}},"jetpack_featured_media_url":"https:\/\/maranhaotv.com.br\/wp-content\/uploads\/2024\/10\/Screenshot_20241015_115848_Instagram.jpg","jetpack_sharing_enabled":true,"_links":{"self":[{"href":"https:\/\/maranhaotv.com.br\/index.php\/wp-json\/wp\/v2\/posts\/38469","targetHints":{"allow":["GET"]}}],"collection":[{"href":"https:\/\/maranhaotv.com.br\/index.php\/wp-json\/wp\/v2\/posts"}],"about":[{"href":"https:\/\/maranhaotv.com.br\/index.php\/wp-json\/wp\/v2\/types\/post"}],"author":[{"embeddable":true,"href":"https:\/\/maranhaotv.com.br\/index.php\/wp-json\/wp\/v2\/users\/2"}],"replies":[{"embeddable":true,"href":"https:\/\/maranhaotv.com.br\/index.php\/wp-json\/wp\/v2\/comments?post=38469"}],"version-history":[{"count":1,"href":"https:\/\/maranhaotv.com.br\/index.php\/wp-json\/wp\/v2\/posts\/38469\/revisions"}],"predecessor-version":[{"id":38470,"href":"https:\/\/maranhaotv.com.br\/index.php\/wp-json\/wp\/v2\/posts\/38469\/revisions\/38470"}],"wp:featuredmedia":[{"embeddable":true,"href":"https:\/\/maranhaotv.com.br\/index.php\/wp-json\/wp\/v2\/media\/38467"}],"wp:attachment":[{"href":"https:\/\/maranhaotv.com.br\/index.php\/wp-json\/wp\/v2\/media?parent=38469"}],"wp:term":[{"taxonomy":"category","embeddable":true,"href":"https:\/\/maranhaotv.com.br\/index.php\/wp-json\/wp\/v2\/categories?post=38469"},{"taxonomy":"post_tag","embeddable":true,"href":"https:\/\/maranhaotv.com.br\/index.php\/wp-json\/wp\/v2\/tags?post=38469"}],"curies":[{"name":"wp","href":"https:\/\/api.w.org\/{rel}","templated":true}]}}