{"id":38488,"date":"2024-10-18T14:53:54","date_gmt":"2024-10-18T17:53:54","guid":{"rendered":"https:\/\/maranhaotv.com.br\/?p=38488"},"modified":"2024-10-18T20:28:46","modified_gmt":"2024-10-18T23:28:46","slug":"carlos-lula-participa-de-debates-sobre-o-plano-nacional-da-cultura-e-ressalta-atuacao-do-ministerio-da-cultura","status":"publish","type":"post","link":"https:\/\/maranhaotv.com.br\/index.php\/2024\/10\/18\/carlos-lula-participa-de-debates-sobre-o-plano-nacional-da-cultura-e-ressalta-atuacao-do-ministerio-da-cultura\/","title":{"rendered":"Carlos Lula participa de debates sobre o Plano Nacional da Cultura e ressalta atua\u00e7\u00e3o do Minist\u00e9rio da Cultura"},"content":{"rendered":"\n<p><br><br><br>O deputado estadual Carlos Lula (PSB), presidente da Frente Parlamentar em Defesa da Cultura e da Economia Criativa da Assembleia Legislativa do Maranh\u00e3o, esteve presente nesta sexta-feira (18) na abertura da Oficina Territorial do Plano Nacional de Cultura, realizada pelo Minist\u00e9rio da Cultura no Maranh\u00e3o, al\u00e9m de acompanhar a apresenta\u00e7\u00e3o p\u00fablica do Comit\u00ea de Cultura do Estado. O evento tem como objetivo discutir as propostas surgidas na 4\u00aa Confer\u00eancia Nacional de Cultura, realizada em mar\u00e7o deste ano, em Bras\u00edlia, e que servir\u00e3o de base para a elabora\u00e7\u00e3o do novo Plano Nacional de Cultura, v\u00e1lido de 2025 a 2035.<br><br>&#8220;Cada estado do Brasil est\u00e1 sediando uma Oficina Territorial, onde a sociedade civil e o poder p\u00fablico se encontram para debater as propostas que ser\u00e3o sistematizadas e encaminhadas ao Congresso Nacional para aprova\u00e7\u00e3o&#8221;, explicou Paulo Sab\u00e1, coordenador do escrit\u00f3rio do Minist\u00e9rio da Cultura no Maranh\u00e3o.<br><br>Sab\u00e1 tamb\u00e9m destacou o apoio essencial da Assembleia Legislativa do Maranh\u00e3o, atrav\u00e9s da Frente Parlamentar em Defesa da Cultura, para a realiza\u00e7\u00e3o da oficina. &#8220;Contamos com a parceria fundamental da Frente Parlamentar, presidida pelo deputado Carlos Lula, que foi vital na mobiliza\u00e7\u00e3o e divulga\u00e7\u00e3o deste evento&#8221;, ressaltou.<br><br>A import\u00e2ncia da defesa da cultura no \u00e2mbito legislativo tamb\u00e9m foi ressaltada por Luiz Raimundo Pinheiro, presidente da Federa\u00e7\u00e3o das Entidades Folcl\u00f3ricas e Culturais do Maranh\u00e3o. &#8220;A classe cultural precisa de representantes dentro da Assembleia Legislativa que compreendam nossos problemas e lutem por solu\u00e7\u00f5es. Sem isso, avan\u00e7ar em temas como o Plano Estadual de Cultura, que est\u00e1 pr\u00f3ximo de seu fim, ser\u00e1 muito mais dif\u00edcil&#8221;, alertou.<br><br>Em seu discurso, o deputado Carlos Lula destacou a relev\u00e2ncia do retorno do Minist\u00e9rio da Cultura e refor\u00e7ou a import\u00e2ncia da boa gest\u00e3o dos recursos destinados ao setor. &#8220;Os quatro anos sem o Minist\u00e9rio da Cultura mostraram o quanto ele fez falta e como nossas ra\u00edzes culturais sofreram nesse per\u00edodo. Agora, com a pasta de volta, nosso dever \u00e9 garantir que os recursos sejam aplicados de forma eficiente e transparente. Estamos aqui para contribuir e assegurar que a cultura tenha o reconhecimento e o apoio que merece&#8221;, afirmou.<br><br>A Oficina Territorial do Plano Nacional de Cultura acontece nos dias 18 e 19 de outubro, no audit\u00f3rio da Faculdade de Arquitetura da UEMA, no Centro Hist\u00f3rico de S\u00e3o Lu\u00eds, reunindo representantes de diversos segmentos culturais, al\u00e9m de gestores municipais e estaduais.<\/p>\n\n\n\n<figure class=\"wp-block-image size-large\"><img loading=\"lazy\" decoding=\"async\" width=\"1024\" height=\"682\" src=\"https:\/\/maranhaotv.com.br\/wp-content\/uploads\/2024\/10\/img-20241018-wa01462129711803143903396-1024x682.jpg\" alt=\"\" class=\"wp-image-38486\" srcset=\"https:\/\/maranhaotv.com.br\/wp-content\/uploads\/2024\/10\/img-20241018-wa01462129711803143903396-1024x682.jpg 1024w, https:\/\/maranhaotv.com.br\/wp-content\/uploads\/2024\/10\/img-20241018-wa01462129711803143903396-300x200.jpg 300w, https:\/\/maranhaotv.com.br\/wp-content\/uploads\/2024\/10\/img-20241018-wa01462129711803143903396-768x512.jpg 768w, https:\/\/maranhaotv.com.br\/wp-content\/uploads\/2024\/10\/img-20241018-wa01462129711803143903396-1536x1023.jpg 1536w, https:\/\/maranhaotv.com.br\/wp-content\/uploads\/2024\/10\/img-20241018-wa01462129711803143903396.jpg 1600w\" sizes=\"auto, (max-width: 1024px) 100vw, 1024px\" \/><\/figure>\n\n\n\n<figure class=\"wp-block-image\"><img loading=\"lazy\" decoding=\"async\" width=\"1024\" height=\"682\" src=\"https:\/\/maranhaotv.com.br\/wp-content\/uploads\/2024\/10\/img-20241018-wa01454919984774073368038-1024x682.jpg\" alt=\"\" class=\"wp-image-38485\" srcset=\"https:\/\/maranhaotv.com.br\/wp-content\/uploads\/2024\/10\/img-20241018-wa01454919984774073368038-1024x682.jpg 1024w, https:\/\/maranhaotv.com.br\/wp-content\/uploads\/2024\/10\/img-20241018-wa01454919984774073368038-300x200.jpg 300w, https:\/\/maranhaotv.com.br\/wp-content\/uploads\/2024\/10\/img-20241018-wa01454919984774073368038-768x512.jpg 768w, https:\/\/maranhaotv.com.br\/wp-content\/uploads\/2024\/10\/img-20241018-wa01454919984774073368038-1536x1023.jpg 1536w, https:\/\/maranhaotv.com.br\/wp-content\/uploads\/2024\/10\/img-20241018-wa01454919984774073368038.jpg 1600w\" sizes=\"auto, (max-width: 1024px) 100vw, 1024px\" \/><\/figure>\n\n\n\n<figure class=\"wp-block-image\"><img loading=\"lazy\" decoding=\"async\" width=\"1024\" height=\"682\" src=\"https:\/\/maranhaotv.com.br\/wp-content\/uploads\/2024\/10\/img-20241018-wa01436443972870942623461-1024x682.jpg\" alt=\"\" class=\"wp-image-38484\" srcset=\"https:\/\/maranhaotv.com.br\/wp-content\/uploads\/2024\/10\/img-20241018-wa01436443972870942623461-1024x682.jpg 1024w, https:\/\/maranhaotv.com.br\/wp-content\/uploads\/2024\/10\/img-20241018-wa01436443972870942623461-300x200.jpg 300w, https:\/\/maranhaotv.com.br\/wp-content\/uploads\/2024\/10\/img-20241018-wa01436443972870942623461-768x512.jpg 768w, https:\/\/maranhaotv.com.br\/wp-content\/uploads\/2024\/10\/img-20241018-wa01436443972870942623461-1536x1023.jpg 1536w, https:\/\/maranhaotv.com.br\/wp-content\/uploads\/2024\/10\/img-20241018-wa01436443972870942623461.jpg 1600w\" sizes=\"auto, (max-width: 1024px) 100vw, 1024px\" \/><\/figure>\n","protected":false},"excerpt":{"rendered":"<p>O deputado estadual Carlos Lula (PSB), presidente da Frente Parlamentar em Defesa da Cultura e da Economia Criativa da Assembleia<\/p>\n","protected":false},"author":2,"featured_media":38487,"comment_status":"open","ping_status":"open","sticky":false,"template":"","format":"standard","meta":{"colormag_page_container_layout":"default_layout","colormag_page_sidebar_layout":"default_layout","_jetpack_memberships_contains_paid_content":false,"footnotes":""},"categories":[2],"tags":[],"class_list":["post-38488","post","type-post","status-publish","format-standard","has-post-thumbnail","hentry","category-noticias"],"magazineBlocksPostFeaturedMedia":{"thumbnail":"https:\/\/maranhaotv.com.br\/wp-content\/uploads\/2024\/10\/IMG-20241018-WA0146-150x150.jpg","medium":"https:\/\/maranhaotv.com.br\/wp-content\/uploads\/2024\/10\/IMG-20241018-WA0146-300x200.jpg","medium_large":"https:\/\/maranhaotv.com.br\/wp-content\/uploads\/2024\/10\/IMG-20241018-WA0146-768x512.jpg","large":"https:\/\/maranhaotv.com.br\/wp-content\/uploads\/2024\/10\/IMG-20241018-WA0146-1024x682.jpg","1536x1536":"https:\/\/maranhaotv.com.br\/wp-content\/uploads\/2024\/10\/IMG-20241018-WA0146-1536x1023.jpg","2048x2048":"https:\/\/maranhaotv.com.br\/wp-content\/uploads\/2024\/10\/IMG-20241018-WA0146.jpg","colormag-highlighted-post":"https:\/\/maranhaotv.com.br\/wp-content\/uploads\/2024\/10\/IMG-20241018-WA0146-392x272.jpg","colormag-featured-post-medium":"https:\/\/maranhaotv.com.br\/wp-content\/uploads\/2024\/10\/IMG-20241018-WA0146-390x205.jpg","colormag-featured-post-small":"https:\/\/maranhaotv.com.br\/wp-content\/uploads\/2024\/10\/IMG-20241018-WA0146-130x90.jpg","colormag-featured-image":"https:\/\/maranhaotv.com.br\/wp-content\/uploads\/2024\/10\/IMG-20241018-WA0146-800x445.jpg","colormag-default-news":"https:\/\/maranhaotv.com.br\/wp-content\/uploads\/2024\/10\/IMG-20241018-WA0146-150x150.jpg","colormag-featured-image-large":"https:\/\/maranhaotv.com.br\/wp-content\/uploads\/2024\/10\/IMG-20241018-WA0146-1400x600.jpg"},"magazineBlocksPostAuthor":{"name":"maranhaotv","avatar":"https:\/\/secure.gravatar.com\/avatar\/8fadbca458d4cb68b1dd399ae9a40618d747bb1af65ac9fad21c89220a143eb4?s=96&d=mm&r=g"},"magazineBlocksPostCommentsNumber":"0","magazineBlocksPostExcerpt":"O deputado estadual Carlos Lula (PSB), presidente da Frente Parlamentar em Defesa da Cultura e da Economia Criativa da Assembleia","magazineBlocksPostCategories":["not\u00edcias"],"magazineBlocksPostViewCount":336,"magazineBlocksPostReadTime":3,"magazine_blocks_featured_image_url":{"full":["https:\/\/maranhaotv.com.br\/wp-content\/uploads\/2024\/10\/IMG-20241018-WA0146.jpg",1600,1066,false],"medium":["https:\/\/maranhaotv.com.br\/wp-content\/uploads\/2024\/10\/IMG-20241018-WA0146-300x200.jpg",300,200,true],"thumbnail":["https:\/\/maranhaotv.com.br\/wp-content\/uploads\/2024\/10\/IMG-20241018-WA0146-150x150.jpg",150,150,true]},"magazine_blocks_author":{"display_name":"maranhaotv","author_link":"https:\/\/maranhaotv.com.br\/index.php\/author\/maranhaotv\/"},"magazine_blocks_comment":0,"magazine_blocks_author_image":"https:\/\/secure.gravatar.com\/avatar\/8fadbca458d4cb68b1dd399ae9a40618d747bb1af65ac9fad21c89220a143eb4?s=96&d=mm&r=g","magazine_blocks_category":"<a href=\"#\" class=\"category-link category-link-2\">not\u00edcias<\/a>","yoast_head":"<!-- This site is optimized with the Yoast SEO plugin v27.4 - https:\/\/yoast.com\/product\/yoast-seo-wordpress\/ -->\n<title>Carlos Lula participa de debates sobre o Plano Nacional da Cultura e ressalta atua\u00e7\u00e3o do Minist\u00e9rio da Cultura - NOT\u00cdCIAS EM TEMPO REAL<\/title>\n<meta name=\"robots\" content=\"index, follow, max-snippet:-1, max-image-preview:large, max-video-preview:-1\" \/>\n<link rel=\"canonical\" href=\"https:\/\/maranhaotv.com.br\/index.php\/2024\/10\/18\/carlos-lula-participa-de-debates-sobre-o-plano-nacional-da-cultura-e-ressalta-atuacao-do-ministerio-da-cultura\/\" \/>\n<meta property=\"og:locale\" content=\"pt_BR\" \/>\n<meta property=\"og:type\" content=\"article\" \/>\n<meta property=\"og:title\" content=\"Carlos Lula participa de debates sobre o Plano Nacional da Cultura e ressalta atua\u00e7\u00e3o do Minist\u00e9rio da Cultura - NOT\u00cdCIAS EM TEMPO REAL\" \/>\n<meta property=\"og:description\" content=\"O deputado estadual Carlos Lula (PSB), presidente da Frente Parlamentar em Defesa da Cultura e da Economia Criativa da Assembleia\" \/>\n<meta property=\"og:url\" content=\"https:\/\/maranhaotv.com.br\/index.php\/2024\/10\/18\/carlos-lula-participa-de-debates-sobre-o-plano-nacional-da-cultura-e-ressalta-atuacao-do-ministerio-da-cultura\/\" \/>\n<meta property=\"og:site_name\" content=\"NOT\u00cdCIAS EM TEMPO REAL\" \/>\n<meta property=\"article:publisher\" content=\"https:\/\/www.facebook.com\/maiobaotv\" \/>\n<meta property=\"article:published_time\" content=\"2024-10-18T17:53:54+00:00\" \/>\n<meta property=\"article:modified_time\" content=\"2024-10-18T23:28:46+00:00\" \/>\n<meta property=\"og:image\" content=\"https:\/\/maranhaotv.com.br\/wp-content\/uploads\/2024\/10\/IMG-20241018-WA0146.jpg\" \/>\n\t<meta property=\"og:image:width\" content=\"1600\" \/>\n\t<meta property=\"og:image:height\" content=\"1066\" \/>\n\t<meta property=\"og:image:type\" content=\"image\/jpeg\" \/>\n<meta name=\"author\" content=\"maranhaotv\" \/>\n<meta name=\"twitter:card\" content=\"summary_large_image\" \/>\n<meta name=\"twitter:creator\" content=\"@sitemaranhaotv\" \/>\n<meta name=\"twitter:site\" content=\"@sitemaranhaotv\" \/>\n<meta name=\"twitter:label1\" content=\"Escrito por\" \/>\n\t<meta name=\"twitter:data1\" content=\"maranhaotv\" \/>\n\t<meta name=\"twitter:label2\" content=\"Est. tempo de leitura\" \/>\n\t<meta name=\"twitter:data2\" content=\"2 minutos\" \/>\n<script type=\"application\/ld+json\" class=\"yoast-schema-graph\">{\"@context\":\"https:\\\/\\\/schema.org\",\"@graph\":[{\"@type\":\"Article\",\"@id\":\"https:\\\/\\\/maranhaotv.com.br\\\/index.php\\\/2024\\\/10\\\/18\\\/carlos-lula-participa-de-debates-sobre-o-plano-nacional-da-cultura-e-ressalta-atuacao-do-ministerio-da-cultura\\\/#article\",\"isPartOf\":{\"@id\":\"https:\\\/\\\/maranhaotv.com.br\\\/index.php\\\/2024\\\/10\\\/18\\\/carlos-lula-participa-de-debates-sobre-o-plano-nacional-da-cultura-e-ressalta-atuacao-do-ministerio-da-cultura\\\/\"},\"author\":{\"name\":\"maranhaotv\",\"@id\":\"https:\\\/\\\/maranhaotv.com.br\\\/#\\\/schema\\\/person\\\/3d54238e86b20bb5c89ab2fdb8f8829a\"},\"headline\":\"Carlos Lula participa de debates sobre o Plano Nacional da Cultura e ressalta atua\u00e7\u00e3o do Minist\u00e9rio da Cultura\",\"datePublished\":\"2024-10-18T17:53:54+00:00\",\"dateModified\":\"2024-10-18T23:28:46+00:00\",\"mainEntityOfPage\":{\"@id\":\"https:\\\/\\\/maranhaotv.com.br\\\/index.php\\\/2024\\\/10\\\/18\\\/carlos-lula-participa-de-debates-sobre-o-plano-nacional-da-cultura-e-ressalta-atuacao-do-ministerio-da-cultura\\\/\"},\"wordCount\":445,\"commentCount\":0,\"publisher\":{\"@id\":\"https:\\\/\\\/maranhaotv.com.br\\\/#organization\"},\"image\":{\"@id\":\"https:\\\/\\\/maranhaotv.com.br\\\/index.php\\\/2024\\\/10\\\/18\\\/carlos-lula-participa-de-debates-sobre-o-plano-nacional-da-cultura-e-ressalta-atuacao-do-ministerio-da-cultura\\\/#primaryimage\"},\"thumbnailUrl\":\"https:\\\/\\\/maranhaotv.com.br\\\/wp-content\\\/uploads\\\/2024\\\/10\\\/IMG-20241018-WA0146.jpg\",\"articleSection\":[\"not\u00edcias\"],\"inLanguage\":\"pt-BR\",\"potentialAction\":[{\"@type\":\"CommentAction\",\"name\":\"Comment\",\"target\":[\"https:\\\/\\\/maranhaotv.com.br\\\/index.php\\\/2024\\\/10\\\/18\\\/carlos-lula-participa-de-debates-sobre-o-plano-nacional-da-cultura-e-ressalta-atuacao-do-ministerio-da-cultura\\\/#respond\"]}]},{\"@type\":\"WebPage\",\"@id\":\"https:\\\/\\\/maranhaotv.com.br\\\/index.php\\\/2024\\\/10\\\/18\\\/carlos-lula-participa-de-debates-sobre-o-plano-nacional-da-cultura-e-ressalta-atuacao-do-ministerio-da-cultura\\\/\",\"url\":\"https:\\\/\\\/maranhaotv.com.br\\\/index.php\\\/2024\\\/10\\\/18\\\/carlos-lula-participa-de-debates-sobre-o-plano-nacional-da-cultura-e-ressalta-atuacao-do-ministerio-da-cultura\\\/\",\"name\":\"Carlos Lula participa de debates sobre o Plano Nacional da Cultura e ressalta atua\u00e7\u00e3o do Minist\u00e9rio da Cultura - NOT\u00cdCIAS EM TEMPO REAL\",\"isPartOf\":{\"@id\":\"https:\\\/\\\/maranhaotv.com.br\\\/#website\"},\"primaryImageOfPage\":{\"@id\":\"https:\\\/\\\/maranhaotv.com.br\\\/index.php\\\/2024\\\/10\\\/18\\\/carlos-lula-participa-de-debates-sobre-o-plano-nacional-da-cultura-e-ressalta-atuacao-do-ministerio-da-cultura\\\/#primaryimage\"},\"image\":{\"@id\":\"https:\\\/\\\/maranhaotv.com.br\\\/index.php\\\/2024\\\/10\\\/18\\\/carlos-lula-participa-de-debates-sobre-o-plano-nacional-da-cultura-e-ressalta-atuacao-do-ministerio-da-cultura\\\/#primaryimage\"},\"thumbnailUrl\":\"https:\\\/\\\/maranhaotv.com.br\\\/wp-content\\\/uploads\\\/2024\\\/10\\\/IMG-20241018-WA0146.jpg\",\"datePublished\":\"2024-10-18T17:53:54+00:00\",\"dateModified\":\"2024-10-18T23:28:46+00:00\",\"breadcrumb\":{\"@id\":\"https:\\\/\\\/maranhaotv.com.br\\\/index.php\\\/2024\\\/10\\\/18\\\/carlos-lula-participa-de-debates-sobre-o-plano-nacional-da-cultura-e-ressalta-atuacao-do-ministerio-da-cultura\\\/#breadcrumb\"},\"inLanguage\":\"pt-BR\",\"potentialAction\":[{\"@type\":\"ReadAction\",\"target\":[\"https:\\\/\\\/maranhaotv.com.br\\\/index.php\\\/2024\\\/10\\\/18\\\/carlos-lula-participa-de-debates-sobre-o-plano-nacional-da-cultura-e-ressalta-atuacao-do-ministerio-da-cultura\\\/\"]}]},{\"@type\":\"ImageObject\",\"inLanguage\":\"pt-BR\",\"@id\":\"https:\\\/\\\/maranhaotv.com.br\\\/index.php\\\/2024\\\/10\\\/18\\\/carlos-lula-participa-de-debates-sobre-o-plano-nacional-da-cultura-e-ressalta-atuacao-do-ministerio-da-cultura\\\/#primaryimage\",\"url\":\"https:\\\/\\\/maranhaotv.com.br\\\/wp-content\\\/uploads\\\/2024\\\/10\\\/IMG-20241018-WA0146.jpg\",\"contentUrl\":\"https:\\\/\\\/maranhaotv.com.br\\\/wp-content\\\/uploads\\\/2024\\\/10\\\/IMG-20241018-WA0146.jpg\",\"width\":1600,\"height\":1066},{\"@type\":\"BreadcrumbList\",\"@id\":\"https:\\\/\\\/maranhaotv.com.br\\\/index.php\\\/2024\\\/10\\\/18\\\/carlos-lula-participa-de-debates-sobre-o-plano-nacional-da-cultura-e-ressalta-atuacao-do-ministerio-da-cultura\\\/#breadcrumb\",\"itemListElement\":[{\"@type\":\"ListItem\",\"position\":1,\"name\":\"In\u00edcio\",\"item\":\"https:\\\/\\\/maranhaotv.com.br\\\/\"},{\"@type\":\"ListItem\",\"position\":2,\"name\":\"Carlos Lula participa de debates sobre o Plano Nacional da Cultura e ressalta atua\u00e7\u00e3o do Minist\u00e9rio da Cultura\"}]},{\"@type\":\"WebSite\",\"@id\":\"https:\\\/\\\/maranhaotv.com.br\\\/#website\",\"url\":\"https:\\\/\\\/maranhaotv.com.br\\\/\",\"name\":\"Maranh\u00e3oTV\",\"description\":\"\",\"publisher\":{\"@id\":\"https:\\\/\\\/maranhaotv.com.br\\\/#organization\"},\"potentialAction\":[{\"@type\":\"SearchAction\",\"target\":{\"@type\":\"EntryPoint\",\"urlTemplate\":\"https:\\\/\\\/maranhaotv.com.br\\\/?s={search_term_string}\"},\"query-input\":{\"@type\":\"PropertyValueSpecification\",\"valueRequired\":true,\"valueName\":\"search_term_string\"}}],\"inLanguage\":\"pt-BR\"},{\"@type\":\"Organization\",\"@id\":\"https:\\\/\\\/maranhaotv.com.br\\\/#organization\",\"name\":\"Portal de Not\u00edcias\",\"url\":\"https:\\\/\\\/maranhaotv.com.br\\\/\",\"logo\":{\"@type\":\"ImageObject\",\"inLanguage\":\"pt-BR\",\"@id\":\"https:\\\/\\\/maranhaotv.com.br\\\/#\\\/schema\\\/logo\\\/image\\\/\",\"url\":\"https:\\\/\\\/maranhaotv.com.br\\\/wp-content\\\/uploads\\\/2024\\\/05\\\/cropped-cropped-avatar-1.png\",\"contentUrl\":\"https:\\\/\\\/maranhaotv.com.br\\\/wp-content\\\/uploads\\\/2024\\\/05\\\/cropped-cropped-avatar-1.png\",\"width\":792,\"height\":428,\"caption\":\"Portal de Not\u00edcias\"},\"image\":{\"@id\":\"https:\\\/\\\/maranhaotv.com.br\\\/#\\\/schema\\\/logo\\\/image\\\/\"},\"sameAs\":[\"https:\\\/\\\/www.facebook.com\\\/maiobaotv\",\"https:\\\/\\\/x.com\\\/sitemaranhaotv\",\"https:\\\/\\\/www.instagram.com\\\/maranhao.tv\",\"https:\\\/\\\/www.threads.net\\\/@maranhao.tv\"]},{\"@type\":\"Person\",\"@id\":\"https:\\\/\\\/maranhaotv.com.br\\\/#\\\/schema\\\/person\\\/3d54238e86b20bb5c89ab2fdb8f8829a\",\"name\":\"maranhaotv\",\"image\":{\"@type\":\"ImageObject\",\"inLanguage\":\"pt-BR\",\"@id\":\"https:\\\/\\\/secure.gravatar.com\\\/avatar\\\/8fadbca458d4cb68b1dd399ae9a40618d747bb1af65ac9fad21c89220a143eb4?s=96&d=mm&r=g\",\"url\":\"https:\\\/\\\/secure.gravatar.com\\\/avatar\\\/8fadbca458d4cb68b1dd399ae9a40618d747bb1af65ac9fad21c89220a143eb4?s=96&d=mm&r=g\",\"contentUrl\":\"https:\\\/\\\/secure.gravatar.com\\\/avatar\\\/8fadbca458d4cb68b1dd399ae9a40618d747bb1af65ac9fad21c89220a143eb4?s=96&d=mm&r=g\",\"caption\":\"maranhaotv\"},\"sameAs\":[\"https:\\\/\\\/maranhaotv.com.br\\\/\"],\"url\":\"https:\\\/\\\/maranhaotv.com.br\\\/index.php\\\/author\\\/maranhaotv\\\/\"}]}<\/script>\n<!-- \/ Yoast SEO plugin. -->","yoast_head_json":{"title":"Carlos Lula participa de debates sobre o Plano Nacional da Cultura e ressalta atua\u00e7\u00e3o do Minist\u00e9rio da Cultura - NOT\u00cdCIAS EM TEMPO REAL","robots":{"index":"index","follow":"follow","max-snippet":"max-snippet:-1","max-image-preview":"max-image-preview:large","max-video-preview":"max-video-preview:-1"},"canonical":"https:\/\/maranhaotv.com.br\/index.php\/2024\/10\/18\/carlos-lula-participa-de-debates-sobre-o-plano-nacional-da-cultura-e-ressalta-atuacao-do-ministerio-da-cultura\/","og_locale":"pt_BR","og_type":"article","og_title":"Carlos Lula participa de debates sobre o Plano Nacional da Cultura e ressalta atua\u00e7\u00e3o do Minist\u00e9rio da Cultura - NOT\u00cdCIAS EM TEMPO REAL","og_description":"O deputado estadual Carlos Lula (PSB), presidente da Frente Parlamentar em Defesa da Cultura e da Economia Criativa da Assembleia","og_url":"https:\/\/maranhaotv.com.br\/index.php\/2024\/10\/18\/carlos-lula-participa-de-debates-sobre-o-plano-nacional-da-cultura-e-ressalta-atuacao-do-ministerio-da-cultura\/","og_site_name":"NOT\u00cdCIAS EM TEMPO REAL","article_publisher":"https:\/\/www.facebook.com\/maiobaotv","article_published_time":"2024-10-18T17:53:54+00:00","article_modified_time":"2024-10-18T23:28:46+00:00","og_image":[{"width":1600,"height":1066,"url":"https:\/\/maranhaotv.com.br\/wp-content\/uploads\/2024\/10\/IMG-20241018-WA0146.jpg","type":"image\/jpeg"}],"author":"maranhaotv","twitter_card":"summary_large_image","twitter_creator":"@sitemaranhaotv","twitter_site":"@sitemaranhaotv","twitter_misc":{"Escrito por":"maranhaotv","Est. tempo de leitura":"2 minutos"},"schema":{"@context":"https:\/\/schema.org","@graph":[{"@type":"Article","@id":"https:\/\/maranhaotv.com.br\/index.php\/2024\/10\/18\/carlos-lula-participa-de-debates-sobre-o-plano-nacional-da-cultura-e-ressalta-atuacao-do-ministerio-da-cultura\/#article","isPartOf":{"@id":"https:\/\/maranhaotv.com.br\/index.php\/2024\/10\/18\/carlos-lula-participa-de-debates-sobre-o-plano-nacional-da-cultura-e-ressalta-atuacao-do-ministerio-da-cultura\/"},"author":{"name":"maranhaotv","@id":"https:\/\/maranhaotv.com.br\/#\/schema\/person\/3d54238e86b20bb5c89ab2fdb8f8829a"},"headline":"Carlos Lula participa de debates sobre o Plano Nacional da Cultura e ressalta atua\u00e7\u00e3o do Minist\u00e9rio da Cultura","datePublished":"2024-10-18T17:53:54+00:00","dateModified":"2024-10-18T23:28:46+00:00","mainEntityOfPage":{"@id":"https:\/\/maranhaotv.com.br\/index.php\/2024\/10\/18\/carlos-lula-participa-de-debates-sobre-o-plano-nacional-da-cultura-e-ressalta-atuacao-do-ministerio-da-cultura\/"},"wordCount":445,"commentCount":0,"publisher":{"@id":"https:\/\/maranhaotv.com.br\/#organization"},"image":{"@id":"https:\/\/maranhaotv.com.br\/index.php\/2024\/10\/18\/carlos-lula-participa-de-debates-sobre-o-plano-nacional-da-cultura-e-ressalta-atuacao-do-ministerio-da-cultura\/#primaryimage"},"thumbnailUrl":"https:\/\/maranhaotv.com.br\/wp-content\/uploads\/2024\/10\/IMG-20241018-WA0146.jpg","articleSection":["not\u00edcias"],"inLanguage":"pt-BR","potentialAction":[{"@type":"CommentAction","name":"Comment","target":["https:\/\/maranhaotv.com.br\/index.php\/2024\/10\/18\/carlos-lula-participa-de-debates-sobre-o-plano-nacional-da-cultura-e-ressalta-atuacao-do-ministerio-da-cultura\/#respond"]}]},{"@type":"WebPage","@id":"https:\/\/maranhaotv.com.br\/index.php\/2024\/10\/18\/carlos-lula-participa-de-debates-sobre-o-plano-nacional-da-cultura-e-ressalta-atuacao-do-ministerio-da-cultura\/","url":"https:\/\/maranhaotv.com.br\/index.php\/2024\/10\/18\/carlos-lula-participa-de-debates-sobre-o-plano-nacional-da-cultura-e-ressalta-atuacao-do-ministerio-da-cultura\/","name":"Carlos Lula participa de debates sobre o Plano Nacional da Cultura e ressalta atua\u00e7\u00e3o do Minist\u00e9rio da Cultura - NOT\u00cdCIAS EM TEMPO REAL","isPartOf":{"@id":"https:\/\/maranhaotv.com.br\/#website"},"primaryImageOfPage":{"@id":"https:\/\/maranhaotv.com.br\/index.php\/2024\/10\/18\/carlos-lula-participa-de-debates-sobre-o-plano-nacional-da-cultura-e-ressalta-atuacao-do-ministerio-da-cultura\/#primaryimage"},"image":{"@id":"https:\/\/maranhaotv.com.br\/index.php\/2024\/10\/18\/carlos-lula-participa-de-debates-sobre-o-plano-nacional-da-cultura-e-ressalta-atuacao-do-ministerio-da-cultura\/#primaryimage"},"thumbnailUrl":"https:\/\/maranhaotv.com.br\/wp-content\/uploads\/2024\/10\/IMG-20241018-WA0146.jpg","datePublished":"2024-10-18T17:53:54+00:00","dateModified":"2024-10-18T23:28:46+00:00","breadcrumb":{"@id":"https:\/\/maranhaotv.com.br\/index.php\/2024\/10\/18\/carlos-lula-participa-de-debates-sobre-o-plano-nacional-da-cultura-e-ressalta-atuacao-do-ministerio-da-cultura\/#breadcrumb"},"inLanguage":"pt-BR","potentialAction":[{"@type":"ReadAction","target":["https:\/\/maranhaotv.com.br\/index.php\/2024\/10\/18\/carlos-lula-participa-de-debates-sobre-o-plano-nacional-da-cultura-e-ressalta-atuacao-do-ministerio-da-cultura\/"]}]},{"@type":"ImageObject","inLanguage":"pt-BR","@id":"https:\/\/maranhaotv.com.br\/index.php\/2024\/10\/18\/carlos-lula-participa-de-debates-sobre-o-plano-nacional-da-cultura-e-ressalta-atuacao-do-ministerio-da-cultura\/#primaryimage","url":"https:\/\/maranhaotv.com.br\/wp-content\/uploads\/2024\/10\/IMG-20241018-WA0146.jpg","contentUrl":"https:\/\/maranhaotv.com.br\/wp-content\/uploads\/2024\/10\/IMG-20241018-WA0146.jpg","width":1600,"height":1066},{"@type":"BreadcrumbList","@id":"https:\/\/maranhaotv.com.br\/index.php\/2024\/10\/18\/carlos-lula-participa-de-debates-sobre-o-plano-nacional-da-cultura-e-ressalta-atuacao-do-ministerio-da-cultura\/#breadcrumb","itemListElement":[{"@type":"ListItem","position":1,"name":"In\u00edcio","item":"https:\/\/maranhaotv.com.br\/"},{"@type":"ListItem","position":2,"name":"Carlos Lula participa de debates sobre o Plano Nacional da Cultura e ressalta atua\u00e7\u00e3o do Minist\u00e9rio da Cultura"}]},{"@type":"WebSite","@id":"https:\/\/maranhaotv.com.br\/#website","url":"https:\/\/maranhaotv.com.br\/","name":"Maranh\u00e3oTV","description":"","publisher":{"@id":"https:\/\/maranhaotv.com.br\/#organization"},"potentialAction":[{"@type":"SearchAction","target":{"@type":"EntryPoint","urlTemplate":"https:\/\/maranhaotv.com.br\/?s={search_term_string}"},"query-input":{"@type":"PropertyValueSpecification","valueRequired":true,"valueName":"search_term_string"}}],"inLanguage":"pt-BR"},{"@type":"Organization","@id":"https:\/\/maranhaotv.com.br\/#organization","name":"Portal de Not\u00edcias","url":"https:\/\/maranhaotv.com.br\/","logo":{"@type":"ImageObject","inLanguage":"pt-BR","@id":"https:\/\/maranhaotv.com.br\/#\/schema\/logo\/image\/","url":"https:\/\/maranhaotv.com.br\/wp-content\/uploads\/2024\/05\/cropped-cropped-avatar-1.png","contentUrl":"https:\/\/maranhaotv.com.br\/wp-content\/uploads\/2024\/05\/cropped-cropped-avatar-1.png","width":792,"height":428,"caption":"Portal de Not\u00edcias"},"image":{"@id":"https:\/\/maranhaotv.com.br\/#\/schema\/logo\/image\/"},"sameAs":["https:\/\/www.facebook.com\/maiobaotv","https:\/\/x.com\/sitemaranhaotv","https:\/\/www.instagram.com\/maranhao.tv","https:\/\/www.threads.net\/@maranhao.tv"]},{"@type":"Person","@id":"https:\/\/maranhaotv.com.br\/#\/schema\/person\/3d54238e86b20bb5c89ab2fdb8f8829a","name":"maranhaotv","image":{"@type":"ImageObject","inLanguage":"pt-BR","@id":"https:\/\/secure.gravatar.com\/avatar\/8fadbca458d4cb68b1dd399ae9a40618d747bb1af65ac9fad21c89220a143eb4?s=96&d=mm&r=g","url":"https:\/\/secure.gravatar.com\/avatar\/8fadbca458d4cb68b1dd399ae9a40618d747bb1af65ac9fad21c89220a143eb4?s=96&d=mm&r=g","contentUrl":"https:\/\/secure.gravatar.com\/avatar\/8fadbca458d4cb68b1dd399ae9a40618d747bb1af65ac9fad21c89220a143eb4?s=96&d=mm&r=g","caption":"maranhaotv"},"sameAs":["https:\/\/maranhaotv.com.br\/"],"url":"https:\/\/maranhaotv.com.br\/index.php\/author\/maranhaotv\/"}]}},"jetpack_featured_media_url":"https:\/\/maranhaotv.com.br\/wp-content\/uploads\/2024\/10\/IMG-20241018-WA0146.jpg","jetpack_sharing_enabled":true,"_links":{"self":[{"href":"https:\/\/maranhaotv.com.br\/index.php\/wp-json\/wp\/v2\/posts\/38488","targetHints":{"allow":["GET"]}}],"collection":[{"href":"https:\/\/maranhaotv.com.br\/index.php\/wp-json\/wp\/v2\/posts"}],"about":[{"href":"https:\/\/maranhaotv.com.br\/index.php\/wp-json\/wp\/v2\/types\/post"}],"author":[{"embeddable":true,"href":"https:\/\/maranhaotv.com.br\/index.php\/wp-json\/wp\/v2\/users\/2"}],"replies":[{"embeddable":true,"href":"https:\/\/maranhaotv.com.br\/index.php\/wp-json\/wp\/v2\/comments?post=38488"}],"version-history":[{"count":2,"href":"https:\/\/maranhaotv.com.br\/index.php\/wp-json\/wp\/v2\/posts\/38488\/revisions"}],"predecessor-version":[{"id":38495,"href":"https:\/\/maranhaotv.com.br\/index.php\/wp-json\/wp\/v2\/posts\/38488\/revisions\/38495"}],"wp:featuredmedia":[{"embeddable":true,"href":"https:\/\/maranhaotv.com.br\/index.php\/wp-json\/wp\/v2\/media\/38487"}],"wp:attachment":[{"href":"https:\/\/maranhaotv.com.br\/index.php\/wp-json\/wp\/v2\/media?parent=38488"}],"wp:term":[{"taxonomy":"category","embeddable":true,"href":"https:\/\/maranhaotv.com.br\/index.php\/wp-json\/wp\/v2\/categories?post=38488"},{"taxonomy":"post_tag","embeddable":true,"href":"https:\/\/maranhaotv.com.br\/index.php\/wp-json\/wp\/v2\/tags?post=38488"}],"curies":[{"name":"wp","href":"https:\/\/api.w.org\/{rel}","templated":true}]}}