{"id":38508,"date":"2024-10-20T04:51:17","date_gmt":"2024-10-20T07:51:17","guid":{"rendered":"https:\/\/maranhaotv.com.br\/?p=38508"},"modified":"2024-10-20T04:52:00","modified_gmt":"2024-10-20T07:52:00","slug":"em-paco-do-lumiar-fred-campos-e-mariana-brandao-celebram-vitoria-com-culto-de-gratidao","status":"publish","type":"post","link":"https:\/\/maranhaotv.com.br\/index.php\/2024\/10\/20\/em-paco-do-lumiar-fred-campos-e-mariana-brandao-celebram-vitoria-com-culto-de-gratidao\/","title":{"rendered":"Em Pa\u00e7o do Lumiar, Fred Campos e Mariana Brand\u00e3o celebram vit\u00f3ria com culto de gratid\u00e3o"},"content":{"rendered":"\n<p><br>O s\u00e1bado (19) foi de f\u00e9 e celebra\u00e7\u00e3o em Pa\u00e7o do Lumiar, onde o prefeito eleito Fred Campos e a vice-prefeita Mariana Brand\u00e3o realizaram um culto em agradecimento pela vit\u00f3ria nas elei\u00e7\u00f5es. A quadra do IEMA, no cora\u00e7\u00e3o do Maiob\u00e3o, reuniu apoiadores que compareceram para expressar sua gratid\u00e3o e esperan\u00e7a. Fred, acompanhado da esposa Maedja e das filhas J\u00falia e Sofia, e Mariana, ao lado do esposo \u00cdtalo e do pequeno Heitor, foram recebidos com entusiasmo em uma noite marcada por louvores, ora\u00e7\u00f5es e mensagens inspiradoras.<br><br>Com a presen\u00e7a de pastores de diferentes denomina\u00e7\u00f5es, o culto foi permeado por palavras de encorajamento e pedidos de b\u00ean\u00e7\u00e3os para a nova gest\u00e3o. A atmosfera ficou ainda mais vibrante com o grupo Minist\u00e9rio Lenj, que embalou os momentos de adora\u00e7\u00e3o com m\u00fasicas que tocaram fundo no cora\u00e7\u00e3o dos presentes. \u201cHoje \u00e9 dia de celebrar n\u00e3o s\u00f3 uma vit\u00f3ria pol\u00edtica, mas uma conquista do povo de Pa\u00e7o do Lumiar\u201d, destacou um dos pastores, refor\u00e7ando o compromisso de trazer mudan\u00e7as positivas para o munic\u00edpio.<br><br>Em seu discurso, Fred Campos n\u00e3o escondeu a emo\u00e7\u00e3o ao agradecer pelo apoio recebido. \u201cEssa vit\u00f3ria \u00e9 um presente de Deus, e eu a compartilho com cada luminense. Gratid\u00e3o \u00e9 o que nos move, e \u00e9 com esse esp\u00edrito que vamos trabalhar para transformar Pa\u00e7o\u201d, declarou. O evento contou ainda com a presen\u00e7a do atual prefeito, Inaldo Pereira, e de v\u00e1rios vereadores, que fizeram quest\u00e3o de prestigiar a cerim\u00f4nia e demonstrar uni\u00e3o em torno da nova fase que se inicia no munic\u00edpio.<\/p>\n\n\n\n<figure class=\"wp-block-image size-large\"><img loading=\"lazy\" decoding=\"async\" width=\"1024\" height=\"683\" src=\"https:\/\/maranhaotv.com.br\/wp-content\/uploads\/2024\/10\/img-20241020-wa00212742832568238844157-1024x683.jpg\" alt=\"\" class=\"wp-image-38502\" srcset=\"https:\/\/maranhaotv.com.br\/wp-content\/uploads\/2024\/10\/img-20241020-wa00212742832568238844157-1024x683.jpg 1024w, https:\/\/maranhaotv.com.br\/wp-content\/uploads\/2024\/10\/img-20241020-wa00212742832568238844157-300x200.jpg 300w, https:\/\/maranhaotv.com.br\/wp-content\/uploads\/2024\/10\/img-20241020-wa00212742832568238844157-768x512.jpg 768w, https:\/\/maranhaotv.com.br\/wp-content\/uploads\/2024\/10\/img-20241020-wa00212742832568238844157-1536x1025.jpg 1536w, https:\/\/maranhaotv.com.br\/wp-content\/uploads\/2024\/10\/img-20241020-wa00212742832568238844157.jpg 2000w\" sizes=\"auto, (max-width: 1024px) 100vw, 1024px\" \/><\/figure>\n\n\n\n<figure class=\"wp-block-image\"><img loading=\"lazy\" decoding=\"async\" width=\"1024\" height=\"683\" src=\"https:\/\/maranhaotv.com.br\/wp-content\/uploads\/2024\/10\/img-20241020-wa00146893880289540138656-1024x683.jpg\" alt=\"\" class=\"wp-image-38501\" srcset=\"https:\/\/maranhaotv.com.br\/wp-content\/uploads\/2024\/10\/img-20241020-wa00146893880289540138656-1024x683.jpg 1024w, https:\/\/maranhaotv.com.br\/wp-content\/uploads\/2024\/10\/img-20241020-wa00146893880289540138656-300x200.jpg 300w, https:\/\/maranhaotv.com.br\/wp-content\/uploads\/2024\/10\/img-20241020-wa00146893880289540138656-768x512.jpg 768w, https:\/\/maranhaotv.com.br\/wp-content\/uploads\/2024\/10\/img-20241020-wa00146893880289540138656-1536x1025.jpg 1536w, https:\/\/maranhaotv.com.br\/wp-content\/uploads\/2024\/10\/img-20241020-wa00146893880289540138656.jpg 2000w\" sizes=\"auto, (max-width: 1024px) 100vw, 1024px\" \/><\/figure>\n\n\n\n<figure class=\"wp-block-image\"><img loading=\"lazy\" decoding=\"async\" width=\"1024\" height=\"683\" src=\"https:\/\/maranhaotv.com.br\/wp-content\/uploads\/2024\/10\/img-20241020-wa00126537880940061920093-1024x683.jpg\" alt=\"\" class=\"wp-image-38503\" srcset=\"https:\/\/maranhaotv.com.br\/wp-content\/uploads\/2024\/10\/img-20241020-wa00126537880940061920093-1024x683.jpg 1024w, https:\/\/maranhaotv.com.br\/wp-content\/uploads\/2024\/10\/img-20241020-wa00126537880940061920093-300x200.jpg 300w, https:\/\/maranhaotv.com.br\/wp-content\/uploads\/2024\/10\/img-20241020-wa00126537880940061920093-768x512.jpg 768w, https:\/\/maranhaotv.com.br\/wp-content\/uploads\/2024\/10\/img-20241020-wa00126537880940061920093-1536x1025.jpg 1536w, https:\/\/maranhaotv.com.br\/wp-content\/uploads\/2024\/10\/img-20241020-wa00126537880940061920093.jpg 2000w\" sizes=\"auto, (max-width: 1024px) 100vw, 1024px\" \/><\/figure>\n\n\n\n<figure class=\"wp-block-image\"><img loading=\"lazy\" decoding=\"async\" width=\"1024\" height=\"683\" src=\"https:\/\/maranhaotv.com.br\/wp-content\/uploads\/2024\/10\/img-20241020-wa00167746705890716070082-1024x683.jpg\" alt=\"\" class=\"wp-image-38505\" srcset=\"https:\/\/maranhaotv.com.br\/wp-content\/uploads\/2024\/10\/img-20241020-wa00167746705890716070082-1024x683.jpg 1024w, https:\/\/maranhaotv.com.br\/wp-content\/uploads\/2024\/10\/img-20241020-wa00167746705890716070082-300x200.jpg 300w, https:\/\/maranhaotv.com.br\/wp-content\/uploads\/2024\/10\/img-20241020-wa00167746705890716070082-768x512.jpg 768w, https:\/\/maranhaotv.com.br\/wp-content\/uploads\/2024\/10\/img-20241020-wa00167746705890716070082-1536x1025.jpg 1536w, https:\/\/maranhaotv.com.br\/wp-content\/uploads\/2024\/10\/img-20241020-wa00167746705890716070082.jpg 2000w\" sizes=\"auto, (max-width: 1024px) 100vw, 1024px\" \/><\/figure>\n\n\n\n<figure class=\"wp-block-image\"><img loading=\"lazy\" decoding=\"async\" width=\"1024\" height=\"683\" src=\"https:\/\/maranhaotv.com.br\/wp-content\/uploads\/2024\/10\/img-20241020-wa00088589784996670957852-1024x683.jpg\" alt=\"\" class=\"wp-image-38506\" srcset=\"https:\/\/maranhaotv.com.br\/wp-content\/uploads\/2024\/10\/img-20241020-wa00088589784996670957852-1024x683.jpg 1024w, https:\/\/maranhaotv.com.br\/wp-content\/uploads\/2024\/10\/img-20241020-wa00088589784996670957852-300x200.jpg 300w, https:\/\/maranhaotv.com.br\/wp-content\/uploads\/2024\/10\/img-20241020-wa00088589784996670957852-768x512.jpg 768w, https:\/\/maranhaotv.com.br\/wp-content\/uploads\/2024\/10\/img-20241020-wa00088589784996670957852-1536x1025.jpg 1536w, https:\/\/maranhaotv.com.br\/wp-content\/uploads\/2024\/10\/img-20241020-wa00088589784996670957852.jpg 2000w\" sizes=\"auto, (max-width: 1024px) 100vw, 1024px\" \/><\/figure>\n\n\n\n<figure class=\"wp-block-image\"><img loading=\"lazy\" decoding=\"async\" width=\"1024\" height=\"576\" src=\"https:\/\/maranhaotv.com.br\/wp-content\/uploads\/2024\/10\/img-20241020-wa00032819421749965278662-1024x576.jpg\" alt=\"\" class=\"wp-image-38504\" srcset=\"https:\/\/maranhaotv.com.br\/wp-content\/uploads\/2024\/10\/img-20241020-wa00032819421749965278662-1024x576.jpg 1024w, https:\/\/maranhaotv.com.br\/wp-content\/uploads\/2024\/10\/img-20241020-wa00032819421749965278662-300x169.jpg 300w, https:\/\/maranhaotv.com.br\/wp-content\/uploads\/2024\/10\/img-20241020-wa00032819421749965278662-768x432.jpg 768w, https:\/\/maranhaotv.com.br\/wp-content\/uploads\/2024\/10\/img-20241020-wa00032819421749965278662-1536x864.jpg 1536w, https:\/\/maranhaotv.com.br\/wp-content\/uploads\/2024\/10\/img-20241020-wa00032819421749965278662.jpg 2000w\" sizes=\"auto, (max-width: 1024px) 100vw, 1024px\" \/><\/figure>\n","protected":false},"excerpt":{"rendered":"<p>O s\u00e1bado (19) foi de f\u00e9 e celebra\u00e7\u00e3o em Pa\u00e7o do Lumiar, onde o prefeito eleito Fred Campos e a<\/p>\n","protected":false},"author":2,"featured_media":38507,"comment_status":"open","ping_status":"open","sticky":false,"template":"","format":"standard","meta":{"colormag_page_container_layout":"default_layout","colormag_page_sidebar_layout":"default_layout","_jetpack_memberships_contains_paid_content":false,"footnotes":""},"categories":[2],"tags":[],"class_list":["post-38508","post","type-post","status-publish","format-standard","has-post-thumbnail","hentry","category-noticias"],"magazineBlocksPostFeaturedMedia":{"thumbnail":"https:\/\/maranhaotv.com.br\/wp-content\/uploads\/2024\/10\/IMG-20241020-WA0004-150x150.jpg","medium":"https:\/\/maranhaotv.com.br\/wp-content\/uploads\/2024\/10\/IMG-20241020-WA0004-300x200.jpg","medium_large":"https:\/\/maranhaotv.com.br\/wp-content\/uploads\/2024\/10\/IMG-20241020-WA0004-768x512.jpg","large":"https:\/\/maranhaotv.com.br\/wp-content\/uploads\/2024\/10\/IMG-20241020-WA0004-1024x683.jpg","1536x1536":"https:\/\/maranhaotv.com.br\/wp-content\/uploads\/2024\/10\/IMG-20241020-WA0004.jpg","2048x2048":"https:\/\/maranhaotv.com.br\/wp-content\/uploads\/2024\/10\/IMG-20241020-WA0004.jpg","colormag-highlighted-post":"https:\/\/maranhaotv.com.br\/wp-content\/uploads\/2024\/10\/IMG-20241020-WA0004-392x272.jpg","colormag-featured-post-medium":"https:\/\/maranhaotv.com.br\/wp-content\/uploads\/2024\/10\/IMG-20241020-WA0004-390x205.jpg","colormag-featured-post-small":"https:\/\/maranhaotv.com.br\/wp-content\/uploads\/2024\/10\/IMG-20241020-WA0004-130x90.jpg","colormag-featured-image":"https:\/\/maranhaotv.com.br\/wp-content\/uploads\/2024\/10\/IMG-20241020-WA0004-800x445.jpg","colormag-default-news":"https:\/\/maranhaotv.com.br\/wp-content\/uploads\/2024\/10\/IMG-20241020-WA0004-150x150.jpg","colormag-featured-image-large":"https:\/\/maranhaotv.com.br\/wp-content\/uploads\/2024\/10\/IMG-20241020-WA0004-1280x600.jpg"},"magazineBlocksPostAuthor":{"name":"maranhaotv","avatar":"https:\/\/secure.gravatar.com\/avatar\/8fadbca458d4cb68b1dd399ae9a40618d747bb1af65ac9fad21c89220a143eb4?s=96&d=mm&r=g"},"magazineBlocksPostCommentsNumber":"0","magazineBlocksPostExcerpt":"O s\u00e1bado (19) foi de f\u00e9 e celebra\u00e7\u00e3o em Pa\u00e7o do Lumiar, onde o prefeito eleito Fred Campos e a","magazineBlocksPostCategories":["not\u00edcias"],"magazineBlocksPostViewCount":382,"magazineBlocksPostReadTime":2,"magazine_blocks_featured_image_url":{"full":["https:\/\/maranhaotv.com.br\/wp-content\/uploads\/2024\/10\/IMG-20241020-WA0004.jpg",1280,854,false],"medium":["https:\/\/maranhaotv.com.br\/wp-content\/uploads\/2024\/10\/IMG-20241020-WA0004-300x200.jpg",300,200,true],"thumbnail":["https:\/\/maranhaotv.com.br\/wp-content\/uploads\/2024\/10\/IMG-20241020-WA0004-150x150.jpg",150,150,true]},"magazine_blocks_author":{"display_name":"maranhaotv","author_link":"https:\/\/maranhaotv.com.br\/index.php\/author\/maranhaotv\/"},"magazine_blocks_comment":0,"magazine_blocks_author_image":"https:\/\/secure.gravatar.com\/avatar\/8fadbca458d4cb68b1dd399ae9a40618d747bb1af65ac9fad21c89220a143eb4?s=96&d=mm&r=g","magazine_blocks_category":"<a href=\"#\" class=\"category-link category-link-2\">not\u00edcias<\/a>","yoast_head":"<!-- This site is optimized with the Yoast SEO plugin v27.4 - https:\/\/yoast.com\/product\/yoast-seo-wordpress\/ -->\n<title>Em Pa\u00e7o do Lumiar, Fred Campos e Mariana Brand\u00e3o celebram vit\u00f3ria com culto de gratid\u00e3o - NOT\u00cdCIAS EM TEMPO REAL<\/title>\n<meta name=\"robots\" content=\"index, follow, max-snippet:-1, max-image-preview:large, max-video-preview:-1\" \/>\n<link rel=\"canonical\" href=\"https:\/\/maranhaotv.com.br\/index.php\/2024\/10\/20\/em-paco-do-lumiar-fred-campos-e-mariana-brandao-celebram-vitoria-com-culto-de-gratidao\/\" \/>\n<meta property=\"og:locale\" content=\"pt_BR\" \/>\n<meta property=\"og:type\" content=\"article\" \/>\n<meta property=\"og:title\" content=\"Em Pa\u00e7o do Lumiar, Fred Campos e Mariana Brand\u00e3o celebram vit\u00f3ria com culto de gratid\u00e3o - NOT\u00cdCIAS EM TEMPO REAL\" \/>\n<meta property=\"og:description\" content=\"O s\u00e1bado (19) foi de f\u00e9 e celebra\u00e7\u00e3o em Pa\u00e7o do Lumiar, onde o prefeito eleito Fred Campos e a\" \/>\n<meta property=\"og:url\" content=\"https:\/\/maranhaotv.com.br\/index.php\/2024\/10\/20\/em-paco-do-lumiar-fred-campos-e-mariana-brandao-celebram-vitoria-com-culto-de-gratidao\/\" \/>\n<meta property=\"og:site_name\" content=\"NOT\u00cdCIAS EM TEMPO REAL\" \/>\n<meta property=\"article:publisher\" content=\"https:\/\/www.facebook.com\/maiobaotv\" \/>\n<meta property=\"article:published_time\" content=\"2024-10-20T07:51:17+00:00\" \/>\n<meta property=\"article:modified_time\" content=\"2024-10-20T07:52:00+00:00\" \/>\n<meta property=\"og:image\" content=\"https:\/\/maranhaotv.com.br\/wp-content\/uploads\/2024\/10\/IMG-20241020-WA0004.jpg\" \/>\n\t<meta property=\"og:image:width\" content=\"1280\" \/>\n\t<meta property=\"og:image:height\" content=\"854\" \/>\n\t<meta property=\"og:image:type\" content=\"image\/jpeg\" \/>\n<meta name=\"author\" content=\"maranhaotv\" \/>\n<meta name=\"twitter:card\" content=\"summary_large_image\" \/>\n<meta name=\"twitter:creator\" content=\"@sitemaranhaotv\" \/>\n<meta name=\"twitter:site\" content=\"@sitemaranhaotv\" \/>\n<meta name=\"twitter:label1\" content=\"Escrito por\" \/>\n\t<meta name=\"twitter:data1\" content=\"maranhaotv\" \/>\n\t<meta name=\"twitter:label2\" content=\"Est. tempo de leitura\" \/>\n\t<meta name=\"twitter:data2\" content=\"1 minuto\" \/>\n<script type=\"application\/ld+json\" class=\"yoast-schema-graph\">{\"@context\":\"https:\\\/\\\/schema.org\",\"@graph\":[{\"@type\":\"Article\",\"@id\":\"https:\\\/\\\/maranhaotv.com.br\\\/index.php\\\/2024\\\/10\\\/20\\\/em-paco-do-lumiar-fred-campos-e-mariana-brandao-celebram-vitoria-com-culto-de-gratidao\\\/#article\",\"isPartOf\":{\"@id\":\"https:\\\/\\\/maranhaotv.com.br\\\/index.php\\\/2024\\\/10\\\/20\\\/em-paco-do-lumiar-fred-campos-e-mariana-brandao-celebram-vitoria-com-culto-de-gratidao\\\/\"},\"author\":{\"name\":\"maranhaotv\",\"@id\":\"https:\\\/\\\/maranhaotv.com.br\\\/#\\\/schema\\\/person\\\/3d54238e86b20bb5c89ab2fdb8f8829a\"},\"headline\":\"Em Pa\u00e7o do Lumiar, Fred Campos e Mariana Brand\u00e3o celebram vit\u00f3ria com culto de gratid\u00e3o\",\"datePublished\":\"2024-10-20T07:51:17+00:00\",\"dateModified\":\"2024-10-20T07:52:00+00:00\",\"mainEntityOfPage\":{\"@id\":\"https:\\\/\\\/maranhaotv.com.br\\\/index.php\\\/2024\\\/10\\\/20\\\/em-paco-do-lumiar-fred-campos-e-mariana-brandao-celebram-vitoria-com-culto-de-gratidao\\\/\"},\"wordCount\":305,\"commentCount\":0,\"publisher\":{\"@id\":\"https:\\\/\\\/maranhaotv.com.br\\\/#organization\"},\"image\":{\"@id\":\"https:\\\/\\\/maranhaotv.com.br\\\/index.php\\\/2024\\\/10\\\/20\\\/em-paco-do-lumiar-fred-campos-e-mariana-brandao-celebram-vitoria-com-culto-de-gratidao\\\/#primaryimage\"},\"thumbnailUrl\":\"https:\\\/\\\/maranhaotv.com.br\\\/wp-content\\\/uploads\\\/2024\\\/10\\\/IMG-20241020-WA0004.jpg\",\"articleSection\":[\"not\u00edcias\"],\"inLanguage\":\"pt-BR\",\"potentialAction\":[{\"@type\":\"CommentAction\",\"name\":\"Comment\",\"target\":[\"https:\\\/\\\/maranhaotv.com.br\\\/index.php\\\/2024\\\/10\\\/20\\\/em-paco-do-lumiar-fred-campos-e-mariana-brandao-celebram-vitoria-com-culto-de-gratidao\\\/#respond\"]}]},{\"@type\":\"WebPage\",\"@id\":\"https:\\\/\\\/maranhaotv.com.br\\\/index.php\\\/2024\\\/10\\\/20\\\/em-paco-do-lumiar-fred-campos-e-mariana-brandao-celebram-vitoria-com-culto-de-gratidao\\\/\",\"url\":\"https:\\\/\\\/maranhaotv.com.br\\\/index.php\\\/2024\\\/10\\\/20\\\/em-paco-do-lumiar-fred-campos-e-mariana-brandao-celebram-vitoria-com-culto-de-gratidao\\\/\",\"name\":\"Em Pa\u00e7o do Lumiar, Fred Campos e Mariana Brand\u00e3o celebram vit\u00f3ria com culto de gratid\u00e3o - NOT\u00cdCIAS EM TEMPO REAL\",\"isPartOf\":{\"@id\":\"https:\\\/\\\/maranhaotv.com.br\\\/#website\"},\"primaryImageOfPage\":{\"@id\":\"https:\\\/\\\/maranhaotv.com.br\\\/index.php\\\/2024\\\/10\\\/20\\\/em-paco-do-lumiar-fred-campos-e-mariana-brandao-celebram-vitoria-com-culto-de-gratidao\\\/#primaryimage\"},\"image\":{\"@id\":\"https:\\\/\\\/maranhaotv.com.br\\\/index.php\\\/2024\\\/10\\\/20\\\/em-paco-do-lumiar-fred-campos-e-mariana-brandao-celebram-vitoria-com-culto-de-gratidao\\\/#primaryimage\"},\"thumbnailUrl\":\"https:\\\/\\\/maranhaotv.com.br\\\/wp-content\\\/uploads\\\/2024\\\/10\\\/IMG-20241020-WA0004.jpg\",\"datePublished\":\"2024-10-20T07:51:17+00:00\",\"dateModified\":\"2024-10-20T07:52:00+00:00\",\"breadcrumb\":{\"@id\":\"https:\\\/\\\/maranhaotv.com.br\\\/index.php\\\/2024\\\/10\\\/20\\\/em-paco-do-lumiar-fred-campos-e-mariana-brandao-celebram-vitoria-com-culto-de-gratidao\\\/#breadcrumb\"},\"inLanguage\":\"pt-BR\",\"potentialAction\":[{\"@type\":\"ReadAction\",\"target\":[\"https:\\\/\\\/maranhaotv.com.br\\\/index.php\\\/2024\\\/10\\\/20\\\/em-paco-do-lumiar-fred-campos-e-mariana-brandao-celebram-vitoria-com-culto-de-gratidao\\\/\"]}]},{\"@type\":\"ImageObject\",\"inLanguage\":\"pt-BR\",\"@id\":\"https:\\\/\\\/maranhaotv.com.br\\\/index.php\\\/2024\\\/10\\\/20\\\/em-paco-do-lumiar-fred-campos-e-mariana-brandao-celebram-vitoria-com-culto-de-gratidao\\\/#primaryimage\",\"url\":\"https:\\\/\\\/maranhaotv.com.br\\\/wp-content\\\/uploads\\\/2024\\\/10\\\/IMG-20241020-WA0004.jpg\",\"contentUrl\":\"https:\\\/\\\/maranhaotv.com.br\\\/wp-content\\\/uploads\\\/2024\\\/10\\\/IMG-20241020-WA0004.jpg\",\"width\":1280,\"height\":854},{\"@type\":\"BreadcrumbList\",\"@id\":\"https:\\\/\\\/maranhaotv.com.br\\\/index.php\\\/2024\\\/10\\\/20\\\/em-paco-do-lumiar-fred-campos-e-mariana-brandao-celebram-vitoria-com-culto-de-gratidao\\\/#breadcrumb\",\"itemListElement\":[{\"@type\":\"ListItem\",\"position\":1,\"name\":\"In\u00edcio\",\"item\":\"https:\\\/\\\/maranhaotv.com.br\\\/\"},{\"@type\":\"ListItem\",\"position\":2,\"name\":\"Em Pa\u00e7o do Lumiar, Fred Campos e Mariana Brand\u00e3o celebram vit\u00f3ria com culto de gratid\u00e3o\"}]},{\"@type\":\"WebSite\",\"@id\":\"https:\\\/\\\/maranhaotv.com.br\\\/#website\",\"url\":\"https:\\\/\\\/maranhaotv.com.br\\\/\",\"name\":\"Maranh\u00e3oTV\",\"description\":\"\",\"publisher\":{\"@id\":\"https:\\\/\\\/maranhaotv.com.br\\\/#organization\"},\"potentialAction\":[{\"@type\":\"SearchAction\",\"target\":{\"@type\":\"EntryPoint\",\"urlTemplate\":\"https:\\\/\\\/maranhaotv.com.br\\\/?s={search_term_string}\"},\"query-input\":{\"@type\":\"PropertyValueSpecification\",\"valueRequired\":true,\"valueName\":\"search_term_string\"}}],\"inLanguage\":\"pt-BR\"},{\"@type\":\"Organization\",\"@id\":\"https:\\\/\\\/maranhaotv.com.br\\\/#organization\",\"name\":\"Portal de Not\u00edcias\",\"url\":\"https:\\\/\\\/maranhaotv.com.br\\\/\",\"logo\":{\"@type\":\"ImageObject\",\"inLanguage\":\"pt-BR\",\"@id\":\"https:\\\/\\\/maranhaotv.com.br\\\/#\\\/schema\\\/logo\\\/image\\\/\",\"url\":\"https:\\\/\\\/maranhaotv.com.br\\\/wp-content\\\/uploads\\\/2024\\\/05\\\/cropped-cropped-avatar-1.png\",\"contentUrl\":\"https:\\\/\\\/maranhaotv.com.br\\\/wp-content\\\/uploads\\\/2024\\\/05\\\/cropped-cropped-avatar-1.png\",\"width\":792,\"height\":428,\"caption\":\"Portal de Not\u00edcias\"},\"image\":{\"@id\":\"https:\\\/\\\/maranhaotv.com.br\\\/#\\\/schema\\\/logo\\\/image\\\/\"},\"sameAs\":[\"https:\\\/\\\/www.facebook.com\\\/maiobaotv\",\"https:\\\/\\\/x.com\\\/sitemaranhaotv\",\"https:\\\/\\\/www.instagram.com\\\/maranhao.tv\",\"https:\\\/\\\/www.threads.net\\\/@maranhao.tv\"]},{\"@type\":\"Person\",\"@id\":\"https:\\\/\\\/maranhaotv.com.br\\\/#\\\/schema\\\/person\\\/3d54238e86b20bb5c89ab2fdb8f8829a\",\"name\":\"maranhaotv\",\"image\":{\"@type\":\"ImageObject\",\"inLanguage\":\"pt-BR\",\"@id\":\"https:\\\/\\\/secure.gravatar.com\\\/avatar\\\/8fadbca458d4cb68b1dd399ae9a40618d747bb1af65ac9fad21c89220a143eb4?s=96&d=mm&r=g\",\"url\":\"https:\\\/\\\/secure.gravatar.com\\\/avatar\\\/8fadbca458d4cb68b1dd399ae9a40618d747bb1af65ac9fad21c89220a143eb4?s=96&d=mm&r=g\",\"contentUrl\":\"https:\\\/\\\/secure.gravatar.com\\\/avatar\\\/8fadbca458d4cb68b1dd399ae9a40618d747bb1af65ac9fad21c89220a143eb4?s=96&d=mm&r=g\",\"caption\":\"maranhaotv\"},\"sameAs\":[\"https:\\\/\\\/maranhaotv.com.br\\\/\"],\"url\":\"https:\\\/\\\/maranhaotv.com.br\\\/index.php\\\/author\\\/maranhaotv\\\/\"}]}<\/script>\n<!-- \/ Yoast SEO plugin. -->","yoast_head_json":{"title":"Em Pa\u00e7o do Lumiar, Fred Campos e Mariana Brand\u00e3o celebram vit\u00f3ria com culto de gratid\u00e3o - NOT\u00cdCIAS EM TEMPO REAL","robots":{"index":"index","follow":"follow","max-snippet":"max-snippet:-1","max-image-preview":"max-image-preview:large","max-video-preview":"max-video-preview:-1"},"canonical":"https:\/\/maranhaotv.com.br\/index.php\/2024\/10\/20\/em-paco-do-lumiar-fred-campos-e-mariana-brandao-celebram-vitoria-com-culto-de-gratidao\/","og_locale":"pt_BR","og_type":"article","og_title":"Em Pa\u00e7o do Lumiar, Fred Campos e Mariana Brand\u00e3o celebram vit\u00f3ria com culto de gratid\u00e3o - NOT\u00cdCIAS EM TEMPO REAL","og_description":"O s\u00e1bado (19) foi de f\u00e9 e celebra\u00e7\u00e3o em Pa\u00e7o do Lumiar, onde o prefeito eleito Fred Campos e a","og_url":"https:\/\/maranhaotv.com.br\/index.php\/2024\/10\/20\/em-paco-do-lumiar-fred-campos-e-mariana-brandao-celebram-vitoria-com-culto-de-gratidao\/","og_site_name":"NOT\u00cdCIAS EM TEMPO REAL","article_publisher":"https:\/\/www.facebook.com\/maiobaotv","article_published_time":"2024-10-20T07:51:17+00:00","article_modified_time":"2024-10-20T07:52:00+00:00","og_image":[{"width":1280,"height":854,"url":"https:\/\/maranhaotv.com.br\/wp-content\/uploads\/2024\/10\/IMG-20241020-WA0004.jpg","type":"image\/jpeg"}],"author":"maranhaotv","twitter_card":"summary_large_image","twitter_creator":"@sitemaranhaotv","twitter_site":"@sitemaranhaotv","twitter_misc":{"Escrito por":"maranhaotv","Est. tempo de leitura":"1 minuto"},"schema":{"@context":"https:\/\/schema.org","@graph":[{"@type":"Article","@id":"https:\/\/maranhaotv.com.br\/index.php\/2024\/10\/20\/em-paco-do-lumiar-fred-campos-e-mariana-brandao-celebram-vitoria-com-culto-de-gratidao\/#article","isPartOf":{"@id":"https:\/\/maranhaotv.com.br\/index.php\/2024\/10\/20\/em-paco-do-lumiar-fred-campos-e-mariana-brandao-celebram-vitoria-com-culto-de-gratidao\/"},"author":{"name":"maranhaotv","@id":"https:\/\/maranhaotv.com.br\/#\/schema\/person\/3d54238e86b20bb5c89ab2fdb8f8829a"},"headline":"Em Pa\u00e7o do Lumiar, Fred Campos e Mariana Brand\u00e3o celebram vit\u00f3ria com culto de gratid\u00e3o","datePublished":"2024-10-20T07:51:17+00:00","dateModified":"2024-10-20T07:52:00+00:00","mainEntityOfPage":{"@id":"https:\/\/maranhaotv.com.br\/index.php\/2024\/10\/20\/em-paco-do-lumiar-fred-campos-e-mariana-brandao-celebram-vitoria-com-culto-de-gratidao\/"},"wordCount":305,"commentCount":0,"publisher":{"@id":"https:\/\/maranhaotv.com.br\/#organization"},"image":{"@id":"https:\/\/maranhaotv.com.br\/index.php\/2024\/10\/20\/em-paco-do-lumiar-fred-campos-e-mariana-brandao-celebram-vitoria-com-culto-de-gratidao\/#primaryimage"},"thumbnailUrl":"https:\/\/maranhaotv.com.br\/wp-content\/uploads\/2024\/10\/IMG-20241020-WA0004.jpg","articleSection":["not\u00edcias"],"inLanguage":"pt-BR","potentialAction":[{"@type":"CommentAction","name":"Comment","target":["https:\/\/maranhaotv.com.br\/index.php\/2024\/10\/20\/em-paco-do-lumiar-fred-campos-e-mariana-brandao-celebram-vitoria-com-culto-de-gratidao\/#respond"]}]},{"@type":"WebPage","@id":"https:\/\/maranhaotv.com.br\/index.php\/2024\/10\/20\/em-paco-do-lumiar-fred-campos-e-mariana-brandao-celebram-vitoria-com-culto-de-gratidao\/","url":"https:\/\/maranhaotv.com.br\/index.php\/2024\/10\/20\/em-paco-do-lumiar-fred-campos-e-mariana-brandao-celebram-vitoria-com-culto-de-gratidao\/","name":"Em Pa\u00e7o do Lumiar, Fred Campos e Mariana Brand\u00e3o celebram vit\u00f3ria com culto de gratid\u00e3o - NOT\u00cdCIAS EM TEMPO REAL","isPartOf":{"@id":"https:\/\/maranhaotv.com.br\/#website"},"primaryImageOfPage":{"@id":"https:\/\/maranhaotv.com.br\/index.php\/2024\/10\/20\/em-paco-do-lumiar-fred-campos-e-mariana-brandao-celebram-vitoria-com-culto-de-gratidao\/#primaryimage"},"image":{"@id":"https:\/\/maranhaotv.com.br\/index.php\/2024\/10\/20\/em-paco-do-lumiar-fred-campos-e-mariana-brandao-celebram-vitoria-com-culto-de-gratidao\/#primaryimage"},"thumbnailUrl":"https:\/\/maranhaotv.com.br\/wp-content\/uploads\/2024\/10\/IMG-20241020-WA0004.jpg","datePublished":"2024-10-20T07:51:17+00:00","dateModified":"2024-10-20T07:52:00+00:00","breadcrumb":{"@id":"https:\/\/maranhaotv.com.br\/index.php\/2024\/10\/20\/em-paco-do-lumiar-fred-campos-e-mariana-brandao-celebram-vitoria-com-culto-de-gratidao\/#breadcrumb"},"inLanguage":"pt-BR","potentialAction":[{"@type":"ReadAction","target":["https:\/\/maranhaotv.com.br\/index.php\/2024\/10\/20\/em-paco-do-lumiar-fred-campos-e-mariana-brandao-celebram-vitoria-com-culto-de-gratidao\/"]}]},{"@type":"ImageObject","inLanguage":"pt-BR","@id":"https:\/\/maranhaotv.com.br\/index.php\/2024\/10\/20\/em-paco-do-lumiar-fred-campos-e-mariana-brandao-celebram-vitoria-com-culto-de-gratidao\/#primaryimage","url":"https:\/\/maranhaotv.com.br\/wp-content\/uploads\/2024\/10\/IMG-20241020-WA0004.jpg","contentUrl":"https:\/\/maranhaotv.com.br\/wp-content\/uploads\/2024\/10\/IMG-20241020-WA0004.jpg","width":1280,"height":854},{"@type":"BreadcrumbList","@id":"https:\/\/maranhaotv.com.br\/index.php\/2024\/10\/20\/em-paco-do-lumiar-fred-campos-e-mariana-brandao-celebram-vitoria-com-culto-de-gratidao\/#breadcrumb","itemListElement":[{"@type":"ListItem","position":1,"name":"In\u00edcio","item":"https:\/\/maranhaotv.com.br\/"},{"@type":"ListItem","position":2,"name":"Em Pa\u00e7o do Lumiar, Fred Campos e Mariana Brand\u00e3o celebram vit\u00f3ria com culto de gratid\u00e3o"}]},{"@type":"WebSite","@id":"https:\/\/maranhaotv.com.br\/#website","url":"https:\/\/maranhaotv.com.br\/","name":"Maranh\u00e3oTV","description":"","publisher":{"@id":"https:\/\/maranhaotv.com.br\/#organization"},"potentialAction":[{"@type":"SearchAction","target":{"@type":"EntryPoint","urlTemplate":"https:\/\/maranhaotv.com.br\/?s={search_term_string}"},"query-input":{"@type":"PropertyValueSpecification","valueRequired":true,"valueName":"search_term_string"}}],"inLanguage":"pt-BR"},{"@type":"Organization","@id":"https:\/\/maranhaotv.com.br\/#organization","name":"Portal de Not\u00edcias","url":"https:\/\/maranhaotv.com.br\/","logo":{"@type":"ImageObject","inLanguage":"pt-BR","@id":"https:\/\/maranhaotv.com.br\/#\/schema\/logo\/image\/","url":"https:\/\/maranhaotv.com.br\/wp-content\/uploads\/2024\/05\/cropped-cropped-avatar-1.png","contentUrl":"https:\/\/maranhaotv.com.br\/wp-content\/uploads\/2024\/05\/cropped-cropped-avatar-1.png","width":792,"height":428,"caption":"Portal de Not\u00edcias"},"image":{"@id":"https:\/\/maranhaotv.com.br\/#\/schema\/logo\/image\/"},"sameAs":["https:\/\/www.facebook.com\/maiobaotv","https:\/\/x.com\/sitemaranhaotv","https:\/\/www.instagram.com\/maranhao.tv","https:\/\/www.threads.net\/@maranhao.tv"]},{"@type":"Person","@id":"https:\/\/maranhaotv.com.br\/#\/schema\/person\/3d54238e86b20bb5c89ab2fdb8f8829a","name":"maranhaotv","image":{"@type":"ImageObject","inLanguage":"pt-BR","@id":"https:\/\/secure.gravatar.com\/avatar\/8fadbca458d4cb68b1dd399ae9a40618d747bb1af65ac9fad21c89220a143eb4?s=96&d=mm&r=g","url":"https:\/\/secure.gravatar.com\/avatar\/8fadbca458d4cb68b1dd399ae9a40618d747bb1af65ac9fad21c89220a143eb4?s=96&d=mm&r=g","contentUrl":"https:\/\/secure.gravatar.com\/avatar\/8fadbca458d4cb68b1dd399ae9a40618d747bb1af65ac9fad21c89220a143eb4?s=96&d=mm&r=g","caption":"maranhaotv"},"sameAs":["https:\/\/maranhaotv.com.br\/"],"url":"https:\/\/maranhaotv.com.br\/index.php\/author\/maranhaotv\/"}]}},"jetpack_featured_media_url":"https:\/\/maranhaotv.com.br\/wp-content\/uploads\/2024\/10\/IMG-20241020-WA0004.jpg","jetpack_sharing_enabled":true,"_links":{"self":[{"href":"https:\/\/maranhaotv.com.br\/index.php\/wp-json\/wp\/v2\/posts\/38508","targetHints":{"allow":["GET"]}}],"collection":[{"href":"https:\/\/maranhaotv.com.br\/index.php\/wp-json\/wp\/v2\/posts"}],"about":[{"href":"https:\/\/maranhaotv.com.br\/index.php\/wp-json\/wp\/v2\/types\/post"}],"author":[{"embeddable":true,"href":"https:\/\/maranhaotv.com.br\/index.php\/wp-json\/wp\/v2\/users\/2"}],"replies":[{"embeddable":true,"href":"https:\/\/maranhaotv.com.br\/index.php\/wp-json\/wp\/v2\/comments?post=38508"}],"version-history":[{"count":2,"href":"https:\/\/maranhaotv.com.br\/index.php\/wp-json\/wp\/v2\/posts\/38508\/revisions"}],"predecessor-version":[{"id":38510,"href":"https:\/\/maranhaotv.com.br\/index.php\/wp-json\/wp\/v2\/posts\/38508\/revisions\/38510"}],"wp:featuredmedia":[{"embeddable":true,"href":"https:\/\/maranhaotv.com.br\/index.php\/wp-json\/wp\/v2\/media\/38507"}],"wp:attachment":[{"href":"https:\/\/maranhaotv.com.br\/index.php\/wp-json\/wp\/v2\/media?parent=38508"}],"wp:term":[{"taxonomy":"category","embeddable":true,"href":"https:\/\/maranhaotv.com.br\/index.php\/wp-json\/wp\/v2\/categories?post=38508"},{"taxonomy":"post_tag","embeddable":true,"href":"https:\/\/maranhaotv.com.br\/index.php\/wp-json\/wp\/v2\/tags?post=38508"}],"curies":[{"name":"wp","href":"https:\/\/api.w.org\/{rel}","templated":true}]}}