{"id":38573,"date":"2024-10-25T08:48:47","date_gmt":"2024-10-25T11:48:47","guid":{"rendered":"https:\/\/maranhaotv.com.br\/?p=38573"},"modified":"2024-10-25T08:49:09","modified_gmt":"2024-10-25T11:49:09","slug":"prefeita-eleita-de-igarape-do-meio-sofre-avc-e-esta-entubada","status":"publish","type":"post","link":"https:\/\/maranhaotv.com.br\/index.php\/2024\/10\/25\/prefeita-eleita-de-igarape-do-meio-sofre-avc-e-esta-entubada\/","title":{"rendered":"Prefeita eleita de Igarap\u00e9 do Meio sofre AVC e est\u00e1 entubada"},"content":{"rendered":"\n<p>A prefeita eleita de Igarap\u00e9 do Meio, Aldenira (PL), est\u00e1 internada em S\u00e3o Lu\u00eds, em estado grave, ap\u00f3s sofrer um AVC (Acidente Vascular Cerebral).<br><br>Aldenira tem 58 anos, j\u00e1 foi vereadora de Igarap\u00e9 do Meio, \u00e9 a atual vice-prefeita e foi eleita prefeita no \u00faltimo dia 06 de outubro, com 6.205 votos, o que correspondeu a 72,42% dos votos v\u00e1lidos. O vice-prefeito eleito em Igarap\u00e9 do Meio \u00e9 Leilson Lopes, do PSB, Veja abaixo a Nota publicada pelas redes sociais da prefeita eleita.<br><br>De acordo com o atual prefeito de Igarap\u00e9 do Meio, Almeida Sousa, Aldenira precisou ser entubada, j\u00e1 que o quadro, infelizmente, acabou se agravando. A prefeita eleita precisar\u00e1 ser submetida a uma cirurgia nesta sexta-feira (25).<br><br>\u00c9 aguardar, conferir e torcer por uma r\u00e1pida e completa recupera\u00e7\u00e3o da prefeita eleita de Igarap\u00e9 do Meio.<\/p>\n\n\n\n<figure class=\"wp-block-image size-large\"><img loading=\"lazy\" decoding=\"async\" width=\"415\" height=\"533\" src=\"https:\/\/maranhaotv.com.br\/wp-content\/uploads\/2024\/10\/igarape1555142677573569117.jpg\" alt=\"\" class=\"wp-image-38571\" srcset=\"https:\/\/maranhaotv.com.br\/wp-content\/uploads\/2024\/10\/igarape1555142677573569117.jpg 415w, https:\/\/maranhaotv.com.br\/wp-content\/uploads\/2024\/10\/igarape1555142677573569117-234x300.jpg 234w\" sizes=\"auto, (max-width: 415px) 100vw, 415px\" \/><\/figure>\n","protected":false},"excerpt":{"rendered":"<p>A prefeita eleita de Igarap\u00e9 do Meio, Aldenira (PL), est\u00e1 internada em S\u00e3o Lu\u00eds, em estado grave, ap\u00f3s sofrer um<\/p>\n","protected":false},"author":2,"featured_media":38572,"comment_status":"open","ping_status":"open","sticky":false,"template":"","format":"standard","meta":{"colormag_page_container_layout":"default_layout","colormag_page_sidebar_layout":"default_layout","_jetpack_memberships_contains_paid_content":false,"footnotes":""},"categories":[6],"tags":[],"class_list":["post-38573","post","type-post","status-publish","format-standard","has-post-thumbnail","hentry","category-politica"],"magazineBlocksPostFeaturedMedia":{"thumbnail":"https:\/\/maranhaotv.com.br\/wp-content\/uploads\/2024\/10\/igarape1-150x150.jpg","medium":"https:\/\/maranhaotv.com.br\/wp-content\/uploads\/2024\/10\/igarape1-300x218.jpg","medium_large":"https:\/\/maranhaotv.com.br\/wp-content\/uploads\/2024\/10\/igarape1.jpg","large":"https:\/\/maranhaotv.com.br\/wp-content\/uploads\/2024\/10\/igarape1.jpg","1536x1536":"https:\/\/maranhaotv.com.br\/wp-content\/uploads\/2024\/10\/igarape1.jpg","2048x2048":"https:\/\/maranhaotv.com.br\/wp-content\/uploads\/2024\/10\/igarape1.jpg","colormag-highlighted-post":"https:\/\/maranhaotv.com.br\/wp-content\/uploads\/2024\/10\/igarape1-392x272.jpg","colormag-featured-post-medium":"https:\/\/maranhaotv.com.br\/wp-content\/uploads\/2024\/10\/igarape1-390x205.jpg","colormag-featured-post-small":"https:\/\/maranhaotv.com.br\/wp-content\/uploads\/2024\/10\/igarape1-130x90.jpg","colormag-featured-image":"https:\/\/maranhaotv.com.br\/wp-content\/uploads\/2024\/10\/igarape1.jpg","colormag-default-news":"https:\/\/maranhaotv.com.br\/wp-content\/uploads\/2024\/10\/igarape1-150x150.jpg","colormag-featured-image-large":"https:\/\/maranhaotv.com.br\/wp-content\/uploads\/2024\/10\/igarape1.jpg"},"magazineBlocksPostAuthor":{"name":"maranhaotv","avatar":"https:\/\/secure.gravatar.com\/avatar\/8fadbca458d4cb68b1dd399ae9a40618d747bb1af65ac9fad21c89220a143eb4?s=96&d=mm&r=g"},"magazineBlocksPostCommentsNumber":"0","magazineBlocksPostExcerpt":"A prefeita eleita de Igarap\u00e9 do Meio, Aldenira (PL), est\u00e1 internada em S\u00e3o Lu\u00eds, em estado grave, ap\u00f3s sofrer um","magazineBlocksPostCategories":["pol\u00edtica"],"magazineBlocksPostViewCount":469,"magazineBlocksPostReadTime":1,"magazine_blocks_featured_image_url":{"full":["https:\/\/maranhaotv.com.br\/wp-content\/uploads\/2024\/10\/igarape1.jpg",518,377,false],"medium":["https:\/\/maranhaotv.com.br\/wp-content\/uploads\/2024\/10\/igarape1-300x218.jpg",300,218,true],"thumbnail":["https:\/\/maranhaotv.com.br\/wp-content\/uploads\/2024\/10\/igarape1-150x150.jpg",150,150,true]},"magazine_blocks_author":{"display_name":"maranhaotv","author_link":"https:\/\/maranhaotv.com.br\/index.php\/author\/maranhaotv\/"},"magazine_blocks_comment":0,"magazine_blocks_author_image":"https:\/\/secure.gravatar.com\/avatar\/8fadbca458d4cb68b1dd399ae9a40618d747bb1af65ac9fad21c89220a143eb4?s=96&d=mm&r=g","magazine_blocks_category":"<a href=\"#\" class=\"category-link category-link-6\">pol\u00edtica<\/a>","yoast_head":"<!-- This site is optimized with the Yoast SEO plugin v27.4 - https:\/\/yoast.com\/product\/yoast-seo-wordpress\/ -->\n<title>Prefeita eleita de Igarap\u00e9 do Meio sofre AVC e est\u00e1 entubada - NOT\u00cdCIAS EM TEMPO REAL<\/title>\n<meta name=\"robots\" content=\"index, follow, max-snippet:-1, max-image-preview:large, max-video-preview:-1\" \/>\n<link rel=\"canonical\" href=\"https:\/\/maranhaotv.com.br\/index.php\/2024\/10\/25\/prefeita-eleita-de-igarape-do-meio-sofre-avc-e-esta-entubada\/\" \/>\n<meta property=\"og:locale\" content=\"pt_BR\" \/>\n<meta property=\"og:type\" content=\"article\" \/>\n<meta property=\"og:title\" content=\"Prefeita eleita de Igarap\u00e9 do Meio sofre AVC e est\u00e1 entubada - NOT\u00cdCIAS EM TEMPO REAL\" \/>\n<meta property=\"og:description\" content=\"A prefeita eleita de Igarap\u00e9 do Meio, Aldenira (PL), est\u00e1 internada em S\u00e3o Lu\u00eds, em estado grave, ap\u00f3s sofrer um\" \/>\n<meta property=\"og:url\" content=\"https:\/\/maranhaotv.com.br\/index.php\/2024\/10\/25\/prefeita-eleita-de-igarape-do-meio-sofre-avc-e-esta-entubada\/\" \/>\n<meta property=\"og:site_name\" content=\"NOT\u00cdCIAS EM TEMPO REAL\" \/>\n<meta property=\"article:publisher\" content=\"https:\/\/www.facebook.com\/maiobaotv\" \/>\n<meta property=\"article:published_time\" content=\"2024-10-25T11:48:47+00:00\" \/>\n<meta property=\"article:modified_time\" content=\"2024-10-25T11:49:09+00:00\" \/>\n<meta property=\"og:image\" content=\"https:\/\/maranhaotv.com.br\/wp-content\/uploads\/2024\/10\/igarape1.jpg\" \/>\n\t<meta property=\"og:image:width\" content=\"518\" \/>\n\t<meta property=\"og:image:height\" content=\"377\" \/>\n\t<meta property=\"og:image:type\" content=\"image\/jpeg\" \/>\n<meta name=\"author\" content=\"maranhaotv\" \/>\n<meta name=\"twitter:card\" content=\"summary_large_image\" \/>\n<meta name=\"twitter:creator\" content=\"@sitemaranhaotv\" \/>\n<meta name=\"twitter:site\" content=\"@sitemaranhaotv\" \/>\n<meta name=\"twitter:label1\" content=\"Escrito por\" \/>\n\t<meta name=\"twitter:data1\" content=\"maranhaotv\" \/>\n\t<meta name=\"twitter:label2\" content=\"Est. tempo de leitura\" \/>\n\t<meta name=\"twitter:data2\" content=\"1 minuto\" \/>\n<script type=\"application\/ld+json\" class=\"yoast-schema-graph\">{\"@context\":\"https:\\\/\\\/schema.org\",\"@graph\":[{\"@type\":\"Article\",\"@id\":\"https:\\\/\\\/maranhaotv.com.br\\\/index.php\\\/2024\\\/10\\\/25\\\/prefeita-eleita-de-igarape-do-meio-sofre-avc-e-esta-entubada\\\/#article\",\"isPartOf\":{\"@id\":\"https:\\\/\\\/maranhaotv.com.br\\\/index.php\\\/2024\\\/10\\\/25\\\/prefeita-eleita-de-igarape-do-meio-sofre-avc-e-esta-entubada\\\/\"},\"author\":{\"name\":\"maranhaotv\",\"@id\":\"https:\\\/\\\/maranhaotv.com.br\\\/#\\\/schema\\\/person\\\/3d54238e86b20bb5c89ab2fdb8f8829a\"},\"headline\":\"Prefeita eleita de Igarap\u00e9 do Meio sofre AVC e est\u00e1 entubada\",\"datePublished\":\"2024-10-25T11:48:47+00:00\",\"dateModified\":\"2024-10-25T11:49:09+00:00\",\"mainEntityOfPage\":{\"@id\":\"https:\\\/\\\/maranhaotv.com.br\\\/index.php\\\/2024\\\/10\\\/25\\\/prefeita-eleita-de-igarape-do-meio-sofre-avc-e-esta-entubada\\\/\"},\"wordCount\":146,\"commentCount\":0,\"publisher\":{\"@id\":\"https:\\\/\\\/maranhaotv.com.br\\\/#organization\"},\"image\":{\"@id\":\"https:\\\/\\\/maranhaotv.com.br\\\/index.php\\\/2024\\\/10\\\/25\\\/prefeita-eleita-de-igarape-do-meio-sofre-avc-e-esta-entubada\\\/#primaryimage\"},\"thumbnailUrl\":\"https:\\\/\\\/maranhaotv.com.br\\\/wp-content\\\/uploads\\\/2024\\\/10\\\/igarape1.jpg\",\"articleSection\":[\"pol\u00edtica\"],\"inLanguage\":\"pt-BR\",\"potentialAction\":[{\"@type\":\"CommentAction\",\"name\":\"Comment\",\"target\":[\"https:\\\/\\\/maranhaotv.com.br\\\/index.php\\\/2024\\\/10\\\/25\\\/prefeita-eleita-de-igarape-do-meio-sofre-avc-e-esta-entubada\\\/#respond\"]}]},{\"@type\":\"WebPage\",\"@id\":\"https:\\\/\\\/maranhaotv.com.br\\\/index.php\\\/2024\\\/10\\\/25\\\/prefeita-eleita-de-igarape-do-meio-sofre-avc-e-esta-entubada\\\/\",\"url\":\"https:\\\/\\\/maranhaotv.com.br\\\/index.php\\\/2024\\\/10\\\/25\\\/prefeita-eleita-de-igarape-do-meio-sofre-avc-e-esta-entubada\\\/\",\"name\":\"Prefeita eleita de Igarap\u00e9 do Meio sofre AVC e est\u00e1 entubada - NOT\u00cdCIAS EM TEMPO REAL\",\"isPartOf\":{\"@id\":\"https:\\\/\\\/maranhaotv.com.br\\\/#website\"},\"primaryImageOfPage\":{\"@id\":\"https:\\\/\\\/maranhaotv.com.br\\\/index.php\\\/2024\\\/10\\\/25\\\/prefeita-eleita-de-igarape-do-meio-sofre-avc-e-esta-entubada\\\/#primaryimage\"},\"image\":{\"@id\":\"https:\\\/\\\/maranhaotv.com.br\\\/index.php\\\/2024\\\/10\\\/25\\\/prefeita-eleita-de-igarape-do-meio-sofre-avc-e-esta-entubada\\\/#primaryimage\"},\"thumbnailUrl\":\"https:\\\/\\\/maranhaotv.com.br\\\/wp-content\\\/uploads\\\/2024\\\/10\\\/igarape1.jpg\",\"datePublished\":\"2024-10-25T11:48:47+00:00\",\"dateModified\":\"2024-10-25T11:49:09+00:00\",\"breadcrumb\":{\"@id\":\"https:\\\/\\\/maranhaotv.com.br\\\/index.php\\\/2024\\\/10\\\/25\\\/prefeita-eleita-de-igarape-do-meio-sofre-avc-e-esta-entubada\\\/#breadcrumb\"},\"inLanguage\":\"pt-BR\",\"potentialAction\":[{\"@type\":\"ReadAction\",\"target\":[\"https:\\\/\\\/maranhaotv.com.br\\\/index.php\\\/2024\\\/10\\\/25\\\/prefeita-eleita-de-igarape-do-meio-sofre-avc-e-esta-entubada\\\/\"]}]},{\"@type\":\"ImageObject\",\"inLanguage\":\"pt-BR\",\"@id\":\"https:\\\/\\\/maranhaotv.com.br\\\/index.php\\\/2024\\\/10\\\/25\\\/prefeita-eleita-de-igarape-do-meio-sofre-avc-e-esta-entubada\\\/#primaryimage\",\"url\":\"https:\\\/\\\/maranhaotv.com.br\\\/wp-content\\\/uploads\\\/2024\\\/10\\\/igarape1.jpg\",\"contentUrl\":\"https:\\\/\\\/maranhaotv.com.br\\\/wp-content\\\/uploads\\\/2024\\\/10\\\/igarape1.jpg\",\"width\":518,\"height\":377},{\"@type\":\"BreadcrumbList\",\"@id\":\"https:\\\/\\\/maranhaotv.com.br\\\/index.php\\\/2024\\\/10\\\/25\\\/prefeita-eleita-de-igarape-do-meio-sofre-avc-e-esta-entubada\\\/#breadcrumb\",\"itemListElement\":[{\"@type\":\"ListItem\",\"position\":1,\"name\":\"In\u00edcio\",\"item\":\"https:\\\/\\\/maranhaotv.com.br\\\/\"},{\"@type\":\"ListItem\",\"position\":2,\"name\":\"Prefeita eleita de Igarap\u00e9 do Meio sofre AVC e est\u00e1 entubada\"}]},{\"@type\":\"WebSite\",\"@id\":\"https:\\\/\\\/maranhaotv.com.br\\\/#website\",\"url\":\"https:\\\/\\\/maranhaotv.com.br\\\/\",\"name\":\"Maranh\u00e3oTV\",\"description\":\"\",\"publisher\":{\"@id\":\"https:\\\/\\\/maranhaotv.com.br\\\/#organization\"},\"potentialAction\":[{\"@type\":\"SearchAction\",\"target\":{\"@type\":\"EntryPoint\",\"urlTemplate\":\"https:\\\/\\\/maranhaotv.com.br\\\/?s={search_term_string}\"},\"query-input\":{\"@type\":\"PropertyValueSpecification\",\"valueRequired\":true,\"valueName\":\"search_term_string\"}}],\"inLanguage\":\"pt-BR\"},{\"@type\":\"Organization\",\"@id\":\"https:\\\/\\\/maranhaotv.com.br\\\/#organization\",\"name\":\"Portal de Not\u00edcias\",\"url\":\"https:\\\/\\\/maranhaotv.com.br\\\/\",\"logo\":{\"@type\":\"ImageObject\",\"inLanguage\":\"pt-BR\",\"@id\":\"https:\\\/\\\/maranhaotv.com.br\\\/#\\\/schema\\\/logo\\\/image\\\/\",\"url\":\"https:\\\/\\\/maranhaotv.com.br\\\/wp-content\\\/uploads\\\/2024\\\/05\\\/cropped-cropped-avatar-1.png\",\"contentUrl\":\"https:\\\/\\\/maranhaotv.com.br\\\/wp-content\\\/uploads\\\/2024\\\/05\\\/cropped-cropped-avatar-1.png\",\"width\":792,\"height\":428,\"caption\":\"Portal de Not\u00edcias\"},\"image\":{\"@id\":\"https:\\\/\\\/maranhaotv.com.br\\\/#\\\/schema\\\/logo\\\/image\\\/\"},\"sameAs\":[\"https:\\\/\\\/www.facebook.com\\\/maiobaotv\",\"https:\\\/\\\/x.com\\\/sitemaranhaotv\",\"https:\\\/\\\/www.instagram.com\\\/maranhao.tv\",\"https:\\\/\\\/www.threads.net\\\/@maranhao.tv\"]},{\"@type\":\"Person\",\"@id\":\"https:\\\/\\\/maranhaotv.com.br\\\/#\\\/schema\\\/person\\\/3d54238e86b20bb5c89ab2fdb8f8829a\",\"name\":\"maranhaotv\",\"image\":{\"@type\":\"ImageObject\",\"inLanguage\":\"pt-BR\",\"@id\":\"https:\\\/\\\/secure.gravatar.com\\\/avatar\\\/8fadbca458d4cb68b1dd399ae9a40618d747bb1af65ac9fad21c89220a143eb4?s=96&d=mm&r=g\",\"url\":\"https:\\\/\\\/secure.gravatar.com\\\/avatar\\\/8fadbca458d4cb68b1dd399ae9a40618d747bb1af65ac9fad21c89220a143eb4?s=96&d=mm&r=g\",\"contentUrl\":\"https:\\\/\\\/secure.gravatar.com\\\/avatar\\\/8fadbca458d4cb68b1dd399ae9a40618d747bb1af65ac9fad21c89220a143eb4?s=96&d=mm&r=g\",\"caption\":\"maranhaotv\"},\"sameAs\":[\"https:\\\/\\\/maranhaotv.com.br\\\/\"],\"url\":\"https:\\\/\\\/maranhaotv.com.br\\\/index.php\\\/author\\\/maranhaotv\\\/\"}]}<\/script>\n<!-- \/ Yoast SEO plugin. -->","yoast_head_json":{"title":"Prefeita eleita de Igarap\u00e9 do Meio sofre AVC e est\u00e1 entubada - NOT\u00cdCIAS EM TEMPO REAL","robots":{"index":"index","follow":"follow","max-snippet":"max-snippet:-1","max-image-preview":"max-image-preview:large","max-video-preview":"max-video-preview:-1"},"canonical":"https:\/\/maranhaotv.com.br\/index.php\/2024\/10\/25\/prefeita-eleita-de-igarape-do-meio-sofre-avc-e-esta-entubada\/","og_locale":"pt_BR","og_type":"article","og_title":"Prefeita eleita de Igarap\u00e9 do Meio sofre AVC e est\u00e1 entubada - NOT\u00cdCIAS EM TEMPO REAL","og_description":"A prefeita eleita de Igarap\u00e9 do Meio, Aldenira (PL), est\u00e1 internada em S\u00e3o Lu\u00eds, em estado grave, ap\u00f3s sofrer um","og_url":"https:\/\/maranhaotv.com.br\/index.php\/2024\/10\/25\/prefeita-eleita-de-igarape-do-meio-sofre-avc-e-esta-entubada\/","og_site_name":"NOT\u00cdCIAS EM TEMPO REAL","article_publisher":"https:\/\/www.facebook.com\/maiobaotv","article_published_time":"2024-10-25T11:48:47+00:00","article_modified_time":"2024-10-25T11:49:09+00:00","og_image":[{"width":518,"height":377,"url":"https:\/\/maranhaotv.com.br\/wp-content\/uploads\/2024\/10\/igarape1.jpg","type":"image\/jpeg"}],"author":"maranhaotv","twitter_card":"summary_large_image","twitter_creator":"@sitemaranhaotv","twitter_site":"@sitemaranhaotv","twitter_misc":{"Escrito por":"maranhaotv","Est. tempo de leitura":"1 minuto"},"schema":{"@context":"https:\/\/schema.org","@graph":[{"@type":"Article","@id":"https:\/\/maranhaotv.com.br\/index.php\/2024\/10\/25\/prefeita-eleita-de-igarape-do-meio-sofre-avc-e-esta-entubada\/#article","isPartOf":{"@id":"https:\/\/maranhaotv.com.br\/index.php\/2024\/10\/25\/prefeita-eleita-de-igarape-do-meio-sofre-avc-e-esta-entubada\/"},"author":{"name":"maranhaotv","@id":"https:\/\/maranhaotv.com.br\/#\/schema\/person\/3d54238e86b20bb5c89ab2fdb8f8829a"},"headline":"Prefeita eleita de Igarap\u00e9 do Meio sofre AVC e est\u00e1 entubada","datePublished":"2024-10-25T11:48:47+00:00","dateModified":"2024-10-25T11:49:09+00:00","mainEntityOfPage":{"@id":"https:\/\/maranhaotv.com.br\/index.php\/2024\/10\/25\/prefeita-eleita-de-igarape-do-meio-sofre-avc-e-esta-entubada\/"},"wordCount":146,"commentCount":0,"publisher":{"@id":"https:\/\/maranhaotv.com.br\/#organization"},"image":{"@id":"https:\/\/maranhaotv.com.br\/index.php\/2024\/10\/25\/prefeita-eleita-de-igarape-do-meio-sofre-avc-e-esta-entubada\/#primaryimage"},"thumbnailUrl":"https:\/\/maranhaotv.com.br\/wp-content\/uploads\/2024\/10\/igarape1.jpg","articleSection":["pol\u00edtica"],"inLanguage":"pt-BR","potentialAction":[{"@type":"CommentAction","name":"Comment","target":["https:\/\/maranhaotv.com.br\/index.php\/2024\/10\/25\/prefeita-eleita-de-igarape-do-meio-sofre-avc-e-esta-entubada\/#respond"]}]},{"@type":"WebPage","@id":"https:\/\/maranhaotv.com.br\/index.php\/2024\/10\/25\/prefeita-eleita-de-igarape-do-meio-sofre-avc-e-esta-entubada\/","url":"https:\/\/maranhaotv.com.br\/index.php\/2024\/10\/25\/prefeita-eleita-de-igarape-do-meio-sofre-avc-e-esta-entubada\/","name":"Prefeita eleita de Igarap\u00e9 do Meio sofre AVC e est\u00e1 entubada - NOT\u00cdCIAS EM TEMPO REAL","isPartOf":{"@id":"https:\/\/maranhaotv.com.br\/#website"},"primaryImageOfPage":{"@id":"https:\/\/maranhaotv.com.br\/index.php\/2024\/10\/25\/prefeita-eleita-de-igarape-do-meio-sofre-avc-e-esta-entubada\/#primaryimage"},"image":{"@id":"https:\/\/maranhaotv.com.br\/index.php\/2024\/10\/25\/prefeita-eleita-de-igarape-do-meio-sofre-avc-e-esta-entubada\/#primaryimage"},"thumbnailUrl":"https:\/\/maranhaotv.com.br\/wp-content\/uploads\/2024\/10\/igarape1.jpg","datePublished":"2024-10-25T11:48:47+00:00","dateModified":"2024-10-25T11:49:09+00:00","breadcrumb":{"@id":"https:\/\/maranhaotv.com.br\/index.php\/2024\/10\/25\/prefeita-eleita-de-igarape-do-meio-sofre-avc-e-esta-entubada\/#breadcrumb"},"inLanguage":"pt-BR","potentialAction":[{"@type":"ReadAction","target":["https:\/\/maranhaotv.com.br\/index.php\/2024\/10\/25\/prefeita-eleita-de-igarape-do-meio-sofre-avc-e-esta-entubada\/"]}]},{"@type":"ImageObject","inLanguage":"pt-BR","@id":"https:\/\/maranhaotv.com.br\/index.php\/2024\/10\/25\/prefeita-eleita-de-igarape-do-meio-sofre-avc-e-esta-entubada\/#primaryimage","url":"https:\/\/maranhaotv.com.br\/wp-content\/uploads\/2024\/10\/igarape1.jpg","contentUrl":"https:\/\/maranhaotv.com.br\/wp-content\/uploads\/2024\/10\/igarape1.jpg","width":518,"height":377},{"@type":"BreadcrumbList","@id":"https:\/\/maranhaotv.com.br\/index.php\/2024\/10\/25\/prefeita-eleita-de-igarape-do-meio-sofre-avc-e-esta-entubada\/#breadcrumb","itemListElement":[{"@type":"ListItem","position":1,"name":"In\u00edcio","item":"https:\/\/maranhaotv.com.br\/"},{"@type":"ListItem","position":2,"name":"Prefeita eleita de Igarap\u00e9 do Meio sofre AVC e est\u00e1 entubada"}]},{"@type":"WebSite","@id":"https:\/\/maranhaotv.com.br\/#website","url":"https:\/\/maranhaotv.com.br\/","name":"Maranh\u00e3oTV","description":"","publisher":{"@id":"https:\/\/maranhaotv.com.br\/#organization"},"potentialAction":[{"@type":"SearchAction","target":{"@type":"EntryPoint","urlTemplate":"https:\/\/maranhaotv.com.br\/?s={search_term_string}"},"query-input":{"@type":"PropertyValueSpecification","valueRequired":true,"valueName":"search_term_string"}}],"inLanguage":"pt-BR"},{"@type":"Organization","@id":"https:\/\/maranhaotv.com.br\/#organization","name":"Portal de Not\u00edcias","url":"https:\/\/maranhaotv.com.br\/","logo":{"@type":"ImageObject","inLanguage":"pt-BR","@id":"https:\/\/maranhaotv.com.br\/#\/schema\/logo\/image\/","url":"https:\/\/maranhaotv.com.br\/wp-content\/uploads\/2024\/05\/cropped-cropped-avatar-1.png","contentUrl":"https:\/\/maranhaotv.com.br\/wp-content\/uploads\/2024\/05\/cropped-cropped-avatar-1.png","width":792,"height":428,"caption":"Portal de Not\u00edcias"},"image":{"@id":"https:\/\/maranhaotv.com.br\/#\/schema\/logo\/image\/"},"sameAs":["https:\/\/www.facebook.com\/maiobaotv","https:\/\/x.com\/sitemaranhaotv","https:\/\/www.instagram.com\/maranhao.tv","https:\/\/www.threads.net\/@maranhao.tv"]},{"@type":"Person","@id":"https:\/\/maranhaotv.com.br\/#\/schema\/person\/3d54238e86b20bb5c89ab2fdb8f8829a","name":"maranhaotv","image":{"@type":"ImageObject","inLanguage":"pt-BR","@id":"https:\/\/secure.gravatar.com\/avatar\/8fadbca458d4cb68b1dd399ae9a40618d747bb1af65ac9fad21c89220a143eb4?s=96&d=mm&r=g","url":"https:\/\/secure.gravatar.com\/avatar\/8fadbca458d4cb68b1dd399ae9a40618d747bb1af65ac9fad21c89220a143eb4?s=96&d=mm&r=g","contentUrl":"https:\/\/secure.gravatar.com\/avatar\/8fadbca458d4cb68b1dd399ae9a40618d747bb1af65ac9fad21c89220a143eb4?s=96&d=mm&r=g","caption":"maranhaotv"},"sameAs":["https:\/\/maranhaotv.com.br\/"],"url":"https:\/\/maranhaotv.com.br\/index.php\/author\/maranhaotv\/"}]}},"jetpack_featured_media_url":"https:\/\/maranhaotv.com.br\/wp-content\/uploads\/2024\/10\/igarape1.jpg","jetpack_sharing_enabled":true,"_links":{"self":[{"href":"https:\/\/maranhaotv.com.br\/index.php\/wp-json\/wp\/v2\/posts\/38573","targetHints":{"allow":["GET"]}}],"collection":[{"href":"https:\/\/maranhaotv.com.br\/index.php\/wp-json\/wp\/v2\/posts"}],"about":[{"href":"https:\/\/maranhaotv.com.br\/index.php\/wp-json\/wp\/v2\/types\/post"}],"author":[{"embeddable":true,"href":"https:\/\/maranhaotv.com.br\/index.php\/wp-json\/wp\/v2\/users\/2"}],"replies":[{"embeddable":true,"href":"https:\/\/maranhaotv.com.br\/index.php\/wp-json\/wp\/v2\/comments?post=38573"}],"version-history":[{"count":1,"href":"https:\/\/maranhaotv.com.br\/index.php\/wp-json\/wp\/v2\/posts\/38573\/revisions"}],"predecessor-version":[{"id":38574,"href":"https:\/\/maranhaotv.com.br\/index.php\/wp-json\/wp\/v2\/posts\/38573\/revisions\/38574"}],"wp:featuredmedia":[{"embeddable":true,"href":"https:\/\/maranhaotv.com.br\/index.php\/wp-json\/wp\/v2\/media\/38572"}],"wp:attachment":[{"href":"https:\/\/maranhaotv.com.br\/index.php\/wp-json\/wp\/v2\/media?parent=38573"}],"wp:term":[{"taxonomy":"category","embeddable":true,"href":"https:\/\/maranhaotv.com.br\/index.php\/wp-json\/wp\/v2\/categories?post=38573"},{"taxonomy":"post_tag","embeddable":true,"href":"https:\/\/maranhaotv.com.br\/index.php\/wp-json\/wp\/v2\/tags?post=38573"}],"curies":[{"name":"wp","href":"https:\/\/api.w.org\/{rel}","templated":true}]}}