{"id":38583,"date":"2024-10-25T11:42:56","date_gmt":"2024-10-25T14:42:56","guid":{"rendered":"https:\/\/maranhaotv.com.br\/?p=38583"},"modified":"2024-10-25T11:43:42","modified_gmt":"2024-10-25T14:43:42","slug":"eleicoes-2026-pt-confirma-camarao-mas-quer-brandao-comandando-o-processo","status":"publish","type":"post","link":"https:\/\/maranhaotv.com.br\/index.php\/2024\/10\/25\/eleicoes-2026-pt-confirma-camarao-mas-quer-brandao-comandando-o-processo\/","title":{"rendered":"Elei\u00e7\u00f5es 2026:&nbsp; PT confirma Camar\u00e3o, mas quer Brand\u00e3o comandando o processo"},"content":{"rendered":"\n<p><br>O Diret\u00f3rio Estadual do PT no Maranh\u00e3o aprovou resolu\u00e7\u00e3o definindo diretrizes para os pr\u00f3ximos, inclusive para 2026 onde reafirma o compromisso com a candidatura do atual vice-governador Felipe Camar\u00e3o (PT) para o governo do estado em 2026, mas sob a lideran\u00e7a do governador Carlos Brand\u00e3o (PSB). O documento disponibilizado para a imprensa\u00a0 faz balan\u00e7o positivo do desempenho do partido nas elei\u00e7\u00f5es municipais de 2024.<br>A resolu\u00e7\u00e3o da dire\u00e7\u00e3o estadual do PT reafirma o compromisso com o governo Brand\u00e3o com o objetivo de garantir uma gest\u00e3o s\u00f3lida e eficiente, assim como o governo do presidente Lula.<br>A resolu\u00e7\u00e3o enfatiza que a prioridade do partido \u00e9 fortalecer o governo Brand\u00e3o, adiando qualquer debate eleitoral sobre 2025. Segundo o texto, o apoio ao atual governador tem como objetivo garantir uma gest\u00e3o s\u00f3lida e eficiente, enquanto o partido mant\u00e9m seu compromisso com o governo federal de Luiz In\u00e1cio Lula da Silva. Para evitar precipita\u00e7\u00f5es o PT decidiu suspender a reuni\u00e3o de t\u00e1tica eleitoral prevista para 2025 e deixar essa discuss\u00e3o para o per\u00edodo pr\u00e9-eleitoral.<br>\u201cOlhando para o futuro, em 2026, ser\u00e1 a vez dos partidos apoiados pelo PT devolverem o apoio \u00e0 nossa sigla, considerando a import\u00e2ncia da altern\u00e2ncia de poder e a constru\u00e7\u00e3o de um projeto pol\u00edtico duradouro e inclusivo no Estado. Por isso mesmo, o Partido \u00e9 un\u00e2nime na defesa do projeto Felipe Camar\u00e3o Governador. Contudo, o PT\/MA se mant\u00e9m cauteloso e n\u00e3o antecipar\u00e1 o debate sobre t\u00e1ticas eleitorais, deixando essa discuss\u00e3o para 2026\u201d. Veja a baixo \u00edntegra da resolu\u00e7\u00e3o.<br>O PROCESSO ELEITORAL DE 2024 E AS PERSPECTIVAS PARA O PT NO ESTADO DO MARANH\u00c3O<br>1. Balan\u00e7o das elei\u00e7\u00f5es municipais de 2024<br>O balan\u00e7o das elei\u00e7\u00f5es municipais de 2024 deve levar em conta diversos elementos de an\u00e1lise. O primeiro \u00e9 o momento hist\u00f3rico que antecede as elei\u00e7\u00f5es, que compreende desde a farsa da Lava Jato; passando pelo golpe de 2016; a pris\u00e3o do Lula, em 2018; a pandemia, em 2020; e a vit\u00f3ria do nosso presidente, em 2022. At\u00e9 2020 foi um per\u00edodo que abriu caminhos para o bolsonarismo e a presen\u00e7a da extrema direita no Brasil. A elei\u00e7\u00e3o e o governo do Presidente Lula indicam, previamente, que n\u00e3o bastam as a\u00e7\u00f5es do nosso governo, embora fundamentais para a reconstru\u00e7\u00e3o do pa\u00eds.<br>Apesar de algumas avalia\u00e7\u00f5es das elei\u00e7\u00f5es em que muitos atribuem a derrota do Partido dos Trabalhadores \u2013 PT-,\u00a0 devemos considerar a estrat\u00e9gia eleitoral do PT: eleger vereadores e vereadoras e centrar nas alian\u00e7as contra o bolsonarismo. Uma avalia\u00e7\u00e3o mais aprofundada levar\u00e1 em considera\u00e7\u00e3o que estamos em um ciclo pol\u00edtico cujo \u201cfen\u00f4meno\u201d da presen\u00e7a da extrema direita organizada no Brasil n\u00e3o desapareceu com a elei\u00e7\u00e3o do Lula, em 2022, pelo contr\u00e1rio, ela tem, inclusive, disputado n\u00e3o somente as pautas no Congresso Nacional, como tamb\u00e9m as ruas.<br>Estas elei\u00e7\u00f5es de 2024 representam o retorno do PT \u00e0s ruas nos munic\u00edpios e, ao mesmo tempo, o resultado eleitoral apresenta um cen\u00e1rio de crescimento das legendas de centro-direita, do chamado centr\u00e3o, que tem maioria no Congresso Nacional e possui acesso a grandes volumes das emendas parlamentares. Isso pode explicar a taxa de reelei\u00e7\u00e3o ser pr\u00f3xima a 80% nas cidades governadas pelos partidos de centro-direita, evidenciando a perman\u00eancia de um sistema pol\u00edtico, em que tudo indica, tem monetarizado ainda mais as elei\u00e7\u00f5es.<br>Vejamos a contradi\u00e7\u00e3o: mesmo o PT estando no governo central, s\u00e3o os partidos de centro-direita que conseguem maiores resultados eleitorais. Essa equa\u00e7\u00e3o pode ser analisada sobre dois aspectos: a forte influ\u00eancia do Lula e, por outro lado, a predomin\u00e2ncia do dom\u00ednio do poder econ\u00f4mico e de grupos regionais nestas elei\u00e7\u00f5es. Mas apesar desse desequil\u00edbrio pol\u00edtico, n\u00e3o se trata de apontar \u201cculpados\u201d, o PT conseguiu avan\u00e7os: o n\u00famero de prefeitos eleitos aumentou de 183 para 248 e disputaremos o segundo turno em 13 cidades, incluindo 04 capitais. O n\u00famero de votos no PT saltou<br>de 6,9 milh\u00f5es para 8,8 milh\u00f5es, mesmo em munic\u00edpios em que o 13 n\u00e3o encabe\u00e7ou a chapa e apoiou candidatos aliados. A representa\u00e7\u00e3o do PT nas c\u00e2maras municipais foi de 2.665 para 3.118 vereadores(as). O Partido tamb\u00e9m obteve vit\u00f3rias importantes em grandes cidades e em grandes col\u00e9gios eleitorais, assim como ampliamos as coliga\u00e7\u00f5es em diversas regi\u00f5es, culminando na derrota da extrema direita em redutos importantes do bolsonarismo.<br>No Maranh\u00e3o, mesmo considerando o distanciamento eleitoral entre o petismo e o Lulismo, a ideia de que o PT foi derrotado nas elei\u00e7\u00f5es de 2024 n\u00e3o reflete os dados concretos. Necess\u00e1rio considerar que as candidaturas do PT\/MA foram sufocadas pelos partidos aliados do governo Lula e do governo estadual. Em consequ\u00eancia disso, das 22 candidaturas para prefeitos e prefeitas, o PT foi vitorioso em Cod\u00f3 e Brejo, passando de 01 para 02 prefeituras. O n\u00famero de vice-prefeitos(as) eleitos se manteve; e o de vereadores, est\u00e1vamos em 52 e aumentamos para 63. Destaca-se, entre os vereadores, a elei\u00e7\u00e3o do Coletivo N\u00f3s, em S\u00e3o Lu\u00eds, com a maior vota\u00e7\u00e3o da Federa\u00e7\u00e3o e a 6\u00b0 maior vota\u00e7\u00e3o da capital, numa crescente de 2 mil para quase 10 mil votos, numa atua\u00e7\u00e3o de forte presen\u00e7a e atua\u00e7\u00e3o forte nas periferias e zona rural, representando um sopro de renova\u00e7\u00e3o democr\u00e1tica.<br>Importante ressaltar a presen\u00e7a constante das lideran\u00e7as estaduais nas campanhas, mesmo em cen\u00e1rios onde vimos claramente a apropria\u00e7\u00e3o das a\u00e7\u00f5es do governo federal por parte dos advers\u00e1rios locais, dadas as alian\u00e7as nacionais. As dificuldades com a Federa\u00e7\u00e3o tamb\u00e9m enfraqueceram nossa t\u00e1tica em diversos munic\u00edpios, realidade que precisa ser discutida com responsabilidade. A aus\u00eancia de Lula nas grandes agendas de massa e na vincula\u00e7\u00e3o palp\u00e1vel de sua imagem \u00e0 nossas candidaturas tamb\u00e9m \u00e9 um ponto a se considerar no cen\u00e1rio desafiador p\u00f3s-elei\u00e7\u00e3o.<br>Embora o partido ainda esteja distante de ocupar o mesmo espa\u00e7o que o \u201clulismo\u201d ocupa no Maranh\u00e3o, \u00e9 necess\u00e1rio considerar que Lula tem um aspecto pol\u00edtico \u00e0 parte. O PT, por sua vez, dever\u00e1 apostar em uma trajet\u00f3ria de crescimento. O pr\u00f3ximo passo para consolidar essa posi\u00e7\u00e3o passa pelo avan\u00e7o na forma\u00e7\u00e3o pol\u00edtica, no planejamento estrat\u00e9gico, envolvendo os diret\u00f3rios municipais e o diret\u00f3rio estadual, assim como fazer frentes para aberturas de sedes do PT nas cidades, como forma de escola pol\u00edtica para fortalecer a concep\u00e7\u00e3o petista de sociedade.<br>Importante frisar que estados como o Par\u00e1 elegeu tamb\u00e9m 02 prefeituras e Pernambuco, com dois senadores e sendo o estado de origem de Lula, elegeu 07. Ou seja, as elei\u00e7\u00f5es municipais tem outra l\u00f3gica da elei\u00e7\u00e3o nacional, imperando uma tend\u00eancia mais personalista e menos ideol\u00f3gica e partid\u00e1ria. Embora elei\u00e7\u00e3o municipal n\u00e3o se confunda com elei\u00e7\u00e3o nacional, o cen\u00e1rio n\u00e3o recaia sobre a reelei\u00e7\u00e3o do presidente Lula, pode recair significativamente sobre a elei\u00e7\u00e3o de parlamentares, fundamentais para a sustenta\u00e7\u00e3o do nosso Projeto nacional. Com uma taxa de 78% de reelei\u00e7\u00e3o nos<br>munic\u00edpios, mesmo com altos \u00edndices de rejei\u00e7\u00e3o de prefeitos ou sucessores da situa\u00e7\u00e3o, as elei\u00e7\u00f5es municipais mostraram o poder das m\u00e1quinas.<br>2. O PT precisa ser grande como \u00e9 o lulismo no Estado do Maranh\u00e3o<br>Para que o PT cres\u00e7a no Maranh\u00e3o, precisamos superar uma s\u00e9rie de entraves importantes. Primeiro, a renova\u00e7\u00e3o e fortalecimento de lideran\u00e7as pol\u00edticas, especialmente em cidades estrat\u00e9gicas, como S\u00e3o Lu\u00eds, onde historicamente o PT teve dificuldade em lan\u00e7ar candidaturas pr\u00f3prias. \u00c9 necess\u00e1rio tamb\u00e9m renovar e fortalecer as dire\u00e7\u00f5es e a base eleitoral do PT nos munic\u00edpios, ampliando a sua presen\u00e7a em cidades pequenas e m\u00e9dias.<br>Para que o PT alcance um crescimento semelhante ao do presidente Lula no Maranh\u00e3o, o partido precisa investir na sua milit\u00e2ncia, por meio da forma\u00e7\u00e3o de lideran\u00e7as locais e da rela\u00e7\u00e3o com os movimentos sociais e sindicais, criando uma base s\u00f3lida de apoio, al\u00e9m de desenvolver canais de comunica\u00e7\u00e3o eficientes para engajar a juventude e novas lideran\u00e7as que se identificam com o PT, mas est\u00e3o fora na vida interna partid\u00e1ria.<br>O PT precisa demonstrar sua capacidade de governar com efici\u00eancia e participa\u00e7\u00e3o popular, como ser\u00e1 o caso na cidade de Cod\u00f3, com mais de cem mil habitantes, e Brejo, al\u00e9m de continuar a defender pautas que dialoguem diretamente com os interesses da popula\u00e7\u00e3o, como a educa\u00e7\u00e3o, a sa\u00fade, o saneamento b\u00e1sico, o meio ambiente e o desenvolvimento econ\u00f4mico local.<br>Necess\u00e1rio tamb\u00e9m agirmos de forma mais estrat\u00e9gica no uso de ferramentas como o Fundo Especial de Financiamento de Campanhas \u2013 FEFC, que dever\u00e1 ser distribu\u00eddo a partir de crit\u00e9rios partid\u00e1rios, de t\u00e1tica bem definida, superando a l\u00f3gica de For\u00e7as internas e baseados em viabilidade eleitoral e disputa de sociedade, sem a mera demarca\u00e7\u00e3o de posi\u00e7\u00e3o. Estrat\u00e9gia que precisa rediscutida a partir da distribui\u00e7\u00e3o do PT nacional aos estados, sem prioriza\u00e7\u00e3o do sudeste como j\u00e1 \u00e9 cultural, sendo que \u00e9 no Nordeste onde o Partido tem mais penetra\u00e7\u00e3o, apoio e votos. Legendas do centr\u00e3o no<br>estado receberam at\u00e9 60% a mais de volume de recursos do FEFC que recebeu o PT, potencializando as disparidades locais.<br>3. Papel das redes sociais nas elei\u00e7\u00f5es<br>N\u00e3o h\u00e1 como negar que as redes sociais transformaram a maneira como nos relacionamos enquanto sociedade. Noutro tempo, as informa\u00e7\u00f5es eram transmitidas de forma mais restrita, por meio de jornais, livros e televis\u00e3o. Atualmente, somos bombardeados por uma avalanche de dados, verdadeiros ou n\u00e3o, atrav\u00e9s das redes sociais. As informa\u00e7\u00f5es que recebemos s\u00e3o veiculadas de maneira r\u00e1pida e din\u00e2mica. Sem t\u00e9cnicas adequadas para prender a aten\u00e7\u00e3o do p\u00fablico, esse conte\u00fado \u00e9 rapidamente ignorado e deixado de lado. Tornou-se cada vez mais comum observar os altos investimentos dos candidatos em marketing, tr\u00e1fego pago e equipes de comunica\u00e7\u00e3o focadas nas redes sociais.<br>Entretanto, o uso eficaz das redes sociais ainda \u00e9 dominado pela direita, representando um desafio significativo para a esquerda. Al\u00e9m da necessidade de investir em publicidade paga nas redes sociais, \u00e9 fundamental repensar nossas estrat\u00e9gias de comunica\u00e7\u00e3o. A direita est\u00e1 trazendo para o debate pol\u00edtico sujeitos que estavam desinteressados por pol\u00edtica e tamb\u00e9m muitos jovens, n\u00e3o s\u00f3 os filhos de pol\u00edticos tradicionais, mas tamb\u00e9m caras novas, que se apresentam como \u201canti-sistema\u201d, usando uma comunica\u00e7\u00e3o profissionalizada e sistem\u00e1tica que tem um grande poder veto sobre a<br>esquerda.<br>Devemos transformar dados e projetos realizados, especialmente em n\u00edvel federal, em conte\u00fados acess\u00edveis e atraentes para o ambiente digital. Isso implica desenvolver t\u00e9cnicas, narrativas e m\u00e9todos que nos reaproximem das novas bases que utilizam as redes sociais como principal fonte de informa\u00e7\u00e3o. Devemos usar dos s\u00edmbolos das massas para reconquistar identidade e pertencimento, bem como usar as redes sociais como ferramenta de forma\u00e7\u00e3o pol\u00edtica, com linguagem adequada e atrativa.<br>4. Os desafios para o PT e o governo Brand\u00e3o no Maranh\u00e3o<br>O Maranh\u00e3o apresenta um dos quadros socioecon\u00f4micos mais desafiadores do Brasil. Apesar dos avan\u00e7os nas \u00faltimas d\u00e9cadas, o estado ainda ocupa as \u00faltimas posi\u00e7\u00f5es em indicadores de desenvolvimento. O estado tem um hist\u00f3rico de pobreza e concentra\u00e7\u00e3o de renda estruturais. O governo Lula tem sido um parceiro do Maranh\u00e3o. S\u00f3 pelo novo Programa de Acelera\u00e7\u00e3o do Crescimento \u2013 PAC, o Governo Federal prev\u00ea o investimento de R$ 93,9 bilh\u00f5es em obras para<br>melhorar a vida da popula\u00e7\u00e3o maranhense.<br>O PT desempenha um papel fundamental no apoio ao governo Brand\u00e3o. Primeiramente, como parte da coaliz\u00e3o que ajudou a eleg\u00ea-lo e tamb\u00e9m pelo fato de trazer uma base militante ativa e articulada com movimentos sociais, crucial para a implementa\u00e7\u00e3o de pol\u00edticas p\u00fablicas. A presen\u00e7a do partido nos espa\u00e7os do governo, como o IEMA, as Secretarias do Trabalho e Economia Solid\u00e1ria e a de Direitos Humanos e Participa\u00e7\u00e3o Popular, facilitam o di\u00e1logo com a sociedade civil e fazem a ponte entre as demandas das camadas mais vulner\u00e1veis e as pol\u00edticas governamentais.<br>O PT tem sido um aliado fundamental na constru\u00e7\u00e3o e defesa do legado democr\u00e1tico e popular no Maranh\u00e3o, especialmente durante o governo de Fl\u00e1vio Dino e na parceria mantida no governo Brand\u00e3o. A capacidade de dialogar e colaborar com diferentes partidos mostra a import\u00e2ncia estrat\u00e9gica do PT no cen\u00e1rio pol\u00edtico maranhense, refor\u00e7ando seu compromisso com a participa\u00e7\u00e3o popular e a governabilidade.<br>O PT tem sido um aliado fundamental na constru\u00e7\u00e3o e defesa do legado democr\u00e1tico e popular no Maranh\u00e3o, especialmente durante o governo de Fl\u00e1vio Dino e na parceria mantida no governo Brand\u00e3o. A capacidade de dialogar e colaborar com diferentes partidos mostra a import\u00e2ncia estrat\u00e9gica do PT no cen\u00e1rio pol\u00edtico maranhense, refor\u00e7ando seu compromisso com a participa\u00e7\u00e3o popular e a governabilidade.<br>Olhando para o futuro, em 2026, ser\u00e1 a vez dos partidos apoiados pelo PT devolverem o apoio a nossa sigla, considerando a import\u00e2ncia da altern\u00e2ncia de poder e a constru\u00e7\u00e3o de um projeto pol\u00edtico duradouro e inclusivo no Estado. Por isso mesmo, o Partido \u00e9 un\u00e2nime na defesa do projeto Felipe Camar\u00e3o Governador. Contudo, o PT\/MA se mant\u00e9m cauteloso e n\u00e3o antecipar\u00e1 o debate sobre t\u00e1ticas eleitorais, deixando essa discuss\u00e3o para 2026. O compromisso do PT neste momento, \u00e9 apoiar o governo Lula e consolidar o governo Brand\u00e3o e o legado de Fl\u00e1vio Dino. Dessa forma,o PT demonstra maturidade pol\u00edtica e compromisso em contribuir com o desenvolvimento socioecon\u00f4mico do Maranh\u00e3o.<br>A reelei\u00e7\u00e3o do presidente Lula, em 2026, \u00e9 a prioridade do PT maranhense e uma oportunidade para consolidar o projeto democr\u00e1tico e inclusivo que vem reconstruindo o Brasil. Sob a lideran\u00e7a de Lula, o pa\u00eds iniciou a recupera\u00e7\u00e3o econ\u00f4mica, ampliou programas sociais, e refor\u00e7ou o compromisso com as pol\u00edticas p\u00fablicas. Formar uma frente ampla em torno de sua candidatura \u00e9 essencial para isolar as for\u00e7as neofascistas e de ultradireita que representam uma amea\u00e7a \u00e0 democracia e ao Estado de Direito. Essa frente deve unir partidos progressistas, movimentos sociais e representantes da sociedade<br>civil, garantindo que o Brasil siga avan\u00e7ando com pol\u00edticas p\u00fablicas que melhore a vida do povo.<br>Assim sendo, somos cientes da necessidade de abrirmos o Partido para entrada de lideran\u00e7as com o perfil adequado a representar nosso Programa de defesa da classe trabalhadora. Abrir \u00e9 diferente de inchar, de aglutinar sem crit\u00e9rio e\/ou sem qualidade. Estamos falando de crescimento e contribui\u00e7\u00e3o reais \u00e0s nossas bandeiras a ao nosso projeto de governar o MA e continuar a governar o Brasil em 2026.<br>A uni\u00e3o das for\u00e7as democr\u00e1ticas em torno de Lula n\u00e3o \u00e9 apenas estrat\u00e9gica, mas uma necessidade para impedir o avan\u00e7o de projetos autorit\u00e1rios que buscam retrocessos em direitos conquistados. Essa \u00e9 a principal tarefa da milit\u00e2ncia e das dire\u00e7\u00f5es municipais e estadual do PT!<br>S\u00e3o Lu\u00eds \u2013 MA, 14 de outubro de 2024<br>Executiva Estadual do PT Maranh\u00e3o<\/p>\n","protected":false},"excerpt":{"rendered":"<p>O Diret\u00f3rio Estadual do PT no Maranh\u00e3o aprovou resolu\u00e7\u00e3o definindo diretrizes para os pr\u00f3ximos, inclusive para 2026 onde reafirma o<\/p>\n","protected":false},"author":2,"featured_media":38582,"comment_status":"open","ping_status":"open","sticky":false,"template":"","format":"standard","meta":{"colormag_page_container_layout":"default_layout","colormag_page_sidebar_layout":"default_layout","_jetpack_memberships_contains_paid_content":false,"footnotes":""},"categories":[6],"tags":[],"class_list":["post-38583","post","type-post","status-publish","format-standard","has-post-thumbnail","hentry","category-politica"],"magazineBlocksPostFeaturedMedia":{"thumbnail":"https:\/\/maranhaotv.com.br\/wp-content\/uploads\/2024\/10\/camarao-com-Brandao-680x400-1-150x150.jpg","medium":"https:\/\/maranhaotv.com.br\/wp-content\/uploads\/2024\/10\/camarao-com-Brandao-680x400-1-300x176.jpg","medium_large":"https:\/\/maranhaotv.com.br\/wp-content\/uploads\/2024\/10\/camarao-com-Brandao-680x400-1.jpg","large":"https:\/\/maranhaotv.com.br\/wp-content\/uploads\/2024\/10\/camarao-com-Brandao-680x400-1.jpg","1536x1536":"https:\/\/maranhaotv.com.br\/wp-content\/uploads\/2024\/10\/camarao-com-Brandao-680x400-1.jpg","2048x2048":"https:\/\/maranhaotv.com.br\/wp-content\/uploads\/2024\/10\/camarao-com-Brandao-680x400-1.jpg","colormag-highlighted-post":"https:\/\/maranhaotv.com.br\/wp-content\/uploads\/2024\/10\/camarao-com-Brandao-680x400-1-392x272.jpg","colormag-featured-post-medium":"https:\/\/maranhaotv.com.br\/wp-content\/uploads\/2024\/10\/camarao-com-Brandao-680x400-1-390x205.jpg","colormag-featured-post-small":"https:\/\/maranhaotv.com.br\/wp-content\/uploads\/2024\/10\/camarao-com-Brandao-680x400-1-130x90.jpg","colormag-featured-image":"https:\/\/maranhaotv.com.br\/wp-content\/uploads\/2024\/10\/camarao-com-Brandao-680x400-1.jpg","colormag-default-news":"https:\/\/maranhaotv.com.br\/wp-content\/uploads\/2024\/10\/camarao-com-Brandao-680x400-1-150x150.jpg","colormag-featured-image-large":"https:\/\/maranhaotv.com.br\/wp-content\/uploads\/2024\/10\/camarao-com-Brandao-680x400-1.jpg"},"magazineBlocksPostAuthor":{"name":"maranhaotv","avatar":"https:\/\/secure.gravatar.com\/avatar\/8fadbca458d4cb68b1dd399ae9a40618d747bb1af65ac9fad21c89220a143eb4?s=96&d=mm&r=g"},"magazineBlocksPostCommentsNumber":"0","magazineBlocksPostExcerpt":"O Diret\u00f3rio Estadual do PT no Maranh\u00e3o aprovou resolu\u00e7\u00e3o definindo diretrizes para os pr\u00f3ximos, inclusive para 2026 onde reafirma o","magazineBlocksPostCategories":["pol\u00edtica"],"magazineBlocksPostViewCount":489,"magazineBlocksPostReadTime":14,"magazine_blocks_featured_image_url":{"full":["https:\/\/maranhaotv.com.br\/wp-content\/uploads\/2024\/10\/camarao-com-Brandao-680x400-1.jpg",680,400,false],"medium":["https:\/\/maranhaotv.com.br\/wp-content\/uploads\/2024\/10\/camarao-com-Brandao-680x400-1-300x176.jpg",300,176,true],"thumbnail":["https:\/\/maranhaotv.com.br\/wp-content\/uploads\/2024\/10\/camarao-com-Brandao-680x400-1-150x150.jpg",150,150,true]},"magazine_blocks_author":{"display_name":"maranhaotv","author_link":"https:\/\/maranhaotv.com.br\/index.php\/author\/maranhaotv\/"},"magazine_blocks_comment":0,"magazine_blocks_author_image":"https:\/\/secure.gravatar.com\/avatar\/8fadbca458d4cb68b1dd399ae9a40618d747bb1af65ac9fad21c89220a143eb4?s=96&d=mm&r=g","magazine_blocks_category":"<a href=\"#\" class=\"category-link category-link-6\">pol\u00edtica<\/a>","yoast_head":"<!-- This site is optimized with the Yoast SEO plugin v27.4 - https:\/\/yoast.com\/product\/yoast-seo-wordpress\/ -->\n<title>Elei\u00e7\u00f5es 2026:&nbsp; PT confirma Camar\u00e3o, mas quer Brand\u00e3o comandando o processo - NOT\u00cdCIAS EM TEMPO REAL<\/title>\n<meta name=\"robots\" content=\"index, follow, max-snippet:-1, max-image-preview:large, max-video-preview:-1\" \/>\n<link rel=\"canonical\" href=\"https:\/\/maranhaotv.com.br\/index.php\/2024\/10\/25\/eleicoes-2026-pt-confirma-camarao-mas-quer-brandao-comandando-o-processo\/\" \/>\n<meta property=\"og:locale\" content=\"pt_BR\" \/>\n<meta property=\"og:type\" content=\"article\" \/>\n<meta property=\"og:title\" content=\"Elei\u00e7\u00f5es 2026:&nbsp; PT confirma Camar\u00e3o, mas quer Brand\u00e3o comandando o processo - NOT\u00cdCIAS EM TEMPO REAL\" \/>\n<meta property=\"og:description\" content=\"O Diret\u00f3rio Estadual do PT no Maranh\u00e3o aprovou resolu\u00e7\u00e3o definindo diretrizes para os pr\u00f3ximos, inclusive para 2026 onde reafirma o\" \/>\n<meta property=\"og:url\" content=\"https:\/\/maranhaotv.com.br\/index.php\/2024\/10\/25\/eleicoes-2026-pt-confirma-camarao-mas-quer-brandao-comandando-o-processo\/\" \/>\n<meta property=\"og:site_name\" content=\"NOT\u00cdCIAS EM TEMPO REAL\" \/>\n<meta property=\"article:publisher\" content=\"https:\/\/www.facebook.com\/maiobaotv\" \/>\n<meta property=\"article:published_time\" content=\"2024-10-25T14:42:56+00:00\" \/>\n<meta property=\"article:modified_time\" content=\"2024-10-25T14:43:42+00:00\" \/>\n<meta property=\"og:image\" content=\"https:\/\/maranhaotv.com.br\/wp-content\/uploads\/2024\/10\/camarao-com-Brandao-680x400-1.jpg\" \/>\n\t<meta property=\"og:image:width\" content=\"680\" \/>\n\t<meta property=\"og:image:height\" content=\"400\" \/>\n\t<meta property=\"og:image:type\" content=\"image\/jpeg\" \/>\n<meta name=\"author\" content=\"maranhaotv\" \/>\n<meta name=\"twitter:card\" content=\"summary_large_image\" \/>\n<meta name=\"twitter:creator\" content=\"@sitemaranhaotv\" \/>\n<meta name=\"twitter:site\" content=\"@sitemaranhaotv\" \/>\n<meta name=\"twitter:label1\" content=\"Escrito por\" \/>\n\t<meta name=\"twitter:data1\" content=\"maranhaotv\" \/>\n\t<meta name=\"twitter:label2\" content=\"Est. tempo de leitura\" \/>\n\t<meta name=\"twitter:data2\" content=\"13 minutos\" \/>\n<script type=\"application\/ld+json\" class=\"yoast-schema-graph\">{\"@context\":\"https:\\\/\\\/schema.org\",\"@graph\":[{\"@type\":\"Article\",\"@id\":\"https:\\\/\\\/maranhaotv.com.br\\\/index.php\\\/2024\\\/10\\\/25\\\/eleicoes-2026-pt-confirma-camarao-mas-quer-brandao-comandando-o-processo\\\/#article\",\"isPartOf\":{\"@id\":\"https:\\\/\\\/maranhaotv.com.br\\\/index.php\\\/2024\\\/10\\\/25\\\/eleicoes-2026-pt-confirma-camarao-mas-quer-brandao-comandando-o-processo\\\/\"},\"author\":{\"name\":\"maranhaotv\",\"@id\":\"https:\\\/\\\/maranhaotv.com.br\\\/#\\\/schema\\\/person\\\/3d54238e86b20bb5c89ab2fdb8f8829a\"},\"headline\":\"Elei\u00e7\u00f5es 2026:&nbsp; PT confirma Camar\u00e3o, mas quer Brand\u00e3o comandando o processo\",\"datePublished\":\"2024-10-25T14:42:56+00:00\",\"dateModified\":\"2024-10-25T14:43:42+00:00\",\"mainEntityOfPage\":{\"@id\":\"https:\\\/\\\/maranhaotv.com.br\\\/index.php\\\/2024\\\/10\\\/25\\\/eleicoes-2026-pt-confirma-camarao-mas-quer-brandao-comandando-o-processo\\\/\"},\"wordCount\":2640,\"commentCount\":0,\"publisher\":{\"@id\":\"https:\\\/\\\/maranhaotv.com.br\\\/#organization\"},\"image\":{\"@id\":\"https:\\\/\\\/maranhaotv.com.br\\\/index.php\\\/2024\\\/10\\\/25\\\/eleicoes-2026-pt-confirma-camarao-mas-quer-brandao-comandando-o-processo\\\/#primaryimage\"},\"thumbnailUrl\":\"https:\\\/\\\/maranhaotv.com.br\\\/wp-content\\\/uploads\\\/2024\\\/10\\\/camarao-com-Brandao-680x400-1.jpg\",\"articleSection\":[\"pol\u00edtica\"],\"inLanguage\":\"pt-BR\",\"potentialAction\":[{\"@type\":\"CommentAction\",\"name\":\"Comment\",\"target\":[\"https:\\\/\\\/maranhaotv.com.br\\\/index.php\\\/2024\\\/10\\\/25\\\/eleicoes-2026-pt-confirma-camarao-mas-quer-brandao-comandando-o-processo\\\/#respond\"]}]},{\"@type\":\"WebPage\",\"@id\":\"https:\\\/\\\/maranhaotv.com.br\\\/index.php\\\/2024\\\/10\\\/25\\\/eleicoes-2026-pt-confirma-camarao-mas-quer-brandao-comandando-o-processo\\\/\",\"url\":\"https:\\\/\\\/maranhaotv.com.br\\\/index.php\\\/2024\\\/10\\\/25\\\/eleicoes-2026-pt-confirma-camarao-mas-quer-brandao-comandando-o-processo\\\/\",\"name\":\"Elei\u00e7\u00f5es 2026:&nbsp; PT confirma Camar\u00e3o, mas quer Brand\u00e3o comandando o processo - NOT\u00cdCIAS EM TEMPO REAL\",\"isPartOf\":{\"@id\":\"https:\\\/\\\/maranhaotv.com.br\\\/#website\"},\"primaryImageOfPage\":{\"@id\":\"https:\\\/\\\/maranhaotv.com.br\\\/index.php\\\/2024\\\/10\\\/25\\\/eleicoes-2026-pt-confirma-camarao-mas-quer-brandao-comandando-o-processo\\\/#primaryimage\"},\"image\":{\"@id\":\"https:\\\/\\\/maranhaotv.com.br\\\/index.php\\\/2024\\\/10\\\/25\\\/eleicoes-2026-pt-confirma-camarao-mas-quer-brandao-comandando-o-processo\\\/#primaryimage\"},\"thumbnailUrl\":\"https:\\\/\\\/maranhaotv.com.br\\\/wp-content\\\/uploads\\\/2024\\\/10\\\/camarao-com-Brandao-680x400-1.jpg\",\"datePublished\":\"2024-10-25T14:42:56+00:00\",\"dateModified\":\"2024-10-25T14:43:42+00:00\",\"breadcrumb\":{\"@id\":\"https:\\\/\\\/maranhaotv.com.br\\\/index.php\\\/2024\\\/10\\\/25\\\/eleicoes-2026-pt-confirma-camarao-mas-quer-brandao-comandando-o-processo\\\/#breadcrumb\"},\"inLanguage\":\"pt-BR\",\"potentialAction\":[{\"@type\":\"ReadAction\",\"target\":[\"https:\\\/\\\/maranhaotv.com.br\\\/index.php\\\/2024\\\/10\\\/25\\\/eleicoes-2026-pt-confirma-camarao-mas-quer-brandao-comandando-o-processo\\\/\"]}]},{\"@type\":\"ImageObject\",\"inLanguage\":\"pt-BR\",\"@id\":\"https:\\\/\\\/maranhaotv.com.br\\\/index.php\\\/2024\\\/10\\\/25\\\/eleicoes-2026-pt-confirma-camarao-mas-quer-brandao-comandando-o-processo\\\/#primaryimage\",\"url\":\"https:\\\/\\\/maranhaotv.com.br\\\/wp-content\\\/uploads\\\/2024\\\/10\\\/camarao-com-Brandao-680x400-1.jpg\",\"contentUrl\":\"https:\\\/\\\/maranhaotv.com.br\\\/wp-content\\\/uploads\\\/2024\\\/10\\\/camarao-com-Brandao-680x400-1.jpg\",\"width\":680,\"height\":400},{\"@type\":\"BreadcrumbList\",\"@id\":\"https:\\\/\\\/maranhaotv.com.br\\\/index.php\\\/2024\\\/10\\\/25\\\/eleicoes-2026-pt-confirma-camarao-mas-quer-brandao-comandando-o-processo\\\/#breadcrumb\",\"itemListElement\":[{\"@type\":\"ListItem\",\"position\":1,\"name\":\"In\u00edcio\",\"item\":\"https:\\\/\\\/maranhaotv.com.br\\\/\"},{\"@type\":\"ListItem\",\"position\":2,\"name\":\"Elei\u00e7\u00f5es 2026:&nbsp; PT confirma Camar\u00e3o, mas quer Brand\u00e3o comandando o processo\"}]},{\"@type\":\"WebSite\",\"@id\":\"https:\\\/\\\/maranhaotv.com.br\\\/#website\",\"url\":\"https:\\\/\\\/maranhaotv.com.br\\\/\",\"name\":\"Maranh\u00e3oTV\",\"description\":\"\",\"publisher\":{\"@id\":\"https:\\\/\\\/maranhaotv.com.br\\\/#organization\"},\"potentialAction\":[{\"@type\":\"SearchAction\",\"target\":{\"@type\":\"EntryPoint\",\"urlTemplate\":\"https:\\\/\\\/maranhaotv.com.br\\\/?s={search_term_string}\"},\"query-input\":{\"@type\":\"PropertyValueSpecification\",\"valueRequired\":true,\"valueName\":\"search_term_string\"}}],\"inLanguage\":\"pt-BR\"},{\"@type\":\"Organization\",\"@id\":\"https:\\\/\\\/maranhaotv.com.br\\\/#organization\",\"name\":\"Portal de Not\u00edcias\",\"url\":\"https:\\\/\\\/maranhaotv.com.br\\\/\",\"logo\":{\"@type\":\"ImageObject\",\"inLanguage\":\"pt-BR\",\"@id\":\"https:\\\/\\\/maranhaotv.com.br\\\/#\\\/schema\\\/logo\\\/image\\\/\",\"url\":\"https:\\\/\\\/maranhaotv.com.br\\\/wp-content\\\/uploads\\\/2024\\\/05\\\/cropped-cropped-avatar-1.png\",\"contentUrl\":\"https:\\\/\\\/maranhaotv.com.br\\\/wp-content\\\/uploads\\\/2024\\\/05\\\/cropped-cropped-avatar-1.png\",\"width\":792,\"height\":428,\"caption\":\"Portal de Not\u00edcias\"},\"image\":{\"@id\":\"https:\\\/\\\/maranhaotv.com.br\\\/#\\\/schema\\\/logo\\\/image\\\/\"},\"sameAs\":[\"https:\\\/\\\/www.facebook.com\\\/maiobaotv\",\"https:\\\/\\\/x.com\\\/sitemaranhaotv\",\"https:\\\/\\\/www.instagram.com\\\/maranhao.tv\",\"https:\\\/\\\/www.threads.net\\\/@maranhao.tv\"]},{\"@type\":\"Person\",\"@id\":\"https:\\\/\\\/maranhaotv.com.br\\\/#\\\/schema\\\/person\\\/3d54238e86b20bb5c89ab2fdb8f8829a\",\"name\":\"maranhaotv\",\"image\":{\"@type\":\"ImageObject\",\"inLanguage\":\"pt-BR\",\"@id\":\"https:\\\/\\\/secure.gravatar.com\\\/avatar\\\/8fadbca458d4cb68b1dd399ae9a40618d747bb1af65ac9fad21c89220a143eb4?s=96&d=mm&r=g\",\"url\":\"https:\\\/\\\/secure.gravatar.com\\\/avatar\\\/8fadbca458d4cb68b1dd399ae9a40618d747bb1af65ac9fad21c89220a143eb4?s=96&d=mm&r=g\",\"contentUrl\":\"https:\\\/\\\/secure.gravatar.com\\\/avatar\\\/8fadbca458d4cb68b1dd399ae9a40618d747bb1af65ac9fad21c89220a143eb4?s=96&d=mm&r=g\",\"caption\":\"maranhaotv\"},\"sameAs\":[\"https:\\\/\\\/maranhaotv.com.br\\\/\"],\"url\":\"https:\\\/\\\/maranhaotv.com.br\\\/index.php\\\/author\\\/maranhaotv\\\/\"}]}<\/script>\n<!-- \/ Yoast SEO plugin. -->","yoast_head_json":{"title":"Elei\u00e7\u00f5es 2026:&nbsp; PT confirma Camar\u00e3o, mas quer Brand\u00e3o comandando o processo - NOT\u00cdCIAS EM TEMPO REAL","robots":{"index":"index","follow":"follow","max-snippet":"max-snippet:-1","max-image-preview":"max-image-preview:large","max-video-preview":"max-video-preview:-1"},"canonical":"https:\/\/maranhaotv.com.br\/index.php\/2024\/10\/25\/eleicoes-2026-pt-confirma-camarao-mas-quer-brandao-comandando-o-processo\/","og_locale":"pt_BR","og_type":"article","og_title":"Elei\u00e7\u00f5es 2026:&nbsp; PT confirma Camar\u00e3o, mas quer Brand\u00e3o comandando o processo - NOT\u00cdCIAS EM TEMPO REAL","og_description":"O Diret\u00f3rio Estadual do PT no Maranh\u00e3o aprovou resolu\u00e7\u00e3o definindo diretrizes para os pr\u00f3ximos, inclusive para 2026 onde reafirma o","og_url":"https:\/\/maranhaotv.com.br\/index.php\/2024\/10\/25\/eleicoes-2026-pt-confirma-camarao-mas-quer-brandao-comandando-o-processo\/","og_site_name":"NOT\u00cdCIAS EM TEMPO REAL","article_publisher":"https:\/\/www.facebook.com\/maiobaotv","article_published_time":"2024-10-25T14:42:56+00:00","article_modified_time":"2024-10-25T14:43:42+00:00","og_image":[{"width":680,"height":400,"url":"https:\/\/maranhaotv.com.br\/wp-content\/uploads\/2024\/10\/camarao-com-Brandao-680x400-1.jpg","type":"image\/jpeg"}],"author":"maranhaotv","twitter_card":"summary_large_image","twitter_creator":"@sitemaranhaotv","twitter_site":"@sitemaranhaotv","twitter_misc":{"Escrito por":"maranhaotv","Est. tempo de leitura":"13 minutos"},"schema":{"@context":"https:\/\/schema.org","@graph":[{"@type":"Article","@id":"https:\/\/maranhaotv.com.br\/index.php\/2024\/10\/25\/eleicoes-2026-pt-confirma-camarao-mas-quer-brandao-comandando-o-processo\/#article","isPartOf":{"@id":"https:\/\/maranhaotv.com.br\/index.php\/2024\/10\/25\/eleicoes-2026-pt-confirma-camarao-mas-quer-brandao-comandando-o-processo\/"},"author":{"name":"maranhaotv","@id":"https:\/\/maranhaotv.com.br\/#\/schema\/person\/3d54238e86b20bb5c89ab2fdb8f8829a"},"headline":"Elei\u00e7\u00f5es 2026:&nbsp; PT confirma Camar\u00e3o, mas quer Brand\u00e3o comandando o processo","datePublished":"2024-10-25T14:42:56+00:00","dateModified":"2024-10-25T14:43:42+00:00","mainEntityOfPage":{"@id":"https:\/\/maranhaotv.com.br\/index.php\/2024\/10\/25\/eleicoes-2026-pt-confirma-camarao-mas-quer-brandao-comandando-o-processo\/"},"wordCount":2640,"commentCount":0,"publisher":{"@id":"https:\/\/maranhaotv.com.br\/#organization"},"image":{"@id":"https:\/\/maranhaotv.com.br\/index.php\/2024\/10\/25\/eleicoes-2026-pt-confirma-camarao-mas-quer-brandao-comandando-o-processo\/#primaryimage"},"thumbnailUrl":"https:\/\/maranhaotv.com.br\/wp-content\/uploads\/2024\/10\/camarao-com-Brandao-680x400-1.jpg","articleSection":["pol\u00edtica"],"inLanguage":"pt-BR","potentialAction":[{"@type":"CommentAction","name":"Comment","target":["https:\/\/maranhaotv.com.br\/index.php\/2024\/10\/25\/eleicoes-2026-pt-confirma-camarao-mas-quer-brandao-comandando-o-processo\/#respond"]}]},{"@type":"WebPage","@id":"https:\/\/maranhaotv.com.br\/index.php\/2024\/10\/25\/eleicoes-2026-pt-confirma-camarao-mas-quer-brandao-comandando-o-processo\/","url":"https:\/\/maranhaotv.com.br\/index.php\/2024\/10\/25\/eleicoes-2026-pt-confirma-camarao-mas-quer-brandao-comandando-o-processo\/","name":"Elei\u00e7\u00f5es 2026:&nbsp; PT confirma Camar\u00e3o, mas quer Brand\u00e3o comandando o processo - NOT\u00cdCIAS EM TEMPO REAL","isPartOf":{"@id":"https:\/\/maranhaotv.com.br\/#website"},"primaryImageOfPage":{"@id":"https:\/\/maranhaotv.com.br\/index.php\/2024\/10\/25\/eleicoes-2026-pt-confirma-camarao-mas-quer-brandao-comandando-o-processo\/#primaryimage"},"image":{"@id":"https:\/\/maranhaotv.com.br\/index.php\/2024\/10\/25\/eleicoes-2026-pt-confirma-camarao-mas-quer-brandao-comandando-o-processo\/#primaryimage"},"thumbnailUrl":"https:\/\/maranhaotv.com.br\/wp-content\/uploads\/2024\/10\/camarao-com-Brandao-680x400-1.jpg","datePublished":"2024-10-25T14:42:56+00:00","dateModified":"2024-10-25T14:43:42+00:00","breadcrumb":{"@id":"https:\/\/maranhaotv.com.br\/index.php\/2024\/10\/25\/eleicoes-2026-pt-confirma-camarao-mas-quer-brandao-comandando-o-processo\/#breadcrumb"},"inLanguage":"pt-BR","potentialAction":[{"@type":"ReadAction","target":["https:\/\/maranhaotv.com.br\/index.php\/2024\/10\/25\/eleicoes-2026-pt-confirma-camarao-mas-quer-brandao-comandando-o-processo\/"]}]},{"@type":"ImageObject","inLanguage":"pt-BR","@id":"https:\/\/maranhaotv.com.br\/index.php\/2024\/10\/25\/eleicoes-2026-pt-confirma-camarao-mas-quer-brandao-comandando-o-processo\/#primaryimage","url":"https:\/\/maranhaotv.com.br\/wp-content\/uploads\/2024\/10\/camarao-com-Brandao-680x400-1.jpg","contentUrl":"https:\/\/maranhaotv.com.br\/wp-content\/uploads\/2024\/10\/camarao-com-Brandao-680x400-1.jpg","width":680,"height":400},{"@type":"BreadcrumbList","@id":"https:\/\/maranhaotv.com.br\/index.php\/2024\/10\/25\/eleicoes-2026-pt-confirma-camarao-mas-quer-brandao-comandando-o-processo\/#breadcrumb","itemListElement":[{"@type":"ListItem","position":1,"name":"In\u00edcio","item":"https:\/\/maranhaotv.com.br\/"},{"@type":"ListItem","position":2,"name":"Elei\u00e7\u00f5es 2026:&nbsp; PT confirma Camar\u00e3o, mas quer Brand\u00e3o comandando o processo"}]},{"@type":"WebSite","@id":"https:\/\/maranhaotv.com.br\/#website","url":"https:\/\/maranhaotv.com.br\/","name":"Maranh\u00e3oTV","description":"","publisher":{"@id":"https:\/\/maranhaotv.com.br\/#organization"},"potentialAction":[{"@type":"SearchAction","target":{"@type":"EntryPoint","urlTemplate":"https:\/\/maranhaotv.com.br\/?s={search_term_string}"},"query-input":{"@type":"PropertyValueSpecification","valueRequired":true,"valueName":"search_term_string"}}],"inLanguage":"pt-BR"},{"@type":"Organization","@id":"https:\/\/maranhaotv.com.br\/#organization","name":"Portal de Not\u00edcias","url":"https:\/\/maranhaotv.com.br\/","logo":{"@type":"ImageObject","inLanguage":"pt-BR","@id":"https:\/\/maranhaotv.com.br\/#\/schema\/logo\/image\/","url":"https:\/\/maranhaotv.com.br\/wp-content\/uploads\/2024\/05\/cropped-cropped-avatar-1.png","contentUrl":"https:\/\/maranhaotv.com.br\/wp-content\/uploads\/2024\/05\/cropped-cropped-avatar-1.png","width":792,"height":428,"caption":"Portal de Not\u00edcias"},"image":{"@id":"https:\/\/maranhaotv.com.br\/#\/schema\/logo\/image\/"},"sameAs":["https:\/\/www.facebook.com\/maiobaotv","https:\/\/x.com\/sitemaranhaotv","https:\/\/www.instagram.com\/maranhao.tv","https:\/\/www.threads.net\/@maranhao.tv"]},{"@type":"Person","@id":"https:\/\/maranhaotv.com.br\/#\/schema\/person\/3d54238e86b20bb5c89ab2fdb8f8829a","name":"maranhaotv","image":{"@type":"ImageObject","inLanguage":"pt-BR","@id":"https:\/\/secure.gravatar.com\/avatar\/8fadbca458d4cb68b1dd399ae9a40618d747bb1af65ac9fad21c89220a143eb4?s=96&d=mm&r=g","url":"https:\/\/secure.gravatar.com\/avatar\/8fadbca458d4cb68b1dd399ae9a40618d747bb1af65ac9fad21c89220a143eb4?s=96&d=mm&r=g","contentUrl":"https:\/\/secure.gravatar.com\/avatar\/8fadbca458d4cb68b1dd399ae9a40618d747bb1af65ac9fad21c89220a143eb4?s=96&d=mm&r=g","caption":"maranhaotv"},"sameAs":["https:\/\/maranhaotv.com.br\/"],"url":"https:\/\/maranhaotv.com.br\/index.php\/author\/maranhaotv\/"}]}},"jetpack_featured_media_url":"https:\/\/maranhaotv.com.br\/wp-content\/uploads\/2024\/10\/camarao-com-Brandao-680x400-1.jpg","jetpack_sharing_enabled":true,"_links":{"self":[{"href":"https:\/\/maranhaotv.com.br\/index.php\/wp-json\/wp\/v2\/posts\/38583","targetHints":{"allow":["GET"]}}],"collection":[{"href":"https:\/\/maranhaotv.com.br\/index.php\/wp-json\/wp\/v2\/posts"}],"about":[{"href":"https:\/\/maranhaotv.com.br\/index.php\/wp-json\/wp\/v2\/types\/post"}],"author":[{"embeddable":true,"href":"https:\/\/maranhaotv.com.br\/index.php\/wp-json\/wp\/v2\/users\/2"}],"replies":[{"embeddable":true,"href":"https:\/\/maranhaotv.com.br\/index.php\/wp-json\/wp\/v2\/comments?post=38583"}],"version-history":[{"count":2,"href":"https:\/\/maranhaotv.com.br\/index.php\/wp-json\/wp\/v2\/posts\/38583\/revisions"}],"predecessor-version":[{"id":38585,"href":"https:\/\/maranhaotv.com.br\/index.php\/wp-json\/wp\/v2\/posts\/38583\/revisions\/38585"}],"wp:featuredmedia":[{"embeddable":true,"href":"https:\/\/maranhaotv.com.br\/index.php\/wp-json\/wp\/v2\/media\/38582"}],"wp:attachment":[{"href":"https:\/\/maranhaotv.com.br\/index.php\/wp-json\/wp\/v2\/media?parent=38583"}],"wp:term":[{"taxonomy":"category","embeddable":true,"href":"https:\/\/maranhaotv.com.br\/index.php\/wp-json\/wp\/v2\/categories?post=38583"},{"taxonomy":"post_tag","embeddable":true,"href":"https:\/\/maranhaotv.com.br\/index.php\/wp-json\/wp\/v2\/tags?post=38583"}],"curies":[{"name":"wp","href":"https:\/\/api.w.org\/{rel}","templated":true}]}}