{"id":38698,"date":"2024-11-07T11:29:40","date_gmt":"2024-11-07T14:29:40","guid":{"rendered":"https:\/\/maranhaotv.com.br\/?p=38698"},"modified":"2024-11-07T11:30:02","modified_gmt":"2024-11-07T14:30:02","slug":"em-brasilia-vice-governador-do-maranhao-felipe-camarao-cumpre-agendas-com-agu-e-mec","status":"publish","type":"post","link":"https:\/\/maranhaotv.com.br\/index.php\/2024\/11\/07\/em-brasilia-vice-governador-do-maranhao-felipe-camarao-cumpre-agendas-com-agu-e-mec\/","title":{"rendered":"Em Bras\u00edlia, vice-governador do Maranh\u00e3o, Felipe Camar\u00e3o, cumpre agendas com AGU e MEC"},"content":{"rendered":"\n<p><br><br>O vice-governador do Maranh\u00e3o, Felipe Camar\u00e3o, est\u00e1 em Bras\u00edlia cumprindo agenda institucional. Em sua primeira parada na Capital Federal, Felipe Camar\u00e3o esteve na Advocacia-Geral da Uni\u00e3o (AGU), onde reuniu com o ministro em Exerc\u00edcio e Adjunto do Advogado-Geral da Uni\u00e3o e Advogado-Geral da Uni\u00e3o Substituto, Flavio Jos\u00e9 Roman, para tratar sobre o bloqueio dos 15% referente ao Precat\u00f3rio do Fundef, destinados aos professores do Maranh\u00e3o.<br><br>Durante a reuni\u00e3o, que contou ainda com a participa\u00e7\u00e3o da advogada da Uni\u00e3o, Clara Rachel, o vice-governador do Maranh\u00e3o pediu intercess\u00e3o dos advogados para que este bloqueio seja revisto ou, ainda, para que a pauta retorne ao Plen\u00e1rio para julgamento.<br><br>Na oportunidade, Felipe Camar\u00e3o, solicitou aos advogados da AGU que este mesmo acordo prevale\u00e7a para as Prefeituras Municipais maranhenses que ainda n\u00e3o receberam os repasses, como \u00e9 o caso de munic\u00edpios como: S\u00e3o Domingos do Maranh\u00e3o, S\u00e3o Jo\u00e3o dos Patos, Matinha, Riach\u00e3o e Arari.<br> <br>\u201cMinha luta continua sendo pela educa\u00e7\u00e3o. Aproveitei minha vinda \u00e0 Bras\u00edlia para reunir com o ministro em exerc\u00edcio, Fl\u00e1vio Roman, e a Advogada da AGU, Clara Rachel, para tratarmos dessa pauta t\u00e3o importante que \u00e9 a libera\u00e7\u00e3o dos 15% dos Precat\u00f3rios do Fundef, para professores da Rede P\u00fablica Estadual e os recursos tamb\u00e9m para as Prefeituras Municipais maranhenses. Estou confiante de que teremos o apoio da AGU nesse processo. Seguimos trabalhando para que a educa\u00e7\u00e3o do Maranh\u00e3o siga avan\u00e7ando\u201d, declarou o vice-governador Felipe Camar\u00e3o.<br><br>*_Reuni\u00f5es no Minist\u00e9rio da Educa\u00e7\u00e3o_*<br><br>Ainda em Bras\u00edlia, Felipe Camar\u00e3o, esteve no Minist\u00e9rio da Educa\u00e7\u00e3o (MEC) a convite da secret\u00e1ria de Educa\u00e7\u00e3o Continuada, Alfabetiza\u00e7\u00e3o de Jovens e Adultos, Diversidade e Inclus\u00e3o (SECADI), Zara Figueiredo, para participar de reuni\u00e3o sobre educa\u00e7\u00e3o ambiental, educa\u00e7\u00e3o de quilombolas e ind\u00edgenas, e Projovem.<br><br>Na pauta, a constru\u00e7\u00e3o de mais de 20 escolas voltadas \u00e0s educa\u00e7\u00f5es ind\u00edgena e quilombola, por meio do Programa de Acelera\u00e7\u00e3o do Crescimento (PAC), al\u00e9m da implementa\u00e7\u00e3o de mais bolsas do Projovem para os estudantes maranhenses.<br><br>\u201cUm grande satisfa\u00e7\u00e3o ser convidado pela professora Zara Figueiredo para vir ao MEC debater temas t\u00e3o importantes para a educa\u00e7\u00e3o do nosso estado. Por meio do PAC, ser\u00e3o constru\u00eddas 11 escolas ind\u00edgenas e 11 escolas quilombolas em diversas comunidades do Maranh\u00e3o. Saio daqui imbu\u00eddo da miss\u00e3o de articular junto \u00e0s prefeituras municipais, comunidades ind\u00edgenas e quilombolas a melhor forma para que esses investimentos cheguem para o nosso estado. E, assim, trabalharemos juntos, sob a lideran\u00e7a do ministro Camilo, do presidente Lula e do governador Carlos Brand\u00e3o, para seguirmos avan\u00e7ando na educa\u00e7\u00e3o do nosso estado. Continuamos firmes e fortes lutando pela educa\u00e7\u00e3o do Maranh\u00e3o\u201d, acrescentou Felipe Camar\u00e3o.<br><br>Ainda no MEC, o vice-governador reuniu, tamb\u00e9m, com Marta Abramo, titular da Secretaria de Regula\u00e7\u00e3o e Supervis\u00e3o da Educa\u00e7\u00e3o Superior. Com a secret\u00e1ria da SERES, a pauta versou sobre o processo de recredenciamento da Universidade Cat\u00f3lica do Maranh\u00e3o, institui\u00e7\u00e3o que oferta Cursos de Teologia, Filosofia, entre outros, e \u00e9 respons\u00e1vel pela forma\u00e7\u00e3o de padres em todo o estado.<br><br>Camar\u00e3o agradeceu a receptividade da secret\u00e1ria e disse estar confiante no compromisso do Governo Federal em agilizar o processo de recredenciamento da Institui\u00e7\u00e3o de Ensino, parado desde 2018.<br><br>\u201cVim a pedido da Arquidiocese de S\u00e3o Lu\u00eds, al\u00e9m das dioceses dos interiores. Agrade\u00e7o toda a receptividade que tivemos e pelo di\u00e1logo muito produtivo. Acredito que agora, na gest\u00e3o do presidente Lula e do ministro Camilo, conseguiremos agilizar esse processo e fazer essa medida de justi\u00e7a junto \u00e0 comunidade cat\u00f3lica do nosso estado. Avalio nossas reuni\u00f5es aqui no Minist\u00e9rio como extremamente positivas para a educa\u00e7\u00e3o do nosso estado. Seguiremos avan\u00e7ando\u201d, finalizou Camar\u00e3o.<\/p>\n\n\n\n<figure class=\"wp-block-image size-large\"><img loading=\"lazy\" decoding=\"async\" width=\"1024\" height=\"775\" src=\"https:\/\/maranhaotv.com.br\/wp-content\/uploads\/2024\/11\/img-20241107-wa01218440625835789062335-1024x775.jpg\" alt=\"\" class=\"wp-image-38693\" srcset=\"https:\/\/maranhaotv.com.br\/wp-content\/uploads\/2024\/11\/img-20241107-wa01218440625835789062335-1024x775.jpg 1024w, https:\/\/maranhaotv.com.br\/wp-content\/uploads\/2024\/11\/img-20241107-wa01218440625835789062335-300x227.jpg 300w, https:\/\/maranhaotv.com.br\/wp-content\/uploads\/2024\/11\/img-20241107-wa01218440625835789062335-768x581.jpg 768w, https:\/\/maranhaotv.com.br\/wp-content\/uploads\/2024\/11\/img-20241107-wa01218440625835789062335-1536x1163.jpg 1536w, https:\/\/maranhaotv.com.br\/wp-content\/uploads\/2024\/11\/img-20241107-wa01218440625835789062335.jpg 1600w\" sizes=\"auto, (max-width: 1024px) 100vw, 1024px\" \/><figcaption class=\"wp-element-caption\">Reuni\u00e3o com representantes da SERES, para tratar da Universidade Cat\u00f3lica no Maranh\u00e3o<\/figcaption><\/figure>\n\n\n\n<figure class=\"wp-block-image size-large\"><img loading=\"lazy\" decoding=\"async\" width=\"799\" height=\"533\" src=\"https:\/\/maranhaotv.com.br\/wp-content\/uploads\/2024\/11\/img-20241107-wa01221461915957243555673.jpg\" alt=\"\" class=\"wp-image-38694\" srcset=\"https:\/\/maranhaotv.com.br\/wp-content\/uploads\/2024\/11\/img-20241107-wa01221461915957243555673.jpg 799w, https:\/\/maranhaotv.com.br\/wp-content\/uploads\/2024\/11\/img-20241107-wa01221461915957243555673-300x200.jpg 300w, https:\/\/maranhaotv.com.br\/wp-content\/uploads\/2024\/11\/img-20241107-wa01221461915957243555673-768x512.jpg 768w\" sizes=\"auto, (max-width: 799px) 100vw, 799px\" \/><figcaption class=\"wp-element-caption\">Reuni\u00e3o no MEC, na SECADI, com a secret\u00e1ria Zara Figueiredo e equipe<\/figcaption><\/figure>\n\n\n\n<figure class=\"wp-block-image size-large\"><img loading=\"lazy\" decoding=\"async\" width=\"799\" height=\"533\" src=\"https:\/\/maranhaotv.com.br\/wp-content\/uploads\/2024\/11\/img-20241107-wa01245983852095489312209.jpg\" alt=\"\" class=\"wp-image-38695\" srcset=\"https:\/\/maranhaotv.com.br\/wp-content\/uploads\/2024\/11\/img-20241107-wa01245983852095489312209.jpg 799w, https:\/\/maranhaotv.com.br\/wp-content\/uploads\/2024\/11\/img-20241107-wa01245983852095489312209-300x200.jpg 300w, https:\/\/maranhaotv.com.br\/wp-content\/uploads\/2024\/11\/img-20241107-wa01245983852095489312209-768x512.jpg 768w\" sizes=\"auto, (max-width: 799px) 100vw, 799px\" \/><\/figure>\n\n\n\n<p>Reuni\u00e3o com ministro substituto da AGU, Flavio Roman e equipe<\/p>\n\n\n\n<figure class=\"wp-block-image size-large\"><img loading=\"lazy\" decoding=\"async\" width=\"799\" height=\"533\" src=\"https:\/\/maranhaotv.com.br\/wp-content\/uploads\/2024\/11\/img-20241107-wa01231533186439969075054.jpg\" alt=\"\" class=\"wp-image-38696\" srcset=\"https:\/\/maranhaotv.com.br\/wp-content\/uploads\/2024\/11\/img-20241107-wa01231533186439969075054.jpg 799w, https:\/\/maranhaotv.com.br\/wp-content\/uploads\/2024\/11\/img-20241107-wa01231533186439969075054-300x200.jpg 300w, https:\/\/maranhaotv.com.br\/wp-content\/uploads\/2024\/11\/img-20241107-wa01231533186439969075054-768x512.jpg 768w\" sizes=\"auto, (max-width: 799px) 100vw, 799px\" \/><\/figure>\n","protected":false},"excerpt":{"rendered":"<p>O vice-governador do Maranh\u00e3o, Felipe Camar\u00e3o, est\u00e1 em Bras\u00edlia cumprindo agenda institucional. Em sua primeira parada na Capital Federal, Felipe<\/p>\n","protected":false},"author":2,"featured_media":38697,"comment_status":"open","ping_status":"open","sticky":false,"template":"","format":"standard","meta":{"colormag_page_container_layout":"default_layout","colormag_page_sidebar_layout":"default_layout","_jetpack_memberships_contains_paid_content":false,"footnotes":""},"categories":[6],"tags":[352],"class_list":["post-38698","post","type-post","status-publish","format-standard","has-post-thumbnail","hentry","category-politica","tag-felipe-camarao"],"magazineBlocksPostFeaturedMedia":{"thumbnail":"https:\/\/maranhaotv.com.br\/wp-content\/uploads\/2024\/11\/IMG-20241107-WA0125-150x150.jpg","medium":"https:\/\/maranhaotv.com.br\/wp-content\/uploads\/2024\/11\/IMG-20241107-WA0125-300x200.jpg","medium_large":"https:\/\/maranhaotv.com.br\/wp-content\/uploads\/2024\/11\/IMG-20241107-WA0125-768x512.jpg","large":"https:\/\/maranhaotv.com.br\/wp-content\/uploads\/2024\/11\/IMG-20241107-WA0125.jpg","1536x1536":"https:\/\/maranhaotv.com.br\/wp-content\/uploads\/2024\/11\/IMG-20241107-WA0125.jpg","2048x2048":"https:\/\/maranhaotv.com.br\/wp-content\/uploads\/2024\/11\/IMG-20241107-WA0125.jpg","colormag-highlighted-post":"https:\/\/maranhaotv.com.br\/wp-content\/uploads\/2024\/11\/IMG-20241107-WA0125-392x272.jpg","colormag-featured-post-medium":"https:\/\/maranhaotv.com.br\/wp-content\/uploads\/2024\/11\/IMG-20241107-WA0125-390x205.jpg","colormag-featured-post-small":"https:\/\/maranhaotv.com.br\/wp-content\/uploads\/2024\/11\/IMG-20241107-WA0125-130x90.jpg","colormag-featured-image":"https:\/\/maranhaotv.com.br\/wp-content\/uploads\/2024\/11\/IMG-20241107-WA0125-799x445.jpg","colormag-default-news":"https:\/\/maranhaotv.com.br\/wp-content\/uploads\/2024\/11\/IMG-20241107-WA0125-150x150.jpg","colormag-featured-image-large":"https:\/\/maranhaotv.com.br\/wp-content\/uploads\/2024\/11\/IMG-20241107-WA0125.jpg"},"magazineBlocksPostAuthor":{"name":"maranhaotv","avatar":"https:\/\/secure.gravatar.com\/avatar\/8fadbca458d4cb68b1dd399ae9a40618d747bb1af65ac9fad21c89220a143eb4?s=96&d=mm&r=g"},"magazineBlocksPostCommentsNumber":"0","magazineBlocksPostExcerpt":"O vice-governador do Maranh\u00e3o, Felipe Camar\u00e3o, est\u00e1 em Bras\u00edlia cumprindo agenda institucional. Em sua primeira parada na Capital Federal, Felipe","magazineBlocksPostCategories":["pol\u00edtica"],"magazineBlocksPostViewCount":259,"magazineBlocksPostReadTime":4,"magazine_blocks_featured_image_url":{"full":["https:\/\/maranhaotv.com.br\/wp-content\/uploads\/2024\/11\/IMG-20241107-WA0125.jpg",799,533,false],"medium":["https:\/\/maranhaotv.com.br\/wp-content\/uploads\/2024\/11\/IMG-20241107-WA0125-300x200.jpg",300,200,true],"thumbnail":["https:\/\/maranhaotv.com.br\/wp-content\/uploads\/2024\/11\/IMG-20241107-WA0125-150x150.jpg",150,150,true]},"magazine_blocks_author":{"display_name":"maranhaotv","author_link":"https:\/\/maranhaotv.com.br\/index.php\/author\/maranhaotv\/"},"magazine_blocks_comment":0,"magazine_blocks_author_image":"https:\/\/secure.gravatar.com\/avatar\/8fadbca458d4cb68b1dd399ae9a40618d747bb1af65ac9fad21c89220a143eb4?s=96&d=mm&r=g","magazine_blocks_category":"<a href=\"#\" class=\"category-link category-link-6\">pol\u00edtica<\/a>","yoast_head":"<!-- This site is optimized with the Yoast SEO plugin v27.4 - https:\/\/yoast.com\/product\/yoast-seo-wordpress\/ -->\n<title>Em Bras\u00edlia, vice-governador do Maranh\u00e3o, Felipe Camar\u00e3o, cumpre agendas com AGU e MEC - NOT\u00cdCIAS EM TEMPO REAL<\/title>\n<meta name=\"robots\" content=\"index, follow, max-snippet:-1, max-image-preview:large, max-video-preview:-1\" \/>\n<link rel=\"canonical\" href=\"https:\/\/maranhaotv.com.br\/index.php\/2024\/11\/07\/em-brasilia-vice-governador-do-maranhao-felipe-camarao-cumpre-agendas-com-agu-e-mec\/\" \/>\n<meta property=\"og:locale\" content=\"pt_BR\" \/>\n<meta property=\"og:type\" content=\"article\" \/>\n<meta property=\"og:title\" content=\"Em Bras\u00edlia, vice-governador do Maranh\u00e3o, Felipe Camar\u00e3o, cumpre agendas com AGU e MEC - NOT\u00cdCIAS EM TEMPO REAL\" \/>\n<meta property=\"og:description\" content=\"O vice-governador do Maranh\u00e3o, Felipe Camar\u00e3o, est\u00e1 em Bras\u00edlia cumprindo agenda institucional. Em sua primeira parada na Capital Federal, Felipe\" \/>\n<meta property=\"og:url\" content=\"https:\/\/maranhaotv.com.br\/index.php\/2024\/11\/07\/em-brasilia-vice-governador-do-maranhao-felipe-camarao-cumpre-agendas-com-agu-e-mec\/\" \/>\n<meta property=\"og:site_name\" content=\"NOT\u00cdCIAS EM TEMPO REAL\" \/>\n<meta property=\"article:publisher\" content=\"https:\/\/www.facebook.com\/maiobaotv\" \/>\n<meta property=\"article:published_time\" content=\"2024-11-07T14:29:40+00:00\" \/>\n<meta property=\"article:modified_time\" content=\"2024-11-07T14:30:02+00:00\" \/>\n<meta property=\"og:image\" content=\"https:\/\/maranhaotv.com.br\/wp-content\/uploads\/2024\/11\/IMG-20241107-WA0125.jpg\" \/>\n\t<meta property=\"og:image:width\" content=\"799\" \/>\n\t<meta property=\"og:image:height\" content=\"533\" \/>\n\t<meta property=\"og:image:type\" content=\"image\/jpeg\" \/>\n<meta name=\"author\" content=\"maranhaotv\" \/>\n<meta name=\"twitter:card\" content=\"summary_large_image\" \/>\n<meta name=\"twitter:creator\" content=\"@sitemaranhaotv\" \/>\n<meta name=\"twitter:site\" content=\"@sitemaranhaotv\" \/>\n<meta name=\"twitter:label1\" content=\"Escrito por\" \/>\n\t<meta name=\"twitter:data1\" content=\"maranhaotv\" \/>\n\t<meta name=\"twitter:label2\" content=\"Est. tempo de leitura\" \/>\n\t<meta name=\"twitter:data2\" content=\"4 minutos\" \/>\n<script type=\"application\/ld+json\" class=\"yoast-schema-graph\">{\"@context\":\"https:\\\/\\\/schema.org\",\"@graph\":[{\"@type\":\"Article\",\"@id\":\"https:\\\/\\\/maranhaotv.com.br\\\/index.php\\\/2024\\\/11\\\/07\\\/em-brasilia-vice-governador-do-maranhao-felipe-camarao-cumpre-agendas-com-agu-e-mec\\\/#article\",\"isPartOf\":{\"@id\":\"https:\\\/\\\/maranhaotv.com.br\\\/index.php\\\/2024\\\/11\\\/07\\\/em-brasilia-vice-governador-do-maranhao-felipe-camarao-cumpre-agendas-com-agu-e-mec\\\/\"},\"author\":{\"name\":\"maranhaotv\",\"@id\":\"https:\\\/\\\/maranhaotv.com.br\\\/#\\\/schema\\\/person\\\/3d54238e86b20bb5c89ab2fdb8f8829a\"},\"headline\":\"Em Bras\u00edlia, vice-governador do Maranh\u00e3o, Felipe Camar\u00e3o, cumpre agendas com AGU e MEC\",\"datePublished\":\"2024-11-07T14:29:40+00:00\",\"dateModified\":\"2024-11-07T14:30:02+00:00\",\"mainEntityOfPage\":{\"@id\":\"https:\\\/\\\/maranhaotv.com.br\\\/index.php\\\/2024\\\/11\\\/07\\\/em-brasilia-vice-governador-do-maranhao-felipe-camarao-cumpre-agendas-com-agu-e-mec\\\/\"},\"wordCount\":728,\"commentCount\":0,\"publisher\":{\"@id\":\"https:\\\/\\\/maranhaotv.com.br\\\/#organization\"},\"image\":{\"@id\":\"https:\\\/\\\/maranhaotv.com.br\\\/index.php\\\/2024\\\/11\\\/07\\\/em-brasilia-vice-governador-do-maranhao-felipe-camarao-cumpre-agendas-com-agu-e-mec\\\/#primaryimage\"},\"thumbnailUrl\":\"https:\\\/\\\/maranhaotv.com.br\\\/wp-content\\\/uploads\\\/2024\\\/11\\\/IMG-20241107-WA0125.jpg\",\"keywords\":[\"Felipe Camar\u00e3o\"],\"articleSection\":[\"pol\u00edtica\"],\"inLanguage\":\"pt-BR\",\"potentialAction\":[{\"@type\":\"CommentAction\",\"name\":\"Comment\",\"target\":[\"https:\\\/\\\/maranhaotv.com.br\\\/index.php\\\/2024\\\/11\\\/07\\\/em-brasilia-vice-governador-do-maranhao-felipe-camarao-cumpre-agendas-com-agu-e-mec\\\/#respond\"]}]},{\"@type\":\"WebPage\",\"@id\":\"https:\\\/\\\/maranhaotv.com.br\\\/index.php\\\/2024\\\/11\\\/07\\\/em-brasilia-vice-governador-do-maranhao-felipe-camarao-cumpre-agendas-com-agu-e-mec\\\/\",\"url\":\"https:\\\/\\\/maranhaotv.com.br\\\/index.php\\\/2024\\\/11\\\/07\\\/em-brasilia-vice-governador-do-maranhao-felipe-camarao-cumpre-agendas-com-agu-e-mec\\\/\",\"name\":\"Em Bras\u00edlia, vice-governador do Maranh\u00e3o, Felipe Camar\u00e3o, cumpre agendas com AGU e MEC - NOT\u00cdCIAS EM TEMPO REAL\",\"isPartOf\":{\"@id\":\"https:\\\/\\\/maranhaotv.com.br\\\/#website\"},\"primaryImageOfPage\":{\"@id\":\"https:\\\/\\\/maranhaotv.com.br\\\/index.php\\\/2024\\\/11\\\/07\\\/em-brasilia-vice-governador-do-maranhao-felipe-camarao-cumpre-agendas-com-agu-e-mec\\\/#primaryimage\"},\"image\":{\"@id\":\"https:\\\/\\\/maranhaotv.com.br\\\/index.php\\\/2024\\\/11\\\/07\\\/em-brasilia-vice-governador-do-maranhao-felipe-camarao-cumpre-agendas-com-agu-e-mec\\\/#primaryimage\"},\"thumbnailUrl\":\"https:\\\/\\\/maranhaotv.com.br\\\/wp-content\\\/uploads\\\/2024\\\/11\\\/IMG-20241107-WA0125.jpg\",\"datePublished\":\"2024-11-07T14:29:40+00:00\",\"dateModified\":\"2024-11-07T14:30:02+00:00\",\"breadcrumb\":{\"@id\":\"https:\\\/\\\/maranhaotv.com.br\\\/index.php\\\/2024\\\/11\\\/07\\\/em-brasilia-vice-governador-do-maranhao-felipe-camarao-cumpre-agendas-com-agu-e-mec\\\/#breadcrumb\"},\"inLanguage\":\"pt-BR\",\"potentialAction\":[{\"@type\":\"ReadAction\",\"target\":[\"https:\\\/\\\/maranhaotv.com.br\\\/index.php\\\/2024\\\/11\\\/07\\\/em-brasilia-vice-governador-do-maranhao-felipe-camarao-cumpre-agendas-com-agu-e-mec\\\/\"]}]},{\"@type\":\"ImageObject\",\"inLanguage\":\"pt-BR\",\"@id\":\"https:\\\/\\\/maranhaotv.com.br\\\/index.php\\\/2024\\\/11\\\/07\\\/em-brasilia-vice-governador-do-maranhao-felipe-camarao-cumpre-agendas-com-agu-e-mec\\\/#primaryimage\",\"url\":\"https:\\\/\\\/maranhaotv.com.br\\\/wp-content\\\/uploads\\\/2024\\\/11\\\/IMG-20241107-WA0125.jpg\",\"contentUrl\":\"https:\\\/\\\/maranhaotv.com.br\\\/wp-content\\\/uploads\\\/2024\\\/11\\\/IMG-20241107-WA0125.jpg\",\"width\":799,\"height\":533},{\"@type\":\"BreadcrumbList\",\"@id\":\"https:\\\/\\\/maranhaotv.com.br\\\/index.php\\\/2024\\\/11\\\/07\\\/em-brasilia-vice-governador-do-maranhao-felipe-camarao-cumpre-agendas-com-agu-e-mec\\\/#breadcrumb\",\"itemListElement\":[{\"@type\":\"ListItem\",\"position\":1,\"name\":\"In\u00edcio\",\"item\":\"https:\\\/\\\/maranhaotv.com.br\\\/\"},{\"@type\":\"ListItem\",\"position\":2,\"name\":\"Em Bras\u00edlia, vice-governador do Maranh\u00e3o, Felipe Camar\u00e3o, cumpre agendas com AGU e MEC\"}]},{\"@type\":\"WebSite\",\"@id\":\"https:\\\/\\\/maranhaotv.com.br\\\/#website\",\"url\":\"https:\\\/\\\/maranhaotv.com.br\\\/\",\"name\":\"Maranh\u00e3oTV\",\"description\":\"\",\"publisher\":{\"@id\":\"https:\\\/\\\/maranhaotv.com.br\\\/#organization\"},\"potentialAction\":[{\"@type\":\"SearchAction\",\"target\":{\"@type\":\"EntryPoint\",\"urlTemplate\":\"https:\\\/\\\/maranhaotv.com.br\\\/?s={search_term_string}\"},\"query-input\":{\"@type\":\"PropertyValueSpecification\",\"valueRequired\":true,\"valueName\":\"search_term_string\"}}],\"inLanguage\":\"pt-BR\"},{\"@type\":\"Organization\",\"@id\":\"https:\\\/\\\/maranhaotv.com.br\\\/#organization\",\"name\":\"Portal de Not\u00edcias\",\"url\":\"https:\\\/\\\/maranhaotv.com.br\\\/\",\"logo\":{\"@type\":\"ImageObject\",\"inLanguage\":\"pt-BR\",\"@id\":\"https:\\\/\\\/maranhaotv.com.br\\\/#\\\/schema\\\/logo\\\/image\\\/\",\"url\":\"https:\\\/\\\/maranhaotv.com.br\\\/wp-content\\\/uploads\\\/2024\\\/05\\\/cropped-cropped-avatar-1.png\",\"contentUrl\":\"https:\\\/\\\/maranhaotv.com.br\\\/wp-content\\\/uploads\\\/2024\\\/05\\\/cropped-cropped-avatar-1.png\",\"width\":792,\"height\":428,\"caption\":\"Portal de Not\u00edcias\"},\"image\":{\"@id\":\"https:\\\/\\\/maranhaotv.com.br\\\/#\\\/schema\\\/logo\\\/image\\\/\"},\"sameAs\":[\"https:\\\/\\\/www.facebook.com\\\/maiobaotv\",\"https:\\\/\\\/x.com\\\/sitemaranhaotv\",\"https:\\\/\\\/www.instagram.com\\\/maranhao.tv\",\"https:\\\/\\\/www.threads.net\\\/@maranhao.tv\"]},{\"@type\":\"Person\",\"@id\":\"https:\\\/\\\/maranhaotv.com.br\\\/#\\\/schema\\\/person\\\/3d54238e86b20bb5c89ab2fdb8f8829a\",\"name\":\"maranhaotv\",\"image\":{\"@type\":\"ImageObject\",\"inLanguage\":\"pt-BR\",\"@id\":\"https:\\\/\\\/secure.gravatar.com\\\/avatar\\\/8fadbca458d4cb68b1dd399ae9a40618d747bb1af65ac9fad21c89220a143eb4?s=96&d=mm&r=g\",\"url\":\"https:\\\/\\\/secure.gravatar.com\\\/avatar\\\/8fadbca458d4cb68b1dd399ae9a40618d747bb1af65ac9fad21c89220a143eb4?s=96&d=mm&r=g\",\"contentUrl\":\"https:\\\/\\\/secure.gravatar.com\\\/avatar\\\/8fadbca458d4cb68b1dd399ae9a40618d747bb1af65ac9fad21c89220a143eb4?s=96&d=mm&r=g\",\"caption\":\"maranhaotv\"},\"sameAs\":[\"https:\\\/\\\/maranhaotv.com.br\\\/\"],\"url\":\"https:\\\/\\\/maranhaotv.com.br\\\/index.php\\\/author\\\/maranhaotv\\\/\"}]}<\/script>\n<!-- \/ Yoast SEO plugin. -->","yoast_head_json":{"title":"Em Bras\u00edlia, vice-governador do Maranh\u00e3o, Felipe Camar\u00e3o, cumpre agendas com AGU e MEC - NOT\u00cdCIAS EM TEMPO REAL","robots":{"index":"index","follow":"follow","max-snippet":"max-snippet:-1","max-image-preview":"max-image-preview:large","max-video-preview":"max-video-preview:-1"},"canonical":"https:\/\/maranhaotv.com.br\/index.php\/2024\/11\/07\/em-brasilia-vice-governador-do-maranhao-felipe-camarao-cumpre-agendas-com-agu-e-mec\/","og_locale":"pt_BR","og_type":"article","og_title":"Em Bras\u00edlia, vice-governador do Maranh\u00e3o, Felipe Camar\u00e3o, cumpre agendas com AGU e MEC - NOT\u00cdCIAS EM TEMPO REAL","og_description":"O vice-governador do Maranh\u00e3o, Felipe Camar\u00e3o, est\u00e1 em Bras\u00edlia cumprindo agenda institucional. Em sua primeira parada na Capital Federal, Felipe","og_url":"https:\/\/maranhaotv.com.br\/index.php\/2024\/11\/07\/em-brasilia-vice-governador-do-maranhao-felipe-camarao-cumpre-agendas-com-agu-e-mec\/","og_site_name":"NOT\u00cdCIAS EM TEMPO REAL","article_publisher":"https:\/\/www.facebook.com\/maiobaotv","article_published_time":"2024-11-07T14:29:40+00:00","article_modified_time":"2024-11-07T14:30:02+00:00","og_image":[{"width":799,"height":533,"url":"https:\/\/maranhaotv.com.br\/wp-content\/uploads\/2024\/11\/IMG-20241107-WA0125.jpg","type":"image\/jpeg"}],"author":"maranhaotv","twitter_card":"summary_large_image","twitter_creator":"@sitemaranhaotv","twitter_site":"@sitemaranhaotv","twitter_misc":{"Escrito por":"maranhaotv","Est. tempo de leitura":"4 minutos"},"schema":{"@context":"https:\/\/schema.org","@graph":[{"@type":"Article","@id":"https:\/\/maranhaotv.com.br\/index.php\/2024\/11\/07\/em-brasilia-vice-governador-do-maranhao-felipe-camarao-cumpre-agendas-com-agu-e-mec\/#article","isPartOf":{"@id":"https:\/\/maranhaotv.com.br\/index.php\/2024\/11\/07\/em-brasilia-vice-governador-do-maranhao-felipe-camarao-cumpre-agendas-com-agu-e-mec\/"},"author":{"name":"maranhaotv","@id":"https:\/\/maranhaotv.com.br\/#\/schema\/person\/3d54238e86b20bb5c89ab2fdb8f8829a"},"headline":"Em Bras\u00edlia, vice-governador do Maranh\u00e3o, Felipe Camar\u00e3o, cumpre agendas com AGU e MEC","datePublished":"2024-11-07T14:29:40+00:00","dateModified":"2024-11-07T14:30:02+00:00","mainEntityOfPage":{"@id":"https:\/\/maranhaotv.com.br\/index.php\/2024\/11\/07\/em-brasilia-vice-governador-do-maranhao-felipe-camarao-cumpre-agendas-com-agu-e-mec\/"},"wordCount":728,"commentCount":0,"publisher":{"@id":"https:\/\/maranhaotv.com.br\/#organization"},"image":{"@id":"https:\/\/maranhaotv.com.br\/index.php\/2024\/11\/07\/em-brasilia-vice-governador-do-maranhao-felipe-camarao-cumpre-agendas-com-agu-e-mec\/#primaryimage"},"thumbnailUrl":"https:\/\/maranhaotv.com.br\/wp-content\/uploads\/2024\/11\/IMG-20241107-WA0125.jpg","keywords":["Felipe Camar\u00e3o"],"articleSection":["pol\u00edtica"],"inLanguage":"pt-BR","potentialAction":[{"@type":"CommentAction","name":"Comment","target":["https:\/\/maranhaotv.com.br\/index.php\/2024\/11\/07\/em-brasilia-vice-governador-do-maranhao-felipe-camarao-cumpre-agendas-com-agu-e-mec\/#respond"]}]},{"@type":"WebPage","@id":"https:\/\/maranhaotv.com.br\/index.php\/2024\/11\/07\/em-brasilia-vice-governador-do-maranhao-felipe-camarao-cumpre-agendas-com-agu-e-mec\/","url":"https:\/\/maranhaotv.com.br\/index.php\/2024\/11\/07\/em-brasilia-vice-governador-do-maranhao-felipe-camarao-cumpre-agendas-com-agu-e-mec\/","name":"Em Bras\u00edlia, vice-governador do Maranh\u00e3o, Felipe Camar\u00e3o, cumpre agendas com AGU e MEC - NOT\u00cdCIAS EM TEMPO REAL","isPartOf":{"@id":"https:\/\/maranhaotv.com.br\/#website"},"primaryImageOfPage":{"@id":"https:\/\/maranhaotv.com.br\/index.php\/2024\/11\/07\/em-brasilia-vice-governador-do-maranhao-felipe-camarao-cumpre-agendas-com-agu-e-mec\/#primaryimage"},"image":{"@id":"https:\/\/maranhaotv.com.br\/index.php\/2024\/11\/07\/em-brasilia-vice-governador-do-maranhao-felipe-camarao-cumpre-agendas-com-agu-e-mec\/#primaryimage"},"thumbnailUrl":"https:\/\/maranhaotv.com.br\/wp-content\/uploads\/2024\/11\/IMG-20241107-WA0125.jpg","datePublished":"2024-11-07T14:29:40+00:00","dateModified":"2024-11-07T14:30:02+00:00","breadcrumb":{"@id":"https:\/\/maranhaotv.com.br\/index.php\/2024\/11\/07\/em-brasilia-vice-governador-do-maranhao-felipe-camarao-cumpre-agendas-com-agu-e-mec\/#breadcrumb"},"inLanguage":"pt-BR","potentialAction":[{"@type":"ReadAction","target":["https:\/\/maranhaotv.com.br\/index.php\/2024\/11\/07\/em-brasilia-vice-governador-do-maranhao-felipe-camarao-cumpre-agendas-com-agu-e-mec\/"]}]},{"@type":"ImageObject","inLanguage":"pt-BR","@id":"https:\/\/maranhaotv.com.br\/index.php\/2024\/11\/07\/em-brasilia-vice-governador-do-maranhao-felipe-camarao-cumpre-agendas-com-agu-e-mec\/#primaryimage","url":"https:\/\/maranhaotv.com.br\/wp-content\/uploads\/2024\/11\/IMG-20241107-WA0125.jpg","contentUrl":"https:\/\/maranhaotv.com.br\/wp-content\/uploads\/2024\/11\/IMG-20241107-WA0125.jpg","width":799,"height":533},{"@type":"BreadcrumbList","@id":"https:\/\/maranhaotv.com.br\/index.php\/2024\/11\/07\/em-brasilia-vice-governador-do-maranhao-felipe-camarao-cumpre-agendas-com-agu-e-mec\/#breadcrumb","itemListElement":[{"@type":"ListItem","position":1,"name":"In\u00edcio","item":"https:\/\/maranhaotv.com.br\/"},{"@type":"ListItem","position":2,"name":"Em Bras\u00edlia, vice-governador do Maranh\u00e3o, Felipe Camar\u00e3o, cumpre agendas com AGU e MEC"}]},{"@type":"WebSite","@id":"https:\/\/maranhaotv.com.br\/#website","url":"https:\/\/maranhaotv.com.br\/","name":"Maranh\u00e3oTV","description":"","publisher":{"@id":"https:\/\/maranhaotv.com.br\/#organization"},"potentialAction":[{"@type":"SearchAction","target":{"@type":"EntryPoint","urlTemplate":"https:\/\/maranhaotv.com.br\/?s={search_term_string}"},"query-input":{"@type":"PropertyValueSpecification","valueRequired":true,"valueName":"search_term_string"}}],"inLanguage":"pt-BR"},{"@type":"Organization","@id":"https:\/\/maranhaotv.com.br\/#organization","name":"Portal de Not\u00edcias","url":"https:\/\/maranhaotv.com.br\/","logo":{"@type":"ImageObject","inLanguage":"pt-BR","@id":"https:\/\/maranhaotv.com.br\/#\/schema\/logo\/image\/","url":"https:\/\/maranhaotv.com.br\/wp-content\/uploads\/2024\/05\/cropped-cropped-avatar-1.png","contentUrl":"https:\/\/maranhaotv.com.br\/wp-content\/uploads\/2024\/05\/cropped-cropped-avatar-1.png","width":792,"height":428,"caption":"Portal de Not\u00edcias"},"image":{"@id":"https:\/\/maranhaotv.com.br\/#\/schema\/logo\/image\/"},"sameAs":["https:\/\/www.facebook.com\/maiobaotv","https:\/\/x.com\/sitemaranhaotv","https:\/\/www.instagram.com\/maranhao.tv","https:\/\/www.threads.net\/@maranhao.tv"]},{"@type":"Person","@id":"https:\/\/maranhaotv.com.br\/#\/schema\/person\/3d54238e86b20bb5c89ab2fdb8f8829a","name":"maranhaotv","image":{"@type":"ImageObject","inLanguage":"pt-BR","@id":"https:\/\/secure.gravatar.com\/avatar\/8fadbca458d4cb68b1dd399ae9a40618d747bb1af65ac9fad21c89220a143eb4?s=96&d=mm&r=g","url":"https:\/\/secure.gravatar.com\/avatar\/8fadbca458d4cb68b1dd399ae9a40618d747bb1af65ac9fad21c89220a143eb4?s=96&d=mm&r=g","contentUrl":"https:\/\/secure.gravatar.com\/avatar\/8fadbca458d4cb68b1dd399ae9a40618d747bb1af65ac9fad21c89220a143eb4?s=96&d=mm&r=g","caption":"maranhaotv"},"sameAs":["https:\/\/maranhaotv.com.br\/"],"url":"https:\/\/maranhaotv.com.br\/index.php\/author\/maranhaotv\/"}]}},"jetpack_featured_media_url":"https:\/\/maranhaotv.com.br\/wp-content\/uploads\/2024\/11\/IMG-20241107-WA0125.jpg","jetpack_sharing_enabled":true,"_links":{"self":[{"href":"https:\/\/maranhaotv.com.br\/index.php\/wp-json\/wp\/v2\/posts\/38698","targetHints":{"allow":["GET"]}}],"collection":[{"href":"https:\/\/maranhaotv.com.br\/index.php\/wp-json\/wp\/v2\/posts"}],"about":[{"href":"https:\/\/maranhaotv.com.br\/index.php\/wp-json\/wp\/v2\/types\/post"}],"author":[{"embeddable":true,"href":"https:\/\/maranhaotv.com.br\/index.php\/wp-json\/wp\/v2\/users\/2"}],"replies":[{"embeddable":true,"href":"https:\/\/maranhaotv.com.br\/index.php\/wp-json\/wp\/v2\/comments?post=38698"}],"version-history":[{"count":1,"href":"https:\/\/maranhaotv.com.br\/index.php\/wp-json\/wp\/v2\/posts\/38698\/revisions"}],"predecessor-version":[{"id":38699,"href":"https:\/\/maranhaotv.com.br\/index.php\/wp-json\/wp\/v2\/posts\/38698\/revisions\/38699"}],"wp:featuredmedia":[{"embeddable":true,"href":"https:\/\/maranhaotv.com.br\/index.php\/wp-json\/wp\/v2\/media\/38697"}],"wp:attachment":[{"href":"https:\/\/maranhaotv.com.br\/index.php\/wp-json\/wp\/v2\/media?parent=38698"}],"wp:term":[{"taxonomy":"category","embeddable":true,"href":"https:\/\/maranhaotv.com.br\/index.php\/wp-json\/wp\/v2\/categories?post=38698"},{"taxonomy":"post_tag","embeddable":true,"href":"https:\/\/maranhaotv.com.br\/index.php\/wp-json\/wp\/v2\/tags?post=38698"}],"curies":[{"name":"wp","href":"https:\/\/api.w.org\/{rel}","templated":true}]}}