{"id":38704,"date":"2024-11-08T14:09:19","date_gmt":"2024-11-08T17:09:19","guid":{"rendered":"https:\/\/maranhaotv.com.br\/?p=38704"},"modified":"2024-11-08T14:09:28","modified_gmt":"2024-11-08T17:09:28","slug":"prefeitura-de-turiacu-esta-impedida-de-realizar-contratacoes-de-pessoal","status":"publish","type":"post","link":"https:\/\/maranhaotv.com.br\/index.php\/2024\/11\/08\/prefeitura-de-turiacu-esta-impedida-de-realizar-contratacoes-de-pessoal\/","title":{"rendered":"Prefeitura de Turia\u00e7u est\u00e1 impedida de realizar contrata\u00e7\u00f5es de pessoal"},"content":{"rendered":"\n<p> A Prefeitura de Turia\u00e7u e o prefeito do munic\u00edpio, Edesio Cavalcanti, por determina\u00e7\u00e3o do Judici\u00e1rio, devem deixar de realizar contrata\u00e7\u00f5es tempor\u00e1rias de pessoal, que ultrapassem os limites previstos na Lei Ordin\u00e1ria Municipal 783\/2022.<br><br>A decis\u00e3o liminar \u00e9 tempor\u00e1ria e foi emitida pelo Juiz Humberto Alves J\u00fanior (titular da Vara \u00danica de Pindar\u00e9-Mirim), respondendo pela Comarca de Turia\u00e7u, que acatou pedido feito em A\u00e7\u00e3o Popular movida pelos vereadores da cidade.<br><br>A a\u00e7\u00e3o relata que o Munic\u00edpio e o prefeito t\u00eam feito contrata\u00e7\u00f5es tempor\u00e1rias sem observar os requisitos legais, em vez de realizar concurso p\u00fablico, para obter vantagem pol\u00edtica, afrontando os princ\u00edpios constitucionais da administra\u00e7\u00e3o p\u00fablica.<br><br>O Judici\u00e1rio tamb\u00e9m analisou uma segunda A\u00e7\u00e3o Popular ajuizada em 2024 e determinou, em decis\u00e3o liminar, que o Munic\u00edpio de Turia\u00e7u e o prefeito prestem informa\u00e7\u00f5es sobre quantos e quais s\u00e3o os alunos matriculados em escolar de tempo integral, por meio de sistema pr\u00f3prio, para verificar como os recursos do ensino em tempo integral foram aplicados.<br><br>Nessa segunda a\u00e7\u00e3o, os autores relataram que n\u00e3o foram prestadas as informa\u00e7\u00f5es sobre os recursos do Fundo Nacional de Desenvolvimento da Educa\u00e7\u00e3o (FUNDEB), dos anos de 2022\/2023, de modo que a falta dessas informa\u00e7\u00f5es impede que o Legislativo municipal fiscalize a utiliza\u00e7\u00e3o de recursos para a educa\u00e7\u00e3o b\u00e1sica e o ensino em tempo integral.<br><br>Os autores dessa \u00faltima a\u00e7\u00e3o alegaram que fiscaliza\u00e7\u00e3o do Tribunal de Contas do Estado do Maranh\u00e3o concluiu que o prefeito informou 7.574 alunos a mais no n\u00famero de matr\u00edculas na educa\u00e7\u00e3o de tempo integral, o que resultou em repasse de valores do FUNDEB acima da quantia devida.<br><br>Nos dois casos, o juiz estabeleceu multas di\u00e1rias, no caso de descumprimento das decis\u00f5es, com valores que podem chegar at\u00e9 R$ 3 milh\u00f5es, se forem desobedecidas.<\/p>\n","protected":false},"excerpt":{"rendered":"<p>A Prefeitura de Turia\u00e7u e o prefeito do munic\u00edpio, Edesio Cavalcanti, por determina\u00e7\u00e3o do Judici\u00e1rio, devem deixar de realizar contrata\u00e7\u00f5es<\/p>\n","protected":false},"author":2,"featured_media":38703,"comment_status":"open","ping_status":"open","sticky":false,"template":"","format":"standard","meta":{"colormag_page_container_layout":"default_layout","colormag_page_sidebar_layout":"default_layout","_jetpack_memberships_contains_paid_content":false,"footnotes":""},"categories":[6],"tags":[182],"class_list":["post-38704","post","type-post","status-publish","format-standard","has-post-thumbnail","hentry","category-politica","tag-turiacu"],"magazineBlocksPostFeaturedMedia":{"thumbnail":"https:\/\/maranhaotv.com.br\/wp-content\/uploads\/2024\/11\/Edesio-Cavalcanti-150x150.webp","medium":"https:\/\/maranhaotv.com.br\/wp-content\/uploads\/2024\/11\/Edesio-Cavalcanti-300x185.webp","medium_large":"https:\/\/maranhaotv.com.br\/wp-content\/uploads\/2024\/11\/Edesio-Cavalcanti.webp","large":"https:\/\/maranhaotv.com.br\/wp-content\/uploads\/2024\/11\/Edesio-Cavalcanti.webp","1536x1536":"https:\/\/maranhaotv.com.br\/wp-content\/uploads\/2024\/11\/Edesio-Cavalcanti.webp","2048x2048":"https:\/\/maranhaotv.com.br\/wp-content\/uploads\/2024\/11\/Edesio-Cavalcanti.webp","colormag-highlighted-post":"https:\/\/maranhaotv.com.br\/wp-content\/uploads\/2024\/11\/Edesio-Cavalcanti-392x272.webp","colormag-featured-post-medium":"https:\/\/maranhaotv.com.br\/wp-content\/uploads\/2024\/11\/Edesio-Cavalcanti-390x205.webp","colormag-featured-post-small":"https:\/\/maranhaotv.com.br\/wp-content\/uploads\/2024\/11\/Edesio-Cavalcanti-130x90.webp","colormag-featured-image":"https:\/\/maranhaotv.com.br\/wp-content\/uploads\/2024\/11\/Edesio-Cavalcanti.webp","colormag-default-news":"https:\/\/maranhaotv.com.br\/wp-content\/uploads\/2024\/11\/Edesio-Cavalcanti-150x150.webp","colormag-featured-image-large":"https:\/\/maranhaotv.com.br\/wp-content\/uploads\/2024\/11\/Edesio-Cavalcanti.webp"},"magazineBlocksPostAuthor":{"name":"maranhaotv","avatar":"https:\/\/secure.gravatar.com\/avatar\/8fadbca458d4cb68b1dd399ae9a40618d747bb1af65ac9fad21c89220a143eb4?s=96&d=mm&r=g"},"magazineBlocksPostCommentsNumber":"0","magazineBlocksPostExcerpt":"A Prefeitura de Turia\u00e7u e o prefeito do munic\u00edpio, Edesio Cavalcanti, por determina\u00e7\u00e3o do Judici\u00e1rio, devem deixar de realizar contrata\u00e7\u00f5es","magazineBlocksPostCategories":["pol\u00edtica"],"magazineBlocksPostViewCount":232,"magazineBlocksPostReadTime":2,"magazine_blocks_featured_image_url":{"full":["https:\/\/maranhaotv.com.br\/wp-content\/uploads\/2024\/11\/Edesio-Cavalcanti.webp",570,351,false],"medium":["https:\/\/maranhaotv.com.br\/wp-content\/uploads\/2024\/11\/Edesio-Cavalcanti-300x185.webp",300,185,true],"thumbnail":["https:\/\/maranhaotv.com.br\/wp-content\/uploads\/2024\/11\/Edesio-Cavalcanti-150x150.webp",150,150,true]},"magazine_blocks_author":{"display_name":"maranhaotv","author_link":"https:\/\/maranhaotv.com.br\/index.php\/author\/maranhaotv\/"},"magazine_blocks_comment":0,"magazine_blocks_author_image":"https:\/\/secure.gravatar.com\/avatar\/8fadbca458d4cb68b1dd399ae9a40618d747bb1af65ac9fad21c89220a143eb4?s=96&d=mm&r=g","magazine_blocks_category":"<a href=\"#\" class=\"category-link category-link-6\">pol\u00edtica<\/a>","yoast_head":"<!-- This site is optimized with the Yoast SEO plugin v27.4 - https:\/\/yoast.com\/product\/yoast-seo-wordpress\/ -->\n<title>Prefeitura de Turia\u00e7u est\u00e1 impedida de realizar contrata\u00e7\u00f5es de pessoal - NOT\u00cdCIAS EM TEMPO REAL<\/title>\n<meta name=\"robots\" content=\"index, follow, max-snippet:-1, max-image-preview:large, max-video-preview:-1\" \/>\n<link rel=\"canonical\" href=\"https:\/\/maranhaotv.com.br\/index.php\/2024\/11\/08\/prefeitura-de-turiacu-esta-impedida-de-realizar-contratacoes-de-pessoal\/\" \/>\n<meta property=\"og:locale\" content=\"pt_BR\" \/>\n<meta property=\"og:type\" content=\"article\" \/>\n<meta property=\"og:title\" content=\"Prefeitura de Turia\u00e7u est\u00e1 impedida de realizar contrata\u00e7\u00f5es de pessoal - NOT\u00cdCIAS EM TEMPO REAL\" \/>\n<meta property=\"og:description\" content=\"A Prefeitura de Turia\u00e7u e o prefeito do munic\u00edpio, Edesio Cavalcanti, por determina\u00e7\u00e3o do Judici\u00e1rio, devem deixar de realizar contrata\u00e7\u00f5es\" \/>\n<meta property=\"og:url\" content=\"https:\/\/maranhaotv.com.br\/index.php\/2024\/11\/08\/prefeitura-de-turiacu-esta-impedida-de-realizar-contratacoes-de-pessoal\/\" \/>\n<meta property=\"og:site_name\" content=\"NOT\u00cdCIAS EM TEMPO REAL\" \/>\n<meta property=\"article:publisher\" content=\"https:\/\/www.facebook.com\/maiobaotv\" \/>\n<meta property=\"article:published_time\" content=\"2024-11-08T17:09:19+00:00\" \/>\n<meta property=\"article:modified_time\" content=\"2024-11-08T17:09:28+00:00\" \/>\n<meta property=\"og:image\" content=\"https:\/\/maranhaotv.com.br\/wp-content\/uploads\/2024\/11\/Edesio-Cavalcanti.webp\" \/>\n\t<meta property=\"og:image:width\" content=\"570\" \/>\n\t<meta property=\"og:image:height\" content=\"351\" \/>\n\t<meta property=\"og:image:type\" content=\"image\/webp\" \/>\n<meta name=\"author\" content=\"maranhaotv\" \/>\n<meta name=\"twitter:card\" content=\"summary_large_image\" \/>\n<meta name=\"twitter:creator\" content=\"@sitemaranhaotv\" \/>\n<meta name=\"twitter:site\" content=\"@sitemaranhaotv\" \/>\n<meta name=\"twitter:label1\" content=\"Escrito por\" \/>\n\t<meta name=\"twitter:data1\" content=\"maranhaotv\" \/>\n\t<meta name=\"twitter:label2\" content=\"Est. tempo de leitura\" \/>\n\t<meta name=\"twitter:data2\" content=\"2 minutos\" \/>\n<script type=\"application\/ld+json\" class=\"yoast-schema-graph\">{\"@context\":\"https:\\\/\\\/schema.org\",\"@graph\":[{\"@type\":\"Article\",\"@id\":\"https:\\\/\\\/maranhaotv.com.br\\\/index.php\\\/2024\\\/11\\\/08\\\/prefeitura-de-turiacu-esta-impedida-de-realizar-contratacoes-de-pessoal\\\/#article\",\"isPartOf\":{\"@id\":\"https:\\\/\\\/maranhaotv.com.br\\\/index.php\\\/2024\\\/11\\\/08\\\/prefeitura-de-turiacu-esta-impedida-de-realizar-contratacoes-de-pessoal\\\/\"},\"author\":{\"name\":\"maranhaotv\",\"@id\":\"https:\\\/\\\/maranhaotv.com.br\\\/#\\\/schema\\\/person\\\/3d54238e86b20bb5c89ab2fdb8f8829a\"},\"headline\":\"Prefeitura de Turia\u00e7u est\u00e1 impedida de realizar contrata\u00e7\u00f5es de pessoal\",\"datePublished\":\"2024-11-08T17:09:19+00:00\",\"dateModified\":\"2024-11-08T17:09:28+00:00\",\"mainEntityOfPage\":{\"@id\":\"https:\\\/\\\/maranhaotv.com.br\\\/index.php\\\/2024\\\/11\\\/08\\\/prefeitura-de-turiacu-esta-impedida-de-realizar-contratacoes-de-pessoal\\\/\"},\"wordCount\":342,\"commentCount\":0,\"publisher\":{\"@id\":\"https:\\\/\\\/maranhaotv.com.br\\\/#organization\"},\"image\":{\"@id\":\"https:\\\/\\\/maranhaotv.com.br\\\/index.php\\\/2024\\\/11\\\/08\\\/prefeitura-de-turiacu-esta-impedida-de-realizar-contratacoes-de-pessoal\\\/#primaryimage\"},\"thumbnailUrl\":\"https:\\\/\\\/maranhaotv.com.br\\\/wp-content\\\/uploads\\\/2024\\\/11\\\/Edesio-Cavalcanti.webp\",\"keywords\":[\"Turia\u00e7u\"],\"articleSection\":[\"pol\u00edtica\"],\"inLanguage\":\"pt-BR\",\"potentialAction\":[{\"@type\":\"CommentAction\",\"name\":\"Comment\",\"target\":[\"https:\\\/\\\/maranhaotv.com.br\\\/index.php\\\/2024\\\/11\\\/08\\\/prefeitura-de-turiacu-esta-impedida-de-realizar-contratacoes-de-pessoal\\\/#respond\"]}]},{\"@type\":\"WebPage\",\"@id\":\"https:\\\/\\\/maranhaotv.com.br\\\/index.php\\\/2024\\\/11\\\/08\\\/prefeitura-de-turiacu-esta-impedida-de-realizar-contratacoes-de-pessoal\\\/\",\"url\":\"https:\\\/\\\/maranhaotv.com.br\\\/index.php\\\/2024\\\/11\\\/08\\\/prefeitura-de-turiacu-esta-impedida-de-realizar-contratacoes-de-pessoal\\\/\",\"name\":\"Prefeitura de Turia\u00e7u est\u00e1 impedida de realizar contrata\u00e7\u00f5es de pessoal - NOT\u00cdCIAS EM TEMPO REAL\",\"isPartOf\":{\"@id\":\"https:\\\/\\\/maranhaotv.com.br\\\/#website\"},\"primaryImageOfPage\":{\"@id\":\"https:\\\/\\\/maranhaotv.com.br\\\/index.php\\\/2024\\\/11\\\/08\\\/prefeitura-de-turiacu-esta-impedida-de-realizar-contratacoes-de-pessoal\\\/#primaryimage\"},\"image\":{\"@id\":\"https:\\\/\\\/maranhaotv.com.br\\\/index.php\\\/2024\\\/11\\\/08\\\/prefeitura-de-turiacu-esta-impedida-de-realizar-contratacoes-de-pessoal\\\/#primaryimage\"},\"thumbnailUrl\":\"https:\\\/\\\/maranhaotv.com.br\\\/wp-content\\\/uploads\\\/2024\\\/11\\\/Edesio-Cavalcanti.webp\",\"datePublished\":\"2024-11-08T17:09:19+00:00\",\"dateModified\":\"2024-11-08T17:09:28+00:00\",\"breadcrumb\":{\"@id\":\"https:\\\/\\\/maranhaotv.com.br\\\/index.php\\\/2024\\\/11\\\/08\\\/prefeitura-de-turiacu-esta-impedida-de-realizar-contratacoes-de-pessoal\\\/#breadcrumb\"},\"inLanguage\":\"pt-BR\",\"potentialAction\":[{\"@type\":\"ReadAction\",\"target\":[\"https:\\\/\\\/maranhaotv.com.br\\\/index.php\\\/2024\\\/11\\\/08\\\/prefeitura-de-turiacu-esta-impedida-de-realizar-contratacoes-de-pessoal\\\/\"]}]},{\"@type\":\"ImageObject\",\"inLanguage\":\"pt-BR\",\"@id\":\"https:\\\/\\\/maranhaotv.com.br\\\/index.php\\\/2024\\\/11\\\/08\\\/prefeitura-de-turiacu-esta-impedida-de-realizar-contratacoes-de-pessoal\\\/#primaryimage\",\"url\":\"https:\\\/\\\/maranhaotv.com.br\\\/wp-content\\\/uploads\\\/2024\\\/11\\\/Edesio-Cavalcanti.webp\",\"contentUrl\":\"https:\\\/\\\/maranhaotv.com.br\\\/wp-content\\\/uploads\\\/2024\\\/11\\\/Edesio-Cavalcanti.webp\",\"width\":570,\"height\":351},{\"@type\":\"BreadcrumbList\",\"@id\":\"https:\\\/\\\/maranhaotv.com.br\\\/index.php\\\/2024\\\/11\\\/08\\\/prefeitura-de-turiacu-esta-impedida-de-realizar-contratacoes-de-pessoal\\\/#breadcrumb\",\"itemListElement\":[{\"@type\":\"ListItem\",\"position\":1,\"name\":\"In\u00edcio\",\"item\":\"https:\\\/\\\/maranhaotv.com.br\\\/\"},{\"@type\":\"ListItem\",\"position\":2,\"name\":\"Prefeitura de Turia\u00e7u est\u00e1 impedida de realizar contrata\u00e7\u00f5es de pessoal\"}]},{\"@type\":\"WebSite\",\"@id\":\"https:\\\/\\\/maranhaotv.com.br\\\/#website\",\"url\":\"https:\\\/\\\/maranhaotv.com.br\\\/\",\"name\":\"Maranh\u00e3oTV\",\"description\":\"\",\"publisher\":{\"@id\":\"https:\\\/\\\/maranhaotv.com.br\\\/#organization\"},\"potentialAction\":[{\"@type\":\"SearchAction\",\"target\":{\"@type\":\"EntryPoint\",\"urlTemplate\":\"https:\\\/\\\/maranhaotv.com.br\\\/?s={search_term_string}\"},\"query-input\":{\"@type\":\"PropertyValueSpecification\",\"valueRequired\":true,\"valueName\":\"search_term_string\"}}],\"inLanguage\":\"pt-BR\"},{\"@type\":\"Organization\",\"@id\":\"https:\\\/\\\/maranhaotv.com.br\\\/#organization\",\"name\":\"Portal de Not\u00edcias\",\"url\":\"https:\\\/\\\/maranhaotv.com.br\\\/\",\"logo\":{\"@type\":\"ImageObject\",\"inLanguage\":\"pt-BR\",\"@id\":\"https:\\\/\\\/maranhaotv.com.br\\\/#\\\/schema\\\/logo\\\/image\\\/\",\"url\":\"https:\\\/\\\/maranhaotv.com.br\\\/wp-content\\\/uploads\\\/2024\\\/05\\\/cropped-cropped-avatar-1.png\",\"contentUrl\":\"https:\\\/\\\/maranhaotv.com.br\\\/wp-content\\\/uploads\\\/2024\\\/05\\\/cropped-cropped-avatar-1.png\",\"width\":792,\"height\":428,\"caption\":\"Portal de Not\u00edcias\"},\"image\":{\"@id\":\"https:\\\/\\\/maranhaotv.com.br\\\/#\\\/schema\\\/logo\\\/image\\\/\"},\"sameAs\":[\"https:\\\/\\\/www.facebook.com\\\/maiobaotv\",\"https:\\\/\\\/x.com\\\/sitemaranhaotv\",\"https:\\\/\\\/www.instagram.com\\\/maranhao.tv\",\"https:\\\/\\\/www.threads.net\\\/@maranhao.tv\"]},{\"@type\":\"Person\",\"@id\":\"https:\\\/\\\/maranhaotv.com.br\\\/#\\\/schema\\\/person\\\/3d54238e86b20bb5c89ab2fdb8f8829a\",\"name\":\"maranhaotv\",\"image\":{\"@type\":\"ImageObject\",\"inLanguage\":\"pt-BR\",\"@id\":\"https:\\\/\\\/secure.gravatar.com\\\/avatar\\\/8fadbca458d4cb68b1dd399ae9a40618d747bb1af65ac9fad21c89220a143eb4?s=96&d=mm&r=g\",\"url\":\"https:\\\/\\\/secure.gravatar.com\\\/avatar\\\/8fadbca458d4cb68b1dd399ae9a40618d747bb1af65ac9fad21c89220a143eb4?s=96&d=mm&r=g\",\"contentUrl\":\"https:\\\/\\\/secure.gravatar.com\\\/avatar\\\/8fadbca458d4cb68b1dd399ae9a40618d747bb1af65ac9fad21c89220a143eb4?s=96&d=mm&r=g\",\"caption\":\"maranhaotv\"},\"sameAs\":[\"https:\\\/\\\/maranhaotv.com.br\\\/\"],\"url\":\"https:\\\/\\\/maranhaotv.com.br\\\/index.php\\\/author\\\/maranhaotv\\\/\"}]}<\/script>\n<!-- \/ Yoast SEO plugin. -->","yoast_head_json":{"title":"Prefeitura de Turia\u00e7u est\u00e1 impedida de realizar contrata\u00e7\u00f5es de pessoal - NOT\u00cdCIAS EM TEMPO REAL","robots":{"index":"index","follow":"follow","max-snippet":"max-snippet:-1","max-image-preview":"max-image-preview:large","max-video-preview":"max-video-preview:-1"},"canonical":"https:\/\/maranhaotv.com.br\/index.php\/2024\/11\/08\/prefeitura-de-turiacu-esta-impedida-de-realizar-contratacoes-de-pessoal\/","og_locale":"pt_BR","og_type":"article","og_title":"Prefeitura de Turia\u00e7u est\u00e1 impedida de realizar contrata\u00e7\u00f5es de pessoal - NOT\u00cdCIAS EM TEMPO REAL","og_description":"A Prefeitura de Turia\u00e7u e o prefeito do munic\u00edpio, Edesio Cavalcanti, por determina\u00e7\u00e3o do Judici\u00e1rio, devem deixar de realizar contrata\u00e7\u00f5es","og_url":"https:\/\/maranhaotv.com.br\/index.php\/2024\/11\/08\/prefeitura-de-turiacu-esta-impedida-de-realizar-contratacoes-de-pessoal\/","og_site_name":"NOT\u00cdCIAS EM TEMPO REAL","article_publisher":"https:\/\/www.facebook.com\/maiobaotv","article_published_time":"2024-11-08T17:09:19+00:00","article_modified_time":"2024-11-08T17:09:28+00:00","og_image":[{"width":570,"height":351,"url":"https:\/\/maranhaotv.com.br\/wp-content\/uploads\/2024\/11\/Edesio-Cavalcanti.webp","type":"image\/webp"}],"author":"maranhaotv","twitter_card":"summary_large_image","twitter_creator":"@sitemaranhaotv","twitter_site":"@sitemaranhaotv","twitter_misc":{"Escrito por":"maranhaotv","Est. tempo de leitura":"2 minutos"},"schema":{"@context":"https:\/\/schema.org","@graph":[{"@type":"Article","@id":"https:\/\/maranhaotv.com.br\/index.php\/2024\/11\/08\/prefeitura-de-turiacu-esta-impedida-de-realizar-contratacoes-de-pessoal\/#article","isPartOf":{"@id":"https:\/\/maranhaotv.com.br\/index.php\/2024\/11\/08\/prefeitura-de-turiacu-esta-impedida-de-realizar-contratacoes-de-pessoal\/"},"author":{"name":"maranhaotv","@id":"https:\/\/maranhaotv.com.br\/#\/schema\/person\/3d54238e86b20bb5c89ab2fdb8f8829a"},"headline":"Prefeitura de Turia\u00e7u est\u00e1 impedida de realizar contrata\u00e7\u00f5es de pessoal","datePublished":"2024-11-08T17:09:19+00:00","dateModified":"2024-11-08T17:09:28+00:00","mainEntityOfPage":{"@id":"https:\/\/maranhaotv.com.br\/index.php\/2024\/11\/08\/prefeitura-de-turiacu-esta-impedida-de-realizar-contratacoes-de-pessoal\/"},"wordCount":342,"commentCount":0,"publisher":{"@id":"https:\/\/maranhaotv.com.br\/#organization"},"image":{"@id":"https:\/\/maranhaotv.com.br\/index.php\/2024\/11\/08\/prefeitura-de-turiacu-esta-impedida-de-realizar-contratacoes-de-pessoal\/#primaryimage"},"thumbnailUrl":"https:\/\/maranhaotv.com.br\/wp-content\/uploads\/2024\/11\/Edesio-Cavalcanti.webp","keywords":["Turia\u00e7u"],"articleSection":["pol\u00edtica"],"inLanguage":"pt-BR","potentialAction":[{"@type":"CommentAction","name":"Comment","target":["https:\/\/maranhaotv.com.br\/index.php\/2024\/11\/08\/prefeitura-de-turiacu-esta-impedida-de-realizar-contratacoes-de-pessoal\/#respond"]}]},{"@type":"WebPage","@id":"https:\/\/maranhaotv.com.br\/index.php\/2024\/11\/08\/prefeitura-de-turiacu-esta-impedida-de-realizar-contratacoes-de-pessoal\/","url":"https:\/\/maranhaotv.com.br\/index.php\/2024\/11\/08\/prefeitura-de-turiacu-esta-impedida-de-realizar-contratacoes-de-pessoal\/","name":"Prefeitura de Turia\u00e7u est\u00e1 impedida de realizar contrata\u00e7\u00f5es de pessoal - NOT\u00cdCIAS EM TEMPO REAL","isPartOf":{"@id":"https:\/\/maranhaotv.com.br\/#website"},"primaryImageOfPage":{"@id":"https:\/\/maranhaotv.com.br\/index.php\/2024\/11\/08\/prefeitura-de-turiacu-esta-impedida-de-realizar-contratacoes-de-pessoal\/#primaryimage"},"image":{"@id":"https:\/\/maranhaotv.com.br\/index.php\/2024\/11\/08\/prefeitura-de-turiacu-esta-impedida-de-realizar-contratacoes-de-pessoal\/#primaryimage"},"thumbnailUrl":"https:\/\/maranhaotv.com.br\/wp-content\/uploads\/2024\/11\/Edesio-Cavalcanti.webp","datePublished":"2024-11-08T17:09:19+00:00","dateModified":"2024-11-08T17:09:28+00:00","breadcrumb":{"@id":"https:\/\/maranhaotv.com.br\/index.php\/2024\/11\/08\/prefeitura-de-turiacu-esta-impedida-de-realizar-contratacoes-de-pessoal\/#breadcrumb"},"inLanguage":"pt-BR","potentialAction":[{"@type":"ReadAction","target":["https:\/\/maranhaotv.com.br\/index.php\/2024\/11\/08\/prefeitura-de-turiacu-esta-impedida-de-realizar-contratacoes-de-pessoal\/"]}]},{"@type":"ImageObject","inLanguage":"pt-BR","@id":"https:\/\/maranhaotv.com.br\/index.php\/2024\/11\/08\/prefeitura-de-turiacu-esta-impedida-de-realizar-contratacoes-de-pessoal\/#primaryimage","url":"https:\/\/maranhaotv.com.br\/wp-content\/uploads\/2024\/11\/Edesio-Cavalcanti.webp","contentUrl":"https:\/\/maranhaotv.com.br\/wp-content\/uploads\/2024\/11\/Edesio-Cavalcanti.webp","width":570,"height":351},{"@type":"BreadcrumbList","@id":"https:\/\/maranhaotv.com.br\/index.php\/2024\/11\/08\/prefeitura-de-turiacu-esta-impedida-de-realizar-contratacoes-de-pessoal\/#breadcrumb","itemListElement":[{"@type":"ListItem","position":1,"name":"In\u00edcio","item":"https:\/\/maranhaotv.com.br\/"},{"@type":"ListItem","position":2,"name":"Prefeitura de Turia\u00e7u est\u00e1 impedida de realizar contrata\u00e7\u00f5es de pessoal"}]},{"@type":"WebSite","@id":"https:\/\/maranhaotv.com.br\/#website","url":"https:\/\/maranhaotv.com.br\/","name":"Maranh\u00e3oTV","description":"","publisher":{"@id":"https:\/\/maranhaotv.com.br\/#organization"},"potentialAction":[{"@type":"SearchAction","target":{"@type":"EntryPoint","urlTemplate":"https:\/\/maranhaotv.com.br\/?s={search_term_string}"},"query-input":{"@type":"PropertyValueSpecification","valueRequired":true,"valueName":"search_term_string"}}],"inLanguage":"pt-BR"},{"@type":"Organization","@id":"https:\/\/maranhaotv.com.br\/#organization","name":"Portal de Not\u00edcias","url":"https:\/\/maranhaotv.com.br\/","logo":{"@type":"ImageObject","inLanguage":"pt-BR","@id":"https:\/\/maranhaotv.com.br\/#\/schema\/logo\/image\/","url":"https:\/\/maranhaotv.com.br\/wp-content\/uploads\/2024\/05\/cropped-cropped-avatar-1.png","contentUrl":"https:\/\/maranhaotv.com.br\/wp-content\/uploads\/2024\/05\/cropped-cropped-avatar-1.png","width":792,"height":428,"caption":"Portal de Not\u00edcias"},"image":{"@id":"https:\/\/maranhaotv.com.br\/#\/schema\/logo\/image\/"},"sameAs":["https:\/\/www.facebook.com\/maiobaotv","https:\/\/x.com\/sitemaranhaotv","https:\/\/www.instagram.com\/maranhao.tv","https:\/\/www.threads.net\/@maranhao.tv"]},{"@type":"Person","@id":"https:\/\/maranhaotv.com.br\/#\/schema\/person\/3d54238e86b20bb5c89ab2fdb8f8829a","name":"maranhaotv","image":{"@type":"ImageObject","inLanguage":"pt-BR","@id":"https:\/\/secure.gravatar.com\/avatar\/8fadbca458d4cb68b1dd399ae9a40618d747bb1af65ac9fad21c89220a143eb4?s=96&d=mm&r=g","url":"https:\/\/secure.gravatar.com\/avatar\/8fadbca458d4cb68b1dd399ae9a40618d747bb1af65ac9fad21c89220a143eb4?s=96&d=mm&r=g","contentUrl":"https:\/\/secure.gravatar.com\/avatar\/8fadbca458d4cb68b1dd399ae9a40618d747bb1af65ac9fad21c89220a143eb4?s=96&d=mm&r=g","caption":"maranhaotv"},"sameAs":["https:\/\/maranhaotv.com.br\/"],"url":"https:\/\/maranhaotv.com.br\/index.php\/author\/maranhaotv\/"}]}},"jetpack_featured_media_url":"https:\/\/maranhaotv.com.br\/wp-content\/uploads\/2024\/11\/Edesio-Cavalcanti.webp","jetpack_sharing_enabled":true,"_links":{"self":[{"href":"https:\/\/maranhaotv.com.br\/index.php\/wp-json\/wp\/v2\/posts\/38704","targetHints":{"allow":["GET"]}}],"collection":[{"href":"https:\/\/maranhaotv.com.br\/index.php\/wp-json\/wp\/v2\/posts"}],"about":[{"href":"https:\/\/maranhaotv.com.br\/index.php\/wp-json\/wp\/v2\/types\/post"}],"author":[{"embeddable":true,"href":"https:\/\/maranhaotv.com.br\/index.php\/wp-json\/wp\/v2\/users\/2"}],"replies":[{"embeddable":true,"href":"https:\/\/maranhaotv.com.br\/index.php\/wp-json\/wp\/v2\/comments?post=38704"}],"version-history":[{"count":1,"href":"https:\/\/maranhaotv.com.br\/index.php\/wp-json\/wp\/v2\/posts\/38704\/revisions"}],"predecessor-version":[{"id":38705,"href":"https:\/\/maranhaotv.com.br\/index.php\/wp-json\/wp\/v2\/posts\/38704\/revisions\/38705"}],"wp:featuredmedia":[{"embeddable":true,"href":"https:\/\/maranhaotv.com.br\/index.php\/wp-json\/wp\/v2\/media\/38703"}],"wp:attachment":[{"href":"https:\/\/maranhaotv.com.br\/index.php\/wp-json\/wp\/v2\/media?parent=38704"}],"wp:term":[{"taxonomy":"category","embeddable":true,"href":"https:\/\/maranhaotv.com.br\/index.php\/wp-json\/wp\/v2\/categories?post=38704"},{"taxonomy":"post_tag","embeddable":true,"href":"https:\/\/maranhaotv.com.br\/index.php\/wp-json\/wp\/v2\/tags?post=38704"}],"curies":[{"name":"wp","href":"https:\/\/api.w.org\/{rel}","templated":true}]}}