{"id":38712,"date":"2024-11-09T10:48:24","date_gmt":"2024-11-09T13:48:24","guid":{"rendered":"https:\/\/maranhaotv.com.br\/?p=38712"},"modified":"2024-11-09T12:39:42","modified_gmt":"2024-11-09T15:39:42","slug":"pedro-lucas-entrega-dois-sistemas-de-abastecimento-de-agua-e-patrulha-agricola-em-timon","status":"publish","type":"post","link":"https:\/\/maranhaotv.com.br\/index.php\/2024\/11\/09\/pedro-lucas-entrega-dois-sistemas-de-abastecimento-de-agua-e-patrulha-agricola-em-timon\/","title":{"rendered":"Pedro Lucas entrega dois sistemas de abastecimento de \u00e1gua e patrulha agr\u00edcola em Timon"},"content":{"rendered":"\n<p><br><br>O deputado federal Pedro Lucas Fernandes (Uni\u00e3o\/MA) esteve no munic\u00edpio de Timon, nessa sexta-feira (8), realizando entregas, fruto de emenda parlamentar do deputado, que beneficiar\u00e3o diretamente a agricultura familiar e o acesso \u00e0 \u00e1gua no munic\u00edpio. As entregas contaram com a participa\u00e7\u00e3o do prefeito eleito Rafael, do vereador Ivan do Saborear e do secret\u00e1rio estadual de Desenvolvimento Social, Paulo Cas\u00e9 Fernandes.<br><br>A primeira entrega contemplou a comunidade do Paiol por meio da Associa\u00e7\u00e3o dos Produtores Rurais, que recebeu uma patrulha agr\u00edcola com grade aradora. O equipamento tamb\u00e9m ir\u00e1 atender \u00e0s demandas de produ\u00e7\u00e3o agr\u00edcola de outras comunidades da regi\u00e3o.<br><br>Tamb\u00e9m por meio de emenda parlamentar, dois povoados do munic\u00edpio agora contam com sistema de abastecimento de \u00e1gua. Os moradores de Santa F\u00e9 e Iraj\u00e1 realizaram o sonho de d\u00e9cadas de ter acesso \u00e0 \u00e1gua em seus povoados.<br><br>As entregas dessa sexta-feira refor\u00e7am o compromisso do deputado Pedro Lucas com o munic\u00edpio de Timon, atendendo demandas por meio da atua\u00e7\u00e3o do vereador Ivan do Saborear junto \u00e0s comunidades, e firmam uma parceria com a futura gest\u00e3o do prefeito eleito Rafael.<\/p>\n\n\n\n<figure class=\"wp-block-image size-large\"><img loading=\"lazy\" decoding=\"async\" width=\"1024\" height=\"682\" src=\"https:\/\/maranhaotv.com.br\/wp-content\/uploads\/2024\/11\/img-20241109-wa00784286385091552665906-1024x682.jpg\" alt=\"\" class=\"wp-image-38710\" srcset=\"https:\/\/maranhaotv.com.br\/wp-content\/uploads\/2024\/11\/img-20241109-wa00784286385091552665906-1024x682.jpg 1024w, https:\/\/maranhaotv.com.br\/wp-content\/uploads\/2024\/11\/img-20241109-wa00784286385091552665906-300x200.jpg 300w, https:\/\/maranhaotv.com.br\/wp-content\/uploads\/2024\/11\/img-20241109-wa00784286385091552665906-768x512.jpg 768w, https:\/\/maranhaotv.com.br\/wp-content\/uploads\/2024\/11\/img-20241109-wa00784286385091552665906-1536x1023.jpg 1536w, https:\/\/maranhaotv.com.br\/wp-content\/uploads\/2024\/11\/img-20241109-wa00784286385091552665906.jpg 1600w\" sizes=\"auto, (max-width: 1024px) 100vw, 1024px\" \/><\/figure>\n\n\n\n<figure class=\"wp-block-image\"><img loading=\"lazy\" decoding=\"async\" width=\"1024\" height=\"682\" src=\"https:\/\/maranhaotv.com.br\/wp-content\/uploads\/2024\/11\/img-20241109-wa00772944612146592715603-1024x682.jpg\" alt=\"\" class=\"wp-image-38709\" srcset=\"https:\/\/maranhaotv.com.br\/wp-content\/uploads\/2024\/11\/img-20241109-wa00772944612146592715603-1024x682.jpg 1024w, https:\/\/maranhaotv.com.br\/wp-content\/uploads\/2024\/11\/img-20241109-wa00772944612146592715603-300x200.jpg 300w, https:\/\/maranhaotv.com.br\/wp-content\/uploads\/2024\/11\/img-20241109-wa00772944612146592715603-768x512.jpg 768w, https:\/\/maranhaotv.com.br\/wp-content\/uploads\/2024\/11\/img-20241109-wa00772944612146592715603-1536x1023.jpg 1536w, https:\/\/maranhaotv.com.br\/wp-content\/uploads\/2024\/11\/img-20241109-wa00772944612146592715603.jpg 1600w\" sizes=\"auto, (max-width: 1024px) 100vw, 1024px\" \/><\/figure>\n","protected":false},"excerpt":{"rendered":"<p>O deputado federal Pedro Lucas Fernandes (Uni\u00e3o\/MA) esteve no munic\u00edpio de Timon, nessa sexta-feira (8), realizando entregas, fruto de emenda<\/p>\n","protected":false},"author":2,"featured_media":38711,"comment_status":"open","ping_status":"open","sticky":false,"template":"","format":"standard","meta":{"colormag_page_container_layout":"default_layout","colormag_page_sidebar_layout":"default_layout","_jetpack_memberships_contains_paid_content":false,"footnotes":""},"categories":[6],"tags":[],"class_list":["post-38712","post","type-post","status-publish","format-standard","has-post-thumbnail","hentry","category-politica"],"magazineBlocksPostFeaturedMedia":{"thumbnail":"https:\/\/maranhaotv.com.br\/wp-content\/uploads\/2024\/11\/IMG-20241109-WA0079-150x150.jpg","medium":"https:\/\/maranhaotv.com.br\/wp-content\/uploads\/2024\/11\/IMG-20241109-WA0079-300x200.jpg","medium_large":"https:\/\/maranhaotv.com.br\/wp-content\/uploads\/2024\/11\/IMG-20241109-WA0079-768x512.jpg","large":"https:\/\/maranhaotv.com.br\/wp-content\/uploads\/2024\/11\/IMG-20241109-WA0079-1024x682.jpg","1536x1536":"https:\/\/maranhaotv.com.br\/wp-content\/uploads\/2024\/11\/IMG-20241109-WA0079-1536x1023.jpg","2048x2048":"https:\/\/maranhaotv.com.br\/wp-content\/uploads\/2024\/11\/IMG-20241109-WA0079.jpg","colormag-highlighted-post":"https:\/\/maranhaotv.com.br\/wp-content\/uploads\/2024\/11\/IMG-20241109-WA0079-392x272.jpg","colormag-featured-post-medium":"https:\/\/maranhaotv.com.br\/wp-content\/uploads\/2024\/11\/IMG-20241109-WA0079-390x205.jpg","colormag-featured-post-small":"https:\/\/maranhaotv.com.br\/wp-content\/uploads\/2024\/11\/IMG-20241109-WA0079-130x90.jpg","colormag-featured-image":"https:\/\/maranhaotv.com.br\/wp-content\/uploads\/2024\/11\/IMG-20241109-WA0079-800x445.jpg","colormag-default-news":"https:\/\/maranhaotv.com.br\/wp-content\/uploads\/2024\/11\/IMG-20241109-WA0079-150x150.jpg","colormag-featured-image-large":"https:\/\/maranhaotv.com.br\/wp-content\/uploads\/2024\/11\/IMG-20241109-WA0079-1400x600.jpg"},"magazineBlocksPostAuthor":{"name":"maranhaotv","avatar":"https:\/\/secure.gravatar.com\/avatar\/8fadbca458d4cb68b1dd399ae9a40618d747bb1af65ac9fad21c89220a143eb4?s=96&d=mm&r=g"},"magazineBlocksPostCommentsNumber":"0","magazineBlocksPostExcerpt":"O deputado federal Pedro Lucas Fernandes (Uni\u00e3o\/MA) esteve no munic\u00edpio de Timon, nessa sexta-feira (8), realizando entregas, fruto de emenda","magazineBlocksPostCategories":["pol\u00edtica"],"magazineBlocksPostViewCount":220,"magazineBlocksPostReadTime":1,"magazine_blocks_featured_image_url":{"full":["https:\/\/maranhaotv.com.br\/wp-content\/uploads\/2024\/11\/IMG-20241109-WA0079.jpg",1600,1066,false],"medium":["https:\/\/maranhaotv.com.br\/wp-content\/uploads\/2024\/11\/IMG-20241109-WA0079-300x200.jpg",300,200,true],"thumbnail":["https:\/\/maranhaotv.com.br\/wp-content\/uploads\/2024\/11\/IMG-20241109-WA0079-150x150.jpg",150,150,true]},"magazine_blocks_author":{"display_name":"maranhaotv","author_link":"https:\/\/maranhaotv.com.br\/index.php\/author\/maranhaotv\/"},"magazine_blocks_comment":0,"magazine_blocks_author_image":"https:\/\/secure.gravatar.com\/avatar\/8fadbca458d4cb68b1dd399ae9a40618d747bb1af65ac9fad21c89220a143eb4?s=96&d=mm&r=g","magazine_blocks_category":"<a href=\"#\" class=\"category-link category-link-6\">pol\u00edtica<\/a>","yoast_head":"<!-- This site is optimized with the Yoast SEO plugin v27.4 - https:\/\/yoast.com\/product\/yoast-seo-wordpress\/ -->\n<title>Pedro Lucas entrega dois sistemas de abastecimento de \u00e1gua e patrulha agr\u00edcola em Timon - NOT\u00cdCIAS EM TEMPO REAL<\/title>\n<meta name=\"robots\" content=\"index, follow, max-snippet:-1, max-image-preview:large, max-video-preview:-1\" \/>\n<link rel=\"canonical\" href=\"https:\/\/maranhaotv.com.br\/index.php\/2024\/11\/09\/pedro-lucas-entrega-dois-sistemas-de-abastecimento-de-agua-e-patrulha-agricola-em-timon\/\" \/>\n<meta property=\"og:locale\" content=\"pt_BR\" \/>\n<meta property=\"og:type\" content=\"article\" \/>\n<meta property=\"og:title\" content=\"Pedro Lucas entrega dois sistemas de abastecimento de \u00e1gua e patrulha agr\u00edcola em Timon - NOT\u00cdCIAS EM TEMPO REAL\" \/>\n<meta property=\"og:description\" content=\"O deputado federal Pedro Lucas Fernandes (Uni\u00e3o\/MA) esteve no munic\u00edpio de Timon, nessa sexta-feira (8), realizando entregas, fruto de emenda\" \/>\n<meta property=\"og:url\" content=\"https:\/\/maranhaotv.com.br\/index.php\/2024\/11\/09\/pedro-lucas-entrega-dois-sistemas-de-abastecimento-de-agua-e-patrulha-agricola-em-timon\/\" \/>\n<meta property=\"og:site_name\" content=\"NOT\u00cdCIAS EM TEMPO REAL\" \/>\n<meta property=\"article:publisher\" content=\"https:\/\/www.facebook.com\/maiobaotv\" \/>\n<meta property=\"article:published_time\" content=\"2024-11-09T13:48:24+00:00\" \/>\n<meta property=\"article:modified_time\" content=\"2024-11-09T15:39:42+00:00\" \/>\n<meta property=\"og:image\" content=\"https:\/\/maranhaotv.com.br\/wp-content\/uploads\/2024\/11\/IMG-20241109-WA0079.jpg\" \/>\n\t<meta property=\"og:image:width\" content=\"1600\" \/>\n\t<meta property=\"og:image:height\" content=\"1066\" \/>\n\t<meta property=\"og:image:type\" content=\"image\/jpeg\" \/>\n<meta name=\"author\" content=\"maranhaotv\" \/>\n<meta name=\"twitter:card\" content=\"summary_large_image\" \/>\n<meta name=\"twitter:creator\" content=\"@sitemaranhaotv\" \/>\n<meta name=\"twitter:site\" content=\"@sitemaranhaotv\" \/>\n<meta name=\"twitter:label1\" content=\"Escrito por\" \/>\n\t<meta name=\"twitter:data1\" content=\"maranhaotv\" \/>\n\t<meta name=\"twitter:label2\" content=\"Est. tempo de leitura\" \/>\n\t<meta name=\"twitter:data2\" content=\"1 minuto\" \/>\n<script type=\"application\/ld+json\" class=\"yoast-schema-graph\">{\"@context\":\"https:\\\/\\\/schema.org\",\"@graph\":[{\"@type\":\"Article\",\"@id\":\"https:\\\/\\\/maranhaotv.com.br\\\/index.php\\\/2024\\\/11\\\/09\\\/pedro-lucas-entrega-dois-sistemas-de-abastecimento-de-agua-e-patrulha-agricola-em-timon\\\/#article\",\"isPartOf\":{\"@id\":\"https:\\\/\\\/maranhaotv.com.br\\\/index.php\\\/2024\\\/11\\\/09\\\/pedro-lucas-entrega-dois-sistemas-de-abastecimento-de-agua-e-patrulha-agricola-em-timon\\\/\"},\"author\":{\"name\":\"maranhaotv\",\"@id\":\"https:\\\/\\\/maranhaotv.com.br\\\/#\\\/schema\\\/person\\\/3d54238e86b20bb5c89ab2fdb8f8829a\"},\"headline\":\"Pedro Lucas entrega dois sistemas de abastecimento de \u00e1gua e patrulha agr\u00edcola em Timon\",\"datePublished\":\"2024-11-09T13:48:24+00:00\",\"dateModified\":\"2024-11-09T15:39:42+00:00\",\"mainEntityOfPage\":{\"@id\":\"https:\\\/\\\/maranhaotv.com.br\\\/index.php\\\/2024\\\/11\\\/09\\\/pedro-lucas-entrega-dois-sistemas-de-abastecimento-de-agua-e-patrulha-agricola-em-timon\\\/\"},\"wordCount\":211,\"commentCount\":0,\"publisher\":{\"@id\":\"https:\\\/\\\/maranhaotv.com.br\\\/#organization\"},\"image\":{\"@id\":\"https:\\\/\\\/maranhaotv.com.br\\\/index.php\\\/2024\\\/11\\\/09\\\/pedro-lucas-entrega-dois-sistemas-de-abastecimento-de-agua-e-patrulha-agricola-em-timon\\\/#primaryimage\"},\"thumbnailUrl\":\"https:\\\/\\\/maranhaotv.com.br\\\/wp-content\\\/uploads\\\/2024\\\/11\\\/IMG-20241109-WA0079.jpg\",\"articleSection\":[\"pol\u00edtica\"],\"inLanguage\":\"pt-BR\",\"potentialAction\":[{\"@type\":\"CommentAction\",\"name\":\"Comment\",\"target\":[\"https:\\\/\\\/maranhaotv.com.br\\\/index.php\\\/2024\\\/11\\\/09\\\/pedro-lucas-entrega-dois-sistemas-de-abastecimento-de-agua-e-patrulha-agricola-em-timon\\\/#respond\"]}]},{\"@type\":\"WebPage\",\"@id\":\"https:\\\/\\\/maranhaotv.com.br\\\/index.php\\\/2024\\\/11\\\/09\\\/pedro-lucas-entrega-dois-sistemas-de-abastecimento-de-agua-e-patrulha-agricola-em-timon\\\/\",\"url\":\"https:\\\/\\\/maranhaotv.com.br\\\/index.php\\\/2024\\\/11\\\/09\\\/pedro-lucas-entrega-dois-sistemas-de-abastecimento-de-agua-e-patrulha-agricola-em-timon\\\/\",\"name\":\"Pedro Lucas entrega dois sistemas de abastecimento de \u00e1gua e patrulha agr\u00edcola em Timon - NOT\u00cdCIAS EM TEMPO REAL\",\"isPartOf\":{\"@id\":\"https:\\\/\\\/maranhaotv.com.br\\\/#website\"},\"primaryImageOfPage\":{\"@id\":\"https:\\\/\\\/maranhaotv.com.br\\\/index.php\\\/2024\\\/11\\\/09\\\/pedro-lucas-entrega-dois-sistemas-de-abastecimento-de-agua-e-patrulha-agricola-em-timon\\\/#primaryimage\"},\"image\":{\"@id\":\"https:\\\/\\\/maranhaotv.com.br\\\/index.php\\\/2024\\\/11\\\/09\\\/pedro-lucas-entrega-dois-sistemas-de-abastecimento-de-agua-e-patrulha-agricola-em-timon\\\/#primaryimage\"},\"thumbnailUrl\":\"https:\\\/\\\/maranhaotv.com.br\\\/wp-content\\\/uploads\\\/2024\\\/11\\\/IMG-20241109-WA0079.jpg\",\"datePublished\":\"2024-11-09T13:48:24+00:00\",\"dateModified\":\"2024-11-09T15:39:42+00:00\",\"breadcrumb\":{\"@id\":\"https:\\\/\\\/maranhaotv.com.br\\\/index.php\\\/2024\\\/11\\\/09\\\/pedro-lucas-entrega-dois-sistemas-de-abastecimento-de-agua-e-patrulha-agricola-em-timon\\\/#breadcrumb\"},\"inLanguage\":\"pt-BR\",\"potentialAction\":[{\"@type\":\"ReadAction\",\"target\":[\"https:\\\/\\\/maranhaotv.com.br\\\/index.php\\\/2024\\\/11\\\/09\\\/pedro-lucas-entrega-dois-sistemas-de-abastecimento-de-agua-e-patrulha-agricola-em-timon\\\/\"]}]},{\"@type\":\"ImageObject\",\"inLanguage\":\"pt-BR\",\"@id\":\"https:\\\/\\\/maranhaotv.com.br\\\/index.php\\\/2024\\\/11\\\/09\\\/pedro-lucas-entrega-dois-sistemas-de-abastecimento-de-agua-e-patrulha-agricola-em-timon\\\/#primaryimage\",\"url\":\"https:\\\/\\\/maranhaotv.com.br\\\/wp-content\\\/uploads\\\/2024\\\/11\\\/IMG-20241109-WA0079.jpg\",\"contentUrl\":\"https:\\\/\\\/maranhaotv.com.br\\\/wp-content\\\/uploads\\\/2024\\\/11\\\/IMG-20241109-WA0079.jpg\",\"width\":1600,\"height\":1066},{\"@type\":\"BreadcrumbList\",\"@id\":\"https:\\\/\\\/maranhaotv.com.br\\\/index.php\\\/2024\\\/11\\\/09\\\/pedro-lucas-entrega-dois-sistemas-de-abastecimento-de-agua-e-patrulha-agricola-em-timon\\\/#breadcrumb\",\"itemListElement\":[{\"@type\":\"ListItem\",\"position\":1,\"name\":\"In\u00edcio\",\"item\":\"https:\\\/\\\/maranhaotv.com.br\\\/\"},{\"@type\":\"ListItem\",\"position\":2,\"name\":\"Pedro Lucas entrega dois sistemas de abastecimento de \u00e1gua e patrulha agr\u00edcola em Timon\"}]},{\"@type\":\"WebSite\",\"@id\":\"https:\\\/\\\/maranhaotv.com.br\\\/#website\",\"url\":\"https:\\\/\\\/maranhaotv.com.br\\\/\",\"name\":\"Maranh\u00e3oTV\",\"description\":\"\",\"publisher\":{\"@id\":\"https:\\\/\\\/maranhaotv.com.br\\\/#organization\"},\"potentialAction\":[{\"@type\":\"SearchAction\",\"target\":{\"@type\":\"EntryPoint\",\"urlTemplate\":\"https:\\\/\\\/maranhaotv.com.br\\\/?s={search_term_string}\"},\"query-input\":{\"@type\":\"PropertyValueSpecification\",\"valueRequired\":true,\"valueName\":\"search_term_string\"}}],\"inLanguage\":\"pt-BR\"},{\"@type\":\"Organization\",\"@id\":\"https:\\\/\\\/maranhaotv.com.br\\\/#organization\",\"name\":\"Portal de Not\u00edcias\",\"url\":\"https:\\\/\\\/maranhaotv.com.br\\\/\",\"logo\":{\"@type\":\"ImageObject\",\"inLanguage\":\"pt-BR\",\"@id\":\"https:\\\/\\\/maranhaotv.com.br\\\/#\\\/schema\\\/logo\\\/image\\\/\",\"url\":\"https:\\\/\\\/maranhaotv.com.br\\\/wp-content\\\/uploads\\\/2024\\\/05\\\/cropped-cropped-avatar-1.png\",\"contentUrl\":\"https:\\\/\\\/maranhaotv.com.br\\\/wp-content\\\/uploads\\\/2024\\\/05\\\/cropped-cropped-avatar-1.png\",\"width\":792,\"height\":428,\"caption\":\"Portal de Not\u00edcias\"},\"image\":{\"@id\":\"https:\\\/\\\/maranhaotv.com.br\\\/#\\\/schema\\\/logo\\\/image\\\/\"},\"sameAs\":[\"https:\\\/\\\/www.facebook.com\\\/maiobaotv\",\"https:\\\/\\\/x.com\\\/sitemaranhaotv\",\"https:\\\/\\\/www.instagram.com\\\/maranhao.tv\",\"https:\\\/\\\/www.threads.net\\\/@maranhao.tv\"]},{\"@type\":\"Person\",\"@id\":\"https:\\\/\\\/maranhaotv.com.br\\\/#\\\/schema\\\/person\\\/3d54238e86b20bb5c89ab2fdb8f8829a\",\"name\":\"maranhaotv\",\"image\":{\"@type\":\"ImageObject\",\"inLanguage\":\"pt-BR\",\"@id\":\"https:\\\/\\\/secure.gravatar.com\\\/avatar\\\/8fadbca458d4cb68b1dd399ae9a40618d747bb1af65ac9fad21c89220a143eb4?s=96&d=mm&r=g\",\"url\":\"https:\\\/\\\/secure.gravatar.com\\\/avatar\\\/8fadbca458d4cb68b1dd399ae9a40618d747bb1af65ac9fad21c89220a143eb4?s=96&d=mm&r=g\",\"contentUrl\":\"https:\\\/\\\/secure.gravatar.com\\\/avatar\\\/8fadbca458d4cb68b1dd399ae9a40618d747bb1af65ac9fad21c89220a143eb4?s=96&d=mm&r=g\",\"caption\":\"maranhaotv\"},\"sameAs\":[\"https:\\\/\\\/maranhaotv.com.br\\\/\"],\"url\":\"https:\\\/\\\/maranhaotv.com.br\\\/index.php\\\/author\\\/maranhaotv\\\/\"}]}<\/script>\n<!-- \/ Yoast SEO plugin. -->","yoast_head_json":{"title":"Pedro Lucas entrega dois sistemas de abastecimento de \u00e1gua e patrulha agr\u00edcola em Timon - NOT\u00cdCIAS EM TEMPO REAL","robots":{"index":"index","follow":"follow","max-snippet":"max-snippet:-1","max-image-preview":"max-image-preview:large","max-video-preview":"max-video-preview:-1"},"canonical":"https:\/\/maranhaotv.com.br\/index.php\/2024\/11\/09\/pedro-lucas-entrega-dois-sistemas-de-abastecimento-de-agua-e-patrulha-agricola-em-timon\/","og_locale":"pt_BR","og_type":"article","og_title":"Pedro Lucas entrega dois sistemas de abastecimento de \u00e1gua e patrulha agr\u00edcola em Timon - NOT\u00cdCIAS EM TEMPO REAL","og_description":"O deputado federal Pedro Lucas Fernandes (Uni\u00e3o\/MA) esteve no munic\u00edpio de Timon, nessa sexta-feira (8), realizando entregas, fruto de emenda","og_url":"https:\/\/maranhaotv.com.br\/index.php\/2024\/11\/09\/pedro-lucas-entrega-dois-sistemas-de-abastecimento-de-agua-e-patrulha-agricola-em-timon\/","og_site_name":"NOT\u00cdCIAS EM TEMPO REAL","article_publisher":"https:\/\/www.facebook.com\/maiobaotv","article_published_time":"2024-11-09T13:48:24+00:00","article_modified_time":"2024-11-09T15:39:42+00:00","og_image":[{"width":1600,"height":1066,"url":"https:\/\/maranhaotv.com.br\/wp-content\/uploads\/2024\/11\/IMG-20241109-WA0079.jpg","type":"image\/jpeg"}],"author":"maranhaotv","twitter_card":"summary_large_image","twitter_creator":"@sitemaranhaotv","twitter_site":"@sitemaranhaotv","twitter_misc":{"Escrito por":"maranhaotv","Est. tempo de leitura":"1 minuto"},"schema":{"@context":"https:\/\/schema.org","@graph":[{"@type":"Article","@id":"https:\/\/maranhaotv.com.br\/index.php\/2024\/11\/09\/pedro-lucas-entrega-dois-sistemas-de-abastecimento-de-agua-e-patrulha-agricola-em-timon\/#article","isPartOf":{"@id":"https:\/\/maranhaotv.com.br\/index.php\/2024\/11\/09\/pedro-lucas-entrega-dois-sistemas-de-abastecimento-de-agua-e-patrulha-agricola-em-timon\/"},"author":{"name":"maranhaotv","@id":"https:\/\/maranhaotv.com.br\/#\/schema\/person\/3d54238e86b20bb5c89ab2fdb8f8829a"},"headline":"Pedro Lucas entrega dois sistemas de abastecimento de \u00e1gua e patrulha agr\u00edcola em Timon","datePublished":"2024-11-09T13:48:24+00:00","dateModified":"2024-11-09T15:39:42+00:00","mainEntityOfPage":{"@id":"https:\/\/maranhaotv.com.br\/index.php\/2024\/11\/09\/pedro-lucas-entrega-dois-sistemas-de-abastecimento-de-agua-e-patrulha-agricola-em-timon\/"},"wordCount":211,"commentCount":0,"publisher":{"@id":"https:\/\/maranhaotv.com.br\/#organization"},"image":{"@id":"https:\/\/maranhaotv.com.br\/index.php\/2024\/11\/09\/pedro-lucas-entrega-dois-sistemas-de-abastecimento-de-agua-e-patrulha-agricola-em-timon\/#primaryimage"},"thumbnailUrl":"https:\/\/maranhaotv.com.br\/wp-content\/uploads\/2024\/11\/IMG-20241109-WA0079.jpg","articleSection":["pol\u00edtica"],"inLanguage":"pt-BR","potentialAction":[{"@type":"CommentAction","name":"Comment","target":["https:\/\/maranhaotv.com.br\/index.php\/2024\/11\/09\/pedro-lucas-entrega-dois-sistemas-de-abastecimento-de-agua-e-patrulha-agricola-em-timon\/#respond"]}]},{"@type":"WebPage","@id":"https:\/\/maranhaotv.com.br\/index.php\/2024\/11\/09\/pedro-lucas-entrega-dois-sistemas-de-abastecimento-de-agua-e-patrulha-agricola-em-timon\/","url":"https:\/\/maranhaotv.com.br\/index.php\/2024\/11\/09\/pedro-lucas-entrega-dois-sistemas-de-abastecimento-de-agua-e-patrulha-agricola-em-timon\/","name":"Pedro Lucas entrega dois sistemas de abastecimento de \u00e1gua e patrulha agr\u00edcola em Timon - NOT\u00cdCIAS EM TEMPO REAL","isPartOf":{"@id":"https:\/\/maranhaotv.com.br\/#website"},"primaryImageOfPage":{"@id":"https:\/\/maranhaotv.com.br\/index.php\/2024\/11\/09\/pedro-lucas-entrega-dois-sistemas-de-abastecimento-de-agua-e-patrulha-agricola-em-timon\/#primaryimage"},"image":{"@id":"https:\/\/maranhaotv.com.br\/index.php\/2024\/11\/09\/pedro-lucas-entrega-dois-sistemas-de-abastecimento-de-agua-e-patrulha-agricola-em-timon\/#primaryimage"},"thumbnailUrl":"https:\/\/maranhaotv.com.br\/wp-content\/uploads\/2024\/11\/IMG-20241109-WA0079.jpg","datePublished":"2024-11-09T13:48:24+00:00","dateModified":"2024-11-09T15:39:42+00:00","breadcrumb":{"@id":"https:\/\/maranhaotv.com.br\/index.php\/2024\/11\/09\/pedro-lucas-entrega-dois-sistemas-de-abastecimento-de-agua-e-patrulha-agricola-em-timon\/#breadcrumb"},"inLanguage":"pt-BR","potentialAction":[{"@type":"ReadAction","target":["https:\/\/maranhaotv.com.br\/index.php\/2024\/11\/09\/pedro-lucas-entrega-dois-sistemas-de-abastecimento-de-agua-e-patrulha-agricola-em-timon\/"]}]},{"@type":"ImageObject","inLanguage":"pt-BR","@id":"https:\/\/maranhaotv.com.br\/index.php\/2024\/11\/09\/pedro-lucas-entrega-dois-sistemas-de-abastecimento-de-agua-e-patrulha-agricola-em-timon\/#primaryimage","url":"https:\/\/maranhaotv.com.br\/wp-content\/uploads\/2024\/11\/IMG-20241109-WA0079.jpg","contentUrl":"https:\/\/maranhaotv.com.br\/wp-content\/uploads\/2024\/11\/IMG-20241109-WA0079.jpg","width":1600,"height":1066},{"@type":"BreadcrumbList","@id":"https:\/\/maranhaotv.com.br\/index.php\/2024\/11\/09\/pedro-lucas-entrega-dois-sistemas-de-abastecimento-de-agua-e-patrulha-agricola-em-timon\/#breadcrumb","itemListElement":[{"@type":"ListItem","position":1,"name":"In\u00edcio","item":"https:\/\/maranhaotv.com.br\/"},{"@type":"ListItem","position":2,"name":"Pedro Lucas entrega dois sistemas de abastecimento de \u00e1gua e patrulha agr\u00edcola em Timon"}]},{"@type":"WebSite","@id":"https:\/\/maranhaotv.com.br\/#website","url":"https:\/\/maranhaotv.com.br\/","name":"Maranh\u00e3oTV","description":"","publisher":{"@id":"https:\/\/maranhaotv.com.br\/#organization"},"potentialAction":[{"@type":"SearchAction","target":{"@type":"EntryPoint","urlTemplate":"https:\/\/maranhaotv.com.br\/?s={search_term_string}"},"query-input":{"@type":"PropertyValueSpecification","valueRequired":true,"valueName":"search_term_string"}}],"inLanguage":"pt-BR"},{"@type":"Organization","@id":"https:\/\/maranhaotv.com.br\/#organization","name":"Portal de Not\u00edcias","url":"https:\/\/maranhaotv.com.br\/","logo":{"@type":"ImageObject","inLanguage":"pt-BR","@id":"https:\/\/maranhaotv.com.br\/#\/schema\/logo\/image\/","url":"https:\/\/maranhaotv.com.br\/wp-content\/uploads\/2024\/05\/cropped-cropped-avatar-1.png","contentUrl":"https:\/\/maranhaotv.com.br\/wp-content\/uploads\/2024\/05\/cropped-cropped-avatar-1.png","width":792,"height":428,"caption":"Portal de Not\u00edcias"},"image":{"@id":"https:\/\/maranhaotv.com.br\/#\/schema\/logo\/image\/"},"sameAs":["https:\/\/www.facebook.com\/maiobaotv","https:\/\/x.com\/sitemaranhaotv","https:\/\/www.instagram.com\/maranhao.tv","https:\/\/www.threads.net\/@maranhao.tv"]},{"@type":"Person","@id":"https:\/\/maranhaotv.com.br\/#\/schema\/person\/3d54238e86b20bb5c89ab2fdb8f8829a","name":"maranhaotv","image":{"@type":"ImageObject","inLanguage":"pt-BR","@id":"https:\/\/secure.gravatar.com\/avatar\/8fadbca458d4cb68b1dd399ae9a40618d747bb1af65ac9fad21c89220a143eb4?s=96&d=mm&r=g","url":"https:\/\/secure.gravatar.com\/avatar\/8fadbca458d4cb68b1dd399ae9a40618d747bb1af65ac9fad21c89220a143eb4?s=96&d=mm&r=g","contentUrl":"https:\/\/secure.gravatar.com\/avatar\/8fadbca458d4cb68b1dd399ae9a40618d747bb1af65ac9fad21c89220a143eb4?s=96&d=mm&r=g","caption":"maranhaotv"},"sameAs":["https:\/\/maranhaotv.com.br\/"],"url":"https:\/\/maranhaotv.com.br\/index.php\/author\/maranhaotv\/"}]}},"jetpack_featured_media_url":"https:\/\/maranhaotv.com.br\/wp-content\/uploads\/2024\/11\/IMG-20241109-WA0079.jpg","jetpack_sharing_enabled":true,"_links":{"self":[{"href":"https:\/\/maranhaotv.com.br\/index.php\/wp-json\/wp\/v2\/posts\/38712","targetHints":{"allow":["GET"]}}],"collection":[{"href":"https:\/\/maranhaotv.com.br\/index.php\/wp-json\/wp\/v2\/posts"}],"about":[{"href":"https:\/\/maranhaotv.com.br\/index.php\/wp-json\/wp\/v2\/types\/post"}],"author":[{"embeddable":true,"href":"https:\/\/maranhaotv.com.br\/index.php\/wp-json\/wp\/v2\/users\/2"}],"replies":[{"embeddable":true,"href":"https:\/\/maranhaotv.com.br\/index.php\/wp-json\/wp\/v2\/comments?post=38712"}],"version-history":[{"count":2,"href":"https:\/\/maranhaotv.com.br\/index.php\/wp-json\/wp\/v2\/posts\/38712\/revisions"}],"predecessor-version":[{"id":38714,"href":"https:\/\/maranhaotv.com.br\/index.php\/wp-json\/wp\/v2\/posts\/38712\/revisions\/38714"}],"wp:featuredmedia":[{"embeddable":true,"href":"https:\/\/maranhaotv.com.br\/index.php\/wp-json\/wp\/v2\/media\/38711"}],"wp:attachment":[{"href":"https:\/\/maranhaotv.com.br\/index.php\/wp-json\/wp\/v2\/media?parent=38712"}],"wp:term":[{"taxonomy":"category","embeddable":true,"href":"https:\/\/maranhaotv.com.br\/index.php\/wp-json\/wp\/v2\/categories?post=38712"},{"taxonomy":"post_tag","embeddable":true,"href":"https:\/\/maranhaotv.com.br\/index.php\/wp-json\/wp\/v2\/tags?post=38712"}],"curies":[{"name":"wp","href":"https:\/\/api.w.org\/{rel}","templated":true}]}}