{"id":38781,"date":"2024-11-18T19:05:21","date_gmt":"2024-11-18T22:05:21","guid":{"rendered":"https:\/\/maranhaotv.com.br\/?p=38781"},"modified":"2024-11-18T19:05:46","modified_gmt":"2024-11-18T22:05:46","slug":"fred-campos-anuncia-professor-fabio-henrique-como-secretario-de-educacao-de-paco-do-lumiar","status":"publish","type":"post","link":"https:\/\/maranhaotv.com.br\/index.php\/2024\/11\/18\/fred-campos-anuncia-professor-fabio-henrique-como-secretario-de-educacao-de-paco-do-lumiar\/","title":{"rendered":"Fred Campos anuncia Professor F\u00e1bio Henrique como Secret\u00e1rio de Educa\u00e7\u00e3o de Pa\u00e7o do Lumiar"},"content":{"rendered":"\n<p><br><br>O prefeito eleito de Pa\u00e7o do Lumiar, Fred Campos, fez nesta segunda-feira (18) o primeiro an\u00fancio oficial de sua equipe de governo. Por meio de suas redes sociais, Fred confirmou o nome do Professor F\u00e1bio Henrique como o novo Secret\u00e1rio de Educa\u00e7\u00e3o do munic\u00edpio. A escolha reflete o compromisso do novo gestor com a valoriza\u00e7\u00e3o da educa\u00e7\u00e3o e a qualifica\u00e7\u00e3o profissional da sua equipe.<br><br>\u201c\u00c9 com grande orgulho que apresentamos o Secret\u00e1rio de Educa\u00e7\u00e3o de Pa\u00e7o do Lumiar: Professor F\u00e1bio Henrique. Mestre em Matem\u00e1tica, professor efetivo da rede municipal de Pa\u00e7o e empres\u00e1rio, ele traz experi\u00eancia, vis\u00e3o estrat\u00e9gica e compromisso com a qualidade da educa\u00e7\u00e3o. Sob sua gest\u00e3o, trabalharemos juntos para transformar a educa\u00e7\u00e3o de Pa\u00e7o, valorizando nossos estudantes e professores. Bem-vindo, Professor F\u00e1bio Henrique!\u201d, declarou Fred Campos em suas redes sociais.<br><br>F\u00e1bio Henrique chega ao cargo com uma s\u00f3lida experi\u00eancia acad\u00eamica e empresarial, al\u00e9m de ser uma figura respeitada na rede de ensino municipal. Sua nomea\u00e7\u00e3o refor\u00e7a as expectativas de avan\u00e7os significativos na educa\u00e7\u00e3o luminense, com foco na melhoria da infraestrutura, valoriza\u00e7\u00e3o dos professores e oportunidades para os estudantes. Fred Campos destacou que este \u00e9 apenas o in\u00edcio de uma gest\u00e3o comprometida com o futuro de Pa\u00e7o do Lumiar.<\/p>\n\n\n\n<figure class=\"wp-block-image size-large\"><img loading=\"lazy\" decoding=\"async\" width=\"819\" height=\"1024\" src=\"https:\/\/maranhaotv.com.br\/wp-content\/uploads\/2024\/11\/img-20241118-wa02134582498374638005478-819x1024.jpg\" alt=\"\" class=\"wp-image-38779\" srcset=\"https:\/\/maranhaotv.com.br\/wp-content\/uploads\/2024\/11\/img-20241118-wa02134582498374638005478-819x1024.jpg 819w, https:\/\/maranhaotv.com.br\/wp-content\/uploads\/2024\/11\/img-20241118-wa02134582498374638005478-240x300.jpg 240w, https:\/\/maranhaotv.com.br\/wp-content\/uploads\/2024\/11\/img-20241118-wa02134582498374638005478-768x960.jpg 768w, https:\/\/maranhaotv.com.br\/wp-content\/uploads\/2024\/11\/img-20241118-wa02134582498374638005478.jpg 1080w\" sizes=\"auto, (max-width: 819px) 100vw, 819px\" \/><\/figure>\n","protected":false},"excerpt":{"rendered":"<p>O prefeito eleito de Pa\u00e7o do Lumiar, Fred Campos, fez nesta segunda-feira (18) o primeiro an\u00fancio oficial de sua equipe<\/p>\n","protected":false},"author":2,"featured_media":38780,"comment_status":"open","ping_status":"open","sticky":false,"template":"","format":"standard","meta":{"colormag_page_container_layout":"default_layout","colormag_page_sidebar_layout":"default_layout","_jetpack_memberships_contains_paid_content":false,"footnotes":""},"categories":[6],"tags":[],"class_list":["post-38781","post","type-post","status-publish","format-standard","has-post-thumbnail","hentry","category-politica"],"magazineBlocksPostFeaturedMedia":{"thumbnail":"https:\/\/maranhaotv.com.br\/wp-content\/uploads\/2024\/11\/image_editor_output_image-1837483400-1731967525057-150x150.jpg","medium":"https:\/\/maranhaotv.com.br\/wp-content\/uploads\/2024\/11\/image_editor_output_image-1837483400-1731967525057-300x212.jpg","medium_large":"https:\/\/maranhaotv.com.br\/wp-content\/uploads\/2024\/11\/image_editor_output_image-1837483400-1731967525057-768x542.jpg","large":"https:\/\/maranhaotv.com.br\/wp-content\/uploads\/2024\/11\/image_editor_output_image-1837483400-1731967525057-1024x722.jpg","1536x1536":"https:\/\/maranhaotv.com.br\/wp-content\/uploads\/2024\/11\/image_editor_output_image-1837483400-1731967525057.jpg","2048x2048":"https:\/\/maranhaotv.com.br\/wp-content\/uploads\/2024\/11\/image_editor_output_image-1837483400-1731967525057.jpg","colormag-highlighted-post":"https:\/\/maranhaotv.com.br\/wp-content\/uploads\/2024\/11\/image_editor_output_image-1837483400-1731967525057-392x272.jpg","colormag-featured-post-medium":"https:\/\/maranhaotv.com.br\/wp-content\/uploads\/2024\/11\/image_editor_output_image-1837483400-1731967525057-390x205.jpg","colormag-featured-post-small":"https:\/\/maranhaotv.com.br\/wp-content\/uploads\/2024\/11\/image_editor_output_image-1837483400-1731967525057-130x90.jpg","colormag-featured-image":"https:\/\/maranhaotv.com.br\/wp-content\/uploads\/2024\/11\/image_editor_output_image-1837483400-1731967525057-800x445.jpg","colormag-default-news":"https:\/\/maranhaotv.com.br\/wp-content\/uploads\/2024\/11\/image_editor_output_image-1837483400-1731967525057-150x150.jpg","colormag-featured-image-large":"https:\/\/maranhaotv.com.br\/wp-content\/uploads\/2024\/11\/image_editor_output_image-1837483400-1731967525057-1080x600.jpg"},"magazineBlocksPostAuthor":{"name":"maranhaotv","avatar":"https:\/\/secure.gravatar.com\/avatar\/8fadbca458d4cb68b1dd399ae9a40618d747bb1af65ac9fad21c89220a143eb4?s=96&d=mm&r=g"},"magazineBlocksPostCommentsNumber":"0","magazineBlocksPostExcerpt":"O prefeito eleito de Pa\u00e7o do Lumiar, Fred Campos, fez nesta segunda-feira (18) o primeiro an\u00fancio oficial de sua equipe","magazineBlocksPostCategories":["pol\u00edtica"],"magazineBlocksPostViewCount":600,"magazineBlocksPostReadTime":2,"magazine_blocks_featured_image_url":{"full":["https:\/\/maranhaotv.com.br\/wp-content\/uploads\/2024\/11\/image_editor_output_image-1837483400-1731967525057.jpg",1080,762,false],"medium":["https:\/\/maranhaotv.com.br\/wp-content\/uploads\/2024\/11\/image_editor_output_image-1837483400-1731967525057-300x212.jpg",300,212,true],"thumbnail":["https:\/\/maranhaotv.com.br\/wp-content\/uploads\/2024\/11\/image_editor_output_image-1837483400-1731967525057-150x150.jpg",150,150,true]},"magazine_blocks_author":{"display_name":"maranhaotv","author_link":"https:\/\/maranhaotv.com.br\/index.php\/author\/maranhaotv\/"},"magazine_blocks_comment":0,"magazine_blocks_author_image":"https:\/\/secure.gravatar.com\/avatar\/8fadbca458d4cb68b1dd399ae9a40618d747bb1af65ac9fad21c89220a143eb4?s=96&d=mm&r=g","magazine_blocks_category":"<a href=\"#\" class=\"category-link category-link-6\">pol\u00edtica<\/a>","yoast_head":"<!-- This site is optimized with the Yoast SEO plugin v27.4 - https:\/\/yoast.com\/product\/yoast-seo-wordpress\/ -->\n<title>Fred Campos anuncia Professor F\u00e1bio Henrique como Secret\u00e1rio de Educa\u00e7\u00e3o de Pa\u00e7o do Lumiar - NOT\u00cdCIAS EM TEMPO REAL<\/title>\n<meta name=\"robots\" content=\"index, follow, max-snippet:-1, max-image-preview:large, max-video-preview:-1\" \/>\n<link rel=\"canonical\" href=\"https:\/\/maranhaotv.com.br\/index.php\/2024\/11\/18\/fred-campos-anuncia-professor-fabio-henrique-como-secretario-de-educacao-de-paco-do-lumiar\/\" \/>\n<meta property=\"og:locale\" content=\"pt_BR\" \/>\n<meta property=\"og:type\" content=\"article\" \/>\n<meta property=\"og:title\" content=\"Fred Campos anuncia Professor F\u00e1bio Henrique como Secret\u00e1rio de Educa\u00e7\u00e3o de Pa\u00e7o do Lumiar - NOT\u00cdCIAS EM TEMPO REAL\" \/>\n<meta property=\"og:description\" content=\"O prefeito eleito de Pa\u00e7o do Lumiar, Fred Campos, fez nesta segunda-feira (18) o primeiro an\u00fancio oficial de sua equipe\" \/>\n<meta property=\"og:url\" content=\"https:\/\/maranhaotv.com.br\/index.php\/2024\/11\/18\/fred-campos-anuncia-professor-fabio-henrique-como-secretario-de-educacao-de-paco-do-lumiar\/\" \/>\n<meta property=\"og:site_name\" content=\"NOT\u00cdCIAS EM TEMPO REAL\" \/>\n<meta property=\"article:publisher\" content=\"https:\/\/www.facebook.com\/maiobaotv\" \/>\n<meta property=\"article:published_time\" content=\"2024-11-18T22:05:21+00:00\" \/>\n<meta property=\"article:modified_time\" content=\"2024-11-18T22:05:46+00:00\" \/>\n<meta property=\"og:image\" content=\"https:\/\/maranhaotv.com.br\/wp-content\/uploads\/2024\/11\/image_editor_output_image-1837483400-1731967525057.jpg\" \/>\n\t<meta property=\"og:image:width\" content=\"1080\" \/>\n\t<meta property=\"og:image:height\" content=\"762\" \/>\n\t<meta property=\"og:image:type\" content=\"image\/jpeg\" \/>\n<meta name=\"author\" content=\"maranhaotv\" \/>\n<meta name=\"twitter:card\" content=\"summary_large_image\" \/>\n<meta name=\"twitter:creator\" content=\"@sitemaranhaotv\" \/>\n<meta name=\"twitter:site\" content=\"@sitemaranhaotv\" \/>\n<meta name=\"twitter:label1\" content=\"Escrito por\" \/>\n\t<meta name=\"twitter:data1\" content=\"maranhaotv\" \/>\n\t<meta name=\"twitter:label2\" content=\"Est. tempo de leitura\" \/>\n\t<meta name=\"twitter:data2\" content=\"1 minuto\" \/>\n<script type=\"application\/ld+json\" class=\"yoast-schema-graph\">{\"@context\":\"https:\\\/\\\/schema.org\",\"@graph\":[{\"@type\":\"Article\",\"@id\":\"https:\\\/\\\/maranhaotv.com.br\\\/index.php\\\/2024\\\/11\\\/18\\\/fred-campos-anuncia-professor-fabio-henrique-como-secretario-de-educacao-de-paco-do-lumiar\\\/#article\",\"isPartOf\":{\"@id\":\"https:\\\/\\\/maranhaotv.com.br\\\/index.php\\\/2024\\\/11\\\/18\\\/fred-campos-anuncia-professor-fabio-henrique-como-secretario-de-educacao-de-paco-do-lumiar\\\/\"},\"author\":{\"name\":\"maranhaotv\",\"@id\":\"https:\\\/\\\/maranhaotv.com.br\\\/#\\\/schema\\\/person\\\/3d54238e86b20bb5c89ab2fdb8f8829a\"},\"headline\":\"Fred Campos anuncia Professor F\u00e1bio Henrique como Secret\u00e1rio de Educa\u00e7\u00e3o de Pa\u00e7o do Lumiar\",\"datePublished\":\"2024-11-18T22:05:21+00:00\",\"dateModified\":\"2024-11-18T22:05:46+00:00\",\"mainEntityOfPage\":{\"@id\":\"https:\\\/\\\/maranhaotv.com.br\\\/index.php\\\/2024\\\/11\\\/18\\\/fred-campos-anuncia-professor-fabio-henrique-como-secretario-de-educacao-de-paco-do-lumiar\\\/\"},\"wordCount\":252,\"commentCount\":0,\"publisher\":{\"@id\":\"https:\\\/\\\/maranhaotv.com.br\\\/#organization\"},\"image\":{\"@id\":\"https:\\\/\\\/maranhaotv.com.br\\\/index.php\\\/2024\\\/11\\\/18\\\/fred-campos-anuncia-professor-fabio-henrique-como-secretario-de-educacao-de-paco-do-lumiar\\\/#primaryimage\"},\"thumbnailUrl\":\"https:\\\/\\\/maranhaotv.com.br\\\/wp-content\\\/uploads\\\/2024\\\/11\\\/image_editor_output_image-1837483400-1731967525057.jpg\",\"articleSection\":[\"pol\u00edtica\"],\"inLanguage\":\"pt-BR\",\"potentialAction\":[{\"@type\":\"CommentAction\",\"name\":\"Comment\",\"target\":[\"https:\\\/\\\/maranhaotv.com.br\\\/index.php\\\/2024\\\/11\\\/18\\\/fred-campos-anuncia-professor-fabio-henrique-como-secretario-de-educacao-de-paco-do-lumiar\\\/#respond\"]}]},{\"@type\":\"WebPage\",\"@id\":\"https:\\\/\\\/maranhaotv.com.br\\\/index.php\\\/2024\\\/11\\\/18\\\/fred-campos-anuncia-professor-fabio-henrique-como-secretario-de-educacao-de-paco-do-lumiar\\\/\",\"url\":\"https:\\\/\\\/maranhaotv.com.br\\\/index.php\\\/2024\\\/11\\\/18\\\/fred-campos-anuncia-professor-fabio-henrique-como-secretario-de-educacao-de-paco-do-lumiar\\\/\",\"name\":\"Fred Campos anuncia Professor F\u00e1bio Henrique como Secret\u00e1rio de Educa\u00e7\u00e3o de Pa\u00e7o do Lumiar - NOT\u00cdCIAS EM TEMPO REAL\",\"isPartOf\":{\"@id\":\"https:\\\/\\\/maranhaotv.com.br\\\/#website\"},\"primaryImageOfPage\":{\"@id\":\"https:\\\/\\\/maranhaotv.com.br\\\/index.php\\\/2024\\\/11\\\/18\\\/fred-campos-anuncia-professor-fabio-henrique-como-secretario-de-educacao-de-paco-do-lumiar\\\/#primaryimage\"},\"image\":{\"@id\":\"https:\\\/\\\/maranhaotv.com.br\\\/index.php\\\/2024\\\/11\\\/18\\\/fred-campos-anuncia-professor-fabio-henrique-como-secretario-de-educacao-de-paco-do-lumiar\\\/#primaryimage\"},\"thumbnailUrl\":\"https:\\\/\\\/maranhaotv.com.br\\\/wp-content\\\/uploads\\\/2024\\\/11\\\/image_editor_output_image-1837483400-1731967525057.jpg\",\"datePublished\":\"2024-11-18T22:05:21+00:00\",\"dateModified\":\"2024-11-18T22:05:46+00:00\",\"breadcrumb\":{\"@id\":\"https:\\\/\\\/maranhaotv.com.br\\\/index.php\\\/2024\\\/11\\\/18\\\/fred-campos-anuncia-professor-fabio-henrique-como-secretario-de-educacao-de-paco-do-lumiar\\\/#breadcrumb\"},\"inLanguage\":\"pt-BR\",\"potentialAction\":[{\"@type\":\"ReadAction\",\"target\":[\"https:\\\/\\\/maranhaotv.com.br\\\/index.php\\\/2024\\\/11\\\/18\\\/fred-campos-anuncia-professor-fabio-henrique-como-secretario-de-educacao-de-paco-do-lumiar\\\/\"]}]},{\"@type\":\"ImageObject\",\"inLanguage\":\"pt-BR\",\"@id\":\"https:\\\/\\\/maranhaotv.com.br\\\/index.php\\\/2024\\\/11\\\/18\\\/fred-campos-anuncia-professor-fabio-henrique-como-secretario-de-educacao-de-paco-do-lumiar\\\/#primaryimage\",\"url\":\"https:\\\/\\\/maranhaotv.com.br\\\/wp-content\\\/uploads\\\/2024\\\/11\\\/image_editor_output_image-1837483400-1731967525057.jpg\",\"contentUrl\":\"https:\\\/\\\/maranhaotv.com.br\\\/wp-content\\\/uploads\\\/2024\\\/11\\\/image_editor_output_image-1837483400-1731967525057.jpg\",\"width\":1080,\"height\":762},{\"@type\":\"BreadcrumbList\",\"@id\":\"https:\\\/\\\/maranhaotv.com.br\\\/index.php\\\/2024\\\/11\\\/18\\\/fred-campos-anuncia-professor-fabio-henrique-como-secretario-de-educacao-de-paco-do-lumiar\\\/#breadcrumb\",\"itemListElement\":[{\"@type\":\"ListItem\",\"position\":1,\"name\":\"In\u00edcio\",\"item\":\"https:\\\/\\\/maranhaotv.com.br\\\/\"},{\"@type\":\"ListItem\",\"position\":2,\"name\":\"Fred Campos anuncia Professor F\u00e1bio Henrique como Secret\u00e1rio de Educa\u00e7\u00e3o de Pa\u00e7o do Lumiar\"}]},{\"@type\":\"WebSite\",\"@id\":\"https:\\\/\\\/maranhaotv.com.br\\\/#website\",\"url\":\"https:\\\/\\\/maranhaotv.com.br\\\/\",\"name\":\"Maranh\u00e3oTV\",\"description\":\"\",\"publisher\":{\"@id\":\"https:\\\/\\\/maranhaotv.com.br\\\/#organization\"},\"potentialAction\":[{\"@type\":\"SearchAction\",\"target\":{\"@type\":\"EntryPoint\",\"urlTemplate\":\"https:\\\/\\\/maranhaotv.com.br\\\/?s={search_term_string}\"},\"query-input\":{\"@type\":\"PropertyValueSpecification\",\"valueRequired\":true,\"valueName\":\"search_term_string\"}}],\"inLanguage\":\"pt-BR\"},{\"@type\":\"Organization\",\"@id\":\"https:\\\/\\\/maranhaotv.com.br\\\/#organization\",\"name\":\"Portal de Not\u00edcias\",\"url\":\"https:\\\/\\\/maranhaotv.com.br\\\/\",\"logo\":{\"@type\":\"ImageObject\",\"inLanguage\":\"pt-BR\",\"@id\":\"https:\\\/\\\/maranhaotv.com.br\\\/#\\\/schema\\\/logo\\\/image\\\/\",\"url\":\"https:\\\/\\\/maranhaotv.com.br\\\/wp-content\\\/uploads\\\/2024\\\/05\\\/cropped-cropped-avatar-1.png\",\"contentUrl\":\"https:\\\/\\\/maranhaotv.com.br\\\/wp-content\\\/uploads\\\/2024\\\/05\\\/cropped-cropped-avatar-1.png\",\"width\":792,\"height\":428,\"caption\":\"Portal de Not\u00edcias\"},\"image\":{\"@id\":\"https:\\\/\\\/maranhaotv.com.br\\\/#\\\/schema\\\/logo\\\/image\\\/\"},\"sameAs\":[\"https:\\\/\\\/www.facebook.com\\\/maiobaotv\",\"https:\\\/\\\/x.com\\\/sitemaranhaotv\",\"https:\\\/\\\/www.instagram.com\\\/maranhao.tv\",\"https:\\\/\\\/www.threads.net\\\/@maranhao.tv\"]},{\"@type\":\"Person\",\"@id\":\"https:\\\/\\\/maranhaotv.com.br\\\/#\\\/schema\\\/person\\\/3d54238e86b20bb5c89ab2fdb8f8829a\",\"name\":\"maranhaotv\",\"image\":{\"@type\":\"ImageObject\",\"inLanguage\":\"pt-BR\",\"@id\":\"https:\\\/\\\/secure.gravatar.com\\\/avatar\\\/8fadbca458d4cb68b1dd399ae9a40618d747bb1af65ac9fad21c89220a143eb4?s=96&d=mm&r=g\",\"url\":\"https:\\\/\\\/secure.gravatar.com\\\/avatar\\\/8fadbca458d4cb68b1dd399ae9a40618d747bb1af65ac9fad21c89220a143eb4?s=96&d=mm&r=g\",\"contentUrl\":\"https:\\\/\\\/secure.gravatar.com\\\/avatar\\\/8fadbca458d4cb68b1dd399ae9a40618d747bb1af65ac9fad21c89220a143eb4?s=96&d=mm&r=g\",\"caption\":\"maranhaotv\"},\"sameAs\":[\"https:\\\/\\\/maranhaotv.com.br\\\/\"],\"url\":\"https:\\\/\\\/maranhaotv.com.br\\\/index.php\\\/author\\\/maranhaotv\\\/\"}]}<\/script>\n<!-- \/ Yoast SEO plugin. -->","yoast_head_json":{"title":"Fred Campos anuncia Professor F\u00e1bio Henrique como Secret\u00e1rio de Educa\u00e7\u00e3o de Pa\u00e7o do Lumiar - NOT\u00cdCIAS EM TEMPO REAL","robots":{"index":"index","follow":"follow","max-snippet":"max-snippet:-1","max-image-preview":"max-image-preview:large","max-video-preview":"max-video-preview:-1"},"canonical":"https:\/\/maranhaotv.com.br\/index.php\/2024\/11\/18\/fred-campos-anuncia-professor-fabio-henrique-como-secretario-de-educacao-de-paco-do-lumiar\/","og_locale":"pt_BR","og_type":"article","og_title":"Fred Campos anuncia Professor F\u00e1bio Henrique como Secret\u00e1rio de Educa\u00e7\u00e3o de Pa\u00e7o do Lumiar - NOT\u00cdCIAS EM TEMPO REAL","og_description":"O prefeito eleito de Pa\u00e7o do Lumiar, Fred Campos, fez nesta segunda-feira (18) o primeiro an\u00fancio oficial de sua equipe","og_url":"https:\/\/maranhaotv.com.br\/index.php\/2024\/11\/18\/fred-campos-anuncia-professor-fabio-henrique-como-secretario-de-educacao-de-paco-do-lumiar\/","og_site_name":"NOT\u00cdCIAS EM TEMPO REAL","article_publisher":"https:\/\/www.facebook.com\/maiobaotv","article_published_time":"2024-11-18T22:05:21+00:00","article_modified_time":"2024-11-18T22:05:46+00:00","og_image":[{"width":1080,"height":762,"url":"https:\/\/maranhaotv.com.br\/wp-content\/uploads\/2024\/11\/image_editor_output_image-1837483400-1731967525057.jpg","type":"image\/jpeg"}],"author":"maranhaotv","twitter_card":"summary_large_image","twitter_creator":"@sitemaranhaotv","twitter_site":"@sitemaranhaotv","twitter_misc":{"Escrito por":"maranhaotv","Est. tempo de leitura":"1 minuto"},"schema":{"@context":"https:\/\/schema.org","@graph":[{"@type":"Article","@id":"https:\/\/maranhaotv.com.br\/index.php\/2024\/11\/18\/fred-campos-anuncia-professor-fabio-henrique-como-secretario-de-educacao-de-paco-do-lumiar\/#article","isPartOf":{"@id":"https:\/\/maranhaotv.com.br\/index.php\/2024\/11\/18\/fred-campos-anuncia-professor-fabio-henrique-como-secretario-de-educacao-de-paco-do-lumiar\/"},"author":{"name":"maranhaotv","@id":"https:\/\/maranhaotv.com.br\/#\/schema\/person\/3d54238e86b20bb5c89ab2fdb8f8829a"},"headline":"Fred Campos anuncia Professor F\u00e1bio Henrique como Secret\u00e1rio de Educa\u00e7\u00e3o de Pa\u00e7o do Lumiar","datePublished":"2024-11-18T22:05:21+00:00","dateModified":"2024-11-18T22:05:46+00:00","mainEntityOfPage":{"@id":"https:\/\/maranhaotv.com.br\/index.php\/2024\/11\/18\/fred-campos-anuncia-professor-fabio-henrique-como-secretario-de-educacao-de-paco-do-lumiar\/"},"wordCount":252,"commentCount":0,"publisher":{"@id":"https:\/\/maranhaotv.com.br\/#organization"},"image":{"@id":"https:\/\/maranhaotv.com.br\/index.php\/2024\/11\/18\/fred-campos-anuncia-professor-fabio-henrique-como-secretario-de-educacao-de-paco-do-lumiar\/#primaryimage"},"thumbnailUrl":"https:\/\/maranhaotv.com.br\/wp-content\/uploads\/2024\/11\/image_editor_output_image-1837483400-1731967525057.jpg","articleSection":["pol\u00edtica"],"inLanguage":"pt-BR","potentialAction":[{"@type":"CommentAction","name":"Comment","target":["https:\/\/maranhaotv.com.br\/index.php\/2024\/11\/18\/fred-campos-anuncia-professor-fabio-henrique-como-secretario-de-educacao-de-paco-do-lumiar\/#respond"]}]},{"@type":"WebPage","@id":"https:\/\/maranhaotv.com.br\/index.php\/2024\/11\/18\/fred-campos-anuncia-professor-fabio-henrique-como-secretario-de-educacao-de-paco-do-lumiar\/","url":"https:\/\/maranhaotv.com.br\/index.php\/2024\/11\/18\/fred-campos-anuncia-professor-fabio-henrique-como-secretario-de-educacao-de-paco-do-lumiar\/","name":"Fred Campos anuncia Professor F\u00e1bio Henrique como Secret\u00e1rio de Educa\u00e7\u00e3o de Pa\u00e7o do Lumiar - NOT\u00cdCIAS EM TEMPO REAL","isPartOf":{"@id":"https:\/\/maranhaotv.com.br\/#website"},"primaryImageOfPage":{"@id":"https:\/\/maranhaotv.com.br\/index.php\/2024\/11\/18\/fred-campos-anuncia-professor-fabio-henrique-como-secretario-de-educacao-de-paco-do-lumiar\/#primaryimage"},"image":{"@id":"https:\/\/maranhaotv.com.br\/index.php\/2024\/11\/18\/fred-campos-anuncia-professor-fabio-henrique-como-secretario-de-educacao-de-paco-do-lumiar\/#primaryimage"},"thumbnailUrl":"https:\/\/maranhaotv.com.br\/wp-content\/uploads\/2024\/11\/image_editor_output_image-1837483400-1731967525057.jpg","datePublished":"2024-11-18T22:05:21+00:00","dateModified":"2024-11-18T22:05:46+00:00","breadcrumb":{"@id":"https:\/\/maranhaotv.com.br\/index.php\/2024\/11\/18\/fred-campos-anuncia-professor-fabio-henrique-como-secretario-de-educacao-de-paco-do-lumiar\/#breadcrumb"},"inLanguage":"pt-BR","potentialAction":[{"@type":"ReadAction","target":["https:\/\/maranhaotv.com.br\/index.php\/2024\/11\/18\/fred-campos-anuncia-professor-fabio-henrique-como-secretario-de-educacao-de-paco-do-lumiar\/"]}]},{"@type":"ImageObject","inLanguage":"pt-BR","@id":"https:\/\/maranhaotv.com.br\/index.php\/2024\/11\/18\/fred-campos-anuncia-professor-fabio-henrique-como-secretario-de-educacao-de-paco-do-lumiar\/#primaryimage","url":"https:\/\/maranhaotv.com.br\/wp-content\/uploads\/2024\/11\/image_editor_output_image-1837483400-1731967525057.jpg","contentUrl":"https:\/\/maranhaotv.com.br\/wp-content\/uploads\/2024\/11\/image_editor_output_image-1837483400-1731967525057.jpg","width":1080,"height":762},{"@type":"BreadcrumbList","@id":"https:\/\/maranhaotv.com.br\/index.php\/2024\/11\/18\/fred-campos-anuncia-professor-fabio-henrique-como-secretario-de-educacao-de-paco-do-lumiar\/#breadcrumb","itemListElement":[{"@type":"ListItem","position":1,"name":"In\u00edcio","item":"https:\/\/maranhaotv.com.br\/"},{"@type":"ListItem","position":2,"name":"Fred Campos anuncia Professor F\u00e1bio Henrique como Secret\u00e1rio de Educa\u00e7\u00e3o de Pa\u00e7o do Lumiar"}]},{"@type":"WebSite","@id":"https:\/\/maranhaotv.com.br\/#website","url":"https:\/\/maranhaotv.com.br\/","name":"Maranh\u00e3oTV","description":"","publisher":{"@id":"https:\/\/maranhaotv.com.br\/#organization"},"potentialAction":[{"@type":"SearchAction","target":{"@type":"EntryPoint","urlTemplate":"https:\/\/maranhaotv.com.br\/?s={search_term_string}"},"query-input":{"@type":"PropertyValueSpecification","valueRequired":true,"valueName":"search_term_string"}}],"inLanguage":"pt-BR"},{"@type":"Organization","@id":"https:\/\/maranhaotv.com.br\/#organization","name":"Portal de Not\u00edcias","url":"https:\/\/maranhaotv.com.br\/","logo":{"@type":"ImageObject","inLanguage":"pt-BR","@id":"https:\/\/maranhaotv.com.br\/#\/schema\/logo\/image\/","url":"https:\/\/maranhaotv.com.br\/wp-content\/uploads\/2024\/05\/cropped-cropped-avatar-1.png","contentUrl":"https:\/\/maranhaotv.com.br\/wp-content\/uploads\/2024\/05\/cropped-cropped-avatar-1.png","width":792,"height":428,"caption":"Portal de Not\u00edcias"},"image":{"@id":"https:\/\/maranhaotv.com.br\/#\/schema\/logo\/image\/"},"sameAs":["https:\/\/www.facebook.com\/maiobaotv","https:\/\/x.com\/sitemaranhaotv","https:\/\/www.instagram.com\/maranhao.tv","https:\/\/www.threads.net\/@maranhao.tv"]},{"@type":"Person","@id":"https:\/\/maranhaotv.com.br\/#\/schema\/person\/3d54238e86b20bb5c89ab2fdb8f8829a","name":"maranhaotv","image":{"@type":"ImageObject","inLanguage":"pt-BR","@id":"https:\/\/secure.gravatar.com\/avatar\/8fadbca458d4cb68b1dd399ae9a40618d747bb1af65ac9fad21c89220a143eb4?s=96&d=mm&r=g","url":"https:\/\/secure.gravatar.com\/avatar\/8fadbca458d4cb68b1dd399ae9a40618d747bb1af65ac9fad21c89220a143eb4?s=96&d=mm&r=g","contentUrl":"https:\/\/secure.gravatar.com\/avatar\/8fadbca458d4cb68b1dd399ae9a40618d747bb1af65ac9fad21c89220a143eb4?s=96&d=mm&r=g","caption":"maranhaotv"},"sameAs":["https:\/\/maranhaotv.com.br\/"],"url":"https:\/\/maranhaotv.com.br\/index.php\/author\/maranhaotv\/"}]}},"jetpack_featured_media_url":"https:\/\/maranhaotv.com.br\/wp-content\/uploads\/2024\/11\/image_editor_output_image-1837483400-1731967525057.jpg","jetpack_sharing_enabled":true,"_links":{"self":[{"href":"https:\/\/maranhaotv.com.br\/index.php\/wp-json\/wp\/v2\/posts\/38781","targetHints":{"allow":["GET"]}}],"collection":[{"href":"https:\/\/maranhaotv.com.br\/index.php\/wp-json\/wp\/v2\/posts"}],"about":[{"href":"https:\/\/maranhaotv.com.br\/index.php\/wp-json\/wp\/v2\/types\/post"}],"author":[{"embeddable":true,"href":"https:\/\/maranhaotv.com.br\/index.php\/wp-json\/wp\/v2\/users\/2"}],"replies":[{"embeddable":true,"href":"https:\/\/maranhaotv.com.br\/index.php\/wp-json\/wp\/v2\/comments?post=38781"}],"version-history":[{"count":1,"href":"https:\/\/maranhaotv.com.br\/index.php\/wp-json\/wp\/v2\/posts\/38781\/revisions"}],"predecessor-version":[{"id":38782,"href":"https:\/\/maranhaotv.com.br\/index.php\/wp-json\/wp\/v2\/posts\/38781\/revisions\/38782"}],"wp:featuredmedia":[{"embeddable":true,"href":"https:\/\/maranhaotv.com.br\/index.php\/wp-json\/wp\/v2\/media\/38780"}],"wp:attachment":[{"href":"https:\/\/maranhaotv.com.br\/index.php\/wp-json\/wp\/v2\/media?parent=38781"}],"wp:term":[{"taxonomy":"category","embeddable":true,"href":"https:\/\/maranhaotv.com.br\/index.php\/wp-json\/wp\/v2\/categories?post=38781"},{"taxonomy":"post_tag","embeddable":true,"href":"https:\/\/maranhaotv.com.br\/index.php\/wp-json\/wp\/v2\/tags?post=38781"}],"curies":[{"name":"wp","href":"https:\/\/api.w.org\/{rel}","templated":true}]}}