{"id":38791,"date":"2024-11-19T12:01:42","date_gmt":"2024-11-19T15:01:42","guid":{"rendered":"https:\/\/maranhaotv.com.br\/?p=38791"},"modified":"2024-11-19T12:01:54","modified_gmt":"2024-11-19T15:01:54","slug":"acao-de-prevencao-alerta-para-a-importancia-do-diagnostico-precoce-de-problemas-oculares-em-diabeticos","status":"publish","type":"post","link":"https:\/\/maranhaotv.com.br\/index.php\/2024\/11\/19\/acao-de-prevencao-alerta-para-a-importancia-do-diagnostico-precoce-de-problemas-oculares-em-diabeticos\/","title":{"rendered":"A\u00e7\u00e3o de preven\u00e7\u00e3o alerta para a import\u00e2ncia do diagn\u00f3stico precoce de problemas oculares em diab\u00e9ticos"},"content":{"rendered":"\n<p><br><br>O n\u00famero de interna\u00e7\u00f5es por Diabetes Mellitus (DM) no Maranh\u00e3o tem aumentado consideravelmente nos \u00faltimos anos, refletindo a necessidade urgente de a\u00e7\u00f5es preventivas. De acordo com dados do\u00a0Monitora Sa\u00fade Maranh\u00e3o, em 2018, o estado registrou 288 interna\u00e7\u00f5es por diabetes entre pessoas com 18 anos ou mais. Esse n\u00famero dobrou nos \u00faltimos 6 anos, chegando a 491 interna\u00e7\u00f5es no ano passado, e em 2024, at\u00e9 setembro, foram registrados 371 casos. Esse aumento \u00e9 preocupante, j\u00e1 que o diabetes pode causar s\u00e9rias complica\u00e7\u00f5es, incluindo problemas de vis\u00e3o.<br>A retinopatia diab\u00e9tica, uma das principais consequ\u00eancias oftalmol\u00f3gicas do diabetes, \u00e9 a principal causa de cegueira em adultos em pa\u00edses desenvolvidos. Ela muitas vezes n\u00e3o apresenta sintomas nos est\u00e1gios iniciais, o que torna a detec\u00e7\u00e3o precoce fundamental para evitar danos permanentes \u00e0 vis\u00e3o. A Sociedade Brasileira de Retina e V\u00edtreo (SBRV) recomenda que pessoas com diabetes realizem exames oftalmol\u00f3gicos regulares, pelo menos uma vez por ano, para identificar precocemente complica\u00e7\u00f5es e iniciar o tratamento adequado.<br>\u00c9 nesse contexto que ocorre uma a\u00e7\u00e3o importante de conscientiza\u00e7\u00e3o e preven\u00e7\u00e3o, que acontecer\u00e1 amanh\u00e3, dia 14 de novembro, das 10h \u00e0s 16h, no Mateus do Shopping da Ilha, em S\u00e3o Lu\u00eds. A a\u00e7\u00e3o \u00e9 promovida pela Associa\u00e7\u00e3o Maranhense do Diab\u00e9tico Tipo 1 (AMD) em parceria com a cl\u00ednica Olhar Sa\u00fade, sob a coordena\u00e7\u00e3o do Dr. \u00c1lvaro Botentuit. Durante o evento, ser\u00e3o oferecidos exames gratuitos de press\u00e3o ocular e fundo de olho, voltados para a detec\u00e7\u00e3o de problemas oculares relacionados ao diabetes.<br>Al\u00e9m dos exames, o Dr. \u00c1lvaro Botentuit e sua equipe ir\u00e3o realizar palestras educativas, distribuir materiais informativos e oferecer consultas r\u00e1pidas para esclarecer d\u00favidas e orientar a popula\u00e7\u00e3o sobre os cuidados necess\u00e1rios para prevenir complica\u00e7\u00f5es oculares. A a\u00e7\u00e3o busca alertar a popula\u00e7\u00e3o sobre a import\u00e2ncia do diagn\u00f3stico precoce e do monitoramento regular da sa\u00fade ocular, especialmente para aqueles que t\u00eam diabetes ou est\u00e3o em risco.<br>A participa\u00e7\u00e3o \u00e9 gratuita e aberta ao p\u00fablico, sendo uma excelente oportunidade para quem deseja cuidar da sa\u00fade ocular e entender os riscos do diabetes para a vis\u00e3o. A iniciativa refor\u00e7a a necessidade de prevenir complica\u00e7\u00f5es e promover um diagn\u00f3stico precoce, fatores fundamentais para o controle do diabetes e a preserva\u00e7\u00e3o da qualidade de vida.<br><br>O que? A\u00e7\u00e3o de preven\u00e7\u00e3o alerta para a import\u00e2ncia do diagn\u00f3stico precoce de problemas oculares em diab\u00e9ticos<br>Onde? Mateus do Shopping da Ilha, em S\u00e3o Lu\u00eds.<br>Quando? Dia 14 de novembro, das 10h \u00e0s 16h<br>Assessoria: 98 983443814<\/p>\n\n\n\n<figure class=\"wp-block-image size-large\"><img loading=\"lazy\" decoding=\"async\" width=\"576\" height=\"1024\" src=\"https:\/\/maranhaotv.com.br\/wp-content\/uploads\/2024\/11\/img-20241119-wa00603749824968106520336-576x1024.jpg\" alt=\"\" class=\"wp-image-38789\" srcset=\"https:\/\/maranhaotv.com.br\/wp-content\/uploads\/2024\/11\/img-20241119-wa00603749824968106520336-576x1024.jpg 576w, https:\/\/maranhaotv.com.br\/wp-content\/uploads\/2024\/11\/img-20241119-wa00603749824968106520336-169x300.jpg 169w, https:\/\/maranhaotv.com.br\/wp-content\/uploads\/2024\/11\/img-20241119-wa00603749824968106520336.jpg 720w\" sizes=\"auto, (max-width: 576px) 100vw, 576px\" \/><\/figure>\n","protected":false},"excerpt":{"rendered":"<p>O n\u00famero de interna\u00e7\u00f5es por Diabetes Mellitus (DM) no Maranh\u00e3o tem aumentado consideravelmente nos \u00faltimos anos, refletindo a necessidade urgente<\/p>\n","protected":false},"author":2,"featured_media":38790,"comment_status":"open","ping_status":"open","sticky":false,"template":"","format":"standard","meta":{"colormag_page_container_layout":"default_layout","colormag_page_sidebar_layout":"default_layout","_jetpack_memberships_contains_paid_content":false,"footnotes":""},"categories":[8],"tags":[],"class_list":["post-38791","post","type-post","status-publish","format-standard","has-post-thumbnail","hentry","category-servicos"],"magazineBlocksPostFeaturedMedia":{"thumbnail":"https:\/\/maranhaotv.com.br\/wp-content\/uploads\/2024\/11\/image_editor_output_image742585581-1732028505418-150x150.jpg","medium":"https:\/\/maranhaotv.com.br\/wp-content\/uploads\/2024\/11\/image_editor_output_image742585581-1732028505418-300x248.jpg","medium_large":"https:\/\/maranhaotv.com.br\/wp-content\/uploads\/2024\/11\/image_editor_output_image742585581-1732028505418.jpg","large":"https:\/\/maranhaotv.com.br\/wp-content\/uploads\/2024\/11\/image_editor_output_image742585581-1732028505418.jpg","1536x1536":"https:\/\/maranhaotv.com.br\/wp-content\/uploads\/2024\/11\/image_editor_output_image742585581-1732028505418.jpg","2048x2048":"https:\/\/maranhaotv.com.br\/wp-content\/uploads\/2024\/11\/image_editor_output_image742585581-1732028505418.jpg","colormag-highlighted-post":"https:\/\/maranhaotv.com.br\/wp-content\/uploads\/2024\/11\/image_editor_output_image742585581-1732028505418-392x272.jpg","colormag-featured-post-medium":"https:\/\/maranhaotv.com.br\/wp-content\/uploads\/2024\/11\/image_editor_output_image742585581-1732028505418-390x205.jpg","colormag-featured-post-small":"https:\/\/maranhaotv.com.br\/wp-content\/uploads\/2024\/11\/image_editor_output_image742585581-1732028505418-130x90.jpg","colormag-featured-image":"https:\/\/maranhaotv.com.br\/wp-content\/uploads\/2024\/11\/image_editor_output_image742585581-1732028505418-720x445.jpg","colormag-default-news":"https:\/\/maranhaotv.com.br\/wp-content\/uploads\/2024\/11\/image_editor_output_image742585581-1732028505418-150x150.jpg","colormag-featured-image-large":"https:\/\/maranhaotv.com.br\/wp-content\/uploads\/2024\/11\/image_editor_output_image742585581-1732028505418.jpg"},"magazineBlocksPostAuthor":{"name":"maranhaotv","avatar":"https:\/\/secure.gravatar.com\/avatar\/8fadbca458d4cb68b1dd399ae9a40618d747bb1af65ac9fad21c89220a143eb4?s=96&d=mm&r=g"},"magazineBlocksPostCommentsNumber":"0","magazineBlocksPostExcerpt":"O n\u00famero de interna\u00e7\u00f5es por Diabetes Mellitus (DM) no Maranh\u00e3o tem aumentado consideravelmente nos \u00faltimos anos, refletindo a necessidade urgente","magazineBlocksPostCategories":["servi\u00e7os"],"magazineBlocksPostViewCount":291,"magazineBlocksPostReadTime":3,"magazine_blocks_featured_image_url":{"full":["https:\/\/maranhaotv.com.br\/wp-content\/uploads\/2024\/11\/image_editor_output_image742585581-1732028505418.jpg",720,594,false],"medium":["https:\/\/maranhaotv.com.br\/wp-content\/uploads\/2024\/11\/image_editor_output_image742585581-1732028505418-300x248.jpg",300,248,true],"thumbnail":["https:\/\/maranhaotv.com.br\/wp-content\/uploads\/2024\/11\/image_editor_output_image742585581-1732028505418-150x150.jpg",150,150,true]},"magazine_blocks_author":{"display_name":"maranhaotv","author_link":"https:\/\/maranhaotv.com.br\/index.php\/author\/maranhaotv\/"},"magazine_blocks_comment":0,"magazine_blocks_author_image":"https:\/\/secure.gravatar.com\/avatar\/8fadbca458d4cb68b1dd399ae9a40618d747bb1af65ac9fad21c89220a143eb4?s=96&d=mm&r=g","magazine_blocks_category":"<a href=\"#\" class=\"category-link category-link-8\">servi\u00e7os<\/a>","yoast_head":"<!-- This site is optimized with the Yoast SEO plugin v27.4 - https:\/\/yoast.com\/product\/yoast-seo-wordpress\/ -->\n<title>A\u00e7\u00e3o de preven\u00e7\u00e3o alerta para a import\u00e2ncia do diagn\u00f3stico precoce de problemas oculares em diab\u00e9ticos - NOT\u00cdCIAS EM TEMPO REAL<\/title>\n<meta name=\"robots\" content=\"index, follow, max-snippet:-1, max-image-preview:large, max-video-preview:-1\" \/>\n<link rel=\"canonical\" href=\"https:\/\/maranhaotv.com.br\/index.php\/2024\/11\/19\/acao-de-prevencao-alerta-para-a-importancia-do-diagnostico-precoce-de-problemas-oculares-em-diabeticos\/\" \/>\n<meta property=\"og:locale\" content=\"pt_BR\" \/>\n<meta property=\"og:type\" content=\"article\" \/>\n<meta property=\"og:title\" content=\"A\u00e7\u00e3o de preven\u00e7\u00e3o alerta para a import\u00e2ncia do diagn\u00f3stico precoce de problemas oculares em diab\u00e9ticos - NOT\u00cdCIAS EM TEMPO REAL\" \/>\n<meta property=\"og:description\" content=\"O n\u00famero de interna\u00e7\u00f5es por Diabetes Mellitus (DM) no Maranh\u00e3o tem aumentado consideravelmente nos \u00faltimos anos, refletindo a necessidade urgente\" \/>\n<meta property=\"og:url\" content=\"https:\/\/maranhaotv.com.br\/index.php\/2024\/11\/19\/acao-de-prevencao-alerta-para-a-importancia-do-diagnostico-precoce-de-problemas-oculares-em-diabeticos\/\" \/>\n<meta property=\"og:site_name\" content=\"NOT\u00cdCIAS EM TEMPO REAL\" \/>\n<meta property=\"article:publisher\" content=\"https:\/\/www.facebook.com\/maiobaotv\" \/>\n<meta property=\"article:published_time\" content=\"2024-11-19T15:01:42+00:00\" \/>\n<meta property=\"article:modified_time\" content=\"2024-11-19T15:01:54+00:00\" \/>\n<meta property=\"og:image\" content=\"https:\/\/maranhaotv.com.br\/wp-content\/uploads\/2024\/11\/image_editor_output_image742585581-1732028505418.jpg\" \/>\n\t<meta property=\"og:image:width\" content=\"720\" \/>\n\t<meta property=\"og:image:height\" content=\"594\" \/>\n\t<meta property=\"og:image:type\" content=\"image\/jpeg\" \/>\n<meta name=\"author\" content=\"maranhaotv\" \/>\n<meta name=\"twitter:card\" content=\"summary_large_image\" \/>\n<meta name=\"twitter:creator\" content=\"@sitemaranhaotv\" \/>\n<meta name=\"twitter:site\" content=\"@sitemaranhaotv\" \/>\n<meta name=\"twitter:label1\" content=\"Escrito por\" \/>\n\t<meta name=\"twitter:data1\" content=\"maranhaotv\" \/>\n\t<meta name=\"twitter:label2\" content=\"Est. tempo de leitura\" \/>\n\t<meta name=\"twitter:data2\" content=\"2 minutos\" \/>\n<script type=\"application\/ld+json\" class=\"yoast-schema-graph\">{\"@context\":\"https:\\\/\\\/schema.org\",\"@graph\":[{\"@type\":\"Article\",\"@id\":\"https:\\\/\\\/maranhaotv.com.br\\\/index.php\\\/2024\\\/11\\\/19\\\/acao-de-prevencao-alerta-para-a-importancia-do-diagnostico-precoce-de-problemas-oculares-em-diabeticos\\\/#article\",\"isPartOf\":{\"@id\":\"https:\\\/\\\/maranhaotv.com.br\\\/index.php\\\/2024\\\/11\\\/19\\\/acao-de-prevencao-alerta-para-a-importancia-do-diagnostico-precoce-de-problemas-oculares-em-diabeticos\\\/\"},\"author\":{\"name\":\"maranhaotv\",\"@id\":\"https:\\\/\\\/maranhaotv.com.br\\\/#\\\/schema\\\/person\\\/3d54238e86b20bb5c89ab2fdb8f8829a\"},\"headline\":\"A\u00e7\u00e3o de preven\u00e7\u00e3o alerta para a import\u00e2ncia do diagn\u00f3stico precoce de problemas oculares em diab\u00e9ticos\",\"datePublished\":\"2024-11-19T15:01:42+00:00\",\"dateModified\":\"2024-11-19T15:01:54+00:00\",\"mainEntityOfPage\":{\"@id\":\"https:\\\/\\\/maranhaotv.com.br\\\/index.php\\\/2024\\\/11\\\/19\\\/acao-de-prevencao-alerta-para-a-importancia-do-diagnostico-precoce-de-problemas-oculares-em-diabeticos\\\/\"},\"wordCount\":467,\"commentCount\":0,\"publisher\":{\"@id\":\"https:\\\/\\\/maranhaotv.com.br\\\/#organization\"},\"image\":{\"@id\":\"https:\\\/\\\/maranhaotv.com.br\\\/index.php\\\/2024\\\/11\\\/19\\\/acao-de-prevencao-alerta-para-a-importancia-do-diagnostico-precoce-de-problemas-oculares-em-diabeticos\\\/#primaryimage\"},\"thumbnailUrl\":\"https:\\\/\\\/maranhaotv.com.br\\\/wp-content\\\/uploads\\\/2024\\\/11\\\/image_editor_output_image742585581-1732028505418.jpg\",\"articleSection\":[\"servi\u00e7os\"],\"inLanguage\":\"pt-BR\",\"potentialAction\":[{\"@type\":\"CommentAction\",\"name\":\"Comment\",\"target\":[\"https:\\\/\\\/maranhaotv.com.br\\\/index.php\\\/2024\\\/11\\\/19\\\/acao-de-prevencao-alerta-para-a-importancia-do-diagnostico-precoce-de-problemas-oculares-em-diabeticos\\\/#respond\"]}]},{\"@type\":\"WebPage\",\"@id\":\"https:\\\/\\\/maranhaotv.com.br\\\/index.php\\\/2024\\\/11\\\/19\\\/acao-de-prevencao-alerta-para-a-importancia-do-diagnostico-precoce-de-problemas-oculares-em-diabeticos\\\/\",\"url\":\"https:\\\/\\\/maranhaotv.com.br\\\/index.php\\\/2024\\\/11\\\/19\\\/acao-de-prevencao-alerta-para-a-importancia-do-diagnostico-precoce-de-problemas-oculares-em-diabeticos\\\/\",\"name\":\"A\u00e7\u00e3o de preven\u00e7\u00e3o alerta para a import\u00e2ncia do diagn\u00f3stico precoce de problemas oculares em diab\u00e9ticos - NOT\u00cdCIAS EM TEMPO REAL\",\"isPartOf\":{\"@id\":\"https:\\\/\\\/maranhaotv.com.br\\\/#website\"},\"primaryImageOfPage\":{\"@id\":\"https:\\\/\\\/maranhaotv.com.br\\\/index.php\\\/2024\\\/11\\\/19\\\/acao-de-prevencao-alerta-para-a-importancia-do-diagnostico-precoce-de-problemas-oculares-em-diabeticos\\\/#primaryimage\"},\"image\":{\"@id\":\"https:\\\/\\\/maranhaotv.com.br\\\/index.php\\\/2024\\\/11\\\/19\\\/acao-de-prevencao-alerta-para-a-importancia-do-diagnostico-precoce-de-problemas-oculares-em-diabeticos\\\/#primaryimage\"},\"thumbnailUrl\":\"https:\\\/\\\/maranhaotv.com.br\\\/wp-content\\\/uploads\\\/2024\\\/11\\\/image_editor_output_image742585581-1732028505418.jpg\",\"datePublished\":\"2024-11-19T15:01:42+00:00\",\"dateModified\":\"2024-11-19T15:01:54+00:00\",\"breadcrumb\":{\"@id\":\"https:\\\/\\\/maranhaotv.com.br\\\/index.php\\\/2024\\\/11\\\/19\\\/acao-de-prevencao-alerta-para-a-importancia-do-diagnostico-precoce-de-problemas-oculares-em-diabeticos\\\/#breadcrumb\"},\"inLanguage\":\"pt-BR\",\"potentialAction\":[{\"@type\":\"ReadAction\",\"target\":[\"https:\\\/\\\/maranhaotv.com.br\\\/index.php\\\/2024\\\/11\\\/19\\\/acao-de-prevencao-alerta-para-a-importancia-do-diagnostico-precoce-de-problemas-oculares-em-diabeticos\\\/\"]}]},{\"@type\":\"ImageObject\",\"inLanguage\":\"pt-BR\",\"@id\":\"https:\\\/\\\/maranhaotv.com.br\\\/index.php\\\/2024\\\/11\\\/19\\\/acao-de-prevencao-alerta-para-a-importancia-do-diagnostico-precoce-de-problemas-oculares-em-diabeticos\\\/#primaryimage\",\"url\":\"https:\\\/\\\/maranhaotv.com.br\\\/wp-content\\\/uploads\\\/2024\\\/11\\\/image_editor_output_image742585581-1732028505418.jpg\",\"contentUrl\":\"https:\\\/\\\/maranhaotv.com.br\\\/wp-content\\\/uploads\\\/2024\\\/11\\\/image_editor_output_image742585581-1732028505418.jpg\",\"width\":720,\"height\":594},{\"@type\":\"BreadcrumbList\",\"@id\":\"https:\\\/\\\/maranhaotv.com.br\\\/index.php\\\/2024\\\/11\\\/19\\\/acao-de-prevencao-alerta-para-a-importancia-do-diagnostico-precoce-de-problemas-oculares-em-diabeticos\\\/#breadcrumb\",\"itemListElement\":[{\"@type\":\"ListItem\",\"position\":1,\"name\":\"In\u00edcio\",\"item\":\"https:\\\/\\\/maranhaotv.com.br\\\/\"},{\"@type\":\"ListItem\",\"position\":2,\"name\":\"A\u00e7\u00e3o de preven\u00e7\u00e3o alerta para a import\u00e2ncia do diagn\u00f3stico precoce de problemas oculares em diab\u00e9ticos\"}]},{\"@type\":\"WebSite\",\"@id\":\"https:\\\/\\\/maranhaotv.com.br\\\/#website\",\"url\":\"https:\\\/\\\/maranhaotv.com.br\\\/\",\"name\":\"Maranh\u00e3oTV\",\"description\":\"\",\"publisher\":{\"@id\":\"https:\\\/\\\/maranhaotv.com.br\\\/#organization\"},\"potentialAction\":[{\"@type\":\"SearchAction\",\"target\":{\"@type\":\"EntryPoint\",\"urlTemplate\":\"https:\\\/\\\/maranhaotv.com.br\\\/?s={search_term_string}\"},\"query-input\":{\"@type\":\"PropertyValueSpecification\",\"valueRequired\":true,\"valueName\":\"search_term_string\"}}],\"inLanguage\":\"pt-BR\"},{\"@type\":\"Organization\",\"@id\":\"https:\\\/\\\/maranhaotv.com.br\\\/#organization\",\"name\":\"Portal de Not\u00edcias\",\"url\":\"https:\\\/\\\/maranhaotv.com.br\\\/\",\"logo\":{\"@type\":\"ImageObject\",\"inLanguage\":\"pt-BR\",\"@id\":\"https:\\\/\\\/maranhaotv.com.br\\\/#\\\/schema\\\/logo\\\/image\\\/\",\"url\":\"https:\\\/\\\/maranhaotv.com.br\\\/wp-content\\\/uploads\\\/2024\\\/05\\\/cropped-cropped-avatar-1.png\",\"contentUrl\":\"https:\\\/\\\/maranhaotv.com.br\\\/wp-content\\\/uploads\\\/2024\\\/05\\\/cropped-cropped-avatar-1.png\",\"width\":792,\"height\":428,\"caption\":\"Portal de Not\u00edcias\"},\"image\":{\"@id\":\"https:\\\/\\\/maranhaotv.com.br\\\/#\\\/schema\\\/logo\\\/image\\\/\"},\"sameAs\":[\"https:\\\/\\\/www.facebook.com\\\/maiobaotv\",\"https:\\\/\\\/x.com\\\/sitemaranhaotv\",\"https:\\\/\\\/www.instagram.com\\\/maranhao.tv\",\"https:\\\/\\\/www.threads.net\\\/@maranhao.tv\"]},{\"@type\":\"Person\",\"@id\":\"https:\\\/\\\/maranhaotv.com.br\\\/#\\\/schema\\\/person\\\/3d54238e86b20bb5c89ab2fdb8f8829a\",\"name\":\"maranhaotv\",\"image\":{\"@type\":\"ImageObject\",\"inLanguage\":\"pt-BR\",\"@id\":\"https:\\\/\\\/secure.gravatar.com\\\/avatar\\\/8fadbca458d4cb68b1dd399ae9a40618d747bb1af65ac9fad21c89220a143eb4?s=96&d=mm&r=g\",\"url\":\"https:\\\/\\\/secure.gravatar.com\\\/avatar\\\/8fadbca458d4cb68b1dd399ae9a40618d747bb1af65ac9fad21c89220a143eb4?s=96&d=mm&r=g\",\"contentUrl\":\"https:\\\/\\\/secure.gravatar.com\\\/avatar\\\/8fadbca458d4cb68b1dd399ae9a40618d747bb1af65ac9fad21c89220a143eb4?s=96&d=mm&r=g\",\"caption\":\"maranhaotv\"},\"sameAs\":[\"https:\\\/\\\/maranhaotv.com.br\\\/\"],\"url\":\"https:\\\/\\\/maranhaotv.com.br\\\/index.php\\\/author\\\/maranhaotv\\\/\"}]}<\/script>\n<!-- \/ Yoast SEO plugin. -->","yoast_head_json":{"title":"A\u00e7\u00e3o de preven\u00e7\u00e3o alerta para a import\u00e2ncia do diagn\u00f3stico precoce de problemas oculares em diab\u00e9ticos - NOT\u00cdCIAS EM TEMPO REAL","robots":{"index":"index","follow":"follow","max-snippet":"max-snippet:-1","max-image-preview":"max-image-preview:large","max-video-preview":"max-video-preview:-1"},"canonical":"https:\/\/maranhaotv.com.br\/index.php\/2024\/11\/19\/acao-de-prevencao-alerta-para-a-importancia-do-diagnostico-precoce-de-problemas-oculares-em-diabeticos\/","og_locale":"pt_BR","og_type":"article","og_title":"A\u00e7\u00e3o de preven\u00e7\u00e3o alerta para a import\u00e2ncia do diagn\u00f3stico precoce de problemas oculares em diab\u00e9ticos - NOT\u00cdCIAS EM TEMPO REAL","og_description":"O n\u00famero de interna\u00e7\u00f5es por Diabetes Mellitus (DM) no Maranh\u00e3o tem aumentado consideravelmente nos \u00faltimos anos, refletindo a necessidade urgente","og_url":"https:\/\/maranhaotv.com.br\/index.php\/2024\/11\/19\/acao-de-prevencao-alerta-para-a-importancia-do-diagnostico-precoce-de-problemas-oculares-em-diabeticos\/","og_site_name":"NOT\u00cdCIAS EM TEMPO REAL","article_publisher":"https:\/\/www.facebook.com\/maiobaotv","article_published_time":"2024-11-19T15:01:42+00:00","article_modified_time":"2024-11-19T15:01:54+00:00","og_image":[{"width":720,"height":594,"url":"https:\/\/maranhaotv.com.br\/wp-content\/uploads\/2024\/11\/image_editor_output_image742585581-1732028505418.jpg","type":"image\/jpeg"}],"author":"maranhaotv","twitter_card":"summary_large_image","twitter_creator":"@sitemaranhaotv","twitter_site":"@sitemaranhaotv","twitter_misc":{"Escrito por":"maranhaotv","Est. tempo de leitura":"2 minutos"},"schema":{"@context":"https:\/\/schema.org","@graph":[{"@type":"Article","@id":"https:\/\/maranhaotv.com.br\/index.php\/2024\/11\/19\/acao-de-prevencao-alerta-para-a-importancia-do-diagnostico-precoce-de-problemas-oculares-em-diabeticos\/#article","isPartOf":{"@id":"https:\/\/maranhaotv.com.br\/index.php\/2024\/11\/19\/acao-de-prevencao-alerta-para-a-importancia-do-diagnostico-precoce-de-problemas-oculares-em-diabeticos\/"},"author":{"name":"maranhaotv","@id":"https:\/\/maranhaotv.com.br\/#\/schema\/person\/3d54238e86b20bb5c89ab2fdb8f8829a"},"headline":"A\u00e7\u00e3o de preven\u00e7\u00e3o alerta para a import\u00e2ncia do diagn\u00f3stico precoce de problemas oculares em diab\u00e9ticos","datePublished":"2024-11-19T15:01:42+00:00","dateModified":"2024-11-19T15:01:54+00:00","mainEntityOfPage":{"@id":"https:\/\/maranhaotv.com.br\/index.php\/2024\/11\/19\/acao-de-prevencao-alerta-para-a-importancia-do-diagnostico-precoce-de-problemas-oculares-em-diabeticos\/"},"wordCount":467,"commentCount":0,"publisher":{"@id":"https:\/\/maranhaotv.com.br\/#organization"},"image":{"@id":"https:\/\/maranhaotv.com.br\/index.php\/2024\/11\/19\/acao-de-prevencao-alerta-para-a-importancia-do-diagnostico-precoce-de-problemas-oculares-em-diabeticos\/#primaryimage"},"thumbnailUrl":"https:\/\/maranhaotv.com.br\/wp-content\/uploads\/2024\/11\/image_editor_output_image742585581-1732028505418.jpg","articleSection":["servi\u00e7os"],"inLanguage":"pt-BR","potentialAction":[{"@type":"CommentAction","name":"Comment","target":["https:\/\/maranhaotv.com.br\/index.php\/2024\/11\/19\/acao-de-prevencao-alerta-para-a-importancia-do-diagnostico-precoce-de-problemas-oculares-em-diabeticos\/#respond"]}]},{"@type":"WebPage","@id":"https:\/\/maranhaotv.com.br\/index.php\/2024\/11\/19\/acao-de-prevencao-alerta-para-a-importancia-do-diagnostico-precoce-de-problemas-oculares-em-diabeticos\/","url":"https:\/\/maranhaotv.com.br\/index.php\/2024\/11\/19\/acao-de-prevencao-alerta-para-a-importancia-do-diagnostico-precoce-de-problemas-oculares-em-diabeticos\/","name":"A\u00e7\u00e3o de preven\u00e7\u00e3o alerta para a import\u00e2ncia do diagn\u00f3stico precoce de problemas oculares em diab\u00e9ticos - NOT\u00cdCIAS EM TEMPO REAL","isPartOf":{"@id":"https:\/\/maranhaotv.com.br\/#website"},"primaryImageOfPage":{"@id":"https:\/\/maranhaotv.com.br\/index.php\/2024\/11\/19\/acao-de-prevencao-alerta-para-a-importancia-do-diagnostico-precoce-de-problemas-oculares-em-diabeticos\/#primaryimage"},"image":{"@id":"https:\/\/maranhaotv.com.br\/index.php\/2024\/11\/19\/acao-de-prevencao-alerta-para-a-importancia-do-diagnostico-precoce-de-problemas-oculares-em-diabeticos\/#primaryimage"},"thumbnailUrl":"https:\/\/maranhaotv.com.br\/wp-content\/uploads\/2024\/11\/image_editor_output_image742585581-1732028505418.jpg","datePublished":"2024-11-19T15:01:42+00:00","dateModified":"2024-11-19T15:01:54+00:00","breadcrumb":{"@id":"https:\/\/maranhaotv.com.br\/index.php\/2024\/11\/19\/acao-de-prevencao-alerta-para-a-importancia-do-diagnostico-precoce-de-problemas-oculares-em-diabeticos\/#breadcrumb"},"inLanguage":"pt-BR","potentialAction":[{"@type":"ReadAction","target":["https:\/\/maranhaotv.com.br\/index.php\/2024\/11\/19\/acao-de-prevencao-alerta-para-a-importancia-do-diagnostico-precoce-de-problemas-oculares-em-diabeticos\/"]}]},{"@type":"ImageObject","inLanguage":"pt-BR","@id":"https:\/\/maranhaotv.com.br\/index.php\/2024\/11\/19\/acao-de-prevencao-alerta-para-a-importancia-do-diagnostico-precoce-de-problemas-oculares-em-diabeticos\/#primaryimage","url":"https:\/\/maranhaotv.com.br\/wp-content\/uploads\/2024\/11\/image_editor_output_image742585581-1732028505418.jpg","contentUrl":"https:\/\/maranhaotv.com.br\/wp-content\/uploads\/2024\/11\/image_editor_output_image742585581-1732028505418.jpg","width":720,"height":594},{"@type":"BreadcrumbList","@id":"https:\/\/maranhaotv.com.br\/index.php\/2024\/11\/19\/acao-de-prevencao-alerta-para-a-importancia-do-diagnostico-precoce-de-problemas-oculares-em-diabeticos\/#breadcrumb","itemListElement":[{"@type":"ListItem","position":1,"name":"In\u00edcio","item":"https:\/\/maranhaotv.com.br\/"},{"@type":"ListItem","position":2,"name":"A\u00e7\u00e3o de preven\u00e7\u00e3o alerta para a import\u00e2ncia do diagn\u00f3stico precoce de problemas oculares em diab\u00e9ticos"}]},{"@type":"WebSite","@id":"https:\/\/maranhaotv.com.br\/#website","url":"https:\/\/maranhaotv.com.br\/","name":"Maranh\u00e3oTV","description":"","publisher":{"@id":"https:\/\/maranhaotv.com.br\/#organization"},"potentialAction":[{"@type":"SearchAction","target":{"@type":"EntryPoint","urlTemplate":"https:\/\/maranhaotv.com.br\/?s={search_term_string}"},"query-input":{"@type":"PropertyValueSpecification","valueRequired":true,"valueName":"search_term_string"}}],"inLanguage":"pt-BR"},{"@type":"Organization","@id":"https:\/\/maranhaotv.com.br\/#organization","name":"Portal de Not\u00edcias","url":"https:\/\/maranhaotv.com.br\/","logo":{"@type":"ImageObject","inLanguage":"pt-BR","@id":"https:\/\/maranhaotv.com.br\/#\/schema\/logo\/image\/","url":"https:\/\/maranhaotv.com.br\/wp-content\/uploads\/2024\/05\/cropped-cropped-avatar-1.png","contentUrl":"https:\/\/maranhaotv.com.br\/wp-content\/uploads\/2024\/05\/cropped-cropped-avatar-1.png","width":792,"height":428,"caption":"Portal de Not\u00edcias"},"image":{"@id":"https:\/\/maranhaotv.com.br\/#\/schema\/logo\/image\/"},"sameAs":["https:\/\/www.facebook.com\/maiobaotv","https:\/\/x.com\/sitemaranhaotv","https:\/\/www.instagram.com\/maranhao.tv","https:\/\/www.threads.net\/@maranhao.tv"]},{"@type":"Person","@id":"https:\/\/maranhaotv.com.br\/#\/schema\/person\/3d54238e86b20bb5c89ab2fdb8f8829a","name":"maranhaotv","image":{"@type":"ImageObject","inLanguage":"pt-BR","@id":"https:\/\/secure.gravatar.com\/avatar\/8fadbca458d4cb68b1dd399ae9a40618d747bb1af65ac9fad21c89220a143eb4?s=96&d=mm&r=g","url":"https:\/\/secure.gravatar.com\/avatar\/8fadbca458d4cb68b1dd399ae9a40618d747bb1af65ac9fad21c89220a143eb4?s=96&d=mm&r=g","contentUrl":"https:\/\/secure.gravatar.com\/avatar\/8fadbca458d4cb68b1dd399ae9a40618d747bb1af65ac9fad21c89220a143eb4?s=96&d=mm&r=g","caption":"maranhaotv"},"sameAs":["https:\/\/maranhaotv.com.br\/"],"url":"https:\/\/maranhaotv.com.br\/index.php\/author\/maranhaotv\/"}]}},"jetpack_featured_media_url":"https:\/\/maranhaotv.com.br\/wp-content\/uploads\/2024\/11\/image_editor_output_image742585581-1732028505418.jpg","jetpack_sharing_enabled":true,"_links":{"self":[{"href":"https:\/\/maranhaotv.com.br\/index.php\/wp-json\/wp\/v2\/posts\/38791","targetHints":{"allow":["GET"]}}],"collection":[{"href":"https:\/\/maranhaotv.com.br\/index.php\/wp-json\/wp\/v2\/posts"}],"about":[{"href":"https:\/\/maranhaotv.com.br\/index.php\/wp-json\/wp\/v2\/types\/post"}],"author":[{"embeddable":true,"href":"https:\/\/maranhaotv.com.br\/index.php\/wp-json\/wp\/v2\/users\/2"}],"replies":[{"embeddable":true,"href":"https:\/\/maranhaotv.com.br\/index.php\/wp-json\/wp\/v2\/comments?post=38791"}],"version-history":[{"count":1,"href":"https:\/\/maranhaotv.com.br\/index.php\/wp-json\/wp\/v2\/posts\/38791\/revisions"}],"predecessor-version":[{"id":38792,"href":"https:\/\/maranhaotv.com.br\/index.php\/wp-json\/wp\/v2\/posts\/38791\/revisions\/38792"}],"wp:featuredmedia":[{"embeddable":true,"href":"https:\/\/maranhaotv.com.br\/index.php\/wp-json\/wp\/v2\/media\/38790"}],"wp:attachment":[{"href":"https:\/\/maranhaotv.com.br\/index.php\/wp-json\/wp\/v2\/media?parent=38791"}],"wp:term":[{"taxonomy":"category","embeddable":true,"href":"https:\/\/maranhaotv.com.br\/index.php\/wp-json\/wp\/v2\/categories?post=38791"},{"taxonomy":"post_tag","embeddable":true,"href":"https:\/\/maranhaotv.com.br\/index.php\/wp-json\/wp\/v2\/tags?post=38791"}],"curies":[{"name":"wp","href":"https:\/\/api.w.org\/{rel}","templated":true}]}}