{"id":38796,"date":"2024-11-19T17:40:19","date_gmt":"2024-11-19T20:40:19","guid":{"rendered":"https:\/\/maranhaotv.com.br\/?p=38796"},"modified":"2024-11-19T17:40:35","modified_gmt":"2024-11-19T20:40:35","slug":"maranhao-pode-ter-maior-icms-do-brasil-fecomercio-fcdl-e-deputado-carlos-lula-reagem","status":"publish","type":"post","link":"https:\/\/maranhaotv.com.br\/index.php\/2024\/11\/19\/maranhao-pode-ter-maior-icms-do-brasil-fecomercio-fcdl-e-deputado-carlos-lula-reagem\/","title":{"rendered":"Maranh\u00e3o pode ter maior ICMS do Brasil: Fecom\u00e9rcio, FCDL e deputado Carlos Lula reagem"},"content":{"rendered":"\n<p><br>O aumento do ICMS no Maranh\u00e3o, proposto pelo Governo do Estado e previsto para vota\u00e7\u00e3o na Assembleia Legislativa nesta quinta-feira (21), tem sido amplamente criticado por entidades representativas do setor produtivo e pela popula\u00e7\u00e3o em geral. A medida, que eleva a al\u00edquota de 22% para 23%, foi repudiada em cartas abertas emitidas pela Fecom\u00e9rcio-MA e pela Federa\u00e7\u00e3o das C\u00e2maras de Dirigentes Lojistas do Maranh\u00e3o (FCDL-MA).<br><br>A Carta Aberta da Fecom\u00e9rcio-MA alerta que o Maranh\u00e3o j\u00e1 det\u00e9m a maior carga tribut\u00e1ria de ICMS do pa\u00eds, superando estados como S\u00e3o Paulo (18%) e Cear\u00e1 (20%). No documento, a entidade denuncia o impacto desproporcional da medida sobre empresas e consumidores. &#8220;A nova proposta de eleva\u00e7\u00e3o acrescenta mais um ponto percentual, resultando em um aumento acumulado de 3 pontos percentuais em apenas 12 meses \u2014 algo inadmiss\u00edvel, mesmo em unidades federativas com maior capacidade econ\u00f4mica, o que definitivamente n\u00e3o \u00e9 o caso do Maranh\u00e3o&#8221;, afirma a Fecom\u00e9rcio.<br><br>J\u00e1 a Carta de Rep\u00fadio da FCDL-MA destaca que o aumento prejudica diretamente micro, pequenas e m\u00e9dias empresas, al\u00e9m de elevar os pre\u00e7os de produtos essenciais para os consumidores. O documento aponta a falta de sensibilidade do governo em um momento de recupera\u00e7\u00e3o econ\u00f4mica ainda fr\u00e1gil. &#8220;Essa decis\u00e3o evidencia a falta de di\u00e1logo com o setor produtivo e a popula\u00e7\u00e3o em geral. Tal medida inibe investimentos, enfraquece a competitividade das empresas locais e prejudica a gera\u00e7\u00e3o de empregos&#8221;, critica a FCDL-MA.<br><br>O deputado estadual Carlos Lula, que j\u00e1 anunciou seu voto contr\u00e1rio \u00e0 medida, refor\u00e7ou a gravidade da proposta. \u201cEsse aumento de imposto \u00e9 um balde de \u00e1gua fria na coragem de quem tenta empreender nesta terra. Qualquer altera\u00e7\u00e3o de al\u00edquota significa aumento de custo de produ\u00e7\u00e3o, mas tamb\u00e9m impacta diretamente a vida real de quem precisa comprar arroz e feij\u00e3o!\u201d, afirmou. Lula tamb\u00e9m criticou a aus\u00eancia de estudos econ\u00f4micos que justifiquem o potencial aumento de arrecada\u00e7\u00e3o. \u201cSe os servi\u00e7os p\u00fablicos s\u00f3 t\u00eam piorado, como justificar mais impostos? Por qualquer \u00f3tica, o projeto \u00e9 absurdo!\u201d, concluiu.<br><br>A eleva\u00e7\u00e3o do ICMS ter\u00e1 impacto direto sobre o pre\u00e7o de produtos e servi\u00e7os essenciais, reduzindo o poder de compra das fam\u00edlias maranhenses e aprofundando as desigualdades sociais. Representantes do setor empresarial reiteram que o aumento da carga tribut\u00e1ria n\u00e3o resolver\u00e1 os problemas fiscais do estado. Pelo contr\u00e1rio, apontam que a medida inibe investimentos e prejudica a gera\u00e7\u00e3o de empregos.<br><br>As cartas abertas da Fecom\u00e9rcio-MA e da FCDL-MA apelam ao governo para que reveja a decis\u00e3o e priorize o di\u00e1logo com o setor produtivo. \u201c\u00c9 imprescind\u00edvel buscar alternativas mais justas e sustent\u00e1veis para equilibrar as contas p\u00fablicas sem penalizar empresas e consumidores\u201d, conclui a carta da FCDL-MA.<br><br>A vota\u00e7\u00e3o do projeto promete mobilizar os deputados estaduais e refor\u00e7a a necessidade de um debate mais profundo sobre a pol\u00edtica fiscal no Maranh\u00e3o. Enquanto isso, consumidores e empres\u00e1rios aguardam com preocupa\u00e7\u00e3o o desfecho dessa medida, que poder\u00e1 afetar ainda mais a economia do estado.<\/p>\n\n\n\n<figure class=\"wp-block-image size-large\"><img loading=\"lazy\" decoding=\"async\" width=\"779\" height=\"1024\" src=\"https:\/\/maranhaotv.com.br\/wp-content\/uploads\/2024\/11\/screenshot_20241119_173938_microsoft-365-office7542375798858580091-779x1024.jpg\" alt=\"\" class=\"wp-image-38794\" srcset=\"https:\/\/maranhaotv.com.br\/wp-content\/uploads\/2024\/11\/screenshot_20241119_173938_microsoft-365-office7542375798858580091-779x1024.jpg 779w, https:\/\/maranhaotv.com.br\/wp-content\/uploads\/2024\/11\/screenshot_20241119_173938_microsoft-365-office7542375798858580091-228x300.jpg 228w, https:\/\/maranhaotv.com.br\/wp-content\/uploads\/2024\/11\/screenshot_20241119_173938_microsoft-365-office7542375798858580091-768x1010.jpg 768w, https:\/\/maranhaotv.com.br\/wp-content\/uploads\/2024\/11\/screenshot_20241119_173938_microsoft-365-office7542375798858580091.jpg 1080w\" sizes=\"auto, (max-width: 779px) 100vw, 779px\" \/><\/figure>\n\n\n\n<figure class=\"wp-block-image\"><img loading=\"lazy\" decoding=\"async\" width=\"754\" height=\"1024\" src=\"https:\/\/maranhaotv.com.br\/wp-content\/uploads\/2024\/11\/screenshot_20241119_173911_microsoft-365-office1236025214346056174-754x1024.jpg\" alt=\"\" class=\"wp-image-38793\" srcset=\"https:\/\/maranhaotv.com.br\/wp-content\/uploads\/2024\/11\/screenshot_20241119_173911_microsoft-365-office1236025214346056174-754x1024.jpg 754w, https:\/\/maranhaotv.com.br\/wp-content\/uploads\/2024\/11\/screenshot_20241119_173911_microsoft-365-office1236025214346056174-221x300.jpg 221w, https:\/\/maranhaotv.com.br\/wp-content\/uploads\/2024\/11\/screenshot_20241119_173911_microsoft-365-office1236025214346056174-768x1042.jpg 768w, https:\/\/maranhaotv.com.br\/wp-content\/uploads\/2024\/11\/screenshot_20241119_173911_microsoft-365-office1236025214346056174.jpg 1080w\" sizes=\"auto, (max-width: 754px) 100vw, 754px\" \/><\/figure>\n","protected":false},"excerpt":{"rendered":"<p>O aumento do ICMS no Maranh\u00e3o, proposto pelo Governo do Estado e previsto para vota\u00e7\u00e3o na Assembleia Legislativa nesta quinta-feira<\/p>\n","protected":false},"author":2,"featured_media":38795,"comment_status":"open","ping_status":"open","sticky":false,"template":"","format":"standard","meta":{"colormag_page_container_layout":"default_layout","colormag_page_sidebar_layout":"default_layout","_jetpack_memberships_contains_paid_content":false,"footnotes":""},"categories":[2],"tags":[256],"class_list":["post-38796","post","type-post","status-publish","format-standard","has-post-thumbnail","hentry","category-noticias","tag-carlos-lula"],"magazineBlocksPostFeaturedMedia":{"thumbnail":"https:\/\/maranhaotv.com.br\/wp-content\/uploads\/2024\/11\/IMG-20241119-WA0141-150x150.jpg","medium":"https:\/\/maranhaotv.com.br\/wp-content\/uploads\/2024\/11\/IMG-20241119-WA0141-300x169.jpg","medium_large":"https:\/\/maranhaotv.com.br\/wp-content\/uploads\/2024\/11\/IMG-20241119-WA0141-768x432.jpg","large":"https:\/\/maranhaotv.com.br\/wp-content\/uploads\/2024\/11\/IMG-20241119-WA0141-1024x576.jpg","1536x1536":"https:\/\/maranhaotv.com.br\/wp-content\/uploads\/2024\/11\/IMG-20241119-WA0141.jpg","2048x2048":"https:\/\/maranhaotv.com.br\/wp-content\/uploads\/2024\/11\/IMG-20241119-WA0141.jpg","colormag-highlighted-post":"https:\/\/maranhaotv.com.br\/wp-content\/uploads\/2024\/11\/IMG-20241119-WA0141-392x272.jpg","colormag-featured-post-medium":"https:\/\/maranhaotv.com.br\/wp-content\/uploads\/2024\/11\/IMG-20241119-WA0141-390x205.jpg","colormag-featured-post-small":"https:\/\/maranhaotv.com.br\/wp-content\/uploads\/2024\/11\/IMG-20241119-WA0141-130x90.jpg","colormag-featured-image":"https:\/\/maranhaotv.com.br\/wp-content\/uploads\/2024\/11\/IMG-20241119-WA0141-800x445.jpg","colormag-default-news":"https:\/\/maranhaotv.com.br\/wp-content\/uploads\/2024\/11\/IMG-20241119-WA0141-150x150.jpg","colormag-featured-image-large":"https:\/\/maranhaotv.com.br\/wp-content\/uploads\/2024\/11\/IMG-20241119-WA0141-1280x600.jpg"},"magazineBlocksPostAuthor":{"name":"maranhaotv","avatar":"https:\/\/secure.gravatar.com\/avatar\/8fadbca458d4cb68b1dd399ae9a40618d747bb1af65ac9fad21c89220a143eb4?s=96&d=mm&r=g"},"magazineBlocksPostCommentsNumber":"0","magazineBlocksPostExcerpt":"O aumento do ICMS no Maranh\u00e3o, proposto pelo Governo do Estado e previsto para vota\u00e7\u00e3o na Assembleia Legislativa nesta quinta-feira","magazineBlocksPostCategories":["not\u00edcias"],"magazineBlocksPostViewCount":263,"magazineBlocksPostReadTime":3,"magazine_blocks_featured_image_url":{"full":["https:\/\/maranhaotv.com.br\/wp-content\/uploads\/2024\/11\/IMG-20241119-WA0141.jpg",1280,720,false],"medium":["https:\/\/maranhaotv.com.br\/wp-content\/uploads\/2024\/11\/IMG-20241119-WA0141-300x169.jpg",300,169,true],"thumbnail":["https:\/\/maranhaotv.com.br\/wp-content\/uploads\/2024\/11\/IMG-20241119-WA0141-150x150.jpg",150,150,true]},"magazine_blocks_author":{"display_name":"maranhaotv","author_link":"https:\/\/maranhaotv.com.br\/index.php\/author\/maranhaotv\/"},"magazine_blocks_comment":0,"magazine_blocks_author_image":"https:\/\/secure.gravatar.com\/avatar\/8fadbca458d4cb68b1dd399ae9a40618d747bb1af65ac9fad21c89220a143eb4?s=96&d=mm&r=g","magazine_blocks_category":"<a href=\"#\" class=\"category-link category-link-2\">not\u00edcias<\/a>","yoast_head":"<!-- This site is optimized with the Yoast SEO plugin v27.4 - https:\/\/yoast.com\/product\/yoast-seo-wordpress\/ -->\n<title>Maranh\u00e3o pode ter maior ICMS do Brasil: Fecom\u00e9rcio, FCDL e deputado Carlos Lula reagem - NOT\u00cdCIAS EM TEMPO REAL<\/title>\n<meta name=\"robots\" content=\"index, follow, max-snippet:-1, max-image-preview:large, max-video-preview:-1\" \/>\n<link rel=\"canonical\" href=\"https:\/\/maranhaotv.com.br\/index.php\/2024\/11\/19\/maranhao-pode-ter-maior-icms-do-brasil-fecomercio-fcdl-e-deputado-carlos-lula-reagem\/\" \/>\n<meta property=\"og:locale\" content=\"pt_BR\" \/>\n<meta property=\"og:type\" content=\"article\" \/>\n<meta property=\"og:title\" content=\"Maranh\u00e3o pode ter maior ICMS do Brasil: Fecom\u00e9rcio, FCDL e deputado Carlos Lula reagem - NOT\u00cdCIAS EM TEMPO REAL\" \/>\n<meta property=\"og:description\" content=\"O aumento do ICMS no Maranh\u00e3o, proposto pelo Governo do Estado e previsto para vota\u00e7\u00e3o na Assembleia Legislativa nesta quinta-feira\" \/>\n<meta property=\"og:url\" content=\"https:\/\/maranhaotv.com.br\/index.php\/2024\/11\/19\/maranhao-pode-ter-maior-icms-do-brasil-fecomercio-fcdl-e-deputado-carlos-lula-reagem\/\" \/>\n<meta property=\"og:site_name\" content=\"NOT\u00cdCIAS EM TEMPO REAL\" \/>\n<meta property=\"article:publisher\" content=\"https:\/\/www.facebook.com\/maiobaotv\" \/>\n<meta property=\"article:published_time\" content=\"2024-11-19T20:40:19+00:00\" \/>\n<meta property=\"article:modified_time\" content=\"2024-11-19T20:40:35+00:00\" \/>\n<meta property=\"og:image\" content=\"https:\/\/maranhaotv.com.br\/wp-content\/uploads\/2024\/11\/IMG-20241119-WA0141.jpg\" \/>\n\t<meta property=\"og:image:width\" content=\"1280\" \/>\n\t<meta property=\"og:image:height\" content=\"720\" \/>\n\t<meta property=\"og:image:type\" content=\"image\/jpeg\" \/>\n<meta name=\"author\" content=\"maranhaotv\" \/>\n<meta name=\"twitter:card\" content=\"summary_large_image\" \/>\n<meta name=\"twitter:creator\" content=\"@sitemaranhaotv\" \/>\n<meta name=\"twitter:site\" content=\"@sitemaranhaotv\" \/>\n<meta name=\"twitter:label1\" content=\"Escrito por\" \/>\n\t<meta name=\"twitter:data1\" content=\"maranhaotv\" \/>\n\t<meta name=\"twitter:label2\" content=\"Est. tempo de leitura\" \/>\n\t<meta name=\"twitter:data2\" content=\"3 minutos\" \/>\n<script type=\"application\/ld+json\" class=\"yoast-schema-graph\">{\"@context\":\"https:\\\/\\\/schema.org\",\"@graph\":[{\"@type\":\"Article\",\"@id\":\"https:\\\/\\\/maranhaotv.com.br\\\/index.php\\\/2024\\\/11\\\/19\\\/maranhao-pode-ter-maior-icms-do-brasil-fecomercio-fcdl-e-deputado-carlos-lula-reagem\\\/#article\",\"isPartOf\":{\"@id\":\"https:\\\/\\\/maranhaotv.com.br\\\/index.php\\\/2024\\\/11\\\/19\\\/maranhao-pode-ter-maior-icms-do-brasil-fecomercio-fcdl-e-deputado-carlos-lula-reagem\\\/\"},\"author\":{\"name\":\"maranhaotv\",\"@id\":\"https:\\\/\\\/maranhaotv.com.br\\\/#\\\/schema\\\/person\\\/3d54238e86b20bb5c89ab2fdb8f8829a\"},\"headline\":\"Maranh\u00e3o pode ter maior ICMS do Brasil: Fecom\u00e9rcio, FCDL e deputado Carlos Lula reagem\",\"datePublished\":\"2024-11-19T20:40:19+00:00\",\"dateModified\":\"2024-11-19T20:40:35+00:00\",\"mainEntityOfPage\":{\"@id\":\"https:\\\/\\\/maranhaotv.com.br\\\/index.php\\\/2024\\\/11\\\/19\\\/maranhao-pode-ter-maior-icms-do-brasil-fecomercio-fcdl-e-deputado-carlos-lula-reagem\\\/\"},\"wordCount\":549,\"commentCount\":0,\"publisher\":{\"@id\":\"https:\\\/\\\/maranhaotv.com.br\\\/#organization\"},\"image\":{\"@id\":\"https:\\\/\\\/maranhaotv.com.br\\\/index.php\\\/2024\\\/11\\\/19\\\/maranhao-pode-ter-maior-icms-do-brasil-fecomercio-fcdl-e-deputado-carlos-lula-reagem\\\/#primaryimage\"},\"thumbnailUrl\":\"https:\\\/\\\/maranhaotv.com.br\\\/wp-content\\\/uploads\\\/2024\\\/11\\\/IMG-20241119-WA0141.jpg\",\"keywords\":[\"Carlos Lula\"],\"articleSection\":[\"not\u00edcias\"],\"inLanguage\":\"pt-BR\",\"potentialAction\":[{\"@type\":\"CommentAction\",\"name\":\"Comment\",\"target\":[\"https:\\\/\\\/maranhaotv.com.br\\\/index.php\\\/2024\\\/11\\\/19\\\/maranhao-pode-ter-maior-icms-do-brasil-fecomercio-fcdl-e-deputado-carlos-lula-reagem\\\/#respond\"]}]},{\"@type\":\"WebPage\",\"@id\":\"https:\\\/\\\/maranhaotv.com.br\\\/index.php\\\/2024\\\/11\\\/19\\\/maranhao-pode-ter-maior-icms-do-brasil-fecomercio-fcdl-e-deputado-carlos-lula-reagem\\\/\",\"url\":\"https:\\\/\\\/maranhaotv.com.br\\\/index.php\\\/2024\\\/11\\\/19\\\/maranhao-pode-ter-maior-icms-do-brasil-fecomercio-fcdl-e-deputado-carlos-lula-reagem\\\/\",\"name\":\"Maranh\u00e3o pode ter maior ICMS do Brasil: Fecom\u00e9rcio, FCDL e deputado Carlos Lula reagem - NOT\u00cdCIAS EM TEMPO REAL\",\"isPartOf\":{\"@id\":\"https:\\\/\\\/maranhaotv.com.br\\\/#website\"},\"primaryImageOfPage\":{\"@id\":\"https:\\\/\\\/maranhaotv.com.br\\\/index.php\\\/2024\\\/11\\\/19\\\/maranhao-pode-ter-maior-icms-do-brasil-fecomercio-fcdl-e-deputado-carlos-lula-reagem\\\/#primaryimage\"},\"image\":{\"@id\":\"https:\\\/\\\/maranhaotv.com.br\\\/index.php\\\/2024\\\/11\\\/19\\\/maranhao-pode-ter-maior-icms-do-brasil-fecomercio-fcdl-e-deputado-carlos-lula-reagem\\\/#primaryimage\"},\"thumbnailUrl\":\"https:\\\/\\\/maranhaotv.com.br\\\/wp-content\\\/uploads\\\/2024\\\/11\\\/IMG-20241119-WA0141.jpg\",\"datePublished\":\"2024-11-19T20:40:19+00:00\",\"dateModified\":\"2024-11-19T20:40:35+00:00\",\"breadcrumb\":{\"@id\":\"https:\\\/\\\/maranhaotv.com.br\\\/index.php\\\/2024\\\/11\\\/19\\\/maranhao-pode-ter-maior-icms-do-brasil-fecomercio-fcdl-e-deputado-carlos-lula-reagem\\\/#breadcrumb\"},\"inLanguage\":\"pt-BR\",\"potentialAction\":[{\"@type\":\"ReadAction\",\"target\":[\"https:\\\/\\\/maranhaotv.com.br\\\/index.php\\\/2024\\\/11\\\/19\\\/maranhao-pode-ter-maior-icms-do-brasil-fecomercio-fcdl-e-deputado-carlos-lula-reagem\\\/\"]}]},{\"@type\":\"ImageObject\",\"inLanguage\":\"pt-BR\",\"@id\":\"https:\\\/\\\/maranhaotv.com.br\\\/index.php\\\/2024\\\/11\\\/19\\\/maranhao-pode-ter-maior-icms-do-brasil-fecomercio-fcdl-e-deputado-carlos-lula-reagem\\\/#primaryimage\",\"url\":\"https:\\\/\\\/maranhaotv.com.br\\\/wp-content\\\/uploads\\\/2024\\\/11\\\/IMG-20241119-WA0141.jpg\",\"contentUrl\":\"https:\\\/\\\/maranhaotv.com.br\\\/wp-content\\\/uploads\\\/2024\\\/11\\\/IMG-20241119-WA0141.jpg\",\"width\":1280,\"height\":720},{\"@type\":\"BreadcrumbList\",\"@id\":\"https:\\\/\\\/maranhaotv.com.br\\\/index.php\\\/2024\\\/11\\\/19\\\/maranhao-pode-ter-maior-icms-do-brasil-fecomercio-fcdl-e-deputado-carlos-lula-reagem\\\/#breadcrumb\",\"itemListElement\":[{\"@type\":\"ListItem\",\"position\":1,\"name\":\"In\u00edcio\",\"item\":\"https:\\\/\\\/maranhaotv.com.br\\\/\"},{\"@type\":\"ListItem\",\"position\":2,\"name\":\"Maranh\u00e3o pode ter maior ICMS do Brasil: Fecom\u00e9rcio, FCDL e deputado Carlos Lula reagem\"}]},{\"@type\":\"WebSite\",\"@id\":\"https:\\\/\\\/maranhaotv.com.br\\\/#website\",\"url\":\"https:\\\/\\\/maranhaotv.com.br\\\/\",\"name\":\"Maranh\u00e3oTV\",\"description\":\"\",\"publisher\":{\"@id\":\"https:\\\/\\\/maranhaotv.com.br\\\/#organization\"},\"potentialAction\":[{\"@type\":\"SearchAction\",\"target\":{\"@type\":\"EntryPoint\",\"urlTemplate\":\"https:\\\/\\\/maranhaotv.com.br\\\/?s={search_term_string}\"},\"query-input\":{\"@type\":\"PropertyValueSpecification\",\"valueRequired\":true,\"valueName\":\"search_term_string\"}}],\"inLanguage\":\"pt-BR\"},{\"@type\":\"Organization\",\"@id\":\"https:\\\/\\\/maranhaotv.com.br\\\/#organization\",\"name\":\"Portal de Not\u00edcias\",\"url\":\"https:\\\/\\\/maranhaotv.com.br\\\/\",\"logo\":{\"@type\":\"ImageObject\",\"inLanguage\":\"pt-BR\",\"@id\":\"https:\\\/\\\/maranhaotv.com.br\\\/#\\\/schema\\\/logo\\\/image\\\/\",\"url\":\"https:\\\/\\\/maranhaotv.com.br\\\/wp-content\\\/uploads\\\/2024\\\/05\\\/cropped-cropped-avatar-1.png\",\"contentUrl\":\"https:\\\/\\\/maranhaotv.com.br\\\/wp-content\\\/uploads\\\/2024\\\/05\\\/cropped-cropped-avatar-1.png\",\"width\":792,\"height\":428,\"caption\":\"Portal de Not\u00edcias\"},\"image\":{\"@id\":\"https:\\\/\\\/maranhaotv.com.br\\\/#\\\/schema\\\/logo\\\/image\\\/\"},\"sameAs\":[\"https:\\\/\\\/www.facebook.com\\\/maiobaotv\",\"https:\\\/\\\/x.com\\\/sitemaranhaotv\",\"https:\\\/\\\/www.instagram.com\\\/maranhao.tv\",\"https:\\\/\\\/www.threads.net\\\/@maranhao.tv\"]},{\"@type\":\"Person\",\"@id\":\"https:\\\/\\\/maranhaotv.com.br\\\/#\\\/schema\\\/person\\\/3d54238e86b20bb5c89ab2fdb8f8829a\",\"name\":\"maranhaotv\",\"image\":{\"@type\":\"ImageObject\",\"inLanguage\":\"pt-BR\",\"@id\":\"https:\\\/\\\/secure.gravatar.com\\\/avatar\\\/8fadbca458d4cb68b1dd399ae9a40618d747bb1af65ac9fad21c89220a143eb4?s=96&d=mm&r=g\",\"url\":\"https:\\\/\\\/secure.gravatar.com\\\/avatar\\\/8fadbca458d4cb68b1dd399ae9a40618d747bb1af65ac9fad21c89220a143eb4?s=96&d=mm&r=g\",\"contentUrl\":\"https:\\\/\\\/secure.gravatar.com\\\/avatar\\\/8fadbca458d4cb68b1dd399ae9a40618d747bb1af65ac9fad21c89220a143eb4?s=96&d=mm&r=g\",\"caption\":\"maranhaotv\"},\"sameAs\":[\"https:\\\/\\\/maranhaotv.com.br\\\/\"],\"url\":\"https:\\\/\\\/maranhaotv.com.br\\\/index.php\\\/author\\\/maranhaotv\\\/\"}]}<\/script>\n<!-- \/ Yoast SEO plugin. -->","yoast_head_json":{"title":"Maranh\u00e3o pode ter maior ICMS do Brasil: Fecom\u00e9rcio, FCDL e deputado Carlos Lula reagem - NOT\u00cdCIAS EM TEMPO REAL","robots":{"index":"index","follow":"follow","max-snippet":"max-snippet:-1","max-image-preview":"max-image-preview:large","max-video-preview":"max-video-preview:-1"},"canonical":"https:\/\/maranhaotv.com.br\/index.php\/2024\/11\/19\/maranhao-pode-ter-maior-icms-do-brasil-fecomercio-fcdl-e-deputado-carlos-lula-reagem\/","og_locale":"pt_BR","og_type":"article","og_title":"Maranh\u00e3o pode ter maior ICMS do Brasil: Fecom\u00e9rcio, FCDL e deputado Carlos Lula reagem - NOT\u00cdCIAS EM TEMPO REAL","og_description":"O aumento do ICMS no Maranh\u00e3o, proposto pelo Governo do Estado e previsto para vota\u00e7\u00e3o na Assembleia Legislativa nesta quinta-feira","og_url":"https:\/\/maranhaotv.com.br\/index.php\/2024\/11\/19\/maranhao-pode-ter-maior-icms-do-brasil-fecomercio-fcdl-e-deputado-carlos-lula-reagem\/","og_site_name":"NOT\u00cdCIAS EM TEMPO REAL","article_publisher":"https:\/\/www.facebook.com\/maiobaotv","article_published_time":"2024-11-19T20:40:19+00:00","article_modified_time":"2024-11-19T20:40:35+00:00","og_image":[{"width":1280,"height":720,"url":"https:\/\/maranhaotv.com.br\/wp-content\/uploads\/2024\/11\/IMG-20241119-WA0141.jpg","type":"image\/jpeg"}],"author":"maranhaotv","twitter_card":"summary_large_image","twitter_creator":"@sitemaranhaotv","twitter_site":"@sitemaranhaotv","twitter_misc":{"Escrito por":"maranhaotv","Est. tempo de leitura":"3 minutos"},"schema":{"@context":"https:\/\/schema.org","@graph":[{"@type":"Article","@id":"https:\/\/maranhaotv.com.br\/index.php\/2024\/11\/19\/maranhao-pode-ter-maior-icms-do-brasil-fecomercio-fcdl-e-deputado-carlos-lula-reagem\/#article","isPartOf":{"@id":"https:\/\/maranhaotv.com.br\/index.php\/2024\/11\/19\/maranhao-pode-ter-maior-icms-do-brasil-fecomercio-fcdl-e-deputado-carlos-lula-reagem\/"},"author":{"name":"maranhaotv","@id":"https:\/\/maranhaotv.com.br\/#\/schema\/person\/3d54238e86b20bb5c89ab2fdb8f8829a"},"headline":"Maranh\u00e3o pode ter maior ICMS do Brasil: Fecom\u00e9rcio, FCDL e deputado Carlos Lula reagem","datePublished":"2024-11-19T20:40:19+00:00","dateModified":"2024-11-19T20:40:35+00:00","mainEntityOfPage":{"@id":"https:\/\/maranhaotv.com.br\/index.php\/2024\/11\/19\/maranhao-pode-ter-maior-icms-do-brasil-fecomercio-fcdl-e-deputado-carlos-lula-reagem\/"},"wordCount":549,"commentCount":0,"publisher":{"@id":"https:\/\/maranhaotv.com.br\/#organization"},"image":{"@id":"https:\/\/maranhaotv.com.br\/index.php\/2024\/11\/19\/maranhao-pode-ter-maior-icms-do-brasil-fecomercio-fcdl-e-deputado-carlos-lula-reagem\/#primaryimage"},"thumbnailUrl":"https:\/\/maranhaotv.com.br\/wp-content\/uploads\/2024\/11\/IMG-20241119-WA0141.jpg","keywords":["Carlos Lula"],"articleSection":["not\u00edcias"],"inLanguage":"pt-BR","potentialAction":[{"@type":"CommentAction","name":"Comment","target":["https:\/\/maranhaotv.com.br\/index.php\/2024\/11\/19\/maranhao-pode-ter-maior-icms-do-brasil-fecomercio-fcdl-e-deputado-carlos-lula-reagem\/#respond"]}]},{"@type":"WebPage","@id":"https:\/\/maranhaotv.com.br\/index.php\/2024\/11\/19\/maranhao-pode-ter-maior-icms-do-brasil-fecomercio-fcdl-e-deputado-carlos-lula-reagem\/","url":"https:\/\/maranhaotv.com.br\/index.php\/2024\/11\/19\/maranhao-pode-ter-maior-icms-do-brasil-fecomercio-fcdl-e-deputado-carlos-lula-reagem\/","name":"Maranh\u00e3o pode ter maior ICMS do Brasil: Fecom\u00e9rcio, FCDL e deputado Carlos Lula reagem - NOT\u00cdCIAS EM TEMPO REAL","isPartOf":{"@id":"https:\/\/maranhaotv.com.br\/#website"},"primaryImageOfPage":{"@id":"https:\/\/maranhaotv.com.br\/index.php\/2024\/11\/19\/maranhao-pode-ter-maior-icms-do-brasil-fecomercio-fcdl-e-deputado-carlos-lula-reagem\/#primaryimage"},"image":{"@id":"https:\/\/maranhaotv.com.br\/index.php\/2024\/11\/19\/maranhao-pode-ter-maior-icms-do-brasil-fecomercio-fcdl-e-deputado-carlos-lula-reagem\/#primaryimage"},"thumbnailUrl":"https:\/\/maranhaotv.com.br\/wp-content\/uploads\/2024\/11\/IMG-20241119-WA0141.jpg","datePublished":"2024-11-19T20:40:19+00:00","dateModified":"2024-11-19T20:40:35+00:00","breadcrumb":{"@id":"https:\/\/maranhaotv.com.br\/index.php\/2024\/11\/19\/maranhao-pode-ter-maior-icms-do-brasil-fecomercio-fcdl-e-deputado-carlos-lula-reagem\/#breadcrumb"},"inLanguage":"pt-BR","potentialAction":[{"@type":"ReadAction","target":["https:\/\/maranhaotv.com.br\/index.php\/2024\/11\/19\/maranhao-pode-ter-maior-icms-do-brasil-fecomercio-fcdl-e-deputado-carlos-lula-reagem\/"]}]},{"@type":"ImageObject","inLanguage":"pt-BR","@id":"https:\/\/maranhaotv.com.br\/index.php\/2024\/11\/19\/maranhao-pode-ter-maior-icms-do-brasil-fecomercio-fcdl-e-deputado-carlos-lula-reagem\/#primaryimage","url":"https:\/\/maranhaotv.com.br\/wp-content\/uploads\/2024\/11\/IMG-20241119-WA0141.jpg","contentUrl":"https:\/\/maranhaotv.com.br\/wp-content\/uploads\/2024\/11\/IMG-20241119-WA0141.jpg","width":1280,"height":720},{"@type":"BreadcrumbList","@id":"https:\/\/maranhaotv.com.br\/index.php\/2024\/11\/19\/maranhao-pode-ter-maior-icms-do-brasil-fecomercio-fcdl-e-deputado-carlos-lula-reagem\/#breadcrumb","itemListElement":[{"@type":"ListItem","position":1,"name":"In\u00edcio","item":"https:\/\/maranhaotv.com.br\/"},{"@type":"ListItem","position":2,"name":"Maranh\u00e3o pode ter maior ICMS do Brasil: Fecom\u00e9rcio, FCDL e deputado Carlos Lula reagem"}]},{"@type":"WebSite","@id":"https:\/\/maranhaotv.com.br\/#website","url":"https:\/\/maranhaotv.com.br\/","name":"Maranh\u00e3oTV","description":"","publisher":{"@id":"https:\/\/maranhaotv.com.br\/#organization"},"potentialAction":[{"@type":"SearchAction","target":{"@type":"EntryPoint","urlTemplate":"https:\/\/maranhaotv.com.br\/?s={search_term_string}"},"query-input":{"@type":"PropertyValueSpecification","valueRequired":true,"valueName":"search_term_string"}}],"inLanguage":"pt-BR"},{"@type":"Organization","@id":"https:\/\/maranhaotv.com.br\/#organization","name":"Portal de Not\u00edcias","url":"https:\/\/maranhaotv.com.br\/","logo":{"@type":"ImageObject","inLanguage":"pt-BR","@id":"https:\/\/maranhaotv.com.br\/#\/schema\/logo\/image\/","url":"https:\/\/maranhaotv.com.br\/wp-content\/uploads\/2024\/05\/cropped-cropped-avatar-1.png","contentUrl":"https:\/\/maranhaotv.com.br\/wp-content\/uploads\/2024\/05\/cropped-cropped-avatar-1.png","width":792,"height":428,"caption":"Portal de Not\u00edcias"},"image":{"@id":"https:\/\/maranhaotv.com.br\/#\/schema\/logo\/image\/"},"sameAs":["https:\/\/www.facebook.com\/maiobaotv","https:\/\/x.com\/sitemaranhaotv","https:\/\/www.instagram.com\/maranhao.tv","https:\/\/www.threads.net\/@maranhao.tv"]},{"@type":"Person","@id":"https:\/\/maranhaotv.com.br\/#\/schema\/person\/3d54238e86b20bb5c89ab2fdb8f8829a","name":"maranhaotv","image":{"@type":"ImageObject","inLanguage":"pt-BR","@id":"https:\/\/secure.gravatar.com\/avatar\/8fadbca458d4cb68b1dd399ae9a40618d747bb1af65ac9fad21c89220a143eb4?s=96&d=mm&r=g","url":"https:\/\/secure.gravatar.com\/avatar\/8fadbca458d4cb68b1dd399ae9a40618d747bb1af65ac9fad21c89220a143eb4?s=96&d=mm&r=g","contentUrl":"https:\/\/secure.gravatar.com\/avatar\/8fadbca458d4cb68b1dd399ae9a40618d747bb1af65ac9fad21c89220a143eb4?s=96&d=mm&r=g","caption":"maranhaotv"},"sameAs":["https:\/\/maranhaotv.com.br\/"],"url":"https:\/\/maranhaotv.com.br\/index.php\/author\/maranhaotv\/"}]}},"jetpack_featured_media_url":"https:\/\/maranhaotv.com.br\/wp-content\/uploads\/2024\/11\/IMG-20241119-WA0141.jpg","jetpack_sharing_enabled":true,"_links":{"self":[{"href":"https:\/\/maranhaotv.com.br\/index.php\/wp-json\/wp\/v2\/posts\/38796","targetHints":{"allow":["GET"]}}],"collection":[{"href":"https:\/\/maranhaotv.com.br\/index.php\/wp-json\/wp\/v2\/posts"}],"about":[{"href":"https:\/\/maranhaotv.com.br\/index.php\/wp-json\/wp\/v2\/types\/post"}],"author":[{"embeddable":true,"href":"https:\/\/maranhaotv.com.br\/index.php\/wp-json\/wp\/v2\/users\/2"}],"replies":[{"embeddable":true,"href":"https:\/\/maranhaotv.com.br\/index.php\/wp-json\/wp\/v2\/comments?post=38796"}],"version-history":[{"count":1,"href":"https:\/\/maranhaotv.com.br\/index.php\/wp-json\/wp\/v2\/posts\/38796\/revisions"}],"predecessor-version":[{"id":38797,"href":"https:\/\/maranhaotv.com.br\/index.php\/wp-json\/wp\/v2\/posts\/38796\/revisions\/38797"}],"wp:featuredmedia":[{"embeddable":true,"href":"https:\/\/maranhaotv.com.br\/index.php\/wp-json\/wp\/v2\/media\/38795"}],"wp:attachment":[{"href":"https:\/\/maranhaotv.com.br\/index.php\/wp-json\/wp\/v2\/media?parent=38796"}],"wp:term":[{"taxonomy":"category","embeddable":true,"href":"https:\/\/maranhaotv.com.br\/index.php\/wp-json\/wp\/v2\/categories?post=38796"},{"taxonomy":"post_tag","embeddable":true,"href":"https:\/\/maranhaotv.com.br\/index.php\/wp-json\/wp\/v2\/tags?post=38796"}],"curies":[{"name":"wp","href":"https:\/\/api.w.org\/{rel}","templated":true}]}}