{"id":38799,"date":"2024-11-20T12:28:36","date_gmt":"2024-11-20T15:28:36","guid":{"rendered":"https:\/\/maranhaotv.com.br\/?p=38799"},"modified":"2024-11-20T12:29:39","modified_gmt":"2024-11-20T15:29:39","slug":"penha-preside-sessao-solene-em-homenagem-aos-procuradores-municipais-de-sao-luis","status":"publish","type":"post","link":"https:\/\/maranhaotv.com.br\/index.php\/2024\/11\/20\/penha-preside-sessao-solene-em-homenagem-aos-procuradores-municipais-de-sao-luis\/","title":{"rendered":"Penha preside sess\u00e3o solene em homenagem aos procuradores municipais de S\u00e3o Lu\u00eds"},"content":{"rendered":"\n<p><br>Em celebra\u00e7\u00e3o do Dia do Procurador do Munic\u00edpio, o vereador Raimundo Penha presidiu sess\u00e3o solene realizada ter\u00e7a-feira (19) na C\u00e2mara de S\u00e3o Lu\u00eds. A homenagem, proposta pelo parlamentar, que tamb\u00e9m \u00e9 advogado, reuniu autoridades e representantes da Procuradoria do Munic\u00edpio em reconhecimento ao trabalho essencial desempenhado pela advocacia p\u00fablica.<br><br><br>&#8220;A atua\u00e7\u00e3o da Procuradoria \u00e9 fundamental para garantir uma administra\u00e7\u00e3o p\u00fablica eficiente e respons\u00e1vel, protegendo o munic\u00edpio e sua popula\u00e7\u00e3o. Esta homenagem \u00e9 um reconhecimento ao esfor\u00e7o e \u00e0 dedica\u00e7\u00e3o desses profissionais&#8221;, afirmou Raimundo Penha, ressaltando o papel estrat\u00e9gico dos procuradores para a cidade de S\u00e3o Lu\u00eds.<br><br>O evento destacou a import\u00e2ncia dos procuradores municipais no fortalecimento da defesa dos interesses coletivos e na prote\u00e7\u00e3o dos direitos da sociedade. A celebra\u00e7\u00e3o foi institu\u00edda pela Lei n\u00ba 6.029\/2015, que oficializa o 19 de novembro como o Dia do Procurador do Munic\u00edpio.<br><br>A Procuradora Geral do Munic\u00edpio de S\u00e3o Lu\u00eds, Vald\u00e9lia Campos, uma das homenageadas, destacou a relev\u00e2ncia do momento para a categoria. &#8220;Recebo com muita alegria essa homenagem do vereador Penha. \u00c9 um privil\u00e9gio para n\u00f3s, procuradores, termos esse reconhecimento. Nossa rotina exige comprometimento e excel\u00eancia na defesa dos interesses de S\u00e3o Lu\u00eds, e essa cerim\u00f4nia \u00e9 um marco importante para a valoriza\u00e7\u00e3o da nossa carreira&#8221;, afirmou.<br><br>Estiveram presentes na solenidade o procurador-geral do Estado, Vald\u00eanio Caminha; a vice-presidente da Associa\u00e7\u00e3o Nacional de Procuradores Municipais, Anne Karole; o defensor p\u00fablico-geral do Estado, Gabriel Furtado; o presidente da Associa\u00e7\u00e3o do Minist\u00e9rio P\u00fablico do Maranh\u00e3o, Carlos Augusto Soares; o presidente da OAB-MA, Kaio Saraiva; e demais autoridades.<br><br>A homenagem refor\u00e7ou o compromisso do Legislativo municipal em valorizar e apoiar a advocacia p\u00fablica, reconhecendo sua relev\u00e2ncia para a administra\u00e7\u00e3o p\u00fablica e a sociedade.<\/p>\n","protected":false},"excerpt":{"rendered":"<p>Em celebra\u00e7\u00e3o do Dia do Procurador do Munic\u00edpio, o vereador Raimundo Penha presidiu sess\u00e3o solene realizada ter\u00e7a-feira (19) na C\u00e2mara<\/p>\n","protected":false},"author":2,"featured_media":38798,"comment_status":"open","ping_status":"open","sticky":false,"template":"","format":"standard","meta":{"colormag_page_container_layout":"default_layout","colormag_page_sidebar_layout":"default_layout","_jetpack_memberships_contains_paid_content":false,"footnotes":""},"categories":[2],"tags":[],"class_list":["post-38799","post","type-post","status-publish","format-standard","has-post-thumbnail","hentry","category-noticias"],"magazineBlocksPostFeaturedMedia":{"thumbnail":"https:\/\/maranhaotv.com.br\/wp-content\/uploads\/2024\/11\/IMG-20241120-WA0080-150x150.jpg","medium":"https:\/\/maranhaotv.com.br\/wp-content\/uploads\/2024\/11\/IMG-20241120-WA0080-300x200.jpg","medium_large":"https:\/\/maranhaotv.com.br\/wp-content\/uploads\/2024\/11\/IMG-20241120-WA0080-768x512.jpg","large":"https:\/\/maranhaotv.com.br\/wp-content\/uploads\/2024\/11\/IMG-20241120-WA0080-1024x682.jpg","1536x1536":"https:\/\/maranhaotv.com.br\/wp-content\/uploads\/2024\/11\/IMG-20241120-WA0080-1536x1023.jpg","2048x2048":"https:\/\/maranhaotv.com.br\/wp-content\/uploads\/2024\/11\/IMG-20241120-WA0080.jpg","colormag-highlighted-post":"https:\/\/maranhaotv.com.br\/wp-content\/uploads\/2024\/11\/IMG-20241120-WA0080-392x272.jpg","colormag-featured-post-medium":"https:\/\/maranhaotv.com.br\/wp-content\/uploads\/2024\/11\/IMG-20241120-WA0080-390x205.jpg","colormag-featured-post-small":"https:\/\/maranhaotv.com.br\/wp-content\/uploads\/2024\/11\/IMG-20241120-WA0080-130x90.jpg","colormag-featured-image":"https:\/\/maranhaotv.com.br\/wp-content\/uploads\/2024\/11\/IMG-20241120-WA0080-800x445.jpg","colormag-default-news":"https:\/\/maranhaotv.com.br\/wp-content\/uploads\/2024\/11\/IMG-20241120-WA0080-150x150.jpg","colormag-featured-image-large":"https:\/\/maranhaotv.com.br\/wp-content\/uploads\/2024\/11\/IMG-20241120-WA0080-1400x600.jpg"},"magazineBlocksPostAuthor":{"name":"maranhaotv","avatar":"https:\/\/secure.gravatar.com\/avatar\/8fadbca458d4cb68b1dd399ae9a40618d747bb1af65ac9fad21c89220a143eb4?s=96&d=mm&r=g"},"magazineBlocksPostCommentsNumber":"0","magazineBlocksPostExcerpt":"Em celebra\u00e7\u00e3o do Dia do Procurador do Munic\u00edpio, o vereador Raimundo Penha presidiu sess\u00e3o solene realizada ter\u00e7a-feira (19) na C\u00e2mara","magazineBlocksPostCategories":["not\u00edcias"],"magazineBlocksPostViewCount":326,"magazineBlocksPostReadTime":2,"magazine_blocks_featured_image_url":{"full":["https:\/\/maranhaotv.com.br\/wp-content\/uploads\/2024\/11\/IMG-20241120-WA0080.jpg",1600,1066,false],"medium":["https:\/\/maranhaotv.com.br\/wp-content\/uploads\/2024\/11\/IMG-20241120-WA0080-300x200.jpg",300,200,true],"thumbnail":["https:\/\/maranhaotv.com.br\/wp-content\/uploads\/2024\/11\/IMG-20241120-WA0080-150x150.jpg",150,150,true]},"magazine_blocks_author":{"display_name":"maranhaotv","author_link":"https:\/\/maranhaotv.com.br\/index.php\/author\/maranhaotv\/"},"magazine_blocks_comment":0,"magazine_blocks_author_image":"https:\/\/secure.gravatar.com\/avatar\/8fadbca458d4cb68b1dd399ae9a40618d747bb1af65ac9fad21c89220a143eb4?s=96&d=mm&r=g","magazine_blocks_category":"<a href=\"#\" class=\"category-link category-link-2\">not\u00edcias<\/a>","yoast_head":"<!-- This site is optimized with the Yoast SEO plugin v27.4 - https:\/\/yoast.com\/product\/yoast-seo-wordpress\/ -->\n<title>Penha preside sess\u00e3o solene em homenagem aos procuradores municipais de S\u00e3o Lu\u00eds - NOT\u00cdCIAS EM TEMPO REAL<\/title>\n<meta name=\"robots\" content=\"index, follow, max-snippet:-1, max-image-preview:large, max-video-preview:-1\" \/>\n<link rel=\"canonical\" href=\"https:\/\/maranhaotv.com.br\/index.php\/2024\/11\/20\/penha-preside-sessao-solene-em-homenagem-aos-procuradores-municipais-de-sao-luis\/\" \/>\n<meta property=\"og:locale\" content=\"pt_BR\" \/>\n<meta property=\"og:type\" content=\"article\" \/>\n<meta property=\"og:title\" content=\"Penha preside sess\u00e3o solene em homenagem aos procuradores municipais de S\u00e3o Lu\u00eds - NOT\u00cdCIAS EM TEMPO REAL\" \/>\n<meta property=\"og:description\" content=\"Em celebra\u00e7\u00e3o do Dia do Procurador do Munic\u00edpio, o vereador Raimundo Penha presidiu sess\u00e3o solene realizada ter\u00e7a-feira (19) na C\u00e2mara\" \/>\n<meta property=\"og:url\" content=\"https:\/\/maranhaotv.com.br\/index.php\/2024\/11\/20\/penha-preside-sessao-solene-em-homenagem-aos-procuradores-municipais-de-sao-luis\/\" \/>\n<meta property=\"og:site_name\" content=\"NOT\u00cdCIAS EM TEMPO REAL\" \/>\n<meta property=\"article:publisher\" content=\"https:\/\/www.facebook.com\/maiobaotv\" \/>\n<meta property=\"article:published_time\" content=\"2024-11-20T15:28:36+00:00\" \/>\n<meta property=\"article:modified_time\" content=\"2024-11-20T15:29:39+00:00\" \/>\n<meta property=\"og:image\" content=\"https:\/\/maranhaotv.com.br\/wp-content\/uploads\/2024\/11\/IMG-20241120-WA0080.jpg\" \/>\n\t<meta property=\"og:image:width\" content=\"1600\" \/>\n\t<meta property=\"og:image:height\" content=\"1066\" \/>\n\t<meta property=\"og:image:type\" content=\"image\/jpeg\" \/>\n<meta name=\"author\" content=\"maranhaotv\" \/>\n<meta name=\"twitter:card\" content=\"summary_large_image\" \/>\n<meta name=\"twitter:creator\" content=\"@sitemaranhaotv\" \/>\n<meta name=\"twitter:site\" content=\"@sitemaranhaotv\" \/>\n<meta name=\"twitter:label1\" content=\"Escrito por\" \/>\n\t<meta name=\"twitter:data1\" content=\"maranhaotv\" \/>\n\t<meta name=\"twitter:label2\" content=\"Est. tempo de leitura\" \/>\n\t<meta name=\"twitter:data2\" content=\"2 minutos\" \/>\n<script type=\"application\/ld+json\" class=\"yoast-schema-graph\">{\"@context\":\"https:\\\/\\\/schema.org\",\"@graph\":[{\"@type\":\"Article\",\"@id\":\"https:\\\/\\\/maranhaotv.com.br\\\/index.php\\\/2024\\\/11\\\/20\\\/penha-preside-sessao-solene-em-homenagem-aos-procuradores-municipais-de-sao-luis\\\/#article\",\"isPartOf\":{\"@id\":\"https:\\\/\\\/maranhaotv.com.br\\\/index.php\\\/2024\\\/11\\\/20\\\/penha-preside-sessao-solene-em-homenagem-aos-procuradores-municipais-de-sao-luis\\\/\"},\"author\":{\"name\":\"maranhaotv\",\"@id\":\"https:\\\/\\\/maranhaotv.com.br\\\/#\\\/schema\\\/person\\\/3d54238e86b20bb5c89ab2fdb8f8829a\"},\"headline\":\"Penha preside sess\u00e3o solene em homenagem aos procuradores municipais de S\u00e3o Lu\u00eds\",\"datePublished\":\"2024-11-20T15:28:36+00:00\",\"dateModified\":\"2024-11-20T15:29:39+00:00\",\"mainEntityOfPage\":{\"@id\":\"https:\\\/\\\/maranhaotv.com.br\\\/index.php\\\/2024\\\/11\\\/20\\\/penha-preside-sessao-solene-em-homenagem-aos-procuradores-municipais-de-sao-luis\\\/\"},\"wordCount\":334,\"commentCount\":0,\"publisher\":{\"@id\":\"https:\\\/\\\/maranhaotv.com.br\\\/#organization\"},\"image\":{\"@id\":\"https:\\\/\\\/maranhaotv.com.br\\\/index.php\\\/2024\\\/11\\\/20\\\/penha-preside-sessao-solene-em-homenagem-aos-procuradores-municipais-de-sao-luis\\\/#primaryimage\"},\"thumbnailUrl\":\"https:\\\/\\\/maranhaotv.com.br\\\/wp-content\\\/uploads\\\/2024\\\/11\\\/IMG-20241120-WA0080.jpg\",\"articleSection\":[\"not\u00edcias\"],\"inLanguage\":\"pt-BR\",\"potentialAction\":[{\"@type\":\"CommentAction\",\"name\":\"Comment\",\"target\":[\"https:\\\/\\\/maranhaotv.com.br\\\/index.php\\\/2024\\\/11\\\/20\\\/penha-preside-sessao-solene-em-homenagem-aos-procuradores-municipais-de-sao-luis\\\/#respond\"]}]},{\"@type\":\"WebPage\",\"@id\":\"https:\\\/\\\/maranhaotv.com.br\\\/index.php\\\/2024\\\/11\\\/20\\\/penha-preside-sessao-solene-em-homenagem-aos-procuradores-municipais-de-sao-luis\\\/\",\"url\":\"https:\\\/\\\/maranhaotv.com.br\\\/index.php\\\/2024\\\/11\\\/20\\\/penha-preside-sessao-solene-em-homenagem-aos-procuradores-municipais-de-sao-luis\\\/\",\"name\":\"Penha preside sess\u00e3o solene em homenagem aos procuradores municipais de S\u00e3o Lu\u00eds - NOT\u00cdCIAS EM TEMPO REAL\",\"isPartOf\":{\"@id\":\"https:\\\/\\\/maranhaotv.com.br\\\/#website\"},\"primaryImageOfPage\":{\"@id\":\"https:\\\/\\\/maranhaotv.com.br\\\/index.php\\\/2024\\\/11\\\/20\\\/penha-preside-sessao-solene-em-homenagem-aos-procuradores-municipais-de-sao-luis\\\/#primaryimage\"},\"image\":{\"@id\":\"https:\\\/\\\/maranhaotv.com.br\\\/index.php\\\/2024\\\/11\\\/20\\\/penha-preside-sessao-solene-em-homenagem-aos-procuradores-municipais-de-sao-luis\\\/#primaryimage\"},\"thumbnailUrl\":\"https:\\\/\\\/maranhaotv.com.br\\\/wp-content\\\/uploads\\\/2024\\\/11\\\/IMG-20241120-WA0080.jpg\",\"datePublished\":\"2024-11-20T15:28:36+00:00\",\"dateModified\":\"2024-11-20T15:29:39+00:00\",\"breadcrumb\":{\"@id\":\"https:\\\/\\\/maranhaotv.com.br\\\/index.php\\\/2024\\\/11\\\/20\\\/penha-preside-sessao-solene-em-homenagem-aos-procuradores-municipais-de-sao-luis\\\/#breadcrumb\"},\"inLanguage\":\"pt-BR\",\"potentialAction\":[{\"@type\":\"ReadAction\",\"target\":[\"https:\\\/\\\/maranhaotv.com.br\\\/index.php\\\/2024\\\/11\\\/20\\\/penha-preside-sessao-solene-em-homenagem-aos-procuradores-municipais-de-sao-luis\\\/\"]}]},{\"@type\":\"ImageObject\",\"inLanguage\":\"pt-BR\",\"@id\":\"https:\\\/\\\/maranhaotv.com.br\\\/index.php\\\/2024\\\/11\\\/20\\\/penha-preside-sessao-solene-em-homenagem-aos-procuradores-municipais-de-sao-luis\\\/#primaryimage\",\"url\":\"https:\\\/\\\/maranhaotv.com.br\\\/wp-content\\\/uploads\\\/2024\\\/11\\\/IMG-20241120-WA0080.jpg\",\"contentUrl\":\"https:\\\/\\\/maranhaotv.com.br\\\/wp-content\\\/uploads\\\/2024\\\/11\\\/IMG-20241120-WA0080.jpg\",\"width\":1600,\"height\":1066},{\"@type\":\"BreadcrumbList\",\"@id\":\"https:\\\/\\\/maranhaotv.com.br\\\/index.php\\\/2024\\\/11\\\/20\\\/penha-preside-sessao-solene-em-homenagem-aos-procuradores-municipais-de-sao-luis\\\/#breadcrumb\",\"itemListElement\":[{\"@type\":\"ListItem\",\"position\":1,\"name\":\"In\u00edcio\",\"item\":\"https:\\\/\\\/maranhaotv.com.br\\\/\"},{\"@type\":\"ListItem\",\"position\":2,\"name\":\"Penha preside sess\u00e3o solene em homenagem aos procuradores municipais de S\u00e3o Lu\u00eds\"}]},{\"@type\":\"WebSite\",\"@id\":\"https:\\\/\\\/maranhaotv.com.br\\\/#website\",\"url\":\"https:\\\/\\\/maranhaotv.com.br\\\/\",\"name\":\"Maranh\u00e3oTV\",\"description\":\"\",\"publisher\":{\"@id\":\"https:\\\/\\\/maranhaotv.com.br\\\/#organization\"},\"potentialAction\":[{\"@type\":\"SearchAction\",\"target\":{\"@type\":\"EntryPoint\",\"urlTemplate\":\"https:\\\/\\\/maranhaotv.com.br\\\/?s={search_term_string}\"},\"query-input\":{\"@type\":\"PropertyValueSpecification\",\"valueRequired\":true,\"valueName\":\"search_term_string\"}}],\"inLanguage\":\"pt-BR\"},{\"@type\":\"Organization\",\"@id\":\"https:\\\/\\\/maranhaotv.com.br\\\/#organization\",\"name\":\"Portal de Not\u00edcias\",\"url\":\"https:\\\/\\\/maranhaotv.com.br\\\/\",\"logo\":{\"@type\":\"ImageObject\",\"inLanguage\":\"pt-BR\",\"@id\":\"https:\\\/\\\/maranhaotv.com.br\\\/#\\\/schema\\\/logo\\\/image\\\/\",\"url\":\"https:\\\/\\\/maranhaotv.com.br\\\/wp-content\\\/uploads\\\/2024\\\/05\\\/cropped-cropped-avatar-1.png\",\"contentUrl\":\"https:\\\/\\\/maranhaotv.com.br\\\/wp-content\\\/uploads\\\/2024\\\/05\\\/cropped-cropped-avatar-1.png\",\"width\":792,\"height\":428,\"caption\":\"Portal de Not\u00edcias\"},\"image\":{\"@id\":\"https:\\\/\\\/maranhaotv.com.br\\\/#\\\/schema\\\/logo\\\/image\\\/\"},\"sameAs\":[\"https:\\\/\\\/www.facebook.com\\\/maiobaotv\",\"https:\\\/\\\/x.com\\\/sitemaranhaotv\",\"https:\\\/\\\/www.instagram.com\\\/maranhao.tv\",\"https:\\\/\\\/www.threads.net\\\/@maranhao.tv\"]},{\"@type\":\"Person\",\"@id\":\"https:\\\/\\\/maranhaotv.com.br\\\/#\\\/schema\\\/person\\\/3d54238e86b20bb5c89ab2fdb8f8829a\",\"name\":\"maranhaotv\",\"image\":{\"@type\":\"ImageObject\",\"inLanguage\":\"pt-BR\",\"@id\":\"https:\\\/\\\/secure.gravatar.com\\\/avatar\\\/8fadbca458d4cb68b1dd399ae9a40618d747bb1af65ac9fad21c89220a143eb4?s=96&d=mm&r=g\",\"url\":\"https:\\\/\\\/secure.gravatar.com\\\/avatar\\\/8fadbca458d4cb68b1dd399ae9a40618d747bb1af65ac9fad21c89220a143eb4?s=96&d=mm&r=g\",\"contentUrl\":\"https:\\\/\\\/secure.gravatar.com\\\/avatar\\\/8fadbca458d4cb68b1dd399ae9a40618d747bb1af65ac9fad21c89220a143eb4?s=96&d=mm&r=g\",\"caption\":\"maranhaotv\"},\"sameAs\":[\"https:\\\/\\\/maranhaotv.com.br\\\/\"],\"url\":\"https:\\\/\\\/maranhaotv.com.br\\\/index.php\\\/author\\\/maranhaotv\\\/\"}]}<\/script>\n<!-- \/ Yoast SEO plugin. -->","yoast_head_json":{"title":"Penha preside sess\u00e3o solene em homenagem aos procuradores municipais de S\u00e3o Lu\u00eds - NOT\u00cdCIAS EM TEMPO REAL","robots":{"index":"index","follow":"follow","max-snippet":"max-snippet:-1","max-image-preview":"max-image-preview:large","max-video-preview":"max-video-preview:-1"},"canonical":"https:\/\/maranhaotv.com.br\/index.php\/2024\/11\/20\/penha-preside-sessao-solene-em-homenagem-aos-procuradores-municipais-de-sao-luis\/","og_locale":"pt_BR","og_type":"article","og_title":"Penha preside sess\u00e3o solene em homenagem aos procuradores municipais de S\u00e3o Lu\u00eds - NOT\u00cdCIAS EM TEMPO REAL","og_description":"Em celebra\u00e7\u00e3o do Dia do Procurador do Munic\u00edpio, o vereador Raimundo Penha presidiu sess\u00e3o solene realizada ter\u00e7a-feira (19) na C\u00e2mara","og_url":"https:\/\/maranhaotv.com.br\/index.php\/2024\/11\/20\/penha-preside-sessao-solene-em-homenagem-aos-procuradores-municipais-de-sao-luis\/","og_site_name":"NOT\u00cdCIAS EM TEMPO REAL","article_publisher":"https:\/\/www.facebook.com\/maiobaotv","article_published_time":"2024-11-20T15:28:36+00:00","article_modified_time":"2024-11-20T15:29:39+00:00","og_image":[{"width":1600,"height":1066,"url":"https:\/\/maranhaotv.com.br\/wp-content\/uploads\/2024\/11\/IMG-20241120-WA0080.jpg","type":"image\/jpeg"}],"author":"maranhaotv","twitter_card":"summary_large_image","twitter_creator":"@sitemaranhaotv","twitter_site":"@sitemaranhaotv","twitter_misc":{"Escrito por":"maranhaotv","Est. tempo de leitura":"2 minutos"},"schema":{"@context":"https:\/\/schema.org","@graph":[{"@type":"Article","@id":"https:\/\/maranhaotv.com.br\/index.php\/2024\/11\/20\/penha-preside-sessao-solene-em-homenagem-aos-procuradores-municipais-de-sao-luis\/#article","isPartOf":{"@id":"https:\/\/maranhaotv.com.br\/index.php\/2024\/11\/20\/penha-preside-sessao-solene-em-homenagem-aos-procuradores-municipais-de-sao-luis\/"},"author":{"name":"maranhaotv","@id":"https:\/\/maranhaotv.com.br\/#\/schema\/person\/3d54238e86b20bb5c89ab2fdb8f8829a"},"headline":"Penha preside sess\u00e3o solene em homenagem aos procuradores municipais de S\u00e3o Lu\u00eds","datePublished":"2024-11-20T15:28:36+00:00","dateModified":"2024-11-20T15:29:39+00:00","mainEntityOfPage":{"@id":"https:\/\/maranhaotv.com.br\/index.php\/2024\/11\/20\/penha-preside-sessao-solene-em-homenagem-aos-procuradores-municipais-de-sao-luis\/"},"wordCount":334,"commentCount":0,"publisher":{"@id":"https:\/\/maranhaotv.com.br\/#organization"},"image":{"@id":"https:\/\/maranhaotv.com.br\/index.php\/2024\/11\/20\/penha-preside-sessao-solene-em-homenagem-aos-procuradores-municipais-de-sao-luis\/#primaryimage"},"thumbnailUrl":"https:\/\/maranhaotv.com.br\/wp-content\/uploads\/2024\/11\/IMG-20241120-WA0080.jpg","articleSection":["not\u00edcias"],"inLanguage":"pt-BR","potentialAction":[{"@type":"CommentAction","name":"Comment","target":["https:\/\/maranhaotv.com.br\/index.php\/2024\/11\/20\/penha-preside-sessao-solene-em-homenagem-aos-procuradores-municipais-de-sao-luis\/#respond"]}]},{"@type":"WebPage","@id":"https:\/\/maranhaotv.com.br\/index.php\/2024\/11\/20\/penha-preside-sessao-solene-em-homenagem-aos-procuradores-municipais-de-sao-luis\/","url":"https:\/\/maranhaotv.com.br\/index.php\/2024\/11\/20\/penha-preside-sessao-solene-em-homenagem-aos-procuradores-municipais-de-sao-luis\/","name":"Penha preside sess\u00e3o solene em homenagem aos procuradores municipais de S\u00e3o Lu\u00eds - NOT\u00cdCIAS EM TEMPO REAL","isPartOf":{"@id":"https:\/\/maranhaotv.com.br\/#website"},"primaryImageOfPage":{"@id":"https:\/\/maranhaotv.com.br\/index.php\/2024\/11\/20\/penha-preside-sessao-solene-em-homenagem-aos-procuradores-municipais-de-sao-luis\/#primaryimage"},"image":{"@id":"https:\/\/maranhaotv.com.br\/index.php\/2024\/11\/20\/penha-preside-sessao-solene-em-homenagem-aos-procuradores-municipais-de-sao-luis\/#primaryimage"},"thumbnailUrl":"https:\/\/maranhaotv.com.br\/wp-content\/uploads\/2024\/11\/IMG-20241120-WA0080.jpg","datePublished":"2024-11-20T15:28:36+00:00","dateModified":"2024-11-20T15:29:39+00:00","breadcrumb":{"@id":"https:\/\/maranhaotv.com.br\/index.php\/2024\/11\/20\/penha-preside-sessao-solene-em-homenagem-aos-procuradores-municipais-de-sao-luis\/#breadcrumb"},"inLanguage":"pt-BR","potentialAction":[{"@type":"ReadAction","target":["https:\/\/maranhaotv.com.br\/index.php\/2024\/11\/20\/penha-preside-sessao-solene-em-homenagem-aos-procuradores-municipais-de-sao-luis\/"]}]},{"@type":"ImageObject","inLanguage":"pt-BR","@id":"https:\/\/maranhaotv.com.br\/index.php\/2024\/11\/20\/penha-preside-sessao-solene-em-homenagem-aos-procuradores-municipais-de-sao-luis\/#primaryimage","url":"https:\/\/maranhaotv.com.br\/wp-content\/uploads\/2024\/11\/IMG-20241120-WA0080.jpg","contentUrl":"https:\/\/maranhaotv.com.br\/wp-content\/uploads\/2024\/11\/IMG-20241120-WA0080.jpg","width":1600,"height":1066},{"@type":"BreadcrumbList","@id":"https:\/\/maranhaotv.com.br\/index.php\/2024\/11\/20\/penha-preside-sessao-solene-em-homenagem-aos-procuradores-municipais-de-sao-luis\/#breadcrumb","itemListElement":[{"@type":"ListItem","position":1,"name":"In\u00edcio","item":"https:\/\/maranhaotv.com.br\/"},{"@type":"ListItem","position":2,"name":"Penha preside sess\u00e3o solene em homenagem aos procuradores municipais de S\u00e3o Lu\u00eds"}]},{"@type":"WebSite","@id":"https:\/\/maranhaotv.com.br\/#website","url":"https:\/\/maranhaotv.com.br\/","name":"Maranh\u00e3oTV","description":"","publisher":{"@id":"https:\/\/maranhaotv.com.br\/#organization"},"potentialAction":[{"@type":"SearchAction","target":{"@type":"EntryPoint","urlTemplate":"https:\/\/maranhaotv.com.br\/?s={search_term_string}"},"query-input":{"@type":"PropertyValueSpecification","valueRequired":true,"valueName":"search_term_string"}}],"inLanguage":"pt-BR"},{"@type":"Organization","@id":"https:\/\/maranhaotv.com.br\/#organization","name":"Portal de Not\u00edcias","url":"https:\/\/maranhaotv.com.br\/","logo":{"@type":"ImageObject","inLanguage":"pt-BR","@id":"https:\/\/maranhaotv.com.br\/#\/schema\/logo\/image\/","url":"https:\/\/maranhaotv.com.br\/wp-content\/uploads\/2024\/05\/cropped-cropped-avatar-1.png","contentUrl":"https:\/\/maranhaotv.com.br\/wp-content\/uploads\/2024\/05\/cropped-cropped-avatar-1.png","width":792,"height":428,"caption":"Portal de Not\u00edcias"},"image":{"@id":"https:\/\/maranhaotv.com.br\/#\/schema\/logo\/image\/"},"sameAs":["https:\/\/www.facebook.com\/maiobaotv","https:\/\/x.com\/sitemaranhaotv","https:\/\/www.instagram.com\/maranhao.tv","https:\/\/www.threads.net\/@maranhao.tv"]},{"@type":"Person","@id":"https:\/\/maranhaotv.com.br\/#\/schema\/person\/3d54238e86b20bb5c89ab2fdb8f8829a","name":"maranhaotv","image":{"@type":"ImageObject","inLanguage":"pt-BR","@id":"https:\/\/secure.gravatar.com\/avatar\/8fadbca458d4cb68b1dd399ae9a40618d747bb1af65ac9fad21c89220a143eb4?s=96&d=mm&r=g","url":"https:\/\/secure.gravatar.com\/avatar\/8fadbca458d4cb68b1dd399ae9a40618d747bb1af65ac9fad21c89220a143eb4?s=96&d=mm&r=g","contentUrl":"https:\/\/secure.gravatar.com\/avatar\/8fadbca458d4cb68b1dd399ae9a40618d747bb1af65ac9fad21c89220a143eb4?s=96&d=mm&r=g","caption":"maranhaotv"},"sameAs":["https:\/\/maranhaotv.com.br\/"],"url":"https:\/\/maranhaotv.com.br\/index.php\/author\/maranhaotv\/"}]}},"jetpack_featured_media_url":"https:\/\/maranhaotv.com.br\/wp-content\/uploads\/2024\/11\/IMG-20241120-WA0080.jpg","jetpack_sharing_enabled":true,"_links":{"self":[{"href":"https:\/\/maranhaotv.com.br\/index.php\/wp-json\/wp\/v2\/posts\/38799","targetHints":{"allow":["GET"]}}],"collection":[{"href":"https:\/\/maranhaotv.com.br\/index.php\/wp-json\/wp\/v2\/posts"}],"about":[{"href":"https:\/\/maranhaotv.com.br\/index.php\/wp-json\/wp\/v2\/types\/post"}],"author":[{"embeddable":true,"href":"https:\/\/maranhaotv.com.br\/index.php\/wp-json\/wp\/v2\/users\/2"}],"replies":[{"embeddable":true,"href":"https:\/\/maranhaotv.com.br\/index.php\/wp-json\/wp\/v2\/comments?post=38799"}],"version-history":[{"count":2,"href":"https:\/\/maranhaotv.com.br\/index.php\/wp-json\/wp\/v2\/posts\/38799\/revisions"}],"predecessor-version":[{"id":38801,"href":"https:\/\/maranhaotv.com.br\/index.php\/wp-json\/wp\/v2\/posts\/38799\/revisions\/38801"}],"wp:featuredmedia":[{"embeddable":true,"href":"https:\/\/maranhaotv.com.br\/index.php\/wp-json\/wp\/v2\/media\/38798"}],"wp:attachment":[{"href":"https:\/\/maranhaotv.com.br\/index.php\/wp-json\/wp\/v2\/media?parent=38799"}],"wp:term":[{"taxonomy":"category","embeddable":true,"href":"https:\/\/maranhaotv.com.br\/index.php\/wp-json\/wp\/v2\/categories?post=38799"},{"taxonomy":"post_tag","embeddable":true,"href":"https:\/\/maranhaotv.com.br\/index.php\/wp-json\/wp\/v2\/tags?post=38799"}],"curies":[{"name":"wp","href":"https:\/\/api.w.org\/{rel}","templated":true}]}}