{"id":38929,"date":"2024-11-27T12:58:59","date_gmt":"2024-11-27T15:58:59","guid":{"rendered":"https:\/\/maranhaotv.com.br\/?p=38929"},"modified":"2024-11-27T12:59:00","modified_gmt":"2024-11-27T15:59:00","slug":"governo-lula-arquiva-denuncia-contra-silvio-almeida","status":"publish","type":"post","link":"https:\/\/maranhaotv.com.br\/index.php\/2024\/11\/27\/governo-lula-arquiva-denuncia-contra-silvio-almeida\/","title":{"rendered":"Governo Lula arquiva den\u00fancia contra Silvio Almeida"},"content":{"rendered":"\n<p><\/p>\n\n\n\n<p>O governo do presidente Lula, por meio da Comiss\u00e3o de \u00c9tica da Presid\u00eancia da Rep\u00fablica, decidiu arquivar um pedido de investiga\u00e7\u00e3o contra o ex-ministro dos Direitos Humanos e da Cidadania Silvio Almeida. O \u00f3rg\u00e3o anunciou a decis\u00e3o nesta segunda (25).<br><br>N\u00e3o h\u00e1, entretanto, mais informa\u00e7\u00f5es relativas ao processo contra Almeida. Isso se deve, a saber, ao fato de o caso estar sob sigilo.<br><br>Interlocutores do Pal\u00e1cio do Planalto informam, contudo, que o processo que acabou de ser arquivado contra o ex-ministro n\u00e3o tem rela\u00e7\u00e3o alguma com a s\u00e9rie de den\u00fancias feitas em setembro. <br><br>Almeida, de acordo com o portal UOL, o site Metr\u00f3poles e a organiza\u00e7\u00e3o n\u00e3o governamental Me Too, teria assediado moralmente e sexualmente subordinados e colegas. Na parte sexual, uma das v\u00edtimas teria sido a ministra Anielle Franco, da Igualdade Racial.<br><br>De imediato, Anielle ganhou apoio p\u00fablico da primeira-dama Janja da Silva. Almeida, que chegou a reclamar de que seria alvo de \u201cmentiras\u201d, acabou demitido do governo Lula.<br><br>Anielle n\u00e3o foi, no entanto, a \u00fanica a denunciar Almeida por ass\u00e9dio sexual. Em v\u00eddeo nas redes sociais, a professora Isabel Rodrigues disse que foi v\u00edtima do aliado de Lula em 2019.<br><br>\u201cEle levantou a saia e colocou a m\u00e3o nas minhas partes \u00edntimas, com vontade\u201d, afirmou a denunciante, que n\u00e3o segurou o choro ao relembrar o caso. \u201cFiquei estarrecida.\u201d<br><br>Alvo de den\u00fancias por ass\u00e9dio sexual e moral, Silvio Almeida foi al\u00e9m de perder o emprego na Esplanada dos Minist\u00e9rios. Inicialmente, acabou desconvidado para palestrar na Bienal do Livro de S\u00e3o Paulo, evento que ocorreu na semana seguinte \u00e0 divulga\u00e7\u00e3o das den\u00fancias.<br><br>Ainda no mercado editorial, o ex-ministro viu a Editora Record romper contratos para publicar dois livros dele.<\/p>\n","protected":false},"excerpt":{"rendered":"<p>O governo do presidente Lula, por meio da Comiss\u00e3o de \u00c9tica da Presid\u00eancia da Rep\u00fablica, decidiu arquivar um pedido de<\/p>\n","protected":false},"author":2,"featured_media":38928,"comment_status":"open","ping_status":"open","sticky":false,"template":"","format":"standard","meta":{"colormag_page_container_layout":"default_layout","colormag_page_sidebar_layout":"default_layout","_jetpack_memberships_contains_paid_content":false,"footnotes":""},"categories":[6],"tags":[],"class_list":["post-38929","post","type-post","status-publish","format-standard","has-post-thumbnail","hentry","category-politica"],"magazineBlocksPostFeaturedMedia":{"thumbnail":"https:\/\/maranhaotv.com.br\/wp-content\/uploads\/2024\/11\/IMG-1200-x-628-px-2024-11-27T081445.729-1024x536-1-150x150.webp","medium":"https:\/\/maranhaotv.com.br\/wp-content\/uploads\/2024\/11\/IMG-1200-x-628-px-2024-11-27T081445.729-1024x536-1-300x157.webp","medium_large":"https:\/\/maranhaotv.com.br\/wp-content\/uploads\/2024\/11\/IMG-1200-x-628-px-2024-11-27T081445.729-1024x536-1-768x402.webp","large":"https:\/\/maranhaotv.com.br\/wp-content\/uploads\/2024\/11\/IMG-1200-x-628-px-2024-11-27T081445.729-1024x536-1.webp","1536x1536":"https:\/\/maranhaotv.com.br\/wp-content\/uploads\/2024\/11\/IMG-1200-x-628-px-2024-11-27T081445.729-1024x536-1.webp","2048x2048":"https:\/\/maranhaotv.com.br\/wp-content\/uploads\/2024\/11\/IMG-1200-x-628-px-2024-11-27T081445.729-1024x536-1.webp","colormag-highlighted-post":"https:\/\/maranhaotv.com.br\/wp-content\/uploads\/2024\/11\/IMG-1200-x-628-px-2024-11-27T081445.729-1024x536-1-392x272.webp","colormag-featured-post-medium":"https:\/\/maranhaotv.com.br\/wp-content\/uploads\/2024\/11\/IMG-1200-x-628-px-2024-11-27T081445.729-1024x536-1-390x205.webp","colormag-featured-post-small":"https:\/\/maranhaotv.com.br\/wp-content\/uploads\/2024\/11\/IMG-1200-x-628-px-2024-11-27T081445.729-1024x536-1-130x90.webp","colormag-featured-image":"https:\/\/maranhaotv.com.br\/wp-content\/uploads\/2024\/11\/IMG-1200-x-628-px-2024-11-27T081445.729-1024x536-1-800x445.webp","colormag-default-news":"https:\/\/maranhaotv.com.br\/wp-content\/uploads\/2024\/11\/IMG-1200-x-628-px-2024-11-27T081445.729-1024x536-1-150x150.webp","colormag-featured-image-large":"https:\/\/maranhaotv.com.br\/wp-content\/uploads\/2024\/11\/IMG-1200-x-628-px-2024-11-27T081445.729-1024x536-1.webp"},"magazineBlocksPostAuthor":{"name":"maranhaotv","avatar":"https:\/\/secure.gravatar.com\/avatar\/8fadbca458d4cb68b1dd399ae9a40618d747bb1af65ac9fad21c89220a143eb4?s=96&d=mm&r=g"},"magazineBlocksPostCommentsNumber":"0","magazineBlocksPostExcerpt":"O governo do presidente Lula, por meio da Comiss\u00e3o de \u00c9tica da Presid\u00eancia da Rep\u00fablica, decidiu arquivar um pedido de","magazineBlocksPostCategories":["pol\u00edtica"],"magazineBlocksPostViewCount":291,"magazineBlocksPostReadTime":2,"magazine_blocks_featured_image_url":{"full":["https:\/\/maranhaotv.com.br\/wp-content\/uploads\/2024\/11\/IMG-1200-x-628-px-2024-11-27T081445.729-1024x536-1.webp",1024,536,false],"medium":["https:\/\/maranhaotv.com.br\/wp-content\/uploads\/2024\/11\/IMG-1200-x-628-px-2024-11-27T081445.729-1024x536-1-300x157.webp",300,157,true],"thumbnail":["https:\/\/maranhaotv.com.br\/wp-content\/uploads\/2024\/11\/IMG-1200-x-628-px-2024-11-27T081445.729-1024x536-1-150x150.webp",150,150,true]},"magazine_blocks_author":{"display_name":"maranhaotv","author_link":"https:\/\/maranhaotv.com.br\/index.php\/author\/maranhaotv\/"},"magazine_blocks_comment":0,"magazine_blocks_author_image":"https:\/\/secure.gravatar.com\/avatar\/8fadbca458d4cb68b1dd399ae9a40618d747bb1af65ac9fad21c89220a143eb4?s=96&d=mm&r=g","magazine_blocks_category":"<a href=\"#\" class=\"category-link category-link-6\">pol\u00edtica<\/a>","jetpack_featured_media_url":"https:\/\/maranhaotv.com.br\/wp-content\/uploads\/2024\/11\/IMG-1200-x-628-px-2024-11-27T081445.729-1024x536-1.webp","jetpack_sharing_enabled":true,"_links":{"self":[{"href":"https:\/\/maranhaotv.com.br\/index.php\/wp-json\/wp\/v2\/posts\/38929","targetHints":{"allow":["GET"]}}],"collection":[{"href":"https:\/\/maranhaotv.com.br\/index.php\/wp-json\/wp\/v2\/posts"}],"about":[{"href":"https:\/\/maranhaotv.com.br\/index.php\/wp-json\/wp\/v2\/types\/post"}],"author":[{"embeddable":true,"href":"https:\/\/maranhaotv.com.br\/index.php\/wp-json\/wp\/v2\/users\/2"}],"replies":[{"embeddable":true,"href":"https:\/\/maranhaotv.com.br\/index.php\/wp-json\/wp\/v2\/comments?post=38929"}],"version-history":[{"count":1,"href":"https:\/\/maranhaotv.com.br\/index.php\/wp-json\/wp\/v2\/posts\/38929\/revisions"}],"predecessor-version":[{"id":38930,"href":"https:\/\/maranhaotv.com.br\/index.php\/wp-json\/wp\/v2\/posts\/38929\/revisions\/38930"}],"wp:featuredmedia":[{"embeddable":true,"href":"https:\/\/maranhaotv.com.br\/index.php\/wp-json\/wp\/v2\/media\/38928"}],"wp:attachment":[{"href":"https:\/\/maranhaotv.com.br\/index.php\/wp-json\/wp\/v2\/media?parent=38929"}],"wp:term":[{"taxonomy":"category","embeddable":true,"href":"https:\/\/maranhaotv.com.br\/index.php\/wp-json\/wp\/v2\/categories?post=38929"},{"taxonomy":"post_tag","embeddable":true,"href":"https:\/\/maranhaotv.com.br\/index.php\/wp-json\/wp\/v2\/tags?post=38929"}],"curies":[{"name":"wp","href":"https:\/\/api.w.org\/{rel}","templated":true}]}}