{"id":38941,"date":"2024-11-28T19:43:12","date_gmt":"2024-11-28T22:43:12","guid":{"rendered":"https:\/\/maranhaotv.com.br\/?p=38941"},"modified":"2024-11-28T19:43:35","modified_gmt":"2024-11-28T22:43:35","slug":"fred-campos-anuncia-marlus-melo-como-secretario-de-infraestrutura-de-paco-do-lumiar","status":"publish","type":"post","link":"https:\/\/maranhaotv.com.br\/index.php\/2024\/11\/28\/fred-campos-anuncia-marlus-melo-como-secretario-de-infraestrutura-de-paco-do-lumiar\/","title":{"rendered":"Fred Campos anuncia Marlus Melo como Secret\u00e1rio de Infraestrutura de Pa\u00e7o do Lumiar"},"content":{"rendered":"\n<p><br><br>O prefeito eleito de Pa\u00e7o do Lumiar, Fred Campos, anunciou nesta quinta-feira, pelas redes sociais, o engenheiro civil Marlus Melo como o novo secret\u00e1rio de infraestrutura do munic\u00edpio. Marlus, que assumir\u00e1 o cargo a partir de janeiro de 2025, traz uma s\u00f3lida forma\u00e7\u00e3o acad\u00eamica e vasta experi\u00eancia profissional, prometendo implementar uma gest\u00e3o t\u00e9cnica e eficiente no setor. \u201cEstamos prontos para transformar nossa cidade, garantindo infraestrutura de qualidade para todos. Bem-vindo, Marlus!\u201d, destacou Fred durante o an\u00fancio.<br><br>Marlus Melo \u00e9 engenheiro civil formado pela Universidade Estadual do Maranh\u00e3o (UEMA), com especializa\u00e7\u00f5es em Engenharia de Transportes, Processos BIM, Avalia\u00e7\u00e3o e Per\u00edcias de Engenharia e Engenharia Rodovi\u00e1ria. Com uma trajet\u00f3ria que inclui atua\u00e7\u00f5es em empresas de engenharia e \u00f3rg\u00e3os p\u00fablicos, ele acumula amplo conhecimento em obras e planejamento urbano, habilidades fundamentais para atender \u00e0s demandas de infraestrutura de Pa\u00e7o do Lumiar.<br><br>Com o novo secret\u00e1rio, Fred Campos refor\u00e7a o compromisso de sua gest\u00e3o em impulsionar o desenvolvimento estrutural do munic\u00edpio. A parceria promete trazer avan\u00e7os significativos, priorizando a pavimenta\u00e7\u00e3o, drenagem e constru\u00e7\u00e3o de obras que melhorem a qualidade de vida dos luminenses. \u201cPa\u00e7o do Lumiar ter\u00e1 um novo tempo de progresso, e a experi\u00eancia de Marlus Melo ser\u00e1 essencial para concretizarmos esse objetivo\u201d, concluiu o prefeito eleito.<\/p>\n\n\n\n<figure class=\"wp-block-image size-large\"><img loading=\"lazy\" decoding=\"async\" width=\"819\" height=\"1024\" src=\"https:\/\/maranhaotv.com.br\/wp-content\/uploads\/2024\/11\/img-20241128-wa03554766541309370394597-819x1024.jpg\" alt=\"\" class=\"wp-image-38939\" srcset=\"https:\/\/maranhaotv.com.br\/wp-content\/uploads\/2024\/11\/img-20241128-wa03554766541309370394597-819x1024.jpg 819w, https:\/\/maranhaotv.com.br\/wp-content\/uploads\/2024\/11\/img-20241128-wa03554766541309370394597-240x300.jpg 240w, https:\/\/maranhaotv.com.br\/wp-content\/uploads\/2024\/11\/img-20241128-wa03554766541309370394597-768x960.jpg 768w, https:\/\/maranhaotv.com.br\/wp-content\/uploads\/2024\/11\/img-20241128-wa03554766541309370394597.jpg 1080w\" sizes=\"auto, (max-width: 819px) 100vw, 819px\" \/><\/figure>\n","protected":false},"excerpt":{"rendered":"<p>O prefeito eleito de Pa\u00e7o do Lumiar, Fred Campos, anunciou nesta quinta-feira, pelas redes sociais, o engenheiro civil Marlus Melo<\/p>\n","protected":false},"author":2,"featured_media":38940,"comment_status":"open","ping_status":"open","sticky":false,"template":"","format":"standard","meta":{"colormag_page_container_layout":"default_layout","colormag_page_sidebar_layout":"default_layout","_jetpack_memberships_contains_paid_content":false,"footnotes":""},"categories":[2],"tags":[],"class_list":["post-38941","post","type-post","status-publish","format-standard","has-post-thumbnail","hentry","category-noticias"],"magazineBlocksPostFeaturedMedia":{"thumbnail":"https:\/\/maranhaotv.com.br\/wp-content\/uploads\/2024\/11\/image_editor_output_image-1127019080-1732833795952-150x150.jpg","medium":"https:\/\/maranhaotv.com.br\/wp-content\/uploads\/2024\/11\/image_editor_output_image-1127019080-1732833795952-300x162.jpg","medium_large":"https:\/\/maranhaotv.com.br\/wp-content\/uploads\/2024\/11\/image_editor_output_image-1127019080-1732833795952-768x415.jpg","large":"https:\/\/maranhaotv.com.br\/wp-content\/uploads\/2024\/11\/image_editor_output_image-1127019080-1732833795952-1024x554.jpg","1536x1536":"https:\/\/maranhaotv.com.br\/wp-content\/uploads\/2024\/11\/image_editor_output_image-1127019080-1732833795952.jpg","2048x2048":"https:\/\/maranhaotv.com.br\/wp-content\/uploads\/2024\/11\/image_editor_output_image-1127019080-1732833795952.jpg","colormag-highlighted-post":"https:\/\/maranhaotv.com.br\/wp-content\/uploads\/2024\/11\/image_editor_output_image-1127019080-1732833795952-392x272.jpg","colormag-featured-post-medium":"https:\/\/maranhaotv.com.br\/wp-content\/uploads\/2024\/11\/image_editor_output_image-1127019080-1732833795952-390x205.jpg","colormag-featured-post-small":"https:\/\/maranhaotv.com.br\/wp-content\/uploads\/2024\/11\/image_editor_output_image-1127019080-1732833795952-130x90.jpg","colormag-featured-image":"https:\/\/maranhaotv.com.br\/wp-content\/uploads\/2024\/11\/image_editor_output_image-1127019080-1732833795952-800x445.jpg","colormag-default-news":"https:\/\/maranhaotv.com.br\/wp-content\/uploads\/2024\/11\/image_editor_output_image-1127019080-1732833795952-150x150.jpg","colormag-featured-image-large":"https:\/\/maranhaotv.com.br\/wp-content\/uploads\/2024\/11\/image_editor_output_image-1127019080-1732833795952.jpg"},"magazineBlocksPostAuthor":{"name":"maranhaotv","avatar":"https:\/\/secure.gravatar.com\/avatar\/8fadbca458d4cb68b1dd399ae9a40618d747bb1af65ac9fad21c89220a143eb4?s=96&d=mm&r=g"},"magazineBlocksPostCommentsNumber":"0","magazineBlocksPostExcerpt":"O prefeito eleito de Pa\u00e7o do Lumiar, Fred Campos, anunciou nesta quinta-feira, pelas redes sociais, o engenheiro civil Marlus Melo","magazineBlocksPostCategories":["not\u00edcias"],"magazineBlocksPostViewCount":367,"magazineBlocksPostReadTime":2,"magazine_blocks_featured_image_url":{"full":["https:\/\/maranhaotv.com.br\/wp-content\/uploads\/2024\/11\/image_editor_output_image-1127019080-1732833795952.jpg",1080,584,false],"medium":["https:\/\/maranhaotv.com.br\/wp-content\/uploads\/2024\/11\/image_editor_output_image-1127019080-1732833795952-300x162.jpg",300,162,true],"thumbnail":["https:\/\/maranhaotv.com.br\/wp-content\/uploads\/2024\/11\/image_editor_output_image-1127019080-1732833795952-150x150.jpg",150,150,true]},"magazine_blocks_author":{"display_name":"maranhaotv","author_link":"https:\/\/maranhaotv.com.br\/index.php\/author\/maranhaotv\/"},"magazine_blocks_comment":0,"magazine_blocks_author_image":"https:\/\/secure.gravatar.com\/avatar\/8fadbca458d4cb68b1dd399ae9a40618d747bb1af65ac9fad21c89220a143eb4?s=96&d=mm&r=g","magazine_blocks_category":"<a href=\"#\" class=\"category-link category-link-2\">not\u00edcias<\/a>","yoast_head":"<!-- This site is optimized with the Yoast SEO plugin v27.4 - https:\/\/yoast.com\/product\/yoast-seo-wordpress\/ -->\n<title>Fred Campos anuncia Marlus Melo como Secret\u00e1rio de Infraestrutura de Pa\u00e7o do Lumiar - NOT\u00cdCIAS EM TEMPO REAL<\/title>\n<meta name=\"robots\" content=\"index, follow, max-snippet:-1, max-image-preview:large, max-video-preview:-1\" \/>\n<link rel=\"canonical\" href=\"https:\/\/maranhaotv.com.br\/index.php\/2024\/11\/28\/fred-campos-anuncia-marlus-melo-como-secretario-de-infraestrutura-de-paco-do-lumiar\/\" \/>\n<meta property=\"og:locale\" content=\"pt_BR\" \/>\n<meta property=\"og:type\" content=\"article\" \/>\n<meta property=\"og:title\" content=\"Fred Campos anuncia Marlus Melo como Secret\u00e1rio de Infraestrutura de Pa\u00e7o do Lumiar - NOT\u00cdCIAS EM TEMPO REAL\" \/>\n<meta property=\"og:description\" content=\"O prefeito eleito de Pa\u00e7o do Lumiar, Fred Campos, anunciou nesta quinta-feira, pelas redes sociais, o engenheiro civil Marlus Melo\" \/>\n<meta property=\"og:url\" content=\"https:\/\/maranhaotv.com.br\/index.php\/2024\/11\/28\/fred-campos-anuncia-marlus-melo-como-secretario-de-infraestrutura-de-paco-do-lumiar\/\" \/>\n<meta property=\"og:site_name\" content=\"NOT\u00cdCIAS EM TEMPO REAL\" \/>\n<meta property=\"article:publisher\" content=\"https:\/\/www.facebook.com\/maiobaotv\" \/>\n<meta property=\"article:published_time\" content=\"2024-11-28T22:43:12+00:00\" \/>\n<meta property=\"article:modified_time\" content=\"2024-11-28T22:43:35+00:00\" \/>\n<meta property=\"og:image\" content=\"https:\/\/maranhaotv.com.br\/wp-content\/uploads\/2024\/11\/image_editor_output_image-1127019080-1732833795952.jpg\" \/>\n\t<meta property=\"og:image:width\" content=\"1080\" \/>\n\t<meta property=\"og:image:height\" content=\"584\" \/>\n\t<meta property=\"og:image:type\" content=\"image\/jpeg\" \/>\n<meta name=\"author\" content=\"maranhaotv\" \/>\n<meta name=\"twitter:card\" content=\"summary_large_image\" \/>\n<meta name=\"twitter:creator\" content=\"@sitemaranhaotv\" \/>\n<meta name=\"twitter:site\" content=\"@sitemaranhaotv\" \/>\n<meta name=\"twitter:label1\" content=\"Escrito por\" \/>\n\t<meta name=\"twitter:data1\" content=\"maranhaotv\" \/>\n\t<meta name=\"twitter:label2\" content=\"Est. tempo de leitura\" \/>\n\t<meta name=\"twitter:data2\" content=\"1 minuto\" \/>\n<script type=\"application\/ld+json\" class=\"yoast-schema-graph\">{\"@context\":\"https:\\\/\\\/schema.org\",\"@graph\":[{\"@type\":\"Article\",\"@id\":\"https:\\\/\\\/maranhaotv.com.br\\\/index.php\\\/2024\\\/11\\\/28\\\/fred-campos-anuncia-marlus-melo-como-secretario-de-infraestrutura-de-paco-do-lumiar\\\/#article\",\"isPartOf\":{\"@id\":\"https:\\\/\\\/maranhaotv.com.br\\\/index.php\\\/2024\\\/11\\\/28\\\/fred-campos-anuncia-marlus-melo-como-secretario-de-infraestrutura-de-paco-do-lumiar\\\/\"},\"author\":{\"name\":\"maranhaotv\",\"@id\":\"https:\\\/\\\/maranhaotv.com.br\\\/#\\\/schema\\\/person\\\/3d54238e86b20bb5c89ab2fdb8f8829a\"},\"headline\":\"Fred Campos anuncia Marlus Melo como Secret\u00e1rio de Infraestrutura de Pa\u00e7o do Lumiar\",\"datePublished\":\"2024-11-28T22:43:12+00:00\",\"dateModified\":\"2024-11-28T22:43:35+00:00\",\"mainEntityOfPage\":{\"@id\":\"https:\\\/\\\/maranhaotv.com.br\\\/index.php\\\/2024\\\/11\\\/28\\\/fred-campos-anuncia-marlus-melo-como-secretario-de-infraestrutura-de-paco-do-lumiar\\\/\"},\"wordCount\":246,\"commentCount\":0,\"publisher\":{\"@id\":\"https:\\\/\\\/maranhaotv.com.br\\\/#organization\"},\"image\":{\"@id\":\"https:\\\/\\\/maranhaotv.com.br\\\/index.php\\\/2024\\\/11\\\/28\\\/fred-campos-anuncia-marlus-melo-como-secretario-de-infraestrutura-de-paco-do-lumiar\\\/#primaryimage\"},\"thumbnailUrl\":\"https:\\\/\\\/maranhaotv.com.br\\\/wp-content\\\/uploads\\\/2024\\\/11\\\/image_editor_output_image-1127019080-1732833795952.jpg\",\"articleSection\":[\"not\u00edcias\"],\"inLanguage\":\"pt-BR\",\"potentialAction\":[{\"@type\":\"CommentAction\",\"name\":\"Comment\",\"target\":[\"https:\\\/\\\/maranhaotv.com.br\\\/index.php\\\/2024\\\/11\\\/28\\\/fred-campos-anuncia-marlus-melo-como-secretario-de-infraestrutura-de-paco-do-lumiar\\\/#respond\"]}]},{\"@type\":\"WebPage\",\"@id\":\"https:\\\/\\\/maranhaotv.com.br\\\/index.php\\\/2024\\\/11\\\/28\\\/fred-campos-anuncia-marlus-melo-como-secretario-de-infraestrutura-de-paco-do-lumiar\\\/\",\"url\":\"https:\\\/\\\/maranhaotv.com.br\\\/index.php\\\/2024\\\/11\\\/28\\\/fred-campos-anuncia-marlus-melo-como-secretario-de-infraestrutura-de-paco-do-lumiar\\\/\",\"name\":\"Fred Campos anuncia Marlus Melo como Secret\u00e1rio de Infraestrutura de Pa\u00e7o do Lumiar - NOT\u00cdCIAS EM TEMPO REAL\",\"isPartOf\":{\"@id\":\"https:\\\/\\\/maranhaotv.com.br\\\/#website\"},\"primaryImageOfPage\":{\"@id\":\"https:\\\/\\\/maranhaotv.com.br\\\/index.php\\\/2024\\\/11\\\/28\\\/fred-campos-anuncia-marlus-melo-como-secretario-de-infraestrutura-de-paco-do-lumiar\\\/#primaryimage\"},\"image\":{\"@id\":\"https:\\\/\\\/maranhaotv.com.br\\\/index.php\\\/2024\\\/11\\\/28\\\/fred-campos-anuncia-marlus-melo-como-secretario-de-infraestrutura-de-paco-do-lumiar\\\/#primaryimage\"},\"thumbnailUrl\":\"https:\\\/\\\/maranhaotv.com.br\\\/wp-content\\\/uploads\\\/2024\\\/11\\\/image_editor_output_image-1127019080-1732833795952.jpg\",\"datePublished\":\"2024-11-28T22:43:12+00:00\",\"dateModified\":\"2024-11-28T22:43:35+00:00\",\"breadcrumb\":{\"@id\":\"https:\\\/\\\/maranhaotv.com.br\\\/index.php\\\/2024\\\/11\\\/28\\\/fred-campos-anuncia-marlus-melo-como-secretario-de-infraestrutura-de-paco-do-lumiar\\\/#breadcrumb\"},\"inLanguage\":\"pt-BR\",\"potentialAction\":[{\"@type\":\"ReadAction\",\"target\":[\"https:\\\/\\\/maranhaotv.com.br\\\/index.php\\\/2024\\\/11\\\/28\\\/fred-campos-anuncia-marlus-melo-como-secretario-de-infraestrutura-de-paco-do-lumiar\\\/\"]}]},{\"@type\":\"ImageObject\",\"inLanguage\":\"pt-BR\",\"@id\":\"https:\\\/\\\/maranhaotv.com.br\\\/index.php\\\/2024\\\/11\\\/28\\\/fred-campos-anuncia-marlus-melo-como-secretario-de-infraestrutura-de-paco-do-lumiar\\\/#primaryimage\",\"url\":\"https:\\\/\\\/maranhaotv.com.br\\\/wp-content\\\/uploads\\\/2024\\\/11\\\/image_editor_output_image-1127019080-1732833795952.jpg\",\"contentUrl\":\"https:\\\/\\\/maranhaotv.com.br\\\/wp-content\\\/uploads\\\/2024\\\/11\\\/image_editor_output_image-1127019080-1732833795952.jpg\",\"width\":1080,\"height\":584},{\"@type\":\"BreadcrumbList\",\"@id\":\"https:\\\/\\\/maranhaotv.com.br\\\/index.php\\\/2024\\\/11\\\/28\\\/fred-campos-anuncia-marlus-melo-como-secretario-de-infraestrutura-de-paco-do-lumiar\\\/#breadcrumb\",\"itemListElement\":[{\"@type\":\"ListItem\",\"position\":1,\"name\":\"In\u00edcio\",\"item\":\"https:\\\/\\\/maranhaotv.com.br\\\/\"},{\"@type\":\"ListItem\",\"position\":2,\"name\":\"Fred Campos anuncia Marlus Melo como Secret\u00e1rio de Infraestrutura de Pa\u00e7o do Lumiar\"}]},{\"@type\":\"WebSite\",\"@id\":\"https:\\\/\\\/maranhaotv.com.br\\\/#website\",\"url\":\"https:\\\/\\\/maranhaotv.com.br\\\/\",\"name\":\"Maranh\u00e3oTV\",\"description\":\"\",\"publisher\":{\"@id\":\"https:\\\/\\\/maranhaotv.com.br\\\/#organization\"},\"potentialAction\":[{\"@type\":\"SearchAction\",\"target\":{\"@type\":\"EntryPoint\",\"urlTemplate\":\"https:\\\/\\\/maranhaotv.com.br\\\/?s={search_term_string}\"},\"query-input\":{\"@type\":\"PropertyValueSpecification\",\"valueRequired\":true,\"valueName\":\"search_term_string\"}}],\"inLanguage\":\"pt-BR\"},{\"@type\":\"Organization\",\"@id\":\"https:\\\/\\\/maranhaotv.com.br\\\/#organization\",\"name\":\"Portal de Not\u00edcias\",\"url\":\"https:\\\/\\\/maranhaotv.com.br\\\/\",\"logo\":{\"@type\":\"ImageObject\",\"inLanguage\":\"pt-BR\",\"@id\":\"https:\\\/\\\/maranhaotv.com.br\\\/#\\\/schema\\\/logo\\\/image\\\/\",\"url\":\"https:\\\/\\\/maranhaotv.com.br\\\/wp-content\\\/uploads\\\/2024\\\/05\\\/cropped-cropped-avatar-1.png\",\"contentUrl\":\"https:\\\/\\\/maranhaotv.com.br\\\/wp-content\\\/uploads\\\/2024\\\/05\\\/cropped-cropped-avatar-1.png\",\"width\":792,\"height\":428,\"caption\":\"Portal de Not\u00edcias\"},\"image\":{\"@id\":\"https:\\\/\\\/maranhaotv.com.br\\\/#\\\/schema\\\/logo\\\/image\\\/\"},\"sameAs\":[\"https:\\\/\\\/www.facebook.com\\\/maiobaotv\",\"https:\\\/\\\/x.com\\\/sitemaranhaotv\",\"https:\\\/\\\/www.instagram.com\\\/maranhao.tv\",\"https:\\\/\\\/www.threads.net\\\/@maranhao.tv\"]},{\"@type\":\"Person\",\"@id\":\"https:\\\/\\\/maranhaotv.com.br\\\/#\\\/schema\\\/person\\\/3d54238e86b20bb5c89ab2fdb8f8829a\",\"name\":\"maranhaotv\",\"image\":{\"@type\":\"ImageObject\",\"inLanguage\":\"pt-BR\",\"@id\":\"https:\\\/\\\/secure.gravatar.com\\\/avatar\\\/8fadbca458d4cb68b1dd399ae9a40618d747bb1af65ac9fad21c89220a143eb4?s=96&d=mm&r=g\",\"url\":\"https:\\\/\\\/secure.gravatar.com\\\/avatar\\\/8fadbca458d4cb68b1dd399ae9a40618d747bb1af65ac9fad21c89220a143eb4?s=96&d=mm&r=g\",\"contentUrl\":\"https:\\\/\\\/secure.gravatar.com\\\/avatar\\\/8fadbca458d4cb68b1dd399ae9a40618d747bb1af65ac9fad21c89220a143eb4?s=96&d=mm&r=g\",\"caption\":\"maranhaotv\"},\"sameAs\":[\"https:\\\/\\\/maranhaotv.com.br\\\/\"],\"url\":\"https:\\\/\\\/maranhaotv.com.br\\\/index.php\\\/author\\\/maranhaotv\\\/\"}]}<\/script>\n<!-- \/ Yoast SEO plugin. -->","yoast_head_json":{"title":"Fred Campos anuncia Marlus Melo como Secret\u00e1rio de Infraestrutura de Pa\u00e7o do Lumiar - NOT\u00cdCIAS EM TEMPO REAL","robots":{"index":"index","follow":"follow","max-snippet":"max-snippet:-1","max-image-preview":"max-image-preview:large","max-video-preview":"max-video-preview:-1"},"canonical":"https:\/\/maranhaotv.com.br\/index.php\/2024\/11\/28\/fred-campos-anuncia-marlus-melo-como-secretario-de-infraestrutura-de-paco-do-lumiar\/","og_locale":"pt_BR","og_type":"article","og_title":"Fred Campos anuncia Marlus Melo como Secret\u00e1rio de Infraestrutura de Pa\u00e7o do Lumiar - NOT\u00cdCIAS EM TEMPO REAL","og_description":"O prefeito eleito de Pa\u00e7o do Lumiar, Fred Campos, anunciou nesta quinta-feira, pelas redes sociais, o engenheiro civil Marlus Melo","og_url":"https:\/\/maranhaotv.com.br\/index.php\/2024\/11\/28\/fred-campos-anuncia-marlus-melo-como-secretario-de-infraestrutura-de-paco-do-lumiar\/","og_site_name":"NOT\u00cdCIAS EM TEMPO REAL","article_publisher":"https:\/\/www.facebook.com\/maiobaotv","article_published_time":"2024-11-28T22:43:12+00:00","article_modified_time":"2024-11-28T22:43:35+00:00","og_image":[{"width":1080,"height":584,"url":"https:\/\/maranhaotv.com.br\/wp-content\/uploads\/2024\/11\/image_editor_output_image-1127019080-1732833795952.jpg","type":"image\/jpeg"}],"author":"maranhaotv","twitter_card":"summary_large_image","twitter_creator":"@sitemaranhaotv","twitter_site":"@sitemaranhaotv","twitter_misc":{"Escrito por":"maranhaotv","Est. tempo de leitura":"1 minuto"},"schema":{"@context":"https:\/\/schema.org","@graph":[{"@type":"Article","@id":"https:\/\/maranhaotv.com.br\/index.php\/2024\/11\/28\/fred-campos-anuncia-marlus-melo-como-secretario-de-infraestrutura-de-paco-do-lumiar\/#article","isPartOf":{"@id":"https:\/\/maranhaotv.com.br\/index.php\/2024\/11\/28\/fred-campos-anuncia-marlus-melo-como-secretario-de-infraestrutura-de-paco-do-lumiar\/"},"author":{"name":"maranhaotv","@id":"https:\/\/maranhaotv.com.br\/#\/schema\/person\/3d54238e86b20bb5c89ab2fdb8f8829a"},"headline":"Fred Campos anuncia Marlus Melo como Secret\u00e1rio de Infraestrutura de Pa\u00e7o do Lumiar","datePublished":"2024-11-28T22:43:12+00:00","dateModified":"2024-11-28T22:43:35+00:00","mainEntityOfPage":{"@id":"https:\/\/maranhaotv.com.br\/index.php\/2024\/11\/28\/fred-campos-anuncia-marlus-melo-como-secretario-de-infraestrutura-de-paco-do-lumiar\/"},"wordCount":246,"commentCount":0,"publisher":{"@id":"https:\/\/maranhaotv.com.br\/#organization"},"image":{"@id":"https:\/\/maranhaotv.com.br\/index.php\/2024\/11\/28\/fred-campos-anuncia-marlus-melo-como-secretario-de-infraestrutura-de-paco-do-lumiar\/#primaryimage"},"thumbnailUrl":"https:\/\/maranhaotv.com.br\/wp-content\/uploads\/2024\/11\/image_editor_output_image-1127019080-1732833795952.jpg","articleSection":["not\u00edcias"],"inLanguage":"pt-BR","potentialAction":[{"@type":"CommentAction","name":"Comment","target":["https:\/\/maranhaotv.com.br\/index.php\/2024\/11\/28\/fred-campos-anuncia-marlus-melo-como-secretario-de-infraestrutura-de-paco-do-lumiar\/#respond"]}]},{"@type":"WebPage","@id":"https:\/\/maranhaotv.com.br\/index.php\/2024\/11\/28\/fred-campos-anuncia-marlus-melo-como-secretario-de-infraestrutura-de-paco-do-lumiar\/","url":"https:\/\/maranhaotv.com.br\/index.php\/2024\/11\/28\/fred-campos-anuncia-marlus-melo-como-secretario-de-infraestrutura-de-paco-do-lumiar\/","name":"Fred Campos anuncia Marlus Melo como Secret\u00e1rio de Infraestrutura de Pa\u00e7o do Lumiar - NOT\u00cdCIAS EM TEMPO REAL","isPartOf":{"@id":"https:\/\/maranhaotv.com.br\/#website"},"primaryImageOfPage":{"@id":"https:\/\/maranhaotv.com.br\/index.php\/2024\/11\/28\/fred-campos-anuncia-marlus-melo-como-secretario-de-infraestrutura-de-paco-do-lumiar\/#primaryimage"},"image":{"@id":"https:\/\/maranhaotv.com.br\/index.php\/2024\/11\/28\/fred-campos-anuncia-marlus-melo-como-secretario-de-infraestrutura-de-paco-do-lumiar\/#primaryimage"},"thumbnailUrl":"https:\/\/maranhaotv.com.br\/wp-content\/uploads\/2024\/11\/image_editor_output_image-1127019080-1732833795952.jpg","datePublished":"2024-11-28T22:43:12+00:00","dateModified":"2024-11-28T22:43:35+00:00","breadcrumb":{"@id":"https:\/\/maranhaotv.com.br\/index.php\/2024\/11\/28\/fred-campos-anuncia-marlus-melo-como-secretario-de-infraestrutura-de-paco-do-lumiar\/#breadcrumb"},"inLanguage":"pt-BR","potentialAction":[{"@type":"ReadAction","target":["https:\/\/maranhaotv.com.br\/index.php\/2024\/11\/28\/fred-campos-anuncia-marlus-melo-como-secretario-de-infraestrutura-de-paco-do-lumiar\/"]}]},{"@type":"ImageObject","inLanguage":"pt-BR","@id":"https:\/\/maranhaotv.com.br\/index.php\/2024\/11\/28\/fred-campos-anuncia-marlus-melo-como-secretario-de-infraestrutura-de-paco-do-lumiar\/#primaryimage","url":"https:\/\/maranhaotv.com.br\/wp-content\/uploads\/2024\/11\/image_editor_output_image-1127019080-1732833795952.jpg","contentUrl":"https:\/\/maranhaotv.com.br\/wp-content\/uploads\/2024\/11\/image_editor_output_image-1127019080-1732833795952.jpg","width":1080,"height":584},{"@type":"BreadcrumbList","@id":"https:\/\/maranhaotv.com.br\/index.php\/2024\/11\/28\/fred-campos-anuncia-marlus-melo-como-secretario-de-infraestrutura-de-paco-do-lumiar\/#breadcrumb","itemListElement":[{"@type":"ListItem","position":1,"name":"In\u00edcio","item":"https:\/\/maranhaotv.com.br\/"},{"@type":"ListItem","position":2,"name":"Fred Campos anuncia Marlus Melo como Secret\u00e1rio de Infraestrutura de Pa\u00e7o do Lumiar"}]},{"@type":"WebSite","@id":"https:\/\/maranhaotv.com.br\/#website","url":"https:\/\/maranhaotv.com.br\/","name":"Maranh\u00e3oTV","description":"","publisher":{"@id":"https:\/\/maranhaotv.com.br\/#organization"},"potentialAction":[{"@type":"SearchAction","target":{"@type":"EntryPoint","urlTemplate":"https:\/\/maranhaotv.com.br\/?s={search_term_string}"},"query-input":{"@type":"PropertyValueSpecification","valueRequired":true,"valueName":"search_term_string"}}],"inLanguage":"pt-BR"},{"@type":"Organization","@id":"https:\/\/maranhaotv.com.br\/#organization","name":"Portal de Not\u00edcias","url":"https:\/\/maranhaotv.com.br\/","logo":{"@type":"ImageObject","inLanguage":"pt-BR","@id":"https:\/\/maranhaotv.com.br\/#\/schema\/logo\/image\/","url":"https:\/\/maranhaotv.com.br\/wp-content\/uploads\/2024\/05\/cropped-cropped-avatar-1.png","contentUrl":"https:\/\/maranhaotv.com.br\/wp-content\/uploads\/2024\/05\/cropped-cropped-avatar-1.png","width":792,"height":428,"caption":"Portal de Not\u00edcias"},"image":{"@id":"https:\/\/maranhaotv.com.br\/#\/schema\/logo\/image\/"},"sameAs":["https:\/\/www.facebook.com\/maiobaotv","https:\/\/x.com\/sitemaranhaotv","https:\/\/www.instagram.com\/maranhao.tv","https:\/\/www.threads.net\/@maranhao.tv"]},{"@type":"Person","@id":"https:\/\/maranhaotv.com.br\/#\/schema\/person\/3d54238e86b20bb5c89ab2fdb8f8829a","name":"maranhaotv","image":{"@type":"ImageObject","inLanguage":"pt-BR","@id":"https:\/\/secure.gravatar.com\/avatar\/8fadbca458d4cb68b1dd399ae9a40618d747bb1af65ac9fad21c89220a143eb4?s=96&d=mm&r=g","url":"https:\/\/secure.gravatar.com\/avatar\/8fadbca458d4cb68b1dd399ae9a40618d747bb1af65ac9fad21c89220a143eb4?s=96&d=mm&r=g","contentUrl":"https:\/\/secure.gravatar.com\/avatar\/8fadbca458d4cb68b1dd399ae9a40618d747bb1af65ac9fad21c89220a143eb4?s=96&d=mm&r=g","caption":"maranhaotv"},"sameAs":["https:\/\/maranhaotv.com.br\/"],"url":"https:\/\/maranhaotv.com.br\/index.php\/author\/maranhaotv\/"}]}},"jetpack_featured_media_url":"https:\/\/maranhaotv.com.br\/wp-content\/uploads\/2024\/11\/image_editor_output_image-1127019080-1732833795952.jpg","jetpack_sharing_enabled":true,"_links":{"self":[{"href":"https:\/\/maranhaotv.com.br\/index.php\/wp-json\/wp\/v2\/posts\/38941","targetHints":{"allow":["GET"]}}],"collection":[{"href":"https:\/\/maranhaotv.com.br\/index.php\/wp-json\/wp\/v2\/posts"}],"about":[{"href":"https:\/\/maranhaotv.com.br\/index.php\/wp-json\/wp\/v2\/types\/post"}],"author":[{"embeddable":true,"href":"https:\/\/maranhaotv.com.br\/index.php\/wp-json\/wp\/v2\/users\/2"}],"replies":[{"embeddable":true,"href":"https:\/\/maranhaotv.com.br\/index.php\/wp-json\/wp\/v2\/comments?post=38941"}],"version-history":[{"count":1,"href":"https:\/\/maranhaotv.com.br\/index.php\/wp-json\/wp\/v2\/posts\/38941\/revisions"}],"predecessor-version":[{"id":38942,"href":"https:\/\/maranhaotv.com.br\/index.php\/wp-json\/wp\/v2\/posts\/38941\/revisions\/38942"}],"wp:featuredmedia":[{"embeddable":true,"href":"https:\/\/maranhaotv.com.br\/index.php\/wp-json\/wp\/v2\/media\/38940"}],"wp:attachment":[{"href":"https:\/\/maranhaotv.com.br\/index.php\/wp-json\/wp\/v2\/media?parent=38941"}],"wp:term":[{"taxonomy":"category","embeddable":true,"href":"https:\/\/maranhaotv.com.br\/index.php\/wp-json\/wp\/v2\/categories?post=38941"},{"taxonomy":"post_tag","embeddable":true,"href":"https:\/\/maranhaotv.com.br\/index.php\/wp-json\/wp\/v2\/tags?post=38941"}],"curies":[{"name":"wp","href":"https:\/\/api.w.org\/{rel}","templated":true}]}}