{"id":38944,"date":"2024-11-29T08:01:59","date_gmt":"2024-11-29T11:01:59","guid":{"rendered":"https:\/\/maranhaotv.com.br\/?p=38944"},"modified":"2024-11-29T08:02:48","modified_gmt":"2024-11-29T11:02:48","slug":"ministra-carmen-lucia-foi-designada-relatora-da-acao-protocolada-pelo-partido-solidariedade","status":"publish","type":"post","link":"https:\/\/maranhaotv.com.br\/index.php\/2024\/11\/29\/ministra-carmen-lucia-foi-designada-relatora-da-acao-protocolada-pelo-partido-solidariedade\/","title":{"rendered":"Ministra Carmen L\u00facia foi designada relatora da A\u00e7\u00e3o protocolada pelo Partido Solidariedade"},"content":{"rendered":"\n<p><\/p>\n\n\n\n<p>A ministra Carmen L\u00facia, do Supremo Tribunal Federal (STF), foi designada relatora da A\u00e7\u00e3o Direta de Inconstitucionalidade (ADI) 7.756, protocolada pelo Partido Solidariedade. A a\u00e7\u00e3o questiona o crit\u00e9rio de desempate na elei\u00e7\u00e3o para a presid\u00eancia da Assembleia Legislativa do Maranh\u00e3o (Alema).<br><br>A defini\u00e7\u00e3o da relatoria ocorreu na segunda (25), \u00e0s 17h54, e o processo j\u00e1 est\u00e1 sob an\u00e1lise no gabinete da ministra.<br><br>O Solidariedade solicita a declara\u00e7\u00e3o de inconstitucionalidade do inciso IV do artigo 8\u00ba do Regimento Interno da Alema, alterado pela Resolu\u00e7\u00e3o n\u00ba 1.300\/2024. O partido defende que o crit\u00e9rio de maior idade s\u00f3 deve ser aplicado ap\u00f3s a utiliza\u00e7\u00e3o do n\u00famero de legislaturas como desempate. <br><br>Al\u00e9m disso, a sigla pleiteia uma medida cautelar para anular a proclama\u00e7\u00e3o do resultado da elei\u00e7\u00e3o para a presid\u00eancia da Mesa Diretora, realizada em 13 de novembro de 2024. Caso o pedido seja aceito, o partido pede que seja declarado eleito o candidato com maior n\u00famero de mandatos legislativos.<\/p>\n","protected":false},"excerpt":{"rendered":"<p>A ministra Carmen L\u00facia, do Supremo Tribunal Federal (STF), foi designada relatora da A\u00e7\u00e3o Direta de Inconstitucionalidade (ADI) 7.756, protocolada<\/p>\n","protected":false},"author":2,"featured_media":38943,"comment_status":"open","ping_status":"open","sticky":false,"template":"","format":"standard","meta":{"colormag_page_container_layout":"default_layout","colormag_page_sidebar_layout":"default_layout","_jetpack_memberships_contains_paid_content":false,"footnotes":""},"categories":[2],"tags":[],"class_list":["post-38944","post","type-post","status-publish","format-standard","has-post-thumbnail","hentry","category-noticias"],"magazineBlocksPostFeaturedMedia":{"thumbnail":"https:\/\/maranhaotv.com.br\/wp-content\/uploads\/2024\/11\/download-1-150x150.jpeg","medium":"https:\/\/maranhaotv.com.br\/wp-content\/uploads\/2024\/11\/download-1.jpeg","medium_large":"https:\/\/maranhaotv.com.br\/wp-content\/uploads\/2024\/11\/download-1.jpeg","large":"https:\/\/maranhaotv.com.br\/wp-content\/uploads\/2024\/11\/download-1.jpeg","1536x1536":"https:\/\/maranhaotv.com.br\/wp-content\/uploads\/2024\/11\/download-1.jpeg","2048x2048":"https:\/\/maranhaotv.com.br\/wp-content\/uploads\/2024\/11\/download-1.jpeg","colormag-highlighted-post":"https:\/\/maranhaotv.com.br\/wp-content\/uploads\/2024\/11\/download-1.jpeg","colormag-featured-post-medium":"https:\/\/maranhaotv.com.br\/wp-content\/uploads\/2024\/11\/download-1.jpeg","colormag-featured-post-small":"https:\/\/maranhaotv.com.br\/wp-content\/uploads\/2024\/11\/download-1-130x90.jpeg","colormag-featured-image":"https:\/\/maranhaotv.com.br\/wp-content\/uploads\/2024\/11\/download-1.jpeg","colormag-default-news":"https:\/\/maranhaotv.com.br\/wp-content\/uploads\/2024\/11\/download-1-150x150.jpeg","colormag-featured-image-large":"https:\/\/maranhaotv.com.br\/wp-content\/uploads\/2024\/11\/download-1.jpeg"},"magazineBlocksPostAuthor":{"name":"maranhaotv","avatar":"https:\/\/secure.gravatar.com\/avatar\/8fadbca458d4cb68b1dd399ae9a40618d747bb1af65ac9fad21c89220a143eb4?s=96&d=mm&r=g"},"magazineBlocksPostCommentsNumber":"0","magazineBlocksPostExcerpt":"A ministra Carmen L\u00facia, do Supremo Tribunal Federal (STF), foi designada relatora da A\u00e7\u00e3o Direta de Inconstitucionalidade (ADI) 7.756, protocolada","magazineBlocksPostCategories":["not\u00edcias"],"magazineBlocksPostViewCount":338,"magazineBlocksPostReadTime":1,"magazine_blocks_featured_image_url":{"full":["https:\/\/maranhaotv.com.br\/wp-content\/uploads\/2024\/11\/download-1.jpeg",289,175,false],"medium":["https:\/\/maranhaotv.com.br\/wp-content\/uploads\/2024\/11\/download-1.jpeg",289,175,false],"thumbnail":["https:\/\/maranhaotv.com.br\/wp-content\/uploads\/2024\/11\/download-1-150x150.jpeg",150,150,true]},"magazine_blocks_author":{"display_name":"maranhaotv","author_link":"https:\/\/maranhaotv.com.br\/index.php\/author\/maranhaotv\/"},"magazine_blocks_comment":0,"magazine_blocks_author_image":"https:\/\/secure.gravatar.com\/avatar\/8fadbca458d4cb68b1dd399ae9a40618d747bb1af65ac9fad21c89220a143eb4?s=96&d=mm&r=g","magazine_blocks_category":"<a href=\"#\" class=\"category-link category-link-2\">not\u00edcias<\/a>","yoast_head":"<!-- This site is optimized with the Yoast SEO plugin v27.4 - https:\/\/yoast.com\/product\/yoast-seo-wordpress\/ -->\n<title>Ministra Carmen L\u00facia foi designada relatora da A\u00e7\u00e3o protocolada pelo Partido Solidariedade - NOT\u00cdCIAS EM TEMPO REAL<\/title>\n<meta name=\"robots\" content=\"index, follow, max-snippet:-1, max-image-preview:large, max-video-preview:-1\" \/>\n<link rel=\"canonical\" href=\"https:\/\/maranhaotv.com.br\/index.php\/2024\/11\/29\/ministra-carmen-lucia-foi-designada-relatora-da-acao-protocolada-pelo-partido-solidariedade\/\" \/>\n<meta property=\"og:locale\" content=\"pt_BR\" \/>\n<meta property=\"og:type\" content=\"article\" \/>\n<meta property=\"og:title\" content=\"Ministra Carmen L\u00facia foi designada relatora da A\u00e7\u00e3o protocolada pelo Partido Solidariedade - NOT\u00cdCIAS EM TEMPO REAL\" \/>\n<meta property=\"og:description\" content=\"A ministra Carmen L\u00facia, do Supremo Tribunal Federal (STF), foi designada relatora da A\u00e7\u00e3o Direta de Inconstitucionalidade (ADI) 7.756, protocolada\" \/>\n<meta property=\"og:url\" content=\"https:\/\/maranhaotv.com.br\/index.php\/2024\/11\/29\/ministra-carmen-lucia-foi-designada-relatora-da-acao-protocolada-pelo-partido-solidariedade\/\" \/>\n<meta property=\"og:site_name\" content=\"NOT\u00cdCIAS EM TEMPO REAL\" \/>\n<meta property=\"article:publisher\" content=\"https:\/\/www.facebook.com\/maiobaotv\" \/>\n<meta property=\"article:published_time\" content=\"2024-11-29T11:01:59+00:00\" \/>\n<meta property=\"article:modified_time\" content=\"2024-11-29T11:02:48+00:00\" \/>\n<meta property=\"og:image\" content=\"https:\/\/maranhaotv.com.br\/wp-content\/uploads\/2024\/11\/download-1.jpeg\" \/>\n\t<meta property=\"og:image:width\" content=\"289\" \/>\n\t<meta property=\"og:image:height\" content=\"175\" \/>\n\t<meta property=\"og:image:type\" content=\"image\/jpeg\" \/>\n<meta name=\"author\" content=\"maranhaotv\" \/>\n<meta name=\"twitter:card\" content=\"summary_large_image\" \/>\n<meta name=\"twitter:creator\" content=\"@sitemaranhaotv\" \/>\n<meta name=\"twitter:site\" content=\"@sitemaranhaotv\" \/>\n<meta name=\"twitter:label1\" content=\"Escrito por\" \/>\n\t<meta name=\"twitter:data1\" content=\"maranhaotv\" \/>\n\t<meta name=\"twitter:label2\" content=\"Est. tempo de leitura\" \/>\n\t<meta name=\"twitter:data2\" content=\"1 minuto\" \/>\n<script type=\"application\/ld+json\" class=\"yoast-schema-graph\">{\"@context\":\"https:\\\/\\\/schema.org\",\"@graph\":[{\"@type\":\"Article\",\"@id\":\"https:\\\/\\\/maranhaotv.com.br\\\/index.php\\\/2024\\\/11\\\/29\\\/ministra-carmen-lucia-foi-designada-relatora-da-acao-protocolada-pelo-partido-solidariedade\\\/#article\",\"isPartOf\":{\"@id\":\"https:\\\/\\\/maranhaotv.com.br\\\/index.php\\\/2024\\\/11\\\/29\\\/ministra-carmen-lucia-foi-designada-relatora-da-acao-protocolada-pelo-partido-solidariedade\\\/\"},\"author\":{\"name\":\"maranhaotv\",\"@id\":\"https:\\\/\\\/maranhaotv.com.br\\\/#\\\/schema\\\/person\\\/3d54238e86b20bb5c89ab2fdb8f8829a\"},\"headline\":\"Ministra Carmen L\u00facia foi designada relatora da A\u00e7\u00e3o protocolada pelo Partido Solidariedade\",\"datePublished\":\"2024-11-29T11:01:59+00:00\",\"dateModified\":\"2024-11-29T11:02:48+00:00\",\"mainEntityOfPage\":{\"@id\":\"https:\\\/\\\/maranhaotv.com.br\\\/index.php\\\/2024\\\/11\\\/29\\\/ministra-carmen-lucia-foi-designada-relatora-da-acao-protocolada-pelo-partido-solidariedade\\\/\"},\"wordCount\":184,\"commentCount\":0,\"publisher\":{\"@id\":\"https:\\\/\\\/maranhaotv.com.br\\\/#organization\"},\"image\":{\"@id\":\"https:\\\/\\\/maranhaotv.com.br\\\/index.php\\\/2024\\\/11\\\/29\\\/ministra-carmen-lucia-foi-designada-relatora-da-acao-protocolada-pelo-partido-solidariedade\\\/#primaryimage\"},\"thumbnailUrl\":\"https:\\\/\\\/maranhaotv.com.br\\\/wp-content\\\/uploads\\\/2024\\\/11\\\/download-1.jpeg\",\"articleSection\":[\"not\u00edcias\"],\"inLanguage\":\"pt-BR\",\"potentialAction\":[{\"@type\":\"CommentAction\",\"name\":\"Comment\",\"target\":[\"https:\\\/\\\/maranhaotv.com.br\\\/index.php\\\/2024\\\/11\\\/29\\\/ministra-carmen-lucia-foi-designada-relatora-da-acao-protocolada-pelo-partido-solidariedade\\\/#respond\"]}]},{\"@type\":\"WebPage\",\"@id\":\"https:\\\/\\\/maranhaotv.com.br\\\/index.php\\\/2024\\\/11\\\/29\\\/ministra-carmen-lucia-foi-designada-relatora-da-acao-protocolada-pelo-partido-solidariedade\\\/\",\"url\":\"https:\\\/\\\/maranhaotv.com.br\\\/index.php\\\/2024\\\/11\\\/29\\\/ministra-carmen-lucia-foi-designada-relatora-da-acao-protocolada-pelo-partido-solidariedade\\\/\",\"name\":\"Ministra Carmen L\u00facia foi designada relatora da A\u00e7\u00e3o protocolada pelo Partido Solidariedade - NOT\u00cdCIAS EM TEMPO REAL\",\"isPartOf\":{\"@id\":\"https:\\\/\\\/maranhaotv.com.br\\\/#website\"},\"primaryImageOfPage\":{\"@id\":\"https:\\\/\\\/maranhaotv.com.br\\\/index.php\\\/2024\\\/11\\\/29\\\/ministra-carmen-lucia-foi-designada-relatora-da-acao-protocolada-pelo-partido-solidariedade\\\/#primaryimage\"},\"image\":{\"@id\":\"https:\\\/\\\/maranhaotv.com.br\\\/index.php\\\/2024\\\/11\\\/29\\\/ministra-carmen-lucia-foi-designada-relatora-da-acao-protocolada-pelo-partido-solidariedade\\\/#primaryimage\"},\"thumbnailUrl\":\"https:\\\/\\\/maranhaotv.com.br\\\/wp-content\\\/uploads\\\/2024\\\/11\\\/download-1.jpeg\",\"datePublished\":\"2024-11-29T11:01:59+00:00\",\"dateModified\":\"2024-11-29T11:02:48+00:00\",\"breadcrumb\":{\"@id\":\"https:\\\/\\\/maranhaotv.com.br\\\/index.php\\\/2024\\\/11\\\/29\\\/ministra-carmen-lucia-foi-designada-relatora-da-acao-protocolada-pelo-partido-solidariedade\\\/#breadcrumb\"},\"inLanguage\":\"pt-BR\",\"potentialAction\":[{\"@type\":\"ReadAction\",\"target\":[\"https:\\\/\\\/maranhaotv.com.br\\\/index.php\\\/2024\\\/11\\\/29\\\/ministra-carmen-lucia-foi-designada-relatora-da-acao-protocolada-pelo-partido-solidariedade\\\/\"]}]},{\"@type\":\"ImageObject\",\"inLanguage\":\"pt-BR\",\"@id\":\"https:\\\/\\\/maranhaotv.com.br\\\/index.php\\\/2024\\\/11\\\/29\\\/ministra-carmen-lucia-foi-designada-relatora-da-acao-protocolada-pelo-partido-solidariedade\\\/#primaryimage\",\"url\":\"https:\\\/\\\/maranhaotv.com.br\\\/wp-content\\\/uploads\\\/2024\\\/11\\\/download-1.jpeg\",\"contentUrl\":\"https:\\\/\\\/maranhaotv.com.br\\\/wp-content\\\/uploads\\\/2024\\\/11\\\/download-1.jpeg\",\"width\":289,\"height\":175},{\"@type\":\"BreadcrumbList\",\"@id\":\"https:\\\/\\\/maranhaotv.com.br\\\/index.php\\\/2024\\\/11\\\/29\\\/ministra-carmen-lucia-foi-designada-relatora-da-acao-protocolada-pelo-partido-solidariedade\\\/#breadcrumb\",\"itemListElement\":[{\"@type\":\"ListItem\",\"position\":1,\"name\":\"In\u00edcio\",\"item\":\"https:\\\/\\\/maranhaotv.com.br\\\/\"},{\"@type\":\"ListItem\",\"position\":2,\"name\":\"Ministra Carmen L\u00facia foi designada relatora da A\u00e7\u00e3o protocolada pelo Partido Solidariedade\"}]},{\"@type\":\"WebSite\",\"@id\":\"https:\\\/\\\/maranhaotv.com.br\\\/#website\",\"url\":\"https:\\\/\\\/maranhaotv.com.br\\\/\",\"name\":\"Maranh\u00e3oTV\",\"description\":\"\",\"publisher\":{\"@id\":\"https:\\\/\\\/maranhaotv.com.br\\\/#organization\"},\"potentialAction\":[{\"@type\":\"SearchAction\",\"target\":{\"@type\":\"EntryPoint\",\"urlTemplate\":\"https:\\\/\\\/maranhaotv.com.br\\\/?s={search_term_string}\"},\"query-input\":{\"@type\":\"PropertyValueSpecification\",\"valueRequired\":true,\"valueName\":\"search_term_string\"}}],\"inLanguage\":\"pt-BR\"},{\"@type\":\"Organization\",\"@id\":\"https:\\\/\\\/maranhaotv.com.br\\\/#organization\",\"name\":\"Portal de Not\u00edcias\",\"url\":\"https:\\\/\\\/maranhaotv.com.br\\\/\",\"logo\":{\"@type\":\"ImageObject\",\"inLanguage\":\"pt-BR\",\"@id\":\"https:\\\/\\\/maranhaotv.com.br\\\/#\\\/schema\\\/logo\\\/image\\\/\",\"url\":\"https:\\\/\\\/maranhaotv.com.br\\\/wp-content\\\/uploads\\\/2024\\\/05\\\/cropped-cropped-avatar-1.png\",\"contentUrl\":\"https:\\\/\\\/maranhaotv.com.br\\\/wp-content\\\/uploads\\\/2024\\\/05\\\/cropped-cropped-avatar-1.png\",\"width\":792,\"height\":428,\"caption\":\"Portal de Not\u00edcias\"},\"image\":{\"@id\":\"https:\\\/\\\/maranhaotv.com.br\\\/#\\\/schema\\\/logo\\\/image\\\/\"},\"sameAs\":[\"https:\\\/\\\/www.facebook.com\\\/maiobaotv\",\"https:\\\/\\\/x.com\\\/sitemaranhaotv\",\"https:\\\/\\\/www.instagram.com\\\/maranhao.tv\",\"https:\\\/\\\/www.threads.net\\\/@maranhao.tv\"]},{\"@type\":\"Person\",\"@id\":\"https:\\\/\\\/maranhaotv.com.br\\\/#\\\/schema\\\/person\\\/3d54238e86b20bb5c89ab2fdb8f8829a\",\"name\":\"maranhaotv\",\"image\":{\"@type\":\"ImageObject\",\"inLanguage\":\"pt-BR\",\"@id\":\"https:\\\/\\\/secure.gravatar.com\\\/avatar\\\/8fadbca458d4cb68b1dd399ae9a40618d747bb1af65ac9fad21c89220a143eb4?s=96&d=mm&r=g\",\"url\":\"https:\\\/\\\/secure.gravatar.com\\\/avatar\\\/8fadbca458d4cb68b1dd399ae9a40618d747bb1af65ac9fad21c89220a143eb4?s=96&d=mm&r=g\",\"contentUrl\":\"https:\\\/\\\/secure.gravatar.com\\\/avatar\\\/8fadbca458d4cb68b1dd399ae9a40618d747bb1af65ac9fad21c89220a143eb4?s=96&d=mm&r=g\",\"caption\":\"maranhaotv\"},\"sameAs\":[\"https:\\\/\\\/maranhaotv.com.br\\\/\"],\"url\":\"https:\\\/\\\/maranhaotv.com.br\\\/index.php\\\/author\\\/maranhaotv\\\/\"}]}<\/script>\n<!-- \/ Yoast SEO plugin. -->","yoast_head_json":{"title":"Ministra Carmen L\u00facia foi designada relatora da A\u00e7\u00e3o protocolada pelo Partido Solidariedade - NOT\u00cdCIAS EM TEMPO REAL","robots":{"index":"index","follow":"follow","max-snippet":"max-snippet:-1","max-image-preview":"max-image-preview:large","max-video-preview":"max-video-preview:-1"},"canonical":"https:\/\/maranhaotv.com.br\/index.php\/2024\/11\/29\/ministra-carmen-lucia-foi-designada-relatora-da-acao-protocolada-pelo-partido-solidariedade\/","og_locale":"pt_BR","og_type":"article","og_title":"Ministra Carmen L\u00facia foi designada relatora da A\u00e7\u00e3o protocolada pelo Partido Solidariedade - NOT\u00cdCIAS EM TEMPO REAL","og_description":"A ministra Carmen L\u00facia, do Supremo Tribunal Federal (STF), foi designada relatora da A\u00e7\u00e3o Direta de Inconstitucionalidade (ADI) 7.756, protocolada","og_url":"https:\/\/maranhaotv.com.br\/index.php\/2024\/11\/29\/ministra-carmen-lucia-foi-designada-relatora-da-acao-protocolada-pelo-partido-solidariedade\/","og_site_name":"NOT\u00cdCIAS EM TEMPO REAL","article_publisher":"https:\/\/www.facebook.com\/maiobaotv","article_published_time":"2024-11-29T11:01:59+00:00","article_modified_time":"2024-11-29T11:02:48+00:00","og_image":[{"width":289,"height":175,"url":"https:\/\/maranhaotv.com.br\/wp-content\/uploads\/2024\/11\/download-1.jpeg","type":"image\/jpeg"}],"author":"maranhaotv","twitter_card":"summary_large_image","twitter_creator":"@sitemaranhaotv","twitter_site":"@sitemaranhaotv","twitter_misc":{"Escrito por":"maranhaotv","Est. tempo de leitura":"1 minuto"},"schema":{"@context":"https:\/\/schema.org","@graph":[{"@type":"Article","@id":"https:\/\/maranhaotv.com.br\/index.php\/2024\/11\/29\/ministra-carmen-lucia-foi-designada-relatora-da-acao-protocolada-pelo-partido-solidariedade\/#article","isPartOf":{"@id":"https:\/\/maranhaotv.com.br\/index.php\/2024\/11\/29\/ministra-carmen-lucia-foi-designada-relatora-da-acao-protocolada-pelo-partido-solidariedade\/"},"author":{"name":"maranhaotv","@id":"https:\/\/maranhaotv.com.br\/#\/schema\/person\/3d54238e86b20bb5c89ab2fdb8f8829a"},"headline":"Ministra Carmen L\u00facia foi designada relatora da A\u00e7\u00e3o protocolada pelo Partido Solidariedade","datePublished":"2024-11-29T11:01:59+00:00","dateModified":"2024-11-29T11:02:48+00:00","mainEntityOfPage":{"@id":"https:\/\/maranhaotv.com.br\/index.php\/2024\/11\/29\/ministra-carmen-lucia-foi-designada-relatora-da-acao-protocolada-pelo-partido-solidariedade\/"},"wordCount":184,"commentCount":0,"publisher":{"@id":"https:\/\/maranhaotv.com.br\/#organization"},"image":{"@id":"https:\/\/maranhaotv.com.br\/index.php\/2024\/11\/29\/ministra-carmen-lucia-foi-designada-relatora-da-acao-protocolada-pelo-partido-solidariedade\/#primaryimage"},"thumbnailUrl":"https:\/\/maranhaotv.com.br\/wp-content\/uploads\/2024\/11\/download-1.jpeg","articleSection":["not\u00edcias"],"inLanguage":"pt-BR","potentialAction":[{"@type":"CommentAction","name":"Comment","target":["https:\/\/maranhaotv.com.br\/index.php\/2024\/11\/29\/ministra-carmen-lucia-foi-designada-relatora-da-acao-protocolada-pelo-partido-solidariedade\/#respond"]}]},{"@type":"WebPage","@id":"https:\/\/maranhaotv.com.br\/index.php\/2024\/11\/29\/ministra-carmen-lucia-foi-designada-relatora-da-acao-protocolada-pelo-partido-solidariedade\/","url":"https:\/\/maranhaotv.com.br\/index.php\/2024\/11\/29\/ministra-carmen-lucia-foi-designada-relatora-da-acao-protocolada-pelo-partido-solidariedade\/","name":"Ministra Carmen L\u00facia foi designada relatora da A\u00e7\u00e3o protocolada pelo Partido Solidariedade - NOT\u00cdCIAS EM TEMPO REAL","isPartOf":{"@id":"https:\/\/maranhaotv.com.br\/#website"},"primaryImageOfPage":{"@id":"https:\/\/maranhaotv.com.br\/index.php\/2024\/11\/29\/ministra-carmen-lucia-foi-designada-relatora-da-acao-protocolada-pelo-partido-solidariedade\/#primaryimage"},"image":{"@id":"https:\/\/maranhaotv.com.br\/index.php\/2024\/11\/29\/ministra-carmen-lucia-foi-designada-relatora-da-acao-protocolada-pelo-partido-solidariedade\/#primaryimage"},"thumbnailUrl":"https:\/\/maranhaotv.com.br\/wp-content\/uploads\/2024\/11\/download-1.jpeg","datePublished":"2024-11-29T11:01:59+00:00","dateModified":"2024-11-29T11:02:48+00:00","breadcrumb":{"@id":"https:\/\/maranhaotv.com.br\/index.php\/2024\/11\/29\/ministra-carmen-lucia-foi-designada-relatora-da-acao-protocolada-pelo-partido-solidariedade\/#breadcrumb"},"inLanguage":"pt-BR","potentialAction":[{"@type":"ReadAction","target":["https:\/\/maranhaotv.com.br\/index.php\/2024\/11\/29\/ministra-carmen-lucia-foi-designada-relatora-da-acao-protocolada-pelo-partido-solidariedade\/"]}]},{"@type":"ImageObject","inLanguage":"pt-BR","@id":"https:\/\/maranhaotv.com.br\/index.php\/2024\/11\/29\/ministra-carmen-lucia-foi-designada-relatora-da-acao-protocolada-pelo-partido-solidariedade\/#primaryimage","url":"https:\/\/maranhaotv.com.br\/wp-content\/uploads\/2024\/11\/download-1.jpeg","contentUrl":"https:\/\/maranhaotv.com.br\/wp-content\/uploads\/2024\/11\/download-1.jpeg","width":289,"height":175},{"@type":"BreadcrumbList","@id":"https:\/\/maranhaotv.com.br\/index.php\/2024\/11\/29\/ministra-carmen-lucia-foi-designada-relatora-da-acao-protocolada-pelo-partido-solidariedade\/#breadcrumb","itemListElement":[{"@type":"ListItem","position":1,"name":"In\u00edcio","item":"https:\/\/maranhaotv.com.br\/"},{"@type":"ListItem","position":2,"name":"Ministra Carmen L\u00facia foi designada relatora da A\u00e7\u00e3o protocolada pelo Partido Solidariedade"}]},{"@type":"WebSite","@id":"https:\/\/maranhaotv.com.br\/#website","url":"https:\/\/maranhaotv.com.br\/","name":"Maranh\u00e3oTV","description":"","publisher":{"@id":"https:\/\/maranhaotv.com.br\/#organization"},"potentialAction":[{"@type":"SearchAction","target":{"@type":"EntryPoint","urlTemplate":"https:\/\/maranhaotv.com.br\/?s={search_term_string}"},"query-input":{"@type":"PropertyValueSpecification","valueRequired":true,"valueName":"search_term_string"}}],"inLanguage":"pt-BR"},{"@type":"Organization","@id":"https:\/\/maranhaotv.com.br\/#organization","name":"Portal de Not\u00edcias","url":"https:\/\/maranhaotv.com.br\/","logo":{"@type":"ImageObject","inLanguage":"pt-BR","@id":"https:\/\/maranhaotv.com.br\/#\/schema\/logo\/image\/","url":"https:\/\/maranhaotv.com.br\/wp-content\/uploads\/2024\/05\/cropped-cropped-avatar-1.png","contentUrl":"https:\/\/maranhaotv.com.br\/wp-content\/uploads\/2024\/05\/cropped-cropped-avatar-1.png","width":792,"height":428,"caption":"Portal de Not\u00edcias"},"image":{"@id":"https:\/\/maranhaotv.com.br\/#\/schema\/logo\/image\/"},"sameAs":["https:\/\/www.facebook.com\/maiobaotv","https:\/\/x.com\/sitemaranhaotv","https:\/\/www.instagram.com\/maranhao.tv","https:\/\/www.threads.net\/@maranhao.tv"]},{"@type":"Person","@id":"https:\/\/maranhaotv.com.br\/#\/schema\/person\/3d54238e86b20bb5c89ab2fdb8f8829a","name":"maranhaotv","image":{"@type":"ImageObject","inLanguage":"pt-BR","@id":"https:\/\/secure.gravatar.com\/avatar\/8fadbca458d4cb68b1dd399ae9a40618d747bb1af65ac9fad21c89220a143eb4?s=96&d=mm&r=g","url":"https:\/\/secure.gravatar.com\/avatar\/8fadbca458d4cb68b1dd399ae9a40618d747bb1af65ac9fad21c89220a143eb4?s=96&d=mm&r=g","contentUrl":"https:\/\/secure.gravatar.com\/avatar\/8fadbca458d4cb68b1dd399ae9a40618d747bb1af65ac9fad21c89220a143eb4?s=96&d=mm&r=g","caption":"maranhaotv"},"sameAs":["https:\/\/maranhaotv.com.br\/"],"url":"https:\/\/maranhaotv.com.br\/index.php\/author\/maranhaotv\/"}]}},"jetpack_featured_media_url":"https:\/\/maranhaotv.com.br\/wp-content\/uploads\/2024\/11\/download-1.jpeg","jetpack_sharing_enabled":true,"_links":{"self":[{"href":"https:\/\/maranhaotv.com.br\/index.php\/wp-json\/wp\/v2\/posts\/38944","targetHints":{"allow":["GET"]}}],"collection":[{"href":"https:\/\/maranhaotv.com.br\/index.php\/wp-json\/wp\/v2\/posts"}],"about":[{"href":"https:\/\/maranhaotv.com.br\/index.php\/wp-json\/wp\/v2\/types\/post"}],"author":[{"embeddable":true,"href":"https:\/\/maranhaotv.com.br\/index.php\/wp-json\/wp\/v2\/users\/2"}],"replies":[{"embeddable":true,"href":"https:\/\/maranhaotv.com.br\/index.php\/wp-json\/wp\/v2\/comments?post=38944"}],"version-history":[{"count":1,"href":"https:\/\/maranhaotv.com.br\/index.php\/wp-json\/wp\/v2\/posts\/38944\/revisions"}],"predecessor-version":[{"id":38945,"href":"https:\/\/maranhaotv.com.br\/index.php\/wp-json\/wp\/v2\/posts\/38944\/revisions\/38945"}],"wp:featuredmedia":[{"embeddable":true,"href":"https:\/\/maranhaotv.com.br\/index.php\/wp-json\/wp\/v2\/media\/38943"}],"wp:attachment":[{"href":"https:\/\/maranhaotv.com.br\/index.php\/wp-json\/wp\/v2\/media?parent=38944"}],"wp:term":[{"taxonomy":"category","embeddable":true,"href":"https:\/\/maranhaotv.com.br\/index.php\/wp-json\/wp\/v2\/categories?post=38944"},{"taxonomy":"post_tag","embeddable":true,"href":"https:\/\/maranhaotv.com.br\/index.php\/wp-json\/wp\/v2\/tags?post=38944"}],"curies":[{"name":"wp","href":"https:\/\/api.w.org\/{rel}","templated":true}]}}