{"id":38947,"date":"2024-11-29T10:43:29","date_gmt":"2024-11-29T13:43:29","guid":{"rendered":"https:\/\/maranhaotv.com.br\/?p=38947"},"modified":"2024-11-29T10:43:31","modified_gmt":"2024-11-29T13:43:31","slug":"assembleia-homenageia-os-90-anos-de-jackson-lago-e-celebra-a-memoria-do-ex-governador","status":"publish","type":"post","link":"https:\/\/maranhaotv.com.br\/index.php\/2024\/11\/29\/assembleia-homenageia-os-90-anos-de-jackson-lago-e-celebra-a-memoria-do-ex-governador\/","title":{"rendered":"Assembleia homenageia os 90 anos de Jackson Lago e celebra a mem\u00f3ria do ex-governador"},"content":{"rendered":"\n<p>A Assembleia Legislativa do Maranh\u00e3o realizou, nesta quinta-feira (28), no Plen\u00e1rio Nagib Haickel, sess\u00e3o solene em homenagem aos 90 anos do ex-governador Jackson Lago e entrega da Medalha Manuel Beckman (em mem\u00f3ria). O ato foi proposto pelo deputado estadual Rodrigo Lago (PCdoB).<br><br>A sess\u00e3o foi presidida pelos deputados Neto Evangelista (Uni\u00e3o Brasil) e Rodrigo Lago, com as presen\u00e7as dos parlamentares Fernando Braide (PSD), Carlos Lula (PSB), J\u00falio Mendon\u00e7a (PCdoB) e Leandro Bello (Podemos). Na ocasi\u00e3o, o secret\u00e1rio chefe da Casa Civil, Sebasti\u00e3o Madeira, representou o governador Carlos Brand\u00e3o.<br><br>O deputado Rodrigo Lago ressaltou a lideran\u00e7a pol\u00edtica do homenageado. \u201cJackson Lago foi um grande l\u00edder popular maranhense, foi prefeito da capital por v\u00e1rios mandatos, sonhava em governar o nosso estado, conseguiu construir a sua elei\u00e7\u00e3o para o cargo de governador e, infelizmente, esse seu sonho acabou sendo interrompido prematuramente em um processo judicial contest\u00e1vel e que, depois, foi declarado como inconstitucional\u201d, relembrou Rodrigo Lago.<br><br>Sobre o legado deixado pelo homenageado, o parlamentar complementou. \u201cApesar de pouco tempo no Governo do Estado, Jackson Lago deixou um grande legado para o Maranh\u00e3o e tamb\u00e9m para a pol\u00edtica brasileira. Seu exemplo de vida serve de inspira\u00e7\u00e3o\u201d, afirmou Rodrigo Lago.<br><br>Para a vi\u00fava de Jackson Lago, Clay Lago, o m\u00eas que marca o anivers\u00e1rio de vida do marido tem sido de intensas emo\u00e7\u00f5es. \u201cEstou muito emocionada neste m\u00eas que tem sido de homenagens como essa aqui na Assembleia Legislativa. Jackson era um municipalista, trabalhava com e para o povo, com forte participa\u00e7\u00e3o popular. Lutou a vida inteira pelo que acreditava e deixou um grande legado\u201d, disse Clay Lago.<br><br>Trajet\u00f3ria \u2013 Prestigiaram a solenidade pol\u00edticos, amigos, familiares e admiradores do m\u00e9dico e pol\u00edtico Jackson Lago, que faleceu em 2011, aos 76 anos. Entre os presentes na cerim\u00f4nia estavam os irm\u00e3os Wagner, Aderson e Nonato Lago e a filha, Ludmila Lago, entre outros. Tamb\u00e9m participaram do ato nomes importantes do Partido Democr\u00e1tico Trabalhista (PDT), sigla da qual Jackson Lago foi um dos fundadores e na qual permaneceu ao longo de sua trajet\u00f3ria pol\u00edtica.<br><br>Jackson Lago foi governador do Maranh\u00e3o de 2007 a 2009, quando teve seu mandato cassado pelo Tribunal Superior Eleitoral (TSE). Antes disso, havia sido prefeito de S\u00e3o Lu\u00eds por tr\u00eas mandados.<\/p>\n","protected":false},"excerpt":{"rendered":"<p>A Assembleia Legislativa do Maranh\u00e3o realizou, nesta quinta-feira (28), no Plen\u00e1rio Nagib Haickel, sess\u00e3o solene em homenagem aos 90 anos<\/p>\n","protected":false},"author":2,"featured_media":38946,"comment_status":"open","ping_status":"open","sticky":false,"template":"","format":"standard","meta":{"colormag_page_container_layout":"default_layout","colormag_page_sidebar_layout":"default_layout","_jetpack_memberships_contains_paid_content":false,"footnotes":""},"categories":[6],"tags":[],"class_list":["post-38947","post","type-post","status-publish","format-standard","has-post-thumbnail","hentry","category-politica"],"magazineBlocksPostFeaturedMedia":{"thumbnail":"https:\/\/maranhaotv.com.br\/wp-content\/uploads\/2024\/11\/Design-sem-nome-10-1-900x400-1-150x150.jpg","medium":"https:\/\/maranhaotv.com.br\/wp-content\/uploads\/2024\/11\/Design-sem-nome-10-1-900x400-1-300x133.jpg","medium_large":"https:\/\/maranhaotv.com.br\/wp-content\/uploads\/2024\/11\/Design-sem-nome-10-1-900x400-1-768x341.jpg","large":"https:\/\/maranhaotv.com.br\/wp-content\/uploads\/2024\/11\/Design-sem-nome-10-1-900x400-1.jpg","1536x1536":"https:\/\/maranhaotv.com.br\/wp-content\/uploads\/2024\/11\/Design-sem-nome-10-1-900x400-1.jpg","2048x2048":"https:\/\/maranhaotv.com.br\/wp-content\/uploads\/2024\/11\/Design-sem-nome-10-1-900x400-1.jpg","colormag-highlighted-post":"https:\/\/maranhaotv.com.br\/wp-content\/uploads\/2024\/11\/Design-sem-nome-10-1-900x400-1-392x272.jpg","colormag-featured-post-medium":"https:\/\/maranhaotv.com.br\/wp-content\/uploads\/2024\/11\/Design-sem-nome-10-1-900x400-1-390x205.jpg","colormag-featured-post-small":"https:\/\/maranhaotv.com.br\/wp-content\/uploads\/2024\/11\/Design-sem-nome-10-1-900x400-1-130x90.jpg","colormag-featured-image":"https:\/\/maranhaotv.com.br\/wp-content\/uploads\/2024\/11\/Design-sem-nome-10-1-900x400-1-800x400.jpg","colormag-default-news":"https:\/\/maranhaotv.com.br\/wp-content\/uploads\/2024\/11\/Design-sem-nome-10-1-900x400-1-150x150.jpg","colormag-featured-image-large":"https:\/\/maranhaotv.com.br\/wp-content\/uploads\/2024\/11\/Design-sem-nome-10-1-900x400-1.jpg"},"magazineBlocksPostAuthor":{"name":"maranhaotv","avatar":"https:\/\/secure.gravatar.com\/avatar\/8fadbca458d4cb68b1dd399ae9a40618d747bb1af65ac9fad21c89220a143eb4?s=96&d=mm&r=g"},"magazineBlocksPostCommentsNumber":"0","magazineBlocksPostExcerpt":"A Assembleia Legislativa do Maranh\u00e3o realizou, nesta quinta-feira (28), no Plen\u00e1rio Nagib Haickel, sess\u00e3o solene em homenagem aos 90 anos","magazineBlocksPostCategories":["pol\u00edtica"],"magazineBlocksPostViewCount":269,"magazineBlocksPostReadTime":3,"magazine_blocks_featured_image_url":{"full":["https:\/\/maranhaotv.com.br\/wp-content\/uploads\/2024\/11\/Design-sem-nome-10-1-900x400-1.jpg",900,400,false],"medium":["https:\/\/maranhaotv.com.br\/wp-content\/uploads\/2024\/11\/Design-sem-nome-10-1-900x400-1-300x133.jpg",300,133,true],"thumbnail":["https:\/\/maranhaotv.com.br\/wp-content\/uploads\/2024\/11\/Design-sem-nome-10-1-900x400-1-150x150.jpg",150,150,true]},"magazine_blocks_author":{"display_name":"maranhaotv","author_link":"https:\/\/maranhaotv.com.br\/index.php\/author\/maranhaotv\/"},"magazine_blocks_comment":0,"magazine_blocks_author_image":"https:\/\/secure.gravatar.com\/avatar\/8fadbca458d4cb68b1dd399ae9a40618d747bb1af65ac9fad21c89220a143eb4?s=96&d=mm&r=g","magazine_blocks_category":"<a href=\"#\" class=\"category-link category-link-6\">pol\u00edtica<\/a>","yoast_head":"<!-- This site is optimized with the Yoast SEO plugin v27.4 - https:\/\/yoast.com\/product\/yoast-seo-wordpress\/ -->\n<title>Assembleia homenageia os 90 anos de Jackson Lago e celebra a mem\u00f3ria do ex-governador - NOT\u00cdCIAS EM TEMPO REAL<\/title>\n<meta name=\"robots\" content=\"index, follow, max-snippet:-1, max-image-preview:large, max-video-preview:-1\" \/>\n<link rel=\"canonical\" href=\"https:\/\/maranhaotv.com.br\/index.php\/2024\/11\/29\/assembleia-homenageia-os-90-anos-de-jackson-lago-e-celebra-a-memoria-do-ex-governador\/\" \/>\n<meta property=\"og:locale\" content=\"pt_BR\" \/>\n<meta property=\"og:type\" content=\"article\" \/>\n<meta property=\"og:title\" content=\"Assembleia homenageia os 90 anos de Jackson Lago e celebra a mem\u00f3ria do ex-governador - NOT\u00cdCIAS EM TEMPO REAL\" \/>\n<meta property=\"og:description\" content=\"A Assembleia Legislativa do Maranh\u00e3o realizou, nesta quinta-feira (28), no Plen\u00e1rio Nagib Haickel, sess\u00e3o solene em homenagem aos 90 anos\" \/>\n<meta property=\"og:url\" content=\"https:\/\/maranhaotv.com.br\/index.php\/2024\/11\/29\/assembleia-homenageia-os-90-anos-de-jackson-lago-e-celebra-a-memoria-do-ex-governador\/\" \/>\n<meta property=\"og:site_name\" content=\"NOT\u00cdCIAS EM TEMPO REAL\" \/>\n<meta property=\"article:publisher\" content=\"https:\/\/www.facebook.com\/maiobaotv\" \/>\n<meta property=\"article:published_time\" content=\"2024-11-29T13:43:29+00:00\" \/>\n<meta property=\"article:modified_time\" content=\"2024-11-29T13:43:31+00:00\" \/>\n<meta property=\"og:image\" content=\"https:\/\/maranhaotv.com.br\/wp-content\/uploads\/2024\/11\/Design-sem-nome-10-1-900x400-1.jpg\" \/>\n\t<meta property=\"og:image:width\" content=\"900\" \/>\n\t<meta property=\"og:image:height\" content=\"400\" \/>\n\t<meta property=\"og:image:type\" content=\"image\/jpeg\" \/>\n<meta name=\"author\" content=\"maranhaotv\" \/>\n<meta name=\"twitter:card\" content=\"summary_large_image\" \/>\n<meta name=\"twitter:creator\" content=\"@sitemaranhaotv\" \/>\n<meta name=\"twitter:site\" content=\"@sitemaranhaotv\" \/>\n<meta name=\"twitter:label1\" content=\"Escrito por\" \/>\n\t<meta name=\"twitter:data1\" content=\"maranhaotv\" \/>\n\t<meta name=\"twitter:label2\" content=\"Est. tempo de leitura\" \/>\n\t<meta name=\"twitter:data2\" content=\"2 minutos\" \/>\n<script type=\"application\/ld+json\" class=\"yoast-schema-graph\">{\"@context\":\"https:\\\/\\\/schema.org\",\"@graph\":[{\"@type\":\"Article\",\"@id\":\"https:\\\/\\\/maranhaotv.com.br\\\/index.php\\\/2024\\\/11\\\/29\\\/assembleia-homenageia-os-90-anos-de-jackson-lago-e-celebra-a-memoria-do-ex-governador\\\/#article\",\"isPartOf\":{\"@id\":\"https:\\\/\\\/maranhaotv.com.br\\\/index.php\\\/2024\\\/11\\\/29\\\/assembleia-homenageia-os-90-anos-de-jackson-lago-e-celebra-a-memoria-do-ex-governador\\\/\"},\"author\":{\"name\":\"maranhaotv\",\"@id\":\"https:\\\/\\\/maranhaotv.com.br\\\/#\\\/schema\\\/person\\\/3d54238e86b20bb5c89ab2fdb8f8829a\"},\"headline\":\"Assembleia homenageia os 90 anos de Jackson Lago e celebra a mem\u00f3ria do ex-governador\",\"datePublished\":\"2024-11-29T13:43:29+00:00\",\"dateModified\":\"2024-11-29T13:43:31+00:00\",\"mainEntityOfPage\":{\"@id\":\"https:\\\/\\\/maranhaotv.com.br\\\/index.php\\\/2024\\\/11\\\/29\\\/assembleia-homenageia-os-90-anos-de-jackson-lago-e-celebra-a-memoria-do-ex-governador\\\/\"},\"wordCount\":417,\"commentCount\":0,\"publisher\":{\"@id\":\"https:\\\/\\\/maranhaotv.com.br\\\/#organization\"},\"image\":{\"@id\":\"https:\\\/\\\/maranhaotv.com.br\\\/index.php\\\/2024\\\/11\\\/29\\\/assembleia-homenageia-os-90-anos-de-jackson-lago-e-celebra-a-memoria-do-ex-governador\\\/#primaryimage\"},\"thumbnailUrl\":\"https:\\\/\\\/maranhaotv.com.br\\\/wp-content\\\/uploads\\\/2024\\\/11\\\/Design-sem-nome-10-1-900x400-1.jpg\",\"articleSection\":[\"pol\u00edtica\"],\"inLanguage\":\"pt-BR\",\"potentialAction\":[{\"@type\":\"CommentAction\",\"name\":\"Comment\",\"target\":[\"https:\\\/\\\/maranhaotv.com.br\\\/index.php\\\/2024\\\/11\\\/29\\\/assembleia-homenageia-os-90-anos-de-jackson-lago-e-celebra-a-memoria-do-ex-governador\\\/#respond\"]}]},{\"@type\":\"WebPage\",\"@id\":\"https:\\\/\\\/maranhaotv.com.br\\\/index.php\\\/2024\\\/11\\\/29\\\/assembleia-homenageia-os-90-anos-de-jackson-lago-e-celebra-a-memoria-do-ex-governador\\\/\",\"url\":\"https:\\\/\\\/maranhaotv.com.br\\\/index.php\\\/2024\\\/11\\\/29\\\/assembleia-homenageia-os-90-anos-de-jackson-lago-e-celebra-a-memoria-do-ex-governador\\\/\",\"name\":\"Assembleia homenageia os 90 anos de Jackson Lago e celebra a mem\u00f3ria do ex-governador - NOT\u00cdCIAS EM TEMPO REAL\",\"isPartOf\":{\"@id\":\"https:\\\/\\\/maranhaotv.com.br\\\/#website\"},\"primaryImageOfPage\":{\"@id\":\"https:\\\/\\\/maranhaotv.com.br\\\/index.php\\\/2024\\\/11\\\/29\\\/assembleia-homenageia-os-90-anos-de-jackson-lago-e-celebra-a-memoria-do-ex-governador\\\/#primaryimage\"},\"image\":{\"@id\":\"https:\\\/\\\/maranhaotv.com.br\\\/index.php\\\/2024\\\/11\\\/29\\\/assembleia-homenageia-os-90-anos-de-jackson-lago-e-celebra-a-memoria-do-ex-governador\\\/#primaryimage\"},\"thumbnailUrl\":\"https:\\\/\\\/maranhaotv.com.br\\\/wp-content\\\/uploads\\\/2024\\\/11\\\/Design-sem-nome-10-1-900x400-1.jpg\",\"datePublished\":\"2024-11-29T13:43:29+00:00\",\"dateModified\":\"2024-11-29T13:43:31+00:00\",\"breadcrumb\":{\"@id\":\"https:\\\/\\\/maranhaotv.com.br\\\/index.php\\\/2024\\\/11\\\/29\\\/assembleia-homenageia-os-90-anos-de-jackson-lago-e-celebra-a-memoria-do-ex-governador\\\/#breadcrumb\"},\"inLanguage\":\"pt-BR\",\"potentialAction\":[{\"@type\":\"ReadAction\",\"target\":[\"https:\\\/\\\/maranhaotv.com.br\\\/index.php\\\/2024\\\/11\\\/29\\\/assembleia-homenageia-os-90-anos-de-jackson-lago-e-celebra-a-memoria-do-ex-governador\\\/\"]}]},{\"@type\":\"ImageObject\",\"inLanguage\":\"pt-BR\",\"@id\":\"https:\\\/\\\/maranhaotv.com.br\\\/index.php\\\/2024\\\/11\\\/29\\\/assembleia-homenageia-os-90-anos-de-jackson-lago-e-celebra-a-memoria-do-ex-governador\\\/#primaryimage\",\"url\":\"https:\\\/\\\/maranhaotv.com.br\\\/wp-content\\\/uploads\\\/2024\\\/11\\\/Design-sem-nome-10-1-900x400-1.jpg\",\"contentUrl\":\"https:\\\/\\\/maranhaotv.com.br\\\/wp-content\\\/uploads\\\/2024\\\/11\\\/Design-sem-nome-10-1-900x400-1.jpg\",\"width\":900,\"height\":400},{\"@type\":\"BreadcrumbList\",\"@id\":\"https:\\\/\\\/maranhaotv.com.br\\\/index.php\\\/2024\\\/11\\\/29\\\/assembleia-homenageia-os-90-anos-de-jackson-lago-e-celebra-a-memoria-do-ex-governador\\\/#breadcrumb\",\"itemListElement\":[{\"@type\":\"ListItem\",\"position\":1,\"name\":\"In\u00edcio\",\"item\":\"https:\\\/\\\/maranhaotv.com.br\\\/\"},{\"@type\":\"ListItem\",\"position\":2,\"name\":\"Assembleia homenageia os 90 anos de Jackson Lago e celebra a mem\u00f3ria do ex-governador\"}]},{\"@type\":\"WebSite\",\"@id\":\"https:\\\/\\\/maranhaotv.com.br\\\/#website\",\"url\":\"https:\\\/\\\/maranhaotv.com.br\\\/\",\"name\":\"Maranh\u00e3oTV\",\"description\":\"\",\"publisher\":{\"@id\":\"https:\\\/\\\/maranhaotv.com.br\\\/#organization\"},\"potentialAction\":[{\"@type\":\"SearchAction\",\"target\":{\"@type\":\"EntryPoint\",\"urlTemplate\":\"https:\\\/\\\/maranhaotv.com.br\\\/?s={search_term_string}\"},\"query-input\":{\"@type\":\"PropertyValueSpecification\",\"valueRequired\":true,\"valueName\":\"search_term_string\"}}],\"inLanguage\":\"pt-BR\"},{\"@type\":\"Organization\",\"@id\":\"https:\\\/\\\/maranhaotv.com.br\\\/#organization\",\"name\":\"Portal de Not\u00edcias\",\"url\":\"https:\\\/\\\/maranhaotv.com.br\\\/\",\"logo\":{\"@type\":\"ImageObject\",\"inLanguage\":\"pt-BR\",\"@id\":\"https:\\\/\\\/maranhaotv.com.br\\\/#\\\/schema\\\/logo\\\/image\\\/\",\"url\":\"https:\\\/\\\/maranhaotv.com.br\\\/wp-content\\\/uploads\\\/2024\\\/05\\\/cropped-cropped-avatar-1.png\",\"contentUrl\":\"https:\\\/\\\/maranhaotv.com.br\\\/wp-content\\\/uploads\\\/2024\\\/05\\\/cropped-cropped-avatar-1.png\",\"width\":792,\"height\":428,\"caption\":\"Portal de Not\u00edcias\"},\"image\":{\"@id\":\"https:\\\/\\\/maranhaotv.com.br\\\/#\\\/schema\\\/logo\\\/image\\\/\"},\"sameAs\":[\"https:\\\/\\\/www.facebook.com\\\/maiobaotv\",\"https:\\\/\\\/x.com\\\/sitemaranhaotv\",\"https:\\\/\\\/www.instagram.com\\\/maranhao.tv\",\"https:\\\/\\\/www.threads.net\\\/@maranhao.tv\"]},{\"@type\":\"Person\",\"@id\":\"https:\\\/\\\/maranhaotv.com.br\\\/#\\\/schema\\\/person\\\/3d54238e86b20bb5c89ab2fdb8f8829a\",\"name\":\"maranhaotv\",\"image\":{\"@type\":\"ImageObject\",\"inLanguage\":\"pt-BR\",\"@id\":\"https:\\\/\\\/secure.gravatar.com\\\/avatar\\\/8fadbca458d4cb68b1dd399ae9a40618d747bb1af65ac9fad21c89220a143eb4?s=96&d=mm&r=g\",\"url\":\"https:\\\/\\\/secure.gravatar.com\\\/avatar\\\/8fadbca458d4cb68b1dd399ae9a40618d747bb1af65ac9fad21c89220a143eb4?s=96&d=mm&r=g\",\"contentUrl\":\"https:\\\/\\\/secure.gravatar.com\\\/avatar\\\/8fadbca458d4cb68b1dd399ae9a40618d747bb1af65ac9fad21c89220a143eb4?s=96&d=mm&r=g\",\"caption\":\"maranhaotv\"},\"sameAs\":[\"https:\\\/\\\/maranhaotv.com.br\\\/\"],\"url\":\"https:\\\/\\\/maranhaotv.com.br\\\/index.php\\\/author\\\/maranhaotv\\\/\"}]}<\/script>\n<!-- \/ Yoast SEO plugin. -->","yoast_head_json":{"title":"Assembleia homenageia os 90 anos de Jackson Lago e celebra a mem\u00f3ria do ex-governador - NOT\u00cdCIAS EM TEMPO REAL","robots":{"index":"index","follow":"follow","max-snippet":"max-snippet:-1","max-image-preview":"max-image-preview:large","max-video-preview":"max-video-preview:-1"},"canonical":"https:\/\/maranhaotv.com.br\/index.php\/2024\/11\/29\/assembleia-homenageia-os-90-anos-de-jackson-lago-e-celebra-a-memoria-do-ex-governador\/","og_locale":"pt_BR","og_type":"article","og_title":"Assembleia homenageia os 90 anos de Jackson Lago e celebra a mem\u00f3ria do ex-governador - NOT\u00cdCIAS EM TEMPO REAL","og_description":"A Assembleia Legislativa do Maranh\u00e3o realizou, nesta quinta-feira (28), no Plen\u00e1rio Nagib Haickel, sess\u00e3o solene em homenagem aos 90 anos","og_url":"https:\/\/maranhaotv.com.br\/index.php\/2024\/11\/29\/assembleia-homenageia-os-90-anos-de-jackson-lago-e-celebra-a-memoria-do-ex-governador\/","og_site_name":"NOT\u00cdCIAS EM TEMPO REAL","article_publisher":"https:\/\/www.facebook.com\/maiobaotv","article_published_time":"2024-11-29T13:43:29+00:00","article_modified_time":"2024-11-29T13:43:31+00:00","og_image":[{"width":900,"height":400,"url":"https:\/\/maranhaotv.com.br\/wp-content\/uploads\/2024\/11\/Design-sem-nome-10-1-900x400-1.jpg","type":"image\/jpeg"}],"author":"maranhaotv","twitter_card":"summary_large_image","twitter_creator":"@sitemaranhaotv","twitter_site":"@sitemaranhaotv","twitter_misc":{"Escrito por":"maranhaotv","Est. tempo de leitura":"2 minutos"},"schema":{"@context":"https:\/\/schema.org","@graph":[{"@type":"Article","@id":"https:\/\/maranhaotv.com.br\/index.php\/2024\/11\/29\/assembleia-homenageia-os-90-anos-de-jackson-lago-e-celebra-a-memoria-do-ex-governador\/#article","isPartOf":{"@id":"https:\/\/maranhaotv.com.br\/index.php\/2024\/11\/29\/assembleia-homenageia-os-90-anos-de-jackson-lago-e-celebra-a-memoria-do-ex-governador\/"},"author":{"name":"maranhaotv","@id":"https:\/\/maranhaotv.com.br\/#\/schema\/person\/3d54238e86b20bb5c89ab2fdb8f8829a"},"headline":"Assembleia homenageia os 90 anos de Jackson Lago e celebra a mem\u00f3ria do ex-governador","datePublished":"2024-11-29T13:43:29+00:00","dateModified":"2024-11-29T13:43:31+00:00","mainEntityOfPage":{"@id":"https:\/\/maranhaotv.com.br\/index.php\/2024\/11\/29\/assembleia-homenageia-os-90-anos-de-jackson-lago-e-celebra-a-memoria-do-ex-governador\/"},"wordCount":417,"commentCount":0,"publisher":{"@id":"https:\/\/maranhaotv.com.br\/#organization"},"image":{"@id":"https:\/\/maranhaotv.com.br\/index.php\/2024\/11\/29\/assembleia-homenageia-os-90-anos-de-jackson-lago-e-celebra-a-memoria-do-ex-governador\/#primaryimage"},"thumbnailUrl":"https:\/\/maranhaotv.com.br\/wp-content\/uploads\/2024\/11\/Design-sem-nome-10-1-900x400-1.jpg","articleSection":["pol\u00edtica"],"inLanguage":"pt-BR","potentialAction":[{"@type":"CommentAction","name":"Comment","target":["https:\/\/maranhaotv.com.br\/index.php\/2024\/11\/29\/assembleia-homenageia-os-90-anos-de-jackson-lago-e-celebra-a-memoria-do-ex-governador\/#respond"]}]},{"@type":"WebPage","@id":"https:\/\/maranhaotv.com.br\/index.php\/2024\/11\/29\/assembleia-homenageia-os-90-anos-de-jackson-lago-e-celebra-a-memoria-do-ex-governador\/","url":"https:\/\/maranhaotv.com.br\/index.php\/2024\/11\/29\/assembleia-homenageia-os-90-anos-de-jackson-lago-e-celebra-a-memoria-do-ex-governador\/","name":"Assembleia homenageia os 90 anos de Jackson Lago e celebra a mem\u00f3ria do ex-governador - NOT\u00cdCIAS EM TEMPO REAL","isPartOf":{"@id":"https:\/\/maranhaotv.com.br\/#website"},"primaryImageOfPage":{"@id":"https:\/\/maranhaotv.com.br\/index.php\/2024\/11\/29\/assembleia-homenageia-os-90-anos-de-jackson-lago-e-celebra-a-memoria-do-ex-governador\/#primaryimage"},"image":{"@id":"https:\/\/maranhaotv.com.br\/index.php\/2024\/11\/29\/assembleia-homenageia-os-90-anos-de-jackson-lago-e-celebra-a-memoria-do-ex-governador\/#primaryimage"},"thumbnailUrl":"https:\/\/maranhaotv.com.br\/wp-content\/uploads\/2024\/11\/Design-sem-nome-10-1-900x400-1.jpg","datePublished":"2024-11-29T13:43:29+00:00","dateModified":"2024-11-29T13:43:31+00:00","breadcrumb":{"@id":"https:\/\/maranhaotv.com.br\/index.php\/2024\/11\/29\/assembleia-homenageia-os-90-anos-de-jackson-lago-e-celebra-a-memoria-do-ex-governador\/#breadcrumb"},"inLanguage":"pt-BR","potentialAction":[{"@type":"ReadAction","target":["https:\/\/maranhaotv.com.br\/index.php\/2024\/11\/29\/assembleia-homenageia-os-90-anos-de-jackson-lago-e-celebra-a-memoria-do-ex-governador\/"]}]},{"@type":"ImageObject","inLanguage":"pt-BR","@id":"https:\/\/maranhaotv.com.br\/index.php\/2024\/11\/29\/assembleia-homenageia-os-90-anos-de-jackson-lago-e-celebra-a-memoria-do-ex-governador\/#primaryimage","url":"https:\/\/maranhaotv.com.br\/wp-content\/uploads\/2024\/11\/Design-sem-nome-10-1-900x400-1.jpg","contentUrl":"https:\/\/maranhaotv.com.br\/wp-content\/uploads\/2024\/11\/Design-sem-nome-10-1-900x400-1.jpg","width":900,"height":400},{"@type":"BreadcrumbList","@id":"https:\/\/maranhaotv.com.br\/index.php\/2024\/11\/29\/assembleia-homenageia-os-90-anos-de-jackson-lago-e-celebra-a-memoria-do-ex-governador\/#breadcrumb","itemListElement":[{"@type":"ListItem","position":1,"name":"In\u00edcio","item":"https:\/\/maranhaotv.com.br\/"},{"@type":"ListItem","position":2,"name":"Assembleia homenageia os 90 anos de Jackson Lago e celebra a mem\u00f3ria do ex-governador"}]},{"@type":"WebSite","@id":"https:\/\/maranhaotv.com.br\/#website","url":"https:\/\/maranhaotv.com.br\/","name":"Maranh\u00e3oTV","description":"","publisher":{"@id":"https:\/\/maranhaotv.com.br\/#organization"},"potentialAction":[{"@type":"SearchAction","target":{"@type":"EntryPoint","urlTemplate":"https:\/\/maranhaotv.com.br\/?s={search_term_string}"},"query-input":{"@type":"PropertyValueSpecification","valueRequired":true,"valueName":"search_term_string"}}],"inLanguage":"pt-BR"},{"@type":"Organization","@id":"https:\/\/maranhaotv.com.br\/#organization","name":"Portal de Not\u00edcias","url":"https:\/\/maranhaotv.com.br\/","logo":{"@type":"ImageObject","inLanguage":"pt-BR","@id":"https:\/\/maranhaotv.com.br\/#\/schema\/logo\/image\/","url":"https:\/\/maranhaotv.com.br\/wp-content\/uploads\/2024\/05\/cropped-cropped-avatar-1.png","contentUrl":"https:\/\/maranhaotv.com.br\/wp-content\/uploads\/2024\/05\/cropped-cropped-avatar-1.png","width":792,"height":428,"caption":"Portal de Not\u00edcias"},"image":{"@id":"https:\/\/maranhaotv.com.br\/#\/schema\/logo\/image\/"},"sameAs":["https:\/\/www.facebook.com\/maiobaotv","https:\/\/x.com\/sitemaranhaotv","https:\/\/www.instagram.com\/maranhao.tv","https:\/\/www.threads.net\/@maranhao.tv"]},{"@type":"Person","@id":"https:\/\/maranhaotv.com.br\/#\/schema\/person\/3d54238e86b20bb5c89ab2fdb8f8829a","name":"maranhaotv","image":{"@type":"ImageObject","inLanguage":"pt-BR","@id":"https:\/\/secure.gravatar.com\/avatar\/8fadbca458d4cb68b1dd399ae9a40618d747bb1af65ac9fad21c89220a143eb4?s=96&d=mm&r=g","url":"https:\/\/secure.gravatar.com\/avatar\/8fadbca458d4cb68b1dd399ae9a40618d747bb1af65ac9fad21c89220a143eb4?s=96&d=mm&r=g","contentUrl":"https:\/\/secure.gravatar.com\/avatar\/8fadbca458d4cb68b1dd399ae9a40618d747bb1af65ac9fad21c89220a143eb4?s=96&d=mm&r=g","caption":"maranhaotv"},"sameAs":["https:\/\/maranhaotv.com.br\/"],"url":"https:\/\/maranhaotv.com.br\/index.php\/author\/maranhaotv\/"}]}},"jetpack_featured_media_url":"https:\/\/maranhaotv.com.br\/wp-content\/uploads\/2024\/11\/Design-sem-nome-10-1-900x400-1.jpg","jetpack_sharing_enabled":true,"_links":{"self":[{"href":"https:\/\/maranhaotv.com.br\/index.php\/wp-json\/wp\/v2\/posts\/38947","targetHints":{"allow":["GET"]}}],"collection":[{"href":"https:\/\/maranhaotv.com.br\/index.php\/wp-json\/wp\/v2\/posts"}],"about":[{"href":"https:\/\/maranhaotv.com.br\/index.php\/wp-json\/wp\/v2\/types\/post"}],"author":[{"embeddable":true,"href":"https:\/\/maranhaotv.com.br\/index.php\/wp-json\/wp\/v2\/users\/2"}],"replies":[{"embeddable":true,"href":"https:\/\/maranhaotv.com.br\/index.php\/wp-json\/wp\/v2\/comments?post=38947"}],"version-history":[{"count":1,"href":"https:\/\/maranhaotv.com.br\/index.php\/wp-json\/wp\/v2\/posts\/38947\/revisions"}],"predecessor-version":[{"id":38948,"href":"https:\/\/maranhaotv.com.br\/index.php\/wp-json\/wp\/v2\/posts\/38947\/revisions\/38948"}],"wp:featuredmedia":[{"embeddable":true,"href":"https:\/\/maranhaotv.com.br\/index.php\/wp-json\/wp\/v2\/media\/38946"}],"wp:attachment":[{"href":"https:\/\/maranhaotv.com.br\/index.php\/wp-json\/wp\/v2\/media?parent=38947"}],"wp:term":[{"taxonomy":"category","embeddable":true,"href":"https:\/\/maranhaotv.com.br\/index.php\/wp-json\/wp\/v2\/categories?post=38947"},{"taxonomy":"post_tag","embeddable":true,"href":"https:\/\/maranhaotv.com.br\/index.php\/wp-json\/wp\/v2\/tags?post=38947"}],"curies":[{"name":"wp","href":"https:\/\/api.w.org\/{rel}","templated":true}]}}