{"id":38951,"date":"2024-11-29T12:11:25","date_gmt":"2024-11-29T15:11:25","guid":{"rendered":"https:\/\/maranhaotv.com.br\/?p=38951"},"modified":"2024-11-29T12:12:00","modified_gmt":"2024-11-29T15:12:00","slug":"carlos-lula-apoia-natal-luz-do-santuario-de-nazare-com-emenda-de-r-200-mil","status":"publish","type":"post","link":"https:\/\/maranhaotv.com.br\/index.php\/2024\/11\/29\/carlos-lula-apoia-natal-luz-do-santuario-de-nazare-com-emenda-de-r-200-mil\/","title":{"rendered":"Carlos Lula apoia Natal Luz do Santu\u00e1rio de Nazar\u00e9 com emenda de R$ 200 mil"},"content":{"rendered":"\n<p><br><br><br>O Santu\u00e1rio de Nazar\u00e9, localizado no bairro Cohatrac, em S\u00e3o Lu\u00eds, recebeu um refor\u00e7o importante nesta semana. O deputado estadual Carlos Lula (PSB) destinou uma emenda parlamentar no valor de R$ 200 mil para financiar o projeto &#8220;Natal Luz&#8221;, uma iniciativa cultural e religiosa que ser\u00e1 realizada nos dias 20 e 21 de dezembro. A a\u00e7\u00e3o refor\u00e7a as tradi\u00e7\u00f5es natalinas e inclui uma programa\u00e7\u00e3o especial que promete encantar fi\u00e9is e visitantes, al\u00e9m de fortalecer o turismo religioso no Maranh\u00e3o.<br><br>A destina\u00e7\u00e3o da emenda foi anunciada pelo parlamentar em outubro, durante a abertura do 32\u00ba C\u00edrio de Nazar\u00e9. Carlos Lula destacou que o incentivo \u00e9 um reconhecimento ao esfor\u00e7o da comunidade religiosa, que, h\u00e1 d\u00e9cadas, mant\u00e9m viva a tradi\u00e7\u00e3o do C\u00edrio de Nazar\u00e9, considerado Patrim\u00f4nio Cultural Imaterial do Maranh\u00e3o e, recentemente, reconhecido como Manifesta\u00e7\u00e3o da Cultura Nacional.<br><br>\u201cA comunidade do Santu\u00e1rio de Nazar\u00e9 merece todo o nosso apoio. O Natal Luz chega para enriquecer ainda mais o calend\u00e1rio religioso e cultural do Maranh\u00e3o, destacando a import\u00e2ncia da f\u00e9, da cultura e do turismo religioso para o estado\u201d, ressaltou Carlos Lula.<br><br>O reitor do Santu\u00e1rio, padre Fl\u00e1vio Colins, comemorou o apoio recebido e destacou a relev\u00e2ncia da emenda para o projeto.<br><br>\u201cToda a hist\u00f3ria dessa comunidade \u00e9 marcada pelo empenho dos paroquianos, mas, dada a import\u00e2ncia do santu\u00e1rio, \u00e9 fundamental que institui\u00e7\u00f5es tamb\u00e9m abracem o projeto. Nossa gratid\u00e3o ao deputado Carlos Lula, que reconheceu o valor do nosso trabalho e destinou esse recurso t\u00e3o necess\u00e1rio,\u201d afirmou o padre.<br><br>*Natal Luz*<br><br>O projeto &#8220;Natal Luz&#8221;, que ser\u00e1 realizado pela primeira vez em 2024, trar\u00e1 uma programa\u00e7\u00e3o especial dedicada \u00e0s tradi\u00e7\u00f5es natalinas. Entre as atividades previstas est\u00e3o apresenta\u00e7\u00f5es de cantatas natalinas, exibi\u00e7\u00f5es de reisado, a encena\u00e7\u00e3o do pres\u00e9pio vivo, um coral infantil e celebra\u00e7\u00f5es religiosas, todas voltadas para celebrar o esp\u00edrito do Natal e refor\u00e7ar a cultura e a f\u00e9 da comunidade.<br><br>Segundo padre Fl\u00e1vio, o evento \u00e9 \u201cum momento para celebrar o nascimento de Jesus Cristo, unindo f\u00e9, cultura e entretenimento em uma festividade que exalta os valores do Natal.\u201d<br><br>Al\u00e9m de promover a f\u00e9 e a cultura, o projeto &#8220;Natal Luz&#8221; tamb\u00e9m incentiva o turismo religioso, atraindo visitantes ao Santu\u00e1rio de Nazar\u00e9 e a cidade de S\u00e3o Lu\u00eds, o que gera impacto positivo para a economia local.<br><br>\u201cEsse \u00e9 um investimento que transcende a cultura e a religi\u00e3o. Ele movimenta a economia, fomenta o turismo e fortalece o sentimento de comunidade. Estamos contribuindo para que o Maranh\u00e3o continue se destacando no cen\u00e1rio nacional como um estado que valoriza sua cultura e sua f\u00e9,\u201d concluiu Carlos Lula.<\/p>\n\n\n\n<figure class=\"wp-block-image size-large\"><img loading=\"lazy\" decoding=\"async\" width=\"1024\" height=\"769\" src=\"https:\/\/maranhaotv.com.br\/wp-content\/uploads\/2024\/11\/img-20241129-wa01426194463734078544356-1024x769.jpg\" alt=\"\" class=\"wp-image-38949\" srcset=\"https:\/\/maranhaotv.com.br\/wp-content\/uploads\/2024\/11\/img-20241129-wa01426194463734078544356-1024x769.jpg 1024w, https:\/\/maranhaotv.com.br\/wp-content\/uploads\/2024\/11\/img-20241129-wa01426194463734078544356-300x225.jpg 300w, https:\/\/maranhaotv.com.br\/wp-content\/uploads\/2024\/11\/img-20241129-wa01426194463734078544356-768x577.jpg 768w, https:\/\/maranhaotv.com.br\/wp-content\/uploads\/2024\/11\/img-20241129-wa01426194463734078544356-1536x1154.jpg 1536w, https:\/\/maranhaotv.com.br\/wp-content\/uploads\/2024\/11\/img-20241129-wa01426194463734078544356.jpg 2000w\" sizes=\"auto, (max-width: 1024px) 100vw, 1024px\" \/><\/figure>\n","protected":false},"excerpt":{"rendered":"<p>O Santu\u00e1rio de Nazar\u00e9, localizado no bairro Cohatrac, em S\u00e3o Lu\u00eds, recebeu um refor\u00e7o importante nesta semana. O deputado estadual<\/p>\n","protected":false},"author":2,"featured_media":38950,"comment_status":"open","ping_status":"open","sticky":false,"template":"","format":"standard","meta":{"colormag_page_container_layout":"default_layout","colormag_page_sidebar_layout":"default_layout","_jetpack_memberships_contains_paid_content":false,"footnotes":""},"categories":[6],"tags":[],"class_list":["post-38951","post","type-post","status-publish","format-standard","has-post-thumbnail","hentry","category-politica"],"magazineBlocksPostFeaturedMedia":{"thumbnail":"https:\/\/maranhaotv.com.br\/wp-content\/uploads\/2024\/11\/IMG-20241129-WA0143-150x150.jpg","medium":"https:\/\/maranhaotv.com.br\/wp-content\/uploads\/2024\/11\/IMG-20241129-WA0143-300x200.jpg","medium_large":"https:\/\/maranhaotv.com.br\/wp-content\/uploads\/2024\/11\/IMG-20241129-WA0143-768x512.jpg","large":"https:\/\/maranhaotv.com.br\/wp-content\/uploads\/2024\/11\/IMG-20241129-WA0143-1024x683.jpg","1536x1536":"https:\/\/maranhaotv.com.br\/wp-content\/uploads\/2024\/11\/IMG-20241129-WA0143-1536x1024.jpg","2048x2048":"https:\/\/maranhaotv.com.br\/wp-content\/uploads\/2024\/11\/IMG-20241129-WA0143-2048x1366.jpg","colormag-highlighted-post":"https:\/\/maranhaotv.com.br\/wp-content\/uploads\/2024\/11\/IMG-20241129-WA0143-392x272.jpg","colormag-featured-post-medium":"https:\/\/maranhaotv.com.br\/wp-content\/uploads\/2024\/11\/IMG-20241129-WA0143-390x205.jpg","colormag-featured-post-small":"https:\/\/maranhaotv.com.br\/wp-content\/uploads\/2024\/11\/IMG-20241129-WA0143-130x90.jpg","colormag-featured-image":"https:\/\/maranhaotv.com.br\/wp-content\/uploads\/2024\/11\/IMG-20241129-WA0143-800x445.jpg","colormag-default-news":"https:\/\/maranhaotv.com.br\/wp-content\/uploads\/2024\/11\/IMG-20241129-WA0143-150x150.jpg","colormag-featured-image-large":"https:\/\/maranhaotv.com.br\/wp-content\/uploads\/2024\/11\/IMG-20241129-WA0143-1400x600.jpg"},"magazineBlocksPostAuthor":{"name":"maranhaotv","avatar":"https:\/\/secure.gravatar.com\/avatar\/8fadbca458d4cb68b1dd399ae9a40618d747bb1af65ac9fad21c89220a143eb4?s=96&d=mm&r=g"},"magazineBlocksPostCommentsNumber":"0","magazineBlocksPostExcerpt":"O Santu\u00e1rio de Nazar\u00e9, localizado no bairro Cohatrac, em S\u00e3o Lu\u00eds, recebeu um refor\u00e7o importante nesta semana. O deputado estadual","magazineBlocksPostCategories":["pol\u00edtica"],"magazineBlocksPostViewCount":203,"magazineBlocksPostReadTime":3,"magazine_blocks_featured_image_url":{"full":["https:\/\/maranhaotv.com.br\/wp-content\/uploads\/2024\/11\/IMG-20241129-WA0143-scaled.jpg",2560,1707,false],"medium":["https:\/\/maranhaotv.com.br\/wp-content\/uploads\/2024\/11\/IMG-20241129-WA0143-300x200.jpg",300,200,true],"thumbnail":["https:\/\/maranhaotv.com.br\/wp-content\/uploads\/2024\/11\/IMG-20241129-WA0143-150x150.jpg",150,150,true]},"magazine_blocks_author":{"display_name":"maranhaotv","author_link":"https:\/\/maranhaotv.com.br\/index.php\/author\/maranhaotv\/"},"magazine_blocks_comment":0,"magazine_blocks_author_image":"https:\/\/secure.gravatar.com\/avatar\/8fadbca458d4cb68b1dd399ae9a40618d747bb1af65ac9fad21c89220a143eb4?s=96&d=mm&r=g","magazine_blocks_category":"<a href=\"#\" class=\"category-link category-link-6\">pol\u00edtica<\/a>","yoast_head":"<!-- This site is optimized with the Yoast SEO plugin v27.4 - https:\/\/yoast.com\/product\/yoast-seo-wordpress\/ -->\n<title>Carlos Lula apoia Natal Luz do Santu\u00e1rio de Nazar\u00e9 com emenda de R$ 200 mil - NOT\u00cdCIAS EM TEMPO REAL<\/title>\n<meta name=\"robots\" content=\"index, follow, max-snippet:-1, max-image-preview:large, max-video-preview:-1\" \/>\n<link rel=\"canonical\" href=\"https:\/\/maranhaotv.com.br\/index.php\/2024\/11\/29\/carlos-lula-apoia-natal-luz-do-santuario-de-nazare-com-emenda-de-r-200-mil\/\" \/>\n<meta property=\"og:locale\" content=\"pt_BR\" \/>\n<meta property=\"og:type\" content=\"article\" \/>\n<meta property=\"og:title\" content=\"Carlos Lula apoia Natal Luz do Santu\u00e1rio de Nazar\u00e9 com emenda de R$ 200 mil - NOT\u00cdCIAS EM TEMPO REAL\" \/>\n<meta property=\"og:description\" content=\"O Santu\u00e1rio de Nazar\u00e9, localizado no bairro Cohatrac, em S\u00e3o Lu\u00eds, recebeu um refor\u00e7o importante nesta semana. O deputado estadual\" \/>\n<meta property=\"og:url\" content=\"https:\/\/maranhaotv.com.br\/index.php\/2024\/11\/29\/carlos-lula-apoia-natal-luz-do-santuario-de-nazare-com-emenda-de-r-200-mil\/\" \/>\n<meta property=\"og:site_name\" content=\"NOT\u00cdCIAS EM TEMPO REAL\" \/>\n<meta property=\"article:publisher\" content=\"https:\/\/www.facebook.com\/maiobaotv\" \/>\n<meta property=\"article:published_time\" content=\"2024-11-29T15:11:25+00:00\" \/>\n<meta property=\"article:modified_time\" content=\"2024-11-29T15:12:00+00:00\" \/>\n<meta property=\"og:image\" content=\"https:\/\/maranhaotv.com.br\/wp-content\/uploads\/2024\/11\/IMG-20241129-WA0143-scaled.jpg\" \/>\n\t<meta property=\"og:image:width\" content=\"2560\" \/>\n\t<meta property=\"og:image:height\" content=\"1707\" \/>\n\t<meta property=\"og:image:type\" content=\"image\/jpeg\" \/>\n<meta name=\"author\" content=\"maranhaotv\" \/>\n<meta name=\"twitter:card\" content=\"summary_large_image\" \/>\n<meta name=\"twitter:creator\" content=\"@sitemaranhaotv\" \/>\n<meta name=\"twitter:site\" content=\"@sitemaranhaotv\" \/>\n<meta name=\"twitter:label1\" content=\"Escrito por\" \/>\n\t<meta name=\"twitter:data1\" content=\"maranhaotv\" \/>\n\t<meta name=\"twitter:label2\" content=\"Est. tempo de leitura\" \/>\n\t<meta name=\"twitter:data2\" content=\"2 minutos\" \/>\n<script type=\"application\/ld+json\" class=\"yoast-schema-graph\">{\"@context\":\"https:\\\/\\\/schema.org\",\"@graph\":[{\"@type\":\"Article\",\"@id\":\"https:\\\/\\\/maranhaotv.com.br\\\/index.php\\\/2024\\\/11\\\/29\\\/carlos-lula-apoia-natal-luz-do-santuario-de-nazare-com-emenda-de-r-200-mil\\\/#article\",\"isPartOf\":{\"@id\":\"https:\\\/\\\/maranhaotv.com.br\\\/index.php\\\/2024\\\/11\\\/29\\\/carlos-lula-apoia-natal-luz-do-santuario-de-nazare-com-emenda-de-r-200-mil\\\/\"},\"author\":{\"name\":\"maranhaotv\",\"@id\":\"https:\\\/\\\/maranhaotv.com.br\\\/#\\\/schema\\\/person\\\/3d54238e86b20bb5c89ab2fdb8f8829a\"},\"headline\":\"Carlos Lula apoia Natal Luz do Santu\u00e1rio de Nazar\u00e9 com emenda de R$ 200 mil\",\"datePublished\":\"2024-11-29T15:11:25+00:00\",\"dateModified\":\"2024-11-29T15:12:00+00:00\",\"mainEntityOfPage\":{\"@id\":\"https:\\\/\\\/maranhaotv.com.br\\\/index.php\\\/2024\\\/11\\\/29\\\/carlos-lula-apoia-natal-luz-do-santuario-de-nazare-com-emenda-de-r-200-mil\\\/\"},\"wordCount\":484,\"commentCount\":0,\"publisher\":{\"@id\":\"https:\\\/\\\/maranhaotv.com.br\\\/#organization\"},\"image\":{\"@id\":\"https:\\\/\\\/maranhaotv.com.br\\\/index.php\\\/2024\\\/11\\\/29\\\/carlos-lula-apoia-natal-luz-do-santuario-de-nazare-com-emenda-de-r-200-mil\\\/#primaryimage\"},\"thumbnailUrl\":\"https:\\\/\\\/maranhaotv.com.br\\\/wp-content\\\/uploads\\\/2024\\\/11\\\/IMG-20241129-WA0143-scaled.jpg\",\"articleSection\":[\"pol\u00edtica\"],\"inLanguage\":\"pt-BR\",\"potentialAction\":[{\"@type\":\"CommentAction\",\"name\":\"Comment\",\"target\":[\"https:\\\/\\\/maranhaotv.com.br\\\/index.php\\\/2024\\\/11\\\/29\\\/carlos-lula-apoia-natal-luz-do-santuario-de-nazare-com-emenda-de-r-200-mil\\\/#respond\"]}]},{\"@type\":\"WebPage\",\"@id\":\"https:\\\/\\\/maranhaotv.com.br\\\/index.php\\\/2024\\\/11\\\/29\\\/carlos-lula-apoia-natal-luz-do-santuario-de-nazare-com-emenda-de-r-200-mil\\\/\",\"url\":\"https:\\\/\\\/maranhaotv.com.br\\\/index.php\\\/2024\\\/11\\\/29\\\/carlos-lula-apoia-natal-luz-do-santuario-de-nazare-com-emenda-de-r-200-mil\\\/\",\"name\":\"Carlos Lula apoia Natal Luz do Santu\u00e1rio de Nazar\u00e9 com emenda de R$ 200 mil - NOT\u00cdCIAS EM TEMPO REAL\",\"isPartOf\":{\"@id\":\"https:\\\/\\\/maranhaotv.com.br\\\/#website\"},\"primaryImageOfPage\":{\"@id\":\"https:\\\/\\\/maranhaotv.com.br\\\/index.php\\\/2024\\\/11\\\/29\\\/carlos-lula-apoia-natal-luz-do-santuario-de-nazare-com-emenda-de-r-200-mil\\\/#primaryimage\"},\"image\":{\"@id\":\"https:\\\/\\\/maranhaotv.com.br\\\/index.php\\\/2024\\\/11\\\/29\\\/carlos-lula-apoia-natal-luz-do-santuario-de-nazare-com-emenda-de-r-200-mil\\\/#primaryimage\"},\"thumbnailUrl\":\"https:\\\/\\\/maranhaotv.com.br\\\/wp-content\\\/uploads\\\/2024\\\/11\\\/IMG-20241129-WA0143-scaled.jpg\",\"datePublished\":\"2024-11-29T15:11:25+00:00\",\"dateModified\":\"2024-11-29T15:12:00+00:00\",\"breadcrumb\":{\"@id\":\"https:\\\/\\\/maranhaotv.com.br\\\/index.php\\\/2024\\\/11\\\/29\\\/carlos-lula-apoia-natal-luz-do-santuario-de-nazare-com-emenda-de-r-200-mil\\\/#breadcrumb\"},\"inLanguage\":\"pt-BR\",\"potentialAction\":[{\"@type\":\"ReadAction\",\"target\":[\"https:\\\/\\\/maranhaotv.com.br\\\/index.php\\\/2024\\\/11\\\/29\\\/carlos-lula-apoia-natal-luz-do-santuario-de-nazare-com-emenda-de-r-200-mil\\\/\"]}]},{\"@type\":\"ImageObject\",\"inLanguage\":\"pt-BR\",\"@id\":\"https:\\\/\\\/maranhaotv.com.br\\\/index.php\\\/2024\\\/11\\\/29\\\/carlos-lula-apoia-natal-luz-do-santuario-de-nazare-com-emenda-de-r-200-mil\\\/#primaryimage\",\"url\":\"https:\\\/\\\/maranhaotv.com.br\\\/wp-content\\\/uploads\\\/2024\\\/11\\\/IMG-20241129-WA0143-scaled.jpg\",\"contentUrl\":\"https:\\\/\\\/maranhaotv.com.br\\\/wp-content\\\/uploads\\\/2024\\\/11\\\/IMG-20241129-WA0143-scaled.jpg\",\"width\":2560,\"height\":1707},{\"@type\":\"BreadcrumbList\",\"@id\":\"https:\\\/\\\/maranhaotv.com.br\\\/index.php\\\/2024\\\/11\\\/29\\\/carlos-lula-apoia-natal-luz-do-santuario-de-nazare-com-emenda-de-r-200-mil\\\/#breadcrumb\",\"itemListElement\":[{\"@type\":\"ListItem\",\"position\":1,\"name\":\"In\u00edcio\",\"item\":\"https:\\\/\\\/maranhaotv.com.br\\\/\"},{\"@type\":\"ListItem\",\"position\":2,\"name\":\"Carlos Lula apoia Natal Luz do Santu\u00e1rio de Nazar\u00e9 com emenda de R$ 200 mil\"}]},{\"@type\":\"WebSite\",\"@id\":\"https:\\\/\\\/maranhaotv.com.br\\\/#website\",\"url\":\"https:\\\/\\\/maranhaotv.com.br\\\/\",\"name\":\"Maranh\u00e3oTV\",\"description\":\"\",\"publisher\":{\"@id\":\"https:\\\/\\\/maranhaotv.com.br\\\/#organization\"},\"potentialAction\":[{\"@type\":\"SearchAction\",\"target\":{\"@type\":\"EntryPoint\",\"urlTemplate\":\"https:\\\/\\\/maranhaotv.com.br\\\/?s={search_term_string}\"},\"query-input\":{\"@type\":\"PropertyValueSpecification\",\"valueRequired\":true,\"valueName\":\"search_term_string\"}}],\"inLanguage\":\"pt-BR\"},{\"@type\":\"Organization\",\"@id\":\"https:\\\/\\\/maranhaotv.com.br\\\/#organization\",\"name\":\"Portal de Not\u00edcias\",\"url\":\"https:\\\/\\\/maranhaotv.com.br\\\/\",\"logo\":{\"@type\":\"ImageObject\",\"inLanguage\":\"pt-BR\",\"@id\":\"https:\\\/\\\/maranhaotv.com.br\\\/#\\\/schema\\\/logo\\\/image\\\/\",\"url\":\"https:\\\/\\\/maranhaotv.com.br\\\/wp-content\\\/uploads\\\/2024\\\/05\\\/cropped-cropped-avatar-1.png\",\"contentUrl\":\"https:\\\/\\\/maranhaotv.com.br\\\/wp-content\\\/uploads\\\/2024\\\/05\\\/cropped-cropped-avatar-1.png\",\"width\":792,\"height\":428,\"caption\":\"Portal de Not\u00edcias\"},\"image\":{\"@id\":\"https:\\\/\\\/maranhaotv.com.br\\\/#\\\/schema\\\/logo\\\/image\\\/\"},\"sameAs\":[\"https:\\\/\\\/www.facebook.com\\\/maiobaotv\",\"https:\\\/\\\/x.com\\\/sitemaranhaotv\",\"https:\\\/\\\/www.instagram.com\\\/maranhao.tv\",\"https:\\\/\\\/www.threads.net\\\/@maranhao.tv\"]},{\"@type\":\"Person\",\"@id\":\"https:\\\/\\\/maranhaotv.com.br\\\/#\\\/schema\\\/person\\\/3d54238e86b20bb5c89ab2fdb8f8829a\",\"name\":\"maranhaotv\",\"image\":{\"@type\":\"ImageObject\",\"inLanguage\":\"pt-BR\",\"@id\":\"https:\\\/\\\/secure.gravatar.com\\\/avatar\\\/8fadbca458d4cb68b1dd399ae9a40618d747bb1af65ac9fad21c89220a143eb4?s=96&d=mm&r=g\",\"url\":\"https:\\\/\\\/secure.gravatar.com\\\/avatar\\\/8fadbca458d4cb68b1dd399ae9a40618d747bb1af65ac9fad21c89220a143eb4?s=96&d=mm&r=g\",\"contentUrl\":\"https:\\\/\\\/secure.gravatar.com\\\/avatar\\\/8fadbca458d4cb68b1dd399ae9a40618d747bb1af65ac9fad21c89220a143eb4?s=96&d=mm&r=g\",\"caption\":\"maranhaotv\"},\"sameAs\":[\"https:\\\/\\\/maranhaotv.com.br\\\/\"],\"url\":\"https:\\\/\\\/maranhaotv.com.br\\\/index.php\\\/author\\\/maranhaotv\\\/\"}]}<\/script>\n<!-- \/ Yoast SEO plugin. -->","yoast_head_json":{"title":"Carlos Lula apoia Natal Luz do Santu\u00e1rio de Nazar\u00e9 com emenda de R$ 200 mil - NOT\u00cdCIAS EM TEMPO REAL","robots":{"index":"index","follow":"follow","max-snippet":"max-snippet:-1","max-image-preview":"max-image-preview:large","max-video-preview":"max-video-preview:-1"},"canonical":"https:\/\/maranhaotv.com.br\/index.php\/2024\/11\/29\/carlos-lula-apoia-natal-luz-do-santuario-de-nazare-com-emenda-de-r-200-mil\/","og_locale":"pt_BR","og_type":"article","og_title":"Carlos Lula apoia Natal Luz do Santu\u00e1rio de Nazar\u00e9 com emenda de R$ 200 mil - NOT\u00cdCIAS EM TEMPO REAL","og_description":"O Santu\u00e1rio de Nazar\u00e9, localizado no bairro Cohatrac, em S\u00e3o Lu\u00eds, recebeu um refor\u00e7o importante nesta semana. O deputado estadual","og_url":"https:\/\/maranhaotv.com.br\/index.php\/2024\/11\/29\/carlos-lula-apoia-natal-luz-do-santuario-de-nazare-com-emenda-de-r-200-mil\/","og_site_name":"NOT\u00cdCIAS EM TEMPO REAL","article_publisher":"https:\/\/www.facebook.com\/maiobaotv","article_published_time":"2024-11-29T15:11:25+00:00","article_modified_time":"2024-11-29T15:12:00+00:00","og_image":[{"width":2560,"height":1707,"url":"https:\/\/maranhaotv.com.br\/wp-content\/uploads\/2024\/11\/IMG-20241129-WA0143-scaled.jpg","type":"image\/jpeg"}],"author":"maranhaotv","twitter_card":"summary_large_image","twitter_creator":"@sitemaranhaotv","twitter_site":"@sitemaranhaotv","twitter_misc":{"Escrito por":"maranhaotv","Est. tempo de leitura":"2 minutos"},"schema":{"@context":"https:\/\/schema.org","@graph":[{"@type":"Article","@id":"https:\/\/maranhaotv.com.br\/index.php\/2024\/11\/29\/carlos-lula-apoia-natal-luz-do-santuario-de-nazare-com-emenda-de-r-200-mil\/#article","isPartOf":{"@id":"https:\/\/maranhaotv.com.br\/index.php\/2024\/11\/29\/carlos-lula-apoia-natal-luz-do-santuario-de-nazare-com-emenda-de-r-200-mil\/"},"author":{"name":"maranhaotv","@id":"https:\/\/maranhaotv.com.br\/#\/schema\/person\/3d54238e86b20bb5c89ab2fdb8f8829a"},"headline":"Carlos Lula apoia Natal Luz do Santu\u00e1rio de Nazar\u00e9 com emenda de R$ 200 mil","datePublished":"2024-11-29T15:11:25+00:00","dateModified":"2024-11-29T15:12:00+00:00","mainEntityOfPage":{"@id":"https:\/\/maranhaotv.com.br\/index.php\/2024\/11\/29\/carlos-lula-apoia-natal-luz-do-santuario-de-nazare-com-emenda-de-r-200-mil\/"},"wordCount":484,"commentCount":0,"publisher":{"@id":"https:\/\/maranhaotv.com.br\/#organization"},"image":{"@id":"https:\/\/maranhaotv.com.br\/index.php\/2024\/11\/29\/carlos-lula-apoia-natal-luz-do-santuario-de-nazare-com-emenda-de-r-200-mil\/#primaryimage"},"thumbnailUrl":"https:\/\/maranhaotv.com.br\/wp-content\/uploads\/2024\/11\/IMG-20241129-WA0143-scaled.jpg","articleSection":["pol\u00edtica"],"inLanguage":"pt-BR","potentialAction":[{"@type":"CommentAction","name":"Comment","target":["https:\/\/maranhaotv.com.br\/index.php\/2024\/11\/29\/carlos-lula-apoia-natal-luz-do-santuario-de-nazare-com-emenda-de-r-200-mil\/#respond"]}]},{"@type":"WebPage","@id":"https:\/\/maranhaotv.com.br\/index.php\/2024\/11\/29\/carlos-lula-apoia-natal-luz-do-santuario-de-nazare-com-emenda-de-r-200-mil\/","url":"https:\/\/maranhaotv.com.br\/index.php\/2024\/11\/29\/carlos-lula-apoia-natal-luz-do-santuario-de-nazare-com-emenda-de-r-200-mil\/","name":"Carlos Lula apoia Natal Luz do Santu\u00e1rio de Nazar\u00e9 com emenda de R$ 200 mil - NOT\u00cdCIAS EM TEMPO REAL","isPartOf":{"@id":"https:\/\/maranhaotv.com.br\/#website"},"primaryImageOfPage":{"@id":"https:\/\/maranhaotv.com.br\/index.php\/2024\/11\/29\/carlos-lula-apoia-natal-luz-do-santuario-de-nazare-com-emenda-de-r-200-mil\/#primaryimage"},"image":{"@id":"https:\/\/maranhaotv.com.br\/index.php\/2024\/11\/29\/carlos-lula-apoia-natal-luz-do-santuario-de-nazare-com-emenda-de-r-200-mil\/#primaryimage"},"thumbnailUrl":"https:\/\/maranhaotv.com.br\/wp-content\/uploads\/2024\/11\/IMG-20241129-WA0143-scaled.jpg","datePublished":"2024-11-29T15:11:25+00:00","dateModified":"2024-11-29T15:12:00+00:00","breadcrumb":{"@id":"https:\/\/maranhaotv.com.br\/index.php\/2024\/11\/29\/carlos-lula-apoia-natal-luz-do-santuario-de-nazare-com-emenda-de-r-200-mil\/#breadcrumb"},"inLanguage":"pt-BR","potentialAction":[{"@type":"ReadAction","target":["https:\/\/maranhaotv.com.br\/index.php\/2024\/11\/29\/carlos-lula-apoia-natal-luz-do-santuario-de-nazare-com-emenda-de-r-200-mil\/"]}]},{"@type":"ImageObject","inLanguage":"pt-BR","@id":"https:\/\/maranhaotv.com.br\/index.php\/2024\/11\/29\/carlos-lula-apoia-natal-luz-do-santuario-de-nazare-com-emenda-de-r-200-mil\/#primaryimage","url":"https:\/\/maranhaotv.com.br\/wp-content\/uploads\/2024\/11\/IMG-20241129-WA0143-scaled.jpg","contentUrl":"https:\/\/maranhaotv.com.br\/wp-content\/uploads\/2024\/11\/IMG-20241129-WA0143-scaled.jpg","width":2560,"height":1707},{"@type":"BreadcrumbList","@id":"https:\/\/maranhaotv.com.br\/index.php\/2024\/11\/29\/carlos-lula-apoia-natal-luz-do-santuario-de-nazare-com-emenda-de-r-200-mil\/#breadcrumb","itemListElement":[{"@type":"ListItem","position":1,"name":"In\u00edcio","item":"https:\/\/maranhaotv.com.br\/"},{"@type":"ListItem","position":2,"name":"Carlos Lula apoia Natal Luz do Santu\u00e1rio de Nazar\u00e9 com emenda de R$ 200 mil"}]},{"@type":"WebSite","@id":"https:\/\/maranhaotv.com.br\/#website","url":"https:\/\/maranhaotv.com.br\/","name":"Maranh\u00e3oTV","description":"","publisher":{"@id":"https:\/\/maranhaotv.com.br\/#organization"},"potentialAction":[{"@type":"SearchAction","target":{"@type":"EntryPoint","urlTemplate":"https:\/\/maranhaotv.com.br\/?s={search_term_string}"},"query-input":{"@type":"PropertyValueSpecification","valueRequired":true,"valueName":"search_term_string"}}],"inLanguage":"pt-BR"},{"@type":"Organization","@id":"https:\/\/maranhaotv.com.br\/#organization","name":"Portal de Not\u00edcias","url":"https:\/\/maranhaotv.com.br\/","logo":{"@type":"ImageObject","inLanguage":"pt-BR","@id":"https:\/\/maranhaotv.com.br\/#\/schema\/logo\/image\/","url":"https:\/\/maranhaotv.com.br\/wp-content\/uploads\/2024\/05\/cropped-cropped-avatar-1.png","contentUrl":"https:\/\/maranhaotv.com.br\/wp-content\/uploads\/2024\/05\/cropped-cropped-avatar-1.png","width":792,"height":428,"caption":"Portal de Not\u00edcias"},"image":{"@id":"https:\/\/maranhaotv.com.br\/#\/schema\/logo\/image\/"},"sameAs":["https:\/\/www.facebook.com\/maiobaotv","https:\/\/x.com\/sitemaranhaotv","https:\/\/www.instagram.com\/maranhao.tv","https:\/\/www.threads.net\/@maranhao.tv"]},{"@type":"Person","@id":"https:\/\/maranhaotv.com.br\/#\/schema\/person\/3d54238e86b20bb5c89ab2fdb8f8829a","name":"maranhaotv","image":{"@type":"ImageObject","inLanguage":"pt-BR","@id":"https:\/\/secure.gravatar.com\/avatar\/8fadbca458d4cb68b1dd399ae9a40618d747bb1af65ac9fad21c89220a143eb4?s=96&d=mm&r=g","url":"https:\/\/secure.gravatar.com\/avatar\/8fadbca458d4cb68b1dd399ae9a40618d747bb1af65ac9fad21c89220a143eb4?s=96&d=mm&r=g","contentUrl":"https:\/\/secure.gravatar.com\/avatar\/8fadbca458d4cb68b1dd399ae9a40618d747bb1af65ac9fad21c89220a143eb4?s=96&d=mm&r=g","caption":"maranhaotv"},"sameAs":["https:\/\/maranhaotv.com.br\/"],"url":"https:\/\/maranhaotv.com.br\/index.php\/author\/maranhaotv\/"}]}},"jetpack_featured_media_url":"https:\/\/maranhaotv.com.br\/wp-content\/uploads\/2024\/11\/IMG-20241129-WA0143-scaled.jpg","jetpack_sharing_enabled":true,"_links":{"self":[{"href":"https:\/\/maranhaotv.com.br\/index.php\/wp-json\/wp\/v2\/posts\/38951","targetHints":{"allow":["GET"]}}],"collection":[{"href":"https:\/\/maranhaotv.com.br\/index.php\/wp-json\/wp\/v2\/posts"}],"about":[{"href":"https:\/\/maranhaotv.com.br\/index.php\/wp-json\/wp\/v2\/types\/post"}],"author":[{"embeddable":true,"href":"https:\/\/maranhaotv.com.br\/index.php\/wp-json\/wp\/v2\/users\/2"}],"replies":[{"embeddable":true,"href":"https:\/\/maranhaotv.com.br\/index.php\/wp-json\/wp\/v2\/comments?post=38951"}],"version-history":[{"count":1,"href":"https:\/\/maranhaotv.com.br\/index.php\/wp-json\/wp\/v2\/posts\/38951\/revisions"}],"predecessor-version":[{"id":38952,"href":"https:\/\/maranhaotv.com.br\/index.php\/wp-json\/wp\/v2\/posts\/38951\/revisions\/38952"}],"wp:featuredmedia":[{"embeddable":true,"href":"https:\/\/maranhaotv.com.br\/index.php\/wp-json\/wp\/v2\/media\/38950"}],"wp:attachment":[{"href":"https:\/\/maranhaotv.com.br\/index.php\/wp-json\/wp\/v2\/media?parent=38951"}],"wp:term":[{"taxonomy":"category","embeddable":true,"href":"https:\/\/maranhaotv.com.br\/index.php\/wp-json\/wp\/v2\/categories?post=38951"},{"taxonomy":"post_tag","embeddable":true,"href":"https:\/\/maranhaotv.com.br\/index.php\/wp-json\/wp\/v2\/tags?post=38951"}],"curies":[{"name":"wp","href":"https:\/\/api.w.org\/{rel}","templated":true}]}}