{"id":38966,"date":"2024-11-30T10:40:37","date_gmt":"2024-11-30T13:40:37","guid":{"rendered":"https:\/\/maranhaotv.com.br\/?p=38966"},"modified":"2024-11-30T10:40:58","modified_gmt":"2024-11-30T13:40:58","slug":"samba-do-peixe-comemora-9-anos-com-gravacao-de-audiovisual","status":"publish","type":"post","link":"https:\/\/maranhaotv.com.br\/index.php\/2024\/11\/30\/samba-do-peixe-comemora-9-anos-com-gravacao-de-audiovisual\/","title":{"rendered":"Samba do Peixe comemora 9 anos com grava\u00e7\u00e3o de audiovisual"},"content":{"rendered":"\n<p><br>Na pr\u00f3xima segunda-feira,&nbsp; 2 de dezembro, a Rua Pedra do Sol, no bairro Caratatiua, em S\u00e3o Lu\u00eds, ser\u00e1 palco de uma celebra\u00e7\u00e3o especial: o 9\u00ba anivers\u00e1rio do projeto cultural &#8220;Samba do Peixe&#8221;. Idealizado pelo saudoso Mestre Z\u00e9 Piv\u00f3 da Mangueira e atualmente conduzido por seu sobrinho, Renato Guimar\u00e3es, o evento se consolidou como um marco de resist\u00eancia do samba na cidade.<br>Realizado todas as segundas-feiras, o &#8220;Samba do Peixe&#8221; transformou-se em um ponto de encontro para amantes da m\u00fasica, atraindo um p\u00fablico diversificado e vibrante. Sob a lideran\u00e7a de Renato, m\u00fasico, compositor e produtor cultural, o projeto mant\u00e9m vivo o legado de seu fundador, promovendo um espa\u00e7o de celebra\u00e7\u00e3o e preserva\u00e7\u00e3o do samba.<br><br>Ao longo de quase uma d\u00e9cada, o &#8220;Samba do Peixe&#8221; tem oferecido uma programa\u00e7\u00e3o rica, com rodas de samba que re\u00fanem artistas locais e nacionais. A cada semana, talentos da m\u00fasica brasileira trazem suas vozes e instrumentos, fortalecendo a conex\u00e3o entre tradi\u00e7\u00e3o e cultura.<br><br>Para comemorar os nove anos de hist\u00f3ria, o projeto prepara um evento especial no Bar do Joka, com direito \u00e0 grava\u00e7\u00e3o audiovisual e apresenta\u00e7\u00f5es ao vivo de grandes artistas convidados. A festa promete ser uma noite inesquec\u00edvel, celebrando n\u00e3o apenas o samba, mas tamb\u00e9m a uni\u00e3o e a resist\u00eancia cultural que o &#8220;Samba do Peixe&#8221; representa.<br><br>Renato Guimar\u00e3es destaca a import\u00e2ncia desse momento e convida a todos para participarem da comemora\u00e7\u00e3o, que ocorre no Dia Nacional do Samba. &#8220;Ser\u00e1 uma noite de m\u00fasica, cultura e alegria, um tributo ao legado do Mestre Z\u00e9 Piv\u00f3 e \u00e0 for\u00e7a do samba como elemento de uni\u00e3o e celebra\u00e7\u00e3o&#8221;, afirma.<br><br>A festa \u00e9 uma oportunidade \u00fanica para os amantes do g\u00eanero vivenciarem a magia do samba em uma data hist\u00f3rica. Prepare-se para uma noite de emo\u00e7\u00e3o, ritmo e conex\u00e3o cultural. O &#8220;Samba do Peixe&#8221; segue, mais forte do que nunca, como um s\u00edmbolo da m\u00fasica brasileira em S\u00e3o Lu\u00eds.<\/p>\n","protected":false},"excerpt":{"rendered":"<p>Na pr\u00f3xima segunda-feira,&nbsp; 2 de dezembro, a Rua Pedra do Sol, no bairro Caratatiua, em S\u00e3o Lu\u00eds, ser\u00e1 palco de<\/p>\n","protected":false},"author":2,"featured_media":38965,"comment_status":"open","ping_status":"open","sticky":false,"template":"","format":"standard","meta":{"colormag_page_container_layout":"default_layout","colormag_page_sidebar_layout":"default_layout","_jetpack_memberships_contains_paid_content":false,"footnotes":""},"categories":[2],"tags":[],"class_list":["post-38966","post","type-post","status-publish","format-standard","has-post-thumbnail","hentry","category-noticias"],"magazineBlocksPostFeaturedMedia":{"thumbnail":"https:\/\/maranhaotv.com.br\/wp-content\/uploads\/2024\/11\/IMG-20241130-WA0062-150x150.jpg","medium":"https:\/\/maranhaotv.com.br\/wp-content\/uploads\/2024\/11\/IMG-20241130-WA0062-300x200.jpg","medium_large":"https:\/\/maranhaotv.com.br\/wp-content\/uploads\/2024\/11\/IMG-20241130-WA0062-768x512.jpg","large":"https:\/\/maranhaotv.com.br\/wp-content\/uploads\/2024\/11\/IMG-20241130-WA0062-1024x682.jpg","1536x1536":"https:\/\/maranhaotv.com.br\/wp-content\/uploads\/2024\/11\/IMG-20241130-WA0062-1536x1023.jpg","2048x2048":"https:\/\/maranhaotv.com.br\/wp-content\/uploads\/2024\/11\/IMG-20241130-WA0062.jpg","colormag-highlighted-post":"https:\/\/maranhaotv.com.br\/wp-content\/uploads\/2024\/11\/IMG-20241130-WA0062-392x272.jpg","colormag-featured-post-medium":"https:\/\/maranhaotv.com.br\/wp-content\/uploads\/2024\/11\/IMG-20241130-WA0062-390x205.jpg","colormag-featured-post-small":"https:\/\/maranhaotv.com.br\/wp-content\/uploads\/2024\/11\/IMG-20241130-WA0062-130x90.jpg","colormag-featured-image":"https:\/\/maranhaotv.com.br\/wp-content\/uploads\/2024\/11\/IMG-20241130-WA0062-800x445.jpg","colormag-default-news":"https:\/\/maranhaotv.com.br\/wp-content\/uploads\/2024\/11\/IMG-20241130-WA0062-150x150.jpg","colormag-featured-image-large":"https:\/\/maranhaotv.com.br\/wp-content\/uploads\/2024\/11\/IMG-20241130-WA0062-1400x600.jpg"},"magazineBlocksPostAuthor":{"name":"maranhaotv","avatar":"https:\/\/secure.gravatar.com\/avatar\/8fadbca458d4cb68b1dd399ae9a40618d747bb1af65ac9fad21c89220a143eb4?s=96&d=mm&r=g"},"magazineBlocksPostCommentsNumber":"0","magazineBlocksPostExcerpt":"Na pr\u00f3xima segunda-feira,&nbsp; 2 de dezembro, a Rua Pedra do Sol, no bairro Caratatiua, em S\u00e3o Lu\u00eds, ser\u00e1 palco de","magazineBlocksPostCategories":["not\u00edcias"],"magazineBlocksPostViewCount":246,"magazineBlocksPostReadTime":2,"magazine_blocks_featured_image_url":{"full":["https:\/\/maranhaotv.com.br\/wp-content\/uploads\/2024\/11\/IMG-20241130-WA0062.jpg",1600,1066,false],"medium":["https:\/\/maranhaotv.com.br\/wp-content\/uploads\/2024\/11\/IMG-20241130-WA0062-300x200.jpg",300,200,true],"thumbnail":["https:\/\/maranhaotv.com.br\/wp-content\/uploads\/2024\/11\/IMG-20241130-WA0062-150x150.jpg",150,150,true]},"magazine_blocks_author":{"display_name":"maranhaotv","author_link":"https:\/\/maranhaotv.com.br\/index.php\/author\/maranhaotv\/"},"magazine_blocks_comment":0,"magazine_blocks_author_image":"https:\/\/secure.gravatar.com\/avatar\/8fadbca458d4cb68b1dd399ae9a40618d747bb1af65ac9fad21c89220a143eb4?s=96&d=mm&r=g","magazine_blocks_category":"<a href=\"#\" class=\"category-link category-link-2\">not\u00edcias<\/a>","yoast_head":"<!-- This site is optimized with the Yoast SEO plugin v27.4 - https:\/\/yoast.com\/product\/yoast-seo-wordpress\/ -->\n<title>Samba do Peixe comemora 9 anos com grava\u00e7\u00e3o de audiovisual - NOT\u00cdCIAS EM TEMPO REAL<\/title>\n<meta name=\"robots\" content=\"index, follow, max-snippet:-1, max-image-preview:large, max-video-preview:-1\" \/>\n<link rel=\"canonical\" href=\"https:\/\/maranhaotv.com.br\/index.php\/2024\/11\/30\/samba-do-peixe-comemora-9-anos-com-gravacao-de-audiovisual\/\" \/>\n<meta property=\"og:locale\" content=\"pt_BR\" \/>\n<meta property=\"og:type\" content=\"article\" \/>\n<meta property=\"og:title\" content=\"Samba do Peixe comemora 9 anos com grava\u00e7\u00e3o de audiovisual - NOT\u00cdCIAS EM TEMPO REAL\" \/>\n<meta property=\"og:description\" content=\"Na pr\u00f3xima segunda-feira,&nbsp; 2 de dezembro, a Rua Pedra do Sol, no bairro Caratatiua, em S\u00e3o Lu\u00eds, ser\u00e1 palco de\" \/>\n<meta property=\"og:url\" content=\"https:\/\/maranhaotv.com.br\/index.php\/2024\/11\/30\/samba-do-peixe-comemora-9-anos-com-gravacao-de-audiovisual\/\" \/>\n<meta property=\"og:site_name\" content=\"NOT\u00cdCIAS EM TEMPO REAL\" \/>\n<meta property=\"article:publisher\" content=\"https:\/\/www.facebook.com\/maiobaotv\" \/>\n<meta property=\"article:published_time\" content=\"2024-11-30T13:40:37+00:00\" \/>\n<meta property=\"article:modified_time\" content=\"2024-11-30T13:40:58+00:00\" \/>\n<meta property=\"og:image\" content=\"https:\/\/maranhaotv.com.br\/wp-content\/uploads\/2024\/11\/IMG-20241130-WA0062.jpg\" \/>\n\t<meta property=\"og:image:width\" content=\"1600\" \/>\n\t<meta property=\"og:image:height\" content=\"1066\" \/>\n\t<meta property=\"og:image:type\" content=\"image\/jpeg\" \/>\n<meta name=\"author\" content=\"maranhaotv\" \/>\n<meta name=\"twitter:card\" content=\"summary_large_image\" \/>\n<meta name=\"twitter:creator\" content=\"@sitemaranhaotv\" \/>\n<meta name=\"twitter:site\" content=\"@sitemaranhaotv\" \/>\n<meta name=\"twitter:label1\" content=\"Escrito por\" \/>\n\t<meta name=\"twitter:data1\" content=\"maranhaotv\" \/>\n\t<meta name=\"twitter:label2\" content=\"Est. tempo de leitura\" \/>\n\t<meta name=\"twitter:data2\" content=\"2 minutos\" \/>\n<script type=\"application\/ld+json\" class=\"yoast-schema-graph\">{\"@context\":\"https:\\\/\\\/schema.org\",\"@graph\":[{\"@type\":\"Article\",\"@id\":\"https:\\\/\\\/maranhaotv.com.br\\\/index.php\\\/2024\\\/11\\\/30\\\/samba-do-peixe-comemora-9-anos-com-gravacao-de-audiovisual\\\/#article\",\"isPartOf\":{\"@id\":\"https:\\\/\\\/maranhaotv.com.br\\\/index.php\\\/2024\\\/11\\\/30\\\/samba-do-peixe-comemora-9-anos-com-gravacao-de-audiovisual\\\/\"},\"author\":{\"name\":\"maranhaotv\",\"@id\":\"https:\\\/\\\/maranhaotv.com.br\\\/#\\\/schema\\\/person\\\/3d54238e86b20bb5c89ab2fdb8f8829a\"},\"headline\":\"Samba do Peixe comemora 9 anos com grava\u00e7\u00e3o de audiovisual\",\"datePublished\":\"2024-11-30T13:40:37+00:00\",\"dateModified\":\"2024-11-30T13:40:58+00:00\",\"mainEntityOfPage\":{\"@id\":\"https:\\\/\\\/maranhaotv.com.br\\\/index.php\\\/2024\\\/11\\\/30\\\/samba-do-peixe-comemora-9-anos-com-gravacao-de-audiovisual\\\/\"},\"wordCount\":362,\"commentCount\":0,\"publisher\":{\"@id\":\"https:\\\/\\\/maranhaotv.com.br\\\/#organization\"},\"image\":{\"@id\":\"https:\\\/\\\/maranhaotv.com.br\\\/index.php\\\/2024\\\/11\\\/30\\\/samba-do-peixe-comemora-9-anos-com-gravacao-de-audiovisual\\\/#primaryimage\"},\"thumbnailUrl\":\"https:\\\/\\\/maranhaotv.com.br\\\/wp-content\\\/uploads\\\/2024\\\/11\\\/IMG-20241130-WA0062.jpg\",\"articleSection\":[\"not\u00edcias\"],\"inLanguage\":\"pt-BR\",\"potentialAction\":[{\"@type\":\"CommentAction\",\"name\":\"Comment\",\"target\":[\"https:\\\/\\\/maranhaotv.com.br\\\/index.php\\\/2024\\\/11\\\/30\\\/samba-do-peixe-comemora-9-anos-com-gravacao-de-audiovisual\\\/#respond\"]}]},{\"@type\":\"WebPage\",\"@id\":\"https:\\\/\\\/maranhaotv.com.br\\\/index.php\\\/2024\\\/11\\\/30\\\/samba-do-peixe-comemora-9-anos-com-gravacao-de-audiovisual\\\/\",\"url\":\"https:\\\/\\\/maranhaotv.com.br\\\/index.php\\\/2024\\\/11\\\/30\\\/samba-do-peixe-comemora-9-anos-com-gravacao-de-audiovisual\\\/\",\"name\":\"Samba do Peixe comemora 9 anos com grava\u00e7\u00e3o de audiovisual - NOT\u00cdCIAS EM TEMPO REAL\",\"isPartOf\":{\"@id\":\"https:\\\/\\\/maranhaotv.com.br\\\/#website\"},\"primaryImageOfPage\":{\"@id\":\"https:\\\/\\\/maranhaotv.com.br\\\/index.php\\\/2024\\\/11\\\/30\\\/samba-do-peixe-comemora-9-anos-com-gravacao-de-audiovisual\\\/#primaryimage\"},\"image\":{\"@id\":\"https:\\\/\\\/maranhaotv.com.br\\\/index.php\\\/2024\\\/11\\\/30\\\/samba-do-peixe-comemora-9-anos-com-gravacao-de-audiovisual\\\/#primaryimage\"},\"thumbnailUrl\":\"https:\\\/\\\/maranhaotv.com.br\\\/wp-content\\\/uploads\\\/2024\\\/11\\\/IMG-20241130-WA0062.jpg\",\"datePublished\":\"2024-11-30T13:40:37+00:00\",\"dateModified\":\"2024-11-30T13:40:58+00:00\",\"breadcrumb\":{\"@id\":\"https:\\\/\\\/maranhaotv.com.br\\\/index.php\\\/2024\\\/11\\\/30\\\/samba-do-peixe-comemora-9-anos-com-gravacao-de-audiovisual\\\/#breadcrumb\"},\"inLanguage\":\"pt-BR\",\"potentialAction\":[{\"@type\":\"ReadAction\",\"target\":[\"https:\\\/\\\/maranhaotv.com.br\\\/index.php\\\/2024\\\/11\\\/30\\\/samba-do-peixe-comemora-9-anos-com-gravacao-de-audiovisual\\\/\"]}]},{\"@type\":\"ImageObject\",\"inLanguage\":\"pt-BR\",\"@id\":\"https:\\\/\\\/maranhaotv.com.br\\\/index.php\\\/2024\\\/11\\\/30\\\/samba-do-peixe-comemora-9-anos-com-gravacao-de-audiovisual\\\/#primaryimage\",\"url\":\"https:\\\/\\\/maranhaotv.com.br\\\/wp-content\\\/uploads\\\/2024\\\/11\\\/IMG-20241130-WA0062.jpg\",\"contentUrl\":\"https:\\\/\\\/maranhaotv.com.br\\\/wp-content\\\/uploads\\\/2024\\\/11\\\/IMG-20241130-WA0062.jpg\",\"width\":1600,\"height\":1066},{\"@type\":\"BreadcrumbList\",\"@id\":\"https:\\\/\\\/maranhaotv.com.br\\\/index.php\\\/2024\\\/11\\\/30\\\/samba-do-peixe-comemora-9-anos-com-gravacao-de-audiovisual\\\/#breadcrumb\",\"itemListElement\":[{\"@type\":\"ListItem\",\"position\":1,\"name\":\"In\u00edcio\",\"item\":\"https:\\\/\\\/maranhaotv.com.br\\\/\"},{\"@type\":\"ListItem\",\"position\":2,\"name\":\"Samba do Peixe comemora 9 anos com grava\u00e7\u00e3o de audiovisual\"}]},{\"@type\":\"WebSite\",\"@id\":\"https:\\\/\\\/maranhaotv.com.br\\\/#website\",\"url\":\"https:\\\/\\\/maranhaotv.com.br\\\/\",\"name\":\"Maranh\u00e3oTV\",\"description\":\"\",\"publisher\":{\"@id\":\"https:\\\/\\\/maranhaotv.com.br\\\/#organization\"},\"potentialAction\":[{\"@type\":\"SearchAction\",\"target\":{\"@type\":\"EntryPoint\",\"urlTemplate\":\"https:\\\/\\\/maranhaotv.com.br\\\/?s={search_term_string}\"},\"query-input\":{\"@type\":\"PropertyValueSpecification\",\"valueRequired\":true,\"valueName\":\"search_term_string\"}}],\"inLanguage\":\"pt-BR\"},{\"@type\":\"Organization\",\"@id\":\"https:\\\/\\\/maranhaotv.com.br\\\/#organization\",\"name\":\"Portal de Not\u00edcias\",\"url\":\"https:\\\/\\\/maranhaotv.com.br\\\/\",\"logo\":{\"@type\":\"ImageObject\",\"inLanguage\":\"pt-BR\",\"@id\":\"https:\\\/\\\/maranhaotv.com.br\\\/#\\\/schema\\\/logo\\\/image\\\/\",\"url\":\"https:\\\/\\\/maranhaotv.com.br\\\/wp-content\\\/uploads\\\/2024\\\/05\\\/cropped-cropped-avatar-1.png\",\"contentUrl\":\"https:\\\/\\\/maranhaotv.com.br\\\/wp-content\\\/uploads\\\/2024\\\/05\\\/cropped-cropped-avatar-1.png\",\"width\":792,\"height\":428,\"caption\":\"Portal de Not\u00edcias\"},\"image\":{\"@id\":\"https:\\\/\\\/maranhaotv.com.br\\\/#\\\/schema\\\/logo\\\/image\\\/\"},\"sameAs\":[\"https:\\\/\\\/www.facebook.com\\\/maiobaotv\",\"https:\\\/\\\/x.com\\\/sitemaranhaotv\",\"https:\\\/\\\/www.instagram.com\\\/maranhao.tv\",\"https:\\\/\\\/www.threads.net\\\/@maranhao.tv\"]},{\"@type\":\"Person\",\"@id\":\"https:\\\/\\\/maranhaotv.com.br\\\/#\\\/schema\\\/person\\\/3d54238e86b20bb5c89ab2fdb8f8829a\",\"name\":\"maranhaotv\",\"image\":{\"@type\":\"ImageObject\",\"inLanguage\":\"pt-BR\",\"@id\":\"https:\\\/\\\/secure.gravatar.com\\\/avatar\\\/8fadbca458d4cb68b1dd399ae9a40618d747bb1af65ac9fad21c89220a143eb4?s=96&d=mm&r=g\",\"url\":\"https:\\\/\\\/secure.gravatar.com\\\/avatar\\\/8fadbca458d4cb68b1dd399ae9a40618d747bb1af65ac9fad21c89220a143eb4?s=96&d=mm&r=g\",\"contentUrl\":\"https:\\\/\\\/secure.gravatar.com\\\/avatar\\\/8fadbca458d4cb68b1dd399ae9a40618d747bb1af65ac9fad21c89220a143eb4?s=96&d=mm&r=g\",\"caption\":\"maranhaotv\"},\"sameAs\":[\"https:\\\/\\\/maranhaotv.com.br\\\/\"],\"url\":\"https:\\\/\\\/maranhaotv.com.br\\\/index.php\\\/author\\\/maranhaotv\\\/\"}]}<\/script>\n<!-- \/ Yoast SEO plugin. -->","yoast_head_json":{"title":"Samba do Peixe comemora 9 anos com grava\u00e7\u00e3o de audiovisual - NOT\u00cdCIAS EM TEMPO REAL","robots":{"index":"index","follow":"follow","max-snippet":"max-snippet:-1","max-image-preview":"max-image-preview:large","max-video-preview":"max-video-preview:-1"},"canonical":"https:\/\/maranhaotv.com.br\/index.php\/2024\/11\/30\/samba-do-peixe-comemora-9-anos-com-gravacao-de-audiovisual\/","og_locale":"pt_BR","og_type":"article","og_title":"Samba do Peixe comemora 9 anos com grava\u00e7\u00e3o de audiovisual - NOT\u00cdCIAS EM TEMPO REAL","og_description":"Na pr\u00f3xima segunda-feira,&nbsp; 2 de dezembro, a Rua Pedra do Sol, no bairro Caratatiua, em S\u00e3o Lu\u00eds, ser\u00e1 palco de","og_url":"https:\/\/maranhaotv.com.br\/index.php\/2024\/11\/30\/samba-do-peixe-comemora-9-anos-com-gravacao-de-audiovisual\/","og_site_name":"NOT\u00cdCIAS EM TEMPO REAL","article_publisher":"https:\/\/www.facebook.com\/maiobaotv","article_published_time":"2024-11-30T13:40:37+00:00","article_modified_time":"2024-11-30T13:40:58+00:00","og_image":[{"width":1600,"height":1066,"url":"https:\/\/maranhaotv.com.br\/wp-content\/uploads\/2024\/11\/IMG-20241130-WA0062.jpg","type":"image\/jpeg"}],"author":"maranhaotv","twitter_card":"summary_large_image","twitter_creator":"@sitemaranhaotv","twitter_site":"@sitemaranhaotv","twitter_misc":{"Escrito por":"maranhaotv","Est. tempo de leitura":"2 minutos"},"schema":{"@context":"https:\/\/schema.org","@graph":[{"@type":"Article","@id":"https:\/\/maranhaotv.com.br\/index.php\/2024\/11\/30\/samba-do-peixe-comemora-9-anos-com-gravacao-de-audiovisual\/#article","isPartOf":{"@id":"https:\/\/maranhaotv.com.br\/index.php\/2024\/11\/30\/samba-do-peixe-comemora-9-anos-com-gravacao-de-audiovisual\/"},"author":{"name":"maranhaotv","@id":"https:\/\/maranhaotv.com.br\/#\/schema\/person\/3d54238e86b20bb5c89ab2fdb8f8829a"},"headline":"Samba do Peixe comemora 9 anos com grava\u00e7\u00e3o de audiovisual","datePublished":"2024-11-30T13:40:37+00:00","dateModified":"2024-11-30T13:40:58+00:00","mainEntityOfPage":{"@id":"https:\/\/maranhaotv.com.br\/index.php\/2024\/11\/30\/samba-do-peixe-comemora-9-anos-com-gravacao-de-audiovisual\/"},"wordCount":362,"commentCount":0,"publisher":{"@id":"https:\/\/maranhaotv.com.br\/#organization"},"image":{"@id":"https:\/\/maranhaotv.com.br\/index.php\/2024\/11\/30\/samba-do-peixe-comemora-9-anos-com-gravacao-de-audiovisual\/#primaryimage"},"thumbnailUrl":"https:\/\/maranhaotv.com.br\/wp-content\/uploads\/2024\/11\/IMG-20241130-WA0062.jpg","articleSection":["not\u00edcias"],"inLanguage":"pt-BR","potentialAction":[{"@type":"CommentAction","name":"Comment","target":["https:\/\/maranhaotv.com.br\/index.php\/2024\/11\/30\/samba-do-peixe-comemora-9-anos-com-gravacao-de-audiovisual\/#respond"]}]},{"@type":"WebPage","@id":"https:\/\/maranhaotv.com.br\/index.php\/2024\/11\/30\/samba-do-peixe-comemora-9-anos-com-gravacao-de-audiovisual\/","url":"https:\/\/maranhaotv.com.br\/index.php\/2024\/11\/30\/samba-do-peixe-comemora-9-anos-com-gravacao-de-audiovisual\/","name":"Samba do Peixe comemora 9 anos com grava\u00e7\u00e3o de audiovisual - NOT\u00cdCIAS EM TEMPO REAL","isPartOf":{"@id":"https:\/\/maranhaotv.com.br\/#website"},"primaryImageOfPage":{"@id":"https:\/\/maranhaotv.com.br\/index.php\/2024\/11\/30\/samba-do-peixe-comemora-9-anos-com-gravacao-de-audiovisual\/#primaryimage"},"image":{"@id":"https:\/\/maranhaotv.com.br\/index.php\/2024\/11\/30\/samba-do-peixe-comemora-9-anos-com-gravacao-de-audiovisual\/#primaryimage"},"thumbnailUrl":"https:\/\/maranhaotv.com.br\/wp-content\/uploads\/2024\/11\/IMG-20241130-WA0062.jpg","datePublished":"2024-11-30T13:40:37+00:00","dateModified":"2024-11-30T13:40:58+00:00","breadcrumb":{"@id":"https:\/\/maranhaotv.com.br\/index.php\/2024\/11\/30\/samba-do-peixe-comemora-9-anos-com-gravacao-de-audiovisual\/#breadcrumb"},"inLanguage":"pt-BR","potentialAction":[{"@type":"ReadAction","target":["https:\/\/maranhaotv.com.br\/index.php\/2024\/11\/30\/samba-do-peixe-comemora-9-anos-com-gravacao-de-audiovisual\/"]}]},{"@type":"ImageObject","inLanguage":"pt-BR","@id":"https:\/\/maranhaotv.com.br\/index.php\/2024\/11\/30\/samba-do-peixe-comemora-9-anos-com-gravacao-de-audiovisual\/#primaryimage","url":"https:\/\/maranhaotv.com.br\/wp-content\/uploads\/2024\/11\/IMG-20241130-WA0062.jpg","contentUrl":"https:\/\/maranhaotv.com.br\/wp-content\/uploads\/2024\/11\/IMG-20241130-WA0062.jpg","width":1600,"height":1066},{"@type":"BreadcrumbList","@id":"https:\/\/maranhaotv.com.br\/index.php\/2024\/11\/30\/samba-do-peixe-comemora-9-anos-com-gravacao-de-audiovisual\/#breadcrumb","itemListElement":[{"@type":"ListItem","position":1,"name":"In\u00edcio","item":"https:\/\/maranhaotv.com.br\/"},{"@type":"ListItem","position":2,"name":"Samba do Peixe comemora 9 anos com grava\u00e7\u00e3o de audiovisual"}]},{"@type":"WebSite","@id":"https:\/\/maranhaotv.com.br\/#website","url":"https:\/\/maranhaotv.com.br\/","name":"Maranh\u00e3oTV","description":"","publisher":{"@id":"https:\/\/maranhaotv.com.br\/#organization"},"potentialAction":[{"@type":"SearchAction","target":{"@type":"EntryPoint","urlTemplate":"https:\/\/maranhaotv.com.br\/?s={search_term_string}"},"query-input":{"@type":"PropertyValueSpecification","valueRequired":true,"valueName":"search_term_string"}}],"inLanguage":"pt-BR"},{"@type":"Organization","@id":"https:\/\/maranhaotv.com.br\/#organization","name":"Portal de Not\u00edcias","url":"https:\/\/maranhaotv.com.br\/","logo":{"@type":"ImageObject","inLanguage":"pt-BR","@id":"https:\/\/maranhaotv.com.br\/#\/schema\/logo\/image\/","url":"https:\/\/maranhaotv.com.br\/wp-content\/uploads\/2024\/05\/cropped-cropped-avatar-1.png","contentUrl":"https:\/\/maranhaotv.com.br\/wp-content\/uploads\/2024\/05\/cropped-cropped-avatar-1.png","width":792,"height":428,"caption":"Portal de Not\u00edcias"},"image":{"@id":"https:\/\/maranhaotv.com.br\/#\/schema\/logo\/image\/"},"sameAs":["https:\/\/www.facebook.com\/maiobaotv","https:\/\/x.com\/sitemaranhaotv","https:\/\/www.instagram.com\/maranhao.tv","https:\/\/www.threads.net\/@maranhao.tv"]},{"@type":"Person","@id":"https:\/\/maranhaotv.com.br\/#\/schema\/person\/3d54238e86b20bb5c89ab2fdb8f8829a","name":"maranhaotv","image":{"@type":"ImageObject","inLanguage":"pt-BR","@id":"https:\/\/secure.gravatar.com\/avatar\/8fadbca458d4cb68b1dd399ae9a40618d747bb1af65ac9fad21c89220a143eb4?s=96&d=mm&r=g","url":"https:\/\/secure.gravatar.com\/avatar\/8fadbca458d4cb68b1dd399ae9a40618d747bb1af65ac9fad21c89220a143eb4?s=96&d=mm&r=g","contentUrl":"https:\/\/secure.gravatar.com\/avatar\/8fadbca458d4cb68b1dd399ae9a40618d747bb1af65ac9fad21c89220a143eb4?s=96&d=mm&r=g","caption":"maranhaotv"},"sameAs":["https:\/\/maranhaotv.com.br\/"],"url":"https:\/\/maranhaotv.com.br\/index.php\/author\/maranhaotv\/"}]}},"jetpack_featured_media_url":"https:\/\/maranhaotv.com.br\/wp-content\/uploads\/2024\/11\/IMG-20241130-WA0062.jpg","jetpack_sharing_enabled":true,"_links":{"self":[{"href":"https:\/\/maranhaotv.com.br\/index.php\/wp-json\/wp\/v2\/posts\/38966","targetHints":{"allow":["GET"]}}],"collection":[{"href":"https:\/\/maranhaotv.com.br\/index.php\/wp-json\/wp\/v2\/posts"}],"about":[{"href":"https:\/\/maranhaotv.com.br\/index.php\/wp-json\/wp\/v2\/types\/post"}],"author":[{"embeddable":true,"href":"https:\/\/maranhaotv.com.br\/index.php\/wp-json\/wp\/v2\/users\/2"}],"replies":[{"embeddable":true,"href":"https:\/\/maranhaotv.com.br\/index.php\/wp-json\/wp\/v2\/comments?post=38966"}],"version-history":[{"count":1,"href":"https:\/\/maranhaotv.com.br\/index.php\/wp-json\/wp\/v2\/posts\/38966\/revisions"}],"predecessor-version":[{"id":38967,"href":"https:\/\/maranhaotv.com.br\/index.php\/wp-json\/wp\/v2\/posts\/38966\/revisions\/38967"}],"wp:featuredmedia":[{"embeddable":true,"href":"https:\/\/maranhaotv.com.br\/index.php\/wp-json\/wp\/v2\/media\/38965"}],"wp:attachment":[{"href":"https:\/\/maranhaotv.com.br\/index.php\/wp-json\/wp\/v2\/media?parent=38966"}],"wp:term":[{"taxonomy":"category","embeddable":true,"href":"https:\/\/maranhaotv.com.br\/index.php\/wp-json\/wp\/v2\/categories?post=38966"},{"taxonomy":"post_tag","embeddable":true,"href":"https:\/\/maranhaotv.com.br\/index.php\/wp-json\/wp\/v2\/tags?post=38966"}],"curies":[{"name":"wp","href":"https:\/\/api.w.org\/{rel}","templated":true}]}}