{"id":38969,"date":"2024-11-30T13:17:02","date_gmt":"2024-11-30T16:17:02","guid":{"rendered":"https:\/\/maranhaotv.com.br\/?p=38969"},"modified":"2024-11-30T13:17:25","modified_gmt":"2024-11-30T16:17:25","slug":"carmen-lucia-solicita-explicacoes-da-alema-sobre-criterio-de-desempate-em-eleicao","status":"publish","type":"post","link":"https:\/\/maranhaotv.com.br\/index.php\/2024\/11\/30\/carmen-lucia-solicita-explicacoes-da-alema-sobre-criterio-de-desempate-em-eleicao\/","title":{"rendered":"C\u00e1rmen L\u00facia solicita explica\u00e7\u00f5es da ALEMA sobre crit\u00e9rio de desempate em elei\u00e7\u00e3o"},"content":{"rendered":"\n<p>A ministra C\u00e1rmen L\u00facia, do Supremo Tribunal Federal (STF), determinou nesta sexta-feira (29) que Iracema Vale, presidente da Assembleia Legislativa do Maranh\u00e3o (ALEMA), esclare\u00e7a o crit\u00e9rio de desempate utilizado na elei\u00e7\u00e3o da Mesa Diretora para o bi\u00eanio 2025\/2026. A decis\u00e3o foi tomada no \u00e2mbito de uma A\u00e7\u00e3o Direta de Inconstitucionalidade (ADI) movida pelo partido Solidariedade, que questiona a legalidade do artigo 8\u00ba, inciso IV, do Regimento Interno da ALEMA.<br \/><br \/>O dispositivo em quest\u00e3o estabelece que, em caso de empate, o candidato mais idoso ser\u00e1 declarado vencedor. Para o Solidariedade, essa norma afronta a Constitui\u00e7\u00e3o Federal, que prev\u00ea simetria com o regimento da C\u00e2mara dos Deputados, onde o crit\u00e9rio de desempate \u00e9 o n\u00famero de legislaturas exercidas. A legenda tamb\u00e9m alega que a regra contraria princ\u00edpios constitucionais como isonomia, impessoalidade e razoabilidade.<br \/><br \/>Na ADI, o Solidariedade pede que o STF suspenda o crit\u00e9rio baseado na idade e adote o n\u00famero de legislaturas como regra de desempate. Caso o pedido seja aceito, a elei\u00e7\u00e3o da Mesa Diretora, realizada em 13 de novembro, poder\u00e1 ser anulada, exigindo nova proclama\u00e7\u00e3o do vencedor.<br \/><br \/>Seguindo o rito c\u00e9lere previsto no artigo 10 da Lei n\u00ba 9.868\/1999, C\u00e1rmen L\u00facia concedeu cinco dias para que a ALEMA apresente sua resposta. Em seguida, a Advocacia-Geral da Uni\u00e3o (AGU) e a Procuradoria-Geral da Rep\u00fablica (PGR) ter\u00e3o tr\u00eas dias para se manifestar. A decis\u00e3o final caber\u00e1 ao plen\u00e1rio do STF, que avaliar\u00e1 o m\u00e9rito da a\u00e7\u00e3o em momento oportuno.<\/p>\n","protected":false},"excerpt":{"rendered":"<p>A ministra C\u00e1rmen L\u00facia, do Supremo Tribunal Federal (STF), determinou nesta sexta-feira (29) que Iracema Vale, presidente da Assembleia Legislativa<\/p>\n","protected":false},"author":2,"featured_media":38968,"comment_status":"open","ping_status":"open","sticky":false,"template":"","format":"standard","meta":{"colormag_page_container_layout":"default_layout","colormag_page_sidebar_layout":"default_layout","_jetpack_memberships_contains_paid_content":false,"footnotes":""},"categories":[6],"tags":[],"class_list":["post-38969","post","type-post","status-publish","format-standard","has-post-thumbnail","hentry","category-politica"],"magazineBlocksPostFeaturedMedia":{"thumbnail":"https:\/\/maranhaotv.com.br\/wp-content\/uploads\/2024\/11\/images-1-1-553x375-1-150x150.jpeg","medium":"https:\/\/maranhaotv.com.br\/wp-content\/uploads\/2024\/11\/images-1-1-553x375-1-300x203.jpeg","medium_large":"https:\/\/maranhaotv.com.br\/wp-content\/uploads\/2024\/11\/images-1-1-553x375-1.jpeg","large":"https:\/\/maranhaotv.com.br\/wp-content\/uploads\/2024\/11\/images-1-1-553x375-1.jpeg","1536x1536":"https:\/\/maranhaotv.com.br\/wp-content\/uploads\/2024\/11\/images-1-1-553x375-1.jpeg","2048x2048":"https:\/\/maranhaotv.com.br\/wp-content\/uploads\/2024\/11\/images-1-1-553x375-1.jpeg","colormag-highlighted-post":"https:\/\/maranhaotv.com.br\/wp-content\/uploads\/2024\/11\/images-1-1-553x375-1-392x272.jpeg","colormag-featured-post-medium":"https:\/\/maranhaotv.com.br\/wp-content\/uploads\/2024\/11\/images-1-1-553x375-1-390x205.jpeg","colormag-featured-post-small":"https:\/\/maranhaotv.com.br\/wp-content\/uploads\/2024\/11\/images-1-1-553x375-1-130x90.jpeg","colormag-featured-image":"https:\/\/maranhaotv.com.br\/wp-content\/uploads\/2024\/11\/images-1-1-553x375-1.jpeg","colormag-default-news":"https:\/\/maranhaotv.com.br\/wp-content\/uploads\/2024\/11\/images-1-1-553x375-1-150x150.jpeg","colormag-featured-image-large":"https:\/\/maranhaotv.com.br\/wp-content\/uploads\/2024\/11\/images-1-1-553x375-1.jpeg"},"magazineBlocksPostAuthor":{"name":"maranhaotv","avatar":"https:\/\/secure.gravatar.com\/avatar\/8fadbca458d4cb68b1dd399ae9a40618d747bb1af65ac9fad21c89220a143eb4?s=96&d=mm&r=g"},"magazineBlocksPostCommentsNumber":"0","magazineBlocksPostExcerpt":"A ministra C\u00e1rmen L\u00facia, do Supremo Tribunal Federal (STF), determinou nesta sexta-feira (29) que Iracema Vale, presidente da Assembleia Legislativa","magazineBlocksPostCategories":["pol\u00edtica"],"magazineBlocksPostViewCount":227,"magazineBlocksPostReadTime":2,"magazine_blocks_featured_image_url":{"full":["https:\/\/maranhaotv.com.br\/wp-content\/uploads\/2024\/11\/images-1-1-553x375-1.jpeg",553,375,false],"medium":["https:\/\/maranhaotv.com.br\/wp-content\/uploads\/2024\/11\/images-1-1-553x375-1-300x203.jpeg",300,203,true],"thumbnail":["https:\/\/maranhaotv.com.br\/wp-content\/uploads\/2024\/11\/images-1-1-553x375-1-150x150.jpeg",150,150,true]},"magazine_blocks_author":{"display_name":"maranhaotv","author_link":"https:\/\/maranhaotv.com.br\/index.php\/author\/maranhaotv\/"},"magazine_blocks_comment":0,"magazine_blocks_author_image":"https:\/\/secure.gravatar.com\/avatar\/8fadbca458d4cb68b1dd399ae9a40618d747bb1af65ac9fad21c89220a143eb4?s=96&d=mm&r=g","magazine_blocks_category":"<a href=\"#\" class=\"category-link category-link-6\">pol\u00edtica<\/a>","yoast_head":"<!-- This site is optimized with the Yoast SEO plugin v27.4 - https:\/\/yoast.com\/product\/yoast-seo-wordpress\/ -->\n<title>C\u00e1rmen L\u00facia solicita explica\u00e7\u00f5es da ALEMA sobre crit\u00e9rio de desempate em elei\u00e7\u00e3o - NOT\u00cdCIAS EM TEMPO REAL<\/title>\n<meta name=\"robots\" content=\"index, follow, max-snippet:-1, max-image-preview:large, max-video-preview:-1\" \/>\n<link rel=\"canonical\" href=\"https:\/\/maranhaotv.com.br\/index.php\/2024\/11\/30\/carmen-lucia-solicita-explicacoes-da-alema-sobre-criterio-de-desempate-em-eleicao\/\" \/>\n<meta property=\"og:locale\" content=\"pt_BR\" \/>\n<meta property=\"og:type\" content=\"article\" \/>\n<meta property=\"og:title\" content=\"C\u00e1rmen L\u00facia solicita explica\u00e7\u00f5es da ALEMA sobre crit\u00e9rio de desempate em elei\u00e7\u00e3o - NOT\u00cdCIAS EM TEMPO REAL\" \/>\n<meta property=\"og:description\" content=\"A ministra C\u00e1rmen L\u00facia, do Supremo Tribunal Federal (STF), determinou nesta sexta-feira (29) que Iracema Vale, presidente da Assembleia Legislativa\" \/>\n<meta property=\"og:url\" content=\"https:\/\/maranhaotv.com.br\/index.php\/2024\/11\/30\/carmen-lucia-solicita-explicacoes-da-alema-sobre-criterio-de-desempate-em-eleicao\/\" \/>\n<meta property=\"og:site_name\" content=\"NOT\u00cdCIAS EM TEMPO REAL\" \/>\n<meta property=\"article:publisher\" content=\"https:\/\/www.facebook.com\/maiobaotv\" \/>\n<meta property=\"article:published_time\" content=\"2024-11-30T16:17:02+00:00\" \/>\n<meta property=\"article:modified_time\" content=\"2024-11-30T16:17:25+00:00\" \/>\n<meta property=\"og:image\" content=\"https:\/\/maranhaotv.com.br\/wp-content\/uploads\/2024\/11\/images-1-1-553x375-1.jpeg\" \/>\n\t<meta property=\"og:image:width\" content=\"553\" \/>\n\t<meta property=\"og:image:height\" content=\"375\" \/>\n\t<meta property=\"og:image:type\" content=\"image\/jpeg\" \/>\n<meta name=\"author\" content=\"maranhaotv\" \/>\n<meta name=\"twitter:card\" content=\"summary_large_image\" \/>\n<meta name=\"twitter:creator\" content=\"@sitemaranhaotv\" \/>\n<meta name=\"twitter:site\" content=\"@sitemaranhaotv\" \/>\n<meta name=\"twitter:label1\" content=\"Escrito por\" \/>\n\t<meta name=\"twitter:data1\" content=\"maranhaotv\" \/>\n\t<meta name=\"twitter:label2\" content=\"Est. tempo de leitura\" \/>\n\t<meta name=\"twitter:data2\" content=\"1 minuto\" \/>\n<script type=\"application\/ld+json\" class=\"yoast-schema-graph\">{\"@context\":\"https:\\\/\\\/schema.org\",\"@graph\":[{\"@type\":\"Article\",\"@id\":\"https:\\\/\\\/maranhaotv.com.br\\\/index.php\\\/2024\\\/11\\\/30\\\/carmen-lucia-solicita-explicacoes-da-alema-sobre-criterio-de-desempate-em-eleicao\\\/#article\",\"isPartOf\":{\"@id\":\"https:\\\/\\\/maranhaotv.com.br\\\/index.php\\\/2024\\\/11\\\/30\\\/carmen-lucia-solicita-explicacoes-da-alema-sobre-criterio-de-desempate-em-eleicao\\\/\"},\"author\":{\"name\":\"maranhaotv\",\"@id\":\"https:\\\/\\\/maranhaotv.com.br\\\/#\\\/schema\\\/person\\\/3d54238e86b20bb5c89ab2fdb8f8829a\"},\"headline\":\"C\u00e1rmen L\u00facia solicita explica\u00e7\u00f5es da ALEMA sobre crit\u00e9rio de desempate em elei\u00e7\u00e3o\",\"datePublished\":\"2024-11-30T16:17:02+00:00\",\"dateModified\":\"2024-11-30T16:17:25+00:00\",\"mainEntityOfPage\":{\"@id\":\"https:\\\/\\\/maranhaotv.com.br\\\/index.php\\\/2024\\\/11\\\/30\\\/carmen-lucia-solicita-explicacoes-da-alema-sobre-criterio-de-desempate-em-eleicao\\\/\"},\"wordCount\":279,\"commentCount\":0,\"publisher\":{\"@id\":\"https:\\\/\\\/maranhaotv.com.br\\\/#organization\"},\"image\":{\"@id\":\"https:\\\/\\\/maranhaotv.com.br\\\/index.php\\\/2024\\\/11\\\/30\\\/carmen-lucia-solicita-explicacoes-da-alema-sobre-criterio-de-desempate-em-eleicao\\\/#primaryimage\"},\"thumbnailUrl\":\"https:\\\/\\\/maranhaotv.com.br\\\/wp-content\\\/uploads\\\/2024\\\/11\\\/images-1-1-553x375-1.jpeg\",\"articleSection\":[\"pol\u00edtica\"],\"inLanguage\":\"pt-BR\",\"potentialAction\":[{\"@type\":\"CommentAction\",\"name\":\"Comment\",\"target\":[\"https:\\\/\\\/maranhaotv.com.br\\\/index.php\\\/2024\\\/11\\\/30\\\/carmen-lucia-solicita-explicacoes-da-alema-sobre-criterio-de-desempate-em-eleicao\\\/#respond\"]}]},{\"@type\":\"WebPage\",\"@id\":\"https:\\\/\\\/maranhaotv.com.br\\\/index.php\\\/2024\\\/11\\\/30\\\/carmen-lucia-solicita-explicacoes-da-alema-sobre-criterio-de-desempate-em-eleicao\\\/\",\"url\":\"https:\\\/\\\/maranhaotv.com.br\\\/index.php\\\/2024\\\/11\\\/30\\\/carmen-lucia-solicita-explicacoes-da-alema-sobre-criterio-de-desempate-em-eleicao\\\/\",\"name\":\"C\u00e1rmen L\u00facia solicita explica\u00e7\u00f5es da ALEMA sobre crit\u00e9rio de desempate em elei\u00e7\u00e3o - NOT\u00cdCIAS EM TEMPO REAL\",\"isPartOf\":{\"@id\":\"https:\\\/\\\/maranhaotv.com.br\\\/#website\"},\"primaryImageOfPage\":{\"@id\":\"https:\\\/\\\/maranhaotv.com.br\\\/index.php\\\/2024\\\/11\\\/30\\\/carmen-lucia-solicita-explicacoes-da-alema-sobre-criterio-de-desempate-em-eleicao\\\/#primaryimage\"},\"image\":{\"@id\":\"https:\\\/\\\/maranhaotv.com.br\\\/index.php\\\/2024\\\/11\\\/30\\\/carmen-lucia-solicita-explicacoes-da-alema-sobre-criterio-de-desempate-em-eleicao\\\/#primaryimage\"},\"thumbnailUrl\":\"https:\\\/\\\/maranhaotv.com.br\\\/wp-content\\\/uploads\\\/2024\\\/11\\\/images-1-1-553x375-1.jpeg\",\"datePublished\":\"2024-11-30T16:17:02+00:00\",\"dateModified\":\"2024-11-30T16:17:25+00:00\",\"breadcrumb\":{\"@id\":\"https:\\\/\\\/maranhaotv.com.br\\\/index.php\\\/2024\\\/11\\\/30\\\/carmen-lucia-solicita-explicacoes-da-alema-sobre-criterio-de-desempate-em-eleicao\\\/#breadcrumb\"},\"inLanguage\":\"pt-BR\",\"potentialAction\":[{\"@type\":\"ReadAction\",\"target\":[\"https:\\\/\\\/maranhaotv.com.br\\\/index.php\\\/2024\\\/11\\\/30\\\/carmen-lucia-solicita-explicacoes-da-alema-sobre-criterio-de-desempate-em-eleicao\\\/\"]}]},{\"@type\":\"ImageObject\",\"inLanguage\":\"pt-BR\",\"@id\":\"https:\\\/\\\/maranhaotv.com.br\\\/index.php\\\/2024\\\/11\\\/30\\\/carmen-lucia-solicita-explicacoes-da-alema-sobre-criterio-de-desempate-em-eleicao\\\/#primaryimage\",\"url\":\"https:\\\/\\\/maranhaotv.com.br\\\/wp-content\\\/uploads\\\/2024\\\/11\\\/images-1-1-553x375-1.jpeg\",\"contentUrl\":\"https:\\\/\\\/maranhaotv.com.br\\\/wp-content\\\/uploads\\\/2024\\\/11\\\/images-1-1-553x375-1.jpeg\",\"width\":553,\"height\":375},{\"@type\":\"BreadcrumbList\",\"@id\":\"https:\\\/\\\/maranhaotv.com.br\\\/index.php\\\/2024\\\/11\\\/30\\\/carmen-lucia-solicita-explicacoes-da-alema-sobre-criterio-de-desempate-em-eleicao\\\/#breadcrumb\",\"itemListElement\":[{\"@type\":\"ListItem\",\"position\":1,\"name\":\"In\u00edcio\",\"item\":\"https:\\\/\\\/maranhaotv.com.br\\\/\"},{\"@type\":\"ListItem\",\"position\":2,\"name\":\"C\u00e1rmen L\u00facia solicita explica\u00e7\u00f5es da ALEMA sobre crit\u00e9rio de desempate em elei\u00e7\u00e3o\"}]},{\"@type\":\"WebSite\",\"@id\":\"https:\\\/\\\/maranhaotv.com.br\\\/#website\",\"url\":\"https:\\\/\\\/maranhaotv.com.br\\\/\",\"name\":\"Maranh\u00e3oTV\",\"description\":\"\",\"publisher\":{\"@id\":\"https:\\\/\\\/maranhaotv.com.br\\\/#organization\"},\"potentialAction\":[{\"@type\":\"SearchAction\",\"target\":{\"@type\":\"EntryPoint\",\"urlTemplate\":\"https:\\\/\\\/maranhaotv.com.br\\\/?s={search_term_string}\"},\"query-input\":{\"@type\":\"PropertyValueSpecification\",\"valueRequired\":true,\"valueName\":\"search_term_string\"}}],\"inLanguage\":\"pt-BR\"},{\"@type\":\"Organization\",\"@id\":\"https:\\\/\\\/maranhaotv.com.br\\\/#organization\",\"name\":\"Portal de Not\u00edcias\",\"url\":\"https:\\\/\\\/maranhaotv.com.br\\\/\",\"logo\":{\"@type\":\"ImageObject\",\"inLanguage\":\"pt-BR\",\"@id\":\"https:\\\/\\\/maranhaotv.com.br\\\/#\\\/schema\\\/logo\\\/image\\\/\",\"url\":\"https:\\\/\\\/maranhaotv.com.br\\\/wp-content\\\/uploads\\\/2024\\\/05\\\/cropped-cropped-avatar-1.png\",\"contentUrl\":\"https:\\\/\\\/maranhaotv.com.br\\\/wp-content\\\/uploads\\\/2024\\\/05\\\/cropped-cropped-avatar-1.png\",\"width\":792,\"height\":428,\"caption\":\"Portal de Not\u00edcias\"},\"image\":{\"@id\":\"https:\\\/\\\/maranhaotv.com.br\\\/#\\\/schema\\\/logo\\\/image\\\/\"},\"sameAs\":[\"https:\\\/\\\/www.facebook.com\\\/maiobaotv\",\"https:\\\/\\\/x.com\\\/sitemaranhaotv\",\"https:\\\/\\\/www.instagram.com\\\/maranhao.tv\",\"https:\\\/\\\/www.threads.net\\\/@maranhao.tv\"]},{\"@type\":\"Person\",\"@id\":\"https:\\\/\\\/maranhaotv.com.br\\\/#\\\/schema\\\/person\\\/3d54238e86b20bb5c89ab2fdb8f8829a\",\"name\":\"maranhaotv\",\"image\":{\"@type\":\"ImageObject\",\"inLanguage\":\"pt-BR\",\"@id\":\"https:\\\/\\\/secure.gravatar.com\\\/avatar\\\/8fadbca458d4cb68b1dd399ae9a40618d747bb1af65ac9fad21c89220a143eb4?s=96&d=mm&r=g\",\"url\":\"https:\\\/\\\/secure.gravatar.com\\\/avatar\\\/8fadbca458d4cb68b1dd399ae9a40618d747bb1af65ac9fad21c89220a143eb4?s=96&d=mm&r=g\",\"contentUrl\":\"https:\\\/\\\/secure.gravatar.com\\\/avatar\\\/8fadbca458d4cb68b1dd399ae9a40618d747bb1af65ac9fad21c89220a143eb4?s=96&d=mm&r=g\",\"caption\":\"maranhaotv\"},\"sameAs\":[\"https:\\\/\\\/maranhaotv.com.br\\\/\"],\"url\":\"https:\\\/\\\/maranhaotv.com.br\\\/index.php\\\/author\\\/maranhaotv\\\/\"}]}<\/script>\n<!-- \/ Yoast SEO plugin. -->","yoast_head_json":{"title":"C\u00e1rmen L\u00facia solicita explica\u00e7\u00f5es da ALEMA sobre crit\u00e9rio de desempate em elei\u00e7\u00e3o - NOT\u00cdCIAS EM TEMPO REAL","robots":{"index":"index","follow":"follow","max-snippet":"max-snippet:-1","max-image-preview":"max-image-preview:large","max-video-preview":"max-video-preview:-1"},"canonical":"https:\/\/maranhaotv.com.br\/index.php\/2024\/11\/30\/carmen-lucia-solicita-explicacoes-da-alema-sobre-criterio-de-desempate-em-eleicao\/","og_locale":"pt_BR","og_type":"article","og_title":"C\u00e1rmen L\u00facia solicita explica\u00e7\u00f5es da ALEMA sobre crit\u00e9rio de desempate em elei\u00e7\u00e3o - NOT\u00cdCIAS EM TEMPO REAL","og_description":"A ministra C\u00e1rmen L\u00facia, do Supremo Tribunal Federal (STF), determinou nesta sexta-feira (29) que Iracema Vale, presidente da Assembleia Legislativa","og_url":"https:\/\/maranhaotv.com.br\/index.php\/2024\/11\/30\/carmen-lucia-solicita-explicacoes-da-alema-sobre-criterio-de-desempate-em-eleicao\/","og_site_name":"NOT\u00cdCIAS EM TEMPO REAL","article_publisher":"https:\/\/www.facebook.com\/maiobaotv","article_published_time":"2024-11-30T16:17:02+00:00","article_modified_time":"2024-11-30T16:17:25+00:00","og_image":[{"width":553,"height":375,"url":"https:\/\/maranhaotv.com.br\/wp-content\/uploads\/2024\/11\/images-1-1-553x375-1.jpeg","type":"image\/jpeg"}],"author":"maranhaotv","twitter_card":"summary_large_image","twitter_creator":"@sitemaranhaotv","twitter_site":"@sitemaranhaotv","twitter_misc":{"Escrito por":"maranhaotv","Est. tempo de leitura":"1 minuto"},"schema":{"@context":"https:\/\/schema.org","@graph":[{"@type":"Article","@id":"https:\/\/maranhaotv.com.br\/index.php\/2024\/11\/30\/carmen-lucia-solicita-explicacoes-da-alema-sobre-criterio-de-desempate-em-eleicao\/#article","isPartOf":{"@id":"https:\/\/maranhaotv.com.br\/index.php\/2024\/11\/30\/carmen-lucia-solicita-explicacoes-da-alema-sobre-criterio-de-desempate-em-eleicao\/"},"author":{"name":"maranhaotv","@id":"https:\/\/maranhaotv.com.br\/#\/schema\/person\/3d54238e86b20bb5c89ab2fdb8f8829a"},"headline":"C\u00e1rmen L\u00facia solicita explica\u00e7\u00f5es da ALEMA sobre crit\u00e9rio de desempate em elei\u00e7\u00e3o","datePublished":"2024-11-30T16:17:02+00:00","dateModified":"2024-11-30T16:17:25+00:00","mainEntityOfPage":{"@id":"https:\/\/maranhaotv.com.br\/index.php\/2024\/11\/30\/carmen-lucia-solicita-explicacoes-da-alema-sobre-criterio-de-desempate-em-eleicao\/"},"wordCount":279,"commentCount":0,"publisher":{"@id":"https:\/\/maranhaotv.com.br\/#organization"},"image":{"@id":"https:\/\/maranhaotv.com.br\/index.php\/2024\/11\/30\/carmen-lucia-solicita-explicacoes-da-alema-sobre-criterio-de-desempate-em-eleicao\/#primaryimage"},"thumbnailUrl":"https:\/\/maranhaotv.com.br\/wp-content\/uploads\/2024\/11\/images-1-1-553x375-1.jpeg","articleSection":["pol\u00edtica"],"inLanguage":"pt-BR","potentialAction":[{"@type":"CommentAction","name":"Comment","target":["https:\/\/maranhaotv.com.br\/index.php\/2024\/11\/30\/carmen-lucia-solicita-explicacoes-da-alema-sobre-criterio-de-desempate-em-eleicao\/#respond"]}]},{"@type":"WebPage","@id":"https:\/\/maranhaotv.com.br\/index.php\/2024\/11\/30\/carmen-lucia-solicita-explicacoes-da-alema-sobre-criterio-de-desempate-em-eleicao\/","url":"https:\/\/maranhaotv.com.br\/index.php\/2024\/11\/30\/carmen-lucia-solicita-explicacoes-da-alema-sobre-criterio-de-desempate-em-eleicao\/","name":"C\u00e1rmen L\u00facia solicita explica\u00e7\u00f5es da ALEMA sobre crit\u00e9rio de desempate em elei\u00e7\u00e3o - NOT\u00cdCIAS EM TEMPO REAL","isPartOf":{"@id":"https:\/\/maranhaotv.com.br\/#website"},"primaryImageOfPage":{"@id":"https:\/\/maranhaotv.com.br\/index.php\/2024\/11\/30\/carmen-lucia-solicita-explicacoes-da-alema-sobre-criterio-de-desempate-em-eleicao\/#primaryimage"},"image":{"@id":"https:\/\/maranhaotv.com.br\/index.php\/2024\/11\/30\/carmen-lucia-solicita-explicacoes-da-alema-sobre-criterio-de-desempate-em-eleicao\/#primaryimage"},"thumbnailUrl":"https:\/\/maranhaotv.com.br\/wp-content\/uploads\/2024\/11\/images-1-1-553x375-1.jpeg","datePublished":"2024-11-30T16:17:02+00:00","dateModified":"2024-11-30T16:17:25+00:00","breadcrumb":{"@id":"https:\/\/maranhaotv.com.br\/index.php\/2024\/11\/30\/carmen-lucia-solicita-explicacoes-da-alema-sobre-criterio-de-desempate-em-eleicao\/#breadcrumb"},"inLanguage":"pt-BR","potentialAction":[{"@type":"ReadAction","target":["https:\/\/maranhaotv.com.br\/index.php\/2024\/11\/30\/carmen-lucia-solicita-explicacoes-da-alema-sobre-criterio-de-desempate-em-eleicao\/"]}]},{"@type":"ImageObject","inLanguage":"pt-BR","@id":"https:\/\/maranhaotv.com.br\/index.php\/2024\/11\/30\/carmen-lucia-solicita-explicacoes-da-alema-sobre-criterio-de-desempate-em-eleicao\/#primaryimage","url":"https:\/\/maranhaotv.com.br\/wp-content\/uploads\/2024\/11\/images-1-1-553x375-1.jpeg","contentUrl":"https:\/\/maranhaotv.com.br\/wp-content\/uploads\/2024\/11\/images-1-1-553x375-1.jpeg","width":553,"height":375},{"@type":"BreadcrumbList","@id":"https:\/\/maranhaotv.com.br\/index.php\/2024\/11\/30\/carmen-lucia-solicita-explicacoes-da-alema-sobre-criterio-de-desempate-em-eleicao\/#breadcrumb","itemListElement":[{"@type":"ListItem","position":1,"name":"In\u00edcio","item":"https:\/\/maranhaotv.com.br\/"},{"@type":"ListItem","position":2,"name":"C\u00e1rmen L\u00facia solicita explica\u00e7\u00f5es da ALEMA sobre crit\u00e9rio de desempate em elei\u00e7\u00e3o"}]},{"@type":"WebSite","@id":"https:\/\/maranhaotv.com.br\/#website","url":"https:\/\/maranhaotv.com.br\/","name":"Maranh\u00e3oTV","description":"","publisher":{"@id":"https:\/\/maranhaotv.com.br\/#organization"},"potentialAction":[{"@type":"SearchAction","target":{"@type":"EntryPoint","urlTemplate":"https:\/\/maranhaotv.com.br\/?s={search_term_string}"},"query-input":{"@type":"PropertyValueSpecification","valueRequired":true,"valueName":"search_term_string"}}],"inLanguage":"pt-BR"},{"@type":"Organization","@id":"https:\/\/maranhaotv.com.br\/#organization","name":"Portal de Not\u00edcias","url":"https:\/\/maranhaotv.com.br\/","logo":{"@type":"ImageObject","inLanguage":"pt-BR","@id":"https:\/\/maranhaotv.com.br\/#\/schema\/logo\/image\/","url":"https:\/\/maranhaotv.com.br\/wp-content\/uploads\/2024\/05\/cropped-cropped-avatar-1.png","contentUrl":"https:\/\/maranhaotv.com.br\/wp-content\/uploads\/2024\/05\/cropped-cropped-avatar-1.png","width":792,"height":428,"caption":"Portal de Not\u00edcias"},"image":{"@id":"https:\/\/maranhaotv.com.br\/#\/schema\/logo\/image\/"},"sameAs":["https:\/\/www.facebook.com\/maiobaotv","https:\/\/x.com\/sitemaranhaotv","https:\/\/www.instagram.com\/maranhao.tv","https:\/\/www.threads.net\/@maranhao.tv"]},{"@type":"Person","@id":"https:\/\/maranhaotv.com.br\/#\/schema\/person\/3d54238e86b20bb5c89ab2fdb8f8829a","name":"maranhaotv","image":{"@type":"ImageObject","inLanguage":"pt-BR","@id":"https:\/\/secure.gravatar.com\/avatar\/8fadbca458d4cb68b1dd399ae9a40618d747bb1af65ac9fad21c89220a143eb4?s=96&d=mm&r=g","url":"https:\/\/secure.gravatar.com\/avatar\/8fadbca458d4cb68b1dd399ae9a40618d747bb1af65ac9fad21c89220a143eb4?s=96&d=mm&r=g","contentUrl":"https:\/\/secure.gravatar.com\/avatar\/8fadbca458d4cb68b1dd399ae9a40618d747bb1af65ac9fad21c89220a143eb4?s=96&d=mm&r=g","caption":"maranhaotv"},"sameAs":["https:\/\/maranhaotv.com.br\/"],"url":"https:\/\/maranhaotv.com.br\/index.php\/author\/maranhaotv\/"}]}},"jetpack_featured_media_url":"https:\/\/maranhaotv.com.br\/wp-content\/uploads\/2024\/11\/images-1-1-553x375-1.jpeg","jetpack_sharing_enabled":true,"_links":{"self":[{"href":"https:\/\/maranhaotv.com.br\/index.php\/wp-json\/wp\/v2\/posts\/38969","targetHints":{"allow":["GET"]}}],"collection":[{"href":"https:\/\/maranhaotv.com.br\/index.php\/wp-json\/wp\/v2\/posts"}],"about":[{"href":"https:\/\/maranhaotv.com.br\/index.php\/wp-json\/wp\/v2\/types\/post"}],"author":[{"embeddable":true,"href":"https:\/\/maranhaotv.com.br\/index.php\/wp-json\/wp\/v2\/users\/2"}],"replies":[{"embeddable":true,"href":"https:\/\/maranhaotv.com.br\/index.php\/wp-json\/wp\/v2\/comments?post=38969"}],"version-history":[{"count":2,"href":"https:\/\/maranhaotv.com.br\/index.php\/wp-json\/wp\/v2\/posts\/38969\/revisions"}],"predecessor-version":[{"id":38971,"href":"https:\/\/maranhaotv.com.br\/index.php\/wp-json\/wp\/v2\/posts\/38969\/revisions\/38971"}],"wp:featuredmedia":[{"embeddable":true,"href":"https:\/\/maranhaotv.com.br\/index.php\/wp-json\/wp\/v2\/media\/38968"}],"wp:attachment":[{"href":"https:\/\/maranhaotv.com.br\/index.php\/wp-json\/wp\/v2\/media?parent=38969"}],"wp:term":[{"taxonomy":"category","embeddable":true,"href":"https:\/\/maranhaotv.com.br\/index.php\/wp-json\/wp\/v2\/categories?post=38969"},{"taxonomy":"post_tag","embeddable":true,"href":"https:\/\/maranhaotv.com.br\/index.php\/wp-json\/wp\/v2\/tags?post=38969"}],"curies":[{"name":"wp","href":"https:\/\/api.w.org\/{rel}","templated":true}]}}