{"id":38977,"date":"2024-12-02T06:19:31","date_gmt":"2024-12-02T09:19:31","guid":{"rendered":"https:\/\/maranhaotv.com.br\/?p=38977"},"modified":"2024-12-02T08:28:55","modified_gmt":"2024-12-02T11:28:55","slug":"derrotados-nas-eleicoes-de-paco-do-lumiar-buscam-abrigo-em-santa-rita","status":"publish","type":"post","link":"https:\/\/maranhaotv.com.br\/index.php\/2024\/12\/02\/derrotados-nas-eleicoes-de-paco-do-lumiar-buscam-abrigo-em-santa-rita\/","title":{"rendered":"Derrotados nas elei\u00e7\u00f5es de Pa\u00e7o do Lumiar buscam abrigo em Santa Rita"},"content":{"rendered":"\n<p>Derrotados nas elei\u00e7\u00f5es de Pa\u00e7o do Lumiar buscam abrigo em Santa Rita<\/p>\n\n\n\n<p>Passados dois meses das elei\u00e7\u00f5es em Pa\u00e7o do Lumiar, um grupo de pol\u00edticos derrotados, composto majoritariamente por ex-vereadores, ex-secret\u00e1rios e assessores especiais, parece ter encontrado um novo alvo: a cidade de Santa Rita. Muitos desses ex-integrantes da gest\u00e3o p\u00fablica luminense, que estavam no governo de Domingos Dutra (afastado por problemas de sa\u00fade) e permaneceram na gest\u00e3o da ex-prefeita Paula da Pindoba (afastada sob acusa\u00e7\u00f5es de corrup\u00e7\u00e3o), agora tentam se reposicionar em cargos no munic\u00edpio governado por Hilton Gon\u00e7alo.<\/p>\n\n\n\n<p>A movimenta\u00e7\u00e3o tem gerado questionamentos na regi\u00e3o. Em Santa Rita, a presen\u00e7a de nomes ligados \u00e0s gest\u00f5es anteriores de Pa\u00e7o do Lumiar \u00e9 vista com desconfian\u00e7a, especialmente porque alguns deles possuem hist\u00f3rico de longa perman\u00eancia no poder sem apresentar resultados concretos. Al\u00e9m disso, a aus\u00eancia de Paula da Pindoba nos eventos do anivers\u00e1rio de 63 anos de Santa Rita, contrastada com a presen\u00e7a de Yanne Fonseca, levantou suspeitas de que a ex-prefeita estaria articulando influ\u00eancia pol\u00edtica em Santa Rita por meio de familiares.<\/p>\n\n\n\n<p>Para os moradores de Santa Rita, a quest\u00e3o central \u00e9: ser\u00e1 que esses \u201cforasteiros\u201d luminenses trar\u00e3o benef\u00edcios reais para o munic\u00edpio ou apenas pesar\u00e3o na folha de pagamento p\u00fablica? A administra\u00e7\u00e3o de Hilton Gon\u00e7alo, que at\u00e9 ent\u00e3o gozava de relativa estabilidade, pode enfrentar desgastes caso a popula\u00e7\u00e3o veja essa movimenta\u00e7\u00e3o como um ato de apadrinhamento pol\u00edtico em detrimento de escolhas t\u00e9cnicas e qualificadas.<\/p>\n\n\n\n<p>O epis\u00f3dio reflete um cen\u00e1rio recorrente na pol\u00edtica maranhense: derrotados nas urnas buscando manter influ\u00eancia e privil\u00e9gios em outras cidades, mesmo sem a aprova\u00e7\u00e3o popular em seus pr\u00f3prios munic\u00edpios. A resposta da popula\u00e7\u00e3o de Santa Rita a essa tentativa de migra\u00e7\u00e3o pol\u00edtica pode ser um indicativo de como a sociedade est\u00e1 reagindo ao uso de cargos p\u00fablicos como moeda de troca em jogos de poder.<\/p>\n\n\n\n<figure class=\"wp-block-image size-large\"><img loading=\"lazy\" decoding=\"async\" width=\"472\" height=\"1024\" src=\"https:\/\/maranhaotv.com.br\/wp-content\/uploads\/2024\/12\/img-20241202-wa00134579946830024509775-472x1024.jpg\" alt=\"\" class=\"wp-image-38975\" srcset=\"https:\/\/maranhaotv.com.br\/wp-content\/uploads\/2024\/12\/img-20241202-wa00134579946830024509775-472x1024.jpg 472w, https:\/\/maranhaotv.com.br\/wp-content\/uploads\/2024\/12\/img-20241202-wa00134579946830024509775-138x300.jpg 138w, https:\/\/maranhaotv.com.br\/wp-content\/uploads\/2024\/12\/img-20241202-wa00134579946830024509775.jpg 590w\" sizes=\"auto, (max-width: 472px) 100vw, 472px\" \/><\/figure>\n","protected":false},"excerpt":{"rendered":"<p>Derrotados nas elei\u00e7\u00f5es de Pa\u00e7o do Lumiar buscam abrigo em Santa Rita Passados dois meses das elei\u00e7\u00f5es em Pa\u00e7o do<\/p>\n","protected":false},"author":2,"featured_media":38976,"comment_status":"open","ping_status":"open","sticky":false,"template":"","format":"standard","meta":{"colormag_page_container_layout":"default_layout","colormag_page_sidebar_layout":"default_layout","_jetpack_memberships_contains_paid_content":false,"footnotes":""},"categories":[6],"tags":[],"class_list":["post-38977","post","type-post","status-publish","format-standard","has-post-thumbnail","hentry","category-politica"],"magazineBlocksPostFeaturedMedia":{"thumbnail":"https:\/\/maranhaotv.com.br\/wp-content\/uploads\/2024\/12\/IMG-20241202-WA0014-150x150.jpg","medium":"https:\/\/maranhaotv.com.br\/wp-content\/uploads\/2024\/12\/IMG-20241202-WA0014-300x225.jpg","medium_large":"https:\/\/maranhaotv.com.br\/wp-content\/uploads\/2024\/12\/IMG-20241202-WA0014-768x576.jpg","large":"https:\/\/maranhaotv.com.br\/wp-content\/uploads\/2024\/12\/IMG-20241202-WA0014-1024x768.jpg","1536x1536":"https:\/\/maranhaotv.com.br\/wp-content\/uploads\/2024\/12\/IMG-20241202-WA0014.jpg","2048x2048":"https:\/\/maranhaotv.com.br\/wp-content\/uploads\/2024\/12\/IMG-20241202-WA0014.jpg","colormag-highlighted-post":"https:\/\/maranhaotv.com.br\/wp-content\/uploads\/2024\/12\/IMG-20241202-WA0014-392x272.jpg","colormag-featured-post-medium":"https:\/\/maranhaotv.com.br\/wp-content\/uploads\/2024\/12\/IMG-20241202-WA0014-390x205.jpg","colormag-featured-post-small":"https:\/\/maranhaotv.com.br\/wp-content\/uploads\/2024\/12\/IMG-20241202-WA0014-130x90.jpg","colormag-featured-image":"https:\/\/maranhaotv.com.br\/wp-content\/uploads\/2024\/12\/IMG-20241202-WA0014-800x445.jpg","colormag-default-news":"https:\/\/maranhaotv.com.br\/wp-content\/uploads\/2024\/12\/IMG-20241202-WA0014-150x150.jpg","colormag-featured-image-large":"https:\/\/maranhaotv.com.br\/wp-content\/uploads\/2024\/12\/IMG-20241202-WA0014-1280x600.jpg"},"magazineBlocksPostAuthor":{"name":"maranhaotv","avatar":"https:\/\/secure.gravatar.com\/avatar\/8fadbca458d4cb68b1dd399ae9a40618d747bb1af65ac9fad21c89220a143eb4?s=96&d=mm&r=g"},"magazineBlocksPostCommentsNumber":"0","magazineBlocksPostExcerpt":"Derrotados nas elei\u00e7\u00f5es de Pa\u00e7o do Lumiar buscam abrigo em Santa Rita Passados dois meses das elei\u00e7\u00f5es em Pa\u00e7o do","magazineBlocksPostCategories":["pol\u00edtica"],"magazineBlocksPostViewCount":313,"magazineBlocksPostReadTime":2,"magazine_blocks_featured_image_url":{"full":["https:\/\/maranhaotv.com.br\/wp-content\/uploads\/2024\/12\/IMG-20241202-WA0014.jpg",1280,960,false],"medium":["https:\/\/maranhaotv.com.br\/wp-content\/uploads\/2024\/12\/IMG-20241202-WA0014-300x225.jpg",300,225,true],"thumbnail":["https:\/\/maranhaotv.com.br\/wp-content\/uploads\/2024\/12\/IMG-20241202-WA0014-150x150.jpg",150,150,true]},"magazine_blocks_author":{"display_name":"maranhaotv","author_link":"https:\/\/maranhaotv.com.br\/index.php\/author\/maranhaotv\/"},"magazine_blocks_comment":0,"magazine_blocks_author_image":"https:\/\/secure.gravatar.com\/avatar\/8fadbca458d4cb68b1dd399ae9a40618d747bb1af65ac9fad21c89220a143eb4?s=96&d=mm&r=g","magazine_blocks_category":"<a href=\"#\" class=\"category-link category-link-6\">pol\u00edtica<\/a>","yoast_head":"<!-- This site is optimized with the Yoast SEO plugin v27.4 - https:\/\/yoast.com\/product\/yoast-seo-wordpress\/ -->\n<title>Derrotados nas elei\u00e7\u00f5es de Pa\u00e7o do Lumiar buscam abrigo em Santa Rita - NOT\u00cdCIAS EM TEMPO REAL<\/title>\n<meta name=\"robots\" content=\"index, follow, max-snippet:-1, max-image-preview:large, max-video-preview:-1\" \/>\n<link rel=\"canonical\" href=\"https:\/\/maranhaotv.com.br\/index.php\/2024\/12\/02\/derrotados-nas-eleicoes-de-paco-do-lumiar-buscam-abrigo-em-santa-rita\/\" \/>\n<meta property=\"og:locale\" content=\"pt_BR\" \/>\n<meta property=\"og:type\" content=\"article\" \/>\n<meta property=\"og:title\" content=\"Derrotados nas elei\u00e7\u00f5es de Pa\u00e7o do Lumiar buscam abrigo em Santa Rita - NOT\u00cdCIAS EM TEMPO REAL\" \/>\n<meta property=\"og:description\" content=\"Derrotados nas elei\u00e7\u00f5es de Pa\u00e7o do Lumiar buscam abrigo em Santa Rita Passados dois meses das elei\u00e7\u00f5es em Pa\u00e7o do\" \/>\n<meta property=\"og:url\" content=\"https:\/\/maranhaotv.com.br\/index.php\/2024\/12\/02\/derrotados-nas-eleicoes-de-paco-do-lumiar-buscam-abrigo-em-santa-rita\/\" \/>\n<meta property=\"og:site_name\" content=\"NOT\u00cdCIAS EM TEMPO REAL\" \/>\n<meta property=\"article:publisher\" content=\"https:\/\/www.facebook.com\/maiobaotv\" \/>\n<meta property=\"article:published_time\" content=\"2024-12-02T09:19:31+00:00\" \/>\n<meta property=\"article:modified_time\" content=\"2024-12-02T11:28:55+00:00\" \/>\n<meta property=\"og:image\" content=\"https:\/\/maranhaotv.com.br\/wp-content\/uploads\/2024\/12\/IMG-20241202-WA0014.jpg\" \/>\n\t<meta property=\"og:image:width\" content=\"1280\" \/>\n\t<meta property=\"og:image:height\" content=\"960\" \/>\n\t<meta property=\"og:image:type\" content=\"image\/jpeg\" \/>\n<meta name=\"author\" content=\"maranhaotv\" \/>\n<meta name=\"twitter:card\" content=\"summary_large_image\" \/>\n<meta name=\"twitter:creator\" content=\"@sitemaranhaotv\" \/>\n<meta name=\"twitter:site\" content=\"@sitemaranhaotv\" \/>\n<meta name=\"twitter:label1\" content=\"Escrito por\" \/>\n\t<meta name=\"twitter:data1\" content=\"maranhaotv\" \/>\n\t<meta name=\"twitter:label2\" content=\"Est. tempo de leitura\" \/>\n\t<meta name=\"twitter:data2\" content=\"2 minutos\" \/>\n<script type=\"application\/ld+json\" class=\"yoast-schema-graph\">{\"@context\":\"https:\\\/\\\/schema.org\",\"@graph\":[{\"@type\":\"Article\",\"@id\":\"https:\\\/\\\/maranhaotv.com.br\\\/index.php\\\/2024\\\/12\\\/02\\\/derrotados-nas-eleicoes-de-paco-do-lumiar-buscam-abrigo-em-santa-rita\\\/#article\",\"isPartOf\":{\"@id\":\"https:\\\/\\\/maranhaotv.com.br\\\/index.php\\\/2024\\\/12\\\/02\\\/derrotados-nas-eleicoes-de-paco-do-lumiar-buscam-abrigo-em-santa-rita\\\/\"},\"author\":{\"name\":\"maranhaotv\",\"@id\":\"https:\\\/\\\/maranhaotv.com.br\\\/#\\\/schema\\\/person\\\/3d54238e86b20bb5c89ab2fdb8f8829a\"},\"headline\":\"Derrotados nas elei\u00e7\u00f5es de Pa\u00e7o do Lumiar buscam abrigo em Santa Rita\",\"datePublished\":\"2024-12-02T09:19:31+00:00\",\"dateModified\":\"2024-12-02T11:28:55+00:00\",\"mainEntityOfPage\":{\"@id\":\"https:\\\/\\\/maranhaotv.com.br\\\/index.php\\\/2024\\\/12\\\/02\\\/derrotados-nas-eleicoes-de-paco-do-lumiar-buscam-abrigo-em-santa-rita\\\/\"},\"wordCount\":365,\"commentCount\":0,\"publisher\":{\"@id\":\"https:\\\/\\\/maranhaotv.com.br\\\/#organization\"},\"image\":{\"@id\":\"https:\\\/\\\/maranhaotv.com.br\\\/index.php\\\/2024\\\/12\\\/02\\\/derrotados-nas-eleicoes-de-paco-do-lumiar-buscam-abrigo-em-santa-rita\\\/#primaryimage\"},\"thumbnailUrl\":\"https:\\\/\\\/maranhaotv.com.br\\\/wp-content\\\/uploads\\\/2024\\\/12\\\/IMG-20241202-WA0014.jpg\",\"articleSection\":[\"pol\u00edtica\"],\"inLanguage\":\"pt-BR\",\"potentialAction\":[{\"@type\":\"CommentAction\",\"name\":\"Comment\",\"target\":[\"https:\\\/\\\/maranhaotv.com.br\\\/index.php\\\/2024\\\/12\\\/02\\\/derrotados-nas-eleicoes-de-paco-do-lumiar-buscam-abrigo-em-santa-rita\\\/#respond\"]}]},{\"@type\":\"WebPage\",\"@id\":\"https:\\\/\\\/maranhaotv.com.br\\\/index.php\\\/2024\\\/12\\\/02\\\/derrotados-nas-eleicoes-de-paco-do-lumiar-buscam-abrigo-em-santa-rita\\\/\",\"url\":\"https:\\\/\\\/maranhaotv.com.br\\\/index.php\\\/2024\\\/12\\\/02\\\/derrotados-nas-eleicoes-de-paco-do-lumiar-buscam-abrigo-em-santa-rita\\\/\",\"name\":\"Derrotados nas elei\u00e7\u00f5es de Pa\u00e7o do Lumiar buscam abrigo em Santa Rita - NOT\u00cdCIAS EM TEMPO REAL\",\"isPartOf\":{\"@id\":\"https:\\\/\\\/maranhaotv.com.br\\\/#website\"},\"primaryImageOfPage\":{\"@id\":\"https:\\\/\\\/maranhaotv.com.br\\\/index.php\\\/2024\\\/12\\\/02\\\/derrotados-nas-eleicoes-de-paco-do-lumiar-buscam-abrigo-em-santa-rita\\\/#primaryimage\"},\"image\":{\"@id\":\"https:\\\/\\\/maranhaotv.com.br\\\/index.php\\\/2024\\\/12\\\/02\\\/derrotados-nas-eleicoes-de-paco-do-lumiar-buscam-abrigo-em-santa-rita\\\/#primaryimage\"},\"thumbnailUrl\":\"https:\\\/\\\/maranhaotv.com.br\\\/wp-content\\\/uploads\\\/2024\\\/12\\\/IMG-20241202-WA0014.jpg\",\"datePublished\":\"2024-12-02T09:19:31+00:00\",\"dateModified\":\"2024-12-02T11:28:55+00:00\",\"breadcrumb\":{\"@id\":\"https:\\\/\\\/maranhaotv.com.br\\\/index.php\\\/2024\\\/12\\\/02\\\/derrotados-nas-eleicoes-de-paco-do-lumiar-buscam-abrigo-em-santa-rita\\\/#breadcrumb\"},\"inLanguage\":\"pt-BR\",\"potentialAction\":[{\"@type\":\"ReadAction\",\"target\":[\"https:\\\/\\\/maranhaotv.com.br\\\/index.php\\\/2024\\\/12\\\/02\\\/derrotados-nas-eleicoes-de-paco-do-lumiar-buscam-abrigo-em-santa-rita\\\/\"]}]},{\"@type\":\"ImageObject\",\"inLanguage\":\"pt-BR\",\"@id\":\"https:\\\/\\\/maranhaotv.com.br\\\/index.php\\\/2024\\\/12\\\/02\\\/derrotados-nas-eleicoes-de-paco-do-lumiar-buscam-abrigo-em-santa-rita\\\/#primaryimage\",\"url\":\"https:\\\/\\\/maranhaotv.com.br\\\/wp-content\\\/uploads\\\/2024\\\/12\\\/IMG-20241202-WA0014.jpg\",\"contentUrl\":\"https:\\\/\\\/maranhaotv.com.br\\\/wp-content\\\/uploads\\\/2024\\\/12\\\/IMG-20241202-WA0014.jpg\",\"width\":1280,\"height\":960},{\"@type\":\"BreadcrumbList\",\"@id\":\"https:\\\/\\\/maranhaotv.com.br\\\/index.php\\\/2024\\\/12\\\/02\\\/derrotados-nas-eleicoes-de-paco-do-lumiar-buscam-abrigo-em-santa-rita\\\/#breadcrumb\",\"itemListElement\":[{\"@type\":\"ListItem\",\"position\":1,\"name\":\"In\u00edcio\",\"item\":\"https:\\\/\\\/maranhaotv.com.br\\\/\"},{\"@type\":\"ListItem\",\"position\":2,\"name\":\"Derrotados nas elei\u00e7\u00f5es de Pa\u00e7o do Lumiar buscam abrigo em Santa Rita\"}]},{\"@type\":\"WebSite\",\"@id\":\"https:\\\/\\\/maranhaotv.com.br\\\/#website\",\"url\":\"https:\\\/\\\/maranhaotv.com.br\\\/\",\"name\":\"Maranh\u00e3oTV\",\"description\":\"\",\"publisher\":{\"@id\":\"https:\\\/\\\/maranhaotv.com.br\\\/#organization\"},\"potentialAction\":[{\"@type\":\"SearchAction\",\"target\":{\"@type\":\"EntryPoint\",\"urlTemplate\":\"https:\\\/\\\/maranhaotv.com.br\\\/?s={search_term_string}\"},\"query-input\":{\"@type\":\"PropertyValueSpecification\",\"valueRequired\":true,\"valueName\":\"search_term_string\"}}],\"inLanguage\":\"pt-BR\"},{\"@type\":\"Organization\",\"@id\":\"https:\\\/\\\/maranhaotv.com.br\\\/#organization\",\"name\":\"Portal de Not\u00edcias\",\"url\":\"https:\\\/\\\/maranhaotv.com.br\\\/\",\"logo\":{\"@type\":\"ImageObject\",\"inLanguage\":\"pt-BR\",\"@id\":\"https:\\\/\\\/maranhaotv.com.br\\\/#\\\/schema\\\/logo\\\/image\\\/\",\"url\":\"https:\\\/\\\/maranhaotv.com.br\\\/wp-content\\\/uploads\\\/2024\\\/05\\\/cropped-cropped-avatar-1.png\",\"contentUrl\":\"https:\\\/\\\/maranhaotv.com.br\\\/wp-content\\\/uploads\\\/2024\\\/05\\\/cropped-cropped-avatar-1.png\",\"width\":792,\"height\":428,\"caption\":\"Portal de Not\u00edcias\"},\"image\":{\"@id\":\"https:\\\/\\\/maranhaotv.com.br\\\/#\\\/schema\\\/logo\\\/image\\\/\"},\"sameAs\":[\"https:\\\/\\\/www.facebook.com\\\/maiobaotv\",\"https:\\\/\\\/x.com\\\/sitemaranhaotv\",\"https:\\\/\\\/www.instagram.com\\\/maranhao.tv\",\"https:\\\/\\\/www.threads.net\\\/@maranhao.tv\"]},{\"@type\":\"Person\",\"@id\":\"https:\\\/\\\/maranhaotv.com.br\\\/#\\\/schema\\\/person\\\/3d54238e86b20bb5c89ab2fdb8f8829a\",\"name\":\"maranhaotv\",\"image\":{\"@type\":\"ImageObject\",\"inLanguage\":\"pt-BR\",\"@id\":\"https:\\\/\\\/secure.gravatar.com\\\/avatar\\\/8fadbca458d4cb68b1dd399ae9a40618d747bb1af65ac9fad21c89220a143eb4?s=96&d=mm&r=g\",\"url\":\"https:\\\/\\\/secure.gravatar.com\\\/avatar\\\/8fadbca458d4cb68b1dd399ae9a40618d747bb1af65ac9fad21c89220a143eb4?s=96&d=mm&r=g\",\"contentUrl\":\"https:\\\/\\\/secure.gravatar.com\\\/avatar\\\/8fadbca458d4cb68b1dd399ae9a40618d747bb1af65ac9fad21c89220a143eb4?s=96&d=mm&r=g\",\"caption\":\"maranhaotv\"},\"sameAs\":[\"https:\\\/\\\/maranhaotv.com.br\\\/\"],\"url\":\"https:\\\/\\\/maranhaotv.com.br\\\/index.php\\\/author\\\/maranhaotv\\\/\"}]}<\/script>\n<!-- \/ Yoast SEO plugin. -->","yoast_head_json":{"title":"Derrotados nas elei\u00e7\u00f5es de Pa\u00e7o do Lumiar buscam abrigo em Santa Rita - NOT\u00cdCIAS EM TEMPO REAL","robots":{"index":"index","follow":"follow","max-snippet":"max-snippet:-1","max-image-preview":"max-image-preview:large","max-video-preview":"max-video-preview:-1"},"canonical":"https:\/\/maranhaotv.com.br\/index.php\/2024\/12\/02\/derrotados-nas-eleicoes-de-paco-do-lumiar-buscam-abrigo-em-santa-rita\/","og_locale":"pt_BR","og_type":"article","og_title":"Derrotados nas elei\u00e7\u00f5es de Pa\u00e7o do Lumiar buscam abrigo em Santa Rita - NOT\u00cdCIAS EM TEMPO REAL","og_description":"Derrotados nas elei\u00e7\u00f5es de Pa\u00e7o do Lumiar buscam abrigo em Santa Rita Passados dois meses das elei\u00e7\u00f5es em Pa\u00e7o do","og_url":"https:\/\/maranhaotv.com.br\/index.php\/2024\/12\/02\/derrotados-nas-eleicoes-de-paco-do-lumiar-buscam-abrigo-em-santa-rita\/","og_site_name":"NOT\u00cdCIAS EM TEMPO REAL","article_publisher":"https:\/\/www.facebook.com\/maiobaotv","article_published_time":"2024-12-02T09:19:31+00:00","article_modified_time":"2024-12-02T11:28:55+00:00","og_image":[{"width":1280,"height":960,"url":"https:\/\/maranhaotv.com.br\/wp-content\/uploads\/2024\/12\/IMG-20241202-WA0014.jpg","type":"image\/jpeg"}],"author":"maranhaotv","twitter_card":"summary_large_image","twitter_creator":"@sitemaranhaotv","twitter_site":"@sitemaranhaotv","twitter_misc":{"Escrito por":"maranhaotv","Est. tempo de leitura":"2 minutos"},"schema":{"@context":"https:\/\/schema.org","@graph":[{"@type":"Article","@id":"https:\/\/maranhaotv.com.br\/index.php\/2024\/12\/02\/derrotados-nas-eleicoes-de-paco-do-lumiar-buscam-abrigo-em-santa-rita\/#article","isPartOf":{"@id":"https:\/\/maranhaotv.com.br\/index.php\/2024\/12\/02\/derrotados-nas-eleicoes-de-paco-do-lumiar-buscam-abrigo-em-santa-rita\/"},"author":{"name":"maranhaotv","@id":"https:\/\/maranhaotv.com.br\/#\/schema\/person\/3d54238e86b20bb5c89ab2fdb8f8829a"},"headline":"Derrotados nas elei\u00e7\u00f5es de Pa\u00e7o do Lumiar buscam abrigo em Santa Rita","datePublished":"2024-12-02T09:19:31+00:00","dateModified":"2024-12-02T11:28:55+00:00","mainEntityOfPage":{"@id":"https:\/\/maranhaotv.com.br\/index.php\/2024\/12\/02\/derrotados-nas-eleicoes-de-paco-do-lumiar-buscam-abrigo-em-santa-rita\/"},"wordCount":365,"commentCount":0,"publisher":{"@id":"https:\/\/maranhaotv.com.br\/#organization"},"image":{"@id":"https:\/\/maranhaotv.com.br\/index.php\/2024\/12\/02\/derrotados-nas-eleicoes-de-paco-do-lumiar-buscam-abrigo-em-santa-rita\/#primaryimage"},"thumbnailUrl":"https:\/\/maranhaotv.com.br\/wp-content\/uploads\/2024\/12\/IMG-20241202-WA0014.jpg","articleSection":["pol\u00edtica"],"inLanguage":"pt-BR","potentialAction":[{"@type":"CommentAction","name":"Comment","target":["https:\/\/maranhaotv.com.br\/index.php\/2024\/12\/02\/derrotados-nas-eleicoes-de-paco-do-lumiar-buscam-abrigo-em-santa-rita\/#respond"]}]},{"@type":"WebPage","@id":"https:\/\/maranhaotv.com.br\/index.php\/2024\/12\/02\/derrotados-nas-eleicoes-de-paco-do-lumiar-buscam-abrigo-em-santa-rita\/","url":"https:\/\/maranhaotv.com.br\/index.php\/2024\/12\/02\/derrotados-nas-eleicoes-de-paco-do-lumiar-buscam-abrigo-em-santa-rita\/","name":"Derrotados nas elei\u00e7\u00f5es de Pa\u00e7o do Lumiar buscam abrigo em Santa Rita - NOT\u00cdCIAS EM TEMPO REAL","isPartOf":{"@id":"https:\/\/maranhaotv.com.br\/#website"},"primaryImageOfPage":{"@id":"https:\/\/maranhaotv.com.br\/index.php\/2024\/12\/02\/derrotados-nas-eleicoes-de-paco-do-lumiar-buscam-abrigo-em-santa-rita\/#primaryimage"},"image":{"@id":"https:\/\/maranhaotv.com.br\/index.php\/2024\/12\/02\/derrotados-nas-eleicoes-de-paco-do-lumiar-buscam-abrigo-em-santa-rita\/#primaryimage"},"thumbnailUrl":"https:\/\/maranhaotv.com.br\/wp-content\/uploads\/2024\/12\/IMG-20241202-WA0014.jpg","datePublished":"2024-12-02T09:19:31+00:00","dateModified":"2024-12-02T11:28:55+00:00","breadcrumb":{"@id":"https:\/\/maranhaotv.com.br\/index.php\/2024\/12\/02\/derrotados-nas-eleicoes-de-paco-do-lumiar-buscam-abrigo-em-santa-rita\/#breadcrumb"},"inLanguage":"pt-BR","potentialAction":[{"@type":"ReadAction","target":["https:\/\/maranhaotv.com.br\/index.php\/2024\/12\/02\/derrotados-nas-eleicoes-de-paco-do-lumiar-buscam-abrigo-em-santa-rita\/"]}]},{"@type":"ImageObject","inLanguage":"pt-BR","@id":"https:\/\/maranhaotv.com.br\/index.php\/2024\/12\/02\/derrotados-nas-eleicoes-de-paco-do-lumiar-buscam-abrigo-em-santa-rita\/#primaryimage","url":"https:\/\/maranhaotv.com.br\/wp-content\/uploads\/2024\/12\/IMG-20241202-WA0014.jpg","contentUrl":"https:\/\/maranhaotv.com.br\/wp-content\/uploads\/2024\/12\/IMG-20241202-WA0014.jpg","width":1280,"height":960},{"@type":"BreadcrumbList","@id":"https:\/\/maranhaotv.com.br\/index.php\/2024\/12\/02\/derrotados-nas-eleicoes-de-paco-do-lumiar-buscam-abrigo-em-santa-rita\/#breadcrumb","itemListElement":[{"@type":"ListItem","position":1,"name":"In\u00edcio","item":"https:\/\/maranhaotv.com.br\/"},{"@type":"ListItem","position":2,"name":"Derrotados nas elei\u00e7\u00f5es de Pa\u00e7o do Lumiar buscam abrigo em Santa Rita"}]},{"@type":"WebSite","@id":"https:\/\/maranhaotv.com.br\/#website","url":"https:\/\/maranhaotv.com.br\/","name":"Maranh\u00e3oTV","description":"","publisher":{"@id":"https:\/\/maranhaotv.com.br\/#organization"},"potentialAction":[{"@type":"SearchAction","target":{"@type":"EntryPoint","urlTemplate":"https:\/\/maranhaotv.com.br\/?s={search_term_string}"},"query-input":{"@type":"PropertyValueSpecification","valueRequired":true,"valueName":"search_term_string"}}],"inLanguage":"pt-BR"},{"@type":"Organization","@id":"https:\/\/maranhaotv.com.br\/#organization","name":"Portal de Not\u00edcias","url":"https:\/\/maranhaotv.com.br\/","logo":{"@type":"ImageObject","inLanguage":"pt-BR","@id":"https:\/\/maranhaotv.com.br\/#\/schema\/logo\/image\/","url":"https:\/\/maranhaotv.com.br\/wp-content\/uploads\/2024\/05\/cropped-cropped-avatar-1.png","contentUrl":"https:\/\/maranhaotv.com.br\/wp-content\/uploads\/2024\/05\/cropped-cropped-avatar-1.png","width":792,"height":428,"caption":"Portal de Not\u00edcias"},"image":{"@id":"https:\/\/maranhaotv.com.br\/#\/schema\/logo\/image\/"},"sameAs":["https:\/\/www.facebook.com\/maiobaotv","https:\/\/x.com\/sitemaranhaotv","https:\/\/www.instagram.com\/maranhao.tv","https:\/\/www.threads.net\/@maranhao.tv"]},{"@type":"Person","@id":"https:\/\/maranhaotv.com.br\/#\/schema\/person\/3d54238e86b20bb5c89ab2fdb8f8829a","name":"maranhaotv","image":{"@type":"ImageObject","inLanguage":"pt-BR","@id":"https:\/\/secure.gravatar.com\/avatar\/8fadbca458d4cb68b1dd399ae9a40618d747bb1af65ac9fad21c89220a143eb4?s=96&d=mm&r=g","url":"https:\/\/secure.gravatar.com\/avatar\/8fadbca458d4cb68b1dd399ae9a40618d747bb1af65ac9fad21c89220a143eb4?s=96&d=mm&r=g","contentUrl":"https:\/\/secure.gravatar.com\/avatar\/8fadbca458d4cb68b1dd399ae9a40618d747bb1af65ac9fad21c89220a143eb4?s=96&d=mm&r=g","caption":"maranhaotv"},"sameAs":["https:\/\/maranhaotv.com.br\/"],"url":"https:\/\/maranhaotv.com.br\/index.php\/author\/maranhaotv\/"}]}},"jetpack_featured_media_url":"https:\/\/maranhaotv.com.br\/wp-content\/uploads\/2024\/12\/IMG-20241202-WA0014.jpg","jetpack_sharing_enabled":true,"_links":{"self":[{"href":"https:\/\/maranhaotv.com.br\/index.php\/wp-json\/wp\/v2\/posts\/38977","targetHints":{"allow":["GET"]}}],"collection":[{"href":"https:\/\/maranhaotv.com.br\/index.php\/wp-json\/wp\/v2\/posts"}],"about":[{"href":"https:\/\/maranhaotv.com.br\/index.php\/wp-json\/wp\/v2\/types\/post"}],"author":[{"embeddable":true,"href":"https:\/\/maranhaotv.com.br\/index.php\/wp-json\/wp\/v2\/users\/2"}],"replies":[{"embeddable":true,"href":"https:\/\/maranhaotv.com.br\/index.php\/wp-json\/wp\/v2\/comments?post=38977"}],"version-history":[{"count":3,"href":"https:\/\/maranhaotv.com.br\/index.php\/wp-json\/wp\/v2\/posts\/38977\/revisions"}],"predecessor-version":[{"id":38980,"href":"https:\/\/maranhaotv.com.br\/index.php\/wp-json\/wp\/v2\/posts\/38977\/revisions\/38980"}],"wp:featuredmedia":[{"embeddable":true,"href":"https:\/\/maranhaotv.com.br\/index.php\/wp-json\/wp\/v2\/media\/38976"}],"wp:attachment":[{"href":"https:\/\/maranhaotv.com.br\/index.php\/wp-json\/wp\/v2\/media?parent=38977"}],"wp:term":[{"taxonomy":"category","embeddable":true,"href":"https:\/\/maranhaotv.com.br\/index.php\/wp-json\/wp\/v2\/categories?post=38977"},{"taxonomy":"post_tag","embeddable":true,"href":"https:\/\/maranhaotv.com.br\/index.php\/wp-json\/wp\/v2\/tags?post=38977"}],"curies":[{"name":"wp","href":"https:\/\/api.w.org\/{rel}","templated":true}]}}