{"id":39011,"date":"2024-12-03T15:04:58","date_gmt":"2024-12-03T18:04:58","guid":{"rendered":"https:\/\/maranhaotv.com.br\/?p=39011"},"modified":"2024-12-03T15:05:40","modified_gmt":"2024-12-03T18:05:40","slug":"ploa-2025-carlos-lula-pede-transparencia-e-fim-das-disparidades-nas-emendas-parlamentares","status":"publish","type":"post","link":"https:\/\/maranhaotv.com.br\/index.php\/2024\/12\/03\/ploa-2025-carlos-lula-pede-transparencia-e-fim-das-disparidades-nas-emendas-parlamentares\/","title":{"rendered":"PLOA 2025: Carlos Lula pede transpar\u00eancia e fim das disparidades nas emendas parlamentares"},"content":{"rendered":"\n<p><br><br><br>O deputado estadual Carlos Lula (PSB) usou a tribuna nesta ter\u00e7a-feira (3) para criticar a baixa porcentagem destinada \u00e0s emendas parlamentares no Maranh\u00e3o e defender a atualiza\u00e7\u00e3o do teto para 2% da Receita Corrente L\u00edquida (RCL), conforme entendimento do Supremo Tribunal Federal (STF). Durante a vota\u00e7\u00e3o do Projeto de Lei Or\u00e7ament\u00e1ria Anual (PLOA) 2025, o parlamentar destacou que o valor atual, de 0,43%, \u00e9 insuficiente para atender \u00e0s demandas de um estado com tantas necessidades.<br><br>\u201cAtualmente, cada deputado estadual tem cerca de R$ 2 milh\u00f5es para destinar em emendas ao longo do ano, um valor insuficiente para um estado t\u00e3o grande e com tantas demandas como o Maranh\u00e3o. Para se ter uma ideia, na C\u00e2mara Municipal de S\u00e3o Lu\u00eds, cada vereador tem \u00e0 disposi\u00e7\u00e3o mais de R$ 4 milh\u00f5es anuais, enquanto n\u00f3s, que representamos todo o estado, ficamos limitados a um valor muito inferior,\u201d criticou Carlos Lula.<br><br>O parlamentar tamb\u00e9m criticou a desigualdade na execu\u00e7\u00e3o das emendas. Segundo ele, o Governo do Estado favorece alguns deputados enquanto outros s\u00e3o praticamente ignorados. &#8220;H\u00e1 parlamentares que tiveram nada ou quase nada empenhado, enquanto outros receberam valores muito acima do limite previsto. Isso \u00e9 inaceit\u00e1vel. Se \u00e9 pago um real para um deputado, deve ser pago o mesmo para todos,\u201d argumentou.<br><br>Ele exemplificou o problema com dados do Portal da Transpar\u00eancia: \u201cEnquanto o deputado Fernando Braide n\u00e3o teve nenhum real empenhado em suas emendas, a presidente Iracema Vale teve mais de R$ 10 milh\u00f5es destinados. Essa disparidade n\u00e3o pode continuar,\u201d disse.<br><br>Carlos Lula destacou que, com a atualiza\u00e7\u00e3o para 2% da RCL, cada parlamentar teria cerca de R$ 10,9 milh\u00f5es para destinar em emendas, possibilitando um maior impacto na sa\u00fade, educa\u00e7\u00e3o, infraestrutura e outros setores essenciais. Ele tamb\u00e9m garantiu que o Governo do Estado tem plena capacidade de arcar com essa mudan\u00e7a, dado o crescente aumento na arrecada\u00e7\u00e3o estadual.<br><br>\u201cO Maranh\u00e3o tem uma reserva de conting\u00eancia de mais de meio bilh\u00e3o de reais. A atualiza\u00e7\u00e3o do teto para 2% \u00e9 totalmente vi\u00e1vel e faria uma diferen\u00e7a significativa para as comunidades que mais precisam. Agora, falta apenas vontade pol\u00edtica para executar essa mudan\u00e7a,\u201d defendeu.<br><br>Mandado de seguran\u00e7a<br><br>Na semana passada, o deputado Rodrigo Lago (PCdoB) conseguiu um mandado de seguran\u00e7a para garantir que o Governo ajuste o valor das emendas parlamentares para 2025. A a\u00e7\u00e3o judicial refor\u00e7a o entendimento do STF, que estabelece o percentual de 2% como par\u00e2metro nacional.<br><br>O PLOA 2025 segue agora para an\u00e1lise na Comiss\u00e3o de Or\u00e7amento, Finan\u00e7as, Fiscaliza\u00e7\u00e3o e Controle da Assembleia, onde receber\u00e1 emendas dos parlamentares antes de retornar ao plen\u00e1rio para vota\u00e7\u00e3o final e posterior san\u00e7\u00e3o governamental.<\/p>\n","protected":false},"excerpt":{"rendered":"<p>O deputado estadual Carlos Lula (PSB) usou a tribuna nesta ter\u00e7a-feira (3) para criticar a baixa porcentagem destinada \u00e0s emendas<\/p>\n","protected":false},"author":2,"featured_media":39010,"comment_status":"open","ping_status":"open","sticky":false,"template":"","format":"standard","meta":{"colormag_page_container_layout":"default_layout","colormag_page_sidebar_layout":"default_layout","_jetpack_memberships_contains_paid_content":false,"footnotes":""},"categories":[2],"tags":[],"class_list":["post-39011","post","type-post","status-publish","format-standard","has-post-thumbnail","hentry","category-noticias"],"magazineBlocksPostFeaturedMedia":{"thumbnail":"https:\/\/maranhaotv.com.br\/wp-content\/uploads\/2024\/12\/IMG-20241203-WA0139-150x150.jpg","medium":"https:\/\/maranhaotv.com.br\/wp-content\/uploads\/2024\/12\/IMG-20241203-WA0139-300x200.jpg","medium_large":"https:\/\/maranhaotv.com.br\/wp-content\/uploads\/2024\/12\/IMG-20241203-WA0139-768x512.jpg","large":"https:\/\/maranhaotv.com.br\/wp-content\/uploads\/2024\/12\/IMG-20241203-WA0139-1024x683.jpg","1536x1536":"https:\/\/maranhaotv.com.br\/wp-content\/uploads\/2024\/12\/IMG-20241203-WA0139-1536x1024.jpg","2048x2048":"https:\/\/maranhaotv.com.br\/wp-content\/uploads\/2024\/12\/IMG-20241203-WA0139-2048x1366.jpg","colormag-highlighted-post":"https:\/\/maranhaotv.com.br\/wp-content\/uploads\/2024\/12\/IMG-20241203-WA0139-392x272.jpg","colormag-featured-post-medium":"https:\/\/maranhaotv.com.br\/wp-content\/uploads\/2024\/12\/IMG-20241203-WA0139-390x205.jpg","colormag-featured-post-small":"https:\/\/maranhaotv.com.br\/wp-content\/uploads\/2024\/12\/IMG-20241203-WA0139-130x90.jpg","colormag-featured-image":"https:\/\/maranhaotv.com.br\/wp-content\/uploads\/2024\/12\/IMG-20241203-WA0139-800x445.jpg","colormag-default-news":"https:\/\/maranhaotv.com.br\/wp-content\/uploads\/2024\/12\/IMG-20241203-WA0139-150x150.jpg","colormag-featured-image-large":"https:\/\/maranhaotv.com.br\/wp-content\/uploads\/2024\/12\/IMG-20241203-WA0139-1400x600.jpg"},"magazineBlocksPostAuthor":{"name":"maranhaotv","avatar":"https:\/\/secure.gravatar.com\/avatar\/8fadbca458d4cb68b1dd399ae9a40618d747bb1af65ac9fad21c89220a143eb4?s=96&d=mm&r=g"},"magazineBlocksPostCommentsNumber":"0","magazineBlocksPostExcerpt":"O deputado estadual Carlos Lula (PSB) usou a tribuna nesta ter\u00e7a-feira (3) para criticar a baixa porcentagem destinada \u00e0s emendas","magazineBlocksPostCategories":["not\u00edcias"],"magazineBlocksPostViewCount":247,"magazineBlocksPostReadTime":3,"magazine_blocks_featured_image_url":{"full":["https:\/\/maranhaotv.com.br\/wp-content\/uploads\/2024\/12\/IMG-20241203-WA0139-scaled.jpg",2560,1707,false],"medium":["https:\/\/maranhaotv.com.br\/wp-content\/uploads\/2024\/12\/IMG-20241203-WA0139-300x200.jpg",300,200,true],"thumbnail":["https:\/\/maranhaotv.com.br\/wp-content\/uploads\/2024\/12\/IMG-20241203-WA0139-150x150.jpg",150,150,true]},"magazine_blocks_author":{"display_name":"maranhaotv","author_link":"https:\/\/maranhaotv.com.br\/index.php\/author\/maranhaotv\/"},"magazine_blocks_comment":0,"magazine_blocks_author_image":"https:\/\/secure.gravatar.com\/avatar\/8fadbca458d4cb68b1dd399ae9a40618d747bb1af65ac9fad21c89220a143eb4?s=96&d=mm&r=g","magazine_blocks_category":"<a href=\"#\" class=\"category-link category-link-2\">not\u00edcias<\/a>","yoast_head":"<!-- This site is optimized with the Yoast SEO plugin v27.4 - https:\/\/yoast.com\/product\/yoast-seo-wordpress\/ -->\n<title>PLOA 2025: Carlos Lula pede transpar\u00eancia e fim das disparidades nas emendas parlamentares - NOT\u00cdCIAS EM TEMPO REAL<\/title>\n<meta name=\"robots\" content=\"index, follow, max-snippet:-1, max-image-preview:large, max-video-preview:-1\" \/>\n<link rel=\"canonical\" href=\"https:\/\/maranhaotv.com.br\/index.php\/2024\/12\/03\/ploa-2025-carlos-lula-pede-transparencia-e-fim-das-disparidades-nas-emendas-parlamentares\/\" \/>\n<meta property=\"og:locale\" content=\"pt_BR\" \/>\n<meta property=\"og:type\" content=\"article\" \/>\n<meta property=\"og:title\" content=\"PLOA 2025: Carlos Lula pede transpar\u00eancia e fim das disparidades nas emendas parlamentares - NOT\u00cdCIAS EM TEMPO REAL\" \/>\n<meta property=\"og:description\" content=\"O deputado estadual Carlos Lula (PSB) usou a tribuna nesta ter\u00e7a-feira (3) para criticar a baixa porcentagem destinada \u00e0s emendas\" \/>\n<meta property=\"og:url\" content=\"https:\/\/maranhaotv.com.br\/index.php\/2024\/12\/03\/ploa-2025-carlos-lula-pede-transparencia-e-fim-das-disparidades-nas-emendas-parlamentares\/\" \/>\n<meta property=\"og:site_name\" content=\"NOT\u00cdCIAS EM TEMPO REAL\" \/>\n<meta property=\"article:publisher\" content=\"https:\/\/www.facebook.com\/maiobaotv\" \/>\n<meta property=\"article:published_time\" content=\"2024-12-03T18:04:58+00:00\" \/>\n<meta property=\"article:modified_time\" content=\"2024-12-03T18:05:40+00:00\" \/>\n<meta property=\"og:image\" content=\"https:\/\/maranhaotv.com.br\/wp-content\/uploads\/2024\/12\/IMG-20241203-WA0139-scaled.jpg\" \/>\n\t<meta property=\"og:image:width\" content=\"2560\" \/>\n\t<meta property=\"og:image:height\" content=\"1707\" \/>\n\t<meta property=\"og:image:type\" content=\"image\/jpeg\" \/>\n<meta name=\"author\" content=\"maranhaotv\" \/>\n<meta name=\"twitter:card\" content=\"summary_large_image\" \/>\n<meta name=\"twitter:creator\" content=\"@sitemaranhaotv\" \/>\n<meta name=\"twitter:site\" content=\"@sitemaranhaotv\" \/>\n<meta name=\"twitter:label1\" content=\"Escrito por\" \/>\n\t<meta name=\"twitter:data1\" content=\"maranhaotv\" \/>\n\t<meta name=\"twitter:label2\" content=\"Est. tempo de leitura\" \/>\n\t<meta name=\"twitter:data2\" content=\"2 minutos\" \/>\n<script type=\"application\/ld+json\" class=\"yoast-schema-graph\">{\"@context\":\"https:\\\/\\\/schema.org\",\"@graph\":[{\"@type\":\"Article\",\"@id\":\"https:\\\/\\\/maranhaotv.com.br\\\/index.php\\\/2024\\\/12\\\/03\\\/ploa-2025-carlos-lula-pede-transparencia-e-fim-das-disparidades-nas-emendas-parlamentares\\\/#article\",\"isPartOf\":{\"@id\":\"https:\\\/\\\/maranhaotv.com.br\\\/index.php\\\/2024\\\/12\\\/03\\\/ploa-2025-carlos-lula-pede-transparencia-e-fim-das-disparidades-nas-emendas-parlamentares\\\/\"},\"author\":{\"name\":\"maranhaotv\",\"@id\":\"https:\\\/\\\/maranhaotv.com.br\\\/#\\\/schema\\\/person\\\/3d54238e86b20bb5c89ab2fdb8f8829a\"},\"headline\":\"PLOA 2025: Carlos Lula pede transpar\u00eancia e fim das disparidades nas emendas parlamentares\",\"datePublished\":\"2024-12-03T18:04:58+00:00\",\"dateModified\":\"2024-12-03T18:05:40+00:00\",\"mainEntityOfPage\":{\"@id\":\"https:\\\/\\\/maranhaotv.com.br\\\/index.php\\\/2024\\\/12\\\/03\\\/ploa-2025-carlos-lula-pede-transparencia-e-fim-das-disparidades-nas-emendas-parlamentares\\\/\"},\"wordCount\":477,\"commentCount\":0,\"publisher\":{\"@id\":\"https:\\\/\\\/maranhaotv.com.br\\\/#organization\"},\"image\":{\"@id\":\"https:\\\/\\\/maranhaotv.com.br\\\/index.php\\\/2024\\\/12\\\/03\\\/ploa-2025-carlos-lula-pede-transparencia-e-fim-das-disparidades-nas-emendas-parlamentares\\\/#primaryimage\"},\"thumbnailUrl\":\"https:\\\/\\\/maranhaotv.com.br\\\/wp-content\\\/uploads\\\/2024\\\/12\\\/IMG-20241203-WA0139-scaled.jpg\",\"articleSection\":[\"not\u00edcias\"],\"inLanguage\":\"pt-BR\",\"potentialAction\":[{\"@type\":\"CommentAction\",\"name\":\"Comment\",\"target\":[\"https:\\\/\\\/maranhaotv.com.br\\\/index.php\\\/2024\\\/12\\\/03\\\/ploa-2025-carlos-lula-pede-transparencia-e-fim-das-disparidades-nas-emendas-parlamentares\\\/#respond\"]}]},{\"@type\":\"WebPage\",\"@id\":\"https:\\\/\\\/maranhaotv.com.br\\\/index.php\\\/2024\\\/12\\\/03\\\/ploa-2025-carlos-lula-pede-transparencia-e-fim-das-disparidades-nas-emendas-parlamentares\\\/\",\"url\":\"https:\\\/\\\/maranhaotv.com.br\\\/index.php\\\/2024\\\/12\\\/03\\\/ploa-2025-carlos-lula-pede-transparencia-e-fim-das-disparidades-nas-emendas-parlamentares\\\/\",\"name\":\"PLOA 2025: Carlos Lula pede transpar\u00eancia e fim das disparidades nas emendas parlamentares - NOT\u00cdCIAS EM TEMPO REAL\",\"isPartOf\":{\"@id\":\"https:\\\/\\\/maranhaotv.com.br\\\/#website\"},\"primaryImageOfPage\":{\"@id\":\"https:\\\/\\\/maranhaotv.com.br\\\/index.php\\\/2024\\\/12\\\/03\\\/ploa-2025-carlos-lula-pede-transparencia-e-fim-das-disparidades-nas-emendas-parlamentares\\\/#primaryimage\"},\"image\":{\"@id\":\"https:\\\/\\\/maranhaotv.com.br\\\/index.php\\\/2024\\\/12\\\/03\\\/ploa-2025-carlos-lula-pede-transparencia-e-fim-das-disparidades-nas-emendas-parlamentares\\\/#primaryimage\"},\"thumbnailUrl\":\"https:\\\/\\\/maranhaotv.com.br\\\/wp-content\\\/uploads\\\/2024\\\/12\\\/IMG-20241203-WA0139-scaled.jpg\",\"datePublished\":\"2024-12-03T18:04:58+00:00\",\"dateModified\":\"2024-12-03T18:05:40+00:00\",\"breadcrumb\":{\"@id\":\"https:\\\/\\\/maranhaotv.com.br\\\/index.php\\\/2024\\\/12\\\/03\\\/ploa-2025-carlos-lula-pede-transparencia-e-fim-das-disparidades-nas-emendas-parlamentares\\\/#breadcrumb\"},\"inLanguage\":\"pt-BR\",\"potentialAction\":[{\"@type\":\"ReadAction\",\"target\":[\"https:\\\/\\\/maranhaotv.com.br\\\/index.php\\\/2024\\\/12\\\/03\\\/ploa-2025-carlos-lula-pede-transparencia-e-fim-das-disparidades-nas-emendas-parlamentares\\\/\"]}]},{\"@type\":\"ImageObject\",\"inLanguage\":\"pt-BR\",\"@id\":\"https:\\\/\\\/maranhaotv.com.br\\\/index.php\\\/2024\\\/12\\\/03\\\/ploa-2025-carlos-lula-pede-transparencia-e-fim-das-disparidades-nas-emendas-parlamentares\\\/#primaryimage\",\"url\":\"https:\\\/\\\/maranhaotv.com.br\\\/wp-content\\\/uploads\\\/2024\\\/12\\\/IMG-20241203-WA0139-scaled.jpg\",\"contentUrl\":\"https:\\\/\\\/maranhaotv.com.br\\\/wp-content\\\/uploads\\\/2024\\\/12\\\/IMG-20241203-WA0139-scaled.jpg\",\"width\":2560,\"height\":1707},{\"@type\":\"BreadcrumbList\",\"@id\":\"https:\\\/\\\/maranhaotv.com.br\\\/index.php\\\/2024\\\/12\\\/03\\\/ploa-2025-carlos-lula-pede-transparencia-e-fim-das-disparidades-nas-emendas-parlamentares\\\/#breadcrumb\",\"itemListElement\":[{\"@type\":\"ListItem\",\"position\":1,\"name\":\"In\u00edcio\",\"item\":\"https:\\\/\\\/maranhaotv.com.br\\\/\"},{\"@type\":\"ListItem\",\"position\":2,\"name\":\"PLOA 2025: Carlos Lula pede transpar\u00eancia e fim das disparidades nas emendas parlamentares\"}]},{\"@type\":\"WebSite\",\"@id\":\"https:\\\/\\\/maranhaotv.com.br\\\/#website\",\"url\":\"https:\\\/\\\/maranhaotv.com.br\\\/\",\"name\":\"Maranh\u00e3oTV\",\"description\":\"\",\"publisher\":{\"@id\":\"https:\\\/\\\/maranhaotv.com.br\\\/#organization\"},\"potentialAction\":[{\"@type\":\"SearchAction\",\"target\":{\"@type\":\"EntryPoint\",\"urlTemplate\":\"https:\\\/\\\/maranhaotv.com.br\\\/?s={search_term_string}\"},\"query-input\":{\"@type\":\"PropertyValueSpecification\",\"valueRequired\":true,\"valueName\":\"search_term_string\"}}],\"inLanguage\":\"pt-BR\"},{\"@type\":\"Organization\",\"@id\":\"https:\\\/\\\/maranhaotv.com.br\\\/#organization\",\"name\":\"Portal de Not\u00edcias\",\"url\":\"https:\\\/\\\/maranhaotv.com.br\\\/\",\"logo\":{\"@type\":\"ImageObject\",\"inLanguage\":\"pt-BR\",\"@id\":\"https:\\\/\\\/maranhaotv.com.br\\\/#\\\/schema\\\/logo\\\/image\\\/\",\"url\":\"https:\\\/\\\/maranhaotv.com.br\\\/wp-content\\\/uploads\\\/2024\\\/05\\\/cropped-cropped-avatar-1.png\",\"contentUrl\":\"https:\\\/\\\/maranhaotv.com.br\\\/wp-content\\\/uploads\\\/2024\\\/05\\\/cropped-cropped-avatar-1.png\",\"width\":792,\"height\":428,\"caption\":\"Portal de Not\u00edcias\"},\"image\":{\"@id\":\"https:\\\/\\\/maranhaotv.com.br\\\/#\\\/schema\\\/logo\\\/image\\\/\"},\"sameAs\":[\"https:\\\/\\\/www.facebook.com\\\/maiobaotv\",\"https:\\\/\\\/x.com\\\/sitemaranhaotv\",\"https:\\\/\\\/www.instagram.com\\\/maranhao.tv\",\"https:\\\/\\\/www.threads.net\\\/@maranhao.tv\"]},{\"@type\":\"Person\",\"@id\":\"https:\\\/\\\/maranhaotv.com.br\\\/#\\\/schema\\\/person\\\/3d54238e86b20bb5c89ab2fdb8f8829a\",\"name\":\"maranhaotv\",\"image\":{\"@type\":\"ImageObject\",\"inLanguage\":\"pt-BR\",\"@id\":\"https:\\\/\\\/secure.gravatar.com\\\/avatar\\\/8fadbca458d4cb68b1dd399ae9a40618d747bb1af65ac9fad21c89220a143eb4?s=96&d=mm&r=g\",\"url\":\"https:\\\/\\\/secure.gravatar.com\\\/avatar\\\/8fadbca458d4cb68b1dd399ae9a40618d747bb1af65ac9fad21c89220a143eb4?s=96&d=mm&r=g\",\"contentUrl\":\"https:\\\/\\\/secure.gravatar.com\\\/avatar\\\/8fadbca458d4cb68b1dd399ae9a40618d747bb1af65ac9fad21c89220a143eb4?s=96&d=mm&r=g\",\"caption\":\"maranhaotv\"},\"sameAs\":[\"https:\\\/\\\/maranhaotv.com.br\\\/\"],\"url\":\"https:\\\/\\\/maranhaotv.com.br\\\/index.php\\\/author\\\/maranhaotv\\\/\"}]}<\/script>\n<!-- \/ Yoast SEO plugin. -->","yoast_head_json":{"title":"PLOA 2025: Carlos Lula pede transpar\u00eancia e fim das disparidades nas emendas parlamentares - NOT\u00cdCIAS EM TEMPO REAL","robots":{"index":"index","follow":"follow","max-snippet":"max-snippet:-1","max-image-preview":"max-image-preview:large","max-video-preview":"max-video-preview:-1"},"canonical":"https:\/\/maranhaotv.com.br\/index.php\/2024\/12\/03\/ploa-2025-carlos-lula-pede-transparencia-e-fim-das-disparidades-nas-emendas-parlamentares\/","og_locale":"pt_BR","og_type":"article","og_title":"PLOA 2025: Carlos Lula pede transpar\u00eancia e fim das disparidades nas emendas parlamentares - NOT\u00cdCIAS EM TEMPO REAL","og_description":"O deputado estadual Carlos Lula (PSB) usou a tribuna nesta ter\u00e7a-feira (3) para criticar a baixa porcentagem destinada \u00e0s emendas","og_url":"https:\/\/maranhaotv.com.br\/index.php\/2024\/12\/03\/ploa-2025-carlos-lula-pede-transparencia-e-fim-das-disparidades-nas-emendas-parlamentares\/","og_site_name":"NOT\u00cdCIAS EM TEMPO REAL","article_publisher":"https:\/\/www.facebook.com\/maiobaotv","article_published_time":"2024-12-03T18:04:58+00:00","article_modified_time":"2024-12-03T18:05:40+00:00","og_image":[{"width":2560,"height":1707,"url":"https:\/\/maranhaotv.com.br\/wp-content\/uploads\/2024\/12\/IMG-20241203-WA0139-scaled.jpg","type":"image\/jpeg"}],"author":"maranhaotv","twitter_card":"summary_large_image","twitter_creator":"@sitemaranhaotv","twitter_site":"@sitemaranhaotv","twitter_misc":{"Escrito por":"maranhaotv","Est. tempo de leitura":"2 minutos"},"schema":{"@context":"https:\/\/schema.org","@graph":[{"@type":"Article","@id":"https:\/\/maranhaotv.com.br\/index.php\/2024\/12\/03\/ploa-2025-carlos-lula-pede-transparencia-e-fim-das-disparidades-nas-emendas-parlamentares\/#article","isPartOf":{"@id":"https:\/\/maranhaotv.com.br\/index.php\/2024\/12\/03\/ploa-2025-carlos-lula-pede-transparencia-e-fim-das-disparidades-nas-emendas-parlamentares\/"},"author":{"name":"maranhaotv","@id":"https:\/\/maranhaotv.com.br\/#\/schema\/person\/3d54238e86b20bb5c89ab2fdb8f8829a"},"headline":"PLOA 2025: Carlos Lula pede transpar\u00eancia e fim das disparidades nas emendas parlamentares","datePublished":"2024-12-03T18:04:58+00:00","dateModified":"2024-12-03T18:05:40+00:00","mainEntityOfPage":{"@id":"https:\/\/maranhaotv.com.br\/index.php\/2024\/12\/03\/ploa-2025-carlos-lula-pede-transparencia-e-fim-das-disparidades-nas-emendas-parlamentares\/"},"wordCount":477,"commentCount":0,"publisher":{"@id":"https:\/\/maranhaotv.com.br\/#organization"},"image":{"@id":"https:\/\/maranhaotv.com.br\/index.php\/2024\/12\/03\/ploa-2025-carlos-lula-pede-transparencia-e-fim-das-disparidades-nas-emendas-parlamentares\/#primaryimage"},"thumbnailUrl":"https:\/\/maranhaotv.com.br\/wp-content\/uploads\/2024\/12\/IMG-20241203-WA0139-scaled.jpg","articleSection":["not\u00edcias"],"inLanguage":"pt-BR","potentialAction":[{"@type":"CommentAction","name":"Comment","target":["https:\/\/maranhaotv.com.br\/index.php\/2024\/12\/03\/ploa-2025-carlos-lula-pede-transparencia-e-fim-das-disparidades-nas-emendas-parlamentares\/#respond"]}]},{"@type":"WebPage","@id":"https:\/\/maranhaotv.com.br\/index.php\/2024\/12\/03\/ploa-2025-carlos-lula-pede-transparencia-e-fim-das-disparidades-nas-emendas-parlamentares\/","url":"https:\/\/maranhaotv.com.br\/index.php\/2024\/12\/03\/ploa-2025-carlos-lula-pede-transparencia-e-fim-das-disparidades-nas-emendas-parlamentares\/","name":"PLOA 2025: Carlos Lula pede transpar\u00eancia e fim das disparidades nas emendas parlamentares - NOT\u00cdCIAS EM TEMPO REAL","isPartOf":{"@id":"https:\/\/maranhaotv.com.br\/#website"},"primaryImageOfPage":{"@id":"https:\/\/maranhaotv.com.br\/index.php\/2024\/12\/03\/ploa-2025-carlos-lula-pede-transparencia-e-fim-das-disparidades-nas-emendas-parlamentares\/#primaryimage"},"image":{"@id":"https:\/\/maranhaotv.com.br\/index.php\/2024\/12\/03\/ploa-2025-carlos-lula-pede-transparencia-e-fim-das-disparidades-nas-emendas-parlamentares\/#primaryimage"},"thumbnailUrl":"https:\/\/maranhaotv.com.br\/wp-content\/uploads\/2024\/12\/IMG-20241203-WA0139-scaled.jpg","datePublished":"2024-12-03T18:04:58+00:00","dateModified":"2024-12-03T18:05:40+00:00","breadcrumb":{"@id":"https:\/\/maranhaotv.com.br\/index.php\/2024\/12\/03\/ploa-2025-carlos-lula-pede-transparencia-e-fim-das-disparidades-nas-emendas-parlamentares\/#breadcrumb"},"inLanguage":"pt-BR","potentialAction":[{"@type":"ReadAction","target":["https:\/\/maranhaotv.com.br\/index.php\/2024\/12\/03\/ploa-2025-carlos-lula-pede-transparencia-e-fim-das-disparidades-nas-emendas-parlamentares\/"]}]},{"@type":"ImageObject","inLanguage":"pt-BR","@id":"https:\/\/maranhaotv.com.br\/index.php\/2024\/12\/03\/ploa-2025-carlos-lula-pede-transparencia-e-fim-das-disparidades-nas-emendas-parlamentares\/#primaryimage","url":"https:\/\/maranhaotv.com.br\/wp-content\/uploads\/2024\/12\/IMG-20241203-WA0139-scaled.jpg","contentUrl":"https:\/\/maranhaotv.com.br\/wp-content\/uploads\/2024\/12\/IMG-20241203-WA0139-scaled.jpg","width":2560,"height":1707},{"@type":"BreadcrumbList","@id":"https:\/\/maranhaotv.com.br\/index.php\/2024\/12\/03\/ploa-2025-carlos-lula-pede-transparencia-e-fim-das-disparidades-nas-emendas-parlamentares\/#breadcrumb","itemListElement":[{"@type":"ListItem","position":1,"name":"In\u00edcio","item":"https:\/\/maranhaotv.com.br\/"},{"@type":"ListItem","position":2,"name":"PLOA 2025: Carlos Lula pede transpar\u00eancia e fim das disparidades nas emendas parlamentares"}]},{"@type":"WebSite","@id":"https:\/\/maranhaotv.com.br\/#website","url":"https:\/\/maranhaotv.com.br\/","name":"Maranh\u00e3oTV","description":"","publisher":{"@id":"https:\/\/maranhaotv.com.br\/#organization"},"potentialAction":[{"@type":"SearchAction","target":{"@type":"EntryPoint","urlTemplate":"https:\/\/maranhaotv.com.br\/?s={search_term_string}"},"query-input":{"@type":"PropertyValueSpecification","valueRequired":true,"valueName":"search_term_string"}}],"inLanguage":"pt-BR"},{"@type":"Organization","@id":"https:\/\/maranhaotv.com.br\/#organization","name":"Portal de Not\u00edcias","url":"https:\/\/maranhaotv.com.br\/","logo":{"@type":"ImageObject","inLanguage":"pt-BR","@id":"https:\/\/maranhaotv.com.br\/#\/schema\/logo\/image\/","url":"https:\/\/maranhaotv.com.br\/wp-content\/uploads\/2024\/05\/cropped-cropped-avatar-1.png","contentUrl":"https:\/\/maranhaotv.com.br\/wp-content\/uploads\/2024\/05\/cropped-cropped-avatar-1.png","width":792,"height":428,"caption":"Portal de Not\u00edcias"},"image":{"@id":"https:\/\/maranhaotv.com.br\/#\/schema\/logo\/image\/"},"sameAs":["https:\/\/www.facebook.com\/maiobaotv","https:\/\/x.com\/sitemaranhaotv","https:\/\/www.instagram.com\/maranhao.tv","https:\/\/www.threads.net\/@maranhao.tv"]},{"@type":"Person","@id":"https:\/\/maranhaotv.com.br\/#\/schema\/person\/3d54238e86b20bb5c89ab2fdb8f8829a","name":"maranhaotv","image":{"@type":"ImageObject","inLanguage":"pt-BR","@id":"https:\/\/secure.gravatar.com\/avatar\/8fadbca458d4cb68b1dd399ae9a40618d747bb1af65ac9fad21c89220a143eb4?s=96&d=mm&r=g","url":"https:\/\/secure.gravatar.com\/avatar\/8fadbca458d4cb68b1dd399ae9a40618d747bb1af65ac9fad21c89220a143eb4?s=96&d=mm&r=g","contentUrl":"https:\/\/secure.gravatar.com\/avatar\/8fadbca458d4cb68b1dd399ae9a40618d747bb1af65ac9fad21c89220a143eb4?s=96&d=mm&r=g","caption":"maranhaotv"},"sameAs":["https:\/\/maranhaotv.com.br\/"],"url":"https:\/\/maranhaotv.com.br\/index.php\/author\/maranhaotv\/"}]}},"jetpack_featured_media_url":"https:\/\/maranhaotv.com.br\/wp-content\/uploads\/2024\/12\/IMG-20241203-WA0139-scaled.jpg","jetpack_sharing_enabled":true,"_links":{"self":[{"href":"https:\/\/maranhaotv.com.br\/index.php\/wp-json\/wp\/v2\/posts\/39011","targetHints":{"allow":["GET"]}}],"collection":[{"href":"https:\/\/maranhaotv.com.br\/index.php\/wp-json\/wp\/v2\/posts"}],"about":[{"href":"https:\/\/maranhaotv.com.br\/index.php\/wp-json\/wp\/v2\/types\/post"}],"author":[{"embeddable":true,"href":"https:\/\/maranhaotv.com.br\/index.php\/wp-json\/wp\/v2\/users\/2"}],"replies":[{"embeddable":true,"href":"https:\/\/maranhaotv.com.br\/index.php\/wp-json\/wp\/v2\/comments?post=39011"}],"version-history":[{"count":1,"href":"https:\/\/maranhaotv.com.br\/index.php\/wp-json\/wp\/v2\/posts\/39011\/revisions"}],"predecessor-version":[{"id":39012,"href":"https:\/\/maranhaotv.com.br\/index.php\/wp-json\/wp\/v2\/posts\/39011\/revisions\/39012"}],"wp:featuredmedia":[{"embeddable":true,"href":"https:\/\/maranhaotv.com.br\/index.php\/wp-json\/wp\/v2\/media\/39010"}],"wp:attachment":[{"href":"https:\/\/maranhaotv.com.br\/index.php\/wp-json\/wp\/v2\/media?parent=39011"}],"wp:term":[{"taxonomy":"category","embeddable":true,"href":"https:\/\/maranhaotv.com.br\/index.php\/wp-json\/wp\/v2\/categories?post=39011"},{"taxonomy":"post_tag","embeddable":true,"href":"https:\/\/maranhaotv.com.br\/index.php\/wp-json\/wp\/v2\/tags?post=39011"}],"curies":[{"name":"wp","href":"https:\/\/api.w.org\/{rel}","templated":true}]}}