{"id":39015,"date":"2024-12-04T05:31:41","date_gmt":"2024-12-04T08:31:41","guid":{"rendered":"https:\/\/maranhaotv.com.br\/?p=39015"},"modified":"2024-12-04T05:33:07","modified_gmt":"2024-12-04T08:33:07","slug":"fred-campos-anuncia-fernando-feitosa-como-candidato-do-grupo-a-presidencia-da-camara-de-paco-do-lumiar","status":"publish","type":"post","link":"https:\/\/maranhaotv.com.br\/index.php\/2024\/12\/04\/fred-campos-anuncia-fernando-feitosa-como-candidato-do-grupo-a-presidencia-da-camara-de-paco-do-lumiar\/","title":{"rendered":"Fred Campos anuncia Fernando Feitosa como candidato do grupo \u00e0 presid\u00eancia da C\u00e2mara de Pa\u00e7o do Lumiar"},"content":{"rendered":"\n<p><br \/>O prefeito eleito de Pa\u00e7o do Lumiar, Fred Campos, anunciou na noite desta ter\u00e7a-feira (03), por meio de suas redes sociais, que Fernando Feitosa ser\u00e1 o candidato do grupo \u00e0 presid\u00eancia da C\u00e2mara de Vereadores do munic\u00edpio. O an\u00fancio foi feito em um v\u00eddeo em que Fred aparece ao lado da vice-prefeita eleita, Mariana Brand\u00e3o, de Fernando Feitosa e de outros 16 vereadores que integram a base de apoio do futuro governo municipal.<br \/><br \/>Os vereadores que declararam apoio \u00e0 candidatura de Feitosa s\u00e3o: Paulo Henrique, Leandro de Orlete, Bianca Mendes, Rafael Neves, Mauro Multibancos, Miau Oliveira, Ana L\u00facia, Geovane Abreu, Neto Bot\u00e3o, Ellen do Bigode, Eder Alencar, Wellington Sousa, Kamilla Belfort, Joel do Churrasco, Professora Carmen Aroso e Leonardo Laci. Segundo Fred Campos, a uni\u00e3o do grupo demonstra for\u00e7a e compromisso em trabalhar de forma alinhada pelo desenvolvimento de Pa\u00e7o do Lumiar.<br \/><br \/>A elei\u00e7\u00e3o para a presid\u00eancia da C\u00e2mara est\u00e1 marcada para o dia 1\u00ba de janeiro de 2025, mesmo dia em que os eleitos nas elei\u00e7\u00f5es de 2024 tomar\u00e3o posse. Com o amplo apoio do grupo liderado por Fred Campos, a candidatura de Fernando Feitosa ganha destaque e refor\u00e7a a expectativa de uma gest\u00e3o legislativa harmoniosa e comprometida com os interesses do povo luminense.<\/p>\n\n\n\n<figure class=\"wp-block-image size-large\"><img loading=\"lazy\" decoding=\"async\" width=\"1024\" height=\"682\" src=\"https:\/\/maranhaotv.com.br\/wp-content\/uploads\/2024\/12\/img-20241204-wa00047915871337309134014-1024x682.jpg\" alt=\"\" class=\"wp-image-39013\" srcset=\"https:\/\/maranhaotv.com.br\/wp-content\/uploads\/2024\/12\/img-20241204-wa00047915871337309134014-1024x682.jpg 1024w, https:\/\/maranhaotv.com.br\/wp-content\/uploads\/2024\/12\/img-20241204-wa00047915871337309134014-300x200.jpg 300w, https:\/\/maranhaotv.com.br\/wp-content\/uploads\/2024\/12\/img-20241204-wa00047915871337309134014-768x512.jpg 768w, https:\/\/maranhaotv.com.br\/wp-content\/uploads\/2024\/12\/img-20241204-wa00047915871337309134014-1536x1023.jpg 1536w, https:\/\/maranhaotv.com.br\/wp-content\/uploads\/2024\/12\/img-20241204-wa00047915871337309134014.jpg 1600w\" sizes=\"auto, (max-width: 1024px) 100vw, 1024px\" \/><\/figure>\n\n\n\n<figure class=\"wp-block-image size-large\"><img loading=\"lazy\" decoding=\"async\" width=\"1024\" height=\"586\" src=\"https:\/\/maranhaotv.com.br\/wp-content\/uploads\/2024\/12\/img-20241204-wa00078700780120935449402-1024x586.jpg\" alt=\"\" class=\"wp-image-39017\" srcset=\"https:\/\/maranhaotv.com.br\/wp-content\/uploads\/2024\/12\/img-20241204-wa00078700780120935449402-1024x586.jpg 1024w, https:\/\/maranhaotv.com.br\/wp-content\/uploads\/2024\/12\/img-20241204-wa00078700780120935449402-300x172.jpg 300w, https:\/\/maranhaotv.com.br\/wp-content\/uploads\/2024\/12\/img-20241204-wa00078700780120935449402-768x440.jpg 768w, https:\/\/maranhaotv.com.br\/wp-content\/uploads\/2024\/12\/img-20241204-wa00078700780120935449402.jpg 1200w\" sizes=\"auto, (max-width: 1024px) 100vw, 1024px\" \/><\/figure>\n","protected":false},"excerpt":{"rendered":"<p>O prefeito eleito de Pa\u00e7o do Lumiar, Fred Campos, anunciou na noite desta ter\u00e7a-feira (03), por meio de suas redes<\/p>\n","protected":false},"author":2,"featured_media":39014,"comment_status":"open","ping_status":"open","sticky":false,"template":"","format":"standard","meta":{"colormag_page_container_layout":"default_layout","colormag_page_sidebar_layout":"default_layout","_jetpack_memberships_contains_paid_content":false,"footnotes":""},"categories":[2],"tags":[],"class_list":["post-39015","post","type-post","status-publish","format-standard","has-post-thumbnail","hentry","category-noticias"],"magazineBlocksPostFeaturedMedia":{"thumbnail":"https:\/\/maranhaotv.com.br\/wp-content\/uploads\/2024\/12\/IMG-20241204-WA0004-150x150.jpg","medium":"https:\/\/maranhaotv.com.br\/wp-content\/uploads\/2024\/12\/IMG-20241204-WA0004-300x200.jpg","medium_large":"https:\/\/maranhaotv.com.br\/wp-content\/uploads\/2024\/12\/IMG-20241204-WA0004-768x512.jpg","large":"https:\/\/maranhaotv.com.br\/wp-content\/uploads\/2024\/12\/IMG-20241204-WA0004-1024x682.jpg","1536x1536":"https:\/\/maranhaotv.com.br\/wp-content\/uploads\/2024\/12\/IMG-20241204-WA0004-1536x1023.jpg","2048x2048":"https:\/\/maranhaotv.com.br\/wp-content\/uploads\/2024\/12\/IMG-20241204-WA0004.jpg","colormag-highlighted-post":"https:\/\/maranhaotv.com.br\/wp-content\/uploads\/2024\/12\/IMG-20241204-WA0004-392x272.jpg","colormag-featured-post-medium":"https:\/\/maranhaotv.com.br\/wp-content\/uploads\/2024\/12\/IMG-20241204-WA0004-390x205.jpg","colormag-featured-post-small":"https:\/\/maranhaotv.com.br\/wp-content\/uploads\/2024\/12\/IMG-20241204-WA0004-130x90.jpg","colormag-featured-image":"https:\/\/maranhaotv.com.br\/wp-content\/uploads\/2024\/12\/IMG-20241204-WA0004-800x445.jpg","colormag-default-news":"https:\/\/maranhaotv.com.br\/wp-content\/uploads\/2024\/12\/IMG-20241204-WA0004-150x150.jpg","colormag-featured-image-large":"https:\/\/maranhaotv.com.br\/wp-content\/uploads\/2024\/12\/IMG-20241204-WA0004-1400x600.jpg"},"magazineBlocksPostAuthor":{"name":"maranhaotv","avatar":"https:\/\/secure.gravatar.com\/avatar\/8fadbca458d4cb68b1dd399ae9a40618d747bb1af65ac9fad21c89220a143eb4?s=96&d=mm&r=g"},"magazineBlocksPostCommentsNumber":"0","magazineBlocksPostExcerpt":"O prefeito eleito de Pa\u00e7o do Lumiar, Fred Campos, anunciou na noite desta ter\u00e7a-feira (03), por meio de suas redes","magazineBlocksPostCategories":["not\u00edcias"],"magazineBlocksPostViewCount":354,"magazineBlocksPostReadTime":2,"magazine_blocks_featured_image_url":{"full":["https:\/\/maranhaotv.com.br\/wp-content\/uploads\/2024\/12\/IMG-20241204-WA0004.jpg",1600,1066,false],"medium":["https:\/\/maranhaotv.com.br\/wp-content\/uploads\/2024\/12\/IMG-20241204-WA0004-300x200.jpg",300,200,true],"thumbnail":["https:\/\/maranhaotv.com.br\/wp-content\/uploads\/2024\/12\/IMG-20241204-WA0004-150x150.jpg",150,150,true]},"magazine_blocks_author":{"display_name":"maranhaotv","author_link":"https:\/\/maranhaotv.com.br\/index.php\/author\/maranhaotv\/"},"magazine_blocks_comment":0,"magazine_blocks_author_image":"https:\/\/secure.gravatar.com\/avatar\/8fadbca458d4cb68b1dd399ae9a40618d747bb1af65ac9fad21c89220a143eb4?s=96&d=mm&r=g","magazine_blocks_category":"<a href=\"#\" class=\"category-link category-link-2\">not\u00edcias<\/a>","yoast_head":"<!-- This site is optimized with the Yoast SEO plugin v27.4 - https:\/\/yoast.com\/product\/yoast-seo-wordpress\/ -->\n<title>Fred Campos anuncia Fernando Feitosa como candidato do grupo \u00e0 presid\u00eancia da C\u00e2mara de Pa\u00e7o do Lumiar - NOT\u00cdCIAS EM TEMPO REAL<\/title>\n<meta name=\"robots\" content=\"index, follow, max-snippet:-1, max-image-preview:large, max-video-preview:-1\" \/>\n<link rel=\"canonical\" href=\"https:\/\/maranhaotv.com.br\/index.php\/2024\/12\/04\/fred-campos-anuncia-fernando-feitosa-como-candidato-do-grupo-a-presidencia-da-camara-de-paco-do-lumiar\/\" \/>\n<meta property=\"og:locale\" content=\"pt_BR\" \/>\n<meta property=\"og:type\" content=\"article\" \/>\n<meta property=\"og:title\" content=\"Fred Campos anuncia Fernando Feitosa como candidato do grupo \u00e0 presid\u00eancia da C\u00e2mara de Pa\u00e7o do Lumiar - NOT\u00cdCIAS EM TEMPO REAL\" \/>\n<meta property=\"og:description\" content=\"O prefeito eleito de Pa\u00e7o do Lumiar, Fred Campos, anunciou na noite desta ter\u00e7a-feira (03), por meio de suas redes\" \/>\n<meta property=\"og:url\" content=\"https:\/\/maranhaotv.com.br\/index.php\/2024\/12\/04\/fred-campos-anuncia-fernando-feitosa-como-candidato-do-grupo-a-presidencia-da-camara-de-paco-do-lumiar\/\" \/>\n<meta property=\"og:site_name\" content=\"NOT\u00cdCIAS EM TEMPO REAL\" \/>\n<meta property=\"article:publisher\" content=\"https:\/\/www.facebook.com\/maiobaotv\" \/>\n<meta property=\"article:published_time\" content=\"2024-12-04T08:31:41+00:00\" \/>\n<meta property=\"article:modified_time\" content=\"2024-12-04T08:33:07+00:00\" \/>\n<meta property=\"og:image\" content=\"https:\/\/maranhaotv.com.br\/wp-content\/uploads\/2024\/12\/IMG-20241204-WA0004.jpg\" \/>\n\t<meta property=\"og:image:width\" content=\"1600\" \/>\n\t<meta property=\"og:image:height\" content=\"1066\" \/>\n\t<meta property=\"og:image:type\" content=\"image\/jpeg\" \/>\n<meta name=\"author\" content=\"maranhaotv\" \/>\n<meta name=\"twitter:card\" content=\"summary_large_image\" \/>\n<meta name=\"twitter:creator\" content=\"@sitemaranhaotv\" \/>\n<meta name=\"twitter:site\" content=\"@sitemaranhaotv\" \/>\n<meta name=\"twitter:label1\" content=\"Escrito por\" \/>\n\t<meta name=\"twitter:data1\" content=\"maranhaotv\" \/>\n\t<meta name=\"twitter:label2\" content=\"Est. tempo de leitura\" \/>\n\t<meta name=\"twitter:data2\" content=\"1 minuto\" \/>\n<script type=\"application\/ld+json\" class=\"yoast-schema-graph\">{\"@context\":\"https:\\\/\\\/schema.org\",\"@graph\":[{\"@type\":\"Article\",\"@id\":\"https:\\\/\\\/maranhaotv.com.br\\\/index.php\\\/2024\\\/12\\\/04\\\/fred-campos-anuncia-fernando-feitosa-como-candidato-do-grupo-a-presidencia-da-camara-de-paco-do-lumiar\\\/#article\",\"isPartOf\":{\"@id\":\"https:\\\/\\\/maranhaotv.com.br\\\/index.php\\\/2024\\\/12\\\/04\\\/fred-campos-anuncia-fernando-feitosa-como-candidato-do-grupo-a-presidencia-da-camara-de-paco-do-lumiar\\\/\"},\"author\":{\"name\":\"maranhaotv\",\"@id\":\"https:\\\/\\\/maranhaotv.com.br\\\/#\\\/schema\\\/person\\\/3d54238e86b20bb5c89ab2fdb8f8829a\"},\"headline\":\"Fred Campos anuncia Fernando Feitosa como candidato do grupo \u00e0 presid\u00eancia da C\u00e2mara de Pa\u00e7o do Lumiar\",\"datePublished\":\"2024-12-04T08:31:41+00:00\",\"dateModified\":\"2024-12-04T08:33:07+00:00\",\"mainEntityOfPage\":{\"@id\":\"https:\\\/\\\/maranhaotv.com.br\\\/index.php\\\/2024\\\/12\\\/04\\\/fred-campos-anuncia-fernando-feitosa-como-candidato-do-grupo-a-presidencia-da-camara-de-paco-do-lumiar\\\/\"},\"wordCount\":238,\"commentCount\":0,\"publisher\":{\"@id\":\"https:\\\/\\\/maranhaotv.com.br\\\/#organization\"},\"image\":{\"@id\":\"https:\\\/\\\/maranhaotv.com.br\\\/index.php\\\/2024\\\/12\\\/04\\\/fred-campos-anuncia-fernando-feitosa-como-candidato-do-grupo-a-presidencia-da-camara-de-paco-do-lumiar\\\/#primaryimage\"},\"thumbnailUrl\":\"https:\\\/\\\/maranhaotv.com.br\\\/wp-content\\\/uploads\\\/2024\\\/12\\\/IMG-20241204-WA0004.jpg\",\"articleSection\":[\"not\u00edcias\"],\"inLanguage\":\"pt-BR\",\"potentialAction\":[{\"@type\":\"CommentAction\",\"name\":\"Comment\",\"target\":[\"https:\\\/\\\/maranhaotv.com.br\\\/index.php\\\/2024\\\/12\\\/04\\\/fred-campos-anuncia-fernando-feitosa-como-candidato-do-grupo-a-presidencia-da-camara-de-paco-do-lumiar\\\/#respond\"]}]},{\"@type\":\"WebPage\",\"@id\":\"https:\\\/\\\/maranhaotv.com.br\\\/index.php\\\/2024\\\/12\\\/04\\\/fred-campos-anuncia-fernando-feitosa-como-candidato-do-grupo-a-presidencia-da-camara-de-paco-do-lumiar\\\/\",\"url\":\"https:\\\/\\\/maranhaotv.com.br\\\/index.php\\\/2024\\\/12\\\/04\\\/fred-campos-anuncia-fernando-feitosa-como-candidato-do-grupo-a-presidencia-da-camara-de-paco-do-lumiar\\\/\",\"name\":\"Fred Campos anuncia Fernando Feitosa como candidato do grupo \u00e0 presid\u00eancia da C\u00e2mara de Pa\u00e7o do Lumiar - NOT\u00cdCIAS EM TEMPO REAL\",\"isPartOf\":{\"@id\":\"https:\\\/\\\/maranhaotv.com.br\\\/#website\"},\"primaryImageOfPage\":{\"@id\":\"https:\\\/\\\/maranhaotv.com.br\\\/index.php\\\/2024\\\/12\\\/04\\\/fred-campos-anuncia-fernando-feitosa-como-candidato-do-grupo-a-presidencia-da-camara-de-paco-do-lumiar\\\/#primaryimage\"},\"image\":{\"@id\":\"https:\\\/\\\/maranhaotv.com.br\\\/index.php\\\/2024\\\/12\\\/04\\\/fred-campos-anuncia-fernando-feitosa-como-candidato-do-grupo-a-presidencia-da-camara-de-paco-do-lumiar\\\/#primaryimage\"},\"thumbnailUrl\":\"https:\\\/\\\/maranhaotv.com.br\\\/wp-content\\\/uploads\\\/2024\\\/12\\\/IMG-20241204-WA0004.jpg\",\"datePublished\":\"2024-12-04T08:31:41+00:00\",\"dateModified\":\"2024-12-04T08:33:07+00:00\",\"breadcrumb\":{\"@id\":\"https:\\\/\\\/maranhaotv.com.br\\\/index.php\\\/2024\\\/12\\\/04\\\/fred-campos-anuncia-fernando-feitosa-como-candidato-do-grupo-a-presidencia-da-camara-de-paco-do-lumiar\\\/#breadcrumb\"},\"inLanguage\":\"pt-BR\",\"potentialAction\":[{\"@type\":\"ReadAction\",\"target\":[\"https:\\\/\\\/maranhaotv.com.br\\\/index.php\\\/2024\\\/12\\\/04\\\/fred-campos-anuncia-fernando-feitosa-como-candidato-do-grupo-a-presidencia-da-camara-de-paco-do-lumiar\\\/\"]}]},{\"@type\":\"ImageObject\",\"inLanguage\":\"pt-BR\",\"@id\":\"https:\\\/\\\/maranhaotv.com.br\\\/index.php\\\/2024\\\/12\\\/04\\\/fred-campos-anuncia-fernando-feitosa-como-candidato-do-grupo-a-presidencia-da-camara-de-paco-do-lumiar\\\/#primaryimage\",\"url\":\"https:\\\/\\\/maranhaotv.com.br\\\/wp-content\\\/uploads\\\/2024\\\/12\\\/IMG-20241204-WA0004.jpg\",\"contentUrl\":\"https:\\\/\\\/maranhaotv.com.br\\\/wp-content\\\/uploads\\\/2024\\\/12\\\/IMG-20241204-WA0004.jpg\",\"width\":1600,\"height\":1066},{\"@type\":\"BreadcrumbList\",\"@id\":\"https:\\\/\\\/maranhaotv.com.br\\\/index.php\\\/2024\\\/12\\\/04\\\/fred-campos-anuncia-fernando-feitosa-como-candidato-do-grupo-a-presidencia-da-camara-de-paco-do-lumiar\\\/#breadcrumb\",\"itemListElement\":[{\"@type\":\"ListItem\",\"position\":1,\"name\":\"In\u00edcio\",\"item\":\"https:\\\/\\\/maranhaotv.com.br\\\/\"},{\"@type\":\"ListItem\",\"position\":2,\"name\":\"Fred Campos anuncia Fernando Feitosa como candidato do grupo \u00e0 presid\u00eancia da C\u00e2mara de Pa\u00e7o do Lumiar\"}]},{\"@type\":\"WebSite\",\"@id\":\"https:\\\/\\\/maranhaotv.com.br\\\/#website\",\"url\":\"https:\\\/\\\/maranhaotv.com.br\\\/\",\"name\":\"Maranh\u00e3oTV\",\"description\":\"\",\"publisher\":{\"@id\":\"https:\\\/\\\/maranhaotv.com.br\\\/#organization\"},\"potentialAction\":[{\"@type\":\"SearchAction\",\"target\":{\"@type\":\"EntryPoint\",\"urlTemplate\":\"https:\\\/\\\/maranhaotv.com.br\\\/?s={search_term_string}\"},\"query-input\":{\"@type\":\"PropertyValueSpecification\",\"valueRequired\":true,\"valueName\":\"search_term_string\"}}],\"inLanguage\":\"pt-BR\"},{\"@type\":\"Organization\",\"@id\":\"https:\\\/\\\/maranhaotv.com.br\\\/#organization\",\"name\":\"Portal de Not\u00edcias\",\"url\":\"https:\\\/\\\/maranhaotv.com.br\\\/\",\"logo\":{\"@type\":\"ImageObject\",\"inLanguage\":\"pt-BR\",\"@id\":\"https:\\\/\\\/maranhaotv.com.br\\\/#\\\/schema\\\/logo\\\/image\\\/\",\"url\":\"https:\\\/\\\/maranhaotv.com.br\\\/wp-content\\\/uploads\\\/2024\\\/05\\\/cropped-cropped-avatar-1.png\",\"contentUrl\":\"https:\\\/\\\/maranhaotv.com.br\\\/wp-content\\\/uploads\\\/2024\\\/05\\\/cropped-cropped-avatar-1.png\",\"width\":792,\"height\":428,\"caption\":\"Portal de Not\u00edcias\"},\"image\":{\"@id\":\"https:\\\/\\\/maranhaotv.com.br\\\/#\\\/schema\\\/logo\\\/image\\\/\"},\"sameAs\":[\"https:\\\/\\\/www.facebook.com\\\/maiobaotv\",\"https:\\\/\\\/x.com\\\/sitemaranhaotv\",\"https:\\\/\\\/www.instagram.com\\\/maranhao.tv\",\"https:\\\/\\\/www.threads.net\\\/@maranhao.tv\"]},{\"@type\":\"Person\",\"@id\":\"https:\\\/\\\/maranhaotv.com.br\\\/#\\\/schema\\\/person\\\/3d54238e86b20bb5c89ab2fdb8f8829a\",\"name\":\"maranhaotv\",\"image\":{\"@type\":\"ImageObject\",\"inLanguage\":\"pt-BR\",\"@id\":\"https:\\\/\\\/secure.gravatar.com\\\/avatar\\\/8fadbca458d4cb68b1dd399ae9a40618d747bb1af65ac9fad21c89220a143eb4?s=96&d=mm&r=g\",\"url\":\"https:\\\/\\\/secure.gravatar.com\\\/avatar\\\/8fadbca458d4cb68b1dd399ae9a40618d747bb1af65ac9fad21c89220a143eb4?s=96&d=mm&r=g\",\"contentUrl\":\"https:\\\/\\\/secure.gravatar.com\\\/avatar\\\/8fadbca458d4cb68b1dd399ae9a40618d747bb1af65ac9fad21c89220a143eb4?s=96&d=mm&r=g\",\"caption\":\"maranhaotv\"},\"sameAs\":[\"https:\\\/\\\/maranhaotv.com.br\\\/\"],\"url\":\"https:\\\/\\\/maranhaotv.com.br\\\/index.php\\\/author\\\/maranhaotv\\\/\"}]}<\/script>\n<!-- \/ Yoast SEO plugin. -->","yoast_head_json":{"title":"Fred Campos anuncia Fernando Feitosa como candidato do grupo \u00e0 presid\u00eancia da C\u00e2mara de Pa\u00e7o do Lumiar - NOT\u00cdCIAS EM TEMPO REAL","robots":{"index":"index","follow":"follow","max-snippet":"max-snippet:-1","max-image-preview":"max-image-preview:large","max-video-preview":"max-video-preview:-1"},"canonical":"https:\/\/maranhaotv.com.br\/index.php\/2024\/12\/04\/fred-campos-anuncia-fernando-feitosa-como-candidato-do-grupo-a-presidencia-da-camara-de-paco-do-lumiar\/","og_locale":"pt_BR","og_type":"article","og_title":"Fred Campos anuncia Fernando Feitosa como candidato do grupo \u00e0 presid\u00eancia da C\u00e2mara de Pa\u00e7o do Lumiar - NOT\u00cdCIAS EM TEMPO REAL","og_description":"O prefeito eleito de Pa\u00e7o do Lumiar, Fred Campos, anunciou na noite desta ter\u00e7a-feira (03), por meio de suas redes","og_url":"https:\/\/maranhaotv.com.br\/index.php\/2024\/12\/04\/fred-campos-anuncia-fernando-feitosa-como-candidato-do-grupo-a-presidencia-da-camara-de-paco-do-lumiar\/","og_site_name":"NOT\u00cdCIAS EM TEMPO REAL","article_publisher":"https:\/\/www.facebook.com\/maiobaotv","article_published_time":"2024-12-04T08:31:41+00:00","article_modified_time":"2024-12-04T08:33:07+00:00","og_image":[{"width":1600,"height":1066,"url":"https:\/\/maranhaotv.com.br\/wp-content\/uploads\/2024\/12\/IMG-20241204-WA0004.jpg","type":"image\/jpeg"}],"author":"maranhaotv","twitter_card":"summary_large_image","twitter_creator":"@sitemaranhaotv","twitter_site":"@sitemaranhaotv","twitter_misc":{"Escrito por":"maranhaotv","Est. tempo de leitura":"1 minuto"},"schema":{"@context":"https:\/\/schema.org","@graph":[{"@type":"Article","@id":"https:\/\/maranhaotv.com.br\/index.php\/2024\/12\/04\/fred-campos-anuncia-fernando-feitosa-como-candidato-do-grupo-a-presidencia-da-camara-de-paco-do-lumiar\/#article","isPartOf":{"@id":"https:\/\/maranhaotv.com.br\/index.php\/2024\/12\/04\/fred-campos-anuncia-fernando-feitosa-como-candidato-do-grupo-a-presidencia-da-camara-de-paco-do-lumiar\/"},"author":{"name":"maranhaotv","@id":"https:\/\/maranhaotv.com.br\/#\/schema\/person\/3d54238e86b20bb5c89ab2fdb8f8829a"},"headline":"Fred Campos anuncia Fernando Feitosa como candidato do grupo \u00e0 presid\u00eancia da C\u00e2mara de Pa\u00e7o do Lumiar","datePublished":"2024-12-04T08:31:41+00:00","dateModified":"2024-12-04T08:33:07+00:00","mainEntityOfPage":{"@id":"https:\/\/maranhaotv.com.br\/index.php\/2024\/12\/04\/fred-campos-anuncia-fernando-feitosa-como-candidato-do-grupo-a-presidencia-da-camara-de-paco-do-lumiar\/"},"wordCount":238,"commentCount":0,"publisher":{"@id":"https:\/\/maranhaotv.com.br\/#organization"},"image":{"@id":"https:\/\/maranhaotv.com.br\/index.php\/2024\/12\/04\/fred-campos-anuncia-fernando-feitosa-como-candidato-do-grupo-a-presidencia-da-camara-de-paco-do-lumiar\/#primaryimage"},"thumbnailUrl":"https:\/\/maranhaotv.com.br\/wp-content\/uploads\/2024\/12\/IMG-20241204-WA0004.jpg","articleSection":["not\u00edcias"],"inLanguage":"pt-BR","potentialAction":[{"@type":"CommentAction","name":"Comment","target":["https:\/\/maranhaotv.com.br\/index.php\/2024\/12\/04\/fred-campos-anuncia-fernando-feitosa-como-candidato-do-grupo-a-presidencia-da-camara-de-paco-do-lumiar\/#respond"]}]},{"@type":"WebPage","@id":"https:\/\/maranhaotv.com.br\/index.php\/2024\/12\/04\/fred-campos-anuncia-fernando-feitosa-como-candidato-do-grupo-a-presidencia-da-camara-de-paco-do-lumiar\/","url":"https:\/\/maranhaotv.com.br\/index.php\/2024\/12\/04\/fred-campos-anuncia-fernando-feitosa-como-candidato-do-grupo-a-presidencia-da-camara-de-paco-do-lumiar\/","name":"Fred Campos anuncia Fernando Feitosa como candidato do grupo \u00e0 presid\u00eancia da C\u00e2mara de Pa\u00e7o do Lumiar - NOT\u00cdCIAS EM TEMPO REAL","isPartOf":{"@id":"https:\/\/maranhaotv.com.br\/#website"},"primaryImageOfPage":{"@id":"https:\/\/maranhaotv.com.br\/index.php\/2024\/12\/04\/fred-campos-anuncia-fernando-feitosa-como-candidato-do-grupo-a-presidencia-da-camara-de-paco-do-lumiar\/#primaryimage"},"image":{"@id":"https:\/\/maranhaotv.com.br\/index.php\/2024\/12\/04\/fred-campos-anuncia-fernando-feitosa-como-candidato-do-grupo-a-presidencia-da-camara-de-paco-do-lumiar\/#primaryimage"},"thumbnailUrl":"https:\/\/maranhaotv.com.br\/wp-content\/uploads\/2024\/12\/IMG-20241204-WA0004.jpg","datePublished":"2024-12-04T08:31:41+00:00","dateModified":"2024-12-04T08:33:07+00:00","breadcrumb":{"@id":"https:\/\/maranhaotv.com.br\/index.php\/2024\/12\/04\/fred-campos-anuncia-fernando-feitosa-como-candidato-do-grupo-a-presidencia-da-camara-de-paco-do-lumiar\/#breadcrumb"},"inLanguage":"pt-BR","potentialAction":[{"@type":"ReadAction","target":["https:\/\/maranhaotv.com.br\/index.php\/2024\/12\/04\/fred-campos-anuncia-fernando-feitosa-como-candidato-do-grupo-a-presidencia-da-camara-de-paco-do-lumiar\/"]}]},{"@type":"ImageObject","inLanguage":"pt-BR","@id":"https:\/\/maranhaotv.com.br\/index.php\/2024\/12\/04\/fred-campos-anuncia-fernando-feitosa-como-candidato-do-grupo-a-presidencia-da-camara-de-paco-do-lumiar\/#primaryimage","url":"https:\/\/maranhaotv.com.br\/wp-content\/uploads\/2024\/12\/IMG-20241204-WA0004.jpg","contentUrl":"https:\/\/maranhaotv.com.br\/wp-content\/uploads\/2024\/12\/IMG-20241204-WA0004.jpg","width":1600,"height":1066},{"@type":"BreadcrumbList","@id":"https:\/\/maranhaotv.com.br\/index.php\/2024\/12\/04\/fred-campos-anuncia-fernando-feitosa-como-candidato-do-grupo-a-presidencia-da-camara-de-paco-do-lumiar\/#breadcrumb","itemListElement":[{"@type":"ListItem","position":1,"name":"In\u00edcio","item":"https:\/\/maranhaotv.com.br\/"},{"@type":"ListItem","position":2,"name":"Fred Campos anuncia Fernando Feitosa como candidato do grupo \u00e0 presid\u00eancia da C\u00e2mara de Pa\u00e7o do Lumiar"}]},{"@type":"WebSite","@id":"https:\/\/maranhaotv.com.br\/#website","url":"https:\/\/maranhaotv.com.br\/","name":"Maranh\u00e3oTV","description":"","publisher":{"@id":"https:\/\/maranhaotv.com.br\/#organization"},"potentialAction":[{"@type":"SearchAction","target":{"@type":"EntryPoint","urlTemplate":"https:\/\/maranhaotv.com.br\/?s={search_term_string}"},"query-input":{"@type":"PropertyValueSpecification","valueRequired":true,"valueName":"search_term_string"}}],"inLanguage":"pt-BR"},{"@type":"Organization","@id":"https:\/\/maranhaotv.com.br\/#organization","name":"Portal de Not\u00edcias","url":"https:\/\/maranhaotv.com.br\/","logo":{"@type":"ImageObject","inLanguage":"pt-BR","@id":"https:\/\/maranhaotv.com.br\/#\/schema\/logo\/image\/","url":"https:\/\/maranhaotv.com.br\/wp-content\/uploads\/2024\/05\/cropped-cropped-avatar-1.png","contentUrl":"https:\/\/maranhaotv.com.br\/wp-content\/uploads\/2024\/05\/cropped-cropped-avatar-1.png","width":792,"height":428,"caption":"Portal de Not\u00edcias"},"image":{"@id":"https:\/\/maranhaotv.com.br\/#\/schema\/logo\/image\/"},"sameAs":["https:\/\/www.facebook.com\/maiobaotv","https:\/\/x.com\/sitemaranhaotv","https:\/\/www.instagram.com\/maranhao.tv","https:\/\/www.threads.net\/@maranhao.tv"]},{"@type":"Person","@id":"https:\/\/maranhaotv.com.br\/#\/schema\/person\/3d54238e86b20bb5c89ab2fdb8f8829a","name":"maranhaotv","image":{"@type":"ImageObject","inLanguage":"pt-BR","@id":"https:\/\/secure.gravatar.com\/avatar\/8fadbca458d4cb68b1dd399ae9a40618d747bb1af65ac9fad21c89220a143eb4?s=96&d=mm&r=g","url":"https:\/\/secure.gravatar.com\/avatar\/8fadbca458d4cb68b1dd399ae9a40618d747bb1af65ac9fad21c89220a143eb4?s=96&d=mm&r=g","contentUrl":"https:\/\/secure.gravatar.com\/avatar\/8fadbca458d4cb68b1dd399ae9a40618d747bb1af65ac9fad21c89220a143eb4?s=96&d=mm&r=g","caption":"maranhaotv"},"sameAs":["https:\/\/maranhaotv.com.br\/"],"url":"https:\/\/maranhaotv.com.br\/index.php\/author\/maranhaotv\/"}]}},"jetpack_featured_media_url":"https:\/\/maranhaotv.com.br\/wp-content\/uploads\/2024\/12\/IMG-20241204-WA0004.jpg","jetpack_sharing_enabled":true,"_links":{"self":[{"href":"https:\/\/maranhaotv.com.br\/index.php\/wp-json\/wp\/v2\/posts\/39015","targetHints":{"allow":["GET"]}}],"collection":[{"href":"https:\/\/maranhaotv.com.br\/index.php\/wp-json\/wp\/v2\/posts"}],"about":[{"href":"https:\/\/maranhaotv.com.br\/index.php\/wp-json\/wp\/v2\/types\/post"}],"author":[{"embeddable":true,"href":"https:\/\/maranhaotv.com.br\/index.php\/wp-json\/wp\/v2\/users\/2"}],"replies":[{"embeddable":true,"href":"https:\/\/maranhaotv.com.br\/index.php\/wp-json\/wp\/v2\/comments?post=39015"}],"version-history":[{"count":2,"href":"https:\/\/maranhaotv.com.br\/index.php\/wp-json\/wp\/v2\/posts\/39015\/revisions"}],"predecessor-version":[{"id":39018,"href":"https:\/\/maranhaotv.com.br\/index.php\/wp-json\/wp\/v2\/posts\/39015\/revisions\/39018"}],"wp:featuredmedia":[{"embeddable":true,"href":"https:\/\/maranhaotv.com.br\/index.php\/wp-json\/wp\/v2\/media\/39014"}],"wp:attachment":[{"href":"https:\/\/maranhaotv.com.br\/index.php\/wp-json\/wp\/v2\/media?parent=39015"}],"wp:term":[{"taxonomy":"category","embeddable":true,"href":"https:\/\/maranhaotv.com.br\/index.php\/wp-json\/wp\/v2\/categories?post=39015"},{"taxonomy":"post_tag","embeddable":true,"href":"https:\/\/maranhaotv.com.br\/index.php\/wp-json\/wp\/v2\/tags?post=39015"}],"curies":[{"name":"wp","href":"https:\/\/api.w.org\/{rel}","templated":true}]}}