{"id":39021,"date":"2024-12-04T12:02:56","date_gmt":"2024-12-04T15:02:56","guid":{"rendered":"https:\/\/maranhaotv.com.br\/?p=39021"},"modified":"2024-12-04T12:02:58","modified_gmt":"2024-12-04T15:02:58","slug":"moto-club-anuncia-goleiro-gordo-para-temporada-2025","status":"publish","type":"post","link":"https:\/\/maranhaotv.com.br\/index.php\/2024\/12\/04\/moto-club-anuncia-goleiro-gordo-para-temporada-2025\/","title":{"rendered":"Moto Club anuncia goleiro Gordo para temporada 2025"},"content":{"rendered":"\n<p>O Moto Club anunciou a contrata\u00e7\u00e3o do goleiro Vanilton Fraz\u00e3o, o Gordo, para atuar pelo time na temporada de 2025, e o jogador j\u00e1 integrou o elenco no 5\u00aa semana de trabalhos e prepara\u00e7\u00e3o no CT Pereira dos Santos.<br><br>Considerado o melhor goleiro do futebol amador do Maranh\u00e3o, Gordo criou fama ap\u00f3s brilhar na Copa Interbairros de 2022, quando seu time, o Cruzador, foi campe\u00e3o invicto. Naquela competi\u00e7\u00e3o, Gordo sofreu um \u00fanico gol e ficou conhecido como pared\u00e3o nos p\u00eanaltis, al\u00e9m de marcar o gol que garantiu o t\u00edtulo.<br><br>Al\u00e9m da fama pelo futebol de v\u00e1rzea, onde foi campe\u00e3o de quase todas as competi\u00e7\u00f5es da qual participou e onde \u00e9 disputado pelos melhores times, o jovem goleiro tamb\u00e9m tem passagens pelas equipes de Bacabal, Timon, Chapadinha, Turia\u00e7u e Bacuri.<br><br>Gordo agora aguarda sua primeira oportunidade no time do Moto Club para mostrar porque \u00e9 considerado o melhor goleiro do Maranh\u00e3o.<\/p>\n\n\n\n<figure class=\"wp-block-image size-large\"><img loading=\"lazy\" decoding=\"async\" width=\"1024\" height=\"790\" src=\"https:\/\/maranhaotv.com.br\/wp-content\/uploads\/2024\/12\/whatsapp-image-2024-12-04-at-118507854813536107408-1024x790.jpeg\" alt=\"\" class=\"wp-image-39019\" srcset=\"https:\/\/maranhaotv.com.br\/wp-content\/uploads\/2024\/12\/whatsapp-image-2024-12-04-at-118507854813536107408-1024x790.jpeg 1024w, https:\/\/maranhaotv.com.br\/wp-content\/uploads\/2024\/12\/whatsapp-image-2024-12-04-at-118507854813536107408-300x231.jpeg 300w, https:\/\/maranhaotv.com.br\/wp-content\/uploads\/2024\/12\/whatsapp-image-2024-12-04-at-118507854813536107408-768x592.jpeg 768w, https:\/\/maranhaotv.com.br\/wp-content\/uploads\/2024\/12\/whatsapp-image-2024-12-04-at-118507854813536107408.jpeg 1242w\" sizes=\"auto, (max-width: 1024px) 100vw, 1024px\" \/><\/figure>\n","protected":false},"excerpt":{"rendered":"<p>O Moto Club anunciou a contrata\u00e7\u00e3o do goleiro Vanilton Fraz\u00e3o, o Gordo, para atuar pelo time na temporada de 2025,<\/p>\n","protected":false},"author":2,"featured_media":39020,"comment_status":"open","ping_status":"open","sticky":false,"template":"","format":"standard","meta":{"colormag_page_container_layout":"default_layout","colormag_page_sidebar_layout":"default_layout","_jetpack_memberships_contains_paid_content":false,"footnotes":""},"categories":[14],"tags":[],"class_list":["post-39021","post","type-post","status-publish","format-standard","has-post-thumbnail","hentry","category-esportes"],"magazineBlocksPostFeaturedMedia":{"thumbnail":"https:\/\/maranhaotv.com.br\/wp-content\/uploads\/2024\/12\/WhatsApp-Image-2024-12-04-at-11.55.49-150x150.jpeg","medium":"https:\/\/maranhaotv.com.br\/wp-content\/uploads\/2024\/12\/WhatsApp-Image-2024-12-04-at-11.55.49-300x229.jpeg","medium_large":"https:\/\/maranhaotv.com.br\/wp-content\/uploads\/2024\/12\/WhatsApp-Image-2024-12-04-at-11.55.49-768x585.jpeg","large":"https:\/\/maranhaotv.com.br\/wp-content\/uploads\/2024\/12\/WhatsApp-Image-2024-12-04-at-11.55.49-1024x780.jpeg","1536x1536":"https:\/\/maranhaotv.com.br\/wp-content\/uploads\/2024\/12\/WhatsApp-Image-2024-12-04-at-11.55.49.jpeg","2048x2048":"https:\/\/maranhaotv.com.br\/wp-content\/uploads\/2024\/12\/WhatsApp-Image-2024-12-04-at-11.55.49.jpeg","colormag-highlighted-post":"https:\/\/maranhaotv.com.br\/wp-content\/uploads\/2024\/12\/WhatsApp-Image-2024-12-04-at-11.55.49-392x272.jpeg","colormag-featured-post-medium":"https:\/\/maranhaotv.com.br\/wp-content\/uploads\/2024\/12\/WhatsApp-Image-2024-12-04-at-11.55.49-390x205.jpeg","colormag-featured-post-small":"https:\/\/maranhaotv.com.br\/wp-content\/uploads\/2024\/12\/WhatsApp-Image-2024-12-04-at-11.55.49-130x90.jpeg","colormag-featured-image":"https:\/\/maranhaotv.com.br\/wp-content\/uploads\/2024\/12\/WhatsApp-Image-2024-12-04-at-11.55.49-800x445.jpeg","colormag-default-news":"https:\/\/maranhaotv.com.br\/wp-content\/uploads\/2024\/12\/WhatsApp-Image-2024-12-04-at-11.55.49-150x150.jpeg","colormag-featured-image-large":"https:\/\/maranhaotv.com.br\/wp-content\/uploads\/2024\/12\/WhatsApp-Image-2024-12-04-at-11.55.49-1242x600.jpeg"},"magazineBlocksPostAuthor":{"name":"maranhaotv","avatar":"https:\/\/secure.gravatar.com\/avatar\/8fadbca458d4cb68b1dd399ae9a40618d747bb1af65ac9fad21c89220a143eb4?s=96&d=mm&r=g"},"magazineBlocksPostCommentsNumber":"0","magazineBlocksPostExcerpt":"O Moto Club anunciou a contrata\u00e7\u00e3o do goleiro Vanilton Fraz\u00e3o, o Gordo, para atuar pelo time na temporada de 2025,","magazineBlocksPostCategories":["esportes"],"magazineBlocksPostViewCount":600,"magazineBlocksPostReadTime":1,"magazine_blocks_featured_image_url":{"full":["https:\/\/maranhaotv.com.br\/wp-content\/uploads\/2024\/12\/WhatsApp-Image-2024-12-04-at-11.55.49.jpeg",1242,946,false],"medium":["https:\/\/maranhaotv.com.br\/wp-content\/uploads\/2024\/12\/WhatsApp-Image-2024-12-04-at-11.55.49-300x229.jpeg",300,229,true],"thumbnail":["https:\/\/maranhaotv.com.br\/wp-content\/uploads\/2024\/12\/WhatsApp-Image-2024-12-04-at-11.55.49-150x150.jpeg",150,150,true]},"magazine_blocks_author":{"display_name":"maranhaotv","author_link":"https:\/\/maranhaotv.com.br\/index.php\/author\/maranhaotv\/"},"magazine_blocks_comment":0,"magazine_blocks_author_image":"https:\/\/secure.gravatar.com\/avatar\/8fadbca458d4cb68b1dd399ae9a40618d747bb1af65ac9fad21c89220a143eb4?s=96&d=mm&r=g","magazine_blocks_category":"<a href=\"#\" class=\"category-link category-link-14\">esportes<\/a>","yoast_head":"<!-- This site is optimized with the Yoast SEO plugin v27.4 - https:\/\/yoast.com\/product\/yoast-seo-wordpress\/ -->\n<title>Moto Club anuncia goleiro Gordo para temporada 2025 - NOT\u00cdCIAS EM TEMPO REAL<\/title>\n<meta name=\"robots\" content=\"index, follow, max-snippet:-1, max-image-preview:large, max-video-preview:-1\" \/>\n<link rel=\"canonical\" href=\"https:\/\/maranhaotv.com.br\/index.php\/2024\/12\/04\/moto-club-anuncia-goleiro-gordo-para-temporada-2025\/\" \/>\n<meta property=\"og:locale\" content=\"pt_BR\" \/>\n<meta property=\"og:type\" content=\"article\" \/>\n<meta property=\"og:title\" content=\"Moto Club anuncia goleiro Gordo para temporada 2025 - NOT\u00cdCIAS EM TEMPO REAL\" \/>\n<meta property=\"og:description\" content=\"O Moto Club anunciou a contrata\u00e7\u00e3o do goleiro Vanilton Fraz\u00e3o, o Gordo, para atuar pelo time na temporada de 2025,\" \/>\n<meta property=\"og:url\" content=\"https:\/\/maranhaotv.com.br\/index.php\/2024\/12\/04\/moto-club-anuncia-goleiro-gordo-para-temporada-2025\/\" \/>\n<meta property=\"og:site_name\" content=\"NOT\u00cdCIAS EM TEMPO REAL\" \/>\n<meta property=\"article:publisher\" content=\"https:\/\/www.facebook.com\/maiobaotv\" \/>\n<meta property=\"article:published_time\" content=\"2024-12-04T15:02:56+00:00\" \/>\n<meta property=\"article:modified_time\" content=\"2024-12-04T15:02:58+00:00\" \/>\n<meta property=\"og:image\" content=\"https:\/\/maranhaotv.com.br\/wp-content\/uploads\/2024\/12\/WhatsApp-Image-2024-12-04-at-11.55.49.jpeg\" \/>\n\t<meta property=\"og:image:width\" content=\"1242\" \/>\n\t<meta property=\"og:image:height\" content=\"946\" \/>\n\t<meta property=\"og:image:type\" content=\"image\/jpeg\" \/>\n<meta name=\"author\" content=\"maranhaotv\" \/>\n<meta name=\"twitter:card\" content=\"summary_large_image\" \/>\n<meta name=\"twitter:creator\" content=\"@sitemaranhaotv\" \/>\n<meta name=\"twitter:site\" content=\"@sitemaranhaotv\" \/>\n<meta name=\"twitter:label1\" content=\"Escrito por\" \/>\n\t<meta name=\"twitter:data1\" content=\"maranhaotv\" \/>\n\t<meta name=\"twitter:label2\" content=\"Est. tempo de leitura\" \/>\n\t<meta name=\"twitter:data2\" content=\"1 minuto\" \/>\n<script type=\"application\/ld+json\" class=\"yoast-schema-graph\">{\"@context\":\"https:\\\/\\\/schema.org\",\"@graph\":[{\"@type\":\"Article\",\"@id\":\"https:\\\/\\\/maranhaotv.com.br\\\/index.php\\\/2024\\\/12\\\/04\\\/moto-club-anuncia-goleiro-gordo-para-temporada-2025\\\/#article\",\"isPartOf\":{\"@id\":\"https:\\\/\\\/maranhaotv.com.br\\\/index.php\\\/2024\\\/12\\\/04\\\/moto-club-anuncia-goleiro-gordo-para-temporada-2025\\\/\"},\"author\":{\"name\":\"maranhaotv\",\"@id\":\"https:\\\/\\\/maranhaotv.com.br\\\/#\\\/schema\\\/person\\\/3d54238e86b20bb5c89ab2fdb8f8829a\"},\"headline\":\"Moto Club anuncia goleiro Gordo para temporada 2025\",\"datePublished\":\"2024-12-04T15:02:56+00:00\",\"dateModified\":\"2024-12-04T15:02:58+00:00\",\"mainEntityOfPage\":{\"@id\":\"https:\\\/\\\/maranhaotv.com.br\\\/index.php\\\/2024\\\/12\\\/04\\\/moto-club-anuncia-goleiro-gordo-para-temporada-2025\\\/\"},\"wordCount\":170,\"commentCount\":0,\"publisher\":{\"@id\":\"https:\\\/\\\/maranhaotv.com.br\\\/#organization\"},\"image\":{\"@id\":\"https:\\\/\\\/maranhaotv.com.br\\\/index.php\\\/2024\\\/12\\\/04\\\/moto-club-anuncia-goleiro-gordo-para-temporada-2025\\\/#primaryimage\"},\"thumbnailUrl\":\"https:\\\/\\\/maranhaotv.com.br\\\/wp-content\\\/uploads\\\/2024\\\/12\\\/WhatsApp-Image-2024-12-04-at-11.55.49.jpeg\",\"articleSection\":[\"esportes\"],\"inLanguage\":\"pt-BR\",\"potentialAction\":[{\"@type\":\"CommentAction\",\"name\":\"Comment\",\"target\":[\"https:\\\/\\\/maranhaotv.com.br\\\/index.php\\\/2024\\\/12\\\/04\\\/moto-club-anuncia-goleiro-gordo-para-temporada-2025\\\/#respond\"]}]},{\"@type\":\"WebPage\",\"@id\":\"https:\\\/\\\/maranhaotv.com.br\\\/index.php\\\/2024\\\/12\\\/04\\\/moto-club-anuncia-goleiro-gordo-para-temporada-2025\\\/\",\"url\":\"https:\\\/\\\/maranhaotv.com.br\\\/index.php\\\/2024\\\/12\\\/04\\\/moto-club-anuncia-goleiro-gordo-para-temporada-2025\\\/\",\"name\":\"Moto Club anuncia goleiro Gordo para temporada 2025 - NOT\u00cdCIAS EM TEMPO REAL\",\"isPartOf\":{\"@id\":\"https:\\\/\\\/maranhaotv.com.br\\\/#website\"},\"primaryImageOfPage\":{\"@id\":\"https:\\\/\\\/maranhaotv.com.br\\\/index.php\\\/2024\\\/12\\\/04\\\/moto-club-anuncia-goleiro-gordo-para-temporada-2025\\\/#primaryimage\"},\"image\":{\"@id\":\"https:\\\/\\\/maranhaotv.com.br\\\/index.php\\\/2024\\\/12\\\/04\\\/moto-club-anuncia-goleiro-gordo-para-temporada-2025\\\/#primaryimage\"},\"thumbnailUrl\":\"https:\\\/\\\/maranhaotv.com.br\\\/wp-content\\\/uploads\\\/2024\\\/12\\\/WhatsApp-Image-2024-12-04-at-11.55.49.jpeg\",\"datePublished\":\"2024-12-04T15:02:56+00:00\",\"dateModified\":\"2024-12-04T15:02:58+00:00\",\"breadcrumb\":{\"@id\":\"https:\\\/\\\/maranhaotv.com.br\\\/index.php\\\/2024\\\/12\\\/04\\\/moto-club-anuncia-goleiro-gordo-para-temporada-2025\\\/#breadcrumb\"},\"inLanguage\":\"pt-BR\",\"potentialAction\":[{\"@type\":\"ReadAction\",\"target\":[\"https:\\\/\\\/maranhaotv.com.br\\\/index.php\\\/2024\\\/12\\\/04\\\/moto-club-anuncia-goleiro-gordo-para-temporada-2025\\\/\"]}]},{\"@type\":\"ImageObject\",\"inLanguage\":\"pt-BR\",\"@id\":\"https:\\\/\\\/maranhaotv.com.br\\\/index.php\\\/2024\\\/12\\\/04\\\/moto-club-anuncia-goleiro-gordo-para-temporada-2025\\\/#primaryimage\",\"url\":\"https:\\\/\\\/maranhaotv.com.br\\\/wp-content\\\/uploads\\\/2024\\\/12\\\/WhatsApp-Image-2024-12-04-at-11.55.49.jpeg\",\"contentUrl\":\"https:\\\/\\\/maranhaotv.com.br\\\/wp-content\\\/uploads\\\/2024\\\/12\\\/WhatsApp-Image-2024-12-04-at-11.55.49.jpeg\",\"width\":1242,\"height\":946},{\"@type\":\"BreadcrumbList\",\"@id\":\"https:\\\/\\\/maranhaotv.com.br\\\/index.php\\\/2024\\\/12\\\/04\\\/moto-club-anuncia-goleiro-gordo-para-temporada-2025\\\/#breadcrumb\",\"itemListElement\":[{\"@type\":\"ListItem\",\"position\":1,\"name\":\"In\u00edcio\",\"item\":\"https:\\\/\\\/maranhaotv.com.br\\\/\"},{\"@type\":\"ListItem\",\"position\":2,\"name\":\"Moto Club anuncia goleiro Gordo para temporada 2025\"}]},{\"@type\":\"WebSite\",\"@id\":\"https:\\\/\\\/maranhaotv.com.br\\\/#website\",\"url\":\"https:\\\/\\\/maranhaotv.com.br\\\/\",\"name\":\"Maranh\u00e3oTV\",\"description\":\"\",\"publisher\":{\"@id\":\"https:\\\/\\\/maranhaotv.com.br\\\/#organization\"},\"potentialAction\":[{\"@type\":\"SearchAction\",\"target\":{\"@type\":\"EntryPoint\",\"urlTemplate\":\"https:\\\/\\\/maranhaotv.com.br\\\/?s={search_term_string}\"},\"query-input\":{\"@type\":\"PropertyValueSpecification\",\"valueRequired\":true,\"valueName\":\"search_term_string\"}}],\"inLanguage\":\"pt-BR\"},{\"@type\":\"Organization\",\"@id\":\"https:\\\/\\\/maranhaotv.com.br\\\/#organization\",\"name\":\"Portal de Not\u00edcias\",\"url\":\"https:\\\/\\\/maranhaotv.com.br\\\/\",\"logo\":{\"@type\":\"ImageObject\",\"inLanguage\":\"pt-BR\",\"@id\":\"https:\\\/\\\/maranhaotv.com.br\\\/#\\\/schema\\\/logo\\\/image\\\/\",\"url\":\"https:\\\/\\\/maranhaotv.com.br\\\/wp-content\\\/uploads\\\/2024\\\/05\\\/cropped-cropped-avatar-1.png\",\"contentUrl\":\"https:\\\/\\\/maranhaotv.com.br\\\/wp-content\\\/uploads\\\/2024\\\/05\\\/cropped-cropped-avatar-1.png\",\"width\":792,\"height\":428,\"caption\":\"Portal de Not\u00edcias\"},\"image\":{\"@id\":\"https:\\\/\\\/maranhaotv.com.br\\\/#\\\/schema\\\/logo\\\/image\\\/\"},\"sameAs\":[\"https:\\\/\\\/www.facebook.com\\\/maiobaotv\",\"https:\\\/\\\/x.com\\\/sitemaranhaotv\",\"https:\\\/\\\/www.instagram.com\\\/maranhao.tv\",\"https:\\\/\\\/www.threads.net\\\/@maranhao.tv\"]},{\"@type\":\"Person\",\"@id\":\"https:\\\/\\\/maranhaotv.com.br\\\/#\\\/schema\\\/person\\\/3d54238e86b20bb5c89ab2fdb8f8829a\",\"name\":\"maranhaotv\",\"image\":{\"@type\":\"ImageObject\",\"inLanguage\":\"pt-BR\",\"@id\":\"https:\\\/\\\/secure.gravatar.com\\\/avatar\\\/8fadbca458d4cb68b1dd399ae9a40618d747bb1af65ac9fad21c89220a143eb4?s=96&d=mm&r=g\",\"url\":\"https:\\\/\\\/secure.gravatar.com\\\/avatar\\\/8fadbca458d4cb68b1dd399ae9a40618d747bb1af65ac9fad21c89220a143eb4?s=96&d=mm&r=g\",\"contentUrl\":\"https:\\\/\\\/secure.gravatar.com\\\/avatar\\\/8fadbca458d4cb68b1dd399ae9a40618d747bb1af65ac9fad21c89220a143eb4?s=96&d=mm&r=g\",\"caption\":\"maranhaotv\"},\"sameAs\":[\"https:\\\/\\\/maranhaotv.com.br\\\/\"],\"url\":\"https:\\\/\\\/maranhaotv.com.br\\\/index.php\\\/author\\\/maranhaotv\\\/\"}]}<\/script>\n<!-- \/ Yoast SEO plugin. -->","yoast_head_json":{"title":"Moto Club anuncia goleiro Gordo para temporada 2025 - NOT\u00cdCIAS EM TEMPO REAL","robots":{"index":"index","follow":"follow","max-snippet":"max-snippet:-1","max-image-preview":"max-image-preview:large","max-video-preview":"max-video-preview:-1"},"canonical":"https:\/\/maranhaotv.com.br\/index.php\/2024\/12\/04\/moto-club-anuncia-goleiro-gordo-para-temporada-2025\/","og_locale":"pt_BR","og_type":"article","og_title":"Moto Club anuncia goleiro Gordo para temporada 2025 - NOT\u00cdCIAS EM TEMPO REAL","og_description":"O Moto Club anunciou a contrata\u00e7\u00e3o do goleiro Vanilton Fraz\u00e3o, o Gordo, para atuar pelo time na temporada de 2025,","og_url":"https:\/\/maranhaotv.com.br\/index.php\/2024\/12\/04\/moto-club-anuncia-goleiro-gordo-para-temporada-2025\/","og_site_name":"NOT\u00cdCIAS EM TEMPO REAL","article_publisher":"https:\/\/www.facebook.com\/maiobaotv","article_published_time":"2024-12-04T15:02:56+00:00","article_modified_time":"2024-12-04T15:02:58+00:00","og_image":[{"width":1242,"height":946,"url":"https:\/\/maranhaotv.com.br\/wp-content\/uploads\/2024\/12\/WhatsApp-Image-2024-12-04-at-11.55.49.jpeg","type":"image\/jpeg"}],"author":"maranhaotv","twitter_card":"summary_large_image","twitter_creator":"@sitemaranhaotv","twitter_site":"@sitemaranhaotv","twitter_misc":{"Escrito por":"maranhaotv","Est. tempo de leitura":"1 minuto"},"schema":{"@context":"https:\/\/schema.org","@graph":[{"@type":"Article","@id":"https:\/\/maranhaotv.com.br\/index.php\/2024\/12\/04\/moto-club-anuncia-goleiro-gordo-para-temporada-2025\/#article","isPartOf":{"@id":"https:\/\/maranhaotv.com.br\/index.php\/2024\/12\/04\/moto-club-anuncia-goleiro-gordo-para-temporada-2025\/"},"author":{"name":"maranhaotv","@id":"https:\/\/maranhaotv.com.br\/#\/schema\/person\/3d54238e86b20bb5c89ab2fdb8f8829a"},"headline":"Moto Club anuncia goleiro Gordo para temporada 2025","datePublished":"2024-12-04T15:02:56+00:00","dateModified":"2024-12-04T15:02:58+00:00","mainEntityOfPage":{"@id":"https:\/\/maranhaotv.com.br\/index.php\/2024\/12\/04\/moto-club-anuncia-goleiro-gordo-para-temporada-2025\/"},"wordCount":170,"commentCount":0,"publisher":{"@id":"https:\/\/maranhaotv.com.br\/#organization"},"image":{"@id":"https:\/\/maranhaotv.com.br\/index.php\/2024\/12\/04\/moto-club-anuncia-goleiro-gordo-para-temporada-2025\/#primaryimage"},"thumbnailUrl":"https:\/\/maranhaotv.com.br\/wp-content\/uploads\/2024\/12\/WhatsApp-Image-2024-12-04-at-11.55.49.jpeg","articleSection":["esportes"],"inLanguage":"pt-BR","potentialAction":[{"@type":"CommentAction","name":"Comment","target":["https:\/\/maranhaotv.com.br\/index.php\/2024\/12\/04\/moto-club-anuncia-goleiro-gordo-para-temporada-2025\/#respond"]}]},{"@type":"WebPage","@id":"https:\/\/maranhaotv.com.br\/index.php\/2024\/12\/04\/moto-club-anuncia-goleiro-gordo-para-temporada-2025\/","url":"https:\/\/maranhaotv.com.br\/index.php\/2024\/12\/04\/moto-club-anuncia-goleiro-gordo-para-temporada-2025\/","name":"Moto Club anuncia goleiro Gordo para temporada 2025 - NOT\u00cdCIAS EM TEMPO REAL","isPartOf":{"@id":"https:\/\/maranhaotv.com.br\/#website"},"primaryImageOfPage":{"@id":"https:\/\/maranhaotv.com.br\/index.php\/2024\/12\/04\/moto-club-anuncia-goleiro-gordo-para-temporada-2025\/#primaryimage"},"image":{"@id":"https:\/\/maranhaotv.com.br\/index.php\/2024\/12\/04\/moto-club-anuncia-goleiro-gordo-para-temporada-2025\/#primaryimage"},"thumbnailUrl":"https:\/\/maranhaotv.com.br\/wp-content\/uploads\/2024\/12\/WhatsApp-Image-2024-12-04-at-11.55.49.jpeg","datePublished":"2024-12-04T15:02:56+00:00","dateModified":"2024-12-04T15:02:58+00:00","breadcrumb":{"@id":"https:\/\/maranhaotv.com.br\/index.php\/2024\/12\/04\/moto-club-anuncia-goleiro-gordo-para-temporada-2025\/#breadcrumb"},"inLanguage":"pt-BR","potentialAction":[{"@type":"ReadAction","target":["https:\/\/maranhaotv.com.br\/index.php\/2024\/12\/04\/moto-club-anuncia-goleiro-gordo-para-temporada-2025\/"]}]},{"@type":"ImageObject","inLanguage":"pt-BR","@id":"https:\/\/maranhaotv.com.br\/index.php\/2024\/12\/04\/moto-club-anuncia-goleiro-gordo-para-temporada-2025\/#primaryimage","url":"https:\/\/maranhaotv.com.br\/wp-content\/uploads\/2024\/12\/WhatsApp-Image-2024-12-04-at-11.55.49.jpeg","contentUrl":"https:\/\/maranhaotv.com.br\/wp-content\/uploads\/2024\/12\/WhatsApp-Image-2024-12-04-at-11.55.49.jpeg","width":1242,"height":946},{"@type":"BreadcrumbList","@id":"https:\/\/maranhaotv.com.br\/index.php\/2024\/12\/04\/moto-club-anuncia-goleiro-gordo-para-temporada-2025\/#breadcrumb","itemListElement":[{"@type":"ListItem","position":1,"name":"In\u00edcio","item":"https:\/\/maranhaotv.com.br\/"},{"@type":"ListItem","position":2,"name":"Moto Club anuncia goleiro Gordo para temporada 2025"}]},{"@type":"WebSite","@id":"https:\/\/maranhaotv.com.br\/#website","url":"https:\/\/maranhaotv.com.br\/","name":"Maranh\u00e3oTV","description":"","publisher":{"@id":"https:\/\/maranhaotv.com.br\/#organization"},"potentialAction":[{"@type":"SearchAction","target":{"@type":"EntryPoint","urlTemplate":"https:\/\/maranhaotv.com.br\/?s={search_term_string}"},"query-input":{"@type":"PropertyValueSpecification","valueRequired":true,"valueName":"search_term_string"}}],"inLanguage":"pt-BR"},{"@type":"Organization","@id":"https:\/\/maranhaotv.com.br\/#organization","name":"Portal de Not\u00edcias","url":"https:\/\/maranhaotv.com.br\/","logo":{"@type":"ImageObject","inLanguage":"pt-BR","@id":"https:\/\/maranhaotv.com.br\/#\/schema\/logo\/image\/","url":"https:\/\/maranhaotv.com.br\/wp-content\/uploads\/2024\/05\/cropped-cropped-avatar-1.png","contentUrl":"https:\/\/maranhaotv.com.br\/wp-content\/uploads\/2024\/05\/cropped-cropped-avatar-1.png","width":792,"height":428,"caption":"Portal de Not\u00edcias"},"image":{"@id":"https:\/\/maranhaotv.com.br\/#\/schema\/logo\/image\/"},"sameAs":["https:\/\/www.facebook.com\/maiobaotv","https:\/\/x.com\/sitemaranhaotv","https:\/\/www.instagram.com\/maranhao.tv","https:\/\/www.threads.net\/@maranhao.tv"]},{"@type":"Person","@id":"https:\/\/maranhaotv.com.br\/#\/schema\/person\/3d54238e86b20bb5c89ab2fdb8f8829a","name":"maranhaotv","image":{"@type":"ImageObject","inLanguage":"pt-BR","@id":"https:\/\/secure.gravatar.com\/avatar\/8fadbca458d4cb68b1dd399ae9a40618d747bb1af65ac9fad21c89220a143eb4?s=96&d=mm&r=g","url":"https:\/\/secure.gravatar.com\/avatar\/8fadbca458d4cb68b1dd399ae9a40618d747bb1af65ac9fad21c89220a143eb4?s=96&d=mm&r=g","contentUrl":"https:\/\/secure.gravatar.com\/avatar\/8fadbca458d4cb68b1dd399ae9a40618d747bb1af65ac9fad21c89220a143eb4?s=96&d=mm&r=g","caption":"maranhaotv"},"sameAs":["https:\/\/maranhaotv.com.br\/"],"url":"https:\/\/maranhaotv.com.br\/index.php\/author\/maranhaotv\/"}]}},"jetpack_featured_media_url":"https:\/\/maranhaotv.com.br\/wp-content\/uploads\/2024\/12\/WhatsApp-Image-2024-12-04-at-11.55.49.jpeg","jetpack_sharing_enabled":true,"_links":{"self":[{"href":"https:\/\/maranhaotv.com.br\/index.php\/wp-json\/wp\/v2\/posts\/39021","targetHints":{"allow":["GET"]}}],"collection":[{"href":"https:\/\/maranhaotv.com.br\/index.php\/wp-json\/wp\/v2\/posts"}],"about":[{"href":"https:\/\/maranhaotv.com.br\/index.php\/wp-json\/wp\/v2\/types\/post"}],"author":[{"embeddable":true,"href":"https:\/\/maranhaotv.com.br\/index.php\/wp-json\/wp\/v2\/users\/2"}],"replies":[{"embeddable":true,"href":"https:\/\/maranhaotv.com.br\/index.php\/wp-json\/wp\/v2\/comments?post=39021"}],"version-history":[{"count":1,"href":"https:\/\/maranhaotv.com.br\/index.php\/wp-json\/wp\/v2\/posts\/39021\/revisions"}],"predecessor-version":[{"id":39022,"href":"https:\/\/maranhaotv.com.br\/index.php\/wp-json\/wp\/v2\/posts\/39021\/revisions\/39022"}],"wp:featuredmedia":[{"embeddable":true,"href":"https:\/\/maranhaotv.com.br\/index.php\/wp-json\/wp\/v2\/media\/39020"}],"wp:attachment":[{"href":"https:\/\/maranhaotv.com.br\/index.php\/wp-json\/wp\/v2\/media?parent=39021"}],"wp:term":[{"taxonomy":"category","embeddable":true,"href":"https:\/\/maranhaotv.com.br\/index.php\/wp-json\/wp\/v2\/categories?post=39021"},{"taxonomy":"post_tag","embeddable":true,"href":"https:\/\/maranhaotv.com.br\/index.php\/wp-json\/wp\/v2\/tags?post=39021"}],"curies":[{"name":"wp","href":"https:\/\/api.w.org\/{rel}","templated":true}]}}