{"id":39042,"date":"2024-12-04T18:05:52","date_gmt":"2024-12-04T21:05:52","guid":{"rendered":"https:\/\/maranhaotv.com.br\/?p=39042"},"modified":"2024-12-04T18:06:04","modified_gmt":"2024-12-04T21:06:04","slug":"deputados-maranhenses-obtem-decisao-historica-sobre-emendas-no-orcamento","status":"publish","type":"post","link":"https:\/\/maranhaotv.com.br\/index.php\/2024\/12\/04\/deputados-maranhenses-obtem-decisao-historica-sobre-emendas-no-orcamento\/","title":{"rendered":"Deputados maranhenses obt\u00eam decis\u00e3o hist\u00f3rica sobre emendas no or\u00e7amento"},"content":{"rendered":"\n<p><br><br>Os deputados estaduais Carlos Lula (PSB), Rodrigo Lago (PCdoB), Fernando Braide (PSC), Leandro Bello (Podemos), Francisco Nagib (PSB), Ricardo Rios (PCdoB) e J\u00falio Mendon\u00e7a (PCdoB), obtiveram uma vit\u00f3ria significativa no Tribunal de Justi\u00e7a do Maranh\u00e3o. A decis\u00e3o liminar, proferida pelo desembargador Jos\u00e9 Nilo Ribeiro Filho, garantiu o direito de os parlamentares apresentarem emendas ao Projeto de Lei Or\u00e7ament\u00e1ria Anual (PLOA) 2025 no limite de 1,55% da Receita Corrente L\u00edquida, conforme estabelecido pela Constitui\u00e7\u00e3o Federal.<br><br>A medida representa um marco na luta por mais equidade no acesso \u00e0s emendas parlamentares, que, segundo Carlos Lula, t\u00eam sido historicamente aplicadas de forma desigual no estado. \u201cEssa decis\u00e3o fortalece nosso trabalho em defesa da popula\u00e7\u00e3o. As emendas s\u00e3o ferramentas essenciais para melhorar \u00e1reas cr\u00edticas, como sa\u00fade e infraestrutura. Pretendo destinar parte desses recursos para pacientes oncol\u00f3gicos e pessoas em tratamento de di\u00e1lise\u201d, afirmou o deputado.<br><br>A decis\u00e3o judicial veio ap\u00f3s um embate com a Assembleia Legislativa e o Governo do Estado, que limitaram as emendas a apenas 0,86% da Receita Corrente L\u00edquida, com 0,43% para execu\u00e7\u00e3o impositiva, contrariando o entendimento do Supremo Tribunal Federal (STF). A desigualdade no pagamento das emendas tamb\u00e9m foi apontada, destacando-se casos de parlamentares que receberam valores superiores ao previsto, enquanto outros, como o deputado Fernando Braide, n\u00e3o tiveram nenhum recurso empenhado.<br><br>Al\u00e9m de garantir justi\u00e7a fiscal para os deputados, a decis\u00e3o judicial tamb\u00e9m evidencia a import\u00e2ncia das vias legais para corrigir distor\u00e7\u00f5es na aplica\u00e7\u00e3o dos recursos p\u00fablicos. \u201cEssa \u00e9 uma vit\u00f3ria n\u00e3o apenas para n\u00f3s, deputados, mas para toda a popula\u00e7\u00e3o maranhense, que merece ver seus representantes lutando por um or\u00e7amento mais justo e transparente\u201d, acrescentou Carlos Lula.<br><br>Agora, a expectativa \u00e9 que o PLOA 2025 avance com as altera\u00e7\u00f5es previstas pela liminar, levando a uma maior equidade na distribui\u00e7\u00e3o de recursos e possibilitando a implementa\u00e7\u00e3o de projetos que beneficiem diretamente os cidad\u00e3os maranhenses.<\/p>\n","protected":false},"excerpt":{"rendered":"<p>Os deputados estaduais Carlos Lula (PSB), Rodrigo Lago (PCdoB), Fernando Braide (PSC), Leandro Bello (Podemos), Francisco Nagib (PSB), Ricardo Rios<\/p>\n","protected":false},"author":2,"featured_media":39041,"comment_status":"open","ping_status":"open","sticky":false,"template":"","format":"standard","meta":{"colormag_page_container_layout":"default_layout","colormag_page_sidebar_layout":"default_layout","_jetpack_memberships_contains_paid_content":false,"footnotes":""},"categories":[2],"tags":[],"class_list":["post-39042","post","type-post","status-publish","format-standard","has-post-thumbnail","hentry","category-noticias"],"magazineBlocksPostFeaturedMedia":{"thumbnail":"https:\/\/maranhaotv.com.br\/wp-content\/uploads\/2024\/12\/IMG-20241204-WA0157-150x150.jpg","medium":"https:\/\/maranhaotv.com.br\/wp-content\/uploads\/2024\/12\/IMG-20241204-WA0157-300x169.jpg","medium_large":"https:\/\/maranhaotv.com.br\/wp-content\/uploads\/2024\/12\/IMG-20241204-WA0157-768x432.jpg","large":"https:\/\/maranhaotv.com.br\/wp-content\/uploads\/2024\/12\/IMG-20241204-WA0157-1024x576.jpg","1536x1536":"https:\/\/maranhaotv.com.br\/wp-content\/uploads\/2024\/12\/IMG-20241204-WA0157.jpg","2048x2048":"https:\/\/maranhaotv.com.br\/wp-content\/uploads\/2024\/12\/IMG-20241204-WA0157.jpg","colormag-highlighted-post":"https:\/\/maranhaotv.com.br\/wp-content\/uploads\/2024\/12\/IMG-20241204-WA0157-392x272.jpg","colormag-featured-post-medium":"https:\/\/maranhaotv.com.br\/wp-content\/uploads\/2024\/12\/IMG-20241204-WA0157-390x205.jpg","colormag-featured-post-small":"https:\/\/maranhaotv.com.br\/wp-content\/uploads\/2024\/12\/IMG-20241204-WA0157-130x90.jpg","colormag-featured-image":"https:\/\/maranhaotv.com.br\/wp-content\/uploads\/2024\/12\/IMG-20241204-WA0157-800x445.jpg","colormag-default-news":"https:\/\/maranhaotv.com.br\/wp-content\/uploads\/2024\/12\/IMG-20241204-WA0157-150x150.jpg","colormag-featured-image-large":"https:\/\/maranhaotv.com.br\/wp-content\/uploads\/2024\/12\/IMG-20241204-WA0157-1280x600.jpg"},"magazineBlocksPostAuthor":{"name":"maranhaotv","avatar":"https:\/\/secure.gravatar.com\/avatar\/8fadbca458d4cb68b1dd399ae9a40618d747bb1af65ac9fad21c89220a143eb4?s=96&d=mm&r=g"},"magazineBlocksPostCommentsNumber":"0","magazineBlocksPostExcerpt":"Os deputados estaduais Carlos Lula (PSB), Rodrigo Lago (PCdoB), Fernando Braide (PSC), Leandro Bello (Podemos), Francisco Nagib (PSB), Ricardo Rios","magazineBlocksPostCategories":["not\u00edcias"],"magazineBlocksPostViewCount":237,"magazineBlocksPostReadTime":2,"magazine_blocks_featured_image_url":{"full":["https:\/\/maranhaotv.com.br\/wp-content\/uploads\/2024\/12\/IMG-20241204-WA0157.jpg",1280,720,false],"medium":["https:\/\/maranhaotv.com.br\/wp-content\/uploads\/2024\/12\/IMG-20241204-WA0157-300x169.jpg",300,169,true],"thumbnail":["https:\/\/maranhaotv.com.br\/wp-content\/uploads\/2024\/12\/IMG-20241204-WA0157-150x150.jpg",150,150,true]},"magazine_blocks_author":{"display_name":"maranhaotv","author_link":"https:\/\/maranhaotv.com.br\/index.php\/author\/maranhaotv\/"},"magazine_blocks_comment":0,"magazine_blocks_author_image":"https:\/\/secure.gravatar.com\/avatar\/8fadbca458d4cb68b1dd399ae9a40618d747bb1af65ac9fad21c89220a143eb4?s=96&d=mm&r=g","magazine_blocks_category":"<a href=\"#\" class=\"category-link category-link-2\">not\u00edcias<\/a>","yoast_head":"<!-- This site is optimized with the Yoast SEO plugin v27.4 - https:\/\/yoast.com\/product\/yoast-seo-wordpress\/ -->\n<title>Deputados maranhenses obt\u00eam decis\u00e3o hist\u00f3rica sobre emendas no or\u00e7amento - NOT\u00cdCIAS EM TEMPO REAL<\/title>\n<meta name=\"robots\" content=\"index, follow, max-snippet:-1, max-image-preview:large, max-video-preview:-1\" \/>\n<link rel=\"canonical\" href=\"https:\/\/maranhaotv.com.br\/index.php\/2024\/12\/04\/deputados-maranhenses-obtem-decisao-historica-sobre-emendas-no-orcamento\/\" \/>\n<meta property=\"og:locale\" content=\"pt_BR\" \/>\n<meta property=\"og:type\" content=\"article\" \/>\n<meta property=\"og:title\" content=\"Deputados maranhenses obt\u00eam decis\u00e3o hist\u00f3rica sobre emendas no or\u00e7amento - NOT\u00cdCIAS EM TEMPO REAL\" \/>\n<meta property=\"og:description\" content=\"Os deputados estaduais Carlos Lula (PSB), Rodrigo Lago (PCdoB), Fernando Braide (PSC), Leandro Bello (Podemos), Francisco Nagib (PSB), Ricardo Rios\" \/>\n<meta property=\"og:url\" content=\"https:\/\/maranhaotv.com.br\/index.php\/2024\/12\/04\/deputados-maranhenses-obtem-decisao-historica-sobre-emendas-no-orcamento\/\" \/>\n<meta property=\"og:site_name\" content=\"NOT\u00cdCIAS EM TEMPO REAL\" \/>\n<meta property=\"article:publisher\" content=\"https:\/\/www.facebook.com\/maiobaotv\" \/>\n<meta property=\"article:published_time\" content=\"2024-12-04T21:05:52+00:00\" \/>\n<meta property=\"article:modified_time\" content=\"2024-12-04T21:06:04+00:00\" \/>\n<meta property=\"og:image\" content=\"https:\/\/maranhaotv.com.br\/wp-content\/uploads\/2024\/12\/IMG-20241204-WA0157.jpg\" \/>\n\t<meta property=\"og:image:width\" content=\"1280\" \/>\n\t<meta property=\"og:image:height\" content=\"720\" \/>\n\t<meta property=\"og:image:type\" content=\"image\/jpeg\" \/>\n<meta name=\"author\" content=\"maranhaotv\" \/>\n<meta name=\"twitter:card\" content=\"summary_large_image\" \/>\n<meta name=\"twitter:creator\" content=\"@sitemaranhaotv\" \/>\n<meta name=\"twitter:site\" content=\"@sitemaranhaotv\" \/>\n<meta name=\"twitter:label1\" content=\"Escrito por\" \/>\n\t<meta name=\"twitter:data1\" content=\"maranhaotv\" \/>\n\t<meta name=\"twitter:label2\" content=\"Est. tempo de leitura\" \/>\n\t<meta name=\"twitter:data2\" content=\"2 minutos\" \/>\n<script type=\"application\/ld+json\" class=\"yoast-schema-graph\">{\"@context\":\"https:\\\/\\\/schema.org\",\"@graph\":[{\"@type\":\"Article\",\"@id\":\"https:\\\/\\\/maranhaotv.com.br\\\/index.php\\\/2024\\\/12\\\/04\\\/deputados-maranhenses-obtem-decisao-historica-sobre-emendas-no-orcamento\\\/#article\",\"isPartOf\":{\"@id\":\"https:\\\/\\\/maranhaotv.com.br\\\/index.php\\\/2024\\\/12\\\/04\\\/deputados-maranhenses-obtem-decisao-historica-sobre-emendas-no-orcamento\\\/\"},\"author\":{\"name\":\"maranhaotv\",\"@id\":\"https:\\\/\\\/maranhaotv.com.br\\\/#\\\/schema\\\/person\\\/3d54238e86b20bb5c89ab2fdb8f8829a\"},\"headline\":\"Deputados maranhenses obt\u00eam decis\u00e3o hist\u00f3rica sobre emendas no or\u00e7amento\",\"datePublished\":\"2024-12-04T21:05:52+00:00\",\"dateModified\":\"2024-12-04T21:06:04+00:00\",\"mainEntityOfPage\":{\"@id\":\"https:\\\/\\\/maranhaotv.com.br\\\/index.php\\\/2024\\\/12\\\/04\\\/deputados-maranhenses-obtem-decisao-historica-sobre-emendas-no-orcamento\\\/\"},\"wordCount\":352,\"commentCount\":0,\"publisher\":{\"@id\":\"https:\\\/\\\/maranhaotv.com.br\\\/#organization\"},\"image\":{\"@id\":\"https:\\\/\\\/maranhaotv.com.br\\\/index.php\\\/2024\\\/12\\\/04\\\/deputados-maranhenses-obtem-decisao-historica-sobre-emendas-no-orcamento\\\/#primaryimage\"},\"thumbnailUrl\":\"https:\\\/\\\/maranhaotv.com.br\\\/wp-content\\\/uploads\\\/2024\\\/12\\\/IMG-20241204-WA0157.jpg\",\"articleSection\":[\"not\u00edcias\"],\"inLanguage\":\"pt-BR\",\"potentialAction\":[{\"@type\":\"CommentAction\",\"name\":\"Comment\",\"target\":[\"https:\\\/\\\/maranhaotv.com.br\\\/index.php\\\/2024\\\/12\\\/04\\\/deputados-maranhenses-obtem-decisao-historica-sobre-emendas-no-orcamento\\\/#respond\"]}]},{\"@type\":\"WebPage\",\"@id\":\"https:\\\/\\\/maranhaotv.com.br\\\/index.php\\\/2024\\\/12\\\/04\\\/deputados-maranhenses-obtem-decisao-historica-sobre-emendas-no-orcamento\\\/\",\"url\":\"https:\\\/\\\/maranhaotv.com.br\\\/index.php\\\/2024\\\/12\\\/04\\\/deputados-maranhenses-obtem-decisao-historica-sobre-emendas-no-orcamento\\\/\",\"name\":\"Deputados maranhenses obt\u00eam decis\u00e3o hist\u00f3rica sobre emendas no or\u00e7amento - NOT\u00cdCIAS EM TEMPO REAL\",\"isPartOf\":{\"@id\":\"https:\\\/\\\/maranhaotv.com.br\\\/#website\"},\"primaryImageOfPage\":{\"@id\":\"https:\\\/\\\/maranhaotv.com.br\\\/index.php\\\/2024\\\/12\\\/04\\\/deputados-maranhenses-obtem-decisao-historica-sobre-emendas-no-orcamento\\\/#primaryimage\"},\"image\":{\"@id\":\"https:\\\/\\\/maranhaotv.com.br\\\/index.php\\\/2024\\\/12\\\/04\\\/deputados-maranhenses-obtem-decisao-historica-sobre-emendas-no-orcamento\\\/#primaryimage\"},\"thumbnailUrl\":\"https:\\\/\\\/maranhaotv.com.br\\\/wp-content\\\/uploads\\\/2024\\\/12\\\/IMG-20241204-WA0157.jpg\",\"datePublished\":\"2024-12-04T21:05:52+00:00\",\"dateModified\":\"2024-12-04T21:06:04+00:00\",\"breadcrumb\":{\"@id\":\"https:\\\/\\\/maranhaotv.com.br\\\/index.php\\\/2024\\\/12\\\/04\\\/deputados-maranhenses-obtem-decisao-historica-sobre-emendas-no-orcamento\\\/#breadcrumb\"},\"inLanguage\":\"pt-BR\",\"potentialAction\":[{\"@type\":\"ReadAction\",\"target\":[\"https:\\\/\\\/maranhaotv.com.br\\\/index.php\\\/2024\\\/12\\\/04\\\/deputados-maranhenses-obtem-decisao-historica-sobre-emendas-no-orcamento\\\/\"]}]},{\"@type\":\"ImageObject\",\"inLanguage\":\"pt-BR\",\"@id\":\"https:\\\/\\\/maranhaotv.com.br\\\/index.php\\\/2024\\\/12\\\/04\\\/deputados-maranhenses-obtem-decisao-historica-sobre-emendas-no-orcamento\\\/#primaryimage\",\"url\":\"https:\\\/\\\/maranhaotv.com.br\\\/wp-content\\\/uploads\\\/2024\\\/12\\\/IMG-20241204-WA0157.jpg\",\"contentUrl\":\"https:\\\/\\\/maranhaotv.com.br\\\/wp-content\\\/uploads\\\/2024\\\/12\\\/IMG-20241204-WA0157.jpg\",\"width\":1280,\"height\":720},{\"@type\":\"BreadcrumbList\",\"@id\":\"https:\\\/\\\/maranhaotv.com.br\\\/index.php\\\/2024\\\/12\\\/04\\\/deputados-maranhenses-obtem-decisao-historica-sobre-emendas-no-orcamento\\\/#breadcrumb\",\"itemListElement\":[{\"@type\":\"ListItem\",\"position\":1,\"name\":\"In\u00edcio\",\"item\":\"https:\\\/\\\/maranhaotv.com.br\\\/\"},{\"@type\":\"ListItem\",\"position\":2,\"name\":\"Deputados maranhenses obt\u00eam decis\u00e3o hist\u00f3rica sobre emendas no or\u00e7amento\"}]},{\"@type\":\"WebSite\",\"@id\":\"https:\\\/\\\/maranhaotv.com.br\\\/#website\",\"url\":\"https:\\\/\\\/maranhaotv.com.br\\\/\",\"name\":\"Maranh\u00e3oTV\",\"description\":\"\",\"publisher\":{\"@id\":\"https:\\\/\\\/maranhaotv.com.br\\\/#organization\"},\"potentialAction\":[{\"@type\":\"SearchAction\",\"target\":{\"@type\":\"EntryPoint\",\"urlTemplate\":\"https:\\\/\\\/maranhaotv.com.br\\\/?s={search_term_string}\"},\"query-input\":{\"@type\":\"PropertyValueSpecification\",\"valueRequired\":true,\"valueName\":\"search_term_string\"}}],\"inLanguage\":\"pt-BR\"},{\"@type\":\"Organization\",\"@id\":\"https:\\\/\\\/maranhaotv.com.br\\\/#organization\",\"name\":\"Portal de Not\u00edcias\",\"url\":\"https:\\\/\\\/maranhaotv.com.br\\\/\",\"logo\":{\"@type\":\"ImageObject\",\"inLanguage\":\"pt-BR\",\"@id\":\"https:\\\/\\\/maranhaotv.com.br\\\/#\\\/schema\\\/logo\\\/image\\\/\",\"url\":\"https:\\\/\\\/maranhaotv.com.br\\\/wp-content\\\/uploads\\\/2024\\\/05\\\/cropped-cropped-avatar-1.png\",\"contentUrl\":\"https:\\\/\\\/maranhaotv.com.br\\\/wp-content\\\/uploads\\\/2024\\\/05\\\/cropped-cropped-avatar-1.png\",\"width\":792,\"height\":428,\"caption\":\"Portal de Not\u00edcias\"},\"image\":{\"@id\":\"https:\\\/\\\/maranhaotv.com.br\\\/#\\\/schema\\\/logo\\\/image\\\/\"},\"sameAs\":[\"https:\\\/\\\/www.facebook.com\\\/maiobaotv\",\"https:\\\/\\\/x.com\\\/sitemaranhaotv\",\"https:\\\/\\\/www.instagram.com\\\/maranhao.tv\",\"https:\\\/\\\/www.threads.net\\\/@maranhao.tv\"]},{\"@type\":\"Person\",\"@id\":\"https:\\\/\\\/maranhaotv.com.br\\\/#\\\/schema\\\/person\\\/3d54238e86b20bb5c89ab2fdb8f8829a\",\"name\":\"maranhaotv\",\"image\":{\"@type\":\"ImageObject\",\"inLanguage\":\"pt-BR\",\"@id\":\"https:\\\/\\\/secure.gravatar.com\\\/avatar\\\/8fadbca458d4cb68b1dd399ae9a40618d747bb1af65ac9fad21c89220a143eb4?s=96&d=mm&r=g\",\"url\":\"https:\\\/\\\/secure.gravatar.com\\\/avatar\\\/8fadbca458d4cb68b1dd399ae9a40618d747bb1af65ac9fad21c89220a143eb4?s=96&d=mm&r=g\",\"contentUrl\":\"https:\\\/\\\/secure.gravatar.com\\\/avatar\\\/8fadbca458d4cb68b1dd399ae9a40618d747bb1af65ac9fad21c89220a143eb4?s=96&d=mm&r=g\",\"caption\":\"maranhaotv\"},\"sameAs\":[\"https:\\\/\\\/maranhaotv.com.br\\\/\"],\"url\":\"https:\\\/\\\/maranhaotv.com.br\\\/index.php\\\/author\\\/maranhaotv\\\/\"}]}<\/script>\n<!-- \/ Yoast SEO plugin. -->","yoast_head_json":{"title":"Deputados maranhenses obt\u00eam decis\u00e3o hist\u00f3rica sobre emendas no or\u00e7amento - NOT\u00cdCIAS EM TEMPO REAL","robots":{"index":"index","follow":"follow","max-snippet":"max-snippet:-1","max-image-preview":"max-image-preview:large","max-video-preview":"max-video-preview:-1"},"canonical":"https:\/\/maranhaotv.com.br\/index.php\/2024\/12\/04\/deputados-maranhenses-obtem-decisao-historica-sobre-emendas-no-orcamento\/","og_locale":"pt_BR","og_type":"article","og_title":"Deputados maranhenses obt\u00eam decis\u00e3o hist\u00f3rica sobre emendas no or\u00e7amento - NOT\u00cdCIAS EM TEMPO REAL","og_description":"Os deputados estaduais Carlos Lula (PSB), Rodrigo Lago (PCdoB), Fernando Braide (PSC), Leandro Bello (Podemos), Francisco Nagib (PSB), Ricardo Rios","og_url":"https:\/\/maranhaotv.com.br\/index.php\/2024\/12\/04\/deputados-maranhenses-obtem-decisao-historica-sobre-emendas-no-orcamento\/","og_site_name":"NOT\u00cdCIAS EM TEMPO REAL","article_publisher":"https:\/\/www.facebook.com\/maiobaotv","article_published_time":"2024-12-04T21:05:52+00:00","article_modified_time":"2024-12-04T21:06:04+00:00","og_image":[{"width":1280,"height":720,"url":"https:\/\/maranhaotv.com.br\/wp-content\/uploads\/2024\/12\/IMG-20241204-WA0157.jpg","type":"image\/jpeg"}],"author":"maranhaotv","twitter_card":"summary_large_image","twitter_creator":"@sitemaranhaotv","twitter_site":"@sitemaranhaotv","twitter_misc":{"Escrito por":"maranhaotv","Est. tempo de leitura":"2 minutos"},"schema":{"@context":"https:\/\/schema.org","@graph":[{"@type":"Article","@id":"https:\/\/maranhaotv.com.br\/index.php\/2024\/12\/04\/deputados-maranhenses-obtem-decisao-historica-sobre-emendas-no-orcamento\/#article","isPartOf":{"@id":"https:\/\/maranhaotv.com.br\/index.php\/2024\/12\/04\/deputados-maranhenses-obtem-decisao-historica-sobre-emendas-no-orcamento\/"},"author":{"name":"maranhaotv","@id":"https:\/\/maranhaotv.com.br\/#\/schema\/person\/3d54238e86b20bb5c89ab2fdb8f8829a"},"headline":"Deputados maranhenses obt\u00eam decis\u00e3o hist\u00f3rica sobre emendas no or\u00e7amento","datePublished":"2024-12-04T21:05:52+00:00","dateModified":"2024-12-04T21:06:04+00:00","mainEntityOfPage":{"@id":"https:\/\/maranhaotv.com.br\/index.php\/2024\/12\/04\/deputados-maranhenses-obtem-decisao-historica-sobre-emendas-no-orcamento\/"},"wordCount":352,"commentCount":0,"publisher":{"@id":"https:\/\/maranhaotv.com.br\/#organization"},"image":{"@id":"https:\/\/maranhaotv.com.br\/index.php\/2024\/12\/04\/deputados-maranhenses-obtem-decisao-historica-sobre-emendas-no-orcamento\/#primaryimage"},"thumbnailUrl":"https:\/\/maranhaotv.com.br\/wp-content\/uploads\/2024\/12\/IMG-20241204-WA0157.jpg","articleSection":["not\u00edcias"],"inLanguage":"pt-BR","potentialAction":[{"@type":"CommentAction","name":"Comment","target":["https:\/\/maranhaotv.com.br\/index.php\/2024\/12\/04\/deputados-maranhenses-obtem-decisao-historica-sobre-emendas-no-orcamento\/#respond"]}]},{"@type":"WebPage","@id":"https:\/\/maranhaotv.com.br\/index.php\/2024\/12\/04\/deputados-maranhenses-obtem-decisao-historica-sobre-emendas-no-orcamento\/","url":"https:\/\/maranhaotv.com.br\/index.php\/2024\/12\/04\/deputados-maranhenses-obtem-decisao-historica-sobre-emendas-no-orcamento\/","name":"Deputados maranhenses obt\u00eam decis\u00e3o hist\u00f3rica sobre emendas no or\u00e7amento - NOT\u00cdCIAS EM TEMPO REAL","isPartOf":{"@id":"https:\/\/maranhaotv.com.br\/#website"},"primaryImageOfPage":{"@id":"https:\/\/maranhaotv.com.br\/index.php\/2024\/12\/04\/deputados-maranhenses-obtem-decisao-historica-sobre-emendas-no-orcamento\/#primaryimage"},"image":{"@id":"https:\/\/maranhaotv.com.br\/index.php\/2024\/12\/04\/deputados-maranhenses-obtem-decisao-historica-sobre-emendas-no-orcamento\/#primaryimage"},"thumbnailUrl":"https:\/\/maranhaotv.com.br\/wp-content\/uploads\/2024\/12\/IMG-20241204-WA0157.jpg","datePublished":"2024-12-04T21:05:52+00:00","dateModified":"2024-12-04T21:06:04+00:00","breadcrumb":{"@id":"https:\/\/maranhaotv.com.br\/index.php\/2024\/12\/04\/deputados-maranhenses-obtem-decisao-historica-sobre-emendas-no-orcamento\/#breadcrumb"},"inLanguage":"pt-BR","potentialAction":[{"@type":"ReadAction","target":["https:\/\/maranhaotv.com.br\/index.php\/2024\/12\/04\/deputados-maranhenses-obtem-decisao-historica-sobre-emendas-no-orcamento\/"]}]},{"@type":"ImageObject","inLanguage":"pt-BR","@id":"https:\/\/maranhaotv.com.br\/index.php\/2024\/12\/04\/deputados-maranhenses-obtem-decisao-historica-sobre-emendas-no-orcamento\/#primaryimage","url":"https:\/\/maranhaotv.com.br\/wp-content\/uploads\/2024\/12\/IMG-20241204-WA0157.jpg","contentUrl":"https:\/\/maranhaotv.com.br\/wp-content\/uploads\/2024\/12\/IMG-20241204-WA0157.jpg","width":1280,"height":720},{"@type":"BreadcrumbList","@id":"https:\/\/maranhaotv.com.br\/index.php\/2024\/12\/04\/deputados-maranhenses-obtem-decisao-historica-sobre-emendas-no-orcamento\/#breadcrumb","itemListElement":[{"@type":"ListItem","position":1,"name":"In\u00edcio","item":"https:\/\/maranhaotv.com.br\/"},{"@type":"ListItem","position":2,"name":"Deputados maranhenses obt\u00eam decis\u00e3o hist\u00f3rica sobre emendas no or\u00e7amento"}]},{"@type":"WebSite","@id":"https:\/\/maranhaotv.com.br\/#website","url":"https:\/\/maranhaotv.com.br\/","name":"Maranh\u00e3oTV","description":"","publisher":{"@id":"https:\/\/maranhaotv.com.br\/#organization"},"potentialAction":[{"@type":"SearchAction","target":{"@type":"EntryPoint","urlTemplate":"https:\/\/maranhaotv.com.br\/?s={search_term_string}"},"query-input":{"@type":"PropertyValueSpecification","valueRequired":true,"valueName":"search_term_string"}}],"inLanguage":"pt-BR"},{"@type":"Organization","@id":"https:\/\/maranhaotv.com.br\/#organization","name":"Portal de Not\u00edcias","url":"https:\/\/maranhaotv.com.br\/","logo":{"@type":"ImageObject","inLanguage":"pt-BR","@id":"https:\/\/maranhaotv.com.br\/#\/schema\/logo\/image\/","url":"https:\/\/maranhaotv.com.br\/wp-content\/uploads\/2024\/05\/cropped-cropped-avatar-1.png","contentUrl":"https:\/\/maranhaotv.com.br\/wp-content\/uploads\/2024\/05\/cropped-cropped-avatar-1.png","width":792,"height":428,"caption":"Portal de Not\u00edcias"},"image":{"@id":"https:\/\/maranhaotv.com.br\/#\/schema\/logo\/image\/"},"sameAs":["https:\/\/www.facebook.com\/maiobaotv","https:\/\/x.com\/sitemaranhaotv","https:\/\/www.instagram.com\/maranhao.tv","https:\/\/www.threads.net\/@maranhao.tv"]},{"@type":"Person","@id":"https:\/\/maranhaotv.com.br\/#\/schema\/person\/3d54238e86b20bb5c89ab2fdb8f8829a","name":"maranhaotv","image":{"@type":"ImageObject","inLanguage":"pt-BR","@id":"https:\/\/secure.gravatar.com\/avatar\/8fadbca458d4cb68b1dd399ae9a40618d747bb1af65ac9fad21c89220a143eb4?s=96&d=mm&r=g","url":"https:\/\/secure.gravatar.com\/avatar\/8fadbca458d4cb68b1dd399ae9a40618d747bb1af65ac9fad21c89220a143eb4?s=96&d=mm&r=g","contentUrl":"https:\/\/secure.gravatar.com\/avatar\/8fadbca458d4cb68b1dd399ae9a40618d747bb1af65ac9fad21c89220a143eb4?s=96&d=mm&r=g","caption":"maranhaotv"},"sameAs":["https:\/\/maranhaotv.com.br\/"],"url":"https:\/\/maranhaotv.com.br\/index.php\/author\/maranhaotv\/"}]}},"jetpack_featured_media_url":"https:\/\/maranhaotv.com.br\/wp-content\/uploads\/2024\/12\/IMG-20241204-WA0157.jpg","jetpack_sharing_enabled":true,"_links":{"self":[{"href":"https:\/\/maranhaotv.com.br\/index.php\/wp-json\/wp\/v2\/posts\/39042","targetHints":{"allow":["GET"]}}],"collection":[{"href":"https:\/\/maranhaotv.com.br\/index.php\/wp-json\/wp\/v2\/posts"}],"about":[{"href":"https:\/\/maranhaotv.com.br\/index.php\/wp-json\/wp\/v2\/types\/post"}],"author":[{"embeddable":true,"href":"https:\/\/maranhaotv.com.br\/index.php\/wp-json\/wp\/v2\/users\/2"}],"replies":[{"embeddable":true,"href":"https:\/\/maranhaotv.com.br\/index.php\/wp-json\/wp\/v2\/comments?post=39042"}],"version-history":[{"count":1,"href":"https:\/\/maranhaotv.com.br\/index.php\/wp-json\/wp\/v2\/posts\/39042\/revisions"}],"predecessor-version":[{"id":39043,"href":"https:\/\/maranhaotv.com.br\/index.php\/wp-json\/wp\/v2\/posts\/39042\/revisions\/39043"}],"wp:featuredmedia":[{"embeddable":true,"href":"https:\/\/maranhaotv.com.br\/index.php\/wp-json\/wp\/v2\/media\/39041"}],"wp:attachment":[{"href":"https:\/\/maranhaotv.com.br\/index.php\/wp-json\/wp\/v2\/media?parent=39042"}],"wp:term":[{"taxonomy":"category","embeddable":true,"href":"https:\/\/maranhaotv.com.br\/index.php\/wp-json\/wp\/v2\/categories?post=39042"},{"taxonomy":"post_tag","embeddable":true,"href":"https:\/\/maranhaotv.com.br\/index.php\/wp-json\/wp\/v2\/tags?post=39042"}],"curies":[{"name":"wp","href":"https:\/\/api.w.org\/{rel}","templated":true}]}}