{"id":39047,"date":"2024-12-05T07:56:56","date_gmt":"2024-12-05T10:56:56","guid":{"rendered":"https:\/\/maranhaotv.com.br\/?p=39047"},"modified":"2024-12-05T07:56:58","modified_gmt":"2024-12-05T10:56:58","slug":"eduardo-bolsonaro-diz-pela-primeira-vez-que-pode-ser-o-plano-b-em-2026-no-lugar-do-pai-inelegivel","status":"publish","type":"post","link":"https:\/\/maranhaotv.com.br\/index.php\/2024\/12\/05\/eduardo-bolsonaro-diz-pela-primeira-vez-que-pode-ser-o-plano-b-em-2026-no-lugar-do-pai-inelegivel\/","title":{"rendered":"Eduardo Bolsonaro diz pela primeira vez que pode ser o Plano B em 2026, no lugar do pai ineleg\u00edvel"},"content":{"rendered":"\n<p><\/p>\n\n\n\n<p>Em participa\u00e7\u00e3o na CPAC (Confer\u00eancia de A\u00e7\u00e3o Pol\u00edtica Conservadora), realizada em Buenos Aires, o deputado federal Eduardo Bolsonaro (PL-SP) admitiu, pela primeira vez, a possibilidade de ser o \u201cPlano B\u201d da direita para as elei\u00e7\u00f5es presidenciais de 2026. Segundo reportagem da Folha de S.Paulo, Eduardo ressaltou que o \u201cPlano A\u201d continua sendo seu pai, Jair Bolsonaro (PL), atualmente ineleg\u00edvel ap\u00f3s decis\u00e3o do Tribunal Superior Eleitoral (TSE). \u201cO plano A \u00e9 [Jair] Bolsonaro, posso ser o plano B\u201d, afirmou o deputado, embora tenha declarado n\u00e3o ser candidato no momento.<br><br>A declara\u00e7\u00e3o ocorre em um cen\u00e1rio em que a fam\u00edlia Bolsonaro e aliados do PL insistem em estrat\u00e9gias para reverter a inelegibilidade do ex-presidente. Uma das op\u00e7\u00f5es ventiladas \u00e9 a aprova\u00e7\u00e3o de uma anistia pelo Congresso Nacional, permitindo a participa\u00e7\u00e3o de Jair Bolsonaro na corrida presidencial. Alternativamente, nomes como a ex-primeira-dama Michelle Bolsonaro e os pr\u00f3prios filhos do ex-presidente \u2013 Fl\u00e1vio, Eduardo ou Carlos \u2013 t\u00eam sido cogitados. Valdemar Costa Neto, presidente do PL, chegou a mencionar Eduardo como op\u00e7\u00e3o. \u201cO primeiro da fila \u00e9 Tarc\u00edsio [de Freitas, governador de S\u00e3o Paulo], mas temos o Eduardo Bolsonaro tamb\u00e9m\u201d, afirmou Costa Neto, em outubro, \u00e0 GloboNews.<br><br>Defesa de Jair Bolsonaro e cr\u00edticas ao STF<br>Durante o evento em Buenos Aires, Eduardo Bolsonaro refor\u00e7ou a narrativa de persegui\u00e7\u00e3o pol\u00edtica contra Jair Bolsonaro e seus aliados. Em um dos momentos mais destacados, exibiu um v\u00eddeo do ex-presidente pilotando um jet ski ao lado de uma baleia e questionou o p\u00fablico: \u201cMerece cadeia por isso?\u201d. A plateia respondeu negativamente, e o deputado concluiu: \u201cO que \u00e9 isso?\u201d, ao que o p\u00fablico respondeu: \u201cDitadura\u201d.<br><br>Al\u00e9m disso, Eduardo defendeu os manifestantes presos pelos atos golpistas de 8 de janeiro em Bras\u00edlia, classificando-os como cidad\u00e3os que \u201cdefendiam a verdade de modo pac\u00edfico\u201d. A plateia reagiu com gritos de \u201cliberdade\u201d e \u201canistia\u201d. Em outro ponto, Eduardo criticou o ministro do STF Alexandre de Moraes, a quem acusou de perseguir seu pai. O ex-presidente Jair Bolsonaro tamb\u00e9m participou da confer\u00eancia, por v\u00eddeo, reiterando nunca ter cogitado um golpe e pedindo a devolu\u00e7\u00e3o de seu passaporte para poder comparecer \u00e0 posse de Donald Trump, caso eleito.<\/p>\n","protected":false},"excerpt":{"rendered":"<p>Em participa\u00e7\u00e3o na CPAC (Confer\u00eancia de A\u00e7\u00e3o Pol\u00edtica Conservadora), realizada em Buenos Aires, o deputado federal Eduardo Bolsonaro (PL-SP) admitiu,<\/p>\n","protected":false},"author":2,"featured_media":39046,"comment_status":"open","ping_status":"open","sticky":false,"template":"","format":"standard","meta":{"colormag_page_container_layout":"default_layout","colormag_page_sidebar_layout":"default_layout","_jetpack_memberships_contains_paid_content":false,"footnotes":""},"categories":[6],"tags":[],"class_list":["post-39047","post","type-post","status-publish","format-standard","has-post-thumbnail","hentry","category-politica"],"magazineBlocksPostFeaturedMedia":{"thumbnail":"https:\/\/maranhaotv.com.br\/wp-content\/uploads\/2024\/12\/image_editor_output_image977974454-1733396182979-150x150.jpg","medium":"https:\/\/maranhaotv.com.br\/wp-content\/uploads\/2024\/12\/image_editor_output_image977974454-1733396182979-300x187.jpg","medium_large":"https:\/\/maranhaotv.com.br\/wp-content\/uploads\/2024\/12\/image_editor_output_image977974454-1733396182979-768x478.jpg","large":"https:\/\/maranhaotv.com.br\/wp-content\/uploads\/2024\/12\/image_editor_output_image977974454-1733396182979-1024x637.jpg","1536x1536":"https:\/\/maranhaotv.com.br\/wp-content\/uploads\/2024\/12\/image_editor_output_image977974454-1733396182979-1536x955.jpg","2048x2048":"https:\/\/maranhaotv.com.br\/wp-content\/uploads\/2024\/12\/image_editor_output_image977974454-1733396182979.jpg","colormag-highlighted-post":"https:\/\/maranhaotv.com.br\/wp-content\/uploads\/2024\/12\/image_editor_output_image977974454-1733396182979-392x272.jpg","colormag-featured-post-medium":"https:\/\/maranhaotv.com.br\/wp-content\/uploads\/2024\/12\/image_editor_output_image977974454-1733396182979-390x205.jpg","colormag-featured-post-small":"https:\/\/maranhaotv.com.br\/wp-content\/uploads\/2024\/12\/image_editor_output_image977974454-1733396182979-130x90.jpg","colormag-featured-image":"https:\/\/maranhaotv.com.br\/wp-content\/uploads\/2024\/12\/image_editor_output_image977974454-1733396182979-800x445.jpg","colormag-default-news":"https:\/\/maranhaotv.com.br\/wp-content\/uploads\/2024\/12\/image_editor_output_image977974454-1733396182979-150x150.jpg","colormag-featured-image-large":"https:\/\/maranhaotv.com.br\/wp-content\/uploads\/2024\/12\/image_editor_output_image977974454-1733396182979-1400x600.jpg"},"magazineBlocksPostAuthor":{"name":"maranhaotv","avatar":"https:\/\/secure.gravatar.com\/avatar\/8fadbca458d4cb68b1dd399ae9a40618d747bb1af65ac9fad21c89220a143eb4?s=96&d=mm&r=g"},"magazineBlocksPostCommentsNumber":"0","magazineBlocksPostExcerpt":"Em participa\u00e7\u00e3o na CPAC (Confer\u00eancia de A\u00e7\u00e3o Pol\u00edtica Conservadora), realizada em Buenos Aires, o deputado federal Eduardo Bolsonaro (PL-SP) admitiu,","magazineBlocksPostCategories":["pol\u00edtica"],"magazineBlocksPostViewCount":284,"magazineBlocksPostReadTime":2,"magazine_blocks_featured_image_url":{"full":["https:\/\/maranhaotv.com.br\/wp-content\/uploads\/2024\/12\/image_editor_output_image977974454-1733396182979.jpg",2008,1249,false],"medium":["https:\/\/maranhaotv.com.br\/wp-content\/uploads\/2024\/12\/image_editor_output_image977974454-1733396182979-300x187.jpg",300,187,true],"thumbnail":["https:\/\/maranhaotv.com.br\/wp-content\/uploads\/2024\/12\/image_editor_output_image977974454-1733396182979-150x150.jpg",150,150,true]},"magazine_blocks_author":{"display_name":"maranhaotv","author_link":"https:\/\/maranhaotv.com.br\/index.php\/author\/maranhaotv\/"},"magazine_blocks_comment":0,"magazine_blocks_author_image":"https:\/\/secure.gravatar.com\/avatar\/8fadbca458d4cb68b1dd399ae9a40618d747bb1af65ac9fad21c89220a143eb4?s=96&d=mm&r=g","magazine_blocks_category":"<a href=\"#\" class=\"category-link category-link-6\">pol\u00edtica<\/a>","jetpack_featured_media_url":"https:\/\/maranhaotv.com.br\/wp-content\/uploads\/2024\/12\/image_editor_output_image977974454-1733396182979.jpg","jetpack_sharing_enabled":true,"_links":{"self":[{"href":"https:\/\/maranhaotv.com.br\/index.php\/wp-json\/wp\/v2\/posts\/39047","targetHints":{"allow":["GET"]}}],"collection":[{"href":"https:\/\/maranhaotv.com.br\/index.php\/wp-json\/wp\/v2\/posts"}],"about":[{"href":"https:\/\/maranhaotv.com.br\/index.php\/wp-json\/wp\/v2\/types\/post"}],"author":[{"embeddable":true,"href":"https:\/\/maranhaotv.com.br\/index.php\/wp-json\/wp\/v2\/users\/2"}],"replies":[{"embeddable":true,"href":"https:\/\/maranhaotv.com.br\/index.php\/wp-json\/wp\/v2\/comments?post=39047"}],"version-history":[{"count":1,"href":"https:\/\/maranhaotv.com.br\/index.php\/wp-json\/wp\/v2\/posts\/39047\/revisions"}],"predecessor-version":[{"id":39048,"href":"https:\/\/maranhaotv.com.br\/index.php\/wp-json\/wp\/v2\/posts\/39047\/revisions\/39048"}],"wp:featuredmedia":[{"embeddable":true,"href":"https:\/\/maranhaotv.com.br\/index.php\/wp-json\/wp\/v2\/media\/39046"}],"wp:attachment":[{"href":"https:\/\/maranhaotv.com.br\/index.php\/wp-json\/wp\/v2\/media?parent=39047"}],"wp:term":[{"taxonomy":"category","embeddable":true,"href":"https:\/\/maranhaotv.com.br\/index.php\/wp-json\/wp\/v2\/categories?post=39047"},{"taxonomy":"post_tag","embeddable":true,"href":"https:\/\/maranhaotv.com.br\/index.php\/wp-json\/wp\/v2\/tags?post=39047"}],"curies":[{"name":"wp","href":"https:\/\/api.w.org\/{rel}","templated":true}]}}