{"id":39050,"date":"2024-12-05T10:51:45","date_gmt":"2024-12-05T13:51:45","guid":{"rendered":"https:\/\/maranhaotv.com.br\/?p=39050"},"modified":"2024-12-05T10:52:00","modified_gmt":"2024-12-05T13:52:00","slug":"em-meio-a-especulacoes-felipe-camarao-reforca-lealdade-a-carlos-brandao","status":"publish","type":"post","link":"https:\/\/maranhaotv.com.br\/index.php\/2024\/12\/05\/em-meio-a-especulacoes-felipe-camarao-reforca-lealdade-a-carlos-brandao\/","title":{"rendered":"Em meio a especula\u00e7\u00f5es, Felipe Camar\u00e3o refor\u00e7a lealdade a Carlos Brand\u00e3o"},"content":{"rendered":"\n<p>O vice-governador do Maranh\u00e3o, Felipe Camar\u00e3o (PT), rebateu as recentes especula\u00e7\u00f5es sobre um poss\u00edvel afastamento pol\u00edtico do governador Carlos Brand\u00e3o (PSB). Em entrevista ao blog \u201cMeuMaranh\u00e3o\u201d, Camar\u00e3o destacou sua trajet\u00f3ria de colabora\u00e7\u00e3o e lealdade ao governador, classificando as mat\u00e9rias que sugerem o contr\u00e1rio como \u201cintrigas de quem n\u00e3o deseja o bem do Maranh\u00e3o\u201d.<br><br>Camar\u00e3o enfatizou que diferen\u00e7as de posicionamento, especialmente relacionadas \u00e0s elei\u00e7\u00f5es municipais, s\u00e3o naturais na pol\u00edtica. \u201cSempre fui leal ao governador Carlos Brand\u00e3o e ele tem ci\u00eancia disso. Estamos entrando em mais um ciclo natural de sucess\u00e3o, no qual somos aliados do presidente Lula. O momento \u00e9 de uni\u00e3o, cumplicidade e trabalho pelas pessoas que mais precisam\u201d, afirmou o vice-governador.<br><br>O petista tamb\u00e9m destacou os resultados positivos do atual governo, fruto da parceria entre ele e Brand\u00e3o. \u201cNosso governo tem realizado um trabalho brilhante, com \u00edndices positivos que refletem nosso compromisso conjunto. Brand\u00e3o sabe que pode contar comigo, assim como sei que posso contar com ele\u201d, refor\u00e7ou Camar\u00e3o, demonstrando alinhamento pol\u00edtico e administrativo com o governador.<br><br>A crescente proje\u00e7\u00e3o de Felipe Camar\u00e3o como um dos nomes fortes para a sucess\u00e3o estadual tem gerado debates. No entanto, ele enxerga essa posi\u00e7\u00e3o como um desdobramento natural de sua trajet\u00f3ria e compromisso com o Maranh\u00e3o. Para Camar\u00e3o, seu papel \u00e9 garantir a continuidade dos avan\u00e7os alcan\u00e7ados pela gest\u00e3o atual, sempre mantendo a parceria e o respeito com o governador Carlos Brand\u00e3o.<\/p>\n\n\n\n<p>Via Felipe mota<\/p>\n","protected":false},"excerpt":{"rendered":"<p>O vice-governador do Maranh\u00e3o, Felipe Camar\u00e3o (PT), rebateu as recentes especula\u00e7\u00f5es sobre um poss\u00edvel afastamento pol\u00edtico do governador Carlos Brand\u00e3o<\/p>\n","protected":false},"author":2,"featured_media":39049,"comment_status":"open","ping_status":"open","sticky":false,"template":"","format":"standard","meta":{"colormag_page_container_layout":"default_layout","colormag_page_sidebar_layout":"default_layout","_jetpack_memberships_contains_paid_content":false,"footnotes":""},"categories":[6],"tags":[],"class_list":["post-39050","post","type-post","status-publish","format-standard","has-post-thumbnail","hentry","category-politica"],"magazineBlocksPostFeaturedMedia":{"thumbnail":"https:\/\/maranhaotv.com.br\/wp-content\/uploads\/2024\/12\/images-150x150.jpeg","medium":"https:\/\/maranhaotv.com.br\/wp-content\/uploads\/2024\/12\/images-300x200.jpeg","medium_large":"https:\/\/maranhaotv.com.br\/wp-content\/uploads\/2024\/12\/images.jpeg","large":"https:\/\/maranhaotv.com.br\/wp-content\/uploads\/2024\/12\/images.jpeg","1536x1536":"https:\/\/maranhaotv.com.br\/wp-content\/uploads\/2024\/12\/images.jpeg","2048x2048":"https:\/\/maranhaotv.com.br\/wp-content\/uploads\/2024\/12\/images.jpeg","colormag-highlighted-post":"https:\/\/maranhaotv.com.br\/wp-content\/uploads\/2024\/12\/images-392x272.jpeg","colormag-featured-post-medium":"https:\/\/maranhaotv.com.br\/wp-content\/uploads\/2024\/12\/images-390x205.jpeg","colormag-featured-post-small":"https:\/\/maranhaotv.com.br\/wp-content\/uploads\/2024\/12\/images-130x90.jpeg","colormag-featured-image":"https:\/\/maranhaotv.com.br\/wp-content\/uploads\/2024\/12\/images-678x445.jpeg","colormag-default-news":"https:\/\/maranhaotv.com.br\/wp-content\/uploads\/2024\/12\/images-150x150.jpeg","colormag-featured-image-large":"https:\/\/maranhaotv.com.br\/wp-content\/uploads\/2024\/12\/images.jpeg"},"magazineBlocksPostAuthor":{"name":"maranhaotv","avatar":"https:\/\/secure.gravatar.com\/avatar\/8fadbca458d4cb68b1dd399ae9a40618d747bb1af65ac9fad21c89220a143eb4?s=96&d=mm&r=g"},"magazineBlocksPostCommentsNumber":"0","magazineBlocksPostExcerpt":"O vice-governador do Maranh\u00e3o, Felipe Camar\u00e3o (PT), rebateu as recentes especula\u00e7\u00f5es sobre um poss\u00edvel afastamento pol\u00edtico do governador Carlos Brand\u00e3o","magazineBlocksPostCategories":["pol\u00edtica"],"magazineBlocksPostViewCount":279,"magazineBlocksPostReadTime":2,"magazine_blocks_featured_image_url":{"full":["https:\/\/maranhaotv.com.br\/wp-content\/uploads\/2024\/12\/images.jpeg",678,452,false],"medium":["https:\/\/maranhaotv.com.br\/wp-content\/uploads\/2024\/12\/images-300x200.jpeg",300,200,true],"thumbnail":["https:\/\/maranhaotv.com.br\/wp-content\/uploads\/2024\/12\/images-150x150.jpeg",150,150,true]},"magazine_blocks_author":{"display_name":"maranhaotv","author_link":"https:\/\/maranhaotv.com.br\/index.php\/author\/maranhaotv\/"},"magazine_blocks_comment":0,"magazine_blocks_author_image":"https:\/\/secure.gravatar.com\/avatar\/8fadbca458d4cb68b1dd399ae9a40618d747bb1af65ac9fad21c89220a143eb4?s=96&d=mm&r=g","magazine_blocks_category":"<a href=\"#\" class=\"category-link category-link-6\">pol\u00edtica<\/a>","jetpack_featured_media_url":"https:\/\/maranhaotv.com.br\/wp-content\/uploads\/2024\/12\/images.jpeg","jetpack_sharing_enabled":true,"_links":{"self":[{"href":"https:\/\/maranhaotv.com.br\/index.php\/wp-json\/wp\/v2\/posts\/39050","targetHints":{"allow":["GET"]}}],"collection":[{"href":"https:\/\/maranhaotv.com.br\/index.php\/wp-json\/wp\/v2\/posts"}],"about":[{"href":"https:\/\/maranhaotv.com.br\/index.php\/wp-json\/wp\/v2\/types\/post"}],"author":[{"embeddable":true,"href":"https:\/\/maranhaotv.com.br\/index.php\/wp-json\/wp\/v2\/users\/2"}],"replies":[{"embeddable":true,"href":"https:\/\/maranhaotv.com.br\/index.php\/wp-json\/wp\/v2\/comments?post=39050"}],"version-history":[{"count":1,"href":"https:\/\/maranhaotv.com.br\/index.php\/wp-json\/wp\/v2\/posts\/39050\/revisions"}],"predecessor-version":[{"id":39051,"href":"https:\/\/maranhaotv.com.br\/index.php\/wp-json\/wp\/v2\/posts\/39050\/revisions\/39051"}],"wp:featuredmedia":[{"embeddable":true,"href":"https:\/\/maranhaotv.com.br\/index.php\/wp-json\/wp\/v2\/media\/39049"}],"wp:attachment":[{"href":"https:\/\/maranhaotv.com.br\/index.php\/wp-json\/wp\/v2\/media?parent=39050"}],"wp:term":[{"taxonomy":"category","embeddable":true,"href":"https:\/\/maranhaotv.com.br\/index.php\/wp-json\/wp\/v2\/categories?post=39050"},{"taxonomy":"post_tag","embeddable":true,"href":"https:\/\/maranhaotv.com.br\/index.php\/wp-json\/wp\/v2\/tags?post=39050"}],"curies":[{"name":"wp","href":"https:\/\/api.w.org\/{rel}","templated":true}]}}