{"id":39233,"date":"2024-12-13T11:45:27","date_gmt":"2024-12-13T14:45:27","guid":{"rendered":"https:\/\/maranhaotv.com.br\/?p=39233"},"modified":"2024-12-13T11:46:47","modified_gmt":"2024-12-13T14:46:47","slug":"gaeco-cumpre-mandados-de-prisao-contra-advogados-do-ma-envolvidos-com-trafico-de-drogas","status":"publish","type":"post","link":"https:\/\/maranhaotv.com.br\/index.php\/2024\/12\/13\/gaeco-cumpre-mandados-de-prisao-contra-advogados-do-ma-envolvidos-com-trafico-de-drogas\/","title":{"rendered":"Gaeco cumpre mandados de pris\u00e3o contra advogados do MA envolvidos com tr\u00e1fico de drogas"},"content":{"rendered":"\n<p><br><br>Nas primeiras horas da manh\u00e3 desta sexta-feira, 13, em Timon, o Grupo de Atua\u00e7\u00e3o Especial de Combate \u00e0s Organiza\u00e7\u00f5es Criminosas do Minist\u00e9rio P\u00fablico do Maranh\u00e3o (Gaeco) deflagrou a Opera\u00e7\u00e3o Merc\u00fario, com a finalidade de desarticular c\u00e9lula de organiza\u00e7\u00e3o criminosa que agia dentro e fora de estabelecimentos prisionais no munic\u00edpio.<br><br>Durante as investiga\u00e7\u00f5es, que tiveram in\u00edcio h\u00e1 aproximadamente nove meses, o Gaeco, em apoio \u00e0 2\u00aa Promotoria de Justi\u00e7a Criminal de Timon, desvendou atua\u00e7\u00e3o delituosa de advogados e indiv\u00edduos que se encontram recolhidos nas unidades prisionais de Timon.<br>Para a operacionaliza\u00e7\u00e3o do esquema, os advogados chegavam at\u00e9 mesmo a entrar com drogas durante as visitas a alguns de seus clientes. Al\u00e9m disso, os profissionais serviam como mensageiros da organiza\u00e7\u00e3o criminosa, levando e trazendo recados de integrantes do Bonde dos 40 para outros que est\u00e3o fora do sistema prisional.<br><br>Os recados, enviados por meio de cartas e bilhetes, na maioria das vezes inclu\u00edam mensagens para que os advogados cobrassem d\u00edvidas relacionadas \u00e0 comercializa\u00e7\u00e3o de drogas, mantivessem contato com as \u201cbiqueiras\u201d e fizessem remessa de drogas para os pres\u00eddios de Timon, al\u00e9m de outros assuntos de interesse da fac\u00e7\u00e3o.<br><br>Ainda no decorrer das investiga\u00e7\u00f5es realizadas pelo Gaeco, um dos advogados presos foi flagrado entregando drogas para indiv\u00edduos que est\u00e3o presos, quando da realiza\u00e7\u00e3o das visitas profissionais. Tais presos, quando recebiam os entorpecentes, engoliam as subst\u00e2ncias, retornando para as celas e passando para a etapa seguinte, que era a comercializa\u00e7\u00e3o das subst\u00e2ncias il\u00edcitas no interior do pres\u00eddio.<br><br>PRIS\u00d5ES<br><br>Foram cumpridos Mandados de Pris\u00e3o contra indiv\u00edduos que j\u00e1 se encontram no sistema prisional, al\u00e9m de Mandados de Busca em endere\u00e7os que interessavam \u00e0s investiga\u00e7\u00f5es. Em Timon, foram presos dois advogados.<br>As ordens judiciais foram expedidas pela Vara Especial Colegiada dos Crimes Organizados do Maranh\u00e3o, ap\u00f3s Representa\u00e7\u00e3o formulada pelo Minist\u00e9rio P\u00fablico do Maranh\u00e3o, por meio do Gaeco.<br>Participaram da investiga\u00e7\u00e3o e da opera\u00e7\u00e3o as Pol\u00edcias Civil e Militar do Maranh\u00e3o, Pol\u00edcia Civil do Piau\u00ed, al\u00e9m dos Minist\u00e9rios P\u00fablicos do Distrito Federal (Gaeco-DF) e do Piau\u00ed (Gaeco-PI).<br><br>MERC\u00daRIO<br><br>O nome da opera\u00e7\u00e3o faz alus\u00e3o \u00e0 figura mitol\u00f3gica Merc\u00fario, Deus dos mensageiros, dos ladr\u00f5es e do com\u00e9rcio, encarregado de transportar mensagens entre os deuses.<\/p>\n\n\n\n<figure class=\"wp-block-image size-large\"><img loading=\"lazy\" decoding=\"async\" width=\"1024\" height=\"640\" src=\"https:\/\/maranhaotv.com.br\/wp-content\/uploads\/2024\/12\/img-20241213-wa00806140206403621454619-1024x640.jpg\" alt=\"\" class=\"wp-image-39231\" srcset=\"https:\/\/maranhaotv.com.br\/wp-content\/uploads\/2024\/12\/img-20241213-wa00806140206403621454619-1024x640.jpg 1024w, https:\/\/maranhaotv.com.br\/wp-content\/uploads\/2024\/12\/img-20241213-wa00806140206403621454619-300x188.jpg 300w, https:\/\/maranhaotv.com.br\/wp-content\/uploads\/2024\/12\/img-20241213-wa00806140206403621454619-768x480.jpg 768w, https:\/\/maranhaotv.com.br\/wp-content\/uploads\/2024\/12\/img-20241213-wa00806140206403621454619.jpg 1200w\" sizes=\"auto, (max-width: 1024px) 100vw, 1024px\" \/><\/figure>\n","protected":false},"excerpt":{"rendered":"<p>Nas primeiras horas da manh\u00e3 desta sexta-feira, 13, em Timon, o Grupo de Atua\u00e7\u00e3o Especial de Combate \u00e0s Organiza\u00e7\u00f5es Criminosas<\/p>\n","protected":false},"author":2,"featured_media":39232,"comment_status":"open","ping_status":"open","sticky":false,"template":"","format":"standard","meta":{"colormag_page_container_layout":"default_layout","colormag_page_sidebar_layout":"default_layout","_jetpack_memberships_contains_paid_content":false,"footnotes":""},"categories":[2],"tags":[],"class_list":["post-39233","post","type-post","status-publish","format-standard","has-post-thumbnail","hentry","category-noticias"],"magazineBlocksPostFeaturedMedia":{"thumbnail":"https:\/\/maranhaotv.com.br\/wp-content\/uploads\/2024\/12\/IMG-20241213-WA0079-150x150.jpg","medium":"https:\/\/maranhaotv.com.br\/wp-content\/uploads\/2024\/12\/IMG-20241213-WA0079-300x188.jpg","medium_large":"https:\/\/maranhaotv.com.br\/wp-content\/uploads\/2024\/12\/IMG-20241213-WA0079-768x480.jpg","large":"https:\/\/maranhaotv.com.br\/wp-content\/uploads\/2024\/12\/IMG-20241213-WA0079.jpg","1536x1536":"https:\/\/maranhaotv.com.br\/wp-content\/uploads\/2024\/12\/IMG-20241213-WA0079.jpg","2048x2048":"https:\/\/maranhaotv.com.br\/wp-content\/uploads\/2024\/12\/IMG-20241213-WA0079.jpg","colormag-highlighted-post":"https:\/\/maranhaotv.com.br\/wp-content\/uploads\/2024\/12\/IMG-20241213-WA0079-392x272.jpg","colormag-featured-post-medium":"https:\/\/maranhaotv.com.br\/wp-content\/uploads\/2024\/12\/IMG-20241213-WA0079-390x205.jpg","colormag-featured-post-small":"https:\/\/maranhaotv.com.br\/wp-content\/uploads\/2024\/12\/IMG-20241213-WA0079-130x90.jpg","colormag-featured-image":"https:\/\/maranhaotv.com.br\/wp-content\/uploads\/2024\/12\/IMG-20241213-WA0079-800x445.jpg","colormag-default-news":"https:\/\/maranhaotv.com.br\/wp-content\/uploads\/2024\/12\/IMG-20241213-WA0079-150x150.jpg","colormag-featured-image-large":"https:\/\/maranhaotv.com.br\/wp-content\/uploads\/2024\/12\/IMG-20241213-WA0079.jpg"},"magazineBlocksPostAuthor":{"name":"maranhaotv","avatar":"https:\/\/secure.gravatar.com\/avatar\/8fadbca458d4cb68b1dd399ae9a40618d747bb1af65ac9fad21c89220a143eb4?s=96&d=mm&r=g"},"magazineBlocksPostCommentsNumber":"0","magazineBlocksPostExcerpt":"Nas primeiras horas da manh\u00e3 desta sexta-feira, 13, em Timon, o Grupo de Atua\u00e7\u00e3o Especial de Combate \u00e0s Organiza\u00e7\u00f5es Criminosas","magazineBlocksPostCategories":["not\u00edcias"],"magazineBlocksPostViewCount":302,"magazineBlocksPostReadTime":3,"magazine_blocks_featured_image_url":{"full":["https:\/\/maranhaotv.com.br\/wp-content\/uploads\/2024\/12\/IMG-20241213-WA0079.jpg",800,500,false],"medium":["https:\/\/maranhaotv.com.br\/wp-content\/uploads\/2024\/12\/IMG-20241213-WA0079-300x188.jpg",300,188,true],"thumbnail":["https:\/\/maranhaotv.com.br\/wp-content\/uploads\/2024\/12\/IMG-20241213-WA0079-150x150.jpg",150,150,true]},"magazine_blocks_author":{"display_name":"maranhaotv","author_link":"https:\/\/maranhaotv.com.br\/index.php\/author\/maranhaotv\/"},"magazine_blocks_comment":0,"magazine_blocks_author_image":"https:\/\/secure.gravatar.com\/avatar\/8fadbca458d4cb68b1dd399ae9a40618d747bb1af65ac9fad21c89220a143eb4?s=96&d=mm&r=g","magazine_blocks_category":"<a href=\"#\" class=\"category-link category-link-2\">not\u00edcias<\/a>","yoast_head":"<!-- This site is optimized with the Yoast SEO plugin v27.4 - https:\/\/yoast.com\/product\/yoast-seo-wordpress\/ -->\n<title>Gaeco cumpre mandados de pris\u00e3o contra advogados do MA envolvidos com tr\u00e1fico de drogas - NOT\u00cdCIAS EM TEMPO REAL<\/title>\n<meta name=\"robots\" content=\"index, follow, max-snippet:-1, max-image-preview:large, max-video-preview:-1\" \/>\n<link rel=\"canonical\" href=\"https:\/\/maranhaotv.com.br\/index.php\/2024\/12\/13\/gaeco-cumpre-mandados-de-prisao-contra-advogados-do-ma-envolvidos-com-trafico-de-drogas\/\" \/>\n<meta property=\"og:locale\" content=\"pt_BR\" \/>\n<meta property=\"og:type\" content=\"article\" \/>\n<meta property=\"og:title\" content=\"Gaeco cumpre mandados de pris\u00e3o contra advogados do MA envolvidos com tr\u00e1fico de drogas - NOT\u00cdCIAS EM TEMPO REAL\" \/>\n<meta property=\"og:description\" content=\"Nas primeiras horas da manh\u00e3 desta sexta-feira, 13, em Timon, o Grupo de Atua\u00e7\u00e3o Especial de Combate \u00e0s Organiza\u00e7\u00f5es Criminosas\" \/>\n<meta property=\"og:url\" content=\"https:\/\/maranhaotv.com.br\/index.php\/2024\/12\/13\/gaeco-cumpre-mandados-de-prisao-contra-advogados-do-ma-envolvidos-com-trafico-de-drogas\/\" \/>\n<meta property=\"og:site_name\" content=\"NOT\u00cdCIAS EM TEMPO REAL\" \/>\n<meta property=\"article:publisher\" content=\"https:\/\/www.facebook.com\/maiobaotv\" \/>\n<meta property=\"article:published_time\" content=\"2024-12-13T14:45:27+00:00\" \/>\n<meta property=\"article:modified_time\" content=\"2024-12-13T14:46:47+00:00\" \/>\n<meta property=\"og:image\" content=\"https:\/\/maranhaotv.com.br\/wp-content\/uploads\/2024\/12\/IMG-20241213-WA0079.jpg\" \/>\n\t<meta property=\"og:image:width\" content=\"800\" \/>\n\t<meta property=\"og:image:height\" content=\"500\" \/>\n\t<meta property=\"og:image:type\" content=\"image\/jpeg\" \/>\n<meta name=\"author\" content=\"maranhaotv\" \/>\n<meta name=\"twitter:card\" content=\"summary_large_image\" \/>\n<meta name=\"twitter:creator\" content=\"@sitemaranhaotv\" \/>\n<meta name=\"twitter:site\" content=\"@sitemaranhaotv\" \/>\n<meta name=\"twitter:label1\" content=\"Escrito por\" \/>\n\t<meta name=\"twitter:data1\" content=\"maranhaotv\" \/>\n\t<meta name=\"twitter:label2\" content=\"Est. tempo de leitura\" \/>\n\t<meta name=\"twitter:data2\" content=\"2 minutos\" \/>\n<script type=\"application\/ld+json\" class=\"yoast-schema-graph\">{\"@context\":\"https:\\\/\\\/schema.org\",\"@graph\":[{\"@type\":\"Article\",\"@id\":\"https:\\\/\\\/maranhaotv.com.br\\\/index.php\\\/2024\\\/12\\\/13\\\/gaeco-cumpre-mandados-de-prisao-contra-advogados-do-ma-envolvidos-com-trafico-de-drogas\\\/#article\",\"isPartOf\":{\"@id\":\"https:\\\/\\\/maranhaotv.com.br\\\/index.php\\\/2024\\\/12\\\/13\\\/gaeco-cumpre-mandados-de-prisao-contra-advogados-do-ma-envolvidos-com-trafico-de-drogas\\\/\"},\"author\":{\"name\":\"maranhaotv\",\"@id\":\"https:\\\/\\\/maranhaotv.com.br\\\/#\\\/schema\\\/person\\\/3d54238e86b20bb5c89ab2fdb8f8829a\"},\"headline\":\"Gaeco cumpre mandados de pris\u00e3o contra advogados do MA envolvidos com tr\u00e1fico de drogas\",\"datePublished\":\"2024-12-13T14:45:27+00:00\",\"dateModified\":\"2024-12-13T14:46:47+00:00\",\"mainEntityOfPage\":{\"@id\":\"https:\\\/\\\/maranhaotv.com.br\\\/index.php\\\/2024\\\/12\\\/13\\\/gaeco-cumpre-mandados-de-prisao-contra-advogados-do-ma-envolvidos-com-trafico-de-drogas\\\/\"},\"wordCount\":427,\"commentCount\":0,\"publisher\":{\"@id\":\"https:\\\/\\\/maranhaotv.com.br\\\/#organization\"},\"image\":{\"@id\":\"https:\\\/\\\/maranhaotv.com.br\\\/index.php\\\/2024\\\/12\\\/13\\\/gaeco-cumpre-mandados-de-prisao-contra-advogados-do-ma-envolvidos-com-trafico-de-drogas\\\/#primaryimage\"},\"thumbnailUrl\":\"https:\\\/\\\/maranhaotv.com.br\\\/wp-content\\\/uploads\\\/2024\\\/12\\\/IMG-20241213-WA0079.jpg\",\"articleSection\":[\"not\u00edcias\"],\"inLanguage\":\"pt-BR\",\"potentialAction\":[{\"@type\":\"CommentAction\",\"name\":\"Comment\",\"target\":[\"https:\\\/\\\/maranhaotv.com.br\\\/index.php\\\/2024\\\/12\\\/13\\\/gaeco-cumpre-mandados-de-prisao-contra-advogados-do-ma-envolvidos-com-trafico-de-drogas\\\/#respond\"]}]},{\"@type\":\"WebPage\",\"@id\":\"https:\\\/\\\/maranhaotv.com.br\\\/index.php\\\/2024\\\/12\\\/13\\\/gaeco-cumpre-mandados-de-prisao-contra-advogados-do-ma-envolvidos-com-trafico-de-drogas\\\/\",\"url\":\"https:\\\/\\\/maranhaotv.com.br\\\/index.php\\\/2024\\\/12\\\/13\\\/gaeco-cumpre-mandados-de-prisao-contra-advogados-do-ma-envolvidos-com-trafico-de-drogas\\\/\",\"name\":\"Gaeco cumpre mandados de pris\u00e3o contra advogados do MA envolvidos com tr\u00e1fico de drogas - NOT\u00cdCIAS EM TEMPO REAL\",\"isPartOf\":{\"@id\":\"https:\\\/\\\/maranhaotv.com.br\\\/#website\"},\"primaryImageOfPage\":{\"@id\":\"https:\\\/\\\/maranhaotv.com.br\\\/index.php\\\/2024\\\/12\\\/13\\\/gaeco-cumpre-mandados-de-prisao-contra-advogados-do-ma-envolvidos-com-trafico-de-drogas\\\/#primaryimage\"},\"image\":{\"@id\":\"https:\\\/\\\/maranhaotv.com.br\\\/index.php\\\/2024\\\/12\\\/13\\\/gaeco-cumpre-mandados-de-prisao-contra-advogados-do-ma-envolvidos-com-trafico-de-drogas\\\/#primaryimage\"},\"thumbnailUrl\":\"https:\\\/\\\/maranhaotv.com.br\\\/wp-content\\\/uploads\\\/2024\\\/12\\\/IMG-20241213-WA0079.jpg\",\"datePublished\":\"2024-12-13T14:45:27+00:00\",\"dateModified\":\"2024-12-13T14:46:47+00:00\",\"breadcrumb\":{\"@id\":\"https:\\\/\\\/maranhaotv.com.br\\\/index.php\\\/2024\\\/12\\\/13\\\/gaeco-cumpre-mandados-de-prisao-contra-advogados-do-ma-envolvidos-com-trafico-de-drogas\\\/#breadcrumb\"},\"inLanguage\":\"pt-BR\",\"potentialAction\":[{\"@type\":\"ReadAction\",\"target\":[\"https:\\\/\\\/maranhaotv.com.br\\\/index.php\\\/2024\\\/12\\\/13\\\/gaeco-cumpre-mandados-de-prisao-contra-advogados-do-ma-envolvidos-com-trafico-de-drogas\\\/\"]}]},{\"@type\":\"ImageObject\",\"inLanguage\":\"pt-BR\",\"@id\":\"https:\\\/\\\/maranhaotv.com.br\\\/index.php\\\/2024\\\/12\\\/13\\\/gaeco-cumpre-mandados-de-prisao-contra-advogados-do-ma-envolvidos-com-trafico-de-drogas\\\/#primaryimage\",\"url\":\"https:\\\/\\\/maranhaotv.com.br\\\/wp-content\\\/uploads\\\/2024\\\/12\\\/IMG-20241213-WA0079.jpg\",\"contentUrl\":\"https:\\\/\\\/maranhaotv.com.br\\\/wp-content\\\/uploads\\\/2024\\\/12\\\/IMG-20241213-WA0079.jpg\",\"width\":800,\"height\":500},{\"@type\":\"BreadcrumbList\",\"@id\":\"https:\\\/\\\/maranhaotv.com.br\\\/index.php\\\/2024\\\/12\\\/13\\\/gaeco-cumpre-mandados-de-prisao-contra-advogados-do-ma-envolvidos-com-trafico-de-drogas\\\/#breadcrumb\",\"itemListElement\":[{\"@type\":\"ListItem\",\"position\":1,\"name\":\"In\u00edcio\",\"item\":\"https:\\\/\\\/maranhaotv.com.br\\\/\"},{\"@type\":\"ListItem\",\"position\":2,\"name\":\"Gaeco cumpre mandados de pris\u00e3o contra advogados do MA envolvidos com tr\u00e1fico de drogas\"}]},{\"@type\":\"WebSite\",\"@id\":\"https:\\\/\\\/maranhaotv.com.br\\\/#website\",\"url\":\"https:\\\/\\\/maranhaotv.com.br\\\/\",\"name\":\"Maranh\u00e3oTV\",\"description\":\"\",\"publisher\":{\"@id\":\"https:\\\/\\\/maranhaotv.com.br\\\/#organization\"},\"potentialAction\":[{\"@type\":\"SearchAction\",\"target\":{\"@type\":\"EntryPoint\",\"urlTemplate\":\"https:\\\/\\\/maranhaotv.com.br\\\/?s={search_term_string}\"},\"query-input\":{\"@type\":\"PropertyValueSpecification\",\"valueRequired\":true,\"valueName\":\"search_term_string\"}}],\"inLanguage\":\"pt-BR\"},{\"@type\":\"Organization\",\"@id\":\"https:\\\/\\\/maranhaotv.com.br\\\/#organization\",\"name\":\"Portal de Not\u00edcias\",\"url\":\"https:\\\/\\\/maranhaotv.com.br\\\/\",\"logo\":{\"@type\":\"ImageObject\",\"inLanguage\":\"pt-BR\",\"@id\":\"https:\\\/\\\/maranhaotv.com.br\\\/#\\\/schema\\\/logo\\\/image\\\/\",\"url\":\"https:\\\/\\\/maranhaotv.com.br\\\/wp-content\\\/uploads\\\/2024\\\/05\\\/cropped-cropped-avatar-1.png\",\"contentUrl\":\"https:\\\/\\\/maranhaotv.com.br\\\/wp-content\\\/uploads\\\/2024\\\/05\\\/cropped-cropped-avatar-1.png\",\"width\":792,\"height\":428,\"caption\":\"Portal de Not\u00edcias\"},\"image\":{\"@id\":\"https:\\\/\\\/maranhaotv.com.br\\\/#\\\/schema\\\/logo\\\/image\\\/\"},\"sameAs\":[\"https:\\\/\\\/www.facebook.com\\\/maiobaotv\",\"https:\\\/\\\/x.com\\\/sitemaranhaotv\",\"https:\\\/\\\/www.instagram.com\\\/maranhao.tv\",\"https:\\\/\\\/www.threads.net\\\/@maranhao.tv\"]},{\"@type\":\"Person\",\"@id\":\"https:\\\/\\\/maranhaotv.com.br\\\/#\\\/schema\\\/person\\\/3d54238e86b20bb5c89ab2fdb8f8829a\",\"name\":\"maranhaotv\",\"image\":{\"@type\":\"ImageObject\",\"inLanguage\":\"pt-BR\",\"@id\":\"https:\\\/\\\/secure.gravatar.com\\\/avatar\\\/8fadbca458d4cb68b1dd399ae9a40618d747bb1af65ac9fad21c89220a143eb4?s=96&d=mm&r=g\",\"url\":\"https:\\\/\\\/secure.gravatar.com\\\/avatar\\\/8fadbca458d4cb68b1dd399ae9a40618d747bb1af65ac9fad21c89220a143eb4?s=96&d=mm&r=g\",\"contentUrl\":\"https:\\\/\\\/secure.gravatar.com\\\/avatar\\\/8fadbca458d4cb68b1dd399ae9a40618d747bb1af65ac9fad21c89220a143eb4?s=96&d=mm&r=g\",\"caption\":\"maranhaotv\"},\"sameAs\":[\"https:\\\/\\\/maranhaotv.com.br\\\/\"],\"url\":\"https:\\\/\\\/maranhaotv.com.br\\\/index.php\\\/author\\\/maranhaotv\\\/\"}]}<\/script>\n<!-- \/ Yoast SEO plugin. -->","yoast_head_json":{"title":"Gaeco cumpre mandados de pris\u00e3o contra advogados do MA envolvidos com tr\u00e1fico de drogas - NOT\u00cdCIAS EM TEMPO REAL","robots":{"index":"index","follow":"follow","max-snippet":"max-snippet:-1","max-image-preview":"max-image-preview:large","max-video-preview":"max-video-preview:-1"},"canonical":"https:\/\/maranhaotv.com.br\/index.php\/2024\/12\/13\/gaeco-cumpre-mandados-de-prisao-contra-advogados-do-ma-envolvidos-com-trafico-de-drogas\/","og_locale":"pt_BR","og_type":"article","og_title":"Gaeco cumpre mandados de pris\u00e3o contra advogados do MA envolvidos com tr\u00e1fico de drogas - NOT\u00cdCIAS EM TEMPO REAL","og_description":"Nas primeiras horas da manh\u00e3 desta sexta-feira, 13, em Timon, o Grupo de Atua\u00e7\u00e3o Especial de Combate \u00e0s Organiza\u00e7\u00f5es Criminosas","og_url":"https:\/\/maranhaotv.com.br\/index.php\/2024\/12\/13\/gaeco-cumpre-mandados-de-prisao-contra-advogados-do-ma-envolvidos-com-trafico-de-drogas\/","og_site_name":"NOT\u00cdCIAS EM TEMPO REAL","article_publisher":"https:\/\/www.facebook.com\/maiobaotv","article_published_time":"2024-12-13T14:45:27+00:00","article_modified_time":"2024-12-13T14:46:47+00:00","og_image":[{"width":800,"height":500,"url":"https:\/\/maranhaotv.com.br\/wp-content\/uploads\/2024\/12\/IMG-20241213-WA0079.jpg","type":"image\/jpeg"}],"author":"maranhaotv","twitter_card":"summary_large_image","twitter_creator":"@sitemaranhaotv","twitter_site":"@sitemaranhaotv","twitter_misc":{"Escrito por":"maranhaotv","Est. tempo de leitura":"2 minutos"},"schema":{"@context":"https:\/\/schema.org","@graph":[{"@type":"Article","@id":"https:\/\/maranhaotv.com.br\/index.php\/2024\/12\/13\/gaeco-cumpre-mandados-de-prisao-contra-advogados-do-ma-envolvidos-com-trafico-de-drogas\/#article","isPartOf":{"@id":"https:\/\/maranhaotv.com.br\/index.php\/2024\/12\/13\/gaeco-cumpre-mandados-de-prisao-contra-advogados-do-ma-envolvidos-com-trafico-de-drogas\/"},"author":{"name":"maranhaotv","@id":"https:\/\/maranhaotv.com.br\/#\/schema\/person\/3d54238e86b20bb5c89ab2fdb8f8829a"},"headline":"Gaeco cumpre mandados de pris\u00e3o contra advogados do MA envolvidos com tr\u00e1fico de drogas","datePublished":"2024-12-13T14:45:27+00:00","dateModified":"2024-12-13T14:46:47+00:00","mainEntityOfPage":{"@id":"https:\/\/maranhaotv.com.br\/index.php\/2024\/12\/13\/gaeco-cumpre-mandados-de-prisao-contra-advogados-do-ma-envolvidos-com-trafico-de-drogas\/"},"wordCount":427,"commentCount":0,"publisher":{"@id":"https:\/\/maranhaotv.com.br\/#organization"},"image":{"@id":"https:\/\/maranhaotv.com.br\/index.php\/2024\/12\/13\/gaeco-cumpre-mandados-de-prisao-contra-advogados-do-ma-envolvidos-com-trafico-de-drogas\/#primaryimage"},"thumbnailUrl":"https:\/\/maranhaotv.com.br\/wp-content\/uploads\/2024\/12\/IMG-20241213-WA0079.jpg","articleSection":["not\u00edcias"],"inLanguage":"pt-BR","potentialAction":[{"@type":"CommentAction","name":"Comment","target":["https:\/\/maranhaotv.com.br\/index.php\/2024\/12\/13\/gaeco-cumpre-mandados-de-prisao-contra-advogados-do-ma-envolvidos-com-trafico-de-drogas\/#respond"]}]},{"@type":"WebPage","@id":"https:\/\/maranhaotv.com.br\/index.php\/2024\/12\/13\/gaeco-cumpre-mandados-de-prisao-contra-advogados-do-ma-envolvidos-com-trafico-de-drogas\/","url":"https:\/\/maranhaotv.com.br\/index.php\/2024\/12\/13\/gaeco-cumpre-mandados-de-prisao-contra-advogados-do-ma-envolvidos-com-trafico-de-drogas\/","name":"Gaeco cumpre mandados de pris\u00e3o contra advogados do MA envolvidos com tr\u00e1fico de drogas - NOT\u00cdCIAS EM TEMPO REAL","isPartOf":{"@id":"https:\/\/maranhaotv.com.br\/#website"},"primaryImageOfPage":{"@id":"https:\/\/maranhaotv.com.br\/index.php\/2024\/12\/13\/gaeco-cumpre-mandados-de-prisao-contra-advogados-do-ma-envolvidos-com-trafico-de-drogas\/#primaryimage"},"image":{"@id":"https:\/\/maranhaotv.com.br\/index.php\/2024\/12\/13\/gaeco-cumpre-mandados-de-prisao-contra-advogados-do-ma-envolvidos-com-trafico-de-drogas\/#primaryimage"},"thumbnailUrl":"https:\/\/maranhaotv.com.br\/wp-content\/uploads\/2024\/12\/IMG-20241213-WA0079.jpg","datePublished":"2024-12-13T14:45:27+00:00","dateModified":"2024-12-13T14:46:47+00:00","breadcrumb":{"@id":"https:\/\/maranhaotv.com.br\/index.php\/2024\/12\/13\/gaeco-cumpre-mandados-de-prisao-contra-advogados-do-ma-envolvidos-com-trafico-de-drogas\/#breadcrumb"},"inLanguage":"pt-BR","potentialAction":[{"@type":"ReadAction","target":["https:\/\/maranhaotv.com.br\/index.php\/2024\/12\/13\/gaeco-cumpre-mandados-de-prisao-contra-advogados-do-ma-envolvidos-com-trafico-de-drogas\/"]}]},{"@type":"ImageObject","inLanguage":"pt-BR","@id":"https:\/\/maranhaotv.com.br\/index.php\/2024\/12\/13\/gaeco-cumpre-mandados-de-prisao-contra-advogados-do-ma-envolvidos-com-trafico-de-drogas\/#primaryimage","url":"https:\/\/maranhaotv.com.br\/wp-content\/uploads\/2024\/12\/IMG-20241213-WA0079.jpg","contentUrl":"https:\/\/maranhaotv.com.br\/wp-content\/uploads\/2024\/12\/IMG-20241213-WA0079.jpg","width":800,"height":500},{"@type":"BreadcrumbList","@id":"https:\/\/maranhaotv.com.br\/index.php\/2024\/12\/13\/gaeco-cumpre-mandados-de-prisao-contra-advogados-do-ma-envolvidos-com-trafico-de-drogas\/#breadcrumb","itemListElement":[{"@type":"ListItem","position":1,"name":"In\u00edcio","item":"https:\/\/maranhaotv.com.br\/"},{"@type":"ListItem","position":2,"name":"Gaeco cumpre mandados de pris\u00e3o contra advogados do MA envolvidos com tr\u00e1fico de drogas"}]},{"@type":"WebSite","@id":"https:\/\/maranhaotv.com.br\/#website","url":"https:\/\/maranhaotv.com.br\/","name":"Maranh\u00e3oTV","description":"","publisher":{"@id":"https:\/\/maranhaotv.com.br\/#organization"},"potentialAction":[{"@type":"SearchAction","target":{"@type":"EntryPoint","urlTemplate":"https:\/\/maranhaotv.com.br\/?s={search_term_string}"},"query-input":{"@type":"PropertyValueSpecification","valueRequired":true,"valueName":"search_term_string"}}],"inLanguage":"pt-BR"},{"@type":"Organization","@id":"https:\/\/maranhaotv.com.br\/#organization","name":"Portal de Not\u00edcias","url":"https:\/\/maranhaotv.com.br\/","logo":{"@type":"ImageObject","inLanguage":"pt-BR","@id":"https:\/\/maranhaotv.com.br\/#\/schema\/logo\/image\/","url":"https:\/\/maranhaotv.com.br\/wp-content\/uploads\/2024\/05\/cropped-cropped-avatar-1.png","contentUrl":"https:\/\/maranhaotv.com.br\/wp-content\/uploads\/2024\/05\/cropped-cropped-avatar-1.png","width":792,"height":428,"caption":"Portal de Not\u00edcias"},"image":{"@id":"https:\/\/maranhaotv.com.br\/#\/schema\/logo\/image\/"},"sameAs":["https:\/\/www.facebook.com\/maiobaotv","https:\/\/x.com\/sitemaranhaotv","https:\/\/www.instagram.com\/maranhao.tv","https:\/\/www.threads.net\/@maranhao.tv"]},{"@type":"Person","@id":"https:\/\/maranhaotv.com.br\/#\/schema\/person\/3d54238e86b20bb5c89ab2fdb8f8829a","name":"maranhaotv","image":{"@type":"ImageObject","inLanguage":"pt-BR","@id":"https:\/\/secure.gravatar.com\/avatar\/8fadbca458d4cb68b1dd399ae9a40618d747bb1af65ac9fad21c89220a143eb4?s=96&d=mm&r=g","url":"https:\/\/secure.gravatar.com\/avatar\/8fadbca458d4cb68b1dd399ae9a40618d747bb1af65ac9fad21c89220a143eb4?s=96&d=mm&r=g","contentUrl":"https:\/\/secure.gravatar.com\/avatar\/8fadbca458d4cb68b1dd399ae9a40618d747bb1af65ac9fad21c89220a143eb4?s=96&d=mm&r=g","caption":"maranhaotv"},"sameAs":["https:\/\/maranhaotv.com.br\/"],"url":"https:\/\/maranhaotv.com.br\/index.php\/author\/maranhaotv\/"}]}},"jetpack_featured_media_url":"https:\/\/maranhaotv.com.br\/wp-content\/uploads\/2024\/12\/IMG-20241213-WA0079.jpg","jetpack_sharing_enabled":true,"_links":{"self":[{"href":"https:\/\/maranhaotv.com.br\/index.php\/wp-json\/wp\/v2\/posts\/39233","targetHints":{"allow":["GET"]}}],"collection":[{"href":"https:\/\/maranhaotv.com.br\/index.php\/wp-json\/wp\/v2\/posts"}],"about":[{"href":"https:\/\/maranhaotv.com.br\/index.php\/wp-json\/wp\/v2\/types\/post"}],"author":[{"embeddable":true,"href":"https:\/\/maranhaotv.com.br\/index.php\/wp-json\/wp\/v2\/users\/2"}],"replies":[{"embeddable":true,"href":"https:\/\/maranhaotv.com.br\/index.php\/wp-json\/wp\/v2\/comments?post=39233"}],"version-history":[{"count":2,"href":"https:\/\/maranhaotv.com.br\/index.php\/wp-json\/wp\/v2\/posts\/39233\/revisions"}],"predecessor-version":[{"id":39235,"href":"https:\/\/maranhaotv.com.br\/index.php\/wp-json\/wp\/v2\/posts\/39233\/revisions\/39235"}],"wp:featuredmedia":[{"embeddable":true,"href":"https:\/\/maranhaotv.com.br\/index.php\/wp-json\/wp\/v2\/media\/39232"}],"wp:attachment":[{"href":"https:\/\/maranhaotv.com.br\/index.php\/wp-json\/wp\/v2\/media?parent=39233"}],"wp:term":[{"taxonomy":"category","embeddable":true,"href":"https:\/\/maranhaotv.com.br\/index.php\/wp-json\/wp\/v2\/categories?post=39233"},{"taxonomy":"post_tag","embeddable":true,"href":"https:\/\/maranhaotv.com.br\/index.php\/wp-json\/wp\/v2\/tags?post=39233"}],"curies":[{"name":"wp","href":"https:\/\/api.w.org\/{rel}","templated":true}]}}