{"id":39244,"date":"2024-12-13T18:20:57","date_gmt":"2024-12-13T21:20:57","guid":{"rendered":"https:\/\/maranhaotv.com.br\/?p=39244"},"modified":"2024-12-13T18:22:01","modified_gmt":"2024-12-13T21:22:01","slug":"parceria-pioneira-entre-sebrae-e-porto-do-itaqui-vai-estimular-inovacao-no-complexo-portuario-de-sao-luis","status":"publish","type":"post","link":"https:\/\/maranhaotv.com.br\/index.php\/2024\/12\/13\/parceria-pioneira-entre-sebrae-e-porto-do-itaqui-vai-estimular-inovacao-no-complexo-portuario-de-sao-luis\/","title":{"rendered":"Parceria pioneira entre Sebrae e Porto do Itaqui vai estimular inova\u00e7\u00e3o no complexo portu\u00e1rio de S\u00e3o Lu\u00eds"},"content":{"rendered":"\n<p><br><br>Programa Catalisa Gov visa fomentar inova\u00e7\u00e3o aberta no setor p\u00fablico, abrindo mercado para startups locais e dinamizando a economia regional<br><br><br>O Porto do Itaqui, administrado pela EMAP (Empresa Maranhense de Administra\u00e7\u00e3o Portu\u00e1ria), acaba de se tornar a primeira institui\u00e7\u00e3o p\u00fablica do Maranh\u00e3o e o primeiro porto p\u00fablico do Brasil a aderir ao programa do Sebrae que tem como objetivo conectar desafios e demandas do setor p\u00fablico a solu\u00e7\u00f5es desenvolvidas por startups e neg\u00f3cios de base inovadora.<br><br>O marco da ades\u00e3o foi oficialmente dado no in\u00edcio da semana, em evento realizado na sede do \u00f3rg\u00e3o, com participa\u00e7\u00f5es de dirigentes e t\u00e9cnicos da pr\u00f3pria Emap, do Sebrae Maranh\u00e3o e Nacional e da Dealist, empresa de consultoria paulista, respons\u00e1vel pela implementa\u00e7\u00e3o do Catalisa Gov no Maranh\u00e3o. Tamb\u00e9m presentes startups, especialistas em inova\u00e7\u00e3o e membros do ecossistema local de inova\u00e7\u00e3o, em um momento que propiciou discuss\u00f5es sobre os desafios e oportunidades com o est\u00edmulo \u00e0 inova\u00e7\u00e3o da gest\u00e3o p\u00fablica.<br><br>Focado na promo\u00e7\u00e3o da inova\u00e7\u00e3o aberta, o Catalisa Gov vai facilitar e ampliar o acesso \u00e0s chamadas compras p\u00fablicas de inova\u00e7\u00e3o, gerando mais oportunidades de inova\u00e7\u00e3o no estado, mas tamb\u00e9m contribuindo para elevar a competitividade estadual. Al\u00e9m disso, o programa fomenta a gera\u00e7\u00e3o de empregos qualificados no Maranh\u00e3o, amplia mercado para startups locais junto ao setor p\u00fablico, entre outros aspectos.<br><br>Para a Emap, trata-se de uma estrat\u00e9gia com impactos na moderniza\u00e7\u00e3o de processos e na busca por maior efici\u00eancia operacional e aprimoramento da gest\u00e3o, refor\u00e7ando o compromisso da institui\u00e7\u00e3o com a inova\u00e7\u00e3o, ao protagonizar uma iniciativa que pode ser replicada por outras organiza\u00e7\u00f5es p\u00fablicas e pelo setor portu\u00e1rio.<br><br>O gerente de Opera\u00e7\u00f5es da Emap, Hibernon Marinho destacou este primeiro passo. \u201c\u00c9 uma satisfa\u00e7\u00e3o enorme ter o Sebrae como parceiro. O Catalisa Gov vai trabalhar com inova\u00e7\u00e3o aberta e, com isso, trazer startups para entender, pensar e propor solu\u00e7\u00f5es para os desafios do porto. Nosso objetivo \u00e9 garantir que continuemos sendo o porto do desenvolvimento\u201d, disse ele.<br><br>Para o Diretor T\u00e9cnico do Sebrae no Maranh\u00e3o, Mauro Borralho, a iniciativa \u00e9 um marco bastante simb\u00f3lico no estado. \u201cAs a\u00e7\u00f5es de inova\u00e7\u00e3o empreendidas pelo Sebrae e a Emap, e o suporte \u00e0s startups e neg\u00f3cios inovadores, agora se fortalecem em uma articula\u00e7\u00e3o muito importante para o Maranh\u00e3o. O programa deve estimular o empreendedorismo inovador, gerando benef\u00edcios para sociedade a partir da melhoria dos servi\u00e7os prestados pelos agentes p\u00fablicos e contribuir para eleva\u00e7\u00e3o da competitividade e para uma gest\u00e3o p\u00fablica mais eficiente e sustent\u00e1vel\u201d, enfatizou ele. <br><br> <br><br>Vis\u00e3o de futuro<br><br>Uma s\u00e9rie de momentos marcaram o lan\u00e7amento do CatalisaGov e a fase que antecedeu \u00e0 ades\u00e3o. As primeiras tratativas para formaliza\u00e7\u00e3o dessa parceria vem desde o m\u00eas de outubro, com reuni\u00f5es e alinhamentos t\u00e9cnicos entre o Sebrae e a Emap, visando a formata\u00e7\u00e3o da parceria, estrutura\u00e7\u00e3o das a\u00e7\u00f5es e a forma\u00e7\u00e3o de um Comit\u00ea de Inova\u00e7\u00e3o, cujos membros estiveram no evento de ades\u00e3o, participando das atividades t\u00e9cnicas programadas para a ocasi\u00e3o.<br><br>Durante o lan\u00e7amento, com participa\u00e7\u00e3o do consultor da Dealist, Rafael Ribeiro, foram trazidos esclarecimentos sobre o programa, seus impactos, objetivos em \u00e2mbito nacional e local e para a Emap, al\u00e9m do cronograma e metodologia dessa iniciativa, que ser\u00e1 executada a partir de agora at\u00e9 o final do ano que vem.<br><br>Em seguida, um painel sobre Inova\u00e7\u00e3o Aberta, mediado pelo gerente de Inova\u00e7\u00e3o e Tecnologia do Sebrae MA, C\u00e9sar Guimar\u00e3es, deu prosseguimento \u00e0s atividades, reunindo Vilena Silva, CEO da Startup Compensei; Gabriel Cassia, gestor de Pesquisa e Desenvolvimento e Pesquisa da Emap, al\u00e9m de Rafael Gon\u00e7alves gestor de inova\u00e7\u00e3o aberta do Sebrae Nacional.<br><br>O painel lan\u00e7ou luzes sobre a inova\u00e7\u00e3o aberta, as a\u00e7\u00f5es e impactos do programa para o Maranh\u00e3o. Segundo Rafael Gon\u00e7alves, as compras p\u00fablicas em geral mobilizam de 12 a 15% do PIB nacional, um mercado considerado gigante. \u201cSe alcan\u00e7armos 1% desse percentual com as compras de inova\u00e7\u00e3o, vamos dobrar os investimentos hoje feitos nessa \u00e1rea no pa\u00eds\u201d, explicou ele. Entre os desafios, segundo o gestor, est\u00e3o a amplia\u00e7\u00e3o do acesso \u00e0s startups nesse mercado, a divulga\u00e7\u00e3o dessa alternativa surgida com o Marco Legal da Inova\u00e7\u00e3o, tanto para contratantes como para os \u00f3rg\u00e3os de controle, no sentido de melhorar o ordenamento jur\u00eddico para as contrata\u00e7\u00f5es.<br><br>Vilena Silva, por outro lado, ressaltou a necessidade de identifica\u00e7\u00e3o dos gargalos hoje existentes que limitam a participa\u00e7\u00e3o e tamb\u00e9m de apoio na prepara\u00e7\u00e3o das startups para o gigante mercado das compras p\u00fablicas de inova\u00e7\u00e3o. \u201c\u00c9 preciso pensar em formas de apoio nessa jornada para que as startups locais e os neg\u00f3cios inovadores possam realmente se beneficiar desta iniciativa. De nossa parte, \u00e9 preciso atentar para a aplicabilidade no mercado de eventuais solu\u00e7\u00f5es geradas. Isso \u00e9 fundamental\u201d, argumentou ela.<br><br>Dinamismo &#8211; No caso da Emap, Gabriel Cassia, adiantou algumas \u00e1reas com desafios que a institui\u00e7\u00e3o pretende superar a partir dessa iniciativa, ligados, por exemplo, a mudan\u00e7as clim\u00e1ticas, opera\u00e7\u00e3o portu\u00e1ria, sustentabilidade e estudos econ\u00f4micos e de cadeias produtivas relevantes, entre outras. <br><br>Ele tamb\u00e9m tra\u00e7ou um panorama da atua\u00e7\u00e3o do \u00f3rg\u00e3o na \u00e1rea de inova\u00e7\u00e3o, registrando que em 2024 mais de 20 solu\u00e7\u00f5es inovadoras j\u00e1 foram entregues e ainda 17 est\u00e3o em andamento, fruto do programa interno de residentes e da incorpora\u00e7\u00e3o da cultura da inova\u00e7\u00e3o na empresa.<br><br>\u201cNos inserirmos nesse processo significa dinamizar o ambiente em que a Emap est\u00e1 inserida e representa uma contribui\u00e7\u00e3o para melhorar nossos servi\u00e7os, para estimular outras empresas p\u00fablicas a investir nesse caminho e para beneficiar startups locais, colocando o Maranh\u00e3o em posi\u00e7\u00e3o de vanguarda. Essa iniciativa dinamiza o mercado, agrega valor aos servi\u00e7os prestados, aproxima, gera sinergias e neg\u00f3cios, impulsionando o crescimento do Maranh\u00e3o\u201d, explicou Cassia.<br><br>A jornada de lan\u00e7amento do Catalisa Gov foi conclu\u00edda com uma oficina que teve a participa\u00e7\u00e3o do Comit\u00ea de Inova\u00e7\u00e3o do \u00f3rg\u00e3o para identifica\u00e7\u00e3o de desafios e coleta de insumos para o futuro edital de sele\u00e7\u00e3o das startups participantes, uma atividade coordenada pela equipe da Dealist, com metas e a\u00e7\u00f5es para este ano e para 2024.<\/p>\n\n\n\n<p><\/p>\n\n\n\n<figure class=\"wp-block-image size-large\"><img loading=\"lazy\" decoding=\"async\" width=\"1024\" height=\"768\" src=\"https:\/\/maranhaotv.com.br\/wp-content\/uploads\/2024\/12\/img-20241213-wa02274450109218064943991-1024x768.jpg\" alt=\"\" class=\"wp-image-39241\" srcset=\"https:\/\/maranhaotv.com.br\/wp-content\/uploads\/2024\/12\/img-20241213-wa02274450109218064943991-1024x768.jpg 1024w, https:\/\/maranhaotv.com.br\/wp-content\/uploads\/2024\/12\/img-20241213-wa02274450109218064943991-300x225.jpg 300w, https:\/\/maranhaotv.com.br\/wp-content\/uploads\/2024\/12\/img-20241213-wa02274450109218064943991-768x576.jpg 768w, https:\/\/maranhaotv.com.br\/wp-content\/uploads\/2024\/12\/img-20241213-wa02274450109218064943991-1536x1152.jpg 1536w, https:\/\/maranhaotv.com.br\/wp-content\/uploads\/2024\/12\/img-20241213-wa02274450109218064943991.jpg 1600w\" sizes=\"auto, (max-width: 1024px) 100vw, 1024px\" \/><\/figure>\n\n\n\n<figure class=\"wp-block-image\"><img loading=\"lazy\" decoding=\"async\" width=\"1024\" height=\"625\" src=\"https:\/\/maranhaotv.com.br\/wp-content\/uploads\/2024\/12\/img-20241213-wa02244665159080699913348-1024x625.jpg\" alt=\"\" class=\"wp-image-39242\" srcset=\"https:\/\/maranhaotv.com.br\/wp-content\/uploads\/2024\/12\/img-20241213-wa02244665159080699913348-1024x625.jpg 1024w, https:\/\/maranhaotv.com.br\/wp-content\/uploads\/2024\/12\/img-20241213-wa02244665159080699913348-300x183.jpg 300w, https:\/\/maranhaotv.com.br\/wp-content\/uploads\/2024\/12\/img-20241213-wa02244665159080699913348-768x468.jpg 768w, https:\/\/maranhaotv.com.br\/wp-content\/uploads\/2024\/12\/img-20241213-wa02244665159080699913348-1536x937.jpg 1536w, https:\/\/maranhaotv.com.br\/wp-content\/uploads\/2024\/12\/img-20241213-wa02244665159080699913348.jpg 1600w\" sizes=\"auto, (max-width: 1024px) 100vw, 1024px\" \/><\/figure>\n\n\n\n<figure class=\"wp-block-image\"><img loading=\"lazy\" decoding=\"async\" width=\"1024\" height=\"768\" src=\"https:\/\/maranhaotv.com.br\/wp-content\/uploads\/2024\/12\/img-20241213-wa02253035011569545294151-1024x768.jpg\" alt=\"\" class=\"wp-image-39240\" srcset=\"https:\/\/maranhaotv.com.br\/wp-content\/uploads\/2024\/12\/img-20241213-wa02253035011569545294151-1024x768.jpg 1024w, https:\/\/maranhaotv.com.br\/wp-content\/uploads\/2024\/12\/img-20241213-wa02253035011569545294151-300x225.jpg 300w, https:\/\/maranhaotv.com.br\/wp-content\/uploads\/2024\/12\/img-20241213-wa02253035011569545294151-768x576.jpg 768w, https:\/\/maranhaotv.com.br\/wp-content\/uploads\/2024\/12\/img-20241213-wa02253035011569545294151-1536x1152.jpg 1536w, https:\/\/maranhaotv.com.br\/wp-content\/uploads\/2024\/12\/img-20241213-wa02253035011569545294151.jpg 1600w\" sizes=\"auto, (max-width: 1024px) 100vw, 1024px\" \/><\/figure>\n","protected":false},"excerpt":{"rendered":"<p>Programa Catalisa Gov visa fomentar inova\u00e7\u00e3o aberta no setor p\u00fablico, abrindo mercado para startups locais e dinamizando a economia regional<\/p>\n","protected":false},"author":2,"featured_media":39243,"comment_status":"open","ping_status":"open","sticky":false,"template":"","format":"standard","meta":{"colormag_page_container_layout":"default_layout","colormag_page_sidebar_layout":"default_layout","_jetpack_memberships_contains_paid_content":false,"footnotes":""},"categories":[2],"tags":[],"class_list":["post-39244","post","type-post","status-publish","format-standard","has-post-thumbnail","hentry","category-noticias"],"magazineBlocksPostFeaturedMedia":{"thumbnail":"https:\/\/maranhaotv.com.br\/wp-content\/uploads\/2024\/12\/IMG-20241213-WA0226-150x150.jpg","medium":"https:\/\/maranhaotv.com.br\/wp-content\/uploads\/2024\/12\/IMG-20241213-WA0226-300x225.jpg","medium_large":"https:\/\/maranhaotv.com.br\/wp-content\/uploads\/2024\/12\/IMG-20241213-WA0226-768x576.jpg","large":"https:\/\/maranhaotv.com.br\/wp-content\/uploads\/2024\/12\/IMG-20241213-WA0226-1024x768.jpg","1536x1536":"https:\/\/maranhaotv.com.br\/wp-content\/uploads\/2024\/12\/IMG-20241213-WA0226-1536x1152.jpg","2048x2048":"https:\/\/maranhaotv.com.br\/wp-content\/uploads\/2024\/12\/IMG-20241213-WA0226.jpg","colormag-highlighted-post":"https:\/\/maranhaotv.com.br\/wp-content\/uploads\/2024\/12\/IMG-20241213-WA0226-392x272.jpg","colormag-featured-post-medium":"https:\/\/maranhaotv.com.br\/wp-content\/uploads\/2024\/12\/IMG-20241213-WA0226-390x205.jpg","colormag-featured-post-small":"https:\/\/maranhaotv.com.br\/wp-content\/uploads\/2024\/12\/IMG-20241213-WA0226-130x90.jpg","colormag-featured-image":"https:\/\/maranhaotv.com.br\/wp-content\/uploads\/2024\/12\/IMG-20241213-WA0226-800x445.jpg","colormag-default-news":"https:\/\/maranhaotv.com.br\/wp-content\/uploads\/2024\/12\/IMG-20241213-WA0226-150x150.jpg","colormag-featured-image-large":"https:\/\/maranhaotv.com.br\/wp-content\/uploads\/2024\/12\/IMG-20241213-WA0226-1400x600.jpg"},"magazineBlocksPostAuthor":{"name":"maranhaotv","avatar":"https:\/\/secure.gravatar.com\/avatar\/8fadbca458d4cb68b1dd399ae9a40618d747bb1af65ac9fad21c89220a143eb4?s=96&d=mm&r=g"},"magazineBlocksPostCommentsNumber":"0","magazineBlocksPostExcerpt":"Programa Catalisa Gov visa fomentar inova\u00e7\u00e3o aberta no setor p\u00fablico, abrindo mercado para startups locais e dinamizando a economia regional","magazineBlocksPostCategories":["not\u00edcias"],"magazineBlocksPostViewCount":330,"magazineBlocksPostReadTime":6,"magazine_blocks_featured_image_url":{"full":["https:\/\/maranhaotv.com.br\/wp-content\/uploads\/2024\/12\/IMG-20241213-WA0226.jpg",1600,1200,false],"medium":["https:\/\/maranhaotv.com.br\/wp-content\/uploads\/2024\/12\/IMG-20241213-WA0226-300x225.jpg",300,225,true],"thumbnail":["https:\/\/maranhaotv.com.br\/wp-content\/uploads\/2024\/12\/IMG-20241213-WA0226-150x150.jpg",150,150,true]},"magazine_blocks_author":{"display_name":"maranhaotv","author_link":"https:\/\/maranhaotv.com.br\/index.php\/author\/maranhaotv\/"},"magazine_blocks_comment":0,"magazine_blocks_author_image":"https:\/\/secure.gravatar.com\/avatar\/8fadbca458d4cb68b1dd399ae9a40618d747bb1af65ac9fad21c89220a143eb4?s=96&d=mm&r=g","magazine_blocks_category":"<a href=\"#\" class=\"category-link category-link-2\">not\u00edcias<\/a>","yoast_head":"<!-- This site is optimized with the Yoast SEO plugin v27.4 - https:\/\/yoast.com\/product\/yoast-seo-wordpress\/ -->\n<title>Parceria pioneira entre Sebrae e Porto do Itaqui vai estimular inova\u00e7\u00e3o no complexo portu\u00e1rio de S\u00e3o Lu\u00eds - NOT\u00cdCIAS EM TEMPO REAL<\/title>\n<meta name=\"robots\" content=\"index, follow, max-snippet:-1, max-image-preview:large, max-video-preview:-1\" \/>\n<link rel=\"canonical\" href=\"https:\/\/maranhaotv.com.br\/index.php\/2024\/12\/13\/parceria-pioneira-entre-sebrae-e-porto-do-itaqui-vai-estimular-inovacao-no-complexo-portuario-de-sao-luis\/\" \/>\n<meta property=\"og:locale\" content=\"pt_BR\" \/>\n<meta property=\"og:type\" content=\"article\" \/>\n<meta property=\"og:title\" content=\"Parceria pioneira entre Sebrae e Porto do Itaqui vai estimular inova\u00e7\u00e3o no complexo portu\u00e1rio de S\u00e3o Lu\u00eds - NOT\u00cdCIAS EM TEMPO REAL\" \/>\n<meta property=\"og:description\" content=\"Programa Catalisa Gov visa fomentar inova\u00e7\u00e3o aberta no setor p\u00fablico, abrindo mercado para startups locais e dinamizando a economia regional\" \/>\n<meta property=\"og:url\" content=\"https:\/\/maranhaotv.com.br\/index.php\/2024\/12\/13\/parceria-pioneira-entre-sebrae-e-porto-do-itaqui-vai-estimular-inovacao-no-complexo-portuario-de-sao-luis\/\" \/>\n<meta property=\"og:site_name\" content=\"NOT\u00cdCIAS EM TEMPO REAL\" \/>\n<meta property=\"article:publisher\" content=\"https:\/\/www.facebook.com\/maiobaotv\" \/>\n<meta property=\"article:published_time\" content=\"2024-12-13T21:20:57+00:00\" \/>\n<meta property=\"article:modified_time\" content=\"2024-12-13T21:22:01+00:00\" \/>\n<meta property=\"og:image\" content=\"https:\/\/maranhaotv.com.br\/wp-content\/uploads\/2024\/12\/IMG-20241213-WA0226.jpg\" \/>\n\t<meta property=\"og:image:width\" content=\"1600\" \/>\n\t<meta property=\"og:image:height\" content=\"1200\" \/>\n\t<meta property=\"og:image:type\" content=\"image\/jpeg\" \/>\n<meta name=\"author\" content=\"maranhaotv\" \/>\n<meta name=\"twitter:card\" content=\"summary_large_image\" \/>\n<meta name=\"twitter:creator\" content=\"@sitemaranhaotv\" \/>\n<meta name=\"twitter:site\" content=\"@sitemaranhaotv\" \/>\n<meta name=\"twitter:label1\" content=\"Escrito por\" \/>\n\t<meta name=\"twitter:data1\" content=\"maranhaotv\" \/>\n\t<meta name=\"twitter:label2\" content=\"Est. tempo de leitura\" \/>\n\t<meta name=\"twitter:data2\" content=\"6 minutos\" \/>\n<script type=\"application\/ld+json\" class=\"yoast-schema-graph\">{\"@context\":\"https:\\\/\\\/schema.org\",\"@graph\":[{\"@type\":\"Article\",\"@id\":\"https:\\\/\\\/maranhaotv.com.br\\\/index.php\\\/2024\\\/12\\\/13\\\/parceria-pioneira-entre-sebrae-e-porto-do-itaqui-vai-estimular-inovacao-no-complexo-portuario-de-sao-luis\\\/#article\",\"isPartOf\":{\"@id\":\"https:\\\/\\\/maranhaotv.com.br\\\/index.php\\\/2024\\\/12\\\/13\\\/parceria-pioneira-entre-sebrae-e-porto-do-itaqui-vai-estimular-inovacao-no-complexo-portuario-de-sao-luis\\\/\"},\"author\":{\"name\":\"maranhaotv\",\"@id\":\"https:\\\/\\\/maranhaotv.com.br\\\/#\\\/schema\\\/person\\\/3d54238e86b20bb5c89ab2fdb8f8829a\"},\"headline\":\"Parceria pioneira entre Sebrae e Porto do Itaqui vai estimular inova\u00e7\u00e3o no complexo portu\u00e1rio de S\u00e3o Lu\u00eds\",\"datePublished\":\"2024-12-13T21:20:57+00:00\",\"dateModified\":\"2024-12-13T21:22:01+00:00\",\"mainEntityOfPage\":{\"@id\":\"https:\\\/\\\/maranhaotv.com.br\\\/index.php\\\/2024\\\/12\\\/13\\\/parceria-pioneira-entre-sebrae-e-porto-do-itaqui-vai-estimular-inovacao-no-complexo-portuario-de-sao-luis\\\/\"},\"wordCount\":1129,\"commentCount\":0,\"publisher\":{\"@id\":\"https:\\\/\\\/maranhaotv.com.br\\\/#organization\"},\"image\":{\"@id\":\"https:\\\/\\\/maranhaotv.com.br\\\/index.php\\\/2024\\\/12\\\/13\\\/parceria-pioneira-entre-sebrae-e-porto-do-itaqui-vai-estimular-inovacao-no-complexo-portuario-de-sao-luis\\\/#primaryimage\"},\"thumbnailUrl\":\"https:\\\/\\\/maranhaotv.com.br\\\/wp-content\\\/uploads\\\/2024\\\/12\\\/IMG-20241213-WA0226.jpg\",\"articleSection\":[\"not\u00edcias\"],\"inLanguage\":\"pt-BR\",\"potentialAction\":[{\"@type\":\"CommentAction\",\"name\":\"Comment\",\"target\":[\"https:\\\/\\\/maranhaotv.com.br\\\/index.php\\\/2024\\\/12\\\/13\\\/parceria-pioneira-entre-sebrae-e-porto-do-itaqui-vai-estimular-inovacao-no-complexo-portuario-de-sao-luis\\\/#respond\"]}]},{\"@type\":\"WebPage\",\"@id\":\"https:\\\/\\\/maranhaotv.com.br\\\/index.php\\\/2024\\\/12\\\/13\\\/parceria-pioneira-entre-sebrae-e-porto-do-itaqui-vai-estimular-inovacao-no-complexo-portuario-de-sao-luis\\\/\",\"url\":\"https:\\\/\\\/maranhaotv.com.br\\\/index.php\\\/2024\\\/12\\\/13\\\/parceria-pioneira-entre-sebrae-e-porto-do-itaqui-vai-estimular-inovacao-no-complexo-portuario-de-sao-luis\\\/\",\"name\":\"Parceria pioneira entre Sebrae e Porto do Itaqui vai estimular inova\u00e7\u00e3o no complexo portu\u00e1rio de S\u00e3o Lu\u00eds - NOT\u00cdCIAS EM TEMPO REAL\",\"isPartOf\":{\"@id\":\"https:\\\/\\\/maranhaotv.com.br\\\/#website\"},\"primaryImageOfPage\":{\"@id\":\"https:\\\/\\\/maranhaotv.com.br\\\/index.php\\\/2024\\\/12\\\/13\\\/parceria-pioneira-entre-sebrae-e-porto-do-itaqui-vai-estimular-inovacao-no-complexo-portuario-de-sao-luis\\\/#primaryimage\"},\"image\":{\"@id\":\"https:\\\/\\\/maranhaotv.com.br\\\/index.php\\\/2024\\\/12\\\/13\\\/parceria-pioneira-entre-sebrae-e-porto-do-itaqui-vai-estimular-inovacao-no-complexo-portuario-de-sao-luis\\\/#primaryimage\"},\"thumbnailUrl\":\"https:\\\/\\\/maranhaotv.com.br\\\/wp-content\\\/uploads\\\/2024\\\/12\\\/IMG-20241213-WA0226.jpg\",\"datePublished\":\"2024-12-13T21:20:57+00:00\",\"dateModified\":\"2024-12-13T21:22:01+00:00\",\"breadcrumb\":{\"@id\":\"https:\\\/\\\/maranhaotv.com.br\\\/index.php\\\/2024\\\/12\\\/13\\\/parceria-pioneira-entre-sebrae-e-porto-do-itaqui-vai-estimular-inovacao-no-complexo-portuario-de-sao-luis\\\/#breadcrumb\"},\"inLanguage\":\"pt-BR\",\"potentialAction\":[{\"@type\":\"ReadAction\",\"target\":[\"https:\\\/\\\/maranhaotv.com.br\\\/index.php\\\/2024\\\/12\\\/13\\\/parceria-pioneira-entre-sebrae-e-porto-do-itaqui-vai-estimular-inovacao-no-complexo-portuario-de-sao-luis\\\/\"]}]},{\"@type\":\"ImageObject\",\"inLanguage\":\"pt-BR\",\"@id\":\"https:\\\/\\\/maranhaotv.com.br\\\/index.php\\\/2024\\\/12\\\/13\\\/parceria-pioneira-entre-sebrae-e-porto-do-itaqui-vai-estimular-inovacao-no-complexo-portuario-de-sao-luis\\\/#primaryimage\",\"url\":\"https:\\\/\\\/maranhaotv.com.br\\\/wp-content\\\/uploads\\\/2024\\\/12\\\/IMG-20241213-WA0226.jpg\",\"contentUrl\":\"https:\\\/\\\/maranhaotv.com.br\\\/wp-content\\\/uploads\\\/2024\\\/12\\\/IMG-20241213-WA0226.jpg\",\"width\":1600,\"height\":1200},{\"@type\":\"BreadcrumbList\",\"@id\":\"https:\\\/\\\/maranhaotv.com.br\\\/index.php\\\/2024\\\/12\\\/13\\\/parceria-pioneira-entre-sebrae-e-porto-do-itaqui-vai-estimular-inovacao-no-complexo-portuario-de-sao-luis\\\/#breadcrumb\",\"itemListElement\":[{\"@type\":\"ListItem\",\"position\":1,\"name\":\"In\u00edcio\",\"item\":\"https:\\\/\\\/maranhaotv.com.br\\\/\"},{\"@type\":\"ListItem\",\"position\":2,\"name\":\"Parceria pioneira entre Sebrae e Porto do Itaqui vai estimular inova\u00e7\u00e3o no complexo portu\u00e1rio de S\u00e3o Lu\u00eds\"}]},{\"@type\":\"WebSite\",\"@id\":\"https:\\\/\\\/maranhaotv.com.br\\\/#website\",\"url\":\"https:\\\/\\\/maranhaotv.com.br\\\/\",\"name\":\"Maranh\u00e3oTV\",\"description\":\"\",\"publisher\":{\"@id\":\"https:\\\/\\\/maranhaotv.com.br\\\/#organization\"},\"potentialAction\":[{\"@type\":\"SearchAction\",\"target\":{\"@type\":\"EntryPoint\",\"urlTemplate\":\"https:\\\/\\\/maranhaotv.com.br\\\/?s={search_term_string}\"},\"query-input\":{\"@type\":\"PropertyValueSpecification\",\"valueRequired\":true,\"valueName\":\"search_term_string\"}}],\"inLanguage\":\"pt-BR\"},{\"@type\":\"Organization\",\"@id\":\"https:\\\/\\\/maranhaotv.com.br\\\/#organization\",\"name\":\"Portal de Not\u00edcias\",\"url\":\"https:\\\/\\\/maranhaotv.com.br\\\/\",\"logo\":{\"@type\":\"ImageObject\",\"inLanguage\":\"pt-BR\",\"@id\":\"https:\\\/\\\/maranhaotv.com.br\\\/#\\\/schema\\\/logo\\\/image\\\/\",\"url\":\"https:\\\/\\\/maranhaotv.com.br\\\/wp-content\\\/uploads\\\/2024\\\/05\\\/cropped-cropped-avatar-1.png\",\"contentUrl\":\"https:\\\/\\\/maranhaotv.com.br\\\/wp-content\\\/uploads\\\/2024\\\/05\\\/cropped-cropped-avatar-1.png\",\"width\":792,\"height\":428,\"caption\":\"Portal de Not\u00edcias\"},\"image\":{\"@id\":\"https:\\\/\\\/maranhaotv.com.br\\\/#\\\/schema\\\/logo\\\/image\\\/\"},\"sameAs\":[\"https:\\\/\\\/www.facebook.com\\\/maiobaotv\",\"https:\\\/\\\/x.com\\\/sitemaranhaotv\",\"https:\\\/\\\/www.instagram.com\\\/maranhao.tv\",\"https:\\\/\\\/www.threads.net\\\/@maranhao.tv\"]},{\"@type\":\"Person\",\"@id\":\"https:\\\/\\\/maranhaotv.com.br\\\/#\\\/schema\\\/person\\\/3d54238e86b20bb5c89ab2fdb8f8829a\",\"name\":\"maranhaotv\",\"image\":{\"@type\":\"ImageObject\",\"inLanguage\":\"pt-BR\",\"@id\":\"https:\\\/\\\/secure.gravatar.com\\\/avatar\\\/8fadbca458d4cb68b1dd399ae9a40618d747bb1af65ac9fad21c89220a143eb4?s=96&d=mm&r=g\",\"url\":\"https:\\\/\\\/secure.gravatar.com\\\/avatar\\\/8fadbca458d4cb68b1dd399ae9a40618d747bb1af65ac9fad21c89220a143eb4?s=96&d=mm&r=g\",\"contentUrl\":\"https:\\\/\\\/secure.gravatar.com\\\/avatar\\\/8fadbca458d4cb68b1dd399ae9a40618d747bb1af65ac9fad21c89220a143eb4?s=96&d=mm&r=g\",\"caption\":\"maranhaotv\"},\"sameAs\":[\"https:\\\/\\\/maranhaotv.com.br\\\/\"],\"url\":\"https:\\\/\\\/maranhaotv.com.br\\\/index.php\\\/author\\\/maranhaotv\\\/\"}]}<\/script>\n<!-- \/ Yoast SEO plugin. -->","yoast_head_json":{"title":"Parceria pioneira entre Sebrae e Porto do Itaqui vai estimular inova\u00e7\u00e3o no complexo portu\u00e1rio de S\u00e3o Lu\u00eds - NOT\u00cdCIAS EM TEMPO REAL","robots":{"index":"index","follow":"follow","max-snippet":"max-snippet:-1","max-image-preview":"max-image-preview:large","max-video-preview":"max-video-preview:-1"},"canonical":"https:\/\/maranhaotv.com.br\/index.php\/2024\/12\/13\/parceria-pioneira-entre-sebrae-e-porto-do-itaqui-vai-estimular-inovacao-no-complexo-portuario-de-sao-luis\/","og_locale":"pt_BR","og_type":"article","og_title":"Parceria pioneira entre Sebrae e Porto do Itaqui vai estimular inova\u00e7\u00e3o no complexo portu\u00e1rio de S\u00e3o Lu\u00eds - NOT\u00cdCIAS EM TEMPO REAL","og_description":"Programa Catalisa Gov visa fomentar inova\u00e7\u00e3o aberta no setor p\u00fablico, abrindo mercado para startups locais e dinamizando a economia regional","og_url":"https:\/\/maranhaotv.com.br\/index.php\/2024\/12\/13\/parceria-pioneira-entre-sebrae-e-porto-do-itaqui-vai-estimular-inovacao-no-complexo-portuario-de-sao-luis\/","og_site_name":"NOT\u00cdCIAS EM TEMPO REAL","article_publisher":"https:\/\/www.facebook.com\/maiobaotv","article_published_time":"2024-12-13T21:20:57+00:00","article_modified_time":"2024-12-13T21:22:01+00:00","og_image":[{"width":1600,"height":1200,"url":"https:\/\/maranhaotv.com.br\/wp-content\/uploads\/2024\/12\/IMG-20241213-WA0226.jpg","type":"image\/jpeg"}],"author":"maranhaotv","twitter_card":"summary_large_image","twitter_creator":"@sitemaranhaotv","twitter_site":"@sitemaranhaotv","twitter_misc":{"Escrito por":"maranhaotv","Est. tempo de leitura":"6 minutos"},"schema":{"@context":"https:\/\/schema.org","@graph":[{"@type":"Article","@id":"https:\/\/maranhaotv.com.br\/index.php\/2024\/12\/13\/parceria-pioneira-entre-sebrae-e-porto-do-itaqui-vai-estimular-inovacao-no-complexo-portuario-de-sao-luis\/#article","isPartOf":{"@id":"https:\/\/maranhaotv.com.br\/index.php\/2024\/12\/13\/parceria-pioneira-entre-sebrae-e-porto-do-itaqui-vai-estimular-inovacao-no-complexo-portuario-de-sao-luis\/"},"author":{"name":"maranhaotv","@id":"https:\/\/maranhaotv.com.br\/#\/schema\/person\/3d54238e86b20bb5c89ab2fdb8f8829a"},"headline":"Parceria pioneira entre Sebrae e Porto do Itaqui vai estimular inova\u00e7\u00e3o no complexo portu\u00e1rio de S\u00e3o Lu\u00eds","datePublished":"2024-12-13T21:20:57+00:00","dateModified":"2024-12-13T21:22:01+00:00","mainEntityOfPage":{"@id":"https:\/\/maranhaotv.com.br\/index.php\/2024\/12\/13\/parceria-pioneira-entre-sebrae-e-porto-do-itaqui-vai-estimular-inovacao-no-complexo-portuario-de-sao-luis\/"},"wordCount":1129,"commentCount":0,"publisher":{"@id":"https:\/\/maranhaotv.com.br\/#organization"},"image":{"@id":"https:\/\/maranhaotv.com.br\/index.php\/2024\/12\/13\/parceria-pioneira-entre-sebrae-e-porto-do-itaqui-vai-estimular-inovacao-no-complexo-portuario-de-sao-luis\/#primaryimage"},"thumbnailUrl":"https:\/\/maranhaotv.com.br\/wp-content\/uploads\/2024\/12\/IMG-20241213-WA0226.jpg","articleSection":["not\u00edcias"],"inLanguage":"pt-BR","potentialAction":[{"@type":"CommentAction","name":"Comment","target":["https:\/\/maranhaotv.com.br\/index.php\/2024\/12\/13\/parceria-pioneira-entre-sebrae-e-porto-do-itaqui-vai-estimular-inovacao-no-complexo-portuario-de-sao-luis\/#respond"]}]},{"@type":"WebPage","@id":"https:\/\/maranhaotv.com.br\/index.php\/2024\/12\/13\/parceria-pioneira-entre-sebrae-e-porto-do-itaqui-vai-estimular-inovacao-no-complexo-portuario-de-sao-luis\/","url":"https:\/\/maranhaotv.com.br\/index.php\/2024\/12\/13\/parceria-pioneira-entre-sebrae-e-porto-do-itaqui-vai-estimular-inovacao-no-complexo-portuario-de-sao-luis\/","name":"Parceria pioneira entre Sebrae e Porto do Itaqui vai estimular inova\u00e7\u00e3o no complexo portu\u00e1rio de S\u00e3o Lu\u00eds - NOT\u00cdCIAS EM TEMPO REAL","isPartOf":{"@id":"https:\/\/maranhaotv.com.br\/#website"},"primaryImageOfPage":{"@id":"https:\/\/maranhaotv.com.br\/index.php\/2024\/12\/13\/parceria-pioneira-entre-sebrae-e-porto-do-itaqui-vai-estimular-inovacao-no-complexo-portuario-de-sao-luis\/#primaryimage"},"image":{"@id":"https:\/\/maranhaotv.com.br\/index.php\/2024\/12\/13\/parceria-pioneira-entre-sebrae-e-porto-do-itaqui-vai-estimular-inovacao-no-complexo-portuario-de-sao-luis\/#primaryimage"},"thumbnailUrl":"https:\/\/maranhaotv.com.br\/wp-content\/uploads\/2024\/12\/IMG-20241213-WA0226.jpg","datePublished":"2024-12-13T21:20:57+00:00","dateModified":"2024-12-13T21:22:01+00:00","breadcrumb":{"@id":"https:\/\/maranhaotv.com.br\/index.php\/2024\/12\/13\/parceria-pioneira-entre-sebrae-e-porto-do-itaqui-vai-estimular-inovacao-no-complexo-portuario-de-sao-luis\/#breadcrumb"},"inLanguage":"pt-BR","potentialAction":[{"@type":"ReadAction","target":["https:\/\/maranhaotv.com.br\/index.php\/2024\/12\/13\/parceria-pioneira-entre-sebrae-e-porto-do-itaqui-vai-estimular-inovacao-no-complexo-portuario-de-sao-luis\/"]}]},{"@type":"ImageObject","inLanguage":"pt-BR","@id":"https:\/\/maranhaotv.com.br\/index.php\/2024\/12\/13\/parceria-pioneira-entre-sebrae-e-porto-do-itaqui-vai-estimular-inovacao-no-complexo-portuario-de-sao-luis\/#primaryimage","url":"https:\/\/maranhaotv.com.br\/wp-content\/uploads\/2024\/12\/IMG-20241213-WA0226.jpg","contentUrl":"https:\/\/maranhaotv.com.br\/wp-content\/uploads\/2024\/12\/IMG-20241213-WA0226.jpg","width":1600,"height":1200},{"@type":"BreadcrumbList","@id":"https:\/\/maranhaotv.com.br\/index.php\/2024\/12\/13\/parceria-pioneira-entre-sebrae-e-porto-do-itaqui-vai-estimular-inovacao-no-complexo-portuario-de-sao-luis\/#breadcrumb","itemListElement":[{"@type":"ListItem","position":1,"name":"In\u00edcio","item":"https:\/\/maranhaotv.com.br\/"},{"@type":"ListItem","position":2,"name":"Parceria pioneira entre Sebrae e Porto do Itaqui vai estimular inova\u00e7\u00e3o no complexo portu\u00e1rio de S\u00e3o Lu\u00eds"}]},{"@type":"WebSite","@id":"https:\/\/maranhaotv.com.br\/#website","url":"https:\/\/maranhaotv.com.br\/","name":"Maranh\u00e3oTV","description":"","publisher":{"@id":"https:\/\/maranhaotv.com.br\/#organization"},"potentialAction":[{"@type":"SearchAction","target":{"@type":"EntryPoint","urlTemplate":"https:\/\/maranhaotv.com.br\/?s={search_term_string}"},"query-input":{"@type":"PropertyValueSpecification","valueRequired":true,"valueName":"search_term_string"}}],"inLanguage":"pt-BR"},{"@type":"Organization","@id":"https:\/\/maranhaotv.com.br\/#organization","name":"Portal de Not\u00edcias","url":"https:\/\/maranhaotv.com.br\/","logo":{"@type":"ImageObject","inLanguage":"pt-BR","@id":"https:\/\/maranhaotv.com.br\/#\/schema\/logo\/image\/","url":"https:\/\/maranhaotv.com.br\/wp-content\/uploads\/2024\/05\/cropped-cropped-avatar-1.png","contentUrl":"https:\/\/maranhaotv.com.br\/wp-content\/uploads\/2024\/05\/cropped-cropped-avatar-1.png","width":792,"height":428,"caption":"Portal de Not\u00edcias"},"image":{"@id":"https:\/\/maranhaotv.com.br\/#\/schema\/logo\/image\/"},"sameAs":["https:\/\/www.facebook.com\/maiobaotv","https:\/\/x.com\/sitemaranhaotv","https:\/\/www.instagram.com\/maranhao.tv","https:\/\/www.threads.net\/@maranhao.tv"]},{"@type":"Person","@id":"https:\/\/maranhaotv.com.br\/#\/schema\/person\/3d54238e86b20bb5c89ab2fdb8f8829a","name":"maranhaotv","image":{"@type":"ImageObject","inLanguage":"pt-BR","@id":"https:\/\/secure.gravatar.com\/avatar\/8fadbca458d4cb68b1dd399ae9a40618d747bb1af65ac9fad21c89220a143eb4?s=96&d=mm&r=g","url":"https:\/\/secure.gravatar.com\/avatar\/8fadbca458d4cb68b1dd399ae9a40618d747bb1af65ac9fad21c89220a143eb4?s=96&d=mm&r=g","contentUrl":"https:\/\/secure.gravatar.com\/avatar\/8fadbca458d4cb68b1dd399ae9a40618d747bb1af65ac9fad21c89220a143eb4?s=96&d=mm&r=g","caption":"maranhaotv"},"sameAs":["https:\/\/maranhaotv.com.br\/"],"url":"https:\/\/maranhaotv.com.br\/index.php\/author\/maranhaotv\/"}]}},"jetpack_featured_media_url":"https:\/\/maranhaotv.com.br\/wp-content\/uploads\/2024\/12\/IMG-20241213-WA0226.jpg","jetpack_sharing_enabled":true,"_links":{"self":[{"href":"https:\/\/maranhaotv.com.br\/index.php\/wp-json\/wp\/v2\/posts\/39244","targetHints":{"allow":["GET"]}}],"collection":[{"href":"https:\/\/maranhaotv.com.br\/index.php\/wp-json\/wp\/v2\/posts"}],"about":[{"href":"https:\/\/maranhaotv.com.br\/index.php\/wp-json\/wp\/v2\/types\/post"}],"author":[{"embeddable":true,"href":"https:\/\/maranhaotv.com.br\/index.php\/wp-json\/wp\/v2\/users\/2"}],"replies":[{"embeddable":true,"href":"https:\/\/maranhaotv.com.br\/index.php\/wp-json\/wp\/v2\/comments?post=39244"}],"version-history":[{"count":2,"href":"https:\/\/maranhaotv.com.br\/index.php\/wp-json\/wp\/v2\/posts\/39244\/revisions"}],"predecessor-version":[{"id":39246,"href":"https:\/\/maranhaotv.com.br\/index.php\/wp-json\/wp\/v2\/posts\/39244\/revisions\/39246"}],"wp:featuredmedia":[{"embeddable":true,"href":"https:\/\/maranhaotv.com.br\/index.php\/wp-json\/wp\/v2\/media\/39243"}],"wp:attachment":[{"href":"https:\/\/maranhaotv.com.br\/index.php\/wp-json\/wp\/v2\/media?parent=39244"}],"wp:term":[{"taxonomy":"category","embeddable":true,"href":"https:\/\/maranhaotv.com.br\/index.php\/wp-json\/wp\/v2\/categories?post=39244"},{"taxonomy":"post_tag","embeddable":true,"href":"https:\/\/maranhaotv.com.br\/index.php\/wp-json\/wp\/v2\/tags?post=39244"}],"curies":[{"name":"wp","href":"https:\/\/api.w.org\/{rel}","templated":true}]}}