{"id":39672,"date":"2025-01-10T16:14:48","date_gmt":"2025-01-10T19:14:48","guid":{"rendered":"https:\/\/maranhaotv.com.br\/?p=39672"},"modified":"2025-01-10T16:14:52","modified_gmt":"2025-01-10T19:14:52","slug":"urgente-rodoviarios-podem-deflagrar-greve-de-onibus-em-sao-luis-a-partir-de-terca-feira-14","status":"publish","type":"post","link":"https:\/\/maranhaotv.com.br\/index.php\/2025\/01\/10\/urgente-rodoviarios-podem-deflagrar-greve-de-onibus-em-sao-luis-a-partir-de-terca-feira-14\/","title":{"rendered":"URGENTE: Rodovi\u00e1rios podem deflagrar greve de \u00f4nibus em S\u00e3o Lu\u00eds a partir de ter\u00e7a-feira (14)"},"content":{"rendered":"\n<p><\/p>\n\n\n\n<p>O sistema de transporte p\u00fablico de S\u00e3o Lu\u00eds e regi\u00e3o metropolitana pode enfrentar mais uma greve geral a partir da pr\u00f3xima semana. O Sindicato dos Trabalhadores em Transportes Rodovi\u00e1rios no Estado do Maranh\u00e3o (STTREMA) informou que diversas empresas de transporte est\u00e3o descumprindo a Conven\u00e7\u00e3o Coletiva de Trabalho ao atrasarem sal\u00e1rios, planos de sa\u00fade e outros benef\u00edcios dos trabalhadores.<br><br>De acordo com o sindicato, as empresas adotam pr\u00e1ticas consideradas ilegais, como o pagamento parcelado dos sal\u00e1rios, afetando diretamente os rodovi\u00e1rios. Algumas chegam a finalizar o pagamento de um m\u00eas apenas quando j\u00e1 deveriam adiantar os valores do m\u00eas seguinte. Al\u00e9m disso, h\u00e1 relatos de atraso no pagamento dos planos de sa\u00fade por at\u00e9 dois meses, deixando os trabalhadores em situa\u00e7\u00e3o cr\u00edtica.<br><br>Nesta sexta-feira (10), o sindicato enviou of\u00edcios \u00e0s empresas notificando sobre o prazo de 72 horas \u00fateis para regularizar as pend\u00eancias financeiras. Caso a situa\u00e7\u00e3o n\u00e3o seja resolvida, o sistema de transporte poder\u00e1 ser paralisado j\u00e1 na ter\u00e7a-feira (14). Apesar de seguir o prazo legal, o sindicato destacou que frequentemente concede per\u00edodos adicionais, pensando nos usu\u00e1rios do transporte p\u00fablico.<br><br>Outro ponto \u00e9 a falta de avan\u00e7os nas negocia\u00e7\u00f5es para a Conven\u00e7\u00e3o Coletiva de Trabalho de 2025. O sindicato informou que enviou uma proposta ao Sindicato das Empresas de Transporte (SET) em novembro de 2024, mas at\u00e9 o momento n\u00e3o recebeu nenhuma resposta. A situa\u00e7\u00e3o tem gerado insatisfa\u00e7\u00e3o entre os rodovi\u00e1rios, que acusam os empres\u00e1rios de descaso.<br><br>\u201cN\u00e3o queremos greve, mas os empres\u00e1rios nos for\u00e7am a isso com a falta de pagamentos e a aus\u00eancia de negocia\u00e7\u00e3o. Os trabalhadores est\u00e3o h\u00e1 meses sem receber de forma digna e isso \u00e9 insustent\u00e1vel\u201d, afirmou o presidente do sindicato Marcelo Brito.<br><br>Uma assembleia geral foi convocada para esta ter\u00e7a-feira (14), na sede do sindicato, no Centro de S\u00e3o Lu\u00eds. Os rodovi\u00e1rios avaliar\u00e3o a situa\u00e7\u00e3o e poder\u00e3o decidir pela deflagra\u00e7\u00e3o da greve geral por tempo indeterminado.<br><br>O sindicato afirmou que a greve \u00e9 uma medida extrema e que os rodovi\u00e1rios desejam evitar a paralisa\u00e7\u00e3o, mas que a situa\u00e7\u00e3o atual prejudica tanto os trabalhadores quanto os usu\u00e1rios do transporte p\u00fablico. \u201cComo o trabalhador pode desempenhar seu papel sem receber sal\u00e1rios? Como pode sair para trabalhar sem deixar nada para sua fam\u00edlia? Esse descaso precisa acabar\u201d, concluiu o presidente.<\/p>\n","protected":false},"excerpt":{"rendered":"<p>O sistema de transporte p\u00fablico de S\u00e3o Lu\u00eds e regi\u00e3o metropolitana pode enfrentar mais uma greve geral a partir da<\/p>\n","protected":false},"author":2,"featured_media":39671,"comment_status":"open","ping_status":"open","sticky":false,"template":"","format":"standard","meta":{"colormag_page_container_layout":"default_layout","colormag_page_sidebar_layout":"default_layout","_jetpack_memberships_contains_paid_content":false,"footnotes":""},"categories":[2],"tags":[],"class_list":["post-39672","post","type-post","status-publish","format-standard","has-post-thumbnail","hentry","category-noticias"],"magazineBlocksPostFeaturedMedia":{"thumbnail":"https:\/\/maranhaotv.com.br\/wp-content\/uploads\/2025\/01\/1000216902-150x150.jpg","medium":"https:\/\/maranhaotv.com.br\/wp-content\/uploads\/2025\/01\/1000216902-300x169.jpg","medium_large":"https:\/\/maranhaotv.com.br\/wp-content\/uploads\/2025\/01\/1000216902.jpg","large":"https:\/\/maranhaotv.com.br\/wp-content\/uploads\/2025\/01\/1000216902.jpg","1536x1536":"https:\/\/maranhaotv.com.br\/wp-content\/uploads\/2025\/01\/1000216902.jpg","2048x2048":"https:\/\/maranhaotv.com.br\/wp-content\/uploads\/2025\/01\/1000216902.jpg","colormag-highlighted-post":"https:\/\/maranhaotv.com.br\/wp-content\/uploads\/2025\/01\/1000216902-392x272.jpg","colormag-featured-post-medium":"https:\/\/maranhaotv.com.br\/wp-content\/uploads\/2025\/01\/1000216902-390x205.jpg","colormag-featured-post-small":"https:\/\/maranhaotv.com.br\/wp-content\/uploads\/2025\/01\/1000216902-130x90.jpg","colormag-featured-image":"https:\/\/maranhaotv.com.br\/wp-content\/uploads\/2025\/01\/1000216902.jpg","colormag-default-news":"https:\/\/maranhaotv.com.br\/wp-content\/uploads\/2025\/01\/1000216902-150x150.jpg","colormag-featured-image-large":"https:\/\/maranhaotv.com.br\/wp-content\/uploads\/2025\/01\/1000216902.jpg"},"magazineBlocksPostAuthor":{"name":"maranhaotv","avatar":"https:\/\/secure.gravatar.com\/avatar\/8fadbca458d4cb68b1dd399ae9a40618d747bb1af65ac9fad21c89220a143eb4?s=96&d=mm&r=g"},"magazineBlocksPostCommentsNumber":"0","magazineBlocksPostExcerpt":"O sistema de transporte p\u00fablico de S\u00e3o Lu\u00eds e regi\u00e3o metropolitana pode enfrentar mais uma greve geral a partir da","magazineBlocksPostCategories":["not\u00edcias"],"magazineBlocksPostViewCount":758,"magazineBlocksPostReadTime":3,"magazine_blocks_featured_image_url":{"full":["https:\/\/maranhaotv.com.br\/wp-content\/uploads\/2025\/01\/1000216902.jpg",640,360,false],"medium":["https:\/\/maranhaotv.com.br\/wp-content\/uploads\/2025\/01\/1000216902-300x169.jpg",300,169,true],"thumbnail":["https:\/\/maranhaotv.com.br\/wp-content\/uploads\/2025\/01\/1000216902-150x150.jpg",150,150,true]},"magazine_blocks_author":{"display_name":"maranhaotv","author_link":"https:\/\/maranhaotv.com.br\/index.php\/author\/maranhaotv\/"},"magazine_blocks_comment":0,"magazine_blocks_author_image":"https:\/\/secure.gravatar.com\/avatar\/8fadbca458d4cb68b1dd399ae9a40618d747bb1af65ac9fad21c89220a143eb4?s=96&d=mm&r=g","magazine_blocks_category":"<a href=\"#\" class=\"category-link category-link-2\">not\u00edcias<\/a>","yoast_head":"<!-- This site is optimized with the Yoast SEO plugin v27.4 - https:\/\/yoast.com\/product\/yoast-seo-wordpress\/ -->\n<title>URGENTE: Rodovi\u00e1rios podem deflagrar greve de \u00f4nibus em S\u00e3o Lu\u00eds a partir de ter\u00e7a-feira (14) - NOT\u00cdCIAS EM TEMPO REAL<\/title>\n<meta name=\"robots\" content=\"index, follow, max-snippet:-1, max-image-preview:large, max-video-preview:-1\" \/>\n<link rel=\"canonical\" href=\"https:\/\/maranhaotv.com.br\/index.php\/2025\/01\/10\/urgente-rodoviarios-podem-deflagrar-greve-de-onibus-em-sao-luis-a-partir-de-terca-feira-14\/\" \/>\n<meta property=\"og:locale\" content=\"pt_BR\" \/>\n<meta property=\"og:type\" content=\"article\" \/>\n<meta property=\"og:title\" content=\"URGENTE: Rodovi\u00e1rios podem deflagrar greve de \u00f4nibus em S\u00e3o Lu\u00eds a partir de ter\u00e7a-feira (14) - NOT\u00cdCIAS EM TEMPO REAL\" \/>\n<meta property=\"og:description\" content=\"O sistema de transporte p\u00fablico de S\u00e3o Lu\u00eds e regi\u00e3o metropolitana pode enfrentar mais uma greve geral a partir da\" \/>\n<meta property=\"og:url\" content=\"https:\/\/maranhaotv.com.br\/index.php\/2025\/01\/10\/urgente-rodoviarios-podem-deflagrar-greve-de-onibus-em-sao-luis-a-partir-de-terca-feira-14\/\" \/>\n<meta property=\"og:site_name\" content=\"NOT\u00cdCIAS EM TEMPO REAL\" \/>\n<meta property=\"article:publisher\" content=\"https:\/\/www.facebook.com\/maiobaotv\" \/>\n<meta property=\"article:published_time\" content=\"2025-01-10T19:14:48+00:00\" \/>\n<meta property=\"article:modified_time\" content=\"2025-01-10T19:14:52+00:00\" \/>\n<meta property=\"og:image\" content=\"https:\/\/maranhaotv.com.br\/wp-content\/uploads\/2025\/01\/1000216902.jpg\" \/>\n\t<meta property=\"og:image:width\" content=\"640\" \/>\n\t<meta property=\"og:image:height\" content=\"360\" \/>\n\t<meta property=\"og:image:type\" content=\"image\/jpeg\" \/>\n<meta name=\"author\" content=\"maranhaotv\" \/>\n<meta name=\"twitter:card\" content=\"summary_large_image\" \/>\n<meta name=\"twitter:creator\" content=\"@sitemaranhaotv\" \/>\n<meta name=\"twitter:site\" content=\"@sitemaranhaotv\" \/>\n<meta name=\"twitter:label1\" content=\"Escrito por\" \/>\n\t<meta name=\"twitter:data1\" content=\"maranhaotv\" \/>\n\t<meta name=\"twitter:label2\" content=\"Est. tempo de leitura\" \/>\n\t<meta name=\"twitter:data2\" content=\"2 minutos\" \/>\n<script type=\"application\/ld+json\" class=\"yoast-schema-graph\">{\"@context\":\"https:\\\/\\\/schema.org\",\"@graph\":[{\"@type\":\"Article\",\"@id\":\"https:\\\/\\\/maranhaotv.com.br\\\/index.php\\\/2025\\\/01\\\/10\\\/urgente-rodoviarios-podem-deflagrar-greve-de-onibus-em-sao-luis-a-partir-de-terca-feira-14\\\/#article\",\"isPartOf\":{\"@id\":\"https:\\\/\\\/maranhaotv.com.br\\\/index.php\\\/2025\\\/01\\\/10\\\/urgente-rodoviarios-podem-deflagrar-greve-de-onibus-em-sao-luis-a-partir-de-terca-feira-14\\\/\"},\"author\":{\"name\":\"maranhaotv\",\"@id\":\"https:\\\/\\\/maranhaotv.com.br\\\/#\\\/schema\\\/person\\\/3d54238e86b20bb5c89ab2fdb8f8829a\"},\"headline\":\"URGENTE: Rodovi\u00e1rios podem deflagrar greve de \u00f4nibus em S\u00e3o Lu\u00eds a partir de ter\u00e7a-feira (14)\",\"datePublished\":\"2025-01-10T19:14:48+00:00\",\"dateModified\":\"2025-01-10T19:14:52+00:00\",\"mainEntityOfPage\":{\"@id\":\"https:\\\/\\\/maranhaotv.com.br\\\/index.php\\\/2025\\\/01\\\/10\\\/urgente-rodoviarios-podem-deflagrar-greve-de-onibus-em-sao-luis-a-partir-de-terca-feira-14\\\/\"},\"wordCount\":440,\"commentCount\":0,\"publisher\":{\"@id\":\"https:\\\/\\\/maranhaotv.com.br\\\/#organization\"},\"image\":{\"@id\":\"https:\\\/\\\/maranhaotv.com.br\\\/index.php\\\/2025\\\/01\\\/10\\\/urgente-rodoviarios-podem-deflagrar-greve-de-onibus-em-sao-luis-a-partir-de-terca-feira-14\\\/#primaryimage\"},\"thumbnailUrl\":\"https:\\\/\\\/maranhaotv.com.br\\\/wp-content\\\/uploads\\\/2025\\\/01\\\/1000216902.jpg\",\"articleSection\":[\"not\u00edcias\"],\"inLanguage\":\"pt-BR\",\"potentialAction\":[{\"@type\":\"CommentAction\",\"name\":\"Comment\",\"target\":[\"https:\\\/\\\/maranhaotv.com.br\\\/index.php\\\/2025\\\/01\\\/10\\\/urgente-rodoviarios-podem-deflagrar-greve-de-onibus-em-sao-luis-a-partir-de-terca-feira-14\\\/#respond\"]}]},{\"@type\":\"WebPage\",\"@id\":\"https:\\\/\\\/maranhaotv.com.br\\\/index.php\\\/2025\\\/01\\\/10\\\/urgente-rodoviarios-podem-deflagrar-greve-de-onibus-em-sao-luis-a-partir-de-terca-feira-14\\\/\",\"url\":\"https:\\\/\\\/maranhaotv.com.br\\\/index.php\\\/2025\\\/01\\\/10\\\/urgente-rodoviarios-podem-deflagrar-greve-de-onibus-em-sao-luis-a-partir-de-terca-feira-14\\\/\",\"name\":\"URGENTE: Rodovi\u00e1rios podem deflagrar greve de \u00f4nibus em S\u00e3o Lu\u00eds a partir de ter\u00e7a-feira (14) - NOT\u00cdCIAS EM TEMPO REAL\",\"isPartOf\":{\"@id\":\"https:\\\/\\\/maranhaotv.com.br\\\/#website\"},\"primaryImageOfPage\":{\"@id\":\"https:\\\/\\\/maranhaotv.com.br\\\/index.php\\\/2025\\\/01\\\/10\\\/urgente-rodoviarios-podem-deflagrar-greve-de-onibus-em-sao-luis-a-partir-de-terca-feira-14\\\/#primaryimage\"},\"image\":{\"@id\":\"https:\\\/\\\/maranhaotv.com.br\\\/index.php\\\/2025\\\/01\\\/10\\\/urgente-rodoviarios-podem-deflagrar-greve-de-onibus-em-sao-luis-a-partir-de-terca-feira-14\\\/#primaryimage\"},\"thumbnailUrl\":\"https:\\\/\\\/maranhaotv.com.br\\\/wp-content\\\/uploads\\\/2025\\\/01\\\/1000216902.jpg\",\"datePublished\":\"2025-01-10T19:14:48+00:00\",\"dateModified\":\"2025-01-10T19:14:52+00:00\",\"breadcrumb\":{\"@id\":\"https:\\\/\\\/maranhaotv.com.br\\\/index.php\\\/2025\\\/01\\\/10\\\/urgente-rodoviarios-podem-deflagrar-greve-de-onibus-em-sao-luis-a-partir-de-terca-feira-14\\\/#breadcrumb\"},\"inLanguage\":\"pt-BR\",\"potentialAction\":[{\"@type\":\"ReadAction\",\"target\":[\"https:\\\/\\\/maranhaotv.com.br\\\/index.php\\\/2025\\\/01\\\/10\\\/urgente-rodoviarios-podem-deflagrar-greve-de-onibus-em-sao-luis-a-partir-de-terca-feira-14\\\/\"]}]},{\"@type\":\"ImageObject\",\"inLanguage\":\"pt-BR\",\"@id\":\"https:\\\/\\\/maranhaotv.com.br\\\/index.php\\\/2025\\\/01\\\/10\\\/urgente-rodoviarios-podem-deflagrar-greve-de-onibus-em-sao-luis-a-partir-de-terca-feira-14\\\/#primaryimage\",\"url\":\"https:\\\/\\\/maranhaotv.com.br\\\/wp-content\\\/uploads\\\/2025\\\/01\\\/1000216902.jpg\",\"contentUrl\":\"https:\\\/\\\/maranhaotv.com.br\\\/wp-content\\\/uploads\\\/2025\\\/01\\\/1000216902.jpg\",\"width\":640,\"height\":360},{\"@type\":\"BreadcrumbList\",\"@id\":\"https:\\\/\\\/maranhaotv.com.br\\\/index.php\\\/2025\\\/01\\\/10\\\/urgente-rodoviarios-podem-deflagrar-greve-de-onibus-em-sao-luis-a-partir-de-terca-feira-14\\\/#breadcrumb\",\"itemListElement\":[{\"@type\":\"ListItem\",\"position\":1,\"name\":\"In\u00edcio\",\"item\":\"https:\\\/\\\/maranhaotv.com.br\\\/\"},{\"@type\":\"ListItem\",\"position\":2,\"name\":\"URGENTE: Rodovi\u00e1rios podem deflagrar greve de \u00f4nibus em S\u00e3o Lu\u00eds a partir de ter\u00e7a-feira (14)\"}]},{\"@type\":\"WebSite\",\"@id\":\"https:\\\/\\\/maranhaotv.com.br\\\/#website\",\"url\":\"https:\\\/\\\/maranhaotv.com.br\\\/\",\"name\":\"Maranh\u00e3oTV\",\"description\":\"\",\"publisher\":{\"@id\":\"https:\\\/\\\/maranhaotv.com.br\\\/#organization\"},\"potentialAction\":[{\"@type\":\"SearchAction\",\"target\":{\"@type\":\"EntryPoint\",\"urlTemplate\":\"https:\\\/\\\/maranhaotv.com.br\\\/?s={search_term_string}\"},\"query-input\":{\"@type\":\"PropertyValueSpecification\",\"valueRequired\":true,\"valueName\":\"search_term_string\"}}],\"inLanguage\":\"pt-BR\"},{\"@type\":\"Organization\",\"@id\":\"https:\\\/\\\/maranhaotv.com.br\\\/#organization\",\"name\":\"Portal de Not\u00edcias\",\"url\":\"https:\\\/\\\/maranhaotv.com.br\\\/\",\"logo\":{\"@type\":\"ImageObject\",\"inLanguage\":\"pt-BR\",\"@id\":\"https:\\\/\\\/maranhaotv.com.br\\\/#\\\/schema\\\/logo\\\/image\\\/\",\"url\":\"https:\\\/\\\/maranhaotv.com.br\\\/wp-content\\\/uploads\\\/2024\\\/05\\\/cropped-cropped-avatar-1.png\",\"contentUrl\":\"https:\\\/\\\/maranhaotv.com.br\\\/wp-content\\\/uploads\\\/2024\\\/05\\\/cropped-cropped-avatar-1.png\",\"width\":792,\"height\":428,\"caption\":\"Portal de Not\u00edcias\"},\"image\":{\"@id\":\"https:\\\/\\\/maranhaotv.com.br\\\/#\\\/schema\\\/logo\\\/image\\\/\"},\"sameAs\":[\"https:\\\/\\\/www.facebook.com\\\/maiobaotv\",\"https:\\\/\\\/x.com\\\/sitemaranhaotv\",\"https:\\\/\\\/www.instagram.com\\\/maranhao.tv\",\"https:\\\/\\\/www.threads.net\\\/@maranhao.tv\"]},{\"@type\":\"Person\",\"@id\":\"https:\\\/\\\/maranhaotv.com.br\\\/#\\\/schema\\\/person\\\/3d54238e86b20bb5c89ab2fdb8f8829a\",\"name\":\"maranhaotv\",\"image\":{\"@type\":\"ImageObject\",\"inLanguage\":\"pt-BR\",\"@id\":\"https:\\\/\\\/secure.gravatar.com\\\/avatar\\\/8fadbca458d4cb68b1dd399ae9a40618d747bb1af65ac9fad21c89220a143eb4?s=96&d=mm&r=g\",\"url\":\"https:\\\/\\\/secure.gravatar.com\\\/avatar\\\/8fadbca458d4cb68b1dd399ae9a40618d747bb1af65ac9fad21c89220a143eb4?s=96&d=mm&r=g\",\"contentUrl\":\"https:\\\/\\\/secure.gravatar.com\\\/avatar\\\/8fadbca458d4cb68b1dd399ae9a40618d747bb1af65ac9fad21c89220a143eb4?s=96&d=mm&r=g\",\"caption\":\"maranhaotv\"},\"sameAs\":[\"https:\\\/\\\/maranhaotv.com.br\\\/\"],\"url\":\"https:\\\/\\\/maranhaotv.com.br\\\/index.php\\\/author\\\/maranhaotv\\\/\"}]}<\/script>\n<!-- \/ Yoast SEO plugin. -->","yoast_head_json":{"title":"URGENTE: Rodovi\u00e1rios podem deflagrar greve de \u00f4nibus em S\u00e3o Lu\u00eds a partir de ter\u00e7a-feira (14) - NOT\u00cdCIAS EM TEMPO REAL","robots":{"index":"index","follow":"follow","max-snippet":"max-snippet:-1","max-image-preview":"max-image-preview:large","max-video-preview":"max-video-preview:-1"},"canonical":"https:\/\/maranhaotv.com.br\/index.php\/2025\/01\/10\/urgente-rodoviarios-podem-deflagrar-greve-de-onibus-em-sao-luis-a-partir-de-terca-feira-14\/","og_locale":"pt_BR","og_type":"article","og_title":"URGENTE: Rodovi\u00e1rios podem deflagrar greve de \u00f4nibus em S\u00e3o Lu\u00eds a partir de ter\u00e7a-feira (14) - NOT\u00cdCIAS EM TEMPO REAL","og_description":"O sistema de transporte p\u00fablico de S\u00e3o Lu\u00eds e regi\u00e3o metropolitana pode enfrentar mais uma greve geral a partir da","og_url":"https:\/\/maranhaotv.com.br\/index.php\/2025\/01\/10\/urgente-rodoviarios-podem-deflagrar-greve-de-onibus-em-sao-luis-a-partir-de-terca-feira-14\/","og_site_name":"NOT\u00cdCIAS EM TEMPO REAL","article_publisher":"https:\/\/www.facebook.com\/maiobaotv","article_published_time":"2025-01-10T19:14:48+00:00","article_modified_time":"2025-01-10T19:14:52+00:00","og_image":[{"width":640,"height":360,"url":"https:\/\/maranhaotv.com.br\/wp-content\/uploads\/2025\/01\/1000216902.jpg","type":"image\/jpeg"}],"author":"maranhaotv","twitter_card":"summary_large_image","twitter_creator":"@sitemaranhaotv","twitter_site":"@sitemaranhaotv","twitter_misc":{"Escrito por":"maranhaotv","Est. tempo de leitura":"2 minutos"},"schema":{"@context":"https:\/\/schema.org","@graph":[{"@type":"Article","@id":"https:\/\/maranhaotv.com.br\/index.php\/2025\/01\/10\/urgente-rodoviarios-podem-deflagrar-greve-de-onibus-em-sao-luis-a-partir-de-terca-feira-14\/#article","isPartOf":{"@id":"https:\/\/maranhaotv.com.br\/index.php\/2025\/01\/10\/urgente-rodoviarios-podem-deflagrar-greve-de-onibus-em-sao-luis-a-partir-de-terca-feira-14\/"},"author":{"name":"maranhaotv","@id":"https:\/\/maranhaotv.com.br\/#\/schema\/person\/3d54238e86b20bb5c89ab2fdb8f8829a"},"headline":"URGENTE: Rodovi\u00e1rios podem deflagrar greve de \u00f4nibus em S\u00e3o Lu\u00eds a partir de ter\u00e7a-feira (14)","datePublished":"2025-01-10T19:14:48+00:00","dateModified":"2025-01-10T19:14:52+00:00","mainEntityOfPage":{"@id":"https:\/\/maranhaotv.com.br\/index.php\/2025\/01\/10\/urgente-rodoviarios-podem-deflagrar-greve-de-onibus-em-sao-luis-a-partir-de-terca-feira-14\/"},"wordCount":440,"commentCount":0,"publisher":{"@id":"https:\/\/maranhaotv.com.br\/#organization"},"image":{"@id":"https:\/\/maranhaotv.com.br\/index.php\/2025\/01\/10\/urgente-rodoviarios-podem-deflagrar-greve-de-onibus-em-sao-luis-a-partir-de-terca-feira-14\/#primaryimage"},"thumbnailUrl":"https:\/\/maranhaotv.com.br\/wp-content\/uploads\/2025\/01\/1000216902.jpg","articleSection":["not\u00edcias"],"inLanguage":"pt-BR","potentialAction":[{"@type":"CommentAction","name":"Comment","target":["https:\/\/maranhaotv.com.br\/index.php\/2025\/01\/10\/urgente-rodoviarios-podem-deflagrar-greve-de-onibus-em-sao-luis-a-partir-de-terca-feira-14\/#respond"]}]},{"@type":"WebPage","@id":"https:\/\/maranhaotv.com.br\/index.php\/2025\/01\/10\/urgente-rodoviarios-podem-deflagrar-greve-de-onibus-em-sao-luis-a-partir-de-terca-feira-14\/","url":"https:\/\/maranhaotv.com.br\/index.php\/2025\/01\/10\/urgente-rodoviarios-podem-deflagrar-greve-de-onibus-em-sao-luis-a-partir-de-terca-feira-14\/","name":"URGENTE: Rodovi\u00e1rios podem deflagrar greve de \u00f4nibus em S\u00e3o Lu\u00eds a partir de ter\u00e7a-feira (14) - NOT\u00cdCIAS EM TEMPO REAL","isPartOf":{"@id":"https:\/\/maranhaotv.com.br\/#website"},"primaryImageOfPage":{"@id":"https:\/\/maranhaotv.com.br\/index.php\/2025\/01\/10\/urgente-rodoviarios-podem-deflagrar-greve-de-onibus-em-sao-luis-a-partir-de-terca-feira-14\/#primaryimage"},"image":{"@id":"https:\/\/maranhaotv.com.br\/index.php\/2025\/01\/10\/urgente-rodoviarios-podem-deflagrar-greve-de-onibus-em-sao-luis-a-partir-de-terca-feira-14\/#primaryimage"},"thumbnailUrl":"https:\/\/maranhaotv.com.br\/wp-content\/uploads\/2025\/01\/1000216902.jpg","datePublished":"2025-01-10T19:14:48+00:00","dateModified":"2025-01-10T19:14:52+00:00","breadcrumb":{"@id":"https:\/\/maranhaotv.com.br\/index.php\/2025\/01\/10\/urgente-rodoviarios-podem-deflagrar-greve-de-onibus-em-sao-luis-a-partir-de-terca-feira-14\/#breadcrumb"},"inLanguage":"pt-BR","potentialAction":[{"@type":"ReadAction","target":["https:\/\/maranhaotv.com.br\/index.php\/2025\/01\/10\/urgente-rodoviarios-podem-deflagrar-greve-de-onibus-em-sao-luis-a-partir-de-terca-feira-14\/"]}]},{"@type":"ImageObject","inLanguage":"pt-BR","@id":"https:\/\/maranhaotv.com.br\/index.php\/2025\/01\/10\/urgente-rodoviarios-podem-deflagrar-greve-de-onibus-em-sao-luis-a-partir-de-terca-feira-14\/#primaryimage","url":"https:\/\/maranhaotv.com.br\/wp-content\/uploads\/2025\/01\/1000216902.jpg","contentUrl":"https:\/\/maranhaotv.com.br\/wp-content\/uploads\/2025\/01\/1000216902.jpg","width":640,"height":360},{"@type":"BreadcrumbList","@id":"https:\/\/maranhaotv.com.br\/index.php\/2025\/01\/10\/urgente-rodoviarios-podem-deflagrar-greve-de-onibus-em-sao-luis-a-partir-de-terca-feira-14\/#breadcrumb","itemListElement":[{"@type":"ListItem","position":1,"name":"In\u00edcio","item":"https:\/\/maranhaotv.com.br\/"},{"@type":"ListItem","position":2,"name":"URGENTE: Rodovi\u00e1rios podem deflagrar greve de \u00f4nibus em S\u00e3o Lu\u00eds a partir de ter\u00e7a-feira (14)"}]},{"@type":"WebSite","@id":"https:\/\/maranhaotv.com.br\/#website","url":"https:\/\/maranhaotv.com.br\/","name":"Maranh\u00e3oTV","description":"","publisher":{"@id":"https:\/\/maranhaotv.com.br\/#organization"},"potentialAction":[{"@type":"SearchAction","target":{"@type":"EntryPoint","urlTemplate":"https:\/\/maranhaotv.com.br\/?s={search_term_string}"},"query-input":{"@type":"PropertyValueSpecification","valueRequired":true,"valueName":"search_term_string"}}],"inLanguage":"pt-BR"},{"@type":"Organization","@id":"https:\/\/maranhaotv.com.br\/#organization","name":"Portal de Not\u00edcias","url":"https:\/\/maranhaotv.com.br\/","logo":{"@type":"ImageObject","inLanguage":"pt-BR","@id":"https:\/\/maranhaotv.com.br\/#\/schema\/logo\/image\/","url":"https:\/\/maranhaotv.com.br\/wp-content\/uploads\/2024\/05\/cropped-cropped-avatar-1.png","contentUrl":"https:\/\/maranhaotv.com.br\/wp-content\/uploads\/2024\/05\/cropped-cropped-avatar-1.png","width":792,"height":428,"caption":"Portal de Not\u00edcias"},"image":{"@id":"https:\/\/maranhaotv.com.br\/#\/schema\/logo\/image\/"},"sameAs":["https:\/\/www.facebook.com\/maiobaotv","https:\/\/x.com\/sitemaranhaotv","https:\/\/www.instagram.com\/maranhao.tv","https:\/\/www.threads.net\/@maranhao.tv"]},{"@type":"Person","@id":"https:\/\/maranhaotv.com.br\/#\/schema\/person\/3d54238e86b20bb5c89ab2fdb8f8829a","name":"maranhaotv","image":{"@type":"ImageObject","inLanguage":"pt-BR","@id":"https:\/\/secure.gravatar.com\/avatar\/8fadbca458d4cb68b1dd399ae9a40618d747bb1af65ac9fad21c89220a143eb4?s=96&d=mm&r=g","url":"https:\/\/secure.gravatar.com\/avatar\/8fadbca458d4cb68b1dd399ae9a40618d747bb1af65ac9fad21c89220a143eb4?s=96&d=mm&r=g","contentUrl":"https:\/\/secure.gravatar.com\/avatar\/8fadbca458d4cb68b1dd399ae9a40618d747bb1af65ac9fad21c89220a143eb4?s=96&d=mm&r=g","caption":"maranhaotv"},"sameAs":["https:\/\/maranhaotv.com.br\/"],"url":"https:\/\/maranhaotv.com.br\/index.php\/author\/maranhaotv\/"}]}},"jetpack_featured_media_url":"https:\/\/maranhaotv.com.br\/wp-content\/uploads\/2025\/01\/1000216902.jpg","jetpack_sharing_enabled":true,"_links":{"self":[{"href":"https:\/\/maranhaotv.com.br\/index.php\/wp-json\/wp\/v2\/posts\/39672","targetHints":{"allow":["GET"]}}],"collection":[{"href":"https:\/\/maranhaotv.com.br\/index.php\/wp-json\/wp\/v2\/posts"}],"about":[{"href":"https:\/\/maranhaotv.com.br\/index.php\/wp-json\/wp\/v2\/types\/post"}],"author":[{"embeddable":true,"href":"https:\/\/maranhaotv.com.br\/index.php\/wp-json\/wp\/v2\/users\/2"}],"replies":[{"embeddable":true,"href":"https:\/\/maranhaotv.com.br\/index.php\/wp-json\/wp\/v2\/comments?post=39672"}],"version-history":[{"count":1,"href":"https:\/\/maranhaotv.com.br\/index.php\/wp-json\/wp\/v2\/posts\/39672\/revisions"}],"predecessor-version":[{"id":39673,"href":"https:\/\/maranhaotv.com.br\/index.php\/wp-json\/wp\/v2\/posts\/39672\/revisions\/39673"}],"wp:featuredmedia":[{"embeddable":true,"href":"https:\/\/maranhaotv.com.br\/index.php\/wp-json\/wp\/v2\/media\/39671"}],"wp:attachment":[{"href":"https:\/\/maranhaotv.com.br\/index.php\/wp-json\/wp\/v2\/media?parent=39672"}],"wp:term":[{"taxonomy":"category","embeddable":true,"href":"https:\/\/maranhaotv.com.br\/index.php\/wp-json\/wp\/v2\/categories?post=39672"},{"taxonomy":"post_tag","embeddable":true,"href":"https:\/\/maranhaotv.com.br\/index.php\/wp-json\/wp\/v2\/tags?post=39672"}],"curies":[{"name":"wp","href":"https:\/\/api.w.org\/{rel}","templated":true}]}}