{"id":39766,"date":"2025-01-15T08:33:33","date_gmt":"2025-01-15T11:33:33","guid":{"rendered":"https:\/\/maranhaotv.com.br\/?p=39766"},"modified":"2025-01-15T08:33:35","modified_gmt":"2025-01-15T11:33:35","slug":"com-apoio-de-carlos-brandao-e-iracema-vale-prefeito-roberto-costa-sera-eleito-hoje-presidente-da-famem","status":"publish","type":"post","link":"https:\/\/maranhaotv.com.br\/index.php\/2025\/01\/15\/com-apoio-de-carlos-brandao-e-iracema-vale-prefeito-roberto-costa-sera-eleito-hoje-presidente-da-famem\/","title":{"rendered":"Com apoio de Carlos Brand\u00e3o e Iracema Vale, prefeito Roberto Costa ser\u00e1 eleito hoje presidente da Famem"},"content":{"rendered":"\n<p>Apoiado pelo governador Carlos Brand\u00e3o (PSB), pela presidente da Assembleia Legislativa Iracema Vale (PSB), pelo vice-governador Felipe Camar\u00e3o (PT) e por um conjunto de for\u00e7as das mais diversas colora\u00e7\u00e3o partid\u00e1rias, o prefeito de Bacabal Roberto Costa (MDB), caso n\u00e3o haja nenhum imprevisto, ser\u00e1 eleito hoje, dia 15 de janeiro, em chapa \u00fanica, novo presidente da Federa\u00e7\u00e3o dos Munic\u00edpios do Estado do Maranh\u00e3o (Famem).<\/p>\n\n\n\n<p>A entidade municipalista que completar\u00e1 40 anos em outubro tem exercido papel importante na assist\u00eancia t\u00e9cnica e jur\u00eddica aos munic\u00edpios, auxiliando as gest\u00f5es municipais nos campos administrativo e fiscal e demais demandas encampadas pela Confedera\u00e7\u00e3o Brasileira dos Munic\u00edpios (CBM) nas lutas reivindicat\u00f3rias.<\/p>\n\n\n\n<p>Pol\u00edtico calejado, com fama de bom articulador e no comando de um dos maiores munic\u00edpios do Maranh\u00e3o, Roberto Costa tem todas as condi\u00e7\u00f5es de dar um impulso na entidade que chega ao dia de eleger seu novo presidente em clima de tranquilidade, sem as disputas de outrora e com perspectiva de um futuro promissor.<\/p>\n\n\n\n<p>A Famem sob o comando de Roberto Costa, parlamentar de v\u00e1rios mandatos, com transito livre em todas as correntes pol\u00edticas e tendo como aliado os presidentes dos poderes executivo e legislativo, certamente viver\u00e1 um novo tempo em seu dia a dia, principalmente no campo da assist\u00eancia t\u00e9cnica e jur\u00eddica \u00e0s prefeituras dos 217 munic\u00edpios.<\/p>\n\n\n\n<p>A bem da verdade, como entidade, a Federa\u00e7\u00e3o dos Munic\u00edpios n\u00e3o tem responsabilidade sobre as gest\u00f5es dos prefeitos, mas pode auxilia-los a encontrar solu\u00e7\u00f5es para problemas existentes nas comunidades, que, diga-se de passagem, n\u00e3o s\u00e3o poucos, o que torna o desafio de Roberto comandar a Prefeitura de Bacabal e a Famem ainda maior.<\/p>\n","protected":false},"excerpt":{"rendered":"<p>Apoiado pelo governador Carlos Brand\u00e3o (PSB), pela presidente da Assembleia Legislativa Iracema Vale (PSB), pelo vice-governador Felipe Camar\u00e3o (PT) e<\/p>\n","protected":false},"author":2,"featured_media":39765,"comment_status":"open","ping_status":"open","sticky":false,"template":"","format":"standard","meta":{"colormag_page_container_layout":"default_layout","colormag_page_sidebar_layout":"default_layout","_jetpack_memberships_contains_paid_content":false,"footnotes":""},"categories":[6],"tags":[],"class_list":["post-39766","post","type-post","status-publish","format-standard","has-post-thumbnail","hentry","category-politica"],"magazineBlocksPostFeaturedMedia":{"thumbnail":"https:\/\/maranhaotv.com.br\/wp-content\/uploads\/2025\/01\/Roberto-Costa_Brandao_Iracema-1-scaled-e1688125038870-768x499-1-e1727785528176-150x150.webp","medium":"https:\/\/maranhaotv.com.br\/wp-content\/uploads\/2025\/01\/Roberto-Costa_Brandao_Iracema-1-scaled-e1688125038870-768x499-1-e1727785528176-300x133.webp","medium_large":"https:\/\/maranhaotv.com.br\/wp-content\/uploads\/2025\/01\/Roberto-Costa_Brandao_Iracema-1-scaled-e1688125038870-768x499-1-e1727785528176.webp","large":"https:\/\/maranhaotv.com.br\/wp-content\/uploads\/2025\/01\/Roberto-Costa_Brandao_Iracema-1-scaled-e1688125038870-768x499-1-e1727785528176.webp","1536x1536":"https:\/\/maranhaotv.com.br\/wp-content\/uploads\/2025\/01\/Roberto-Costa_Brandao_Iracema-1-scaled-e1688125038870-768x499-1-e1727785528176.webp","2048x2048":"https:\/\/maranhaotv.com.br\/wp-content\/uploads\/2025\/01\/Roberto-Costa_Brandao_Iracema-1-scaled-e1688125038870-768x499-1-e1727785528176.webp","colormag-highlighted-post":"https:\/\/maranhaotv.com.br\/wp-content\/uploads\/2025\/01\/Roberto-Costa_Brandao_Iracema-1-scaled-e1688125038870-768x499-1-e1727785528176-392x272.webp","colormag-featured-post-medium":"https:\/\/maranhaotv.com.br\/wp-content\/uploads\/2025\/01\/Roberto-Costa_Brandao_Iracema-1-scaled-e1688125038870-768x499-1-e1727785528176-390x205.webp","colormag-featured-post-small":"https:\/\/maranhaotv.com.br\/wp-content\/uploads\/2025\/01\/Roberto-Costa_Brandao_Iracema-1-scaled-e1688125038870-768x499-1-e1727785528176-130x90.webp","colormag-featured-image":"https:\/\/maranhaotv.com.br\/wp-content\/uploads\/2025\/01\/Roberto-Costa_Brandao_Iracema-1-scaled-e1688125038870-768x499-1-e1727785528176.webp","colormag-default-news":"https:\/\/maranhaotv.com.br\/wp-content\/uploads\/2025\/01\/Roberto-Costa_Brandao_Iracema-1-scaled-e1688125038870-768x499-1-e1727785528176-150x150.webp","colormag-featured-image-large":"https:\/\/maranhaotv.com.br\/wp-content\/uploads\/2025\/01\/Roberto-Costa_Brandao_Iracema-1-scaled-e1688125038870-768x499-1-e1727785528176.webp"},"magazineBlocksPostAuthor":{"name":"maranhaotv","avatar":"https:\/\/secure.gravatar.com\/avatar\/8fadbca458d4cb68b1dd399ae9a40618d747bb1af65ac9fad21c89220a143eb4?s=96&d=mm&r=g"},"magazineBlocksPostCommentsNumber":"0","magazineBlocksPostExcerpt":"Apoiado pelo governador Carlos Brand\u00e3o (PSB), pela presidente da Assembleia Legislativa Iracema Vale (PSB), pelo vice-governador Felipe Camar\u00e3o (PT) e","magazineBlocksPostCategories":["pol\u00edtica"],"magazineBlocksPostViewCount":301,"magazineBlocksPostReadTime":2,"magazine_blocks_featured_image_url":{"full":["https:\/\/maranhaotv.com.br\/wp-content\/uploads\/2025\/01\/Roberto-Costa_Brandao_Iracema-1-scaled-e1688125038870-768x499-1-e1727785528176.webp",733,326,false],"medium":["https:\/\/maranhaotv.com.br\/wp-content\/uploads\/2025\/01\/Roberto-Costa_Brandao_Iracema-1-scaled-e1688125038870-768x499-1-e1727785528176-300x133.webp",300,133,true],"thumbnail":["https:\/\/maranhaotv.com.br\/wp-content\/uploads\/2025\/01\/Roberto-Costa_Brandao_Iracema-1-scaled-e1688125038870-768x499-1-e1727785528176-150x150.webp",150,150,true]},"magazine_blocks_author":{"display_name":"maranhaotv","author_link":"https:\/\/maranhaotv.com.br\/index.php\/author\/maranhaotv\/"},"magazine_blocks_comment":0,"magazine_blocks_author_image":"https:\/\/secure.gravatar.com\/avatar\/8fadbca458d4cb68b1dd399ae9a40618d747bb1af65ac9fad21c89220a143eb4?s=96&d=mm&r=g","magazine_blocks_category":"<a href=\"#\" class=\"category-link category-link-6\">pol\u00edtica<\/a>","yoast_head":"<!-- This site is optimized with the Yoast SEO plugin v27.4 - https:\/\/yoast.com\/product\/yoast-seo-wordpress\/ -->\n<title>Com apoio de Carlos Brand\u00e3o e Iracema Vale, prefeito Roberto Costa ser\u00e1 eleito hoje presidente da Famem - NOT\u00cdCIAS EM TEMPO REAL<\/title>\n<meta name=\"robots\" content=\"index, follow, max-snippet:-1, max-image-preview:large, max-video-preview:-1\" \/>\n<link rel=\"canonical\" href=\"https:\/\/maranhaotv.com.br\/index.php\/2025\/01\/15\/com-apoio-de-carlos-brandao-e-iracema-vale-prefeito-roberto-costa-sera-eleito-hoje-presidente-da-famem\/\" \/>\n<meta property=\"og:locale\" content=\"pt_BR\" \/>\n<meta property=\"og:type\" content=\"article\" \/>\n<meta property=\"og:title\" content=\"Com apoio de Carlos Brand\u00e3o e Iracema Vale, prefeito Roberto Costa ser\u00e1 eleito hoje presidente da Famem - NOT\u00cdCIAS EM TEMPO REAL\" \/>\n<meta property=\"og:description\" content=\"Apoiado pelo governador Carlos Brand\u00e3o (PSB), pela presidente da Assembleia Legislativa Iracema Vale (PSB), pelo vice-governador Felipe Camar\u00e3o (PT) e\" \/>\n<meta property=\"og:url\" content=\"https:\/\/maranhaotv.com.br\/index.php\/2025\/01\/15\/com-apoio-de-carlos-brandao-e-iracema-vale-prefeito-roberto-costa-sera-eleito-hoje-presidente-da-famem\/\" \/>\n<meta property=\"og:site_name\" content=\"NOT\u00cdCIAS EM TEMPO REAL\" \/>\n<meta property=\"article:publisher\" content=\"https:\/\/www.facebook.com\/maiobaotv\" \/>\n<meta property=\"article:published_time\" content=\"2025-01-15T11:33:33+00:00\" \/>\n<meta property=\"article:modified_time\" content=\"2025-01-15T11:33:35+00:00\" \/>\n<meta property=\"og:image\" content=\"https:\/\/maranhaotv.com.br\/wp-content\/uploads\/2025\/01\/Roberto-Costa_Brandao_Iracema-1-scaled-e1688125038870-768x499-1-e1727785528176.webp\" \/>\n\t<meta property=\"og:image:width\" content=\"733\" \/>\n\t<meta property=\"og:image:height\" content=\"326\" \/>\n\t<meta property=\"og:image:type\" content=\"image\/webp\" \/>\n<meta name=\"author\" content=\"maranhaotv\" \/>\n<meta name=\"twitter:card\" content=\"summary_large_image\" \/>\n<meta name=\"twitter:creator\" content=\"@sitemaranhaotv\" \/>\n<meta name=\"twitter:site\" content=\"@sitemaranhaotv\" \/>\n<meta name=\"twitter:label1\" content=\"Escrito por\" \/>\n\t<meta name=\"twitter:data1\" content=\"maranhaotv\" \/>\n\t<meta name=\"twitter:label2\" content=\"Est. tempo de leitura\" \/>\n\t<meta name=\"twitter:data2\" content=\"1 minuto\" \/>\n<script type=\"application\/ld+json\" class=\"yoast-schema-graph\">{\"@context\":\"https:\\\/\\\/schema.org\",\"@graph\":[{\"@type\":\"Article\",\"@id\":\"https:\\\/\\\/maranhaotv.com.br\\\/index.php\\\/2025\\\/01\\\/15\\\/com-apoio-de-carlos-brandao-e-iracema-vale-prefeito-roberto-costa-sera-eleito-hoje-presidente-da-famem\\\/#article\",\"isPartOf\":{\"@id\":\"https:\\\/\\\/maranhaotv.com.br\\\/index.php\\\/2025\\\/01\\\/15\\\/com-apoio-de-carlos-brandao-e-iracema-vale-prefeito-roberto-costa-sera-eleito-hoje-presidente-da-famem\\\/\"},\"author\":{\"name\":\"maranhaotv\",\"@id\":\"https:\\\/\\\/maranhaotv.com.br\\\/#\\\/schema\\\/person\\\/3d54238e86b20bb5c89ab2fdb8f8829a\"},\"headline\":\"Com apoio de Carlos Brand\u00e3o e Iracema Vale, prefeito Roberto Costa ser\u00e1 eleito hoje presidente da Famem\",\"datePublished\":\"2025-01-15T11:33:33+00:00\",\"dateModified\":\"2025-01-15T11:33:35+00:00\",\"mainEntityOfPage\":{\"@id\":\"https:\\\/\\\/maranhaotv.com.br\\\/index.php\\\/2025\\\/01\\\/15\\\/com-apoio-de-carlos-brandao-e-iracema-vale-prefeito-roberto-costa-sera-eleito-hoje-presidente-da-famem\\\/\"},\"wordCount\":315,\"commentCount\":0,\"publisher\":{\"@id\":\"https:\\\/\\\/maranhaotv.com.br\\\/#organization\"},\"image\":{\"@id\":\"https:\\\/\\\/maranhaotv.com.br\\\/index.php\\\/2025\\\/01\\\/15\\\/com-apoio-de-carlos-brandao-e-iracema-vale-prefeito-roberto-costa-sera-eleito-hoje-presidente-da-famem\\\/#primaryimage\"},\"thumbnailUrl\":\"https:\\\/\\\/maranhaotv.com.br\\\/wp-content\\\/uploads\\\/2025\\\/01\\\/Roberto-Costa_Brandao_Iracema-1-scaled-e1688125038870-768x499-1-e1727785528176.webp\",\"articleSection\":[\"pol\u00edtica\"],\"inLanguage\":\"pt-BR\",\"potentialAction\":[{\"@type\":\"CommentAction\",\"name\":\"Comment\",\"target\":[\"https:\\\/\\\/maranhaotv.com.br\\\/index.php\\\/2025\\\/01\\\/15\\\/com-apoio-de-carlos-brandao-e-iracema-vale-prefeito-roberto-costa-sera-eleito-hoje-presidente-da-famem\\\/#respond\"]}]},{\"@type\":\"WebPage\",\"@id\":\"https:\\\/\\\/maranhaotv.com.br\\\/index.php\\\/2025\\\/01\\\/15\\\/com-apoio-de-carlos-brandao-e-iracema-vale-prefeito-roberto-costa-sera-eleito-hoje-presidente-da-famem\\\/\",\"url\":\"https:\\\/\\\/maranhaotv.com.br\\\/index.php\\\/2025\\\/01\\\/15\\\/com-apoio-de-carlos-brandao-e-iracema-vale-prefeito-roberto-costa-sera-eleito-hoje-presidente-da-famem\\\/\",\"name\":\"Com apoio de Carlos Brand\u00e3o e Iracema Vale, prefeito Roberto Costa ser\u00e1 eleito hoje presidente da Famem - NOT\u00cdCIAS EM TEMPO REAL\",\"isPartOf\":{\"@id\":\"https:\\\/\\\/maranhaotv.com.br\\\/#website\"},\"primaryImageOfPage\":{\"@id\":\"https:\\\/\\\/maranhaotv.com.br\\\/index.php\\\/2025\\\/01\\\/15\\\/com-apoio-de-carlos-brandao-e-iracema-vale-prefeito-roberto-costa-sera-eleito-hoje-presidente-da-famem\\\/#primaryimage\"},\"image\":{\"@id\":\"https:\\\/\\\/maranhaotv.com.br\\\/index.php\\\/2025\\\/01\\\/15\\\/com-apoio-de-carlos-brandao-e-iracema-vale-prefeito-roberto-costa-sera-eleito-hoje-presidente-da-famem\\\/#primaryimage\"},\"thumbnailUrl\":\"https:\\\/\\\/maranhaotv.com.br\\\/wp-content\\\/uploads\\\/2025\\\/01\\\/Roberto-Costa_Brandao_Iracema-1-scaled-e1688125038870-768x499-1-e1727785528176.webp\",\"datePublished\":\"2025-01-15T11:33:33+00:00\",\"dateModified\":\"2025-01-15T11:33:35+00:00\",\"breadcrumb\":{\"@id\":\"https:\\\/\\\/maranhaotv.com.br\\\/index.php\\\/2025\\\/01\\\/15\\\/com-apoio-de-carlos-brandao-e-iracema-vale-prefeito-roberto-costa-sera-eleito-hoje-presidente-da-famem\\\/#breadcrumb\"},\"inLanguage\":\"pt-BR\",\"potentialAction\":[{\"@type\":\"ReadAction\",\"target\":[\"https:\\\/\\\/maranhaotv.com.br\\\/index.php\\\/2025\\\/01\\\/15\\\/com-apoio-de-carlos-brandao-e-iracema-vale-prefeito-roberto-costa-sera-eleito-hoje-presidente-da-famem\\\/\"]}]},{\"@type\":\"ImageObject\",\"inLanguage\":\"pt-BR\",\"@id\":\"https:\\\/\\\/maranhaotv.com.br\\\/index.php\\\/2025\\\/01\\\/15\\\/com-apoio-de-carlos-brandao-e-iracema-vale-prefeito-roberto-costa-sera-eleito-hoje-presidente-da-famem\\\/#primaryimage\",\"url\":\"https:\\\/\\\/maranhaotv.com.br\\\/wp-content\\\/uploads\\\/2025\\\/01\\\/Roberto-Costa_Brandao_Iracema-1-scaled-e1688125038870-768x499-1-e1727785528176.webp\",\"contentUrl\":\"https:\\\/\\\/maranhaotv.com.br\\\/wp-content\\\/uploads\\\/2025\\\/01\\\/Roberto-Costa_Brandao_Iracema-1-scaled-e1688125038870-768x499-1-e1727785528176.webp\",\"width\":733,\"height\":326},{\"@type\":\"BreadcrumbList\",\"@id\":\"https:\\\/\\\/maranhaotv.com.br\\\/index.php\\\/2025\\\/01\\\/15\\\/com-apoio-de-carlos-brandao-e-iracema-vale-prefeito-roberto-costa-sera-eleito-hoje-presidente-da-famem\\\/#breadcrumb\",\"itemListElement\":[{\"@type\":\"ListItem\",\"position\":1,\"name\":\"In\u00edcio\",\"item\":\"https:\\\/\\\/maranhaotv.com.br\\\/\"},{\"@type\":\"ListItem\",\"position\":2,\"name\":\"Com apoio de Carlos Brand\u00e3o e Iracema Vale, prefeito Roberto Costa ser\u00e1 eleito hoje presidente da Famem\"}]},{\"@type\":\"WebSite\",\"@id\":\"https:\\\/\\\/maranhaotv.com.br\\\/#website\",\"url\":\"https:\\\/\\\/maranhaotv.com.br\\\/\",\"name\":\"Maranh\u00e3oTV\",\"description\":\"\",\"publisher\":{\"@id\":\"https:\\\/\\\/maranhaotv.com.br\\\/#organization\"},\"potentialAction\":[{\"@type\":\"SearchAction\",\"target\":{\"@type\":\"EntryPoint\",\"urlTemplate\":\"https:\\\/\\\/maranhaotv.com.br\\\/?s={search_term_string}\"},\"query-input\":{\"@type\":\"PropertyValueSpecification\",\"valueRequired\":true,\"valueName\":\"search_term_string\"}}],\"inLanguage\":\"pt-BR\"},{\"@type\":\"Organization\",\"@id\":\"https:\\\/\\\/maranhaotv.com.br\\\/#organization\",\"name\":\"Portal de Not\u00edcias\",\"url\":\"https:\\\/\\\/maranhaotv.com.br\\\/\",\"logo\":{\"@type\":\"ImageObject\",\"inLanguage\":\"pt-BR\",\"@id\":\"https:\\\/\\\/maranhaotv.com.br\\\/#\\\/schema\\\/logo\\\/image\\\/\",\"url\":\"https:\\\/\\\/maranhaotv.com.br\\\/wp-content\\\/uploads\\\/2024\\\/05\\\/cropped-cropped-avatar-1.png\",\"contentUrl\":\"https:\\\/\\\/maranhaotv.com.br\\\/wp-content\\\/uploads\\\/2024\\\/05\\\/cropped-cropped-avatar-1.png\",\"width\":792,\"height\":428,\"caption\":\"Portal de Not\u00edcias\"},\"image\":{\"@id\":\"https:\\\/\\\/maranhaotv.com.br\\\/#\\\/schema\\\/logo\\\/image\\\/\"},\"sameAs\":[\"https:\\\/\\\/www.facebook.com\\\/maiobaotv\",\"https:\\\/\\\/x.com\\\/sitemaranhaotv\",\"https:\\\/\\\/www.instagram.com\\\/maranhao.tv\",\"https:\\\/\\\/www.threads.net\\\/@maranhao.tv\"]},{\"@type\":\"Person\",\"@id\":\"https:\\\/\\\/maranhaotv.com.br\\\/#\\\/schema\\\/person\\\/3d54238e86b20bb5c89ab2fdb8f8829a\",\"name\":\"maranhaotv\",\"image\":{\"@type\":\"ImageObject\",\"inLanguage\":\"pt-BR\",\"@id\":\"https:\\\/\\\/secure.gravatar.com\\\/avatar\\\/8fadbca458d4cb68b1dd399ae9a40618d747bb1af65ac9fad21c89220a143eb4?s=96&d=mm&r=g\",\"url\":\"https:\\\/\\\/secure.gravatar.com\\\/avatar\\\/8fadbca458d4cb68b1dd399ae9a40618d747bb1af65ac9fad21c89220a143eb4?s=96&d=mm&r=g\",\"contentUrl\":\"https:\\\/\\\/secure.gravatar.com\\\/avatar\\\/8fadbca458d4cb68b1dd399ae9a40618d747bb1af65ac9fad21c89220a143eb4?s=96&d=mm&r=g\",\"caption\":\"maranhaotv\"},\"sameAs\":[\"https:\\\/\\\/maranhaotv.com.br\\\/\"],\"url\":\"https:\\\/\\\/maranhaotv.com.br\\\/index.php\\\/author\\\/maranhaotv\\\/\"}]}<\/script>\n<!-- \/ Yoast SEO plugin. -->","yoast_head_json":{"title":"Com apoio de Carlos Brand\u00e3o e Iracema Vale, prefeito Roberto Costa ser\u00e1 eleito hoje presidente da Famem - NOT\u00cdCIAS EM TEMPO REAL","robots":{"index":"index","follow":"follow","max-snippet":"max-snippet:-1","max-image-preview":"max-image-preview:large","max-video-preview":"max-video-preview:-1"},"canonical":"https:\/\/maranhaotv.com.br\/index.php\/2025\/01\/15\/com-apoio-de-carlos-brandao-e-iracema-vale-prefeito-roberto-costa-sera-eleito-hoje-presidente-da-famem\/","og_locale":"pt_BR","og_type":"article","og_title":"Com apoio de Carlos Brand\u00e3o e Iracema Vale, prefeito Roberto Costa ser\u00e1 eleito hoje presidente da Famem - NOT\u00cdCIAS EM TEMPO REAL","og_description":"Apoiado pelo governador Carlos Brand\u00e3o (PSB), pela presidente da Assembleia Legislativa Iracema Vale (PSB), pelo vice-governador Felipe Camar\u00e3o (PT) e","og_url":"https:\/\/maranhaotv.com.br\/index.php\/2025\/01\/15\/com-apoio-de-carlos-brandao-e-iracema-vale-prefeito-roberto-costa-sera-eleito-hoje-presidente-da-famem\/","og_site_name":"NOT\u00cdCIAS EM TEMPO REAL","article_publisher":"https:\/\/www.facebook.com\/maiobaotv","article_published_time":"2025-01-15T11:33:33+00:00","article_modified_time":"2025-01-15T11:33:35+00:00","og_image":[{"width":733,"height":326,"url":"https:\/\/maranhaotv.com.br\/wp-content\/uploads\/2025\/01\/Roberto-Costa_Brandao_Iracema-1-scaled-e1688125038870-768x499-1-e1727785528176.webp","type":"image\/webp"}],"author":"maranhaotv","twitter_card":"summary_large_image","twitter_creator":"@sitemaranhaotv","twitter_site":"@sitemaranhaotv","twitter_misc":{"Escrito por":"maranhaotv","Est. tempo de leitura":"1 minuto"},"schema":{"@context":"https:\/\/schema.org","@graph":[{"@type":"Article","@id":"https:\/\/maranhaotv.com.br\/index.php\/2025\/01\/15\/com-apoio-de-carlos-brandao-e-iracema-vale-prefeito-roberto-costa-sera-eleito-hoje-presidente-da-famem\/#article","isPartOf":{"@id":"https:\/\/maranhaotv.com.br\/index.php\/2025\/01\/15\/com-apoio-de-carlos-brandao-e-iracema-vale-prefeito-roberto-costa-sera-eleito-hoje-presidente-da-famem\/"},"author":{"name":"maranhaotv","@id":"https:\/\/maranhaotv.com.br\/#\/schema\/person\/3d54238e86b20bb5c89ab2fdb8f8829a"},"headline":"Com apoio de Carlos Brand\u00e3o e Iracema Vale, prefeito Roberto Costa ser\u00e1 eleito hoje presidente da Famem","datePublished":"2025-01-15T11:33:33+00:00","dateModified":"2025-01-15T11:33:35+00:00","mainEntityOfPage":{"@id":"https:\/\/maranhaotv.com.br\/index.php\/2025\/01\/15\/com-apoio-de-carlos-brandao-e-iracema-vale-prefeito-roberto-costa-sera-eleito-hoje-presidente-da-famem\/"},"wordCount":315,"commentCount":0,"publisher":{"@id":"https:\/\/maranhaotv.com.br\/#organization"},"image":{"@id":"https:\/\/maranhaotv.com.br\/index.php\/2025\/01\/15\/com-apoio-de-carlos-brandao-e-iracema-vale-prefeito-roberto-costa-sera-eleito-hoje-presidente-da-famem\/#primaryimage"},"thumbnailUrl":"https:\/\/maranhaotv.com.br\/wp-content\/uploads\/2025\/01\/Roberto-Costa_Brandao_Iracema-1-scaled-e1688125038870-768x499-1-e1727785528176.webp","articleSection":["pol\u00edtica"],"inLanguage":"pt-BR","potentialAction":[{"@type":"CommentAction","name":"Comment","target":["https:\/\/maranhaotv.com.br\/index.php\/2025\/01\/15\/com-apoio-de-carlos-brandao-e-iracema-vale-prefeito-roberto-costa-sera-eleito-hoje-presidente-da-famem\/#respond"]}]},{"@type":"WebPage","@id":"https:\/\/maranhaotv.com.br\/index.php\/2025\/01\/15\/com-apoio-de-carlos-brandao-e-iracema-vale-prefeito-roberto-costa-sera-eleito-hoje-presidente-da-famem\/","url":"https:\/\/maranhaotv.com.br\/index.php\/2025\/01\/15\/com-apoio-de-carlos-brandao-e-iracema-vale-prefeito-roberto-costa-sera-eleito-hoje-presidente-da-famem\/","name":"Com apoio de Carlos Brand\u00e3o e Iracema Vale, prefeito Roberto Costa ser\u00e1 eleito hoje presidente da Famem - NOT\u00cdCIAS EM TEMPO REAL","isPartOf":{"@id":"https:\/\/maranhaotv.com.br\/#website"},"primaryImageOfPage":{"@id":"https:\/\/maranhaotv.com.br\/index.php\/2025\/01\/15\/com-apoio-de-carlos-brandao-e-iracema-vale-prefeito-roberto-costa-sera-eleito-hoje-presidente-da-famem\/#primaryimage"},"image":{"@id":"https:\/\/maranhaotv.com.br\/index.php\/2025\/01\/15\/com-apoio-de-carlos-brandao-e-iracema-vale-prefeito-roberto-costa-sera-eleito-hoje-presidente-da-famem\/#primaryimage"},"thumbnailUrl":"https:\/\/maranhaotv.com.br\/wp-content\/uploads\/2025\/01\/Roberto-Costa_Brandao_Iracema-1-scaled-e1688125038870-768x499-1-e1727785528176.webp","datePublished":"2025-01-15T11:33:33+00:00","dateModified":"2025-01-15T11:33:35+00:00","breadcrumb":{"@id":"https:\/\/maranhaotv.com.br\/index.php\/2025\/01\/15\/com-apoio-de-carlos-brandao-e-iracema-vale-prefeito-roberto-costa-sera-eleito-hoje-presidente-da-famem\/#breadcrumb"},"inLanguage":"pt-BR","potentialAction":[{"@type":"ReadAction","target":["https:\/\/maranhaotv.com.br\/index.php\/2025\/01\/15\/com-apoio-de-carlos-brandao-e-iracema-vale-prefeito-roberto-costa-sera-eleito-hoje-presidente-da-famem\/"]}]},{"@type":"ImageObject","inLanguage":"pt-BR","@id":"https:\/\/maranhaotv.com.br\/index.php\/2025\/01\/15\/com-apoio-de-carlos-brandao-e-iracema-vale-prefeito-roberto-costa-sera-eleito-hoje-presidente-da-famem\/#primaryimage","url":"https:\/\/maranhaotv.com.br\/wp-content\/uploads\/2025\/01\/Roberto-Costa_Brandao_Iracema-1-scaled-e1688125038870-768x499-1-e1727785528176.webp","contentUrl":"https:\/\/maranhaotv.com.br\/wp-content\/uploads\/2025\/01\/Roberto-Costa_Brandao_Iracema-1-scaled-e1688125038870-768x499-1-e1727785528176.webp","width":733,"height":326},{"@type":"BreadcrumbList","@id":"https:\/\/maranhaotv.com.br\/index.php\/2025\/01\/15\/com-apoio-de-carlos-brandao-e-iracema-vale-prefeito-roberto-costa-sera-eleito-hoje-presidente-da-famem\/#breadcrumb","itemListElement":[{"@type":"ListItem","position":1,"name":"In\u00edcio","item":"https:\/\/maranhaotv.com.br\/"},{"@type":"ListItem","position":2,"name":"Com apoio de Carlos Brand\u00e3o e Iracema Vale, prefeito Roberto Costa ser\u00e1 eleito hoje presidente da Famem"}]},{"@type":"WebSite","@id":"https:\/\/maranhaotv.com.br\/#website","url":"https:\/\/maranhaotv.com.br\/","name":"Maranh\u00e3oTV","description":"","publisher":{"@id":"https:\/\/maranhaotv.com.br\/#organization"},"potentialAction":[{"@type":"SearchAction","target":{"@type":"EntryPoint","urlTemplate":"https:\/\/maranhaotv.com.br\/?s={search_term_string}"},"query-input":{"@type":"PropertyValueSpecification","valueRequired":true,"valueName":"search_term_string"}}],"inLanguage":"pt-BR"},{"@type":"Organization","@id":"https:\/\/maranhaotv.com.br\/#organization","name":"Portal de Not\u00edcias","url":"https:\/\/maranhaotv.com.br\/","logo":{"@type":"ImageObject","inLanguage":"pt-BR","@id":"https:\/\/maranhaotv.com.br\/#\/schema\/logo\/image\/","url":"https:\/\/maranhaotv.com.br\/wp-content\/uploads\/2024\/05\/cropped-cropped-avatar-1.png","contentUrl":"https:\/\/maranhaotv.com.br\/wp-content\/uploads\/2024\/05\/cropped-cropped-avatar-1.png","width":792,"height":428,"caption":"Portal de Not\u00edcias"},"image":{"@id":"https:\/\/maranhaotv.com.br\/#\/schema\/logo\/image\/"},"sameAs":["https:\/\/www.facebook.com\/maiobaotv","https:\/\/x.com\/sitemaranhaotv","https:\/\/www.instagram.com\/maranhao.tv","https:\/\/www.threads.net\/@maranhao.tv"]},{"@type":"Person","@id":"https:\/\/maranhaotv.com.br\/#\/schema\/person\/3d54238e86b20bb5c89ab2fdb8f8829a","name":"maranhaotv","image":{"@type":"ImageObject","inLanguage":"pt-BR","@id":"https:\/\/secure.gravatar.com\/avatar\/8fadbca458d4cb68b1dd399ae9a40618d747bb1af65ac9fad21c89220a143eb4?s=96&d=mm&r=g","url":"https:\/\/secure.gravatar.com\/avatar\/8fadbca458d4cb68b1dd399ae9a40618d747bb1af65ac9fad21c89220a143eb4?s=96&d=mm&r=g","contentUrl":"https:\/\/secure.gravatar.com\/avatar\/8fadbca458d4cb68b1dd399ae9a40618d747bb1af65ac9fad21c89220a143eb4?s=96&d=mm&r=g","caption":"maranhaotv"},"sameAs":["https:\/\/maranhaotv.com.br\/"],"url":"https:\/\/maranhaotv.com.br\/index.php\/author\/maranhaotv\/"}]}},"jetpack_featured_media_url":"https:\/\/maranhaotv.com.br\/wp-content\/uploads\/2025\/01\/Roberto-Costa_Brandao_Iracema-1-scaled-e1688125038870-768x499-1-e1727785528176.webp","jetpack_sharing_enabled":true,"_links":{"self":[{"href":"https:\/\/maranhaotv.com.br\/index.php\/wp-json\/wp\/v2\/posts\/39766","targetHints":{"allow":["GET"]}}],"collection":[{"href":"https:\/\/maranhaotv.com.br\/index.php\/wp-json\/wp\/v2\/posts"}],"about":[{"href":"https:\/\/maranhaotv.com.br\/index.php\/wp-json\/wp\/v2\/types\/post"}],"author":[{"embeddable":true,"href":"https:\/\/maranhaotv.com.br\/index.php\/wp-json\/wp\/v2\/users\/2"}],"replies":[{"embeddable":true,"href":"https:\/\/maranhaotv.com.br\/index.php\/wp-json\/wp\/v2\/comments?post=39766"}],"version-history":[{"count":1,"href":"https:\/\/maranhaotv.com.br\/index.php\/wp-json\/wp\/v2\/posts\/39766\/revisions"}],"predecessor-version":[{"id":39767,"href":"https:\/\/maranhaotv.com.br\/index.php\/wp-json\/wp\/v2\/posts\/39766\/revisions\/39767"}],"wp:featuredmedia":[{"embeddable":true,"href":"https:\/\/maranhaotv.com.br\/index.php\/wp-json\/wp\/v2\/media\/39765"}],"wp:attachment":[{"href":"https:\/\/maranhaotv.com.br\/index.php\/wp-json\/wp\/v2\/media?parent=39766"}],"wp:term":[{"taxonomy":"category","embeddable":true,"href":"https:\/\/maranhaotv.com.br\/index.php\/wp-json\/wp\/v2\/categories?post=39766"},{"taxonomy":"post_tag","embeddable":true,"href":"https:\/\/maranhaotv.com.br\/index.php\/wp-json\/wp\/v2\/tags?post=39766"}],"curies":[{"name":"wp","href":"https:\/\/api.w.org\/{rel}","templated":true}]}}