{"id":39797,"date":"2025-01-15T18:20:08","date_gmt":"2025-01-15T21:20:08","guid":{"rendered":"https:\/\/maranhaotv.com.br\/?p=39797"},"modified":"2025-01-15T18:22:19","modified_gmt":"2025-01-15T21:22:19","slug":"encontro-de-duas-grandes-mulheres-da-politica-maranhense","status":"publish","type":"post","link":"https:\/\/maranhaotv.com.br\/index.php\/2025\/01\/15\/encontro-de-duas-grandes-mulheres-da-politica-maranhense\/","title":{"rendered":"Encontro de duas grandes mulheres da pol\u00edtica maranhense"},"content":{"rendered":"\n<p><br><br>A elei\u00e7\u00e3o da Famem, de fato, costuma reunir os principais pol\u00edticos do Maranh\u00e3o. <br>Por\u00e9m, algumas particularidades chamam aten\u00e7\u00e3o. Uma delas \u00e9\u00a0 a imagem de duas grandes mulheres na pol\u00edtica maranhense: Maura Jorge e Simplesmente Maria, ambas prefeitas de destaque.<\/p>\n\n\n\n<p>Maura Jorge, eleita pela 4\u00aa vez, prefeita de Lago da Pedra, com governos populares e alta aprova\u00e7\u00e3o. Inclusive com candidatura a governadora pelo PSL em 2018.<br><\/p>\n\n\n\n<p>A outra prefeita em destaque, \u00e9 Simplesmente Maria, que foi eleita prefeita de Arari (MA) para os pr\u00f3ximos quatro anos. Ao fim da apura\u00e7\u00e3o, Simplesmente Maria teve 9.260 votos, 49,64% dos votos v\u00e1lidos (dados a todos os candidatos).<br>Maria, desbancou um grupo pol\u00edtico de Arari, que mesmo tendo toda uma oposi\u00e7\u00e3o se unindo, ainda assim, venceu as elei\u00e7\u00f5es e tem se mostrado extremamente habilidosa em gerir o munic\u00edpio. <br><\/p>\n\n\n\n<p>Ambas, estiveram na Famem e atra\u00edram olhares pelo destaque de gest\u00e3o que v\u00eam realizando em seus munic\u00edpios.<\/p>\n\n\n\n<figure class=\"wp-block-image size-large\"><img loading=\"lazy\" decoding=\"async\" width=\"620\" height=\"1024\" src=\"https:\/\/maranhaotv.com.br\/wp-content\/uploads\/2025\/01\/screenshot_20250115_174902_instagram8636823965639976827-620x1024.jpg\" alt=\"\" class=\"wp-image-39795\" srcset=\"https:\/\/maranhaotv.com.br\/wp-content\/uploads\/2025\/01\/screenshot_20250115_174902_instagram8636823965639976827-620x1024.jpg 620w, https:\/\/maranhaotv.com.br\/wp-content\/uploads\/2025\/01\/screenshot_20250115_174902_instagram8636823965639976827-182x300.jpg 182w, https:\/\/maranhaotv.com.br\/wp-content\/uploads\/2025\/01\/screenshot_20250115_174902_instagram8636823965639976827-768x1268.jpg 768w, https:\/\/maranhaotv.com.br\/wp-content\/uploads\/2025\/01\/screenshot_20250115_174902_instagram8636823965639976827-930x1536.jpg 930w, https:\/\/maranhaotv.com.br\/wp-content\/uploads\/2025\/01\/screenshot_20250115_174902_instagram8636823965639976827.jpg 1078w\" sizes=\"auto, (max-width: 620px) 100vw, 620px\" \/><\/figure>\n","protected":false},"excerpt":{"rendered":"<p>A elei\u00e7\u00e3o da Famem, de fato, costuma reunir os principais pol\u00edticos do Maranh\u00e3o. Por\u00e9m, algumas particularidades chamam aten\u00e7\u00e3o. Uma delas<\/p>\n","protected":false},"author":2,"featured_media":39799,"comment_status":"open","ping_status":"open","sticky":false,"template":"","format":"standard","meta":{"colormag_page_container_layout":"default_layout","colormag_page_sidebar_layout":"default_layout","_jetpack_memberships_contains_paid_content":false,"footnotes":""},"categories":[6],"tags":[],"class_list":["post-39797","post","type-post","status-publish","format-standard","has-post-thumbnail","hentry","category-politica"],"magazineBlocksPostFeaturedMedia":{"thumbnail":"https:\/\/maranhaotv.com.br\/wp-content\/uploads\/2025\/01\/image_editor_output_image-1707556953-1736976115673-150x150.jpg","medium":"https:\/\/maranhaotv.com.br\/wp-content\/uploads\/2025\/01\/image_editor_output_image-1707556953-1736976115673-300x181.jpg","medium_large":"https:\/\/maranhaotv.com.br\/wp-content\/uploads\/2025\/01\/image_editor_output_image-1707556953-1736976115673-768x464.jpg","large":"https:\/\/maranhaotv.com.br\/wp-content\/uploads\/2025\/01\/image_editor_output_image-1707556953-1736976115673-1024x618.jpg","1536x1536":"https:\/\/maranhaotv.com.br\/wp-content\/uploads\/2025\/01\/image_editor_output_image-1707556953-1736976115673.jpg","2048x2048":"https:\/\/maranhaotv.com.br\/wp-content\/uploads\/2025\/01\/image_editor_output_image-1707556953-1736976115673.jpg","colormag-highlighted-post":"https:\/\/maranhaotv.com.br\/wp-content\/uploads\/2025\/01\/image_editor_output_image-1707556953-1736976115673-392x272.jpg","colormag-featured-post-medium":"https:\/\/maranhaotv.com.br\/wp-content\/uploads\/2025\/01\/image_editor_output_image-1707556953-1736976115673-390x205.jpg","colormag-featured-post-small":"https:\/\/maranhaotv.com.br\/wp-content\/uploads\/2025\/01\/image_editor_output_image-1707556953-1736976115673-130x90.jpg","colormag-featured-image":"https:\/\/maranhaotv.com.br\/wp-content\/uploads\/2025\/01\/image_editor_output_image-1707556953-1736976115673-800x445.jpg","colormag-default-news":"https:\/\/maranhaotv.com.br\/wp-content\/uploads\/2025\/01\/image_editor_output_image-1707556953-1736976115673-150x150.jpg","colormag-featured-image-large":"https:\/\/maranhaotv.com.br\/wp-content\/uploads\/2025\/01\/image_editor_output_image-1707556953-1736976115673-1078x600.jpg"},"magazineBlocksPostAuthor":{"name":"maranhaotv","avatar":"https:\/\/secure.gravatar.com\/avatar\/8fadbca458d4cb68b1dd399ae9a40618d747bb1af65ac9fad21c89220a143eb4?s=96&d=mm&r=g"},"magazineBlocksPostCommentsNumber":"0","magazineBlocksPostExcerpt":"A elei\u00e7\u00e3o da Famem, de fato, costuma reunir os principais pol\u00edticos do Maranh\u00e3o. Por\u00e9m, algumas particularidades chamam aten\u00e7\u00e3o. Uma delas","magazineBlocksPostCategories":["pol\u00edtica"],"magazineBlocksPostViewCount":442,"magazineBlocksPostReadTime":1,"magazine_blocks_featured_image_url":{"full":["https:\/\/maranhaotv.com.br\/wp-content\/uploads\/2025\/01\/image_editor_output_image-1707556953-1736976115673.jpg",1078,651,false],"medium":["https:\/\/maranhaotv.com.br\/wp-content\/uploads\/2025\/01\/image_editor_output_image-1707556953-1736976115673-300x181.jpg",300,181,true],"thumbnail":["https:\/\/maranhaotv.com.br\/wp-content\/uploads\/2025\/01\/image_editor_output_image-1707556953-1736976115673-150x150.jpg",150,150,true]},"magazine_blocks_author":{"display_name":"maranhaotv","author_link":"https:\/\/maranhaotv.com.br\/index.php\/author\/maranhaotv\/"},"magazine_blocks_comment":0,"magazine_blocks_author_image":"https:\/\/secure.gravatar.com\/avatar\/8fadbca458d4cb68b1dd399ae9a40618d747bb1af65ac9fad21c89220a143eb4?s=96&d=mm&r=g","magazine_blocks_category":"<a href=\"#\" class=\"category-link category-link-6\">pol\u00edtica<\/a>","yoast_head":"<!-- This site is optimized with the Yoast SEO plugin v27.4 - https:\/\/yoast.com\/product\/yoast-seo-wordpress\/ -->\n<title>Encontro de duas grandes mulheres da pol\u00edtica maranhense - NOT\u00cdCIAS EM TEMPO REAL<\/title>\n<meta name=\"robots\" content=\"index, follow, max-snippet:-1, max-image-preview:large, max-video-preview:-1\" \/>\n<link rel=\"canonical\" href=\"https:\/\/maranhaotv.com.br\/index.php\/2025\/01\/15\/encontro-de-duas-grandes-mulheres-da-politica-maranhense\/\" \/>\n<meta property=\"og:locale\" content=\"pt_BR\" \/>\n<meta property=\"og:type\" content=\"article\" \/>\n<meta property=\"og:title\" content=\"Encontro de duas grandes mulheres da pol\u00edtica maranhense - NOT\u00cdCIAS EM TEMPO REAL\" \/>\n<meta property=\"og:description\" content=\"A elei\u00e7\u00e3o da Famem, de fato, costuma reunir os principais pol\u00edticos do Maranh\u00e3o. Por\u00e9m, algumas particularidades chamam aten\u00e7\u00e3o. Uma delas\" \/>\n<meta property=\"og:url\" content=\"https:\/\/maranhaotv.com.br\/index.php\/2025\/01\/15\/encontro-de-duas-grandes-mulheres-da-politica-maranhense\/\" \/>\n<meta property=\"og:site_name\" content=\"NOT\u00cdCIAS EM TEMPO REAL\" \/>\n<meta property=\"article:publisher\" content=\"https:\/\/www.facebook.com\/maiobaotv\" \/>\n<meta property=\"article:published_time\" content=\"2025-01-15T21:20:08+00:00\" \/>\n<meta property=\"article:modified_time\" content=\"2025-01-15T21:22:19+00:00\" \/>\n<meta property=\"og:image\" content=\"https:\/\/maranhaotv.com.br\/wp-content\/uploads\/2025\/01\/image_editor_output_image-1707556953-1736976115673.jpg\" \/>\n\t<meta property=\"og:image:width\" content=\"1078\" \/>\n\t<meta property=\"og:image:height\" content=\"651\" \/>\n\t<meta property=\"og:image:type\" content=\"image\/jpeg\" \/>\n<meta name=\"author\" content=\"maranhaotv\" \/>\n<meta name=\"twitter:card\" content=\"summary_large_image\" \/>\n<meta name=\"twitter:creator\" content=\"@sitemaranhaotv\" \/>\n<meta name=\"twitter:site\" content=\"@sitemaranhaotv\" \/>\n<meta name=\"twitter:label1\" content=\"Escrito por\" \/>\n\t<meta name=\"twitter:data1\" content=\"maranhaotv\" \/>\n\t<meta name=\"twitter:label2\" content=\"Est. tempo de leitura\" \/>\n\t<meta name=\"twitter:data2\" content=\"1 minuto\" \/>\n<script type=\"application\/ld+json\" class=\"yoast-schema-graph\">{\"@context\":\"https:\\\/\\\/schema.org\",\"@graph\":[{\"@type\":\"Article\",\"@id\":\"https:\\\/\\\/maranhaotv.com.br\\\/index.php\\\/2025\\\/01\\\/15\\\/encontro-de-duas-grandes-mulheres-da-politica-maranhense\\\/#article\",\"isPartOf\":{\"@id\":\"https:\\\/\\\/maranhaotv.com.br\\\/index.php\\\/2025\\\/01\\\/15\\\/encontro-de-duas-grandes-mulheres-da-politica-maranhense\\\/\"},\"author\":{\"name\":\"maranhaotv\",\"@id\":\"https:\\\/\\\/maranhaotv.com.br\\\/#\\\/schema\\\/person\\\/3d54238e86b20bb5c89ab2fdb8f8829a\"},\"headline\":\"Encontro de duas grandes mulheres da pol\u00edtica maranhense\",\"datePublished\":\"2025-01-15T21:20:08+00:00\",\"dateModified\":\"2025-01-15T21:22:19+00:00\",\"mainEntityOfPage\":{\"@id\":\"https:\\\/\\\/maranhaotv.com.br\\\/index.php\\\/2025\\\/01\\\/15\\\/encontro-de-duas-grandes-mulheres-da-politica-maranhense\\\/\"},\"wordCount\":171,\"commentCount\":0,\"publisher\":{\"@id\":\"https:\\\/\\\/maranhaotv.com.br\\\/#organization\"},\"image\":{\"@id\":\"https:\\\/\\\/maranhaotv.com.br\\\/index.php\\\/2025\\\/01\\\/15\\\/encontro-de-duas-grandes-mulheres-da-politica-maranhense\\\/#primaryimage\"},\"thumbnailUrl\":\"https:\\\/\\\/maranhaotv.com.br\\\/wp-content\\\/uploads\\\/2025\\\/01\\\/image_editor_output_image-1707556953-1736976115673.jpg\",\"articleSection\":[\"pol\u00edtica\"],\"inLanguage\":\"pt-BR\",\"potentialAction\":[{\"@type\":\"CommentAction\",\"name\":\"Comment\",\"target\":[\"https:\\\/\\\/maranhaotv.com.br\\\/index.php\\\/2025\\\/01\\\/15\\\/encontro-de-duas-grandes-mulheres-da-politica-maranhense\\\/#respond\"]}]},{\"@type\":\"WebPage\",\"@id\":\"https:\\\/\\\/maranhaotv.com.br\\\/index.php\\\/2025\\\/01\\\/15\\\/encontro-de-duas-grandes-mulheres-da-politica-maranhense\\\/\",\"url\":\"https:\\\/\\\/maranhaotv.com.br\\\/index.php\\\/2025\\\/01\\\/15\\\/encontro-de-duas-grandes-mulheres-da-politica-maranhense\\\/\",\"name\":\"Encontro de duas grandes mulheres da pol\u00edtica maranhense - NOT\u00cdCIAS EM TEMPO REAL\",\"isPartOf\":{\"@id\":\"https:\\\/\\\/maranhaotv.com.br\\\/#website\"},\"primaryImageOfPage\":{\"@id\":\"https:\\\/\\\/maranhaotv.com.br\\\/index.php\\\/2025\\\/01\\\/15\\\/encontro-de-duas-grandes-mulheres-da-politica-maranhense\\\/#primaryimage\"},\"image\":{\"@id\":\"https:\\\/\\\/maranhaotv.com.br\\\/index.php\\\/2025\\\/01\\\/15\\\/encontro-de-duas-grandes-mulheres-da-politica-maranhense\\\/#primaryimage\"},\"thumbnailUrl\":\"https:\\\/\\\/maranhaotv.com.br\\\/wp-content\\\/uploads\\\/2025\\\/01\\\/image_editor_output_image-1707556953-1736976115673.jpg\",\"datePublished\":\"2025-01-15T21:20:08+00:00\",\"dateModified\":\"2025-01-15T21:22:19+00:00\",\"breadcrumb\":{\"@id\":\"https:\\\/\\\/maranhaotv.com.br\\\/index.php\\\/2025\\\/01\\\/15\\\/encontro-de-duas-grandes-mulheres-da-politica-maranhense\\\/#breadcrumb\"},\"inLanguage\":\"pt-BR\",\"potentialAction\":[{\"@type\":\"ReadAction\",\"target\":[\"https:\\\/\\\/maranhaotv.com.br\\\/index.php\\\/2025\\\/01\\\/15\\\/encontro-de-duas-grandes-mulheres-da-politica-maranhense\\\/\"]}]},{\"@type\":\"ImageObject\",\"inLanguage\":\"pt-BR\",\"@id\":\"https:\\\/\\\/maranhaotv.com.br\\\/index.php\\\/2025\\\/01\\\/15\\\/encontro-de-duas-grandes-mulheres-da-politica-maranhense\\\/#primaryimage\",\"url\":\"https:\\\/\\\/maranhaotv.com.br\\\/wp-content\\\/uploads\\\/2025\\\/01\\\/image_editor_output_image-1707556953-1736976115673.jpg\",\"contentUrl\":\"https:\\\/\\\/maranhaotv.com.br\\\/wp-content\\\/uploads\\\/2025\\\/01\\\/image_editor_output_image-1707556953-1736976115673.jpg\",\"width\":1078,\"height\":651},{\"@type\":\"BreadcrumbList\",\"@id\":\"https:\\\/\\\/maranhaotv.com.br\\\/index.php\\\/2025\\\/01\\\/15\\\/encontro-de-duas-grandes-mulheres-da-politica-maranhense\\\/#breadcrumb\",\"itemListElement\":[{\"@type\":\"ListItem\",\"position\":1,\"name\":\"In\u00edcio\",\"item\":\"https:\\\/\\\/maranhaotv.com.br\\\/\"},{\"@type\":\"ListItem\",\"position\":2,\"name\":\"Encontro de duas grandes mulheres da pol\u00edtica maranhense\"}]},{\"@type\":\"WebSite\",\"@id\":\"https:\\\/\\\/maranhaotv.com.br\\\/#website\",\"url\":\"https:\\\/\\\/maranhaotv.com.br\\\/\",\"name\":\"Maranh\u00e3oTV\",\"description\":\"\",\"publisher\":{\"@id\":\"https:\\\/\\\/maranhaotv.com.br\\\/#organization\"},\"potentialAction\":[{\"@type\":\"SearchAction\",\"target\":{\"@type\":\"EntryPoint\",\"urlTemplate\":\"https:\\\/\\\/maranhaotv.com.br\\\/?s={search_term_string}\"},\"query-input\":{\"@type\":\"PropertyValueSpecification\",\"valueRequired\":true,\"valueName\":\"search_term_string\"}}],\"inLanguage\":\"pt-BR\"},{\"@type\":\"Organization\",\"@id\":\"https:\\\/\\\/maranhaotv.com.br\\\/#organization\",\"name\":\"Portal de Not\u00edcias\",\"url\":\"https:\\\/\\\/maranhaotv.com.br\\\/\",\"logo\":{\"@type\":\"ImageObject\",\"inLanguage\":\"pt-BR\",\"@id\":\"https:\\\/\\\/maranhaotv.com.br\\\/#\\\/schema\\\/logo\\\/image\\\/\",\"url\":\"https:\\\/\\\/maranhaotv.com.br\\\/wp-content\\\/uploads\\\/2024\\\/05\\\/cropped-cropped-avatar-1.png\",\"contentUrl\":\"https:\\\/\\\/maranhaotv.com.br\\\/wp-content\\\/uploads\\\/2024\\\/05\\\/cropped-cropped-avatar-1.png\",\"width\":792,\"height\":428,\"caption\":\"Portal de Not\u00edcias\"},\"image\":{\"@id\":\"https:\\\/\\\/maranhaotv.com.br\\\/#\\\/schema\\\/logo\\\/image\\\/\"},\"sameAs\":[\"https:\\\/\\\/www.facebook.com\\\/maiobaotv\",\"https:\\\/\\\/x.com\\\/sitemaranhaotv\",\"https:\\\/\\\/www.instagram.com\\\/maranhao.tv\",\"https:\\\/\\\/www.threads.net\\\/@maranhao.tv\"]},{\"@type\":\"Person\",\"@id\":\"https:\\\/\\\/maranhaotv.com.br\\\/#\\\/schema\\\/person\\\/3d54238e86b20bb5c89ab2fdb8f8829a\",\"name\":\"maranhaotv\",\"image\":{\"@type\":\"ImageObject\",\"inLanguage\":\"pt-BR\",\"@id\":\"https:\\\/\\\/secure.gravatar.com\\\/avatar\\\/8fadbca458d4cb68b1dd399ae9a40618d747bb1af65ac9fad21c89220a143eb4?s=96&d=mm&r=g\",\"url\":\"https:\\\/\\\/secure.gravatar.com\\\/avatar\\\/8fadbca458d4cb68b1dd399ae9a40618d747bb1af65ac9fad21c89220a143eb4?s=96&d=mm&r=g\",\"contentUrl\":\"https:\\\/\\\/secure.gravatar.com\\\/avatar\\\/8fadbca458d4cb68b1dd399ae9a40618d747bb1af65ac9fad21c89220a143eb4?s=96&d=mm&r=g\",\"caption\":\"maranhaotv\"},\"sameAs\":[\"https:\\\/\\\/maranhaotv.com.br\\\/\"],\"url\":\"https:\\\/\\\/maranhaotv.com.br\\\/index.php\\\/author\\\/maranhaotv\\\/\"}]}<\/script>\n<!-- \/ Yoast SEO plugin. -->","yoast_head_json":{"title":"Encontro de duas grandes mulheres da pol\u00edtica maranhense - NOT\u00cdCIAS EM TEMPO REAL","robots":{"index":"index","follow":"follow","max-snippet":"max-snippet:-1","max-image-preview":"max-image-preview:large","max-video-preview":"max-video-preview:-1"},"canonical":"https:\/\/maranhaotv.com.br\/index.php\/2025\/01\/15\/encontro-de-duas-grandes-mulheres-da-politica-maranhense\/","og_locale":"pt_BR","og_type":"article","og_title":"Encontro de duas grandes mulheres da pol\u00edtica maranhense - NOT\u00cdCIAS EM TEMPO REAL","og_description":"A elei\u00e7\u00e3o da Famem, de fato, costuma reunir os principais pol\u00edticos do Maranh\u00e3o. Por\u00e9m, algumas particularidades chamam aten\u00e7\u00e3o. Uma delas","og_url":"https:\/\/maranhaotv.com.br\/index.php\/2025\/01\/15\/encontro-de-duas-grandes-mulheres-da-politica-maranhense\/","og_site_name":"NOT\u00cdCIAS EM TEMPO REAL","article_publisher":"https:\/\/www.facebook.com\/maiobaotv","article_published_time":"2025-01-15T21:20:08+00:00","article_modified_time":"2025-01-15T21:22:19+00:00","og_image":[{"width":1078,"height":651,"url":"https:\/\/maranhaotv.com.br\/wp-content\/uploads\/2025\/01\/image_editor_output_image-1707556953-1736976115673.jpg","type":"image\/jpeg"}],"author":"maranhaotv","twitter_card":"summary_large_image","twitter_creator":"@sitemaranhaotv","twitter_site":"@sitemaranhaotv","twitter_misc":{"Escrito por":"maranhaotv","Est. tempo de leitura":"1 minuto"},"schema":{"@context":"https:\/\/schema.org","@graph":[{"@type":"Article","@id":"https:\/\/maranhaotv.com.br\/index.php\/2025\/01\/15\/encontro-de-duas-grandes-mulheres-da-politica-maranhense\/#article","isPartOf":{"@id":"https:\/\/maranhaotv.com.br\/index.php\/2025\/01\/15\/encontro-de-duas-grandes-mulheres-da-politica-maranhense\/"},"author":{"name":"maranhaotv","@id":"https:\/\/maranhaotv.com.br\/#\/schema\/person\/3d54238e86b20bb5c89ab2fdb8f8829a"},"headline":"Encontro de duas grandes mulheres da pol\u00edtica maranhense","datePublished":"2025-01-15T21:20:08+00:00","dateModified":"2025-01-15T21:22:19+00:00","mainEntityOfPage":{"@id":"https:\/\/maranhaotv.com.br\/index.php\/2025\/01\/15\/encontro-de-duas-grandes-mulheres-da-politica-maranhense\/"},"wordCount":171,"commentCount":0,"publisher":{"@id":"https:\/\/maranhaotv.com.br\/#organization"},"image":{"@id":"https:\/\/maranhaotv.com.br\/index.php\/2025\/01\/15\/encontro-de-duas-grandes-mulheres-da-politica-maranhense\/#primaryimage"},"thumbnailUrl":"https:\/\/maranhaotv.com.br\/wp-content\/uploads\/2025\/01\/image_editor_output_image-1707556953-1736976115673.jpg","articleSection":["pol\u00edtica"],"inLanguage":"pt-BR","potentialAction":[{"@type":"CommentAction","name":"Comment","target":["https:\/\/maranhaotv.com.br\/index.php\/2025\/01\/15\/encontro-de-duas-grandes-mulheres-da-politica-maranhense\/#respond"]}]},{"@type":"WebPage","@id":"https:\/\/maranhaotv.com.br\/index.php\/2025\/01\/15\/encontro-de-duas-grandes-mulheres-da-politica-maranhense\/","url":"https:\/\/maranhaotv.com.br\/index.php\/2025\/01\/15\/encontro-de-duas-grandes-mulheres-da-politica-maranhense\/","name":"Encontro de duas grandes mulheres da pol\u00edtica maranhense - NOT\u00cdCIAS EM TEMPO REAL","isPartOf":{"@id":"https:\/\/maranhaotv.com.br\/#website"},"primaryImageOfPage":{"@id":"https:\/\/maranhaotv.com.br\/index.php\/2025\/01\/15\/encontro-de-duas-grandes-mulheres-da-politica-maranhense\/#primaryimage"},"image":{"@id":"https:\/\/maranhaotv.com.br\/index.php\/2025\/01\/15\/encontro-de-duas-grandes-mulheres-da-politica-maranhense\/#primaryimage"},"thumbnailUrl":"https:\/\/maranhaotv.com.br\/wp-content\/uploads\/2025\/01\/image_editor_output_image-1707556953-1736976115673.jpg","datePublished":"2025-01-15T21:20:08+00:00","dateModified":"2025-01-15T21:22:19+00:00","breadcrumb":{"@id":"https:\/\/maranhaotv.com.br\/index.php\/2025\/01\/15\/encontro-de-duas-grandes-mulheres-da-politica-maranhense\/#breadcrumb"},"inLanguage":"pt-BR","potentialAction":[{"@type":"ReadAction","target":["https:\/\/maranhaotv.com.br\/index.php\/2025\/01\/15\/encontro-de-duas-grandes-mulheres-da-politica-maranhense\/"]}]},{"@type":"ImageObject","inLanguage":"pt-BR","@id":"https:\/\/maranhaotv.com.br\/index.php\/2025\/01\/15\/encontro-de-duas-grandes-mulheres-da-politica-maranhense\/#primaryimage","url":"https:\/\/maranhaotv.com.br\/wp-content\/uploads\/2025\/01\/image_editor_output_image-1707556953-1736976115673.jpg","contentUrl":"https:\/\/maranhaotv.com.br\/wp-content\/uploads\/2025\/01\/image_editor_output_image-1707556953-1736976115673.jpg","width":1078,"height":651},{"@type":"BreadcrumbList","@id":"https:\/\/maranhaotv.com.br\/index.php\/2025\/01\/15\/encontro-de-duas-grandes-mulheres-da-politica-maranhense\/#breadcrumb","itemListElement":[{"@type":"ListItem","position":1,"name":"In\u00edcio","item":"https:\/\/maranhaotv.com.br\/"},{"@type":"ListItem","position":2,"name":"Encontro de duas grandes mulheres da pol\u00edtica maranhense"}]},{"@type":"WebSite","@id":"https:\/\/maranhaotv.com.br\/#website","url":"https:\/\/maranhaotv.com.br\/","name":"Maranh\u00e3oTV","description":"","publisher":{"@id":"https:\/\/maranhaotv.com.br\/#organization"},"potentialAction":[{"@type":"SearchAction","target":{"@type":"EntryPoint","urlTemplate":"https:\/\/maranhaotv.com.br\/?s={search_term_string}"},"query-input":{"@type":"PropertyValueSpecification","valueRequired":true,"valueName":"search_term_string"}}],"inLanguage":"pt-BR"},{"@type":"Organization","@id":"https:\/\/maranhaotv.com.br\/#organization","name":"Portal de Not\u00edcias","url":"https:\/\/maranhaotv.com.br\/","logo":{"@type":"ImageObject","inLanguage":"pt-BR","@id":"https:\/\/maranhaotv.com.br\/#\/schema\/logo\/image\/","url":"https:\/\/maranhaotv.com.br\/wp-content\/uploads\/2024\/05\/cropped-cropped-avatar-1.png","contentUrl":"https:\/\/maranhaotv.com.br\/wp-content\/uploads\/2024\/05\/cropped-cropped-avatar-1.png","width":792,"height":428,"caption":"Portal de Not\u00edcias"},"image":{"@id":"https:\/\/maranhaotv.com.br\/#\/schema\/logo\/image\/"},"sameAs":["https:\/\/www.facebook.com\/maiobaotv","https:\/\/x.com\/sitemaranhaotv","https:\/\/www.instagram.com\/maranhao.tv","https:\/\/www.threads.net\/@maranhao.tv"]},{"@type":"Person","@id":"https:\/\/maranhaotv.com.br\/#\/schema\/person\/3d54238e86b20bb5c89ab2fdb8f8829a","name":"maranhaotv","image":{"@type":"ImageObject","inLanguage":"pt-BR","@id":"https:\/\/secure.gravatar.com\/avatar\/8fadbca458d4cb68b1dd399ae9a40618d747bb1af65ac9fad21c89220a143eb4?s=96&d=mm&r=g","url":"https:\/\/secure.gravatar.com\/avatar\/8fadbca458d4cb68b1dd399ae9a40618d747bb1af65ac9fad21c89220a143eb4?s=96&d=mm&r=g","contentUrl":"https:\/\/secure.gravatar.com\/avatar\/8fadbca458d4cb68b1dd399ae9a40618d747bb1af65ac9fad21c89220a143eb4?s=96&d=mm&r=g","caption":"maranhaotv"},"sameAs":["https:\/\/maranhaotv.com.br\/"],"url":"https:\/\/maranhaotv.com.br\/index.php\/author\/maranhaotv\/"}]}},"jetpack_featured_media_url":"https:\/\/maranhaotv.com.br\/wp-content\/uploads\/2025\/01\/image_editor_output_image-1707556953-1736976115673.jpg","jetpack_sharing_enabled":true,"_links":{"self":[{"href":"https:\/\/maranhaotv.com.br\/index.php\/wp-json\/wp\/v2\/posts\/39797","targetHints":{"allow":["GET"]}}],"collection":[{"href":"https:\/\/maranhaotv.com.br\/index.php\/wp-json\/wp\/v2\/posts"}],"about":[{"href":"https:\/\/maranhaotv.com.br\/index.php\/wp-json\/wp\/v2\/types\/post"}],"author":[{"embeddable":true,"href":"https:\/\/maranhaotv.com.br\/index.php\/wp-json\/wp\/v2\/users\/2"}],"replies":[{"embeddable":true,"href":"https:\/\/maranhaotv.com.br\/index.php\/wp-json\/wp\/v2\/comments?post=39797"}],"version-history":[{"count":1,"href":"https:\/\/maranhaotv.com.br\/index.php\/wp-json\/wp\/v2\/posts\/39797\/revisions"}],"predecessor-version":[{"id":39798,"href":"https:\/\/maranhaotv.com.br\/index.php\/wp-json\/wp\/v2\/posts\/39797\/revisions\/39798"}],"wp:featuredmedia":[{"embeddable":true,"href":"https:\/\/maranhaotv.com.br\/index.php\/wp-json\/wp\/v2\/media\/39799"}],"wp:attachment":[{"href":"https:\/\/maranhaotv.com.br\/index.php\/wp-json\/wp\/v2\/media?parent=39797"}],"wp:term":[{"taxonomy":"category","embeddable":true,"href":"https:\/\/maranhaotv.com.br\/index.php\/wp-json\/wp\/v2\/categories?post=39797"},{"taxonomy":"post_tag","embeddable":true,"href":"https:\/\/maranhaotv.com.br\/index.php\/wp-json\/wp\/v2\/tags?post=39797"}],"curies":[{"name":"wp","href":"https:\/\/api.w.org\/{rel}","templated":true}]}}