{"id":39865,"date":"2025-01-17T11:52:44","date_gmt":"2025-01-17T14:52:44","guid":{"rendered":"https:\/\/maranhaotv.com.br\/?p=39865"},"modified":"2025-01-17T11:52:46","modified_gmt":"2025-01-17T14:52:46","slug":"camara-de-arame-homenageia-pedro-fernandes-pedro-lucas-e-paulo-case","status":"publish","type":"post","link":"https:\/\/maranhaotv.com.br\/index.php\/2025\/01\/17\/camara-de-arame-homenageia-pedro-fernandes-pedro-lucas-e-paulo-case\/","title":{"rendered":"C\u00e2mara de Arame homenageia Pedro Fernandes, Pedro Lucas e Paulo Cas\u00e9"},"content":{"rendered":"\n<p>A C\u00e2mara Municipal de Arame homenageou o prefeito da cidade, Pedro Fernandes (Uni\u00e3o Brasil), o deputado federal Pedro Lucas Fernandes (Uni\u00e3o Brasil) e o titular da Secretaria de Estado do Desenvolvimento Social (Sedes), Paulo Cas\u00e9 Fernandes. A homenagem deu-se em virtude dos relevantes servi\u00e7os prestados \u00e0 popula\u00e7\u00e3o do munic\u00edpio.<\/p>\n\n\n\n<p>Os tr\u00eas receberam a medalha de honra ao m\u00e9rito das m\u00e3os do presidente do parlamento municipal, vereador Sidnei Barbosa (Uni\u00e3o Brasil) durante sess\u00e3o solene realizada na sede da institui\u00e7\u00e3o, evento esse que reuniu a popula\u00e7\u00e3o e lideran\u00e7as locais.<\/p>\n\n\n\n<p>\u201cReceber essa homenagem \u00e9 uma motiva\u00e7\u00e3o a mais para continuar dedicando nossos esfor\u00e7os para o bem do Arame e de todo o nosso estado. Este gesto representa mais do que uma honra: \u00e9 o fortalecimento do nosso compromisso com cada cidad\u00e3o. Muito obrigado por essa homenagem\u201d, disse o prefeito Pedro Fernandes ao receber a honraria.<\/p>\n\n\n\n<p>A mesma opini\u00e3o foi compartilha pelo deputado federal Pedro Lucas. \u201cEsta homenagem muito nos alegra, porque temos um grande trabalho no munic\u00edpio na gest\u00e3o do prefeito Pedro Fernandes e com a importante parceria dos vereadores da C\u00e2mara Municipal. Em nome do presidente Sidinei Barbosa, agrade\u00e7o o recebimento desta honraria\u201d, destacou.<\/p>\n\n\n\n<p>O secret\u00e1rio de estado do Desenvolvimento Social, Paulo Cas\u00e9, por sua vez, pontuou que o bom momento vivido pelo munic\u00edpio de Arame, que tem cada vez mais se destacado entre as cidades maranhenses. \u201cArame vive um novo momento, gra\u00e7as ao trabalho do prefeito Pedro Fernandes, dos vereadores, dos servidores e de todos que contribuem para o avan\u00e7o do munic\u00edpio. Seguimos em frente\u201d, pontuou.<\/p>\n\n\n\n<p><strong><em>Fonte: Blog do Rog\u00e9rio Silva<\/em><\/strong><\/p>\n","protected":false},"excerpt":{"rendered":"<p>A C\u00e2mara Municipal de Arame homenageou o prefeito da cidade, Pedro Fernandes (Uni\u00e3o Brasil), o deputado federal Pedro Lucas Fernandes<\/p>\n","protected":false},"author":2,"featured_media":39867,"comment_status":"open","ping_status":"open","sticky":false,"template":"","format":"standard","meta":{"colormag_page_container_layout":"default_layout","colormag_page_sidebar_layout":"default_layout","_jetpack_memberships_contains_paid_content":false,"footnotes":""},"categories":[6],"tags":[468,126],"class_list":["post-39865","post","type-post","status-publish","format-standard","has-post-thumbnail","hentry","category-politica","tag-paulo-case","tag-pedro-lucas"],"magazineBlocksPostFeaturedMedia":{"thumbnail":"https:\/\/maranhaotv.com.br\/wp-content\/uploads\/2025\/01\/Captura-de-tela-2025-01-17-111637-150x150.png","medium":"https:\/\/maranhaotv.com.br\/wp-content\/uploads\/2025\/01\/Captura-de-tela-2025-01-17-111637-300x157.png","medium_large":"https:\/\/maranhaotv.com.br\/wp-content\/uploads\/2025\/01\/Captura-de-tela-2025-01-17-111637.png","large":"https:\/\/maranhaotv.com.br\/wp-content\/uploads\/2025\/01\/Captura-de-tela-2025-01-17-111637.png","1536x1536":"https:\/\/maranhaotv.com.br\/wp-content\/uploads\/2025\/01\/Captura-de-tela-2025-01-17-111637.png","2048x2048":"https:\/\/maranhaotv.com.br\/wp-content\/uploads\/2025\/01\/Captura-de-tela-2025-01-17-111637.png","colormag-highlighted-post":"https:\/\/maranhaotv.com.br\/wp-content\/uploads\/2025\/01\/Captura-de-tela-2025-01-17-111637-392x272.png","colormag-featured-post-medium":"https:\/\/maranhaotv.com.br\/wp-content\/uploads\/2025\/01\/Captura-de-tela-2025-01-17-111637-390x205.png","colormag-featured-post-small":"https:\/\/maranhaotv.com.br\/wp-content\/uploads\/2025\/01\/Captura-de-tela-2025-01-17-111637-130x90.png","colormag-featured-image":"https:\/\/maranhaotv.com.br\/wp-content\/uploads\/2025\/01\/Captura-de-tela-2025-01-17-111637.png","colormag-default-news":"https:\/\/maranhaotv.com.br\/wp-content\/uploads\/2025\/01\/Captura-de-tela-2025-01-17-111637-150x150.png","colormag-featured-image-large":"https:\/\/maranhaotv.com.br\/wp-content\/uploads\/2025\/01\/Captura-de-tela-2025-01-17-111637.png"},"magazineBlocksPostAuthor":{"name":"maranhaotv","avatar":"https:\/\/secure.gravatar.com\/avatar\/8fadbca458d4cb68b1dd399ae9a40618d747bb1af65ac9fad21c89220a143eb4?s=96&d=mm&r=g"},"magazineBlocksPostCommentsNumber":"0","magazineBlocksPostExcerpt":"A C\u00e2mara Municipal de Arame homenageou o prefeito da cidade, Pedro Fernandes (Uni\u00e3o Brasil), o deputado federal Pedro Lucas Fernandes","magazineBlocksPostCategories":["pol\u00edtica"],"magazineBlocksPostViewCount":383,"magazineBlocksPostReadTime":2,"magazine_blocks_featured_image_url":{"full":["https:\/\/maranhaotv.com.br\/wp-content\/uploads\/2025\/01\/Captura-de-tela-2025-01-17-111637.png",557,291,false],"medium":["https:\/\/maranhaotv.com.br\/wp-content\/uploads\/2025\/01\/Captura-de-tela-2025-01-17-111637-300x157.png",300,157,true],"thumbnail":["https:\/\/maranhaotv.com.br\/wp-content\/uploads\/2025\/01\/Captura-de-tela-2025-01-17-111637-150x150.png",150,150,true]},"magazine_blocks_author":{"display_name":"maranhaotv","author_link":"https:\/\/maranhaotv.com.br\/index.php\/author\/maranhaotv\/"},"magazine_blocks_comment":0,"magazine_blocks_author_image":"https:\/\/secure.gravatar.com\/avatar\/8fadbca458d4cb68b1dd399ae9a40618d747bb1af65ac9fad21c89220a143eb4?s=96&d=mm&r=g","magazine_blocks_category":"<a href=\"#\" class=\"category-link category-link-6\">pol\u00edtica<\/a>","yoast_head":"<!-- This site is optimized with the Yoast SEO plugin v27.4 - https:\/\/yoast.com\/product\/yoast-seo-wordpress\/ -->\n<title>C\u00e2mara de Arame homenageia Pedro Fernandes, Pedro Lucas e Paulo Cas\u00e9 - NOT\u00cdCIAS EM TEMPO REAL<\/title>\n<meta name=\"robots\" content=\"index, follow, max-snippet:-1, max-image-preview:large, max-video-preview:-1\" \/>\n<link rel=\"canonical\" href=\"https:\/\/maranhaotv.com.br\/index.php\/2025\/01\/17\/camara-de-arame-homenageia-pedro-fernandes-pedro-lucas-e-paulo-case\/\" \/>\n<meta property=\"og:locale\" content=\"pt_BR\" \/>\n<meta property=\"og:type\" content=\"article\" \/>\n<meta property=\"og:title\" content=\"C\u00e2mara de Arame homenageia Pedro Fernandes, Pedro Lucas e Paulo Cas\u00e9 - NOT\u00cdCIAS EM TEMPO REAL\" \/>\n<meta property=\"og:description\" content=\"A C\u00e2mara Municipal de Arame homenageou o prefeito da cidade, Pedro Fernandes (Uni\u00e3o Brasil), o deputado federal Pedro Lucas Fernandes\" \/>\n<meta property=\"og:url\" content=\"https:\/\/maranhaotv.com.br\/index.php\/2025\/01\/17\/camara-de-arame-homenageia-pedro-fernandes-pedro-lucas-e-paulo-case\/\" \/>\n<meta property=\"og:site_name\" content=\"NOT\u00cdCIAS EM TEMPO REAL\" \/>\n<meta property=\"article:publisher\" content=\"https:\/\/www.facebook.com\/maiobaotv\" \/>\n<meta property=\"article:published_time\" content=\"2025-01-17T14:52:44+00:00\" \/>\n<meta property=\"article:modified_time\" content=\"2025-01-17T14:52:46+00:00\" \/>\n<meta property=\"og:image\" content=\"https:\/\/maranhaotv.com.br\/wp-content\/uploads\/2025\/01\/Captura-de-tela-2025-01-17-111637.png\" \/>\n\t<meta property=\"og:image:width\" content=\"557\" \/>\n\t<meta property=\"og:image:height\" content=\"291\" \/>\n\t<meta property=\"og:image:type\" content=\"image\/png\" \/>\n<meta name=\"author\" content=\"maranhaotv\" \/>\n<meta name=\"twitter:card\" content=\"summary_large_image\" \/>\n<meta name=\"twitter:creator\" content=\"@sitemaranhaotv\" \/>\n<meta name=\"twitter:site\" content=\"@sitemaranhaotv\" \/>\n<meta name=\"twitter:label1\" content=\"Escrito por\" \/>\n\t<meta name=\"twitter:data1\" content=\"maranhaotv\" \/>\n\t<meta name=\"twitter:label2\" content=\"Est. tempo de leitura\" \/>\n\t<meta name=\"twitter:data2\" content=\"2 minutos\" \/>\n<script type=\"application\/ld+json\" class=\"yoast-schema-graph\">{\"@context\":\"https:\\\/\\\/schema.org\",\"@graph\":[{\"@type\":\"Article\",\"@id\":\"https:\\\/\\\/maranhaotv.com.br\\\/index.php\\\/2025\\\/01\\\/17\\\/camara-de-arame-homenageia-pedro-fernandes-pedro-lucas-e-paulo-case\\\/#article\",\"isPartOf\":{\"@id\":\"https:\\\/\\\/maranhaotv.com.br\\\/index.php\\\/2025\\\/01\\\/17\\\/camara-de-arame-homenageia-pedro-fernandes-pedro-lucas-e-paulo-case\\\/\"},\"author\":{\"name\":\"maranhaotv\",\"@id\":\"https:\\\/\\\/maranhaotv.com.br\\\/#\\\/schema\\\/person\\\/3d54238e86b20bb5c89ab2fdb8f8829a\"},\"headline\":\"C\u00e2mara de Arame homenageia Pedro Fernandes, Pedro Lucas e Paulo Cas\u00e9\",\"datePublished\":\"2025-01-17T14:52:44+00:00\",\"dateModified\":\"2025-01-17T14:52:46+00:00\",\"mainEntityOfPage\":{\"@id\":\"https:\\\/\\\/maranhaotv.com.br\\\/index.php\\\/2025\\\/01\\\/17\\\/camara-de-arame-homenageia-pedro-fernandes-pedro-lucas-e-paulo-case\\\/\"},\"wordCount\":297,\"commentCount\":0,\"publisher\":{\"@id\":\"https:\\\/\\\/maranhaotv.com.br\\\/#organization\"},\"image\":{\"@id\":\"https:\\\/\\\/maranhaotv.com.br\\\/index.php\\\/2025\\\/01\\\/17\\\/camara-de-arame-homenageia-pedro-fernandes-pedro-lucas-e-paulo-case\\\/#primaryimage\"},\"thumbnailUrl\":\"https:\\\/\\\/maranhaotv.com.br\\\/wp-content\\\/uploads\\\/2025\\\/01\\\/Captura-de-tela-2025-01-17-111637.png\",\"keywords\":[\"Paulo case\",\"Pedro Lucas\"],\"articleSection\":[\"pol\u00edtica\"],\"inLanguage\":\"pt-BR\",\"potentialAction\":[{\"@type\":\"CommentAction\",\"name\":\"Comment\",\"target\":[\"https:\\\/\\\/maranhaotv.com.br\\\/index.php\\\/2025\\\/01\\\/17\\\/camara-de-arame-homenageia-pedro-fernandes-pedro-lucas-e-paulo-case\\\/#respond\"]}]},{\"@type\":\"WebPage\",\"@id\":\"https:\\\/\\\/maranhaotv.com.br\\\/index.php\\\/2025\\\/01\\\/17\\\/camara-de-arame-homenageia-pedro-fernandes-pedro-lucas-e-paulo-case\\\/\",\"url\":\"https:\\\/\\\/maranhaotv.com.br\\\/index.php\\\/2025\\\/01\\\/17\\\/camara-de-arame-homenageia-pedro-fernandes-pedro-lucas-e-paulo-case\\\/\",\"name\":\"C\u00e2mara de Arame homenageia Pedro Fernandes, Pedro Lucas e Paulo Cas\u00e9 - NOT\u00cdCIAS EM TEMPO REAL\",\"isPartOf\":{\"@id\":\"https:\\\/\\\/maranhaotv.com.br\\\/#website\"},\"primaryImageOfPage\":{\"@id\":\"https:\\\/\\\/maranhaotv.com.br\\\/index.php\\\/2025\\\/01\\\/17\\\/camara-de-arame-homenageia-pedro-fernandes-pedro-lucas-e-paulo-case\\\/#primaryimage\"},\"image\":{\"@id\":\"https:\\\/\\\/maranhaotv.com.br\\\/index.php\\\/2025\\\/01\\\/17\\\/camara-de-arame-homenageia-pedro-fernandes-pedro-lucas-e-paulo-case\\\/#primaryimage\"},\"thumbnailUrl\":\"https:\\\/\\\/maranhaotv.com.br\\\/wp-content\\\/uploads\\\/2025\\\/01\\\/Captura-de-tela-2025-01-17-111637.png\",\"datePublished\":\"2025-01-17T14:52:44+00:00\",\"dateModified\":\"2025-01-17T14:52:46+00:00\",\"breadcrumb\":{\"@id\":\"https:\\\/\\\/maranhaotv.com.br\\\/index.php\\\/2025\\\/01\\\/17\\\/camara-de-arame-homenageia-pedro-fernandes-pedro-lucas-e-paulo-case\\\/#breadcrumb\"},\"inLanguage\":\"pt-BR\",\"potentialAction\":[{\"@type\":\"ReadAction\",\"target\":[\"https:\\\/\\\/maranhaotv.com.br\\\/index.php\\\/2025\\\/01\\\/17\\\/camara-de-arame-homenageia-pedro-fernandes-pedro-lucas-e-paulo-case\\\/\"]}]},{\"@type\":\"ImageObject\",\"inLanguage\":\"pt-BR\",\"@id\":\"https:\\\/\\\/maranhaotv.com.br\\\/index.php\\\/2025\\\/01\\\/17\\\/camara-de-arame-homenageia-pedro-fernandes-pedro-lucas-e-paulo-case\\\/#primaryimage\",\"url\":\"https:\\\/\\\/maranhaotv.com.br\\\/wp-content\\\/uploads\\\/2025\\\/01\\\/Captura-de-tela-2025-01-17-111637.png\",\"contentUrl\":\"https:\\\/\\\/maranhaotv.com.br\\\/wp-content\\\/uploads\\\/2025\\\/01\\\/Captura-de-tela-2025-01-17-111637.png\",\"width\":557,\"height\":291},{\"@type\":\"BreadcrumbList\",\"@id\":\"https:\\\/\\\/maranhaotv.com.br\\\/index.php\\\/2025\\\/01\\\/17\\\/camara-de-arame-homenageia-pedro-fernandes-pedro-lucas-e-paulo-case\\\/#breadcrumb\",\"itemListElement\":[{\"@type\":\"ListItem\",\"position\":1,\"name\":\"In\u00edcio\",\"item\":\"https:\\\/\\\/maranhaotv.com.br\\\/\"},{\"@type\":\"ListItem\",\"position\":2,\"name\":\"C\u00e2mara de Arame homenageia Pedro Fernandes, Pedro Lucas e Paulo Cas\u00e9\"}]},{\"@type\":\"WebSite\",\"@id\":\"https:\\\/\\\/maranhaotv.com.br\\\/#website\",\"url\":\"https:\\\/\\\/maranhaotv.com.br\\\/\",\"name\":\"Maranh\u00e3oTV\",\"description\":\"\",\"publisher\":{\"@id\":\"https:\\\/\\\/maranhaotv.com.br\\\/#organization\"},\"potentialAction\":[{\"@type\":\"SearchAction\",\"target\":{\"@type\":\"EntryPoint\",\"urlTemplate\":\"https:\\\/\\\/maranhaotv.com.br\\\/?s={search_term_string}\"},\"query-input\":{\"@type\":\"PropertyValueSpecification\",\"valueRequired\":true,\"valueName\":\"search_term_string\"}}],\"inLanguage\":\"pt-BR\"},{\"@type\":\"Organization\",\"@id\":\"https:\\\/\\\/maranhaotv.com.br\\\/#organization\",\"name\":\"Portal de Not\u00edcias\",\"url\":\"https:\\\/\\\/maranhaotv.com.br\\\/\",\"logo\":{\"@type\":\"ImageObject\",\"inLanguage\":\"pt-BR\",\"@id\":\"https:\\\/\\\/maranhaotv.com.br\\\/#\\\/schema\\\/logo\\\/image\\\/\",\"url\":\"https:\\\/\\\/maranhaotv.com.br\\\/wp-content\\\/uploads\\\/2024\\\/05\\\/cropped-cropped-avatar-1.png\",\"contentUrl\":\"https:\\\/\\\/maranhaotv.com.br\\\/wp-content\\\/uploads\\\/2024\\\/05\\\/cropped-cropped-avatar-1.png\",\"width\":792,\"height\":428,\"caption\":\"Portal de Not\u00edcias\"},\"image\":{\"@id\":\"https:\\\/\\\/maranhaotv.com.br\\\/#\\\/schema\\\/logo\\\/image\\\/\"},\"sameAs\":[\"https:\\\/\\\/www.facebook.com\\\/maiobaotv\",\"https:\\\/\\\/x.com\\\/sitemaranhaotv\",\"https:\\\/\\\/www.instagram.com\\\/maranhao.tv\",\"https:\\\/\\\/www.threads.net\\\/@maranhao.tv\"]},{\"@type\":\"Person\",\"@id\":\"https:\\\/\\\/maranhaotv.com.br\\\/#\\\/schema\\\/person\\\/3d54238e86b20bb5c89ab2fdb8f8829a\",\"name\":\"maranhaotv\",\"image\":{\"@type\":\"ImageObject\",\"inLanguage\":\"pt-BR\",\"@id\":\"https:\\\/\\\/secure.gravatar.com\\\/avatar\\\/8fadbca458d4cb68b1dd399ae9a40618d747bb1af65ac9fad21c89220a143eb4?s=96&d=mm&r=g\",\"url\":\"https:\\\/\\\/secure.gravatar.com\\\/avatar\\\/8fadbca458d4cb68b1dd399ae9a40618d747bb1af65ac9fad21c89220a143eb4?s=96&d=mm&r=g\",\"contentUrl\":\"https:\\\/\\\/secure.gravatar.com\\\/avatar\\\/8fadbca458d4cb68b1dd399ae9a40618d747bb1af65ac9fad21c89220a143eb4?s=96&d=mm&r=g\",\"caption\":\"maranhaotv\"},\"sameAs\":[\"https:\\\/\\\/maranhaotv.com.br\\\/\"],\"url\":\"https:\\\/\\\/maranhaotv.com.br\\\/index.php\\\/author\\\/maranhaotv\\\/\"}]}<\/script>\n<!-- \/ Yoast SEO plugin. -->","yoast_head_json":{"title":"C\u00e2mara de Arame homenageia Pedro Fernandes, Pedro Lucas e Paulo Cas\u00e9 - NOT\u00cdCIAS EM TEMPO REAL","robots":{"index":"index","follow":"follow","max-snippet":"max-snippet:-1","max-image-preview":"max-image-preview:large","max-video-preview":"max-video-preview:-1"},"canonical":"https:\/\/maranhaotv.com.br\/index.php\/2025\/01\/17\/camara-de-arame-homenageia-pedro-fernandes-pedro-lucas-e-paulo-case\/","og_locale":"pt_BR","og_type":"article","og_title":"C\u00e2mara de Arame homenageia Pedro Fernandes, Pedro Lucas e Paulo Cas\u00e9 - NOT\u00cdCIAS EM TEMPO REAL","og_description":"A C\u00e2mara Municipal de Arame homenageou o prefeito da cidade, Pedro Fernandes (Uni\u00e3o Brasil), o deputado federal Pedro Lucas Fernandes","og_url":"https:\/\/maranhaotv.com.br\/index.php\/2025\/01\/17\/camara-de-arame-homenageia-pedro-fernandes-pedro-lucas-e-paulo-case\/","og_site_name":"NOT\u00cdCIAS EM TEMPO REAL","article_publisher":"https:\/\/www.facebook.com\/maiobaotv","article_published_time":"2025-01-17T14:52:44+00:00","article_modified_time":"2025-01-17T14:52:46+00:00","og_image":[{"width":557,"height":291,"url":"https:\/\/maranhaotv.com.br\/wp-content\/uploads\/2025\/01\/Captura-de-tela-2025-01-17-111637.png","type":"image\/png"}],"author":"maranhaotv","twitter_card":"summary_large_image","twitter_creator":"@sitemaranhaotv","twitter_site":"@sitemaranhaotv","twitter_misc":{"Escrito por":"maranhaotv","Est. tempo de leitura":"2 minutos"},"schema":{"@context":"https:\/\/schema.org","@graph":[{"@type":"Article","@id":"https:\/\/maranhaotv.com.br\/index.php\/2025\/01\/17\/camara-de-arame-homenageia-pedro-fernandes-pedro-lucas-e-paulo-case\/#article","isPartOf":{"@id":"https:\/\/maranhaotv.com.br\/index.php\/2025\/01\/17\/camara-de-arame-homenageia-pedro-fernandes-pedro-lucas-e-paulo-case\/"},"author":{"name":"maranhaotv","@id":"https:\/\/maranhaotv.com.br\/#\/schema\/person\/3d54238e86b20bb5c89ab2fdb8f8829a"},"headline":"C\u00e2mara de Arame homenageia Pedro Fernandes, Pedro Lucas e Paulo Cas\u00e9","datePublished":"2025-01-17T14:52:44+00:00","dateModified":"2025-01-17T14:52:46+00:00","mainEntityOfPage":{"@id":"https:\/\/maranhaotv.com.br\/index.php\/2025\/01\/17\/camara-de-arame-homenageia-pedro-fernandes-pedro-lucas-e-paulo-case\/"},"wordCount":297,"commentCount":0,"publisher":{"@id":"https:\/\/maranhaotv.com.br\/#organization"},"image":{"@id":"https:\/\/maranhaotv.com.br\/index.php\/2025\/01\/17\/camara-de-arame-homenageia-pedro-fernandes-pedro-lucas-e-paulo-case\/#primaryimage"},"thumbnailUrl":"https:\/\/maranhaotv.com.br\/wp-content\/uploads\/2025\/01\/Captura-de-tela-2025-01-17-111637.png","keywords":["Paulo case","Pedro Lucas"],"articleSection":["pol\u00edtica"],"inLanguage":"pt-BR","potentialAction":[{"@type":"CommentAction","name":"Comment","target":["https:\/\/maranhaotv.com.br\/index.php\/2025\/01\/17\/camara-de-arame-homenageia-pedro-fernandes-pedro-lucas-e-paulo-case\/#respond"]}]},{"@type":"WebPage","@id":"https:\/\/maranhaotv.com.br\/index.php\/2025\/01\/17\/camara-de-arame-homenageia-pedro-fernandes-pedro-lucas-e-paulo-case\/","url":"https:\/\/maranhaotv.com.br\/index.php\/2025\/01\/17\/camara-de-arame-homenageia-pedro-fernandes-pedro-lucas-e-paulo-case\/","name":"C\u00e2mara de Arame homenageia Pedro Fernandes, Pedro Lucas e Paulo Cas\u00e9 - NOT\u00cdCIAS EM TEMPO REAL","isPartOf":{"@id":"https:\/\/maranhaotv.com.br\/#website"},"primaryImageOfPage":{"@id":"https:\/\/maranhaotv.com.br\/index.php\/2025\/01\/17\/camara-de-arame-homenageia-pedro-fernandes-pedro-lucas-e-paulo-case\/#primaryimage"},"image":{"@id":"https:\/\/maranhaotv.com.br\/index.php\/2025\/01\/17\/camara-de-arame-homenageia-pedro-fernandes-pedro-lucas-e-paulo-case\/#primaryimage"},"thumbnailUrl":"https:\/\/maranhaotv.com.br\/wp-content\/uploads\/2025\/01\/Captura-de-tela-2025-01-17-111637.png","datePublished":"2025-01-17T14:52:44+00:00","dateModified":"2025-01-17T14:52:46+00:00","breadcrumb":{"@id":"https:\/\/maranhaotv.com.br\/index.php\/2025\/01\/17\/camara-de-arame-homenageia-pedro-fernandes-pedro-lucas-e-paulo-case\/#breadcrumb"},"inLanguage":"pt-BR","potentialAction":[{"@type":"ReadAction","target":["https:\/\/maranhaotv.com.br\/index.php\/2025\/01\/17\/camara-de-arame-homenageia-pedro-fernandes-pedro-lucas-e-paulo-case\/"]}]},{"@type":"ImageObject","inLanguage":"pt-BR","@id":"https:\/\/maranhaotv.com.br\/index.php\/2025\/01\/17\/camara-de-arame-homenageia-pedro-fernandes-pedro-lucas-e-paulo-case\/#primaryimage","url":"https:\/\/maranhaotv.com.br\/wp-content\/uploads\/2025\/01\/Captura-de-tela-2025-01-17-111637.png","contentUrl":"https:\/\/maranhaotv.com.br\/wp-content\/uploads\/2025\/01\/Captura-de-tela-2025-01-17-111637.png","width":557,"height":291},{"@type":"BreadcrumbList","@id":"https:\/\/maranhaotv.com.br\/index.php\/2025\/01\/17\/camara-de-arame-homenageia-pedro-fernandes-pedro-lucas-e-paulo-case\/#breadcrumb","itemListElement":[{"@type":"ListItem","position":1,"name":"In\u00edcio","item":"https:\/\/maranhaotv.com.br\/"},{"@type":"ListItem","position":2,"name":"C\u00e2mara de Arame homenageia Pedro Fernandes, Pedro Lucas e Paulo Cas\u00e9"}]},{"@type":"WebSite","@id":"https:\/\/maranhaotv.com.br\/#website","url":"https:\/\/maranhaotv.com.br\/","name":"Maranh\u00e3oTV","description":"","publisher":{"@id":"https:\/\/maranhaotv.com.br\/#organization"},"potentialAction":[{"@type":"SearchAction","target":{"@type":"EntryPoint","urlTemplate":"https:\/\/maranhaotv.com.br\/?s={search_term_string}"},"query-input":{"@type":"PropertyValueSpecification","valueRequired":true,"valueName":"search_term_string"}}],"inLanguage":"pt-BR"},{"@type":"Organization","@id":"https:\/\/maranhaotv.com.br\/#organization","name":"Portal de Not\u00edcias","url":"https:\/\/maranhaotv.com.br\/","logo":{"@type":"ImageObject","inLanguage":"pt-BR","@id":"https:\/\/maranhaotv.com.br\/#\/schema\/logo\/image\/","url":"https:\/\/maranhaotv.com.br\/wp-content\/uploads\/2024\/05\/cropped-cropped-avatar-1.png","contentUrl":"https:\/\/maranhaotv.com.br\/wp-content\/uploads\/2024\/05\/cropped-cropped-avatar-1.png","width":792,"height":428,"caption":"Portal de Not\u00edcias"},"image":{"@id":"https:\/\/maranhaotv.com.br\/#\/schema\/logo\/image\/"},"sameAs":["https:\/\/www.facebook.com\/maiobaotv","https:\/\/x.com\/sitemaranhaotv","https:\/\/www.instagram.com\/maranhao.tv","https:\/\/www.threads.net\/@maranhao.tv"]},{"@type":"Person","@id":"https:\/\/maranhaotv.com.br\/#\/schema\/person\/3d54238e86b20bb5c89ab2fdb8f8829a","name":"maranhaotv","image":{"@type":"ImageObject","inLanguage":"pt-BR","@id":"https:\/\/secure.gravatar.com\/avatar\/8fadbca458d4cb68b1dd399ae9a40618d747bb1af65ac9fad21c89220a143eb4?s=96&d=mm&r=g","url":"https:\/\/secure.gravatar.com\/avatar\/8fadbca458d4cb68b1dd399ae9a40618d747bb1af65ac9fad21c89220a143eb4?s=96&d=mm&r=g","contentUrl":"https:\/\/secure.gravatar.com\/avatar\/8fadbca458d4cb68b1dd399ae9a40618d747bb1af65ac9fad21c89220a143eb4?s=96&d=mm&r=g","caption":"maranhaotv"},"sameAs":["https:\/\/maranhaotv.com.br\/"],"url":"https:\/\/maranhaotv.com.br\/index.php\/author\/maranhaotv\/"}]}},"jetpack_featured_media_url":"https:\/\/maranhaotv.com.br\/wp-content\/uploads\/2025\/01\/Captura-de-tela-2025-01-17-111637.png","jetpack_sharing_enabled":true,"_links":{"self":[{"href":"https:\/\/maranhaotv.com.br\/index.php\/wp-json\/wp\/v2\/posts\/39865","targetHints":{"allow":["GET"]}}],"collection":[{"href":"https:\/\/maranhaotv.com.br\/index.php\/wp-json\/wp\/v2\/posts"}],"about":[{"href":"https:\/\/maranhaotv.com.br\/index.php\/wp-json\/wp\/v2\/types\/post"}],"author":[{"embeddable":true,"href":"https:\/\/maranhaotv.com.br\/index.php\/wp-json\/wp\/v2\/users\/2"}],"replies":[{"embeddable":true,"href":"https:\/\/maranhaotv.com.br\/index.php\/wp-json\/wp\/v2\/comments?post=39865"}],"version-history":[{"count":1,"href":"https:\/\/maranhaotv.com.br\/index.php\/wp-json\/wp\/v2\/posts\/39865\/revisions"}],"predecessor-version":[{"id":39868,"href":"https:\/\/maranhaotv.com.br\/index.php\/wp-json\/wp\/v2\/posts\/39865\/revisions\/39868"}],"wp:featuredmedia":[{"embeddable":true,"href":"https:\/\/maranhaotv.com.br\/index.php\/wp-json\/wp\/v2\/media\/39867"}],"wp:attachment":[{"href":"https:\/\/maranhaotv.com.br\/index.php\/wp-json\/wp\/v2\/media?parent=39865"}],"wp:term":[{"taxonomy":"category","embeddable":true,"href":"https:\/\/maranhaotv.com.br\/index.php\/wp-json\/wp\/v2\/categories?post=39865"},{"taxonomy":"post_tag","embeddable":true,"href":"https:\/\/maranhaotv.com.br\/index.php\/wp-json\/wp\/v2\/tags?post=39865"}],"curies":[{"name":"wp","href":"https:\/\/api.w.org\/{rel}","templated":true}]}}