{"id":39870,"date":"2025-01-17T12:07:53","date_gmt":"2025-01-17T15:07:53","guid":{"rendered":"https:\/\/maranhaotv.com.br\/?p=39870"},"modified":"2025-01-17T12:07:55","modified_gmt":"2025-01-17T15:07:55","slug":"policia-investiga-sumico-de-carro-multado-e-apreendido-do-patio-da-smtt","status":"publish","type":"post","link":"https:\/\/maranhaotv.com.br\/index.php\/2025\/01\/17\/policia-investiga-sumico-de-carro-multado-e-apreendido-do-patio-da-smtt\/","title":{"rendered":"Pol\u00edcia investiga sumi\u00e7o de carro multado e apreendido do p\u00e1tio da SMTT"},"content":{"rendered":"\n<p><\/p>\n\n\n\n<p><\/p>\n\n\n\n<p>A Pol\u00edcia Civil do Estado do Maranh\u00e3o instaurou inqu\u00e9rito policial visando investigar fato comunicado pelo propriet\u00e1rio de um ve\u00edculo, que afirmou que o seu autom\u00f3vel sumiu ap\u00f3s ser multado, guinchado e levado para o p\u00e1tio da Secretaria Municipal de Tr\u00e2nsito e Transporte (SMTT) de S\u00e3o Lu\u00eds, em janeiro de 2021.<\/p>\n\n\n\n<p>Segundo divulgado pelo blog&nbsp;<a href=\"https:\/\/direitoeordem.com.br\/escandalo-carro-multado-e-apreendido-some-do-patio-da-smtt-em-sao-luis\/\" target=\"_blank\" rel=\"noreferrer noopener\">Direito e Ordem<\/a>, a aplica\u00e7\u00e3o da multa e a apreens\u00e3o do ve\u00edculo foram confirmadas por dois agentes de tr\u00e2nsito ouvidos em sede policial.<\/p>\n\n\n\n<p>Uma semana depois, o propriet\u00e1rio foi ao local e confirmou a presen\u00e7a do carro no p\u00e1tio. Dois meses depois, ele retornou para pagar as multas e retirar o ve\u00edculo, que j\u00e1 n\u00e3o estava mais no local.<\/p>\n\n\n\n<p>No processo, a SMTT afirma, contudo, que o mencionado autom\u00f3vel n\u00e3o entrou no seu p\u00e1tio, fazendo os seguintes registros:<\/p>\n\n\n\n<p>\u201cAsseveramos, ainda, que as informa\u00e7\u00f5es solicitadas presentes no livro de ocorr\u00eancia est\u00e3o sob a responsabilidade da empresa SALES NETWORK, e que devido a problemas t\u00e9cnicos n\u00e3o obtivemos mais acesso ao sistema. Conforme comprovam as notifica\u00e7\u00f5es anexas, esta SMTT notificou a empresa SALES NETWORK por quebra de cl\u00e1usulas contratuais. Informamos que as imagens do p\u00e1tio n\u00e3o foram localizadas no sistema desta SMTT, pois o armazenamento permanece salvo pelo prazo de 30 (trinta) dias. Assim, levando-se em considera\u00e7\u00e3o a data do fato e o dia da solicita\u00e7\u00e3o, asseguramos que n\u00e3o foi poss\u00edvel recuperar os v\u00eddeos no sistema de seguran\u00e7a.\u201d<\/p>\n\n\n\n<p>O est\u00e1gio atual \u00e9 o de requerimento do Minist\u00e9rio P\u00fablico do Maranh\u00e3o (MPMA) para \u201cdevolu\u00e7\u00e3o dos autos \u00e0 unidade de pol\u00edcia judici\u00e1ria para que as dilig\u00eancias necess\u00e1rias sejam realizadas no prazo de 90 (noventa) dias, notadamente:<\/p>\n\n\n\n<p>a) Juntada do Relat\u00f3rio referente \u00e0 Ordem de Miss\u00e3o Policial n\u00b0 015\/2024, inserta \u00e0 fl. 65 do ID 134344738;<\/p>\n\n\n\n<p>b) Intima\u00e7\u00e3o e oitiva dos funcion\u00e1rios que estavam de plant\u00e3o no dia do fato, indicados pela SMTT no of\u00edcio juntado \u00e0 fl. 59 do ID 134344738;<\/p>\n\n\n\n<p>c) Intima\u00e7\u00e3o, qualifica\u00e7\u00e3o e oitiva do seguran\u00e7a da portaria, citado no depoimento prestado por Jackcydenes Lindoso Mendes \u00e0 fl. 62 do ID 134344738;<\/p>\n\n\n\n<p>d) Intima\u00e7\u00e3o, qualifica\u00e7\u00e3o e interrogat\u00f3rio de Weliton Serra, apontado como respons\u00e1vel pela aplica\u00e7\u00e3o da multa.\u201d<\/p>\n","protected":false},"excerpt":{"rendered":"<p>A Pol\u00edcia Civil do Estado do Maranh\u00e3o instaurou inqu\u00e9rito policial visando investigar fato comunicado pelo propriet\u00e1rio de um ve\u00edculo, que<\/p>\n","protected":false},"author":2,"featured_media":39871,"comment_status":"open","ping_status":"open","sticky":false,"template":"","format":"standard","meta":{"colormag_page_container_layout":"default_layout","colormag_page_sidebar_layout":"default_layout","_jetpack_memberships_contains_paid_content":false,"footnotes":""},"categories":[3],"tags":[],"class_list":["post-39870","post","type-post","status-publish","format-standard","has-post-thumbnail","hentry","category-policial"],"magazineBlocksPostFeaturedMedia":{"thumbnail":"https:\/\/maranhaotv.com.br\/wp-content\/uploads\/2025\/01\/image-96-150x150.png","medium":"https:\/\/maranhaotv.com.br\/wp-content\/uploads\/2025\/01\/image-96-300x292.png","medium_large":"https:\/\/maranhaotv.com.br\/wp-content\/uploads\/2025\/01\/image-96-768x747.png","large":"https:\/\/maranhaotv.com.br\/wp-content\/uploads\/2025\/01\/image-96.png","1536x1536":"https:\/\/maranhaotv.com.br\/wp-content\/uploads\/2025\/01\/image-96.png","2048x2048":"https:\/\/maranhaotv.com.br\/wp-content\/uploads\/2025\/01\/image-96.png","colormag-highlighted-post":"https:\/\/maranhaotv.com.br\/wp-content\/uploads\/2025\/01\/image-96-392x272.png","colormag-featured-post-medium":"https:\/\/maranhaotv.com.br\/wp-content\/uploads\/2025\/01\/image-96-390x205.png","colormag-featured-post-small":"https:\/\/maranhaotv.com.br\/wp-content\/uploads\/2025\/01\/image-96-130x90.png","colormag-featured-image":"https:\/\/maranhaotv.com.br\/wp-content\/uploads\/2025\/01\/image-96-775x445.png","colormag-default-news":"https:\/\/maranhaotv.com.br\/wp-content\/uploads\/2025\/01\/image-96-150x150.png","colormag-featured-image-large":"https:\/\/maranhaotv.com.br\/wp-content\/uploads\/2025\/01\/image-96-775x600.png"},"magazineBlocksPostAuthor":{"name":"maranhaotv","avatar":"https:\/\/secure.gravatar.com\/avatar\/8fadbca458d4cb68b1dd399ae9a40618d747bb1af65ac9fad21c89220a143eb4?s=96&d=mm&r=g"},"magazineBlocksPostCommentsNumber":"0","magazineBlocksPostExcerpt":"A Pol\u00edcia Civil do Estado do Maranh\u00e3o instaurou inqu\u00e9rito policial visando investigar fato comunicado pelo propriet\u00e1rio de um ve\u00edculo, que","magazineBlocksPostCategories":["policial"],"magazineBlocksPostViewCount":324,"magazineBlocksPostReadTime":2,"magazine_blocks_featured_image_url":{"full":["https:\/\/maranhaotv.com.br\/wp-content\/uploads\/2025\/01\/image-96.png",775,754,false],"medium":["https:\/\/maranhaotv.com.br\/wp-content\/uploads\/2025\/01\/image-96-300x292.png",300,292,true],"thumbnail":["https:\/\/maranhaotv.com.br\/wp-content\/uploads\/2025\/01\/image-96-150x150.png",150,150,true]},"magazine_blocks_author":{"display_name":"maranhaotv","author_link":"https:\/\/maranhaotv.com.br\/index.php\/author\/maranhaotv\/"},"magazine_blocks_comment":0,"magazine_blocks_author_image":"https:\/\/secure.gravatar.com\/avatar\/8fadbca458d4cb68b1dd399ae9a40618d747bb1af65ac9fad21c89220a143eb4?s=96&d=mm&r=g","magazine_blocks_category":"<a href=\"#\" class=\"category-link category-link-3\">policial<\/a>","yoast_head":"<!-- This site is optimized with the Yoast SEO plugin v27.4 - https:\/\/yoast.com\/product\/yoast-seo-wordpress\/ -->\n<title>Pol\u00edcia investiga sumi\u00e7o de carro multado e apreendido do p\u00e1tio da SMTT - NOT\u00cdCIAS EM TEMPO REAL<\/title>\n<meta name=\"robots\" content=\"index, follow, max-snippet:-1, max-image-preview:large, max-video-preview:-1\" \/>\n<link rel=\"canonical\" href=\"https:\/\/maranhaotv.com.br\/index.php\/2025\/01\/17\/policia-investiga-sumico-de-carro-multado-e-apreendido-do-patio-da-smtt\/\" \/>\n<meta property=\"og:locale\" content=\"pt_BR\" \/>\n<meta property=\"og:type\" content=\"article\" \/>\n<meta property=\"og:title\" content=\"Pol\u00edcia investiga sumi\u00e7o de carro multado e apreendido do p\u00e1tio da SMTT - NOT\u00cdCIAS EM TEMPO REAL\" \/>\n<meta property=\"og:description\" content=\"A Pol\u00edcia Civil do Estado do Maranh\u00e3o instaurou inqu\u00e9rito policial visando investigar fato comunicado pelo propriet\u00e1rio de um ve\u00edculo, que\" \/>\n<meta property=\"og:url\" content=\"https:\/\/maranhaotv.com.br\/index.php\/2025\/01\/17\/policia-investiga-sumico-de-carro-multado-e-apreendido-do-patio-da-smtt\/\" \/>\n<meta property=\"og:site_name\" content=\"NOT\u00cdCIAS EM TEMPO REAL\" \/>\n<meta property=\"article:publisher\" content=\"https:\/\/www.facebook.com\/maiobaotv\" \/>\n<meta property=\"article:published_time\" content=\"2025-01-17T15:07:53+00:00\" \/>\n<meta property=\"article:modified_time\" content=\"2025-01-17T15:07:55+00:00\" \/>\n<meta property=\"og:image\" content=\"https:\/\/maranhaotv.com.br\/wp-content\/uploads\/2025\/01\/image-96.png\" \/>\n\t<meta property=\"og:image:width\" content=\"775\" \/>\n\t<meta property=\"og:image:height\" content=\"754\" \/>\n\t<meta property=\"og:image:type\" content=\"image\/png\" \/>\n<meta name=\"author\" content=\"maranhaotv\" \/>\n<meta name=\"twitter:card\" content=\"summary_large_image\" \/>\n<meta name=\"twitter:creator\" content=\"@sitemaranhaotv\" \/>\n<meta name=\"twitter:site\" content=\"@sitemaranhaotv\" \/>\n<meta name=\"twitter:label1\" content=\"Escrito por\" \/>\n\t<meta name=\"twitter:data1\" content=\"maranhaotv\" \/>\n\t<meta name=\"twitter:label2\" content=\"Est. tempo de leitura\" \/>\n\t<meta name=\"twitter:data2\" content=\"3 minutos\" \/>\n<script type=\"application\/ld+json\" class=\"yoast-schema-graph\">{\"@context\":\"https:\\\/\\\/schema.org\",\"@graph\":[{\"@type\":\"Article\",\"@id\":\"https:\\\/\\\/maranhaotv.com.br\\\/index.php\\\/2025\\\/01\\\/17\\\/policia-investiga-sumico-de-carro-multado-e-apreendido-do-patio-da-smtt\\\/#article\",\"isPartOf\":{\"@id\":\"https:\\\/\\\/maranhaotv.com.br\\\/index.php\\\/2025\\\/01\\\/17\\\/policia-investiga-sumico-de-carro-multado-e-apreendido-do-patio-da-smtt\\\/\"},\"author\":{\"name\":\"maranhaotv\",\"@id\":\"https:\\\/\\\/maranhaotv.com.br\\\/#\\\/schema\\\/person\\\/3d54238e86b20bb5c89ab2fdb8f8829a\"},\"headline\":\"Pol\u00edcia investiga sumi\u00e7o de carro multado e apreendido do p\u00e1tio da SMTT\",\"datePublished\":\"2025-01-17T15:07:53+00:00\",\"dateModified\":\"2025-01-17T15:07:55+00:00\",\"mainEntityOfPage\":{\"@id\":\"https:\\\/\\\/maranhaotv.com.br\\\/index.php\\\/2025\\\/01\\\/17\\\/policia-investiga-sumico-de-carro-multado-e-apreendido-do-patio-da-smtt\\\/\"},\"wordCount\":409,\"commentCount\":0,\"publisher\":{\"@id\":\"https:\\\/\\\/maranhaotv.com.br\\\/#organization\"},\"image\":{\"@id\":\"https:\\\/\\\/maranhaotv.com.br\\\/index.php\\\/2025\\\/01\\\/17\\\/policia-investiga-sumico-de-carro-multado-e-apreendido-do-patio-da-smtt\\\/#primaryimage\"},\"thumbnailUrl\":\"https:\\\/\\\/maranhaotv.com.br\\\/wp-content\\\/uploads\\\/2025\\\/01\\\/image-96.png\",\"articleSection\":[\"policial\"],\"inLanguage\":\"pt-BR\",\"potentialAction\":[{\"@type\":\"CommentAction\",\"name\":\"Comment\",\"target\":[\"https:\\\/\\\/maranhaotv.com.br\\\/index.php\\\/2025\\\/01\\\/17\\\/policia-investiga-sumico-de-carro-multado-e-apreendido-do-patio-da-smtt\\\/#respond\"]}]},{\"@type\":\"WebPage\",\"@id\":\"https:\\\/\\\/maranhaotv.com.br\\\/index.php\\\/2025\\\/01\\\/17\\\/policia-investiga-sumico-de-carro-multado-e-apreendido-do-patio-da-smtt\\\/\",\"url\":\"https:\\\/\\\/maranhaotv.com.br\\\/index.php\\\/2025\\\/01\\\/17\\\/policia-investiga-sumico-de-carro-multado-e-apreendido-do-patio-da-smtt\\\/\",\"name\":\"Pol\u00edcia investiga sumi\u00e7o de carro multado e apreendido do p\u00e1tio da SMTT - NOT\u00cdCIAS EM TEMPO REAL\",\"isPartOf\":{\"@id\":\"https:\\\/\\\/maranhaotv.com.br\\\/#website\"},\"primaryImageOfPage\":{\"@id\":\"https:\\\/\\\/maranhaotv.com.br\\\/index.php\\\/2025\\\/01\\\/17\\\/policia-investiga-sumico-de-carro-multado-e-apreendido-do-patio-da-smtt\\\/#primaryimage\"},\"image\":{\"@id\":\"https:\\\/\\\/maranhaotv.com.br\\\/index.php\\\/2025\\\/01\\\/17\\\/policia-investiga-sumico-de-carro-multado-e-apreendido-do-patio-da-smtt\\\/#primaryimage\"},\"thumbnailUrl\":\"https:\\\/\\\/maranhaotv.com.br\\\/wp-content\\\/uploads\\\/2025\\\/01\\\/image-96.png\",\"datePublished\":\"2025-01-17T15:07:53+00:00\",\"dateModified\":\"2025-01-17T15:07:55+00:00\",\"breadcrumb\":{\"@id\":\"https:\\\/\\\/maranhaotv.com.br\\\/index.php\\\/2025\\\/01\\\/17\\\/policia-investiga-sumico-de-carro-multado-e-apreendido-do-patio-da-smtt\\\/#breadcrumb\"},\"inLanguage\":\"pt-BR\",\"potentialAction\":[{\"@type\":\"ReadAction\",\"target\":[\"https:\\\/\\\/maranhaotv.com.br\\\/index.php\\\/2025\\\/01\\\/17\\\/policia-investiga-sumico-de-carro-multado-e-apreendido-do-patio-da-smtt\\\/\"]}]},{\"@type\":\"ImageObject\",\"inLanguage\":\"pt-BR\",\"@id\":\"https:\\\/\\\/maranhaotv.com.br\\\/index.php\\\/2025\\\/01\\\/17\\\/policia-investiga-sumico-de-carro-multado-e-apreendido-do-patio-da-smtt\\\/#primaryimage\",\"url\":\"https:\\\/\\\/maranhaotv.com.br\\\/wp-content\\\/uploads\\\/2025\\\/01\\\/image-96.png\",\"contentUrl\":\"https:\\\/\\\/maranhaotv.com.br\\\/wp-content\\\/uploads\\\/2025\\\/01\\\/image-96.png\",\"width\":775,\"height\":754},{\"@type\":\"BreadcrumbList\",\"@id\":\"https:\\\/\\\/maranhaotv.com.br\\\/index.php\\\/2025\\\/01\\\/17\\\/policia-investiga-sumico-de-carro-multado-e-apreendido-do-patio-da-smtt\\\/#breadcrumb\",\"itemListElement\":[{\"@type\":\"ListItem\",\"position\":1,\"name\":\"In\u00edcio\",\"item\":\"https:\\\/\\\/maranhaotv.com.br\\\/\"},{\"@type\":\"ListItem\",\"position\":2,\"name\":\"Pol\u00edcia investiga sumi\u00e7o de carro multado e apreendido do p\u00e1tio da SMTT\"}]},{\"@type\":\"WebSite\",\"@id\":\"https:\\\/\\\/maranhaotv.com.br\\\/#website\",\"url\":\"https:\\\/\\\/maranhaotv.com.br\\\/\",\"name\":\"Maranh\u00e3oTV\",\"description\":\"\",\"publisher\":{\"@id\":\"https:\\\/\\\/maranhaotv.com.br\\\/#organization\"},\"potentialAction\":[{\"@type\":\"SearchAction\",\"target\":{\"@type\":\"EntryPoint\",\"urlTemplate\":\"https:\\\/\\\/maranhaotv.com.br\\\/?s={search_term_string}\"},\"query-input\":{\"@type\":\"PropertyValueSpecification\",\"valueRequired\":true,\"valueName\":\"search_term_string\"}}],\"inLanguage\":\"pt-BR\"},{\"@type\":\"Organization\",\"@id\":\"https:\\\/\\\/maranhaotv.com.br\\\/#organization\",\"name\":\"Portal de Not\u00edcias\",\"url\":\"https:\\\/\\\/maranhaotv.com.br\\\/\",\"logo\":{\"@type\":\"ImageObject\",\"inLanguage\":\"pt-BR\",\"@id\":\"https:\\\/\\\/maranhaotv.com.br\\\/#\\\/schema\\\/logo\\\/image\\\/\",\"url\":\"https:\\\/\\\/maranhaotv.com.br\\\/wp-content\\\/uploads\\\/2024\\\/05\\\/cropped-cropped-avatar-1.png\",\"contentUrl\":\"https:\\\/\\\/maranhaotv.com.br\\\/wp-content\\\/uploads\\\/2024\\\/05\\\/cropped-cropped-avatar-1.png\",\"width\":792,\"height\":428,\"caption\":\"Portal de Not\u00edcias\"},\"image\":{\"@id\":\"https:\\\/\\\/maranhaotv.com.br\\\/#\\\/schema\\\/logo\\\/image\\\/\"},\"sameAs\":[\"https:\\\/\\\/www.facebook.com\\\/maiobaotv\",\"https:\\\/\\\/x.com\\\/sitemaranhaotv\",\"https:\\\/\\\/www.instagram.com\\\/maranhao.tv\",\"https:\\\/\\\/www.threads.net\\\/@maranhao.tv\"]},{\"@type\":\"Person\",\"@id\":\"https:\\\/\\\/maranhaotv.com.br\\\/#\\\/schema\\\/person\\\/3d54238e86b20bb5c89ab2fdb8f8829a\",\"name\":\"maranhaotv\",\"image\":{\"@type\":\"ImageObject\",\"inLanguage\":\"pt-BR\",\"@id\":\"https:\\\/\\\/secure.gravatar.com\\\/avatar\\\/8fadbca458d4cb68b1dd399ae9a40618d747bb1af65ac9fad21c89220a143eb4?s=96&d=mm&r=g\",\"url\":\"https:\\\/\\\/secure.gravatar.com\\\/avatar\\\/8fadbca458d4cb68b1dd399ae9a40618d747bb1af65ac9fad21c89220a143eb4?s=96&d=mm&r=g\",\"contentUrl\":\"https:\\\/\\\/secure.gravatar.com\\\/avatar\\\/8fadbca458d4cb68b1dd399ae9a40618d747bb1af65ac9fad21c89220a143eb4?s=96&d=mm&r=g\",\"caption\":\"maranhaotv\"},\"sameAs\":[\"https:\\\/\\\/maranhaotv.com.br\\\/\"],\"url\":\"https:\\\/\\\/maranhaotv.com.br\\\/index.php\\\/author\\\/maranhaotv\\\/\"}]}<\/script>\n<!-- \/ Yoast SEO plugin. -->","yoast_head_json":{"title":"Pol\u00edcia investiga sumi\u00e7o de carro multado e apreendido do p\u00e1tio da SMTT - NOT\u00cdCIAS EM TEMPO REAL","robots":{"index":"index","follow":"follow","max-snippet":"max-snippet:-1","max-image-preview":"max-image-preview:large","max-video-preview":"max-video-preview:-1"},"canonical":"https:\/\/maranhaotv.com.br\/index.php\/2025\/01\/17\/policia-investiga-sumico-de-carro-multado-e-apreendido-do-patio-da-smtt\/","og_locale":"pt_BR","og_type":"article","og_title":"Pol\u00edcia investiga sumi\u00e7o de carro multado e apreendido do p\u00e1tio da SMTT - NOT\u00cdCIAS EM TEMPO REAL","og_description":"A Pol\u00edcia Civil do Estado do Maranh\u00e3o instaurou inqu\u00e9rito policial visando investigar fato comunicado pelo propriet\u00e1rio de um ve\u00edculo, que","og_url":"https:\/\/maranhaotv.com.br\/index.php\/2025\/01\/17\/policia-investiga-sumico-de-carro-multado-e-apreendido-do-patio-da-smtt\/","og_site_name":"NOT\u00cdCIAS EM TEMPO REAL","article_publisher":"https:\/\/www.facebook.com\/maiobaotv","article_published_time":"2025-01-17T15:07:53+00:00","article_modified_time":"2025-01-17T15:07:55+00:00","og_image":[{"width":775,"height":754,"url":"https:\/\/maranhaotv.com.br\/wp-content\/uploads\/2025\/01\/image-96.png","type":"image\/png"}],"author":"maranhaotv","twitter_card":"summary_large_image","twitter_creator":"@sitemaranhaotv","twitter_site":"@sitemaranhaotv","twitter_misc":{"Escrito por":"maranhaotv","Est. tempo de leitura":"3 minutos"},"schema":{"@context":"https:\/\/schema.org","@graph":[{"@type":"Article","@id":"https:\/\/maranhaotv.com.br\/index.php\/2025\/01\/17\/policia-investiga-sumico-de-carro-multado-e-apreendido-do-patio-da-smtt\/#article","isPartOf":{"@id":"https:\/\/maranhaotv.com.br\/index.php\/2025\/01\/17\/policia-investiga-sumico-de-carro-multado-e-apreendido-do-patio-da-smtt\/"},"author":{"name":"maranhaotv","@id":"https:\/\/maranhaotv.com.br\/#\/schema\/person\/3d54238e86b20bb5c89ab2fdb8f8829a"},"headline":"Pol\u00edcia investiga sumi\u00e7o de carro multado e apreendido do p\u00e1tio da SMTT","datePublished":"2025-01-17T15:07:53+00:00","dateModified":"2025-01-17T15:07:55+00:00","mainEntityOfPage":{"@id":"https:\/\/maranhaotv.com.br\/index.php\/2025\/01\/17\/policia-investiga-sumico-de-carro-multado-e-apreendido-do-patio-da-smtt\/"},"wordCount":409,"commentCount":0,"publisher":{"@id":"https:\/\/maranhaotv.com.br\/#organization"},"image":{"@id":"https:\/\/maranhaotv.com.br\/index.php\/2025\/01\/17\/policia-investiga-sumico-de-carro-multado-e-apreendido-do-patio-da-smtt\/#primaryimage"},"thumbnailUrl":"https:\/\/maranhaotv.com.br\/wp-content\/uploads\/2025\/01\/image-96.png","articleSection":["policial"],"inLanguage":"pt-BR","potentialAction":[{"@type":"CommentAction","name":"Comment","target":["https:\/\/maranhaotv.com.br\/index.php\/2025\/01\/17\/policia-investiga-sumico-de-carro-multado-e-apreendido-do-patio-da-smtt\/#respond"]}]},{"@type":"WebPage","@id":"https:\/\/maranhaotv.com.br\/index.php\/2025\/01\/17\/policia-investiga-sumico-de-carro-multado-e-apreendido-do-patio-da-smtt\/","url":"https:\/\/maranhaotv.com.br\/index.php\/2025\/01\/17\/policia-investiga-sumico-de-carro-multado-e-apreendido-do-patio-da-smtt\/","name":"Pol\u00edcia investiga sumi\u00e7o de carro multado e apreendido do p\u00e1tio da SMTT - NOT\u00cdCIAS EM TEMPO REAL","isPartOf":{"@id":"https:\/\/maranhaotv.com.br\/#website"},"primaryImageOfPage":{"@id":"https:\/\/maranhaotv.com.br\/index.php\/2025\/01\/17\/policia-investiga-sumico-de-carro-multado-e-apreendido-do-patio-da-smtt\/#primaryimage"},"image":{"@id":"https:\/\/maranhaotv.com.br\/index.php\/2025\/01\/17\/policia-investiga-sumico-de-carro-multado-e-apreendido-do-patio-da-smtt\/#primaryimage"},"thumbnailUrl":"https:\/\/maranhaotv.com.br\/wp-content\/uploads\/2025\/01\/image-96.png","datePublished":"2025-01-17T15:07:53+00:00","dateModified":"2025-01-17T15:07:55+00:00","breadcrumb":{"@id":"https:\/\/maranhaotv.com.br\/index.php\/2025\/01\/17\/policia-investiga-sumico-de-carro-multado-e-apreendido-do-patio-da-smtt\/#breadcrumb"},"inLanguage":"pt-BR","potentialAction":[{"@type":"ReadAction","target":["https:\/\/maranhaotv.com.br\/index.php\/2025\/01\/17\/policia-investiga-sumico-de-carro-multado-e-apreendido-do-patio-da-smtt\/"]}]},{"@type":"ImageObject","inLanguage":"pt-BR","@id":"https:\/\/maranhaotv.com.br\/index.php\/2025\/01\/17\/policia-investiga-sumico-de-carro-multado-e-apreendido-do-patio-da-smtt\/#primaryimage","url":"https:\/\/maranhaotv.com.br\/wp-content\/uploads\/2025\/01\/image-96.png","contentUrl":"https:\/\/maranhaotv.com.br\/wp-content\/uploads\/2025\/01\/image-96.png","width":775,"height":754},{"@type":"BreadcrumbList","@id":"https:\/\/maranhaotv.com.br\/index.php\/2025\/01\/17\/policia-investiga-sumico-de-carro-multado-e-apreendido-do-patio-da-smtt\/#breadcrumb","itemListElement":[{"@type":"ListItem","position":1,"name":"In\u00edcio","item":"https:\/\/maranhaotv.com.br\/"},{"@type":"ListItem","position":2,"name":"Pol\u00edcia investiga sumi\u00e7o de carro multado e apreendido do p\u00e1tio da SMTT"}]},{"@type":"WebSite","@id":"https:\/\/maranhaotv.com.br\/#website","url":"https:\/\/maranhaotv.com.br\/","name":"Maranh\u00e3oTV","description":"","publisher":{"@id":"https:\/\/maranhaotv.com.br\/#organization"},"potentialAction":[{"@type":"SearchAction","target":{"@type":"EntryPoint","urlTemplate":"https:\/\/maranhaotv.com.br\/?s={search_term_string}"},"query-input":{"@type":"PropertyValueSpecification","valueRequired":true,"valueName":"search_term_string"}}],"inLanguage":"pt-BR"},{"@type":"Organization","@id":"https:\/\/maranhaotv.com.br\/#organization","name":"Portal de Not\u00edcias","url":"https:\/\/maranhaotv.com.br\/","logo":{"@type":"ImageObject","inLanguage":"pt-BR","@id":"https:\/\/maranhaotv.com.br\/#\/schema\/logo\/image\/","url":"https:\/\/maranhaotv.com.br\/wp-content\/uploads\/2024\/05\/cropped-cropped-avatar-1.png","contentUrl":"https:\/\/maranhaotv.com.br\/wp-content\/uploads\/2024\/05\/cropped-cropped-avatar-1.png","width":792,"height":428,"caption":"Portal de Not\u00edcias"},"image":{"@id":"https:\/\/maranhaotv.com.br\/#\/schema\/logo\/image\/"},"sameAs":["https:\/\/www.facebook.com\/maiobaotv","https:\/\/x.com\/sitemaranhaotv","https:\/\/www.instagram.com\/maranhao.tv","https:\/\/www.threads.net\/@maranhao.tv"]},{"@type":"Person","@id":"https:\/\/maranhaotv.com.br\/#\/schema\/person\/3d54238e86b20bb5c89ab2fdb8f8829a","name":"maranhaotv","image":{"@type":"ImageObject","inLanguage":"pt-BR","@id":"https:\/\/secure.gravatar.com\/avatar\/8fadbca458d4cb68b1dd399ae9a40618d747bb1af65ac9fad21c89220a143eb4?s=96&d=mm&r=g","url":"https:\/\/secure.gravatar.com\/avatar\/8fadbca458d4cb68b1dd399ae9a40618d747bb1af65ac9fad21c89220a143eb4?s=96&d=mm&r=g","contentUrl":"https:\/\/secure.gravatar.com\/avatar\/8fadbca458d4cb68b1dd399ae9a40618d747bb1af65ac9fad21c89220a143eb4?s=96&d=mm&r=g","caption":"maranhaotv"},"sameAs":["https:\/\/maranhaotv.com.br\/"],"url":"https:\/\/maranhaotv.com.br\/index.php\/author\/maranhaotv\/"}]}},"jetpack_featured_media_url":"https:\/\/maranhaotv.com.br\/wp-content\/uploads\/2025\/01\/image-96.png","jetpack_sharing_enabled":true,"_links":{"self":[{"href":"https:\/\/maranhaotv.com.br\/index.php\/wp-json\/wp\/v2\/posts\/39870","targetHints":{"allow":["GET"]}}],"collection":[{"href":"https:\/\/maranhaotv.com.br\/index.php\/wp-json\/wp\/v2\/posts"}],"about":[{"href":"https:\/\/maranhaotv.com.br\/index.php\/wp-json\/wp\/v2\/types\/post"}],"author":[{"embeddable":true,"href":"https:\/\/maranhaotv.com.br\/index.php\/wp-json\/wp\/v2\/users\/2"}],"replies":[{"embeddable":true,"href":"https:\/\/maranhaotv.com.br\/index.php\/wp-json\/wp\/v2\/comments?post=39870"}],"version-history":[{"count":1,"href":"https:\/\/maranhaotv.com.br\/index.php\/wp-json\/wp\/v2\/posts\/39870\/revisions"}],"predecessor-version":[{"id":39872,"href":"https:\/\/maranhaotv.com.br\/index.php\/wp-json\/wp\/v2\/posts\/39870\/revisions\/39872"}],"wp:featuredmedia":[{"embeddable":true,"href":"https:\/\/maranhaotv.com.br\/index.php\/wp-json\/wp\/v2\/media\/39871"}],"wp:attachment":[{"href":"https:\/\/maranhaotv.com.br\/index.php\/wp-json\/wp\/v2\/media?parent=39870"}],"wp:term":[{"taxonomy":"category","embeddable":true,"href":"https:\/\/maranhaotv.com.br\/index.php\/wp-json\/wp\/v2\/categories?post=39870"},{"taxonomy":"post_tag","embeddable":true,"href":"https:\/\/maranhaotv.com.br\/index.php\/wp-json\/wp\/v2\/tags?post=39870"}],"curies":[{"name":"wp","href":"https:\/\/api.w.org\/{rel}","templated":true}]}}