{"id":39919,"date":"2025-01-18T14:11:47","date_gmt":"2025-01-18T17:11:47","guid":{"rendered":"https:\/\/maranhaotv.com.br\/?p=39919"},"modified":"2025-01-18T14:12:00","modified_gmt":"2025-01-18T17:12:00","slug":"ao-lado-do-governador-fred-campos-inaugura-varios-servicos-para-a-populacao-de-paco-do-lumiar","status":"publish","type":"post","link":"https:\/\/maranhaotv.com.br\/index.php\/2025\/01\/18\/ao-lado-do-governador-fred-campos-inaugura-varios-servicos-para-a-populacao-de-paco-do-lumiar\/","title":{"rendered":"Ao lado do Governador, Fred Campos inaugura v\u00e1rios servi\u00e7os para a popula\u00e7\u00e3o de Pa\u00e7o do Lumiar"},"content":{"rendered":"\n<p><br><br>Na manh\u00e3 de hoje, 18, o prefeito de Pa\u00e7o do Lumiar recebeu a visita do governador Carlos Brand\u00e3o,\u00a0 para uma sequ\u00eancia de inaugura\u00e7\u00f5es na cidade. Ainda, em alus\u00e3o aos 64 anos da cidade, que n\u00e3o pode ocorrer na data prevista, em fun\u00e7\u00e3o das fortes chuvas no dia 14 de Janeiro,\u00a0 Fred adiou as inaugura\u00e7\u00f5es.<br><\/p>\n\n\n\n<p>A extensa agenda iniciou com a entrega do Complexo Pra\u00e7a e Areninha do Jaguarema, na Avenida 01 do referido Bairro. Al\u00e9m do governador, estavam presentes Mariana Brand\u00e3o, vice-prefeita do munic\u00edpio e o deputado federal Duarte Jr. O Complexo de Pra\u00e7a Areninha \u00e9 um espa\u00e7o multifuncional projetado para oferecer uma variedade de atividades recreativas e esportivas \u00e0 comunidade. <\/p>\n\n\n\n<p>O objetivo do Complexo de Pra\u00e7a Areninha \u00e9 fomentar o esporte e o lazer, promovendo a inclus\u00e3o social e proporcionando um ambiente seguro e acess\u00edvel para pessoas de todas as idades. Ele serve como um ponto de encontro para moradores, incentivando a pr\u00e1tica de atividades f\u00edsicas e o fortalecimento de la\u00e7os comunit\u00e1rios. <br>Durante evento, o governador assinou, junto com o prefeito, o ato de cria\u00e7\u00e3o de mais 04 escolas militares no munic\u00edpio.\u00a0 O deputado Duarte J\u00fanior tamb\u00e9m marcou presen\u00e7a e destacou a vis\u00e3o estrat\u00e9gica do prefeito Fred Campos.<\/p>\n\n\n\n<p><strong><em>\u201cEstou feliz e orgulhoso ao ver que Pa\u00e7o do Lumiar est\u00e1 no rumo certo. A diferen\u00e7a \u00e9 clara quando temos um prefeito que sabe se relacionar com o governo federal e, principalmente, com o governador Carlos Brand\u00e3o. Vamos trazer duas ambul\u00e2ncias para o SAMU, em parceria com essa gest\u00e3o que trabalha n\u00e3o apenas durante a elei\u00e7\u00e3o, mas tamb\u00e9m ap\u00f3s ela,\u201d pontuou Duarte.<\/em><\/strong><\/p>\n\n\n\n<figure class=\"wp-block-image size-large\"><img loading=\"lazy\" decoding=\"async\" width=\"1024\" height=\"683\" src=\"https:\/\/maranhaotv.com.br\/wp-content\/uploads\/2025\/01\/img-20250118-wa02184688614729183590810-1024x683.jpg\" alt=\"\" class=\"wp-image-39913\" srcset=\"https:\/\/maranhaotv.com.br\/wp-content\/uploads\/2025\/01\/img-20250118-wa02184688614729183590810-1024x683.jpg 1024w, https:\/\/maranhaotv.com.br\/wp-content\/uploads\/2025\/01\/img-20250118-wa02184688614729183590810-300x200.jpg 300w, https:\/\/maranhaotv.com.br\/wp-content\/uploads\/2025\/01\/img-20250118-wa02184688614729183590810-768x512.jpg 768w, https:\/\/maranhaotv.com.br\/wp-content\/uploads\/2025\/01\/img-20250118-wa02184688614729183590810-1536x1024.jpg 1536w, https:\/\/maranhaotv.com.br\/wp-content\/uploads\/2025\/01\/img-20250118-wa02184688614729183590810.jpg 1999w\" sizes=\"auto, (max-width: 1024px) 100vw, 1024px\" \/><\/figure>\n\n\n\n<figure class=\"wp-block-image\"><img loading=\"lazy\" decoding=\"async\" width=\"1024\" height=\"683\" src=\"https:\/\/maranhaotv.com.br\/wp-content\/uploads\/2025\/01\/img-20250118-wa02326881425173138470169-1024x683.jpg\" alt=\"\" class=\"wp-image-39912\" srcset=\"https:\/\/maranhaotv.com.br\/wp-content\/uploads\/2025\/01\/img-20250118-wa02326881425173138470169-1024x683.jpg 1024w, https:\/\/maranhaotv.com.br\/wp-content\/uploads\/2025\/01\/img-20250118-wa02326881425173138470169-300x200.jpg 300w, https:\/\/maranhaotv.com.br\/wp-content\/uploads\/2025\/01\/img-20250118-wa02326881425173138470169-768x512.jpg 768w, https:\/\/maranhaotv.com.br\/wp-content\/uploads\/2025\/01\/img-20250118-wa02326881425173138470169-1536x1024.jpg 1536w, https:\/\/maranhaotv.com.br\/wp-content\/uploads\/2025\/01\/img-20250118-wa02326881425173138470169.jpg 1999w\" sizes=\"auto, (max-width: 1024px) 100vw, 1024px\" \/><\/figure>\n\n\n\n<p><br>Antes do pronunciamento do governador Carlos Brand\u00e3o, ele pediu que fosse feita uma ora\u00e7\u00e3o. Em seguida, saudou a popula\u00e7\u00e3o e elogiou o trabalho do prefeito Fred Campos.<\/p>\n\n\n\n<p><em><strong>\u201cFred \u00e9 um amigo do governador e tem mais de 50 obras para inaugurar. Pa\u00e7o precisa de muitas b\u00ean\u00e7\u00e3os, e essa chuva que cai \u00e9 um sinal disso. Hoje \u00e9 um dia especial para mim, \u00e9 anivers\u00e1rio do meu filho, e fiz quest\u00e3o de comemorar aqui com voc\u00eas. Quero destacar os avan\u00e7os que temos feito: em dois anos, tiramos 700 mil pessoas da linha da pobreza, subimos da 14\u00aa para a 7\u00aa posi\u00e7\u00e3o em seguran\u00e7a p\u00fablica, e combatemos o analfabetismo como nenhum outro estado,\u201d disse o governador.<\/strong><\/em><br><br>Brand\u00e3o tamb\u00e9m anunciou investimentos no turismo e educa\u00e7\u00e3o, como a constru\u00e7\u00e3o de quatro escolas militares e os resultados positivos no IDEB, destacando o desempenho de uma aluna do Corpo de Bombeiros, aprovada em primeiro lugar no vestibular de Medicina da USP.<br>\u201cEstamos abrindo portas para o futuro dessas crian\u00e7as. Se j\u00e1 estava bom com Brand\u00e3o, agora ficar\u00e1 melhor, porque o Brand\u00e3o \u00e9 amigo do Fred,\u201d concluiu o governador.<br><br>Em seguida aconteceu a inaugura\u00e7\u00e3o no bairro Paran\u00e3 com a\u00a0 entrega para a popula\u00e7\u00e3o da Quadra do esportes do Paran\u00e3 I. A inaugura\u00e7\u00e3o da quadra de esportes servir\u00e1 como um importante ponto de encontro e lazer para a popula\u00e7\u00e3o. Al\u00e9m de promover a pr\u00e1tica de atividades f\u00edsicas, a nova quadra oferecer\u00e1 um espa\u00e7o seguro e adequado para esportes coletivos.<br><br>Por fim toda a comitiva seguiu para a Pra\u00e7a Ren\u00e9 Duarte, na Avenida 01, do Maiob\u00e3o. <\/p>\n\n\n\n<p><em><strong>\u201cDesde o dia 1\u00ba de janeiro, temos trabalhado para colocar a cidade no patamar que ela merece. O governador tem sido um verdadeiro pai para Pa\u00e7o do Lumiar. Iniciamos projetos como o Centro Administrativo, a revitaliza\u00e7\u00e3o do SAMU, o programa Ilumina , o Limpa Pa\u00e7o, maior programa de limpeza urbana e as metas de vacina\u00e7\u00e3o atingidas. Vamos transformar a cidade e cumprir tudo o que prometemos em campanha,\u201d afirmou Fred.<\/strong><\/em><\/p>\n\n\n\n<figure class=\"wp-block-image size-large\"><img loading=\"lazy\" decoding=\"async\" width=\"1024\" height=\"683\" src=\"https:\/\/maranhaotv.com.br\/wp-content\/uploads\/2025\/01\/img-20250118-wa02616046467605305746747-1024x683.jpg\" alt=\"\" class=\"wp-image-39915\" srcset=\"https:\/\/maranhaotv.com.br\/wp-content\/uploads\/2025\/01\/img-20250118-wa02616046467605305746747-1024x683.jpg 1024w, https:\/\/maranhaotv.com.br\/wp-content\/uploads\/2025\/01\/img-20250118-wa02616046467605305746747-300x200.jpg 300w, https:\/\/maranhaotv.com.br\/wp-content\/uploads\/2025\/01\/img-20250118-wa02616046467605305746747-768x512.jpg 768w, https:\/\/maranhaotv.com.br\/wp-content\/uploads\/2025\/01\/img-20250118-wa02616046467605305746747-1536x1024.jpg 1536w, https:\/\/maranhaotv.com.br\/wp-content\/uploads\/2025\/01\/img-20250118-wa02616046467605305746747.jpg 1999w\" sizes=\"auto, (max-width: 1024px) 100vw, 1024px\" \/><\/figure>\n\n\n\n<figure class=\"wp-block-image\"><img loading=\"lazy\" decoding=\"async\" width=\"1024\" height=\"683\" src=\"https:\/\/maranhaotv.com.br\/wp-content\/uploads\/2025\/01\/img-20250118-wa0200180718015935713661-1024x683.jpg\" alt=\"\" class=\"wp-image-39914\" srcset=\"https:\/\/maranhaotv.com.br\/wp-content\/uploads\/2025\/01\/img-20250118-wa0200180718015935713661-1024x683.jpg 1024w, https:\/\/maranhaotv.com.br\/wp-content\/uploads\/2025\/01\/img-20250118-wa0200180718015935713661-300x200.jpg 300w, https:\/\/maranhaotv.com.br\/wp-content\/uploads\/2025\/01\/img-20250118-wa0200180718015935713661-768x512.jpg 768w, https:\/\/maranhaotv.com.br\/wp-content\/uploads\/2025\/01\/img-20250118-wa0200180718015935713661-1536x1024.jpg 1536w, https:\/\/maranhaotv.com.br\/wp-content\/uploads\/2025\/01\/img-20250118-wa0200180718015935713661.jpg 1999w\" sizes=\"auto, (max-width: 1024px) 100vw, 1024px\" \/><\/figure>\n\n\n\n<p><br>O evento contou com a presen\u00e7a, al\u00e9m\u00a0 do Governador Carlos Brand\u00e3o, do prefeito Fred Campos e sua esposa, Maedja Campos, da vice-prefeita Mariana Brand\u00e3o, do deputado Duarte J\u00fanior, e de diversas autoridades estaduais e municipais, como:<br>\t\u2022\tL\u00edvio Mendon\u00e7a, subsecret\u00e1rio da Sedes;<br>\t\u2022\tJos\u00e9 Ant\u00f4nio Heluy, subsecret\u00e1rio de Educa\u00e7\u00e3o;<br>\t\u2022\tThiago Prado, secret\u00e1rio de Estado da Juventude;<br>\t\u2022\tCoronel C\u00e9lio Roberto, comandante do Corpo de Bombeiros;<br>\t\u2022\tCoronel Pit\u00e1goras, comandante-geral da PMMA;<br>\t\u2022\tRaimunda Santos, adjunta da SINFRA;<br>\t\u2022\tVin\u00edcius Costa, chefe de engenharia da SEGOV;<br>\t\u2022\tFernando Feitosa, presidente da C\u00e2mara Municipal, acompanhado de vereadores locais.<\/p>\n\n\n\n<figure class=\"wp-block-image size-large\"><img loading=\"lazy\" decoding=\"async\" width=\"1024\" height=\"683\" src=\"https:\/\/maranhaotv.com.br\/wp-content\/uploads\/2025\/01\/img-20250118-wa0224504819981026841873-1024x683.jpg\" alt=\"\" class=\"wp-image-39918\" srcset=\"https:\/\/maranhaotv.com.br\/wp-content\/uploads\/2025\/01\/img-20250118-wa0224504819981026841873-1024x683.jpg 1024w, https:\/\/maranhaotv.com.br\/wp-content\/uploads\/2025\/01\/img-20250118-wa0224504819981026841873-300x200.jpg 300w, https:\/\/maranhaotv.com.br\/wp-content\/uploads\/2025\/01\/img-20250118-wa0224504819981026841873-768x512.jpg 768w, https:\/\/maranhaotv.com.br\/wp-content\/uploads\/2025\/01\/img-20250118-wa0224504819981026841873-1536x1024.jpg 1536w, https:\/\/maranhaotv.com.br\/wp-content\/uploads\/2025\/01\/img-20250118-wa0224504819981026841873.jpg 1999w\" sizes=\"auto, (max-width: 1024px) 100vw, 1024px\" \/><\/figure>\n\n\n\n<figure class=\"wp-block-image\"><img loading=\"lazy\" decoding=\"async\" width=\"1024\" height=\"683\" src=\"https:\/\/maranhaotv.com.br\/wp-content\/uploads\/2025\/01\/img-20250118-wa02123924534995964407127-1024x683.jpg\" alt=\"\" class=\"wp-image-39917\" srcset=\"https:\/\/maranhaotv.com.br\/wp-content\/uploads\/2025\/01\/img-20250118-wa02123924534995964407127-1024x683.jpg 1024w, https:\/\/maranhaotv.com.br\/wp-content\/uploads\/2025\/01\/img-20250118-wa02123924534995964407127-300x200.jpg 300w, https:\/\/maranhaotv.com.br\/wp-content\/uploads\/2025\/01\/img-20250118-wa02123924534995964407127-768x512.jpg 768w, https:\/\/maranhaotv.com.br\/wp-content\/uploads\/2025\/01\/img-20250118-wa02123924534995964407127-1536x1024.jpg 1536w, https:\/\/maranhaotv.com.br\/wp-content\/uploads\/2025\/01\/img-20250118-wa02123924534995964407127.jpg 1999w\" sizes=\"auto, (max-width: 1024px) 100vw, 1024px\" \/><\/figure>\n\n\n\n<figure class=\"wp-block-image\"><img loading=\"lazy\" decoding=\"async\" width=\"1024\" height=\"683\" src=\"https:\/\/maranhaotv.com.br\/wp-content\/uploads\/2025\/01\/img-20250118-wa02065121897939329269965-1024x683.jpg\" alt=\"\" class=\"wp-image-39916\" srcset=\"https:\/\/maranhaotv.com.br\/wp-content\/uploads\/2025\/01\/img-20250118-wa02065121897939329269965-1024x683.jpg 1024w, https:\/\/maranhaotv.com.br\/wp-content\/uploads\/2025\/01\/img-20250118-wa02065121897939329269965-300x200.jpg 300w, https:\/\/maranhaotv.com.br\/wp-content\/uploads\/2025\/01\/img-20250118-wa02065121897939329269965-768x512.jpg 768w, https:\/\/maranhaotv.com.br\/wp-content\/uploads\/2025\/01\/img-20250118-wa02065121897939329269965-1536x1024.jpg 1536w, https:\/\/maranhaotv.com.br\/wp-content\/uploads\/2025\/01\/img-20250118-wa02065121897939329269965.jpg 1999w\" sizes=\"auto, (max-width: 1024px) 100vw, 1024px\" \/><\/figure>\n","protected":false},"excerpt":{"rendered":"<p>Na manh\u00e3 de hoje, 18, o prefeito de Pa\u00e7o do Lumiar recebeu a visita do governador Carlos Brand\u00e3o,\u00a0 para uma<\/p>\n","protected":false},"author":2,"featured_media":39910,"comment_status":"open","ping_status":"open","sticky":false,"template":"","format":"standard","meta":{"colormag_page_container_layout":"default_layout","colormag_page_sidebar_layout":"default_layout","_jetpack_memberships_contains_paid_content":false,"footnotes":""},"categories":[2],"tags":[43,440,15],"class_list":["post-39919","post","type-post","status-publish","format-standard","has-post-thumbnail","hentry","category-noticias","tag-fred-campos","tag-mariana-brandao","tag-paco-do-lumiar"],"magazineBlocksPostFeaturedMedia":{"thumbnail":"https:\/\/maranhaotv.com.br\/wp-content\/uploads\/2025\/01\/image_editor_output_image668431118-1737220017758-150x150.jpg","medium":"https:\/\/maranhaotv.com.br\/wp-content\/uploads\/2025\/01\/image_editor_output_image668431118-1737220017758-300x163.jpg","medium_large":"https:\/\/maranhaotv.com.br\/wp-content\/uploads\/2025\/01\/image_editor_output_image668431118-1737220017758-768x416.jpg","large":"https:\/\/maranhaotv.com.br\/wp-content\/uploads\/2025\/01\/image_editor_output_image668431118-1737220017758-1024x555.jpg","1536x1536":"https:\/\/maranhaotv.com.br\/wp-content\/uploads\/2025\/01\/image_editor_output_image668431118-1737220017758.jpg","2048x2048":"https:\/\/maranhaotv.com.br\/wp-content\/uploads\/2025\/01\/image_editor_output_image668431118-1737220017758.jpg","colormag-highlighted-post":"https:\/\/maranhaotv.com.br\/wp-content\/uploads\/2025\/01\/image_editor_output_image668431118-1737220017758-392x272.jpg","colormag-featured-post-medium":"https:\/\/maranhaotv.com.br\/wp-content\/uploads\/2025\/01\/image_editor_output_image668431118-1737220017758-390x205.jpg","colormag-featured-post-small":"https:\/\/maranhaotv.com.br\/wp-content\/uploads\/2025\/01\/image_editor_output_image668431118-1737220017758-130x90.jpg","colormag-featured-image":"https:\/\/maranhaotv.com.br\/wp-content\/uploads\/2025\/01\/image_editor_output_image668431118-1737220017758-800x445.jpg","colormag-default-news":"https:\/\/maranhaotv.com.br\/wp-content\/uploads\/2025\/01\/image_editor_output_image668431118-1737220017758-150x150.jpg","colormag-featured-image-large":"https:\/\/maranhaotv.com.br\/wp-content\/uploads\/2025\/01\/image_editor_output_image668431118-1737220017758.jpg"},"magazineBlocksPostAuthor":{"name":"maranhaotv","avatar":"https:\/\/secure.gravatar.com\/avatar\/8fadbca458d4cb68b1dd399ae9a40618d747bb1af65ac9fad21c89220a143eb4?s=96&d=mm&r=g"},"magazineBlocksPostCommentsNumber":"0","magazineBlocksPostExcerpt":"Na manh\u00e3 de hoje, 18, o prefeito de Pa\u00e7o do Lumiar recebeu a visita do governador Carlos Brand\u00e3o,\u00a0 para uma","magazineBlocksPostCategories":["not\u00edcias"],"magazineBlocksPostViewCount":321,"magazineBlocksPostReadTime":4,"magazine_blocks_featured_image_url":{"full":["https:\/\/maranhaotv.com.br\/wp-content\/uploads\/2025\/01\/image_editor_output_image668431118-1737220017758.jpg",1066,578,false],"medium":["https:\/\/maranhaotv.com.br\/wp-content\/uploads\/2025\/01\/image_editor_output_image668431118-1737220017758-300x163.jpg",300,163,true],"thumbnail":["https:\/\/maranhaotv.com.br\/wp-content\/uploads\/2025\/01\/image_editor_output_image668431118-1737220017758-150x150.jpg",150,150,true]},"magazine_blocks_author":{"display_name":"maranhaotv","author_link":"https:\/\/maranhaotv.com.br\/index.php\/author\/maranhaotv\/"},"magazine_blocks_comment":0,"magazine_blocks_author_image":"https:\/\/secure.gravatar.com\/avatar\/8fadbca458d4cb68b1dd399ae9a40618d747bb1af65ac9fad21c89220a143eb4?s=96&d=mm&r=g","magazine_blocks_category":"<a href=\"#\" class=\"category-link category-link-2\">not\u00edcias<\/a>","yoast_head":"<!-- This site is optimized with the Yoast SEO plugin v27.4 - https:\/\/yoast.com\/product\/yoast-seo-wordpress\/ -->\n<title>Ao lado do Governador, Fred Campos inaugura v\u00e1rios servi\u00e7os para a popula\u00e7\u00e3o de Pa\u00e7o do Lumiar - NOT\u00cdCIAS EM TEMPO REAL<\/title>\n<meta name=\"robots\" content=\"index, follow, max-snippet:-1, max-image-preview:large, max-video-preview:-1\" \/>\n<link rel=\"canonical\" href=\"https:\/\/maranhaotv.com.br\/index.php\/2025\/01\/18\/ao-lado-do-governador-fred-campos-inaugura-varios-servicos-para-a-populacao-de-paco-do-lumiar\/\" \/>\n<meta property=\"og:locale\" content=\"pt_BR\" \/>\n<meta property=\"og:type\" content=\"article\" \/>\n<meta property=\"og:title\" content=\"Ao lado do Governador, Fred Campos inaugura v\u00e1rios servi\u00e7os para a popula\u00e7\u00e3o de Pa\u00e7o do Lumiar - NOT\u00cdCIAS EM TEMPO REAL\" \/>\n<meta property=\"og:description\" content=\"Na manh\u00e3 de hoje, 18, o prefeito de Pa\u00e7o do Lumiar recebeu a visita do governador Carlos Brand\u00e3o,\u00a0 para uma\" \/>\n<meta property=\"og:url\" content=\"https:\/\/maranhaotv.com.br\/index.php\/2025\/01\/18\/ao-lado-do-governador-fred-campos-inaugura-varios-servicos-para-a-populacao-de-paco-do-lumiar\/\" \/>\n<meta property=\"og:site_name\" content=\"NOT\u00cdCIAS EM TEMPO REAL\" \/>\n<meta property=\"article:publisher\" content=\"https:\/\/www.facebook.com\/maiobaotv\" \/>\n<meta property=\"article:published_time\" content=\"2025-01-18T17:11:47+00:00\" \/>\n<meta property=\"article:modified_time\" content=\"2025-01-18T17:12:00+00:00\" \/>\n<meta property=\"og:image\" content=\"https:\/\/maranhaotv.com.br\/wp-content\/uploads\/2025\/01\/image_editor_output_image668431118-1737220017758.jpg\" \/>\n\t<meta property=\"og:image:width\" content=\"1066\" \/>\n\t<meta property=\"og:image:height\" content=\"578\" \/>\n\t<meta property=\"og:image:type\" content=\"image\/jpeg\" \/>\n<meta name=\"author\" content=\"maranhaotv\" \/>\n<meta name=\"twitter:card\" content=\"summary_large_image\" \/>\n<meta name=\"twitter:creator\" content=\"@sitemaranhaotv\" \/>\n<meta name=\"twitter:site\" content=\"@sitemaranhaotv\" \/>\n<meta name=\"twitter:label1\" content=\"Escrito por\" \/>\n\t<meta name=\"twitter:data1\" content=\"maranhaotv\" \/>\n\t<meta name=\"twitter:label2\" content=\"Est. tempo de leitura\" \/>\n\t<meta name=\"twitter:data2\" content=\"4 minutos\" \/>\n<script type=\"application\/ld+json\" class=\"yoast-schema-graph\">{\"@context\":\"https:\\\/\\\/schema.org\",\"@graph\":[{\"@type\":\"Article\",\"@id\":\"https:\\\/\\\/maranhaotv.com.br\\\/index.php\\\/2025\\\/01\\\/18\\\/ao-lado-do-governador-fred-campos-inaugura-varios-servicos-para-a-populacao-de-paco-do-lumiar\\\/#article\",\"isPartOf\":{\"@id\":\"https:\\\/\\\/maranhaotv.com.br\\\/index.php\\\/2025\\\/01\\\/18\\\/ao-lado-do-governador-fred-campos-inaugura-varios-servicos-para-a-populacao-de-paco-do-lumiar\\\/\"},\"author\":{\"name\":\"maranhaotv\",\"@id\":\"https:\\\/\\\/maranhaotv.com.br\\\/#\\\/schema\\\/person\\\/3d54238e86b20bb5c89ab2fdb8f8829a\"},\"headline\":\"Ao lado do Governador, Fred Campos inaugura v\u00e1rios servi\u00e7os para a popula\u00e7\u00e3o de Pa\u00e7o do Lumiar\",\"datePublished\":\"2025-01-18T17:11:47+00:00\",\"dateModified\":\"2025-01-18T17:12:00+00:00\",\"mainEntityOfPage\":{\"@id\":\"https:\\\/\\\/maranhaotv.com.br\\\/index.php\\\/2025\\\/01\\\/18\\\/ao-lado-do-governador-fred-campos-inaugura-varios-servicos-para-a-populacao-de-paco-do-lumiar\\\/\"},\"wordCount\":763,\"commentCount\":0,\"publisher\":{\"@id\":\"https:\\\/\\\/maranhaotv.com.br\\\/#organization\"},\"image\":{\"@id\":\"https:\\\/\\\/maranhaotv.com.br\\\/index.php\\\/2025\\\/01\\\/18\\\/ao-lado-do-governador-fred-campos-inaugura-varios-servicos-para-a-populacao-de-paco-do-lumiar\\\/#primaryimage\"},\"thumbnailUrl\":\"https:\\\/\\\/maranhaotv.com.br\\\/wp-content\\\/uploads\\\/2025\\\/01\\\/image_editor_output_image668431118-1737220017758.jpg\",\"keywords\":[\"Fred Campos\",\"Mariana Brand\u00e3o\",\"Pa\u00e7o do Lumiar\"],\"articleSection\":[\"not\u00edcias\"],\"inLanguage\":\"pt-BR\",\"potentialAction\":[{\"@type\":\"CommentAction\",\"name\":\"Comment\",\"target\":[\"https:\\\/\\\/maranhaotv.com.br\\\/index.php\\\/2025\\\/01\\\/18\\\/ao-lado-do-governador-fred-campos-inaugura-varios-servicos-para-a-populacao-de-paco-do-lumiar\\\/#respond\"]}]},{\"@type\":\"WebPage\",\"@id\":\"https:\\\/\\\/maranhaotv.com.br\\\/index.php\\\/2025\\\/01\\\/18\\\/ao-lado-do-governador-fred-campos-inaugura-varios-servicos-para-a-populacao-de-paco-do-lumiar\\\/\",\"url\":\"https:\\\/\\\/maranhaotv.com.br\\\/index.php\\\/2025\\\/01\\\/18\\\/ao-lado-do-governador-fred-campos-inaugura-varios-servicos-para-a-populacao-de-paco-do-lumiar\\\/\",\"name\":\"Ao lado do Governador, Fred Campos inaugura v\u00e1rios servi\u00e7os para a popula\u00e7\u00e3o de Pa\u00e7o do Lumiar - NOT\u00cdCIAS EM TEMPO REAL\",\"isPartOf\":{\"@id\":\"https:\\\/\\\/maranhaotv.com.br\\\/#website\"},\"primaryImageOfPage\":{\"@id\":\"https:\\\/\\\/maranhaotv.com.br\\\/index.php\\\/2025\\\/01\\\/18\\\/ao-lado-do-governador-fred-campos-inaugura-varios-servicos-para-a-populacao-de-paco-do-lumiar\\\/#primaryimage\"},\"image\":{\"@id\":\"https:\\\/\\\/maranhaotv.com.br\\\/index.php\\\/2025\\\/01\\\/18\\\/ao-lado-do-governador-fred-campos-inaugura-varios-servicos-para-a-populacao-de-paco-do-lumiar\\\/#primaryimage\"},\"thumbnailUrl\":\"https:\\\/\\\/maranhaotv.com.br\\\/wp-content\\\/uploads\\\/2025\\\/01\\\/image_editor_output_image668431118-1737220017758.jpg\",\"datePublished\":\"2025-01-18T17:11:47+00:00\",\"dateModified\":\"2025-01-18T17:12:00+00:00\",\"breadcrumb\":{\"@id\":\"https:\\\/\\\/maranhaotv.com.br\\\/index.php\\\/2025\\\/01\\\/18\\\/ao-lado-do-governador-fred-campos-inaugura-varios-servicos-para-a-populacao-de-paco-do-lumiar\\\/#breadcrumb\"},\"inLanguage\":\"pt-BR\",\"potentialAction\":[{\"@type\":\"ReadAction\",\"target\":[\"https:\\\/\\\/maranhaotv.com.br\\\/index.php\\\/2025\\\/01\\\/18\\\/ao-lado-do-governador-fred-campos-inaugura-varios-servicos-para-a-populacao-de-paco-do-lumiar\\\/\"]}]},{\"@type\":\"ImageObject\",\"inLanguage\":\"pt-BR\",\"@id\":\"https:\\\/\\\/maranhaotv.com.br\\\/index.php\\\/2025\\\/01\\\/18\\\/ao-lado-do-governador-fred-campos-inaugura-varios-servicos-para-a-populacao-de-paco-do-lumiar\\\/#primaryimage\",\"url\":\"https:\\\/\\\/maranhaotv.com.br\\\/wp-content\\\/uploads\\\/2025\\\/01\\\/image_editor_output_image668431118-1737220017758.jpg\",\"contentUrl\":\"https:\\\/\\\/maranhaotv.com.br\\\/wp-content\\\/uploads\\\/2025\\\/01\\\/image_editor_output_image668431118-1737220017758.jpg\",\"width\":1066,\"height\":578},{\"@type\":\"BreadcrumbList\",\"@id\":\"https:\\\/\\\/maranhaotv.com.br\\\/index.php\\\/2025\\\/01\\\/18\\\/ao-lado-do-governador-fred-campos-inaugura-varios-servicos-para-a-populacao-de-paco-do-lumiar\\\/#breadcrumb\",\"itemListElement\":[{\"@type\":\"ListItem\",\"position\":1,\"name\":\"In\u00edcio\",\"item\":\"https:\\\/\\\/maranhaotv.com.br\\\/\"},{\"@type\":\"ListItem\",\"position\":2,\"name\":\"Ao lado do Governador, Fred Campos inaugura v\u00e1rios servi\u00e7os para a popula\u00e7\u00e3o de Pa\u00e7o do Lumiar\"}]},{\"@type\":\"WebSite\",\"@id\":\"https:\\\/\\\/maranhaotv.com.br\\\/#website\",\"url\":\"https:\\\/\\\/maranhaotv.com.br\\\/\",\"name\":\"Maranh\u00e3oTV\",\"description\":\"\",\"publisher\":{\"@id\":\"https:\\\/\\\/maranhaotv.com.br\\\/#organization\"},\"potentialAction\":[{\"@type\":\"SearchAction\",\"target\":{\"@type\":\"EntryPoint\",\"urlTemplate\":\"https:\\\/\\\/maranhaotv.com.br\\\/?s={search_term_string}\"},\"query-input\":{\"@type\":\"PropertyValueSpecification\",\"valueRequired\":true,\"valueName\":\"search_term_string\"}}],\"inLanguage\":\"pt-BR\"},{\"@type\":\"Organization\",\"@id\":\"https:\\\/\\\/maranhaotv.com.br\\\/#organization\",\"name\":\"Portal de Not\u00edcias\",\"url\":\"https:\\\/\\\/maranhaotv.com.br\\\/\",\"logo\":{\"@type\":\"ImageObject\",\"inLanguage\":\"pt-BR\",\"@id\":\"https:\\\/\\\/maranhaotv.com.br\\\/#\\\/schema\\\/logo\\\/image\\\/\",\"url\":\"https:\\\/\\\/maranhaotv.com.br\\\/wp-content\\\/uploads\\\/2024\\\/05\\\/cropped-cropped-avatar-1.png\",\"contentUrl\":\"https:\\\/\\\/maranhaotv.com.br\\\/wp-content\\\/uploads\\\/2024\\\/05\\\/cropped-cropped-avatar-1.png\",\"width\":792,\"height\":428,\"caption\":\"Portal de Not\u00edcias\"},\"image\":{\"@id\":\"https:\\\/\\\/maranhaotv.com.br\\\/#\\\/schema\\\/logo\\\/image\\\/\"},\"sameAs\":[\"https:\\\/\\\/www.facebook.com\\\/maiobaotv\",\"https:\\\/\\\/x.com\\\/sitemaranhaotv\",\"https:\\\/\\\/www.instagram.com\\\/maranhao.tv\",\"https:\\\/\\\/www.threads.net\\\/@maranhao.tv\"]},{\"@type\":\"Person\",\"@id\":\"https:\\\/\\\/maranhaotv.com.br\\\/#\\\/schema\\\/person\\\/3d54238e86b20bb5c89ab2fdb8f8829a\",\"name\":\"maranhaotv\",\"image\":{\"@type\":\"ImageObject\",\"inLanguage\":\"pt-BR\",\"@id\":\"https:\\\/\\\/secure.gravatar.com\\\/avatar\\\/8fadbca458d4cb68b1dd399ae9a40618d747bb1af65ac9fad21c89220a143eb4?s=96&d=mm&r=g\",\"url\":\"https:\\\/\\\/secure.gravatar.com\\\/avatar\\\/8fadbca458d4cb68b1dd399ae9a40618d747bb1af65ac9fad21c89220a143eb4?s=96&d=mm&r=g\",\"contentUrl\":\"https:\\\/\\\/secure.gravatar.com\\\/avatar\\\/8fadbca458d4cb68b1dd399ae9a40618d747bb1af65ac9fad21c89220a143eb4?s=96&d=mm&r=g\",\"caption\":\"maranhaotv\"},\"sameAs\":[\"https:\\\/\\\/maranhaotv.com.br\\\/\"],\"url\":\"https:\\\/\\\/maranhaotv.com.br\\\/index.php\\\/author\\\/maranhaotv\\\/\"}]}<\/script>\n<!-- \/ Yoast SEO plugin. -->","yoast_head_json":{"title":"Ao lado do Governador, Fred Campos inaugura v\u00e1rios servi\u00e7os para a popula\u00e7\u00e3o de Pa\u00e7o do Lumiar - NOT\u00cdCIAS EM TEMPO REAL","robots":{"index":"index","follow":"follow","max-snippet":"max-snippet:-1","max-image-preview":"max-image-preview:large","max-video-preview":"max-video-preview:-1"},"canonical":"https:\/\/maranhaotv.com.br\/index.php\/2025\/01\/18\/ao-lado-do-governador-fred-campos-inaugura-varios-servicos-para-a-populacao-de-paco-do-lumiar\/","og_locale":"pt_BR","og_type":"article","og_title":"Ao lado do Governador, Fred Campos inaugura v\u00e1rios servi\u00e7os para a popula\u00e7\u00e3o de Pa\u00e7o do Lumiar - NOT\u00cdCIAS EM TEMPO REAL","og_description":"Na manh\u00e3 de hoje, 18, o prefeito de Pa\u00e7o do Lumiar recebeu a visita do governador Carlos Brand\u00e3o,\u00a0 para uma","og_url":"https:\/\/maranhaotv.com.br\/index.php\/2025\/01\/18\/ao-lado-do-governador-fred-campos-inaugura-varios-servicos-para-a-populacao-de-paco-do-lumiar\/","og_site_name":"NOT\u00cdCIAS EM TEMPO REAL","article_publisher":"https:\/\/www.facebook.com\/maiobaotv","article_published_time":"2025-01-18T17:11:47+00:00","article_modified_time":"2025-01-18T17:12:00+00:00","og_image":[{"width":1066,"height":578,"url":"https:\/\/maranhaotv.com.br\/wp-content\/uploads\/2025\/01\/image_editor_output_image668431118-1737220017758.jpg","type":"image\/jpeg"}],"author":"maranhaotv","twitter_card":"summary_large_image","twitter_creator":"@sitemaranhaotv","twitter_site":"@sitemaranhaotv","twitter_misc":{"Escrito por":"maranhaotv","Est. tempo de leitura":"4 minutos"},"schema":{"@context":"https:\/\/schema.org","@graph":[{"@type":"Article","@id":"https:\/\/maranhaotv.com.br\/index.php\/2025\/01\/18\/ao-lado-do-governador-fred-campos-inaugura-varios-servicos-para-a-populacao-de-paco-do-lumiar\/#article","isPartOf":{"@id":"https:\/\/maranhaotv.com.br\/index.php\/2025\/01\/18\/ao-lado-do-governador-fred-campos-inaugura-varios-servicos-para-a-populacao-de-paco-do-lumiar\/"},"author":{"name":"maranhaotv","@id":"https:\/\/maranhaotv.com.br\/#\/schema\/person\/3d54238e86b20bb5c89ab2fdb8f8829a"},"headline":"Ao lado do Governador, Fred Campos inaugura v\u00e1rios servi\u00e7os para a popula\u00e7\u00e3o de Pa\u00e7o do Lumiar","datePublished":"2025-01-18T17:11:47+00:00","dateModified":"2025-01-18T17:12:00+00:00","mainEntityOfPage":{"@id":"https:\/\/maranhaotv.com.br\/index.php\/2025\/01\/18\/ao-lado-do-governador-fred-campos-inaugura-varios-servicos-para-a-populacao-de-paco-do-lumiar\/"},"wordCount":763,"commentCount":0,"publisher":{"@id":"https:\/\/maranhaotv.com.br\/#organization"},"image":{"@id":"https:\/\/maranhaotv.com.br\/index.php\/2025\/01\/18\/ao-lado-do-governador-fred-campos-inaugura-varios-servicos-para-a-populacao-de-paco-do-lumiar\/#primaryimage"},"thumbnailUrl":"https:\/\/maranhaotv.com.br\/wp-content\/uploads\/2025\/01\/image_editor_output_image668431118-1737220017758.jpg","keywords":["Fred Campos","Mariana Brand\u00e3o","Pa\u00e7o do Lumiar"],"articleSection":["not\u00edcias"],"inLanguage":"pt-BR","potentialAction":[{"@type":"CommentAction","name":"Comment","target":["https:\/\/maranhaotv.com.br\/index.php\/2025\/01\/18\/ao-lado-do-governador-fred-campos-inaugura-varios-servicos-para-a-populacao-de-paco-do-lumiar\/#respond"]}]},{"@type":"WebPage","@id":"https:\/\/maranhaotv.com.br\/index.php\/2025\/01\/18\/ao-lado-do-governador-fred-campos-inaugura-varios-servicos-para-a-populacao-de-paco-do-lumiar\/","url":"https:\/\/maranhaotv.com.br\/index.php\/2025\/01\/18\/ao-lado-do-governador-fred-campos-inaugura-varios-servicos-para-a-populacao-de-paco-do-lumiar\/","name":"Ao lado do Governador, Fred Campos inaugura v\u00e1rios servi\u00e7os para a popula\u00e7\u00e3o de Pa\u00e7o do Lumiar - NOT\u00cdCIAS EM TEMPO REAL","isPartOf":{"@id":"https:\/\/maranhaotv.com.br\/#website"},"primaryImageOfPage":{"@id":"https:\/\/maranhaotv.com.br\/index.php\/2025\/01\/18\/ao-lado-do-governador-fred-campos-inaugura-varios-servicos-para-a-populacao-de-paco-do-lumiar\/#primaryimage"},"image":{"@id":"https:\/\/maranhaotv.com.br\/index.php\/2025\/01\/18\/ao-lado-do-governador-fred-campos-inaugura-varios-servicos-para-a-populacao-de-paco-do-lumiar\/#primaryimage"},"thumbnailUrl":"https:\/\/maranhaotv.com.br\/wp-content\/uploads\/2025\/01\/image_editor_output_image668431118-1737220017758.jpg","datePublished":"2025-01-18T17:11:47+00:00","dateModified":"2025-01-18T17:12:00+00:00","breadcrumb":{"@id":"https:\/\/maranhaotv.com.br\/index.php\/2025\/01\/18\/ao-lado-do-governador-fred-campos-inaugura-varios-servicos-para-a-populacao-de-paco-do-lumiar\/#breadcrumb"},"inLanguage":"pt-BR","potentialAction":[{"@type":"ReadAction","target":["https:\/\/maranhaotv.com.br\/index.php\/2025\/01\/18\/ao-lado-do-governador-fred-campos-inaugura-varios-servicos-para-a-populacao-de-paco-do-lumiar\/"]}]},{"@type":"ImageObject","inLanguage":"pt-BR","@id":"https:\/\/maranhaotv.com.br\/index.php\/2025\/01\/18\/ao-lado-do-governador-fred-campos-inaugura-varios-servicos-para-a-populacao-de-paco-do-lumiar\/#primaryimage","url":"https:\/\/maranhaotv.com.br\/wp-content\/uploads\/2025\/01\/image_editor_output_image668431118-1737220017758.jpg","contentUrl":"https:\/\/maranhaotv.com.br\/wp-content\/uploads\/2025\/01\/image_editor_output_image668431118-1737220017758.jpg","width":1066,"height":578},{"@type":"BreadcrumbList","@id":"https:\/\/maranhaotv.com.br\/index.php\/2025\/01\/18\/ao-lado-do-governador-fred-campos-inaugura-varios-servicos-para-a-populacao-de-paco-do-lumiar\/#breadcrumb","itemListElement":[{"@type":"ListItem","position":1,"name":"In\u00edcio","item":"https:\/\/maranhaotv.com.br\/"},{"@type":"ListItem","position":2,"name":"Ao lado do Governador, Fred Campos inaugura v\u00e1rios servi\u00e7os para a popula\u00e7\u00e3o de Pa\u00e7o do Lumiar"}]},{"@type":"WebSite","@id":"https:\/\/maranhaotv.com.br\/#website","url":"https:\/\/maranhaotv.com.br\/","name":"Maranh\u00e3oTV","description":"","publisher":{"@id":"https:\/\/maranhaotv.com.br\/#organization"},"potentialAction":[{"@type":"SearchAction","target":{"@type":"EntryPoint","urlTemplate":"https:\/\/maranhaotv.com.br\/?s={search_term_string}"},"query-input":{"@type":"PropertyValueSpecification","valueRequired":true,"valueName":"search_term_string"}}],"inLanguage":"pt-BR"},{"@type":"Organization","@id":"https:\/\/maranhaotv.com.br\/#organization","name":"Portal de Not\u00edcias","url":"https:\/\/maranhaotv.com.br\/","logo":{"@type":"ImageObject","inLanguage":"pt-BR","@id":"https:\/\/maranhaotv.com.br\/#\/schema\/logo\/image\/","url":"https:\/\/maranhaotv.com.br\/wp-content\/uploads\/2024\/05\/cropped-cropped-avatar-1.png","contentUrl":"https:\/\/maranhaotv.com.br\/wp-content\/uploads\/2024\/05\/cropped-cropped-avatar-1.png","width":792,"height":428,"caption":"Portal de Not\u00edcias"},"image":{"@id":"https:\/\/maranhaotv.com.br\/#\/schema\/logo\/image\/"},"sameAs":["https:\/\/www.facebook.com\/maiobaotv","https:\/\/x.com\/sitemaranhaotv","https:\/\/www.instagram.com\/maranhao.tv","https:\/\/www.threads.net\/@maranhao.tv"]},{"@type":"Person","@id":"https:\/\/maranhaotv.com.br\/#\/schema\/person\/3d54238e86b20bb5c89ab2fdb8f8829a","name":"maranhaotv","image":{"@type":"ImageObject","inLanguage":"pt-BR","@id":"https:\/\/secure.gravatar.com\/avatar\/8fadbca458d4cb68b1dd399ae9a40618d747bb1af65ac9fad21c89220a143eb4?s=96&d=mm&r=g","url":"https:\/\/secure.gravatar.com\/avatar\/8fadbca458d4cb68b1dd399ae9a40618d747bb1af65ac9fad21c89220a143eb4?s=96&d=mm&r=g","contentUrl":"https:\/\/secure.gravatar.com\/avatar\/8fadbca458d4cb68b1dd399ae9a40618d747bb1af65ac9fad21c89220a143eb4?s=96&d=mm&r=g","caption":"maranhaotv"},"sameAs":["https:\/\/maranhaotv.com.br\/"],"url":"https:\/\/maranhaotv.com.br\/index.php\/author\/maranhaotv\/"}]}},"jetpack_featured_media_url":"https:\/\/maranhaotv.com.br\/wp-content\/uploads\/2025\/01\/image_editor_output_image668431118-1737220017758.jpg","jetpack_sharing_enabled":true,"_links":{"self":[{"href":"https:\/\/maranhaotv.com.br\/index.php\/wp-json\/wp\/v2\/posts\/39919","targetHints":{"allow":["GET"]}}],"collection":[{"href":"https:\/\/maranhaotv.com.br\/index.php\/wp-json\/wp\/v2\/posts"}],"about":[{"href":"https:\/\/maranhaotv.com.br\/index.php\/wp-json\/wp\/v2\/types\/post"}],"author":[{"embeddable":true,"href":"https:\/\/maranhaotv.com.br\/index.php\/wp-json\/wp\/v2\/users\/2"}],"replies":[{"embeddable":true,"href":"https:\/\/maranhaotv.com.br\/index.php\/wp-json\/wp\/v2\/comments?post=39919"}],"version-history":[{"count":1,"href":"https:\/\/maranhaotv.com.br\/index.php\/wp-json\/wp\/v2\/posts\/39919\/revisions"}],"predecessor-version":[{"id":39920,"href":"https:\/\/maranhaotv.com.br\/index.php\/wp-json\/wp\/v2\/posts\/39919\/revisions\/39920"}],"wp:featuredmedia":[{"embeddable":true,"href":"https:\/\/maranhaotv.com.br\/index.php\/wp-json\/wp\/v2\/media\/39910"}],"wp:attachment":[{"href":"https:\/\/maranhaotv.com.br\/index.php\/wp-json\/wp\/v2\/media?parent=39919"}],"wp:term":[{"taxonomy":"category","embeddable":true,"href":"https:\/\/maranhaotv.com.br\/index.php\/wp-json\/wp\/v2\/categories?post=39919"},{"taxonomy":"post_tag","embeddable":true,"href":"https:\/\/maranhaotv.com.br\/index.php\/wp-json\/wp\/v2\/tags?post=39919"}],"curies":[{"name":"wp","href":"https:\/\/api.w.org\/{rel}","templated":true}]}}