{"id":39991,"date":"2025-01-22T17:08:43","date_gmt":"2025-01-22T20:08:43","guid":{"rendered":"https:\/\/maranhaotv.com.br\/?p=39991"},"modified":"2025-01-22T17:10:39","modified_gmt":"2025-01-22T20:10:39","slug":"prefeito-fred-campos-e-governador-brandao-assinam-plano-diretor-de-desenvolvimento-integrado-da-regiao-metropolitana","status":"publish","type":"post","link":"https:\/\/maranhaotv.com.br\/index.php\/2025\/01\/22\/prefeito-fred-campos-e-governador-brandao-assinam-plano-diretor-de-desenvolvimento-integrado-da-regiao-metropolitana\/","title":{"rendered":"Prefeito Fred Campos e Governador Brand\u00e3o assinam\u00a0 Plano Diretor de Desenvolvimento Integrado da Regi\u00e3o Metropolitana"},"content":{"rendered":"\n<p><br>O prefeito Fred Campos participou, nesta quarta-feira, 22, no Pal\u00e1cio dos Le\u00f5es, junto com o governador Carlos Brand\u00e3o, da assinatura das ordens de servi\u00e7o para elabora\u00e7\u00e3o do Plano Diretor de Desenvolvimento Integrado (PDDI) da Regi\u00e3o Metropolitana de S\u00e3o Lu\u00eds. <br><br>O PDDI busca integrar pol\u00edticas p\u00fablicas para a gest\u00e3o territorial, ambiental, socioecon\u00f4mica e de mobilidade urbana dos munic\u00edpios da Grande Ilha, que inclui as cidades de Pa\u00e7o do Lumiar, S\u00e3o Lu\u00eds, S\u00e3o Jos\u00e9 de Ribamar e Raposa. O plano ter\u00e1 10 anos de validade e visa atrair investimentos, atender \u00e0s demandas sociais e promover a gest\u00e3o ambiental de toda a regi\u00e3o.<br><br>\u201cImportante a\u00e7\u00e3o de impacto social para Pa\u00e7o, pois vai integrar pol\u00edticas p\u00fablicas das cidades vizinhas. Refor\u00e7ando o municipalismo, o Governador Carlos Brand\u00e3o vai promover o desenvolvimento conjunto dos munic\u00edpios que comp\u00f5em a nossa regi\u00e3o\u201d, destacou o prefeito Fred Campos. <br><br>O Plano Diretor de Desenvolvimento Integrado (PDDI) da Regi\u00e3o Metropolitana da<br>Grande S\u00e3o Lu\u00eds \u00e9 um instrumento para promo\u00e7\u00e3o do desenvolvimento sustent\u00e1vel, equilibrado e integrado dos munic\u00edpios que comp\u00f5em a regi\u00e3o metropolitana de S\u00e3o Lu\u00eds.<br><br>*A\u00e7\u00f5es Integradas*<br><br>Com base nas tem\u00e1ticas: atra\u00e7\u00e3o de investimentos, sustentabilidade, preserva\u00e7\u00e3o ambiental, fortalecimento da governan\u00e7a metropolitana, regulariza\u00e7\u00e3o fundi\u00e1ria e habita\u00e7\u00e3o, o planejamento estrat\u00e9gico foi criado com o intuito de garantir um crescimento ordenado e sustent\u00e1vel, permitindo uma vis\u00e3o integrada do crescimento urbano, considerando as potencialidades dos munic\u00edpios. <br><br>O Plano foi desenvolvido em parceria entre a Universidade Estadual do Maranh\u00e3o (Uema), Ag\u00eancia Executiva Metropolitana (Agem) e a Funda\u00e7\u00e3o de Apoio ao Ensino, Pesquisa e Extens\u00e3o (FAPEAD). A elabora\u00e7\u00e3o contou com participa\u00e7\u00e3o social e coopera\u00e7\u00e3o entre os governos municipal, estadual e federal visando alcan\u00e7ar os melhores resultados.<\/p>\n\n\n\n<figure class=\"wp-block-image size-large\"><img loading=\"lazy\" decoding=\"async\" width=\"1024\" height=\"682\" src=\"https:\/\/maranhaotv.com.br\/wp-content\/uploads\/2025\/01\/img-20250122-wa02238220298359277255905-1024x682.jpg\" alt=\"\" class=\"wp-image-39988\" srcset=\"https:\/\/maranhaotv.com.br\/wp-content\/uploads\/2025\/01\/img-20250122-wa02238220298359277255905-1024x682.jpg 1024w, https:\/\/maranhaotv.com.br\/wp-content\/uploads\/2025\/01\/img-20250122-wa02238220298359277255905-300x200.jpg 300w, https:\/\/maranhaotv.com.br\/wp-content\/uploads\/2025\/01\/img-20250122-wa02238220298359277255905-768x512.jpg 768w, https:\/\/maranhaotv.com.br\/wp-content\/uploads\/2025\/01\/img-20250122-wa02238220298359277255905-1536x1023.jpg 1536w, https:\/\/maranhaotv.com.br\/wp-content\/uploads\/2025\/01\/img-20250122-wa02238220298359277255905.jpg 1600w\" sizes=\"auto, (max-width: 1024px) 100vw, 1024px\" \/><\/figure>\n\n\n\n<figure class=\"wp-block-image\"><img loading=\"lazy\" decoding=\"async\" width=\"1024\" height=\"682\" src=\"https:\/\/maranhaotv.com.br\/wp-content\/uploads\/2025\/01\/img-20250122-wa02003127548339825853092-1024x682.jpg\" alt=\"\" class=\"wp-image-39989\" srcset=\"https:\/\/maranhaotv.com.br\/wp-content\/uploads\/2025\/01\/img-20250122-wa02003127548339825853092-1024x682.jpg 1024w, https:\/\/maranhaotv.com.br\/wp-content\/uploads\/2025\/01\/img-20250122-wa02003127548339825853092-300x200.jpg 300w, https:\/\/maranhaotv.com.br\/wp-content\/uploads\/2025\/01\/img-20250122-wa02003127548339825853092-768x512.jpg 768w, https:\/\/maranhaotv.com.br\/wp-content\/uploads\/2025\/01\/img-20250122-wa02003127548339825853092-1536x1024.jpg 1536w, https:\/\/maranhaotv.com.br\/wp-content\/uploads\/2025\/01\/img-20250122-wa02003127548339825853092.jpg 2000w\" sizes=\"auto, (max-width: 1024px) 100vw, 1024px\" \/><\/figure>\n","protected":false},"excerpt":{"rendered":"<p>O prefeito Fred Campos participou, nesta quarta-feira, 22, no Pal\u00e1cio dos Le\u00f5es, junto com o governador Carlos Brand\u00e3o, da assinatura<\/p>\n","protected":false},"author":2,"featured_media":39990,"comment_status":"open","ping_status":"open","sticky":false,"template":"","format":"standard","meta":{"colormag_page_container_layout":"default_layout","colormag_page_sidebar_layout":"default_layout","_jetpack_memberships_contains_paid_content":false,"footnotes":""},"categories":[2],"tags":[43,7],"class_list":["post-39991","post","type-post","status-publish","format-standard","has-post-thumbnail","hentry","category-noticias","tag-fred-campos","tag-prefeitura-de-paco-do-lumiar"],"magazineBlocksPostFeaturedMedia":{"thumbnail":"https:\/\/maranhaotv.com.br\/wp-content\/uploads\/2025\/01\/image_editor_output_image-600795781-1737576554431-150x150.jpg","medium":"https:\/\/maranhaotv.com.br\/wp-content\/uploads\/2025\/01\/image_editor_output_image-600795781-1737576554431-300x144.jpg","medium_large":"https:\/\/maranhaotv.com.br\/wp-content\/uploads\/2025\/01\/image_editor_output_image-600795781-1737576554431-768x369.jpg","large":"https:\/\/maranhaotv.com.br\/wp-content\/uploads\/2025\/01\/image_editor_output_image-600795781-1737576554431-1024x492.jpg","1536x1536":"https:\/\/maranhaotv.com.br\/wp-content\/uploads\/2025\/01\/image_editor_output_image-600795781-1737576554431-1536x738.jpg","2048x2048":"https:\/\/maranhaotv.com.br\/wp-content\/uploads\/2025\/01\/image_editor_output_image-600795781-1737576554431.jpg","colormag-highlighted-post":"https:\/\/maranhaotv.com.br\/wp-content\/uploads\/2025\/01\/image_editor_output_image-600795781-1737576554431-392x272.jpg","colormag-featured-post-medium":"https:\/\/maranhaotv.com.br\/wp-content\/uploads\/2025\/01\/image_editor_output_image-600795781-1737576554431-390x205.jpg","colormag-featured-post-small":"https:\/\/maranhaotv.com.br\/wp-content\/uploads\/2025\/01\/image_editor_output_image-600795781-1737576554431-130x90.jpg","colormag-featured-image":"https:\/\/maranhaotv.com.br\/wp-content\/uploads\/2025\/01\/image_editor_output_image-600795781-1737576554431-800x445.jpg","colormag-default-news":"https:\/\/maranhaotv.com.br\/wp-content\/uploads\/2025\/01\/image_editor_output_image-600795781-1737576554431-150x150.jpg","colormag-featured-image-large":"https:\/\/maranhaotv.com.br\/wp-content\/uploads\/2025\/01\/image_editor_output_image-600795781-1737576554431-1400x600.jpg"},"magazineBlocksPostAuthor":{"name":"maranhaotv","avatar":"https:\/\/secure.gravatar.com\/avatar\/8fadbca458d4cb68b1dd399ae9a40618d747bb1af65ac9fad21c89220a143eb4?s=96&d=mm&r=g"},"magazineBlocksPostCommentsNumber":"0","magazineBlocksPostExcerpt":"O prefeito Fred Campos participou, nesta quarta-feira, 22, no Pal\u00e1cio dos Le\u00f5es, junto com o governador Carlos Brand\u00e3o, da assinatura","magazineBlocksPostCategories":["not\u00edcias"],"magazineBlocksPostViewCount":611,"magazineBlocksPostReadTime":2,"magazine_blocks_featured_image_url":{"full":["https:\/\/maranhaotv.com.br\/wp-content\/uploads\/2025\/01\/image_editor_output_image-600795781-1737576554431.jpg",1600,769,false],"medium":["https:\/\/maranhaotv.com.br\/wp-content\/uploads\/2025\/01\/image_editor_output_image-600795781-1737576554431-300x144.jpg",300,144,true],"thumbnail":["https:\/\/maranhaotv.com.br\/wp-content\/uploads\/2025\/01\/image_editor_output_image-600795781-1737576554431-150x150.jpg",150,150,true]},"magazine_blocks_author":{"display_name":"maranhaotv","author_link":"https:\/\/maranhaotv.com.br\/index.php\/author\/maranhaotv\/"},"magazine_blocks_comment":0,"magazine_blocks_author_image":"https:\/\/secure.gravatar.com\/avatar\/8fadbca458d4cb68b1dd399ae9a40618d747bb1af65ac9fad21c89220a143eb4?s=96&d=mm&r=g","magazine_blocks_category":"<a href=\"#\" class=\"category-link category-link-2\">not\u00edcias<\/a>","yoast_head":"<!-- This site is optimized with the Yoast SEO plugin v27.4 - https:\/\/yoast.com\/product\/yoast-seo-wordpress\/ -->\n<title>Prefeito Fred Campos e Governador Brand\u00e3o assinam\u00a0 Plano Diretor de Desenvolvimento Integrado da Regi\u00e3o Metropolitana - NOT\u00cdCIAS EM TEMPO REAL<\/title>\n<meta name=\"robots\" content=\"index, follow, max-snippet:-1, max-image-preview:large, max-video-preview:-1\" \/>\n<link rel=\"canonical\" href=\"https:\/\/maranhaotv.com.br\/index.php\/2025\/01\/22\/prefeito-fred-campos-e-governador-brandao-assinam-plano-diretor-de-desenvolvimento-integrado-da-regiao-metropolitana\/\" \/>\n<meta property=\"og:locale\" content=\"pt_BR\" \/>\n<meta property=\"og:type\" content=\"article\" \/>\n<meta property=\"og:title\" content=\"Prefeito Fred Campos e Governador Brand\u00e3o assinam\u00a0 Plano Diretor de Desenvolvimento Integrado da Regi\u00e3o Metropolitana - NOT\u00cdCIAS EM TEMPO REAL\" \/>\n<meta property=\"og:description\" content=\"O prefeito Fred Campos participou, nesta quarta-feira, 22, no Pal\u00e1cio dos Le\u00f5es, junto com o governador Carlos Brand\u00e3o, da assinatura\" \/>\n<meta property=\"og:url\" content=\"https:\/\/maranhaotv.com.br\/index.php\/2025\/01\/22\/prefeito-fred-campos-e-governador-brandao-assinam-plano-diretor-de-desenvolvimento-integrado-da-regiao-metropolitana\/\" \/>\n<meta property=\"og:site_name\" content=\"NOT\u00cdCIAS EM TEMPO REAL\" \/>\n<meta property=\"article:publisher\" content=\"https:\/\/www.facebook.com\/maiobaotv\" \/>\n<meta property=\"article:published_time\" content=\"2025-01-22T20:08:43+00:00\" \/>\n<meta property=\"article:modified_time\" content=\"2025-01-22T20:10:39+00:00\" \/>\n<meta property=\"og:image\" content=\"https:\/\/maranhaotv.com.br\/wp-content\/uploads\/2025\/01\/image_editor_output_image-600795781-1737576554431.jpg\" \/>\n\t<meta property=\"og:image:width\" content=\"1600\" \/>\n\t<meta property=\"og:image:height\" content=\"769\" \/>\n\t<meta property=\"og:image:type\" content=\"image\/jpeg\" \/>\n<meta name=\"author\" content=\"maranhaotv\" \/>\n<meta name=\"twitter:card\" content=\"summary_large_image\" \/>\n<meta name=\"twitter:creator\" content=\"@sitemaranhaotv\" \/>\n<meta name=\"twitter:site\" content=\"@sitemaranhaotv\" \/>\n<meta name=\"twitter:label1\" content=\"Escrito por\" \/>\n\t<meta name=\"twitter:data1\" content=\"maranhaotv\" \/>\n\t<meta name=\"twitter:label2\" content=\"Est. tempo de leitura\" \/>\n\t<meta name=\"twitter:data2\" content=\"2 minutos\" \/>\n<script type=\"application\/ld+json\" class=\"yoast-schema-graph\">{\"@context\":\"https:\\\/\\\/schema.org\",\"@graph\":[{\"@type\":\"Article\",\"@id\":\"https:\\\/\\\/maranhaotv.com.br\\\/index.php\\\/2025\\\/01\\\/22\\\/prefeito-fred-campos-e-governador-brandao-assinam-plano-diretor-de-desenvolvimento-integrado-da-regiao-metropolitana\\\/#article\",\"isPartOf\":{\"@id\":\"https:\\\/\\\/maranhaotv.com.br\\\/index.php\\\/2025\\\/01\\\/22\\\/prefeito-fred-campos-e-governador-brandao-assinam-plano-diretor-de-desenvolvimento-integrado-da-regiao-metropolitana\\\/\"},\"author\":{\"name\":\"maranhaotv\",\"@id\":\"https:\\\/\\\/maranhaotv.com.br\\\/#\\\/schema\\\/person\\\/3d54238e86b20bb5c89ab2fdb8f8829a\"},\"headline\":\"Prefeito Fred Campos e Governador Brand\u00e3o assinam\u00a0 Plano Diretor de Desenvolvimento Integrado da Regi\u00e3o Metropolitana\",\"datePublished\":\"2025-01-22T20:08:43+00:00\",\"dateModified\":\"2025-01-22T20:10:39+00:00\",\"mainEntityOfPage\":{\"@id\":\"https:\\\/\\\/maranhaotv.com.br\\\/index.php\\\/2025\\\/01\\\/22\\\/prefeito-fred-campos-e-governador-brandao-assinam-plano-diretor-de-desenvolvimento-integrado-da-regiao-metropolitana\\\/\"},\"wordCount\":340,\"commentCount\":0,\"publisher\":{\"@id\":\"https:\\\/\\\/maranhaotv.com.br\\\/#organization\"},\"image\":{\"@id\":\"https:\\\/\\\/maranhaotv.com.br\\\/index.php\\\/2025\\\/01\\\/22\\\/prefeito-fred-campos-e-governador-brandao-assinam-plano-diretor-de-desenvolvimento-integrado-da-regiao-metropolitana\\\/#primaryimage\"},\"thumbnailUrl\":\"https:\\\/\\\/maranhaotv.com.br\\\/wp-content\\\/uploads\\\/2025\\\/01\\\/image_editor_output_image-600795781-1737576554431.jpg\",\"keywords\":[\"Fred Campos\",\"Prefeitura de Pa\u00e7o do Lumiar\"],\"articleSection\":[\"not\u00edcias\"],\"inLanguage\":\"pt-BR\",\"potentialAction\":[{\"@type\":\"CommentAction\",\"name\":\"Comment\",\"target\":[\"https:\\\/\\\/maranhaotv.com.br\\\/index.php\\\/2025\\\/01\\\/22\\\/prefeito-fred-campos-e-governador-brandao-assinam-plano-diretor-de-desenvolvimento-integrado-da-regiao-metropolitana\\\/#respond\"]}]},{\"@type\":\"WebPage\",\"@id\":\"https:\\\/\\\/maranhaotv.com.br\\\/index.php\\\/2025\\\/01\\\/22\\\/prefeito-fred-campos-e-governador-brandao-assinam-plano-diretor-de-desenvolvimento-integrado-da-regiao-metropolitana\\\/\",\"url\":\"https:\\\/\\\/maranhaotv.com.br\\\/index.php\\\/2025\\\/01\\\/22\\\/prefeito-fred-campos-e-governador-brandao-assinam-plano-diretor-de-desenvolvimento-integrado-da-regiao-metropolitana\\\/\",\"name\":\"Prefeito Fred Campos e Governador Brand\u00e3o assinam\u00a0 Plano Diretor de Desenvolvimento Integrado da Regi\u00e3o Metropolitana - NOT\u00cdCIAS EM TEMPO REAL\",\"isPartOf\":{\"@id\":\"https:\\\/\\\/maranhaotv.com.br\\\/#website\"},\"primaryImageOfPage\":{\"@id\":\"https:\\\/\\\/maranhaotv.com.br\\\/index.php\\\/2025\\\/01\\\/22\\\/prefeito-fred-campos-e-governador-brandao-assinam-plano-diretor-de-desenvolvimento-integrado-da-regiao-metropolitana\\\/#primaryimage\"},\"image\":{\"@id\":\"https:\\\/\\\/maranhaotv.com.br\\\/index.php\\\/2025\\\/01\\\/22\\\/prefeito-fred-campos-e-governador-brandao-assinam-plano-diretor-de-desenvolvimento-integrado-da-regiao-metropolitana\\\/#primaryimage\"},\"thumbnailUrl\":\"https:\\\/\\\/maranhaotv.com.br\\\/wp-content\\\/uploads\\\/2025\\\/01\\\/image_editor_output_image-600795781-1737576554431.jpg\",\"datePublished\":\"2025-01-22T20:08:43+00:00\",\"dateModified\":\"2025-01-22T20:10:39+00:00\",\"breadcrumb\":{\"@id\":\"https:\\\/\\\/maranhaotv.com.br\\\/index.php\\\/2025\\\/01\\\/22\\\/prefeito-fred-campos-e-governador-brandao-assinam-plano-diretor-de-desenvolvimento-integrado-da-regiao-metropolitana\\\/#breadcrumb\"},\"inLanguage\":\"pt-BR\",\"potentialAction\":[{\"@type\":\"ReadAction\",\"target\":[\"https:\\\/\\\/maranhaotv.com.br\\\/index.php\\\/2025\\\/01\\\/22\\\/prefeito-fred-campos-e-governador-brandao-assinam-plano-diretor-de-desenvolvimento-integrado-da-regiao-metropolitana\\\/\"]}]},{\"@type\":\"ImageObject\",\"inLanguage\":\"pt-BR\",\"@id\":\"https:\\\/\\\/maranhaotv.com.br\\\/index.php\\\/2025\\\/01\\\/22\\\/prefeito-fred-campos-e-governador-brandao-assinam-plano-diretor-de-desenvolvimento-integrado-da-regiao-metropolitana\\\/#primaryimage\",\"url\":\"https:\\\/\\\/maranhaotv.com.br\\\/wp-content\\\/uploads\\\/2025\\\/01\\\/image_editor_output_image-600795781-1737576554431.jpg\",\"contentUrl\":\"https:\\\/\\\/maranhaotv.com.br\\\/wp-content\\\/uploads\\\/2025\\\/01\\\/image_editor_output_image-600795781-1737576554431.jpg\",\"width\":1600,\"height\":769},{\"@type\":\"BreadcrumbList\",\"@id\":\"https:\\\/\\\/maranhaotv.com.br\\\/index.php\\\/2025\\\/01\\\/22\\\/prefeito-fred-campos-e-governador-brandao-assinam-plano-diretor-de-desenvolvimento-integrado-da-regiao-metropolitana\\\/#breadcrumb\",\"itemListElement\":[{\"@type\":\"ListItem\",\"position\":1,\"name\":\"In\u00edcio\",\"item\":\"https:\\\/\\\/maranhaotv.com.br\\\/\"},{\"@type\":\"ListItem\",\"position\":2,\"name\":\"Prefeito Fred Campos e Governador Brand\u00e3o assinam\u00a0 Plano Diretor de Desenvolvimento Integrado da Regi\u00e3o Metropolitana\"}]},{\"@type\":\"WebSite\",\"@id\":\"https:\\\/\\\/maranhaotv.com.br\\\/#website\",\"url\":\"https:\\\/\\\/maranhaotv.com.br\\\/\",\"name\":\"Maranh\u00e3oTV\",\"description\":\"\",\"publisher\":{\"@id\":\"https:\\\/\\\/maranhaotv.com.br\\\/#organization\"},\"potentialAction\":[{\"@type\":\"SearchAction\",\"target\":{\"@type\":\"EntryPoint\",\"urlTemplate\":\"https:\\\/\\\/maranhaotv.com.br\\\/?s={search_term_string}\"},\"query-input\":{\"@type\":\"PropertyValueSpecification\",\"valueRequired\":true,\"valueName\":\"search_term_string\"}}],\"inLanguage\":\"pt-BR\"},{\"@type\":\"Organization\",\"@id\":\"https:\\\/\\\/maranhaotv.com.br\\\/#organization\",\"name\":\"Portal de Not\u00edcias\",\"url\":\"https:\\\/\\\/maranhaotv.com.br\\\/\",\"logo\":{\"@type\":\"ImageObject\",\"inLanguage\":\"pt-BR\",\"@id\":\"https:\\\/\\\/maranhaotv.com.br\\\/#\\\/schema\\\/logo\\\/image\\\/\",\"url\":\"https:\\\/\\\/maranhaotv.com.br\\\/wp-content\\\/uploads\\\/2024\\\/05\\\/cropped-cropped-avatar-1.png\",\"contentUrl\":\"https:\\\/\\\/maranhaotv.com.br\\\/wp-content\\\/uploads\\\/2024\\\/05\\\/cropped-cropped-avatar-1.png\",\"width\":792,\"height\":428,\"caption\":\"Portal de Not\u00edcias\"},\"image\":{\"@id\":\"https:\\\/\\\/maranhaotv.com.br\\\/#\\\/schema\\\/logo\\\/image\\\/\"},\"sameAs\":[\"https:\\\/\\\/www.facebook.com\\\/maiobaotv\",\"https:\\\/\\\/x.com\\\/sitemaranhaotv\",\"https:\\\/\\\/www.instagram.com\\\/maranhao.tv\",\"https:\\\/\\\/www.threads.net\\\/@maranhao.tv\"]},{\"@type\":\"Person\",\"@id\":\"https:\\\/\\\/maranhaotv.com.br\\\/#\\\/schema\\\/person\\\/3d54238e86b20bb5c89ab2fdb8f8829a\",\"name\":\"maranhaotv\",\"image\":{\"@type\":\"ImageObject\",\"inLanguage\":\"pt-BR\",\"@id\":\"https:\\\/\\\/secure.gravatar.com\\\/avatar\\\/8fadbca458d4cb68b1dd399ae9a40618d747bb1af65ac9fad21c89220a143eb4?s=96&d=mm&r=g\",\"url\":\"https:\\\/\\\/secure.gravatar.com\\\/avatar\\\/8fadbca458d4cb68b1dd399ae9a40618d747bb1af65ac9fad21c89220a143eb4?s=96&d=mm&r=g\",\"contentUrl\":\"https:\\\/\\\/secure.gravatar.com\\\/avatar\\\/8fadbca458d4cb68b1dd399ae9a40618d747bb1af65ac9fad21c89220a143eb4?s=96&d=mm&r=g\",\"caption\":\"maranhaotv\"},\"sameAs\":[\"https:\\\/\\\/maranhaotv.com.br\\\/\"],\"url\":\"https:\\\/\\\/maranhaotv.com.br\\\/index.php\\\/author\\\/maranhaotv\\\/\"}]}<\/script>\n<!-- \/ Yoast SEO plugin. -->","yoast_head_json":{"title":"Prefeito Fred Campos e Governador Brand\u00e3o assinam\u00a0 Plano Diretor de Desenvolvimento Integrado da Regi\u00e3o Metropolitana - NOT\u00cdCIAS EM TEMPO REAL","robots":{"index":"index","follow":"follow","max-snippet":"max-snippet:-1","max-image-preview":"max-image-preview:large","max-video-preview":"max-video-preview:-1"},"canonical":"https:\/\/maranhaotv.com.br\/index.php\/2025\/01\/22\/prefeito-fred-campos-e-governador-brandao-assinam-plano-diretor-de-desenvolvimento-integrado-da-regiao-metropolitana\/","og_locale":"pt_BR","og_type":"article","og_title":"Prefeito Fred Campos e Governador Brand\u00e3o assinam\u00a0 Plano Diretor de Desenvolvimento Integrado da Regi\u00e3o Metropolitana - NOT\u00cdCIAS EM TEMPO REAL","og_description":"O prefeito Fred Campos participou, nesta quarta-feira, 22, no Pal\u00e1cio dos Le\u00f5es, junto com o governador Carlos Brand\u00e3o, da assinatura","og_url":"https:\/\/maranhaotv.com.br\/index.php\/2025\/01\/22\/prefeito-fred-campos-e-governador-brandao-assinam-plano-diretor-de-desenvolvimento-integrado-da-regiao-metropolitana\/","og_site_name":"NOT\u00cdCIAS EM TEMPO REAL","article_publisher":"https:\/\/www.facebook.com\/maiobaotv","article_published_time":"2025-01-22T20:08:43+00:00","article_modified_time":"2025-01-22T20:10:39+00:00","og_image":[{"width":1600,"height":769,"url":"https:\/\/maranhaotv.com.br\/wp-content\/uploads\/2025\/01\/image_editor_output_image-600795781-1737576554431.jpg","type":"image\/jpeg"}],"author":"maranhaotv","twitter_card":"summary_large_image","twitter_creator":"@sitemaranhaotv","twitter_site":"@sitemaranhaotv","twitter_misc":{"Escrito por":"maranhaotv","Est. tempo de leitura":"2 minutos"},"schema":{"@context":"https:\/\/schema.org","@graph":[{"@type":"Article","@id":"https:\/\/maranhaotv.com.br\/index.php\/2025\/01\/22\/prefeito-fred-campos-e-governador-brandao-assinam-plano-diretor-de-desenvolvimento-integrado-da-regiao-metropolitana\/#article","isPartOf":{"@id":"https:\/\/maranhaotv.com.br\/index.php\/2025\/01\/22\/prefeito-fred-campos-e-governador-brandao-assinam-plano-diretor-de-desenvolvimento-integrado-da-regiao-metropolitana\/"},"author":{"name":"maranhaotv","@id":"https:\/\/maranhaotv.com.br\/#\/schema\/person\/3d54238e86b20bb5c89ab2fdb8f8829a"},"headline":"Prefeito Fred Campos e Governador Brand\u00e3o assinam\u00a0 Plano Diretor de Desenvolvimento Integrado da Regi\u00e3o Metropolitana","datePublished":"2025-01-22T20:08:43+00:00","dateModified":"2025-01-22T20:10:39+00:00","mainEntityOfPage":{"@id":"https:\/\/maranhaotv.com.br\/index.php\/2025\/01\/22\/prefeito-fred-campos-e-governador-brandao-assinam-plano-diretor-de-desenvolvimento-integrado-da-regiao-metropolitana\/"},"wordCount":340,"commentCount":0,"publisher":{"@id":"https:\/\/maranhaotv.com.br\/#organization"},"image":{"@id":"https:\/\/maranhaotv.com.br\/index.php\/2025\/01\/22\/prefeito-fred-campos-e-governador-brandao-assinam-plano-diretor-de-desenvolvimento-integrado-da-regiao-metropolitana\/#primaryimage"},"thumbnailUrl":"https:\/\/maranhaotv.com.br\/wp-content\/uploads\/2025\/01\/image_editor_output_image-600795781-1737576554431.jpg","keywords":["Fred Campos","Prefeitura de Pa\u00e7o do Lumiar"],"articleSection":["not\u00edcias"],"inLanguage":"pt-BR","potentialAction":[{"@type":"CommentAction","name":"Comment","target":["https:\/\/maranhaotv.com.br\/index.php\/2025\/01\/22\/prefeito-fred-campos-e-governador-brandao-assinam-plano-diretor-de-desenvolvimento-integrado-da-regiao-metropolitana\/#respond"]}]},{"@type":"WebPage","@id":"https:\/\/maranhaotv.com.br\/index.php\/2025\/01\/22\/prefeito-fred-campos-e-governador-brandao-assinam-plano-diretor-de-desenvolvimento-integrado-da-regiao-metropolitana\/","url":"https:\/\/maranhaotv.com.br\/index.php\/2025\/01\/22\/prefeito-fred-campos-e-governador-brandao-assinam-plano-diretor-de-desenvolvimento-integrado-da-regiao-metropolitana\/","name":"Prefeito Fred Campos e Governador Brand\u00e3o assinam\u00a0 Plano Diretor de Desenvolvimento Integrado da Regi\u00e3o Metropolitana - NOT\u00cdCIAS EM TEMPO REAL","isPartOf":{"@id":"https:\/\/maranhaotv.com.br\/#website"},"primaryImageOfPage":{"@id":"https:\/\/maranhaotv.com.br\/index.php\/2025\/01\/22\/prefeito-fred-campos-e-governador-brandao-assinam-plano-diretor-de-desenvolvimento-integrado-da-regiao-metropolitana\/#primaryimage"},"image":{"@id":"https:\/\/maranhaotv.com.br\/index.php\/2025\/01\/22\/prefeito-fred-campos-e-governador-brandao-assinam-plano-diretor-de-desenvolvimento-integrado-da-regiao-metropolitana\/#primaryimage"},"thumbnailUrl":"https:\/\/maranhaotv.com.br\/wp-content\/uploads\/2025\/01\/image_editor_output_image-600795781-1737576554431.jpg","datePublished":"2025-01-22T20:08:43+00:00","dateModified":"2025-01-22T20:10:39+00:00","breadcrumb":{"@id":"https:\/\/maranhaotv.com.br\/index.php\/2025\/01\/22\/prefeito-fred-campos-e-governador-brandao-assinam-plano-diretor-de-desenvolvimento-integrado-da-regiao-metropolitana\/#breadcrumb"},"inLanguage":"pt-BR","potentialAction":[{"@type":"ReadAction","target":["https:\/\/maranhaotv.com.br\/index.php\/2025\/01\/22\/prefeito-fred-campos-e-governador-brandao-assinam-plano-diretor-de-desenvolvimento-integrado-da-regiao-metropolitana\/"]}]},{"@type":"ImageObject","inLanguage":"pt-BR","@id":"https:\/\/maranhaotv.com.br\/index.php\/2025\/01\/22\/prefeito-fred-campos-e-governador-brandao-assinam-plano-diretor-de-desenvolvimento-integrado-da-regiao-metropolitana\/#primaryimage","url":"https:\/\/maranhaotv.com.br\/wp-content\/uploads\/2025\/01\/image_editor_output_image-600795781-1737576554431.jpg","contentUrl":"https:\/\/maranhaotv.com.br\/wp-content\/uploads\/2025\/01\/image_editor_output_image-600795781-1737576554431.jpg","width":1600,"height":769},{"@type":"BreadcrumbList","@id":"https:\/\/maranhaotv.com.br\/index.php\/2025\/01\/22\/prefeito-fred-campos-e-governador-brandao-assinam-plano-diretor-de-desenvolvimento-integrado-da-regiao-metropolitana\/#breadcrumb","itemListElement":[{"@type":"ListItem","position":1,"name":"In\u00edcio","item":"https:\/\/maranhaotv.com.br\/"},{"@type":"ListItem","position":2,"name":"Prefeito Fred Campos e Governador Brand\u00e3o assinam\u00a0 Plano Diretor de Desenvolvimento Integrado da Regi\u00e3o Metropolitana"}]},{"@type":"WebSite","@id":"https:\/\/maranhaotv.com.br\/#website","url":"https:\/\/maranhaotv.com.br\/","name":"Maranh\u00e3oTV","description":"","publisher":{"@id":"https:\/\/maranhaotv.com.br\/#organization"},"potentialAction":[{"@type":"SearchAction","target":{"@type":"EntryPoint","urlTemplate":"https:\/\/maranhaotv.com.br\/?s={search_term_string}"},"query-input":{"@type":"PropertyValueSpecification","valueRequired":true,"valueName":"search_term_string"}}],"inLanguage":"pt-BR"},{"@type":"Organization","@id":"https:\/\/maranhaotv.com.br\/#organization","name":"Portal de Not\u00edcias","url":"https:\/\/maranhaotv.com.br\/","logo":{"@type":"ImageObject","inLanguage":"pt-BR","@id":"https:\/\/maranhaotv.com.br\/#\/schema\/logo\/image\/","url":"https:\/\/maranhaotv.com.br\/wp-content\/uploads\/2024\/05\/cropped-cropped-avatar-1.png","contentUrl":"https:\/\/maranhaotv.com.br\/wp-content\/uploads\/2024\/05\/cropped-cropped-avatar-1.png","width":792,"height":428,"caption":"Portal de Not\u00edcias"},"image":{"@id":"https:\/\/maranhaotv.com.br\/#\/schema\/logo\/image\/"},"sameAs":["https:\/\/www.facebook.com\/maiobaotv","https:\/\/x.com\/sitemaranhaotv","https:\/\/www.instagram.com\/maranhao.tv","https:\/\/www.threads.net\/@maranhao.tv"]},{"@type":"Person","@id":"https:\/\/maranhaotv.com.br\/#\/schema\/person\/3d54238e86b20bb5c89ab2fdb8f8829a","name":"maranhaotv","image":{"@type":"ImageObject","inLanguage":"pt-BR","@id":"https:\/\/secure.gravatar.com\/avatar\/8fadbca458d4cb68b1dd399ae9a40618d747bb1af65ac9fad21c89220a143eb4?s=96&d=mm&r=g","url":"https:\/\/secure.gravatar.com\/avatar\/8fadbca458d4cb68b1dd399ae9a40618d747bb1af65ac9fad21c89220a143eb4?s=96&d=mm&r=g","contentUrl":"https:\/\/secure.gravatar.com\/avatar\/8fadbca458d4cb68b1dd399ae9a40618d747bb1af65ac9fad21c89220a143eb4?s=96&d=mm&r=g","caption":"maranhaotv"},"sameAs":["https:\/\/maranhaotv.com.br\/"],"url":"https:\/\/maranhaotv.com.br\/index.php\/author\/maranhaotv\/"}]}},"jetpack_featured_media_url":"https:\/\/maranhaotv.com.br\/wp-content\/uploads\/2025\/01\/image_editor_output_image-600795781-1737576554431.jpg","jetpack_sharing_enabled":true,"_links":{"self":[{"href":"https:\/\/maranhaotv.com.br\/index.php\/wp-json\/wp\/v2\/posts\/39991","targetHints":{"allow":["GET"]}}],"collection":[{"href":"https:\/\/maranhaotv.com.br\/index.php\/wp-json\/wp\/v2\/posts"}],"about":[{"href":"https:\/\/maranhaotv.com.br\/index.php\/wp-json\/wp\/v2\/types\/post"}],"author":[{"embeddable":true,"href":"https:\/\/maranhaotv.com.br\/index.php\/wp-json\/wp\/v2\/users\/2"}],"replies":[{"embeddable":true,"href":"https:\/\/maranhaotv.com.br\/index.php\/wp-json\/wp\/v2\/comments?post=39991"}],"version-history":[{"count":2,"href":"https:\/\/maranhaotv.com.br\/index.php\/wp-json\/wp\/v2\/posts\/39991\/revisions"}],"predecessor-version":[{"id":39993,"href":"https:\/\/maranhaotv.com.br\/index.php\/wp-json\/wp\/v2\/posts\/39991\/revisions\/39993"}],"wp:featuredmedia":[{"embeddable":true,"href":"https:\/\/maranhaotv.com.br\/index.php\/wp-json\/wp\/v2\/media\/39990"}],"wp:attachment":[{"href":"https:\/\/maranhaotv.com.br\/index.php\/wp-json\/wp\/v2\/media?parent=39991"}],"wp:term":[{"taxonomy":"category","embeddable":true,"href":"https:\/\/maranhaotv.com.br\/index.php\/wp-json\/wp\/v2\/categories?post=39991"},{"taxonomy":"post_tag","embeddable":true,"href":"https:\/\/maranhaotv.com.br\/index.php\/wp-json\/wp\/v2\/tags?post=39991"}],"curies":[{"name":"wp","href":"https:\/\/api.w.org\/{rel}","templated":true}]}}