{"id":40066,"date":"2025-01-28T16:58:20","date_gmt":"2025-01-28T19:58:20","guid":{"rendered":"https:\/\/maranhaotv.com.br\/?p=40066"},"modified":"2025-01-28T17:02:22","modified_gmt":"2025-01-28T20:02:22","slug":"vice-governador-felipe-camarao-dialoga-com-classe-empresarial-de-santa-ines-e-regiao","status":"publish","type":"post","link":"https:\/\/maranhaotv.com.br\/index.php\/2025\/01\/28\/vice-governador-felipe-camarao-dialoga-com-classe-empresarial-de-santa-ines-e-regiao\/","title":{"rendered":"Vice-governador Felipe Camar\u00e3o dialoga com classe empresarial de Santa In\u00eas e regi\u00e3o"},"content":{"rendered":"\n<p><br><br>Em extensa agenda em Santa In\u00eas, o vice-governador Felipe Camar\u00e3o dialogou com mulheres empreendedoras e classe empresarial, na Associa\u00e7\u00e3o Comercial do munic\u00edpio, na tarde desta segunda-feira (27). Na oportunidade, Felipe Camar\u00e3o ouviu as demandas empresariais e buscou solu\u00e7\u00f5es para o fortalecimento do empreendedorismo na regi\u00e3o.<br><br>\u201cFoi um importante momento para ouvir as demandas desse importante Polo do estado Maranh\u00e3o e tamb\u00e9m para construir juntos, solu\u00e7\u00f5es. Essa \u00e9 a minha fun\u00e7\u00e3o como vice-governador &#8211; percorrer o Maranh\u00e3o, ajudar o governador Carlos Brand\u00e3o a identificar problemas que ainda temos e nos preparar para os pr\u00f3ximos passos. Obviamente, que ajudando o empresariado, que \u00e9 uma importante parcela da sociedade que contribui para a gera\u00e7\u00e3o de emprego e renda, assim, tamb\u00e9m, estamos contribuindo com avan\u00e7os para o estado\u201d, afirmou.<br><br>Para Suzelke Prazeres, Presidente do Conselho da Mulher Empres\u00e1ria de Santa In\u00eas, o encontro serviu para fortalecer o di\u00e1logo com o Governo do Estado.\u00a0 \u201cTivemos um encontro onde reunimos autoridades, estudantes, empres\u00e1rios e comerciantes, para uma troca de experi\u00eancias. Foi um momento de di\u00e1logo, aprendizado, fortalecimento do empreendedorismo em nossa regi\u00e3o, e a partir desse passo, desse primeiro momento, mostrar para eles que juntos podemos construir oportunidades, impulsionando o desenvolvimento local\u201d, disse.<br><br>Idelson Queiroz, empres\u00e1rio e vice-presidente da Associa\u00e7\u00e3o Comercial de Santa In\u00eas, destacou que o encontro prestigia o empresariado de Santa In\u00eas. \u201cO encontro foi de grande import\u00e2ncia para o com\u00e9rcio e os empres\u00e1rios de Santa In\u00eas porque tratamos de assuntos relevantes que influenciam a todos n\u00f3s, mostrando a import\u00e2ncia e a relev\u00e2ncia do empresariado de Santa In\u00eas para a economia, onde o\u00a0 empres\u00e1rio p\u00f4de demonstrar as suas necessidades, demandas, contribuir com sugest\u00f5es e tratar de assuntos que impactam diretamente o com\u00e9rcio na regi\u00e3o\u201d, finalizou.<br><br><em><strong>Semana Pedag\u00f3gica 202<\/strong><\/em>5<br><br>Ainda em Santa In\u00eas, o vice-governador participou da abertura da Semana Pedag\u00f3gica 2025, da rede municipal de ensino, cujo tema \u00e9 \u201cO universo da escrita e suas interpreta\u00e7\u00f5es por interm\u00e9dio da leitura\u201d. A Semana acontece de 27 a 29 e re\u00fane cerca de 1400 profissionais da educa\u00e7\u00e3o para ampliar experi\u00eancias e conhecimento.<\/p>\n\n\n\n<p><\/p>\n\n\n\n<p><\/p>\n\n\n\n<figure class=\"wp-block-image size-large\"><img loading=\"lazy\" decoding=\"async\" width=\"1024\" height=\"663\" src=\"https:\/\/maranhaotv.com.br\/wp-content\/uploads\/2025\/01\/img-20250128-wa01034505310917207658183-1024x663.jpg\" alt=\"\" class=\"wp-image-40062\" srcset=\"https:\/\/maranhaotv.com.br\/wp-content\/uploads\/2025\/01\/img-20250128-wa01034505310917207658183-1024x663.jpg 1024w, https:\/\/maranhaotv.com.br\/wp-content\/uploads\/2025\/01\/img-20250128-wa01034505310917207658183-300x194.jpg 300w, https:\/\/maranhaotv.com.br\/wp-content\/uploads\/2025\/01\/img-20250128-wa01034505310917207658183-768x497.jpg 768w, https:\/\/maranhaotv.com.br\/wp-content\/uploads\/2025\/01\/img-20250128-wa01034505310917207658183-1536x994.jpg 1536w, https:\/\/maranhaotv.com.br\/wp-content\/uploads\/2025\/01\/img-20250128-wa01034505310917207658183.jpg 2000w\" sizes=\"auto, (max-width: 1024px) 100vw, 1024px\" \/><\/figure>\n\n\n\n<p><\/p>\n\n\n\n<figure class=\"wp-block-image size-large\"><img loading=\"lazy\" decoding=\"async\" width=\"1024\" height=\"683\" src=\"https:\/\/maranhaotv.com.br\/wp-content\/uploads\/2025\/01\/img-20250128-wa010582866923955685545-1024x683.jpg\" alt=\"\" class=\"wp-image-40063\" srcset=\"https:\/\/maranhaotv.com.br\/wp-content\/uploads\/2025\/01\/img-20250128-wa010582866923955685545-1024x683.jpg 1024w, https:\/\/maranhaotv.com.br\/wp-content\/uploads\/2025\/01\/img-20250128-wa010582866923955685545-300x200.jpg 300w, https:\/\/maranhaotv.com.br\/wp-content\/uploads\/2025\/01\/img-20250128-wa010582866923955685545-768x512.jpg 768w, https:\/\/maranhaotv.com.br\/wp-content\/uploads\/2025\/01\/img-20250128-wa010582866923955685545-1536x1025.jpg 1536w, https:\/\/maranhaotv.com.br\/wp-content\/uploads\/2025\/01\/img-20250128-wa010582866923955685545.jpg 2000w\" sizes=\"auto, (max-width: 1024px) 100vw, 1024px\" \/><figcaption class=\"wp-element-caption\">Vice-governador Felipe Camar\u00e3o dialoga com classe empresarial, na Associa\u00e7\u00e3o Comercial de Santa In\u00eas<\/figcaption><\/figure>\n\n\n\n<figure class=\"wp-block-image size-large\"><img loading=\"lazy\" decoding=\"async\" width=\"1024\" height=\"683\" src=\"https:\/\/maranhaotv.com.br\/wp-content\/uploads\/2025\/01\/img-20250128-wa01075655757774902418663-1024x683.jpg\" alt=\"\" class=\"wp-image-40064\" srcset=\"https:\/\/maranhaotv.com.br\/wp-content\/uploads\/2025\/01\/img-20250128-wa01075655757774902418663-1024x683.jpg 1024w, https:\/\/maranhaotv.com.br\/wp-content\/uploads\/2025\/01\/img-20250128-wa01075655757774902418663-300x200.jpg 300w, https:\/\/maranhaotv.com.br\/wp-content\/uploads\/2025\/01\/img-20250128-wa01075655757774902418663-768x512.jpg 768w, https:\/\/maranhaotv.com.br\/wp-content\/uploads\/2025\/01\/img-20250128-wa01075655757774902418663-1536x1025.jpg 1536w, https:\/\/maranhaotv.com.br\/wp-content\/uploads\/2025\/01\/img-20250128-wa01075655757774902418663.jpg 2000w\" sizes=\"auto, (max-width: 1024px) 100vw, 1024px\" \/><figcaption class=\"wp-element-caption\">Felipe Camar\u00e3o durante a abertura da Semana Pedag\u00f3gica da rede municipal de Santa In\u00eas<\/figcaption><\/figure>\n","protected":false},"excerpt":{"rendered":"<p>Em extensa agenda em Santa In\u00eas, o vice-governador Felipe Camar\u00e3o dialogou com mulheres empreendedoras e classe empresarial, na Associa\u00e7\u00e3o Comercial<\/p>\n","protected":false},"author":2,"featured_media":40065,"comment_status":"open","ping_status":"open","sticky":false,"template":"","format":"standard","meta":{"colormag_page_container_layout":"default_layout","colormag_page_sidebar_layout":"default_layout","_jetpack_memberships_contains_paid_content":false,"footnotes":""},"categories":[2],"tags":[352,318],"class_list":["post-40066","post","type-post","status-publish","format-standard","has-post-thumbnail","hentry","category-noticias","tag-felipe-camarao","tag-santa-ines"],"magazineBlocksPostFeaturedMedia":{"thumbnail":"https:\/\/maranhaotv.com.br\/wp-content\/uploads\/2025\/01\/IMG-20250128-WA0103-150x150.jpg","medium":"https:\/\/maranhaotv.com.br\/wp-content\/uploads\/2025\/01\/IMG-20250128-WA0103-300x194.jpg","medium_large":"https:\/\/maranhaotv.com.br\/wp-content\/uploads\/2025\/01\/IMG-20250128-WA0103-768x497.jpg","large":"https:\/\/maranhaotv.com.br\/wp-content\/uploads\/2025\/01\/IMG-20250128-WA0103-1024x662.jpg","1536x1536":"https:\/\/maranhaotv.com.br\/wp-content\/uploads\/2025\/01\/IMG-20250128-WA0103-1536x994.jpg","2048x2048":"https:\/\/maranhaotv.com.br\/wp-content\/uploads\/2025\/01\/IMG-20250128-WA0103-2048x1325.jpg","colormag-highlighted-post":"https:\/\/maranhaotv.com.br\/wp-content\/uploads\/2025\/01\/IMG-20250128-WA0103-392x272.jpg","colormag-featured-post-medium":"https:\/\/maranhaotv.com.br\/wp-content\/uploads\/2025\/01\/IMG-20250128-WA0103-390x205.jpg","colormag-featured-post-small":"https:\/\/maranhaotv.com.br\/wp-content\/uploads\/2025\/01\/IMG-20250128-WA0103-130x90.jpg","colormag-featured-image":"https:\/\/maranhaotv.com.br\/wp-content\/uploads\/2025\/01\/IMG-20250128-WA0103-800x445.jpg","colormag-default-news":"https:\/\/maranhaotv.com.br\/wp-content\/uploads\/2025\/01\/IMG-20250128-WA0103-150x150.jpg","colormag-featured-image-large":"https:\/\/maranhaotv.com.br\/wp-content\/uploads\/2025\/01\/IMG-20250128-WA0103-1400x600.jpg"},"magazineBlocksPostAuthor":{"name":"maranhaotv","avatar":"https:\/\/secure.gravatar.com\/avatar\/8fadbca458d4cb68b1dd399ae9a40618d747bb1af65ac9fad21c89220a143eb4?s=96&d=mm&r=g"},"magazineBlocksPostCommentsNumber":"0","magazineBlocksPostExcerpt":"Em extensa agenda em Santa In\u00eas, o vice-governador Felipe Camar\u00e3o dialogou com mulheres empreendedoras e classe empresarial, na Associa\u00e7\u00e3o Comercial","magazineBlocksPostCategories":["not\u00edcias"],"magazineBlocksPostViewCount":384,"magazineBlocksPostReadTime":3,"magazine_blocks_featured_image_url":{"full":["https:\/\/maranhaotv.com.br\/wp-content\/uploads\/2025\/01\/IMG-20250128-WA0103-scaled.jpg",2560,1656,false],"medium":["https:\/\/maranhaotv.com.br\/wp-content\/uploads\/2025\/01\/IMG-20250128-WA0103-300x194.jpg",300,194,true],"thumbnail":["https:\/\/maranhaotv.com.br\/wp-content\/uploads\/2025\/01\/IMG-20250128-WA0103-150x150.jpg",150,150,true]},"magazine_blocks_author":{"display_name":"maranhaotv","author_link":"https:\/\/maranhaotv.com.br\/index.php\/author\/maranhaotv\/"},"magazine_blocks_comment":0,"magazine_blocks_author_image":"https:\/\/secure.gravatar.com\/avatar\/8fadbca458d4cb68b1dd399ae9a40618d747bb1af65ac9fad21c89220a143eb4?s=96&d=mm&r=g","magazine_blocks_category":"<a href=\"#\" class=\"category-link category-link-2\">not\u00edcias<\/a>","yoast_head":"<!-- This site is optimized with the Yoast SEO plugin v27.4 - https:\/\/yoast.com\/product\/yoast-seo-wordpress\/ -->\n<title>Vice-governador Felipe Camar\u00e3o dialoga com classe empresarial de Santa In\u00eas e regi\u00e3o - NOT\u00cdCIAS EM TEMPO REAL<\/title>\n<meta name=\"robots\" content=\"index, follow, max-snippet:-1, max-image-preview:large, max-video-preview:-1\" \/>\n<link rel=\"canonical\" href=\"https:\/\/maranhaotv.com.br\/index.php\/2025\/01\/28\/vice-governador-felipe-camarao-dialoga-com-classe-empresarial-de-santa-ines-e-regiao\/\" \/>\n<meta property=\"og:locale\" content=\"pt_BR\" \/>\n<meta property=\"og:type\" content=\"article\" \/>\n<meta property=\"og:title\" content=\"Vice-governador Felipe Camar\u00e3o dialoga com classe empresarial de Santa In\u00eas e regi\u00e3o - NOT\u00cdCIAS EM TEMPO REAL\" \/>\n<meta property=\"og:description\" content=\"Em extensa agenda em Santa In\u00eas, o vice-governador Felipe Camar\u00e3o dialogou com mulheres empreendedoras e classe empresarial, na Associa\u00e7\u00e3o Comercial\" \/>\n<meta property=\"og:url\" content=\"https:\/\/maranhaotv.com.br\/index.php\/2025\/01\/28\/vice-governador-felipe-camarao-dialoga-com-classe-empresarial-de-santa-ines-e-regiao\/\" \/>\n<meta property=\"og:site_name\" content=\"NOT\u00cdCIAS EM TEMPO REAL\" \/>\n<meta property=\"article:publisher\" content=\"https:\/\/www.facebook.com\/maiobaotv\" \/>\n<meta property=\"article:published_time\" content=\"2025-01-28T19:58:20+00:00\" \/>\n<meta property=\"article:modified_time\" content=\"2025-01-28T20:02:22+00:00\" \/>\n<meta property=\"og:image\" content=\"https:\/\/maranhaotv.com.br\/wp-content\/uploads\/2025\/01\/IMG-20250128-WA0103-scaled.jpg\" \/>\n\t<meta property=\"og:image:width\" content=\"2560\" \/>\n\t<meta property=\"og:image:height\" content=\"1656\" \/>\n\t<meta property=\"og:image:type\" content=\"image\/jpeg\" \/>\n<meta name=\"author\" content=\"maranhaotv\" \/>\n<meta name=\"twitter:card\" content=\"summary_large_image\" \/>\n<meta name=\"twitter:creator\" content=\"@sitemaranhaotv\" \/>\n<meta name=\"twitter:site\" content=\"@sitemaranhaotv\" \/>\n<meta name=\"twitter:label1\" content=\"Escrito por\" \/>\n\t<meta name=\"twitter:data1\" content=\"maranhaotv\" \/>\n\t<meta name=\"twitter:label2\" content=\"Est. tempo de leitura\" \/>\n\t<meta name=\"twitter:data2\" content=\"2 minutos\" \/>\n<script type=\"application\/ld+json\" class=\"yoast-schema-graph\">{\"@context\":\"https:\\\/\\\/schema.org\",\"@graph\":[{\"@type\":\"Article\",\"@id\":\"https:\\\/\\\/maranhaotv.com.br\\\/index.php\\\/2025\\\/01\\\/28\\\/vice-governador-felipe-camarao-dialoga-com-classe-empresarial-de-santa-ines-e-regiao\\\/#article\",\"isPartOf\":{\"@id\":\"https:\\\/\\\/maranhaotv.com.br\\\/index.php\\\/2025\\\/01\\\/28\\\/vice-governador-felipe-camarao-dialoga-com-classe-empresarial-de-santa-ines-e-regiao\\\/\"},\"author\":{\"name\":\"maranhaotv\",\"@id\":\"https:\\\/\\\/maranhaotv.com.br\\\/#\\\/schema\\\/person\\\/3d54238e86b20bb5c89ab2fdb8f8829a\"},\"headline\":\"Vice-governador Felipe Camar\u00e3o dialoga com classe empresarial de Santa In\u00eas e regi\u00e3o\",\"datePublished\":\"2025-01-28T19:58:20+00:00\",\"dateModified\":\"2025-01-28T20:02:22+00:00\",\"mainEntityOfPage\":{\"@id\":\"https:\\\/\\\/maranhaotv.com.br\\\/index.php\\\/2025\\\/01\\\/28\\\/vice-governador-felipe-camarao-dialoga-com-classe-empresarial-de-santa-ines-e-regiao\\\/\"},\"wordCount\":424,\"commentCount\":0,\"publisher\":{\"@id\":\"https:\\\/\\\/maranhaotv.com.br\\\/#organization\"},\"image\":{\"@id\":\"https:\\\/\\\/maranhaotv.com.br\\\/index.php\\\/2025\\\/01\\\/28\\\/vice-governador-felipe-camarao-dialoga-com-classe-empresarial-de-santa-ines-e-regiao\\\/#primaryimage\"},\"thumbnailUrl\":\"https:\\\/\\\/maranhaotv.com.br\\\/wp-content\\\/uploads\\\/2025\\\/01\\\/IMG-20250128-WA0103-scaled.jpg\",\"keywords\":[\"Felipe Camar\u00e3o\",\"Santa In\u00eas\"],\"articleSection\":[\"not\u00edcias\"],\"inLanguage\":\"pt-BR\",\"potentialAction\":[{\"@type\":\"CommentAction\",\"name\":\"Comment\",\"target\":[\"https:\\\/\\\/maranhaotv.com.br\\\/index.php\\\/2025\\\/01\\\/28\\\/vice-governador-felipe-camarao-dialoga-com-classe-empresarial-de-santa-ines-e-regiao\\\/#respond\"]}]},{\"@type\":\"WebPage\",\"@id\":\"https:\\\/\\\/maranhaotv.com.br\\\/index.php\\\/2025\\\/01\\\/28\\\/vice-governador-felipe-camarao-dialoga-com-classe-empresarial-de-santa-ines-e-regiao\\\/\",\"url\":\"https:\\\/\\\/maranhaotv.com.br\\\/index.php\\\/2025\\\/01\\\/28\\\/vice-governador-felipe-camarao-dialoga-com-classe-empresarial-de-santa-ines-e-regiao\\\/\",\"name\":\"Vice-governador Felipe Camar\u00e3o dialoga com classe empresarial de Santa In\u00eas e regi\u00e3o - NOT\u00cdCIAS EM TEMPO REAL\",\"isPartOf\":{\"@id\":\"https:\\\/\\\/maranhaotv.com.br\\\/#website\"},\"primaryImageOfPage\":{\"@id\":\"https:\\\/\\\/maranhaotv.com.br\\\/index.php\\\/2025\\\/01\\\/28\\\/vice-governador-felipe-camarao-dialoga-com-classe-empresarial-de-santa-ines-e-regiao\\\/#primaryimage\"},\"image\":{\"@id\":\"https:\\\/\\\/maranhaotv.com.br\\\/index.php\\\/2025\\\/01\\\/28\\\/vice-governador-felipe-camarao-dialoga-com-classe-empresarial-de-santa-ines-e-regiao\\\/#primaryimage\"},\"thumbnailUrl\":\"https:\\\/\\\/maranhaotv.com.br\\\/wp-content\\\/uploads\\\/2025\\\/01\\\/IMG-20250128-WA0103-scaled.jpg\",\"datePublished\":\"2025-01-28T19:58:20+00:00\",\"dateModified\":\"2025-01-28T20:02:22+00:00\",\"breadcrumb\":{\"@id\":\"https:\\\/\\\/maranhaotv.com.br\\\/index.php\\\/2025\\\/01\\\/28\\\/vice-governador-felipe-camarao-dialoga-com-classe-empresarial-de-santa-ines-e-regiao\\\/#breadcrumb\"},\"inLanguage\":\"pt-BR\",\"potentialAction\":[{\"@type\":\"ReadAction\",\"target\":[\"https:\\\/\\\/maranhaotv.com.br\\\/index.php\\\/2025\\\/01\\\/28\\\/vice-governador-felipe-camarao-dialoga-com-classe-empresarial-de-santa-ines-e-regiao\\\/\"]}]},{\"@type\":\"ImageObject\",\"inLanguage\":\"pt-BR\",\"@id\":\"https:\\\/\\\/maranhaotv.com.br\\\/index.php\\\/2025\\\/01\\\/28\\\/vice-governador-felipe-camarao-dialoga-com-classe-empresarial-de-santa-ines-e-regiao\\\/#primaryimage\",\"url\":\"https:\\\/\\\/maranhaotv.com.br\\\/wp-content\\\/uploads\\\/2025\\\/01\\\/IMG-20250128-WA0103-scaled.jpg\",\"contentUrl\":\"https:\\\/\\\/maranhaotv.com.br\\\/wp-content\\\/uploads\\\/2025\\\/01\\\/IMG-20250128-WA0103-scaled.jpg\",\"width\":2560,\"height\":1656},{\"@type\":\"BreadcrumbList\",\"@id\":\"https:\\\/\\\/maranhaotv.com.br\\\/index.php\\\/2025\\\/01\\\/28\\\/vice-governador-felipe-camarao-dialoga-com-classe-empresarial-de-santa-ines-e-regiao\\\/#breadcrumb\",\"itemListElement\":[{\"@type\":\"ListItem\",\"position\":1,\"name\":\"In\u00edcio\",\"item\":\"https:\\\/\\\/maranhaotv.com.br\\\/\"},{\"@type\":\"ListItem\",\"position\":2,\"name\":\"Vice-governador Felipe Camar\u00e3o dialoga com classe empresarial de Santa In\u00eas e regi\u00e3o\"}]},{\"@type\":\"WebSite\",\"@id\":\"https:\\\/\\\/maranhaotv.com.br\\\/#website\",\"url\":\"https:\\\/\\\/maranhaotv.com.br\\\/\",\"name\":\"Maranh\u00e3oTV\",\"description\":\"\",\"publisher\":{\"@id\":\"https:\\\/\\\/maranhaotv.com.br\\\/#organization\"},\"potentialAction\":[{\"@type\":\"SearchAction\",\"target\":{\"@type\":\"EntryPoint\",\"urlTemplate\":\"https:\\\/\\\/maranhaotv.com.br\\\/?s={search_term_string}\"},\"query-input\":{\"@type\":\"PropertyValueSpecification\",\"valueRequired\":true,\"valueName\":\"search_term_string\"}}],\"inLanguage\":\"pt-BR\"},{\"@type\":\"Organization\",\"@id\":\"https:\\\/\\\/maranhaotv.com.br\\\/#organization\",\"name\":\"Portal de Not\u00edcias\",\"url\":\"https:\\\/\\\/maranhaotv.com.br\\\/\",\"logo\":{\"@type\":\"ImageObject\",\"inLanguage\":\"pt-BR\",\"@id\":\"https:\\\/\\\/maranhaotv.com.br\\\/#\\\/schema\\\/logo\\\/image\\\/\",\"url\":\"https:\\\/\\\/maranhaotv.com.br\\\/wp-content\\\/uploads\\\/2024\\\/05\\\/cropped-cropped-avatar-1.png\",\"contentUrl\":\"https:\\\/\\\/maranhaotv.com.br\\\/wp-content\\\/uploads\\\/2024\\\/05\\\/cropped-cropped-avatar-1.png\",\"width\":792,\"height\":428,\"caption\":\"Portal de Not\u00edcias\"},\"image\":{\"@id\":\"https:\\\/\\\/maranhaotv.com.br\\\/#\\\/schema\\\/logo\\\/image\\\/\"},\"sameAs\":[\"https:\\\/\\\/www.facebook.com\\\/maiobaotv\",\"https:\\\/\\\/x.com\\\/sitemaranhaotv\",\"https:\\\/\\\/www.instagram.com\\\/maranhao.tv\",\"https:\\\/\\\/www.threads.net\\\/@maranhao.tv\"]},{\"@type\":\"Person\",\"@id\":\"https:\\\/\\\/maranhaotv.com.br\\\/#\\\/schema\\\/person\\\/3d54238e86b20bb5c89ab2fdb8f8829a\",\"name\":\"maranhaotv\",\"image\":{\"@type\":\"ImageObject\",\"inLanguage\":\"pt-BR\",\"@id\":\"https:\\\/\\\/secure.gravatar.com\\\/avatar\\\/8fadbca458d4cb68b1dd399ae9a40618d747bb1af65ac9fad21c89220a143eb4?s=96&d=mm&r=g\",\"url\":\"https:\\\/\\\/secure.gravatar.com\\\/avatar\\\/8fadbca458d4cb68b1dd399ae9a40618d747bb1af65ac9fad21c89220a143eb4?s=96&d=mm&r=g\",\"contentUrl\":\"https:\\\/\\\/secure.gravatar.com\\\/avatar\\\/8fadbca458d4cb68b1dd399ae9a40618d747bb1af65ac9fad21c89220a143eb4?s=96&d=mm&r=g\",\"caption\":\"maranhaotv\"},\"sameAs\":[\"https:\\\/\\\/maranhaotv.com.br\\\/\"],\"url\":\"https:\\\/\\\/maranhaotv.com.br\\\/index.php\\\/author\\\/maranhaotv\\\/\"}]}<\/script>\n<!-- \/ Yoast SEO plugin. -->","yoast_head_json":{"title":"Vice-governador Felipe Camar\u00e3o dialoga com classe empresarial de Santa In\u00eas e regi\u00e3o - NOT\u00cdCIAS EM TEMPO REAL","robots":{"index":"index","follow":"follow","max-snippet":"max-snippet:-1","max-image-preview":"max-image-preview:large","max-video-preview":"max-video-preview:-1"},"canonical":"https:\/\/maranhaotv.com.br\/index.php\/2025\/01\/28\/vice-governador-felipe-camarao-dialoga-com-classe-empresarial-de-santa-ines-e-regiao\/","og_locale":"pt_BR","og_type":"article","og_title":"Vice-governador Felipe Camar\u00e3o dialoga com classe empresarial de Santa In\u00eas e regi\u00e3o - NOT\u00cdCIAS EM TEMPO REAL","og_description":"Em extensa agenda em Santa In\u00eas, o vice-governador Felipe Camar\u00e3o dialogou com mulheres empreendedoras e classe empresarial, na Associa\u00e7\u00e3o Comercial","og_url":"https:\/\/maranhaotv.com.br\/index.php\/2025\/01\/28\/vice-governador-felipe-camarao-dialoga-com-classe-empresarial-de-santa-ines-e-regiao\/","og_site_name":"NOT\u00cdCIAS EM TEMPO REAL","article_publisher":"https:\/\/www.facebook.com\/maiobaotv","article_published_time":"2025-01-28T19:58:20+00:00","article_modified_time":"2025-01-28T20:02:22+00:00","og_image":[{"width":2560,"height":1656,"url":"https:\/\/maranhaotv.com.br\/wp-content\/uploads\/2025\/01\/IMG-20250128-WA0103-scaled.jpg","type":"image\/jpeg"}],"author":"maranhaotv","twitter_card":"summary_large_image","twitter_creator":"@sitemaranhaotv","twitter_site":"@sitemaranhaotv","twitter_misc":{"Escrito por":"maranhaotv","Est. tempo de leitura":"2 minutos"},"schema":{"@context":"https:\/\/schema.org","@graph":[{"@type":"Article","@id":"https:\/\/maranhaotv.com.br\/index.php\/2025\/01\/28\/vice-governador-felipe-camarao-dialoga-com-classe-empresarial-de-santa-ines-e-regiao\/#article","isPartOf":{"@id":"https:\/\/maranhaotv.com.br\/index.php\/2025\/01\/28\/vice-governador-felipe-camarao-dialoga-com-classe-empresarial-de-santa-ines-e-regiao\/"},"author":{"name":"maranhaotv","@id":"https:\/\/maranhaotv.com.br\/#\/schema\/person\/3d54238e86b20bb5c89ab2fdb8f8829a"},"headline":"Vice-governador Felipe Camar\u00e3o dialoga com classe empresarial de Santa In\u00eas e regi\u00e3o","datePublished":"2025-01-28T19:58:20+00:00","dateModified":"2025-01-28T20:02:22+00:00","mainEntityOfPage":{"@id":"https:\/\/maranhaotv.com.br\/index.php\/2025\/01\/28\/vice-governador-felipe-camarao-dialoga-com-classe-empresarial-de-santa-ines-e-regiao\/"},"wordCount":424,"commentCount":0,"publisher":{"@id":"https:\/\/maranhaotv.com.br\/#organization"},"image":{"@id":"https:\/\/maranhaotv.com.br\/index.php\/2025\/01\/28\/vice-governador-felipe-camarao-dialoga-com-classe-empresarial-de-santa-ines-e-regiao\/#primaryimage"},"thumbnailUrl":"https:\/\/maranhaotv.com.br\/wp-content\/uploads\/2025\/01\/IMG-20250128-WA0103-scaled.jpg","keywords":["Felipe Camar\u00e3o","Santa In\u00eas"],"articleSection":["not\u00edcias"],"inLanguage":"pt-BR","potentialAction":[{"@type":"CommentAction","name":"Comment","target":["https:\/\/maranhaotv.com.br\/index.php\/2025\/01\/28\/vice-governador-felipe-camarao-dialoga-com-classe-empresarial-de-santa-ines-e-regiao\/#respond"]}]},{"@type":"WebPage","@id":"https:\/\/maranhaotv.com.br\/index.php\/2025\/01\/28\/vice-governador-felipe-camarao-dialoga-com-classe-empresarial-de-santa-ines-e-regiao\/","url":"https:\/\/maranhaotv.com.br\/index.php\/2025\/01\/28\/vice-governador-felipe-camarao-dialoga-com-classe-empresarial-de-santa-ines-e-regiao\/","name":"Vice-governador Felipe Camar\u00e3o dialoga com classe empresarial de Santa In\u00eas e regi\u00e3o - NOT\u00cdCIAS EM TEMPO REAL","isPartOf":{"@id":"https:\/\/maranhaotv.com.br\/#website"},"primaryImageOfPage":{"@id":"https:\/\/maranhaotv.com.br\/index.php\/2025\/01\/28\/vice-governador-felipe-camarao-dialoga-com-classe-empresarial-de-santa-ines-e-regiao\/#primaryimage"},"image":{"@id":"https:\/\/maranhaotv.com.br\/index.php\/2025\/01\/28\/vice-governador-felipe-camarao-dialoga-com-classe-empresarial-de-santa-ines-e-regiao\/#primaryimage"},"thumbnailUrl":"https:\/\/maranhaotv.com.br\/wp-content\/uploads\/2025\/01\/IMG-20250128-WA0103-scaled.jpg","datePublished":"2025-01-28T19:58:20+00:00","dateModified":"2025-01-28T20:02:22+00:00","breadcrumb":{"@id":"https:\/\/maranhaotv.com.br\/index.php\/2025\/01\/28\/vice-governador-felipe-camarao-dialoga-com-classe-empresarial-de-santa-ines-e-regiao\/#breadcrumb"},"inLanguage":"pt-BR","potentialAction":[{"@type":"ReadAction","target":["https:\/\/maranhaotv.com.br\/index.php\/2025\/01\/28\/vice-governador-felipe-camarao-dialoga-com-classe-empresarial-de-santa-ines-e-regiao\/"]}]},{"@type":"ImageObject","inLanguage":"pt-BR","@id":"https:\/\/maranhaotv.com.br\/index.php\/2025\/01\/28\/vice-governador-felipe-camarao-dialoga-com-classe-empresarial-de-santa-ines-e-regiao\/#primaryimage","url":"https:\/\/maranhaotv.com.br\/wp-content\/uploads\/2025\/01\/IMG-20250128-WA0103-scaled.jpg","contentUrl":"https:\/\/maranhaotv.com.br\/wp-content\/uploads\/2025\/01\/IMG-20250128-WA0103-scaled.jpg","width":2560,"height":1656},{"@type":"BreadcrumbList","@id":"https:\/\/maranhaotv.com.br\/index.php\/2025\/01\/28\/vice-governador-felipe-camarao-dialoga-com-classe-empresarial-de-santa-ines-e-regiao\/#breadcrumb","itemListElement":[{"@type":"ListItem","position":1,"name":"In\u00edcio","item":"https:\/\/maranhaotv.com.br\/"},{"@type":"ListItem","position":2,"name":"Vice-governador Felipe Camar\u00e3o dialoga com classe empresarial de Santa In\u00eas e regi\u00e3o"}]},{"@type":"WebSite","@id":"https:\/\/maranhaotv.com.br\/#website","url":"https:\/\/maranhaotv.com.br\/","name":"Maranh\u00e3oTV","description":"","publisher":{"@id":"https:\/\/maranhaotv.com.br\/#organization"},"potentialAction":[{"@type":"SearchAction","target":{"@type":"EntryPoint","urlTemplate":"https:\/\/maranhaotv.com.br\/?s={search_term_string}"},"query-input":{"@type":"PropertyValueSpecification","valueRequired":true,"valueName":"search_term_string"}}],"inLanguage":"pt-BR"},{"@type":"Organization","@id":"https:\/\/maranhaotv.com.br\/#organization","name":"Portal de Not\u00edcias","url":"https:\/\/maranhaotv.com.br\/","logo":{"@type":"ImageObject","inLanguage":"pt-BR","@id":"https:\/\/maranhaotv.com.br\/#\/schema\/logo\/image\/","url":"https:\/\/maranhaotv.com.br\/wp-content\/uploads\/2024\/05\/cropped-cropped-avatar-1.png","contentUrl":"https:\/\/maranhaotv.com.br\/wp-content\/uploads\/2024\/05\/cropped-cropped-avatar-1.png","width":792,"height":428,"caption":"Portal de Not\u00edcias"},"image":{"@id":"https:\/\/maranhaotv.com.br\/#\/schema\/logo\/image\/"},"sameAs":["https:\/\/www.facebook.com\/maiobaotv","https:\/\/x.com\/sitemaranhaotv","https:\/\/www.instagram.com\/maranhao.tv","https:\/\/www.threads.net\/@maranhao.tv"]},{"@type":"Person","@id":"https:\/\/maranhaotv.com.br\/#\/schema\/person\/3d54238e86b20bb5c89ab2fdb8f8829a","name":"maranhaotv","image":{"@type":"ImageObject","inLanguage":"pt-BR","@id":"https:\/\/secure.gravatar.com\/avatar\/8fadbca458d4cb68b1dd399ae9a40618d747bb1af65ac9fad21c89220a143eb4?s=96&d=mm&r=g","url":"https:\/\/secure.gravatar.com\/avatar\/8fadbca458d4cb68b1dd399ae9a40618d747bb1af65ac9fad21c89220a143eb4?s=96&d=mm&r=g","contentUrl":"https:\/\/secure.gravatar.com\/avatar\/8fadbca458d4cb68b1dd399ae9a40618d747bb1af65ac9fad21c89220a143eb4?s=96&d=mm&r=g","caption":"maranhaotv"},"sameAs":["https:\/\/maranhaotv.com.br\/"],"url":"https:\/\/maranhaotv.com.br\/index.php\/author\/maranhaotv\/"}]}},"jetpack_featured_media_url":"https:\/\/maranhaotv.com.br\/wp-content\/uploads\/2025\/01\/IMG-20250128-WA0103-scaled.jpg","jetpack_sharing_enabled":true,"_links":{"self":[{"href":"https:\/\/maranhaotv.com.br\/index.php\/wp-json\/wp\/v2\/posts\/40066","targetHints":{"allow":["GET"]}}],"collection":[{"href":"https:\/\/maranhaotv.com.br\/index.php\/wp-json\/wp\/v2\/posts"}],"about":[{"href":"https:\/\/maranhaotv.com.br\/index.php\/wp-json\/wp\/v2\/types\/post"}],"author":[{"embeddable":true,"href":"https:\/\/maranhaotv.com.br\/index.php\/wp-json\/wp\/v2\/users\/2"}],"replies":[{"embeddable":true,"href":"https:\/\/maranhaotv.com.br\/index.php\/wp-json\/wp\/v2\/comments?post=40066"}],"version-history":[{"count":3,"href":"https:\/\/maranhaotv.com.br\/index.php\/wp-json\/wp\/v2\/posts\/40066\/revisions"}],"predecessor-version":[{"id":40069,"href":"https:\/\/maranhaotv.com.br\/index.php\/wp-json\/wp\/v2\/posts\/40066\/revisions\/40069"}],"wp:featuredmedia":[{"embeddable":true,"href":"https:\/\/maranhaotv.com.br\/index.php\/wp-json\/wp\/v2\/media\/40065"}],"wp:attachment":[{"href":"https:\/\/maranhaotv.com.br\/index.php\/wp-json\/wp\/v2\/media?parent=40066"}],"wp:term":[{"taxonomy":"category","embeddable":true,"href":"https:\/\/maranhaotv.com.br\/index.php\/wp-json\/wp\/v2\/categories?post=40066"},{"taxonomy":"post_tag","embeddable":true,"href":"https:\/\/maranhaotv.com.br\/index.php\/wp-json\/wp\/v2\/tags?post=40066"}],"curies":[{"name":"wp","href":"https:\/\/api.w.org\/{rel}","templated":true}]}}