{"id":40157,"date":"2025-02-03T18:00:48","date_gmt":"2025-02-03T21:00:48","guid":{"rendered":"https:\/\/maranhaotv.com.br\/?p=40157"},"modified":"2025-02-03T18:00:51","modified_gmt":"2025-02-03T21:00:51","slug":"sob-gestao-do-prefeito-fred-campos-prefeitura-de-paco-do-lumiar-inicia-recuperacao-asfaltica-da-avenida-principal-do-parana","status":"publish","type":"post","link":"https:\/\/maranhaotv.com.br\/index.php\/2025\/02\/03\/sob-gestao-do-prefeito-fred-campos-prefeitura-de-paco-do-lumiar-inicia-recuperacao-asfaltica-da-avenida-principal-do-parana\/","title":{"rendered":"Sob gest\u00e3o do Prefeito Fred Campos, prefeitura de Pa\u00e7o do Lumiar inicia recupera\u00e7\u00e3o asf\u00e1ltica da Avenida Principal do Paran\u00e3"},"content":{"rendered":"\n<p><\/p>\n\n\n\n<p><br>O prefeito Fred Campos est\u00e1 \u00e0 frente de um grande trabalho de recupera\u00e7\u00e3o da Avenida Principal do Paran\u00e3, garantindo uma solu\u00e7\u00e3o definitiva para a infraestrutura da via. A obra, iniciada pela Prefeitura de Pa\u00e7o do Lumiar, por meio da Secretaria de Infraestrutura (SEMINFRA), utilizar\u00e1 pavimento de concreto armado, uma t\u00e9cnica que oferece maior durabilidade e resist\u00eancia, eliminando a necessidade de reparos frequentes.<\/p>\n\n\n\n<p><em>\u201cEstamos resolvendo um problema hist\u00f3rico dessa via. Com a utiliza\u00e7\u00e3o de concreto armado, a nova pista ser\u00e1 capaz de suportar o tr\u00e1fego intenso de ve\u00edculos e resistir \u00e0s chuvas, garantindo um asfalto de qualidade por muitos anos\u201d, destacou o prefeito Fred Campos, que esteve vistoriando pessoalmente a obra nesta segunda-feira (3).<\/em><\/p>\n\n\n\n<figure class=\"wp-block-image size-large\"><img loading=\"lazy\" decoding=\"async\" width=\"1024\" height=\"682\" src=\"https:\/\/maranhaotv.com.br\/wp-content\/uploads\/2025\/02\/img-20250203-wa03647002422623887503539-1024x682.jpg\" alt=\"\" class=\"wp-image-40156\" srcset=\"https:\/\/maranhaotv.com.br\/wp-content\/uploads\/2025\/02\/img-20250203-wa03647002422623887503539-1024x682.jpg 1024w, https:\/\/maranhaotv.com.br\/wp-content\/uploads\/2025\/02\/img-20250203-wa03647002422623887503539-300x200.jpg 300w, https:\/\/maranhaotv.com.br\/wp-content\/uploads\/2025\/02\/img-20250203-wa03647002422623887503539-768x512.jpg 768w, https:\/\/maranhaotv.com.br\/wp-content\/uploads\/2025\/02\/img-20250203-wa03647002422623887503539-1536x1023.jpg 1536w, https:\/\/maranhaotv.com.br\/wp-content\/uploads\/2025\/02\/img-20250203-wa03647002422623887503539.jpg 1600w\" sizes=\"auto, (max-width: 1024px) 100vw, 1024px\" \/><\/figure>\n\n\n\n<p><strong>Fim dos buracos e mais seguran\u00e7a para os moradores<\/strong><\/p>\n\n\n\n<p>Com essa iniciativa, a gest\u00e3o de Fred Campos busca oferecer mais seguran\u00e7a e conforto para os moradores do Paran\u00e3. O novo asfalto, resistente e duradouro, ir\u00e1 eliminar os buracos e imperfei\u00e7\u00f5es da pista, proporcionando melhor trafegabilidade para ve\u00edculos e pedestres.<br>Essa obra faz parte do programa Pavimenta Pa\u00e7o, uma das principais a\u00e7\u00f5es da gest\u00e3o municipal para melhorar a infraestrutura da cidade e garantir mais qualidade de vida para a popula\u00e7\u00e3o.<\/p>\n\n\n\n<figure class=\"wp-block-image size-large\"><img loading=\"lazy\" decoding=\"async\" width=\"682\" height=\"1024\" src=\"https:\/\/maranhaotv.com.br\/wp-content\/uploads\/2025\/02\/img-20250203-wa03653725765449403473217-682x1024.jpg\" alt=\"\" class=\"wp-image-40151\" srcset=\"https:\/\/maranhaotv.com.br\/wp-content\/uploads\/2025\/02\/img-20250203-wa03653725765449403473217-682x1024.jpg 682w, https:\/\/maranhaotv.com.br\/wp-content\/uploads\/2025\/02\/img-20250203-wa03653725765449403473217-200x300.jpg 200w, https:\/\/maranhaotv.com.br\/wp-content\/uploads\/2025\/02\/img-20250203-wa03653725765449403473217-768x1153.jpg 768w, https:\/\/maranhaotv.com.br\/wp-content\/uploads\/2025\/02\/img-20250203-wa03653725765449403473217-1023x1536.jpg 1023w, https:\/\/maranhaotv.com.br\/wp-content\/uploads\/2025\/02\/img-20250203-wa03653725765449403473217.jpg 1066w\" sizes=\"auto, (max-width: 682px) 100vw, 682px\" \/><\/figure>\n\n\n\n<figure class=\"wp-block-image\"><img loading=\"lazy\" decoding=\"async\" width=\"682\" height=\"1024\" src=\"https:\/\/maranhaotv.com.br\/wp-content\/uploads\/2025\/02\/img-20250203-wa03615397438227501575436-682x1024.jpg\" alt=\"\" class=\"wp-image-40150\" srcset=\"https:\/\/maranhaotv.com.br\/wp-content\/uploads\/2025\/02\/img-20250203-wa03615397438227501575436-682x1024.jpg 682w, https:\/\/maranhaotv.com.br\/wp-content\/uploads\/2025\/02\/img-20250203-wa03615397438227501575436-200x300.jpg 200w, https:\/\/maranhaotv.com.br\/wp-content\/uploads\/2025\/02\/img-20250203-wa03615397438227501575436-768x1153.jpg 768w, https:\/\/maranhaotv.com.br\/wp-content\/uploads\/2025\/02\/img-20250203-wa03615397438227501575436-1023x1536.jpg 1023w, https:\/\/maranhaotv.com.br\/wp-content\/uploads\/2025\/02\/img-20250203-wa03615397438227501575436.jpg 1066w\" sizes=\"auto, (max-width: 682px) 100vw, 682px\" \/><\/figure>\n\n\n\n<figure class=\"wp-block-image\"><img loading=\"lazy\" decoding=\"async\" width=\"1024\" height=\"682\" src=\"https:\/\/maranhaotv.com.br\/wp-content\/uploads\/2025\/02\/img-20250203-wa0366687134146904938664-1024x682.jpg\" alt=\"\" class=\"wp-image-40153\" srcset=\"https:\/\/maranhaotv.com.br\/wp-content\/uploads\/2025\/02\/img-20250203-wa0366687134146904938664-1024x682.jpg 1024w, https:\/\/maranhaotv.com.br\/wp-content\/uploads\/2025\/02\/img-20250203-wa0366687134146904938664-300x200.jpg 300w, https:\/\/maranhaotv.com.br\/wp-content\/uploads\/2025\/02\/img-20250203-wa0366687134146904938664-768x512.jpg 768w, https:\/\/maranhaotv.com.br\/wp-content\/uploads\/2025\/02\/img-20250203-wa0366687134146904938664-1536x1023.jpg 1536w, https:\/\/maranhaotv.com.br\/wp-content\/uploads\/2025\/02\/img-20250203-wa0366687134146904938664.jpg 1600w\" sizes=\"auto, (max-width: 1024px) 100vw, 1024px\" \/><\/figure>\n\n\n\n<figure class=\"wp-block-image\"><img loading=\"lazy\" decoding=\"async\" width=\"1024\" height=\"682\" src=\"https:\/\/maranhaotv.com.br\/wp-content\/uploads\/2025\/02\/img-20250203-wa03638472224544014138343-1024x682.jpg\" alt=\"\" class=\"wp-image-40152\" srcset=\"https:\/\/maranhaotv.com.br\/wp-content\/uploads\/2025\/02\/img-20250203-wa03638472224544014138343-1024x682.jpg 1024w, https:\/\/maranhaotv.com.br\/wp-content\/uploads\/2025\/02\/img-20250203-wa03638472224544014138343-300x200.jpg 300w, https:\/\/maranhaotv.com.br\/wp-content\/uploads\/2025\/02\/img-20250203-wa03638472224544014138343-768x512.jpg 768w, https:\/\/maranhaotv.com.br\/wp-content\/uploads\/2025\/02\/img-20250203-wa03638472224544014138343-1536x1023.jpg 1536w, https:\/\/maranhaotv.com.br\/wp-content\/uploads\/2025\/02\/img-20250203-wa03638472224544014138343.jpg 1600w\" sizes=\"auto, (max-width: 1024px) 100vw, 1024px\" \/><\/figure>\n","protected":false},"excerpt":{"rendered":"<p>O prefeito Fred Campos est\u00e1 \u00e0 frente de um grande trabalho de recupera\u00e7\u00e3o da Avenida Principal do Paran\u00e3, garantindo uma<\/p>\n","protected":false},"author":2,"featured_media":40155,"comment_status":"open","ping_status":"open","sticky":false,"template":"","format":"standard","meta":{"colormag_page_container_layout":"default_layout","colormag_page_sidebar_layout":"default_layout","_jetpack_memberships_contains_paid_content":false,"footnotes":""},"categories":[6],"tags":[43,15,490],"class_list":["post-40157","post","type-post","status-publish","format-standard","has-post-thumbnail","hentry","category-politica","tag-fred-campos","tag-paco-do-lumiar","tag-parana"],"magazineBlocksPostFeaturedMedia":{"thumbnail":"https:\/\/maranhaotv.com.br\/wp-content\/uploads\/2025\/02\/image_editor_output_image609707570-1738616348365-150x150.jpg","medium":"https:\/\/maranhaotv.com.br\/wp-content\/uploads\/2025\/02\/image_editor_output_image609707570-1738616348365-300x150.jpg","medium_large":"https:\/\/maranhaotv.com.br\/wp-content\/uploads\/2025\/02\/image_editor_output_image609707570-1738616348365-768x385.jpg","large":"https:\/\/maranhaotv.com.br\/wp-content\/uploads\/2025\/02\/image_editor_output_image609707570-1738616348365-1024x513.jpg","1536x1536":"https:\/\/maranhaotv.com.br\/wp-content\/uploads\/2025\/02\/image_editor_output_image609707570-1738616348365.jpg","2048x2048":"https:\/\/maranhaotv.com.br\/wp-content\/uploads\/2025\/02\/image_editor_output_image609707570-1738616348365.jpg","colormag-highlighted-post":"https:\/\/maranhaotv.com.br\/wp-content\/uploads\/2025\/02\/image_editor_output_image609707570-1738616348365-392x272.jpg","colormag-featured-post-medium":"https:\/\/maranhaotv.com.br\/wp-content\/uploads\/2025\/02\/image_editor_output_image609707570-1738616348365-390x205.jpg","colormag-featured-post-small":"https:\/\/maranhaotv.com.br\/wp-content\/uploads\/2025\/02\/image_editor_output_image609707570-1738616348365-130x90.jpg","colormag-featured-image":"https:\/\/maranhaotv.com.br\/wp-content\/uploads\/2025\/02\/image_editor_output_image609707570-1738616348365-800x445.jpg","colormag-default-news":"https:\/\/maranhaotv.com.br\/wp-content\/uploads\/2025\/02\/image_editor_output_image609707570-1738616348365-150x150.jpg","colormag-featured-image-large":"https:\/\/maranhaotv.com.br\/wp-content\/uploads\/2025\/02\/image_editor_output_image609707570-1738616348365.jpg"},"magazineBlocksPostAuthor":{"name":"maranhaotv","avatar":"https:\/\/secure.gravatar.com\/avatar\/8fadbca458d4cb68b1dd399ae9a40618d747bb1af65ac9fad21c89220a143eb4?s=96&d=mm&r=g"},"magazineBlocksPostCommentsNumber":"0","magazineBlocksPostExcerpt":"O prefeito Fred Campos est\u00e1 \u00e0 frente de um grande trabalho de recupera\u00e7\u00e3o da Avenida Principal do Paran\u00e3, garantindo uma","magazineBlocksPostCategories":["pol\u00edtica"],"magazineBlocksPostViewCount":491,"magazineBlocksPostReadTime":2,"magazine_blocks_featured_image_url":{"full":["https:\/\/maranhaotv.com.br\/wp-content\/uploads\/2025\/02\/image_editor_output_image609707570-1738616348365.jpg",1066,534,false],"medium":["https:\/\/maranhaotv.com.br\/wp-content\/uploads\/2025\/02\/image_editor_output_image609707570-1738616348365-300x150.jpg",300,150,true],"thumbnail":["https:\/\/maranhaotv.com.br\/wp-content\/uploads\/2025\/02\/image_editor_output_image609707570-1738616348365-150x150.jpg",150,150,true]},"magazine_blocks_author":{"display_name":"maranhaotv","author_link":"https:\/\/maranhaotv.com.br\/index.php\/author\/maranhaotv\/"},"magazine_blocks_comment":0,"magazine_blocks_author_image":"https:\/\/secure.gravatar.com\/avatar\/8fadbca458d4cb68b1dd399ae9a40618d747bb1af65ac9fad21c89220a143eb4?s=96&d=mm&r=g","magazine_blocks_category":"<a href=\"#\" class=\"category-link category-link-6\">pol\u00edtica<\/a>","yoast_head":"<!-- This site is optimized with the Yoast SEO plugin v27.4 - https:\/\/yoast.com\/product\/yoast-seo-wordpress\/ -->\n<title>Sob gest\u00e3o do Prefeito Fred Campos, prefeitura de Pa\u00e7o do Lumiar inicia recupera\u00e7\u00e3o asf\u00e1ltica da Avenida Principal do Paran\u00e3 - NOT\u00cdCIAS EM TEMPO REAL<\/title>\n<meta name=\"robots\" content=\"index, follow, max-snippet:-1, max-image-preview:large, max-video-preview:-1\" \/>\n<link rel=\"canonical\" href=\"https:\/\/maranhaotv.com.br\/index.php\/2025\/02\/03\/sob-gestao-do-prefeito-fred-campos-prefeitura-de-paco-do-lumiar-inicia-recuperacao-asfaltica-da-avenida-principal-do-parana\/\" \/>\n<meta property=\"og:locale\" content=\"pt_BR\" \/>\n<meta property=\"og:type\" content=\"article\" \/>\n<meta property=\"og:title\" content=\"Sob gest\u00e3o do Prefeito Fred Campos, prefeitura de Pa\u00e7o do Lumiar inicia recupera\u00e7\u00e3o asf\u00e1ltica da Avenida Principal do Paran\u00e3 - NOT\u00cdCIAS EM TEMPO REAL\" \/>\n<meta property=\"og:description\" content=\"O prefeito Fred Campos est\u00e1 \u00e0 frente de um grande trabalho de recupera\u00e7\u00e3o da Avenida Principal do Paran\u00e3, garantindo uma\" \/>\n<meta property=\"og:url\" content=\"https:\/\/maranhaotv.com.br\/index.php\/2025\/02\/03\/sob-gestao-do-prefeito-fred-campos-prefeitura-de-paco-do-lumiar-inicia-recuperacao-asfaltica-da-avenida-principal-do-parana\/\" \/>\n<meta property=\"og:site_name\" content=\"NOT\u00cdCIAS EM TEMPO REAL\" \/>\n<meta property=\"article:publisher\" content=\"https:\/\/www.facebook.com\/maiobaotv\" \/>\n<meta property=\"article:published_time\" content=\"2025-02-03T21:00:48+00:00\" \/>\n<meta property=\"article:modified_time\" content=\"2025-02-03T21:00:51+00:00\" \/>\n<meta property=\"og:image\" content=\"https:\/\/maranhaotv.com.br\/wp-content\/uploads\/2025\/02\/image_editor_output_image609707570-1738616348365.jpg\" \/>\n\t<meta property=\"og:image:width\" content=\"1066\" \/>\n\t<meta property=\"og:image:height\" content=\"534\" \/>\n\t<meta property=\"og:image:type\" content=\"image\/jpeg\" \/>\n<meta name=\"author\" content=\"maranhaotv\" \/>\n<meta name=\"twitter:card\" content=\"summary_large_image\" \/>\n<meta name=\"twitter:creator\" content=\"@sitemaranhaotv\" \/>\n<meta name=\"twitter:site\" content=\"@sitemaranhaotv\" \/>\n<meta name=\"twitter:label1\" content=\"Escrito por\" \/>\n\t<meta name=\"twitter:data1\" content=\"maranhaotv\" \/>\n\t<meta name=\"twitter:label2\" content=\"Est. tempo de leitura\" \/>\n\t<meta name=\"twitter:data2\" content=\"1 minuto\" \/>\n<script type=\"application\/ld+json\" class=\"yoast-schema-graph\">{\"@context\":\"https:\\\/\\\/schema.org\",\"@graph\":[{\"@type\":\"Article\",\"@id\":\"https:\\\/\\\/maranhaotv.com.br\\\/index.php\\\/2025\\\/02\\\/03\\\/sob-gestao-do-prefeito-fred-campos-prefeitura-de-paco-do-lumiar-inicia-recuperacao-asfaltica-da-avenida-principal-do-parana\\\/#article\",\"isPartOf\":{\"@id\":\"https:\\\/\\\/maranhaotv.com.br\\\/index.php\\\/2025\\\/02\\\/03\\\/sob-gestao-do-prefeito-fred-campos-prefeitura-de-paco-do-lumiar-inicia-recuperacao-asfaltica-da-avenida-principal-do-parana\\\/\"},\"author\":{\"name\":\"maranhaotv\",\"@id\":\"https:\\\/\\\/maranhaotv.com.br\\\/#\\\/schema\\\/person\\\/3d54238e86b20bb5c89ab2fdb8f8829a\"},\"headline\":\"Sob gest\u00e3o do Prefeito Fred Campos, prefeitura de Pa\u00e7o do Lumiar inicia recupera\u00e7\u00e3o asf\u00e1ltica da Avenida Principal do Paran\u00e3\",\"datePublished\":\"2025-02-03T21:00:48+00:00\",\"dateModified\":\"2025-02-03T21:00:51+00:00\",\"mainEntityOfPage\":{\"@id\":\"https:\\\/\\\/maranhaotv.com.br\\\/index.php\\\/2025\\\/02\\\/03\\\/sob-gestao-do-prefeito-fred-campos-prefeitura-de-paco-do-lumiar-inicia-recuperacao-asfaltica-da-avenida-principal-do-parana\\\/\"},\"wordCount\":231,\"commentCount\":0,\"publisher\":{\"@id\":\"https:\\\/\\\/maranhaotv.com.br\\\/#organization\"},\"image\":{\"@id\":\"https:\\\/\\\/maranhaotv.com.br\\\/index.php\\\/2025\\\/02\\\/03\\\/sob-gestao-do-prefeito-fred-campos-prefeitura-de-paco-do-lumiar-inicia-recuperacao-asfaltica-da-avenida-principal-do-parana\\\/#primaryimage\"},\"thumbnailUrl\":\"https:\\\/\\\/maranhaotv.com.br\\\/wp-content\\\/uploads\\\/2025\\\/02\\\/image_editor_output_image609707570-1738616348365.jpg\",\"keywords\":[\"Fred Campos\",\"Pa\u00e7o do Lumiar\",\"Paran\u00e3\"],\"articleSection\":[\"pol\u00edtica\"],\"inLanguage\":\"pt-BR\",\"potentialAction\":[{\"@type\":\"CommentAction\",\"name\":\"Comment\",\"target\":[\"https:\\\/\\\/maranhaotv.com.br\\\/index.php\\\/2025\\\/02\\\/03\\\/sob-gestao-do-prefeito-fred-campos-prefeitura-de-paco-do-lumiar-inicia-recuperacao-asfaltica-da-avenida-principal-do-parana\\\/#respond\"]}]},{\"@type\":\"WebPage\",\"@id\":\"https:\\\/\\\/maranhaotv.com.br\\\/index.php\\\/2025\\\/02\\\/03\\\/sob-gestao-do-prefeito-fred-campos-prefeitura-de-paco-do-lumiar-inicia-recuperacao-asfaltica-da-avenida-principal-do-parana\\\/\",\"url\":\"https:\\\/\\\/maranhaotv.com.br\\\/index.php\\\/2025\\\/02\\\/03\\\/sob-gestao-do-prefeito-fred-campos-prefeitura-de-paco-do-lumiar-inicia-recuperacao-asfaltica-da-avenida-principal-do-parana\\\/\",\"name\":\"Sob gest\u00e3o do Prefeito Fred Campos, prefeitura de Pa\u00e7o do Lumiar inicia recupera\u00e7\u00e3o asf\u00e1ltica da Avenida Principal do Paran\u00e3 - NOT\u00cdCIAS EM TEMPO REAL\",\"isPartOf\":{\"@id\":\"https:\\\/\\\/maranhaotv.com.br\\\/#website\"},\"primaryImageOfPage\":{\"@id\":\"https:\\\/\\\/maranhaotv.com.br\\\/index.php\\\/2025\\\/02\\\/03\\\/sob-gestao-do-prefeito-fred-campos-prefeitura-de-paco-do-lumiar-inicia-recuperacao-asfaltica-da-avenida-principal-do-parana\\\/#primaryimage\"},\"image\":{\"@id\":\"https:\\\/\\\/maranhaotv.com.br\\\/index.php\\\/2025\\\/02\\\/03\\\/sob-gestao-do-prefeito-fred-campos-prefeitura-de-paco-do-lumiar-inicia-recuperacao-asfaltica-da-avenida-principal-do-parana\\\/#primaryimage\"},\"thumbnailUrl\":\"https:\\\/\\\/maranhaotv.com.br\\\/wp-content\\\/uploads\\\/2025\\\/02\\\/image_editor_output_image609707570-1738616348365.jpg\",\"datePublished\":\"2025-02-03T21:00:48+00:00\",\"dateModified\":\"2025-02-03T21:00:51+00:00\",\"breadcrumb\":{\"@id\":\"https:\\\/\\\/maranhaotv.com.br\\\/index.php\\\/2025\\\/02\\\/03\\\/sob-gestao-do-prefeito-fred-campos-prefeitura-de-paco-do-lumiar-inicia-recuperacao-asfaltica-da-avenida-principal-do-parana\\\/#breadcrumb\"},\"inLanguage\":\"pt-BR\",\"potentialAction\":[{\"@type\":\"ReadAction\",\"target\":[\"https:\\\/\\\/maranhaotv.com.br\\\/index.php\\\/2025\\\/02\\\/03\\\/sob-gestao-do-prefeito-fred-campos-prefeitura-de-paco-do-lumiar-inicia-recuperacao-asfaltica-da-avenida-principal-do-parana\\\/\"]}]},{\"@type\":\"ImageObject\",\"inLanguage\":\"pt-BR\",\"@id\":\"https:\\\/\\\/maranhaotv.com.br\\\/index.php\\\/2025\\\/02\\\/03\\\/sob-gestao-do-prefeito-fred-campos-prefeitura-de-paco-do-lumiar-inicia-recuperacao-asfaltica-da-avenida-principal-do-parana\\\/#primaryimage\",\"url\":\"https:\\\/\\\/maranhaotv.com.br\\\/wp-content\\\/uploads\\\/2025\\\/02\\\/image_editor_output_image609707570-1738616348365.jpg\",\"contentUrl\":\"https:\\\/\\\/maranhaotv.com.br\\\/wp-content\\\/uploads\\\/2025\\\/02\\\/image_editor_output_image609707570-1738616348365.jpg\",\"width\":1066,\"height\":534},{\"@type\":\"BreadcrumbList\",\"@id\":\"https:\\\/\\\/maranhaotv.com.br\\\/index.php\\\/2025\\\/02\\\/03\\\/sob-gestao-do-prefeito-fred-campos-prefeitura-de-paco-do-lumiar-inicia-recuperacao-asfaltica-da-avenida-principal-do-parana\\\/#breadcrumb\",\"itemListElement\":[{\"@type\":\"ListItem\",\"position\":1,\"name\":\"In\u00edcio\",\"item\":\"https:\\\/\\\/maranhaotv.com.br\\\/\"},{\"@type\":\"ListItem\",\"position\":2,\"name\":\"Sob gest\u00e3o do Prefeito Fred Campos, prefeitura de Pa\u00e7o do Lumiar inicia recupera\u00e7\u00e3o asf\u00e1ltica da Avenida Principal do Paran\u00e3\"}]},{\"@type\":\"WebSite\",\"@id\":\"https:\\\/\\\/maranhaotv.com.br\\\/#website\",\"url\":\"https:\\\/\\\/maranhaotv.com.br\\\/\",\"name\":\"Maranh\u00e3oTV\",\"description\":\"\",\"publisher\":{\"@id\":\"https:\\\/\\\/maranhaotv.com.br\\\/#organization\"},\"potentialAction\":[{\"@type\":\"SearchAction\",\"target\":{\"@type\":\"EntryPoint\",\"urlTemplate\":\"https:\\\/\\\/maranhaotv.com.br\\\/?s={search_term_string}\"},\"query-input\":{\"@type\":\"PropertyValueSpecification\",\"valueRequired\":true,\"valueName\":\"search_term_string\"}}],\"inLanguage\":\"pt-BR\"},{\"@type\":\"Organization\",\"@id\":\"https:\\\/\\\/maranhaotv.com.br\\\/#organization\",\"name\":\"Portal de Not\u00edcias\",\"url\":\"https:\\\/\\\/maranhaotv.com.br\\\/\",\"logo\":{\"@type\":\"ImageObject\",\"inLanguage\":\"pt-BR\",\"@id\":\"https:\\\/\\\/maranhaotv.com.br\\\/#\\\/schema\\\/logo\\\/image\\\/\",\"url\":\"https:\\\/\\\/maranhaotv.com.br\\\/wp-content\\\/uploads\\\/2024\\\/05\\\/cropped-cropped-avatar-1.png\",\"contentUrl\":\"https:\\\/\\\/maranhaotv.com.br\\\/wp-content\\\/uploads\\\/2024\\\/05\\\/cropped-cropped-avatar-1.png\",\"width\":792,\"height\":428,\"caption\":\"Portal de Not\u00edcias\"},\"image\":{\"@id\":\"https:\\\/\\\/maranhaotv.com.br\\\/#\\\/schema\\\/logo\\\/image\\\/\"},\"sameAs\":[\"https:\\\/\\\/www.facebook.com\\\/maiobaotv\",\"https:\\\/\\\/x.com\\\/sitemaranhaotv\",\"https:\\\/\\\/www.instagram.com\\\/maranhao.tv\",\"https:\\\/\\\/www.threads.net\\\/@maranhao.tv\"]},{\"@type\":\"Person\",\"@id\":\"https:\\\/\\\/maranhaotv.com.br\\\/#\\\/schema\\\/person\\\/3d54238e86b20bb5c89ab2fdb8f8829a\",\"name\":\"maranhaotv\",\"image\":{\"@type\":\"ImageObject\",\"inLanguage\":\"pt-BR\",\"@id\":\"https:\\\/\\\/secure.gravatar.com\\\/avatar\\\/8fadbca458d4cb68b1dd399ae9a40618d747bb1af65ac9fad21c89220a143eb4?s=96&d=mm&r=g\",\"url\":\"https:\\\/\\\/secure.gravatar.com\\\/avatar\\\/8fadbca458d4cb68b1dd399ae9a40618d747bb1af65ac9fad21c89220a143eb4?s=96&d=mm&r=g\",\"contentUrl\":\"https:\\\/\\\/secure.gravatar.com\\\/avatar\\\/8fadbca458d4cb68b1dd399ae9a40618d747bb1af65ac9fad21c89220a143eb4?s=96&d=mm&r=g\",\"caption\":\"maranhaotv\"},\"sameAs\":[\"https:\\\/\\\/maranhaotv.com.br\\\/\"],\"url\":\"https:\\\/\\\/maranhaotv.com.br\\\/index.php\\\/author\\\/maranhaotv\\\/\"}]}<\/script>\n<!-- \/ Yoast SEO plugin. -->","yoast_head_json":{"title":"Sob gest\u00e3o do Prefeito Fred Campos, prefeitura de Pa\u00e7o do Lumiar inicia recupera\u00e7\u00e3o asf\u00e1ltica da Avenida Principal do Paran\u00e3 - NOT\u00cdCIAS EM TEMPO REAL","robots":{"index":"index","follow":"follow","max-snippet":"max-snippet:-1","max-image-preview":"max-image-preview:large","max-video-preview":"max-video-preview:-1"},"canonical":"https:\/\/maranhaotv.com.br\/index.php\/2025\/02\/03\/sob-gestao-do-prefeito-fred-campos-prefeitura-de-paco-do-lumiar-inicia-recuperacao-asfaltica-da-avenida-principal-do-parana\/","og_locale":"pt_BR","og_type":"article","og_title":"Sob gest\u00e3o do Prefeito Fred Campos, prefeitura de Pa\u00e7o do Lumiar inicia recupera\u00e7\u00e3o asf\u00e1ltica da Avenida Principal do Paran\u00e3 - NOT\u00cdCIAS EM TEMPO REAL","og_description":"O prefeito Fred Campos est\u00e1 \u00e0 frente de um grande trabalho de recupera\u00e7\u00e3o da Avenida Principal do Paran\u00e3, garantindo uma","og_url":"https:\/\/maranhaotv.com.br\/index.php\/2025\/02\/03\/sob-gestao-do-prefeito-fred-campos-prefeitura-de-paco-do-lumiar-inicia-recuperacao-asfaltica-da-avenida-principal-do-parana\/","og_site_name":"NOT\u00cdCIAS EM TEMPO REAL","article_publisher":"https:\/\/www.facebook.com\/maiobaotv","article_published_time":"2025-02-03T21:00:48+00:00","article_modified_time":"2025-02-03T21:00:51+00:00","og_image":[{"width":1066,"height":534,"url":"https:\/\/maranhaotv.com.br\/wp-content\/uploads\/2025\/02\/image_editor_output_image609707570-1738616348365.jpg","type":"image\/jpeg"}],"author":"maranhaotv","twitter_card":"summary_large_image","twitter_creator":"@sitemaranhaotv","twitter_site":"@sitemaranhaotv","twitter_misc":{"Escrito por":"maranhaotv","Est. tempo de leitura":"1 minuto"},"schema":{"@context":"https:\/\/schema.org","@graph":[{"@type":"Article","@id":"https:\/\/maranhaotv.com.br\/index.php\/2025\/02\/03\/sob-gestao-do-prefeito-fred-campos-prefeitura-de-paco-do-lumiar-inicia-recuperacao-asfaltica-da-avenida-principal-do-parana\/#article","isPartOf":{"@id":"https:\/\/maranhaotv.com.br\/index.php\/2025\/02\/03\/sob-gestao-do-prefeito-fred-campos-prefeitura-de-paco-do-lumiar-inicia-recuperacao-asfaltica-da-avenida-principal-do-parana\/"},"author":{"name":"maranhaotv","@id":"https:\/\/maranhaotv.com.br\/#\/schema\/person\/3d54238e86b20bb5c89ab2fdb8f8829a"},"headline":"Sob gest\u00e3o do Prefeito Fred Campos, prefeitura de Pa\u00e7o do Lumiar inicia recupera\u00e7\u00e3o asf\u00e1ltica da Avenida Principal do Paran\u00e3","datePublished":"2025-02-03T21:00:48+00:00","dateModified":"2025-02-03T21:00:51+00:00","mainEntityOfPage":{"@id":"https:\/\/maranhaotv.com.br\/index.php\/2025\/02\/03\/sob-gestao-do-prefeito-fred-campos-prefeitura-de-paco-do-lumiar-inicia-recuperacao-asfaltica-da-avenida-principal-do-parana\/"},"wordCount":231,"commentCount":0,"publisher":{"@id":"https:\/\/maranhaotv.com.br\/#organization"},"image":{"@id":"https:\/\/maranhaotv.com.br\/index.php\/2025\/02\/03\/sob-gestao-do-prefeito-fred-campos-prefeitura-de-paco-do-lumiar-inicia-recuperacao-asfaltica-da-avenida-principal-do-parana\/#primaryimage"},"thumbnailUrl":"https:\/\/maranhaotv.com.br\/wp-content\/uploads\/2025\/02\/image_editor_output_image609707570-1738616348365.jpg","keywords":["Fred Campos","Pa\u00e7o do Lumiar","Paran\u00e3"],"articleSection":["pol\u00edtica"],"inLanguage":"pt-BR","potentialAction":[{"@type":"CommentAction","name":"Comment","target":["https:\/\/maranhaotv.com.br\/index.php\/2025\/02\/03\/sob-gestao-do-prefeito-fred-campos-prefeitura-de-paco-do-lumiar-inicia-recuperacao-asfaltica-da-avenida-principal-do-parana\/#respond"]}]},{"@type":"WebPage","@id":"https:\/\/maranhaotv.com.br\/index.php\/2025\/02\/03\/sob-gestao-do-prefeito-fred-campos-prefeitura-de-paco-do-lumiar-inicia-recuperacao-asfaltica-da-avenida-principal-do-parana\/","url":"https:\/\/maranhaotv.com.br\/index.php\/2025\/02\/03\/sob-gestao-do-prefeito-fred-campos-prefeitura-de-paco-do-lumiar-inicia-recuperacao-asfaltica-da-avenida-principal-do-parana\/","name":"Sob gest\u00e3o do Prefeito Fred Campos, prefeitura de Pa\u00e7o do Lumiar inicia recupera\u00e7\u00e3o asf\u00e1ltica da Avenida Principal do Paran\u00e3 - NOT\u00cdCIAS EM TEMPO REAL","isPartOf":{"@id":"https:\/\/maranhaotv.com.br\/#website"},"primaryImageOfPage":{"@id":"https:\/\/maranhaotv.com.br\/index.php\/2025\/02\/03\/sob-gestao-do-prefeito-fred-campos-prefeitura-de-paco-do-lumiar-inicia-recuperacao-asfaltica-da-avenida-principal-do-parana\/#primaryimage"},"image":{"@id":"https:\/\/maranhaotv.com.br\/index.php\/2025\/02\/03\/sob-gestao-do-prefeito-fred-campos-prefeitura-de-paco-do-lumiar-inicia-recuperacao-asfaltica-da-avenida-principal-do-parana\/#primaryimage"},"thumbnailUrl":"https:\/\/maranhaotv.com.br\/wp-content\/uploads\/2025\/02\/image_editor_output_image609707570-1738616348365.jpg","datePublished":"2025-02-03T21:00:48+00:00","dateModified":"2025-02-03T21:00:51+00:00","breadcrumb":{"@id":"https:\/\/maranhaotv.com.br\/index.php\/2025\/02\/03\/sob-gestao-do-prefeito-fred-campos-prefeitura-de-paco-do-lumiar-inicia-recuperacao-asfaltica-da-avenida-principal-do-parana\/#breadcrumb"},"inLanguage":"pt-BR","potentialAction":[{"@type":"ReadAction","target":["https:\/\/maranhaotv.com.br\/index.php\/2025\/02\/03\/sob-gestao-do-prefeito-fred-campos-prefeitura-de-paco-do-lumiar-inicia-recuperacao-asfaltica-da-avenida-principal-do-parana\/"]}]},{"@type":"ImageObject","inLanguage":"pt-BR","@id":"https:\/\/maranhaotv.com.br\/index.php\/2025\/02\/03\/sob-gestao-do-prefeito-fred-campos-prefeitura-de-paco-do-lumiar-inicia-recuperacao-asfaltica-da-avenida-principal-do-parana\/#primaryimage","url":"https:\/\/maranhaotv.com.br\/wp-content\/uploads\/2025\/02\/image_editor_output_image609707570-1738616348365.jpg","contentUrl":"https:\/\/maranhaotv.com.br\/wp-content\/uploads\/2025\/02\/image_editor_output_image609707570-1738616348365.jpg","width":1066,"height":534},{"@type":"BreadcrumbList","@id":"https:\/\/maranhaotv.com.br\/index.php\/2025\/02\/03\/sob-gestao-do-prefeito-fred-campos-prefeitura-de-paco-do-lumiar-inicia-recuperacao-asfaltica-da-avenida-principal-do-parana\/#breadcrumb","itemListElement":[{"@type":"ListItem","position":1,"name":"In\u00edcio","item":"https:\/\/maranhaotv.com.br\/"},{"@type":"ListItem","position":2,"name":"Sob gest\u00e3o do Prefeito Fred Campos, prefeitura de Pa\u00e7o do Lumiar inicia recupera\u00e7\u00e3o asf\u00e1ltica da Avenida Principal do Paran\u00e3"}]},{"@type":"WebSite","@id":"https:\/\/maranhaotv.com.br\/#website","url":"https:\/\/maranhaotv.com.br\/","name":"Maranh\u00e3oTV","description":"","publisher":{"@id":"https:\/\/maranhaotv.com.br\/#organization"},"potentialAction":[{"@type":"SearchAction","target":{"@type":"EntryPoint","urlTemplate":"https:\/\/maranhaotv.com.br\/?s={search_term_string}"},"query-input":{"@type":"PropertyValueSpecification","valueRequired":true,"valueName":"search_term_string"}}],"inLanguage":"pt-BR"},{"@type":"Organization","@id":"https:\/\/maranhaotv.com.br\/#organization","name":"Portal de Not\u00edcias","url":"https:\/\/maranhaotv.com.br\/","logo":{"@type":"ImageObject","inLanguage":"pt-BR","@id":"https:\/\/maranhaotv.com.br\/#\/schema\/logo\/image\/","url":"https:\/\/maranhaotv.com.br\/wp-content\/uploads\/2024\/05\/cropped-cropped-avatar-1.png","contentUrl":"https:\/\/maranhaotv.com.br\/wp-content\/uploads\/2024\/05\/cropped-cropped-avatar-1.png","width":792,"height":428,"caption":"Portal de Not\u00edcias"},"image":{"@id":"https:\/\/maranhaotv.com.br\/#\/schema\/logo\/image\/"},"sameAs":["https:\/\/www.facebook.com\/maiobaotv","https:\/\/x.com\/sitemaranhaotv","https:\/\/www.instagram.com\/maranhao.tv","https:\/\/www.threads.net\/@maranhao.tv"]},{"@type":"Person","@id":"https:\/\/maranhaotv.com.br\/#\/schema\/person\/3d54238e86b20bb5c89ab2fdb8f8829a","name":"maranhaotv","image":{"@type":"ImageObject","inLanguage":"pt-BR","@id":"https:\/\/secure.gravatar.com\/avatar\/8fadbca458d4cb68b1dd399ae9a40618d747bb1af65ac9fad21c89220a143eb4?s=96&d=mm&r=g","url":"https:\/\/secure.gravatar.com\/avatar\/8fadbca458d4cb68b1dd399ae9a40618d747bb1af65ac9fad21c89220a143eb4?s=96&d=mm&r=g","contentUrl":"https:\/\/secure.gravatar.com\/avatar\/8fadbca458d4cb68b1dd399ae9a40618d747bb1af65ac9fad21c89220a143eb4?s=96&d=mm&r=g","caption":"maranhaotv"},"sameAs":["https:\/\/maranhaotv.com.br\/"],"url":"https:\/\/maranhaotv.com.br\/index.php\/author\/maranhaotv\/"}]}},"jetpack_featured_media_url":"https:\/\/maranhaotv.com.br\/wp-content\/uploads\/2025\/02\/image_editor_output_image609707570-1738616348365.jpg","jetpack_sharing_enabled":true,"_links":{"self":[{"href":"https:\/\/maranhaotv.com.br\/index.php\/wp-json\/wp\/v2\/posts\/40157","targetHints":{"allow":["GET"]}}],"collection":[{"href":"https:\/\/maranhaotv.com.br\/index.php\/wp-json\/wp\/v2\/posts"}],"about":[{"href":"https:\/\/maranhaotv.com.br\/index.php\/wp-json\/wp\/v2\/types\/post"}],"author":[{"embeddable":true,"href":"https:\/\/maranhaotv.com.br\/index.php\/wp-json\/wp\/v2\/users\/2"}],"replies":[{"embeddable":true,"href":"https:\/\/maranhaotv.com.br\/index.php\/wp-json\/wp\/v2\/comments?post=40157"}],"version-history":[{"count":1,"href":"https:\/\/maranhaotv.com.br\/index.php\/wp-json\/wp\/v2\/posts\/40157\/revisions"}],"predecessor-version":[{"id":40158,"href":"https:\/\/maranhaotv.com.br\/index.php\/wp-json\/wp\/v2\/posts\/40157\/revisions\/40158"}],"wp:featuredmedia":[{"embeddable":true,"href":"https:\/\/maranhaotv.com.br\/index.php\/wp-json\/wp\/v2\/media\/40155"}],"wp:attachment":[{"href":"https:\/\/maranhaotv.com.br\/index.php\/wp-json\/wp\/v2\/media?parent=40157"}],"wp:term":[{"taxonomy":"category","embeddable":true,"href":"https:\/\/maranhaotv.com.br\/index.php\/wp-json\/wp\/v2\/categories?post=40157"},{"taxonomy":"post_tag","embeddable":true,"href":"https:\/\/maranhaotv.com.br\/index.php\/wp-json\/wp\/v2\/tags?post=40157"}],"curies":[{"name":"wp","href":"https:\/\/api.w.org\/{rel}","templated":true}]}}