{"id":40169,"date":"2025-02-04T15:01:23","date_gmt":"2025-02-04T18:01:23","guid":{"rendered":"https:\/\/maranhaotv.com.br\/?p=40169"},"modified":"2025-02-04T15:01:26","modified_gmt":"2025-02-04T18:01:26","slug":"jerry-diz-que-formacao-de-bloco-com-solidariedade-e-apenas-arranjo-partidario-para-ocupacao-de-espaco","status":"publish","type":"post","link":"https:\/\/maranhaotv.com.br\/index.php\/2025\/02\/04\/jerry-diz-que-formacao-de-bloco-com-solidariedade-e-apenas-arranjo-partidario-para-ocupacao-de-espaco\/","title":{"rendered":"Jerry diz que forma\u00e7\u00e3o de bloco com Solidariedade \u00e9 apenas arranjo partid\u00e1rio para ocupa\u00e7\u00e3o de espa\u00e7o"},"content":{"rendered":"\n<p><\/p>\n\n\n\n<p>O presidente estadual do PCdoB, deputado federal M\u00e1rcio Jerry, em contato com o Blog Jorge Vieira, afirmou que seu partido n\u00e3o far\u00e1 oposi\u00e7\u00e3o ao governo de Carlos Brand\u00e3o (PSB) e que a uni\u00e3o com o Solidariedade do deputado Othelino Neto trata-se apenas de \u201carranjo partid\u00e1rio para a composi\u00e7\u00e3o de espa\u00e7os internos\u201d no parlamento estadual.<\/p>\n\n\n\n<p>\u201cEu j\u00e1 falei v\u00e1rias vezes que n\u00e3o \u00e9 bloco de oposi\u00e7\u00e3o. E n\u00e3o \u00e9 mesmo. Rodrigo Lago (PCdoB) h\u00e1 pouco na tribuna disse a mesma coisa. Bloco \u00e9 arranjo partid\u00e1rio para composi\u00e7\u00e3o de espa\u00e7os internos\u201d, observou o dirigente comunista dando como exemplo a composi\u00e7\u00e3o para eleger a nova Mesa Diretora da C\u00e2mara Federal.<\/p>\n\n\n\n<p>\u201cMeu bloco aqui na C\u00e2mara para eleger a Mesa foi do PCdoB ao PL e ningu\u00e9m disse que o PCdoB tinha ido pra oposi\u00e7\u00e3o\u201d, enfatizou o deputado.<\/p>\n\n\n\n<p>Segundo uma fonte do PCdoB, essas discuss\u00f5es s\u00f3 est\u00e3o ocorrendo porque aumentaram o n\u00famero de membros para forma\u00e7\u00e3o de bloco, passando de quatro para seis, atingindo justamente o PCdoB. Natural, portanto, que os partidos se agrupem para atingir o m\u00ednimo exigido.<\/p>\n\n\n\n<p>\u201cE isso \u00e9 quest\u00e3o interna de parlamentos, no congresso partidos antag\u00f4nicos se juntam em blocos para poderem terem acesso a participarem como titulares de comiss\u00f5es\u201d, esclareceu a fonte do PCdoB ao negar que a legenda far\u00e1 oposi\u00e7\u00e3o ao governo de Carlos Brand\u00e3o.<\/p>\n","protected":false},"excerpt":{"rendered":"<p>O presidente estadual do PCdoB, deputado federal M\u00e1rcio Jerry, em contato com o Blog Jorge Vieira, afirmou que seu partido<\/p>\n","protected":false},"author":2,"featured_media":40170,"comment_status":"open","ping_status":"open","sticky":false,"template":"","format":"standard","meta":{"colormag_page_container_layout":"default_layout","colormag_page_sidebar_layout":"default_layout","_jetpack_memberships_contains_paid_content":false,"footnotes":""},"categories":[6],"tags":[],"class_list":["post-40169","post","type-post","status-publish","format-standard","has-post-thumbnail","hentry","category-politica"],"magazineBlocksPostFeaturedMedia":{"thumbnail":"https:\/\/maranhaotv.com.br\/wp-content\/uploads\/2025\/02\/marcio-jerry-680x400-1-150x150.jpg","medium":"https:\/\/maranhaotv.com.br\/wp-content\/uploads\/2025\/02\/marcio-jerry-680x400-1-300x176.jpg","medium_large":"https:\/\/maranhaotv.com.br\/wp-content\/uploads\/2025\/02\/marcio-jerry-680x400-1.jpg","large":"https:\/\/maranhaotv.com.br\/wp-content\/uploads\/2025\/02\/marcio-jerry-680x400-1.jpg","1536x1536":"https:\/\/maranhaotv.com.br\/wp-content\/uploads\/2025\/02\/marcio-jerry-680x400-1.jpg","2048x2048":"https:\/\/maranhaotv.com.br\/wp-content\/uploads\/2025\/02\/marcio-jerry-680x400-1.jpg","colormag-highlighted-post":"https:\/\/maranhaotv.com.br\/wp-content\/uploads\/2025\/02\/marcio-jerry-680x400-1-392x272.jpg","colormag-featured-post-medium":"https:\/\/maranhaotv.com.br\/wp-content\/uploads\/2025\/02\/marcio-jerry-680x400-1-390x205.jpg","colormag-featured-post-small":"https:\/\/maranhaotv.com.br\/wp-content\/uploads\/2025\/02\/marcio-jerry-680x400-1-130x90.jpg","colormag-featured-image":"https:\/\/maranhaotv.com.br\/wp-content\/uploads\/2025\/02\/marcio-jerry-680x400-1.jpg","colormag-default-news":"https:\/\/maranhaotv.com.br\/wp-content\/uploads\/2025\/02\/marcio-jerry-680x400-1-150x150.jpg","colormag-featured-image-large":"https:\/\/maranhaotv.com.br\/wp-content\/uploads\/2025\/02\/marcio-jerry-680x400-1.jpg"},"magazineBlocksPostAuthor":{"name":"maranhaotv","avatar":"https:\/\/secure.gravatar.com\/avatar\/8fadbca458d4cb68b1dd399ae9a40618d747bb1af65ac9fad21c89220a143eb4?s=96&d=mm&r=g"},"magazineBlocksPostCommentsNumber":"0","magazineBlocksPostExcerpt":"O presidente estadual do PCdoB, deputado federal M\u00e1rcio Jerry, em contato com o Blog Jorge Vieira, afirmou que seu partido","magazineBlocksPostCategories":["pol\u00edtica"],"magazineBlocksPostViewCount":406,"magazineBlocksPostReadTime":2,"magazine_blocks_featured_image_url":{"full":["https:\/\/maranhaotv.com.br\/wp-content\/uploads\/2025\/02\/marcio-jerry-680x400-1.jpg",680,400,false],"medium":["https:\/\/maranhaotv.com.br\/wp-content\/uploads\/2025\/02\/marcio-jerry-680x400-1-300x176.jpg",300,176,true],"thumbnail":["https:\/\/maranhaotv.com.br\/wp-content\/uploads\/2025\/02\/marcio-jerry-680x400-1-150x150.jpg",150,150,true]},"magazine_blocks_author":{"display_name":"maranhaotv","author_link":"https:\/\/maranhaotv.com.br\/index.php\/author\/maranhaotv\/"},"magazine_blocks_comment":0,"magazine_blocks_author_image":"https:\/\/secure.gravatar.com\/avatar\/8fadbca458d4cb68b1dd399ae9a40618d747bb1af65ac9fad21c89220a143eb4?s=96&d=mm&r=g","magazine_blocks_category":"<a href=\"#\" class=\"category-link category-link-6\">pol\u00edtica<\/a>","yoast_head":"<!-- This site is optimized with the Yoast SEO plugin v27.4 - https:\/\/yoast.com\/product\/yoast-seo-wordpress\/ -->\n<title>Jerry diz que forma\u00e7\u00e3o de bloco com Solidariedade \u00e9 apenas arranjo partid\u00e1rio para ocupa\u00e7\u00e3o de espa\u00e7o - NOT\u00cdCIAS EM TEMPO REAL<\/title>\n<meta name=\"robots\" content=\"index, follow, max-snippet:-1, max-image-preview:large, max-video-preview:-1\" \/>\n<link rel=\"canonical\" href=\"https:\/\/maranhaotv.com.br\/index.php\/2025\/02\/04\/jerry-diz-que-formacao-de-bloco-com-solidariedade-e-apenas-arranjo-partidario-para-ocupacao-de-espaco\/\" \/>\n<meta property=\"og:locale\" content=\"pt_BR\" \/>\n<meta property=\"og:type\" content=\"article\" \/>\n<meta property=\"og:title\" content=\"Jerry diz que forma\u00e7\u00e3o de bloco com Solidariedade \u00e9 apenas arranjo partid\u00e1rio para ocupa\u00e7\u00e3o de espa\u00e7o - NOT\u00cdCIAS EM TEMPO REAL\" \/>\n<meta property=\"og:description\" content=\"O presidente estadual do PCdoB, deputado federal M\u00e1rcio Jerry, em contato com o Blog Jorge Vieira, afirmou que seu partido\" \/>\n<meta property=\"og:url\" content=\"https:\/\/maranhaotv.com.br\/index.php\/2025\/02\/04\/jerry-diz-que-formacao-de-bloco-com-solidariedade-e-apenas-arranjo-partidario-para-ocupacao-de-espaco\/\" \/>\n<meta property=\"og:site_name\" content=\"NOT\u00cdCIAS EM TEMPO REAL\" \/>\n<meta property=\"article:publisher\" content=\"https:\/\/www.facebook.com\/maiobaotv\" \/>\n<meta property=\"article:published_time\" content=\"2025-02-04T18:01:23+00:00\" \/>\n<meta property=\"article:modified_time\" content=\"2025-02-04T18:01:26+00:00\" \/>\n<meta property=\"og:image\" content=\"https:\/\/maranhaotv.com.br\/wp-content\/uploads\/2025\/02\/marcio-jerry-680x400-1.jpg\" \/>\n\t<meta property=\"og:image:width\" content=\"680\" \/>\n\t<meta property=\"og:image:height\" content=\"400\" \/>\n\t<meta property=\"og:image:type\" content=\"image\/jpeg\" \/>\n<meta name=\"author\" content=\"maranhaotv\" \/>\n<meta name=\"twitter:card\" content=\"summary_large_image\" \/>\n<meta name=\"twitter:creator\" content=\"@sitemaranhaotv\" \/>\n<meta name=\"twitter:site\" content=\"@sitemaranhaotv\" \/>\n<meta name=\"twitter:label1\" content=\"Escrito por\" \/>\n\t<meta name=\"twitter:data1\" content=\"maranhaotv\" \/>\n\t<meta name=\"twitter:label2\" content=\"Est. tempo de leitura\" \/>\n\t<meta name=\"twitter:data2\" content=\"2 minutos\" \/>\n<script type=\"application\/ld+json\" class=\"yoast-schema-graph\">{\"@context\":\"https:\\\/\\\/schema.org\",\"@graph\":[{\"@type\":\"Article\",\"@id\":\"https:\\\/\\\/maranhaotv.com.br\\\/index.php\\\/2025\\\/02\\\/04\\\/jerry-diz-que-formacao-de-bloco-com-solidariedade-e-apenas-arranjo-partidario-para-ocupacao-de-espaco\\\/#article\",\"isPartOf\":{\"@id\":\"https:\\\/\\\/maranhaotv.com.br\\\/index.php\\\/2025\\\/02\\\/04\\\/jerry-diz-que-formacao-de-bloco-com-solidariedade-e-apenas-arranjo-partidario-para-ocupacao-de-espaco\\\/\"},\"author\":{\"name\":\"maranhaotv\",\"@id\":\"https:\\\/\\\/maranhaotv.com.br\\\/#\\\/schema\\\/person\\\/3d54238e86b20bb5c89ab2fdb8f8829a\"},\"headline\":\"Jerry diz que forma\u00e7\u00e3o de bloco com Solidariedade \u00e9 apenas arranjo partid\u00e1rio para ocupa\u00e7\u00e3o de espa\u00e7o\",\"datePublished\":\"2025-02-04T18:01:23+00:00\",\"dateModified\":\"2025-02-04T18:01:26+00:00\",\"mainEntityOfPage\":{\"@id\":\"https:\\\/\\\/maranhaotv.com.br\\\/index.php\\\/2025\\\/02\\\/04\\\/jerry-diz-que-formacao-de-bloco-com-solidariedade-e-apenas-arranjo-partidario-para-ocupacao-de-espaco\\\/\"},\"wordCount\":262,\"commentCount\":0,\"publisher\":{\"@id\":\"https:\\\/\\\/maranhaotv.com.br\\\/#organization\"},\"image\":{\"@id\":\"https:\\\/\\\/maranhaotv.com.br\\\/index.php\\\/2025\\\/02\\\/04\\\/jerry-diz-que-formacao-de-bloco-com-solidariedade-e-apenas-arranjo-partidario-para-ocupacao-de-espaco\\\/#primaryimage\"},\"thumbnailUrl\":\"https:\\\/\\\/maranhaotv.com.br\\\/wp-content\\\/uploads\\\/2025\\\/02\\\/marcio-jerry-680x400-1.jpg\",\"articleSection\":[\"pol\u00edtica\"],\"inLanguage\":\"pt-BR\",\"potentialAction\":[{\"@type\":\"CommentAction\",\"name\":\"Comment\",\"target\":[\"https:\\\/\\\/maranhaotv.com.br\\\/index.php\\\/2025\\\/02\\\/04\\\/jerry-diz-que-formacao-de-bloco-com-solidariedade-e-apenas-arranjo-partidario-para-ocupacao-de-espaco\\\/#respond\"]}]},{\"@type\":\"WebPage\",\"@id\":\"https:\\\/\\\/maranhaotv.com.br\\\/index.php\\\/2025\\\/02\\\/04\\\/jerry-diz-que-formacao-de-bloco-com-solidariedade-e-apenas-arranjo-partidario-para-ocupacao-de-espaco\\\/\",\"url\":\"https:\\\/\\\/maranhaotv.com.br\\\/index.php\\\/2025\\\/02\\\/04\\\/jerry-diz-que-formacao-de-bloco-com-solidariedade-e-apenas-arranjo-partidario-para-ocupacao-de-espaco\\\/\",\"name\":\"Jerry diz que forma\u00e7\u00e3o de bloco com Solidariedade \u00e9 apenas arranjo partid\u00e1rio para ocupa\u00e7\u00e3o de espa\u00e7o - NOT\u00cdCIAS EM TEMPO REAL\",\"isPartOf\":{\"@id\":\"https:\\\/\\\/maranhaotv.com.br\\\/#website\"},\"primaryImageOfPage\":{\"@id\":\"https:\\\/\\\/maranhaotv.com.br\\\/index.php\\\/2025\\\/02\\\/04\\\/jerry-diz-que-formacao-de-bloco-com-solidariedade-e-apenas-arranjo-partidario-para-ocupacao-de-espaco\\\/#primaryimage\"},\"image\":{\"@id\":\"https:\\\/\\\/maranhaotv.com.br\\\/index.php\\\/2025\\\/02\\\/04\\\/jerry-diz-que-formacao-de-bloco-com-solidariedade-e-apenas-arranjo-partidario-para-ocupacao-de-espaco\\\/#primaryimage\"},\"thumbnailUrl\":\"https:\\\/\\\/maranhaotv.com.br\\\/wp-content\\\/uploads\\\/2025\\\/02\\\/marcio-jerry-680x400-1.jpg\",\"datePublished\":\"2025-02-04T18:01:23+00:00\",\"dateModified\":\"2025-02-04T18:01:26+00:00\",\"breadcrumb\":{\"@id\":\"https:\\\/\\\/maranhaotv.com.br\\\/index.php\\\/2025\\\/02\\\/04\\\/jerry-diz-que-formacao-de-bloco-com-solidariedade-e-apenas-arranjo-partidario-para-ocupacao-de-espaco\\\/#breadcrumb\"},\"inLanguage\":\"pt-BR\",\"potentialAction\":[{\"@type\":\"ReadAction\",\"target\":[\"https:\\\/\\\/maranhaotv.com.br\\\/index.php\\\/2025\\\/02\\\/04\\\/jerry-diz-que-formacao-de-bloco-com-solidariedade-e-apenas-arranjo-partidario-para-ocupacao-de-espaco\\\/\"]}]},{\"@type\":\"ImageObject\",\"inLanguage\":\"pt-BR\",\"@id\":\"https:\\\/\\\/maranhaotv.com.br\\\/index.php\\\/2025\\\/02\\\/04\\\/jerry-diz-que-formacao-de-bloco-com-solidariedade-e-apenas-arranjo-partidario-para-ocupacao-de-espaco\\\/#primaryimage\",\"url\":\"https:\\\/\\\/maranhaotv.com.br\\\/wp-content\\\/uploads\\\/2025\\\/02\\\/marcio-jerry-680x400-1.jpg\",\"contentUrl\":\"https:\\\/\\\/maranhaotv.com.br\\\/wp-content\\\/uploads\\\/2025\\\/02\\\/marcio-jerry-680x400-1.jpg\",\"width\":680,\"height\":400},{\"@type\":\"BreadcrumbList\",\"@id\":\"https:\\\/\\\/maranhaotv.com.br\\\/index.php\\\/2025\\\/02\\\/04\\\/jerry-diz-que-formacao-de-bloco-com-solidariedade-e-apenas-arranjo-partidario-para-ocupacao-de-espaco\\\/#breadcrumb\",\"itemListElement\":[{\"@type\":\"ListItem\",\"position\":1,\"name\":\"In\u00edcio\",\"item\":\"https:\\\/\\\/maranhaotv.com.br\\\/\"},{\"@type\":\"ListItem\",\"position\":2,\"name\":\"Jerry diz que forma\u00e7\u00e3o de bloco com Solidariedade \u00e9 apenas arranjo partid\u00e1rio para ocupa\u00e7\u00e3o de espa\u00e7o\"}]},{\"@type\":\"WebSite\",\"@id\":\"https:\\\/\\\/maranhaotv.com.br\\\/#website\",\"url\":\"https:\\\/\\\/maranhaotv.com.br\\\/\",\"name\":\"Maranh\u00e3oTV\",\"description\":\"\",\"publisher\":{\"@id\":\"https:\\\/\\\/maranhaotv.com.br\\\/#organization\"},\"potentialAction\":[{\"@type\":\"SearchAction\",\"target\":{\"@type\":\"EntryPoint\",\"urlTemplate\":\"https:\\\/\\\/maranhaotv.com.br\\\/?s={search_term_string}\"},\"query-input\":{\"@type\":\"PropertyValueSpecification\",\"valueRequired\":true,\"valueName\":\"search_term_string\"}}],\"inLanguage\":\"pt-BR\"},{\"@type\":\"Organization\",\"@id\":\"https:\\\/\\\/maranhaotv.com.br\\\/#organization\",\"name\":\"Portal de Not\u00edcias\",\"url\":\"https:\\\/\\\/maranhaotv.com.br\\\/\",\"logo\":{\"@type\":\"ImageObject\",\"inLanguage\":\"pt-BR\",\"@id\":\"https:\\\/\\\/maranhaotv.com.br\\\/#\\\/schema\\\/logo\\\/image\\\/\",\"url\":\"https:\\\/\\\/maranhaotv.com.br\\\/wp-content\\\/uploads\\\/2024\\\/05\\\/cropped-cropped-avatar-1.png\",\"contentUrl\":\"https:\\\/\\\/maranhaotv.com.br\\\/wp-content\\\/uploads\\\/2024\\\/05\\\/cropped-cropped-avatar-1.png\",\"width\":792,\"height\":428,\"caption\":\"Portal de Not\u00edcias\"},\"image\":{\"@id\":\"https:\\\/\\\/maranhaotv.com.br\\\/#\\\/schema\\\/logo\\\/image\\\/\"},\"sameAs\":[\"https:\\\/\\\/www.facebook.com\\\/maiobaotv\",\"https:\\\/\\\/x.com\\\/sitemaranhaotv\",\"https:\\\/\\\/www.instagram.com\\\/maranhao.tv\",\"https:\\\/\\\/www.threads.net\\\/@maranhao.tv\"]},{\"@type\":\"Person\",\"@id\":\"https:\\\/\\\/maranhaotv.com.br\\\/#\\\/schema\\\/person\\\/3d54238e86b20bb5c89ab2fdb8f8829a\",\"name\":\"maranhaotv\",\"image\":{\"@type\":\"ImageObject\",\"inLanguage\":\"pt-BR\",\"@id\":\"https:\\\/\\\/secure.gravatar.com\\\/avatar\\\/8fadbca458d4cb68b1dd399ae9a40618d747bb1af65ac9fad21c89220a143eb4?s=96&d=mm&r=g\",\"url\":\"https:\\\/\\\/secure.gravatar.com\\\/avatar\\\/8fadbca458d4cb68b1dd399ae9a40618d747bb1af65ac9fad21c89220a143eb4?s=96&d=mm&r=g\",\"contentUrl\":\"https:\\\/\\\/secure.gravatar.com\\\/avatar\\\/8fadbca458d4cb68b1dd399ae9a40618d747bb1af65ac9fad21c89220a143eb4?s=96&d=mm&r=g\",\"caption\":\"maranhaotv\"},\"sameAs\":[\"https:\\\/\\\/maranhaotv.com.br\\\/\"],\"url\":\"https:\\\/\\\/maranhaotv.com.br\\\/index.php\\\/author\\\/maranhaotv\\\/\"}]}<\/script>\n<!-- \/ Yoast SEO plugin. -->","yoast_head_json":{"title":"Jerry diz que forma\u00e7\u00e3o de bloco com Solidariedade \u00e9 apenas arranjo partid\u00e1rio para ocupa\u00e7\u00e3o de espa\u00e7o - NOT\u00cdCIAS EM TEMPO REAL","robots":{"index":"index","follow":"follow","max-snippet":"max-snippet:-1","max-image-preview":"max-image-preview:large","max-video-preview":"max-video-preview:-1"},"canonical":"https:\/\/maranhaotv.com.br\/index.php\/2025\/02\/04\/jerry-diz-que-formacao-de-bloco-com-solidariedade-e-apenas-arranjo-partidario-para-ocupacao-de-espaco\/","og_locale":"pt_BR","og_type":"article","og_title":"Jerry diz que forma\u00e7\u00e3o de bloco com Solidariedade \u00e9 apenas arranjo partid\u00e1rio para ocupa\u00e7\u00e3o de espa\u00e7o - NOT\u00cdCIAS EM TEMPO REAL","og_description":"O presidente estadual do PCdoB, deputado federal M\u00e1rcio Jerry, em contato com o Blog Jorge Vieira, afirmou que seu partido","og_url":"https:\/\/maranhaotv.com.br\/index.php\/2025\/02\/04\/jerry-diz-que-formacao-de-bloco-com-solidariedade-e-apenas-arranjo-partidario-para-ocupacao-de-espaco\/","og_site_name":"NOT\u00cdCIAS EM TEMPO REAL","article_publisher":"https:\/\/www.facebook.com\/maiobaotv","article_published_time":"2025-02-04T18:01:23+00:00","article_modified_time":"2025-02-04T18:01:26+00:00","og_image":[{"width":680,"height":400,"url":"https:\/\/maranhaotv.com.br\/wp-content\/uploads\/2025\/02\/marcio-jerry-680x400-1.jpg","type":"image\/jpeg"}],"author":"maranhaotv","twitter_card":"summary_large_image","twitter_creator":"@sitemaranhaotv","twitter_site":"@sitemaranhaotv","twitter_misc":{"Escrito por":"maranhaotv","Est. tempo de leitura":"2 minutos"},"schema":{"@context":"https:\/\/schema.org","@graph":[{"@type":"Article","@id":"https:\/\/maranhaotv.com.br\/index.php\/2025\/02\/04\/jerry-diz-que-formacao-de-bloco-com-solidariedade-e-apenas-arranjo-partidario-para-ocupacao-de-espaco\/#article","isPartOf":{"@id":"https:\/\/maranhaotv.com.br\/index.php\/2025\/02\/04\/jerry-diz-que-formacao-de-bloco-com-solidariedade-e-apenas-arranjo-partidario-para-ocupacao-de-espaco\/"},"author":{"name":"maranhaotv","@id":"https:\/\/maranhaotv.com.br\/#\/schema\/person\/3d54238e86b20bb5c89ab2fdb8f8829a"},"headline":"Jerry diz que forma\u00e7\u00e3o de bloco com Solidariedade \u00e9 apenas arranjo partid\u00e1rio para ocupa\u00e7\u00e3o de espa\u00e7o","datePublished":"2025-02-04T18:01:23+00:00","dateModified":"2025-02-04T18:01:26+00:00","mainEntityOfPage":{"@id":"https:\/\/maranhaotv.com.br\/index.php\/2025\/02\/04\/jerry-diz-que-formacao-de-bloco-com-solidariedade-e-apenas-arranjo-partidario-para-ocupacao-de-espaco\/"},"wordCount":262,"commentCount":0,"publisher":{"@id":"https:\/\/maranhaotv.com.br\/#organization"},"image":{"@id":"https:\/\/maranhaotv.com.br\/index.php\/2025\/02\/04\/jerry-diz-que-formacao-de-bloco-com-solidariedade-e-apenas-arranjo-partidario-para-ocupacao-de-espaco\/#primaryimage"},"thumbnailUrl":"https:\/\/maranhaotv.com.br\/wp-content\/uploads\/2025\/02\/marcio-jerry-680x400-1.jpg","articleSection":["pol\u00edtica"],"inLanguage":"pt-BR","potentialAction":[{"@type":"CommentAction","name":"Comment","target":["https:\/\/maranhaotv.com.br\/index.php\/2025\/02\/04\/jerry-diz-que-formacao-de-bloco-com-solidariedade-e-apenas-arranjo-partidario-para-ocupacao-de-espaco\/#respond"]}]},{"@type":"WebPage","@id":"https:\/\/maranhaotv.com.br\/index.php\/2025\/02\/04\/jerry-diz-que-formacao-de-bloco-com-solidariedade-e-apenas-arranjo-partidario-para-ocupacao-de-espaco\/","url":"https:\/\/maranhaotv.com.br\/index.php\/2025\/02\/04\/jerry-diz-que-formacao-de-bloco-com-solidariedade-e-apenas-arranjo-partidario-para-ocupacao-de-espaco\/","name":"Jerry diz que forma\u00e7\u00e3o de bloco com Solidariedade \u00e9 apenas arranjo partid\u00e1rio para ocupa\u00e7\u00e3o de espa\u00e7o - NOT\u00cdCIAS EM TEMPO REAL","isPartOf":{"@id":"https:\/\/maranhaotv.com.br\/#website"},"primaryImageOfPage":{"@id":"https:\/\/maranhaotv.com.br\/index.php\/2025\/02\/04\/jerry-diz-que-formacao-de-bloco-com-solidariedade-e-apenas-arranjo-partidario-para-ocupacao-de-espaco\/#primaryimage"},"image":{"@id":"https:\/\/maranhaotv.com.br\/index.php\/2025\/02\/04\/jerry-diz-que-formacao-de-bloco-com-solidariedade-e-apenas-arranjo-partidario-para-ocupacao-de-espaco\/#primaryimage"},"thumbnailUrl":"https:\/\/maranhaotv.com.br\/wp-content\/uploads\/2025\/02\/marcio-jerry-680x400-1.jpg","datePublished":"2025-02-04T18:01:23+00:00","dateModified":"2025-02-04T18:01:26+00:00","breadcrumb":{"@id":"https:\/\/maranhaotv.com.br\/index.php\/2025\/02\/04\/jerry-diz-que-formacao-de-bloco-com-solidariedade-e-apenas-arranjo-partidario-para-ocupacao-de-espaco\/#breadcrumb"},"inLanguage":"pt-BR","potentialAction":[{"@type":"ReadAction","target":["https:\/\/maranhaotv.com.br\/index.php\/2025\/02\/04\/jerry-diz-que-formacao-de-bloco-com-solidariedade-e-apenas-arranjo-partidario-para-ocupacao-de-espaco\/"]}]},{"@type":"ImageObject","inLanguage":"pt-BR","@id":"https:\/\/maranhaotv.com.br\/index.php\/2025\/02\/04\/jerry-diz-que-formacao-de-bloco-com-solidariedade-e-apenas-arranjo-partidario-para-ocupacao-de-espaco\/#primaryimage","url":"https:\/\/maranhaotv.com.br\/wp-content\/uploads\/2025\/02\/marcio-jerry-680x400-1.jpg","contentUrl":"https:\/\/maranhaotv.com.br\/wp-content\/uploads\/2025\/02\/marcio-jerry-680x400-1.jpg","width":680,"height":400},{"@type":"BreadcrumbList","@id":"https:\/\/maranhaotv.com.br\/index.php\/2025\/02\/04\/jerry-diz-que-formacao-de-bloco-com-solidariedade-e-apenas-arranjo-partidario-para-ocupacao-de-espaco\/#breadcrumb","itemListElement":[{"@type":"ListItem","position":1,"name":"In\u00edcio","item":"https:\/\/maranhaotv.com.br\/"},{"@type":"ListItem","position":2,"name":"Jerry diz que forma\u00e7\u00e3o de bloco com Solidariedade \u00e9 apenas arranjo partid\u00e1rio para ocupa\u00e7\u00e3o de espa\u00e7o"}]},{"@type":"WebSite","@id":"https:\/\/maranhaotv.com.br\/#website","url":"https:\/\/maranhaotv.com.br\/","name":"Maranh\u00e3oTV","description":"","publisher":{"@id":"https:\/\/maranhaotv.com.br\/#organization"},"potentialAction":[{"@type":"SearchAction","target":{"@type":"EntryPoint","urlTemplate":"https:\/\/maranhaotv.com.br\/?s={search_term_string}"},"query-input":{"@type":"PropertyValueSpecification","valueRequired":true,"valueName":"search_term_string"}}],"inLanguage":"pt-BR"},{"@type":"Organization","@id":"https:\/\/maranhaotv.com.br\/#organization","name":"Portal de Not\u00edcias","url":"https:\/\/maranhaotv.com.br\/","logo":{"@type":"ImageObject","inLanguage":"pt-BR","@id":"https:\/\/maranhaotv.com.br\/#\/schema\/logo\/image\/","url":"https:\/\/maranhaotv.com.br\/wp-content\/uploads\/2024\/05\/cropped-cropped-avatar-1.png","contentUrl":"https:\/\/maranhaotv.com.br\/wp-content\/uploads\/2024\/05\/cropped-cropped-avatar-1.png","width":792,"height":428,"caption":"Portal de Not\u00edcias"},"image":{"@id":"https:\/\/maranhaotv.com.br\/#\/schema\/logo\/image\/"},"sameAs":["https:\/\/www.facebook.com\/maiobaotv","https:\/\/x.com\/sitemaranhaotv","https:\/\/www.instagram.com\/maranhao.tv","https:\/\/www.threads.net\/@maranhao.tv"]},{"@type":"Person","@id":"https:\/\/maranhaotv.com.br\/#\/schema\/person\/3d54238e86b20bb5c89ab2fdb8f8829a","name":"maranhaotv","image":{"@type":"ImageObject","inLanguage":"pt-BR","@id":"https:\/\/secure.gravatar.com\/avatar\/8fadbca458d4cb68b1dd399ae9a40618d747bb1af65ac9fad21c89220a143eb4?s=96&d=mm&r=g","url":"https:\/\/secure.gravatar.com\/avatar\/8fadbca458d4cb68b1dd399ae9a40618d747bb1af65ac9fad21c89220a143eb4?s=96&d=mm&r=g","contentUrl":"https:\/\/secure.gravatar.com\/avatar\/8fadbca458d4cb68b1dd399ae9a40618d747bb1af65ac9fad21c89220a143eb4?s=96&d=mm&r=g","caption":"maranhaotv"},"sameAs":["https:\/\/maranhaotv.com.br\/"],"url":"https:\/\/maranhaotv.com.br\/index.php\/author\/maranhaotv\/"}]}},"jetpack_featured_media_url":"https:\/\/maranhaotv.com.br\/wp-content\/uploads\/2025\/02\/marcio-jerry-680x400-1.jpg","jetpack_sharing_enabled":true,"_links":{"self":[{"href":"https:\/\/maranhaotv.com.br\/index.php\/wp-json\/wp\/v2\/posts\/40169","targetHints":{"allow":["GET"]}}],"collection":[{"href":"https:\/\/maranhaotv.com.br\/index.php\/wp-json\/wp\/v2\/posts"}],"about":[{"href":"https:\/\/maranhaotv.com.br\/index.php\/wp-json\/wp\/v2\/types\/post"}],"author":[{"embeddable":true,"href":"https:\/\/maranhaotv.com.br\/index.php\/wp-json\/wp\/v2\/users\/2"}],"replies":[{"embeddable":true,"href":"https:\/\/maranhaotv.com.br\/index.php\/wp-json\/wp\/v2\/comments?post=40169"}],"version-history":[{"count":1,"href":"https:\/\/maranhaotv.com.br\/index.php\/wp-json\/wp\/v2\/posts\/40169\/revisions"}],"predecessor-version":[{"id":40171,"href":"https:\/\/maranhaotv.com.br\/index.php\/wp-json\/wp\/v2\/posts\/40169\/revisions\/40171"}],"wp:featuredmedia":[{"embeddable":true,"href":"https:\/\/maranhaotv.com.br\/index.php\/wp-json\/wp\/v2\/media\/40170"}],"wp:attachment":[{"href":"https:\/\/maranhaotv.com.br\/index.php\/wp-json\/wp\/v2\/media?parent=40169"}],"wp:term":[{"taxonomy":"category","embeddable":true,"href":"https:\/\/maranhaotv.com.br\/index.php\/wp-json\/wp\/v2\/categories?post=40169"},{"taxonomy":"post_tag","embeddable":true,"href":"https:\/\/maranhaotv.com.br\/index.php\/wp-json\/wp\/v2\/tags?post=40169"}],"curies":[{"name":"wp","href":"https:\/\/api.w.org\/{rel}","templated":true}]}}