{"id":40239,"date":"2025-02-07T13:55:38","date_gmt":"2025-02-07T16:55:38","guid":{"rendered":"https:\/\/maranhaotv.com.br\/?p=40239"},"modified":"2025-02-07T13:55:53","modified_gmt":"2025-02-07T16:55:53","slug":"lula-manda-bolsonaro-tirar-o-cavalo-da-chuva-e-dispara-vai-perder-de-novo","status":"publish","type":"post","link":"https:\/\/maranhaotv.com.br\/index.php\/2025\/02\/07\/lula-manda-bolsonaro-tirar-o-cavalo-da-chuva-e-dispara-vai-perder-de-novo\/","title":{"rendered":"Lula manda Bolsonaro \u201ctirar o cavalo da chuva\u201d e dispara: \u201cVai perder de novo\u201d"},"content":{"rendered":"\n<p><\/p>\n\n\n\n<p>O presidente Luiz In\u00e1cio Lula da Silva deixou claro que, caso o ex-presidente Jair Bolsonaro tente retornar ao Pal\u00e1cio do Planalto, enfrentar\u00e1 uma derrota nas urnas.<br><br>Em entrevista \u00e0s r\u00e1dios Metr\u00f3pole e Sociedade, da Bahia, nesta quinta-feira (6), Lula afirmou que est\u00e1 disposto a enfrentar Bolsonaro novamente e garantiu que vencer\u00e1 em qualquer disputa futura.<br><br>Sem citar o nome do ex-presidente diretamente, Lula refor\u00e7ou sua posi\u00e7\u00e3o: \u201cSe depender de mim, o negacionismo n\u00e3o voltar\u00e1 ao poder. A democracia vai derrotar o negacionismo mais uma vez. Se o cidad\u00e3o que j\u00e1 foi presidente quiser se candidatar, ele sabe que eu o derrotei quando ele tinha a m\u00e1quina na m\u00e3o\u201d, disse o petista.<br><br>O presidente ainda mandou um recado direto ao ex-mandat\u00e1rio: \u201cSe ele acha que vai voltar ao poder, pode tirar o cavalo da chuva. Quantas vezes ele for candidato, quantas vezes eu vou derrot\u00e1-lo.\u201d<br><br>O embate pol\u00edtico entre os dois l\u00edderes vem ganhando novos cap\u00edtulos desde que Bolsonaro teve seus direitos pol\u00edticos suspensos pelo Tribunal Superior Eleitoral (TSE), ficando ineleg\u00edvel at\u00e9 2030.<br><br>Apesar disso, Lula reconheceu que cabe \u00e0 Justi\u00e7a decidir se Bolsonaro poder\u00e1 disputar as elei\u00e7\u00f5es de 2026.<br><br>\u201cSe a Justi\u00e7a entender que ele pode concorrer, que assim seja. Mas, se for contra mim, ele vai perder outra vez\u201d, enfatizou.<br><br>As declara\u00e7\u00f5es de Lula v\u00eam em meio a um cen\u00e1rio de forte polariza\u00e7\u00e3o pol\u00edtica no Brasil, com debates sobre o futuro da direita e da esquerda no pa\u00eds.<br><br>\ud83d\udcca Enquanto isso, Bolsonaro segue articulando sua base pol\u00edtica e seus aliados buscam caminhos para manter sua influ\u00eancia eleitoral nos pr\u00f3ximos anos<\/p>\n","protected":false},"excerpt":{"rendered":"<p>O presidente Luiz In\u00e1cio Lula da Silva deixou claro que, caso o ex-presidente Jair Bolsonaro tente retornar ao Pal\u00e1cio do<\/p>\n","protected":false},"author":2,"featured_media":40238,"comment_status":"open","ping_status":"open","sticky":false,"template":"","format":"standard","meta":{"colormag_page_container_layout":"default_layout","colormag_page_sidebar_layout":"default_layout","_jetpack_memberships_contains_paid_content":false,"footnotes":""},"categories":[2],"tags":[],"class_list":["post-40239","post","type-post","status-publish","format-standard","has-post-thumbnail","hentry","category-noticias"],"magazineBlocksPostFeaturedMedia":{"thumbnail":"https:\/\/maranhaotv.com.br\/wp-content\/uploads\/2025\/02\/image_editor_output_image1266368268-1738947342356-150x150.jpg","medium":"https:\/\/maranhaotv.com.br\/wp-content\/uploads\/2025\/02\/image_editor_output_image1266368268-1738947342356-300x168.jpg","medium_large":"https:\/\/maranhaotv.com.br\/wp-content\/uploads\/2025\/02\/image_editor_output_image1266368268-1738947342356-768x431.jpg","large":"https:\/\/maranhaotv.com.br\/wp-content\/uploads\/2025\/02\/image_editor_output_image1266368268-1738947342356.jpg","1536x1536":"https:\/\/maranhaotv.com.br\/wp-content\/uploads\/2025\/02\/image_editor_output_image1266368268-1738947342356.jpg","2048x2048":"https:\/\/maranhaotv.com.br\/wp-content\/uploads\/2025\/02\/image_editor_output_image1266368268-1738947342356.jpg","colormag-highlighted-post":"https:\/\/maranhaotv.com.br\/wp-content\/uploads\/2025\/02\/image_editor_output_image1266368268-1738947342356-392x272.jpg","colormag-featured-post-medium":"https:\/\/maranhaotv.com.br\/wp-content\/uploads\/2025\/02\/image_editor_output_image1266368268-1738947342356-390x205.jpg","colormag-featured-post-small":"https:\/\/maranhaotv.com.br\/wp-content\/uploads\/2025\/02\/image_editor_output_image1266368268-1738947342356-130x90.jpg","colormag-featured-image":"https:\/\/maranhaotv.com.br\/wp-content\/uploads\/2025\/02\/image_editor_output_image1266368268-1738947342356-800x445.jpg","colormag-default-news":"https:\/\/maranhaotv.com.br\/wp-content\/uploads\/2025\/02\/image_editor_output_image1266368268-1738947342356-150x150.jpg","colormag-featured-image-large":"https:\/\/maranhaotv.com.br\/wp-content\/uploads\/2025\/02\/image_editor_output_image1266368268-1738947342356.jpg"},"magazineBlocksPostAuthor":{"name":"maranhaotv","avatar":"https:\/\/secure.gravatar.com\/avatar\/8fadbca458d4cb68b1dd399ae9a40618d747bb1af65ac9fad21c89220a143eb4?s=96&d=mm&r=g"},"magazineBlocksPostCommentsNumber":"0","magazineBlocksPostExcerpt":"O presidente Luiz In\u00e1cio Lula da Silva deixou claro que, caso o ex-presidente Jair Bolsonaro tente retornar ao Pal\u00e1cio do","magazineBlocksPostCategories":["not\u00edcias"],"magazineBlocksPostViewCount":348,"magazineBlocksPostReadTime":2,"magazine_blocks_featured_image_url":{"full":["https:\/\/maranhaotv.com.br\/wp-content\/uploads\/2025\/02\/image_editor_output_image1266368268-1738947342356.jpg",1024,575,false],"medium":["https:\/\/maranhaotv.com.br\/wp-content\/uploads\/2025\/02\/image_editor_output_image1266368268-1738947342356-300x168.jpg",300,168,true],"thumbnail":["https:\/\/maranhaotv.com.br\/wp-content\/uploads\/2025\/02\/image_editor_output_image1266368268-1738947342356-150x150.jpg",150,150,true]},"magazine_blocks_author":{"display_name":"maranhaotv","author_link":"https:\/\/maranhaotv.com.br\/index.php\/author\/maranhaotv\/"},"magazine_blocks_comment":0,"magazine_blocks_author_image":"https:\/\/secure.gravatar.com\/avatar\/8fadbca458d4cb68b1dd399ae9a40618d747bb1af65ac9fad21c89220a143eb4?s=96&d=mm&r=g","magazine_blocks_category":"<a href=\"#\" class=\"category-link category-link-2\">not\u00edcias<\/a>","yoast_head":"<!-- This site is optimized with the Yoast SEO plugin v27.4 - https:\/\/yoast.com\/product\/yoast-seo-wordpress\/ -->\n<title>Lula manda Bolsonaro \u201ctirar o cavalo da chuva\u201d e dispara: \u201cVai perder de novo\u201d - NOT\u00cdCIAS EM TEMPO REAL<\/title>\n<meta name=\"robots\" content=\"index, follow, max-snippet:-1, max-image-preview:large, max-video-preview:-1\" \/>\n<link rel=\"canonical\" href=\"https:\/\/maranhaotv.com.br\/index.php\/2025\/02\/07\/lula-manda-bolsonaro-tirar-o-cavalo-da-chuva-e-dispara-vai-perder-de-novo\/\" \/>\n<meta property=\"og:locale\" content=\"pt_BR\" \/>\n<meta property=\"og:type\" content=\"article\" \/>\n<meta property=\"og:title\" content=\"Lula manda Bolsonaro \u201ctirar o cavalo da chuva\u201d e dispara: \u201cVai perder de novo\u201d - NOT\u00cdCIAS EM TEMPO REAL\" \/>\n<meta property=\"og:description\" content=\"O presidente Luiz In\u00e1cio Lula da Silva deixou claro que, caso o ex-presidente Jair Bolsonaro tente retornar ao Pal\u00e1cio do\" \/>\n<meta property=\"og:url\" content=\"https:\/\/maranhaotv.com.br\/index.php\/2025\/02\/07\/lula-manda-bolsonaro-tirar-o-cavalo-da-chuva-e-dispara-vai-perder-de-novo\/\" \/>\n<meta property=\"og:site_name\" content=\"NOT\u00cdCIAS EM TEMPO REAL\" \/>\n<meta property=\"article:publisher\" content=\"https:\/\/www.facebook.com\/maiobaotv\" \/>\n<meta property=\"article:published_time\" content=\"2025-02-07T16:55:38+00:00\" \/>\n<meta property=\"article:modified_time\" content=\"2025-02-07T16:55:53+00:00\" \/>\n<meta property=\"og:image\" content=\"https:\/\/maranhaotv.com.br\/wp-content\/uploads\/2025\/02\/image_editor_output_image1266368268-1738947342356.jpg\" \/>\n\t<meta property=\"og:image:width\" content=\"1024\" \/>\n\t<meta property=\"og:image:height\" content=\"575\" \/>\n\t<meta property=\"og:image:type\" content=\"image\/jpeg\" \/>\n<meta name=\"author\" content=\"maranhaotv\" \/>\n<meta name=\"twitter:card\" content=\"summary_large_image\" \/>\n<meta name=\"twitter:creator\" content=\"@sitemaranhaotv\" \/>\n<meta name=\"twitter:site\" content=\"@sitemaranhaotv\" \/>\n<meta name=\"twitter:label1\" content=\"Escrito por\" \/>\n\t<meta name=\"twitter:data1\" content=\"maranhaotv\" \/>\n\t<meta name=\"twitter:label2\" content=\"Est. tempo de leitura\" \/>\n\t<meta name=\"twitter:data2\" content=\"1 minuto\" \/>\n<script type=\"application\/ld+json\" class=\"yoast-schema-graph\">{\"@context\":\"https:\\\/\\\/schema.org\",\"@graph\":[{\"@type\":\"Article\",\"@id\":\"https:\\\/\\\/maranhaotv.com.br\\\/index.php\\\/2025\\\/02\\\/07\\\/lula-manda-bolsonaro-tirar-o-cavalo-da-chuva-e-dispara-vai-perder-de-novo\\\/#article\",\"isPartOf\":{\"@id\":\"https:\\\/\\\/maranhaotv.com.br\\\/index.php\\\/2025\\\/02\\\/07\\\/lula-manda-bolsonaro-tirar-o-cavalo-da-chuva-e-dispara-vai-perder-de-novo\\\/\"},\"author\":{\"name\":\"maranhaotv\",\"@id\":\"https:\\\/\\\/maranhaotv.com.br\\\/#\\\/schema\\\/person\\\/3d54238e86b20bb5c89ab2fdb8f8829a\"},\"headline\":\"Lula manda Bolsonaro \u201ctirar o cavalo da chuva\u201d e dispara: \u201cVai perder de novo\u201d\",\"datePublished\":\"2025-02-07T16:55:38+00:00\",\"dateModified\":\"2025-02-07T16:55:53+00:00\",\"mainEntityOfPage\":{\"@id\":\"https:\\\/\\\/maranhaotv.com.br\\\/index.php\\\/2025\\\/02\\\/07\\\/lula-manda-bolsonaro-tirar-o-cavalo-da-chuva-e-dispara-vai-perder-de-novo\\\/\"},\"wordCount\":299,\"commentCount\":0,\"publisher\":{\"@id\":\"https:\\\/\\\/maranhaotv.com.br\\\/#organization\"},\"image\":{\"@id\":\"https:\\\/\\\/maranhaotv.com.br\\\/index.php\\\/2025\\\/02\\\/07\\\/lula-manda-bolsonaro-tirar-o-cavalo-da-chuva-e-dispara-vai-perder-de-novo\\\/#primaryimage\"},\"thumbnailUrl\":\"https:\\\/\\\/maranhaotv.com.br\\\/wp-content\\\/uploads\\\/2025\\\/02\\\/image_editor_output_image1266368268-1738947342356.jpg\",\"articleSection\":[\"not\u00edcias\"],\"inLanguage\":\"pt-BR\",\"potentialAction\":[{\"@type\":\"CommentAction\",\"name\":\"Comment\",\"target\":[\"https:\\\/\\\/maranhaotv.com.br\\\/index.php\\\/2025\\\/02\\\/07\\\/lula-manda-bolsonaro-tirar-o-cavalo-da-chuva-e-dispara-vai-perder-de-novo\\\/#respond\"]}]},{\"@type\":\"WebPage\",\"@id\":\"https:\\\/\\\/maranhaotv.com.br\\\/index.php\\\/2025\\\/02\\\/07\\\/lula-manda-bolsonaro-tirar-o-cavalo-da-chuva-e-dispara-vai-perder-de-novo\\\/\",\"url\":\"https:\\\/\\\/maranhaotv.com.br\\\/index.php\\\/2025\\\/02\\\/07\\\/lula-manda-bolsonaro-tirar-o-cavalo-da-chuva-e-dispara-vai-perder-de-novo\\\/\",\"name\":\"Lula manda Bolsonaro \u201ctirar o cavalo da chuva\u201d e dispara: \u201cVai perder de novo\u201d - NOT\u00cdCIAS EM TEMPO REAL\",\"isPartOf\":{\"@id\":\"https:\\\/\\\/maranhaotv.com.br\\\/#website\"},\"primaryImageOfPage\":{\"@id\":\"https:\\\/\\\/maranhaotv.com.br\\\/index.php\\\/2025\\\/02\\\/07\\\/lula-manda-bolsonaro-tirar-o-cavalo-da-chuva-e-dispara-vai-perder-de-novo\\\/#primaryimage\"},\"image\":{\"@id\":\"https:\\\/\\\/maranhaotv.com.br\\\/index.php\\\/2025\\\/02\\\/07\\\/lula-manda-bolsonaro-tirar-o-cavalo-da-chuva-e-dispara-vai-perder-de-novo\\\/#primaryimage\"},\"thumbnailUrl\":\"https:\\\/\\\/maranhaotv.com.br\\\/wp-content\\\/uploads\\\/2025\\\/02\\\/image_editor_output_image1266368268-1738947342356.jpg\",\"datePublished\":\"2025-02-07T16:55:38+00:00\",\"dateModified\":\"2025-02-07T16:55:53+00:00\",\"breadcrumb\":{\"@id\":\"https:\\\/\\\/maranhaotv.com.br\\\/index.php\\\/2025\\\/02\\\/07\\\/lula-manda-bolsonaro-tirar-o-cavalo-da-chuva-e-dispara-vai-perder-de-novo\\\/#breadcrumb\"},\"inLanguage\":\"pt-BR\",\"potentialAction\":[{\"@type\":\"ReadAction\",\"target\":[\"https:\\\/\\\/maranhaotv.com.br\\\/index.php\\\/2025\\\/02\\\/07\\\/lula-manda-bolsonaro-tirar-o-cavalo-da-chuva-e-dispara-vai-perder-de-novo\\\/\"]}]},{\"@type\":\"ImageObject\",\"inLanguage\":\"pt-BR\",\"@id\":\"https:\\\/\\\/maranhaotv.com.br\\\/index.php\\\/2025\\\/02\\\/07\\\/lula-manda-bolsonaro-tirar-o-cavalo-da-chuva-e-dispara-vai-perder-de-novo\\\/#primaryimage\",\"url\":\"https:\\\/\\\/maranhaotv.com.br\\\/wp-content\\\/uploads\\\/2025\\\/02\\\/image_editor_output_image1266368268-1738947342356.jpg\",\"contentUrl\":\"https:\\\/\\\/maranhaotv.com.br\\\/wp-content\\\/uploads\\\/2025\\\/02\\\/image_editor_output_image1266368268-1738947342356.jpg\",\"width\":1024,\"height\":575},{\"@type\":\"BreadcrumbList\",\"@id\":\"https:\\\/\\\/maranhaotv.com.br\\\/index.php\\\/2025\\\/02\\\/07\\\/lula-manda-bolsonaro-tirar-o-cavalo-da-chuva-e-dispara-vai-perder-de-novo\\\/#breadcrumb\",\"itemListElement\":[{\"@type\":\"ListItem\",\"position\":1,\"name\":\"In\u00edcio\",\"item\":\"https:\\\/\\\/maranhaotv.com.br\\\/\"},{\"@type\":\"ListItem\",\"position\":2,\"name\":\"Lula manda Bolsonaro \u201ctirar o cavalo da chuva\u201d e dispara: \u201cVai perder de novo\u201d\"}]},{\"@type\":\"WebSite\",\"@id\":\"https:\\\/\\\/maranhaotv.com.br\\\/#website\",\"url\":\"https:\\\/\\\/maranhaotv.com.br\\\/\",\"name\":\"Maranh\u00e3oTV\",\"description\":\"\",\"publisher\":{\"@id\":\"https:\\\/\\\/maranhaotv.com.br\\\/#organization\"},\"potentialAction\":[{\"@type\":\"SearchAction\",\"target\":{\"@type\":\"EntryPoint\",\"urlTemplate\":\"https:\\\/\\\/maranhaotv.com.br\\\/?s={search_term_string}\"},\"query-input\":{\"@type\":\"PropertyValueSpecification\",\"valueRequired\":true,\"valueName\":\"search_term_string\"}}],\"inLanguage\":\"pt-BR\"},{\"@type\":\"Organization\",\"@id\":\"https:\\\/\\\/maranhaotv.com.br\\\/#organization\",\"name\":\"Portal de Not\u00edcias\",\"url\":\"https:\\\/\\\/maranhaotv.com.br\\\/\",\"logo\":{\"@type\":\"ImageObject\",\"inLanguage\":\"pt-BR\",\"@id\":\"https:\\\/\\\/maranhaotv.com.br\\\/#\\\/schema\\\/logo\\\/image\\\/\",\"url\":\"https:\\\/\\\/maranhaotv.com.br\\\/wp-content\\\/uploads\\\/2024\\\/05\\\/cropped-cropped-avatar-1.png\",\"contentUrl\":\"https:\\\/\\\/maranhaotv.com.br\\\/wp-content\\\/uploads\\\/2024\\\/05\\\/cropped-cropped-avatar-1.png\",\"width\":792,\"height\":428,\"caption\":\"Portal de Not\u00edcias\"},\"image\":{\"@id\":\"https:\\\/\\\/maranhaotv.com.br\\\/#\\\/schema\\\/logo\\\/image\\\/\"},\"sameAs\":[\"https:\\\/\\\/www.facebook.com\\\/maiobaotv\",\"https:\\\/\\\/x.com\\\/sitemaranhaotv\",\"https:\\\/\\\/www.instagram.com\\\/maranhao.tv\",\"https:\\\/\\\/www.threads.net\\\/@maranhao.tv\"]},{\"@type\":\"Person\",\"@id\":\"https:\\\/\\\/maranhaotv.com.br\\\/#\\\/schema\\\/person\\\/3d54238e86b20bb5c89ab2fdb8f8829a\",\"name\":\"maranhaotv\",\"image\":{\"@type\":\"ImageObject\",\"inLanguage\":\"pt-BR\",\"@id\":\"https:\\\/\\\/secure.gravatar.com\\\/avatar\\\/8fadbca458d4cb68b1dd399ae9a40618d747bb1af65ac9fad21c89220a143eb4?s=96&d=mm&r=g\",\"url\":\"https:\\\/\\\/secure.gravatar.com\\\/avatar\\\/8fadbca458d4cb68b1dd399ae9a40618d747bb1af65ac9fad21c89220a143eb4?s=96&d=mm&r=g\",\"contentUrl\":\"https:\\\/\\\/secure.gravatar.com\\\/avatar\\\/8fadbca458d4cb68b1dd399ae9a40618d747bb1af65ac9fad21c89220a143eb4?s=96&d=mm&r=g\",\"caption\":\"maranhaotv\"},\"sameAs\":[\"https:\\\/\\\/maranhaotv.com.br\\\/\"],\"url\":\"https:\\\/\\\/maranhaotv.com.br\\\/index.php\\\/author\\\/maranhaotv\\\/\"}]}<\/script>\n<!-- \/ Yoast SEO plugin. -->","yoast_head_json":{"title":"Lula manda Bolsonaro \u201ctirar o cavalo da chuva\u201d e dispara: \u201cVai perder de novo\u201d - NOT\u00cdCIAS EM TEMPO REAL","robots":{"index":"index","follow":"follow","max-snippet":"max-snippet:-1","max-image-preview":"max-image-preview:large","max-video-preview":"max-video-preview:-1"},"canonical":"https:\/\/maranhaotv.com.br\/index.php\/2025\/02\/07\/lula-manda-bolsonaro-tirar-o-cavalo-da-chuva-e-dispara-vai-perder-de-novo\/","og_locale":"pt_BR","og_type":"article","og_title":"Lula manda Bolsonaro \u201ctirar o cavalo da chuva\u201d e dispara: \u201cVai perder de novo\u201d - NOT\u00cdCIAS EM TEMPO REAL","og_description":"O presidente Luiz In\u00e1cio Lula da Silva deixou claro que, caso o ex-presidente Jair Bolsonaro tente retornar ao Pal\u00e1cio do","og_url":"https:\/\/maranhaotv.com.br\/index.php\/2025\/02\/07\/lula-manda-bolsonaro-tirar-o-cavalo-da-chuva-e-dispara-vai-perder-de-novo\/","og_site_name":"NOT\u00cdCIAS EM TEMPO REAL","article_publisher":"https:\/\/www.facebook.com\/maiobaotv","article_published_time":"2025-02-07T16:55:38+00:00","article_modified_time":"2025-02-07T16:55:53+00:00","og_image":[{"width":1024,"height":575,"url":"https:\/\/maranhaotv.com.br\/wp-content\/uploads\/2025\/02\/image_editor_output_image1266368268-1738947342356.jpg","type":"image\/jpeg"}],"author":"maranhaotv","twitter_card":"summary_large_image","twitter_creator":"@sitemaranhaotv","twitter_site":"@sitemaranhaotv","twitter_misc":{"Escrito por":"maranhaotv","Est. tempo de leitura":"1 minuto"},"schema":{"@context":"https:\/\/schema.org","@graph":[{"@type":"Article","@id":"https:\/\/maranhaotv.com.br\/index.php\/2025\/02\/07\/lula-manda-bolsonaro-tirar-o-cavalo-da-chuva-e-dispara-vai-perder-de-novo\/#article","isPartOf":{"@id":"https:\/\/maranhaotv.com.br\/index.php\/2025\/02\/07\/lula-manda-bolsonaro-tirar-o-cavalo-da-chuva-e-dispara-vai-perder-de-novo\/"},"author":{"name":"maranhaotv","@id":"https:\/\/maranhaotv.com.br\/#\/schema\/person\/3d54238e86b20bb5c89ab2fdb8f8829a"},"headline":"Lula manda Bolsonaro \u201ctirar o cavalo da chuva\u201d e dispara: \u201cVai perder de novo\u201d","datePublished":"2025-02-07T16:55:38+00:00","dateModified":"2025-02-07T16:55:53+00:00","mainEntityOfPage":{"@id":"https:\/\/maranhaotv.com.br\/index.php\/2025\/02\/07\/lula-manda-bolsonaro-tirar-o-cavalo-da-chuva-e-dispara-vai-perder-de-novo\/"},"wordCount":299,"commentCount":0,"publisher":{"@id":"https:\/\/maranhaotv.com.br\/#organization"},"image":{"@id":"https:\/\/maranhaotv.com.br\/index.php\/2025\/02\/07\/lula-manda-bolsonaro-tirar-o-cavalo-da-chuva-e-dispara-vai-perder-de-novo\/#primaryimage"},"thumbnailUrl":"https:\/\/maranhaotv.com.br\/wp-content\/uploads\/2025\/02\/image_editor_output_image1266368268-1738947342356.jpg","articleSection":["not\u00edcias"],"inLanguage":"pt-BR","potentialAction":[{"@type":"CommentAction","name":"Comment","target":["https:\/\/maranhaotv.com.br\/index.php\/2025\/02\/07\/lula-manda-bolsonaro-tirar-o-cavalo-da-chuva-e-dispara-vai-perder-de-novo\/#respond"]}]},{"@type":"WebPage","@id":"https:\/\/maranhaotv.com.br\/index.php\/2025\/02\/07\/lula-manda-bolsonaro-tirar-o-cavalo-da-chuva-e-dispara-vai-perder-de-novo\/","url":"https:\/\/maranhaotv.com.br\/index.php\/2025\/02\/07\/lula-manda-bolsonaro-tirar-o-cavalo-da-chuva-e-dispara-vai-perder-de-novo\/","name":"Lula manda Bolsonaro \u201ctirar o cavalo da chuva\u201d e dispara: \u201cVai perder de novo\u201d - NOT\u00cdCIAS EM TEMPO REAL","isPartOf":{"@id":"https:\/\/maranhaotv.com.br\/#website"},"primaryImageOfPage":{"@id":"https:\/\/maranhaotv.com.br\/index.php\/2025\/02\/07\/lula-manda-bolsonaro-tirar-o-cavalo-da-chuva-e-dispara-vai-perder-de-novo\/#primaryimage"},"image":{"@id":"https:\/\/maranhaotv.com.br\/index.php\/2025\/02\/07\/lula-manda-bolsonaro-tirar-o-cavalo-da-chuva-e-dispara-vai-perder-de-novo\/#primaryimage"},"thumbnailUrl":"https:\/\/maranhaotv.com.br\/wp-content\/uploads\/2025\/02\/image_editor_output_image1266368268-1738947342356.jpg","datePublished":"2025-02-07T16:55:38+00:00","dateModified":"2025-02-07T16:55:53+00:00","breadcrumb":{"@id":"https:\/\/maranhaotv.com.br\/index.php\/2025\/02\/07\/lula-manda-bolsonaro-tirar-o-cavalo-da-chuva-e-dispara-vai-perder-de-novo\/#breadcrumb"},"inLanguage":"pt-BR","potentialAction":[{"@type":"ReadAction","target":["https:\/\/maranhaotv.com.br\/index.php\/2025\/02\/07\/lula-manda-bolsonaro-tirar-o-cavalo-da-chuva-e-dispara-vai-perder-de-novo\/"]}]},{"@type":"ImageObject","inLanguage":"pt-BR","@id":"https:\/\/maranhaotv.com.br\/index.php\/2025\/02\/07\/lula-manda-bolsonaro-tirar-o-cavalo-da-chuva-e-dispara-vai-perder-de-novo\/#primaryimage","url":"https:\/\/maranhaotv.com.br\/wp-content\/uploads\/2025\/02\/image_editor_output_image1266368268-1738947342356.jpg","contentUrl":"https:\/\/maranhaotv.com.br\/wp-content\/uploads\/2025\/02\/image_editor_output_image1266368268-1738947342356.jpg","width":1024,"height":575},{"@type":"BreadcrumbList","@id":"https:\/\/maranhaotv.com.br\/index.php\/2025\/02\/07\/lula-manda-bolsonaro-tirar-o-cavalo-da-chuva-e-dispara-vai-perder-de-novo\/#breadcrumb","itemListElement":[{"@type":"ListItem","position":1,"name":"In\u00edcio","item":"https:\/\/maranhaotv.com.br\/"},{"@type":"ListItem","position":2,"name":"Lula manda Bolsonaro \u201ctirar o cavalo da chuva\u201d e dispara: \u201cVai perder de novo\u201d"}]},{"@type":"WebSite","@id":"https:\/\/maranhaotv.com.br\/#website","url":"https:\/\/maranhaotv.com.br\/","name":"Maranh\u00e3oTV","description":"","publisher":{"@id":"https:\/\/maranhaotv.com.br\/#organization"},"potentialAction":[{"@type":"SearchAction","target":{"@type":"EntryPoint","urlTemplate":"https:\/\/maranhaotv.com.br\/?s={search_term_string}"},"query-input":{"@type":"PropertyValueSpecification","valueRequired":true,"valueName":"search_term_string"}}],"inLanguage":"pt-BR"},{"@type":"Organization","@id":"https:\/\/maranhaotv.com.br\/#organization","name":"Portal de Not\u00edcias","url":"https:\/\/maranhaotv.com.br\/","logo":{"@type":"ImageObject","inLanguage":"pt-BR","@id":"https:\/\/maranhaotv.com.br\/#\/schema\/logo\/image\/","url":"https:\/\/maranhaotv.com.br\/wp-content\/uploads\/2024\/05\/cropped-cropped-avatar-1.png","contentUrl":"https:\/\/maranhaotv.com.br\/wp-content\/uploads\/2024\/05\/cropped-cropped-avatar-1.png","width":792,"height":428,"caption":"Portal de Not\u00edcias"},"image":{"@id":"https:\/\/maranhaotv.com.br\/#\/schema\/logo\/image\/"},"sameAs":["https:\/\/www.facebook.com\/maiobaotv","https:\/\/x.com\/sitemaranhaotv","https:\/\/www.instagram.com\/maranhao.tv","https:\/\/www.threads.net\/@maranhao.tv"]},{"@type":"Person","@id":"https:\/\/maranhaotv.com.br\/#\/schema\/person\/3d54238e86b20bb5c89ab2fdb8f8829a","name":"maranhaotv","image":{"@type":"ImageObject","inLanguage":"pt-BR","@id":"https:\/\/secure.gravatar.com\/avatar\/8fadbca458d4cb68b1dd399ae9a40618d747bb1af65ac9fad21c89220a143eb4?s=96&d=mm&r=g","url":"https:\/\/secure.gravatar.com\/avatar\/8fadbca458d4cb68b1dd399ae9a40618d747bb1af65ac9fad21c89220a143eb4?s=96&d=mm&r=g","contentUrl":"https:\/\/secure.gravatar.com\/avatar\/8fadbca458d4cb68b1dd399ae9a40618d747bb1af65ac9fad21c89220a143eb4?s=96&d=mm&r=g","caption":"maranhaotv"},"sameAs":["https:\/\/maranhaotv.com.br\/"],"url":"https:\/\/maranhaotv.com.br\/index.php\/author\/maranhaotv\/"}]}},"jetpack_featured_media_url":"https:\/\/maranhaotv.com.br\/wp-content\/uploads\/2025\/02\/image_editor_output_image1266368268-1738947342356.jpg","jetpack_sharing_enabled":true,"_links":{"self":[{"href":"https:\/\/maranhaotv.com.br\/index.php\/wp-json\/wp\/v2\/posts\/40239","targetHints":{"allow":["GET"]}}],"collection":[{"href":"https:\/\/maranhaotv.com.br\/index.php\/wp-json\/wp\/v2\/posts"}],"about":[{"href":"https:\/\/maranhaotv.com.br\/index.php\/wp-json\/wp\/v2\/types\/post"}],"author":[{"embeddable":true,"href":"https:\/\/maranhaotv.com.br\/index.php\/wp-json\/wp\/v2\/users\/2"}],"replies":[{"embeddable":true,"href":"https:\/\/maranhaotv.com.br\/index.php\/wp-json\/wp\/v2\/comments?post=40239"}],"version-history":[{"count":1,"href":"https:\/\/maranhaotv.com.br\/index.php\/wp-json\/wp\/v2\/posts\/40239\/revisions"}],"predecessor-version":[{"id":40240,"href":"https:\/\/maranhaotv.com.br\/index.php\/wp-json\/wp\/v2\/posts\/40239\/revisions\/40240"}],"wp:featuredmedia":[{"embeddable":true,"href":"https:\/\/maranhaotv.com.br\/index.php\/wp-json\/wp\/v2\/media\/40238"}],"wp:attachment":[{"href":"https:\/\/maranhaotv.com.br\/index.php\/wp-json\/wp\/v2\/media?parent=40239"}],"wp:term":[{"taxonomy":"category","embeddable":true,"href":"https:\/\/maranhaotv.com.br\/index.php\/wp-json\/wp\/v2\/categories?post=40239"},{"taxonomy":"post_tag","embeddable":true,"href":"https:\/\/maranhaotv.com.br\/index.php\/wp-json\/wp\/v2\/tags?post=40239"}],"curies":[{"name":"wp","href":"https:\/\/api.w.org\/{rel}","templated":true}]}}