{"id":40289,"date":"2025-02-11T09:36:38","date_gmt":"2025-02-11T12:36:38","guid":{"rendered":"https:\/\/maranhaotv.com.br\/?p=40289"},"modified":"2025-02-11T09:36:41","modified_gmt":"2025-02-11T12:36:41","slug":"rodoviarios-vao-paralisar-atividades-na-proxima-quinta-feira-em-sao-luis","status":"publish","type":"post","link":"https:\/\/maranhaotv.com.br\/index.php\/2025\/02\/11\/rodoviarios-vao-paralisar-atividades-na-proxima-quinta-feira-em-sao-luis\/","title":{"rendered":"Rodovi\u00e1rios v\u00e3o paralisar atividades na pr\u00f3xima quinta-feira em S\u00e3o Lu\u00eds"},"content":{"rendered":"\n<p><\/p>\n\n\n\n<p>O transporte p\u00fablico da Grande S\u00e3o Lu\u00eds pode ficar paralisado a partir da pr\u00f3xima quinta-feira (13), devido a uma greve anunciada pelo Sindicato dos Rodovi\u00e1rios. A decis\u00e3o foi tomada ap\u00f3s mais uma rodada de negocia\u00e7\u00f5es sem acordo entre motoristas, cobradores e empres\u00e1rios do setor, realizada na manh\u00e3 desta segunda-feira (10).<\/p>\n\n\n\n<p>Por quest\u00f5es legais, a categoria precisa cumprir um prazo de 72 horas antes de iniciar a paralisa\u00e7\u00e3o. O movimento grevista ocorre ap\u00f3s sucessivas tentativas de media\u00e7\u00e3o no Minist\u00e9rio P\u00fablico do Trabalho (MPT), sem consenso entre as partes. Participaram das reuni\u00f5es representantes da Procuradoria, Secretaria Municipal de Tr\u00e2nsito e Transportes (SMTT), Ag\u00eancia de Mobilidade Urbana e Servi\u00e7os P\u00fablicos (MOB), Sindicato dos Rodovi\u00e1rios e o Sindicato das Empresas de Transportes (SET).<\/p>\n\n\n\n<p>As empresas alegam dificuldades financeiras e afirmam n\u00e3o ter condi\u00e7\u00f5es de conceder reajustes ou melhorias, mesmo recebendo subs\u00eddios dos governos estadual e municipal. J\u00e1 o Sindicato dos Rodovi\u00e1rios insiste na necessidade de avan\u00e7os para a categoria e aguarda uma proposta que contemple suas demandas.<\/p>\n\n\n\n<p>Enquanto isso, representantes da MOB e da Prefeitura de S\u00e3o Lu\u00eds informaram que a SMTT estuda a possibilidade de um novo subs\u00eddio para o setor empresarial, mas at\u00e9 o momento n\u00e3o h\u00e1 nenhuma defini\u00e7\u00e3o oficial.<\/p>\n\n\n\n<p>Caso a paralisa\u00e7\u00e3o se concretize, moradores de S\u00e3o Lu\u00eds, S\u00e3o Jos\u00e9 de Ribamar, Raposa e Pa\u00e7o do Lumiar devem ser diretamente afetados.<\/p>\n","protected":false},"excerpt":{"rendered":"<p>O transporte p\u00fablico da Grande S\u00e3o Lu\u00eds pode ficar paralisado a partir da pr\u00f3xima quinta-feira (13), devido a uma greve<\/p>\n","protected":false},"author":2,"featured_media":40290,"comment_status":"open","ping_status":"open","sticky":false,"template":"","format":"standard","meta":{"colormag_page_container_layout":"default_layout","colormag_page_sidebar_layout":"default_layout","_jetpack_memberships_contains_paid_content":false,"footnotes":""},"categories":[2],"tags":[496,498,497],"class_list":["post-40289","post","type-post","status-publish","format-standard","has-post-thumbnail","hentry","category-noticias","tag-greve","tag-onibus","tag-rodoviarios"],"magazineBlocksPostFeaturedMedia":{"thumbnail":"https:\/\/maranhaotv.com.br\/wp-content\/uploads\/2025\/02\/SET-150x150.jpg","medium":"https:\/\/maranhaotv.com.br\/wp-content\/uploads\/2025\/02\/SET-300x229.jpg","medium_large":"https:\/\/maranhaotv.com.br\/wp-content\/uploads\/2025\/02\/SET.jpg","large":"https:\/\/maranhaotv.com.br\/wp-content\/uploads\/2025\/02\/SET.jpg","1536x1536":"https:\/\/maranhaotv.com.br\/wp-content\/uploads\/2025\/02\/SET.jpg","2048x2048":"https:\/\/maranhaotv.com.br\/wp-content\/uploads\/2025\/02\/SET.jpg","colormag-highlighted-post":"https:\/\/maranhaotv.com.br\/wp-content\/uploads\/2025\/02\/SET-392x272.jpg","colormag-featured-post-medium":"https:\/\/maranhaotv.com.br\/wp-content\/uploads\/2025\/02\/SET-390x205.jpg","colormag-featured-post-small":"https:\/\/maranhaotv.com.br\/wp-content\/uploads\/2025\/02\/SET-130x90.jpg","colormag-featured-image":"https:\/\/maranhaotv.com.br\/wp-content\/uploads\/2025\/02\/SET.jpg","colormag-default-news":"https:\/\/maranhaotv.com.br\/wp-content\/uploads\/2025\/02\/SET-150x150.jpg","colormag-featured-image-large":"https:\/\/maranhaotv.com.br\/wp-content\/uploads\/2025\/02\/SET.jpg"},"magazineBlocksPostAuthor":{"name":"maranhaotv","avatar":"https:\/\/secure.gravatar.com\/avatar\/8fadbca458d4cb68b1dd399ae9a40618d747bb1af65ac9fad21c89220a143eb4?s=96&d=mm&r=g"},"magazineBlocksPostCommentsNumber":"0","magazineBlocksPostExcerpt":"O transporte p\u00fablico da Grande S\u00e3o Lu\u00eds pode ficar paralisado a partir da pr\u00f3xima quinta-feira (13), devido a uma greve","magazineBlocksPostCategories":["not\u00edcias"],"magazineBlocksPostViewCount":354,"magazineBlocksPostReadTime":2,"magazine_blocks_featured_image_url":{"full":["https:\/\/maranhaotv.com.br\/wp-content\/uploads\/2025\/02\/SET.jpg",404,308,false],"medium":["https:\/\/maranhaotv.com.br\/wp-content\/uploads\/2025\/02\/SET-300x229.jpg",300,229,true],"thumbnail":["https:\/\/maranhaotv.com.br\/wp-content\/uploads\/2025\/02\/SET-150x150.jpg",150,150,true]},"magazine_blocks_author":{"display_name":"maranhaotv","author_link":"https:\/\/maranhaotv.com.br\/index.php\/author\/maranhaotv\/"},"magazine_blocks_comment":0,"magazine_blocks_author_image":"https:\/\/secure.gravatar.com\/avatar\/8fadbca458d4cb68b1dd399ae9a40618d747bb1af65ac9fad21c89220a143eb4?s=96&d=mm&r=g","magazine_blocks_category":"<a href=\"#\" class=\"category-link category-link-2\">not\u00edcias<\/a>","yoast_head":"<!-- This site is optimized with the Yoast SEO plugin v27.4 - https:\/\/yoast.com\/product\/yoast-seo-wordpress\/ -->\n<title>Rodovi\u00e1rios v\u00e3o paralisar atividades na pr\u00f3xima quinta-feira em S\u00e3o Lu\u00eds - NOT\u00cdCIAS EM TEMPO REAL<\/title>\n<meta name=\"robots\" content=\"index, follow, max-snippet:-1, max-image-preview:large, max-video-preview:-1\" \/>\n<link rel=\"canonical\" href=\"https:\/\/maranhaotv.com.br\/index.php\/2025\/02\/11\/rodoviarios-vao-paralisar-atividades-na-proxima-quinta-feira-em-sao-luis\/\" \/>\n<meta property=\"og:locale\" content=\"pt_BR\" \/>\n<meta property=\"og:type\" content=\"article\" \/>\n<meta property=\"og:title\" content=\"Rodovi\u00e1rios v\u00e3o paralisar atividades na pr\u00f3xima quinta-feira em S\u00e3o Lu\u00eds - NOT\u00cdCIAS EM TEMPO REAL\" \/>\n<meta property=\"og:description\" content=\"O transporte p\u00fablico da Grande S\u00e3o Lu\u00eds pode ficar paralisado a partir da pr\u00f3xima quinta-feira (13), devido a uma greve\" \/>\n<meta property=\"og:url\" content=\"https:\/\/maranhaotv.com.br\/index.php\/2025\/02\/11\/rodoviarios-vao-paralisar-atividades-na-proxima-quinta-feira-em-sao-luis\/\" \/>\n<meta property=\"og:site_name\" content=\"NOT\u00cdCIAS EM TEMPO REAL\" \/>\n<meta property=\"article:publisher\" content=\"https:\/\/www.facebook.com\/maiobaotv\" \/>\n<meta property=\"article:published_time\" content=\"2025-02-11T12:36:38+00:00\" \/>\n<meta property=\"article:modified_time\" content=\"2025-02-11T12:36:41+00:00\" \/>\n<meta property=\"og:image\" content=\"https:\/\/maranhaotv.com.br\/wp-content\/uploads\/2025\/02\/SET.jpg\" \/>\n\t<meta property=\"og:image:width\" content=\"404\" \/>\n\t<meta property=\"og:image:height\" content=\"308\" \/>\n\t<meta property=\"og:image:type\" content=\"image\/jpeg\" \/>\n<meta name=\"author\" content=\"maranhaotv\" \/>\n<meta name=\"twitter:card\" content=\"summary_large_image\" \/>\n<meta name=\"twitter:creator\" content=\"@sitemaranhaotv\" \/>\n<meta name=\"twitter:site\" content=\"@sitemaranhaotv\" \/>\n<meta name=\"twitter:label1\" content=\"Escrito por\" \/>\n\t<meta name=\"twitter:data1\" content=\"maranhaotv\" \/>\n\t<meta name=\"twitter:label2\" content=\"Est. tempo de leitura\" \/>\n\t<meta name=\"twitter:data2\" content=\"2 minutos\" \/>\n<script type=\"application\/ld+json\" class=\"yoast-schema-graph\">{\"@context\":\"https:\\\/\\\/schema.org\",\"@graph\":[{\"@type\":\"Article\",\"@id\":\"https:\\\/\\\/maranhaotv.com.br\\\/index.php\\\/2025\\\/02\\\/11\\\/rodoviarios-vao-paralisar-atividades-na-proxima-quinta-feira-em-sao-luis\\\/#article\",\"isPartOf\":{\"@id\":\"https:\\\/\\\/maranhaotv.com.br\\\/index.php\\\/2025\\\/02\\\/11\\\/rodoviarios-vao-paralisar-atividades-na-proxima-quinta-feira-em-sao-luis\\\/\"},\"author\":{\"name\":\"maranhaotv\",\"@id\":\"https:\\\/\\\/maranhaotv.com.br\\\/#\\\/schema\\\/person\\\/3d54238e86b20bb5c89ab2fdb8f8829a\"},\"headline\":\"Rodovi\u00e1rios v\u00e3o paralisar atividades na pr\u00f3xima quinta-feira em S\u00e3o Lu\u00eds\",\"datePublished\":\"2025-02-11T12:36:38+00:00\",\"dateModified\":\"2025-02-11T12:36:41+00:00\",\"mainEntityOfPage\":{\"@id\":\"https:\\\/\\\/maranhaotv.com.br\\\/index.php\\\/2025\\\/02\\\/11\\\/rodoviarios-vao-paralisar-atividades-na-proxima-quinta-feira-em-sao-luis\\\/\"},\"wordCount\":268,\"commentCount\":0,\"publisher\":{\"@id\":\"https:\\\/\\\/maranhaotv.com.br\\\/#organization\"},\"image\":{\"@id\":\"https:\\\/\\\/maranhaotv.com.br\\\/index.php\\\/2025\\\/02\\\/11\\\/rodoviarios-vao-paralisar-atividades-na-proxima-quinta-feira-em-sao-luis\\\/#primaryimage\"},\"thumbnailUrl\":\"https:\\\/\\\/maranhaotv.com.br\\\/wp-content\\\/uploads\\\/2025\\\/02\\\/SET.jpg\",\"keywords\":[\"greve\",\"onibus\",\"rodoviarios\"],\"articleSection\":[\"not\u00edcias\"],\"inLanguage\":\"pt-BR\",\"potentialAction\":[{\"@type\":\"CommentAction\",\"name\":\"Comment\",\"target\":[\"https:\\\/\\\/maranhaotv.com.br\\\/index.php\\\/2025\\\/02\\\/11\\\/rodoviarios-vao-paralisar-atividades-na-proxima-quinta-feira-em-sao-luis\\\/#respond\"]}]},{\"@type\":\"WebPage\",\"@id\":\"https:\\\/\\\/maranhaotv.com.br\\\/index.php\\\/2025\\\/02\\\/11\\\/rodoviarios-vao-paralisar-atividades-na-proxima-quinta-feira-em-sao-luis\\\/\",\"url\":\"https:\\\/\\\/maranhaotv.com.br\\\/index.php\\\/2025\\\/02\\\/11\\\/rodoviarios-vao-paralisar-atividades-na-proxima-quinta-feira-em-sao-luis\\\/\",\"name\":\"Rodovi\u00e1rios v\u00e3o paralisar atividades na pr\u00f3xima quinta-feira em S\u00e3o Lu\u00eds - NOT\u00cdCIAS EM TEMPO REAL\",\"isPartOf\":{\"@id\":\"https:\\\/\\\/maranhaotv.com.br\\\/#website\"},\"primaryImageOfPage\":{\"@id\":\"https:\\\/\\\/maranhaotv.com.br\\\/index.php\\\/2025\\\/02\\\/11\\\/rodoviarios-vao-paralisar-atividades-na-proxima-quinta-feira-em-sao-luis\\\/#primaryimage\"},\"image\":{\"@id\":\"https:\\\/\\\/maranhaotv.com.br\\\/index.php\\\/2025\\\/02\\\/11\\\/rodoviarios-vao-paralisar-atividades-na-proxima-quinta-feira-em-sao-luis\\\/#primaryimage\"},\"thumbnailUrl\":\"https:\\\/\\\/maranhaotv.com.br\\\/wp-content\\\/uploads\\\/2025\\\/02\\\/SET.jpg\",\"datePublished\":\"2025-02-11T12:36:38+00:00\",\"dateModified\":\"2025-02-11T12:36:41+00:00\",\"breadcrumb\":{\"@id\":\"https:\\\/\\\/maranhaotv.com.br\\\/index.php\\\/2025\\\/02\\\/11\\\/rodoviarios-vao-paralisar-atividades-na-proxima-quinta-feira-em-sao-luis\\\/#breadcrumb\"},\"inLanguage\":\"pt-BR\",\"potentialAction\":[{\"@type\":\"ReadAction\",\"target\":[\"https:\\\/\\\/maranhaotv.com.br\\\/index.php\\\/2025\\\/02\\\/11\\\/rodoviarios-vao-paralisar-atividades-na-proxima-quinta-feira-em-sao-luis\\\/\"]}]},{\"@type\":\"ImageObject\",\"inLanguage\":\"pt-BR\",\"@id\":\"https:\\\/\\\/maranhaotv.com.br\\\/index.php\\\/2025\\\/02\\\/11\\\/rodoviarios-vao-paralisar-atividades-na-proxima-quinta-feira-em-sao-luis\\\/#primaryimage\",\"url\":\"https:\\\/\\\/maranhaotv.com.br\\\/wp-content\\\/uploads\\\/2025\\\/02\\\/SET.jpg\",\"contentUrl\":\"https:\\\/\\\/maranhaotv.com.br\\\/wp-content\\\/uploads\\\/2025\\\/02\\\/SET.jpg\",\"width\":404,\"height\":308},{\"@type\":\"BreadcrumbList\",\"@id\":\"https:\\\/\\\/maranhaotv.com.br\\\/index.php\\\/2025\\\/02\\\/11\\\/rodoviarios-vao-paralisar-atividades-na-proxima-quinta-feira-em-sao-luis\\\/#breadcrumb\",\"itemListElement\":[{\"@type\":\"ListItem\",\"position\":1,\"name\":\"In\u00edcio\",\"item\":\"https:\\\/\\\/maranhaotv.com.br\\\/\"},{\"@type\":\"ListItem\",\"position\":2,\"name\":\"Rodovi\u00e1rios v\u00e3o paralisar atividades na pr\u00f3xima quinta-feira em S\u00e3o Lu\u00eds\"}]},{\"@type\":\"WebSite\",\"@id\":\"https:\\\/\\\/maranhaotv.com.br\\\/#website\",\"url\":\"https:\\\/\\\/maranhaotv.com.br\\\/\",\"name\":\"Maranh\u00e3oTV\",\"description\":\"\",\"publisher\":{\"@id\":\"https:\\\/\\\/maranhaotv.com.br\\\/#organization\"},\"potentialAction\":[{\"@type\":\"SearchAction\",\"target\":{\"@type\":\"EntryPoint\",\"urlTemplate\":\"https:\\\/\\\/maranhaotv.com.br\\\/?s={search_term_string}\"},\"query-input\":{\"@type\":\"PropertyValueSpecification\",\"valueRequired\":true,\"valueName\":\"search_term_string\"}}],\"inLanguage\":\"pt-BR\"},{\"@type\":\"Organization\",\"@id\":\"https:\\\/\\\/maranhaotv.com.br\\\/#organization\",\"name\":\"Portal de Not\u00edcias\",\"url\":\"https:\\\/\\\/maranhaotv.com.br\\\/\",\"logo\":{\"@type\":\"ImageObject\",\"inLanguage\":\"pt-BR\",\"@id\":\"https:\\\/\\\/maranhaotv.com.br\\\/#\\\/schema\\\/logo\\\/image\\\/\",\"url\":\"https:\\\/\\\/maranhaotv.com.br\\\/wp-content\\\/uploads\\\/2024\\\/05\\\/cropped-cropped-avatar-1.png\",\"contentUrl\":\"https:\\\/\\\/maranhaotv.com.br\\\/wp-content\\\/uploads\\\/2024\\\/05\\\/cropped-cropped-avatar-1.png\",\"width\":792,\"height\":428,\"caption\":\"Portal de Not\u00edcias\"},\"image\":{\"@id\":\"https:\\\/\\\/maranhaotv.com.br\\\/#\\\/schema\\\/logo\\\/image\\\/\"},\"sameAs\":[\"https:\\\/\\\/www.facebook.com\\\/maiobaotv\",\"https:\\\/\\\/x.com\\\/sitemaranhaotv\",\"https:\\\/\\\/www.instagram.com\\\/maranhao.tv\",\"https:\\\/\\\/www.threads.net\\\/@maranhao.tv\"]},{\"@type\":\"Person\",\"@id\":\"https:\\\/\\\/maranhaotv.com.br\\\/#\\\/schema\\\/person\\\/3d54238e86b20bb5c89ab2fdb8f8829a\",\"name\":\"maranhaotv\",\"image\":{\"@type\":\"ImageObject\",\"inLanguage\":\"pt-BR\",\"@id\":\"https:\\\/\\\/secure.gravatar.com\\\/avatar\\\/8fadbca458d4cb68b1dd399ae9a40618d747bb1af65ac9fad21c89220a143eb4?s=96&d=mm&r=g\",\"url\":\"https:\\\/\\\/secure.gravatar.com\\\/avatar\\\/8fadbca458d4cb68b1dd399ae9a40618d747bb1af65ac9fad21c89220a143eb4?s=96&d=mm&r=g\",\"contentUrl\":\"https:\\\/\\\/secure.gravatar.com\\\/avatar\\\/8fadbca458d4cb68b1dd399ae9a40618d747bb1af65ac9fad21c89220a143eb4?s=96&d=mm&r=g\",\"caption\":\"maranhaotv\"},\"sameAs\":[\"https:\\\/\\\/maranhaotv.com.br\\\/\"],\"url\":\"https:\\\/\\\/maranhaotv.com.br\\\/index.php\\\/author\\\/maranhaotv\\\/\"}]}<\/script>\n<!-- \/ Yoast SEO plugin. -->","yoast_head_json":{"title":"Rodovi\u00e1rios v\u00e3o paralisar atividades na pr\u00f3xima quinta-feira em S\u00e3o Lu\u00eds - NOT\u00cdCIAS EM TEMPO REAL","robots":{"index":"index","follow":"follow","max-snippet":"max-snippet:-1","max-image-preview":"max-image-preview:large","max-video-preview":"max-video-preview:-1"},"canonical":"https:\/\/maranhaotv.com.br\/index.php\/2025\/02\/11\/rodoviarios-vao-paralisar-atividades-na-proxima-quinta-feira-em-sao-luis\/","og_locale":"pt_BR","og_type":"article","og_title":"Rodovi\u00e1rios v\u00e3o paralisar atividades na pr\u00f3xima quinta-feira em S\u00e3o Lu\u00eds - NOT\u00cdCIAS EM TEMPO REAL","og_description":"O transporte p\u00fablico da Grande S\u00e3o Lu\u00eds pode ficar paralisado a partir da pr\u00f3xima quinta-feira (13), devido a uma greve","og_url":"https:\/\/maranhaotv.com.br\/index.php\/2025\/02\/11\/rodoviarios-vao-paralisar-atividades-na-proxima-quinta-feira-em-sao-luis\/","og_site_name":"NOT\u00cdCIAS EM TEMPO REAL","article_publisher":"https:\/\/www.facebook.com\/maiobaotv","article_published_time":"2025-02-11T12:36:38+00:00","article_modified_time":"2025-02-11T12:36:41+00:00","og_image":[{"width":404,"height":308,"url":"https:\/\/maranhaotv.com.br\/wp-content\/uploads\/2025\/02\/SET.jpg","type":"image\/jpeg"}],"author":"maranhaotv","twitter_card":"summary_large_image","twitter_creator":"@sitemaranhaotv","twitter_site":"@sitemaranhaotv","twitter_misc":{"Escrito por":"maranhaotv","Est. tempo de leitura":"2 minutos"},"schema":{"@context":"https:\/\/schema.org","@graph":[{"@type":"Article","@id":"https:\/\/maranhaotv.com.br\/index.php\/2025\/02\/11\/rodoviarios-vao-paralisar-atividades-na-proxima-quinta-feira-em-sao-luis\/#article","isPartOf":{"@id":"https:\/\/maranhaotv.com.br\/index.php\/2025\/02\/11\/rodoviarios-vao-paralisar-atividades-na-proxima-quinta-feira-em-sao-luis\/"},"author":{"name":"maranhaotv","@id":"https:\/\/maranhaotv.com.br\/#\/schema\/person\/3d54238e86b20bb5c89ab2fdb8f8829a"},"headline":"Rodovi\u00e1rios v\u00e3o paralisar atividades na pr\u00f3xima quinta-feira em S\u00e3o Lu\u00eds","datePublished":"2025-02-11T12:36:38+00:00","dateModified":"2025-02-11T12:36:41+00:00","mainEntityOfPage":{"@id":"https:\/\/maranhaotv.com.br\/index.php\/2025\/02\/11\/rodoviarios-vao-paralisar-atividades-na-proxima-quinta-feira-em-sao-luis\/"},"wordCount":268,"commentCount":0,"publisher":{"@id":"https:\/\/maranhaotv.com.br\/#organization"},"image":{"@id":"https:\/\/maranhaotv.com.br\/index.php\/2025\/02\/11\/rodoviarios-vao-paralisar-atividades-na-proxima-quinta-feira-em-sao-luis\/#primaryimage"},"thumbnailUrl":"https:\/\/maranhaotv.com.br\/wp-content\/uploads\/2025\/02\/SET.jpg","keywords":["greve","onibus","rodoviarios"],"articleSection":["not\u00edcias"],"inLanguage":"pt-BR","potentialAction":[{"@type":"CommentAction","name":"Comment","target":["https:\/\/maranhaotv.com.br\/index.php\/2025\/02\/11\/rodoviarios-vao-paralisar-atividades-na-proxima-quinta-feira-em-sao-luis\/#respond"]}]},{"@type":"WebPage","@id":"https:\/\/maranhaotv.com.br\/index.php\/2025\/02\/11\/rodoviarios-vao-paralisar-atividades-na-proxima-quinta-feira-em-sao-luis\/","url":"https:\/\/maranhaotv.com.br\/index.php\/2025\/02\/11\/rodoviarios-vao-paralisar-atividades-na-proxima-quinta-feira-em-sao-luis\/","name":"Rodovi\u00e1rios v\u00e3o paralisar atividades na pr\u00f3xima quinta-feira em S\u00e3o Lu\u00eds - NOT\u00cdCIAS EM TEMPO REAL","isPartOf":{"@id":"https:\/\/maranhaotv.com.br\/#website"},"primaryImageOfPage":{"@id":"https:\/\/maranhaotv.com.br\/index.php\/2025\/02\/11\/rodoviarios-vao-paralisar-atividades-na-proxima-quinta-feira-em-sao-luis\/#primaryimage"},"image":{"@id":"https:\/\/maranhaotv.com.br\/index.php\/2025\/02\/11\/rodoviarios-vao-paralisar-atividades-na-proxima-quinta-feira-em-sao-luis\/#primaryimage"},"thumbnailUrl":"https:\/\/maranhaotv.com.br\/wp-content\/uploads\/2025\/02\/SET.jpg","datePublished":"2025-02-11T12:36:38+00:00","dateModified":"2025-02-11T12:36:41+00:00","breadcrumb":{"@id":"https:\/\/maranhaotv.com.br\/index.php\/2025\/02\/11\/rodoviarios-vao-paralisar-atividades-na-proxima-quinta-feira-em-sao-luis\/#breadcrumb"},"inLanguage":"pt-BR","potentialAction":[{"@type":"ReadAction","target":["https:\/\/maranhaotv.com.br\/index.php\/2025\/02\/11\/rodoviarios-vao-paralisar-atividades-na-proxima-quinta-feira-em-sao-luis\/"]}]},{"@type":"ImageObject","inLanguage":"pt-BR","@id":"https:\/\/maranhaotv.com.br\/index.php\/2025\/02\/11\/rodoviarios-vao-paralisar-atividades-na-proxima-quinta-feira-em-sao-luis\/#primaryimage","url":"https:\/\/maranhaotv.com.br\/wp-content\/uploads\/2025\/02\/SET.jpg","contentUrl":"https:\/\/maranhaotv.com.br\/wp-content\/uploads\/2025\/02\/SET.jpg","width":404,"height":308},{"@type":"BreadcrumbList","@id":"https:\/\/maranhaotv.com.br\/index.php\/2025\/02\/11\/rodoviarios-vao-paralisar-atividades-na-proxima-quinta-feira-em-sao-luis\/#breadcrumb","itemListElement":[{"@type":"ListItem","position":1,"name":"In\u00edcio","item":"https:\/\/maranhaotv.com.br\/"},{"@type":"ListItem","position":2,"name":"Rodovi\u00e1rios v\u00e3o paralisar atividades na pr\u00f3xima quinta-feira em S\u00e3o Lu\u00eds"}]},{"@type":"WebSite","@id":"https:\/\/maranhaotv.com.br\/#website","url":"https:\/\/maranhaotv.com.br\/","name":"Maranh\u00e3oTV","description":"","publisher":{"@id":"https:\/\/maranhaotv.com.br\/#organization"},"potentialAction":[{"@type":"SearchAction","target":{"@type":"EntryPoint","urlTemplate":"https:\/\/maranhaotv.com.br\/?s={search_term_string}"},"query-input":{"@type":"PropertyValueSpecification","valueRequired":true,"valueName":"search_term_string"}}],"inLanguage":"pt-BR"},{"@type":"Organization","@id":"https:\/\/maranhaotv.com.br\/#organization","name":"Portal de Not\u00edcias","url":"https:\/\/maranhaotv.com.br\/","logo":{"@type":"ImageObject","inLanguage":"pt-BR","@id":"https:\/\/maranhaotv.com.br\/#\/schema\/logo\/image\/","url":"https:\/\/maranhaotv.com.br\/wp-content\/uploads\/2024\/05\/cropped-cropped-avatar-1.png","contentUrl":"https:\/\/maranhaotv.com.br\/wp-content\/uploads\/2024\/05\/cropped-cropped-avatar-1.png","width":792,"height":428,"caption":"Portal de Not\u00edcias"},"image":{"@id":"https:\/\/maranhaotv.com.br\/#\/schema\/logo\/image\/"},"sameAs":["https:\/\/www.facebook.com\/maiobaotv","https:\/\/x.com\/sitemaranhaotv","https:\/\/www.instagram.com\/maranhao.tv","https:\/\/www.threads.net\/@maranhao.tv"]},{"@type":"Person","@id":"https:\/\/maranhaotv.com.br\/#\/schema\/person\/3d54238e86b20bb5c89ab2fdb8f8829a","name":"maranhaotv","image":{"@type":"ImageObject","inLanguage":"pt-BR","@id":"https:\/\/secure.gravatar.com\/avatar\/8fadbca458d4cb68b1dd399ae9a40618d747bb1af65ac9fad21c89220a143eb4?s=96&d=mm&r=g","url":"https:\/\/secure.gravatar.com\/avatar\/8fadbca458d4cb68b1dd399ae9a40618d747bb1af65ac9fad21c89220a143eb4?s=96&d=mm&r=g","contentUrl":"https:\/\/secure.gravatar.com\/avatar\/8fadbca458d4cb68b1dd399ae9a40618d747bb1af65ac9fad21c89220a143eb4?s=96&d=mm&r=g","caption":"maranhaotv"},"sameAs":["https:\/\/maranhaotv.com.br\/"],"url":"https:\/\/maranhaotv.com.br\/index.php\/author\/maranhaotv\/"}]}},"jetpack_featured_media_url":"https:\/\/maranhaotv.com.br\/wp-content\/uploads\/2025\/02\/SET.jpg","jetpack_sharing_enabled":true,"_links":{"self":[{"href":"https:\/\/maranhaotv.com.br\/index.php\/wp-json\/wp\/v2\/posts\/40289","targetHints":{"allow":["GET"]}}],"collection":[{"href":"https:\/\/maranhaotv.com.br\/index.php\/wp-json\/wp\/v2\/posts"}],"about":[{"href":"https:\/\/maranhaotv.com.br\/index.php\/wp-json\/wp\/v2\/types\/post"}],"author":[{"embeddable":true,"href":"https:\/\/maranhaotv.com.br\/index.php\/wp-json\/wp\/v2\/users\/2"}],"replies":[{"embeddable":true,"href":"https:\/\/maranhaotv.com.br\/index.php\/wp-json\/wp\/v2\/comments?post=40289"}],"version-history":[{"count":1,"href":"https:\/\/maranhaotv.com.br\/index.php\/wp-json\/wp\/v2\/posts\/40289\/revisions"}],"predecessor-version":[{"id":40291,"href":"https:\/\/maranhaotv.com.br\/index.php\/wp-json\/wp\/v2\/posts\/40289\/revisions\/40291"}],"wp:featuredmedia":[{"embeddable":true,"href":"https:\/\/maranhaotv.com.br\/index.php\/wp-json\/wp\/v2\/media\/40290"}],"wp:attachment":[{"href":"https:\/\/maranhaotv.com.br\/index.php\/wp-json\/wp\/v2\/media?parent=40289"}],"wp:term":[{"taxonomy":"category","embeddable":true,"href":"https:\/\/maranhaotv.com.br\/index.php\/wp-json\/wp\/v2\/categories?post=40289"},{"taxonomy":"post_tag","embeddable":true,"href":"https:\/\/maranhaotv.com.br\/index.php\/wp-json\/wp\/v2\/tags?post=40289"}],"curies":[{"name":"wp","href":"https:\/\/api.w.org\/{rel}","templated":true}]}}